{"id":20334,"date":"2024-11-29T01:31:02","date_gmt":"2024-11-29T00:31:02","guid":{"rendered":"https:\/\/www.revue3emillenaire.com\/blog\/?p=20334"},"modified":"2025-12-22T22:28:19","modified_gmt":"2025-12-22T21:28:19","slug":"dans-lecoute-est-la-transformation-i-discussion-avec-krishanmurti","status":"publish","type":"post","link":"https:\/\/www.revue3emillenaire.com\/blog\/dans-lecoute-est-la-transformation-i-discussion-avec-krishanmurti\/","title":{"rendered":"Dans l\u2019\u00e9coute est la transformation\u00a0I. Discussion avec Krishanmurti"},"content":{"rendered":"<p class=\"western\" style=\"text-align: center;\" align=\"justify\"><span style=\"font-size: medium;\">______________________<\/span><\/p>\n<p style=\"text-align: center;\" align=\"justify\"><span style=\"font-size: medium;\"><b>J.\u00a0KRISHNAMURTI (K) EN DIALOGUE AVEC (initiales)<\/b><\/span><\/p>\n<p style=\"text-align: center;\" align=\"justify\"><span style=\"font-size: medium;\">1. RADHA BURNIER <b>RB<\/b> <\/span><\/p>\n<p style=\"text-align: center;\" align=\"justify\"><span style=\"font-size: medium;\">2. ASIT CHANDMAL <b>AC<\/b> <\/span><\/p>\n<p style=\"text-align: center;\" align=\"justify\"><span style=\"font-size: medium;\">3. SWAMI CHIDANAND <b>SC<\/b> <\/span><\/p>\n<p style=\"text-align: center;\" align=\"justify\"><span style=\"font-size: medium;\">4. RAJESH DALAL <b>RD<\/b> <\/span><\/p>\n<p style=\"text-align: center;\" align=\"justify\"><span style=\"font-size: medium;\">5. P.Y. DESHPANDE <b>PYD<\/b> <\/span><\/p>\n<p style=\"text-align: center;\" align=\"justify\"><span style=\"font-size: medium;\">6. SHANTA GANDHI <b>SG<\/b> <\/span><\/p>\n<p style=\"text-align: center;\" align=\"justify\"><span style=\"font-size: medium;\">7. ALAN HOOKER <b>AH<\/b> <\/span><\/p>\n<p style=\"text-align: center;\" align=\"justify\"><span style=\"font-size: medium;\">8. IVAN ILLICH <b>II<\/b> <\/span><\/p>\n<p style=\"text-align: center;\" align=\"justify\"><span style=\"font-size: medium;\">9. PUPUL JAYAKAR <b>PJ<\/b> <\/span><\/p>\n<p style=\"text-align: center;\" align=\"justify\"><span style=\"font-size: medium;\">10. SUDHIR KAKKAR <b>SK<\/b> <\/span><\/p>\n<p style=\"text-align: center;\" align=\"justify\"><span style=\"font-size: medium;\">11. BRIJ KHARE <b>BK<\/b> <\/span><\/p>\n<p style=\"text-align: center;\" align=\"justify\"><span style=\"font-size: medium;\">12. RAJNI KOTHARI <b>RK<\/b> <\/span><\/p>\n<p style=\"text-align: center;\" align=\"justify\"><span style=\"font-size: medium;\">13. R. KRISHNASWAMY <b>KS <\/b><\/span><\/p>\n<p style=\"text-align: center;\" align=\"justify\"><span style=\"font-size: medium;\">14. KRISHNAN KUTTY <b>KK<\/b> <\/span><\/p>\n<p style=\"text-align: center;\" align=\"justify\"><span style=\"font-size: medium;\">15. T.N. MADAN <b>TNM<\/b> <\/span><\/p>\n<p style=\"text-align: center;\" align=\"justify\"><span style=\"font-size: medium;\">16. N. VASUDEVAN NAIR <b>NVN<\/b> <\/span><\/p>\n<p style=\"text-align: center;\" align=\"justify\"><span style=\"font-size: medium;\">17. ASHISH NANDY <b>AN <\/b><\/span><\/p>\n<p style=\"text-align: center;\" align=\"justify\"><span style=\"font-size: medium;\">18. G. NARAYAN <b>GN<\/b> <\/span><\/p>\n<p style=\"text-align: center;\" align=\"justify\"><span style=\"font-size: medium;\">19. ACHYUT PATWARDHAN <b>AP<\/b> <\/span><\/p>\n<p style=\"text-align: center;\" align=\"justify\"><span style=\"font-size: medium;\">20. SUNANDA PATWARDHAN <b>SP<\/b> <\/span><\/p>\n<p style=\"text-align: center;\" align=\"justify\"><span style=\"font-size: medium;\">21. QUESTIONER <b>Q<\/b> <\/span><\/p>\n<p style=\"text-align: center;\" align=\"justify\"><span style=\"font-size: medium;\">22. UMA RAMASWAMY <b>U<\/b> <\/span><\/p>\n<p style=\"text-align: center;\" align=\"justify\"><span style=\"font-size: medium;\">23. RAVI RAVINDRA <b>RR<\/b> <\/span><\/p>\n<p style=\"text-align: center;\" align=\"justify\"><span style=\"font-size: medium;\">24. REV. RIMPOCHE <b>RMP<\/b> <\/span><\/p>\n<p style=\"text-align: center;\" align=\"justify\"><span style=\"font-size: medium;\">25. SANJIVI <b>SAN<\/b> <\/span><\/p>\n<p style=\"text-align: center;\" align=\"justify\"><span style=\"font-size: medium;\">26. SATYENDRA <b>SAT<\/b> <\/span><\/p>\n<p style=\"text-align: center;\" align=\"justify\"><span style=\"font-size: medium;\">27. JAI SHANKAR <b>JS<\/b> <\/span><\/p>\n<p style=\"text-align: center;\" align=\"justify\"><span style=\"font-size: medium;\">28. DAVID SHAINBERG <b>DS<\/b> <\/span><\/p>\n<p style=\"text-align: center;\" align=\"justify\"><span style=\"font-size: medium;\">29. RUPERT SHELDRAKE <b>RS<\/b> <\/span><\/p>\n<p style=\"text-align: center;\" align=\"justify\"><span style=\"font-size: medium;\">30. SARJIT SIDDHOO <b>SS<\/b> <\/span><\/p>\n<p style=\"text-align: center;\" align=\"justify\"><span style=\"font-size: medium;\">31. SRIRAM <b>SRIRAM<\/b> <\/span><\/p>\n<p style=\"text-align: center;\" align=\"justify\"><span style=\"font-size: medium;\">32. SUBRAMANIAM <b>SUBRAMANIAM<\/b> <\/span><\/p>\n<p style=\"text-align: center;\" align=\"justify\"><span style=\"font-size: medium;\">33. E.C. GEORGE SUDARSHAN <b>GS<\/b> <\/span><\/p>\n<p style=\"text-align: center;\" align=\"justify\"><span style=\"font-size: medium;\">34. P.K. SUNDARAM <b>PKS<\/b> <\/span><\/p>\n<p style=\"text-align: center;\" align=\"justify\"><span style=\"font-size: medium;\">35. ROMESH THAPAR <b>RT<\/b> <\/span><\/p>\n<p style=\"text-align: center;\" align=\"justify\"><span style=\"font-size: medium;\">36. NANDISHWARA THERO <b>NT<\/b> <\/span><\/p>\n<p style=\"text-align: center;\" align=\"justify\"><span style=\"font-size: medium;\">37. JAGANNATH UPADHYAYA <b>JU<\/b> <\/span><\/p>\n<p style=\"text-align: center;\" align=\"justify\"><span style=\"font-size: medium;\">38. KAPILA VATSYAYAN <b>KV<\/b> <\/span><\/p>\n<p style=\"text-align: center;\" align=\"justify\"><span style=\"font-size: medium;\">39. O.V. VIJAYAN <b>OVV<\/b> <\/span><\/p>\n<p style=\"text-align: center;\" align=\"justify\"><span style=\"font-size: medium;\">40. MARY ZIMBALIST <b>MZ<\/b> <\/span><\/p>\n<p class=\"western\" style=\"text-align: center;\" align=\"justify\"><span style=\"font-size: medium;\">______________________<\/span><\/p>\n<p class=\"western\" align=\"justify\"><span style=\"font-size: medium;\"><b>Achyut Patwardhan\u00a0:<\/b><\/span><i> <\/i><span style=\"font-size: medium;\">Les esprits r\u00e9fl\u00e9chis ont pris conscience d\u2019une certaine d\u00e9g\u00e9n\u00e9rescence \u00e0 la source m\u00eame du cerveau humain. Serait-il possible pour nous d<\/span><span style=\"font-size: medium;\">\u2019<\/span><span style=\"font-size: medium;\">explorer cette source de d\u00e9g\u00e9n\u00e9rescence\u00a0? Est-il possible de commencer notre exploration avec un esprit qui dit\u00a0: \u00ab\u00a0Je vois le fait de la d\u00e9g\u00e9n\u00e9rescence, je n\u2019en connais pas les causes, je suis pr\u00eat \u00e0 explorer\u00a0\u00bb\u00a0?<\/span><\/p>\n<p class=\"western\" align=\"justify\"><span style=\"font-size: medium;\"><b>Brij Khare\u00a0:<\/b><\/span><i> <\/i><span style=\"font-size: medium;\">Je me demande si nous pouvons d\u00e9couvrir les outils que nous allons utiliser pour explorer\u00a0; quels sont vraiment les outils dont nous avons besoin pour entreprendre une telle <\/span><span style=\"font-size: medium;\">enqu\u00eate\u00a0?<\/span><\/p>\n<p class=\"western\" align=\"justify\"><span style=\"font-size: medium;\"><b>P.J.\u00a0:<\/b><\/span><i> <\/i><span style=\"font-size: medium;\">Le cerveau est-il l\u2019outil de l\u2019enqu\u00eate et sommes-nous en train d\u2019enqu\u00eater sur le mouvement du cerveau\u00a0? L\u2019outil s\u2019interroge-t-il alors sur lui-m\u00eame\u00a0?<\/span><\/p>\n<p class=\"western\" align=\"justify\"><span style=\"font-size: medium;\"><b>B.K.\u00a0:<\/b><\/span><i> <\/i><span style=\"font-size: medium;\">Est-ce une caract\u00e9ristique du cerveau ou de l\u2019esprit humain d\u2019\u00eatre un observateur de <\/span><span style=\"font-size: medium;\">lui-m\u00eame\u00a0?<\/span><\/p>\n<p class=\"western\" align=\"justify\"><span style=\"font-size: medium;\"><b>A.P.\u00a0:<\/b><\/span><i> <\/i><span style=\"font-size: medium;\">Est-il possible de nettoyer le cerveau de la source de <\/span><span style=\"font-size: medium;\">pollution\u00a0?<\/span><\/p>\n<p class=\"western\" align=\"justify\"><span style=\"font-size: medium;\"><b>P.J. :<\/b><\/span><i> <\/i><span style=\"font-size: medium;\">Pouvons-nous consid\u00e9rer ces deux questions ensemble\u00a0? Les outils dont nous disposons sont-ils ad\u00e9quats pour explorer la nature de ce mouvement\u00a0? S\u2019ils sont de l\u2019essence m\u00eame de la pollution, peuvent-ils enqu\u00eater sur la pollution\u00a0? Par cons\u00e9quent, ne devrions-nous pas \u00e9tudier les outils\u00a0?<\/span><\/p>\n<p class=\"western\" align=\"justify\"><span style=\"font-size: medium;\"><b>B.K.\u00a0:<\/b><\/span><i> <\/i><span style=\"font-size: medium;\">Je me demandais aussi si c\u2019\u00e9tait vraiment une question d\u2019outils ou si nous pouvions voir directement le d\u00e9sordre. Nous pourrons alors nous demander ce qui <\/span><span style=\"font-size: medium;\">en d\u00e9coule<\/span><span style=\"font-size: medium;\">. La d\u00e9g\u00e9n\u00e9rescence semble en quelque sorte impliquer une \u00e9chelle de temps. Il est clair qu\u2019il y a du d\u00e9sordre.<\/span><\/p>\n<p class=\"western\" align=\"justify\"><span style=\"font-size: medium;\"><b>Q\u00a0:<\/b><\/span><i> <\/i><span style=\"font-size: medium;\">L\u2019examen des outils en lui-m\u00eame nous m\u00e8nera-t-il <\/span><span style=\"font-size: medium;\">quelque part\u00a0?<\/span><\/p>\n<p class=\"western\" align=\"justify\"><span style=\"font-size: medium;\"><b>P.J. :<\/b><\/span><i> <\/i><span style=\"font-size: medium;\">Je ne pense pas que les deux questions soient ind\u00e9pendantes l\u2019une de l\u2019<\/span><span style=\"font-size: medium;\">autre.<\/span><\/p>\n<p class=\"western\" align=\"justify\"><span style=\"font-size: medium;\"><b>A.P.\u00a0:<\/b><\/span><i> <\/i><span style=\"font-size: medium;\">Je d\u00e9couvre que les outils sont inad\u00e9quats, je les mets de c\u00f4t\u00e9, je dis que je ne peux que constater qu\u2019il y a ce processus de d\u00e9g\u00e9n\u00e9rescence tr\u00e8s rapide qui menace la survie humaine. <\/span><span style=\"font-size: medium;\">Maintenant, comment comprenons-nous cela\u00a0?<\/span><\/p>\n<p class=\"western\" align=\"justify\"><span style=\"font-size: medium;\"><b>P.J.\u00a0:<\/b><\/span><i> <\/i><span style=\"font-size: medium;\">Nous avons dit qu\u2019il existe un \u00e9tat de d\u00e9g\u00e9n\u00e9rescence, \u00e0 l\u2019ext\u00e9rieur et \u00e0 l\u2019int\u00e9rieur, que cela fait partie de la condition m\u00eame de l\u2019homme, que le processus d\u00e9g\u00e9n\u00e9ratif s\u2019\u00e9tant acc\u00e9l\u00e9r\u00e9 et par cons\u00e9quent, la d\u00e9g\u00e9n\u00e9rescence est \u00e0 notre porte et \u00e0 l\u2019int\u00e9rieur de nous. Nous commen\u00e7ons <\/span><span style=\"font-size: medium;\">par <\/span><span style=\"font-size: medium;\">la question de savoir avec quels instruments nous enqu\u00eatons. Si l\u2019on ne se pose pas cette question, nous continuerons \u00e0 tourner autour du cercle de la d\u00e9g\u00e9n\u00e9rescence.<\/span><\/p>\n<p class=\"western\" align=\"justify\"><span style=\"font-size: medium;\"><b>K\u00a0:<\/b><\/span><i> <\/i><span style=\"font-size: medium;\">Je pense que nous sommes tous d\u2019accord pour dire qu\u2019il y a d\u00e9g\u00e9n\u00e9rescence, qu\u2019il y a corruption \u2014 morale, intellectuelle et aussi physique. Il y a le chaos, la confusion, la mis\u00e8re, le d\u00e9sespoir. Penser, c\u2019est \u00eatre plein de tristesse. <\/span><span style=\"font-size: medium;\">Maintenant, <\/span><span style=\"font-size: medium;\">comment abordons-nous cette condition actuelle\u00a0? L\u2019abordons-nous e<\/span><span style=\"font-size: medium;\">n tant que chr\u00e9tien, bouddhiste, hindou, musulman ou communiste\u00a0? Ou bien abordons-nous le probl\u00e8me sans prendre position\u00a0? Le communiste <\/span><span style=\"font-size: medium;\">reconna\u00eet que la souffrance<\/span><span style=\"font-size: medium;\"> est le fardeau de l\u2019humanit\u00e9, mais si l\u2019on veut changer cet<\/span><span style=\"font-size: medium;\">te souffrance<\/span><span style=\"font-size: medium;\">, il faut reconditionner la soci\u00e9t\u00e9. Si nous pouvions mettre de c\u00f4t\u00e9 toutes nos positions, alors peut-\u00eatre pourrions-nous vraiment examiner le probl\u00e8me de la <\/span><span style=\"font-size: medium;\">d\u00e9g\u00e9n\u00e9rescence.<\/span><\/p>\n<p class=\"western\" align=\"justify\"><span style=\"font-size: medium;\">Le probl\u00e8me est tr\u00e8s s\u00e9rieux. La connaissance<\/span><strong><span style=\"font-size: medium;\">, <\/span><\/strong><span style=\"font-size: medium;\">qu\u2019elle soit<\/span><span style=\"font-size: medium;\"> technologique, psychologique, ou qu\u2019elle nous soit transmise par la tradition, les livres, etc. semble \u00eatre \u00e0 l\u2019origine de toute d\u00e9g\u00e9n\u00e9rescence. Discutons-en. Je vois ce chaos dans le monde entier, l\u2019incertitude, la confusion la plus totale et le d\u00e9sespoir. Comment l\u2019aborder\u00a0? Il est assez clair que je n\u2019ai pas de r\u00e9ponse \u00e0 ce probl\u00e8me de d\u00e9g\u00e9n\u00e9rescence en moi. J\u2019imagine avoir lu le Vedanta et que la r\u00e9ponse s\u2019y trouve\u00a0; j\u2019imagine \u00eatre marxiste et que la r\u00e9ponse est l\u00e0-dedans, et que seules quelques modifications du syst\u00e8me sont n\u00e9cessaires. Ces positions <\/span><strong><span style=\"font-size: medium;\">fausseraient<\/span><\/strong><span style=\"font-size: medium;\"> l\u2019enqu\u00eate. C\u2019est pourquoi je ne veux rien dire d\u2019autre que ce qui est bas\u00e9 sur des faits observables.<\/span><\/p>\n<p class=\"western\" align=\"justify\"><span style=\"font-size: medium;\"><b>P.J.\u00a0:<\/b><\/span><i> <\/i><span style=\"font-size: medium;\">Krishnaji a introduit dans cette enqu\u00eate un \u00e9l\u00e9ment qui exige un examen approfondi, \u00e0 savoir que le savoir <\/span><span style=\"font-size: medium;\"><i>en soi \u2014 le <\/i><\/span><span style=\"font-size: medium;\">savoir <\/span><span style=\"font-size: medium;\"><i>technologique<\/i><\/span><span style=\"font-size: medium;\">, les comp\u00e9tences, tout ce que le cerveau humain a acquis au cours des mill\u00e9naires \u2014 est lui-m\u00eame la source de la d\u00e9g\u00e9n\u00e9rescence. Je dois d\u2019abord percevoir ce d\u00e9fi. Et comment je per\u00e7ois ce d\u00e9fi, comment j\u2019y r\u00e9ponds\u00a0?<\/span><\/p>\n<p class=\"western\" align=\"justify\"><span style=\"font-size: medium;\"><b>Q\u00a0:<\/b><\/span><i> <\/i><span style=\"font-size: medium;\">Le d\u00e9fi peut \u00eatre compl\u00e8tement<\/span> <span style=\"font-size: medium;\">faux.<\/span><\/p>\n<p class=\"western\" align=\"justify\"><span style=\"font-size: medium;\"><b>P.J. :<\/b><\/span><i> <\/i><span style=\"font-size: medium;\">Je dois d\u00e9couvrir <\/span><span style=\"font-size: medium;\">s\u2019il est vrai ou faux<\/span><span style=\"font-size: medium;\">.<\/span><\/p>\n<p class=\"western\" align=\"justify\"><span style=\"font-size: medium;\"><b>B.K.\u00a0:<\/b><\/span><i> <\/i><span style=\"font-size: medium;\">Je persiste \u00e0 penser que nous sommes peut-\u00eatre anatomiquement, biologiquement, physiologiquement inadapt\u00e9s pour faire face \u00e0 la situation et que nous ne disposons pas des outils appropri\u00e9s. Ce que je me demande, c\u2019est s\u2019il y a une cause profonde \u00e0 tout cela.<\/span><\/p>\n<p class=\"western\" align=\"justify\"><span style=\"font-size: medium;\"><b>K\u00a0:<\/b><\/span> <span style=\"font-size: medium;\">Quelle est la cause premi\u00e8re\u00a0? Pouvons-nous la d\u00e9couvrir\u00a0? Nous n\u2019examinons pas les sympt\u00f4mes\u00a0; nous les connaissons tous. Pouvons-nous d\u00e9couvrir, par le biais d\u2019une enqu\u00eate sceptique, quel est l\u2019effet de la connaissance sur notre esprit, sur notre cerveau\u00a0? Il faut l\u2019examiner, et c\u2019est alors que l\u2019on d\u00e9couvrira la cause profonde. Pouvons-nous trouver une approche diff\u00e9rente\u00a0?<\/span><\/p>\n<p class=\"western\" align=\"justify\"><span style=\"font-size: medium;\"><b>J.U.\u00a0:<\/b><\/span><i> <\/i><span style=\"font-size: medium;\">Il y a deux points de vue sur ce probl\u00e8me\u00a0: celui de l\u2019individu et celui de la soci\u00e9t\u00e9. Les probl\u00e8mes surgissent parce que l\u2019individu se sent intrins\u00e8quement libre, mais en m\u00eame temps il y a une dimension de lui qui est en interaction avec la soci\u00e9t\u00e9. L\u2019individu lui-m\u00eame est, en partie, une entit\u00e9, mais, en grande partie, il est le produit de la soci\u00e9t\u00e9. Pour examiner la question, nous devons attirer l\u2019attention sur les probl\u00e8mes de l\u2019individu et de la soci\u00e9t\u00e9 s\u00e9par\u00e9ment. L\u2019individu par rapport \u00e0 lui-m\u00eame, d\u2019une part, et l\u2019individu par rapport \u00e0 la soci\u00e9t\u00e9, d\u2019autre part, sont en r\u00e9alit\u00e9 des processus au sein de la soci\u00e9t\u00e9. Je ne voudrais pas remonter \u00e0 l\u2019antiquit\u00e9 \u2014 je me limite <\/span><span style=\"font-size: medium;\">aux <\/span><span style=\"font-size: medium;\">trois ou quatre cents derni\u00e8res ann\u00e9es de civilisation. Je veux souligner que le probl\u00e8me r\u00e9side dans la nature de la relation entre l\u2019individu et la soci\u00e9t\u00e9. Il y a des moments o\u00f9 l\u2019individu acquiert une plus grande importance, et des moments o\u00f9 la soci\u00e9t\u00e9 acquiert une plus grande importance. Quelle est la nature de la relation de l\u2019un \u00e0 l\u2019autre et comment les \u00e9quilibres sont-ils rompus\u00a0? Est-ce dans la transmission du savoir ou de l\u2019exp\u00e9rience qu\u2019il faut voir la relation entre les deux\u00a0?<\/span><\/p>\n<p class=\"western\" align=\"justify\"><span style=\"font-size: medium;\"><b>K\u00a0:<\/b><\/span><i> <\/i><span style=\"font-size: medium;\">Je me demande s\u2019il existe un individu, si la soci\u00e9t\u00e9 n\u2019est pas une abstraction. Ce qui est r\u00e9el, c\u2019est la relation humaine. Vous pouvez appeler cette relation la soci\u00e9t\u00e9, mais le fait est qu\u2019il s\u2019agit d\u2019une relation entre vous et une autre personne, intime ou non. <\/span><span style=\"font-size: medium;\">D\u00e9couvr<\/span><span style=\"font-size: medium;\">ons si nous <\/span><span style=\"font-size: medium;\"><i>sommes des <\/i><\/span><span style=\"font-size: medium;\">individus ou si nous sommes programm\u00e9s pour penser que nous sommes des individus. Je <\/span><span style=\"font-size: medium;\">remets profond\u00e9ment en question le<\/span><span style=\"font-size: medium;\"> concept d\u2019individu. Vous pensez \u00eat<\/span><span style=\"font-size: medium;\">r<\/span><span style=\"font-size: medium;\">e un individu et vous agissez en tant que tel, ce qui entra\u00eene des probl\u00e8mes, puis vous posez la question de la relation entre la soci\u00e9t\u00e9 et l\u2019individu. Mais la soci\u00e9t\u00e9 est une abstraction totale. Ce qui est r\u00e9el, <\/span><span style=\"font-size: medium;\">concret<\/span><span style=\"font-size: medium;\">, c\u2019est la relation entre deux \u00eatres humains, c\u2019est-\u00e0-dire la soci\u00e9t\u00e9.<\/span><\/p>\n<p class=\"western\" align=\"justify\"><span style=\"font-size: medium;\"><b>J.U.\u00a0:<\/b><\/span><i> <\/i><span style=\"font-size: medium;\">Dites-vous que l\u2019individu <\/span><span style=\"font-size: medium;\">n\u2019existe<\/span><span style=\"font-size: medium;\"> pas\u00a0? Il y a deux niveaux d\u2019illusion <\/span><span style=\"font-size: medium;\">sur lesquels on fonctionne.<\/span><\/p>\n<p class=\"western\" align=\"justify\"><span style=\"font-size: medium;\"><b>P.J.\u00a0:<\/b><\/span><i> <\/i><span style=\"font-size: medium;\">Upadhyayaji dit que l\u2019individu n\u2019e<\/span><span style=\"font-size: medium;\">xiste<\/span><span style=\"font-size: medium;\"> pas, mais qu\u2019il <\/span><span style=\"font-size: medium;\"><i>se leurre en croyant qu\u2019il <\/i><\/span><span style=\"font-size: medium;\"><i>l\u2019est<\/i><\/span><span style=\"font-size: medium;\">. La soci\u00e9t\u00e9 n\u2019e<\/span><span style=\"font-size: medium;\">xiste<\/span><span style=\"font-size: medium;\"> pas, mais il y a une illusion <\/span><span style=\"font-size: medium;\">selon laquelle<\/span><span style=\"font-size: medium;\"> la soci\u00e9t\u00e9 <\/span><span style=\"font-size: medium;\"><i>est<\/i><\/span><span style=\"font-size: medium;\">. <\/span><span style=\"font-size: medium;\">Tant que<\/span> <span style=\"font-size: medium;\">c<\/span><span style=\"font-size: medium;\">es deux illusions \u2014 l\u2019existence de l\u2019individu et l\u2019existence de la soci\u00e9t\u00e9 \u2014 existent, il y a un conflit entre les deux qui doit \u00e9galement \u00eatre r\u00e9solu.<\/span><\/p>\n<p class=\"western\" align=\"justify\"><span style=\"font-size: medium;\"><b>G.\u00a0Narayan\u00a0:<\/b><\/span><i> <\/i><span style=\"font-size: medium;\">Bien que l\u2019individu soit une illusion et que la soci\u00e9t\u00e9 soit une illusion, nous en avons fait une r\u00e9alit\u00e9 et <\/span><span style=\"font-size: medium;\">toutes les cons\u00e9quences<\/span><span style=\"font-size: medium;\"> sont l\u00e0.<\/span><\/p>\n<p class=\"western\" align=\"justify\"><span style=\"font-size: medium;\"><b>K\u00a0:<\/b><\/span><span style=\"font-size: medium;\"><i> Voulez-vous <\/i><\/span><span style=\"font-size: medium;\">dire que le cerveau a \u00e9t\u00e9 programm\u00e9 comme l\u2019individu, avec ses expressions, sa libert\u00e9, son <\/span><span style=\"font-size: medium;\">accomplissement<\/span><span style=\"font-size: medium;\">, <\/span><span style=\"font-size: medium;\">et que <\/span><span style=\"font-size: medium;\">la soci\u00e9t\u00e9 <\/span><span style=\"font-size: medium;\">est <\/span><span style=\"font-size: medium;\">oppos<\/span><span style=\"font-size: medium;\">\u00e9e <\/span><span style=\"font-size: medium;\">\u00e0 l\u2019individu\u00a0? \u00cates-vous en train d\u2019admettre que le cerveau a \u00e9t\u00e9 programm\u00e9\u00a0? N\u2019appelez pas cela une relation\u00a0; il est programm\u00e9 pour penser de cette mani\u00e8re. <\/span><span style=\"font-size: medium;\">Par cons\u00e9quent, ce n\u2019est pas une illusion.<\/span><span style=\"font-size: medium;\"> La programmation est une illusion, pas ce qui est programm\u00e9.<\/span><\/p>\n<p class=\"western\" align=\"justify\"><span style=\"font-size: medium;\"><b>A.P.\u00a0:<\/b><\/span><i> <\/i><span style=\"font-size: medium;\">Dire que l\u2019individu est une illusion ou que la soci\u00e9t\u00e9 est une illusion revient \u00e0 dire que nous avons cr\u00e9\u00e9 un probl\u00e8me imaginaire dont nous discutons de mani\u00e8re sp\u00e9culative. En r\u00e9alit\u00e9, nous discutons de la condition de l\u2019homme. La condition de l\u2019homme est un fait\u00a0: il d\u00e9g\u00e9n\u00e8re, il est \u00e9go\u00efste, malheureux, en conflit, et il est sur le point de se d\u00e9truire. On ne peut pas le nier. Krishnaji dit aux traditionalistes et aux marxistes qu\u2019ils sont programm\u00e9s.<\/span><\/p>\n<p class=\"western\" align=\"justify\"><span style=\"font-size: medium;\"><b>P.J. :<\/b><\/span><i> <\/i><span style=\"font-size: medium;\">Achyutji, vous <\/span><span style=\"font-size: medium;\">manquez le point<\/span><span style=\"font-size: medium;\">. Krishnaji dit\u00a0: n\u2019appelez pas cela une illusion, ce n\u2019est pas une illusion dans ce sens. Le cerveau ne l\u2019a pas cr\u00e9\u00e9e. Le cerveau lui-m\u00eame est <\/span><span style=\"font-size: medium;\"><i>cela<\/i><\/span><span style=\"font-size: medium;\">, <\/span><span style=\"font-size: medium;\">car <\/span><span style=\"font-size: medium;\">il a \u00e9t\u00e9 programm\u00e9 pour \u00eatre cela.<\/span><\/p>\n<p class=\"western\" align=\"justify\"><span style=\"font-size: medium;\"><b>K\u00a0:<\/b><\/span><i> <\/i><span style=\"font-size: medium;\">Si vous l\u2019appelez illusion, alors <\/span><span style=\"font-size: medium;\">ce qui est<\/span><span style=\"font-size: medium;\"> programm\u00e9 est l\u2019illusion. Donc, si vous arr\u00eatez de programmer le cerveau, qui est l\u2019illusion, vous effacez tout. L\u2019ordinateur est programm\u00e9 et nous sommes programm\u00e9s.<\/span><\/p>\n<p class=\"western\" align=\"justify\"><span style=\"font-size: medium;\"><b>J.\u00a0U.\u00a0:<\/b><\/span> <span style=\"font-size: medium;\">Si j\u2019efface cela, alors qu\u2019est-ce que la relation\u00a0?<\/span><\/p>\n<p class=\"western\" align=\"justify\"><span style=\"font-size: medium;\"><b>K\u00a0:<\/b><\/span><i> <\/i><span style=\"font-size: medium;\">Pas de si et de mais. Voyons-nous r\u00e9ellement le fait, et non la th\u00e9orie du fait, que nous ne sommes pas des individus\u00a0?<\/span><\/p>\n<p class=\"western\" align=\"justify\"><span style=\"font-size: medium;\"><b>RMP\u00a0:<\/b><\/span><i> <\/i><span style=\"font-size: medium;\">Chaque fois que nous parlons de relation, nous tenons pour acquis qu\u2019il existe deux points entre lesquels nous parlons de relation. Je pars du principe qu\u2019avant d\u2019examiner la relation, nous devons examiner les deux points. Parler de relation sans les deux points devient purement acad\u00e9mique.<\/span><\/p>\n<p class=\"western\" align=\"justify\"><span style=\"font-size: medium;\"><b>B.K.\u00a0:<\/b><\/span><i> <\/i><span style=\"font-size: medium;\"><i>C<\/i><\/span><span style=\"font-size: medium;\">ela inclut-<\/span><span style=\"font-size: medium;\">il<\/span><span style=\"font-size: medium;\"> l\u2019animal, l\u2019esprit <\/span><span style=\"font-size: medium;\">bestial<\/span><span style=\"font-size: medium;\">\u00a0? Si oui, alors nous ne pouvons pas parler des trois ou quatre cents derni\u00e8res ann\u00e9es seulement \u2014 nous devons remonter jusqu\u2019\u00e0 l\u2019\u00e9poque o\u00f9 nous vivions dans les arbres.<\/span><\/p>\n<p class=\"western\" align=\"justify\"><span style=\"font-size: medium;\"><b>K\u00a0:<\/b><\/span><i> <\/i><span style=\"font-size: medium;\">Quelle est la question<\/span><span style=\"font-size: medium;\">, <\/span><span style=\"font-size: medium;\">monsieur\u00a0?<\/span><\/p>\n<p class=\"western\" align=\"justify\"><span style=\"font-size: medium;\"><b>P.J. :<\/b><\/span><i> <\/i><i> <\/i><span style=\"font-size: medium;\">Tout est dans ce que vous dites\u00a0:<\/span><span style=\"font-size: medium;\"> que le cerveau est programm\u00e9. O\u00f9 allons-nous \u00e0 partir de l\u00e0\u00a0? Vous avez dit que l\u2019activit\u00e9 \u00e9gocentrique, l\u2019individu tel qu\u2019il est, \u00e9labor\u00e9<\/span><span style=\"font-size: medium;\">e<\/span><span style=\"font-size: medium;\"> un peu plus, doit \u00eatre ni\u00e9<\/span><span style=\"font-size: medium;\">e<\/span><span style=\"font-size: medium;\"> en tout point. Mais lorsque nous observons, qu\u2019il s\u2019agisse de l\u2019ext\u00e9rieur ou de l\u2019int\u00e9rieur \u2014 parfois l\u2019ext\u00e9rieur pr\u00e9domine, parfois l\u2019int\u00e9rieur \u2014 l\u2019interaction entre les deux est toujours \u00e9vidente. Vous pouvez l\u2019appeler individu et soci\u00e9t\u00e9, ou n\u2019importe quoi d\u2019autre, mais il y a toujours les deux\u00a0; c\u2019est moi qui <\/span><span style=\"font-size: medium;\">l<\/span><span style=\"font-size: medium;\">e<\/span><span style=\"font-size: medium;\"> cr\u00e9e. C\u2019est l\u00e0 l\u2019<\/span><span style=\"font-size: medium;\">essentiel<\/span><span style=\"font-size: medium;\">. C\u2019est pourquoi, comme le dit Rimpocheji, nous ne pouvons pas effacer l\u2019individu et nous contenter de parler de relations, parce que nous devons examiner les deux points.<\/span><\/p>\n<p class=\"western\" align=\"justify\"><span style=\"font-size: medium;\"><b>K\u00a0:<\/b><\/span><i> <\/i><span style=\"font-size: medium;\">Je remets <\/span><span style=\"font-size: medium;\">cela<\/span><span style=\"font-size: medium;\"> en question. Je dis qu\u2019il n\u2019y a que <\/span><span style=\"font-size: medium;\">la<\/span><span style=\"font-size: medium;\"> relation.<\/span><\/p>\n<p class=\"western\" align=\"justify\"><span style=\"font-size: medium;\"><b>P.J. :<\/b><\/span><i> <\/i><span style=\"font-size: medium;\">Retirez<\/span><span style=\"font-size: medium;\"><i>&#8211;<\/i><\/span><span style=\"font-size: medium;\">vous la relation du contexte <\/span><span style=\"font-size: medium;\">des deux\u00a0?<\/span><\/p>\n<p class=\"western\" align=\"justify\"><span style=\"font-size: medium;\"><b>K\u00a0:<\/b><\/span><i> <\/i><span style=\"font-size: medium;\">Oui. C\u2019est-\u00e0-dire que le cerveau se rapporte au pass\u00e9. Le cerveau est le <\/span><span style=\"font-size: medium;\">pass\u00e9.<\/span><\/p>\n<p class=\"western\" align=\"justify\"><span style=\"font-size: medium;\"><b>P.J. :<\/b><\/span><i> <\/i><span style=\"font-size: medium;\">Alors, qui <\/span><span style=\"font-size: medium;\">se<\/span><span style=\"font-size: medium;\"> rel<\/span><span style=\"font-size: medium;\">ie<\/span> <span style=\"font-size: medium;\">\u00e0<\/span> <span style=\"font-size: medium;\">qui\u00a0?<\/span><\/p>\n<p class=\"western\" align=\"justify\"><span style=\"font-size: medium;\"><b>K\u00a0:<\/b><\/span><i> <\/i><span style=\"font-size: medium;\">Il n<\/span><span style=\"font-size: medium;\">e se<\/span><span style=\"font-size: medium;\"> reli<\/span><span style=\"font-size: medium;\">e<\/span> <span style=\"font-size: medium;\">\u00e0<\/span><span style=\"font-size: medium;\"> personne. Il fonctionne dans son propre cercle, dans son propre domaine. C\u2019est \u00e9vident.<\/span><\/p>\n<p class=\"western\" align=\"justify\"><span style=\"font-size: medium;\"><b>S.P.\u00a0:<\/b><\/span><i> <\/i><span style=\"font-size: medium;\">Mais, monsieur, ce cerveau est en relation avec d\u2019autres cerveaux avec lesquels il p<\/span><span style=\"font-size: medium;\">artage<\/span><span style=\"font-size: medium;\"> certaines <\/span><span style=\"font-size: medium;\">similitudes.<\/span><\/p>\n<p class=\"western\" align=\"justify\"><span style=\"font-size: medium;\"><b>P.J. :<\/b><\/span><i> <\/i><span style=\"font-size: medium;\">Sunanda, <\/span><span style=\"font-size: medium;\">avez-vous<\/span><span style=\"font-size: medium;\"> entendu ce qu\u2019il a dit \u2014 que <\/span><span style=\"font-size: medium;\">vous ne vous reliez <\/span><span style=\"font-size: medium;\">\u00e0<\/span><span style=\"font-size: medium;\"> un autre, que le cerveau lui-m\u00eame cr\u00e9e \u00ab\u00a0l\u2019autre\u00a0\u00bb <\/span><span style=\"font-size: medium;\">puis se<\/span><span style=\"font-size: medium;\"> reli<\/span><span style=\"font-size: medium;\">e<\/span> <span style=\"font-size: medium;\">\u00e0<\/span><span style=\"font-size: medium;\"> lui\u00a0?<\/span><\/p>\n<p class=\"western\" align=\"justify\"><span style=\"font-size: medium;\"><b>K\u00a0:<\/b><\/span> <span style=\"font-size: medium;\">Pouvez-vous r\u00e9p\u00e9ter ce que j\u2019ai <\/span><span style=\"font-size: medium;\">dit\u00a0?<\/span><\/p>\n<p class=\"western\" align=\"justify\"><span style=\"font-size: medium;\"><b>G.N.\u00a0:<\/b><\/span><i> <\/i><span style=\"font-size: medium;\">Vous dites qu\u2019il n\u2019y a pas de relation parce que le cerveau cr\u00e9e l\u2019\u00ab\u00a0autre\u00a0\u00bb et se met ensuite en relation avec lui. En fait, il n\u2019y a que le cerveau humain.<\/span><\/p>\n<p class=\"western\" align=\"justify\"><span style=\"font-size: medium;\"><b>K\u00a0:<\/b><\/span> <span style=\"font-size: medium;\">Le cerveau ne se pr\u00e9occupe que de lui-m\u00eame, de sa propre s\u00e9curit\u00e9, de ses propres probl\u00e8mes, de s<\/span><span style=\"font-size: medium;\">a<\/span><span style=\"font-size: medium;\"> propre <\/span><span style=\"font-size: medium;\">souffrance<\/span><span style=\"font-size: medium;\">, et \u00ab\u00a0l\u2019autre\u00a0\u00bb est aussi cela. Le cerveau n\u2019est jamais <\/span><span style=\"font-size: medium;\">re<\/span><span style=\"font-size: medium;\">li\u00e9 \u00e0 quoi que ce soit. Il n\u2019y a pas d\u2019\u00ab\u00a0autre\u00a0\u00bb. L\u2019\u00ab\u00a0autre\u00a0\u00bb est l\u2019image cr\u00e9\u00e9e par la pens\u00e9e, c\u2019est-\u00e0-dire le <\/span><span style=\"font-size: medium;\">cerveau.<\/span><\/p>\n<p class=\"western\" align=\"justify\"><span style=\"font-size: medium;\"><b>R.B.\u00a0:<\/b><\/span><i> <\/i><span style=\"font-size: medium;\">Voulez-vous dire que la relation elle-m\u00eame fait partie de la <\/span><span style=\"font-size: medium;\">programmation\u00a0?<\/span><\/p>\n<p class=\"western\" align=\"justify\"><span style=\"font-size: medium;\"><b>K\u00a0: <\/b><\/span><span style=\"font-size: medium;\">Non. Passons sur le mot \u00ab\u00a0<\/span><span style=\"font-size: medium;\">programme\u00a0\u00bb.<\/span><\/p>\n<p class=\"western\" align=\"justify\"><span style=\"font-size: medium;\"><b>R.B.\u00a0:<\/b><\/span><i> <\/i><span style=\"font-size: medium;\">Il n\u2019y a <\/span><span style=\"font-size: medium;\">ni <\/span><span style=\"font-size: medium;\">\u00ab\u00a0autre\u00a0\u00bb ni relation. <\/span><\/p>\n<p class=\"western\" align=\"justify\"><span style=\"font-size: medium;\"><b>K\u00a0:<\/b><\/span><i><b> <\/b><\/i><span style=\"font-size: medium;\">Non. La relation est toujours entre deux personnes. <\/span><\/p>\n<p class=\"western\" align=\"justify\"><span style=\"font-size: medium;\"><b>S\u00a0:<\/b><\/span><i> <\/i><span style=\"font-size: medium;\">Voulez-vous<\/span><i> <\/i><span style=\"font-size: medium;\">dire qu\u2019il n\u2019y a pas d\u2019\u00ab\u00a0autre\u00a0\u00bb\u00a0?<\/span><\/p>\n<p class=\"western\" align=\"justify\"><span style=\"font-size: medium;\"><b>K\u00a0:<\/b><\/span><i> <\/i><span style=\"font-size: medium;\">Vous existez, mais ma relation avec vous est bas\u00e9e sur l\u2019image que j\u2019ai cr\u00e9\u00e9e de vous. Par cons\u00e9quent, ma relation est avec l\u2019image que j\u2019ai.<\/span><\/p>\n<p class=\"western\" align=\"justify\"><span style=\"font-size: medium;\"><b>B.K.\u00a0:<\/b><\/span> <span style=\"font-size: medium;\">Mais une partie du cerveau remet <\/span><span style=\"font-size: medium;\">cela <\/span><span style=\"font-size: medium;\">\u00e9galement en question.<\/span><\/p>\n<p class=\"western\" align=\"justify\"><span style=\"font-size: medium;\"><b>K\u00a0:<\/b><\/span> <span style=\"font-size: medium;\">Soyons clairs. Ma relation avec vous est bas\u00e9e sur la pens\u00e9e que j\u2019ai de vous, l\u2019image que j\u2019ai cr\u00e9\u00e9e de vous. La relation n\u2019est pas avec vous, mais avec l\u2019image que j\u2019ai. Il n\u2019y a donc pas de relation.<\/span><\/p>\n<p class=\"western\" align=\"justify\"><span style=\"font-size: medium;\"><b>B.K.\u00a0:<\/b><\/span><i> <\/i><span style=\"font-size: medium;\">Ce que je ne comprends pas, c\u2019est comment <\/span><strong><span style=\"font-size: medium;\">intervient<\/span><\/strong><span style=\"font-size: medium;\"> la programmation\u00a0<\/span><span style=\"font-size: medium;\">?<\/span><\/p>\n<p class=\"western\" align=\"justify\"><span style=\"font-size: medium;\"><b>K\u00a0: <\/b><\/span><span style=\"font-size: medium;\">Monsieur, l\u2019ordinateur est programm\u00e9. Il croira en Dieu, il croira aux V\u00e9das, il croira \u00e0 tout ce qu\u2019on lui dira. Mon cerveau a \u00e9galement \u00e9t\u00e9 programm\u00e9 pour dire que je suis hindou, que je suis chr\u00e9tien, que je crois en Dieu, que je n\u2019y crois pas. Laissons cela pour l\u2019instant. Nous disons qu\u2019il n\u2019y a pas d\u2019\u00ab\u00a0autre\u00a0\u00bb. Par cons\u00e9quent, il n\u2019y a pas de relation avec \u00ab\u00a0l\u2019autre\u00a0\u00bb.<\/span><\/p>\n<p class=\"western\" align=\"justify\"><span style=\"font-size: medium;\"><b>A.P.\u00a0:<\/b><\/span> <span style=\"font-size: medium;\">Je <\/span><span style=\"font-size: medium;\">remets cela en question<\/span><span style=\"font-size: medium;\">.<\/span><\/p>\n<p class=\"western\" align=\"justify\"><span style=\"font-size: medium;\"><b>K\u00a0:<\/b><\/span><i> <\/i><span style=\"font-size: medium;\">Je suis en train de l\u2019examiner. Mon cerveau est le cerveau commun de l\u2019humanit\u00e9\u00a0; ce n\u2019est pas mon cerveau. Le cerveau commun, qui existe depuis cinq \u00e0 dix millions d\u2019ann\u00e9es, s\u2019est forg\u00e9 par l\u2019exp\u00e9rience, l<\/span><span style=\"font-size: medium;\">e savoir<\/span><span style=\"font-size: medium;\">, etc. une image du monde \u2014 et aussi de ma femme. Ma femme n\u2019est l\u00e0 que pour mon plaisir, ma solitude\u00a0; elle existe comme une image en moi que la pens\u00e9e a cr\u00e9\u00e9e. Il n\u2019y a donc pas de relation. Mais si je vois cela <\/span><strong><span style=\"font-size: medium;\">r\u00e9ellement <\/span><\/strong><span style=\"font-size: medium;\">et que je change tout <\/span><span style=\"font-size: medium;\">c<\/span><span style=\"font-size: medium;\">e mouvement, alors nous pourrons peut-\u00eatre savoir ce qu\u2019est l\u2019amour. La relation est alors totalement <\/span><span style=\"font-size: medium;\">diff\u00e9rente.<\/span><\/p>\n<p class=\"western\" align=\"justify\"><span style=\"font-size: medium;\"><b>A.P.\u00a0:<\/b><\/span> <span style=\"font-size: medium;\">Vous avez <\/span><span style=\"font-size: medium;\">affirm\u00e9<\/span><span style=\"font-size: medium;\"> quelque chose. S\u2019agit-il d\u2019une description ou d\u2019un <\/span><span style=\"font-size: medium;\">fait\u00a0?<\/span><\/p>\n<p class=\"western\" align=\"justify\"><span style=\"font-size: medium;\"><b>K\u00a0:<\/b><\/span> <span style=\"font-size: medium;\">Il s\u2019agit d\u2019une description pour communiquer un fait. Remettez en question le fait, pas la <\/span><span style=\"font-size: medium;\">description.<\/span><\/p>\n<p class=\"western\" align=\"justify\"><span style=\"font-size: medium;\"><b>A.P.\u00a0:<\/b><\/span> <span style=\"font-size: medium;\">Je remets en question le fait. Je dis que le fait est que le monde est plein de gens. Ils sont divis\u00e9s en nationalit\u00e9s, etc. Je ne peux pas permettre une simplification excessive d\u2019une situation dans laquelle le probl\u00e8me lui-m\u00eame est r\u00e9duit \u00e0 ce qui se passe dans le cerveau \u2014 parce que je dis que quelque chose se passe \u00e0 l\u2019ext\u00e9rieur, quelque chose se passe \u00e0 l\u2019int\u00e9rieur de moi et qu\u2019il y a une interaction, et que c\u2019est cela, le probl\u00e8me.<\/span><\/p>\n<p class=\"western\" align=\"justify\"><span style=\"font-size: medium;\"><b>K\u00a0:<\/b><\/span> <span style=\"font-size: medium;\">Vous dites qu\u2019il y a une interaction entre mon monde psychologique et le monde. Je dis qu\u2019il n\u2019y a qu\u2019un seul monde \u2014 mon monde psychologique. Ce n\u2019est pas une simplification excessive, au contraire.<\/span><\/p>\n<p class=\"western\" align=\"justify\"><span style=\"font-size: medium;\"><b>Q\u00a0:<\/b><\/span> <span style=\"font-size: medium;\">Vous avez dit que ma relation avec ma femme est mon id\u00e9al ou mon image, mais comment cette image na\u00eet-elle\u00a0? Pour que l\u2019image puisse na\u00eetre, vous \u00eates n\u00e9cessaire en tant qu\u2019individu. J\u2019ai cr\u00e9\u00e9 l\u2019image d\u2019elle, mais pour cela, elle doit exister en tant qu\u2019objet. Quelque chose doit la d\u00e9clencher.<\/span><\/p>\n<p class=\"western\" align=\"justify\"><span style=\"font-size: medium;\"><b>Q\u00a0:<\/b><\/span> <span style=\"font-size: medium;\">Vous avez enlev\u00e9 l\u2019<\/span><span style=\"font-size: medium;\">objet.<\/span><\/p>\n<p class=\"western\" align=\"justify\"><span style=\"font-size: medium;\"><b>K\u00a0:<\/b><\/span> <span style=\"font-size: medium;\">Je <\/span><span style=\"font-size: medium;\">ne <\/span><span style=\"font-size: medium;\">l\u2019ai <\/span><span style=\"font-size: medium;\">pas <\/span><span style=\"font-size: medium;\">fait.<\/span><\/p>\n<p class=\"western\" align=\"justify\"><span style=\"font-size: medium;\"><b>P.J. :<\/b><\/span> <span style=\"font-size: medium;\">Nous parlons de d\u00e9g\u00e9n\u00e9rescence. Quiconque a observ\u00e9 le fonctionnement de l\u2019esprit voit la validit\u00e9 de ce que dit Krishnaji, \u00e0 savoir que vous pouvez \u00eatre physiquement un \u00eatre humain, mais que vous existez en termes d\u2019image dans mon esprit et que ma relation est avec cette image dans mon esprit.<\/span><\/p>\n<p class=\"western\" align=\"justify\"><span style=\"font-size: medium;\"><b>K\u00a0:<\/b><\/span> <span style=\"font-size: medium;\">Il n\u2019y a donc pas d\u2019interaction. Il n\u2019y a donc pas de \u00ab\u00a0vous\u00a0\u00bb avec lequel le \u00ab\u00a0je\u00a0\u00bb puisse interagir.<\/span><\/p>\n<p class=\"western\" align=\"justify\"><span style=\"font-size: medium;\"><b>A.P.\u00a0:<\/b><\/span><i> <\/i><span style=\"font-size: medium;\">J\u2019ai une difficult\u00e9. Si vous n\u2019acceptez pas l\u2019existence de l\u2019autre individu, vous d\u00e9valorisez ou niez implicitement ce qui se pr\u00e9sente comme un d\u00e9fi de la part de \u00ab\u00a0l\u2019autre\u00a0\u00bb, qui est une r\u00e9alit\u00e9 aussi grande que mes pulsions ou mes r\u00e9ponses. Mes pulsions et mes r\u00e9ponses ne sont pas plus valables que celles de l\u2019autre personne.<\/span><\/p>\n<p class=\"western\" align=\"justify\"><span style=\"font-size: medium;\"><b>Q\u00a0:<\/b><\/span><i> <\/i><span style=\"font-size: medium;\">Vous enlevez l\u2019objet qui met quelque chose en mouvement, ce qui est une <\/span><span style=\"font-size: medium;\">r\u00e9alit\u00e9.<\/span><\/p>\n<p class=\"western\" align=\"justify\"><span style=\"font-size: medium;\"><b>G.N.\u00a0:<\/b><\/span><i> <\/i><span style=\"font-size: medium;\">Le cerveau cr\u00e9e sa propre image qui emp\u00eache toute relation r\u00e9elle. En fait, lorsque le cerveau se rapporte \u00e0 sa propre image, tous les probl\u00e8mes surgissent.<\/span><\/p>\n<p class=\"western\" align=\"justify\"><span style=\"font-size: medium;\"><b>A.P.\u00a0:<\/b><\/span><i> <\/i><span style=\"font-size: medium;\">Le mouvement qui na\u00eet de l\u2019image est-il <\/span><span style=\"font-size: medium;\"><i>sui generis<\/i><\/span><span style=\"font-size: medium;\">, ou le cerveau est-il une r\u00e9ponse \u00e0 un d\u00e9fi ext\u00e9rieur\u00a0? Je dis qu\u2019il s\u2019agit d\u2019une r\u00e9ponse \u00e0 un d\u00e9fi <\/span><span style=\"font-size: medium;\">ext\u00e9rieur.<\/span><\/p>\n<p class=\"western\" align=\"justify\"><span style=\"font-size: medium;\"><b>P.J. :<\/b><\/span><i> <\/i><span style=\"font-size: medium;\">La r\u00e9ponse se trouve dans le <\/span><span style=\"font-size: medium;\">cerveau.<\/span><\/p>\n<p class=\"western\" align=\"justify\"><span style=\"font-size: medium;\"><b>K\u00a0:<\/b><\/span><i> <\/i><span style=\"font-size: medium;\">Le cerveau est le centre de toutes les r\u00e9actions sensorielles. Je vois une femme et toutes les r\u00e9actions sensorielles s\u2019\u00e9veillent. Ensuite, le cerveau cr\u00e9e l\u2019image \u2014 la femme et l\u2019homme qui dorment, le sexe, tout cela. La r\u00e9ponse sensorielle est stock\u00e9e dans le cerveau. Le cerveau r\u00e9agit alors sous forme de pens\u00e9e, par le biais des sens, de la m\u00e9moire et de tout le reste. Puis cette sensation rencontre une femme et toutes les r\u00e9ponses, les r\u00e9ponses biologiques, se mettent en place. L\u2019image est alors cr\u00e9\u00e9e. C\u2019est l\u2019image qui devient alors la plus importante, et non la femme. La femme peut \u00eatre n\u00e9cessaire \u00e0 mon plaisir, etc., mais il n\u2019y a pas d\u2019autre relation avec elle que physique. C\u2019est assez simple.<\/span><\/p>\n<p class=\"western\" align=\"justify\"><span style=\"font-size: medium;\"><b>A.P.\u00a0:<\/b><\/span> <span style=\"font-size: medium;\">Il y a une certaine <\/span><span style=\"font-size: medium;\">crainte<\/span><span style=\"font-size: medium;\"> qui r\u00f4de dans mon esprit\u00a0: est-ce un processus de raffinement de l\u2019\u00e9gocentrisme\u00a0?<\/span><\/p>\n<p class=\"western\" align=\"justify\"><span style=\"font-size: medium;\"><b>K\u00a0:<\/b><\/span> <span style=\"font-size: medium;\">C\u2019en est un<\/span><span style=\"font-size: medium;\">. <\/span><span style=\"font-size: medium;\">C\u2019est ce que <\/span><span style=\"font-size: medium;\">je dis.<\/span><\/p>\n<p class=\"western\" align=\"justify\"><span style=\"font-size: medium;\"><b>B.K.\u00a0:<\/b><\/span><i> <\/i><span style=\"font-size: medium;\">Pouvons-nous faire un pas de plus\u00a0? Peut-il y avoir une relation mentale\u00a0? Les images peuvent \u00eatre affin\u00e9es, modifi\u00e9es, manipul\u00e9es. Alors, peut-il y avoir une relation mentale\u00a0?<\/span><\/p>\n<p class=\"western\" align=\"justify\"><span style=\"font-size: medium;\"><b>K\u00a0:<\/b><\/span><i> <\/i><span style=\"font-size: medium;\">Bien<\/span><span style=\"font-size: medium;\"> s\u00fbr, le cerveau fait cela en <\/span><span style=\"font-size: medium;\">permanence<\/span><span style=\"font-size: medium;\">.<\/span><\/p>\n<p class=\"western\" align=\"justify\"><span style=\"font-size: medium;\"><b>P.J. :<\/b><\/span><i> <\/i><span style=\"font-size: medium;\">La vraie question qui se pose alors est de savoir quelle est l\u2019action, le d\u00e9fi ou ce qui d\u00e9clenche la fin de cette machinerie de fabrication d\u2019images pour qu\u2019<\/span><span style=\"font-size: medium;\">un<\/span><span style=\"font-size: medium;\"> contact direct soit possible. Le pi\u00e8ge dans lequel nous sommes pris, <\/span><strong><span style=\"font-size: medium;\">c\u2019est que<\/span><\/strong><span style=\"font-size: medium;\"> nous voyons qu\u2019il en est ainsi, mais nous continuons \u00e0 suivre le m\u00eame <\/span><span style=\"font-size: medium;\">sch\u00e9ma.<\/span><\/p>\n<p class=\"western\" align=\"justify\"><span style=\"font-size: medium;\"><b>K\u00a0:<\/b><\/span> <span style=\"font-size: medium;\">C\u2019est <\/span><span style=\"font-size: medium;\">vrai<\/span><span style=\"font-size: medium;\">. Pourquoi le cerveau fonctionne-t-il <\/span><span style=\"font-size: medium;\">de mani\u00e8re <\/span><span style=\"font-size: medium;\">aussi <\/span><span style=\"font-size: medium;\">m\u00e9canique\u00a0?<\/span><\/p>\n<p class=\"western\" align=\"justify\"><span style=\"font-size: medium;\"><b>P.J. :<\/b><\/span> <span style=\"font-size: medium;\">Quel est le d\u00e9fi, quelle est l\u2019action qui brisera ce fonctionnement m\u00e9canique pour qu\u2019il y ait un contact direct\u00a0?<\/span><\/p>\n<p class=\"western\" align=\"justify\"><span style=\"font-size: medium;\"><b>R.B.\u00a0:<\/b><\/span> <span style=\"font-size: medium;\">Contact avec <\/span><span style=\"font-size: medium;\">quoi\u00a0?<\/span><\/p>\n<p class=\"western\" align=\"justify\"><span style=\"font-size: medium;\"><b>P.J. :<\/b><\/span> <span style=\"font-size: medium;\">C<\/span><span style=\"font-size: medium;\">ontact direct avec \u00ab\u00a0ce qui <\/span><span style=\"font-size: medium;\">est\u00a0\u00bb.<\/span><\/p>\n<p class=\"western\" align=\"justify\"><span style=\"font-size: medium;\"><b>K\u00a0:<\/b><\/span> <span style=\"font-size: medium;\">Soyons clairs. Le cerveau <\/span><span style=\"font-size: medium;\">est<\/span><span style=\"font-size: medium;\"> habitu\u00e9 \u00e0 ce mouvement sensoriel, imaginaire. Qu\u2019est-ce qui va briser cette cha\u00eene\u00a0? C\u2019est la question fondamentale.<\/span><\/p>\n<p class=\"western\" align=\"justify\"><span style=\"font-size: medium;\"><b>J.U.\u00a0:<\/b><\/span><i> <\/i><span style=\"font-size: medium;\">L\u2019implication est que tout ce qui surgit, surgit des sens. Rien ne na\u00eet des d\u00e9fis ext\u00e9rieurs.<\/span><\/p>\n<p class=\"western\" align=\"justify\"><span style=\"font-size: medium;\"><b>K\u00a0:<\/b><\/span> <span style=\"font-size: medium;\">J\u2019ai dit qu\u2019il n\u2019y avait pas d\u2019ext\u00e9rieur, qu\u2019il n\u2019y avait que le cerveau qui r\u00e9agissait \u00e0 certaines r\u00e9actions, ce qui est <\/span><span style=\"font-size: medium;\">le savoir<\/span><span style=\"font-size: medium;\">.<\/span><\/p>\n<p class=\"western\" align=\"justify\"><span style=\"font-size: medium;\"><b>S\u00a0:<\/b><\/span> <span style=\"font-size: medium;\">Voulez-vous dire qu\u2019il n\u2019y a pas d\u2019ext\u00e9rieur et d\u2019int\u00e9rieur, mais seulement un <\/span><span style=\"font-size: medium;\">cerveau\u00a0?<\/span><\/p>\n<p class=\"western\" align=\"justify\"><span style=\"font-size: medium;\"><b>K\u00a0:<\/b><\/span> <span style=\"font-size: medium;\">Oui.<\/span><\/p>\n<p class=\"western\" align=\"justify\"><span style=\"font-size: medium;\"><b>J.U.\u00a0:<\/b><\/span> <span style=\"font-size: medium;\">Vous avez fait une d\u00e9claration. J\u2019ai \u00e9cout\u00e9 ce que vous avez dit. Cela ne fait pas partie de mon cerveau \u2014 qu\u2019il n\u2019y a pas de d\u00e9fi ext\u00e9rieur, que l\u2019image na\u00eet de la machinerie de fabrication d\u2019images du cerveau lui-m\u00eame, que le moi projette les images de l\u2019autre. Tout ce que vous avez dit ne fait pas partie de mon cerveau.<\/span><\/p>\n<p class=\"western\" align=\"justify\"><span style=\"font-size: medium;\"><b>K\u00a0:<\/b><\/span> <span style=\"font-size: medium;\">Pourquoi\u00a0?<\/span><\/p>\n<p class=\"western\" align=\"justify\"><span style=\"font-size: medium;\"><b>J.U.\u00a0:<\/b><\/span> <span style=\"font-size: medium;\">C\u2019est quelque chose de nouveau pour <\/span><span style=\"font-size: medium;\">moi.<\/span><\/p>\n<p class=\"western\" align=\"justify\"><span style=\"font-size: medium;\"><b>B.K.\u00a0:<\/b><\/span> <span style=\"font-size: medium;\">C\u2019<\/span><span style=\"font-size: medium;\">est programm\u00e9 <\/span><span style=\"font-size: medium;\">diff\u00e9remment.<\/span><\/p>\n<p class=\"western\" align=\"justify\"><span style=\"font-size: medium;\"><b>P.J. :<\/b><\/span> <span style=\"font-size: medium;\">La question est de savoir quelle est votre relation avec moi ou avec Upadhyayaji ou avec Y. N\u2019\u00eates-vous pas un d\u00e9fi pour moi\u00a0?<\/span><\/p>\n<p class=\"western\" align=\"justify\"><span style=\"font-size: medium;\"><b>K\u00a0:<\/b><\/span><i> <\/i><span style=\"font-size: medium;\">Qu\u2019entendez-vous <\/span><span style=\"font-size: medium;\">par \u00ab\u00a0vous\u00a0\u00bb\u00a0?<\/span><\/p>\n<p class=\"western\" align=\"justify\"><span style=\"font-size: medium;\"><b>P.J. :<\/b><\/span><i> <\/i><span style=\"font-size: medium;\">La d\u00e9claration de Krishnaji ou la fa\u00e7on dont il a demand\u00e9, ou ce qu\u2019il a dit, que j\u2019\u00e9coute, n\u2019est-ce pas un d\u00e9fi pour <\/span><span style=\"font-size: medium;\">le<\/span><span style=\"font-size: medium;\"> cerveau <\/span><span style=\"font-size: medium;\">lui-m\u00eame<\/span><span style=\"font-size: medium;\">\u00a0?<\/span><\/p>\n<p class=\"western\" align=\"justify\"><span style=\"font-size: medium;\"><b>K\u00a0:<\/b><\/span><i> <\/i><strong><span style=\"font-size: medium;\">\u00c7a l\u2019est.<\/span><\/strong><\/p>\n<p class=\"western\" align=\"justify\"><span style=\"font-size: medium;\"><b>P.J. :<\/b><\/span><i> <\/i><span style=\"font-size: medium;\">Si c\u2019est le cas, alors il y a un mouvement <\/span><span style=\"font-size: medium;\">qui <\/span><span style=\"font-size: medium;\">est autre que le mouvement du <\/span><span style=\"font-size: medium;\">cerveau.<\/span><\/p>\n<p class=\"western\" align=\"justify\"><span style=\"font-size: medium;\"><b>K\u00a0:<\/b><\/span><i> <\/i><span style=\"font-size: medium;\">K fait une d\u00e9claration. Ce n\u2019est un d\u00e9fi pour vous que si vous pouvez y r\u00e9pondre. Sinon, ce n\u2019est pas un d\u00e9fi.<\/span><\/p>\n<p class=\"western\" align=\"justify\"><span style=\"font-size: medium;\"><b>P.J. :<\/b><\/span> <span style=\"font-size: medium;\">Je ne comprends pas<\/span><span style=\"font-size: medium;\">.<\/span><\/p>\n<p class=\"western\" align=\"justify\"><span style=\"font-size: medium;\"><b>A.P.\u00a0:<\/b><\/span><i> <\/i><span style=\"font-size: medium;\">Voyez-vous, quelqu\u2019un qui marche sur la route ne fait aucune impression sur moi\u00a0; il n\u2019y a pas d\u2019enregistrement et, par cons\u00e9quent, il n\u2019y a pas de r\u00e9ponse. Il y a une possibilit\u00e9 que quelque chose se produise <\/span><span style=\"font-size: medium;\">sans<\/span><span style=\"font-size: medium;\"> que je r\u00e9agisse <\/span><span style=\"font-size: medium;\">de quelque mani\u00e8re que ce soit<\/span><span style=\"font-size: medium;\">\u00a0; et il y en a une autre, <\/span><span style=\"font-size: medium;\">o\u00f9 cette personne dit <\/span><span style=\"font-size: medium;\">quelque chose, <\/span><span style=\"font-size: medium;\">ce<\/span><span style=\"font-size: medium;\"> qu<\/span><span style=\"font-size: medium;\">i<\/span><span style=\"font-size: medium;\"> suscite imm\u00e9diatement une r\u00e9action.<\/span><\/p>\n<p class=\"western\" align=\"justify\"><span style=\"font-size: medium;\"><b>K\u00a0:<\/b><\/span><i> <\/i><strong><span style=\"font-size: medium;\">Voil\u00e0 <\/span><\/strong><span style=\"font-size: medium;\">un d\u00e9fi. Comment r\u00e9agissez-vous face \u00e0 un d\u00e9fi\u00a0? En <\/span><span style=\"font-size: medium;\">tant<\/span><span style=\"font-size: medium;\"> que bouddhiste, chr\u00e9tien, hindou, musulman, politicien, etc. Soit vous r\u00e9pondez avec la m\u00eame intensit\u00e9 que <\/span><span style=\"font-size: medium;\">cel<\/span><span style=\"font-size: medium;\">le <\/span><span style=\"font-size: medium;\">du <\/span><span style=\"font-size: medium;\">d\u00e9fi, soit vous ne r\u00e9pondez pas du tout. Pour relever un d\u00e9fi, vous et moi devons nous faire face, non pas physiquement, mais en nous faisant face.<\/span><\/p>\n<p class=\"western\" align=\"justify\"><span style=\"font-size: medium;\"><b>J.U.\u00a0:<\/b><\/span><i> <\/i><span style=\"font-size: medium;\">Si <\/span><span style=\"font-size: medium;\"><i>vous <\/i><\/span><span style=\"font-size: medium;\">\u00eates un d\u00e9fi, pourquoi <\/span><span style=\"font-size: medium;\">ni<\/span><span style=\"font-size: medium;\">ez-vous qu\u2019il y ait un d\u00e9fi de l\u2019ext\u00e9rieur\u00a0?<\/span><\/p>\n<p class=\"western\" align=\"justify\"><span style=\"font-size: medium;\"><b>K\u00a0:<\/b><\/span><i> <\/i><span style=\"font-size: medium;\">C\u2019est tout \u00e0 fait diff\u00e9rent. Le d\u00e9fi ext\u00e9rieur est le d\u00e9fi que la pens\u00e9e a cr\u00e9\u00e9. Le communiste d\u00e9fie le croyant. Le communiste est <\/span><span style=\"font-size: medium;\">lui-m\u00eame<\/span><span style=\"font-size: medium;\"> croyant et, par cons\u00e9quent, il d\u00e9fie une autre croyance\u00a0; <\/span><span style=\"font-size: medium;\">cela<\/span><span style=\"font-size: medium;\"> devient donc une protection, une r\u00e9action contre <\/span><span style=\"font-size: medium;\">une<\/span><span style=\"font-size: medium;\"> croyance. Ce n\u2019est pas un d\u00e9fi. L\u2019orateur n\u2019a pas de croyance. <\/span><span style=\"font-size: medium;\">C\u2019est<\/span><span style=\"font-size: medium;\"> de l\u00e0 <\/span><span style=\"font-size: medium;\">qu\u2019<\/span><span style=\"font-size: medium;\">il lance un d\u00e9fi, ce qui est diff\u00e9rent du d\u00e9fi lanc\u00e9 de l\u2019ext\u00e9rieur.<\/span><\/p>\n<p class=\"western\" align=\"justify\"><span style=\"font-size: medium;\"><b>P.J. :<\/b><\/span><i> <\/i><span style=\"font-size: medium;\">Quel est le d\u00e9fi de l\u2019absence de centre\u00a0<\/span><span style=\"font-size: medium;\">?<\/span><\/p>\n<p class=\"western\" align=\"justify\"><span style=\"font-size: medium;\"><b>K\u00a0:<\/b><\/span><i> <\/i><span style=\"font-size: medium;\">Si vous remettez en cause ma r\u00e9putation ou mes convictions, je r\u00e9agis parce que je me prot\u00e8ge et que vous remettez en cause votre image. Il s\u2019agit d\u2019un d\u00e9fi entre deux images que la pens\u00e9e a cr\u00e9\u00e9es. Mais si vous remettez en question K, qui est le d\u00e9fi de l\u2019absolu, c\u2019est tout \u00e0 fait diff\u00e9rent.<\/span><\/p>\n<p class=\"western\" align=\"justify\"><span style=\"font-size: medium;\"><b>P.J. :<\/b><\/span><i> <\/i><span style=\"font-size: medium;\">Il faut revenir au point de <\/span><span style=\"font-size: medium;\">d\u00e9part\u2026<\/span><\/p>\n<p class=\"western\" align=\"justify\"><span style=\"font-size: medium;\"><b>S\u00a0:<\/b><\/span><i> <\/i><span style=\"font-size: medium;\">Mon cerveau, qui est <\/span><span style=\"font-size: medium;\">une<\/span><span style=\"font-size: medium;\"> machine \u00e0 fabriquer des images, r\u00e9pond \u00e0 l\u2019autre de la m\u00eame mani\u00e8re <\/span><span style=\"font-size: medium;\">qu\u2019il r\u00e9agit<\/span> <span style=\"font-size: medium;\">\u00e0 un<\/span><span style=\"font-size: medium;\"> d\u00e9fi <\/span><span style=\"font-size: medium;\">comme celui pr\u00e9sent\u00e9<\/span><span style=\"font-size: medium;\"> par une personne comme vous. Ne r\u00e9agit-il pas de la m\u00eame mani\u00e8re\u00a0?<\/span><\/p>\n<p class=\"western\" align=\"justify\"><span style=\"font-size: medium;\"><b>P.J. :<\/b><\/span><i> <\/i><span style=\"font-size: medium;\">C\u2019<\/span><span style=\"font-size: medium;\">est<\/span><span style=\"font-size: medium;\"> vrai. Mais la question est de savoir comment ce mouvement <\/span><span style=\"font-size: medium;\">peut<\/span> <span style=\"font-size: medium;\">se terminer.<\/span><\/p>\n<p class=\"western\" align=\"justify\"><span style=\"font-size: medium;\"><b>K\u00a0:<\/b><\/span> <span style=\"font-size: medium;\">Comment ce cycle d\u2019exp\u00e9rience, de <\/span><span style=\"font-size: medium;\">savoir<\/span><span style=\"font-size: medium;\">, de m\u00e9moire, de pens\u00e9e, d\u2019action \u2014 l\u2019action re<\/span><span style=\"font-size: medium;\">ve<\/span><span style=\"font-size: medium;\">n<\/span><span style=\"font-size: medium;\">an<\/span><span style=\"font-size: medium;\">t <\/span><span style=\"font-size: medium;\">au savoir<\/span><span style=\"font-size: medium;\">, le cercle dans lequel vous \u00eates pris \u2014 peut-il s<\/span><span style=\"font-size: medium;\">e terminer<\/span><span style=\"font-size: medium;\">\u00a0?<\/span><\/p>\n<p class=\"western\" align=\"justify\"><span style=\"font-size: medium;\"><b>P.J. :<\/b><\/span> <span style=\"font-size: medium;\">C\u2019est vraiment poser la question <\/span><span style=\"font-size: medium;\">de savoir<\/span><span style=\"font-size: medium;\"> comment le fl<\/span><span style=\"font-size: medium;\">ot<\/span><span style=\"font-size: medium;\"> de causalit\u00e9 <\/span><span style=\"font-size: medium;\">peut s\u2019arr\u00eater.<\/span><span style=\"font-size: medium;\"> Ce processus que vous avez montr\u00e9 \u2014 d\u00e9fi, sensation, action \u2014 est-ce que l\u2019apprentissage de cette action revient et est stock\u00e9\u00a0?<\/span><\/p>\n<p class=\"western\" align=\"justify\"><span style=\"font-size: medium;\"><b>K\u00a0:<\/b><\/span> <span style=\"font-size: medium;\">Bien <\/span><span style=\"font-size: medium;\">s\u00fbr<\/span><span style=\"font-size: medium;\">. C\u2019est \u00e9vident. C\u2019est ce que nous <\/span><span style=\"font-size: medium;\">faisons<\/span><span style=\"font-size: medium;\">.<\/span><\/p>\n<p class=\"western\" align=\"justify\"><span style=\"font-size: medium;\"><b>J.\u00a0U.\u00a0:<\/b><\/span><i> <\/i><span style=\"font-size: medium;\">C<\/span><span style=\"font-size: medium;\">e qui s\u2019en va revient-<\/span><span style=\"font-size: medium;\">il<\/span><span style=\"font-size: medium;\">, ou est-ce quelque chose de nouveau <\/span><span style=\"font-size: medium;\">qui <\/span><span style=\"font-size: medium;\">revient\u00a0?<\/span><\/p>\n<p class=\"western\" align=\"justify\"><span style=\"font-size: medium;\"><b>P.J. :<\/b><\/span><i> <\/i><span style=\"font-size: medium;\">Cela<\/span><span style=\"font-size: medium;\"> agit et, entre-temps, de nombreuses causes ont afflu\u00e9. L\u2019ensemble revient et est \u00e0 nouveau stock\u00e9.<\/span><\/p>\n<p class=\"western\" align=\"justify\"><span style=\"font-size: medium;\"><b>G.N.\u00a0:<\/b><\/span> <span style=\"font-size: medium;\">Nous avons dit que le programme fonctionne de la mani\u00e8re suivante\u00a0: exp\u00e9rience, <\/span><span style=\"font-size: medium;\">savoir<\/span><span style=\"font-size: medium;\">, m\u00e9moire, action. L\u2019action renforce l\u2019exp\u00e9rience et cela se <\/span><span style=\"font-size: medium;\">r\u00e9p\u00e8te.<\/span><\/p>\n<p class=\"western\" align=\"justify\"><span style=\"font-size: medium;\"><b>J.U.\u00a0:<\/b><\/span> <span style=\"font-size: medium;\">Dans ce processus, ce qui part ne revient pas tel quel, mais quelque chose de <\/span><span style=\"font-size: medium;\">particulier<\/span><span style=\"font-size: medium;\"> s\u2019y ajoute. Quelle est la qualit\u00e9 particuli\u00e8re de ce qui est ajout\u00e9\u00a0?<\/span><\/p>\n<p class=\"western\" align=\"justify\"><span style=\"font-size: medium;\"><b>RMP\u00a0:<\/b><\/span><i> <\/i><span style=\"font-size: medium;\">Selon Upadhyayaji, il y a un point fixe dans tout processus de pens\u00e9e, qui est l\u2019int\u00e9rieur et l\u2019ext\u00e9rieur. Si nous pouvons en discuter, ce sera peut-\u00eatre plus facile \u00e0 comprendre.<\/span><\/p>\n<p class=\"western\" align=\"justify\"><span style=\"font-size: medium;\"><b>G.N.\u00a0:<\/b><\/span><i> <\/i><span style=\"font-size: medium;\">Nous ne nions pas la r\u00e9alit\u00e9 du monde ext\u00e9rieur\u00a0; il y a la nature, il y a d\u2019autres \u00eatres humains, il y a des choses. Tout est r\u00e9el\u00a0; la guerre est r\u00e9elle, la nationalit\u00e9 est r\u00e9elle, l\u2019autre personne est r\u00e9elle. Mais ce que nous sous-entendons, c\u2019est qu\u2019il n\u2019y a vraiment pas de contact\u00a0; il n\u2019y a que le contact avec notre propre image, ce qui fait qu\u2019il n\u2019y a pas de contact.<\/span><\/p>\n<p class=\"western\" align=\"justify\"><span style=\"font-size: medium;\"><b>P.J.\u00a0:<\/b><\/span><i> <\/i><span style=\"font-size: medium;\">Cela implique qu\u2019\u00e0 aucun moment il n\u2019y a de v\u00e9ritable libert\u00e9, <\/span><span style=\"font-size: medium;\">car<\/span><span style=\"font-size: medium;\"> pris dans cet engrenage, il ne peut y avoir de libert\u00e9.<\/span><\/p>\n<p class=\"western\" align=\"justify\"><span style=\"font-size: medium;\"><b>G.N.\u00a0:<\/b><\/span><i> <\/i><span style=\"font-size: medium;\">Cela ne nie pas l\u2019existence du monde ext\u00e9rieur. <\/span><span style=\"font-size: medium;\">Autrement<\/span><span style=\"font-size: medium;\">, nous revenons au moi et \u00e0 la soci\u00e9t\u00e9.<\/span><\/p>\n<p class=\"western\" align=\"justify\"><span style=\"font-size: medium;\"><b>A.P.\u00a0:<\/b><\/span> <span style=\"font-size: medium;\">Vous ne niez pas le monde ext\u00e9rieur en tant que choses, vous niez la r\u00e9alit\u00e9 du monde ext\u00e9rieur en tant que personnes.<\/span><\/p>\n<p class=\"western\" align=\"justify\"><span style=\"font-size: medium;\"><b>P.J. :<\/b><\/span> <span style=\"font-size: medium;\">Non, vous niez la r\u00e9alit\u00e9 des images que votre esprit s\u2019est faites du monde ext\u00e9rieur.<\/span><\/p>\n<p class=\"western\" align=\"justify\"><span style=\"font-size: medium;\"><b>J.U.\u00a0:<\/b><\/span><i> <\/i><span style=\"font-size: medium;\">J\u2019ai accept\u00e9 que celui qui <\/span><span style=\"font-size: medium;\">cr\u00e9e<\/span><span style=\"font-size: medium;\"> les images soi<\/span><span style=\"font-size: medium;\">t<\/span><span style=\"font-size: medium;\"> responsable de ce processus. Il n\u2019est all\u00e9 aussi loin que par un processus de causalit\u00e9. Lorsqu\u2019il revient, il revient avec de nouvelles exp\u00e9riences, de nouveaux d\u00e9sirs et de nouvelles pulsions. Quel est ce nouveau facteur, d\u2019o\u00f9 vient-il\u00a0?<\/span><\/p>\n<p class=\"western\" align=\"justify\"><span style=\"font-size: medium;\"><b>P.J. :<\/b><\/span> <span style=\"font-size: medium;\">Comment cette accumulation de <\/span><span style=\"font-size: medium;\">savoirs<\/span><span style=\"font-size: medium;\"> s\u2019est-elle produite\u00a0? Ce qui \u00e9tait vert est devenu jaune, comme une feuille, comme un fruit.<\/span><\/p>\n<p class=\"western\" align=\"justify\"><span style=\"font-size: medium;\"><b>K\u00a0:<\/b><\/span> <span style=\"font-size: medium;\">Monsieur, tout ce que je dis, c\u2019est que l<\/span><span style=\"font-size: medium;\">e savoir<\/span><span style=\"font-size: medium;\"> tel qu\u2019<\/span><span style=\"font-size: medium;\">il<\/span><span style=\"font-size: medium;\"> existe aujourd\u2019hui, l<\/span><span style=\"font-size: medium;\">e savoir<\/span><span style=\"font-size: medium;\"> psychologique, est la corruption du cerveau. Nous comprenons tr\u00e8s bien ce processus. Vous demandez comment briser cette cha\u00eene. Je pense que la question centrale est l<\/span><span style=\"font-size: medium;\">e savoir<\/span><span style=\"font-size: medium;\"> psychologique qui corrompt le cerveau et, par cons\u00e9quent, corrompt le monde, corrompt les rivi\u00e8res, le cie<\/span><span style=\"font-size: medium;\">l<\/span><span style=\"font-size: medium;\">, les relations, tout. Comment briser cette cha\u00eene\u00a0<\/span><span style=\"font-size: medium;\">?<\/span><\/p>\n<p class=\"western\" align=\"justify\"><span style=\"font-size: medium;\">Maintenant, p<\/span><span style=\"font-size: medium;\">ourquoi posez-vous cette question\u00a0? Pourquoi voulez-vous briser cette cha\u00eene\u00a0? C\u2019est une question logique. La rupture de la cha\u00eene a-t-elle une cause, un motif\u00a0? Si c\u2019est le cas, <\/span><strong><span style=\"font-size: medium;\">alors vous \u00eates de retour<\/span><\/strong><span style=\"font-size: medium;\"> dans la m\u00eame cha\u00eene. Si <\/span><span style=\"font-size: medium;\">cela<\/span><span style=\"font-size: medium;\"> me cause de la douleur et que, par cons\u00e9quent, je veux <\/span><span style=\"font-size: medium;\">en <\/span><span style=\"font-size: medium;\">sortir, alors je suis de nouveau dans la cha\u00eene. S<\/span><span style=\"font-size: medium;\">i cela<\/span><span style=\"font-size: medium;\"> me procure du plaisir, je dirai\u00a0: <\/span><strong><span style=\"font-size: medium;\">s\u2019il vous pla\u00eet, <\/span><\/strong><strong><span style=\"font-size: medium;\">l<\/span><\/strong><span style=\"font-size: medium;\">aissez-moi tranquille. Je dois donc \u00eatre tr\u00e8s clair <\/span><span style=\"font-size: medium;\">en<\/span><span style=\"font-size: medium;\"> moi-m\u00eame. Je ne peux pas vous persuader d\u2019\u00eatre clair, mais en moi-m\u00eame, je ne dois avoir <\/span><span style=\"font-size: medium;\">ni<\/span><span style=\"font-size: medium;\"> direction <\/span><span style=\"font-size: medium;\">ni<\/span><span style=\"font-size: medium;\"> motif.<\/span><\/p>\n<p class=\"western\" align=\"justify\"><span style=\"font-size: medium;\"><b>Satyendra\u00a0:<\/b><\/span><i> <\/i><span style=\"font-size: medium;\">C\u2019est une question centrale et les gens ne cessent de demander\u00a0: \u00ab\u00a0Comment briser la cha\u00eene\u00a0?\u00a0\u00bb Mais la question que je pose est la suivante\u00a0: \u00e9tant donn\u00e9 le cerveau que j\u2019ai, est-il possible de mettre fin \u00e0 la cha\u00eene\u00a0?<\/span><\/p>\n<p class=\"western\" align=\"justify\"><span style=\"font-size: medium;\">Je suis conscient de moi-m\u00eame. <\/span><span style=\"font-size: medium;\">Puis-<\/span><span style=\"font-size: medium;\">je poser la question de cette mani\u00e8re, est-ce fondamentalement une fa\u00e7on de voir les choses\u00a0? Est-ce une question de raison, de logique\u00a0?<\/span><\/p>\n<p class=\"western\" align=\"justify\"><span style=\"font-size: medium;\"><b>K\u00a0:<\/b><\/span> <span style=\"font-size: medium;\">Non, <\/span><span style=\"font-size: medium;\">ce<\/span> <span style=\"font-size: medium;\">n\u2019est <\/span><span style=\"font-size: medium;\">pas une <\/span><span style=\"font-size: medium;\">question d\u2019<\/span><span style=\"font-size: medium;\">analyse, mais <\/span><span style=\"font-size: medium;\">d\u2019<\/span><span style=\"font-size: medium;\">observation <\/span><span style=\"font-size: medium;\">simple <\/span><span style=\"font-size: medium;\">de ce qui se <\/span><span style=\"font-size: medium;\">passe<\/span><span style=\"font-size: medium;\">.<\/span><\/p>\n<p class=\"western\" align=\"justify\"><span style=\"font-size: medium;\"><b>Sat : <\/b><\/span><span style=\"font-size: medium;\">Sans que l\u2019esprit ne forme d\u2019<\/span><span style=\"font-size: medium;\">image\u00a0?<\/span><\/p>\n<p class=\"western\" align=\"justify\"><span style=\"font-size: medium;\"><b>K\u00a0:<\/b><\/span><span style=\"font-size: medium;\"> Le<\/span><i> <\/i><span style=\"font-size: medium;\">cerveau est le centre de toutes les r\u00e9ponses sensorielles. La r\u00e9ponse sensorielle a cr\u00e9\u00e9 l\u2019exp\u00e9rience, la pens\u00e9e et l\u2019action, et le cerveau \u00e9tant pris dans ce qui est partiel, n\u2019est jamais complet. Par cons\u00e9quent, il pollue tout ce qu\u2019il fait. Si vous admettez cela une fois, non pas comme une th\u00e9orie, mais comme un fait, alors ce cercle est bris\u00e9.<\/span><\/p>\n<p class=\"western\" align=\"justify\"><span style=\"font-size: medium;\"><b>P.J. :<\/b><\/span><i> <\/i><span style=\"font-size: medium;\">Pratiquement tous les enseignements <\/span><span style=\"font-size: medium;\">portant sur les<\/span><span style=\"font-size: medium;\"> processus m\u00e9ditatifs consid\u00e8rent les sens comme un obstacle \u00e0 l\u2019aboutissement de ce processus. Quel r\u00f4le <\/span><span style=\"font-size: medium;\">attribuez<\/span><span style=\"font-size: medium;\">-vous aux sens dans la lib\u00e9ration de l\u2019esprit\u00a0?<\/span><\/p>\n<p class=\"western\" align=\"justify\"><span style=\"font-size: medium;\"><b>R.B.\u00a0:<\/b><\/span><i> <\/i><span style=\"font-size: medium;\">Je pense que ce que vous dites n\u2019est pas correct. Tous n\u2019ont jamais consid\u00e9r\u00e9 les sens comme un obst<\/span><span style=\"font-size: medium;\">acle. L<\/span><span style=\"font-size: medium;\">orsqu\u2019ils <\/span><span style=\"font-size: medium;\">parlai<\/span><span style=\"font-size: medium;\">ent <\/span><span style=\"font-size: medium;\">des <\/span><span style=\"font-size: medium;\">\u00ab\u00a0sens\u00a0\u00bb, ils <\/span><span style=\"font-size: medium;\">y <\/span><span style=\"font-size: medium;\">incluaient le mental. Ils n\u2019ont jamais s\u00e9par\u00e9 l\u2019esprit des sens.<\/span><\/p>\n<p class=\"western\" align=\"justify\"><span style=\"font-size: medium;\"><b>P.J. :<\/b><\/span> <span style=\"font-size: medium;\">Apr\u00e8s tout, toutes les aust\u00e9rit\u00e9s, tous les <\/span><span style=\"font-size: medium;\"><i>tapas<\/i><\/span><span style=\"font-size: medium;\">, toutes les pratiques yogiques avaient pour but, d\u2019apr\u00e8s ce que j\u2019ai compris, de veiller \u00e0 ce que le mouvement des sens vers l\u2019objet soit <\/span><span style=\"font-size: medium;\">d\u00e9truit.<\/span><\/p>\n<p class=\"western\" align=\"justify\"><span style=\"font-size: medium;\"><b>K\u00a0:<\/b><\/span> <span style=\"font-size: medium;\">Je ne sais pas ce que les anciens ont <\/span><span style=\"font-size: medium;\">dit.<\/span><\/p>\n<p class=\"western\" align=\"justify\"><span style=\"font-size: medium;\"><b>Kapila Vatsyayan\u00a0: <\/b><\/span><span style=\"font-size: medium;\">Je pense qu\u2019au moins dans ce que l\u2019on appelle globalement la pens\u00e9e hindoue ou la pens\u00e9e indienne ancienne, les sens ne doivent pas \u00eatre ni\u00e9s. C\u2019est un \u00e9l\u00e9ment crucial de toute la culture, et tout a commenc\u00e9 avec la <\/span><span style=\"font-size: medium;\"><i>Katha Upanishad<\/i><\/span><span style=\"font-size: medium;\">, avec la perception sensorielle. L\u2019image qu\u2019ils <\/span><span style=\"font-size: medium;\">utilisent<\/span><span style=\"font-size: medium;\"> est celle du char et des chevaux. Oui, les chevaux sont primordiaux\u00a0; les sens sont primordiaux et ne doivent pas \u00eatre d\u00e9truits. Ils doivent \u00eatre compris et contr\u00f4l\u00e9s. Ils sont les facteurs de la r\u00e9alit\u00e9 ext\u00e9rieure. Ils ne nient pas la r\u00e9alit\u00e9 ext\u00e9rieure.<\/span><\/p>\n<p class=\"western\" align=\"justify\"><span style=\"font-size: medium;\"><b>P.J. :<\/b><\/span> <span style=\"font-size: medium;\">Je demande quel est le r\u00f4le des <\/span><span style=\"font-size: medium;\">sens.<\/span><\/p>\n<p class=\"western\" align=\"justify\"><span style=\"font-size: medium;\"><b>K\u00a0:<\/b><\/span> <span style=\"font-size: medium;\">Les sens, en tant que pens\u00e9e, cr\u00e9ent le d\u00e9sir. Sans l\u2019interf\u00e9rence de la pens\u00e9e, ils ont tr\u00e8s peu d\u2019importance.<\/span><\/p>\n<p class=\"western\" align=\"justify\"><span style=\"font-size: medium;\"><b>P.J. :<\/b><\/span> <span style=\"font-size: medium;\">Les sens n\u2019ont pas d\u2019<\/span><span style=\"font-size: medium;\">importance\u00a0?<\/span><\/p>\n<p class=\"western\" align=\"justify\"><span style=\"font-size: medium;\"><b>K\u00a0:<\/b><\/span> <span style=\"font-size: medium;\">Les sens ont leur place. Si je vois un bel arbre, c\u2019est de la beaut\u00e9\u00a0; la beaut\u00e9 d\u2019un arbre est <\/span><strong><span style=\"font-size: medium;\">stup\u00e9fiante<\/span><\/strong><span style=\"font-size: medium;\">. O\u00f9 le d\u00e9sir interf\u00e8re-t-il avec les sens\u00a0? C\u2019est l\u00e0 toute la question\u00a0: il ne s\u2019agit pas de savoir si les sens sont importants ou non, mais o\u00f9 commence le d\u00e9sir. Si l\u2019on comprend cela, alors pourquoi lui accorder une importance aussi colossale\u00a0?<\/span><\/p>\n<p class=\"western\" align=\"justify\"><span style=\"font-size: medium;\"><b>R.B.\u00a0:<\/b><\/span> <span style=\"font-size: medium;\">On dirait que vous <\/span><span style=\"font-size: medium;\">vous<\/span><span style=\"font-size: medium;\"> contredisez<\/span><span style=\"font-size: medium;\">.<\/span><\/p>\n<p class=\"western\" align=\"justify\"><span style=\"font-size: medium;\"><b>K\u00a0:<\/b><\/span><i><b> <\/b><\/i><span style=\"font-size: medium;\">Non.<\/span><\/p>\n<p class=\"western\" align=\"justify\"><span style=\"font-size: medium;\"><b>R.B.\u00a0:<\/b><\/span><i> <\/i><span style=\"font-size: medium;\">Monsieur, vous avez dit, non seulement maintenant, mais plus t\u00f4t, \u00ab\u00a0si vous pouvez observer avec tous vos<\/span> <span style=\"font-size: medium;\">sens\u00a0\u00bb\u2026 Vous ne pouvez donc pas nier l\u2019importance des sens.<\/span><\/p>\n<p class=\"western\" align=\"justify\"><span style=\"font-size: medium;\"><b>K\u00a0:<\/b><\/span><i> <\/i><span style=\"font-size: medium;\">Je n\u2019ai pas ni\u00e9 les sens. J\u2019ai dit que si vous r\u00e9agissez \u00e0 cet arbre, regardez cet arbre avec la lumi\u00e8re du soleil apr\u00e8s la pluie, <\/span><span style=\"font-size: medium;\">c\u2019<\/span><span style=\"font-size: medium;\">est de <\/span><span style=\"font-size: medium;\">toute <\/span><span style=\"font-size: medium;\">beaut\u00e9, il y a une r\u00e9ponse totale, il n\u2019y a pas de \u00ab\u00a0moi\u00a0\u00bb, il n\u2019y a pas de pens\u00e9e, il n\u2019y a pas de centre qui r\u00e9agit. C\u2019est cela la beaut\u00e9, pas l<\/span><span style=\"font-size: medium;\">e tableau<\/span><span style=\"font-size: medium;\">, pas le po\u00e8me, mais la r\u00e9ponse totale de tous les sens \u00e0 ce<\/span><span style=\"font-size: medium;\">la<\/span><span style=\"font-size: medium;\">. Nous ne r\u00e9agissons pas ainsi parce que la pens\u00e9e cr\u00e9e une image \u00e0 partir de laquelle na\u00eet un d\u00e9sir. Il n\u2019y a pas de contradiction dans ce que j\u2019ai dit.<\/span><\/p>\n<p class=\"western\" align=\"justify\"><span style=\"font-size: medium;\"><b>P.J. :<\/b><\/span><i> <\/i><span style=\"font-size: medium;\">Si je peux me permettre de demander \u00e0 Upadhyayaji, comment le V\u00e9dantin consid\u00e8re-t-il les sens\u00a0? <\/span><\/p>\n<p class=\"western\" align=\"justify\"><span style=\"font-size: medium;\"><b>J.U.\u00a0:<\/b><\/span><i> <\/i><span style=\"font-size: medium;\">Selon le Vedanta, sans l\u2019observateur, il ne peut y avoir d\u2019observation. <\/span><\/p>\n<p class=\"western\" align=\"justify\"><span style=\"font-size: medium;\"><b>P.J.\u00a0:<\/b><\/span><i> <\/i><span style=\"font-size: medium;\">Et le bouddhiste\u00a0?<\/span><\/p>\n<p class=\"western\" align=\"justify\"><span style=\"font-size: medium;\"><b>S\u00a0:<\/b><\/span><i> <\/i><span style=\"font-size: medium;\">Il n\u2019y a de vision que lorsque le voyant n\u2019est pas. Il n\u2019y a pas de diff\u00e9rence entre le voyant et <\/span><span style=\"font-size: medium;\">la vision<\/span><span style=\"font-size: medium;\">.<\/span><\/p>\n<p class=\"western\" align=\"justify\"><span style=\"font-size: medium;\"><b>K\u00a0:<\/b><\/span><i> <\/i><span style=\"font-size: medium;\">L\u2019observateur est l\u2019observ\u00e9. Il suffit de regarder ce qui se passe ici. Nous nous en tenons \u00e0 l\u2019attitude v\u00e9dantiste, \u00e0 l\u2019attitude bouddhiste\u00a0; nous ne sortons pas du champ. Je ne critique pas. Revenons-y. C\u2019est l\u00e0 tout le probl\u00e8me\u00a0: Le cerveau est pris dans ce mouvement. Et vous demandez comment peut-<\/span><span style=\"font-size: medium;\">on<\/span><span style=\"font-size: medium;\"> briser la cha\u00eene construite par la pens\u00e9e \u2014 la pens\u00e9e \u00e9tant limit\u00e9e parce qu\u2019elle est n\u00e9e d<\/span><span style=\"font-size: medium;\">u savoir<\/span><span style=\"font-size: medium;\">, qui est incompl<\/span><span style=\"font-size: medium;\">et.<\/span><\/p>\n<p class=\"western\" align=\"justify\"><span style=\"font-size: medium;\">L<\/span><span style=\"font-size: medium;\">e savoir<\/span><span style=\"font-size: medium;\"> a cr\u00e9\u00e9 cette cha\u00eene. Vous posez alors la question suivante\u00a0: comment briser la cha\u00eene\u00a0? Qui pose cette question\u00a0?<\/span><\/p>\n<p class=\"western\" align=\"justify\"><span style=\"font-size: medium;\"><b>S\u00a0:<\/b><\/span><i> <\/i><span style=\"font-size: medium;\">Le prisonnier <\/span><span style=\"font-size: medium;\">demande.<\/span><\/p>\n<p class=\"western\" align=\"justify\"><span style=\"font-size: medium;\"><b>K\u00a0:<\/b><\/span> <span style=\"font-size: medium;\">Vous \u00eates cela. Qui pose la question\u00a0?<\/span><\/p>\n<p class=\"western\" align=\"justify\"><span style=\"font-size: medium;\"><b>S\u00a0:<\/b><\/span><i> <\/i><span style=\"font-size: medium;\">Ce<\/span><span style=\"font-size: medium;\">lui qui<\/span><span style=\"font-size: medium;\"> est lui-m\u00eame incomplet se <\/span><span style=\"font-size: medium;\">pose la question<\/span><span style=\"font-size: medium;\">.<\/span><\/p>\n<p class=\"western\" align=\"justify\"><span style=\"font-size: medium;\"><b>K\u00a0:<\/b><\/span><i> <\/i><span style=\"font-size: medium;\">O<\/span><span style=\"font-size: medium;\">bservez seulement<\/span><span style=\"font-size: medium;\">. Le cerveau est pris dans l\u2019engrenage. <\/span><span style=\"font-size: medium;\">Est-ce<\/span><strong><span style=\"font-size: medium;\"> l<\/span><\/strong><span style=\"font-size: medium;\">e cerveau <\/span><span style=\"font-size: medium;\">qui <\/span><span style=\"font-size: medium;\">pose la question ou le d\u00e9sir <\/span><span style=\"font-size: medium;\">qui <\/span><span style=\"font-size: medium;\">demande\u00a0: \u00ab\u00a0Comment puis-je m\u2019<\/span><span style=\"font-size: medium;\">en<\/span><span style=\"font-size: medium;\"> sortir\u00a0?\u00a0\u00bb Je ne pose pas cette question. <\/span><span style=\"font-size: medium;\">Voyez-vous <\/span><span style=\"font-size: medium;\">la diff\u00e9rence\u00a0?<\/span><\/p>\n<p class=\"western\" align=\"justify\"><span style=\"font-size: medium;\"><b>A.P.\u00a0:<\/b><\/span> <span style=\"font-size: medium;\">Cela, j<\/span><span style=\"font-size: medium;\">e <\/span><span style=\"font-size: medium;\">le <\/span><span style=\"font-size: medium;\">comprends. Quand vous dites, est-ce le cerveau qui pose cette question ou le d\u00e9sir, je suis <\/span><span style=\"font-size: medium;\">perdu<\/span><span style=\"font-size: medium;\">.<\/span><\/p>\n<p class=\"western\" align=\"justify\"><span style=\"font-size: medium;\"><b>P.J. :<\/b><\/span><i> <\/i><span style=\"font-size: medium;\">Ne posons-nous pas la <\/span><span style=\"font-size: medium;\">question\u00a0?<\/span><\/p>\n<p class=\"western\" align=\"justify\"><span style=\"font-size: medium;\"><b>K\u00a0:<\/b><\/span> <span style=\"font-size: medium;\">Il n\u2019y a que cette cha\u00eene. C\u2019est tout. Ne posez pas la question. Au moment o\u00f9 vous posez la question, vous essayez de trouver une r\u00e9ponse, vous ne regardez pas la cha\u00eene. Vous \u00eates cela\u00a0; vous ne pouvez poser <\/span><span style=\"font-size: medium;\">aucune<\/span><span style=\"font-size: medium;\"> question. J\u2019en viens au point suivant\u00a0: que se passe-t-il lorsque vous faites cela\u00a0? Lorsque vous faites cela, il n\u2019y a pas de mouvement. Le mouvement a cr\u00e9\u00e9 cela, et lorsqu\u2019il n\u2019y a plus de mouvement, c\u2019est fini. Il y a une dimension totalement diff\u00e9rente. Je dois donc commencer par ne pas poser de <\/span><span style=\"font-size: medium;\">questions.<\/span><\/p>\n<p class=\"western\" align=\"justify\"><span style=\"font-size: medium;\">Mais la cha\u00eene est-elle un fait pour moi\u00a0? Cette cha\u00eene, <\/span><span style=\"font-size: medium;\">c\u2019<\/span><span style=\"font-size: medium;\">est <\/span><span style=\"font-size: medium;\">le<\/span><span style=\"font-size: medium;\"> d\u00e9sir \u2014 <\/span><span style=\"font-size: medium;\">le<\/span><span style=\"font-size: medium;\"> d\u00e9sir au sens des r\u00e9ponses sensorielles. Si tous les sens r\u00e9pondent, il n\u2019y a pas de d\u00e9sir. Ce n\u2019est que lorsque les r\u00e9ponses sensorielles sont partielles <\/span><span style=\"font-size: medium;\">et <\/span><span style=\"font-size: medium;\">que la pens\u00e9e intervient et cr\u00e9e l\u2019image. C\u2019est de cette image que na\u00eet le d\u00e9sir. Est-ce un fait que c\u2019est <\/span><span style=\"font-size: medium;\">dans cette cha\u00eene que le cerveau fonctionne<\/span><span style=\"font-size: medium;\">\u00a0? Tout ce qu\u2019il fait doit <\/span><span style=\"font-size: medium;\">op\u00e9r<\/span><span style=\"font-size: medium;\">er ainsi\u00a0?<\/span><\/p>\n<p class=\"western\" align=\"justify\"><span style=\"font-size: medium;\"><b>B.K.\u00a0:<\/b><\/span><i> <\/i><span style=\"font-size: medium;\">Comment peut-on \u00eatre plus en phase avec cette <\/span><span style=\"font-size: medium;\">observation\u00a0?<\/span><\/p>\n<p class=\"western\" align=\"justify\"><span style=\"font-size: medium;\"><b>K\u00a0:<\/b><\/span><i> <\/i><span style=\"font-size: medium;\">Regardez, j\u2019ai une douleur physique\u00a0; je prends imm\u00e9diatement un <\/span><span style=\"font-size: medium;\">comprim\u00e9<\/span><span style=\"font-size: medium;\">, je vais <\/span><span style=\"font-size: medium;\">chez le <\/span><span style=\"font-size: medium;\">m\u00e9decin, <\/span><span style=\"font-size: medium;\">etc<\/span><span style=\"font-size: medium;\">. Ce m\u00eame mouvement est repris par la psych\u00e9\u00a0; la psych\u00e9 dit\u00a0: \u00ab\u00a0Que <\/span><span style=\"font-size: medium;\">dois-je <\/span><span style=\"font-size: medium;\">faire\u00a0? Donnez-moi un <\/span><span style=\"font-size: medium;\">comprim\u00e9<\/span><span style=\"font-size: medium;\">, un moyen de m\u2019en sortir\u00a0\u00bb. D\u00e8s que <\/span><span style=\"font-size: medium;\">vous voulez en<\/span><span style=\"font-size: medium;\"> sortir, le probl\u00e8me se pose. Je peux faire face \u00e0 la douleur physique, mais dans le cas de la douleur psychologique, le cerveau peut-il dire qu\u2019il en est ainsi <\/span><span style=\"font-size: medium;\">et <\/span><span style=\"font-size: medium;\">qu\u2019<\/span><span style=\"font-size: medium;\">il<\/span><span style=\"font-size: medium;\"> ne bougerait pas de l\u00e0\u00a0? C\u2019est ainsi. Alors, voyez ce qui se passe. La recherche sceptique, l\u2019investigation sceptique est le v\u00e9ritable processus spirituel. C\u2019est la <\/span><span style=\"font-size: medium;\">v\u00e9ritable<\/span> <span style=\"font-size: medium;\">religion.<\/span><\/p>\n<p class=\"western\" align=\"right\"><span style=\"font-size: medium;\">Madras, <\/span><span style=\"font-size: medium;\">14\u00a0janvier <\/span><span style=\"font-size: medium;\">1981<\/span><\/p>\n","protected":false},"excerpt":{"rendered":"<p>Je vois ce chaos dans le monde entier, l\u2019incertitude, la confusion la plus totale et le d\u00e9sespoir. Comment l\u2019aborder ? Il est assez clair que je n\u2019ai pas de r\u00e9ponse \u00e0 ce probl\u00e8me de d\u00e9g\u00e9n\u00e9rescence en moi. J\u2019imagine avoir lu le Vedanta et que la r\u00e9ponse s\u2019y trouve ; j\u2019imagine \u00eatre marxiste et que la r\u00e9ponse est l\u00e0-dedans, et que seules quelques modifications du syst\u00e8me sont n\u00e9cessaires. Ces positions fausseraient l\u2019enqu\u00eate. C\u2019est pourquoi je ne veux rien dire d\u2019autre que ce qui est bas\u00e9 sur des faits observables.<\/p>\n","protected":false},"author":2,"featured_media":18763,"comment_status":"closed","ping_status":"closed","sticky":false,"template":"","format":"standard","meta":{"footnotes":""},"categories":[5,89],"tags":[22,136,1409,236,1021,240,556,149,957],"class_list":["post-20334","post","type-post","status-publish","format-standard","has-post-thumbnail","hentry","category-interview","category-j-krishnamurti","tag-conditionnement","tag-connaissance-de-soi","tag-image-de-soi","tag-image-mentale","tag-individu","tag-processus-du-moi","tag-relation","tag-sens","tag-societe"],"yoast_head":"<!-- This site is optimized with the Yoast SEO plugin v27.0 - https:\/\/yoast.com\/product\/yoast-seo-wordpress\/ -->\n<title>Dans l\u2019\u00e9coute est la transformation\u00a0I. Discussion avec Krishanmurti - 3e mill\u00e9naire - Spiritualit\u00e9 - Connaissance de soi - Non-dualit\u00e9 - M\u00e9ditation<\/title>\n<meta name=\"robots\" content=\"index, follow, max-snippet:-1, max-image-preview:large, max-video-preview:-1\" \/>\n<link rel=\"canonical\" href=\"https:\/\/www.revue3emillenaire.com\/blog\/dans-lecoute-est-la-transformation-i-discussion-avec-krishanmurti\/\" \/>\n<meta property=\"og:locale\" content=\"fr_FR\" \/>\n<meta property=\"og:type\" content=\"article\" \/>\n<meta property=\"og:title\" content=\"Dans l\u2019\u00e9coute est la transformation\u00a0I. Discussion avec Krishanmurti - 3e mill\u00e9naire - Spiritualit\u00e9 - Connaissance de soi - Non-dualit\u00e9 - M\u00e9ditation\" \/>\n<meta property=\"og:description\" content=\"Je vois ce chaos dans le monde entier, l\u2019incertitude, la confusion la plus totale et le d\u00e9sespoir. Comment l\u2019aborder ? Il est assez clair que je n\u2019ai pas de r\u00e9ponse \u00e0 ce probl\u00e8me de d\u00e9g\u00e9n\u00e9rescence en moi. J\u2019imagine avoir lu le Vedanta et que la r\u00e9ponse s\u2019y trouve ; j\u2019imagine \u00eatre marxiste et que la r\u00e9ponse est l\u00e0-dedans, et que seules quelques modifications du syst\u00e8me sont n\u00e9cessaires. Ces positions fausseraient l\u2019enqu\u00eate. C\u2019est pourquoi je ne veux rien dire d\u2019autre que ce qui est bas\u00e9 sur des faits observables.\" \/>\n<meta property=\"og:url\" content=\"https:\/\/www.revue3emillenaire.com\/blog\/dans-lecoute-est-la-transformation-i-discussion-avec-krishanmurti\/\" \/>\n<meta property=\"og:site_name\" content=\"3e mill\u00e9naire - Spiritualit\u00e9 - Connaissance de soi - Non-dualit\u00e9 - M\u00e9ditation\" \/>\n<meta property=\"article:published_time\" content=\"2024-11-29T00:31:02+00:00\" \/>\n<meta property=\"article:modified_time\" content=\"2025-12-22T21:28:19+00:00\" \/>\n<meta property=\"og:image\" content=\"https:\/\/www.revue3emillenaire.com\/blog\/wp-content\/uploads\/2021\/11\/KRISHNAMURTI.jpg\" \/>\n\t<meta property=\"og:image:width\" content=\"356\" \/>\n\t<meta property=\"og:image:height\" content=\"478\" \/>\n\t<meta property=\"og:image:type\" content=\"image\/jpeg\" \/>\n<meta name=\"author\" content=\"3e mill\u00e9naire\" \/>\n<meta name=\"twitter:card\" content=\"summary_large_image\" \/>\n<meta name=\"twitter:label1\" content=\"\u00c9crit par\" \/>\n\t<meta name=\"twitter:data1\" content=\"3e mill\u00e9naire\" \/>\n\t<meta name=\"twitter:label2\" content=\"Dur\u00e9e de lecture estim\u00e9e\" \/>\n\t<meta name=\"twitter:data2\" content=\"28 minutes\" \/>\n<script type=\"application\/ld+json\" class=\"yoast-schema-graph\">{\"@context\":\"https:\/\/schema.org\",\"@graph\":[{\"@type\":\"Article\",\"@id\":\"https:\/\/www.revue3emillenaire.com\/blog\/dans-lecoute-est-la-transformation-i-discussion-avec-krishanmurti\/#article\",\"isPartOf\":{\"@id\":\"https:\/\/www.revue3emillenaire.com\/blog\/dans-lecoute-est-la-transformation-i-discussion-avec-krishanmurti\/\"},\"author\":{\"name\":\"3e mill\u00e9naire\",\"@id\":\"https:\/\/www.revue3emillenaire.com\/blog\/#\/schema\/person\/b692dacff720a5344a6190bc714397eb\"},\"headline\":\"Dans l\u2019\u00e9coute est la transformation\u00a0I. Discussion avec Krishanmurti\",\"datePublished\":\"2024-11-29T00:31:02+00:00\",\"dateModified\":\"2025-12-22T21:28:19+00:00\",\"mainEntityOfPage\":{\"@id\":\"https:\/\/www.revue3emillenaire.com\/blog\/dans-lecoute-est-la-transformation-i-discussion-avec-krishanmurti\/\"},\"wordCount\":6270,\"image\":{\"@id\":\"https:\/\/www.revue3emillenaire.com\/blog\/dans-lecoute-est-la-transformation-i-discussion-avec-krishanmurti\/#primaryimage\"},\"thumbnailUrl\":\"https:\/\/www.revue3emillenaire.com\/blog\/wp-content\/uploads\/2021\/11\/KRISHNAMURTI.jpg\",\"keywords\":[\"Conditionnement\",\"connaissance de soi\",\"Image de soi\",\"image mentale\",\"Individu\",\"processus du moi\",\"Relation\",\"sens\",\"Soci\u00e9t\u00e9\"],\"articleSection\":[\"Entretien\/Interview\",\"Krishnamurti J.\"],\"inLanguage\":\"fr-FR\"},{\"@type\":\"WebPage\",\"@id\":\"https:\/\/www.revue3emillenaire.com\/blog\/dans-lecoute-est-la-transformation-i-discussion-avec-krishanmurti\/\",\"url\":\"https:\/\/www.revue3emillenaire.com\/blog\/dans-lecoute-est-la-transformation-i-discussion-avec-krishanmurti\/\",\"name\":\"Dans l\u2019\u00e9coute est la transformation\u00a0I. Discussion avec Krishanmurti - 3e mill\u00e9naire - Spiritualit\u00e9 - Connaissance de soi - Non-dualit\u00e9 - M\u00e9ditation\",\"isPartOf\":{\"@id\":\"https:\/\/www.revue3emillenaire.com\/blog\/#website\"},\"primaryImageOfPage\":{\"@id\":\"https:\/\/www.revue3emillenaire.com\/blog\/dans-lecoute-est-la-transformation-i-discussion-avec-krishanmurti\/#primaryimage\"},\"image\":{\"@id\":\"https:\/\/www.revue3emillenaire.com\/blog\/dans-lecoute-est-la-transformation-i-discussion-avec-krishanmurti\/#primaryimage\"},\"thumbnailUrl\":\"https:\/\/www.revue3emillenaire.com\/blog\/wp-content\/uploads\/2021\/11\/KRISHNAMURTI.jpg\",\"datePublished\":\"2024-11-29T00:31:02+00:00\",\"dateModified\":\"2025-12-22T21:28:19+00:00\",\"author\":{\"@id\":\"https:\/\/www.revue3emillenaire.com\/blog\/#\/schema\/person\/b692dacff720a5344a6190bc714397eb\"},\"breadcrumb\":{\"@id\":\"https:\/\/www.revue3emillenaire.com\/blog\/dans-lecoute-est-la-transformation-i-discussion-avec-krishanmurti\/#breadcrumb\"},\"inLanguage\":\"fr-FR\",\"potentialAction\":[{\"@type\":\"ReadAction\",\"target\":[\"https:\/\/www.revue3emillenaire.com\/blog\/dans-lecoute-est-la-transformation-i-discussion-avec-krishanmurti\/\"]}]},{\"@type\":\"ImageObject\",\"inLanguage\":\"fr-FR\",\"@id\":\"https:\/\/www.revue3emillenaire.com\/blog\/dans-lecoute-est-la-transformation-i-discussion-avec-krishanmurti\/#primaryimage\",\"url\":\"https:\/\/www.revue3emillenaire.com\/blog\/wp-content\/uploads\/2021\/11\/KRISHNAMURTI.jpg\",\"contentUrl\":\"https:\/\/www.revue3emillenaire.com\/blog\/wp-content\/uploads\/2021\/11\/KRISHNAMURTI.jpg\",\"width\":356,\"height\":478,\"caption\":\"J. Krishnamurti\"},{\"@type\":\"BreadcrumbList\",\"@id\":\"https:\/\/www.revue3emillenaire.com\/blog\/dans-lecoute-est-la-transformation-i-discussion-avec-krishanmurti\/#breadcrumb\",\"itemListElement\":[{\"@type\":\"ListItem\",\"position\":1,\"name\":\"Accueil\",\"item\":\"https:\/\/www.revue3emillenaire.com\/blog\/\"},{\"@type\":\"ListItem\",\"position\":2,\"name\":\"Dans l\u2019\u00e9coute est la transformation\u00a0I. Discussion avec Krishanmurti\"}]},{\"@type\":\"WebSite\",\"@id\":\"https:\/\/www.revue3emillenaire.com\/blog\/#website\",\"url\":\"https:\/\/www.revue3emillenaire.com\/blog\/\",\"name\":\"3e mill\u00e9naire - Spiritualit\u00e9 - Connaissance de soi - Non-dualit\u00e9 - M\u00e9ditation\",\"description\":\"L&#039;Homme en devenir\",\"potentialAction\":[{\"@type\":\"SearchAction\",\"target\":{\"@type\":\"EntryPoint\",\"urlTemplate\":\"https:\/\/www.revue3emillenaire.com\/blog\/?s={search_term_string}\"},\"query-input\":{\"@type\":\"PropertyValueSpecification\",\"valueRequired\":true,\"valueName\":\"search_term_string\"}}],\"inLanguage\":\"fr-FR\"},{\"@type\":\"Person\",\"@id\":\"https:\/\/www.revue3emillenaire.com\/blog\/#\/schema\/person\/b692dacff720a5344a6190bc714397eb\",\"name\":\"3e mill\u00e9naire\",\"url\":\"https:\/\/www.revue3emillenaire.com\/blog\/author\/scoussa\/\"}]}<\/script>\n<!-- \/ Yoast SEO plugin. -->","yoast_head_json":{"title":"Dans l\u2019\u00e9coute est la transformation\u00a0I. Discussion avec Krishanmurti - 3e mill\u00e9naire - Spiritualit\u00e9 - Connaissance de soi - Non-dualit\u00e9 - M\u00e9ditation","robots":{"index":"index","follow":"follow","max-snippet":"max-snippet:-1","max-image-preview":"max-image-preview:large","max-video-preview":"max-video-preview:-1"},"canonical":"https:\/\/www.revue3emillenaire.com\/blog\/dans-lecoute-est-la-transformation-i-discussion-avec-krishanmurti\/","og_locale":"fr_FR","og_type":"article","og_title":"Dans l\u2019\u00e9coute est la transformation\u00a0I. Discussion avec Krishanmurti - 3e mill\u00e9naire - Spiritualit\u00e9 - Connaissance de soi - Non-dualit\u00e9 - M\u00e9ditation","og_description":"Je vois ce chaos dans le monde entier, l\u2019incertitude, la confusion la plus totale et le d\u00e9sespoir. Comment l\u2019aborder ? Il est assez clair que je n\u2019ai pas de r\u00e9ponse \u00e0 ce probl\u00e8me de d\u00e9g\u00e9n\u00e9rescence en moi. J\u2019imagine avoir lu le Vedanta et que la r\u00e9ponse s\u2019y trouve ; j\u2019imagine \u00eatre marxiste et que la r\u00e9ponse est l\u00e0-dedans, et que seules quelques modifications du syst\u00e8me sont n\u00e9cessaires. Ces positions fausseraient l\u2019enqu\u00eate. C\u2019est pourquoi je ne veux rien dire d\u2019autre que ce qui est bas\u00e9 sur des faits observables.","og_url":"https:\/\/www.revue3emillenaire.com\/blog\/dans-lecoute-est-la-transformation-i-discussion-avec-krishanmurti\/","og_site_name":"3e mill\u00e9naire - Spiritualit\u00e9 - Connaissance de soi - Non-dualit\u00e9 - M\u00e9ditation","article_published_time":"2024-11-29T00:31:02+00:00","article_modified_time":"2025-12-22T21:28:19+00:00","og_image":[{"width":356,"height":478,"url":"https:\/\/www.revue3emillenaire.com\/blog\/wp-content\/uploads\/2021\/11\/KRISHNAMURTI.jpg","type":"image\/jpeg"}],"author":"3e mill\u00e9naire","twitter_card":"summary_large_image","twitter_misc":{"\u00c9crit par":"3e mill\u00e9naire","Dur\u00e9e de lecture estim\u00e9e":"28 minutes"},"schema":{"@context":"https:\/\/schema.org","@graph":[{"@type":"Article","@id":"https:\/\/www.revue3emillenaire.com\/blog\/dans-lecoute-est-la-transformation-i-discussion-avec-krishanmurti\/#article","isPartOf":{"@id":"https:\/\/www.revue3emillenaire.com\/blog\/dans-lecoute-est-la-transformation-i-discussion-avec-krishanmurti\/"},"author":{"name":"3e mill\u00e9naire","@id":"https:\/\/www.revue3emillenaire.com\/blog\/#\/schema\/person\/b692dacff720a5344a6190bc714397eb"},"headline":"Dans l\u2019\u00e9coute est la transformation\u00a0I. Discussion avec Krishanmurti","datePublished":"2024-11-29T00:31:02+00:00","dateModified":"2025-12-22T21:28:19+00:00","mainEntityOfPage":{"@id":"https:\/\/www.revue3emillenaire.com\/blog\/dans-lecoute-est-la-transformation-i-discussion-avec-krishanmurti\/"},"wordCount":6270,"image":{"@id":"https:\/\/www.revue3emillenaire.com\/blog\/dans-lecoute-est-la-transformation-i-discussion-avec-krishanmurti\/#primaryimage"},"thumbnailUrl":"https:\/\/www.revue3emillenaire.com\/blog\/wp-content\/uploads\/2021\/11\/KRISHNAMURTI.jpg","keywords":["Conditionnement","connaissance de soi","Image de soi","image mentale","Individu","processus du moi","Relation","sens","Soci\u00e9t\u00e9"],"articleSection":["Entretien\/Interview","Krishnamurti J."],"inLanguage":"fr-FR"},{"@type":"WebPage","@id":"https:\/\/www.revue3emillenaire.com\/blog\/dans-lecoute-est-la-transformation-i-discussion-avec-krishanmurti\/","url":"https:\/\/www.revue3emillenaire.com\/blog\/dans-lecoute-est-la-transformation-i-discussion-avec-krishanmurti\/","name":"Dans l\u2019\u00e9coute est la transformation\u00a0I. Discussion avec Krishanmurti - 3e mill\u00e9naire - Spiritualit\u00e9 - Connaissance de soi - Non-dualit\u00e9 - M\u00e9ditation","isPartOf":{"@id":"https:\/\/www.revue3emillenaire.com\/blog\/#website"},"primaryImageOfPage":{"@id":"https:\/\/www.revue3emillenaire.com\/blog\/dans-lecoute-est-la-transformation-i-discussion-avec-krishanmurti\/#primaryimage"},"image":{"@id":"https:\/\/www.revue3emillenaire.com\/blog\/dans-lecoute-est-la-transformation-i-discussion-avec-krishanmurti\/#primaryimage"},"thumbnailUrl":"https:\/\/www.revue3emillenaire.com\/blog\/wp-content\/uploads\/2021\/11\/KRISHNAMURTI.jpg","datePublished":"2024-11-29T00:31:02+00:00","dateModified":"2025-12-22T21:28:19+00:00","author":{"@id":"https:\/\/www.revue3emillenaire.com\/blog\/#\/schema\/person\/b692dacff720a5344a6190bc714397eb"},"breadcrumb":{"@id":"https:\/\/www.revue3emillenaire.com\/blog\/dans-lecoute-est-la-transformation-i-discussion-avec-krishanmurti\/#breadcrumb"},"inLanguage":"fr-FR","potentialAction":[{"@type":"ReadAction","target":["https:\/\/www.revue3emillenaire.com\/blog\/dans-lecoute-est-la-transformation-i-discussion-avec-krishanmurti\/"]}]},{"@type":"ImageObject","inLanguage":"fr-FR","@id":"https:\/\/www.revue3emillenaire.com\/blog\/dans-lecoute-est-la-transformation-i-discussion-avec-krishanmurti\/#primaryimage","url":"https:\/\/www.revue3emillenaire.com\/blog\/wp-content\/uploads\/2021\/11\/KRISHNAMURTI.jpg","contentUrl":"https:\/\/www.revue3emillenaire.com\/blog\/wp-content\/uploads\/2021\/11\/KRISHNAMURTI.jpg","width":356,"height":478,"caption":"J. Krishnamurti"},{"@type":"BreadcrumbList","@id":"https:\/\/www.revue3emillenaire.com\/blog\/dans-lecoute-est-la-transformation-i-discussion-avec-krishanmurti\/#breadcrumb","itemListElement":[{"@type":"ListItem","position":1,"name":"Accueil","item":"https:\/\/www.revue3emillenaire.com\/blog\/"},{"@type":"ListItem","position":2,"name":"Dans l\u2019\u00e9coute est la transformation\u00a0I. Discussion avec Krishanmurti"}]},{"@type":"WebSite","@id":"https:\/\/www.revue3emillenaire.com\/blog\/#website","url":"https:\/\/www.revue3emillenaire.com\/blog\/","name":"3e mill\u00e9naire - Spiritualit\u00e9 - Connaissance de soi - Non-dualit\u00e9 - M\u00e9ditation","description":"L&#039;Homme en devenir","potentialAction":[{"@type":"SearchAction","target":{"@type":"EntryPoint","urlTemplate":"https:\/\/www.revue3emillenaire.com\/blog\/?s={search_term_string}"},"query-input":{"@type":"PropertyValueSpecification","valueRequired":true,"valueName":"search_term_string"}}],"inLanguage":"fr-FR"},{"@type":"Person","@id":"https:\/\/www.revue3emillenaire.com\/blog\/#\/schema\/person\/b692dacff720a5344a6190bc714397eb","name":"3e mill\u00e9naire","url":"https:\/\/www.revue3emillenaire.com\/blog\/author\/scoussa\/"}]}},"_links":{"self":[{"href":"https:\/\/www.revue3emillenaire.com\/blog\/wp-json\/wp\/v2\/posts\/20334","targetHints":{"allow":["GET"]}}],"collection":[{"href":"https:\/\/www.revue3emillenaire.com\/blog\/wp-json\/wp\/v2\/posts"}],"about":[{"href":"https:\/\/www.revue3emillenaire.com\/blog\/wp-json\/wp\/v2\/types\/post"}],"author":[{"embeddable":true,"href":"https:\/\/www.revue3emillenaire.com\/blog\/wp-json\/wp\/v2\/users\/2"}],"replies":[{"embeddable":true,"href":"https:\/\/www.revue3emillenaire.com\/blog\/wp-json\/wp\/v2\/comments?post=20334"}],"version-history":[{"count":0,"href":"https:\/\/www.revue3emillenaire.com\/blog\/wp-json\/wp\/v2\/posts\/20334\/revisions"}],"wp:featuredmedia":[{"embeddable":true,"href":"https:\/\/www.revue3emillenaire.com\/blog\/wp-json\/wp\/v2\/media\/18763"}],"wp:attachment":[{"href":"https:\/\/www.revue3emillenaire.com\/blog\/wp-json\/wp\/v2\/media?parent=20334"}],"wp:term":[{"taxonomy":"category","embeddable":true,"href":"https:\/\/www.revue3emillenaire.com\/blog\/wp-json\/wp\/v2\/categories?post=20334"},{"taxonomy":"post_tag","embeddable":true,"href":"https:\/\/www.revue3emillenaire.com\/blog\/wp-json\/wp\/v2\/tags?post=20334"}],"curies":[{"name":"wp","href":"https:\/\/api.w.org\/{rel}","templated":true}]}}