{"id":20340,"date":"2024-12-04T03:21:34","date_gmt":"2024-12-04T02:21:34","guid":{"rendered":"https:\/\/www.revue3emillenaire.com\/blog\/?p=20340"},"modified":"2024-12-04T03:21:34","modified_gmt":"2024-12-04T02:21:34","slug":"que-se-passe-t-il-avec-le-climat-par-asa-boxer","status":"publish","type":"post","link":"https:\/\/www.revue3emillenaire.com\/blog\/que-se-passe-t-il-avec-le-climat-par-asa-boxer\/","title":{"rendered":"Que se passe-t-il avec le climat\u00a0? par Asa Boxer"},"content":{"rendered":"<p class=\"western\" align=\"justify\"><span style=\"font-size: medium;\">1er\u00a0d\u00e9c. 2024<\/span><\/p>\n<p class=\"western\" align=\"justify\"><span style=\"font-size: medium;\">Tenter de comprendre le sujet du changement climatique a \u00e9t\u00e9 un v\u00e9ritable d\u00e9fi. Les affirmations concernant les \u00e9missions de carbone et les flatulences des vaches ont toujours <\/span><span style=\"font-size: medium;\">quelque chose de douteux<\/span><span style=\"font-size: medium;\">. Il est absurde d\u2019affirmer que le CO<\/span><sub><span style=\"font-size: medium;\">2<\/span><\/sub><span style=\"font-size: medium;\"> est <\/span><span style=\"font-family: Times New Roman, serif;\"><span style=\"font-size: medium;\">le r\u00e9gulateur principal<\/span><\/span><span style=\"font-size: medium;\"> de la m\u00e9t\u00e9o mondiale. Le CO<\/span><sub><span style=\"font-size: medium;\">2<\/span><\/sub><span style=\"font-size: medium;\"> est en fait un engrais important, et la quantit\u00e9 produite par l\u2019activit\u00e9 humaine est n\u00e9gligeable. En effet, le carbone est \u00e0 la base de toute vie. Faire porter le chapeau aux \u00e9missions du b\u00e9tail est tout aussi <\/span><span style=\"font-size: medium;\">ridicul<\/span><span style=\"font-size: medium;\">e et devrait <\/span><span style=\"font-family: Times New Roman, serif;\"><span style=\"font-size: medium;\">susciter le scepticisme de quiconque<\/span><\/span><span style=\"font-size: medium;\">. En outre, le battage m\u00e9diatique et la politisation de la question la rendent d\u2019autant plus suspecte. L\u2019id\u00e9e du \u00ab\u00a0<\/span><span style=\"font-size: medium;\">d\u00e9ni<\/span><span style=\"font-size: medium;\"> climatique\u00a0\u00bb semble fabriqu\u00e9e de toutes pi\u00e8ces, rendant le sujet inaccessible \u00e0 la discussion et aboutissant \u00e0 une diabolisation pu\u00e9rile de toute personne remettant en cause le paradigme.<\/span><\/p>\n<p class=\"western\" align=\"justify\"><span style=\"font-size: medium;\">Pendant ce temps, des climatologues de haut niveau, comme Richard Lindzen, expliqu<\/span><span style=\"font-size: medium;\">ent<\/span><span style=\"font-size: medium;\"> que le r\u00e9chauffement de la plan\u00e8te n\u2019est pas vraiment en train de se produire. Si c\u2019\u00e9tait le cas, nous constaterions une augmentation significative de la temp\u00e9rature \u00e0 l\u2019\u00e9quateur. Il a expliqu\u00e9 que la notion de temp\u00e9rature moyenne globale est fallacieuse, puisque le <\/span><span style=\"font-size: medium;\">climat<\/span><span style=\"font-size: medium;\"> change constamment et passe par des cycles \u00e0 diff\u00e9rentes \u00e9chelles de temps. <\/span><span style=\"font-size: medium;\">Par a<\/span><span style=\"font-size: medium;\">illeurs, on d\u00e9couvre que ces temp\u00e9ratures moyennes sont influenc\u00e9es par l\u2019emplacement des thermom\u00e8tres, souvent dans des microclimats comme les \u00eelots de chaleur urbains ou d\u2019autres endroits similaires qui ne repr\u00e9sentent pas ce qu\u2019ils pr\u00e9tendent. Comme les lecteurs <\/span><span style=\"font-size: medium;\">avertis <\/span><span style=\"font-size: medium;\">d\u2019<\/span><span style=\"font-size: medium;\"><i>Analog<\/i><\/span><span style=\"font-size: medium;\"><i>y<\/i><\/span><span style=\"font-size: medium;\"> le savent bien, les mod\u00e8les dits \u00ab\u00a0scientifiques\u00a0\u00bb peuvent \u00eatre trompeurs et sujets \u00e0 des biais de confirmation. J\u2019ai abord\u00e9 une grande partie des raisons du scepticisme \u00e0 l\u2019\u00e9gard des affirmations sur le changement climatique anthropique dans le document de r\u00e9f\u00e9rence <\/span><span style=\"color: #000080;\"><u><a href=\"https:\/\/analogymagazine.substack.com\/p\/climate-heretic\" target=\"_blank\" rel=\"noopener\"><span style=\"font-size: medium;\"><i>Climate Heretic<\/i><\/span><\/a><\/u><\/span><span style=\"font-size: medium;\"><i>,<\/i><\/span><span style=\"font-size: medium;\"> o\u00f9 vous trouverez un certain nombre d\u2019articles et d\u2019arguments contre l\u2019id\u00e9e que les humains provoquent le r\u00e9chauffement climatique en conduisant leurs voitures, en chauffant leurs maisons et en mangeant du b\u0153uf (si vous souhaitez lire des articles de Lindzen et de plusieurs autres scientifiques et chercheurs en climatologie, vous pouvez les trouver sur la page de <\/span><span style=\"color: #000080;\"><u><a href=\"https:\/\/analogymagazine.substack.com\/p\/climate-heretic\" target=\"_blank\" rel=\"noopener\"><span style=\"font-size: medium;\"><i>Climate Heretic<\/i><\/span><\/a><\/u><\/span><span style=\"font-size: medium;\">).<\/span><\/p>\n<p class=\"western\" align=\"justify\"><span style=\"font-size: medium;\">Le probl\u00e8me, c\u2019est que la plupart d\u2019entre nous sont effectivement t\u00e9moins de diverses formes de changement climatique. S\u2019agit-il simplement de conditions m\u00e9t\u00e9orologiques\u00a0? Certains se tournent vers le pass\u00e9 et v\u00e9rifient les donn\u00e9es pour voir par eux-m\u00eames si nous <\/span><span style=\"font-size: medium;\">assist<\/span><span style=\"font-size: medium;\">ons vraiment <\/span><span style=\"font-size: medium;\">\u00e0 <\/span><span style=\"font-size: medium;\">une chaleur sans pr\u00e9c\u00e9dent. Ce qu\u2019ils constatent, c\u2019est que\u2026 ce n\u2019est pas vraiment le cas. En r\u00e9ponse \u00e0 ce comportement de bricoleur, les activistes ont commenc\u00e9 \u00e0 communiquer les temp\u00e9ratures de surface au lieu des temp\u00e9ratures de l\u2019air. Les temp\u00e9ratures de surface sont mesur\u00e9es au niveau du sol, tandis que les temp\u00e9ratures de l\u2019air sont mesur\u00e9es \u00e0 deux m\u00e8tres au-dessus de la surface. Vous souvenez-vous des rapports de l\u2019\u00e9t\u00e9\u00a02023 selon lesquels l\u2019Europe atteignait des temp\u00e9ratures sans pr\u00e9c\u00e9dent de plus de 45\u00b0C\u00a0? Au cours de la m\u00eame p\u00e9riode en Ontario, nous avons connu un \u00e9t\u00e9 exceptionnellement frais et humide. Une connaissance se croy<\/span><span style=\"font-size: medium;\">ant<\/span><span style=\"font-size: medium;\"> bien inform\u00e9e sur ces questions a d\u00e9clar\u00e9 que nous nous trouvions dans une \u00ab\u00a0bulle\u00a0\u00bb. L\u2019id\u00e9e de <\/span><em><span style=\"font-size: medium;\">bulles climatiques <\/span><\/em><span style=\"font-size: medium;\">dans ce contexte est tellement scientifique qu\u2019elle me laisse sans voix. La v\u00e9rit\u00e9 est que ces temp\u00e9ratures extr\u00eames \u00e9taient des temp\u00e9ratures de surface, alors que les temp\u00e9ratures de l\u2019air se situaient dans la fourchette normale de 30\u00b0C. Comme l\u2019explique Julius Ruechel dans son livre <\/span><em><span style=\"font-size: medium;\">Plunderers of the Earth<\/span><\/em><span style=\"font-size: medium;\">, \u00ab\u00a0ils ont utilis\u00e9 le vieux truc qui consiste \u00e0 impressionner les gens en faisant frire un \u0153uf sur de l\u2019asphalte noir\u00a0\u00bb (<\/span><span style=\"font-size: medium;\">p.\u00a0<\/span><span style=\"font-size: medium;\">198). Parlons de d\u00e9sinformation\u00a0! La plupart des gens sont encore convaincus que ces vagues de chaleur sans pr\u00e9c\u00e9dent ne peuvent \u00eatre ni\u00e9es, puisque les donn\u00e9es ne mentent pas. S\u2019il est vrai, dans un sens, que les donn\u00e9es elles-m\u00eames ne mentent pas, il faut aussi \u00eatre conscient de la mani\u00e8re dont les donn\u00e9es peuvent \u00eatre manipul\u00e9es pour tromper. Ce type de manipulation pure et simple rel\u00e8ve de la fraude, et ce n\u2019est pas un cas isol\u00e9. L\u2019ensemble du domaine de l\u2019alarmisme climatique est profond\u00e9ment corrompu de la m\u00eame mani\u00e8re. Rappelez-vous le scandale d<\/span><span style=\"font-size: medium;\">e<\/span><span style=\"font-size: medium;\"> \u00ab\u00a0climategate\u00a0\u00bb. On n\u2019a pas suffisamment d\u00e9nonc\u00e9 la corruption qui y a \u00e9t\u00e9 r\u00e9v\u00e9l\u00e9e.<\/span><\/p>\n<p class=\"western\" align=\"justify\"><span style=\"font-size: medium;\">Pendant ce temps, nous subissons des changements climatiques souvent catastrophiques. Mais ces changements ne sont pas dus au CO<\/span><sub><span style=\"font-size: medium;\">2<\/span><\/sub><span style=\"font-size: medium;\"> ou aux flatulences des vaches. Il s\u2019agit plut\u00f4t des r\u00e9sultats de l\u2019expansion des \u00eelots de chaleur urbains et de la mauvaise gestion g\u00e9n\u00e9rale des nappes phr\u00e9atiques, des \u00e9cosyst\u00e8mes et des biomes. La d\u00e9forestation massive pour le d\u00e9veloppement industriel, l\u2019exploitation mini\u00e8re et la construction de logements ont un impact consid\u00e9rable sur les environnements locaux. Nous assistons donc essentiellement \u00e0 des changements microclimatiques dont les effets se propagent. Et ces types d\u2019impacts environnementaux se reproduisent \u00e0 l\u2019\u00e9chelle mondiale puisque les pays et les municipalit\u00e9s du monde entier proc\u00e8dent \u00e0 l\u2019am\u00e9nagement du territoire de la m\u00eame mani\u00e8re.<\/span><\/p>\n<p class=\"western\" align=\"justify\"><span style=\"font-size: medium;\">Heureusement, je suis tomb\u00e9 sur une s\u00e9rie d\u2019articles publi\u00e9s sur Substack et intitul\u00e9<\/span><span style=\"font-size: medium;\">e<\/span> <span style=\"color: #000080;\"><u><a href=\"https:\/\/theclimateaccordingtolife.substack.com\/\" target=\"_blank\" rel=\"noopener\"><span style=\"font-size: medium;\"><i>The Climate According to Life (Le climat selon la vie)<\/i><\/span><\/a><\/u><\/span><span style=\"font-size: medium;\">, qui <\/span><span style=\"font-size: medium;\">propose<\/span><span style=\"font-size: medium;\"> une merveilleuse \u00e9tude de cas, et je vais partager certaines des conclusions tout en encourageant les lecteurs \u00e0 lire les trois articles de la s\u00e9rie pour eux-m\u00eames (<\/span><span style=\"color: #000080;\"><u><a href=\"https:\/\/theclimateaccordingtolife.substack.com\/p\/millan-millan-and-the-mystery-of\" target=\"_blank\" rel=\"noopener\"><span style=\"font-size: medium;\">ici<\/span><\/a><\/u><\/span><span style=\"font-size: medium;\">, <\/span><span style=\"color: #000080;\"><u><a href=\"https:\/\/theclimateaccordingtolife.substack.com\/p\/millan-millan-and-the-mystery-of-526\" target=\"_blank\" rel=\"noopener\"><span style=\"font-size: medium;\">ici<\/span><\/a><\/u><\/span><span style=\"font-size: medium;\"> et <\/span><span style=\"color: #000080;\"><u><a href=\"https:\/\/theclimateaccordingtolife.substack.com\/p\/millan-millan-and-the-mystery-of-0e9\" target=\"_blank\" rel=\"noopener\"><span style=\"font-size: medium;\">ici<\/span><\/a><\/u><\/span><span style=\"font-size: medium;\">). <\/span><span style=\"font-size: medium;\">Dr <\/span><span style=\"font-size: medium;\">Millan, qui dirigeait le Centre m\u00e9diterran\u00e9en d\u2019\u00e9tudes sur l\u2019environnement et \u00e9tait dipl\u00f4m\u00e9 en m\u00e9canique des fluides, g\u00e9nie industriel, sciences a\u00e9rospatiales, physique atmosph\u00e9rique et spectroscopie, m\u00e9t\u00e9orologie synoptique et pr\u00e9visions m\u00e9t\u00e9orologiques. Il n\u2019a pas froid aux yeux. Il a entrepris de r\u00e9pondre \u00e0 la question de savoir pourquoi les orages de l\u2019apr\u00e8s-midi \u00ab\u00a0disparaissaient dans tout le bassin m\u00e9diterran\u00e9en occidental, entra\u00eenant dans leur sillage l\u2019ass\u00e8chement des cours d\u2019eau\u00a0\u00bb. Voici une longue citation tir\u00e9e de la <\/span><span style=\"color: #000080;\"><u><span style=\"font-size: medium;\"><a href=\"https:\/\/theclimateaccordingtolife.substack.com\/p\/millan-millan-and-the-mystery-of-526\" target=\"_blank\" rel=\"noopener\">deuxi\u00e8me partie de la s\u00e9rie<\/a>\u00a0<\/span><\/u><\/span><span style=\"font-size: medium;\">:<\/span><\/p>\n<blockquote class=\"western\" style=\"padding-left: 80px;\"><p><span style=\"font-size: medium;\">Un exemple classique de la fa\u00e7on dont les choses peuvent mal tourner se trouve dans la province voisine d\u2019Almeria. Dans les ann\u00e9es\u00a01850, ses denses for\u00eats de ch\u00eanes ont \u00e9t\u00e9 coup\u00e9es \u00e0 blanc pour alimenter les fours des fonderies de plomb. L\u2019effondrement \u00e9cologique qui en a r\u00e9sult\u00e9 a \u00e9t\u00e9 si profond que la r\u00e9gion est devenue un lieu de tournage pour les westerns spaghettis. Millan en est venu \u00e0 penser que l\u2019ensemble du bassin m\u00e9diterran\u00e9en occidental se trouve \u00e0 un tel point de basculement, en passe de devenir un d\u00e9sert de type Almeria, un point d\u2019o\u00f9 il est tr\u00e8s difficile de revenir. \u00ab\u00a0Une fois que <\/span><span style=\"font-size: medium;\">vous<\/span><span style=\"font-size: medium;\"> attei<\/span><span style=\"font-size: medium;\">g<\/span><span style=\"font-size: medium;\">n<\/span><span style=\"font-size: medium;\">ez<\/span><span style=\"font-size: medium;\"> la roche, dit-il, c\u2019est fini\u00a0\u00bb.<\/span><\/p><\/blockquote>\n<blockquote class=\"western\" style=\"padding-left: 80px;\"><p><span style=\"font-size: medium;\">D\u00e8s le <\/span><span style=\"font-size: medium;\">d\u00e9but<\/span><span style=\"font-size: medium;\"> de son analyse, il <\/span><span style=\"font-size: medium;\">a <\/span><span style=\"font-size: medium;\">mis en lumi\u00e8re <\/span><span style=\"color: #000080;\"><u><a href=\"https:\/\/www.sciencedirect.com\/science\/article\/abs\/pii\/S0022169413009384\" target=\"_blank\" rel=\"noopener\"><span style=\"font-size: medium;\">un d\u00e9tail important<\/span><\/a><\/u><\/span><span style=\"font-size: medium;\">. Lorsque les vents du matin <\/span><span style=\"font-size: medium;\">arrivaient<\/span><span style=\"font-size: medium;\">, leur teneur en eau \u00e9tait de 14\u00a0grammes par m\u00e8tre cube d\u2019air, ce qui n\u2019est pas suffisant pour former des nuages, qui, dans ces conditions sp\u00e9cifiques, n\u00e9cessiteraient un taux d\u2019humidit\u00e9 de 21\u00a0grammes d\u2019eau par m\u00e8tre cube. L\u2019humidit\u00e9 <\/span><span style=\"font-size: medium;\">manquante<\/span><span style=\"font-size: medium;\">, soit 7\u00a0grammes par m\u00e8tre cube, devrait venir d\u2019ailleurs, ce qui nous ram\u00e8ne \u00e0 la terre.<\/span><\/p><\/blockquote>\n<p class=\"western\" align=\"justify\"><a href=\"https:\/\/www.revue3emillenaire.com\/blog\/wp-content\/uploads\/2024\/12\/ClimatBoxer.jpg\"><img loading=\"lazy\" decoding=\"async\" class=\"aligncenter size-full wp-image-20341\" src=\"https:\/\/www.revue3emillenaire.com\/blog\/wp-content\/uploads\/2024\/12\/ClimatBoxer.jpg\" alt=\"\" width=\"1020\" height=\"860\" srcset=\"https:\/\/www.revue3emillenaire.com\/blog\/wp-content\/uploads\/2024\/12\/ClimatBoxer.jpg 1020w, https:\/\/www.revue3emillenaire.com\/blog\/wp-content\/uploads\/2024\/12\/ClimatBoxer-300x253.jpg 300w, https:\/\/www.revue3emillenaire.com\/blog\/wp-content\/uploads\/2024\/12\/ClimatBoxer-768x648.jpg 768w\" sizes=\"auto, (max-width: 1020px) 100vw, 1020px\" \/><\/a><\/p>\n<blockquote class=\"western\" style=\"padding-left: 80px;\"><p><span style=\"font-size: medium;\">Il fut un temps o\u00f9 cette m\u00eame brise de mer passait au-dessus de vastes zones humides c\u00f4ti\u00e8res s\u2019\u00e9tendant sur des kilom\u00e8tres \u00e0 l\u2019int\u00e9rieur des terres, <\/span><span style=\"font-family: Times New Roman, serif;\"><span style=\"font-size: medium;\">captant<\/span><\/span><span style=\"font-size: medium;\"> la vapeur d\u2019eau qui s\u2019en d\u00e9gageait. Puis, en se dirigeant vers les montagnes, elle gagnait encore plus d\u2019humidit\u00e9 gr\u00e2ce aux grands ch\u00eanes, chacun <\/span><span style=\"font-family: Times New Roman, serif;\"><span style=\"font-size: medium;\">agissant comme une v\u00e9ritable tour d\u2019eau<\/span><\/span><span style=\"font-size: medium;\"> \u00e0 lui seul. Au moment o\u00f9 <\/span><span style=\"font-size: medium;\">la brise<\/span><span style=\"font-size: medium;\"> gravissait les derni\u00e8res cr\u00eates, <\/span><span style=\"font-size: medium;\">elle<\/span><span style=\"font-size: medium;\"> \u00e9tait satur\u00e9<\/span><span style=\"font-size: medium;\">e<\/span><span style=\"font-size: medium;\"> non seulement d\u2019humidit\u00e9, mais aussi de noyaux de condensation des nuages. On peut imaginer les <\/span><span style=\"font-size: medium;\">nuage<\/span><span style=\"font-size: medium;\">s d\u2019orage s\u2019envoler, les panaches empil\u00e9s s\u2019\u00e9levant \u00e0 trois kilom\u00e8tres dans les airs, lib\u00e9rant leur chaleur latente pour se dissiper au-dessus des montagnes tout en laissant tomber une pluie froide sur la terre, r\u00e9hydratant la v\u00e9g\u00e9tation et rechargeant les nappes phr\u00e9atiques et les marais.<\/span><\/p><\/blockquote>\n<blockquote class=\"western\" style=\"padding-left: 80px;\"><p><span style=\"font-size: medium;\">Mais aujourd\u2019hui, au lieu des marais et des ch\u00eanes, la brise marine rencontre du b\u00e9ton, de l\u2019acier et des paysages d\u00e9grad\u00e9s. Non seulement elle est priv\u00e9e de l\u2019humidit\u00e9 n\u00e9cessaire \u00e0 la formation des temp\u00eates, mais elle est aussi balay\u00e9e par la chaleur qui se d\u00e9gage des mat\u00e9riaux fabriqu\u00e9s par l\u2019homme, gagnant 16\u00b0C avant d\u2019atteindre les montagnes. Lorsqu\u2019elle arrive finalement sur les collines, elle trouve d<\/span><span style=\"font-size: medium;\">es <\/span><span style=\"font-size: medium;\">arbustes et de<\/span><span style=\"font-size: medium;\">s<\/span><span style=\"font-size: medium;\"> pignons \u00e9pars, vestiges squelettiques des anciennes for\u00eats de ch\u00eanes. Non seulement il n\u2019y a pas assez de vie respiratoire pour fournir les 7\u00a0grammes d\u2019eau par m\u00e8tre cube d\u2019air n\u00e9cessaires \u00e0 la formation d\u2019un nuage de pluie, mais le r\u00e9chauffement intense de la masse d\u2019air signifie qu\u2019il faut encore plus d\u2019humidit\u00e9 pour produire des nuages de pluie. Aujourd\u2019hui, quelques nuages se rassemblent en fin d\u2019apr\u00e8s-midi, s\u2019\u00e9l\u00e8vent, se dispersent, puis s\u2019\u00e9vaporent. L\u2019air chaud, humide et d\u00e9sormais pollu\u00e9, au lieu de lib\u00e9rer la chaleur qu\u2019il a accumul\u00e9e et de laisser tomber de la pluie sur la terre pour reconstituer le syst\u00e8me, retourne simplement au-dessus de la mer M\u00e9diterran\u00e9e.<\/span><\/p><\/blockquote>\n<blockquote class=\"western\" style=\"padding-left: 80px;\"><p><span style=\"font-size: medium;\">Cela explique en gros la disparition des orages d\u2019\u00e9t\u00e9, mais le processus ne s\u2019arr\u00eate pas l\u00e0. Les couches d\u2019air humide et pollu\u00e9 s\u2019accumulent au-dessus de la mer M\u00e9diterran\u00e9e couche apr\u00e8s couche, jour apr\u00e8s jour. Ces couches, charg\u00e9es de puissants gaz \u00e0 effet de serre tels que la vapeur d\u2019eau et l\u2019ozone, r\u00e9chauffent progressivement la mer, de sorte qu\u2019\u00e0 la fin de l\u2019\u00e9t\u00e9, la mer r\u00e9chauff\u00e9e commence \u00e0 renforcer les temp\u00eates c\u00f4ti\u00e8res, ainsi que les trajectoires des temp\u00eates qui descendent <\/span><span style=\"font-size: medium;\">sur<\/span><span style=\"font-size: medium;\"> la M\u00e9diterran\u00e9e en remontant vers l\u2019Europe centrale. Ces trajectoires de temp\u00eates <\/span><span style=\"font-size: medium;\">absor<\/span><span style=\"font-size: medium;\">bent les couches chaudes et humides et deviennent elles aussi suraliment\u00e9es, contribuant ainsi aux inondations d\u00e9vastatrices en Europe de l\u2019Est.<\/span><\/p><\/blockquote>\n<blockquote class=\"western\" style=\"padding-left: 80px;\"><p><span style=\"font-size: medium;\">O\u00f9 sont donc pass\u00e9s les orages d\u2019\u00e9t\u00e9\u00a0? Ils sont partis avec les for\u00eats, les sols et les zones humides. Pourquoi les temp\u00eates c\u00f4ti\u00e8res s\u2019aggravent-elles\u00a0? En partie \u00e0 cause d\u2019une mer r\u00e9chauff\u00e9e par les effets hydrologiques des for\u00eats, des sols et des zones humides en ruine. D\u2019o\u00f9 viennent les pluies torrentielles qui s\u2019abattent sur l\u2019Europe centrale\u00a0? En partie de l\u2019humidit\u00e9 accumul\u00e9e au-dessus de la M\u00e9diterran\u00e9e qui aurait d\u00fb se d\u00e9verser sous forme de pluie sur les montagnes de l\u2019int\u00e9rieur. Que faire\u00a0? Premi\u00e8rement, arr\u00eater de d\u00e9truire les for\u00eats, les sols et les zones humides. Deuxi\u00e8mement, commencer \u00e0 restaurer les for\u00eats, les sols et les zones humides. Ou, comme le dit Millan avec beaucoup d\u2019imagination, commencer \u00e0 \u00ab\u00a0cultiver les <\/span><span style=\"font-size: medium;\">orag<\/span><span style=\"font-size: medium;\">es\u00a0\u00bb.<\/span><\/p><\/blockquote>\n<p class=\"western\" align=\"justify\"><span style=\"font-size: medium;\">Je vous laisse m\u00e9diter sur cette r\u00e9flexion. Ce type d\u2019\u00e9tude dynamique ouvre une fen\u00eatre sur la v\u00e9ritable nature de la complexit\u00e9 du climat. Ce n\u2019est pas le genre de <\/span><span style=\"font-size: medium;\">probl\u00e8me<\/span><span style=\"font-size: medium;\">s que l\u2019on peut r\u00e9gler avec des v\u00e9hicules \u00e9lectriques, des \u00e9oliennes et des panneaux solaires. En fait, ces projets ne feront qu\u2019aggraver le probl\u00e8me, <\/span><span style=\"font-size: medium;\">car <\/span><span style=\"font-size: medium;\">ils impliquent g\u00e9n\u00e9ralement une utilisation accrue des terres qui est au c\u0153ur du probl\u00e8me\u00a0: davantage de coupes \u00e0 blanc (ou certainement aucun effort pour restaurer les sols et les \u00e9cosyst\u00e8mes), et des op\u00e9rations mini\u00e8res plus destructrices et souvent toxiques. J\u2019encourage \u00e9galement les gens \u00e0 lire <\/span><em><span style=\"font-size: medium;\">Plunderers of the Earth <\/span><\/em><span style=\"font-size: medium;\">de Julius Ruechel pour en savoir plus sur ce sujet, car il expose une grande partie de la fraude rampante dans le domaine climatique et examine en d\u00e9tail comment les ph\u00e9nom\u00e8nes attribu\u00e9s au changement climatique sont en fait des questions d\u2019am\u00e9nagement du territoire et de mauvaise gestion politique.<\/span><\/p>\n<p class=\"western\" align=\"justify\"><span style=\"font-size: medium;\">Le c\u00f4t\u00e9 encourageant de l\u2019histoire du climat est qu\u2019en d\u00e9pit de sa complexit\u00e9, les probl\u00e8mes de base sont assez simples et peuvent \u00eatre r\u00e9solus. En outre, en raison des objectifs de neutralit\u00e9 carbone, les industries, les pays et les municipalit\u00e9s proc\u00e8dent \u00e0 des changements qui auront un impact positif sur les sols et les \u00e9cosyst\u00e8mes. Peut-\u00eatre qu\u2019en temps voulu, les recherches vraiment l\u00e9gitimes comme celles du Dr Millan auront l\u2019influence qu\u2019elles m\u00e9ritent, et nous pourrons redresser ce navire d\u2019insens\u00e9s.<\/span><\/p>\n<p class=\"western\" align=\"justify\"><span style=\"font-size: medium;\">Texte original\u00a0: <\/span><span style=\"color: #000080;\"><u><a href=\"https:\/\/analogymagazine.substack.com\/p\/whats-going-on-with-the-climate\" target=\"_blank\" rel=\"noopener\"><span style=\"font-size: medium;\">https:\/\/analogymagazine.substack.com\/p\/whats-going-on-with-the-climate<\/span><\/a><\/u><\/span><\/p>\n","protected":false},"excerpt":{"rendered":"<p>1er\u00a0d\u00e9c. 2024 Tenter de comprendre le sujet du changement climatique a \u00e9t\u00e9 un v\u00e9ritable d\u00e9fi. Les affirmations concernant les \u00e9missions de carbone et les flatulences des vaches ont toujours quelque chose de douteux. Il est absurde d\u2019affirmer que le CO2 est le r\u00e9gulateur principal de la m\u00e9t\u00e9o mondiale. Le CO2 est en fait un engrais [&hellip;]<\/p>\n","protected":false},"author":2,"featured_media":19824,"comment_status":"closed","ping_status":"closed","sticky":false,"template":"","format":"standard","meta":{"footnotes":""},"categories":[1540,1851],"tags":[1702],"class_list":["post-20340","post","type-post","status-publish","format-standard","has-post-thumbnail","hentry","category-actualite","category-boxer-asa","tag-changement-climatique"],"yoast_head":"<!-- This site is optimized with the Yoast SEO plugin v27.0 - https:\/\/yoast.com\/product\/yoast-seo-wordpress\/ -->\n<title>Que se passe-t-il avec le climat\u00a0? par Asa Boxer - 3e mill\u00e9naire - Spiritualit\u00e9 - Connaissance de soi - Non-dualit\u00e9 - M\u00e9ditation<\/title>\n<meta name=\"robots\" content=\"index, follow, max-snippet:-1, max-image-preview:large, max-video-preview:-1\" \/>\n<link rel=\"canonical\" href=\"https:\/\/www.revue3emillenaire.com\/blog\/que-se-passe-t-il-avec-le-climat-par-asa-boxer\/\" \/>\n<meta property=\"og:locale\" content=\"fr_FR\" \/>\n<meta property=\"og:type\" content=\"article\" \/>\n<meta property=\"og:title\" content=\"Que se passe-t-il avec le climat\u00a0? par Asa Boxer - 3e mill\u00e9naire - Spiritualit\u00e9 - Connaissance de soi - Non-dualit\u00e9 - M\u00e9ditation\" \/>\n<meta property=\"og:description\" content=\"1er\u00a0d\u00e9c. 2024 Tenter de comprendre le sujet du changement climatique a \u00e9t\u00e9 un v\u00e9ritable d\u00e9fi. Les affirmations concernant les \u00e9missions de carbone et les flatulences des vaches ont toujours quelque chose de douteux. Il est absurde d\u2019affirmer que le CO2 est le r\u00e9gulateur principal de la m\u00e9t\u00e9o mondiale. Le CO2 est en fait un engrais [&hellip;]\" \/>\n<meta property=\"og:url\" content=\"https:\/\/www.revue3emillenaire.com\/blog\/que-se-passe-t-il-avec-le-climat-par-asa-boxer\/\" \/>\n<meta property=\"og:site_name\" content=\"3e mill\u00e9naire - Spiritualit\u00e9 - Connaissance de soi - Non-dualit\u00e9 - M\u00e9ditation\" \/>\n<meta property=\"article:published_time\" content=\"2024-12-04T02:21:34+00:00\" \/>\n<meta property=\"og:image\" content=\"https:\/\/www.revue3emillenaire.com\/blog\/wp-content\/uploads\/2024\/03\/Asa-Boxer.jpg\" \/>\n\t<meta property=\"og:image:width\" content=\"227\" \/>\n\t<meta property=\"og:image:height\" content=\"282\" \/>\n\t<meta property=\"og:image:type\" content=\"image\/jpeg\" \/>\n<meta name=\"author\" content=\"3e mill\u00e9naire\" \/>\n<meta name=\"twitter:card\" content=\"summary_large_image\" \/>\n<meta name=\"twitter:label1\" content=\"\u00c9crit par\" \/>\n\t<meta name=\"twitter:data1\" content=\"3e mill\u00e9naire\" \/>\n\t<meta name=\"twitter:label2\" content=\"Dur\u00e9e de lecture estim\u00e9e\" \/>\n\t<meta name=\"twitter:data2\" content=\"7 minutes\" \/>\n<script type=\"application\/ld+json\" class=\"yoast-schema-graph\">{\"@context\":\"https:\/\/schema.org\",\"@graph\":[{\"@type\":\"Article\",\"@id\":\"https:\/\/www.revue3emillenaire.com\/blog\/que-se-passe-t-il-avec-le-climat-par-asa-boxer\/#article\",\"isPartOf\":{\"@id\":\"https:\/\/www.revue3emillenaire.com\/blog\/que-se-passe-t-il-avec-le-climat-par-asa-boxer\/\"},\"author\":{\"name\":\"3e mill\u00e9naire\",\"@id\":\"https:\/\/www.revue3emillenaire.com\/blog\/#\/schema\/person\/b692dacff720a5344a6190bc714397eb\"},\"headline\":\"Que se passe-t-il avec le climat\u00a0? par Asa Boxer\",\"datePublished\":\"2024-12-04T02:21:34+00:00\",\"mainEntityOfPage\":{\"@id\":\"https:\/\/www.revue3emillenaire.com\/blog\/que-se-passe-t-il-avec-le-climat-par-asa-boxer\/\"},\"wordCount\":2243,\"image\":{\"@id\":\"https:\/\/www.revue3emillenaire.com\/blog\/que-se-passe-t-il-avec-le-climat-par-asa-boxer\/#primaryimage\"},\"thumbnailUrl\":\"https:\/\/www.revue3emillenaire.com\/blog\/wp-content\/uploads\/2024\/03\/Asa-Boxer.jpg\",\"keywords\":[\"Changement Climatique\"],\"articleSection\":[\"Actualit\u00e9s\",\"Boxer Asa\"],\"inLanguage\":\"fr-FR\"},{\"@type\":\"WebPage\",\"@id\":\"https:\/\/www.revue3emillenaire.com\/blog\/que-se-passe-t-il-avec-le-climat-par-asa-boxer\/\",\"url\":\"https:\/\/www.revue3emillenaire.com\/blog\/que-se-passe-t-il-avec-le-climat-par-asa-boxer\/\",\"name\":\"Que se passe-t-il avec le climat\u00a0? par Asa Boxer - 3e mill\u00e9naire - Spiritualit\u00e9 - Connaissance de soi - Non-dualit\u00e9 - M\u00e9ditation\",\"isPartOf\":{\"@id\":\"https:\/\/www.revue3emillenaire.com\/blog\/#website\"},\"primaryImageOfPage\":{\"@id\":\"https:\/\/www.revue3emillenaire.com\/blog\/que-se-passe-t-il-avec-le-climat-par-asa-boxer\/#primaryimage\"},\"image\":{\"@id\":\"https:\/\/www.revue3emillenaire.com\/blog\/que-se-passe-t-il-avec-le-climat-par-asa-boxer\/#primaryimage\"},\"thumbnailUrl\":\"https:\/\/www.revue3emillenaire.com\/blog\/wp-content\/uploads\/2024\/03\/Asa-Boxer.jpg\",\"datePublished\":\"2024-12-04T02:21:34+00:00\",\"author\":{\"@id\":\"https:\/\/www.revue3emillenaire.com\/blog\/#\/schema\/person\/b692dacff720a5344a6190bc714397eb\"},\"breadcrumb\":{\"@id\":\"https:\/\/www.revue3emillenaire.com\/blog\/que-se-passe-t-il-avec-le-climat-par-asa-boxer\/#breadcrumb\"},\"inLanguage\":\"fr-FR\",\"potentialAction\":[{\"@type\":\"ReadAction\",\"target\":[\"https:\/\/www.revue3emillenaire.com\/blog\/que-se-passe-t-il-avec-le-climat-par-asa-boxer\/\"]}]},{\"@type\":\"ImageObject\",\"inLanguage\":\"fr-FR\",\"@id\":\"https:\/\/www.revue3emillenaire.com\/blog\/que-se-passe-t-il-avec-le-climat-par-asa-boxer\/#primaryimage\",\"url\":\"https:\/\/www.revue3emillenaire.com\/blog\/wp-content\/uploads\/2024\/03\/Asa-Boxer.jpg\",\"contentUrl\":\"https:\/\/www.revue3emillenaire.com\/blog\/wp-content\/uploads\/2024\/03\/Asa-Boxer.jpg\",\"width\":227,\"height\":282},{\"@type\":\"BreadcrumbList\",\"@id\":\"https:\/\/www.revue3emillenaire.com\/blog\/que-se-passe-t-il-avec-le-climat-par-asa-boxer\/#breadcrumb\",\"itemListElement\":[{\"@type\":\"ListItem\",\"position\":1,\"name\":\"Accueil\",\"item\":\"https:\/\/www.revue3emillenaire.com\/blog\/\"},{\"@type\":\"ListItem\",\"position\":2,\"name\":\"Que se passe-t-il avec le climat\u00a0? par Asa Boxer\"}]},{\"@type\":\"WebSite\",\"@id\":\"https:\/\/www.revue3emillenaire.com\/blog\/#website\",\"url\":\"https:\/\/www.revue3emillenaire.com\/blog\/\",\"name\":\"3e mill\u00e9naire - Spiritualit\u00e9 - Connaissance de soi - Non-dualit\u00e9 - M\u00e9ditation\",\"description\":\"L&#039;Homme en devenir\",\"potentialAction\":[{\"@type\":\"SearchAction\",\"target\":{\"@type\":\"EntryPoint\",\"urlTemplate\":\"https:\/\/www.revue3emillenaire.com\/blog\/?s={search_term_string}\"},\"query-input\":{\"@type\":\"PropertyValueSpecification\",\"valueRequired\":true,\"valueName\":\"search_term_string\"}}],\"inLanguage\":\"fr-FR\"},{\"@type\":\"Person\",\"@id\":\"https:\/\/www.revue3emillenaire.com\/blog\/#\/schema\/person\/b692dacff720a5344a6190bc714397eb\",\"name\":\"3e mill\u00e9naire\",\"url\":\"https:\/\/www.revue3emillenaire.com\/blog\/author\/scoussa\/\"}]}<\/script>\n<!-- \/ Yoast SEO plugin. -->","yoast_head_json":{"title":"Que se passe-t-il avec le climat\u00a0? par Asa Boxer - 3e mill\u00e9naire - Spiritualit\u00e9 - Connaissance de soi - Non-dualit\u00e9 - M\u00e9ditation","robots":{"index":"index","follow":"follow","max-snippet":"max-snippet:-1","max-image-preview":"max-image-preview:large","max-video-preview":"max-video-preview:-1"},"canonical":"https:\/\/www.revue3emillenaire.com\/blog\/que-se-passe-t-il-avec-le-climat-par-asa-boxer\/","og_locale":"fr_FR","og_type":"article","og_title":"Que se passe-t-il avec le climat\u00a0? par Asa Boxer - 3e mill\u00e9naire - Spiritualit\u00e9 - Connaissance de soi - Non-dualit\u00e9 - M\u00e9ditation","og_description":"1er\u00a0d\u00e9c. 2024 Tenter de comprendre le sujet du changement climatique a \u00e9t\u00e9 un v\u00e9ritable d\u00e9fi. Les affirmations concernant les \u00e9missions de carbone et les flatulences des vaches ont toujours quelque chose de douteux. Il est absurde d\u2019affirmer que le CO2 est le r\u00e9gulateur principal de la m\u00e9t\u00e9o mondiale. Le CO2 est en fait un engrais [&hellip;]","og_url":"https:\/\/www.revue3emillenaire.com\/blog\/que-se-passe-t-il-avec-le-climat-par-asa-boxer\/","og_site_name":"3e mill\u00e9naire - Spiritualit\u00e9 - Connaissance de soi - Non-dualit\u00e9 - M\u00e9ditation","article_published_time":"2024-12-04T02:21:34+00:00","og_image":[{"width":227,"height":282,"url":"https:\/\/www.revue3emillenaire.com\/blog\/wp-content\/uploads\/2024\/03\/Asa-Boxer.jpg","type":"image\/jpeg"}],"author":"3e mill\u00e9naire","twitter_card":"summary_large_image","twitter_misc":{"\u00c9crit par":"3e mill\u00e9naire","Dur\u00e9e de lecture estim\u00e9e":"7 minutes"},"schema":{"@context":"https:\/\/schema.org","@graph":[{"@type":"Article","@id":"https:\/\/www.revue3emillenaire.com\/blog\/que-se-passe-t-il-avec-le-climat-par-asa-boxer\/#article","isPartOf":{"@id":"https:\/\/www.revue3emillenaire.com\/blog\/que-se-passe-t-il-avec-le-climat-par-asa-boxer\/"},"author":{"name":"3e mill\u00e9naire","@id":"https:\/\/www.revue3emillenaire.com\/blog\/#\/schema\/person\/b692dacff720a5344a6190bc714397eb"},"headline":"Que se passe-t-il avec le climat\u00a0? par Asa Boxer","datePublished":"2024-12-04T02:21:34+00:00","mainEntityOfPage":{"@id":"https:\/\/www.revue3emillenaire.com\/blog\/que-se-passe-t-il-avec-le-climat-par-asa-boxer\/"},"wordCount":2243,"image":{"@id":"https:\/\/www.revue3emillenaire.com\/blog\/que-se-passe-t-il-avec-le-climat-par-asa-boxer\/#primaryimage"},"thumbnailUrl":"https:\/\/www.revue3emillenaire.com\/blog\/wp-content\/uploads\/2024\/03\/Asa-Boxer.jpg","keywords":["Changement Climatique"],"articleSection":["Actualit\u00e9s","Boxer Asa"],"inLanguage":"fr-FR"},{"@type":"WebPage","@id":"https:\/\/www.revue3emillenaire.com\/blog\/que-se-passe-t-il-avec-le-climat-par-asa-boxer\/","url":"https:\/\/www.revue3emillenaire.com\/blog\/que-se-passe-t-il-avec-le-climat-par-asa-boxer\/","name":"Que se passe-t-il avec le climat\u00a0? par Asa Boxer - 3e mill\u00e9naire - Spiritualit\u00e9 - Connaissance de soi - Non-dualit\u00e9 - M\u00e9ditation","isPartOf":{"@id":"https:\/\/www.revue3emillenaire.com\/blog\/#website"},"primaryImageOfPage":{"@id":"https:\/\/www.revue3emillenaire.com\/blog\/que-se-passe-t-il-avec-le-climat-par-asa-boxer\/#primaryimage"},"image":{"@id":"https:\/\/www.revue3emillenaire.com\/blog\/que-se-passe-t-il-avec-le-climat-par-asa-boxer\/#primaryimage"},"thumbnailUrl":"https:\/\/www.revue3emillenaire.com\/blog\/wp-content\/uploads\/2024\/03\/Asa-Boxer.jpg","datePublished":"2024-12-04T02:21:34+00:00","author":{"@id":"https:\/\/www.revue3emillenaire.com\/blog\/#\/schema\/person\/b692dacff720a5344a6190bc714397eb"},"breadcrumb":{"@id":"https:\/\/www.revue3emillenaire.com\/blog\/que-se-passe-t-il-avec-le-climat-par-asa-boxer\/#breadcrumb"},"inLanguage":"fr-FR","potentialAction":[{"@type":"ReadAction","target":["https:\/\/www.revue3emillenaire.com\/blog\/que-se-passe-t-il-avec-le-climat-par-asa-boxer\/"]}]},{"@type":"ImageObject","inLanguage":"fr-FR","@id":"https:\/\/www.revue3emillenaire.com\/blog\/que-se-passe-t-il-avec-le-climat-par-asa-boxer\/#primaryimage","url":"https:\/\/www.revue3emillenaire.com\/blog\/wp-content\/uploads\/2024\/03\/Asa-Boxer.jpg","contentUrl":"https:\/\/www.revue3emillenaire.com\/blog\/wp-content\/uploads\/2024\/03\/Asa-Boxer.jpg","width":227,"height":282},{"@type":"BreadcrumbList","@id":"https:\/\/www.revue3emillenaire.com\/blog\/que-se-passe-t-il-avec-le-climat-par-asa-boxer\/#breadcrumb","itemListElement":[{"@type":"ListItem","position":1,"name":"Accueil","item":"https:\/\/www.revue3emillenaire.com\/blog\/"},{"@type":"ListItem","position":2,"name":"Que se passe-t-il avec le climat\u00a0? par Asa Boxer"}]},{"@type":"WebSite","@id":"https:\/\/www.revue3emillenaire.com\/blog\/#website","url":"https:\/\/www.revue3emillenaire.com\/blog\/","name":"3e mill\u00e9naire - Spiritualit\u00e9 - Connaissance de soi - Non-dualit\u00e9 - M\u00e9ditation","description":"L&#039;Homme en devenir","potentialAction":[{"@type":"SearchAction","target":{"@type":"EntryPoint","urlTemplate":"https:\/\/www.revue3emillenaire.com\/blog\/?s={search_term_string}"},"query-input":{"@type":"PropertyValueSpecification","valueRequired":true,"valueName":"search_term_string"}}],"inLanguage":"fr-FR"},{"@type":"Person","@id":"https:\/\/www.revue3emillenaire.com\/blog\/#\/schema\/person\/b692dacff720a5344a6190bc714397eb","name":"3e mill\u00e9naire","url":"https:\/\/www.revue3emillenaire.com\/blog\/author\/scoussa\/"}]}},"_links":{"self":[{"href":"https:\/\/www.revue3emillenaire.com\/blog\/wp-json\/wp\/v2\/posts\/20340","targetHints":{"allow":["GET"]}}],"collection":[{"href":"https:\/\/www.revue3emillenaire.com\/blog\/wp-json\/wp\/v2\/posts"}],"about":[{"href":"https:\/\/www.revue3emillenaire.com\/blog\/wp-json\/wp\/v2\/types\/post"}],"author":[{"embeddable":true,"href":"https:\/\/www.revue3emillenaire.com\/blog\/wp-json\/wp\/v2\/users\/2"}],"replies":[{"embeddable":true,"href":"https:\/\/www.revue3emillenaire.com\/blog\/wp-json\/wp\/v2\/comments?post=20340"}],"version-history":[{"count":0,"href":"https:\/\/www.revue3emillenaire.com\/blog\/wp-json\/wp\/v2\/posts\/20340\/revisions"}],"wp:featuredmedia":[{"embeddable":true,"href":"https:\/\/www.revue3emillenaire.com\/blog\/wp-json\/wp\/v2\/media\/19824"}],"wp:attachment":[{"href":"https:\/\/www.revue3emillenaire.com\/blog\/wp-json\/wp\/v2\/media?parent=20340"}],"wp:term":[{"taxonomy":"category","embeddable":true,"href":"https:\/\/www.revue3emillenaire.com\/blog\/wp-json\/wp\/v2\/categories?post=20340"},{"taxonomy":"post_tag","embeddable":true,"href":"https:\/\/www.revue3emillenaire.com\/blog\/wp-json\/wp\/v2\/tags?post=20340"}],"curies":[{"name":"wp","href":"https:\/\/api.w.org\/{rel}","templated":true}]}}