{"id":20380,"date":"2024-12-29T19:37:07","date_gmt":"2024-12-29T18:37:07","guid":{"rendered":"https:\/\/www.revue3emillenaire.com\/blog\/?p=20380"},"modified":"2024-12-29T19:37:07","modified_gmt":"2024-12-29T18:37:07","slug":"la-guerre-contre-lhumanite-une-restriction-deliberee-de-la-conscience-par-julian-rose","status":"publish","type":"post","link":"https:\/\/www.revue3emillenaire.com\/blog\/la-guerre-contre-lhumanite-une-restriction-deliberee-de-la-conscience-par-julian-rose\/","title":{"rendered":"La guerre contre l\u2019humanit\u00e9 \u2014 Une restriction d\u00e9lib\u00e9r\u00e9e de la conscience par Julian Rose"},"content":{"rendered":"<p class=\"western\" align=\"justify\"><span style=\"color: #000000;\"><span style=\"font-size: medium;\">28\u00a0d\u00e9cembre 2024<\/span><\/span><\/p>\n<p class=\"western\" align=\"justify\"><span style=\"color: #000000;\"><span style=\"font-size: medium;\">Presque tout ce qui ne va pas dans le monde part d\u2019une r\u00e9sistance implacable \u00e0 l\u2019existence d\u2019un \u00e9tat de conscience.<\/span><\/span><\/p>\n<p class=\"western\" align=\"justify\"><span style=\"color: #000000;\"><span style=\"font-size: medium;\">Le d\u00e9ni du fait que chaque nouvelle vie humaine n\u00e9e dans ce monde est une \u00e9tincelle divine, une manifestation f\u00e9conde d\u2019un potentiel illimit\u00e9.<\/span><\/span><\/p>\n<p class=\"western\" align=\"justify\"><span style=\"color: #000000;\"><span style=\"font-size: medium;\">Un d\u00e9ni du fait que la conscience sup\u00e9rieure est en r\u00e9alit\u00e9 la position par d\u00e9faut de l\u2019humanit\u00e9 \u2014 et non un objectif lointain que seule une minorit\u00e9 d\u00e9vou\u00e9e peut atteindre.<\/span><\/span><\/p>\n<p class=\"western\" align=\"justify\"><span style=\"color: #000000;\"><span style=\"font-size: medium;\">Nombreux sont ceux qui r\u00e9sistent \u00e0 leur connexion inn\u00e9<\/span><\/span><span style=\"color: #000000;\"><span style=\"font-size: medium;\">e<\/span><\/span><span style=\"color: #000000;\"><span style=\"font-size: medium;\"> avec la source de la vie, s\u2019enfermant ainsi dans une prison bien construite.<\/span><\/span><\/p>\n<p class=\"western\" align=\"justify\"><span style=\"color: #000000;\"><span style=\"font-size: medium;\">Un ph\u00e9nom\u00e8ne largement encourag\u00e9 par les priorit\u00e9s d\u2019abrutissement impos\u00e9es par les architectes du contr\u00f4le mondial.<\/span><\/span><\/p>\n<p class=\"western\" align=\"justify\"><span style=\"color: #000000;\"><span style=\"font-size: medium;\">Les institutions religieuses cr\u00e9\u00e9es dans le cadre de ce syst\u00e8me de contr\u00f4le enseignent que seul un sauveur ext\u00e9rieur peut sauver l\u2019humanit\u00e9 de la propagation omnipr\u00e9sente du mal, dont elles sont elles-m\u00eames les premiers auteurs.<\/span><\/span><\/p>\n<p class=\"western\" align=\"justify\"><span style=\"color: #000000;\"><span style=\"font-size: medium;\">C\u2019est l\u2019incapacit\u00e9 \u00e0 se d\u00e9faire d\u2019une fixation de longue date sur cette forme de dogme irrationnel qui a conduit le monde si dangereusement au bord du gouffre aujourd\u2019hui.<\/span><\/span><\/p>\n<p class=\"western\" align=\"justify\"><span style=\"color: #000000;\"><span style=\"font-size: medium;\">La d\u00e9finition du mot dogme dans le dictionnaire est la suivante\u00a0: \u00ab\u00a0un ensemble de principes destin\u00e9s \u00e0 \u00eatre accept\u00e9s sans discussion\u00a0\u00bb.<\/span><\/span><\/p>\n<p class=\"western\" align=\"justify\"><span style=\"color: #000000;\"><span style=\"font-size: medium;\">Le dogme religieux commence par faire croire \u00e0 ses ravisseurs qu\u2019ils sont impuissants et que leur seul espoir d\u2019acqu\u00e9rir un peu de pouvoir est de se consacrer \u00e0 la pri\u00e8re pour obtenir le pardon du fait qu\u2019ils sont n\u00e9s p\u00e9cheurs.<\/span><\/span><\/p>\n<p class=\"western\" align=\"justify\"><span style=\"color: #000000;\"><span style=\"font-size: medium;\">Na\u00eetre \u00ab\u00a0p\u00e9cheur\u00a0\u00bb, nous dit-on dans les institutions chr\u00e9tiennes, est d\u00fb au fait qu\u2019Adam et \u00c8ve ont rompu avec le commandement d\u2019ob\u00e9ir \u00e0 une r\u00e8gle mise en place par un ma\u00eetre de l\u2019univers fortement autoritaire. Celui qui supervis<\/span><\/span><span style=\"color: #000000;\"><span style=\"font-size: medium;\">ait<\/span><\/span><span style=\"color: #000000;\"><span style=\"font-size: medium;\"> les \u00e9v\u00e9nements se d\u00e9roulant dans le jardin d\u2019\u00c9den.<\/span><\/span><\/p>\n<p class=\"western\" align=\"justify\"><span style=\"color: #000000;\"><span style=\"font-size: medium;\">Et si ce n\u2019est pas pour cette raison que l\u2019on na\u00eet p\u00e9cheur, c\u2019est parce que l\u2019on est en quelque sorte impliqu\u00e9 comme responsable de la condamnation de J\u00e9sus \u00e0 un poteau d\u2019ex\u00e9cution \u2014 la croix \u2014 \u00e0 J\u00e9rusalem, il y a quelque 2\u00a0000\u00a0ans.<\/span><\/span><\/p>\n<p class=\"western\" align=\"justify\"><span style=\"color: #000000;\"><span style=\"font-size: medium;\">Cela est d\u00fb, dit-on, au fait que l\u2019on fait partie d\u2019un inconscient collectif qui relie toute l\u2019humanit\u00e9. Ainsi, le crime de la crucifixion, perp\u00e9tr\u00e9 par une petite partie de cette humanit\u00e9, devient aussi le sien.<\/span><\/span><\/p>\n<p class=\"western\" align=\"justify\"><span style=\"color: #000000;\"><span style=\"font-size: medium;\">L\u2019un ou l\u2019autre de ces \u00e9v\u00e9nements suffit \u00e0 marquer une personne \u00e0 vie, selon les enseignements religieux qui ont domin\u00e9 le monde occidental pendant trop longtemps.<\/span><\/span><\/p>\n<p class=\"western\" align=\"justify\"><span style=\"color: #000000;\"><span style=\"font-size: medium;\">Ensemble, ils garantissent la fermeture et le verrouillage de la porte de la prison sur le d\u00e9veloppement du don de la conscience. C\u2019est le destin malheureux de tous ceux qui ne parviennent pas \u00e0 voir au-del\u00e0 du voile de Maya.<\/span><\/span><\/p>\n<p class=\"western\" align=\"justify\"><span style=\"color: #000000;\"><span style=\"font-size: medium;\">Et dans l\u2019au-del\u00e0, nous dit-on, les m\u00eames gardiens de prison attendent notre arriv\u00e9e pour nous diriger vers le four correctement aliment\u00e9 ou vers leur terrain de jeu d\u00e9cor\u00e9 de mani\u00e8re plut\u00f4t exotique, le paradis.<\/span><\/span><\/p>\n<p class=\"western\" align=\"justify\"><span style=\"color: #000000;\"><span style=\"font-size: medium;\">Dans les deux cas, on reste dans le pi\u00e8ge et la vie continue ailleurs. Un lieu ou une dimension que l\u2019on est mis en garde contre toute tentative d<\/span><\/span><span style=\"color: #000000;\"><span style=\"font-size: medium;\">e contact<\/span><\/span><span style=\"color: #000000;\"><span style=\"font-size: medium;\">.<\/span><\/span><\/p>\n<p class=\"western\" align=\"justify\"><span style=\"color: #000000;\"><span style=\"font-size: medium;\">Ce type de subversion <\/span><\/span><span style=\"color: #000000;\"><span style=\"font-size: medium;\">descendante<\/span><\/span><span style=\"color: #000000;\"><span style=\"font-size: medium;\"> conduit \u00e0 l\u2019acceptation inconditionnelle d\u2019arri\u00e8re-pens\u00e9es grandioses telles que la \u00ab\u00a0Grande R\u00e9initialisation\u00a0\u00bb et est adopt\u00e9<\/span><\/span><span style=\"color: #000000;\"><span style=\"font-size: medium;\">e<\/span><\/span><span style=\"color: #000000;\"><span style=\"font-size: medium;\"> par tous ceux qui souffrent d\u2019une peur fondamentale de la libert\u00e9.<\/span><\/span><\/p>\n<p class=\"western\" align=\"justify\"><span style=\"color: #000000;\"><span style=\"font-size: medium;\">Cependant, toutes les \u00ab\u00a0victimes\u00a0\u00bb de ce grand canular portent une grande responsabilit\u00e9 personnelle pour s\u2019\u00eatre laiss\u00e9es berner.<\/span><\/span><\/p>\n<p class=\"western\" align=\"justify\"><span style=\"color: #000000;\"><span style=\"font-size: medium;\">Le fait d\u2019accorder ouvertement sa confiance \u00e0 des personnes en qui l\u2019on n\u2019a aucune raison d\u2019avoir confiance d\u00e9coule d\u2019une incapacit\u00e9 \u00e0 \u00ab\u00a0se conna\u00eetre soi-m\u00eame\u00a0\u00bb. Une telle auto-illusion r\u00e9sulte d\u2019un manque d\u2019engagement \u00e0 suivre la voie de la v\u00e9rit\u00e9 dans sa vie quotidienne.<\/span><\/span><\/p>\n<p class=\"western\" align=\"justify\"><span style=\"color: #000000;\"><span style=\"font-size: medium;\">Bien que je me concentre sur le r\u00f4le pr\u00e9pond\u00e9rant jou\u00e9 par la perp\u00e9tration du contr\u00f4le autoritaire pour d\u00e9tourner l\u2019humanit\u00e9 de son v\u00e9ritable chemin, il ne faut pas oublier que chacun d\u2019entre nous est responsable des choix qu\u2019il fait dans cette vie.<\/span><\/span><\/p>\n<p class=\"western\" align=\"justify\"><span style=\"color: #000000;\"><span style=\"font-size: medium;\">On peut se faire prendre, mais il y a toujours un moyen de surmonter ses <\/span><\/span><span style=\"color: #000000;\"><span style=\"font-size: medium;\">faiblesse<\/span><\/span><span style=\"color: #000000;\"><span style=\"font-size: medium;\">s et de sortir de prison.<\/span><\/span><\/p>\n<p class=\"western\" align=\"justify\"><span style=\"color: #000000;\"><span style=\"font-size: medium;\">Le Vatican, dont le si\u00e8ge est \u00e0 Rome, produit sa propre expression du dogme par le biais du livre de r\u00e8gles cardinales connu sous le nom de Cat\u00e9chismes. Il y est dit que la croix peinte sur le front des enfants lors de la premi\u00e8re c\u00e9r\u00e9monie de bapt\u00eame est un exorcisme.<\/span><\/span><\/p>\n<p class=\"western\" align=\"justify\"><span style=\"color: #000000;\"><span style=\"font-size: medium;\">C\u2019<\/span><\/span><span style=\"color: #000000;\"><span style=\"font-size: medium;\">est n\u00e9cessaire, selon le Saint-Si\u00e8ge, parce que chaque petit b\u00e9b\u00e9 arrive sur terre en tant que p\u00e9cheur et doit donc \u00eatre exorcis\u00e9 du d\u00e9mon qui le poss\u00e8de, avant d\u2019\u00eatre plac\u00e9 dans \u00ab\u00a0les mains s\u00fbres de l\u2019\u00c9glise\u00a0\u00bb.<\/span><\/span><\/p>\n<p class=\"western\" align=\"justify\"><span style=\"color: #000000;\"><span style=\"font-size: medium;\">L\u2019\u00c9glise, selon les cat\u00e9chismes, est ins\u00e9parable de Dieu. Selon cette doctrine, ce que dit l\u2019\u00c9glise est \u00ab\u00a0la loi de Dieu\u00a0\u00bb.<\/span><\/span><\/p>\n<p class=\"western\" align=\"justify\"><span style=\"color: #000000;\"><span style=\"font-size: medium;\">De tels enseignements ont l\u2019effet inverse de celui qu&rsquo;ils pr\u00e9tendent viser. Ils renforcent une r\u00e9sistance implacable \u00e0 la recherche ind\u00e9pendante de la v\u00e9rit\u00e9 et du sens de la vie, qui est le v\u00e9ritable droit de naissance de tous les \u00eatres humains.<\/span><\/span><\/p>\n<p class=\"western\" align=\"justify\"><span style=\"color: #000000;\"><span style=\"font-size: medium;\">Cette grande tromperie, vendue \u00e0 nous, le peuple, sous le nom de \u00ab\u00a0l\u2019unique v\u00e9rit\u00e9\u00a0\u00bb, conduit les hauts repr\u00e9sentants des principales institutions religieuses \u00e0 d\u00e9tourner les yeux, alors que des millions de personnes sont assassin\u00e9es en raison des divisions redoutables cr\u00e9\u00e9es par l\u2019endoctrinement de masse de l\u2019humanit\u00e9 \u00e0 une interpr\u00e9tation grossi\u00e8rement d\u00e9form\u00e9e de la voie du salut.<\/span><\/span><\/p>\n<p class=\"western\" align=\"justify\"><span style=\"color: #000000;\"><span style=\"font-size: medium;\">Les institutions religieuses feignent d\u2019\u00eatre choqu\u00e9es, mais ne font rien pour d\u00e9noncer et mettre fin au massacre des innocents \u00e0 Gaza, \u00e0 la p\u00e9dophilie et \u00e0 la prostitution de leurs propres pr\u00eatres, aux jeux de pouvoir grossiers des politiciens, \u00e0 l\u2019indulgence mat\u00e9rialiste grossi\u00e8re des entreprises obs\u00e9d\u00e9es par le profit, \u00e0 la posture l\u00e2che de leur propre confr\u00e9rie et \u00e0 la politique anti-vie d<\/span><\/span><span style=\"color: #000000;\"><span style=\"font-size: medium;\">e<\/span><\/span><span style=\"color: #000000;\"><span style=\"font-size: medium;\"> contr\u00f4le de l\u2019\u00c9tat profond.<\/span><\/span><\/p>\n<p class=\"western\" align=\"justify\"><span style=\"color: #000000;\"><span style=\"font-size: medium;\">L\u2019hypocrisie est totale puisque, tout en se d\u00e9tournant de la r\u00e9alit\u00e9, ils pr\u00e9sentent leurs sauveurs comme des acteurs supr\u00eames de la d\u00e9fense de la vie, de la justice et de la v\u00e9rit\u00e9.<\/span><\/span><\/p>\n<p class=\"western\" align=\"justify\"><span style=\"color: #000000;\"><span style=\"font-size: medium;\">Les institutions religieuses sont soumises \u00e0 l\u2019autorit\u00e9 de l\u2019\u00c9tat, tout comme elles sont soumises \u00e0 leurs propres dieux \u2014 chacun d\u2019entre eux \u00e9tant proclam\u00e9 \u00ab\u00a0seul et unique v\u00e9ritable sauveur de l\u2019humanit\u00e9\u00a0\u00bb et donc en guerre permanente contre les autres pr\u00e9tendants \u00e0 ce titre.<\/span><\/span><\/p>\n<p class=\"western\" align=\"justify\"><span style=\"color: #000000;\"><span style=\"font-size: medium;\">Un tel dogme id\u00e9ologique a si profond\u00e9ment infest\u00e9 l\u2019esprit, le corps et l\u2019<\/span><\/span><span style=\"color: #000000;\"><span style=\"font-size: medium;\">\u00e2me<\/span><\/span><span style=\"color: #000000;\"><span style=\"font-size: medium;\"> de l\u2019humanit\u00e9 qu\u2019il a provoqu\u00e9, au fil des si\u00e8cles, une soumission irr\u00e9fl\u00e9chie aux figures d\u2019autorit\u00e9 ainsi qu\u2019un fl\u00e9au de passivit\u00e9 et de d\u00e9ni de la responsabilit\u00e9 fondamentale qui d\u00e9coule du fait d\u2019\u00eatre d\u00e9positaire de la sant\u00e9 et du bien-\u00eatre de la plan\u00e8te Terre.<\/span><\/span><\/p>\n<p class=\"western\" align=\"justify\"><span style=\"color: #000000;\"><span style=\"font-size: medium;\">Les protagonistes de cette maladie ont <\/span><\/span><span style=\"color: #000000;\"><span style=\"font-size: medium;\">renvers\u00e9<\/span><\/span><span style=\"color: #000000;\"><span style=\"font-size: medium;\"> notre monde sur le dos \u2014 tout en plaidant simultan\u00e9ment \u00ab\u00a0non coupable\u00a0\u00bb d\u2019avoir r\u00e9duit les \u00e9tincelles divines \u00e0 de p\u00e2les expressions de peur, d\u2019ob\u00e9issance et de l\u00e2chet\u00e9.<\/span><\/span><\/p>\n<p class=\"western\" align=\"justify\"><span style=\"color: #000000;\"><span style=\"font-size: medium;\">Mais comment pourrait-il en \u00eatre autrement, si les mortels endoctrin\u00e9s ne parviennent pas \u00e0 rejeter l\u2019accusation de culpabilit\u00e9 qui d\u00e9coule de l\u2019acceptation du fait que l\u2019on na\u00eet p\u00e9cheur\u00a0?<\/span><\/span><\/p>\n<p class=\"western\" align=\"justify\"><span style=\"color: #000000;\"><span style=\"font-size: medium;\">Ne pas rejeter la \u00ab\u00a0culpabilit\u00e9 par association\u00a0\u00bb avec un acte de trahison commis par un petit groupe d\u2019anciens anc\u00eatres qui se sont r\u00e9volt\u00e9s contre leur ma\u00eetre autrefois sacr\u00e9.<\/span><\/span><\/p>\n<p class=\"western\" align=\"justify\"><span style=\"color: #000000;\"><span style=\"font-size: medium;\">Bien que les tribus d\u2019Abraham n\u2019<\/span><\/span><span style=\"color: #000000;\"><span style=\"font-size: medium;\">aie<\/span><\/span><span style=\"color: #000000;\"><span style=\"font-size: medium;\">nt pas constitu\u00e9 ou consolid\u00e9 une religion formelle, leurs \u00e9rudits et leurs pr\u00eatres \u00e9sot\u00e9riques ont concoct\u00e9 un r\u00e9gime indigeste d\u2019indulgence messianique.<\/span><\/span><\/p>\n<p class=\"western\" align=\"justify\"><span style=\"color: #000000;\"><span style=\"font-size: medium;\">Une indulgence centr\u00e9e sur la conviction de la sup\u00e9riorit\u00e9 unique du Dieu d\u2019Abraham et sur la manipulation de cette divinit\u00e9 guerri\u00e8re de l\u2019Ancien Testament pour qu\u2019elle repr\u00e9sente la voix absolue de l\u2019autorit\u00e9 concernant le destin de son peuple \u00e9lu.<\/span><\/span><\/p>\n<p class=\"western\" align=\"justify\"><span style=\"color: #000000;\"><span style=\"font-size: medium;\">Ils ont ainsi invent\u00e9 le despote ultime, dont toute critique est assimil\u00e9e \u00e0 un acte d\u2019h\u00e9r\u00e9sie pure et simple.<\/span><\/span><\/p>\n<p class=\"western\" align=\"justify\"><span style=\"color: #000000;\"><span style=\"font-size: medium;\">Diviser pour mieux r\u00e9gner, fragmenter pour mieux diviser\u00a0: autant de fa\u00e7ons de morceler la condition premi\u00e8re de pl\u00e9nitude qui est notre h\u00e9ritage commun. L\u2019unicit\u00e9 est transform\u00e9e en une compilation de parties antagonistes.<\/span><\/span><\/p>\n<p class=\"western\" align=\"justify\"><span style=\"color: #000000;\"><span style=\"font-size: medium;\">Pourtant, il n\u2019y a qu\u2019un seul Dieu \u2014 et tout vient de Lui \u2014 et tout retourne \u00e0 Lui. L\u2019\u00e9manation de la conscience supr\u00eame.<\/span><\/span><\/p>\n<p class=\"western\" align=\"justify\"><span style=\"color: #000000;\"><span style=\"font-size: medium;\">La v\u00e9rit\u00e9 est indivisible. L\u2019unit\u00e9 avec notre Cr\u00e9ateur est notre condition premi\u00e8re et le restera.<\/span><\/span><\/p>\n<p class=\"western\" align=\"justify\"><span style=\"color: #000000;\"><span style=\"font-size: medium;\">Refuser de s\u2019ouvrir \u00e0 une forme de conscience aussi fondamentale, c\u2019est vivre dans un \u00e9tat de grand appauvrissement. Pourtant, c\u2019est justement cet \u00e9tat d\u2019appauvrissement qui est g\u00e9n\u00e9ralement accept\u00e9 comme la norme de la vie quotidienne, ce qui conduit \u00e0 la pers\u00e9cution de ceux qui manifestent le noble art de d\u00e9fendre la v\u00e9rit\u00e9.<\/span><\/span><\/p>\n<p class=\"western\" align=\"justify\"><span style=\"color: #000000;\"><span style=\"font-size: medium;\">Il y a ceux qui s\u2019engagent dans des enseignements et des c\u00e9r\u00e9monies religieuses dans une recherche sinc\u00e8re de conseils spirituels \u2014 et qui les trouvent dans le credo de leur foi particuli\u00e8re. Un environnement dans lequel ils peuvent trouver un guide sur le chemin de la d\u00e9votion.<\/span><\/span><\/p>\n<p class=\"western\" align=\"justify\"><span style=\"color: #000000;\"><span style=\"font-size: medium;\">Il y a des proph\u00e8tes <\/span><\/span><span style=\"color: #000000;\"><span style=\"font-size: medium;\">\u00e0 la base<\/span><\/span><span style=\"color: #000000;\"><span style=\"font-size: medium;\"> de toutes les grandes religions du monde, et leurs enseignements ont en commun une conviction centrale concernant la grandeur de Dieu et la supr\u00e9matie de l\u2019amour, de la sagesse et de la compassion.<\/span><\/span><\/p>\n<p class=\"western\" align=\"justify\"><span style=\"color: #000000;\"><span style=\"font-size: medium;\">La trag\u00e9die est que cette reconnaissance commune de la b\u00e9atitude du divin est si rarement, voire jamais, admise par les diff\u00e9rentes confessions, et qu\u2019elle est au contraire revendiqu\u00e9e comme la pr<\/span><\/span><span style=\"color: #000000;\"><span style=\"font-size: medium;\">\u00e9rogative<\/span><\/span><span style=\"color: #000000;\"><span style=\"font-size: medium;\"> unique de chacune d\u2019entre elles.<\/span><\/span><\/p>\n<p class=\"western\" align=\"justify\"><span style=\"color: #000000;\"><span style=\"font-size: medium;\">Ce manque de magnanimit\u00e9 devient la pierre de touche des divisions et des rivalit\u00e9s qui sont ouvertement encourag\u00e9es par les grands pr\u00eatres du sabotage politique. Ceux qui cherchent \u00e0 contr\u00f4ler totalement la vie des autres, en transformant les instituts de culte en bastions du pouvoir politique et de la cupidit\u00e9.<\/span><\/span><\/p>\n<p class=\"western\" align=\"justify\"><span style=\"color: #000000;\"><span style=\"font-size: medium;\">Le contr\u00f4le est maintenu par des r\u00e8gles, des r\u00e8glements et des promesses de salut pour les adeptes ob\u00e9issants et aveugl\u00e9s de l\u2019autorit\u00e9.<\/span><\/span><\/p>\n<p class=\"western\" align=\"justify\"><span style=\"color: #000000;\"><span style=\"font-size: medium;\">Enlevez cette fa\u00e7ade soigneusement construite et vous trouverez en dessous la petite, mais puissante graine de la spiritualit\u00e9 originelle qui est le v\u00e9ritable lien direct avec le Divin.<\/span><\/span><\/p>\n<p class=\"western\" align=\"justify\"><span style=\"color: #000000;\"><span style=\"font-size: medium;\">Il est grand temps de lib\u00e9rer cette spiritualit\u00e9 origin<\/span><\/span><span style=\"color: #000000;\"><span style=\"font-size: medium;\">e<\/span><\/span><span style=\"color: #000000;\"><span style=\"font-size: medium;\">l<\/span><\/span><span style=\"color: #000000;\"><span style=\"font-size: medium;\">l<\/span><\/span><span style=\"color: #000000;\"><span style=\"font-size: medium;\">e.<\/span><\/span><\/p>\n<p class=\"western\" align=\"justify\"><span style=\"color: #000000;\"><span style=\"font-size: medium;\">Son \u00e9touffement sous les diff\u00e9rents ma<\/span><\/span><span style=\"color: #000000;\"><span style=\"font-size: medium;\">sques<\/span><\/span><span style=\"color: #000000;\"><span style=\"font-size: medium;\"> qui l\u2019ont dissimul\u00e9e a r\u00e9duit l\u2019humanit\u00e9 \u00e0 une version terne et entrav\u00e9e de son v\u00e9ritable pouvoir.<\/span><\/span><\/p>\n<p class=\"western\" align=\"justify\"><span style=\"color: #000000;\"><span style=\"font-size: medium;\">Les architectes mondialistes du contr\u00f4le de l\u2019\u00c9tat profond, qui travaillent main dans la main avec les autorit\u00e9s eccl\u00e9siastiques les plus influentes dans le cadre d\u2019un pacte faustien visant \u00e0 maintenir la domination sur les v\u00e9ritables aspirations des chercheurs de v\u00e9rit\u00e9 au c\u0153ur ouvert, jouent sur cet \u00e9tat d\u2019entrave de l\u2019humanit\u00e9.<\/span><\/span><\/p>\n<p class=\"western\" align=\"justify\"><span style=\"color: #000000;\"><span style=\"font-size: medium;\">Voyons-nous le pape, des archev\u00eaques ou des personnalit\u00e9s de premier plan d\u2019autres \u00e9glises et confessions s\u2019avancer <\/span><\/span><span style=\"color: #000000;\"><span style=\"font-size: medium;\">courageuse<\/span><\/span><span style=\"color: #000000;\"><span style=\"font-size: medium;\">ment pour d\u00e9<\/span><\/span><span style=\"color: #000000;\"><span style=\"font-size: medium;\">nonc<\/span><\/span><span style=\"color: #000000;\"><span style=\"font-size: medium;\">er ceux qui travaillent \u00e0 la modification g\u00e9n\u00e9tique et \u00e0 la r\u00e9ing\u00e9nierie de l\u2019ADN de l\u2019homme, de l\u2019animal et de l\u2019environnement naturel\u00a0?<\/span><\/span><\/p>\n<p class=\"western\" align=\"justify\"><span style=\"color: #000000;\"><span style=\"font-size: medium;\">Ou se lever unis pour d\u00e9fier les atrocit\u00e9s flagrantes et froidement perp\u00e9tr\u00e9es de meurtres de masse dans et autour de ce que l\u2019on appelle la Terre sainte\u00a0?<\/span><\/span><\/p>\n<p class=\"western\" align=\"justify\"><span style=\"color: #000000;\"><span style=\"font-size: medium;\">Non, \u00e0 une ou deux exceptions pr\u00e8s.<\/span><\/span><\/p>\n<p class=\"western\" align=\"justify\"><span style=\"color: #000000;\"><span style=\"font-size: medium;\">Pourtant, ces crimes contre l\u2019humanit\u00e9 et la nature ne sont-ils pas pr\u00e9cis\u00e9ment les actes odieux contre lesquels les enseignants de la foi en Dieu sont cens\u00e9s s\u2019\u00e9lever implacablement\u00a0?<\/span><\/span><\/p>\n<p class=\"western\" align=\"justify\"><span style=\"color: #000000;\"><span style=\"font-size: medium;\">Leurs proclamations religieuses nient l\u2019existence m\u00eame du Dieu dont ils se disent les messagers.<\/span><\/span><\/p>\n<p class=\"western\" align=\"justify\"><span style=\"color: #000000;\"><span style=\"font-size: medium;\">Ce sont des l\u00e2ches, qui se plient \u00e0 l\u2019autorit\u00e9 du syst\u00e8me et d\u00e9tournent la t\u00eate de peur de perdre leur position sur l\u2019\u00e9chelle hi\u00e9rarchique jalousement gard\u00e9e de l\u2019ordre mondial religieux.<\/span><\/span><\/p>\n<p class=\"western\" align=\"justify\"><span style=\"color: #000000;\"><span style=\"font-size: medium;\">Refusant d\u2019affronter les forces destructrices anti-vie qui se manifestent dans tous les coins du monde, ils ne servent \u00e0 rien d\u2019autre qu\u2019\u00e0 perp\u00e9tuer le mensonge.<\/span><\/span><\/p>\n<p class=\"western\" align=\"justify\"><span style=\"color: #000000;\"><span style=\"font-size: medium;\">Nous ne pouvons que constater aujourd\u2019hui \u00e0 quel point le fait de s\u2019en tenir \u00e0 l\u2019autorit\u00e9 contraignante des dogmes religieux a conduit le monde \u00e0 l\u2019ultime point de crise g\u00e9opolitique.<\/span><\/span><\/p>\n<p class=\"western\" align=\"justify\"><span style=\"color: #000000;\"><span style=\"font-size: medium;\">Le dieu de quelqu\u2019un s\u2019est vu confier le r\u00f4le d\u2019affirmer sa supr\u00e9matie absolue sur tous les autres syst\u00e8mes de croyances \u2014 et cette proclamation est tellement dogmatique et inflexible que ses partisans sont pr\u00eats \u00e0 provoquer une troisi\u00e8me guerre mondiale, plut\u00f4t que de voir et d\u2019admettre l\u2019erreur <\/span><\/span><span style=\"color: #000000;\"><span style=\"font-family: Times New Roman, serif;\"><span style=\"font-size: medium;\">de leurs voies.<\/span><\/span><\/span><\/p>\n<p class=\"western\" align=\"justify\"><span style=\"color: #000000;\"><span style=\"font-size: medium;\">La v\u00e9ritable spiritualit\u00e9 consiste \u00e0 d\u00e9molir l\u2019ego, et non \u00e0 le renforcer. La vraie spiritualit\u00e9 reconna\u00eet l\u2019unit\u00e9 de toutes les nations, de tous les peuples, de toutes les couleurs et de toutes les croyances, et non leur division et leur usure mutuelle. La vraie spiritualit\u00e9 soutient et recherche les conseils supr\u00eames du cr\u00e9ateur de l\u2019univers \u2014 de toute l\u2019humanit\u00e9, des populations anima<\/span><\/span><span style=\"color: #000000;\"><span style=\"font-size: medium;\">les<\/span><\/span><span style=\"color: #000000;\"><span style=\"font-size: medium;\"> et d<\/span><\/span><span style=\"color: #000000;\"><span style=\"font-size: medium;\">es <\/span><\/span><span style=\"color: #000000;\"><span style=\"font-size: medium;\">insectes et de toute la diversit\u00e9 biologique de la nature.<\/span><\/span><\/p>\n<p class=\"western\" align=\"justify\"><span style=\"color: #000000;\"><span style=\"font-size: medium;\">Il n\u2019y a qu\u2019un seul <\/span><\/span><em><span style=\"color: #000000;\"><span style=\"font-size: medium;\">noyau supr\u00eame <\/span><\/span><\/em><span style=\"color: #000000;\"><span style=\"font-size: medium;\">indivisible. Un seul Dieu. Et la division de ce Dieu en une centaine de pr\u00e9tendants au tr\u00f4ne, belliqueux et despotiques, est le plus grand obstacle \u00e0 l\u2019\u00e9volution spirituelle collective de l\u2019humanit\u00e9.<\/span><\/span><\/p>\n<p class=\"western\" align=\"justify\"><span style=\"color: #000000;\"><span style=\"font-size: medium;\">Le fanatisme <\/span><\/span><span style=\"color: #000000;\"><span style=\"font-size: medium;\">impos<\/span><\/span><span style=\"color: #000000;\"><span style=\"font-size: medium;\">\u00e9, sous couvert de croyance religieuse, nous a conduits au bord d\u2019un acte collectif de suicide. Il n\u2019y a absolument aucune excuse \u00e0 sa poursuite.<\/span><\/span><\/p>\n<p class=\"western\" align=\"justify\"><span style=\"color: #000000;\"><span style=\"font-size: medium;\">Nous, qui sommes conscients de cela et qui r\u00e9pondons \u00e0 ce grand don appel\u00e9 \u00ab\u00a0amour de la vie\u00a0\u00bb, repr\u00e9sentons la majorit\u00e9 de la population sen<\/span><\/span><span style=\"color: #000000;\"><span style=\"font-size: medium;\">tiente<\/span><\/span><span style=\"color: #000000;\"><span style=\"font-size: medium;\"> et authentiquement humaine de la plan\u00e8te Terre.<\/span><\/span><\/p>\n<p class=\"western\" align=\"justify\"><span style=\"color: #000000;\"><span style=\"font-size: medium;\">Nous allons maintenant faire un pas en avant et mettre fin \u00e0 la pr\u00e9tendue invuln\u00e9rabilit\u00e9 de la clique fanatique qui tient le monde entier en otage de sa m\u00e9galomanie <\/span><\/span><span style=\"color: #000000;\"><span style=\"font-size: medium;\">non dissimul<\/span><\/span><span style=\"color: #000000;\"><span style=\"font-size: medium;\">\u00e9e.<\/span><\/span><\/p>\n<p class=\"western\" align=\"justify\"><span style=\"color: #000000;\"><span style=\"font-size: medium;\">Nous montrerons le pouvoir de la spiritualit\u00e9 sous son vrai jour, lib\u00e9r\u00e9s \u00e0 jamais des cha\u00eenes des institutions trompeuses qui ont cherch\u00e9 \u00e0 \u00ab\u00a0s\u2019approprier la parole de Dieu\u00a0\u00bb et \u00e0 l\u2019utiliser pour conduire l\u2019humanit\u00e9 dans l\u2019ab\u00eeme d\u2019un monde de chaos aliment\u00e9 par l\u2019ego.<\/span><\/span><\/p>\n<p class=\"western\" align=\"justify\"><span style=\"color: #000000;\"><span style=\"font-size: medium;\">Levez-vous, braves gens du monde, notre affirmation imparable de la vie prend rapidement le dessus\u00a0; on peut sentir ses prismes dansants d\u2019\u00e9nergie d\u00e9livr\u00e9e par la source se multiplier de jour en jour, de semaine en semaine.<\/span><\/span><\/p>\n<p class=\"western\" align=\"justify\"><span style=\"color: #000000;\"><span style=\"font-size: medium;\">Laissons-les nous donner l\u2019envie d\u2019aller r\u00e9solument de l\u2019avant et d\u2019agir pour dissiper les derniers doutes et les derni\u00e8res peurs qui nous emp\u00eachent de parvenir \u00e0 l\u2019\u00e9mancipation totale et durable de l\u2019humanit\u00e9.<\/span><\/span><\/p>\n<p class=\"western\" align=\"center\"><span style=\"color: #000000;\"><span style=\"font-size: medium;\">***<\/span><\/span><\/p>\n<p class=\"western\" align=\"justify\"><em><span style=\"color: #000000;\"><span style=\"font-size: medium;\">L\u2019auteur Julian Rose est un pionnier de l\u2019agriculture biologique au Royaume-Uni, un \u00e9crivain, un communicateur et un activiste international. Il est l\u2019auteur de l\u2019ouvrage acclam\u00e9 \u00ab\u00a0<\/span><\/span><\/em><em><span style=\"color: #000000;\"><span style=\"font-size: medium;\"><i>Overcoming the Robotic Mind<\/i><\/span><\/span><\/em><em><span style=\"color: #000000;\"><span style=\"font-size: medium;\">\u00a0\u00bb (Vaincre l\u2019esprit robotique) et d\u2019autres ouvrages. Visitez son site web <\/span><\/span><\/em><span style=\"color: #000080;\"><a href=\"http:\/\/www.julianrose.info\/\" target=\"_blank\" rel=\"noopener\"><span style=\"color: #000000;\"><span style=\"font-size: medium;\">www.julianrose.info<\/span><\/span><\/a><\/span><\/p>\n<p class=\"western\" align=\"justify\"><span style=\"color: #000000;\"><span style=\"font-size: medium;\">Texte original\u00a0: <\/span><\/span><span style=\"color: #000080;\"><u><a href=\"https:\/\/21stcenturywire.com\/2024\/12\/28\/the-war-on-humanity-a-deliberate-restriction-of-consciousness\/\" target=\"_blank\" rel=\"noopener\"><span style=\"color: #000000;\"><span style=\"font-size: medium;\">https:\/\/21stcenturywire.com\/2024\/12\/28\/the-war-on-humanity-a-deliberate-restriction-of-consciousness\/<\/span><\/span><\/a><\/u><\/span><\/p>\n","protected":false},"excerpt":{"rendered":"<p>28\u00a0d\u00e9cembre 2024 Presque tout ce qui ne va pas dans le monde part d\u2019une r\u00e9sistance implacable \u00e0 l\u2019existence d\u2019un \u00e9tat de conscience. Le d\u00e9ni du fait que chaque nouvelle vie humaine n\u00e9e dans ce monde est une \u00e9tincelle divine, une manifestation f\u00e9conde d\u2019un potentiel illimit\u00e9. Un d\u00e9ni du fait que la conscience sup\u00e9rieure est en [&hellip;]<\/p>\n","protected":false},"author":2,"featured_media":19427,"comment_status":"closed","ping_status":"closed","sticky":false,"template":"","format":"standard","meta":{"footnotes":""},"categories":[1540,1786],"tags":[1347,1647],"class_list":["post-20380","post","type-post","status-publish","format-standard","has-post-thumbnail","hentry","category-actualite","category-rose-julian","tag-spiritualite","tag-totalitarisme"],"yoast_head":"<!-- This site is optimized with the Yoast SEO plugin v27.0 - https:\/\/yoast.com\/product\/yoast-seo-wordpress\/ -->\n<title>La guerre contre l\u2019humanit\u00e9 \u2014 Une restriction d\u00e9lib\u00e9r\u00e9e de la conscience par Julian Rose - 3e mill\u00e9naire - Spiritualit\u00e9 - Connaissance de soi - Non-dualit\u00e9 - M\u00e9ditation<\/title>\n<meta name=\"robots\" content=\"index, follow, max-snippet:-1, max-image-preview:large, max-video-preview:-1\" \/>\n<link rel=\"canonical\" href=\"https:\/\/www.revue3emillenaire.com\/blog\/la-guerre-contre-lhumanite-une-restriction-deliberee-de-la-conscience-par-julian-rose\/\" \/>\n<meta property=\"og:locale\" content=\"fr_FR\" \/>\n<meta property=\"og:type\" content=\"article\" \/>\n<meta property=\"og:title\" content=\"La guerre contre l\u2019humanit\u00e9 \u2014 Une restriction d\u00e9lib\u00e9r\u00e9e de la conscience par Julian Rose - 3e mill\u00e9naire - Spiritualit\u00e9 - Connaissance de soi - Non-dualit\u00e9 - M\u00e9ditation\" \/>\n<meta property=\"og:description\" content=\"28\u00a0d\u00e9cembre 2024 Presque tout ce qui ne va pas dans le monde part d\u2019une r\u00e9sistance implacable \u00e0 l\u2019existence d\u2019un \u00e9tat de conscience. Le d\u00e9ni du fait que chaque nouvelle vie humaine n\u00e9e dans ce monde est une \u00e9tincelle divine, une manifestation f\u00e9conde d\u2019un potentiel illimit\u00e9. Un d\u00e9ni du fait que la conscience sup\u00e9rieure est en [&hellip;]\" \/>\n<meta property=\"og:url\" content=\"https:\/\/www.revue3emillenaire.com\/blog\/la-guerre-contre-lhumanite-une-restriction-deliberee-de-la-conscience-par-julian-rose\/\" \/>\n<meta property=\"og:site_name\" content=\"3e mill\u00e9naire - Spiritualit\u00e9 - Connaissance de soi - Non-dualit\u00e9 - M\u00e9ditation\" \/>\n<meta property=\"article:published_time\" content=\"2024-12-29T18:37:07+00:00\" \/>\n<meta property=\"og:image\" content=\"https:\/\/www.revue3emillenaire.com\/blog\/wp-content\/uploads\/2023\/07\/Julian-Rose.jpg\" \/>\n\t<meta property=\"og:image:width\" content=\"200\" \/>\n\t<meta property=\"og:image:height\" content=\"182\" \/>\n\t<meta property=\"og:image:type\" content=\"image\/jpeg\" \/>\n<meta name=\"author\" content=\"3e mill\u00e9naire\" \/>\n<meta name=\"twitter:card\" content=\"summary_large_image\" \/>\n<meta name=\"twitter:label1\" content=\"\u00c9crit par\" \/>\n\t<meta name=\"twitter:data1\" content=\"3e mill\u00e9naire\" \/>\n\t<meta name=\"twitter:label2\" content=\"Dur\u00e9e de lecture estim\u00e9e\" \/>\n\t<meta name=\"twitter:data2\" content=\"12 minutes\" \/>\n<script type=\"application\/ld+json\" class=\"yoast-schema-graph\">{\"@context\":\"https:\/\/schema.org\",\"@graph\":[{\"@type\":\"Article\",\"@id\":\"https:\/\/www.revue3emillenaire.com\/blog\/la-guerre-contre-lhumanite-une-restriction-deliberee-de-la-conscience-par-julian-rose\/#article\",\"isPartOf\":{\"@id\":\"https:\/\/www.revue3emillenaire.com\/blog\/la-guerre-contre-lhumanite-une-restriction-deliberee-de-la-conscience-par-julian-rose\/\"},\"author\":{\"name\":\"3e mill\u00e9naire\",\"@id\":\"https:\/\/www.revue3emillenaire.com\/blog\/#\/schema\/person\/b692dacff720a5344a6190bc714397eb\"},\"headline\":\"La guerre contre l\u2019humanit\u00e9 \u2014 Une restriction d\u00e9lib\u00e9r\u00e9e de la conscience par Julian Rose\",\"datePublished\":\"2024-12-29T18:37:07+00:00\",\"mainEntityOfPage\":{\"@id\":\"https:\/\/www.revue3emillenaire.com\/blog\/la-guerre-contre-lhumanite-une-restriction-deliberee-de-la-conscience-par-julian-rose\/\"},\"wordCount\":2631,\"image\":{\"@id\":\"https:\/\/www.revue3emillenaire.com\/blog\/la-guerre-contre-lhumanite-une-restriction-deliberee-de-la-conscience-par-julian-rose\/#primaryimage\"},\"thumbnailUrl\":\"https:\/\/www.revue3emillenaire.com\/blog\/wp-content\/uploads\/2023\/07\/Julian-Rose.jpg\",\"keywords\":[\"Spiritualit\u00e9\",\"Totalitarisme\"],\"articleSection\":[\"Actualit\u00e9s\",\"Rose Julian\"],\"inLanguage\":\"fr-FR\"},{\"@type\":\"WebPage\",\"@id\":\"https:\/\/www.revue3emillenaire.com\/blog\/la-guerre-contre-lhumanite-une-restriction-deliberee-de-la-conscience-par-julian-rose\/\",\"url\":\"https:\/\/www.revue3emillenaire.com\/blog\/la-guerre-contre-lhumanite-une-restriction-deliberee-de-la-conscience-par-julian-rose\/\",\"name\":\"La guerre contre l\u2019humanit\u00e9 \u2014 Une restriction d\u00e9lib\u00e9r\u00e9e de la conscience par Julian Rose - 3e mill\u00e9naire - Spiritualit\u00e9 - Connaissance de soi - Non-dualit\u00e9 - M\u00e9ditation\",\"isPartOf\":{\"@id\":\"https:\/\/www.revue3emillenaire.com\/blog\/#website\"},\"primaryImageOfPage\":{\"@id\":\"https:\/\/www.revue3emillenaire.com\/blog\/la-guerre-contre-lhumanite-une-restriction-deliberee-de-la-conscience-par-julian-rose\/#primaryimage\"},\"image\":{\"@id\":\"https:\/\/www.revue3emillenaire.com\/blog\/la-guerre-contre-lhumanite-une-restriction-deliberee-de-la-conscience-par-julian-rose\/#primaryimage\"},\"thumbnailUrl\":\"https:\/\/www.revue3emillenaire.com\/blog\/wp-content\/uploads\/2023\/07\/Julian-Rose.jpg\",\"datePublished\":\"2024-12-29T18:37:07+00:00\",\"author\":{\"@id\":\"https:\/\/www.revue3emillenaire.com\/blog\/#\/schema\/person\/b692dacff720a5344a6190bc714397eb\"},\"breadcrumb\":{\"@id\":\"https:\/\/www.revue3emillenaire.com\/blog\/la-guerre-contre-lhumanite-une-restriction-deliberee-de-la-conscience-par-julian-rose\/#breadcrumb\"},\"inLanguage\":\"fr-FR\",\"potentialAction\":[{\"@type\":\"ReadAction\",\"target\":[\"https:\/\/www.revue3emillenaire.com\/blog\/la-guerre-contre-lhumanite-une-restriction-deliberee-de-la-conscience-par-julian-rose\/\"]}]},{\"@type\":\"ImageObject\",\"inLanguage\":\"fr-FR\",\"@id\":\"https:\/\/www.revue3emillenaire.com\/blog\/la-guerre-contre-lhumanite-une-restriction-deliberee-de-la-conscience-par-julian-rose\/#primaryimage\",\"url\":\"https:\/\/www.revue3emillenaire.com\/blog\/wp-content\/uploads\/2023\/07\/Julian-Rose.jpg\",\"contentUrl\":\"https:\/\/www.revue3emillenaire.com\/blog\/wp-content\/uploads\/2023\/07\/Julian-Rose.jpg\",\"width\":200,\"height\":182},{\"@type\":\"BreadcrumbList\",\"@id\":\"https:\/\/www.revue3emillenaire.com\/blog\/la-guerre-contre-lhumanite-une-restriction-deliberee-de-la-conscience-par-julian-rose\/#breadcrumb\",\"itemListElement\":[{\"@type\":\"ListItem\",\"position\":1,\"name\":\"Accueil\",\"item\":\"https:\/\/www.revue3emillenaire.com\/blog\/\"},{\"@type\":\"ListItem\",\"position\":2,\"name\":\"La guerre contre l\u2019humanit\u00e9 \u2014 Une restriction d\u00e9lib\u00e9r\u00e9e de la conscience par Julian Rose\"}]},{\"@type\":\"WebSite\",\"@id\":\"https:\/\/www.revue3emillenaire.com\/blog\/#website\",\"url\":\"https:\/\/www.revue3emillenaire.com\/blog\/\",\"name\":\"3e mill\u00e9naire - Spiritualit\u00e9 - Connaissance de soi - Non-dualit\u00e9 - M\u00e9ditation\",\"description\":\"L&#039;Homme en devenir\",\"potentialAction\":[{\"@type\":\"SearchAction\",\"target\":{\"@type\":\"EntryPoint\",\"urlTemplate\":\"https:\/\/www.revue3emillenaire.com\/blog\/?s={search_term_string}\"},\"query-input\":{\"@type\":\"PropertyValueSpecification\",\"valueRequired\":true,\"valueName\":\"search_term_string\"}}],\"inLanguage\":\"fr-FR\"},{\"@type\":\"Person\",\"@id\":\"https:\/\/www.revue3emillenaire.com\/blog\/#\/schema\/person\/b692dacff720a5344a6190bc714397eb\",\"name\":\"3e mill\u00e9naire\",\"url\":\"https:\/\/www.revue3emillenaire.com\/blog\/author\/scoussa\/\"}]}<\/script>\n<!-- \/ Yoast SEO plugin. -->","yoast_head_json":{"title":"La guerre contre l\u2019humanit\u00e9 \u2014 Une restriction d\u00e9lib\u00e9r\u00e9e de la conscience par Julian Rose - 3e mill\u00e9naire - Spiritualit\u00e9 - Connaissance de soi - Non-dualit\u00e9 - M\u00e9ditation","robots":{"index":"index","follow":"follow","max-snippet":"max-snippet:-1","max-image-preview":"max-image-preview:large","max-video-preview":"max-video-preview:-1"},"canonical":"https:\/\/www.revue3emillenaire.com\/blog\/la-guerre-contre-lhumanite-une-restriction-deliberee-de-la-conscience-par-julian-rose\/","og_locale":"fr_FR","og_type":"article","og_title":"La guerre contre l\u2019humanit\u00e9 \u2014 Une restriction d\u00e9lib\u00e9r\u00e9e de la conscience par Julian Rose - 3e mill\u00e9naire - Spiritualit\u00e9 - Connaissance de soi - Non-dualit\u00e9 - M\u00e9ditation","og_description":"28\u00a0d\u00e9cembre 2024 Presque tout ce qui ne va pas dans le monde part d\u2019une r\u00e9sistance implacable \u00e0 l\u2019existence d\u2019un \u00e9tat de conscience. Le d\u00e9ni du fait que chaque nouvelle vie humaine n\u00e9e dans ce monde est une \u00e9tincelle divine, une manifestation f\u00e9conde d\u2019un potentiel illimit\u00e9. Un d\u00e9ni du fait que la conscience sup\u00e9rieure est en [&hellip;]","og_url":"https:\/\/www.revue3emillenaire.com\/blog\/la-guerre-contre-lhumanite-une-restriction-deliberee-de-la-conscience-par-julian-rose\/","og_site_name":"3e mill\u00e9naire - Spiritualit\u00e9 - Connaissance de soi - Non-dualit\u00e9 - M\u00e9ditation","article_published_time":"2024-12-29T18:37:07+00:00","og_image":[{"width":200,"height":182,"url":"https:\/\/www.revue3emillenaire.com\/blog\/wp-content\/uploads\/2023\/07\/Julian-Rose.jpg","type":"image\/jpeg"}],"author":"3e mill\u00e9naire","twitter_card":"summary_large_image","twitter_misc":{"\u00c9crit par":"3e mill\u00e9naire","Dur\u00e9e de lecture estim\u00e9e":"12 minutes"},"schema":{"@context":"https:\/\/schema.org","@graph":[{"@type":"Article","@id":"https:\/\/www.revue3emillenaire.com\/blog\/la-guerre-contre-lhumanite-une-restriction-deliberee-de-la-conscience-par-julian-rose\/#article","isPartOf":{"@id":"https:\/\/www.revue3emillenaire.com\/blog\/la-guerre-contre-lhumanite-une-restriction-deliberee-de-la-conscience-par-julian-rose\/"},"author":{"name":"3e mill\u00e9naire","@id":"https:\/\/www.revue3emillenaire.com\/blog\/#\/schema\/person\/b692dacff720a5344a6190bc714397eb"},"headline":"La guerre contre l\u2019humanit\u00e9 \u2014 Une restriction d\u00e9lib\u00e9r\u00e9e de la conscience par Julian Rose","datePublished":"2024-12-29T18:37:07+00:00","mainEntityOfPage":{"@id":"https:\/\/www.revue3emillenaire.com\/blog\/la-guerre-contre-lhumanite-une-restriction-deliberee-de-la-conscience-par-julian-rose\/"},"wordCount":2631,"image":{"@id":"https:\/\/www.revue3emillenaire.com\/blog\/la-guerre-contre-lhumanite-une-restriction-deliberee-de-la-conscience-par-julian-rose\/#primaryimage"},"thumbnailUrl":"https:\/\/www.revue3emillenaire.com\/blog\/wp-content\/uploads\/2023\/07\/Julian-Rose.jpg","keywords":["Spiritualit\u00e9","Totalitarisme"],"articleSection":["Actualit\u00e9s","Rose Julian"],"inLanguage":"fr-FR"},{"@type":"WebPage","@id":"https:\/\/www.revue3emillenaire.com\/blog\/la-guerre-contre-lhumanite-une-restriction-deliberee-de-la-conscience-par-julian-rose\/","url":"https:\/\/www.revue3emillenaire.com\/blog\/la-guerre-contre-lhumanite-une-restriction-deliberee-de-la-conscience-par-julian-rose\/","name":"La guerre contre l\u2019humanit\u00e9 \u2014 Une restriction d\u00e9lib\u00e9r\u00e9e de la conscience par Julian Rose - 3e mill\u00e9naire - Spiritualit\u00e9 - Connaissance de soi - Non-dualit\u00e9 - M\u00e9ditation","isPartOf":{"@id":"https:\/\/www.revue3emillenaire.com\/blog\/#website"},"primaryImageOfPage":{"@id":"https:\/\/www.revue3emillenaire.com\/blog\/la-guerre-contre-lhumanite-une-restriction-deliberee-de-la-conscience-par-julian-rose\/#primaryimage"},"image":{"@id":"https:\/\/www.revue3emillenaire.com\/blog\/la-guerre-contre-lhumanite-une-restriction-deliberee-de-la-conscience-par-julian-rose\/#primaryimage"},"thumbnailUrl":"https:\/\/www.revue3emillenaire.com\/blog\/wp-content\/uploads\/2023\/07\/Julian-Rose.jpg","datePublished":"2024-12-29T18:37:07+00:00","author":{"@id":"https:\/\/www.revue3emillenaire.com\/blog\/#\/schema\/person\/b692dacff720a5344a6190bc714397eb"},"breadcrumb":{"@id":"https:\/\/www.revue3emillenaire.com\/blog\/la-guerre-contre-lhumanite-une-restriction-deliberee-de-la-conscience-par-julian-rose\/#breadcrumb"},"inLanguage":"fr-FR","potentialAction":[{"@type":"ReadAction","target":["https:\/\/www.revue3emillenaire.com\/blog\/la-guerre-contre-lhumanite-une-restriction-deliberee-de-la-conscience-par-julian-rose\/"]}]},{"@type":"ImageObject","inLanguage":"fr-FR","@id":"https:\/\/www.revue3emillenaire.com\/blog\/la-guerre-contre-lhumanite-une-restriction-deliberee-de-la-conscience-par-julian-rose\/#primaryimage","url":"https:\/\/www.revue3emillenaire.com\/blog\/wp-content\/uploads\/2023\/07\/Julian-Rose.jpg","contentUrl":"https:\/\/www.revue3emillenaire.com\/blog\/wp-content\/uploads\/2023\/07\/Julian-Rose.jpg","width":200,"height":182},{"@type":"BreadcrumbList","@id":"https:\/\/www.revue3emillenaire.com\/blog\/la-guerre-contre-lhumanite-une-restriction-deliberee-de-la-conscience-par-julian-rose\/#breadcrumb","itemListElement":[{"@type":"ListItem","position":1,"name":"Accueil","item":"https:\/\/www.revue3emillenaire.com\/blog\/"},{"@type":"ListItem","position":2,"name":"La guerre contre l\u2019humanit\u00e9 \u2014 Une restriction d\u00e9lib\u00e9r\u00e9e de la conscience par Julian Rose"}]},{"@type":"WebSite","@id":"https:\/\/www.revue3emillenaire.com\/blog\/#website","url":"https:\/\/www.revue3emillenaire.com\/blog\/","name":"3e mill\u00e9naire - Spiritualit\u00e9 - Connaissance de soi - Non-dualit\u00e9 - M\u00e9ditation","description":"L&#039;Homme en devenir","potentialAction":[{"@type":"SearchAction","target":{"@type":"EntryPoint","urlTemplate":"https:\/\/www.revue3emillenaire.com\/blog\/?s={search_term_string}"},"query-input":{"@type":"PropertyValueSpecification","valueRequired":true,"valueName":"search_term_string"}}],"inLanguage":"fr-FR"},{"@type":"Person","@id":"https:\/\/www.revue3emillenaire.com\/blog\/#\/schema\/person\/b692dacff720a5344a6190bc714397eb","name":"3e mill\u00e9naire","url":"https:\/\/www.revue3emillenaire.com\/blog\/author\/scoussa\/"}]}},"_links":{"self":[{"href":"https:\/\/www.revue3emillenaire.com\/blog\/wp-json\/wp\/v2\/posts\/20380","targetHints":{"allow":["GET"]}}],"collection":[{"href":"https:\/\/www.revue3emillenaire.com\/blog\/wp-json\/wp\/v2\/posts"}],"about":[{"href":"https:\/\/www.revue3emillenaire.com\/blog\/wp-json\/wp\/v2\/types\/post"}],"author":[{"embeddable":true,"href":"https:\/\/www.revue3emillenaire.com\/blog\/wp-json\/wp\/v2\/users\/2"}],"replies":[{"embeddable":true,"href":"https:\/\/www.revue3emillenaire.com\/blog\/wp-json\/wp\/v2\/comments?post=20380"}],"version-history":[{"count":0,"href":"https:\/\/www.revue3emillenaire.com\/blog\/wp-json\/wp\/v2\/posts\/20380\/revisions"}],"wp:featuredmedia":[{"embeddable":true,"href":"https:\/\/www.revue3emillenaire.com\/blog\/wp-json\/wp\/v2\/media\/19427"}],"wp:attachment":[{"href":"https:\/\/www.revue3emillenaire.com\/blog\/wp-json\/wp\/v2\/media?parent=20380"}],"wp:term":[{"taxonomy":"category","embeddable":true,"href":"https:\/\/www.revue3emillenaire.com\/blog\/wp-json\/wp\/v2\/categories?post=20380"},{"taxonomy":"post_tag","embeddable":true,"href":"https:\/\/www.revue3emillenaire.com\/blog\/wp-json\/wp\/v2\/tags?post=20380"}],"curies":[{"name":"wp","href":"https:\/\/api.w.org\/{rel}","templated":true}]}}