{"id":20381,"date":"2024-12-30T04:20:37","date_gmt":"2024-12-30T03:20:37","guid":{"rendered":"https:\/\/www.revue3emillenaire.com\/blog\/?p=20381"},"modified":"2024-12-30T04:20:37","modified_gmt":"2024-12-30T03:20:37","slug":"pas-de-place-pour-la-croissance-par-todd-hayen","status":"publish","type":"post","link":"https:\/\/www.revue3emillenaire.com\/blog\/pas-de-place-pour-la-croissance-par-todd-hayen\/","title":{"rendered":"Pas de place pour la croissance par Todd Hayen"},"content":{"rendered":"<p class=\"western\" align=\"justify\">M\u00eame si je suis absolument certain d\u2019une chose, je reste ouvert \u00e0 la discussion avec un avis contraire. C\u2019est en tout cas ainsi que je renforce mon argumentation. Je veux savoir exactement quelle est la position contraire afin de voir si mon hypoth\u00e8se pr\u00e9sente des faiblesses.<\/p>\n<p class=\"western\" align=\"justify\">Il y a toujours de la place pour la croissance.<\/p>\n<p class=\"western\" align=\"justify\">Je n\u2019aborde g\u00e9n\u00e9ralement pas ces discussions avec l\u2019intention de faire changer quelqu\u2019un d\u2019avis, et je ne m\u2019attends g\u00e9n\u00e9ralement pas \u00e0 ce que l\u2019opposition change le mien, bien que je sois ouvert \u00e0 cette possibilit\u00e9.<\/p>\n<p class=\"western\" align=\"justify\">Lorsque je ne suis pas d\u2019accord \u00e0 100\u00a0%, je veux absolument entendre l\u2019autre c\u00f4t\u00e9, pour des raisons \u00e9videntes. Si je ne suis pas certain, plus j\u2019obtiens d\u2019informations, mieux je suis pr\u00e9par\u00e9 \u00e0 \u00e9valuer la solidit\u00e9 de ma position. Cela me semble relever du bon sens et je suis continuellement \u00e9tonn\u00e9 que tout le monde ne ressente pas la m\u00eame chose. Eh bien, beaucoup de gens le font. Ce sont <a href=\"https:\/\/www.shrewviews.com\/p\/sheep-and-shrew?s=w\" target=\"_blank\" rel=\"noopener\">les esprits aiguis\u00e9s<\/a>. Je n\u2019ai pas encore rencontr\u00e9 un esprit aiguis\u00e9 \u00e0 l\u2019esprit compl\u00e8tement ferm\u00e9. J\u2019en ai rencontr\u00e9 qui sont un peu plus ferm\u00e9s d\u2019esprit sur certaines choses, mais jamais sur tout. J\u2019ai rencontr\u00e9 de nombreux moutons compl\u00e8tement ferm\u00e9s, au point que cela en devient risible.<\/p>\n<p class=\"western\" align=\"justify\">Comment cela se fait-il\u00a0?<\/p>\n<p class=\"western\" align=\"justify\">Eh bien, ils diraient qu\u2019ils sont si certains de leur position que tout ce qui s\u2019y oppose n\u2019est que folie absurde. Prenons l\u2019exemple de la th\u00e9orie du germe contre le terrain. Non, pas un mot n\u2019est permis. Aucun espace pour quoi que ce soit qui s\u2019oppose \u00e0 l\u2019obsession de Pasteur pour les germes. Ou des sujets encore plus controvers\u00e9s comme l\u2019alunissage ou la th\u00e9orie de la terre plate. Oubliez \u00e7a. Tout ce qui s\u2019oppose au courant dominant sur ces deux questions est consid\u00e9r\u00e9 comme tellement absurde qu\u2019une personne serait compl\u00e8tement idiote d\u2019\u00e9couter ces id\u00e9es oppos\u00e9es.<\/p>\n<p class=\"western\" align=\"justify\">Je dois admettre qu\u2019il y a des choses que j\u2019ai du mal \u00e0 croire, mais je les \u00e9coute quand m\u00eame.<\/p>\n<p class=\"western\" align=\"justify\">En fait, plus une id\u00e9e semble \u00e9trange, je suis d\u2019autant plus curieux d\u2019entendre l\u2019argumentation. En g\u00e9n\u00e9ral, si les personnes du c\u00f4t\u00e9 \u00ab\u00a0\u00e9trange\u00a0\u00bb sont intelligentes et bien \u00e9duqu\u00e9es, je suis doublement curieux. Mais j\u2019\u00e9couterai tout le monde, m\u00eame quelqu\u2019un diagnostiqu\u00e9 comme psychotique. Je trouve fascinant le point de vue des gens sur la nature, la science et le monde qui les entoure, m\u00eame si leurs id\u00e9es peuvent sembler \u00ab\u00a0d\u00e9cal\u00e9es\u00a0\u00bb.<\/p>\n<p class=\"western\" align=\"justify\">Mais ce sont des exemples extr\u00eames. Qu\u2019en est-il des exemples plus simples, comme la question de savoir si un vaccin mis au point en huit mois pourrait \u00eatre s\u00fbr et efficace\u00a0? M\u00eame si d\u2019\u00e9minents m\u00e9decins et scientifiques l\u2019affirment. N\u2019est-ce pas l\u00e0 quelque chose qui devrait \u00e9veiller la curiosit\u00e9 des gens ordinaires\u00a0? Les gens ne veulent-ils pas savoir ce que pensent les autres, en particulier ceux qui \u00ab\u00a0devraient savoir quelque chose\u00a0\u00bb\u00a0?<\/p>\n<p class=\"western\" align=\"justify\">J\u2019ai d\u00e9j\u00e0 comment\u00e9 cette question un million de fois, n\u2019est-ce pas\u00a0? Mais je suis toujours aussi perplexe. Autrefois, les gens \u00e9taient curieux de tout et tout aussi sceptiques. Aujourd\u2019hui, tout le monde semble tout savoir.<\/p>\n<p class=\"western\" align=\"justify\">C\u2019est bien l\u00e0 le probl\u00e8me, n\u2019est-ce pas\u00a0? Aujourd\u2019hui, tout le monde se prend pour un expert. Ou, plus exactement, ils pensent qu\u2019ils savent qui est l\u2019expert. Mais ils ne pr\u00e9sentent g\u00e9n\u00e9ralement pas les choses de cette mani\u00e8re\u00a0; ils ne disent pas\u00a0: \u00ab\u00a0\u00c9coutez untel, il sait de quoi il parle\u00a0\u00bb. Ce serait m\u00eame mieux que ce qu\u2019ils font aujourd\u2019hui, car vous pourriez alors contester leur expert avec le v\u00f4tre. Non, ils revendiquent souvent cette expertise eux-m\u00eames. M\u00eame si presque toutes les informations que nous pr\u00e9tendons d\u00e9tenir proviennent d\u2019ailleurs que de notre propre exp\u00e9rience, la plupart des gens (du moins ceux dont je me plains actuellement) les revendiquent pour eux-m\u00eames. \u00ab\u00a0Je ne pr\u00e9tends pas \u00eatre un expert, mais il n\u2019est pas n\u00e9cessaire d\u2019\u00eatre un expert pour savoir ce qui est juste\u00a0\u00bb.<\/p>\n<p class=\"western\" align=\"justify\">Quelle arrogance\u00a0!<\/p>\n<p class=\"western\" align=\"justify\">Bien s\u00fbr, il y a une part de v\u00e9rit\u00e9 dans le fait de s\u2019en tenir \u00e0 ce que l\u2019on croit intuitivement \u00eatre correct. Nous, les esprits aiguis\u00e9s, le faisons aussi. Mais lorsque ce que vous croyez est quelque chose qu\u2019un fait peut modifier, comme un vaccin \u00ab\u00a0s\u00fbr et efficace\u00a0\u00bb, l\u2019intuition ne suffit pas. Si une hache qui plonge vers votre cr\u00e2ne peut vous ouvrir la t\u00eate, il importe peu que votre \u00ab\u00a0intuition\u00a0\u00bb vous dise qu\u2019elle ne vous tuera pas.<\/p>\n<p class=\"western\" align=\"justify\">Je ne critique pas l\u2019intuition, elle est tr\u00e8s utile et tr\u00e8s fiable dans les situations o\u00f9 les faits ne sont pas clairs (ce qui est le cas dans la plupart des situations). Je suis s\u00fbr que beaucoup d\u2019entre nous peuvent dire (moi en tout cas) que lorsque la folie Covid a \u00e9clat\u00e9, nous avons su intuitivement que quelque chose n\u2019allait pas. L\u2019intuition n\u2019est pas toujours un simple sentiment \u00ab\u00a0sorti de nulle part\u00a0\u00bb. Le plus souvent, elle s\u2019appuie sur une myriade d\u2019exp\u00e9riences acquises, dont la plupart se trouvent aujourd\u2019hui dans l\u2019inconscient. Une partie de ces exp\u00e9riences se trouve plus que probablement dans l\u2019inconscient collectif (informations stock\u00e9es depuis le d\u00e9but de l\u2019existence humaine).<\/p>\n<p class=\"western\" align=\"justify\">En sortant un peu des sentiers battus et en revenant \u00e0 l\u2019essentiel, \u00e0 savoir les esprits ferm\u00e9s, il semble que personne (ou aucun mouton) ne veuille \u00e9largir sa base de connaissances. C\u2019est une situation bien triste. Inutile de dire que si nous, en tant que race humaine, renon\u00e7ons aux \u00ab\u00a0opportunit\u00e9s de croissance intellectuelle\u00a0\u00bb, nous finirons par stagner et p\u00e9rir. Et avant cette disparition imminente, nous serons constamment \u00e0 la gorge les uns des autres (comme nous le sommes aujourd\u2019hui).<\/p>\n<p class=\"western\" align=\"justify\">Le jeu d\u2019aujourd\u2019hui est un jeu d\u2019ad hominem. Attaquer le messager, quelle que soit la validit\u00e9 du message. Idiots, cr\u00e9tins, n\u00e9gateurs de la science, th\u00e9oriciens du complot, autant de descriptions m\u00e9prisantes destin\u00e9es \u00e0 diminuer l\u2019importance de la personne dont le message est contradictoire, afin de la rendre totalement inutile. En g\u00e9n\u00e9ral, il n\u2019y a que tr\u00e8s peu de crit\u00e8res pour y parvenir, si ce n\u2019est que le message est \u00ab\u00a0contraire au r\u00e9cit dominant\u00a0\u00bb. Il n\u2019est pas n\u00e9cessaire que ces personnes soient incultes et mentalement d\u00e9ficientes. Elles doivent simplement avoir un point de vue contradictoire, un point de vue qui va \u00e0 l\u2019encontre du discours dominant.<\/p>\n<p class=\"western\" align=\"justify\">Alors, qu\u2019est-ce qui rend un r\u00e9cit \u00ab\u00a0courant et dominant\u00a0\u00bb\u00a0? Il n\u2019est peut-\u00eatre pas si facile de r\u00e9pondre \u00e0 cette question. La raison \u00e9vidente serait \u00ab\u00a0qui d\u00e9tient le plus d\u2019autorit\u00e9\u00a0\u00bb \u2014 et il semble que l\u2019autorit\u00e9 soit mesur\u00e9e aujourd\u2019hui par qui est le plus haut plac\u00e9 dans le syst\u00e8me gouvernemental actuel. Ou qui a les faveurs des m\u00e9dias. Le plus haut plac\u00e9 dans le syst\u00e8me gouvernemental ne suffit pas toujours (regardez l\u2019actuel pr\u00e9sident \u00e9lu). Environ la moiti\u00e9 de la population am\u00e9ricaine le consid\u00e8re comme le diable incarn\u00e9. J\u2019en conclurais que le pouvoir absolu de dicter le r\u00e9cit qui serait consid\u00e9r\u00e9 comme courant et pr\u00e9valent serait celui des m\u00e9dias. Et bien s\u00fbr, les m\u00e9dias sont contr\u00f4l\u00e9s (poss\u00e9d\u00e9s) par les \u00ab\u00a0\u00e9lites\u00a0\u00bb \u2014 ou l\u2019\u00ab\u00a0agenda\u00a0\u00bb.<\/p>\n<p class=\"western\" align=\"justify\">Qui sont-ils\u00a0? Ne me lancez pas sur ce terrain.<\/p>\n<p class=\"western\" align=\"justify\">Texte original\u00a0: <span style=\"color: #000080;\"><u><a href=\"https:\/\/off-guardian.org\/2024\/12\/27\/no-room-for-growth\/\" target=\"_blank\" rel=\"noopener\">https:\/\/off-guardian.org\/2024\/12\/27\/no-room-for-growth\/<\/a><\/u><\/span><\/p>\n","protected":false},"excerpt":{"rendered":"<p>M\u00eame si je suis absolument certain d\u2019une chose, je reste ouvert \u00e0 la discussion avec un avis contraire. C\u2019est en tout cas ainsi que je renforce mon argumentation. Je veux savoir exactement quelle est la position contraire afin de voir si mon hypoth\u00e8se pr\u00e9sente des faiblesses. Il y a toujours de la place pour la [&hellip;]<\/p>\n","protected":false},"author":2,"featured_media":20365,"comment_status":"closed","ping_status":"closed","sticky":false,"template":"","format":"standard","meta":{"footnotes":""},"categories":[1540,1790],"tags":[22,1870,2051,338],"class_list":["post-20381","post","type-post","status-publish","format-standard","has-post-thumbnail","hentry","category-actualite","category-hayen-todd","tag-conditionnement","tag-discussion","tag-fermeture-desprit","tag-ouverture"],"yoast_head":"<!-- This site is optimized with the Yoast SEO plugin v27.0 - https:\/\/yoast.com\/product\/yoast-seo-wordpress\/ -->\n<title>Pas de place pour la croissance par Todd Hayen - 3e mill\u00e9naire - Spiritualit\u00e9 - Connaissance de soi - Non-dualit\u00e9 - M\u00e9ditation<\/title>\n<meta name=\"robots\" content=\"index, follow, max-snippet:-1, max-image-preview:large, max-video-preview:-1\" \/>\n<link rel=\"canonical\" href=\"https:\/\/www.revue3emillenaire.com\/blog\/pas-de-place-pour-la-croissance-par-todd-hayen\/\" \/>\n<meta property=\"og:locale\" content=\"fr_FR\" \/>\n<meta property=\"og:type\" content=\"article\" \/>\n<meta property=\"og:title\" content=\"Pas de place pour la croissance par Todd Hayen - 3e mill\u00e9naire - Spiritualit\u00e9 - Connaissance de soi - Non-dualit\u00e9 - M\u00e9ditation\" \/>\n<meta property=\"og:description\" content=\"M\u00eame si je suis absolument certain d\u2019une chose, je reste ouvert \u00e0 la discussion avec un avis contraire. C\u2019est en tout cas ainsi que je renforce mon argumentation. Je veux savoir exactement quelle est la position contraire afin de voir si mon hypoth\u00e8se pr\u00e9sente des faiblesses. Il y a toujours de la place pour la [&hellip;]\" \/>\n<meta property=\"og:url\" content=\"https:\/\/www.revue3emillenaire.com\/blog\/pas-de-place-pour-la-croissance-par-todd-hayen\/\" \/>\n<meta property=\"og:site_name\" content=\"3e mill\u00e9naire - Spiritualit\u00e9 - Connaissance de soi - Non-dualit\u00e9 - M\u00e9ditation\" \/>\n<meta property=\"article:published_time\" content=\"2024-12-30T03:20:37+00:00\" \/>\n<meta property=\"og:image\" content=\"https:\/\/www.revue3emillenaire.com\/blog\/wp-content\/uploads\/2024\/12\/Todd-Hayen2.jpg\" \/>\n\t<meta property=\"og:image:width\" content=\"127\" \/>\n\t<meta property=\"og:image:height\" content=\"171\" \/>\n\t<meta property=\"og:image:type\" content=\"image\/jpeg\" \/>\n<meta name=\"author\" content=\"3e mill\u00e9naire\" \/>\n<meta name=\"twitter:card\" content=\"summary_large_image\" \/>\n<meta name=\"twitter:label1\" content=\"\u00c9crit par\" \/>\n\t<meta name=\"twitter:data1\" content=\"3e mill\u00e9naire\" \/>\n\t<meta name=\"twitter:label2\" content=\"Dur\u00e9e de lecture estim\u00e9e\" \/>\n\t<meta name=\"twitter:data2\" content=\"7 minutes\" \/>\n<script type=\"application\/ld+json\" class=\"yoast-schema-graph\">{\"@context\":\"https:\/\/schema.org\",\"@graph\":[{\"@type\":\"Article\",\"@id\":\"https:\/\/www.revue3emillenaire.com\/blog\/pas-de-place-pour-la-croissance-par-todd-hayen\/#article\",\"isPartOf\":{\"@id\":\"https:\/\/www.revue3emillenaire.com\/blog\/pas-de-place-pour-la-croissance-par-todd-hayen\/\"},\"author\":{\"name\":\"3e mill\u00e9naire\",\"@id\":\"https:\/\/www.revue3emillenaire.com\/blog\/#\/schema\/person\/b692dacff720a5344a6190bc714397eb\"},\"headline\":\"Pas de place pour la croissance par Todd Hayen\",\"datePublished\":\"2024-12-30T03:20:37+00:00\",\"mainEntityOfPage\":{\"@id\":\"https:\/\/www.revue3emillenaire.com\/blog\/pas-de-place-pour-la-croissance-par-todd-hayen\/\"},\"wordCount\":1319,\"image\":{\"@id\":\"https:\/\/www.revue3emillenaire.com\/blog\/pas-de-place-pour-la-croissance-par-todd-hayen\/#primaryimage\"},\"thumbnailUrl\":\"https:\/\/www.revue3emillenaire.com\/blog\/wp-content\/uploads\/2024\/12\/Todd-Hayen2.jpg\",\"keywords\":[\"Conditionnement\",\"Discussion\",\"Fermeture d'esprit\",\"ouverture\"],\"articleSection\":[\"Actualit\u00e9s\",\"Hayen Todd\"],\"inLanguage\":\"fr-FR\"},{\"@type\":\"WebPage\",\"@id\":\"https:\/\/www.revue3emillenaire.com\/blog\/pas-de-place-pour-la-croissance-par-todd-hayen\/\",\"url\":\"https:\/\/www.revue3emillenaire.com\/blog\/pas-de-place-pour-la-croissance-par-todd-hayen\/\",\"name\":\"Pas de place pour la croissance par Todd Hayen - 3e mill\u00e9naire - Spiritualit\u00e9 - Connaissance de soi - Non-dualit\u00e9 - M\u00e9ditation\",\"isPartOf\":{\"@id\":\"https:\/\/www.revue3emillenaire.com\/blog\/#website\"},\"primaryImageOfPage\":{\"@id\":\"https:\/\/www.revue3emillenaire.com\/blog\/pas-de-place-pour-la-croissance-par-todd-hayen\/#primaryimage\"},\"image\":{\"@id\":\"https:\/\/www.revue3emillenaire.com\/blog\/pas-de-place-pour-la-croissance-par-todd-hayen\/#primaryimage\"},\"thumbnailUrl\":\"https:\/\/www.revue3emillenaire.com\/blog\/wp-content\/uploads\/2024\/12\/Todd-Hayen2.jpg\",\"datePublished\":\"2024-12-30T03:20:37+00:00\",\"author\":{\"@id\":\"https:\/\/www.revue3emillenaire.com\/blog\/#\/schema\/person\/b692dacff720a5344a6190bc714397eb\"},\"breadcrumb\":{\"@id\":\"https:\/\/www.revue3emillenaire.com\/blog\/pas-de-place-pour-la-croissance-par-todd-hayen\/#breadcrumb\"},\"inLanguage\":\"fr-FR\",\"potentialAction\":[{\"@type\":\"ReadAction\",\"target\":[\"https:\/\/www.revue3emillenaire.com\/blog\/pas-de-place-pour-la-croissance-par-todd-hayen\/\"]}]},{\"@type\":\"ImageObject\",\"inLanguage\":\"fr-FR\",\"@id\":\"https:\/\/www.revue3emillenaire.com\/blog\/pas-de-place-pour-la-croissance-par-todd-hayen\/#primaryimage\",\"url\":\"https:\/\/www.revue3emillenaire.com\/blog\/wp-content\/uploads\/2024\/12\/Todd-Hayen2.jpg\",\"contentUrl\":\"https:\/\/www.revue3emillenaire.com\/blog\/wp-content\/uploads\/2024\/12\/Todd-Hayen2.jpg\",\"width\":127,\"height\":171},{\"@type\":\"BreadcrumbList\",\"@id\":\"https:\/\/www.revue3emillenaire.com\/blog\/pas-de-place-pour-la-croissance-par-todd-hayen\/#breadcrumb\",\"itemListElement\":[{\"@type\":\"ListItem\",\"position\":1,\"name\":\"Accueil\",\"item\":\"https:\/\/www.revue3emillenaire.com\/blog\/\"},{\"@type\":\"ListItem\",\"position\":2,\"name\":\"Pas de place pour la croissance par Todd Hayen\"}]},{\"@type\":\"WebSite\",\"@id\":\"https:\/\/www.revue3emillenaire.com\/blog\/#website\",\"url\":\"https:\/\/www.revue3emillenaire.com\/blog\/\",\"name\":\"3e mill\u00e9naire - Spiritualit\u00e9 - Connaissance de soi - Non-dualit\u00e9 - M\u00e9ditation\",\"description\":\"L&#039;Homme en devenir\",\"potentialAction\":[{\"@type\":\"SearchAction\",\"target\":{\"@type\":\"EntryPoint\",\"urlTemplate\":\"https:\/\/www.revue3emillenaire.com\/blog\/?s={search_term_string}\"},\"query-input\":{\"@type\":\"PropertyValueSpecification\",\"valueRequired\":true,\"valueName\":\"search_term_string\"}}],\"inLanguage\":\"fr-FR\"},{\"@type\":\"Person\",\"@id\":\"https:\/\/www.revue3emillenaire.com\/blog\/#\/schema\/person\/b692dacff720a5344a6190bc714397eb\",\"name\":\"3e mill\u00e9naire\",\"url\":\"https:\/\/www.revue3emillenaire.com\/blog\/author\/scoussa\/\"}]}<\/script>\n<!-- \/ Yoast SEO plugin. -->","yoast_head_json":{"title":"Pas de place pour la croissance par Todd Hayen - 3e mill\u00e9naire - Spiritualit\u00e9 - Connaissance de soi - Non-dualit\u00e9 - M\u00e9ditation","robots":{"index":"index","follow":"follow","max-snippet":"max-snippet:-1","max-image-preview":"max-image-preview:large","max-video-preview":"max-video-preview:-1"},"canonical":"https:\/\/www.revue3emillenaire.com\/blog\/pas-de-place-pour-la-croissance-par-todd-hayen\/","og_locale":"fr_FR","og_type":"article","og_title":"Pas de place pour la croissance par Todd Hayen - 3e mill\u00e9naire - Spiritualit\u00e9 - Connaissance de soi - Non-dualit\u00e9 - M\u00e9ditation","og_description":"M\u00eame si je suis absolument certain d\u2019une chose, je reste ouvert \u00e0 la discussion avec un avis contraire. C\u2019est en tout cas ainsi que je renforce mon argumentation. Je veux savoir exactement quelle est la position contraire afin de voir si mon hypoth\u00e8se pr\u00e9sente des faiblesses. Il y a toujours de la place pour la [&hellip;]","og_url":"https:\/\/www.revue3emillenaire.com\/blog\/pas-de-place-pour-la-croissance-par-todd-hayen\/","og_site_name":"3e mill\u00e9naire - Spiritualit\u00e9 - Connaissance de soi - Non-dualit\u00e9 - M\u00e9ditation","article_published_time":"2024-12-30T03:20:37+00:00","og_image":[{"width":127,"height":171,"url":"https:\/\/www.revue3emillenaire.com\/blog\/wp-content\/uploads\/2024\/12\/Todd-Hayen2.jpg","type":"image\/jpeg"}],"author":"3e mill\u00e9naire","twitter_card":"summary_large_image","twitter_misc":{"\u00c9crit par":"3e mill\u00e9naire","Dur\u00e9e de lecture estim\u00e9e":"7 minutes"},"schema":{"@context":"https:\/\/schema.org","@graph":[{"@type":"Article","@id":"https:\/\/www.revue3emillenaire.com\/blog\/pas-de-place-pour-la-croissance-par-todd-hayen\/#article","isPartOf":{"@id":"https:\/\/www.revue3emillenaire.com\/blog\/pas-de-place-pour-la-croissance-par-todd-hayen\/"},"author":{"name":"3e mill\u00e9naire","@id":"https:\/\/www.revue3emillenaire.com\/blog\/#\/schema\/person\/b692dacff720a5344a6190bc714397eb"},"headline":"Pas de place pour la croissance par Todd Hayen","datePublished":"2024-12-30T03:20:37+00:00","mainEntityOfPage":{"@id":"https:\/\/www.revue3emillenaire.com\/blog\/pas-de-place-pour-la-croissance-par-todd-hayen\/"},"wordCount":1319,"image":{"@id":"https:\/\/www.revue3emillenaire.com\/blog\/pas-de-place-pour-la-croissance-par-todd-hayen\/#primaryimage"},"thumbnailUrl":"https:\/\/www.revue3emillenaire.com\/blog\/wp-content\/uploads\/2024\/12\/Todd-Hayen2.jpg","keywords":["Conditionnement","Discussion","Fermeture d'esprit","ouverture"],"articleSection":["Actualit\u00e9s","Hayen Todd"],"inLanguage":"fr-FR"},{"@type":"WebPage","@id":"https:\/\/www.revue3emillenaire.com\/blog\/pas-de-place-pour-la-croissance-par-todd-hayen\/","url":"https:\/\/www.revue3emillenaire.com\/blog\/pas-de-place-pour-la-croissance-par-todd-hayen\/","name":"Pas de place pour la croissance par Todd Hayen - 3e mill\u00e9naire - Spiritualit\u00e9 - Connaissance de soi - Non-dualit\u00e9 - M\u00e9ditation","isPartOf":{"@id":"https:\/\/www.revue3emillenaire.com\/blog\/#website"},"primaryImageOfPage":{"@id":"https:\/\/www.revue3emillenaire.com\/blog\/pas-de-place-pour-la-croissance-par-todd-hayen\/#primaryimage"},"image":{"@id":"https:\/\/www.revue3emillenaire.com\/blog\/pas-de-place-pour-la-croissance-par-todd-hayen\/#primaryimage"},"thumbnailUrl":"https:\/\/www.revue3emillenaire.com\/blog\/wp-content\/uploads\/2024\/12\/Todd-Hayen2.jpg","datePublished":"2024-12-30T03:20:37+00:00","author":{"@id":"https:\/\/www.revue3emillenaire.com\/blog\/#\/schema\/person\/b692dacff720a5344a6190bc714397eb"},"breadcrumb":{"@id":"https:\/\/www.revue3emillenaire.com\/blog\/pas-de-place-pour-la-croissance-par-todd-hayen\/#breadcrumb"},"inLanguage":"fr-FR","potentialAction":[{"@type":"ReadAction","target":["https:\/\/www.revue3emillenaire.com\/blog\/pas-de-place-pour-la-croissance-par-todd-hayen\/"]}]},{"@type":"ImageObject","inLanguage":"fr-FR","@id":"https:\/\/www.revue3emillenaire.com\/blog\/pas-de-place-pour-la-croissance-par-todd-hayen\/#primaryimage","url":"https:\/\/www.revue3emillenaire.com\/blog\/wp-content\/uploads\/2024\/12\/Todd-Hayen2.jpg","contentUrl":"https:\/\/www.revue3emillenaire.com\/blog\/wp-content\/uploads\/2024\/12\/Todd-Hayen2.jpg","width":127,"height":171},{"@type":"BreadcrumbList","@id":"https:\/\/www.revue3emillenaire.com\/blog\/pas-de-place-pour-la-croissance-par-todd-hayen\/#breadcrumb","itemListElement":[{"@type":"ListItem","position":1,"name":"Accueil","item":"https:\/\/www.revue3emillenaire.com\/blog\/"},{"@type":"ListItem","position":2,"name":"Pas de place pour la croissance par Todd Hayen"}]},{"@type":"WebSite","@id":"https:\/\/www.revue3emillenaire.com\/blog\/#website","url":"https:\/\/www.revue3emillenaire.com\/blog\/","name":"3e mill\u00e9naire - Spiritualit\u00e9 - Connaissance de soi - Non-dualit\u00e9 - M\u00e9ditation","description":"L&#039;Homme en devenir","potentialAction":[{"@type":"SearchAction","target":{"@type":"EntryPoint","urlTemplate":"https:\/\/www.revue3emillenaire.com\/blog\/?s={search_term_string}"},"query-input":{"@type":"PropertyValueSpecification","valueRequired":true,"valueName":"search_term_string"}}],"inLanguage":"fr-FR"},{"@type":"Person","@id":"https:\/\/www.revue3emillenaire.com\/blog\/#\/schema\/person\/b692dacff720a5344a6190bc714397eb","name":"3e mill\u00e9naire","url":"https:\/\/www.revue3emillenaire.com\/blog\/author\/scoussa\/"}]}},"_links":{"self":[{"href":"https:\/\/www.revue3emillenaire.com\/blog\/wp-json\/wp\/v2\/posts\/20381","targetHints":{"allow":["GET"]}}],"collection":[{"href":"https:\/\/www.revue3emillenaire.com\/blog\/wp-json\/wp\/v2\/posts"}],"about":[{"href":"https:\/\/www.revue3emillenaire.com\/blog\/wp-json\/wp\/v2\/types\/post"}],"author":[{"embeddable":true,"href":"https:\/\/www.revue3emillenaire.com\/blog\/wp-json\/wp\/v2\/users\/2"}],"replies":[{"embeddable":true,"href":"https:\/\/www.revue3emillenaire.com\/blog\/wp-json\/wp\/v2\/comments?post=20381"}],"version-history":[{"count":0,"href":"https:\/\/www.revue3emillenaire.com\/blog\/wp-json\/wp\/v2\/posts\/20381\/revisions"}],"wp:featuredmedia":[{"embeddable":true,"href":"https:\/\/www.revue3emillenaire.com\/blog\/wp-json\/wp\/v2\/media\/20365"}],"wp:attachment":[{"href":"https:\/\/www.revue3emillenaire.com\/blog\/wp-json\/wp\/v2\/media?parent=20381"}],"wp:term":[{"taxonomy":"category","embeddable":true,"href":"https:\/\/www.revue3emillenaire.com\/blog\/wp-json\/wp\/v2\/categories?post=20381"},{"taxonomy":"post_tag","embeddable":true,"href":"https:\/\/www.revue3emillenaire.com\/blog\/wp-json\/wp\/v2\/tags?post=20381"}],"curies":[{"name":"wp","href":"https:\/\/api.w.org\/{rel}","templated":true}]}}