{"id":20482,"date":"2025-02-22T01:11:04","date_gmt":"2025-02-22T00:11:04","guid":{"rendered":"https:\/\/www.revue3emillenaire.com\/blog\/?p=20482"},"modified":"2025-02-22T01:11:04","modified_gmt":"2025-02-22T00:11:04","slug":"votre-role-vital-dans-la-decorporatisation-de-la-chaine-alimentaire-par-julian-rose","status":"publish","type":"post","link":"https:\/\/www.revue3emillenaire.com\/blog\/votre-role-vital-dans-la-decorporatisation-de-la-chaine-alimentaire-par-julian-rose\/","title":{"rendered":"Votre r\u00f4le vital dans la d\u00e9corporatisation de la cha\u00eene alimentaire par Julian Rose"},"content":{"rendered":"<p class=\"western\" align=\"justify\"><span style=\"font-family: Times New Roman, serif;\"><span style=\"font-size: medium;\">21\u00a0f\u00e9vrier 2025<\/span><\/span><\/p>\n<p class=\"western\" align=\"justify\"><span style=\"color: #000000;\"><span style=\"font-family: Times New Roman, serif;\"><span style=\"font-size: medium;\"><span lang=\"fr-FR\">Je commence cet article par des informations qui vous permettront de prendre conscience de la provenance d\u2019environ 90\u00a0% de tous les aliments que vous achetez dans les grandes cha\u00eenes de supermarch\u00e9s et d\u2019hypermarch\u00e9s.<\/span><\/span><\/span><\/span><\/p>\n<p class=\"western\" align=\"justify\"><span style=\"font-family: Times New Roman, serif;\"><span style=\"font-size: medium;\">Vous n\u2019avez peut-\u00eatre jamais song\u00e9 \u00e0 la signification de vos choix alimentaires sur le terrain. Mais la r\u00e9alit\u00e9, c\u2019est qu\u2019en faisant des supermarch\u00e9s votre premier choix pour vos achats alimentaires, vous vous rendez involontairement complice de la cr\u00e9ation de vastes \u00e9tendues de terre d\u00e9sertiques abondamment arros\u00e9es de produits agrochimiques toxiques.<\/span><\/span><\/p>\n<p class=\"western\" align=\"justify\"><span style=\"font-family: Times New Roman, serif;\"><span style=\"font-size: medium;\">Les sols de ces exploitations approvisionn\u00e9es par les grandes surfaces ont \u00e9t\u00e9 vid\u00e9s de toute vie. Les cultures ne poussent que gr\u00e2ce \u00e0 de fortes applications de sels azot\u00e9s synth\u00e9tiques.<\/span><\/span><\/p>\n<p class=\"western\" align=\"justify\"><span style=\"font-family: Times New Roman, serif;\"><span style=\"font-size: medium;\">Aucun<\/span><\/span><span style=\"font-family: Times New Roman, serif;\"><span style=\"font-size: medium;\"> vers, <\/span><\/span><span style=\"font-family: Times New Roman, serif;\"><span style=\"font-size: medium;\">aucun <\/span><\/span><span style=\"font-family: Times New Roman, serif;\"><span style=\"font-size: medium;\">insecte, <\/span><\/span><span style=\"font-family: Times New Roman, serif;\"><span style=\"font-size: medium;\">aucune<\/span><\/span><span style=\"font-family: Times New Roman, serif;\"><span style=\"font-size: medium;\"> vie. <\/span><\/span><span style=\"font-family: Times New Roman, serif;\"><span style=\"font-size: medium;\">Aucun<\/span><\/span><span style=\"font-family: Times New Roman, serif;\"><span style=\"font-size: medium;\"> micro-organisme ou microflore enrichissant le sol. Ils ont \u00e9t\u00e9 \u00e9limin\u00e9s par les produits de Big Pharma et les armes des multinationales agrochimiques.<\/span><\/span><\/p>\n<p class=\"western\" align=\"justify\"><span style=\"font-family: Times New Roman, serif;\"><span style=\"font-size: medium;\">On a fait croire aux agriculteurs qui les utilisent qu\u2019ils sont \u00ab\u00a0progressistes\u00a0\u00bb et \u00ab\u00a0efficaces\u00a0\u00bb en adoptant ce r\u00e9gime chimique intensif, <\/span><\/span><span style=\"font-family: Times New Roman, serif;\"><span style=\"font-size: medium;\">impos\u00e9<\/span><\/span><span style=\"font-family: Times New Roman, serif;\"><span style=\"font-size: medium;\"> par le gouvernement et les entreprises, <\/span><\/span><span style=\"font-family: Times New Roman, serif;\"><span style=\"font-size: medium;\">et <\/span><\/span><span style=\"font-family: Times New Roman, serif;\"><span style=\"font-size: medium;\">con\u00e7u pour remplacer les m\u00e9thodes agricoles traditionnelles respectueuses de l\u2019environnement.<\/span><\/span><\/p>\n<p class=\"western\" align=\"justify\"><span style=\"font-family: Times New Roman, serif;\"><span style=\"font-size: medium;\">C\u2019est exactement la m\u00eame histoire tragique qui pr\u00e9vaut dans le secteur de l\u2019\u00e9levage. \u00c0 moins que vous ne choisissiez l\u2019agriculture biologique, vos achats de porc et de volaille proviennent de camps de concentration pour animaux. De vastes hangars sans soleil dans lesquels des antibiotiques et d\u2019autres m\u00e9dicaments sont administr\u00e9s \u00e0 titre prophylactique pour maintenir leurs destinataires en vie pendant les trois \u00e0 cinq mois qui constituent la dur\u00e9e maximale de leur existence tragiquement courte <\/span><\/span><span style=\"font-family: Times New Roman, serif;\"><span style=\"font-size: medium;\">et mis\u00e9rable<\/span><\/span><span style=\"font-family: Times New Roman, serif;\"><span style=\"font-size: medium;\">.<\/span><\/span><\/p>\n<p class=\"western\" align=\"justify\"><span style=\"font-family: Times New Roman, serif;\"><span style=\"font-size: medium;\">Il ne fait aucun doute que vous ne r\u00e9alisez pas non plus qu\u2019en faisant vos courses dans les supermarch\u00e9s pr\u00e9dateurs, vous avez contribu\u00e9 \u00e0 la mort des petites et moyennes exploitations familiales qui respectent encore la rotation des cultures, l\u2019utilisation d\u2019engrais naturels pour les animaux de ferme et l\u2019\u00e9levage sans cruaut\u00e9 du b\u00e9tail en plein air.<\/span><\/span><\/p>\n<p class=\"western\" align=\"justify\"><span style=\"font-family: Times New Roman, serif;\"><span style=\"font-size: medium;\">Vos habitudes de consommation, essentiellement \u00e9go\u00efstes, ont modifi\u00e9 toute la topographie de votre pays, son environnement naturel, sa biodiversit\u00e9 vivante, sa beaut\u00e9, ses parfums et sa productivit\u00e9 naturelle.<\/span><\/span><\/p>\n<p class=\"western\" align=\"justify\"><span style=\"font-family: Times New Roman, serif;\"><span style=\"font-size: medium;\">Ils ont tous \u00e9t\u00e9 sacrifi\u00e9s au profit de la production de masse monoculturelle d\u2019aliments rendus toxiques par la d\u00e9naturation chimique et g\u00e9n\u00e9tique du r\u00e8gne v\u00e9g\u00e9tal. Un processus qui ne fait qu\u2019enrichir les grandes entreprises qui les d\u00e9veloppent et les fabriquent, ainsi que les supermarch\u00e9s qui vendent les produits finis appauvris en vitamines et en nutriments.<\/span><\/span><\/p>\n<p class=\"western\" align=\"justify\"><span style=\"font-family: Times New Roman, serif;\"><span style=\"font-size: medium;\">Tout <\/span><\/span><span style=\"font-family: Times New Roman, serif;\"><span style=\"font-size: medium;\">le reste<\/span><\/span><span style=\"font-family: Times New Roman, serif;\"><span style=\"font-size: medium;\">, y compris l<\/span><\/span><span style=\"font-family: Times New Roman, serif;\"><span style=\"font-size: medium;\">es <\/span><\/span><span style=\"font-family: Times New Roman, serif;\"><span style=\"font-size: medium;\">agriculteur<\/span><\/span><span style=\"font-family: Times New Roman, serif;\"><span style=\"font-size: medium;\">s<\/span><\/span><span style=\"font-family: Times New Roman, serif;\"><span style=\"font-size: medium;\">, sont les perdants de cette cha\u00eene de production sans \u00e2me.<\/span><\/span><\/p>\n<p class=\"western\" align=\"justify\"><span style=\"font-family: Times New Roman, serif;\"><span style=\"font-size: medium;\">Ce que l\u2019on ach\u00e8te est encore appel\u00e9 \u00ab\u00a0nourriture\u00a0\u00bb, c\u2019est vrai. Mais en dehors de la viande, des l\u00e9gumes et des c\u00e9r\u00e9ales \u00e9cologiques et biologiques, ils nuisent \u00e0 votre sant\u00e9 et \u00e0 l\u2019environnement naturel au moins autant qu\u2019ils r\u00e9pondent aux besoins \u00e9nerg\u00e9tiques de votre corps.<\/span><\/span><\/p>\n<p class=\"western\" align=\"justify\"><span style=\"font-family: Times New Roman, serif;\"><span style=\"font-size: medium;\">C\u2019est dans cette r\u00e9alit\u00e9 d\u00e9j\u00e0 dystopique que vient s\u2019inscrire la prochaine s\u00e9rie de catastrophes qui s\u2019abattront sur ce que l\u2019on appelle encore \u00ab\u00a0l\u2019agriculture\u00a0\u00bb.<\/span><\/span><\/p>\n<p class=\"western\" align=\"justify\"><span style=\"font-family: Times New Roman, serif;\"><span style=\"font-size: medium;\">Levez le rideau sur l\u2019ann\u00e9e\u00a02025 et examinez de plus pr\u00e8s l\u2019\u00e9tat des aliments qui arrivent \u2014 ou est sur le point de se trouver \u2014 dans votre assiette.<\/span><\/span><\/p>\n<p class=\"western\" align=\"justify\"><span style=\"font-family: Times New Roman, serif;\"><span style=\"font-size: medium;\">En raison de l\u2019adoption politique de cette grande escroquerie appel\u00e9e \u00ab\u00a0Net Zero\u00a0\u00bb, les architectes du contr\u00f4le ont d\u00e9cr\u00e9t\u00e9 que la culture d\u2019aliments dans des sols correctement nourris et l\u2019\u00e9levage d\u2019animaux de ferme dans des p\u00e2turages verts, que tous les bons agriculteurs ont toujours reconnus comme \u00e9tant \u00ab\u00a0la m\u00e9thode naturelle\u00a0\u00bb \u2014 et qu\u2019ils pratiquent toujours \u2014 contribuent au \u00ab\u00a0r\u00e9chauffement climatique\u00a0\u00bb et doivent \u00eatre progressivement abandonn\u00e9s. Et ce, en grande partie d\u2019ici 2030.<\/span><\/span><\/p>\n<p class=\"western\" align=\"justify\"><span style=\"font-family: Times New Roman, serif;\"><span style=\"font-size: medium;\">Ils affirment \u00e0 tort qu\u2019un exc\u00e8s de CO<\/span><\/span><sub><span style=\"font-family: Times New Roman, serif;\"><span style=\"font-size: medium;\">2<\/span><\/span><\/sub><span style=\"font-family: Times New Roman, serif;\"><span style=\"font-size: medium;\"> est lib\u00e9r\u00e9 par ces m\u00e9thodes traditionnelles de production <\/span><\/span><span style=\"font-family: Times New Roman, serif;\"><span style=\"font-size: medium;\">alimentaire<\/span><\/span><span style=\"font-family: Times New Roman, serif;\"><span style=\"font-size: medium;\">. Les vaches sont accus\u00e9es de rejeter du m\u00e9thane \u2014 un autre gaz naturel comme le CO<\/span><\/span><sub><span style=\"font-family: Times New Roman, serif;\"><span style=\"font-size: medium;\">2<\/span><\/span><\/sub><span style=\"font-family: Times New Roman, serif;\"><span style=\"font-size: medium;\"> \u2014 et doivent donc porter des <\/span><\/span><span style=\"font-family: Times New Roman, serif;\"><span style=\"font-size: medium;\">masques<\/span><\/span><span style=\"font-family: Times New Roman, serif;\"><span style=\"font-size: medium;\"> de type Covid pour limiter leurs \u00ab\u00a0\u00e9missions\u00a0\u00bb, avant d\u2019\u00eatre <\/span><\/span><span style=\"font-family: Arial, Helvetica, Tahoma, sans-serif;\"><span style=\"font-size: small;\">totalement \u00e9limin\u00e9es<\/span><\/span><span style=\"font-family: Times New Roman, serif;\"><span style=\"font-size: medium;\"> de l\u2019agriculture.<\/span><\/span><\/p>\n<p class=\"western\" align=\"justify\"><span style=\"font-family: Times New Roman, serif;\"><span style=\"font-size: medium;\">Les petites et moyennes exploitations familiales traditionnelles, qui ne sont pas des soci\u00e9t\u00e9s, qui nuisent le moins \u00e0 la nature et qui produisent les aliments les plus nutritifs, sont les premi\u00e8res \u00e0 \u00eatre menac\u00e9es d\u2019extinction rapide.<\/span><\/span><\/p>\n<p class=\"western\" align=\"justify\"><span style=\"font-family: Times New Roman, serif;\"><span style=\"font-size: medium;\">Ce que l\u2019on trouve dans les supermarch\u00e9s ne provient pas de ce type d\u2019exploitations. Comme nous l\u2019avons d\u00e9j\u00e0 expliqu\u00e9, ils proviennent de mod\u00e8les d\u2019entreprises \u00e0 grande \u00e9chelle de type industriel et ax\u00e9 sur le profit, qui d\u00e9truisent \u00e0 la fois les aliments et l\u2019environnement naturel.<\/span><\/span><\/p>\n<p class=\"western\" align=\"justify\"><span style=\"font-family: Times New Roman, serif;\"><span style=\"font-size: medium;\">La cabale, qui a ses racines dans les produits pharmaceutiques, les grandes banques, l\u2019agrochimie, le g\u00e9nie g\u00e9n\u00e9tique et les hautes sph\u00e8res du pouvoir politique, est la \u00ab\u00a0partie prenante\u00a0\u00bb de la cha\u00eene alimentaire mondiale.<\/span><\/span><\/p>\n<p class=\"western\" align=\"justify\"><span style=\"font-family: Times New Roman, serif;\"><span style=\"font-size: medium;\">Leurs politiques ont d\u00e9j\u00e0 \u00e9t\u00e9 formul\u00e9es en 1972 lors de sessions secr\u00e8tes du Club de Rome, des r\u00e9unions annuelles du groupe s\u00e9lect Bilderberg et, plus tard, du Forum \u00e9conomique mondial de Davos. Ces politiques portent aujourd\u2019hui le nom de \u00ab\u00a0Grande R\u00e9initialisation\u00a0\u00bb, \u00ab\u00a0New Deal vert\u00a0\u00bb et \u00ab\u00a0Quatri\u00e8me r\u00e9volution industrielle\u00a0\u00bb.<\/span><\/span><\/p>\n<p class=\"western\" align=\"justify\"><span style=\"font-family: Times New Roman, serif;\"><span style=\"font-size: medium;\">Leur objectif ultime va bien au-del\u00e0 de l\u2019alimentation et de l\u2019agriculture\u00a0: il s\u2019agit de l\u2019\u00e9mergence d\u2019une race d\u2019esclaves sous contr\u00f4le num\u00e9rique\u00a0: l\u2019agenda transhuman<\/span><\/span><span style=\"font-family: Times New Roman, serif;\"><span style=\"font-size: medium;\">iste<\/span><\/span><span style=\"font-family: Times New Roman, serif;\"><span style=\"font-size: medium;\">.<\/span><\/span><\/p>\n<p class=\"western\" align=\"justify\"><span style=\"font-family: Times New Roman, serif;\"><span style=\"font-size: medium;\">Il faut \u00e9largir son esprit pour \u00eatre capable de reconna\u00eetre les lignes de connexion qui m\u00e8nent du contr\u00f4le de la cha\u00eene alimentaire \u00e0 la prise de contr\u00f4le par les technologies de l\u2019information des principales art\u00e8res de communication et de contr\u00f4le de la plan\u00e8te. Mais c\u2019est l\u00e0 le sens et l\u2019intention de la \u00ab\u00a0Grande R\u00e9initialisation\u00a0\u00bb.<\/span><\/span><\/p>\n<p class=\"western\" align=\"justify\"><span style=\"font-family: Times New Roman, serif;\"><span style=\"font-size: medium;\">L\u2019\u00e9l\u00e9ment central de ces politiques est la r\u00e9duction de la population, le contr\u00f4le absolu de tous les aspects de ce que nous ing\u00e9rons \u00e0 table, la propri\u00e9t\u00e9 ultime de la terre et sa transformation en un terrain de jeu pour les r\u00eaves m\u00e9galomanes de la cabale, o\u00f9 les agriculteurs ne seraient plus qu\u2019une caste d\u2019esclaves au service du syst\u00e8me.<\/span><\/span><\/p>\n<p class=\"western\" align=\"justify\"><span style=\"font-family: Times New Roman, serif;\"><span style=\"font-size: medium;\">Pour y parvenir, un pourcentage de plus en plus \u00e9lev\u00e9 de l\u2019alimentation humaine doit \u00eatre remplac\u00e9 par des aliments synth\u00e9tiques, des insectes et des bestioles produits en laboratoire et g\u00e9n\u00e9tiquement modifi\u00e9s. De la viande et du lait synth\u00e9tiques g\u00e9n\u00e9tiquement modifi\u00e9s sont d\u00e9j\u00e0 produits en laboratoire et commercialis\u00e9s dans cinq pays, dont les \u00c9tats-Unis et le Royaume-Uni, tandis que des insectes broy\u00e9s font partie des ingr\u00e9dients de divers aliments transform\u00e9s.<\/span><\/span><\/p>\n<p class=\"western\" align=\"justify\"><span style=\"font-family: Times New Roman, serif;\"><span style=\"font-size: medium;\">Les derni\u00e8res techniques de modification g\u00e9n\u00e9tique sont actuellement mises au point par la Commission europ\u00e9enne et existent d\u00e9j\u00e0 aux \u00c9tats-Unis, en d\u00e9pit d\u2019une forte r\u00e9sistance.<\/span><\/span><\/p>\n<p class=\"western\" align=\"justify\"><span style=\"font-family: Times New Roman, serif;\"><span style=\"font-size: medium;\">L\u2019alimentation encore produite dans les fermes ser<\/span><\/span><span style=\"font-family: Times New Roman, serif;\"><span style=\"font-size: medium;\">a<\/span><\/span><span style=\"font-family: Times New Roman, serif;\"><span style=\"font-size: medium;\"> de plus en plus <\/span><\/span><span style=\"font-family: Times New Roman, serif;\"><span style=\"font-size: medium;\">sem<\/span><\/span><span style=\"font-family: Times New Roman, serif;\"><span style=\"font-size: medium;\">\u00e9<\/span><\/span><span style=\"font-family: Times New Roman, serif;\"><span style=\"font-size: medium;\">e<\/span><\/span><span style=\"font-family: Times New Roman, serif;\"><span style=\"font-size: medium;\">, fertilis\u00e9<\/span><\/span><span style=\"font-family: Times New Roman, serif;\"><span style=\"font-size: medium;\">e<\/span><\/span><span style=\"font-family: Times New Roman, serif;\"><span style=\"font-size: medium;\">, pulv\u00e9ris\u00e9<\/span><\/span><span style=\"font-family: Times New Roman, serif;\"><span style=\"font-size: medium;\">e<\/span><\/span><span style=\"font-family: Times New Roman, serif;\"><span style=\"font-size: medium;\"> et r\u00e9colt\u00e9<\/span><\/span><span style=\"font-family: Times New Roman, serif;\"><span style=\"font-size: medium;\">e<\/span><\/span><span style=\"font-family: Times New Roman, serif;\"><span style=\"font-size: medium;\"> par des robots. <\/span><\/span><span style=\"font-family: Times New Roman, serif;\"><span style=\"font-size: medium;\"><i>Cela se produira dans les exploitations qui approvisionnent actuellement les supermarch\u00e9s o\u00f9 vous faites vos courses.<\/i><\/span><\/span><\/p>\n<p class=\"western\" align=\"justify\"><span style=\"font-family: Times New Roman, serif;\"><span style=\"font-size: medium;\">Je ne le pr\u00e9dis pas. Je vous dis ce que Klaus Schwab et ses acolytes du <\/span><\/span><span style=\"font-family: Times New Roman, serif;\"><span style=\"font-size: medium;\">FEM<\/span><\/span><span style=\"font-family: Times New Roman, serif;\"><span style=\"font-size: medium;\"> ont pr\u00e9vu. Vous pouvez le trouver en recherchant, \u00e0 partir de sources authentiques non affili\u00e9es aux grands m\u00e9dias, les objectifs de l\u2019Agenda\u00a02030 et du Net Zero d\u2019ici 2045.<\/span><\/span><\/p>\n<p class=\"western\" align=\"justify\"><span style=\"font-family: Times New Roman, serif;\"><span style=\"font-size: medium;\">Cet agenda est sign\u00e9 par tous les dirigeants du monde \u2014 le groupe de Davos \u2014 qui se sont engag\u00e9s \u00e0 mettre leur pays au service du faux drapeau appel\u00e9 \u00ab\u00a0r\u00e9chauffement climatique\u00a0\u00bb.<\/span><\/span><\/p>\n<p class=\"western\" align=\"justify\"><span style=\"font-family: Times New Roman, serif;\"><span style=\"font-size: medium;\">La plupart d\u2019entre eux n\u2019ont pas pr\u00eat\u00e9 attention aux d\u00e9tails de ce \u00e0 quoi ils s\u2019engagent. Ils sont trop pr\u00e9occup\u00e9s par la politique de pouvoir du club exclusif dont ils sont membres.<\/span><\/span><\/p>\n<p class=\"western\" align=\"justify\"><span style=\"font-family: Times New Roman, serif;\"><span style=\"font-size: medium;\">Faire face \u00e0 cette r\u00e9alit\u00e9 doit \u00eatre une priorit\u00e9. Des mesures doivent \u00eatre prises pour garantir nos chances d\u2019avoir acc\u00e8s \u00e0 un r\u00e9gime alimentaire <\/span><\/span><span style=\"font-family: Times New Roman, serif;\"><span style=\"font-size: medium;\">sain<\/span><\/span><span style=\"font-family: Times New Roman, serif;\"><span style=\"font-size: medium;\"> et \u00e0 une certaine gestion individuelle et collective de notre destin en tant qu\u2019\u00eatres humains autonomes et sensibles.<\/span><\/span><\/p>\n<p class=\"western\" align=\"justify\"><span style=\"font-family: Times New Roman, serif;\"><span style=\"font-size: medium;\">Si vous voulez une raison imm\u00e9diate de ne pas retourner dans votre supermarch\u00e9 pr\u00e9f\u00e9r\u00e9, relisez les informations contenues dans cet article. Absorbez-les. Agissez en cons\u00e9quence.<\/span><\/span><\/p>\n<p class=\"western\" align=\"justify\"><span style=\"font-family: Times New Roman, serif;\"><span style=\"font-size: medium;\">Bien que j\u2019aie fait de mon mieux pour d\u00e9crire la d\u00e9vastation dont on est complice en donnant son argent aux principaux d\u00e9fenseurs d\u2019une cha\u00eene alimentaire d\u00e9natur\u00e9e, toxique et st\u00e9rile, il ne m\u2019a \u00e9t\u00e9 possible que de pr\u00e9senter un aper\u00e7u g\u00e9n\u00e9ral de l\u2019\u00e9tat d\u00e9sastreux de cette cha\u00eene sur la sant\u00e9 humaine et environnementale.<\/span><\/span><\/p>\n<p class=\"western\" align=\"justify\"><span style=\"font-family: Times New Roman, serif;\"><span style=\"font-size: medium;\">Je n\u2019ai donn\u00e9 aucune indication sur ce qu\u2019il adviendra de cette communaut\u00e9 d\u2019agriculteurs authentiques et d\u00e9vou\u00e9s, dont les comp\u00e9tences, les connaissances et la d\u00e9termination \u00e0 fournir de la \u00ab\u00a0vraie nourriture\u00a0\u00bb sont davantage un \u00ab\u00a0mode de vie\u00a0\u00bb qu\u2019un moyen de gagner de l\u2019argent.<\/span><\/span><\/p>\n<p class=\"western\" align=\"justify\"><span style=\"font-family: Times New Roman, serif;\"><span style=\"font-size: medium;\">Ils existent encore, dans tous les pays. Mais tr\u00e8s bient\u00f4t, <\/span><\/span><span style=\"font-family: Times New Roman, serif;\"><span style=\"font-size: medium;\">il<\/span><\/span><span style=\"font-family: Times New Roman, serif;\"><span style=\"font-size: medium;\">s n\u2019existeront plus, <\/span><\/span><span style=\"font-family: Times New Roman, serif;\"><span style=\"font-size: medium;\"><i>\u00e0 moins que vous ne souteniez directement leur survie.<\/i><\/span><\/span><\/p>\n<p class=\"western\" align=\"justify\"><span style=\"font-family: Times New Roman, serif;\"><span style=\"font-size: medium;\">De nombreux agriculteurs ne comprennent pas que leur vie et leur entreprise sont actuellement dans la ligne de mire des architectes du contr\u00f4le mondial et que les politiciens nationaux sont des marionnettes de cette m\u00eame cabale.<\/span><\/span><\/p>\n<p class=\"western\" align=\"justify\"><span style=\"font-family: Times New Roman, serif;\"><span style=\"font-size: medium;\">Il n\u2019y a donc que vous et moi qui pouvons les sauver. Une fois qu\u2019ils seront partis (forc\u00e9s de quitter l<\/span><\/span><span style=\"font-family: Times New Roman, serif;\"><span style=\"font-size: medium;\">eurs<\/span><\/span><span style=\"font-family: Times New Roman, serif;\"><span style=\"font-size: medium;\"> terre<\/span><\/span><span style=\"font-family: Times New Roman, serif;\"><span style=\"font-size: medium;\">s<\/span><\/span><span style=\"font-family: Times New Roman, serif;\"><span style=\"font-size: medium;\">), il n\u2019y aura plus de \u00ab\u00a0vraie nourriture\u00a0\u00bb. Cela signifie que vous et vos familles n\u2019aurez nulle part et personne vers qui se tourner pour survivre.<\/span><\/span><\/p>\n<p class=\"western\" align=\"justify\"><span style=\"font-family: Times New Roman, serif;\"><span style=\"font-size: medium;\">Il n\u2019y aura que des produits de laboratoire synth\u00e9tiques et des produits g\u00e9n\u00e9tiquement modifi\u00e9s issus par les vastes entreprises g\u00e9antes d\u00e9tenues et dirig\u00e9es par ceux que l\u2019on voit au <\/span><\/span><span style=\"font-family: Times New Roman, serif;\"><span style=\"font-size: medium;\">Forum<\/span><\/span><span style=\"font-family: Times New Roman, serif;\"><span style=\"font-size: medium;\"> \u00e9conomique mondial, aux r\u00e9unions des Nations unies et de l\u2019Organisation mondiale de la sant\u00e9, ainsi qu\u2019aux conventions des banquiers mondiaux.<\/span><\/span><\/p>\n<p class=\"western\" align=\"justify\"><span style=\"font-family: Times New Roman, serif;\"><span style=\"font-size: medium;\">Achetez vos aliments sur les march\u00e9s de producteurs locaux, dans les magasins agricoles, dans les bo\u00eetes \u00e0 l\u00e9gumes, sur les march\u00e9s traditionnels de produits frais, directement \u00e0 la ferme, dans les coop\u00e9ratives li\u00e9es aux agriculteurs et chez les petits d\u00e9taillants ind\u00e9pendants qui proposent des aliments de qualit\u00e9.<\/span><\/span><\/p>\n<p class=\"western\" align=\"justify\"><span style=\"font-family: Times New Roman, serif;\"><span style=\"font-size: medium;\">Soutenez la survie \u2014 l\u2019existence \u2014 des agriculteurs qui seront litt\u00e9ralement votre syst\u00e8me de soutien vital dans un avenir tr\u00e8s proche.<\/span><\/span><\/p>\n<p class=\"western\" align=\"justify\"><span style=\"font-family: Times New Roman, serif;\"><span style=\"font-size: medium;\"><i>Agissez maintenant. Si vous ne pouvez pas cultiver votre propre nourriture, jouez au moins votre r\u00f4le en d\u00e9veloppant la r\u00e9sistance. Car il n\u2019y aura pas d\u2019avenir si vous n\u2019allez pas de l\u2019avant pour le cr\u00e9er.<\/i><\/span><\/span><\/p>\n<p class=\"western\" align=\"center\"><span style=\"font-family: Times New Roman, serif;\"><span style=\"font-size: medium;\">***<\/span><\/span><\/p>\n<p class=\"western\" align=\"justify\"><em><span style=\"color: #000000;\"><span style=\"font-family: Times New Roman, serif;\"><span style=\"font-size: medium;\"><span lang=\"fr-FR\">L\u2019auteur Julian Rose est un pionnier de l\u2019agriculture biologique au Royaume-Uni, un \u00e9crivain, un activiste international et un <\/span><\/span><\/span><\/span><\/em><em><span style=\"color: #000000;\"><span style=\"font-family: Times New Roman, serif;\"><span style=\"font-size: medium;\"><span lang=\"fr-FR\">animat<\/span><\/span><\/span><\/span><\/em><em><span style=\"color: #000000;\"><span style=\"font-family: Times New Roman, serif;\"><span style=\"font-size: medium;\"><span lang=\"fr-FR\">eur. Voir le site web <\/span><\/span><\/span><\/span><\/em><span style=\"color: #000080;\"><a href=\"http:\/\/www.julianrose.info\/\" target=\"_blank\" rel=\"noopener\"><span style=\"color: #000000;\"><span style=\"font-family: Times New Roman, serif;\"><span style=\"font-size: medium;\"><span lang=\"fr-FR\">www.julianrose.info <\/span><\/span><\/span><\/span><\/a><\/span><em><span style=\"color: #000000;\"><span style=\"font-family: Times New Roman, serif;\"><span style=\"font-size: medium;\"><span lang=\"fr-FR\">pour des informations sur le livre acclam\u00e9 de Julian \u00ab\u00a0Overcoming the Robotic Mind\u00a0\u00bb et d\u2019autres ouvrages.<\/span><\/span><\/span><\/span><\/em><\/p>\n<p class=\"western\" align=\"justify\"><span style=\"color: #000000;\"><span style=\"font-family: Times New Roman, serif;\"><span style=\"font-size: medium;\"><span lang=\"fr-FR\">Texte original\u00a0: <\/span><\/span><\/span><\/span><span style=\"color: #000080;\"><u><a href=\"https:\/\/21stcenturywire.com\/2025\/02\/21\/your-vital-role-in-the-decorporatisation-of-the-food-chain\/\" target=\"_blank\" rel=\"noopener\"><span style=\"color: #000000;\"><span style=\"font-family: Times New Roman, serif;\"><span style=\"font-size: medium;\"><span lang=\"fr-FR\">https:\/\/21stcenturywire.com\/2025\/02\/21\/your-vital-role-in-the-decorporatisation-of-the-food-chain\/<\/span><\/span><\/span><\/span><\/a><\/u><\/span><\/p>\n","protected":false},"excerpt":{"rendered":"<p>21\u00a0f\u00e9vrier 2025 Je commence cet article par des informations qui vous permettront de prendre conscience de la provenance d\u2019environ 90\u00a0% de tous les aliments que vous achetez dans les grandes cha\u00eenes de supermarch\u00e9s et d\u2019hypermarch\u00e9s. Vous n\u2019avez peut-\u00eatre jamais song\u00e9 \u00e0 la signification de vos choix alimentaires sur le terrain. Mais la r\u00e9alit\u00e9, c\u2019est qu\u2019en [&hellip;]<\/p>\n","protected":false},"author":2,"featured_media":19427,"comment_status":"closed","ping_status":"closed","sticky":false,"template":"","format":"standard","meta":{"footnotes":""},"categories":[1540,1786],"tags":[387,1411,1848,1860],"class_list":["post-20482","post","type-post","status-publish","format-standard","has-post-thumbnail","hentry","category-actualite","category-rose-julian","tag-alimentation","tag-controle","tag-depopulation","tag-nouvel-ordre"],"yoast_head":"<!-- This site is optimized with the Yoast SEO plugin v27.0 - https:\/\/yoast.com\/product\/yoast-seo-wordpress\/ -->\n<title>Votre r\u00f4le vital dans la d\u00e9corporatisation de la cha\u00eene alimentaire par Julian Rose - 3e mill\u00e9naire - Spiritualit\u00e9 - Connaissance de soi - Non-dualit\u00e9 - M\u00e9ditation<\/title>\n<meta name=\"robots\" content=\"index, follow, max-snippet:-1, max-image-preview:large, max-video-preview:-1\" \/>\n<link rel=\"canonical\" href=\"https:\/\/www.revue3emillenaire.com\/blog\/votre-role-vital-dans-la-decorporatisation-de-la-chaine-alimentaire-par-julian-rose\/\" \/>\n<meta property=\"og:locale\" content=\"fr_FR\" \/>\n<meta property=\"og:type\" content=\"article\" \/>\n<meta property=\"og:title\" content=\"Votre r\u00f4le vital dans la d\u00e9corporatisation de la cha\u00eene alimentaire par Julian Rose - 3e mill\u00e9naire - Spiritualit\u00e9 - Connaissance de soi - Non-dualit\u00e9 - M\u00e9ditation\" \/>\n<meta property=\"og:description\" content=\"21\u00a0f\u00e9vrier 2025 Je commence cet article par des informations qui vous permettront de prendre conscience de la provenance d\u2019environ 90\u00a0% de tous les aliments que vous achetez dans les grandes cha\u00eenes de supermarch\u00e9s et d\u2019hypermarch\u00e9s. Vous n\u2019avez peut-\u00eatre jamais song\u00e9 \u00e0 la signification de vos choix alimentaires sur le terrain. Mais la r\u00e9alit\u00e9, c\u2019est qu\u2019en [&hellip;]\" \/>\n<meta property=\"og:url\" content=\"https:\/\/www.revue3emillenaire.com\/blog\/votre-role-vital-dans-la-decorporatisation-de-la-chaine-alimentaire-par-julian-rose\/\" \/>\n<meta property=\"og:site_name\" content=\"3e mill\u00e9naire - Spiritualit\u00e9 - Connaissance de soi - Non-dualit\u00e9 - M\u00e9ditation\" \/>\n<meta property=\"article:published_time\" content=\"2025-02-22T00:11:04+00:00\" \/>\n<meta property=\"og:image\" content=\"https:\/\/www.revue3emillenaire.com\/blog\/wp-content\/uploads\/2023\/07\/Julian-Rose.jpg\" \/>\n\t<meta property=\"og:image:width\" content=\"200\" \/>\n\t<meta property=\"og:image:height\" content=\"182\" \/>\n\t<meta property=\"og:image:type\" content=\"image\/jpeg\" \/>\n<meta name=\"author\" content=\"3e mill\u00e9naire\" \/>\n<meta name=\"twitter:card\" content=\"summary_large_image\" \/>\n<meta name=\"twitter:label1\" content=\"\u00c9crit par\" \/>\n\t<meta name=\"twitter:data1\" content=\"3e mill\u00e9naire\" \/>\n\t<meta name=\"twitter:label2\" content=\"Dur\u00e9e de lecture estim\u00e9e\" \/>\n\t<meta name=\"twitter:data2\" content=\"9 minutes\" \/>\n<script type=\"application\/ld+json\" class=\"yoast-schema-graph\">{\"@context\":\"https:\/\/schema.org\",\"@graph\":[{\"@type\":\"Article\",\"@id\":\"https:\/\/www.revue3emillenaire.com\/blog\/votre-role-vital-dans-la-decorporatisation-de-la-chaine-alimentaire-par-julian-rose\/#article\",\"isPartOf\":{\"@id\":\"https:\/\/www.revue3emillenaire.com\/blog\/votre-role-vital-dans-la-decorporatisation-de-la-chaine-alimentaire-par-julian-rose\/\"},\"author\":{\"name\":\"3e mill\u00e9naire\",\"@id\":\"https:\/\/www.revue3emillenaire.com\/blog\/#\/schema\/person\/b692dacff720a5344a6190bc714397eb\"},\"headline\":\"Votre r\u00f4le vital dans la d\u00e9corporatisation de la cha\u00eene alimentaire par Julian Rose\",\"datePublished\":\"2025-02-22T00:11:04+00:00\",\"mainEntityOfPage\":{\"@id\":\"https:\/\/www.revue3emillenaire.com\/blog\/votre-role-vital-dans-la-decorporatisation-de-la-chaine-alimentaire-par-julian-rose\/\"},\"wordCount\":1909,\"image\":{\"@id\":\"https:\/\/www.revue3emillenaire.com\/blog\/votre-role-vital-dans-la-decorporatisation-de-la-chaine-alimentaire-par-julian-rose\/#primaryimage\"},\"thumbnailUrl\":\"https:\/\/www.revue3emillenaire.com\/blog\/wp-content\/uploads\/2023\/07\/Julian-Rose.jpg\",\"keywords\":[\"Alimentation\",\"Contr\u00f4le\",\"D\u00e9population\",\"Nouvel Ordre\"],\"articleSection\":[\"Actualit\u00e9s\",\"Rose Julian\"],\"inLanguage\":\"fr-FR\"},{\"@type\":\"WebPage\",\"@id\":\"https:\/\/www.revue3emillenaire.com\/blog\/votre-role-vital-dans-la-decorporatisation-de-la-chaine-alimentaire-par-julian-rose\/\",\"url\":\"https:\/\/www.revue3emillenaire.com\/blog\/votre-role-vital-dans-la-decorporatisation-de-la-chaine-alimentaire-par-julian-rose\/\",\"name\":\"Votre r\u00f4le vital dans la d\u00e9corporatisation de la cha\u00eene alimentaire par Julian Rose - 3e mill\u00e9naire - Spiritualit\u00e9 - Connaissance de soi - Non-dualit\u00e9 - M\u00e9ditation\",\"isPartOf\":{\"@id\":\"https:\/\/www.revue3emillenaire.com\/blog\/#website\"},\"primaryImageOfPage\":{\"@id\":\"https:\/\/www.revue3emillenaire.com\/blog\/votre-role-vital-dans-la-decorporatisation-de-la-chaine-alimentaire-par-julian-rose\/#primaryimage\"},\"image\":{\"@id\":\"https:\/\/www.revue3emillenaire.com\/blog\/votre-role-vital-dans-la-decorporatisation-de-la-chaine-alimentaire-par-julian-rose\/#primaryimage\"},\"thumbnailUrl\":\"https:\/\/www.revue3emillenaire.com\/blog\/wp-content\/uploads\/2023\/07\/Julian-Rose.jpg\",\"datePublished\":\"2025-02-22T00:11:04+00:00\",\"author\":{\"@id\":\"https:\/\/www.revue3emillenaire.com\/blog\/#\/schema\/person\/b692dacff720a5344a6190bc714397eb\"},\"breadcrumb\":{\"@id\":\"https:\/\/www.revue3emillenaire.com\/blog\/votre-role-vital-dans-la-decorporatisation-de-la-chaine-alimentaire-par-julian-rose\/#breadcrumb\"},\"inLanguage\":\"fr-FR\",\"potentialAction\":[{\"@type\":\"ReadAction\",\"target\":[\"https:\/\/www.revue3emillenaire.com\/blog\/votre-role-vital-dans-la-decorporatisation-de-la-chaine-alimentaire-par-julian-rose\/\"]}]},{\"@type\":\"ImageObject\",\"inLanguage\":\"fr-FR\",\"@id\":\"https:\/\/www.revue3emillenaire.com\/blog\/votre-role-vital-dans-la-decorporatisation-de-la-chaine-alimentaire-par-julian-rose\/#primaryimage\",\"url\":\"https:\/\/www.revue3emillenaire.com\/blog\/wp-content\/uploads\/2023\/07\/Julian-Rose.jpg\",\"contentUrl\":\"https:\/\/www.revue3emillenaire.com\/blog\/wp-content\/uploads\/2023\/07\/Julian-Rose.jpg\",\"width\":200,\"height\":182},{\"@type\":\"BreadcrumbList\",\"@id\":\"https:\/\/www.revue3emillenaire.com\/blog\/votre-role-vital-dans-la-decorporatisation-de-la-chaine-alimentaire-par-julian-rose\/#breadcrumb\",\"itemListElement\":[{\"@type\":\"ListItem\",\"position\":1,\"name\":\"Accueil\",\"item\":\"https:\/\/www.revue3emillenaire.com\/blog\/\"},{\"@type\":\"ListItem\",\"position\":2,\"name\":\"Votre r\u00f4le vital dans la d\u00e9corporatisation de la cha\u00eene alimentaire par Julian Rose\"}]},{\"@type\":\"WebSite\",\"@id\":\"https:\/\/www.revue3emillenaire.com\/blog\/#website\",\"url\":\"https:\/\/www.revue3emillenaire.com\/blog\/\",\"name\":\"3e mill\u00e9naire - Spiritualit\u00e9 - Connaissance de soi - Non-dualit\u00e9 - M\u00e9ditation\",\"description\":\"L&#039;Homme en devenir\",\"potentialAction\":[{\"@type\":\"SearchAction\",\"target\":{\"@type\":\"EntryPoint\",\"urlTemplate\":\"https:\/\/www.revue3emillenaire.com\/blog\/?s={search_term_string}\"},\"query-input\":{\"@type\":\"PropertyValueSpecification\",\"valueRequired\":true,\"valueName\":\"search_term_string\"}}],\"inLanguage\":\"fr-FR\"},{\"@type\":\"Person\",\"@id\":\"https:\/\/www.revue3emillenaire.com\/blog\/#\/schema\/person\/b692dacff720a5344a6190bc714397eb\",\"name\":\"3e mill\u00e9naire\",\"url\":\"https:\/\/www.revue3emillenaire.com\/blog\/author\/scoussa\/\"}]}<\/script>\n<!-- \/ Yoast SEO plugin. -->","yoast_head_json":{"title":"Votre r\u00f4le vital dans la d\u00e9corporatisation de la cha\u00eene alimentaire par Julian Rose - 3e mill\u00e9naire - Spiritualit\u00e9 - Connaissance de soi - Non-dualit\u00e9 - M\u00e9ditation","robots":{"index":"index","follow":"follow","max-snippet":"max-snippet:-1","max-image-preview":"max-image-preview:large","max-video-preview":"max-video-preview:-1"},"canonical":"https:\/\/www.revue3emillenaire.com\/blog\/votre-role-vital-dans-la-decorporatisation-de-la-chaine-alimentaire-par-julian-rose\/","og_locale":"fr_FR","og_type":"article","og_title":"Votre r\u00f4le vital dans la d\u00e9corporatisation de la cha\u00eene alimentaire par Julian Rose - 3e mill\u00e9naire - Spiritualit\u00e9 - Connaissance de soi - Non-dualit\u00e9 - M\u00e9ditation","og_description":"21\u00a0f\u00e9vrier 2025 Je commence cet article par des informations qui vous permettront de prendre conscience de la provenance d\u2019environ 90\u00a0% de tous les aliments que vous achetez dans les grandes cha\u00eenes de supermarch\u00e9s et d\u2019hypermarch\u00e9s. Vous n\u2019avez peut-\u00eatre jamais song\u00e9 \u00e0 la signification de vos choix alimentaires sur le terrain. Mais la r\u00e9alit\u00e9, c\u2019est qu\u2019en [&hellip;]","og_url":"https:\/\/www.revue3emillenaire.com\/blog\/votre-role-vital-dans-la-decorporatisation-de-la-chaine-alimentaire-par-julian-rose\/","og_site_name":"3e mill\u00e9naire - Spiritualit\u00e9 - Connaissance de soi - Non-dualit\u00e9 - M\u00e9ditation","article_published_time":"2025-02-22T00:11:04+00:00","og_image":[{"width":200,"height":182,"url":"https:\/\/www.revue3emillenaire.com\/blog\/wp-content\/uploads\/2023\/07\/Julian-Rose.jpg","type":"image\/jpeg"}],"author":"3e mill\u00e9naire","twitter_card":"summary_large_image","twitter_misc":{"\u00c9crit par":"3e mill\u00e9naire","Dur\u00e9e de lecture estim\u00e9e":"9 minutes"},"schema":{"@context":"https:\/\/schema.org","@graph":[{"@type":"Article","@id":"https:\/\/www.revue3emillenaire.com\/blog\/votre-role-vital-dans-la-decorporatisation-de-la-chaine-alimentaire-par-julian-rose\/#article","isPartOf":{"@id":"https:\/\/www.revue3emillenaire.com\/blog\/votre-role-vital-dans-la-decorporatisation-de-la-chaine-alimentaire-par-julian-rose\/"},"author":{"name":"3e mill\u00e9naire","@id":"https:\/\/www.revue3emillenaire.com\/blog\/#\/schema\/person\/b692dacff720a5344a6190bc714397eb"},"headline":"Votre r\u00f4le vital dans la d\u00e9corporatisation de la cha\u00eene alimentaire par Julian Rose","datePublished":"2025-02-22T00:11:04+00:00","mainEntityOfPage":{"@id":"https:\/\/www.revue3emillenaire.com\/blog\/votre-role-vital-dans-la-decorporatisation-de-la-chaine-alimentaire-par-julian-rose\/"},"wordCount":1909,"image":{"@id":"https:\/\/www.revue3emillenaire.com\/blog\/votre-role-vital-dans-la-decorporatisation-de-la-chaine-alimentaire-par-julian-rose\/#primaryimage"},"thumbnailUrl":"https:\/\/www.revue3emillenaire.com\/blog\/wp-content\/uploads\/2023\/07\/Julian-Rose.jpg","keywords":["Alimentation","Contr\u00f4le","D\u00e9population","Nouvel Ordre"],"articleSection":["Actualit\u00e9s","Rose Julian"],"inLanguage":"fr-FR"},{"@type":"WebPage","@id":"https:\/\/www.revue3emillenaire.com\/blog\/votre-role-vital-dans-la-decorporatisation-de-la-chaine-alimentaire-par-julian-rose\/","url":"https:\/\/www.revue3emillenaire.com\/blog\/votre-role-vital-dans-la-decorporatisation-de-la-chaine-alimentaire-par-julian-rose\/","name":"Votre r\u00f4le vital dans la d\u00e9corporatisation de la cha\u00eene alimentaire par Julian Rose - 3e mill\u00e9naire - Spiritualit\u00e9 - Connaissance de soi - Non-dualit\u00e9 - M\u00e9ditation","isPartOf":{"@id":"https:\/\/www.revue3emillenaire.com\/blog\/#website"},"primaryImageOfPage":{"@id":"https:\/\/www.revue3emillenaire.com\/blog\/votre-role-vital-dans-la-decorporatisation-de-la-chaine-alimentaire-par-julian-rose\/#primaryimage"},"image":{"@id":"https:\/\/www.revue3emillenaire.com\/blog\/votre-role-vital-dans-la-decorporatisation-de-la-chaine-alimentaire-par-julian-rose\/#primaryimage"},"thumbnailUrl":"https:\/\/www.revue3emillenaire.com\/blog\/wp-content\/uploads\/2023\/07\/Julian-Rose.jpg","datePublished":"2025-02-22T00:11:04+00:00","author":{"@id":"https:\/\/www.revue3emillenaire.com\/blog\/#\/schema\/person\/b692dacff720a5344a6190bc714397eb"},"breadcrumb":{"@id":"https:\/\/www.revue3emillenaire.com\/blog\/votre-role-vital-dans-la-decorporatisation-de-la-chaine-alimentaire-par-julian-rose\/#breadcrumb"},"inLanguage":"fr-FR","potentialAction":[{"@type":"ReadAction","target":["https:\/\/www.revue3emillenaire.com\/blog\/votre-role-vital-dans-la-decorporatisation-de-la-chaine-alimentaire-par-julian-rose\/"]}]},{"@type":"ImageObject","inLanguage":"fr-FR","@id":"https:\/\/www.revue3emillenaire.com\/blog\/votre-role-vital-dans-la-decorporatisation-de-la-chaine-alimentaire-par-julian-rose\/#primaryimage","url":"https:\/\/www.revue3emillenaire.com\/blog\/wp-content\/uploads\/2023\/07\/Julian-Rose.jpg","contentUrl":"https:\/\/www.revue3emillenaire.com\/blog\/wp-content\/uploads\/2023\/07\/Julian-Rose.jpg","width":200,"height":182},{"@type":"BreadcrumbList","@id":"https:\/\/www.revue3emillenaire.com\/blog\/votre-role-vital-dans-la-decorporatisation-de-la-chaine-alimentaire-par-julian-rose\/#breadcrumb","itemListElement":[{"@type":"ListItem","position":1,"name":"Accueil","item":"https:\/\/www.revue3emillenaire.com\/blog\/"},{"@type":"ListItem","position":2,"name":"Votre r\u00f4le vital dans la d\u00e9corporatisation de la cha\u00eene alimentaire par Julian Rose"}]},{"@type":"WebSite","@id":"https:\/\/www.revue3emillenaire.com\/blog\/#website","url":"https:\/\/www.revue3emillenaire.com\/blog\/","name":"3e mill\u00e9naire - Spiritualit\u00e9 - Connaissance de soi - Non-dualit\u00e9 - M\u00e9ditation","description":"L&#039;Homme en devenir","potentialAction":[{"@type":"SearchAction","target":{"@type":"EntryPoint","urlTemplate":"https:\/\/www.revue3emillenaire.com\/blog\/?s={search_term_string}"},"query-input":{"@type":"PropertyValueSpecification","valueRequired":true,"valueName":"search_term_string"}}],"inLanguage":"fr-FR"},{"@type":"Person","@id":"https:\/\/www.revue3emillenaire.com\/blog\/#\/schema\/person\/b692dacff720a5344a6190bc714397eb","name":"3e mill\u00e9naire","url":"https:\/\/www.revue3emillenaire.com\/blog\/author\/scoussa\/"}]}},"_links":{"self":[{"href":"https:\/\/www.revue3emillenaire.com\/blog\/wp-json\/wp\/v2\/posts\/20482","targetHints":{"allow":["GET"]}}],"collection":[{"href":"https:\/\/www.revue3emillenaire.com\/blog\/wp-json\/wp\/v2\/posts"}],"about":[{"href":"https:\/\/www.revue3emillenaire.com\/blog\/wp-json\/wp\/v2\/types\/post"}],"author":[{"embeddable":true,"href":"https:\/\/www.revue3emillenaire.com\/blog\/wp-json\/wp\/v2\/users\/2"}],"replies":[{"embeddable":true,"href":"https:\/\/www.revue3emillenaire.com\/blog\/wp-json\/wp\/v2\/comments?post=20482"}],"version-history":[{"count":0,"href":"https:\/\/www.revue3emillenaire.com\/blog\/wp-json\/wp\/v2\/posts\/20482\/revisions"}],"wp:featuredmedia":[{"embeddable":true,"href":"https:\/\/www.revue3emillenaire.com\/blog\/wp-json\/wp\/v2\/media\/19427"}],"wp:attachment":[{"href":"https:\/\/www.revue3emillenaire.com\/blog\/wp-json\/wp\/v2\/media?parent=20482"}],"wp:term":[{"taxonomy":"category","embeddable":true,"href":"https:\/\/www.revue3emillenaire.com\/blog\/wp-json\/wp\/v2\/categories?post=20482"},{"taxonomy":"post_tag","embeddable":true,"href":"https:\/\/www.revue3emillenaire.com\/blog\/wp-json\/wp\/v2\/tags?post=20482"}],"curies":[{"name":"wp","href":"https:\/\/api.w.org\/{rel}","templated":true}]}}