{"id":20484,"date":"2025-02-23T16:40:51","date_gmt":"2025-02-23T15:40:51","guid":{"rendered":"https:\/\/www.revue3emillenaire.com\/blog\/?p=20484"},"modified":"2025-02-23T16:40:51","modified_gmt":"2025-02-23T15:40:51","slug":"pour-toutes-les-mauvaises-raisons-par-todd-hayen","status":"publish","type":"post","link":"https:\/\/www.revue3emillenaire.com\/blog\/pour-toutes-les-mauvaises-raisons-par-todd-hayen\/","title":{"rendered":"Pour toutes les mauvaises raisons par Todd Hayen"},"content":{"rendered":"<p class=\"western\" align=\"justify\">Le monde s\u2019effondre, les gens tombent malades et meurent, la culture devient moralement corrompue et la soci\u00e9t\u00e9 s\u2019enfonce de plus en plus dans la boue. Les gens deviennent de plus en plus fous, de plus en plus haineux.<\/p>\n<p class=\"western\" align=\"justify\">Si vous nous posez la question, \u00e0 nous les <a href=\"https:\/\/shrewviews.substack.com\/p\/sheep-and-shrew?s=w\" target=\"_blank\" rel=\"noopener\">m\u00e9g\u00e8res<\/a>, nous vous donnerons une multitude de raisons d\u00e9taill\u00e9es, mais elles reviendront toutes \u00e0 la m\u00eame cause fondamentale\u00a0: les mondialistes tentent de contr\u00f4ler le monde. Bien s\u00fbr, il existe une myriade de m\u00e9thodes, d\u2019actions et de processus qu\u2019ils utilisent pour y parvenir. Et vous pouvez d\u00e9crire ces efforts de diverses mani\u00e8res qui peuvent \u00eatre plus concises et plus pr\u00e9cises que \u00ab\u00a0les mondialistes tentent de contr\u00f4ler le monde\u00a0\u00bb. Formulez-le comme vous voulez, mais je pense que vous \u00eates d\u2019accord avec l\u2019id\u00e9e de base.<\/p>\n<p class=\"western\" align=\"justify\">Posez la m\u00eame question \u00e0 un <a href=\"https:\/\/shrewviews.substack.com\/p\/sheep-and-shrew?s=w\" target=\"_blank\" rel=\"noopener\">mouton<\/a>, et il vous r\u00e9pondra presque n\u2019importe quoi d\u2019autre. Le premier sur la liste est Trump. C\u2019est le malfaiteur num\u00e9ro un. Sa folie, sa bassesse, son narcissisme, sa psychopathologie et son comportement criminel abominable sont, en fin de compte, responsables des malheurs du monde.<\/p>\n<p class=\"western\" align=\"justify\">Le prochain sur la liste est probablement le changement climatique (mais en fin de compte, c\u2019est aussi la faute de Trump), puis Poutine bien s\u00fbr. Puis les th\u00e9oriciens du complot, les R\u00e9publicains, l\u2019extr\u00eame droite, la droite chr\u00e9tienne, et ainsi de suite. Vous voyez le tableau.<\/p>\n<p class=\"western\" align=\"justify\">Il est peut-\u00eatre tout aussi r\u00e9ducteur de mettre tous les probl\u00e8mes du monde sur le compte des efforts de l\u2019agenda visant \u00e0 cr\u00e9er un gouvernement mondialiste, mais c\u2019est certainement plus logique. Et je dirais plus succinctement que la plupart des probl\u00e8mes que nous connaissons actuellement sont le r\u00e9sultat sp\u00e9cifique de la r\u00e9cente folie du Covid et de tout ce qui l\u2019a accompagn\u00e9e \u2014 la perturbation du d\u00e9veloppement naturel de nos jeunes par la fermeture des \u00e9coles, la perturbation radicale de la cha\u00eene d\u2019approvisionnement mondiale par les confinements et des restrictions commerciales, les dommages psychologiques r\u00e9sultant de la destruction du tissu social, la destruction physique que les vaccins Covid eux-m\u00eames ont provoqu\u00e9e, entra\u00eenant des crises cardiaques, des maladies cardiaques, des accidents vasculaires c\u00e9r\u00e9braux, des caillots sanguins et d\u2019autres cons\u00e9quences li\u00e9es \u00e0 l\u2019injection de poison dans le sang humain. Presque tout ce que nous voyons se produire est d\u00fb directement ou indirectement \u00e0 la campagne Covid.<\/p>\n<p class=\"western\" align=\"justify\">Mais bien s\u00fbr, beaucoup de choses ne sont pas directement li\u00e9es \u00e0 Covid \u2014 mais elles sont indirectement li\u00e9es \u00e0 ce \u00e0 quoi le fiasco de Covid est li\u00e9 \u2014 en un mot, des mensonges.<\/p>\n<p class=\"western\" align=\"justify\">Nous avons ces incendies horribles qui se produisent dans le monde entier, peut-\u00eatre dus aux armes \u00e0 \u00e9nergie dirig\u00e9e (DEW) et \u00e0 d\u2019autres manipulations m\u00e9t\u00e9orologiques orchestr\u00e9es par l\u2019agenda. Nous avons un probl\u00e8me de drogue qui fait rage, un probl\u00e8me de sant\u00e9 mentale qui fait rage, un probl\u00e8me moral qui fait rage, un probl\u00e8me relationnel qui fait rage \u2014 dois-je en dire plus\u00a0?<\/p>\n<p class=\"western\" align=\"justify\">Prenons l\u2019exemple de la d\u00e9cision relativement r\u00e9cente de Trump d\u2019imposer des droits de douane \u00e9lev\u00e9s sur les produits canadiens entrant aux \u00c9tats-Unis (d\u00e9cision qui a \u00e9t\u00e9 report\u00e9e pour un temps). Les personnes qui s\u2019opposent \u00e0 cette mesure (la plupart des Canadiens, j\u2019oserais dire) l\u2019imputent enti\u00e8rement \u00e0 Trump et \u00e0 sa personnalit\u00e9 pathologique. C\u2019est parce qu\u2019il est mauvais, haineux, \u00e9go\u00efste et physiquement gros et laid.<\/p>\n<p class=\"western\" align=\"justify\">Dans leur esprit (ceux \u00e0 qui j\u2019ai parl\u00e9 ou que j\u2019ai lus), il n\u2019y a aucune consid\u00e9ration d\u2019autres facteurs, tels que l\u2019absence d\u2019efforts s\u00e9rieux de la part du Canada pour \u00e9quilibrer les accords commerciaux, ou le manque d\u2019engagement du Canada pour contr\u00f4ler la production et la distribution de fentanyl. Ces accusations sont peut-\u00eatre fausses, mais ce que je veux dire ici, c\u2019est qu\u2019elles ne sont m\u00eame pas prises en consid\u00e9ration, qu\u2019elles soient vraies ou non.<\/p>\n<p class=\"western\" align=\"justify\">S\u2019il y a une part de v\u00e9rit\u00e9 dans l\u2019une ou l\u2019autre des raisons avanc\u00e9es par chaque camp, personne (\u00e0 part nous) ne consid\u00e8re que le monde chaotique laiss\u00e9 par le Covid est responsable (il l\u2019est). Et qui en est \u00e0 l\u2019origine\u00a0? \u00ab\u00a0Oh, c\u2019\u00e9tait une pand\u00e9mie caus\u00e9e par un virus apparu naturellement. Il n\u2019y avait aucune intention de cr\u00e9er un \u201cnouvel ordre mondial\u201d derri\u00e8re cela\u00a0! C\u2019\u00e9tait malheureux, mais ce n\u2019\u00e9tait la faute de personne\u00a0!\u00a0\u00bb<\/p>\n<p class=\"western\" align=\"justify\">Pouvez-vous compter le nombre de fausset\u00e9s dans ces trois phrases\u00a0? J\u2019en compte CINQ. Vous en avez d\u2019autres\u00a0?<\/p>\n<p class=\"western\" align=\"justify\">Selon les personnes qui d\u00e9testent Trump pour cette seule mesure ex\u00e9cutive sur les droits de douane, le monde pourrait s\u2019\u00e9crouler \u00e0 cause de lui. Il est certain que le Canada et les \u00c9tats-Unis souffriront \u00e9norm\u00e9ment. Les populations des deux pays souffriront sans raison. Tout cela \u00e0 cause d\u2019une d\u00e9cision personnelle et int\u00e9ress\u00e9e prise par un psychopathe pathologique. Encore une fois, personne ne voit dans les mesures prises pendant le Covid une quelconque raison pour laquelle ces deux pays auraient des probl\u00e8mes de commerce, de drogue ou d\u2019immigration.<\/p>\n<p class=\"western\" align=\"justify\">Et si l\u2019on y r\u00e9fl\u00e9chit bien, l\u2019\u00e9lection de Trump est elle-m\u00eame le r\u00e9sultat de cet agenda chaotique. Si le monde n\u2019\u00e9tait pas en train de s\u2019effondrer, les gens qui ont vot\u00e9 pour Trump n\u2019auraient peut-\u00eatre m\u00eame pas \u00e9t\u00e9 assez attentifs pour penser que le monde avait besoin d\u2019\u00eatre sauv\u00e9 et que Trump \u00e9tait le seul \u00e0 pouvoir le faire.<\/p>\n<p class=\"western\" align=\"justify\">Ne vous m\u00e9prenez pas.<\/p>\n<p class=\"western\" align=\"justify\">Pour ce que cela vaut, je ne pense pas que l\u2019instauration d\u2019un droit de douane de 25\u00a0% sur les importations en provenance du Canada soit une bonne id\u00e9e. Mais je ne connais pas suffisamment l\u2019\u00e9conomie mondiale pour en donner une bonne raison, simplement parce que cela nuira \u00e0 beaucoup de gens si cette mesure reste en place tr\u00e8s longtemps (en supposant qu\u2019elle soit effectivement appliqu\u00e9e). Je n\u2019ai jamais \u00e9t\u00e9 partisan des sanctions ou des droits de douane pour faire pression sur un autre pays afin qu\u2019il nous ob\u00e9isse. Mais je consid\u00e8re que cette action est le r\u00e9sultat d\u2019un probl\u00e8me beaucoup plus important. Ce n\u2019est pas parce qu\u2019un fou a d\u00e9cid\u00e9 de faire quelque chose de m\u00e9chant juste parce qu\u2019il aime arracher les ailes de mouches innocentes. Je ne suis pas d\u2019accord avec ce genre d\u2019attitude.<\/p>\n<p class=\"western\" align=\"justify\">Je suis pr\u00eat \u00e0 affirmer, \u00e0 mon humble avis, que 90\u00a0% des probl\u00e8mes mondiaux actuels sont dus \u00e0 un agenda \u2014 un agenda qui vise \u00e0 globaliser la gouvernance mondiale en contr\u00f4lant la population. Bien s\u00fbr, il y a beaucoup de ph\u00e9nom\u00e8nes \u00ab\u00a0naturels\u00a0\u00bb qui nous affectent n\u00e9gativement, et bien s\u00fbr, beaucoup de ces probl\u00e8mes ont commenc\u00e9 \u00e0 se former de mani\u00e8re innocente (en raison du cours habituel de l\u2019\u00e9volution sociale humaine, y compris le d\u00e9cha\u00eenement incontr\u00f4l\u00e9 de la technologie, la mort de Dieu dans la vision personnelle du monde de la plupart des gens, l\u2019effet n\u00e9gatif de la nature \u2014 les catastrophes naturelles et l\u2019effet naturel de vivre une vie mat\u00e9rielle qui finit par s\u2019achever, etc.) Ils ne les ont pas tous cr\u00e9\u00e9s, mais ils ont utilis\u00e9 ce qui \u00e9tait naturellement pr\u00e9sent comme un outil dans leur effort de contr\u00f4le.<\/p>\n<p class=\"western\" align=\"justify\">Que devons-nous faire face \u00e0 cela\u00a0? Nous nous attaquons \u00e0 la source du v\u00e9ritable probl\u00e8me, \u00e0 savoir l\u2019ONU, l\u2019OMS, l\u2019OTAN, le FEM (entre autres), et qui ou quoi \u00ab\u00a0dirige\u00a0\u00bb ces organisations. Nous nous int\u00e9ressons aux personnes qui soutiennent ce \u00ab\u00a0nouvel ordre mondial\u00a0\u00bb et nous faisons ce que nous pouvons \u00e0 ce niveau.<\/p>\n<p class=\"western\" align=\"justify\">Trump pourrait bien \u00eatre le seul dirigeant mondial \u00e0 le faire activement, mais nous devons \u00e9galement \u00eatre conscients qu\u2019il pourrait en faire partie. Au minimum, il est une distraction \u2014 bonne ou mauvaise, ce qu\u2019il fait n\u2019est pas le v\u00e9ritable \u00e9l\u00e9ment causal de ce qui en r\u00e9sulte. Si le r\u00e9sultat est finalement bon, nous pouvons le remercier\u00a0; s\u2019il est n\u00e9gatif, nous pouvons bl\u00e2mer qui de droit, c\u2019est-\u00e0-dire la situation dans son ensemble.<\/p>\n<p class=\"western\" align=\"justify\">L\u2019une des choses les plus difficiles que les m\u00e9g\u00e8res vont vivre dans les ann\u00e9es \u00e0 venir est de voir les moutons bl\u00e2mer toutes les mauvaises choses pour l\u2019effondrement du monde. Ils bl\u00e2meront la Palestine (ou Isra\u00ebl, selon leur penchant) pour une guerre nucl\u00e9aire avec l\u2019Iran, ils bl\u00e2meront Poutine si un idiot en Ukraine ou aux \u00c9tats-Unis envoie un missile nucl\u00e9aire sur Moscou, ils bl\u00e2meront Trump si l\u2019\u00e9conomie s\u2019effondre ou si les relations avec le Canada et les \u00c9tats-Unis se d\u00e9t\u00e9riorent, ils bl\u00e2meront Trump pour toute agitation raciale dans le monde, ils bl\u00e2meront le r\u00e9chauffement climatique pour tout incendie de for\u00eat partout dans le monde, pour toute inondation, pour tout ouragan, ou pour n&rsquo;importe quoi d\u2019autre, ils bl\u00e2meront le long Covid, la grippe aviaire, ou tout autre coupable m\u00e9dical d\u00e9sign\u00e9 lorsque leur enfant de 30\u00a0ans mourra d\u2019une crise cardiaque. Ils ne chercheront pas les vraies raisons.<\/p>\n<p class=\"western\" align=\"justify\">Et cela va rendre fou le reste d\u2019entre nous.<\/p>\n<p class=\"western\" align=\"justify\">Texte original\u00a0: <a href=\"https:\/\/off-guardian.org\/2025\/02\/22\/for-all-the-wrong-reasons\/\" target=\"_blank\" rel=\"noopener\">https:\/\/off-guardian.org\/2025\/02\/22\/for-all-the-wrong-reasons\/<\/a><\/p>\n","protected":false},"excerpt":{"rendered":"<p>Le monde s\u2019effondre, les gens tombent malades et meurent, la culture devient moralement corrompue et la soci\u00e9t\u00e9 s\u2019enfonce de plus en plus dans la boue. Les gens deviennent de plus en plus fous, de plus en plus haineux. Si vous nous posez la question, \u00e0 nous les m\u00e9g\u00e8res, nous vous donnerons une multitude de raisons [&hellip;]<\/p>\n","protected":false},"author":2,"featured_media":20365,"comment_status":"closed","ping_status":"closed","sticky":false,"template":"","format":"standard","meta":{"footnotes":""},"categories":[1540,1790],"tags":[1411,1504,106,1860],"class_list":["post-20484","post","type-post","status-publish","format-standard","has-post-thumbnail","hentry","category-actualite","category-hayen-todd","tag-controle","tag-covid","tag-crise","tag-nouvel-ordre"],"yoast_head":"<!-- This site is optimized with the Yoast SEO plugin v27.0 - https:\/\/yoast.com\/product\/yoast-seo-wordpress\/ -->\n<title>Pour toutes les mauvaises raisons par Todd Hayen - 3e mill\u00e9naire - Spiritualit\u00e9 - Connaissance de soi - Non-dualit\u00e9 - M\u00e9ditation<\/title>\n<meta name=\"robots\" content=\"index, follow, max-snippet:-1, max-image-preview:large, max-video-preview:-1\" \/>\n<link rel=\"canonical\" href=\"https:\/\/www.revue3emillenaire.com\/blog\/pour-toutes-les-mauvaises-raisons-par-todd-hayen\/\" \/>\n<meta property=\"og:locale\" content=\"fr_FR\" \/>\n<meta property=\"og:type\" content=\"article\" \/>\n<meta property=\"og:title\" content=\"Pour toutes les mauvaises raisons par Todd Hayen - 3e mill\u00e9naire - Spiritualit\u00e9 - Connaissance de soi - Non-dualit\u00e9 - M\u00e9ditation\" \/>\n<meta property=\"og:description\" content=\"Le monde s\u2019effondre, les gens tombent malades et meurent, la culture devient moralement corrompue et la soci\u00e9t\u00e9 s\u2019enfonce de plus en plus dans la boue. Les gens deviennent de plus en plus fous, de plus en plus haineux. Si vous nous posez la question, \u00e0 nous les m\u00e9g\u00e8res, nous vous donnerons une multitude de raisons [&hellip;]\" \/>\n<meta property=\"og:url\" content=\"https:\/\/www.revue3emillenaire.com\/blog\/pour-toutes-les-mauvaises-raisons-par-todd-hayen\/\" \/>\n<meta property=\"og:site_name\" content=\"3e mill\u00e9naire - Spiritualit\u00e9 - Connaissance de soi - Non-dualit\u00e9 - M\u00e9ditation\" \/>\n<meta property=\"article:published_time\" content=\"2025-02-23T15:40:51+00:00\" \/>\n<meta property=\"og:image\" content=\"https:\/\/www.revue3emillenaire.com\/blog\/wp-content\/uploads\/2024\/12\/Todd-Hayen2.jpg\" \/>\n\t<meta property=\"og:image:width\" content=\"127\" \/>\n\t<meta property=\"og:image:height\" content=\"171\" \/>\n\t<meta property=\"og:image:type\" content=\"image\/jpeg\" \/>\n<meta name=\"author\" content=\"3e mill\u00e9naire\" \/>\n<meta name=\"twitter:card\" content=\"summary_large_image\" \/>\n<meta name=\"twitter:label1\" content=\"\u00c9crit par\" \/>\n\t<meta name=\"twitter:data1\" content=\"3e mill\u00e9naire\" \/>\n\t<meta name=\"twitter:label2\" content=\"Dur\u00e9e de lecture estim\u00e9e\" \/>\n\t<meta name=\"twitter:data2\" content=\"8 minutes\" \/>\n<script type=\"application\/ld+json\" class=\"yoast-schema-graph\">{\"@context\":\"https:\/\/schema.org\",\"@graph\":[{\"@type\":\"Article\",\"@id\":\"https:\/\/www.revue3emillenaire.com\/blog\/pour-toutes-les-mauvaises-raisons-par-todd-hayen\/#article\",\"isPartOf\":{\"@id\":\"https:\/\/www.revue3emillenaire.com\/blog\/pour-toutes-les-mauvaises-raisons-par-todd-hayen\/\"},\"author\":{\"name\":\"3e mill\u00e9naire\",\"@id\":\"https:\/\/www.revue3emillenaire.com\/blog\/#\/schema\/person\/b692dacff720a5344a6190bc714397eb\"},\"headline\":\"Pour toutes les mauvaises raisons par Todd Hayen\",\"datePublished\":\"2025-02-23T15:40:51+00:00\",\"mainEntityOfPage\":{\"@id\":\"https:\/\/www.revue3emillenaire.com\/blog\/pour-toutes-les-mauvaises-raisons-par-todd-hayen\/\"},\"wordCount\":1612,\"image\":{\"@id\":\"https:\/\/www.revue3emillenaire.com\/blog\/pour-toutes-les-mauvaises-raisons-par-todd-hayen\/#primaryimage\"},\"thumbnailUrl\":\"https:\/\/www.revue3emillenaire.com\/blog\/wp-content\/uploads\/2024\/12\/Todd-Hayen2.jpg\",\"keywords\":[\"Contr\u00f4le\",\"Covid\",\"crise\",\"Nouvel Ordre\"],\"articleSection\":[\"Actualit\u00e9s\",\"Hayen Todd\"],\"inLanguage\":\"fr-FR\"},{\"@type\":\"WebPage\",\"@id\":\"https:\/\/www.revue3emillenaire.com\/blog\/pour-toutes-les-mauvaises-raisons-par-todd-hayen\/\",\"url\":\"https:\/\/www.revue3emillenaire.com\/blog\/pour-toutes-les-mauvaises-raisons-par-todd-hayen\/\",\"name\":\"Pour toutes les mauvaises raisons par Todd Hayen - 3e mill\u00e9naire - Spiritualit\u00e9 - Connaissance de soi - Non-dualit\u00e9 - M\u00e9ditation\",\"isPartOf\":{\"@id\":\"https:\/\/www.revue3emillenaire.com\/blog\/#website\"},\"primaryImageOfPage\":{\"@id\":\"https:\/\/www.revue3emillenaire.com\/blog\/pour-toutes-les-mauvaises-raisons-par-todd-hayen\/#primaryimage\"},\"image\":{\"@id\":\"https:\/\/www.revue3emillenaire.com\/blog\/pour-toutes-les-mauvaises-raisons-par-todd-hayen\/#primaryimage\"},\"thumbnailUrl\":\"https:\/\/www.revue3emillenaire.com\/blog\/wp-content\/uploads\/2024\/12\/Todd-Hayen2.jpg\",\"datePublished\":\"2025-02-23T15:40:51+00:00\",\"author\":{\"@id\":\"https:\/\/www.revue3emillenaire.com\/blog\/#\/schema\/person\/b692dacff720a5344a6190bc714397eb\"},\"breadcrumb\":{\"@id\":\"https:\/\/www.revue3emillenaire.com\/blog\/pour-toutes-les-mauvaises-raisons-par-todd-hayen\/#breadcrumb\"},\"inLanguage\":\"fr-FR\",\"potentialAction\":[{\"@type\":\"ReadAction\",\"target\":[\"https:\/\/www.revue3emillenaire.com\/blog\/pour-toutes-les-mauvaises-raisons-par-todd-hayen\/\"]}]},{\"@type\":\"ImageObject\",\"inLanguage\":\"fr-FR\",\"@id\":\"https:\/\/www.revue3emillenaire.com\/blog\/pour-toutes-les-mauvaises-raisons-par-todd-hayen\/#primaryimage\",\"url\":\"https:\/\/www.revue3emillenaire.com\/blog\/wp-content\/uploads\/2024\/12\/Todd-Hayen2.jpg\",\"contentUrl\":\"https:\/\/www.revue3emillenaire.com\/blog\/wp-content\/uploads\/2024\/12\/Todd-Hayen2.jpg\",\"width\":127,\"height\":171},{\"@type\":\"BreadcrumbList\",\"@id\":\"https:\/\/www.revue3emillenaire.com\/blog\/pour-toutes-les-mauvaises-raisons-par-todd-hayen\/#breadcrumb\",\"itemListElement\":[{\"@type\":\"ListItem\",\"position\":1,\"name\":\"Accueil\",\"item\":\"https:\/\/www.revue3emillenaire.com\/blog\/\"},{\"@type\":\"ListItem\",\"position\":2,\"name\":\"Pour toutes les mauvaises raisons par Todd Hayen\"}]},{\"@type\":\"WebSite\",\"@id\":\"https:\/\/www.revue3emillenaire.com\/blog\/#website\",\"url\":\"https:\/\/www.revue3emillenaire.com\/blog\/\",\"name\":\"3e mill\u00e9naire - Spiritualit\u00e9 - Connaissance de soi - Non-dualit\u00e9 - M\u00e9ditation\",\"description\":\"L&#039;Homme en devenir\",\"potentialAction\":[{\"@type\":\"SearchAction\",\"target\":{\"@type\":\"EntryPoint\",\"urlTemplate\":\"https:\/\/www.revue3emillenaire.com\/blog\/?s={search_term_string}\"},\"query-input\":{\"@type\":\"PropertyValueSpecification\",\"valueRequired\":true,\"valueName\":\"search_term_string\"}}],\"inLanguage\":\"fr-FR\"},{\"@type\":\"Person\",\"@id\":\"https:\/\/www.revue3emillenaire.com\/blog\/#\/schema\/person\/b692dacff720a5344a6190bc714397eb\",\"name\":\"3e mill\u00e9naire\",\"url\":\"https:\/\/www.revue3emillenaire.com\/blog\/author\/scoussa\/\"}]}<\/script>\n<!-- \/ Yoast SEO plugin. -->","yoast_head_json":{"title":"Pour toutes les mauvaises raisons par Todd Hayen - 3e mill\u00e9naire - Spiritualit\u00e9 - Connaissance de soi - Non-dualit\u00e9 - M\u00e9ditation","robots":{"index":"index","follow":"follow","max-snippet":"max-snippet:-1","max-image-preview":"max-image-preview:large","max-video-preview":"max-video-preview:-1"},"canonical":"https:\/\/www.revue3emillenaire.com\/blog\/pour-toutes-les-mauvaises-raisons-par-todd-hayen\/","og_locale":"fr_FR","og_type":"article","og_title":"Pour toutes les mauvaises raisons par Todd Hayen - 3e mill\u00e9naire - Spiritualit\u00e9 - Connaissance de soi - Non-dualit\u00e9 - M\u00e9ditation","og_description":"Le monde s\u2019effondre, les gens tombent malades et meurent, la culture devient moralement corrompue et la soci\u00e9t\u00e9 s\u2019enfonce de plus en plus dans la boue. Les gens deviennent de plus en plus fous, de plus en plus haineux. Si vous nous posez la question, \u00e0 nous les m\u00e9g\u00e8res, nous vous donnerons une multitude de raisons [&hellip;]","og_url":"https:\/\/www.revue3emillenaire.com\/blog\/pour-toutes-les-mauvaises-raisons-par-todd-hayen\/","og_site_name":"3e mill\u00e9naire - Spiritualit\u00e9 - Connaissance de soi - Non-dualit\u00e9 - M\u00e9ditation","article_published_time":"2025-02-23T15:40:51+00:00","og_image":[{"width":127,"height":171,"url":"https:\/\/www.revue3emillenaire.com\/blog\/wp-content\/uploads\/2024\/12\/Todd-Hayen2.jpg","type":"image\/jpeg"}],"author":"3e mill\u00e9naire","twitter_card":"summary_large_image","twitter_misc":{"\u00c9crit par":"3e mill\u00e9naire","Dur\u00e9e de lecture estim\u00e9e":"8 minutes"},"schema":{"@context":"https:\/\/schema.org","@graph":[{"@type":"Article","@id":"https:\/\/www.revue3emillenaire.com\/blog\/pour-toutes-les-mauvaises-raisons-par-todd-hayen\/#article","isPartOf":{"@id":"https:\/\/www.revue3emillenaire.com\/blog\/pour-toutes-les-mauvaises-raisons-par-todd-hayen\/"},"author":{"name":"3e mill\u00e9naire","@id":"https:\/\/www.revue3emillenaire.com\/blog\/#\/schema\/person\/b692dacff720a5344a6190bc714397eb"},"headline":"Pour toutes les mauvaises raisons par Todd Hayen","datePublished":"2025-02-23T15:40:51+00:00","mainEntityOfPage":{"@id":"https:\/\/www.revue3emillenaire.com\/blog\/pour-toutes-les-mauvaises-raisons-par-todd-hayen\/"},"wordCount":1612,"image":{"@id":"https:\/\/www.revue3emillenaire.com\/blog\/pour-toutes-les-mauvaises-raisons-par-todd-hayen\/#primaryimage"},"thumbnailUrl":"https:\/\/www.revue3emillenaire.com\/blog\/wp-content\/uploads\/2024\/12\/Todd-Hayen2.jpg","keywords":["Contr\u00f4le","Covid","crise","Nouvel Ordre"],"articleSection":["Actualit\u00e9s","Hayen Todd"],"inLanguage":"fr-FR"},{"@type":"WebPage","@id":"https:\/\/www.revue3emillenaire.com\/blog\/pour-toutes-les-mauvaises-raisons-par-todd-hayen\/","url":"https:\/\/www.revue3emillenaire.com\/blog\/pour-toutes-les-mauvaises-raisons-par-todd-hayen\/","name":"Pour toutes les mauvaises raisons par Todd Hayen - 3e mill\u00e9naire - Spiritualit\u00e9 - Connaissance de soi - Non-dualit\u00e9 - M\u00e9ditation","isPartOf":{"@id":"https:\/\/www.revue3emillenaire.com\/blog\/#website"},"primaryImageOfPage":{"@id":"https:\/\/www.revue3emillenaire.com\/blog\/pour-toutes-les-mauvaises-raisons-par-todd-hayen\/#primaryimage"},"image":{"@id":"https:\/\/www.revue3emillenaire.com\/blog\/pour-toutes-les-mauvaises-raisons-par-todd-hayen\/#primaryimage"},"thumbnailUrl":"https:\/\/www.revue3emillenaire.com\/blog\/wp-content\/uploads\/2024\/12\/Todd-Hayen2.jpg","datePublished":"2025-02-23T15:40:51+00:00","author":{"@id":"https:\/\/www.revue3emillenaire.com\/blog\/#\/schema\/person\/b692dacff720a5344a6190bc714397eb"},"breadcrumb":{"@id":"https:\/\/www.revue3emillenaire.com\/blog\/pour-toutes-les-mauvaises-raisons-par-todd-hayen\/#breadcrumb"},"inLanguage":"fr-FR","potentialAction":[{"@type":"ReadAction","target":["https:\/\/www.revue3emillenaire.com\/blog\/pour-toutes-les-mauvaises-raisons-par-todd-hayen\/"]}]},{"@type":"ImageObject","inLanguage":"fr-FR","@id":"https:\/\/www.revue3emillenaire.com\/blog\/pour-toutes-les-mauvaises-raisons-par-todd-hayen\/#primaryimage","url":"https:\/\/www.revue3emillenaire.com\/blog\/wp-content\/uploads\/2024\/12\/Todd-Hayen2.jpg","contentUrl":"https:\/\/www.revue3emillenaire.com\/blog\/wp-content\/uploads\/2024\/12\/Todd-Hayen2.jpg","width":127,"height":171},{"@type":"BreadcrumbList","@id":"https:\/\/www.revue3emillenaire.com\/blog\/pour-toutes-les-mauvaises-raisons-par-todd-hayen\/#breadcrumb","itemListElement":[{"@type":"ListItem","position":1,"name":"Accueil","item":"https:\/\/www.revue3emillenaire.com\/blog\/"},{"@type":"ListItem","position":2,"name":"Pour toutes les mauvaises raisons par Todd Hayen"}]},{"@type":"WebSite","@id":"https:\/\/www.revue3emillenaire.com\/blog\/#website","url":"https:\/\/www.revue3emillenaire.com\/blog\/","name":"3e mill\u00e9naire - Spiritualit\u00e9 - Connaissance de soi - Non-dualit\u00e9 - M\u00e9ditation","description":"L&#039;Homme en devenir","potentialAction":[{"@type":"SearchAction","target":{"@type":"EntryPoint","urlTemplate":"https:\/\/www.revue3emillenaire.com\/blog\/?s={search_term_string}"},"query-input":{"@type":"PropertyValueSpecification","valueRequired":true,"valueName":"search_term_string"}}],"inLanguage":"fr-FR"},{"@type":"Person","@id":"https:\/\/www.revue3emillenaire.com\/blog\/#\/schema\/person\/b692dacff720a5344a6190bc714397eb","name":"3e mill\u00e9naire","url":"https:\/\/www.revue3emillenaire.com\/blog\/author\/scoussa\/"}]}},"_links":{"self":[{"href":"https:\/\/www.revue3emillenaire.com\/blog\/wp-json\/wp\/v2\/posts\/20484","targetHints":{"allow":["GET"]}}],"collection":[{"href":"https:\/\/www.revue3emillenaire.com\/blog\/wp-json\/wp\/v2\/posts"}],"about":[{"href":"https:\/\/www.revue3emillenaire.com\/blog\/wp-json\/wp\/v2\/types\/post"}],"author":[{"embeddable":true,"href":"https:\/\/www.revue3emillenaire.com\/blog\/wp-json\/wp\/v2\/users\/2"}],"replies":[{"embeddable":true,"href":"https:\/\/www.revue3emillenaire.com\/blog\/wp-json\/wp\/v2\/comments?post=20484"}],"version-history":[{"count":0,"href":"https:\/\/www.revue3emillenaire.com\/blog\/wp-json\/wp\/v2\/posts\/20484\/revisions"}],"wp:featuredmedia":[{"embeddable":true,"href":"https:\/\/www.revue3emillenaire.com\/blog\/wp-json\/wp\/v2\/media\/20365"}],"wp:attachment":[{"href":"https:\/\/www.revue3emillenaire.com\/blog\/wp-json\/wp\/v2\/media?parent=20484"}],"wp:term":[{"taxonomy":"category","embeddable":true,"href":"https:\/\/www.revue3emillenaire.com\/blog\/wp-json\/wp\/v2\/categories?post=20484"},{"taxonomy":"post_tag","embeddable":true,"href":"https:\/\/www.revue3emillenaire.com\/blog\/wp-json\/wp\/v2\/tags?post=20484"}],"curies":[{"name":"wp","href":"https:\/\/api.w.org\/{rel}","templated":true}]}}