{"id":20485,"date":"2025-02-24T04:50:44","date_gmt":"2025-02-24T03:50:44","guid":{"rendered":"https:\/\/www.revue3emillenaire.com\/blog\/?p=20485"},"modified":"2025-02-24T04:53:15","modified_gmt":"2025-02-24T03:53:15","slug":"cette-approche-permaculturelle-resout-les-problemes-dh%e2%82%82o-et-de-co2-par-asa-boxer","status":"publish","type":"post","link":"https:\/\/www.revue3emillenaire.com\/blog\/cette-approche-permaculturelle-resout-les-problemes-dh%e2%82%82o-et-de-co2-par-asa-boxer\/","title":{"rendered":"Cette approche permaculturelle r\u00e9sout les probl\u00e8mes d\u2019H2O et de CO2 par Asa Boxer"},"content":{"rendered":"<p class=\"western\" align=\"justify\"><span style=\"font-family: Times New Roman, serif;\"><span style=\"font-size: medium;\">23\u00a0f\u00e9vrier 2025<\/span><\/span><\/p>\n<p class=\"western\" style=\"text-align: center;\" align=\"justify\"><img loading=\"lazy\" decoding=\"async\" class=\"alignnone size-full\" src=\"https:\/\/substackcdn.com\/image\/fetch\/f_auto,q_auto:good,fl_progressive:steep\/https%3A%2F%2Fsubstack-post-media.s3.amazonaws.com%2Fpublic%2Fimages%2F066f38f1-f5f8-4935-9fd1-424827ce04ca_1024x1024.heic\" width=\"1024\" height=\"1024\" \/><\/p>\n<p class=\"western\" align=\"justify\"><span style=\"color: #000080;\"><u><a href=\"https:\/\/www.revue3emillenaire.com\/blog\/le-co2-atmospherique-provient-de-cette-source-surprenante-par-asa-boxer\/\" target=\"_blank\" rel=\"noopener\"><span style=\"font-family: Times New Roman, serif;\"><span style=\"font-size: medium;\">La semaine derni\u00e8re<\/span><\/span><\/a><\/u><\/span><span style=\"font-family: Times New Roman, serif;\"><span style=\"font-size: medium;\">, je vous ai laiss\u00e9 r\u00e9fl\u00e9chir \u00e0 la fa\u00e7on dont l\u2019augmentation des niveaux de CO<\/span><\/span><sub><span style=\"font-family: Times New Roman, serif;\"><span style=\"font-size: medium;\">2<\/span><\/span><\/sub><span style=\"font-family: Times New Roman, serif;\"><span style=\"font-size: medium;\"> dans l\u2019atmosph\u00e8re est un sympt\u00f4me d\u2019une mauvaise gestion des terres. Si vous vous souvenez bien, le travail du sol est \u00e0 lui seul responsable d\u2019environ 15 \u00e0 20\u00a0% de l\u2019augmentation de 140\u00a0ppm de CO<\/span><\/span><sub><span style=\"font-family: Times New Roman, serif;\"><span style=\"font-size: medium;\">2<\/span><\/span><\/sub><span style=\"font-family: Times New Roman, serif;\"><span style=\"font-size: medium;\"> atmosph\u00e9rique accumul\u00e9e depuis 1750. La raison en est que le labourage expose le carbone du sol \u00e0 l\u2019oxyg\u00e8ne, provoquant ainsi l\u2019oxydation du carbone, ce qui entra\u00eene une perte de carbone du sol sous forme de CO<\/span><\/span><sub><span style=\"font-family: Times New Roman, serif;\"><span style=\"font-size: medium;\">2<\/span><\/span><\/sub><span style=\"font-family: Times New Roman, serif;\"><span style=\"font-size: medium;\">. Le carbone \u00e9tant essentiel \u00e0 la sant\u00e9 du sol, l\u2019id\u00e9al serait de le conserver <\/span><\/span><span style=\"font-family: Times New Roman, serif;\"><span style=\"font-size: medium;\">l\u00e0<\/span><\/span><span style=\"font-family: Times New Roman, serif;\"><span style=\"font-size: medium;\">.<\/span><\/span><\/p>\n<p class=\"western\" align=\"justify\"><span style=\"font-family: Times New Roman, serif;\"><span style=\"font-size: medium;\">La raison pour laquelle le labourage du sol est utilis\u00e9 en premier lieu est qu\u2019il stimule la croissance des plantes. Voici comment\u00a0: de nombreux micro-organismes b\u00e9n\u00e9fiques \u00e0 la croissance des plantes se d\u00e9veloppent gr\u00e2ce \u00e0 l\u2019oxyg\u00e8ne. Lorsque vous labourez le sol, ces organismes se mettent \u00e0 fonctionner \u00e0 plein r\u00e9gime et \u00e0 prolif\u00e9rer. Le r\u00f4le de ces organismes est de d\u00e9composer les nutriments pr\u00e9sents dans le sol pour les rendre assimilables par les plantes. Pour ce faire, ils se contentent de s\u00e9cr\u00e9ter des acides sur les roches et les substances du sol (y compris le carbone) afin de les d\u00e9composer pour se nourrir. Ensuite, ils les mangent et s\u00e9cr\u00e8tent de nouvelles substances. Enfin, ils meurent et se d\u00e9composent. Gr\u00e2ce \u00e0 tous ces flux cycliques, les \u00e9l\u00e9ments du sol sont transform\u00e9s en nutriments assimilables par les plantes. Ainsi, lorsque nous envoyons de l\u2019oxyg\u00e8ne \u00e0 ces petites cr\u00e9atures, elles se multiplient et pullulent, mettant tous ces \u00e9l\u00e9ments nutritifs \u00e0 la disposition des plantes. Le probl\u00e8me, c\u2019est que cette m\u00e9thode lib\u00e8re bien plus de nutriments que la culture n\u2019en a besoin. Par cons\u00e9quent, les pluies emportent le reste. Apr\u00e8s plusieurs saisons, le sol est appauvri et les microbes tentent de survivre dans un terrain pauvre.<\/span><\/span><\/p>\n<p class=\"western\" align=\"justify\"><span style=\"font-family: Times New Roman, serif;\"><span style=\"font-size: medium;\">C\u2019est ce qu\u2019<\/span><\/span><span style=\"font-family: Times New Roman, serif;\"><span style=\"font-size: medium;\">explique<\/span><\/span><span style=\"font-family: Times New Roman, serif;\"><span style=\"font-size: medium;\"> le gourou de la permaculture, le professeur Toby Hemenway (1952-2016), dans son livre <\/span><\/span><em><span style=\"font-family: Times New Roman, serif;\"><span style=\"font-size: medium;\">Gaia&rsquo;s Garden<\/span><\/span><\/em><span style=\"font-family: Times New Roman, serif;\"><span style=\"font-size: medium;\">. Mais son r\u00e9cit n\u2019est peut-\u00eatre pas tout \u00e0 fait exact. Selon l<\/span><\/span><span style=\"font-family: Times New Roman, serif;\"><span style=\"font-size: medium;\">a<\/span><\/span><span style=\"font-family: Times New Roman, serif;\"><span style=\"font-size: medium;\"> Dr<\/span><\/span><span style=\"font-family: Times New Roman, serif;\"><span style=\"font-size: medium;\">e<\/span><\/span><span style=\"font-family: Times New Roman, serif;\"><span style=\"font-size: medium;\"> Elaine Ingham, l\u2019une des pionni\u00e8res d<\/span><\/span><span style=\"font-family: Times New Roman, serif;\"><span style=\"font-size: medium;\">e<\/span><\/span><span style=\"font-family: Times New Roman, serif;\"><span style=\"font-size: medium;\"> l\u2019<\/span><\/span><span style=\"font-family: Times New Roman, serif;\"><span style=\"font-size: medium;\">\u00e9tude<\/span><\/span><span style=\"font-family: Times New Roman, serif;\"><span style=\"font-size: medium;\"> de la vie du sol, il y a toujours suffisamment de nutriments dans les roches et le sol (puisque <\/span><\/span><span style=\"font-family: Times New Roman, serif;\"><span style=\"font-size: medium;\">ceux-ci<\/span><\/span><span style=\"font-family: Times New Roman, serif;\"><span style=\"font-size: medium;\"> sont constitu\u00e9s d\u2019\u00e9l\u00e9ments nutritifs)\u00a0: le probl\u00e8me, lorsqu\u2019il y en a un, est le d\u00e9s\u00e9quilibre. Selon son point de vue, ce qui est d\u00e9truit par le <\/span><\/span><span style=\"font-family: Times New Roman, serif;\"><span style=\"font-size: medium;\">labourage<\/span><\/span><span style=\"font-family: Times New Roman, serif;\"><span style=\"font-size: medium;\"> du sol, c\u2019est <\/span><\/span><span style=\"color: #000080;\"><u><a href=\"https:\/\/www.youtube.com\/watch?v=tXVLa4zSXbM\" target=\"_blank\" rel=\"noopener\"><span style=\"font-family: Times New Roman, serif;\"><span style=\"font-size: medium;\">50\u00a0% des organismes <\/span><\/span><\/a><\/u><\/span><span style=\"font-family: Times New Roman, serif;\"><span style=\"font-size: medium;\">(\u00e0 chaque fois que l\u2019on travaille le sol). On d\u00e9truit aussi la structure du sol qui est une combinaison d\u2019exsudats racinaires, de s\u00e9cr\u00e9tions microbiennes et de r\u00e9seaux de myc\u00e9lium (ou champignons). Essentiellement, le <\/span><\/span><span style=\"font-family: Times New Roman, serif;\"><span style=\"font-size: medium;\">labourage<\/span><\/span><span style=\"font-family: Times New Roman, serif;\"><span style=\"font-size: medium;\"> du sol d\u00e9truit l\u2019habitat de \u00ab\u00a0deux tonnes [par acre\u00a0; <\/span><\/span><span style=\"font-family: Times New Roman, serif;\"><span style=\"font-size: medium;\">1\u00a0acre = 0,404\u00a0686\u00a0hectare<\/span><\/span><span style=\"font-family: Times New Roman, serif;\"><span style=\"font-size: medium;\">] de vers et deux autres tonnes [par acre] de bact\u00e9ries, de champignons et d\u2019animaux du sol tels que les mille-pattes et les acariens\u00a0\u00bb (Hemenway, p.\u00a072).<\/span><\/span><\/p>\n<p class=\"western\" align=\"justify\"><span style=\"color: #000080;\"><u><a href=\"https:\/\/www.youtube.com\/watch?v=N_2i9AUGmmg\" target=\"_blank\" rel=\"noopener\"><span style=\"font-family: Times New Roman, serif;\"><span style=\"font-size: medium;\">Selon Ingham<\/span><\/span><\/a><\/u><\/span><span style=\"font-family: Times New Roman, serif;\"><span style=\"font-size: medium;\">, un sol sain r\u00e9duit la consommation d\u2019eau de 70\u00a0%, car il est capable de retenir une grande quantit\u00e9 d\u2019eau. L\u2019humus (consid\u00e9r\u00e9 comme une forme ultra-riche de mati\u00e8re organique) \u2014 compos\u00e9 principalement de carbone, d\u2019oxyg\u00e8ne, d\u2019azote et d\u2019hydrog\u00e8ne \u2014 est difficile \u00e0 d\u00e9composer pour les micro-organismes et devrait donc \u00eatre abondant dans un sol sain. Cette substance peut contenir entre quatre et six fois son poids en eau (Hemenway, p.\u00a077).<\/span><\/span><\/p>\n<p class=\"western\" align=\"justify\"><span style=\"font-family: Times New Roman, serif;\"><span style=\"font-size: medium;\">Il va sans dire que les tonnes d\u2019organismes <\/span><\/span><span style=\"font-family: Times New Roman, serif;\"><span style=\"font-size: medium;\">pr\u00e9sents <\/span><\/span><span style=\"font-family: Times New Roman, serif;\"><span style=\"font-size: medium;\">par acre retiennent \u00e9galement de l\u2019eau, puisque les organismes sont essentiellement constitu\u00e9s d\u2019eau. Ajoutez <\/span><\/span><span style=\"font-family: Times New Roman, serif;\"><span style=\"font-size: medium;\">\u00e0 cela <\/span><\/span><span style=\"font-family: Times New Roman, serif;\"><span style=\"font-size: medium;\">la vie v\u00e9g\u00e9tale et l\u2019eau qu\u2019elle retient, et consid\u00e9rez les for\u00eats et la quantit\u00e9 d\u2019eau que les arbres retiennent, et vous aurez une id\u00e9e de la quantit\u00e9 d\u2019eau s\u00e9questr\u00e9e dans un \u00e9cosyst\u00e8me sain. En fait, les arbres contribuent au maintien des nappes phr\u00e9atiques gr\u00e2ce \u00e0 leur syst\u00e8me racinaire et \u00e0 la structure du sol qu\u2019ils maintiennent. <\/span><\/span><span style=\"font-family: Times New Roman, serif;\"><span style=\"font-size: medium;\">Le permaculteur <\/span><\/span><span style=\"color: #000080;\"><u><a href=\"https:\/\/www.youtube.com\/watch?v=xbBdIG--b58\" target=\"_blank\" rel=\"noopener\"><span style=\"font-family: Times New Roman, serif;\"><span style=\"font-size: medium;\">Andrew Millison explique<\/span><\/span><\/a><\/u><\/span><span style=\"font-family: Times New Roman, serif;\"><span style=\"font-size: medium;\">, <\/span><\/span><span style=\"font-family: Times New Roman, serif;\"><span style=\"font-size: medium;\">qu\u2019<\/span><\/span><span style=\"font-family: Times New Roman, serif;\"><span style=\"font-size: medium;\">une zone de 800\u00a0hectares de sol restaur\u00e9 au Niger \u2014 o\u00f9 des personnes ont travaill\u00e9 sur un projet connu sous le nom de Grande Muraille Verte \u2014 a r\u00e9ussi \u00e0 absorber et \u00e0 retenir 300\u00a0millions de m\u00e8tres cubes d\u2019eau dans ce qui \u00e9tait auparavant un d\u00e9sert. 15\u00a0% de cette \u00ab\u00a0eau s\u2019infiltre dans l\u2019aquif\u00e8re profond et r\u00e9g\u00e9n\u00e8re la nappe phr\u00e9atique permanente\u00a0\u00bb, nous dit Millison. Gr\u00e2ce aux divers services de r\u00e9gulation offerts par les for\u00eats de la Grande Muraille verte (en plus de la restauration de la nappe phr\u00e9atique), comme notamment la protection contre les vents dess\u00e9chants et les temp\u00eates de sable venant du Sahara, l\u2019impact positif est trois fois sup\u00e9rieur \u00e0 la superficie bois\u00e9e. Comme le dit Millison, le projet de 300\u00a0000\u00a0hectares au Niger permet en fait de r\u00e9habiliter 900\u00a0000\u00a0hectares de terres. En bref, une gestion responsable peut r\u00e9habiliter un d\u00e9sert en quelques ann\u00e9es (le projet du Niger a d\u00e9but\u00e9 en 2013).<\/span><\/span><\/p>\n<p class=\"western\" align=\"justify\"><span style=\"font-family: Times New Roman, serif;\"><span style=\"font-size: medium;\">L\u2019une des questions que j\u2019aborde ici est la mani\u00e8re dont le r\u00e9chauffement local se produit. Le principal facteur de l\u2019augmentation de la temp\u00e9rature moyenne est probablement l\u2019effet d\u2019\u00eelot de chaleur. Mis \u00e0 part cela, le facteur suivant est l\u2019humidit\u00e9, puisque la vapeur d\u2019H2<\/span><\/span><span style=\"font-family: Times New Roman, serif;\"><span style=\"font-size: medium;\">O est, de loin, le gaz \u00e0 effet de serre le plus critique. Ce qu\u2019il faut comprendre, c\u2019est que tout le cycle des pluies est d\u00e9r\u00e9gl\u00e9, en raison d\u2019une mauvaise gestion des terres, ce qui explique que des endroits qui, il n\u2019y a pas si longtemps, \u00e9taient r\u00e9put\u00e9s pour leurs pluies r\u00e9guli\u00e8res connaissent aujourd\u2019hui la s\u00e9cheresse, tandis que d\u2019autres sont victimes d\u2019inondations soudaines.<\/span><\/span><\/p>\n<p class=\"western\" align=\"justify\"><span style=\"font-family: Times New Roman, serif;\"><span style=\"font-size: medium;\">J\u2019ai abord\u00e9 ce sujet en d\u00e9cembre dans un article que j\u2019ai \u00e9crit pour le magazine <\/span><\/span><span style=\"font-family: Times New Roman, serif;\"><span style=\"font-size: medium;\"><i>Analogy<\/i><\/span><\/span><span style=\"font-family: Times New Roman, serif;\"><span style=\"font-size: medium;\">, intitul\u00e9 \u00ab\u00a0<\/span><\/span><span style=\"color: #000080;\"><u><a href=\"https:\/\/www.revue3emillenaire.com\/blog\/que-se-passe-t-il-avec-le-climat-par-asa-boxer\/\" target=\"_blank\" rel=\"noopener\"><span style=\"font-family: Times New Roman, serif;\"><span style=\"font-size: medium;\">Que se passe-t-il avec le climat\u00a0<\/span><\/span><\/a><\/u><\/span><span style=\"font-family: Times New Roman, serif;\"><span style=\"font-size: medium;\">?\u00a0\u00bb \u2014 en faisant r\u00e9f\u00e9rence \u00e0 une merveilleuse s\u00e9rie d\u2019articles sur la plateforme Substack de Rob Lewis, <\/span><\/span><span style=\"color: #000080;\"><u><a href=\"https:\/\/theclimateaccordingtolife.substack.com\/\" target=\"_blank\" rel=\"noopener\"><span style=\"font-family: Times New Roman, serif;\"><span style=\"font-size: medium;\">The Climate According to Life<\/span><\/span><\/a><\/u><\/span><span style=\"font-family: Times New Roman, serif;\"><span style=\"font-size: medium;\">, intitul\u00e9e \u00ab\u00a0Millan Millan and the Mystery of the Missing Mediterranean Storms\u00a0\u00bb (Millan Millan et le myst\u00e8re des temp\u00eates m\u00e9diterran\u00e9ennes manquantes) (que vous pouvez trouver <\/span><\/span><span style=\"color: #000080;\"><u><a href=\"https:\/\/theclimateaccordingtolife.substack.com\/p\/millan-millan-and-the-mystery-of\" target=\"_blank\" rel=\"noopener\"><span style=\"font-family: Times New Roman, serif;\"><span style=\"font-size: medium;\">ici<\/span><\/span><\/a><\/u><\/span><span style=\"font-family: Times New Roman, serif;\"><span style=\"font-size: medium;\">). Je ne saurais trop recommander cette s\u00e9rie. En la lisant, vous comprendrez, gr\u00e2ce aux recherches du Dr Millan, ce qui se passe r\u00e9ellement au niveau du climat.<\/span><\/span><\/p>\n<p class=\"western\" align=\"justify\"><span style=\"font-family: Times New Roman, serif;\"><span style=\"font-size: medium;\">Le Dr <\/span><\/span><span style=\"font-family: Times New Roman, serif;\"><span style=\"font-size: medium;\">Millan \u00e9tait directeur du Centre m\u00e9diterran\u00e9en pour l\u2019\u00e9tude de l\u2019environnement et <\/span><\/span><span style=\"font-family: Times New Roman, serif;\"><span style=\"font-size: medium;\">poss\u00e8de <\/span><\/span><span style=\"font-family: Times New Roman, serif;\"><span style=\"font-size: medium;\">des dipl\u00f4mes en m\u00e9canique des fluides, en g\u00e9nie industriel, en sciences a\u00e9rospatiales, en physique <\/span><\/span><span style=\"font-family: Times New Roman, serif;\"><span style=\"font-size: medium;\">de l\u2019<\/span><\/span><span style=\"font-family: Times New Roman, serif;\"><span style=\"font-size: medium;\">atmosph\u00e8r<\/span><\/span><span style=\"font-family: Times New Roman, serif;\"><span style=\"font-size: medium;\">e<\/span><\/span><span style=\"font-family: Times New Roman, serif;\"><span style=\"font-size: medium;\"> et en spectroscopie, en m\u00e9t\u00e9orologie synoptique et en pr\u00e9visions m\u00e9t\u00e9orologiques. Un expert de premier plan. Il a entrepris de r\u00e9pondre \u00e0 la question de savoir pourquoi les orages de l\u2019apr\u00e8s-midi \u00ab\u00a0disparaissaient dans tout le bassin m\u00e9diterran\u00e9en occidental, entra\u00eenant dans leur sillage l\u2019ass\u00e8chement des rivi\u00e8res\u00a0\u00bb. Il a \u00e9galement fini par expliquer comment les pr\u00e9cipitations qui auraient d\u00fb tomber en Espagne finissaient par s\u2019accumuler avec davantage de vapeur d\u2019eau, entra\u00eenant finalement des inondations en Europe de l\u2019Est.<\/span><\/span><\/p>\n<p class=\"western\" align=\"justify\"><span style=\"font-family: Times New Roman, serif;\"><span style=\"font-size: medium;\">Quelle est donc l\u2019approche de la permaculture qui nous aide \u00e0 <\/span><\/span><span style=\"font-family: Times New Roman, serif;\"><span style=\"font-size: medium;\">rem\u00e9dier \u00e0<\/span><\/span><span style=\"font-family: Times New Roman, serif;\"><span style=\"font-size: medium;\"> tout cela\u00a0? L\u2019agriculture sans labour. Il existe de nombreuses formes d\u2019agriculture sans labour, mais la plus fondamentale pour la permaculture est de mettre un terme \u00e0 la monoculture, c\u2019est-\u00e0-dire \u00e0 la culture d\u2019une seule esp\u00e8ce sur un m\u00eame champ. L\u2019un des principes fondamentaux de la permaculture est d\u2019<\/span><\/span><em><span style=\"font-family: Times New Roman, serif;\"><span style=\"font-size: medium;\">utiliser et de valoriser la diversit\u00e9<\/span><\/span><\/em><span style=\"font-family: Times New Roman, serif;\"><span style=\"font-size: medium;\">. Dans les \u00e9tudes \u00e9cologiques, la biodiversit\u00e9 est synonyme de r\u00e9silience, car les habitats stables se caract\u00e9risent par des redondances\u00a0: chaque organisme ou \u00e9l\u00e9ment du syst\u00e8me remplit plusieurs r\u00f4les. Par cons\u00e9quent, si une partie du syst\u00e8me s\u2019effondre en raison d\u2019une p\u00e9riode de s\u00e9cheresse ou d\u2019inondation, d\u2019un probl\u00e8me de parasites ou autre, une autre peut prendre sa place et une autre peut aider \u00e0 rem\u00e9dier au probl\u00e8me.<\/span><\/span><\/p>\n<p class=\"western\" align=\"justify\"><span style=\"font-family: Times New Roman, serif;\"><span style=\"font-size: medium;\">Les monocultures attirent les parasites <\/span><\/span><em><span style=\"font-family: Times New Roman, serif;\"><span style=\"font-size: medium;\">en masse <\/span><\/span><\/em><span style=\"font-family: Times New Roman, serif;\"><span style=\"font-size: medium;\">parce qu\u2019elles <\/span><\/span><span style=\"font-family: Times New Roman, serif;\"><span style=\"font-size: medium;\">\u00e9puisent<\/span><\/span><span style=\"font-family: Times New Roman, serif;\"><span style=\"font-size: medium;\"> une s\u00e9rie de nutriments du sol sans \u00eatre \u00e9quilibr\u00e9es par d\u2019autres plantes compl\u00e9mentaires. De plus, comme elles ne sont pas accompagn\u00e9es de plantes qui nourrissent les pr\u00e9dateurs des ravageurs, les insectes b\u00e9n\u00e9fiques n\u2019ont pas d\u2019habitat \u00e0 proximit\u00e9. Vous pouvez comprendre, \u00e0 partir des informations que j\u2019ai fournies sur la sant\u00e9 des sols, comment les monocultures entra\u00eeneront n\u00e9cessairement une d\u00e9gradation des sols, puisqu\u2019elles d\u00e9truisent l\u2019habitat, non seulement par le travail du sol, mais aussi par l\u2019absence de biodiversit\u00e9.<\/span><\/span><\/p>\n<p class=\"western\" align=\"justify\"><span style=\"font-family: Times New Roman, serif;\"><span style=\"font-size: medium;\">Quel est le rapport avec l\u2019agriculture sans labour\u00a0? Eh bien, si vous cr\u00e9ez une for\u00eat alimentaire biodiversifi\u00e9e, elle se d\u00e9veloppe sainement d\u2019elle-m\u00eame, avec tr\u00e8s peu d\u2019intervention de la part de l\u2019agriculteur. J\u2019expliquerai plus en d\u00e9tail le fonctionnement d\u2019une for\u00eat alimentaire dans un prochain article. Je me contenterai de dire qu\u2019elle ne n\u00e9cessite pas de travail du sol. Pour l\u2019instant, ce que je veux dire, c\u2019est qu\u2019une for\u00eat nourrici\u00e8re en permaculture produit une abondance de nourriture localement, sans qu\u2019il soit n\u00e9cessaire de recourir \u00e0 des monocultures massives et \u00e0 de vastes cha\u00eenes d\u2019approvisionnement intercontinentales qui cr\u00e9ent de l\u2019ins\u00e9curit\u00e9 alimentaire. Trop peu de gens savent qu\u2019il n\u2019y a que trois jours de nourriture dans le syst\u00e8me des supermarch\u00e9s (bien que beaucoup plus en aient pris conscience pendant les <\/span><\/span><span style=\"font-family: Times New Roman, serif;\"><span style=\"font-size: medium;\">confinement<\/span><\/span><span style=\"font-family: Times New Roman, serif;\"><span style=\"font-size: medium;\">s de 2020-2022 <\/span><\/span><span style=\"font-family: Times New Roman, serif;\"><span style=\"font-size: medium;\">lorsque<\/span><\/span><span style=\"font-family: Times New Roman, serif;\"><span style=\"font-size: medium;\"> les probl\u00e8mes de la cha\u00eene d\u2019approvisionnement ont \u00e9t\u00e9 port\u00e9s \u00e0 l\u2019attention du public).<\/span><\/span><\/p>\n<p class=\"western\" align=\"justify\"><span style=\"font-family: Times New Roman, serif;\"><span style=\"font-size: medium;\">Les pratiques de permaculture elles-m\u00eames s\u00e9questrent <\/span><\/span><span style=\"font-family: Times New Roman, serif;\"><span style=\"font-size: medium;\">\u00e0 la fois <\/span><\/span><span style=\"font-family: Times New Roman, serif;\"><span style=\"font-size: medium;\">le carbone et l\u2019eau dans des \u00e9cosyst\u00e8mes stables, r\u00e9sistants et biodiversifi\u00e9s. Pour ceux qui s\u2019inqui\u00e8tent de l\u2019augmentation du CO2 dans l\u2019atmosph\u00e8re, c\u2019est la voie \u00e0 suivre. Pour ceux qui ne consid\u00e8rent pas l\u2019augmentation du CO2 comme un probl\u00e8me, c\u2019est toujours la voie la plus sage, car nous voulons tous des \u00e9cosyst\u00e8mes plus sains, des aliments plus sains et la s\u00e9curit\u00e9 alimentaire. Et pour ceux qui pensent que le vrai probl\u00e8me est la vapeur d\u2019H2O ? E<\/span><\/span><span style=\"font-family: Times New Roman, serif;\"><span style=\"font-size: medium;\">h<\/span><\/span><span style=\"font-family: Times New Roman, serif;\"><span style=\"font-size: medium;\"> bien, les pratiques de permaculture r\u00e9solvent \u00e9galement ce probl\u00e8me, en s\u2019assurant que l\u2019eau va l\u00e0 o\u00f9 elle doit aller.<\/span><\/span><\/p>\n<p class=\"western\" align=\"justify\"><span style=\"font-family: Times New Roman, serif;\"><span style=\"font-size: medium;\">Texte original\u00a0: <\/span><\/span><span style=\"color: #000080;\"><u><a href=\"https:\/\/dovetailsmagazine.substack.com\/p\/this-permaculture-approach-resolves\" target=\"_blank\" rel=\"noopener\"><span style=\"font-family: Times New Roman, serif;\"><span style=\"font-size: medium;\">https:\/\/dovetailsmagazine.substack.com\/p\/this-permaculture-approach-resolves<\/span><\/span><\/a><\/u><\/span><\/p>\n","protected":false},"excerpt":{"rendered":"<p>23\u00a0f\u00e9vrier 2025 La semaine derni\u00e8re, je vous ai laiss\u00e9 r\u00e9fl\u00e9chir \u00e0 la fa\u00e7on dont l\u2019augmentation des niveaux de CO2 dans l\u2019atmosph\u00e8re est un sympt\u00f4me d\u2019une mauvaise gestion des terres. Si vous vous souvenez bien, le travail du sol est \u00e0 lui seul responsable d\u2019environ 15 \u00e0 20\u00a0% de l\u2019augmentation de 140\u00a0ppm de CO2 atmosph\u00e9rique accumul\u00e9e [&hellip;]<\/p>\n","protected":false},"author":2,"featured_media":19824,"comment_status":"closed","ping_status":"closed","sticky":false,"template":"","format":"standard","meta":{"footnotes":""},"categories":[1540,1851],"tags":[1615,356,1983],"class_list":["post-20485","post","type-post","status-publish","format-standard","has-post-thumbnail","hentry","category-actualite","category-boxer-asa","tag-carbone","tag-eau","tag-permaculture"],"yoast_head":"<!-- This site is optimized with the Yoast SEO plugin v27.0 - https:\/\/yoast.com\/product\/yoast-seo-wordpress\/ -->\n<title>Cette approche permaculturelle r\u00e9sout les probl\u00e8mes d\u2019H2O et de CO2 par Asa Boxer - 3e mill\u00e9naire - Spiritualit\u00e9 - Connaissance de soi - Non-dualit\u00e9 - M\u00e9ditation<\/title>\n<meta name=\"robots\" content=\"index, follow, max-snippet:-1, max-image-preview:large, max-video-preview:-1\" \/>\n<link rel=\"canonical\" href=\"https:\/\/www.revue3emillenaire.com\/blog\/cette-approche-permaculturelle-resout-les-problemes-dh\u2082o-et-de-co2-par-asa-boxer\/\" \/>\n<meta property=\"og:locale\" content=\"fr_FR\" \/>\n<meta property=\"og:type\" content=\"article\" \/>\n<meta property=\"og:title\" content=\"Cette approche permaculturelle r\u00e9sout les probl\u00e8mes d\u2019H2O et de CO2 par Asa Boxer - 3e mill\u00e9naire - Spiritualit\u00e9 - Connaissance de soi - Non-dualit\u00e9 - M\u00e9ditation\" \/>\n<meta property=\"og:description\" content=\"23\u00a0f\u00e9vrier 2025 La semaine derni\u00e8re, je vous ai laiss\u00e9 r\u00e9fl\u00e9chir \u00e0 la fa\u00e7on dont l\u2019augmentation des niveaux de CO2 dans l\u2019atmosph\u00e8re est un sympt\u00f4me d\u2019une mauvaise gestion des terres. Si vous vous souvenez bien, le travail du sol est \u00e0 lui seul responsable d\u2019environ 15 \u00e0 20\u00a0% de l\u2019augmentation de 140\u00a0ppm de CO2 atmosph\u00e9rique accumul\u00e9e [&hellip;]\" \/>\n<meta property=\"og:url\" content=\"https:\/\/www.revue3emillenaire.com\/blog\/cette-approche-permaculturelle-resout-les-problemes-dh\u2082o-et-de-co2-par-asa-boxer\/\" \/>\n<meta property=\"og:site_name\" content=\"3e mill\u00e9naire - Spiritualit\u00e9 - Connaissance de soi - Non-dualit\u00e9 - M\u00e9ditation\" \/>\n<meta property=\"article:published_time\" content=\"2025-02-24T03:50:44+00:00\" \/>\n<meta property=\"article:modified_time\" content=\"2025-02-24T03:53:15+00:00\" \/>\n<meta property=\"og:image\" content=\"https:\/\/www.revue3emillenaire.com\/blog\/wp-content\/uploads\/2024\/03\/Asa-Boxer.jpg\" \/>\n\t<meta property=\"og:image:width\" content=\"227\" \/>\n\t<meta property=\"og:image:height\" content=\"282\" \/>\n\t<meta property=\"og:image:type\" content=\"image\/jpeg\" \/>\n<meta name=\"author\" content=\"3e mill\u00e9naire\" \/>\n<meta name=\"twitter:card\" content=\"summary_large_image\" \/>\n<meta name=\"twitter:label1\" content=\"\u00c9crit par\" \/>\n\t<meta name=\"twitter:data1\" content=\"3e mill\u00e9naire\" \/>\n\t<meta name=\"twitter:label2\" content=\"Dur\u00e9e de lecture estim\u00e9e\" \/>\n\t<meta name=\"twitter:data2\" content=\"9 minutes\" \/>\n<script type=\"application\/ld+json\" class=\"yoast-schema-graph\">{\"@context\":\"https:\/\/schema.org\",\"@graph\":[{\"@type\":\"Article\",\"@id\":\"https:\/\/www.revue3emillenaire.com\/blog\/cette-approche-permaculturelle-resout-les-problemes-dh%e2%82%82o-et-de-co2-par-asa-boxer\/#article\",\"isPartOf\":{\"@id\":\"https:\/\/www.revue3emillenaire.com\/blog\/cette-approche-permaculturelle-resout-les-problemes-dh%e2%82%82o-et-de-co2-par-asa-boxer\/\"},\"author\":{\"name\":\"3e mill\u00e9naire\",\"@id\":\"https:\/\/www.revue3emillenaire.com\/blog\/#\/schema\/person\/b692dacff720a5344a6190bc714397eb\"},\"headline\":\"Cette approche permaculturelle r\u00e9sout les probl\u00e8mes d\u2019H2O et de CO2 par Asa Boxer\",\"datePublished\":\"2025-02-24T03:50:44+00:00\",\"dateModified\":\"2025-02-24T03:53:15+00:00\",\"mainEntityOfPage\":{\"@id\":\"https:\/\/www.revue3emillenaire.com\/blog\/cette-approche-permaculturelle-resout-les-problemes-dh%e2%82%82o-et-de-co2-par-asa-boxer\/\"},\"wordCount\":1841,\"image\":{\"@id\":\"https:\/\/www.revue3emillenaire.com\/blog\/cette-approche-permaculturelle-resout-les-problemes-dh%e2%82%82o-et-de-co2-par-asa-boxer\/#primaryimage\"},\"thumbnailUrl\":\"https:\/\/www.revue3emillenaire.com\/blog\/wp-content\/uploads\/2024\/03\/Asa-Boxer.jpg\",\"keywords\":[\"Carbone\",\"eau\",\"Permaculture\"],\"articleSection\":[\"Actualit\u00e9s\",\"Boxer Asa\"],\"inLanguage\":\"fr-FR\"},{\"@type\":\"WebPage\",\"@id\":\"https:\/\/www.revue3emillenaire.com\/blog\/cette-approche-permaculturelle-resout-les-problemes-dh%e2%82%82o-et-de-co2-par-asa-boxer\/\",\"url\":\"https:\/\/www.revue3emillenaire.com\/blog\/cette-approche-permaculturelle-resout-les-problemes-dh%e2%82%82o-et-de-co2-par-asa-boxer\/\",\"name\":\"Cette approche permaculturelle r\u00e9sout les probl\u00e8mes d\u2019H2O et de CO2 par Asa Boxer - 3e mill\u00e9naire - Spiritualit\u00e9 - Connaissance de soi - Non-dualit\u00e9 - M\u00e9ditation\",\"isPartOf\":{\"@id\":\"https:\/\/www.revue3emillenaire.com\/blog\/#website\"},\"primaryImageOfPage\":{\"@id\":\"https:\/\/www.revue3emillenaire.com\/blog\/cette-approche-permaculturelle-resout-les-problemes-dh%e2%82%82o-et-de-co2-par-asa-boxer\/#primaryimage\"},\"image\":{\"@id\":\"https:\/\/www.revue3emillenaire.com\/blog\/cette-approche-permaculturelle-resout-les-problemes-dh%e2%82%82o-et-de-co2-par-asa-boxer\/#primaryimage\"},\"thumbnailUrl\":\"https:\/\/www.revue3emillenaire.com\/blog\/wp-content\/uploads\/2024\/03\/Asa-Boxer.jpg\",\"datePublished\":\"2025-02-24T03:50:44+00:00\",\"dateModified\":\"2025-02-24T03:53:15+00:00\",\"author\":{\"@id\":\"https:\/\/www.revue3emillenaire.com\/blog\/#\/schema\/person\/b692dacff720a5344a6190bc714397eb\"},\"breadcrumb\":{\"@id\":\"https:\/\/www.revue3emillenaire.com\/blog\/cette-approche-permaculturelle-resout-les-problemes-dh%e2%82%82o-et-de-co2-par-asa-boxer\/#breadcrumb\"},\"inLanguage\":\"fr-FR\",\"potentialAction\":[{\"@type\":\"ReadAction\",\"target\":[\"https:\/\/www.revue3emillenaire.com\/blog\/cette-approche-permaculturelle-resout-les-problemes-dh%e2%82%82o-et-de-co2-par-asa-boxer\/\"]}]},{\"@type\":\"ImageObject\",\"inLanguage\":\"fr-FR\",\"@id\":\"https:\/\/www.revue3emillenaire.com\/blog\/cette-approche-permaculturelle-resout-les-problemes-dh%e2%82%82o-et-de-co2-par-asa-boxer\/#primaryimage\",\"url\":\"https:\/\/www.revue3emillenaire.com\/blog\/wp-content\/uploads\/2024\/03\/Asa-Boxer.jpg\",\"contentUrl\":\"https:\/\/www.revue3emillenaire.com\/blog\/wp-content\/uploads\/2024\/03\/Asa-Boxer.jpg\",\"width\":227,\"height\":282},{\"@type\":\"BreadcrumbList\",\"@id\":\"https:\/\/www.revue3emillenaire.com\/blog\/cette-approche-permaculturelle-resout-les-problemes-dh%e2%82%82o-et-de-co2-par-asa-boxer\/#breadcrumb\",\"itemListElement\":[{\"@type\":\"ListItem\",\"position\":1,\"name\":\"Accueil\",\"item\":\"https:\/\/www.revue3emillenaire.com\/blog\/\"},{\"@type\":\"ListItem\",\"position\":2,\"name\":\"Cette approche permaculturelle r\u00e9sout les probl\u00e8mes d\u2019H2O et de CO2 par Asa Boxer\"}]},{\"@type\":\"WebSite\",\"@id\":\"https:\/\/www.revue3emillenaire.com\/blog\/#website\",\"url\":\"https:\/\/www.revue3emillenaire.com\/blog\/\",\"name\":\"3e mill\u00e9naire - Spiritualit\u00e9 - Connaissance de soi - Non-dualit\u00e9 - M\u00e9ditation\",\"description\":\"L&#039;Homme en devenir\",\"potentialAction\":[{\"@type\":\"SearchAction\",\"target\":{\"@type\":\"EntryPoint\",\"urlTemplate\":\"https:\/\/www.revue3emillenaire.com\/blog\/?s={search_term_string}\"},\"query-input\":{\"@type\":\"PropertyValueSpecification\",\"valueRequired\":true,\"valueName\":\"search_term_string\"}}],\"inLanguage\":\"fr-FR\"},{\"@type\":\"Person\",\"@id\":\"https:\/\/www.revue3emillenaire.com\/blog\/#\/schema\/person\/b692dacff720a5344a6190bc714397eb\",\"name\":\"3e mill\u00e9naire\",\"url\":\"https:\/\/www.revue3emillenaire.com\/blog\/author\/scoussa\/\"}]}<\/script>\n<!-- \/ Yoast SEO plugin. -->","yoast_head_json":{"title":"Cette approche permaculturelle r\u00e9sout les probl\u00e8mes d\u2019H2O et de CO2 par Asa Boxer - 3e mill\u00e9naire - Spiritualit\u00e9 - Connaissance de soi - Non-dualit\u00e9 - M\u00e9ditation","robots":{"index":"index","follow":"follow","max-snippet":"max-snippet:-1","max-image-preview":"max-image-preview:large","max-video-preview":"max-video-preview:-1"},"canonical":"https:\/\/www.revue3emillenaire.com\/blog\/cette-approche-permaculturelle-resout-les-problemes-dh\u2082o-et-de-co2-par-asa-boxer\/","og_locale":"fr_FR","og_type":"article","og_title":"Cette approche permaculturelle r\u00e9sout les probl\u00e8mes d\u2019H2O et de CO2 par Asa Boxer - 3e mill\u00e9naire - Spiritualit\u00e9 - Connaissance de soi - Non-dualit\u00e9 - M\u00e9ditation","og_description":"23\u00a0f\u00e9vrier 2025 La semaine derni\u00e8re, je vous ai laiss\u00e9 r\u00e9fl\u00e9chir \u00e0 la fa\u00e7on dont l\u2019augmentation des niveaux de CO2 dans l\u2019atmosph\u00e8re est un sympt\u00f4me d\u2019une mauvaise gestion des terres. Si vous vous souvenez bien, le travail du sol est \u00e0 lui seul responsable d\u2019environ 15 \u00e0 20\u00a0% de l\u2019augmentation de 140\u00a0ppm de CO2 atmosph\u00e9rique accumul\u00e9e [&hellip;]","og_url":"https:\/\/www.revue3emillenaire.com\/blog\/cette-approche-permaculturelle-resout-les-problemes-dh\u2082o-et-de-co2-par-asa-boxer\/","og_site_name":"3e mill\u00e9naire - Spiritualit\u00e9 - Connaissance de soi - Non-dualit\u00e9 - M\u00e9ditation","article_published_time":"2025-02-24T03:50:44+00:00","article_modified_time":"2025-02-24T03:53:15+00:00","og_image":[{"width":227,"height":282,"url":"https:\/\/www.revue3emillenaire.com\/blog\/wp-content\/uploads\/2024\/03\/Asa-Boxer.jpg","type":"image\/jpeg"}],"author":"3e mill\u00e9naire","twitter_card":"summary_large_image","twitter_misc":{"\u00c9crit par":"3e mill\u00e9naire","Dur\u00e9e de lecture estim\u00e9e":"9 minutes"},"schema":{"@context":"https:\/\/schema.org","@graph":[{"@type":"Article","@id":"https:\/\/www.revue3emillenaire.com\/blog\/cette-approche-permaculturelle-resout-les-problemes-dh%e2%82%82o-et-de-co2-par-asa-boxer\/#article","isPartOf":{"@id":"https:\/\/www.revue3emillenaire.com\/blog\/cette-approche-permaculturelle-resout-les-problemes-dh%e2%82%82o-et-de-co2-par-asa-boxer\/"},"author":{"name":"3e mill\u00e9naire","@id":"https:\/\/www.revue3emillenaire.com\/blog\/#\/schema\/person\/b692dacff720a5344a6190bc714397eb"},"headline":"Cette approche permaculturelle r\u00e9sout les probl\u00e8mes d\u2019H2O et de CO2 par Asa Boxer","datePublished":"2025-02-24T03:50:44+00:00","dateModified":"2025-02-24T03:53:15+00:00","mainEntityOfPage":{"@id":"https:\/\/www.revue3emillenaire.com\/blog\/cette-approche-permaculturelle-resout-les-problemes-dh%e2%82%82o-et-de-co2-par-asa-boxer\/"},"wordCount":1841,"image":{"@id":"https:\/\/www.revue3emillenaire.com\/blog\/cette-approche-permaculturelle-resout-les-problemes-dh%e2%82%82o-et-de-co2-par-asa-boxer\/#primaryimage"},"thumbnailUrl":"https:\/\/www.revue3emillenaire.com\/blog\/wp-content\/uploads\/2024\/03\/Asa-Boxer.jpg","keywords":["Carbone","eau","Permaculture"],"articleSection":["Actualit\u00e9s","Boxer Asa"],"inLanguage":"fr-FR"},{"@type":"WebPage","@id":"https:\/\/www.revue3emillenaire.com\/blog\/cette-approche-permaculturelle-resout-les-problemes-dh%e2%82%82o-et-de-co2-par-asa-boxer\/","url":"https:\/\/www.revue3emillenaire.com\/blog\/cette-approche-permaculturelle-resout-les-problemes-dh%e2%82%82o-et-de-co2-par-asa-boxer\/","name":"Cette approche permaculturelle r\u00e9sout les probl\u00e8mes d\u2019H2O et de CO2 par Asa Boxer - 3e mill\u00e9naire - Spiritualit\u00e9 - Connaissance de soi - Non-dualit\u00e9 - M\u00e9ditation","isPartOf":{"@id":"https:\/\/www.revue3emillenaire.com\/blog\/#website"},"primaryImageOfPage":{"@id":"https:\/\/www.revue3emillenaire.com\/blog\/cette-approche-permaculturelle-resout-les-problemes-dh%e2%82%82o-et-de-co2-par-asa-boxer\/#primaryimage"},"image":{"@id":"https:\/\/www.revue3emillenaire.com\/blog\/cette-approche-permaculturelle-resout-les-problemes-dh%e2%82%82o-et-de-co2-par-asa-boxer\/#primaryimage"},"thumbnailUrl":"https:\/\/www.revue3emillenaire.com\/blog\/wp-content\/uploads\/2024\/03\/Asa-Boxer.jpg","datePublished":"2025-02-24T03:50:44+00:00","dateModified":"2025-02-24T03:53:15+00:00","author":{"@id":"https:\/\/www.revue3emillenaire.com\/blog\/#\/schema\/person\/b692dacff720a5344a6190bc714397eb"},"breadcrumb":{"@id":"https:\/\/www.revue3emillenaire.com\/blog\/cette-approche-permaculturelle-resout-les-problemes-dh%e2%82%82o-et-de-co2-par-asa-boxer\/#breadcrumb"},"inLanguage":"fr-FR","potentialAction":[{"@type":"ReadAction","target":["https:\/\/www.revue3emillenaire.com\/blog\/cette-approche-permaculturelle-resout-les-problemes-dh%e2%82%82o-et-de-co2-par-asa-boxer\/"]}]},{"@type":"ImageObject","inLanguage":"fr-FR","@id":"https:\/\/www.revue3emillenaire.com\/blog\/cette-approche-permaculturelle-resout-les-problemes-dh%e2%82%82o-et-de-co2-par-asa-boxer\/#primaryimage","url":"https:\/\/www.revue3emillenaire.com\/blog\/wp-content\/uploads\/2024\/03\/Asa-Boxer.jpg","contentUrl":"https:\/\/www.revue3emillenaire.com\/blog\/wp-content\/uploads\/2024\/03\/Asa-Boxer.jpg","width":227,"height":282},{"@type":"BreadcrumbList","@id":"https:\/\/www.revue3emillenaire.com\/blog\/cette-approche-permaculturelle-resout-les-problemes-dh%e2%82%82o-et-de-co2-par-asa-boxer\/#breadcrumb","itemListElement":[{"@type":"ListItem","position":1,"name":"Accueil","item":"https:\/\/www.revue3emillenaire.com\/blog\/"},{"@type":"ListItem","position":2,"name":"Cette approche permaculturelle r\u00e9sout les probl\u00e8mes d\u2019H2O et de CO2 par Asa Boxer"}]},{"@type":"WebSite","@id":"https:\/\/www.revue3emillenaire.com\/blog\/#website","url":"https:\/\/www.revue3emillenaire.com\/blog\/","name":"3e mill\u00e9naire - Spiritualit\u00e9 - Connaissance de soi - Non-dualit\u00e9 - M\u00e9ditation","description":"L&#039;Homme en devenir","potentialAction":[{"@type":"SearchAction","target":{"@type":"EntryPoint","urlTemplate":"https:\/\/www.revue3emillenaire.com\/blog\/?s={search_term_string}"},"query-input":{"@type":"PropertyValueSpecification","valueRequired":true,"valueName":"search_term_string"}}],"inLanguage":"fr-FR"},{"@type":"Person","@id":"https:\/\/www.revue3emillenaire.com\/blog\/#\/schema\/person\/b692dacff720a5344a6190bc714397eb","name":"3e mill\u00e9naire","url":"https:\/\/www.revue3emillenaire.com\/blog\/author\/scoussa\/"}]}},"_links":{"self":[{"href":"https:\/\/www.revue3emillenaire.com\/blog\/wp-json\/wp\/v2\/posts\/20485","targetHints":{"allow":["GET"]}}],"collection":[{"href":"https:\/\/www.revue3emillenaire.com\/blog\/wp-json\/wp\/v2\/posts"}],"about":[{"href":"https:\/\/www.revue3emillenaire.com\/blog\/wp-json\/wp\/v2\/types\/post"}],"author":[{"embeddable":true,"href":"https:\/\/www.revue3emillenaire.com\/blog\/wp-json\/wp\/v2\/users\/2"}],"replies":[{"embeddable":true,"href":"https:\/\/www.revue3emillenaire.com\/blog\/wp-json\/wp\/v2\/comments?post=20485"}],"version-history":[{"count":0,"href":"https:\/\/www.revue3emillenaire.com\/blog\/wp-json\/wp\/v2\/posts\/20485\/revisions"}],"wp:featuredmedia":[{"embeddable":true,"href":"https:\/\/www.revue3emillenaire.com\/blog\/wp-json\/wp\/v2\/media\/19824"}],"wp:attachment":[{"href":"https:\/\/www.revue3emillenaire.com\/blog\/wp-json\/wp\/v2\/media?parent=20485"}],"wp:term":[{"taxonomy":"category","embeddable":true,"href":"https:\/\/www.revue3emillenaire.com\/blog\/wp-json\/wp\/v2\/categories?post=20485"},{"taxonomy":"post_tag","embeddable":true,"href":"https:\/\/www.revue3emillenaire.com\/blog\/wp-json\/wp\/v2\/tags?post=20485"}],"curies":[{"name":"wp","href":"https:\/\/api.w.org\/{rel}","templated":true}]}}