{"id":20494,"date":"2025-03-01T00:25:36","date_gmt":"2025-02-28T23:25:36","guid":{"rendered":"https:\/\/www.revue3emillenaire.com\/blog\/?p=20494"},"modified":"2025-03-01T00:25:36","modified_gmt":"2025-02-28T23:25:36","slug":"hommage-a-arthur-firstenberg-28-mai-1950-25-fevrier-2025","status":"publish","type":"post","link":"https:\/\/www.revue3emillenaire.com\/blog\/hommage-a-arthur-firstenberg-28-mai-1950-25-fevrier-2025\/","title":{"rendered":"Hommage \u00e0 Arthur Firstenberg\u00a0: 28\u00a0mai 1950 &#8211; 25\u00a0f\u00e9vrier 2025"},"content":{"rendered":"<p class=\"western\" align=\"justify\"><span style=\"font-family: Times New Roman, serif;\"><span style=\"font-size: medium;\">28\u00a0f\u00e9vrier 2025<\/span><\/span><\/p>\n<p class=\"western\" align=\"justify\"><span style=\"font-family: Times New Roman, serif;\"><span style=\"font-size: medium;\">Arthur Firstenberg, auteur, \u00e9cologiste et activiste, est d\u00e9c\u00e9d\u00e9 \u00e0 son domicile apr\u00e8s des mois d\u2019une maladie non diagnostiqu\u00e9e, entour\u00e9 de sa famille et de ses amis.<\/span><\/span><\/p>\n<p class=\"western\" align=\"justify\"><span style=\"font-family: Times New Roman, serif;\"><span style=\"font-size: medium;\">Arthur est n\u00e9 \u00e0 Brooklyn, dans l\u2019\u00c9tat de New York, de parents survivants de l\u2019Holocauste. Les \u00e9t\u00e9s qu\u2019il a pass\u00e9s dans le nord de l\u2019\u00c9tat de New York, dans le Grand Canyon, dans le parc national de Yosemite et sur une \u00eele pr\u00e8s de Terre-Neuve ont nourri son amour de la nature. \u00c0 l\u2019universit\u00e9 Cornell, il consacre la moiti\u00e9 de son temps \u00e0 la randonn\u00e9e, au cano\u00eb et \u00e0 l\u2019escalade, et l\u2019autre moiti\u00e9 \u00e0 la physique, aux math\u00e9matiques, aux civilisations anciennes et aux langues \u00e9trang\u00e8res. Apr\u00e8s avoir obtenu son dipl\u00f4me en 1971, il a v\u00e9cu avec des petits agriculteurs en Norv\u00e8ge et parmi les Mayas traditionnels du Guatemala.<\/span><\/span><\/p>\n<p class=\"western\" align=\"justify\"><span style=\"font-family: Times New Roman, serif;\"><span style=\"font-size: medium;\">De 1978 \u00e0 1982, Arthur a suivi des \u00e9tudes de m\u00e9decine \u00e0 l\u2019universit\u00e9 de Californie, \u00e0 Irvine. Il quitte l\u2019\u00e9cole avant d\u2019obtenir son dipl\u00f4me apr\u00e8s avoir subi plus de 40\u00a0radiographies dentaires qui l\u2019ont rendu malade \u00e0 cause des micro-ondes.<\/span><\/span><\/p>\n<p class=\"western\" align=\"justify\"><span style=\"font-family: Times New Roman, serif;\"><span style=\"font-size: medium;\">Il est devenu v\u00e9g\u00e9tarien et praticien de la m\u00e9thode Feldenkrais.<\/span><\/span><\/p>\n<p class=\"western\" align=\"justify\"><span style=\"font-family: Times New Roman, serif;\"><span style=\"font-size: medium;\">En 1986, Arthur a particip\u00e9 \u00e0 la grande marche de la paix pour le d\u00e9sarmement nucl\u00e9aire mondial. En traversant les \u00c9tats-Unis \u00e0 pied, il a \u00e9t\u00e9 t\u00e9moin de la destruction de la Terre et de ses cr\u00e9atures par la soci\u00e9t\u00e9 moderne. En 1989, \u00e0 la recherche d\u2019une vie simple, il s\u2019est rendu dans l\u2019extr\u00eame nord du Canada, mais y a \u00e9galement trouv\u00e9 une destruction d\u00e9chirante.<\/span><\/span><\/p>\n<p class=\"western\" align=\"justify\"><span style=\"font-family: Times New Roman, serif;\"><span style=\"font-size: medium;\">En 1996, pour acc\u00e9l\u00e9rer le d\u00e9ploiement des services de t\u00e9l\u00e9phonie cellulaire, le Congr\u00e8s <\/span><\/span><span style=\"font-family: Times New Roman, serif;\"><span style=\"font-size: medium;\">am\u00e9ricain <\/span><\/span><span style=\"font-family: Times New Roman, serif;\"><span style=\"font-size: medium;\">a adopt\u00e9 la loi sur les t\u00e9l\u00e9communications. Sa section\u00a0704 interdit aux municipalit\u00e9s de refuser des permis d\u2019installation d\u2019antennes cellulaires pour des raisons environnementales. Arthur a fond\u00e9 la <\/span><\/span><a href=\"https:\/\/cellphonetaskforce.org\/\" target=\"_blank\" rel=\"noopener\"><span style=\"color: #000080;\"><span style=\"font-family: Times New Roman, serif;\"><span style=\"font-size: medium;\"><i>Cellular Phone Task Force<\/i><\/span><\/span><\/span> <\/a><span style=\"font-family: Times New Roman, serif;\"><span style=\"font-size: medium;\">et a commenc\u00e9 \u00e0 fournir un centre d\u2019\u00e9change d\u2019informations sur les effets nocifs des technologies sans fil, ainsi qu\u2019un r\u00e9seau mondial de soutien pour les personnes handicap\u00e9es par les champs \u00e9lectromagn\u00e9tiques. Il a commenc\u00e9 \u00e0 suivre les demandes de permis que les entreprises adressaient aux municipalit\u00e9s pour installer des antennes cellulaires, des compteurs intelligents et d\u2019autres technologies \u00e9mettrices de ra<\/span><\/span><span style=\"font-family: Times New Roman, serif;\"><span style=\"font-size: medium;\">diation<\/span><\/span><span style=\"font-family: Times New Roman, serif;\"><span style=\"font-size: medium;\">s, et a mobilis\u00e9 d\u2019autres personnes pour tenter de mettre un terme \u00e0 ces efforts.<\/span><\/span><\/p>\n<p class=\"western\" align=\"justify\"><span style=\"font-family: Times New Roman, serif;\"><span style=\"font-size: medium;\">En 1997, sur la base des droits des \u00c9tats, de la nature et des personnes handicap\u00e9es, la <\/span><\/span><span style=\"font-family: Times New Roman, serif;\"><span style=\"font-size: medium;\"><i>Cellular Phone Task Force<\/i><\/span><\/span><span style=\"font-family: Times New Roman, serif;\"><span style=\"font-size: medium;\"> s\u2019est jointe \u00e0 d\u2019autres groupes pour contester les limites d\u2019exposition aux ra<\/span><\/span><span style=\"font-family: Times New Roman, serif;\"><span style=\"font-size: medium;\">diation<\/span><\/span><span style=\"font-family: Times New Roman, serif;\"><span style=\"font-size: medium;\">s \u00e9lectromagn\u00e9tiques fix\u00e9es par la Commission f\u00e9d\u00e9rale des communications <\/span><\/span><span style=\"font-family: Times New Roman, serif;\"><span style=\"font-size: medium;\">(FCC)<\/span><\/span><span style=\"font-family: Times New Roman, serif;\"><span style=\"font-size: medium;\">. Leurs efforts n\u2019ont pas abouti.<\/span><\/span><\/p>\n<p class=\"western\" align=\"justify\"><span style=\"font-family: Times New Roman, serif;\"><span style=\"font-size: medium;\">En 2002, l\u2019<\/span><\/span><span style=\"font-family: Times New Roman, serif;\"><span style=\"font-size: medium;\"><i>U.S. Access Board<\/i><\/span><\/span><span style=\"font-family: Times New Roman, serif;\"><span style=\"font-size: medium;\"> a reconnu qu\u2019en vertu de l\u2019Americans with Disabilities Act (ADA, loi am\u00e9ricaine sur les personnes handicap\u00e9es) de 1990, les hypersensibilit\u00e9s \u00e9lectromagn\u00e9tiques pouvaient \u00eatre consid\u00e9r\u00e9es comme des handicaps.<\/span><\/span><\/p>\n<p class=\"western\" align=\"justify\"><span style=\"font-family: Times New Roman, serif;\"><span style=\"font-size: medium;\">Arthur s\u2019est install\u00e9 \u00e0 Santa Fe, au Nouveau-Mexique, en 2005. Se pr\u00e9sentant devant une salle comble du <\/span><\/span><span style=\"font-family: Times New Roman, serif;\"><span style=\"font-size: medium;\"><i>Women\u2019s Club<\/i><\/span><\/span><span style=\"font-family: Times New Roman, serif;\"><span style=\"font-size: medium;\">, il a cit\u00e9 quelques-uns des effets de l\u2019exposition aux ra<\/span><\/span><span style=\"font-family: Times New Roman, serif;\"><span style=\"font-size: medium;\">diation<\/span><\/span><span style=\"font-family: Times New Roman, serif;\"><span style=\"font-size: medium;\">s \u00e9lectromagn\u00e9tiques\u00a0: naus\u00e9es, saignements de nez, diarrh\u00e9e, maux de t\u00eate, insomnie, fatigue, chute irr\u00e9guli\u00e8re des cheveux et douleurs nerveuses. Beaucoup ont \u00e9t\u00e9 boulevers\u00e9s en r\u00e9alisant les effets des technologies sans fil sur leur famille, leurs animaux de compagnie et e<\/span><\/span><span style=\"font-family: Times New Roman, serif;\"><span style=\"font-size: medium;\">ux<\/span><\/span><span style=\"font-family: Times New Roman, serif;\"><span style=\"font-size: medium;\">-m\u00eames.<\/span><\/span><\/p>\n<p class=\"western\" align=\"justify\"><span style=\"font-family: Times New Roman, serif;\"><span style=\"font-size: medium;\">Chaque fois qu\u2019une entreprise proposait une nouvelle tour de t\u00e9l\u00e9phonie cellulaire, que la ville proposait d\u2019installer un nouveau r\u00e9seau WiFi ou qu\u2019un service public proposait de transmettre des compteurs \u00ab\u00a0intelligents\u00a0\u00bb, Arthur informait sa liste de diffusion et encourageait les gens \u00e0 assister aux audiences publiques et \u00e0 s\u2019exprimer. Les salles du conseil municipal \u00e9taient souvent pleines \u00e0 craquer.<\/span><\/span><\/p>\n<p class=\"western\" align=\"justify\"><span style=\"font-family: Times New Roman, serif;\"><span style=\"font-size: medium;\">Arthur s\u2019est fait conna\u00eetre pour son intransigeance face aux dispositifs sans fil, ses commentaires publics passionn\u00e9s, son refus de tout compromis en mati\u00e8re d\u2019\u00e9cologie ou de sant\u00e9 publique, et pour avoir intent\u00e9 un proc\u00e8s \u00e0 un voisin dont le Wi-Fi le d\u00e9rangeait. Le <\/span><\/span><em><span style=\"font-family: Times New Roman, serif;\"><span style=\"font-size: medium;\">NY Times <\/span><\/span><\/em><span style=\"font-family: Times New Roman, serif;\"><span style=\"font-size: medium;\">et d\u2019autres m\u00e9dias n\u2019ont cess\u00e9 de ridiculiser Arthur pour ce proc\u00e8s, mais cela ne l\u2019a pas \u00e9branl\u00e9.<\/span><\/span><\/p>\n<p class=\"western\" align=\"justify\"><span style=\"font-family: Times New Roman, serif;\"><span style=\"font-size: medium;\">En 2021, par l\u2019interm\u00e9diaire de la <\/span><\/span><span style=\"font-family: Times New Roman, serif;\"><span style=\"font-size: medium;\"><i>Santa Fe Alliance for Public Health and Safety<\/i><\/span><\/span><span style=\"font-family: Times New Roman, serif;\"><span style=\"font-size: medium;\">, il a demand\u00e9 \u00e0 la Cour supr\u00eame des \u00c9tats-Unis de se prononcer sur la question de savoir 1) si la section\u00a0704 du Telecom Act viole le droit d\u2019acc\u00e8s aux tribunaux pr\u00e9vu par le premier amendement et 2) si les \u00ab\u00a0effets environnementaux\u00a0\u00bb englobent \u00e9galement les \u00ab\u00a0effets sur la sant\u00e9\u00a0\u00bb. De nombreuses organisations se sont jointes \u00e0 cette action, mais la Cour supr\u00eame a refus\u00e9 d\u2019entendre l\u2019affaire.<\/span><\/span><\/p>\n<p class=\"western\" align=\"justify\"><span style=\"font-family: Times New Roman, serif;\"><span style=\"font-size: medium;\">Arthur suiv<\/span><\/span><span style=\"font-family: Times New Roman, serif;\"><span style=\"font-size: medium;\">a<\/span><\/span><span style=\"font-family: Times New Roman, serif;\"><span style=\"font-size: medium;\">i<\/span><\/span><span style=\"font-family: Times New Roman, serif;\"><span style=\"font-size: medium;\">t<\/span><\/span><span style=\"font-family: Times New Roman, serif;\"><span style=\"font-size: medium;\"> les dates <\/span><\/span><span style=\"font-family: Times New Roman, serif;\"><span style=\"font-size: medium;\">o\u00f9<\/span><\/span><span style=\"font-family: Times New Roman, serif;\"><span style=\"font-size: medium;\"> il ressent<\/span><\/span><span style=\"font-family: Times New Roman, serif;\"><span style=\"font-size: medium;\">a<\/span><\/span><span style=\"font-family: Times New Roman, serif;\"><span style=\"font-size: medium;\">i<\/span><\/span><span style=\"font-family: Times New Roman, serif;\"><span style=\"font-size: medium;\">t<\/span><\/span><span style=\"font-family: Times New Roman, serif;\"><span style=\"font-size: medium;\"> des sympt\u00f4mes nouveaux ou une aggravation de son \u00e9tat, et a constat\u00e9 qu\u2019ils \u00e9taient en corr\u00e9lation avec les dates de mise en service des satellites, de la 5G et d\u2019autres technologies. Dans <\/span><\/span><em><span style=\"font-family: Times New Roman, serif;\"><span style=\"font-size: medium;\">The Invisible Rainbow<\/span><\/span><\/em> <span style=\"font-family: Times New Roman, serif;\"><span style=\"font-size: medium;\">(tr fr <\/span><\/span><span style=\"font-family: Times New Roman, serif;\"><span style=\"font-size: medium;\"><i>L\u2019Arc-en-ciel invisible<\/i><\/span><\/span><span style=\"font-family: Times New Roman, serif;\"><span style=\"font-size: medium;\">), <\/span><\/span><span style=\"font-family: Times New Roman, serif;\"><span style=\"font-size: medium;\">il a \u00e9tabli une corr\u00e9lation entre l\u2019essor de l\u2019\u00e9lectrification et l\u2019<\/span><\/span><span style=\"font-family: Times New Roman, serif;\"><span style=\"font-size: medium;\">\u00e9mergence<\/span><\/span><span style=\"font-family: Times New Roman, serif;\"><span style=\"font-size: medium;\"> de maladies jusqu\u2019alors inconnues, notamment le cancer, les maladies cardiaques, le diab\u00e8te et la maladie d\u2019Alzheimer. Il consid\u00e9r<\/span><\/span><span style=\"font-family: Times New Roman, serif;\"><span style=\"font-size: medium;\">ait<\/span><\/span><span style=\"font-family: Times New Roman, serif;\"><span style=\"font-size: medium;\"> que les radiations \u00e9mises par les t\u00e9l\u00e9phones sans fil, les antennes <\/span><\/span><span style=\"font-family: Times New Roman, serif;\"><span style=\"font-size: medium;\">relai<\/span><\/span><span style=\"font-family: Times New Roman, serif;\"><span style=\"font-size: medium;\">s, les t\u00e9l\u00e9phones mobiles, les ordinateurs portables, les lampes fluorescentes, les satellites, les compteurs \u00e9lectriques intelligents, les <\/span><\/span><span style=\"font-family: Times New Roman, serif;\"><span style=\"font-size: medium;\">nouvelles <\/span><\/span><span style=\"font-family: Times New Roman, serif;\"><span style=\"font-size: medium;\">voitures et d\u2019autres dispositifs de transmission constituent une violation de la nature.<\/span><\/span><\/p>\n<p class=\"western\" align=\"justify\"><span style=\"font-family: Times New Roman, serif;\"><span style=\"font-size: medium;\">Pendant des ann\u00e9es, Arthur s<\/span><\/span><span style=\"font-family: Times New Roman, serif;\"><span style=\"font-size: medium;\">e<\/span><\/span><span style=\"font-family: Times New Roman, serif;\"><span style=\"font-size: medium;\"> d\u00e9pla<\/span><\/span><span style=\"font-family: Times New Roman, serif;\"><span style=\"font-size: medium;\">\u00e7ait<\/span><\/span><span style=\"font-family: Times New Roman, serif;\"><span style=\"font-size: medium;\"> \u00e0 Santa Fe <\/span><\/span><span style=\"font-family: Times New Roman, serif;\"><span style=\"font-size: medium;\">en v\u00e9lo<\/span><\/span><span style=\"font-family: Times New Roman, serif;\"><span style=\"font-size: medium;\">. Il n\u2019a jamais poss\u00e9d\u00e9 de t\u00e9l\u00e9vision ni de t\u00e9l\u00e9phone portable. Il r\u00eavait que les gens acceptent poliment les demandes de leurs voisins d\u2019\u00e9teindre leurs appareils mobiles et de d\u00e9brancher le WiFi. Parce que les ordinateurs ravagent la Terre et la sant\u00e9 publique depuis leur berceau jusqu\u2019\u00e0 leur tombe, il r\u00eavait d\u2019une soci\u00e9t\u00e9 o\u00f9 les ordinateurs seraient partag\u00e9s et non poss\u00e9d\u00e9s individuellement. Il appelait fr\u00e9quemment les gens \u00e0 cesser d\u2019utiliser des appareils mobiles.<\/span><\/span><\/p>\n<p class=\"western\" align=\"justify\"><span style=\"font-family: Times New Roman, serif;\"><span style=\"font-size: medium;\">En tant que membre de <\/span><\/span><span style=\"font-family: Times New Roman, serif;\"><span style=\"font-size: medium;\"><i>Once A Forest<\/i><\/span><\/span><span style=\"font-family: Times New Roman, serif;\"><span style=\"font-size: medium;\">, il s\u2019est oppos\u00e9 aux politiques de gestion foresti\u00e8re telles que l\u2019\u00e9claircissement et les <\/span><\/span><span style=\"font-family: Times New Roman, serif;\"><span style=\"font-size: medium;\">feux<\/span><\/span><span style=\"font-family: Times New Roman, serif;\"><span style=\"font-size: medium;\"> dirig\u00e9s.<\/span><\/span><\/p>\n<p class=\"western\" align=\"justify\"><span style=\"font-family: Times New Roman, serif;\"><span style=\"font-size: medium;\">Arthur a compris les cons\u00e9quences du pouvoir \u00e9lectrique \u00e0 notre port\u00e9e.<\/span><\/span><\/p>\n<p class=\"western\" style=\"text-align: center;\" align=\"center\"><span style=\"font-family: Times New Roman, serif;\"><span style=\"font-size: medium;\"><i>\u00ab\u00a0La seule chose que nous puissions vraiment faire pour la Terre est d\u2019arr\u00eater de la d\u00e9truire.<\/i><\/span><\/span><\/p>\n<p class=\"western\" style=\"text-align: center;\" align=\"center\"><span style=\"font-family: Times New Roman, serif;\"><span style=\"font-size: medium;\"><i>La Terre prendra alors soin d\u2019elle-m\u00eame. Au lieu d\u2019essayer de r\u00e9parer toute la plan\u00e8te, occupons-nous de nos propres vies simples\u00a0\u00bb. \u2014\u00a0<\/i><\/span><\/span><span style=\"color: #000080;\"><span style=\"font-family: Times New Roman, serif;\"><span style=\"font-size: medium;\">Arthur Firstenberg<\/span><\/span><\/span><\/p>\n<p class=\"western\" align=\"justify\"><span style=\"font-family: Times New Roman, serif;\"><span style=\"font-size: medium;\">Parmi les ouvrages de Firstenberg, citons <\/span><\/span><em><span style=\"font-family: Times New Roman, serif;\"><span style=\"font-size: medium;\">The Invisible Rainbow\u00a0: A History of Electricity and Life <\/span><\/span><\/em><span style=\"font-family: Times New Roman, serif;\"><span style=\"font-size: medium;\">(Chelsea Green, 2020, plus de 100\u00a0000\u00a0exemplaires vendus\u00a0; <\/span><\/span><span style=\"font-family: Times New Roman, serif;\"><span style=\"font-size: medium;\">tr fr <\/span><\/span><span style=\"font-family: Times New Roman, serif;\"><span style=\"font-size: medium;\"><i>L\u2019Arc-en-ciel invisible<\/i><\/span><\/span><span style=\"font-family: Times New Roman, serif;\"><span style=\"font-size: medium;\">); <\/span><\/span><em><span style=\"font-family: Times New Roman, serif;\"><span style=\"font-size: medium;\">Microwaving Our Planet: The Environmental Impact of the Wireless Revolution <\/span><\/span><\/em><span style=\"font-family: Times New Roman, serif;\"><span style=\"font-size: medium;\">(1997) et, plus r\u00e9cemment, <\/span><\/span><span style=\"color: #000080;\"><a href=\"https:\/\/cellphonetaskforce.org\/\" target=\"_blank\" rel=\"noopener\"><span style=\"font-family: Times New Roman, serif;\"><span style=\"font-size: medium;\"><i>The Earth and I <\/i><\/span><\/span><\/a><\/span><span style=\"font-family: Times New Roman, serif;\"><span style=\"font-size: medium;\">(Skyhorse, 2025).<\/span><\/span><\/p>\n<p class=\"western\" align=\"justify\"><span style=\"font-family: Times New Roman, serif;\"><span style=\"font-size: medium;\">Arthur Firstenberg laisse derri\u00e8re lui un neveu et d\u2019innombrables personnes engag\u00e9es dans le respect de la nature et la r\u00e9duction des effets n\u00e9fastes des technologies \u00e9lectroniques sur les \u00e9cosyst\u00e8mes et la sant\u00e9 publique.<\/span><\/span><\/p>\n<p class=\"western\" align=\"justify\"><span style=\"font-family: Times New Roman, serif;\"><span style=\"font-size: medium;\">Texte original\u00a0: <\/span><\/span><span style=\"color: #000080;\"><u><a href=\"https:\/\/arthurfirstenberg.substack.com\/p\/bearstar\" target=\"_blank\" rel=\"noopener\"><span style=\"font-family: Times New Roman, serif;\"><span style=\"font-size: medium;\">https:\/\/arthurfirstenberg.substack.com\/p\/bearstar<\/span><\/span><\/a><\/u><\/span><\/p>\n<p class=\"western\" align=\"center\"><span style=\"color: #000080;\"><u><span style=\"font-family: Times New Roman, serif;\"><span style=\"font-size: medium;\">________________________<\/span><\/span><\/u><\/span><\/p>\n<h1 class=\"western\" align=\"justify\">\u00ab Un Cadeau \u00e0 cette Terre \u00bb : En m\u00e9moire d\u2019Arthur Firstenberg \u2014 Scientifique, \u00e9crivain, d\u00e9fenseur des causes par l\u2019\u00e9quipe de Children\u2019s Health Defense<\/h1>\n<p class=\"western\" align=\"justify\">Arthur Firstenberg, auteur de <em>The Invisible Rainbow\u00a0: A History of Electricity and Life<\/em> et <em>The Earth and I<\/em>, est d\u00e9c\u00e9d\u00e9 mardi. Scientifique, journaliste et praticien de plusieurs arts de gu\u00e9rison, il \u00e9tait aussi un infatigable d\u00e9fenseur des droits des personnes souffrant du syndrome d\u2019hypersensibilit\u00e9 \u00e9lectromagn\u00e9tique.<\/p>\n<p class=\"western\" align=\"justify\">Arthur Firstenberg, auteur de <em>The Invisible Rainbow: A History of Electricity and Life<\/em> et <em>The Earth and I<\/em>, est d\u00e9c\u00e9d\u00e9 mardi \u00e0 son domicile de Santa Fe, au Nouveau-Mexique. Il \u00e9tait n\u00e9 le 28\u00a0mai 1950.<\/p>\n<p class=\"western\" align=\"justify\">Firstenberg se d\u00e9crivait comme un scientifique, un journaliste et un praticien de plusieurs arts de gu\u00e9rison. Pour ceux qui le connaissaient personnellement ou \u00e0 travers ses livres, il \u00e9tait un \u00e9crivain-philosophe talentueux, dot\u00e9 d\u2019une rare capacit\u00e9 \u00e0 transmettre la science par l\u2019art de la prose.<\/p>\n<p class=\"western\" align=\"justify\">Atteint du syndrome d\u2019<a href=\"https:\/\/childrenshealthdefense.org\/defender\/wireless-radiation-sickness-emr-syndrome-electromagnetic-fields\/\" target=\"_blank\" rel=\"noopener\">hypersensibilit\u00e9 \u00e9lectromagn\u00e9tique<\/a> (HSEM), Firstenberg a consacr\u00e9 sa vie \u00e0 sensibiliser le public aux enjeux de sant\u00e9 environnementale et \u00e0 la n\u00e9cessit\u00e9 d\u2019une recherche scientifique approfondie dans ce domaine.<\/p>\n<p class=\"western\" align=\"justify\">Passionn\u00e9 par la compr\u00e9hension des effets invisibles des fr\u00e9quences \u00e9lectromagn\u00e9tiques (EMF), il fut un pionnier dont le travail a d\u00e9clench\u00e9 des discussions \u00e0 l\u2019\u00e9chelle mondiale sur les impacts sanitaires des technologies modernes.<\/p>\n<p class=\"western\" align=\"justify\">Susan Foster, \u00e9crivaine actuellement en cong\u00e9 sabbatique du cabinet McCollough Law Firm, a d\u00e9clar\u00e9\u00a0:<\/p>\n<blockquote class=\"western\">\n<p style=\"padding-left: 80px;\">\u00ab\u00a0Arthur Firstenberg \u00e9tait un cadeau pour cette Terre, principalement parce qu\u2019il a consacr\u00e9 sa vie enti\u00e8re \u00e0 la prot\u00e9ger et \u00e0 am\u00e9liorer les conditions de vie de tous ses habitants. Irascible et obstin\u00e9 seraient deux adjectifs appropri\u00e9s pour d\u00e9crire cet homme unique.<\/p>\n<\/blockquote>\n<blockquote class=\"western\" style=\"padding-left: 80px;\"><p>Pourtant, il \u00e9tait brillant, un \u00e9crivain magnifique, et il \u00e9tait d\u00e9termin\u00e9 \u00e0 faire \u00e9voluer les lois pour rendre le monde plus s\u00fbr face \u00e0 l\u2019augmentation exponentielle des radiations \u00e9lectromagn\u00e9tiques d\u2019origine humaine.<\/p><\/blockquote>\n<blockquote class=\"western\" style=\"padding-left: 80px;\"><p>Arthur a \u00e9chou\u00e9 dans <a href=\"https:\/\/www.nytimes.com\/2015\/03\/24\/science\/when-science-is-lost-in-a-legal-maze.html\" target=\"_blank\" rel=\"noopener\">ses d\u00e9marches judiciaires<\/a>, mais son engagement envers le changement et l\u2019\u00e9ducation est rest\u00e9 in\u00e9branlable. Il avait un talent exceptionnel pour enseigner en transformant la science en prose, et ce don restera son h\u00e9ritage\u00a0\u00bb.<\/p><\/blockquote>\n<p class=\"western\" align=\"justify\">Le livre <em>The Invisible Rainbow<\/em> explore les liens historiques et scientifiques entre l\u2019\u00e9lectricit\u00e9 et les maladies, incitant ses lecteurs \u00e0 reconsid\u00e9rer les forces invisibles qui influencent nos vies.<\/p>\n<p class=\"western\" align=\"justify\">Cet ouvrage met en lumi\u00e8re les effets profonds des EMF sur la sant\u00e9 humaine et l\u2019environnement. Firstenberg y retrace m\u00e9ticuleusement l\u2019histoire de l\u2019\u00e9lectrification, depuis ses d\u00e9buts jusqu\u2019\u00e0 l\u2019\u00e8re du sans-fil, en avan\u00e7ant l\u2019argument selon lequel la pollution \u00e9lectromagn\u00e9tique d\u2019origine artificielle constitue un facteur silencieux, mais significatif dans de nombreuses maladies chroniques et crises environnementales.<\/p>\n<p class=\"western\" align=\"justify\">Il y pr\u00e9sente des preuves fascinantes selon lesquelles l\u2019essor de l\u2019\u00e9lectrification co\u00efncide avec l\u2019apparition de grandes \u00e9pid\u00e9mies de sant\u00e9 publique, notamment la grippe, les maladies cardiovasculaires, le diab\u00e8te et les troubles neurologiques. Il documente \u00e9galement comment l\u2019introduction de nouvelles sources d\u2019EMF a syst\u00e9matiquement co\u00efncid\u00e9 avec des vagues de maladies r\u00e9pandues.<\/p>\n<p class=\"western\" align=\"justify\">Le livre remet aussi en question le r\u00e9cit dominant selon lequel les radiations non ionisantes seraient inoffensives. \u00c0 travers des \u00e9tudes scientifiques, des dossiers m\u00e9dicaux et des t\u00e9moignages directs, Firstenberg d\u00e9montre que <a href=\"https:\/\/childrenshealthdefense.org\/defender_category\/health-conditions\/\" target=\"_blank\" rel=\"noopener\">l\u2019exposition<\/a> prolong\u00e9e, m\u00eame \u00e0 de faibles niveaux d\u2019EMF, perturbe les syst\u00e8mes biologiques, endommage les cellules et contribue au d\u00e9veloppement de maladies chroniques.<\/p>\n<p class=\"western\" align=\"justify\">Il souligne \u00e9galement l\u2019impact d\u00e9vastateur des radiations sans fil sur la faune, notamment la diminution des populations d\u2019abeilles et la d\u00e9sorientation des oiseaux.<\/p>\n<p class=\"western\" align=\"justify\">Par son travail, Firstenberg a transform\u00e9 notre compr\u00e9hension de l\u2019\u00e9lectricit\u00e9 et de son impact biologique, critiquant l\u2019expansion incontr\u00f4l\u00e9e des technologies sans fil et plaidant pour une approche de pr\u00e9caution face \u00e0 l\u2019exposition aux radiations \u00e9lectromagn\u00e9tiques.<\/p>\n<p class=\"western\" align=\"justify\">En r\u00e9v\u00e9lant \u00e0 quel point l\u2019\u00e9lectricit\u00e9 a modifi\u00e9 la sant\u00e9 humaine et le monde naturel, son h\u00e9ritage nous invite tous \u00e0 repenser notre relation \u00e0 la technologie et \u00e0 privil\u00e9gier la s\u00e9curit\u00e9 plut\u00f4t que les int\u00e9r\u00eats industriels.<\/p>\n<p class=\"western\" align=\"justify\">Son dernier livre, <em><a href=\"https:\/\/www.amazon.fr\/Earth-I-Arthur-Firstenberg\/dp\/1510781838?__mk_fr_FR=%C3%85M%C3%85%C5%BD%C3%95%C3%91&amp;sr=8-3\" target=\"_blank\" rel=\"noopener\">The Earth and I<\/a><\/em>, publi\u00e9 six semaines avant son d\u00e9c\u00e8s, invite le lecteur \u00e0 remettre en question ses id\u00e9es pr\u00e9con\u00e7ues et \u00e0 se demander\u00a0: \u00ab\u00a0Qui sommes-nous r\u00e9ellement\u00a0? Quelle est notre relation avec la Terre\u00a0? Comment se fait-il que, parmi les millions d\u2019esp\u00e8ces, nous soyons les seuls \u00e0 avoir d\u00e9truit notre maison commune\u00a0?\u00a0\u00bb<\/p>\n<p class=\"western\" align=\"justify\">Les r\u00e9ponses qu\u2019il propose sont surprenantes et ont des implications profondes pour ceux qui cherchent des solutions.<\/p>\n<p class=\"western\" align=\"justify\">Dans les derni\u00e8res ann\u00e9es de sa vie, Arthur Firstenberg s\u2019est tourn\u00e9, \u00e0 travers son \u00e9criture, vers la Terre, qui avait toujours occup\u00e9 une place centrale dans sa vie. D\u00e8s son enfance, il passait ses \u00e9t\u00e9s \u00e0 observer la nature et \u00e0 apprendre les techniques de survie en pleine nature, que ce soit dans le nord de l\u2019\u00c9tat de New York, au fond du Grand Canyon, dans les montagnes du parc national de Yosemite ou sur une \u00eele au large de Terre-Neuve.<\/p>\n<p class=\"western\" align=\"justify\">Lors de ses \u00e9tudes universitaires, il s\u2019est int\u00e9ress\u00e9 \u00e0 la physique, aux math\u00e9matiques, aux civilisations anciennes et aux langues \u00e9trang\u00e8res, tout en consacrant une grande partie de son temps \u00e0 la randonn\u00e9e, au cano\u00eb, au ski et \u00e0 l\u2019escalade. Apr\u00e8s l\u2019universit\u00e9, il a v\u00e9cu avec des petits agriculteurs sur la c\u00f4te nord de la Norv\u00e8ge et parmi les Mayas traditionnels du Guatemala.<\/p>\n<p class=\"western\" align=\"justify\">En 1986, il a travers\u00e9 les \u00c9tats-Unis \u00e0 pied dans le cadre de la Grande Marche pour le d\u00e9sarmement nucl\u00e9aire mondial. \u00c0 chaque pas, il a \u00e9t\u00e9 t\u00e9moin des transformations que subissait la Terre qu\u2019il aimait tant et des souffrances de ses habitants.<\/p>\n<p class=\"western\" align=\"justify\">Lorsqu\u2019il a tent\u00e9 de se r\u00e9fugier dans l\u2019Arctique canadien, il a constat\u00e9 que les m\u00eames ph\u00e9nom\u00e8nes s\u2019y produisaient. Il a alors entrepris d\u2019\u00e9crire <em>The Earth and I<\/em> pour comprendre pourquoi. Trente ans plus tard, il estimait que les r\u00e9ponses n\u2019avaient pas chang\u00e9, mais que leur urgence s\u2019\u00e9tait accrue.<\/p>\n<p class=\"western\" align=\"justify\">Arthur Firstenberg restera dans les m\u00e9moires comme un infatigable d\u00e9fenseur des causes environnementales, un \u00e9crivain talentueux et un esprit d\u00e9termin\u00e9 \u00e0 remettre en question le statu quo.<\/p>\n<p><span style=\"font-size: xx-small;\"><span style=\"font-size: medium;\">Texte original\u00a0: <a href=\"https:\/\/childrenshealthdefense.org\/community\/remembering-arthur-firstenberg-scientist-writer-advocate\/\" target=\"_blank\" rel=\"noopener\">https:\/\/childrenshealthdefense.org\/community\/remembering-arthur-firstenberg-scientist-writer-advocate\/<\/a><\/span><\/span><\/p>\n<p class=\"western\" align=\"justify\"><span style=\"color: #000080;\"><span style=\"font-family: Times New Roman, serif;\"><span style=\"font-size: medium;\">\u00c0 voir <\/span><\/span><\/span><span style=\"color: #000080;\"><span style=\"font-family: Times New Roman, serif;\"><span style=\"font-size: medium;\">une<\/span><\/span><\/span><span style=\"color: #000080;\"><span style=\"font-family: Times New Roman, serif;\"><span style=\"font-size: medium;\"> r\u00e9cente interview de Firstenberg\u00a0:<\/span><\/span><\/span><\/p>\n<p><iframe loading=\"lazy\" title=\"Episode 24: The Invisible Rainbow with guest Arthur Firstenberg\" src=\"https:\/\/www.youtube.com\/embed\/Cene2XMPb8w\" width=\"790\" height=\"315\" frameborder=\"0\" allowfullscreen=\"allowfullscreen\"><\/iframe><\/p>\n","protected":false},"excerpt":{"rendered":"<p>28\u00a0f\u00e9vrier 2025 Arthur Firstenberg, auteur, \u00e9cologiste et activiste, est d\u00e9c\u00e9d\u00e9 \u00e0 son domicile apr\u00e8s des mois d\u2019une maladie non diagnostiqu\u00e9e, entour\u00e9 de sa famille et de ses amis. Arthur est n\u00e9 \u00e0 Brooklyn, dans l\u2019\u00c9tat de New York, de parents survivants de l\u2019Holocauste. Les \u00e9t\u00e9s qu\u2019il a pass\u00e9s dans le nord de l\u2019\u00c9tat de New [&hellip;]<\/p>\n","protected":false},"author":2,"featured_media":18304,"comment_status":"closed","ping_status":"closed","sticky":false,"template":"","format":"standard","meta":{"footnotes":""},"categories":[1540,1594],"tags":[],"class_list":["post-20494","post","type-post","status-publish","format-standard","has-post-thumbnail","hentry","category-actualite","category-firstenberg-arthur"],"yoast_head":"<!-- This site is optimized with the Yoast SEO plugin v27.0 - https:\/\/yoast.com\/product\/yoast-seo-wordpress\/ -->\n<title>Hommage \u00e0 Arthur Firstenberg\u00a0: 28\u00a0mai 1950 - 25\u00a0f\u00e9vrier 2025 - 3e mill\u00e9naire - Spiritualit\u00e9 - Connaissance de soi - Non-dualit\u00e9 - M\u00e9ditation<\/title>\n<meta name=\"robots\" content=\"index, follow, max-snippet:-1, max-image-preview:large, max-video-preview:-1\" \/>\n<link rel=\"canonical\" href=\"https:\/\/www.revue3emillenaire.com\/blog\/hommage-a-arthur-firstenberg-28-mai-1950-25-fevrier-2025\/\" \/>\n<meta property=\"og:locale\" content=\"fr_FR\" \/>\n<meta property=\"og:type\" content=\"article\" \/>\n<meta property=\"og:title\" content=\"Hommage \u00e0 Arthur Firstenberg\u00a0: 28\u00a0mai 1950 - 25\u00a0f\u00e9vrier 2025 - 3e mill\u00e9naire - Spiritualit\u00e9 - Connaissance de soi - Non-dualit\u00e9 - M\u00e9ditation\" \/>\n<meta property=\"og:description\" content=\"28\u00a0f\u00e9vrier 2025 Arthur Firstenberg, auteur, \u00e9cologiste et activiste, est d\u00e9c\u00e9d\u00e9 \u00e0 son domicile apr\u00e8s des mois d\u2019une maladie non diagnostiqu\u00e9e, entour\u00e9 de sa famille et de ses amis. Arthur est n\u00e9 \u00e0 Brooklyn, dans l\u2019\u00c9tat de New York, de parents survivants de l\u2019Holocauste. Les \u00e9t\u00e9s qu\u2019il a pass\u00e9s dans le nord de l\u2019\u00c9tat de New [&hellip;]\" \/>\n<meta property=\"og:url\" content=\"https:\/\/www.revue3emillenaire.com\/blog\/hommage-a-arthur-firstenberg-28-mai-1950-25-fevrier-2025\/\" \/>\n<meta property=\"og:site_name\" content=\"3e mill\u00e9naire - Spiritualit\u00e9 - Connaissance de soi - Non-dualit\u00e9 - M\u00e9ditation\" \/>\n<meta property=\"article:published_time\" content=\"2025-02-28T23:25:36+00:00\" \/>\n<meta property=\"og:image\" content=\"https:\/\/www.revue3emillenaire.com\/blog\/wp-content\/uploads\/2020\/12\/Arthur-Firstenberg.jpg\" \/>\n\t<meta property=\"og:image:width\" content=\"329\" \/>\n\t<meta property=\"og:image:height\" content=\"365\" \/>\n\t<meta property=\"og:image:type\" content=\"image\/jpeg\" \/>\n<meta name=\"author\" content=\"3e mill\u00e9naire\" \/>\n<meta name=\"twitter:card\" content=\"summary_large_image\" \/>\n<meta name=\"twitter:label1\" content=\"\u00c9crit par\" \/>\n\t<meta name=\"twitter:data1\" content=\"3e mill\u00e9naire\" \/>\n\t<meta name=\"twitter:label2\" content=\"Dur\u00e9e de lecture estim\u00e9e\" \/>\n\t<meta name=\"twitter:data2\" content=\"11 minutes\" \/>\n<script type=\"application\/ld+json\" class=\"yoast-schema-graph\">{\"@context\":\"https:\/\/schema.org\",\"@graph\":[{\"@type\":\"Article\",\"@id\":\"https:\/\/www.revue3emillenaire.com\/blog\/hommage-a-arthur-firstenberg-28-mai-1950-25-fevrier-2025\/#article\",\"isPartOf\":{\"@id\":\"https:\/\/www.revue3emillenaire.com\/blog\/hommage-a-arthur-firstenberg-28-mai-1950-25-fevrier-2025\/\"},\"author\":{\"name\":\"3e mill\u00e9naire\",\"@id\":\"https:\/\/www.revue3emillenaire.com\/blog\/#\/schema\/person\/b692dacff720a5344a6190bc714397eb\"},\"headline\":\"Hommage \u00e0 Arthur Firstenberg\u00a0: 28\u00a0mai 1950 &#8211; 25\u00a0f\u00e9vrier 2025\",\"datePublished\":\"2025-02-28T23:25:36+00:00\",\"mainEntityOfPage\":{\"@id\":\"https:\/\/www.revue3emillenaire.com\/blog\/hommage-a-arthur-firstenberg-28-mai-1950-25-fevrier-2025\/\"},\"wordCount\":2309,\"image\":{\"@id\":\"https:\/\/www.revue3emillenaire.com\/blog\/hommage-a-arthur-firstenberg-28-mai-1950-25-fevrier-2025\/#primaryimage\"},\"thumbnailUrl\":\"https:\/\/www.revue3emillenaire.com\/blog\/wp-content\/uploads\/2020\/12\/Arthur-Firstenberg.jpg\",\"articleSection\":[\"Actualit\u00e9s\",\"Firstenberg Arthur\"],\"inLanguage\":\"fr-FR\"},{\"@type\":\"WebPage\",\"@id\":\"https:\/\/www.revue3emillenaire.com\/blog\/hommage-a-arthur-firstenberg-28-mai-1950-25-fevrier-2025\/\",\"url\":\"https:\/\/www.revue3emillenaire.com\/blog\/hommage-a-arthur-firstenberg-28-mai-1950-25-fevrier-2025\/\",\"name\":\"Hommage \u00e0 Arthur Firstenberg\u00a0: 28\u00a0mai 1950 - 25\u00a0f\u00e9vrier 2025 - 3e mill\u00e9naire - Spiritualit\u00e9 - Connaissance de soi - Non-dualit\u00e9 - M\u00e9ditation\",\"isPartOf\":{\"@id\":\"https:\/\/www.revue3emillenaire.com\/blog\/#website\"},\"primaryImageOfPage\":{\"@id\":\"https:\/\/www.revue3emillenaire.com\/blog\/hommage-a-arthur-firstenberg-28-mai-1950-25-fevrier-2025\/#primaryimage\"},\"image\":{\"@id\":\"https:\/\/www.revue3emillenaire.com\/blog\/hommage-a-arthur-firstenberg-28-mai-1950-25-fevrier-2025\/#primaryimage\"},\"thumbnailUrl\":\"https:\/\/www.revue3emillenaire.com\/blog\/wp-content\/uploads\/2020\/12\/Arthur-Firstenberg.jpg\",\"datePublished\":\"2025-02-28T23:25:36+00:00\",\"author\":{\"@id\":\"https:\/\/www.revue3emillenaire.com\/blog\/#\/schema\/person\/b692dacff720a5344a6190bc714397eb\"},\"breadcrumb\":{\"@id\":\"https:\/\/www.revue3emillenaire.com\/blog\/hommage-a-arthur-firstenberg-28-mai-1950-25-fevrier-2025\/#breadcrumb\"},\"inLanguage\":\"fr-FR\",\"potentialAction\":[{\"@type\":\"ReadAction\",\"target\":[\"https:\/\/www.revue3emillenaire.com\/blog\/hommage-a-arthur-firstenberg-28-mai-1950-25-fevrier-2025\/\"]}]},{\"@type\":\"ImageObject\",\"inLanguage\":\"fr-FR\",\"@id\":\"https:\/\/www.revue3emillenaire.com\/blog\/hommage-a-arthur-firstenberg-28-mai-1950-25-fevrier-2025\/#primaryimage\",\"url\":\"https:\/\/www.revue3emillenaire.com\/blog\/wp-content\/uploads\/2020\/12\/Arthur-Firstenberg.jpg\",\"contentUrl\":\"https:\/\/www.revue3emillenaire.com\/blog\/wp-content\/uploads\/2020\/12\/Arthur-Firstenberg.jpg\",\"width\":329,\"height\":365},{\"@type\":\"BreadcrumbList\",\"@id\":\"https:\/\/www.revue3emillenaire.com\/blog\/hommage-a-arthur-firstenberg-28-mai-1950-25-fevrier-2025\/#breadcrumb\",\"itemListElement\":[{\"@type\":\"ListItem\",\"position\":1,\"name\":\"Accueil\",\"item\":\"https:\/\/www.revue3emillenaire.com\/blog\/\"},{\"@type\":\"ListItem\",\"position\":2,\"name\":\"Hommage \u00e0 Arthur Firstenberg\u00a0: 28\u00a0mai 1950 &#8211; 25\u00a0f\u00e9vrier 2025\"}]},{\"@type\":\"WebSite\",\"@id\":\"https:\/\/www.revue3emillenaire.com\/blog\/#website\",\"url\":\"https:\/\/www.revue3emillenaire.com\/blog\/\",\"name\":\"3e mill\u00e9naire - Spiritualit\u00e9 - Connaissance de soi - Non-dualit\u00e9 - M\u00e9ditation\",\"description\":\"L&#039;Homme en devenir\",\"potentialAction\":[{\"@type\":\"SearchAction\",\"target\":{\"@type\":\"EntryPoint\",\"urlTemplate\":\"https:\/\/www.revue3emillenaire.com\/blog\/?s={search_term_string}\"},\"query-input\":{\"@type\":\"PropertyValueSpecification\",\"valueRequired\":true,\"valueName\":\"search_term_string\"}}],\"inLanguage\":\"fr-FR\"},{\"@type\":\"Person\",\"@id\":\"https:\/\/www.revue3emillenaire.com\/blog\/#\/schema\/person\/b692dacff720a5344a6190bc714397eb\",\"name\":\"3e mill\u00e9naire\",\"url\":\"https:\/\/www.revue3emillenaire.com\/blog\/author\/scoussa\/\"}]}<\/script>\n<!-- \/ Yoast SEO plugin. -->","yoast_head_json":{"title":"Hommage \u00e0 Arthur Firstenberg\u00a0: 28\u00a0mai 1950 - 25\u00a0f\u00e9vrier 2025 - 3e mill\u00e9naire - Spiritualit\u00e9 - Connaissance de soi - Non-dualit\u00e9 - M\u00e9ditation","robots":{"index":"index","follow":"follow","max-snippet":"max-snippet:-1","max-image-preview":"max-image-preview:large","max-video-preview":"max-video-preview:-1"},"canonical":"https:\/\/www.revue3emillenaire.com\/blog\/hommage-a-arthur-firstenberg-28-mai-1950-25-fevrier-2025\/","og_locale":"fr_FR","og_type":"article","og_title":"Hommage \u00e0 Arthur Firstenberg\u00a0: 28\u00a0mai 1950 - 25\u00a0f\u00e9vrier 2025 - 3e mill\u00e9naire - Spiritualit\u00e9 - Connaissance de soi - Non-dualit\u00e9 - M\u00e9ditation","og_description":"28\u00a0f\u00e9vrier 2025 Arthur Firstenberg, auteur, \u00e9cologiste et activiste, est d\u00e9c\u00e9d\u00e9 \u00e0 son domicile apr\u00e8s des mois d\u2019une maladie non diagnostiqu\u00e9e, entour\u00e9 de sa famille et de ses amis. Arthur est n\u00e9 \u00e0 Brooklyn, dans l\u2019\u00c9tat de New York, de parents survivants de l\u2019Holocauste. Les \u00e9t\u00e9s qu\u2019il a pass\u00e9s dans le nord de l\u2019\u00c9tat de New [&hellip;]","og_url":"https:\/\/www.revue3emillenaire.com\/blog\/hommage-a-arthur-firstenberg-28-mai-1950-25-fevrier-2025\/","og_site_name":"3e mill\u00e9naire - Spiritualit\u00e9 - Connaissance de soi - Non-dualit\u00e9 - M\u00e9ditation","article_published_time":"2025-02-28T23:25:36+00:00","og_image":[{"width":329,"height":365,"url":"https:\/\/www.revue3emillenaire.com\/blog\/wp-content\/uploads\/2020\/12\/Arthur-Firstenberg.jpg","type":"image\/jpeg"}],"author":"3e mill\u00e9naire","twitter_card":"summary_large_image","twitter_misc":{"\u00c9crit par":"3e mill\u00e9naire","Dur\u00e9e de lecture estim\u00e9e":"11 minutes"},"schema":{"@context":"https:\/\/schema.org","@graph":[{"@type":"Article","@id":"https:\/\/www.revue3emillenaire.com\/blog\/hommage-a-arthur-firstenberg-28-mai-1950-25-fevrier-2025\/#article","isPartOf":{"@id":"https:\/\/www.revue3emillenaire.com\/blog\/hommage-a-arthur-firstenberg-28-mai-1950-25-fevrier-2025\/"},"author":{"name":"3e mill\u00e9naire","@id":"https:\/\/www.revue3emillenaire.com\/blog\/#\/schema\/person\/b692dacff720a5344a6190bc714397eb"},"headline":"Hommage \u00e0 Arthur Firstenberg\u00a0: 28\u00a0mai 1950 &#8211; 25\u00a0f\u00e9vrier 2025","datePublished":"2025-02-28T23:25:36+00:00","mainEntityOfPage":{"@id":"https:\/\/www.revue3emillenaire.com\/blog\/hommage-a-arthur-firstenberg-28-mai-1950-25-fevrier-2025\/"},"wordCount":2309,"image":{"@id":"https:\/\/www.revue3emillenaire.com\/blog\/hommage-a-arthur-firstenberg-28-mai-1950-25-fevrier-2025\/#primaryimage"},"thumbnailUrl":"https:\/\/www.revue3emillenaire.com\/blog\/wp-content\/uploads\/2020\/12\/Arthur-Firstenberg.jpg","articleSection":["Actualit\u00e9s","Firstenberg Arthur"],"inLanguage":"fr-FR"},{"@type":"WebPage","@id":"https:\/\/www.revue3emillenaire.com\/blog\/hommage-a-arthur-firstenberg-28-mai-1950-25-fevrier-2025\/","url":"https:\/\/www.revue3emillenaire.com\/blog\/hommage-a-arthur-firstenberg-28-mai-1950-25-fevrier-2025\/","name":"Hommage \u00e0 Arthur Firstenberg\u00a0: 28\u00a0mai 1950 - 25\u00a0f\u00e9vrier 2025 - 3e mill\u00e9naire - Spiritualit\u00e9 - Connaissance de soi - Non-dualit\u00e9 - M\u00e9ditation","isPartOf":{"@id":"https:\/\/www.revue3emillenaire.com\/blog\/#website"},"primaryImageOfPage":{"@id":"https:\/\/www.revue3emillenaire.com\/blog\/hommage-a-arthur-firstenberg-28-mai-1950-25-fevrier-2025\/#primaryimage"},"image":{"@id":"https:\/\/www.revue3emillenaire.com\/blog\/hommage-a-arthur-firstenberg-28-mai-1950-25-fevrier-2025\/#primaryimage"},"thumbnailUrl":"https:\/\/www.revue3emillenaire.com\/blog\/wp-content\/uploads\/2020\/12\/Arthur-Firstenberg.jpg","datePublished":"2025-02-28T23:25:36+00:00","author":{"@id":"https:\/\/www.revue3emillenaire.com\/blog\/#\/schema\/person\/b692dacff720a5344a6190bc714397eb"},"breadcrumb":{"@id":"https:\/\/www.revue3emillenaire.com\/blog\/hommage-a-arthur-firstenberg-28-mai-1950-25-fevrier-2025\/#breadcrumb"},"inLanguage":"fr-FR","potentialAction":[{"@type":"ReadAction","target":["https:\/\/www.revue3emillenaire.com\/blog\/hommage-a-arthur-firstenberg-28-mai-1950-25-fevrier-2025\/"]}]},{"@type":"ImageObject","inLanguage":"fr-FR","@id":"https:\/\/www.revue3emillenaire.com\/blog\/hommage-a-arthur-firstenberg-28-mai-1950-25-fevrier-2025\/#primaryimage","url":"https:\/\/www.revue3emillenaire.com\/blog\/wp-content\/uploads\/2020\/12\/Arthur-Firstenberg.jpg","contentUrl":"https:\/\/www.revue3emillenaire.com\/blog\/wp-content\/uploads\/2020\/12\/Arthur-Firstenberg.jpg","width":329,"height":365},{"@type":"BreadcrumbList","@id":"https:\/\/www.revue3emillenaire.com\/blog\/hommage-a-arthur-firstenberg-28-mai-1950-25-fevrier-2025\/#breadcrumb","itemListElement":[{"@type":"ListItem","position":1,"name":"Accueil","item":"https:\/\/www.revue3emillenaire.com\/blog\/"},{"@type":"ListItem","position":2,"name":"Hommage \u00e0 Arthur Firstenberg\u00a0: 28\u00a0mai 1950 &#8211; 25\u00a0f\u00e9vrier 2025"}]},{"@type":"WebSite","@id":"https:\/\/www.revue3emillenaire.com\/blog\/#website","url":"https:\/\/www.revue3emillenaire.com\/blog\/","name":"3e mill\u00e9naire - Spiritualit\u00e9 - Connaissance de soi - Non-dualit\u00e9 - M\u00e9ditation","description":"L&#039;Homme en devenir","potentialAction":[{"@type":"SearchAction","target":{"@type":"EntryPoint","urlTemplate":"https:\/\/www.revue3emillenaire.com\/blog\/?s={search_term_string}"},"query-input":{"@type":"PropertyValueSpecification","valueRequired":true,"valueName":"search_term_string"}}],"inLanguage":"fr-FR"},{"@type":"Person","@id":"https:\/\/www.revue3emillenaire.com\/blog\/#\/schema\/person\/b692dacff720a5344a6190bc714397eb","name":"3e mill\u00e9naire","url":"https:\/\/www.revue3emillenaire.com\/blog\/author\/scoussa\/"}]}},"_links":{"self":[{"href":"https:\/\/www.revue3emillenaire.com\/blog\/wp-json\/wp\/v2\/posts\/20494","targetHints":{"allow":["GET"]}}],"collection":[{"href":"https:\/\/www.revue3emillenaire.com\/blog\/wp-json\/wp\/v2\/posts"}],"about":[{"href":"https:\/\/www.revue3emillenaire.com\/blog\/wp-json\/wp\/v2\/types\/post"}],"author":[{"embeddable":true,"href":"https:\/\/www.revue3emillenaire.com\/blog\/wp-json\/wp\/v2\/users\/2"}],"replies":[{"embeddable":true,"href":"https:\/\/www.revue3emillenaire.com\/blog\/wp-json\/wp\/v2\/comments?post=20494"}],"version-history":[{"count":0,"href":"https:\/\/www.revue3emillenaire.com\/blog\/wp-json\/wp\/v2\/posts\/20494\/revisions"}],"wp:featuredmedia":[{"embeddable":true,"href":"https:\/\/www.revue3emillenaire.com\/blog\/wp-json\/wp\/v2\/media\/18304"}],"wp:attachment":[{"href":"https:\/\/www.revue3emillenaire.com\/blog\/wp-json\/wp\/v2\/media?parent=20494"}],"wp:term":[{"taxonomy":"category","embeddable":true,"href":"https:\/\/www.revue3emillenaire.com\/blog\/wp-json\/wp\/v2\/categories?post=20494"},{"taxonomy":"post_tag","embeddable":true,"href":"https:\/\/www.revue3emillenaire.com\/blog\/wp-json\/wp\/v2\/tags?post=20494"}],"curies":[{"name":"wp","href":"https:\/\/api.w.org\/{rel}","templated":true}]}}