{"id":20499,"date":"2025-03-07T23:29:56","date_gmt":"2025-03-07T22:29:56","guid":{"rendered":"https:\/\/www.revue3emillenaire.com\/blog\/?p=20499"},"modified":"2025-03-15T02:31:42","modified_gmt":"2025-03-15T01:31:42","slug":"sars-cov-2-existe-t-il-par-malcolm-kendrick","status":"publish","type":"post","link":"https:\/\/www.revue3emillenaire.com\/blog\/sars-cov-2-existe-t-il-par-malcolm-kendrick\/","title":{"rendered":"Sars-Cov-2 existe-t-il\u00a0? par Malcolm Kendrick"},"content":{"rendered":"<p class=\"western\" align=\"justify\"><i><span style=\"color: #000000;\"><span style=\"font-size: medium;\">Sars-Cov-2 existe-t-il\u00a0?<\/span><\/span><\/i><\/p>\n<p class=\"western\" align=\"justify\"><span style=\"color: #000000;\"><span style=\"font-size: medium;\">Je pose cette question parce qu\u2019un certain nombre de personnes ont affirm\u00e9 que la pand\u00e9mie de Covid \u00e9tait un \u00e9v\u00e9nement invent\u00e9 de toutes pi\u00e8ces. Une \u00ab\u00a0<\/span><\/span><em><span style=\"color: #000000;\"><span style=\"font-size: medium;\">p<\/span><\/span><\/em><em><span style=\"color: #000000;\"><span style=\"font-size: medium;\">l<\/span><\/span><\/em><em><span style=\"color: #000000;\"><span style=\"font-size: medium;\">and\u00e9mie\u00a0\u00bb<\/span><\/span><\/em><span style=\"color: #000000;\"><span style=\"font-size: medium;\">, si vous voulez. Il n\u2019y a<\/span><\/span><span style=\"color: #000000;\"><span style=\"font-size: medium;\">urait<\/span><\/span><span style=\"color: #000000;\"><span style=\"font-size: medium;\"> eu <\/span><\/span><span style=\"color: #000000;\"><span style=\"font-size: medium;\">aucun<\/span><\/span><span style=\"color: #000000;\"><span style=\"font-size: medium;\"> nouveau virus, il n\u2019a<\/span><\/span><span style=\"color: #000000;\"><span style=\"font-size: medium;\">urait<\/span><\/span><span style=\"color: #000000;\"><span style=\"font-size: medium;\"> jamais exist\u00e9. D\u2019autres se demandent si les virus existent r\u00e9ellement, car \u00ab\u00a0<\/span><\/span><em><span style=\"color: #000000;\"><span style=\"font-size: medium;\">on ne les a jamais vus\u00a0\u00bb<\/span><\/span><\/em><span style=\"color: #000000;\"><span style=\"font-size: medium;\">. Je re\u00e7ois souvent ce genre de commentaires sur mon blog. Je vois aussi des gens sur X, et ailleurs qui font des affirmations similaires. Th\u00e9orie du complot\u00a0?<\/span><\/span><\/p>\n<p class=\"western\" align=\"justify\"><span style=\"color: #000000;\"><span style=\"font-size: medium;\">On m\u2019accuse aussi souvent d\u2019\u00eatre un th\u00e9oricien du complot. Cette forme d\u2019attaque paresseuse, qui n\u2019exige jamais aucune preuve. Ni aucune tentative de d\u00e9finir ce qu\u2019est r\u00e9ellement un th\u00e9oricien du complot. <\/span><\/span><span style=\"color: #000000;\"><span style=\"font-size: medium;\">C\u2019est<\/span><\/span><span style=\"color: #000000;\"><span style=\"font-size: medium;\"> simplement une insulte \u00ab\u00a0passe-partout\u00a0\u00bb et d\u2019un rejet. Qui continue d\u2019\u00eatre extr\u00eamement efficace. Curieusement.<\/span><\/span><\/p>\n<p class=\"western\" align=\"justify\"><span style=\"color: #000000;\"><span style=\"font-size: medium;\">Cependant, lorsqu\u2019on en vient \u00e0 dire que <\/span><\/span><em><span style=\"color: #000000;\"><span style=\"font-size: medium;\">les virus n\u2019existent pas <\/span><\/span><\/em><span style=\"color: #000000;\"><span style=\"font-size: medium;\">ou que <\/span><\/span><em><span style=\"color: #000000;\"><span style=\"font-size: medium;\">Sars-Cov-2 n\u2019existe pas<\/span><\/span><\/em><span style=\"color: #000000;\"><span style=\"font-size: medium;\">, je suis moi aussi tent\u00e9 de rejeter ces commentaires en les qualifiant de th\u00e9orie du complot. J\u2019essaie de r\u00e9sister. Chacun a droit \u00e0 son opinion. Mais\u2026<\/span><\/span><\/p>\n<p class=\"western\" align=\"justify\"><span style=\"color: #000000;\"><span style=\"font-size: medium;\">Je vais essayer d\u2019expliquer pourquoi je suis pratiquement certain \u00e0 cent pour cent que les virus existent et que Sars-Cov-2 \u00e9tait une nouvelle souche\/<\/span><\/span><span style=\"color: #000000;\"><span style=\"font-size: medium;\">un nouveau <\/span><\/span><span style=\"color: #000000;\"><span style=\"font-size: medium;\">variant de coronavirus qui n\u2019avait jamais \u00e9t\u00e9 <\/span><\/span><span style=\"color: #000000;\"><span style=\"font-size: medium;\">observ\u00e9<\/span><\/span><span style=\"color: #000000;\"><span style=\"font-size: medium;\"> auparavant.<\/span><\/span><\/p>\n<p class=\"western\" align=\"justify\"><em><span style=\"color: #000000;\"><span style=\"font-size: medium;\"><b>Les virus existent-ils\u00a0?<\/b><\/span><\/span><\/em><\/p>\n<p class=\"western\" align=\"justify\"><span style=\"color: #000000;\"><span style=\"font-size: medium;\">Certains penseront peut-\u00eatre qu\u2019il s\u2019agit d\u2019une question stupide. \u00ab\u00a0<\/span><\/span><em><span style=\"color: #000000;\"><span style=\"font-size: medium;\">Bien s\u00fbr qu\u2019ils existent\u2026 idiot<\/span><\/span><\/em><span style=\"color: #000000;\"><span style=\"font-size: medium;\">. <\/span><\/span><em><span style=\"color: #000000;\"><span style=\"font-size: medium;\">Tu ne sais donc rien\u00a0<\/span><\/span><\/em><span style=\"color: #000000;\"><span style=\"font-size: medium;\">?\u00a0\u00bb Pourtant, il vaut toujours la peine de prendre le temps de remettre en question ce que l\u2019on croit savoir, pour s\u2019en assurer. Si ce n\u2019est pas tout le temps, au moins de temps en temps. Un test de r\u00e9sistance, si vous voulez.<\/span><\/span><\/p>\n<p class=\"western\" align=\"justify\"><span style=\"color: #000000;\"><span style=\"font-size: medium;\">Apr\u00e8s tout, la plupart des gens sont convaincus qu\u2019un taux de cholest\u00e9rol \u00e9lev\u00e9 est \u00e0 l\u2019origine de maladies cardiaques, et il semble <\/span><\/span><span style=\"color: #000000;\"><span style=\"font-size: medium;\">exister<\/span><\/span><span style=\"color: #000000;\"><span style=\"font-size: medium;\"> une montagne de donn\u00e9es pour <\/span><\/span><span style=\"color: #000000;\"><span style=\"font-size: medium;\">souteni<\/span><\/span><span style=\"color: #000000;\"><span style=\"font-size: medium;\">r cette hypoth\u00e8se. Seul un idiot ou un th\u00e9oricien de la conspiration pourrait penser le contraire.<\/span><\/span><\/p>\n<p class=\"western\" align=\"justify\"><span style=\"color: #000000;\"><span style=\"font-size: medium;\">Eh bien, ahem, d\u00e9claration d\u2019int\u00e9r\u00eat &#8230;. J\u2019ai pass\u00e9 quarante ans \u00e0 \u00e9tudier ce domaine et je suis absolument certain que le cholest\u00e9rol (ou LDL \u2014 Low Density Lipoprotein <\/span><\/span><span style=\"color: #000000;\"><span style=\"font-size: medium;\">[<\/span><\/span><span style=\"color: #000000;\"><span style=\"font-size: medium;\">Lipoprot\u00e9ine de Basse Densit\u00e9<\/span><\/span><span style=\"color: #000000;\"><span style=\"font-size: medium;\">]<\/span><\/span><span style=\"color: #000000;\"><span style=\"font-size: medium;\">) ne provoque pas de maladies cardiaques. Si le monde de la recherche m\u00e9dicale traditionnelle peut se tromper sur un sujet aussi fondamental, alors peut-\u00eatre peut-il se tromper sur d\u2019autres faits apparemment incontestables\u00a0?<\/span><\/span><\/p>\n<p class=\"western\" align=\"justify\"><span style=\"color: #000000;\"><span style=\"font-size: medium;\">L\u2019un de mes passe-temps un peu geek consiste \u00e0 \u00e9tudier les id\u00e9es m\u00e9dicales d<\/span><\/span><span style=\"color: #000000;\"><span style=\"font-size: medium;\">u pass\u00e9<\/span><\/span><span style=\"color: #000000;\"><span style=\"font-size: medium;\">, qui se sont r\u00e9v\u00e9l\u00e9es \u00eatre de pures <\/span><\/span><span style=\"color: #000000;\"><span style=\"font-size: medium;\">absurdit\u00e9<\/span><\/span><span style=\"color: #000000;\"><span style=\"font-size: medium;\">s. Il y en a beaucoup. Parmi elles, on peut citer le fait que le sang ne circule pas dans le corps, que le miasme est \u00e0 l\u2019origine des maladies infectieuses, ou encore la n\u00e9cessit\u00e9 absolue d\u2019un repos strict au lit apr\u00e8s un infarctus. Pour ne citer que les trois premi\u00e8res qui me viennent \u00e0 l\u2019esprit.<\/span><\/span><\/p>\n<p class=\"western\" align=\"justify\"><span style=\"color: #000000;\"><span style=\"font-size: medium;\">Une chose que j\u2019ai apprise tr\u00e8s t\u00f4t, c\u2019est que la personne qui osait pour la premi\u00e8re fois remettre en question le dogme dominant \u00e9tait impitoyablement attaqu\u00e9e, sa r\u00e9putation r\u00e9duite \u00e0 n\u00e9ant. Ou, dans le cas de Semmelweis\u2026 \u00ab\u00a0qui <\/span><\/span><span style=\"color: #000000;\"><span style=\"font-size: medium;\">sugg\u00e9rait<\/span><\/span> <em><span style=\"color: #000000;\"><span style=\"font-size: medium;\">aux m\u00e9decins de se laver les mains pour arr\u00eater de propager d\u2019horribles maladies\u00a0\u00bb battu \u00e0 mort dans un h\u00f4pital psychiatrique s\u00e9curis\u00e9.<\/span><\/span><\/em><\/p>\n<p class=\"western\" align=\"justify\"><span style=\"color: #000000;\"><span style=\"font-size: medium;\">Heureusement, quelqu\u2019un finissait toujours par arriver pour <\/span><\/span><span style=\"color: #000000;\"><span style=\"font-size: medium;\">changer<\/span><\/span><span style=\"color: #000000;\"><span style=\"font-size: medium;\"> les choses. Qui r\u00e9ussit alors \u00e0 r\u00e9colter tous les \u00e9loges. Mais comment <\/span><\/span><span style=\"color: #000000;\"><span style=\"font-size: medium;\">avaie<\/span><\/span><span style=\"color: #000000;\"><span style=\"font-size: medium;\">nt-ils r\u00e9ussi <\/span><\/span><span style=\"color: #000000;\"><span style=\"font-size: medium;\">l\u00e0 o\u00f9<\/span><\/span><span style=\"color: #000000;\"><span style=\"font-size: medium;\"> d\u2019autres \u00e9taient <\/span><\/span><span style=\"color: #000000;\"><span style=\"font-size: medium;\">r\u00e9duits en cendres<\/span><\/span><span style=\"color: #000000;\"><span style=\"font-size: medium;\">\u00a0? Je n\u2019ai jamais vraiment r\u00e9ussi \u00e0 le savoir.<\/span><\/span><\/p>\n<p class=\"western\" align=\"justify\"><span style=\"color: #000000;\"><span style=\"font-size: medium;\">J\u2019aurais aim\u00e9 le savoir. Peut-\u00eatre s\u2019agissait-il simplement d\u2019une combinaison de temps et de pers\u00e9v\u00e9rance. Peut-\u00eatre que ceux qui ont r\u00e9ussi avaient d\u2019excellentes comp\u00e9tences en mati\u00e8re de communication. Peut-\u00eatre que l\u2019<\/span><\/span><span style=\"color: #000000;\"><span style=\"font-size: medium;\">accumulation<\/span><\/span><span style=\"color: #000000;\"><span style=\"font-size: medium;\"> de faits contradictoires est devenue trop importante pour \u00eatre ignor\u00e9e\u00a0?<\/span><\/span><\/p>\n<p class=\"western\" align=\"justify\"><span style=\"color: #000000;\"><span style=\"font-size: medium;\">Il se peut aussi que les \u00ab\u00a0experts\u00a0\u00bb \u00e9tablis qui avaient le plus \u00e0 perdre aient vieilli et abandonn\u00e9 la lutte pour maintenir le statu quo \u2014 puis sont morts. Comme l\u2019a fait remarquer Max Plank, \u00ab\u00a0la science progresse un enterrement \u00e0 la fois\u00a0\u00bb.<\/span><\/span><\/p>\n<p class=\"western\" align=\"justify\"><em><span style=\"color: #000000;\"><span style=\"font-size: medium;\"><b>Retour aux virus \u2014 et \u00e0 leur existence<\/b><\/span><\/span><\/em><\/p>\n<p class=\"western\" align=\"justify\"><span style=\"color: #000000;\"><span style=\"font-size: medium;\">Voici une information que je n\u2019ai aucune raison de mettre en doute.<\/span><\/span><\/p>\n<p class=\"western\" align=\"justify\"><span style=\"color: #000000;\"><span style=\"font-size: medium;\">Le premier virus identifi\u00e9 a \u00e9t\u00e9 le virus de la mosa\u00efque du tabac. Pour \u00eatre plus pr\u00e9cis, c\u2019est un \u00ab\u00a0agent\u00a0\u00bb qui <\/span><\/span><span style=\"color: #000000;\"><span style=\"font-size: medium;\">fut<\/span><\/span><span style=\"color: #000000;\"><span style=\"font-size: medium;\"> identifi\u00e9. Quelque chose de beaucoup plus petit qu\u2019une bact\u00e9rie. Il a d\u2019abord \u00e9t\u00e9 appel\u00e9 \u00ab\u00a0<\/span><\/span><em><span style=\"color: #000000;\"><span style=\"font-size: medium;\">Contagium vivum fluidum\u00a0\u00bb<\/span><\/span><\/em><span style=\"color: #000000;\"><span style=\"font-size: medium;\">. Ce qui ressemble \u00e0 quelque chose <\/span><\/span><span style=\"color: #000000;\"><span style=\"font-size: medium;\">sorti <\/span><\/span><span style=\"color: #000000;\"><span style=\"font-size: medium;\">de Harry Potter. Une traduction approximative pourrait \u00eatre\u00a0: \u00ab\u00a0un \u00eatre vivant contagieux qui peut se d\u00e9placer, infecter et nuire aux \u00eatres vivants\u00a0\u00bb.<\/span><\/span><\/p>\n<p class=\"western\" align=\"justify\"><span style=\"color: #000000;\"><span style=\"font-size: medium;\">Les premiers chercheurs ne pouvaient pas le voir, quel qu<\/span><\/span><span style=\"color: #000000;\"><span style=\"font-size: medium;\">e<\/span><\/span><span style=\"color: #000000;\"><span style=\"font-size: medium;\"> soit <\/span><\/span><span style=\"color: #000000;\"><span style=\"font-size: medium;\">sa nature<\/span><\/span><span style=\"color: #000000;\"><span style=\"font-size: medium;\">. Mais ils savaient qu\u2019<\/span><\/span><span style=\"color: #000000;\"><span style=\"font-size: medium;\">il<\/span><\/span><span style=\"color: #000000;\"><span style=\"font-size: medium;\"> devait exister en raison d<\/span><\/span><span style=\"color: #000000;\"><span style=\"font-size: medium;\">es ravages<\/span><\/span><span style=\"color: #000000;\"><span style=\"font-size: medium;\"> qu\u2019<\/span><\/span><span style=\"color: #000000;\"><span style=\"font-size: medium;\">il<\/span><\/span><span style=\"color: #000000;\"><span style=\"font-size: medium;\"> laissait derri\u00e8re <\/span><\/span><span style=\"color: #000000;\"><span style=\"font-size: medium;\">lui<\/span><\/span><span style=\"color: #000000;\"><span style=\"font-size: medium;\"> sur leurs plants de tabac de grande valeur. Ils avaient d\u00e9j\u00e0 d\u00e9couvert comment fixer les bact\u00e9ries dans un gel, ce qui leur avait valu le nom de \u00ab\u00a0<\/span><\/span><em><span style=\"color: #000000;\"><span style=\"font-size: medium;\">contagium fixum\u00a0\u00bb<\/span><\/span><\/em><span style=\"color: #000000;\"><span style=\"font-size: medium;\">. De plus, les bact\u00e9ries \u00e9taient visibles au microscope optique. Du moins \u00e0 partir de la fin du XIX<\/span><\/span><span style=\"color: #000000;\"><sup><span style=\"font-size: medium;\">e<\/span><\/sup><\/span><span style=\"color: #000000;\"><span style=\"font-size: medium;\">\u00a0si\u00e8cle.<\/span><\/span><\/p>\n<p class=\"western\" align=\"justify\"><span style=\"color: #000000;\"><span style=\"font-size: medium;\">Cependant, cet agent ne pouvait \u00eatre ni fix\u00e9 ni vu. Il devait donc s\u2019agir de quelque chose d\u2019autre, de tr\u00e8s, tr\u00e8s petit, peut-\u00eatre m\u00eame pas d\u2019un solide. D\u2019o\u00f9 le terme de <\/span><\/span><em><span style=\"color: #000000;\"><span style=\"font-size: medium;\">fluidum<\/span><\/span><\/em><span style=\"color: #000000;\"><span style=\"font-size: medium;\">.<\/span><\/span><\/p>\n<p class=\"western\" align=\"justify\"><span style=\"color: #000000;\"><span style=\"font-size: medium;\">Beijerinck, en 1898, <\/span><\/span><span style=\"color: #000000;\"><span style=\"font-size: medium;\">fut<\/span><\/span><span style=\"color: #000000;\"><span style=\"font-size: medium;\"> le premier \u00e0 <\/span><\/span><span style=\"color: #000000;\"><span style=\"font-size: medium;\">utilis<\/span><\/span><span style=\"color: #000000;\"><span style=\"font-size: medium;\">er le terme \u00ab\u00a0virus\u00a0\u00bb. Virus signifie en latin \u00ab\u00a0poison\u00a0\u00bb ou \u00ab\u00a0liquide nocif\u00a0\u00bb. Ce qui n\u2019est pas un nom tr\u00e8s <\/span><\/span><span style=\"color: #000000;\"><span style=\"font-size: medium;\">pr\u00e9cis<\/span><\/span><span style=\"color: #000000;\"><span style=\"font-size: medium;\"> pour une <\/span><\/span><span style=\"color: #000000;\"><span style=\"font-size: medium;\">minuscule particule<\/span><\/span><span style=\"color: #000000;\"><span style=\"font-size: medium;\"> solide.<\/span><\/span><\/p>\n<p class=\"western\" style=\"padding-left: 80px;\" align=\"justify\"><em><span style=\"color: #000000;\"><span style=\"font-size: medium;\">En enqu\u00eatant sur la cause de la maladie de la mosa\u00efque du tabac, qui s\u2019\u00e9tait r\u00e9v\u00e9l\u00e9e \u00eatre une entit\u00e9 invisible et filtrable, Beijerinck a conclu qu\u2019elle n\u2019\u00e9tait ni particulaire comme les bact\u00e9ries impliqu\u00e9es dans certaines maladies infectieuses ni soluble comme les toxines et les enzymes responsables des sympt\u00f4mes dans d\u2019autres maladies. Il propos<\/span><\/span><\/em><em><span style=\"color: #000000;\"><span style=\"font-size: medium;\">a<\/span><\/span><\/em><em><span style=\"color: #000000;\"><span style=\"font-size: medium;\"> une explication totalement nouvelle, \u00e0 savoir que l\u2019agent est un \u00ab\u00a0fluide infectieux vivant\u00a0\u00bb dont la reproduction est intimement li\u00e9e \u00e0 celle de sa cellule h\u00f4te <\/span><\/span><\/em><em><span style=\"color: #000000;\"><span style=\"font-size: medium;\">[<a class=\"sdfootnoteanc\" href=\"#sdfootnote1sym\" name=\"sdfootnote1anc\"><sup>1<\/sup><\/a>]<\/span><\/span><\/em><em><span style=\"color: #000000;\"><span style=\"font-size: medium;\">.<\/span><\/span><\/em><\/p>\n<p class=\"western\" align=\"justify\"><span style=\"color: #000000;\"><span style=\"font-size: medium;\">La derni\u00e8re partie concernant la reproduction \u00e9tait certainement une bonne supposition. Pour ce qui est du liquide infectieux vivant\u2026 un peu moins.<\/span><\/span><\/p>\n<p class=\"western\" align=\"justify\"><span style=\"color: #000000;\"><span style=\"font-size: medium;\">Cependant, ce n\u2019est que dans les ann\u00e9es\u00a01930 que l\u2019on a commenc\u00e9 \u00e0 s\u2019int\u00e9resser aux \u00ab\u00a0virus\u00a0\u00bb. Personne ne savait grand-chose \u00e0 leur sujet, ni m\u00eame s\u2019ils existaient vraiment. La virologie n\u2019est devenue un domaine de recherche qu\u2019\u00e0 partir de la seconde moiti\u00e9 du XX<\/span><\/span><span style=\"color: #000000;\"><sup><span style=\"font-size: medium;\">e<\/span><\/sup><\/span><span style=\"color: #000000;\"><span style=\"font-size: medium;\">\u00a0si\u00e8cle.<\/span><\/span><\/p>\n<p class=\"western\" align=\"justify\"><span style=\"color: #000000;\"><span style=\"font-size: medium;\">La premi\u00e8re fois qu\u2019un virus a \u00e9t\u00e9 rep\u00e9r\u00e9, c\u2019\u00e9tait en 1939. C\u2019\u00e9tait presque imm\u00e9diatement apr\u00e8s la cr\u00e9ation du premier microscope \u00e9lectronique, par Siemens, en 1939. On peut dire qu\u2019\u00e0 partir du moment o\u00f9 il est devenu techniquement possible de voir un virus, on l<\/span><\/span><span style=\"color: #000000;\"><span style=\"font-size: medium;\">es<\/span><\/span><span style=\"color: #000000;\"><span style=\"font-size: medium;\"> v<\/span><\/span><span style=\"color: #000000;\"><span style=\"font-size: medium;\">it<\/span><\/span><span style=\"color: #000000;\"><span style=\"font-size: medium;\">. Et <\/span><\/span><span style=\"color: #000000;\"><span style=\"font-size: medium;\">ainsi<\/span><\/span><span style=\"color: #000000;\"><span style=\"font-size: medium;\">, la vaccination <\/span><\/span><span style=\"color: #000000;\"><span style=\"font-size: medium;\">fut<\/span><\/span><span style=\"color: #000000;\"><span style=\"font-size: medium;\"> n\u00e9e. D\u00e9sol\u00e9\u2026 je n\u2019ai pas pu r\u00e9sister.<\/span><\/span><\/p>\n<p class=\"western\" align=\"justify\"><span style=\"color: #000000;\"><span style=\"font-size: medium;\">Ainsi, lorsque les gens affirment que les virus n\u2019ont jamais \u00e9t\u00e9 vus, je pousse un l\u00e9ger soupir. C\u2019est tout simplement faux. On peut en voir des centaines de types diff\u00e9rents. Des milliers, voire des millions.<\/span><\/span><\/p>\n<p class=\"western\" align=\"justify\"><b><span style=\"color: #000000;\"><span style=\"font-size: medium;\">UN<\/span><\/span><span style=\"color: #000000;\"><span style=\"font-size: medium;\"> CORONAVIRUS<\/span><\/span><\/b><\/p>\n<p class=\"western\" align=\"justify\"><a href=\"https:\/\/www.revue3emillenaire.com\/blog\/wp-content\/uploads\/2025\/03\/Coronavirus.jpg\"><img loading=\"lazy\" decoding=\"async\" class=\"aligncenter size-full wp-image-20500\" src=\"https:\/\/www.revue3emillenaire.com\/blog\/wp-content\/uploads\/2025\/03\/Coronavirus.jpg\" alt=\"\" width=\"753\" height=\"424\" srcset=\"https:\/\/www.revue3emillenaire.com\/blog\/wp-content\/uploads\/2025\/03\/Coronavirus.jpg 753w, https:\/\/www.revue3emillenaire.com\/blog\/wp-content\/uploads\/2025\/03\/Coronavirus-300x169.jpg 300w\" sizes=\"auto, (max-width: 753px) 100vw, 753px\" \/><\/a><br \/>\n<span style=\"color: #000000;\"><span style=\"font-size: medium;\">Depuis quatre-vingt-cinq ans, nous les observons de plus en plus pr\u00e9cis\u00e9ment. Il est \u00e9galement possible de cultiver un virus en laboratoire. Vous pouvez d\u00e9finir leur s\u00e9quence exacte d\u2019ARN ou d\u2019ADN. Vous pouvez construire un nouveau virus \u00e0 partir de l\u2019ARN cr\u00e9\u00e9 en laboratoire \u2014 si vous le souhaitez.<\/span><\/span><\/p>\n<p class=\"western\" align=\"justify\"><span style=\"color: #000000;\"><span style=\"font-size: medium;\">En outre, il est possible d\u2019ajouter des \u00e9l\u00e9ments aux virus existants pour les rendre plus ou moins infectieux pour l\u2019homme. C\u2019est ce qu\u2019on appelle la recherche sur <\/span><\/span><span style=\"color: #000000;\"><span style=\"font-size: medium;\"><i>le gain de fonction<\/i><\/span><\/span><span style=\"color: #000000;\"><span style=\"font-size: medium;\">. \u00c0 bien des \u00e9gards, il y a peu de choses que nous ignorons \u00e0 leur sujet.<\/span><\/span><\/p>\n<p class=\"western\" align=\"justify\"><span style=\"color: #000000;\"><span style=\"font-size: medium;\">Nous savons \u00e0 quoi ils ressemblent, comment ils se r\u00e9pliquent dans les cellules h\u00f4tes, quelle est leur s\u00e9quence g\u00e9n\u00e9tique, comment ils s\u2019attachent aux cellules pour y p\u00e9n\u00e9trer. Pourtant, leur essence insaisissable reste difficile \u00e0 appr\u00e9hender.<\/span><\/span><\/p>\n<p class=\"western\" align=\"justify\"><span style=\"color: #000000;\"><span style=\"font-size: medium;\">Dans quel sens vont-ils muter exactement\u00a0? Pourquoi reviennent-ils parfois \u00e0 la vie\u00a0? <\/span><\/span><span style=\"color: #000000;\"><span style=\"font-size: medium;\">(<\/span><\/span><span style=\"color: #000000;\"><span style=\"font-size: medium;\">Je pense ici \u00e0 mes boutons de fi\u00e8vre<\/span><\/span><span style=\"color: #000000;\"><span style=\"font-size: medium;\">)<\/span><\/span><span style=\"color: #000000;\"><span style=\"font-size: medium;\">. Vont-<\/span><\/span><span style=\"color: #000000;\"><span style=\"font-size: medium;\">il<\/span><\/span><span style=\"color: #000000;\"><span style=\"font-size: medium;\">s passer d\u2019un animal h\u00f4te \u00e0 un autre pour nous tuer tous\u00a0? Et pourquoi n\u2019avons-nous pas de m\u00e9dicaments d\u00e9cents pour les emp\u00eacher d\u2019\u00eatre aussi mortels\u00a0? <\/span><\/span><span style=\"color: #000000;\"><span style=\"font-size: medium;\">(<\/span><\/span><span style=\"color: #000000;\"><span style=\"font-size: medium;\">Je pense <\/span><\/span><span style=\"color: #000000;\"><span style=\"font-size: medium;\">ici<\/span><\/span><span style=\"color: #000000;\"><span style=\"font-size: medium;\"> \u00e0 Ebola<\/span><\/span><span style=\"color: #000000;\"><span style=\"font-size: medium;\">)<\/span><\/span><span style=\"color: #000000;\"><span style=\"font-size: medium;\">.<\/span><\/span><\/p>\n<p class=\"western\" align=\"justify\"><span style=\"color: #000000;\"><span style=\"font-size: medium;\">C\u2019est simplement parce qu\u2019ils sont si petits qu\u2019il est difficile de les comprendre. Ils flottent autour de nous, in<\/span><\/span><span style=\"color: #000000;\"><span style=\"font-size: medium;\">visible<\/span><\/span><span style=\"color: #000000;\"><span style=\"font-size: medium;\">s et, dans une large mesure, inconnaissables. Je me souviens <\/span><\/span><span style=\"color: #000000;\"><span style=\"font-size: medium;\">d\u2019<\/span><\/span><span style=\"color: #000000;\"><span style=\"font-size: medium;\">un article dans lequel quelqu\u2019un essayait de calculer, au plus fort de la pand\u00e9mie de Covid, la taille du conten<\/span><\/span><span style=\"color: #000000;\"><span style=\"font-size: medium;\">ant<\/span><\/span><span style=\"color: #000000;\"><span style=\"font-size: medium;\"> n\u00e9cessaire pour contenir tous les virus\u00a0Sars-Cov-2 dans le monde.<\/span><\/span><\/p>\n<p class=\"western\" align=\"justify\"><span style=\"color: #000000;\"><span style=\"font-size: medium;\">La r\u00e9ponse a \u00e9t\u00e9 une canette de Coca, comme le rapporte la BBC.<\/span><\/span><\/p>\n<p class=\"western\" style=\"padding-left: 80px;\" align=\"justify\"><em><span style=\"color: #000000;\"><span style=\"font-size: medium;\">Si l\u2019on rassemblait toutes les particules du virus\u00a0Sars-CoV-2 dans le monde, elles tiendraient dans une canette de boisson gazeuse <\/span><\/span><\/em><em><span style=\"color: #000000;\"><span style=\"font-size: medium;\">[<a class=\"sdfootnoteanc\" href=\"#sdfootnote2sym\" name=\"sdfootnote2anc\"><sup>2<\/sup><\/a>]<\/span><\/span><\/em><em><span style=\"color: #000000;\"><span style=\"font-size: medium;\">.<\/span><\/span><\/em><span style=\"color: #000000;\"><span style=\"font-size: medium;\">\u00a0\u00a0<\/span><\/span><\/p>\n<p class=\"western\" align=\"justify\"><span style=\"color: #000000;\"><span style=\"font-size: medium;\">Ce que je trouve absolument stup\u00e9fiant. Cela vous donne \u00e9galement une id\u00e9e de leur taille. Et \u00e0 quel point il suffit d\u2019un petit volume pour infecter et potentiellement tuer quelqu\u2019un. Mais qu\u2019en est-il de Sars-Cov-2\u00a0? Est-il r\u00e9el, A-t-il r\u00e9ellement exist\u00e9, \u00e9tait-ce un nouveau virus qui n\u2019avait jamais \u00e9t\u00e9 vu auparavant\u00a0? Je pense que les r\u00e9ponses sont oui, oui et oui.<\/span><\/span><\/p>\n<p class=\"western\" align=\"justify\"><em><span style=\"color: #000000;\"><span style=\"font-size: medium;\"><b>Les preuves qui confirment que Sars-Cov-2 est un \u00ab\u00a0nouveau\u00a0\u00bb virus<\/b><\/span><\/span><\/em><\/p>\n<p class=\"western\" align=\"justify\"><span style=\"color: #000000;\"><span style=\"font-size: medium;\">On peut discuter du moment o\u00f9 une nouvelle souche d\u2019un virus existant devient un \u00ab\u00a0nouveau\u00a0\u00bb virus distinct. Ou m\u00eame sur le nom \u00e0 donner \u00e0 chaque variant. Nommer les choses n\u2019a jamais \u00e9t\u00e9 une science exacte\u00a0:<\/span><\/span><\/p>\n<p class=\"western\" style=\"padding-left: 80px;\" align=\"justify\"><em><span style=\"color: #000000;\"><span style=\"font-size: medium;\">La question de la d\u00e9nomination des coronavirus s\u2019\u00e9tait pos\u00e9e il y a une vingtaine d\u2019ann\u00e9es et la n\u00e9cessit\u00e9 d\u2019un syst\u00e8me de nomenclature standard a \u00e9t\u00e9 affirm\u00e9e apr\u00e8s l\u2019apparition du SRAS en 2002-2003. Toutefois, la question a refait surface au d\u00e9but de l\u2019ann\u00e9e\u00a02020 lorsqu\u2019un nouveau coronavirus (SARS-CoV-2), plus mortel que le pr\u00e9c\u00e9dent, a frapp\u00e9 le monde de plein fouet. Au fil des ans, aucun syst\u00e8me de d\u00e9nomination standard solide n\u2019a \u00e9t\u00e9 \u00e9labor\u00e9 et mis en \u0153uvre <\/span><\/span><\/em><em><span style=\"color: #000000;\"><span style=\"font-size: medium;\">[<a class=\"sdfootnoteanc\" href=\"#sdfootnote3sym\" name=\"sdfootnote3anc\"><sup>3<\/sup><\/a>]<\/span><\/span><\/em><em><span style=\"color: #000000;\"><span style=\"font-size: medium;\">.<\/span><\/span><\/em><\/p>\n<p class=\"western\" align=\"justify\"><span style=\"color: #000000;\"><span style=\"font-size: medium;\">Mais pour l\u2019instant, je dirai que le Sars-Cov-2 repr\u00e9sente un \u00ab\u00a0nouveau\u00a0\u00bb virus distinct et je m\u2019en tiendrai l\u00e0. Il est clair que les coronavirus eux-m\u00eames ne sont pas du tout nouveaux. Ils existent et sont connus depuis longtemps. Ils sont appel\u00e9s \u00ab\u00a0<\/span><\/span><em><span style=\"color: #000000;\"><span style=\"font-size: medium;\">corona-virus\u00a0\u00bb<\/span><\/span><\/em><span style=\"color: #000000;\"><span style=\"font-size: medium;\"> en raison de la couronne, ou halo, de pointes saillantes (la prot\u00e9ine <\/span><\/span><span style=\"color: #000000;\"><span style=\"font-size: medium;\">spike<\/span><\/span><span style=\"color: #000000;\"><span style=\"font-size: medium;\">). Il existe quatre sous-groupes principaux. Alpha, b\u00eata, gamma et delta \u2014 mais cela changera sans doute. Je pense que c\u2019est d\u00e9j\u00e0 le cas.<\/span><\/span><\/p>\n<p class=\"western\" align=\"justify\"><span style=\"color: #000000;\"><span style=\"font-size: medium;\">Ils peuvent infecter d\u2019autres animaux. Les chats, par exemple, meurent d\u2019infections \u00e0 coronavirus. Chez l\u2019homme, ils sont \u00e0 l\u2019origine du rhume depuis de nombreuses ann\u00e9es.<\/span><\/span><\/p>\n<p class=\"western\" align=\"justify\"><span style=\"color: #000000;\"><span style=\"font-size: medium;\">Les coronavirus sont des virus \u00e0 ARN, ce qui signifie qu\u2019ils ne contiennent qu\u2019un seul brin de mat\u00e9riel g\u00e9n\u00e9tique. Certains virus, en revanche, poss\u00e8dent de l\u2019ADN \u2014 deux brins. Les virus \u00e0 ADN mutent relativement lentement. En revanche, les virus \u00e0 ARN ont tendance \u00e0 muter rapidement et \u00e0 \u00e9voluer dans tous les sens. Ce qui signifie que\u00a0:<\/span><\/span><\/p>\n<ul>\n<li style=\"list-style-type: none;\">\n<ul>\n<li>\n<p class=\"western\" align=\"justify\"><span style=\"color: #000000;\"><span style=\"font-size: medium;\">Les vaccins risquent de devenir <\/span><\/span><em><span style=\"color: #000000;\"><span style=\"font-size: medium;\">inefficaces <\/span><\/span><\/em><span style=\"color: #000000;\"><span style=\"font-size: medium;\">assez rapidement (voir grippe).<\/span><\/span><\/p>\n<\/li>\n<li>\n<p class=\"western\" align=\"justify\"><span style=\"color: #000000;\"><span style=\"font-size: medium;\">Elles peuvent plus facilement \u00e9viter les d\u00e9fenses immunitaires de l\u2019h\u00f4te, ce qui vous permet d\u2019\u00eatre infect\u00e9 \u00e0 plusieurs reprises.<\/span><\/span><\/p>\n<\/li>\n<\/ul>\n<\/li>\n<\/ul>\n<p class=\"western\" align=\"justify\"><span style=\"color: #000000;\"><span style=\"font-size: medium;\">Il faut craindre les mutations. Une forme de coronavirus qui a mut\u00e9 est le MERS-CoV. [Syndrome respiratoire du Moyen-Orient \u2014 <\/span><\/span><strong><span style=\"color: #000000;\"><span style=\"font-size: medium;\">Coronavirus<\/span><\/span><\/strong><span style=\"color: #000000;\"><span style=\"font-size: medium;\">]. Le taux de l\u00e9talit\u00e9 de l\u2019infection est de trente-cinq pour cent. On pense qu\u2019il provient des chameaux. Le MERS a effray\u00e9 les virologues. Heureusement, il ne s\u2019est pas av\u00e9r\u00e9 tr\u00e8s infectieux entre humains. Il a donc fini par dispara\u00eetre\u2026 ou presque.<\/span><\/span><\/p>\n<p class=\"western\" align=\"justify\"><span style=\"color: #000000;\"><span style=\"font-size: medium;\">Nous avons \u00e9galement connu le SRAS-Cov-1 (syndrome respiratoire aigu s\u00e9v\u00e8re \u2014 <\/span><\/span><strong><span style=\"color: #000000;\"><span style=\"font-size: medium;\">coronavirus<\/span><\/span><\/strong><span style=\"color: #000000;\"><span style=\"font-size: medium;\">, <\/span><\/span><span style=\"color: #000000;\"><span style=\"font-size: medium;\">version<\/span><\/span><span style=\"color: #000000;\"><span style=\"font-size: medium;\">\u00a01). Cette maladie est apparue en 2002, en Chine \u2014 quelle surprise. Il s\u2019est r\u00e9pandu dans pr\u00e8s de trente pays, mais n\u2019a fait que neuf cents morts. Pourquoi n\u2019a-t-il pas fait plus de victimes et ne s\u2019est-il pas propag\u00e9 plus largement\u00a0? La r\u00e9ponse la plus r\u00e9pandue est que la maladie n\u2019<\/span><\/span><span style=\"color: #000000;\"><span style=\"font-size: medium;\">\u00e9tait pas contagieuse<\/span><\/span><span style=\"color: #000000;\"><span style=\"font-size: medium;\">, c\u2019est-\u00e0-dire qu\u2019elle ne peut \u00eatre transmise, que lorsque les personnes pr\u00e9sentent des sympt\u00f4mes. Par cons\u00e9quent, si l\u2019on isolait les personnes symptomatiques, personne d\u2019autre n\u2019\u00e9tait infect\u00e9. Fin de la propagation virale.<\/span><\/span><\/p>\n<p class=\"western\" align=\"justify\"><span style=\"color: #000000;\"><span style=\"font-size: medium;\">Ensuite, nous avons eu Sars-Cov-2, ou Covid19, ou simplement Covid. Appelez-le comme vous voulez. C\u2019\u00e9tait nouveau. Pourquoi en suis-je convaincu\u00a0?<\/span><\/span><\/p>\n<p class=\"western\" align=\"justify\"><span style=\"color: #000000;\"><span style=\"font-size: medium;\">L\u2019une des principales raisons est que j\u2019ai eu une exp\u00e9rience tr\u00e8s directe de ses effets. Je travaillais en premi\u00e8re ligne pendant Covid, aidant \u00e0 g\u00e9rer les personnes \u00e2g\u00e9es dans les unit\u00e9s de r\u00e9adaptation et les maisons de repos. J\u2019y suis all\u00e9e tous les jours ouvrables. J\u2019ai vu plus de trente personnes mourir de ce \u00ab\u00a0nouveau\u00a0\u00bb virus. Peut-\u00eatre plus. J\u2019ai un peu perdu le compte.<\/span><\/span><\/p>\n<p class=\"western\" align=\"justify\"><span style=\"color: #000000;\"><span style=\"font-size: medium;\">Leurs morts \u00e9taient souvent \u00e9tranges. J\u2019ai vu beaucoup de gens mourir au cours des d\u00e9cennies o\u00f9 j\u2019ai travaill\u00e9 comme m\u00e9decin. Certaines de mani\u00e8re soudaine, la plupart lentement. Mais avec Covid, les gens mouraient \u00ab\u00a0<\/span><\/span><em><span style=\"color: #000000;\"><span style=\"font-size: medium;\">diff\u00e9remment\u00a0\u00bb<\/span><\/span><\/em><span style=\"color: #000000;\"><span style=\"font-size: medium;\">. La chose la plus inhabituelle \u00e9tait lorsque leur taux de saturation en oxyg\u00e8ne \u2014 la quantit\u00e9 d\u2019oxyg\u00e8ne contenue dans les globules rouges \u2014 commen\u00e7ait \u00e0 chuter de fa\u00e7on spectaculaire. Malgr\u00e9 cela, ils ne pr\u00e9sentaient souvent aucun sympt\u00f4me.<\/span><\/span><\/p>\n<p class=\"western\" align=\"justify\"><span style=\"color: #000000;\"><span style=\"font-size: medium;\">La saturation maximale en oxyg\u00e8ne est de 100\u00a0%. Les personnes dont le taux est de 80\u00a0% sont en difficult\u00e9 et doivent \u00eatre hospitalis\u00e9es au plus vite. Avec Covid, je collais une sonde et j\u2019obtenais des taux de 70\u00a0%. Ce qui signifie normalement qu\u2019il est presque mort ou sur le point de mourir. Au lieu de cela, il n\u2019y avait rien \u00e0 voir. Le rythme respiratoire \u00e9tait normal, la personne \u00e9tait pleinement consciente et alerte. <\/span><\/span><span style=\"color: #000000;\"><span style=\"font-size: medium;\">Elle<\/span><\/span><span style=\"color: #000000;\"><span style=\"font-size: medium;\"> souriait et discutait m\u00eame.<\/span><\/span><\/p>\n<p class=\"western\" align=\"justify\"><span style=\"color: #000000;\"><span style=\"font-size: medium;\">Puis, moins de dix minutes plus tard, dans deux cas. Mort. Bang, disparu. Qu\u2019est-ce que c\u2019est que ce\u2026\u00a0?<\/span><\/span><\/p>\n<p class=\"western\" align=\"justify\"><span style=\"color: #000000;\"><span style=\"font-size: medium;\">Cette observation, de niveaux de saturation tr\u00e8s bas chez des personnes par ailleurs en bonne sant\u00e9, a \u00e9t\u00e9 d\u00e9crite un peu partout. D\u2019apr\u00e8s ce que l\u2019on m\u2019avait enseign\u00e9, cela n\u2019aurait pas d\u00fb \u00eatre possible. Mais c\u2019\u00e9tait manifestement le cas, car cela s\u2019est produit.<\/span><\/span><\/p>\n<p class=\"western\" align=\"justify\"><span style=\"color: #000000;\"><span style=\"font-size: medium;\">Ici, de l\u2019Universit\u00e9 de Boston. \u00ab\u00a0<\/span><\/span><em><span style=\"color: #000000;\"><span style=\"font-size: medium;\">Trois raisons pour lesquelles le COVID-19 peut provoquer une hypoxie silencieuse\u00a0\u00bb.<\/span><\/span><\/em><\/p>\n<p class=\"western\" style=\"padding-left: 80px;\" align=\"justify\"><em><span style=\"color: #000000;\"><span style=\"font-size: medium;\">\u00ab\u00a0Nous ne savions pas comment cela \u00e9tait physiologiquement possible\u00a0\u00bb, d\u00e9clare Bela Suki, professeur d<\/span><\/span><\/em><em><span style=\"color: #000000;\"><span style=\"font-size: medium;\">e g\u00e9nie<\/span><\/span><\/em><em><span style=\"color: #000000;\"><span style=\"font-size: medium;\"> biom\u00e9dical et de science et d\u2019ing\u00e9nierie des mat\u00e9riaux au BU College of Engineering, et l\u2019un des auteurs de l\u2019\u00e9tude. Certains patients atteints de coronavirus ont connu ce que certains experts ont d\u00e9crit comme <\/span><\/span><\/em><em><span style=\"color: #000000;\"><span style=\"font-size: medium;\"><b>des <\/b><\/span><\/span><\/em><strong><span style=\"color: #000000;\"><span style=\"font-size: medium;\"><b>niveaux d\u2019oxyg\u00e8ne dans le sang \u00ab\u00a0incompatibles avec la vie<\/b><\/span><\/span><\/strong><strong><span style=\"color: #000000;\"><span style=\"font-size: medium;\">\u00a0\u00bb <\/span><\/span><\/strong><strong><span style=\"color: #000000;\"><span style=\"font-size: medium;\">[<a class=\"sdfootnoteanc\" href=\"#sdfootnote4sym\" name=\"sdfootnote4anc\"><sup>4<\/sup><\/a>]<\/span><\/span><\/strong><em><span style=\"color: #000000;\"><span style=\"font-size: medium;\">.<\/span><\/span><\/em><\/p>\n<p class=\"western\" align=\"justify\"><span style=\"color: #000000;\"><span style=\"font-size: medium;\">Puis il y a eu la perte soudaine de l\u2019odorat. Nos voisins imm\u00e9diats ont cinq gar\u00e7ons. L\u2019un d\u2019eux travaillait \u00e0 Macao au d\u00e9but de l<\/span><\/span><span style=\"color: #000000;\"><span style=\"font-size: medium;\">a pand\u00e9mie<\/span><\/span><span style=\"color: #000000;\"><span style=\"font-size: medium;\">. Il est revenu en mars 2020. Peu apr\u00e8s, tous les gar\u00e7ons ont signal\u00e9 une perte soudaine d\u2019odorat. L\u2019un d\u2019eux a p\u00e9t\u00e9\u2026 et les autres n\u2019ont rien senti. Ils se portaient bien par ailleurs.<\/span><\/span><\/p>\n<p class=\"western\" align=\"justify\"><span style=\"color: #000000;\"><span style=\"font-size: medium;\">Il s\u2019est pass\u00e9 \u00e0 peu pr\u00e8s la m\u00eame chose avec mon fils. Cela a commenc\u00e9 lorsque ma femme lui a pr\u00e9par\u00e9 des \u0153ufs brouill\u00e9s qui n\u2019avaient pratiquement aucun go\u00fbt. Il s\u2019en est plaint am\u00e8rement. Puis, tout a <\/span><\/span><span style=\"color: #000000;\"><span style=\"font-size: medium;\">perdu son<\/span><\/span><span style=\"color: #000000;\"><span style=\"font-size: medium;\"> go\u00fbt. \u00c0 part les choses que la langue peut sentir. Le sel, le sucr\u00e9, l\u2019amer, l\u2019acide et l\u2019umami. Ensuite, ma fille, qui pr\u00e9sentait des sympt\u00f4mes de Covid, a compl\u00e8tement perdu l\u2019odorat. Elle travaillait comme jeune m\u00e9decin dans un service de Covid au Pays de Galles.<\/span><\/span><\/p>\n<p class=\"western\" align=\"justify\"><span style=\"color: #000000;\"><span style=\"font-size: medium;\">Cela s\u2019est produit tr\u00e8s t\u00f4t, avant m\u00eame que l\u2019on parle de perte d\u2019odorat ou d\u2019une tr\u00e8s faible saturation en oxyg\u00e8ne accompagn\u00e9e d\u2019une absence totale de sympt\u00f4mes. Ce n\u2019\u00e9tait donc pas un effet de suggestion. Il s\u2019agissait de signes et de sympt\u00f4mes que je n\u2019avais jamais vus ni lus.<\/span><\/span><\/p>\n<p class=\"western\" align=\"justify\"><span style=\"color: #000000;\"><span style=\"font-size: medium;\">J\u2019ai su tr\u00e8s t\u00f4t qu\u2019une perte de go\u00fbt et d\u2019odorat \u00e9tait un signe diagnostique du Covid. C\u2019\u00e9tait \u00ab\u00a0pathognomonique\u00a0\u00bb, pour utiliser le terme m\u00e9dical. Bien qu\u2019il ait fallu environ neuf mois pour que ce sympt\u00f4me soit officiellement reconnu. Cela dit, cela ne m\u2019est jamais arriv\u00e9, bien que j\u2019aie \u00e9t\u00e9 <\/span><\/span><span style=\"color: #000000;\"><span style=\"font-size: medium;\">expos<\/span><\/span><span style=\"color: #000000;\"><span style=\"font-size: medium;\">\u00e9 <\/span><\/span><span style=\"color: #000000;\"><span style=\"font-size: medium;\">au<\/span><\/span><span style=\"color: #000000;\"><span style=\"font-size: medium;\"> Covid tous les jours <\/span><\/span><span style=\"color: #000000;\"><span style=\"font-size: medium;\">de travail<\/span><\/span><span style=\"color: #000000;\"><span style=\"font-size: medium;\">, pendant des mois. Et j\u2019ai pourtant eu plusieurs tests de flux lat\u00e9ral.<\/span><\/span><\/p>\n<p class=\"western\" align=\"justify\"><span style=\"color: #000000;\"><span style=\"font-size: medium;\">Quoi qu\u2019il en soit. Voir un ensemble de sympt\u00f4mes que vous n\u2019avez jamais vus auparavant peut \u00eatre consid\u00e9r\u00e9 comme une co\u00efncidence. En voir deux, c\u2019est <\/span><\/span><span style=\"color: #000000;\"><span style=\"font-size: medium;\">autre chose<\/span><\/span><span style=\"color: #000000;\"><span style=\"font-size: medium;\">. Ensuite, il y a eu les caillots sanguins et les <\/span><\/span><span style=\"color: #000000;\"><span style=\"font-size: medium;\">orag<\/span><\/span><span style=\"color: #000000;\"><span style=\"font-size: medium;\">es de cytokines. Oui, ces deux derniers sympt\u00f4mes peuvent \u00eatre observ\u00e9s avec d\u2019autres infections virales. Mais pas \u00e0 une telle intensit\u00e9. \u00c0 mon avis, ces ph\u00e9nom\u00e8nes \u00e9taient \u00e9galement nouveaux, du moins par leur intensit\u00e9.<\/span><\/span><\/p>\n<p class=\"western\" align=\"justify\"><span style=\"color: #000000;\"><span style=\"font-size: medium;\">Il vous faudrait beaucoup d\u2019efforts pour me convaincre que le Covid n\u2019<\/span><\/span><span style=\"color: #000000;\"><span style=\"font-size: medium;\">\u00e9tait<\/span><\/span><span style=\"color: #000000;\"><span style=\"font-size: medium;\"> pas une nouvelle maladie, caus\u00e9e par un nouveau virus, le Sars-Cov2. Les choses que vous n\u2019avez jamais vues auparavant, que vous avez vues de vos propres yeux, ont tendance \u00e0 \u00eatre les plus convaincantes.<\/span><\/span><\/p>\n<p class=\"western\" align=\"justify\"><em><span style=\"color: #000000;\"><span style=\"font-size: medium;\"><b>Plus de science<\/b><\/span><\/span><\/em><\/p>\n<p class=\"western\" align=\"justify\"><span style=\"color: #000000;\"><span style=\"font-size: medium;\">D\u2019autres preuves scientifiques indiquent que le SARS-CoV-2 est un nouveau virus, en raison des dommages qu\u2019il cause et des types sp\u00e9cifiques de cellules qu\u2019il attaque. Ce qui correspond \u00e0 la structure connue du virus lui-m\u00eame.<\/span><\/span><\/p>\n<p class=\"western\" align=\"justify\"><span style=\"color: #000000;\"><span style=\"font-size: medium;\">Un aspect fascinant des virus est la mani\u00e8re dont ils parviennent \u00e0 p\u00e9n\u00e9trer dans une cellule. Dans presque tous les cas, ils s\u2019attachent \u00e0 une ou plusieurs prot\u00e9ines de la membrane cellulaire. Cela leur permet d\u2019\u00eatre absorb\u00e9s\/invagin\u00e9s dans la cellule. Il s\u2019agit d\u2019un m\u00e9canisme de \u00ab\u00a0serrure et cl\u00e9\u00a0\u00bb.<\/span><\/span><\/p>\n<p class=\"western\" align=\"justify\"><span style=\"color: #000000;\"><span style=\"font-size: medium;\">Le VIH, par exemple, se fixe sur un r\u00e9cepteur appel\u00e9 \u00ab\u00a0<\/span><\/span><em><span style=\"color: #000000;\"><span style=\"font-size: medium;\">C-C chemokine receptor type\u00a05; <\/span><\/span><\/em><span style=\"color: #000000;\"><span style=\"font-size: medium;\">r\u00e9cepteur de chimiokine C-C de type\u00a05 (CCR5)\u00a0\u00bb. C\u2019est \u00e0 ce moment-l\u00e0, et seulement \u00e0 ce moment-l\u00e0 qu\u2019il peut passer du monde ext\u00e9rieur au cytoplasme \u2014 le monde int\u00e9rieur d\u2019une cellule.<\/span><\/span><\/p>\n<p class=\"western\" align=\"justify\"><span style=\"color: #000000;\"><span style=\"font-size: medium;\">Certaines personnes, peu nombreuses, pr\u00e9sentent une mutation de la prot\u00e9ine\u00a0CCR5, appel\u00e9e mutation\u00a0Delta-32, qui emp\u00eache le CCR5 de s\u2019exprimer \u00e0 l\u2019ext\u00e9rieur de la membrane cellulaire. Le VIH ne peut donc pas s\u2019y fixer et vous ne pouvez pas contracter le sida <\/span><\/span><span style=\"color: #000000;\"><span style=\"font-size: medium;\">[<a class=\"sdfootnoteanc\" href=\"#sdfootnote5sym\" name=\"sdfootnote5anc\"><sup>5<\/sup><\/a>]<\/span><\/span><span style=\"color: #000000;\"><span style=\"font-size: medium;\">.<\/span><\/span><\/p>\n<p class=\"western\" align=\"justify\"><span style=\"color: #000000;\"><span style=\"font-size: medium;\">Le virus Ebola s<\/span><\/span><span style=\"color: #000000;\"><span style=\"font-size: medium;\">e fixe<\/span><\/span><span style=\"color: #000000;\"><span style=\"font-size: medium;\"> \u00e9galement \u00e0 la prot\u00e9ine\u00a0CCR5. Si vous avez la mutation\u00a0Delta-32, vous ne pouvez pas contracter le VIH ou le virus Ebola. Ou, pour \u00eatre un peu moins <\/span><\/span><span style=\"color: #000000;\"><span style=\"font-size: medium;\">cat\u00e9gorique<\/span><\/span><span style=\"color: #000000;\"><span style=\"font-size: medium;\">, vous \u00eates presque enti\u00e8rement r\u00e9sistant \u00e0 ces virus. De nombreux travaux sont actuellement men\u00e9s dans ce domaine.<\/span><\/span><\/p>\n<p class=\"western\" align=\"justify\"><em><span style=\"color: #000000;\"><span style=\"font-size: medium;\"><i>La triade \u00ab\u00a0CCR5, v\u00e9sicules extracellulaires et infections\u00a0\u00bb est un sujet \u00e9mergent<\/i><\/span><\/span><\/em> <em><span style=\"color: #000000;\"><span style=\"font-size: medium;\">[<\/span><\/span><\/em><em><span style=\"color: #000000;\"><span style=\"font-size: medium;\">r\u00e9f\u00a05]<\/span><\/span><\/em><em><span style=\"color: #000000;\"><span style=\"font-size: medium;\">.<\/span><\/span><\/em><\/p>\n<p class=\"western\" align=\"justify\"><span style=\"color: #000000;\"><span style=\"font-size: medium;\">C\u2019est pourquoi les virus qui <\/span><\/span><span style=\"color: #000000;\"><span style=\"font-size: medium;\">affect<\/span><\/span><span style=\"color: #000000;\"><span style=\"font-size: medium;\">ent les animaux, comme la grippe aviaire, ne peuvent g\u00e9n\u00e9ralement pas nous infecter. Nos cellules contiennent des prot\u00e9ines diff\u00e9rentes. Il n\u2019y a pas de serrure <\/span><\/span><span style=\"color: #000000;\"><span style=\"font-size: medium;\">adapt\u00e9e <\/span><\/span><span style=\"color: #000000;\"><span style=\"font-size: medium;\">et l\u2019entr\u00e9e est donc interdite. Toutefois, si le virus subit une l\u00e9g\u00e8re mutation, il <\/span><\/span><span style=\"color: #000000;\"><span style=\"font-size: medium;\">peut finir par <\/span><\/span><span style=\"color: #000000;\"><span style=\"font-size: medium;\">obtenir une cl\u00e9 qui s\u2019adapte \u00e0 une serrure humaine et <\/span><\/span><span style=\"color: #000000;\"><span style=\"font-size: medium;\">l\u00e0<\/span><\/span><span style=\"color: #000000;\"><span style=\"font-size: medium;\">\u2026 attention. C\u2019est le ph\u00e9nom\u00e8ne de transmission interesp\u00e8ces qui emp\u00eache les virologues de dormir. Ebola est <\/span><\/span><span style=\"color: #000000;\"><span style=\"font-size: medium;\">un <\/span><\/span><span style=\"color: #000000;\"><span style=\"font-size: medium;\">virus qui a franchi la barri\u00e8re des esp\u00e8ces. Heureusement, il ne se propage pas tr\u00e8s facilement.<\/span><\/span><\/p>\n<p class=\"western\" align=\"justify\"><span style=\"color: #000000;\"><span style=\"font-size: medium;\">En ce qui concerne le Sars-Cov-2, le virus p\u00e9n\u00e8tre dans les cellules humaines en s\u2019attachant \u00e0 une prot\u00e9ine connue sous le nom de r\u00e9cepteur\u00a0ACE2. Il s\u2019agit d\u2019une prot\u00e9ine\/r\u00e9cepteur commune \u00e0 de nombreuses cellules. Une fois que le virus s\u2019y <\/span><\/span><span style=\"color: #000000;\"><span style=\"font-size: medium;\">fixe<\/span><\/span><span style=\"color: #000000;\"><span style=\"font-size: medium;\">, il d\u00e9clenche des processus en aval qui \u00ab\u00a0ouvrent\u00a0\u00bb la cellule \u00e0 l\u2019entr\u00e9e virale. La \u00ab\u00a0cl\u00e9\u00a0\u00bb sp\u00e9cifique dans ce cas est la prot\u00e9ine\u00a0S1, <\/span><\/span><span style=\"color: #000000;\"><span style=\"font-size: medium;\">situ\u00e9e<\/span><\/span><span style=\"color: #000000;\"><span style=\"font-size: medium;\"> sur la prot\u00e9ine spike.<\/span><\/span><\/p>\n<p class=\"western\" align=\"justify\"><span style=\"color: #000000;\"><span style=\"font-size: medium;\">Pour faire un rapide saut <\/span><\/span><span style=\"color: #000000;\"><span style=\"font-size: medium;\">lat\u00e9ral<\/span><\/span><span style=\"color: #000000;\"><span style=\"font-size: medium;\">, le syst\u00e8me serrure-cl\u00e9 est pr\u00e9cis\u00e9ment la fa\u00e7on dont les mol\u00e9cules de LDL (<\/span><\/span><em><span style=\"color: #000000;\"><span style=\"font-size: medium;\">low-density lipoprotein<\/span><\/span><\/em><span style=\"color: #000000;\"><span style=\"font-size: medium;\">, ou <\/span><\/span><em><span style=\"color: #000000;\"><span style=\"font-size: medium;\">mauvais cholest\u00e9rol<\/span><\/span><\/em><span style=\"color: #000000;\"><span style=\"font-size: medium;\">) p\u00e9n\u00e8trent dans les cellules. Elles s\u2019attachent \u00e0 un r\u00e9cepteur prot\u00e9ique appel\u00e9 r\u00e9cepteur LDL. La cl\u00e9 ici est la prot\u00e9ine\u00a0ApoB-100, <\/span><\/span><span style=\"color: #000000;\"><span style=\"font-size: medium;\">pr\u00e9sente sur<\/span><\/span><span style=\"color: #000000;\"><span style=\"font-size: medium;\"> toutes les mol\u00e9cules de LDL. Apr\u00e8s s\u2019\u00eatre fix\u00e9e sur le r\u00e9cepteur prot\u00e9ique, la mol\u00e9cule de LDL est accept\u00e9e dans la cellule. Les mol\u00e9cules de LDL et les virus ont \u00e0 peu pr\u00e8s la m\u00eame taille. [Sans cl\u00e9 magique, il leur serait impossible de p\u00e9n\u00e9trer dans une cellule].<\/span><\/span><\/p>\n<p class=\"western\" align=\"justify\"><span style=\"color: #000000;\"><span style=\"font-size: medium;\">Quoi qu\u2019il en soit, revenons \u00e0 nos moutons. Certaines cellules de l\u2019organisme poss\u00e8dent beaucoup plus de r\u00e9cepteurs\u00a0ACE2 que d\u2019autres. Ils sont plus abondants dans les cellules \u00ab\u00a0\u00e9pith\u00e9liales\u00a0\u00bb qui tapissent les poumons, les vaisseaux sanguins et l\u2019intestin gr\u00eale.<\/span><\/span><\/p>\n<p class=\"western\" style=\"padding-left: 80px;\" align=\"justify\"><em><span style=\"color: #000000;\"><span style=\"font-size: medium;\">Il a \u00e9t\u00e9 d\u00e9montr\u00e9 que l\u2019ACE2 est abondamment pr\u00e9sente dans les cellules \u00e9pith\u00e9liales humaines d<\/span><\/span><\/em><em><span style=\"color: #000000;\"><span style=\"font-size: medium;\">es<\/span><\/span><\/em> <strong><span style=\"color: #000000;\"><span style=\"font-size: medium;\">poumon<\/span><\/span><\/strong><strong><span style=\"color: #000000;\"><span style=\"font-size: medium;\">s<\/span><\/span><\/strong> <em><span style=\"color: #000000;\"><span style=\"font-size: medium;\">et dans <\/span><\/span><\/em><em><span style=\"color: #000000;\"><span style=\"font-size: medium;\">les <\/span><\/span><\/em><em><span style=\"color: #000000;\"><span style=\"font-size: medium;\">ent\u00e9rocytes de <\/span><\/span><\/em><em><span style=\"color: #000000;\"><span style=\"font-size: medium;\"><b>l\u2019intestin gr\u00eale<\/b><\/span><\/span><\/em><em><span style=\"color: #000000;\"><span style=\"font-size: medium;\">, ainsi que dans les cellules endoth\u00e9liales des <\/span><\/span><\/em><strong><span style=\"color: #000000;\"><span style=\"font-size: medium;\"><b>vaisseaux art\u00e9riels et <\/b><\/span><\/span><\/strong><span style=\"color: #000000;\"><span style=\"font-size: medium;\"><b>veineux<\/b><\/span><\/span> <span style=\"color: #000000;\"><span style=\"font-size: medium;\">[<a class=\"sdfootnoteanc\" href=\"#sdfootnote6sym\" name=\"sdfootnote6anc\"><sup>6<\/sup><\/a>]<\/span><\/span><em><span style=\"color: #000000;\"><span style=\"font-size: medium;\">.<\/span><\/span><\/em><\/p>\n<p class=\"western\" align=\"justify\"><span style=\"color: #000000;\"><span style=\"font-size: medium;\">Connaissant le type de cellule sur lequel Sars-Cov2 est con\u00e7u pour se fixer, on p<\/span><\/span><span style=\"color: #000000;\"><span style=\"font-size: medium;\">ouvai<\/span><\/span><span style=\"color: #000000;\"><span style=\"font-size: medium;\">t s\u2019attendre \u00e0 voir appara\u00eetre la triade suivante. L\u00e9sions pulmonaires, diarrh\u00e9e (caus\u00e9e par des l\u00e9sions des cellules tapissant l\u2019intestin) et l\u00e9sions vasculaires \u2014 cr\u00e9ant des caillots sanguins, provoquant des crises cardiaques, des accidents vasculaires c\u00e9r\u00e9braux, etc. C\u2019est exactement ce que nous avons constat\u00e9.<\/span><\/span><\/p>\n<p class=\"western\" align=\"justify\"><span style=\"color: #000000;\"><span style=\"font-size: medium;\">Une fois qu\u2019on a su que la nouvelle prot\u00e9ine de pointe <\/span><\/span><span style=\"color: #000000;\"><span style=\"font-size: medium;\">(spike) <\/span><\/span><span style=\"color: #000000;\"><span style=\"font-size: medium;\">s\u2019adaptait parfaitement aux r\u00e9cepteurs\u00a0ACE2, il est devenu possible de pr\u00e9dire ce qui allait se passer. Y compris, presque \u00e0 coup s\u00fbr, la perte de l\u2019odorat, caus\u00e9e par des l\u00e9sions de la muqueuse \u00ab\u00a0\u00e9pith\u00e9liale\u00a0\u00bb du nez.<\/span><\/span><\/p>\n<p class=\"western\" align=\"justify\"><span style=\"color: #000000;\"><span style=\"font-size: medium;\">\u00c0 ce stade, je ne sais pas trop ce que je peux dire d\u2019autre. Je pense que les preuves de l\u2019existence des virus sont indiscutables. De m\u00eame, je pense qu\u2019il est pratiquement indiscutable que Sars-Cov2 est\/\u00e9tait un nouveau coronavirus jamais <\/span><\/span><span style=\"color: #000000;\"><span style=\"font-size: medium;\">observ\u00e9<\/span><\/span><span style=\"color: #000000;\"><span style=\"font-size: medium;\"> auparavant. Nous pouvons le voir, nous pouvons le cultiver, nous pouvons le tester, et il cause des dommages pr\u00e9dits par le type de cellules dans lesquelles il p\u00e9n\u00e8tre \u2014 et qu\u2019il tue par cons\u00e9quent.<\/span><\/span><\/p>\n<p class=\"western\" align=\"justify\"><span style=\"color: #000000;\"><span style=\"font-size: medium;\">A-t-il \u00e9t\u00e9 fabriqu\u00e9 dans un laboratoire biologique de Wuhan ou a-t-il commenc\u00e9 dans un march\u00e9 de Wuhan \u2014 apr\u00e8s avoir \u00e9volu\u00e9 \u00e0 partir d\u2019un virus de chauve-souris \u2014 pour ensuite parcourir un millier de kilom\u00e8tres \u00e0 travers la Chine\u2026 sans aucun signe de lui en chemin\u00a0? <\/span><\/span><span style=\"color: #000000;\"><span style=\"font-size: medium;\"><i>Dum de dum<\/i><\/span><\/span><span style=\"color: #000000;\"><span style=\"font-size: medium;\">, tape des doigts sur le bureau.<\/span><\/span><\/p>\n<p class=\"western\" align=\"justify\"><span style=\"color: #000000;\"><span style=\"font-size: medium;\">Je vous laisse d\u00e9cider sur ce point. Gardez \u00e0 l\u2019esprit que l\u2019explication de la fuite du laboratoire biologique rejetterait davantage la responsabilit\u00e9 sur la Chine, et que les autorit\u00e9s chinoises sont les seules \u00e0 disposer des preuves permettant d\u2019\u00e9tayer ou de r\u00e9futer totalement cette th\u00e9orie\u2026 Je ne retiendrais donc pas mon souffle sur ce point. Mais \u00e0 bien des \u00e9gards, l\u2019origine n\u2019a pas vraiment d\u2019importance. C\u2019\u00e9tait un virus, il \u00e9tait nouveau, il est arriv\u00e9. Il a fait son travail.<\/span><\/span><\/p>\n<p class=\"western\" align=\"justify\"><span style=\"color: #000000;\"><span style=\"font-size: medium;\">Cela dit, l\u2019objectif principal d\u2019une enqu\u00eate devrait \u00eatre d\u2019essayer d\u2019apprendre comment emp\u00eacher que de <\/span><\/span><span style=\"color: #000000;\"><span style=\"font-size: medium;\">telles catastrophes <\/span><\/span><span style=\"color: #000000;\"><span style=\"font-size: medium;\">se produi<\/span><\/span><span style=\"color: #000000;\"><span style=\"font-size: medium;\">s<\/span><\/span><span style=\"color: #000000;\"><span style=\"font-size: medium;\">ent. Si le virus a \u00e9t\u00e9 fabriqu\u00e9 en laboratoire et qu\u2019il s\u2019est \u00e9chapp\u00e9, nous devons veiller \u00e0 ce que les virus artificiels de ce type ne s\u2019\u00e9chappent plus jamais. Ou qu\u2019ils ne soient plus jamais fabriqu\u00e9s\u00a0?<\/span><\/span><\/p>\n<p class=\"western\" align=\"justify\"><span style=\"color: #000000;\"><span style=\"font-size: medium;\">Par ailleurs, si le virus s\u2019est d\u00e9velopp\u00e9 sur une route longue et sinueuse \u00e0 travers la Chine, en direction d\u2019un march\u00e9 clandestin, nous devrions probablement demander \u00e0 la Chine et aux autres pays poss\u00e9dant des march\u00e9s clandestins de les fermer. Ou faire autre chose. Je ne sais pas exactement ce que serait cette autre solution. St\u00e9riliser toutes les chauves-souris\u00a0? Exterminer tous les pangolins\u00a0?<\/span><\/span><\/p>\n<p class=\"western\" align=\"justify\"><em><span style=\"color: #000000;\"><span style=\"font-size: medium;\"><b>R\u00e9sum\u00e9<\/b><\/span><\/span><\/em><\/p>\n<p class=\"western\" align=\"justify\"><span style=\"color: #000000;\"><span style=\"font-size: medium;\">Je n\u2019aime jamais dire qu\u2019<\/span><\/span><span style=\"color: #000000;\"><span style=\"font-size: medium;\">une <\/span><\/span><span style=\"color: #000000;\"><span style=\"font-size: medium;\">chose est vrai<\/span><\/span><span style=\"color: #000000;\"><span style=\"font-size: medium;\">e<\/span><\/span><span style=\"color: #000000;\"><span style=\"font-size: medium;\">, ou fau<\/span><\/span><span style=\"color: #000000;\"><span style=\"font-size: medium;\">sse<\/span><\/span><span style=\"color: #000000;\"><span style=\"font-size: medium;\">, ou un fait, car cela rend tr\u00e8s difficile d\u2019examiner \u00e0 nouveau cette chose avec un esprit ouvert. Je pr\u00e9f\u00e8re d\u00e9finir les id\u00e9es comme probables, possibles et improbables. Cependant, je dirai qu\u2019il est \u00e0 peu pr\u00e8s certain \u00e0 100\u00a0% que\u00a0:<\/span><\/span><\/p>\n<ul>\n<li>\n<p class=\"western\" align=\"justify\"><span style=\"color: #000000;\"><span style=\"font-size: medium;\">Les virus existent.<\/span><\/span><\/p>\n<\/li>\n<li>\n<p class=\"western\" align=\"justify\"><span style=\"color: #000000;\"><span style=\"font-size: medium;\">Sars-Cov2 \u00e9tait\/est une \u00ab\u00a0nouvelle\u00a0\u00bb version d\u2019un coronavirus.<\/span><\/span><\/p>\n<\/li>\n<\/ul>\n<p class=\"western\" align=\"justify\"><span style=\"color: #000000;\"><span style=\"font-size: medium;\">Ensuite, les raisons pour lesquelles je pense que de nombreuses personnes \u00e9taient convaincues que Covid \u00e9tait une p<\/span><\/span><span style=\"color: #000000;\"><span style=\"font-size: medium;\">l<\/span><\/span><span style=\"color: #000000;\"><span style=\"font-size: medium;\">and\u00e9mie. Et ils en sont encore convaincus aujourd\u2019hui.<\/span><\/span><\/p>\n<p class=\"western\" align=\"justify\"><span style=\"color: #000000;\"><span style=\"font-size: medium;\">Texte original\u00a0: <\/span><\/span><span style=\"color: #000080;\"><u><a href=\"https:\/\/drmalcolmkendrick.org\/2025\/03\/06\/does-sars-cov-2-exist\/\" target=\"_blank\" rel=\"noopener\"><span style=\"color: #000000;\"><span style=\"font-size: medium;\">https:\/\/drmalcolmkendrick.org\/2025\/03\/06\/does-sars-cov-2-exist\/<\/span><\/span><\/a><\/u><\/span><\/p>\n<p align=\"justify\">____________________________<\/p>\n<div id=\"sdfootnote1\">\n<p class=\"sdfootnote-western\"><a class=\"sdfootnotesym\" href=\"#sdfootnote1anc\" name=\"sdfootnote1sym\">1<\/a> <span style=\"color: #000080;\"><u><a href=\"https:\/\/pubmed.ncbi.nlm.nih.gov\/30003445\/\" target=\"_blank\" rel=\"noopener\"><span style=\"color: #000000;\"><span style=\"font-size: medium;\">https:\/\/pubmed.ncbi.nlm.nih.gov\/30003445\/<\/span><\/span><\/a><\/u><\/span><\/p>\n<\/div>\n<div id=\"sdfootnote2\">\n<p class=\"sdfootnote-western\" align=\"justify\"><a class=\"sdfootnotesym\" href=\"#sdfootnote2anc\" name=\"sdfootnote2sym\">2<\/a> <span style=\"color: #000080;\"><u><span style=\"color: #000000;\"><span style=\"font-size: medium;\"><a href=\"https:\/\/www.bbc.co.uk\/future\/article\/20210210-why-the-entire-coronavirus-would-fit-in-a-can-of-coca-cola\" target=\"_blank\" rel=\"noopener\">https:\/\/www.bbc.co.uk\/future\/article\/20210210-why-the-entire-coronavirus-would-fit-in-a-can-of-coca-cola<\/a>.<\/span><\/span><\/u><\/span><\/p>\n<\/div>\n<div id=\"sdfootnote3\">\n<p class=\"western\" align=\"justify\"><a class=\"sdfootnotesym\" href=\"#sdfootnote3anc\" name=\"sdfootnote3sym\">3<\/a><span style=\"color: #000080;\"><u><span style=\"color: #000000;\"><span style=\"font-size: medium;\"> <a href=\"https:\/\/pmc.ncbi.nlm.nih.gov\/articles\/PMC8577721\/\" target=\"_blank\" rel=\"noopener\">https:\/\/pmc.ncbi.nlm.nih.gov\/articles\/PMC8577721\/<\/a>.<\/span><\/span><\/u><\/span><\/p>\n<\/div>\n<div id=\"sdfootnote4\">\n<p class=\"western\" align=\"justify\"><a class=\"sdfootnotesym\" href=\"#sdfootnote4anc\" name=\"sdfootnote4sym\">4<\/a> <span style=\"color: #000080;\"><u><span style=\"color: #000000;\"><span style=\"font-size: medium;\"><a href=\"https:\/\/www.bu.edu\/articles\/2020\/3-reasons-why-covid-19-can-cause-silent-hypoxia\/#:~:text=Despite%20experiencing%20dangerously%20low%20levels,of%20breath%20or%20difficulty%20breathing\" target=\"_blank\" rel=\"noopener\">https:\/\/www.bu.edu\/articles\/2020\/3-reasons-why-covid-19-can-cause-silent-hypoxia\/#:~:text=Despite%20experiencing%20dangerously%20low%20levels,of%20breath%20or%20difficulty%20breathing<\/a>.<\/span><\/span><\/u><\/span><\/p>\n<\/div>\n<div id=\"sdfootnote5\">\n<p class=\"western\" align=\"justify\"><a class=\"sdfootnotesym\" href=\"#sdfootnote5anc\" name=\"sdfootnote5sym\">5<\/a><span style=\"color: #000080;\"><u><span style=\"color: #000000;\"><span style=\"font-size: medium;\"> <a href=\"https:\/\/www.sciencedirect.com\/science\/article\/pii\/S0168170220302938\" target=\"_blank\" rel=\"noopener\">https:\/\/www.sciencedirect.com\/science\/article\/pii\/S0168170220302938<\/a>.<\/span><\/span><\/u><\/span><\/p>\n<\/div>\n<div id=\"sdfootnote6\">\n<p class=\"western\" align=\"justify\"><a class=\"sdfootnotesym\" href=\"#sdfootnote6anc\" name=\"sdfootnote6sym\">6<\/a> <span style=\"color: #000080;\"><u><span style=\"color: #000000;\"><span style=\"font-size: medium;\"><a href=\"https:\/\/pubmed.ncbi.nlm.nih.gov\/33626315\/\" target=\"_blank\" rel=\"noopener\">https:\/\/pubmed.ncbi.nlm.nih.gov\/33626315\/<\/a>.<\/span><\/span><\/u><\/span><\/p>\n<\/div>\n","protected":false},"excerpt":{"rendered":"<p>C\u2019est pourquoi les virus qui affectent les animaux, comme la grippe aviaire, ne peuvent g\u00e9n\u00e9ralement pas nous infecter. Nos cellules contiennent des prot\u00e9ines diff\u00e9rentes. Il n\u2019y a pas de serrure adapt\u00e9e et l\u2019entr\u00e9e est donc interdite. Toutefois, si le virus subit une l\u00e9g\u00e8re mutation, il peut finir par obtenir une cl\u00e9 qui s\u2019adapte \u00e0 une serrure humaine et l\u00e0\u2026 attention. C\u2019est le ph\u00e9nom\u00e8ne de transmission interesp\u00e8ces qui emp\u00eache les virologues de dormir.<\/p>\n","protected":false},"author":2,"featured_media":18656,"comment_status":"closed","ping_status":"closed","sticky":false,"template":"","format":"standard","meta":{"footnotes":""},"categories":[1540,1872],"tags":[1569,1532,2032],"class_list":["post-20499","post","type-post","status-publish","format-standard","has-post-thumbnail","hentry","category-actualite","category-kendrick-malcolm","tag-complot","tag-covid-19","tag-virus"],"yoast_head":"<!-- This site is optimized with the Yoast SEO plugin v27.0 - https:\/\/yoast.com\/product\/yoast-seo-wordpress\/ -->\n<title>Sars-Cov-2 existe-t-il\u00a0? par Malcolm Kendrick - 3e mill\u00e9naire - Spiritualit\u00e9 - Connaissance de soi - Non-dualit\u00e9 - M\u00e9ditation<\/title>\n<meta name=\"robots\" content=\"index, follow, max-snippet:-1, max-image-preview:large, max-video-preview:-1\" \/>\n<link rel=\"canonical\" href=\"https:\/\/www.revue3emillenaire.com\/blog\/sars-cov-2-existe-t-il-par-malcolm-kendrick\/\" \/>\n<meta property=\"og:locale\" content=\"fr_FR\" \/>\n<meta property=\"og:type\" content=\"article\" \/>\n<meta property=\"og:title\" content=\"Sars-Cov-2 existe-t-il\u00a0? par Malcolm Kendrick - 3e mill\u00e9naire - Spiritualit\u00e9 - Connaissance de soi - Non-dualit\u00e9 - M\u00e9ditation\" \/>\n<meta property=\"og:description\" content=\"C\u2019est pourquoi les virus qui affectent les animaux, comme la grippe aviaire, ne peuvent g\u00e9n\u00e9ralement pas nous infecter. Nos cellules contiennent des prot\u00e9ines diff\u00e9rentes. Il n\u2019y a pas de serrure adapt\u00e9e et l\u2019entr\u00e9e est donc interdite. Toutefois, si le virus subit une l\u00e9g\u00e8re mutation, il peut finir par obtenir une cl\u00e9 qui s\u2019adapte \u00e0 une serrure humaine et l\u00e0\u2026 attention. C\u2019est le ph\u00e9nom\u00e8ne de transmission interesp\u00e8ces qui emp\u00eache les virologues de dormir.\" \/>\n<meta property=\"og:url\" content=\"https:\/\/www.revue3emillenaire.com\/blog\/sars-cov-2-existe-t-il-par-malcolm-kendrick\/\" \/>\n<meta property=\"og:site_name\" content=\"3e mill\u00e9naire - Spiritualit\u00e9 - Connaissance de soi - Non-dualit\u00e9 - M\u00e9ditation\" \/>\n<meta property=\"article:published_time\" content=\"2025-03-07T22:29:56+00:00\" \/>\n<meta property=\"article:modified_time\" content=\"2025-03-15T01:31:42+00:00\" \/>\n<meta property=\"og:image\" content=\"https:\/\/www.revue3emillenaire.com\/blog\/wp-content\/uploads\/2021\/07\/Malcolm-Kendrick.jpg\" \/>\n\t<meta property=\"og:image:width\" content=\"253\" \/>\n\t<meta property=\"og:image:height\" content=\"313\" \/>\n\t<meta property=\"og:image:type\" content=\"image\/jpeg\" \/>\n<meta name=\"author\" content=\"3e mill\u00e9naire\" \/>\n<meta name=\"twitter:card\" content=\"summary_large_image\" \/>\n<meta name=\"twitter:label1\" content=\"\u00c9crit par\" \/>\n\t<meta name=\"twitter:data1\" content=\"3e mill\u00e9naire\" \/>\n\t<meta name=\"twitter:label2\" content=\"Dur\u00e9e de lecture estim\u00e9e\" \/>\n\t<meta name=\"twitter:data2\" content=\"20 minutes\" \/>\n<script type=\"application\/ld+json\" class=\"yoast-schema-graph\">{\"@context\":\"https:\/\/schema.org\",\"@graph\":[{\"@type\":\"Article\",\"@id\":\"https:\/\/www.revue3emillenaire.com\/blog\/sars-cov-2-existe-t-il-par-malcolm-kendrick\/#article\",\"isPartOf\":{\"@id\":\"https:\/\/www.revue3emillenaire.com\/blog\/sars-cov-2-existe-t-il-par-malcolm-kendrick\/\"},\"author\":{\"name\":\"3e mill\u00e9naire\",\"@id\":\"https:\/\/www.revue3emillenaire.com\/blog\/#\/schema\/person\/b692dacff720a5344a6190bc714397eb\"},\"headline\":\"Sars-Cov-2 existe-t-il\u00a0? par Malcolm Kendrick\",\"datePublished\":\"2025-03-07T22:29:56+00:00\",\"dateModified\":\"2025-03-15T01:31:42+00:00\",\"mainEntityOfPage\":{\"@id\":\"https:\/\/www.revue3emillenaire.com\/blog\/sars-cov-2-existe-t-il-par-malcolm-kendrick\/\"},\"wordCount\":4347,\"image\":{\"@id\":\"https:\/\/www.revue3emillenaire.com\/blog\/sars-cov-2-existe-t-il-par-malcolm-kendrick\/#primaryimage\"},\"thumbnailUrl\":\"https:\/\/www.revue3emillenaire.com\/blog\/wp-content\/uploads\/2021\/07\/Malcolm-Kendrick.jpg\",\"keywords\":[\"Complot\",\"COVID-19\",\"Virus\"],\"articleSection\":[\"Actualit\u00e9s\",\"Kendrick Malcolm\"],\"inLanguage\":\"fr-FR\"},{\"@type\":\"WebPage\",\"@id\":\"https:\/\/www.revue3emillenaire.com\/blog\/sars-cov-2-existe-t-il-par-malcolm-kendrick\/\",\"url\":\"https:\/\/www.revue3emillenaire.com\/blog\/sars-cov-2-existe-t-il-par-malcolm-kendrick\/\",\"name\":\"Sars-Cov-2 existe-t-il\u00a0? par Malcolm Kendrick - 3e mill\u00e9naire - Spiritualit\u00e9 - Connaissance de soi - Non-dualit\u00e9 - M\u00e9ditation\",\"isPartOf\":{\"@id\":\"https:\/\/www.revue3emillenaire.com\/blog\/#website\"},\"primaryImageOfPage\":{\"@id\":\"https:\/\/www.revue3emillenaire.com\/blog\/sars-cov-2-existe-t-il-par-malcolm-kendrick\/#primaryimage\"},\"image\":{\"@id\":\"https:\/\/www.revue3emillenaire.com\/blog\/sars-cov-2-existe-t-il-par-malcolm-kendrick\/#primaryimage\"},\"thumbnailUrl\":\"https:\/\/www.revue3emillenaire.com\/blog\/wp-content\/uploads\/2021\/07\/Malcolm-Kendrick.jpg\",\"datePublished\":\"2025-03-07T22:29:56+00:00\",\"dateModified\":\"2025-03-15T01:31:42+00:00\",\"author\":{\"@id\":\"https:\/\/www.revue3emillenaire.com\/blog\/#\/schema\/person\/b692dacff720a5344a6190bc714397eb\"},\"breadcrumb\":{\"@id\":\"https:\/\/www.revue3emillenaire.com\/blog\/sars-cov-2-existe-t-il-par-malcolm-kendrick\/#breadcrumb\"},\"inLanguage\":\"fr-FR\",\"potentialAction\":[{\"@type\":\"ReadAction\",\"target\":[\"https:\/\/www.revue3emillenaire.com\/blog\/sars-cov-2-existe-t-il-par-malcolm-kendrick\/\"]}]},{\"@type\":\"ImageObject\",\"inLanguage\":\"fr-FR\",\"@id\":\"https:\/\/www.revue3emillenaire.com\/blog\/sars-cov-2-existe-t-il-par-malcolm-kendrick\/#primaryimage\",\"url\":\"https:\/\/www.revue3emillenaire.com\/blog\/wp-content\/uploads\/2021\/07\/Malcolm-Kendrick.jpg\",\"contentUrl\":\"https:\/\/www.revue3emillenaire.com\/blog\/wp-content\/uploads\/2021\/07\/Malcolm-Kendrick.jpg\",\"width\":253,\"height\":313},{\"@type\":\"BreadcrumbList\",\"@id\":\"https:\/\/www.revue3emillenaire.com\/blog\/sars-cov-2-existe-t-il-par-malcolm-kendrick\/#breadcrumb\",\"itemListElement\":[{\"@type\":\"ListItem\",\"position\":1,\"name\":\"Accueil\",\"item\":\"https:\/\/www.revue3emillenaire.com\/blog\/\"},{\"@type\":\"ListItem\",\"position\":2,\"name\":\"Sars-Cov-2 existe-t-il\u00a0? par Malcolm Kendrick\"}]},{\"@type\":\"WebSite\",\"@id\":\"https:\/\/www.revue3emillenaire.com\/blog\/#website\",\"url\":\"https:\/\/www.revue3emillenaire.com\/blog\/\",\"name\":\"3e mill\u00e9naire - Spiritualit\u00e9 - Connaissance de soi - Non-dualit\u00e9 - M\u00e9ditation\",\"description\":\"L&#039;Homme en devenir\",\"potentialAction\":[{\"@type\":\"SearchAction\",\"target\":{\"@type\":\"EntryPoint\",\"urlTemplate\":\"https:\/\/www.revue3emillenaire.com\/blog\/?s={search_term_string}\"},\"query-input\":{\"@type\":\"PropertyValueSpecification\",\"valueRequired\":true,\"valueName\":\"search_term_string\"}}],\"inLanguage\":\"fr-FR\"},{\"@type\":\"Person\",\"@id\":\"https:\/\/www.revue3emillenaire.com\/blog\/#\/schema\/person\/b692dacff720a5344a6190bc714397eb\",\"name\":\"3e mill\u00e9naire\",\"url\":\"https:\/\/www.revue3emillenaire.com\/blog\/author\/scoussa\/\"}]}<\/script>\n<!-- \/ Yoast SEO plugin. -->","yoast_head_json":{"title":"Sars-Cov-2 existe-t-il\u00a0? par Malcolm Kendrick - 3e mill\u00e9naire - Spiritualit\u00e9 - Connaissance de soi - Non-dualit\u00e9 - M\u00e9ditation","robots":{"index":"index","follow":"follow","max-snippet":"max-snippet:-1","max-image-preview":"max-image-preview:large","max-video-preview":"max-video-preview:-1"},"canonical":"https:\/\/www.revue3emillenaire.com\/blog\/sars-cov-2-existe-t-il-par-malcolm-kendrick\/","og_locale":"fr_FR","og_type":"article","og_title":"Sars-Cov-2 existe-t-il\u00a0? par Malcolm Kendrick - 3e mill\u00e9naire - Spiritualit\u00e9 - Connaissance de soi - Non-dualit\u00e9 - M\u00e9ditation","og_description":"C\u2019est pourquoi les virus qui affectent les animaux, comme la grippe aviaire, ne peuvent g\u00e9n\u00e9ralement pas nous infecter. Nos cellules contiennent des prot\u00e9ines diff\u00e9rentes. Il n\u2019y a pas de serrure adapt\u00e9e et l\u2019entr\u00e9e est donc interdite. Toutefois, si le virus subit une l\u00e9g\u00e8re mutation, il peut finir par obtenir une cl\u00e9 qui s\u2019adapte \u00e0 une serrure humaine et l\u00e0\u2026 attention. C\u2019est le ph\u00e9nom\u00e8ne de transmission interesp\u00e8ces qui emp\u00eache les virologues de dormir.","og_url":"https:\/\/www.revue3emillenaire.com\/blog\/sars-cov-2-existe-t-il-par-malcolm-kendrick\/","og_site_name":"3e mill\u00e9naire - Spiritualit\u00e9 - Connaissance de soi - Non-dualit\u00e9 - M\u00e9ditation","article_published_time":"2025-03-07T22:29:56+00:00","article_modified_time":"2025-03-15T01:31:42+00:00","og_image":[{"width":253,"height":313,"url":"https:\/\/www.revue3emillenaire.com\/blog\/wp-content\/uploads\/2021\/07\/Malcolm-Kendrick.jpg","type":"image\/jpeg"}],"author":"3e mill\u00e9naire","twitter_card":"summary_large_image","twitter_misc":{"\u00c9crit par":"3e mill\u00e9naire","Dur\u00e9e de lecture estim\u00e9e":"20 minutes"},"schema":{"@context":"https:\/\/schema.org","@graph":[{"@type":"Article","@id":"https:\/\/www.revue3emillenaire.com\/blog\/sars-cov-2-existe-t-il-par-malcolm-kendrick\/#article","isPartOf":{"@id":"https:\/\/www.revue3emillenaire.com\/blog\/sars-cov-2-existe-t-il-par-malcolm-kendrick\/"},"author":{"name":"3e mill\u00e9naire","@id":"https:\/\/www.revue3emillenaire.com\/blog\/#\/schema\/person\/b692dacff720a5344a6190bc714397eb"},"headline":"Sars-Cov-2 existe-t-il\u00a0? par Malcolm Kendrick","datePublished":"2025-03-07T22:29:56+00:00","dateModified":"2025-03-15T01:31:42+00:00","mainEntityOfPage":{"@id":"https:\/\/www.revue3emillenaire.com\/blog\/sars-cov-2-existe-t-il-par-malcolm-kendrick\/"},"wordCount":4347,"image":{"@id":"https:\/\/www.revue3emillenaire.com\/blog\/sars-cov-2-existe-t-il-par-malcolm-kendrick\/#primaryimage"},"thumbnailUrl":"https:\/\/www.revue3emillenaire.com\/blog\/wp-content\/uploads\/2021\/07\/Malcolm-Kendrick.jpg","keywords":["Complot","COVID-19","Virus"],"articleSection":["Actualit\u00e9s","Kendrick Malcolm"],"inLanguage":"fr-FR"},{"@type":"WebPage","@id":"https:\/\/www.revue3emillenaire.com\/blog\/sars-cov-2-existe-t-il-par-malcolm-kendrick\/","url":"https:\/\/www.revue3emillenaire.com\/blog\/sars-cov-2-existe-t-il-par-malcolm-kendrick\/","name":"Sars-Cov-2 existe-t-il\u00a0? par Malcolm Kendrick - 3e mill\u00e9naire - Spiritualit\u00e9 - Connaissance de soi - Non-dualit\u00e9 - M\u00e9ditation","isPartOf":{"@id":"https:\/\/www.revue3emillenaire.com\/blog\/#website"},"primaryImageOfPage":{"@id":"https:\/\/www.revue3emillenaire.com\/blog\/sars-cov-2-existe-t-il-par-malcolm-kendrick\/#primaryimage"},"image":{"@id":"https:\/\/www.revue3emillenaire.com\/blog\/sars-cov-2-existe-t-il-par-malcolm-kendrick\/#primaryimage"},"thumbnailUrl":"https:\/\/www.revue3emillenaire.com\/blog\/wp-content\/uploads\/2021\/07\/Malcolm-Kendrick.jpg","datePublished":"2025-03-07T22:29:56+00:00","dateModified":"2025-03-15T01:31:42+00:00","author":{"@id":"https:\/\/www.revue3emillenaire.com\/blog\/#\/schema\/person\/b692dacff720a5344a6190bc714397eb"},"breadcrumb":{"@id":"https:\/\/www.revue3emillenaire.com\/blog\/sars-cov-2-existe-t-il-par-malcolm-kendrick\/#breadcrumb"},"inLanguage":"fr-FR","potentialAction":[{"@type":"ReadAction","target":["https:\/\/www.revue3emillenaire.com\/blog\/sars-cov-2-existe-t-il-par-malcolm-kendrick\/"]}]},{"@type":"ImageObject","inLanguage":"fr-FR","@id":"https:\/\/www.revue3emillenaire.com\/blog\/sars-cov-2-existe-t-il-par-malcolm-kendrick\/#primaryimage","url":"https:\/\/www.revue3emillenaire.com\/blog\/wp-content\/uploads\/2021\/07\/Malcolm-Kendrick.jpg","contentUrl":"https:\/\/www.revue3emillenaire.com\/blog\/wp-content\/uploads\/2021\/07\/Malcolm-Kendrick.jpg","width":253,"height":313},{"@type":"BreadcrumbList","@id":"https:\/\/www.revue3emillenaire.com\/blog\/sars-cov-2-existe-t-il-par-malcolm-kendrick\/#breadcrumb","itemListElement":[{"@type":"ListItem","position":1,"name":"Accueil","item":"https:\/\/www.revue3emillenaire.com\/blog\/"},{"@type":"ListItem","position":2,"name":"Sars-Cov-2 existe-t-il\u00a0? par Malcolm Kendrick"}]},{"@type":"WebSite","@id":"https:\/\/www.revue3emillenaire.com\/blog\/#website","url":"https:\/\/www.revue3emillenaire.com\/blog\/","name":"3e mill\u00e9naire - Spiritualit\u00e9 - Connaissance de soi - Non-dualit\u00e9 - M\u00e9ditation","description":"L&#039;Homme en devenir","potentialAction":[{"@type":"SearchAction","target":{"@type":"EntryPoint","urlTemplate":"https:\/\/www.revue3emillenaire.com\/blog\/?s={search_term_string}"},"query-input":{"@type":"PropertyValueSpecification","valueRequired":true,"valueName":"search_term_string"}}],"inLanguage":"fr-FR"},{"@type":"Person","@id":"https:\/\/www.revue3emillenaire.com\/blog\/#\/schema\/person\/b692dacff720a5344a6190bc714397eb","name":"3e mill\u00e9naire","url":"https:\/\/www.revue3emillenaire.com\/blog\/author\/scoussa\/"}]}},"_links":{"self":[{"href":"https:\/\/www.revue3emillenaire.com\/blog\/wp-json\/wp\/v2\/posts\/20499","targetHints":{"allow":["GET"]}}],"collection":[{"href":"https:\/\/www.revue3emillenaire.com\/blog\/wp-json\/wp\/v2\/posts"}],"about":[{"href":"https:\/\/www.revue3emillenaire.com\/blog\/wp-json\/wp\/v2\/types\/post"}],"author":[{"embeddable":true,"href":"https:\/\/www.revue3emillenaire.com\/blog\/wp-json\/wp\/v2\/users\/2"}],"replies":[{"embeddable":true,"href":"https:\/\/www.revue3emillenaire.com\/blog\/wp-json\/wp\/v2\/comments?post=20499"}],"version-history":[{"count":0,"href":"https:\/\/www.revue3emillenaire.com\/blog\/wp-json\/wp\/v2\/posts\/20499\/revisions"}],"wp:featuredmedia":[{"embeddable":true,"href":"https:\/\/www.revue3emillenaire.com\/blog\/wp-json\/wp\/v2\/media\/18656"}],"wp:attachment":[{"href":"https:\/\/www.revue3emillenaire.com\/blog\/wp-json\/wp\/v2\/media?parent=20499"}],"wp:term":[{"taxonomy":"category","embeddable":true,"href":"https:\/\/www.revue3emillenaire.com\/blog\/wp-json\/wp\/v2\/categories?post=20499"},{"taxonomy":"post_tag","embeddable":true,"href":"https:\/\/www.revue3emillenaire.com\/blog\/wp-json\/wp\/v2\/tags?post=20499"}],"curies":[{"name":"wp","href":"https:\/\/api.w.org\/{rel}","templated":true}]}}