{"id":20513,"date":"2025-03-14T22:35:56","date_gmt":"2025-03-14T21:35:56","guid":{"rendered":"https:\/\/www.revue3emillenaire.com\/blog\/?p=20513"},"modified":"2025-03-16T12:53:39","modified_gmt":"2025-03-16T11:53:39","slug":"lavenir-de-lhumanite-iii-discussion-avec-krishnamurti","status":"publish","type":"post","link":"https:\/\/www.revue3emillenaire.com\/blog\/lavenir-de-lhumanite-iii-discussion-avec-krishnamurti\/","title":{"rendered":"L\u2019avenir de l\u2019humanit\u00e9\u00a0III. Discussion avec Krishnamurti"},"content":{"rendered":"<h1 class=\"western\" align=\"center\"><strong><span style=\"font-size: medium;\">Pour les noms complets des participants, voir\u00a0<\/span><\/strong><span style=\"color: #000080;\"><u><a href=\"https:\/\/www.revue3emillenaire.com\/blog\/dans-lecoute-est-la-transformation-i-discussion-avec-krishanmurti\/\" target=\"_blank\" rel=\"noopener\"><span style=\"font-size: medium;\"><b>ici<\/b><\/span><\/a><\/u><\/span><strong><span style=\"font-size: medium;\">.<\/span><\/strong><\/h1>\n<p class=\"western\" align=\"justify\"><span style=\"font-size: medium;\"><b>P.J. :<\/b><\/span><span style=\"font-size: medium;\"> La plupart des gens constatent que l\u2019esprit humain se r\u00e9tr\u00e9cit en raison des diverses pressions qu\u2019il subit, de son incapacit\u00e9 \u00e0 faire face \u00e0 des situations complexes, de la violence et de la terreur. Je sugg\u00e8re que nous n\u2019abordions pas les probl\u00e8mes sp\u00e9cifiques de la peur ou d<\/span><span style=\"font-size: medium;\">e <\/span><span style=\"font-family: Times New Roman, serif;\"><span style=\"font-size: medium;\">l\u2019avenir de l\u2019humanit\u00e9<\/span><\/span><span style=\"font-size: medium;\">, mais que nous mettions \u00e0 nu la structure de l\u2019esprit humain, nous <\/span><span style=\"font-size: medium;\">met<\/span><span style=\"font-size: medium;\">tant <\/span><span style=\"font-size: medium;\">ainsi face <\/span><span style=\"font-size: medium;\">\u00e0 la structure de la pens\u00e9e. Ce n\u2019est qu\u2019alors qu\u2019il est possible pour chacun d\u2019entre nous d\u2019e<\/span><span style=\"font-size: medium;\">xaminer<\/span><span style=\"font-size: medium;\"> ces complexit\u00e9s qui occupent notre conscience.<\/span><\/p>\n<p class=\"western\" align=\"justify\"><span style=\"font-size: medium;\"><b>K\u00a0:<\/b><\/span><span style=\"font-size: medium;\"> Nous avons <\/span><span style=\"font-size: medium;\">discut<\/span><span style=\"font-size: medium;\">\u00e9 ensemble du mouvement de la peur. Comment <\/span><span style=\"font-family: Times New Roman, serif;\"><span style=\"font-size: medium;\">\u00e9coutez-vous <\/span><\/span><span style=\"font-size: medium;\">ces d\u00e9clarations\u00a0? Comment lisez-vous ces d\u00e9clarations\u00a0? Quel est l\u2019impact de <\/span><span style=\"font-size: medium;\">ces <\/span><span style=\"font-size: medium;\">d\u00e9clarations sur vous\u00a0? Nous avons dit que le d\u00e9sir, le temps, la pens\u00e9e, les blessures, tout cela est de la peur, et vous me le dites tr\u00e8s clairement avec des mots qui sont communs. Vous m\u2019avez communiqu\u00e9 la v\u00e9rit\u00e9 <\/span><span style=\"font-size: medium;\">de cela<\/span><span style=\"font-size: medium;\">, pas la description verbale. Comment <\/span><span style=\"font-family: Times New Roman, serif;\"><span style=\"font-size: medium;\">est-ce que j\u2019\u00e9coute<\/span><\/span><span style=\"font-size: medium;\"> cette d\u00e9claration\u00a0? Je ne m\u2019y oppose pas et je ne compare pas ce que vous dites avec quelque chose que je sais d\u00e9j\u00e0, mais j\u2019\u00e9coute r\u00e9ellement ce que vous dites. Elle est entr\u00e9e dans ma conscience, cette partie de la conscience qui est pr\u00eate \u00e0 comprendre enti\u00e8rement ce que vous dites. Quel est l\u2019impact\u00a0? S\u2019agit-il d\u2019un impact verbal ou logique, ou m\u2019avez-vous parl\u00e9 \u00e0 un niveau o\u00f9 je vois la v\u00e9rit\u00e9 de ce que vous avez dit\u00a0? Quel est l\u2019effet sur ma conscience\u00a0?<\/span><\/p>\n<p class=\"western\" align=\"justify\"><span style=\"font-size: medium;\"><b>P.J. :<\/b><\/span><span style=\"font-size: medium;\"> Nous parlons de l\u2019avenir de l\u2019homme, du danger de voir la technologie s\u2019emparer des fonctions de l\u2019homme. L\u2019homme semble paralys\u00e9. Vous avez dit qu\u2019il n\u2019y a que deux voies qui s\u2019offrent \u00e0 lui\u00a0: soit la voie du plaisir, soit la voie du mouvement int\u00e9rieur. Je vous demande le \u00ab\u00a0comment\u00a0\u00bb d<\/span><span style=\"font-size: medium;\">e ce<\/span><span style=\"font-size: medium;\"> mouvement int\u00e9rieur.<\/span><\/p>\n<p class=\"western\" align=\"justify\"><span style=\"font-size: medium;\"><b>K\u00a0:<\/b><\/span><span style=\"font-size: medium;\"> Lorsque vous demandez \u00ab\u00a0comment\u00a0\u00bb, vous demandez un syst\u00e8me, une m\u00e9thode, une pratique. C\u2019<\/span><span style=\"font-size: medium;\">est <\/span><span style=\"font-size: medium;\">\u00e9vident. Personne ne demande \u00ab\u00a0comment\u00a0\u00bb autrement. Comment jouer <\/span><span style=\"font-size: medium;\">a<\/span><span style=\"font-size: medium;\">u piano\u00a0? Tout est impli<\/span><span style=\"font-size: medium;\">qu\u00e9<\/span><span style=\"font-size: medium;\"> \u2014 une pratique, une m\u00e9thode, un mode d\u2019action. Maintenant, lorsque vous demandez \u00ab\u00a0comment\u00a0\u00bb, vous revenez au m\u00eame vieux sch\u00e9ma d\u2019exp\u00e9rience, de connaissance, de m\u00e9moire, de pens\u00e9e, d\u2019action.<\/span><\/p>\n<p class=\"western\" align=\"justify\"><span style=\"font-size: medium;\">Pouvons-nous nous \u00e9loigner du \u00ab\u00a0comment\u00a0\u00bb pour le moment et observer l\u2019esprit, ou le cerveau\u00a0? Peut-il y avoir une observation pure, qui ne soit pas une analyse\u00a0? L\u2019observation est totalement diff\u00e9rente de l\u2019analyse. Dans l\u2019analyse, il y a toujours la recherche d\u2019une cause\u00a0; il y a l\u2019analyseur et l\u2019analys\u00e9. Cela signifie que l\u2019analyseur est s\u00e9par\u00e9 de l\u2019analys\u00e9. Cette s\u00e9paration est fallacieuse\u00a0; elle n\u2019est pas r\u00e9elle, le r\u00e9el \u00e9tant ce qui se passe maintenant.<\/span><\/p>\n<p class=\"western\" align=\"justify\"><span style=\"font-size: medium;\">L\u2019observation est totalement exempte d\u2019analyse. Est-il possible d\u2019observer sans conclusion, sans direction, sans motif \u2014 juste un regard pur et clair\u00a0? De toute \u00e9vidence, <\/span><span style=\"font-size: medium;\">c\u2019<\/span><span style=\"font-size: medium;\">est possible lorsque vous regardez ces beaux arbres\u00a0; c\u2019est tr\u00e8s simple. Mais regarder le fonctionnement de l\u2019ensemble du mouvement de l\u2019existence, l\u2019observer sans aucune distorsion, est tout \u00e0 fait diff\u00e9rent de l\u2019analyse. Dans cette observation, tout le processus d\u2019analyse n\u2019a pas sa place. On va au-del\u00e0. C\u2019est-\u00e0-dire que je peux regarder cet arbre sans aucune distorsion parce que je regarde <\/span><span style=\"font-size: medium;\">avec mes yeux<\/span><span style=\"font-size: medium;\">. Puis-je observer toute l\u2019activit\u00e9 de la peur sans essayer d\u2019en trouver la cause, sans me demander comment y mettre fin, sans essayer de la supprimer ou de la fuir\u00a0? Est-il possible de simplement regarder et de rester avec, de rester avec tout le mouvement de la peur\u00a0?<\/span><\/p>\n<p class=\"western\" align=\"justify\"><span style=\"font-size: medium;\">Je veux dire par l\u00e0 qu\u2019il faut observer sans qu\u2019aucun mouvement de pens\u00e9e n\u2019<\/span><span style=\"font-size: medium;\">intervienne<\/span><span style=\"font-size: medium;\"> dans mon observation. Ensuite, je dis que cette observation s\u2019accompagne d\u2019une attention. Cette observation est une attention totale. Ce n\u2019est pas de la concentration, c\u2019est de l\u2019attention. C\u2019est comme focaliser une lumi\u00e8re vive sur un objet, et dans la focalisation de cette \u00e9nergie qu<\/span><span style=\"font-size: medium;\">i <\/span><span style=\"font-size: medium;\">est lumi\u00e8re, sur ce mouvement, la peur prend fin. L\u2019analyse ne mettra jamais fin \u00e0 la peur\u00a0; vous pouvez <\/span><span style=\"font-size: medium;\">le <\/span><span style=\"font-family: Times New Roman, serif;\"><span style=\"font-size: medium;\">v\u00e9rifier vous-m\u00eame<\/span><\/span><span style=\"font-size: medium;\">. En d\u2019autres termes, mon esprit est-il capable d\u2019une telle attention, c\u2019est-\u00e0-dire d\u2019apporter toute l\u2019\u00e9nergie de mon intellect, de mes \u00e9motions, de mes nerfs, pour regarder ce mouvement de peur sans aucune opposition, ni soutien, ni d\u00e9ni\u00a0?<\/span><\/p>\n<p class=\"western\" align=\"justify\"><span style=\"font-size: medium;\"><b>P.J. :<\/b><\/span><span style=\"font-size: medium;\"> La pens\u00e9e <\/span><span style=\"font-size: medium;\">surgit<\/span><span style=\"font-size: medium;\"> d<\/span><span style=\"font-size: medium;\">ans<\/span><span style=\"font-size: medium;\"> l\u2019observation et ne reste pas <\/span><span style=\"font-size: medium;\">avec<\/span><span style=\"font-size: medium;\"> l\u2019observation de la peur. Qu\u2019advient-il alors de la pens\u00e9e\u00a0? Est-ce qu\u2019on la met de c\u00f4t\u00e9\u00a0? Que fait-on\u00a0? La pens\u00e9e surgit, ce qui est \u00e9galement un fait.<\/span><\/p>\n<p class=\"western\" align=\"justify\"><span style=\"font-size: medium;\"><b>K\u00a0:<\/b><\/span> <span style=\"font-size: medium;\">Seulement <\/span><span style=\"font-size: medium;\">\u00e9coute<\/span><span style=\"font-size: medium;\">r<\/span><span style=\"font-size: medium;\">. L\u2019orateur a expliqu\u00e9 non seulement les peurs personnelles, mais aussi les peurs de l\u2019humanit\u00e9, dans lesquelles se trouve ce courant, lequel inclu<\/span><span style=\"font-size: medium;\">t<\/span><span style=\"font-size: medium;\"> la pens\u00e9e, le d\u00e9sir, le temps et le d\u00e9sir d\u2019y mettre fin, de le d\u00e9passer, tout cela est le mouvement de la peur. Pouvez-vous le regarder, l\u2019observer sans aucun mouvement\u00a0? Tout mouvement est <\/span><span style=\"font-size: medium;\">de la<\/span><span style=\"font-size: medium;\"> pens\u00e9e.<\/span><\/p>\n<p class=\"western\" align=\"justify\"><span style=\"font-size: medium;\"><b>P.J. :<\/b><\/span><span style=\"font-size: medium;\"> Vous pouvez dire que le mouvement est <\/span><span style=\"font-size: medium;\">la<\/span><span style=\"font-size: medium;\"> peur, mais dans cette observation, la pens\u00e9e surgit, ce qui est \u00e9galement un fait.<\/span><\/p>\n<p class=\"western\" align=\"justify\"><span style=\"font-size: medium;\"><b>K\u00a0:<\/b><\/span><span style=\"font-size: medium;\"> \u00c9coutez, s\u2019il vous pla\u00eet. J\u2019ai dit\u00a0: d\u00e9sir, temps, pens\u00e9e\u00a0; la pens\u00e9e est <\/span><span style=\"font-size: medium;\">le<\/span><span style=\"font-size: medium;\"> temps, et le d\u00e9sir fait partie de la pens\u00e9e. Vous avez montr\u00e9 toute la carte de la peur, dans laquelle la pens\u00e9e est incluse. Il n\u2019est pas question de supprimer la pens\u00e9e, c\u2019est impossible. J\u2019ai dit\u00a0: <\/span><span style=\"font-size: medium;\">regardez<\/span> <span style=\"font-size: medium;\">cela <\/span><span style=\"font-size: medium;\">d\u2019abord. Nous ne pr\u00eatons attention \u00e0 rien. Vous venez <\/span><span style=\"font-size: medium;\">juste <\/span><span style=\"font-size: medium;\">de <\/span><span style=\"font-size: medium;\">dire quelque chose \u00e0 propos de <\/span><span style=\"font-size: medium;\">la pens\u00e9e. Je l\u2019ai \u00e9cout\u00e9 tr\u00e8s, tr\u00e8s attentivement\u00a0; <\/span><span style=\"font-family: Times New Roman, serif;\"><span style=\"font-size: medium;\">j\u2019\u00e9tais pleinement attentif<\/span><\/span><span style=\"font-size: medium;\"> \u00e0 ce que vous disiez. Pouvez-vous \u00eatre aussi attentif\u00a0?<\/span><\/p>\n<p class=\"western\" align=\"justify\"><span style=\"font-size: medium;\"><b>P.J. :<\/b><\/span><span style=\"font-size: medium;\"> Pendant un instant d\u2019attention, la pens\u00e9e n\u2019est pas <\/span><span style=\"font-size: medium;\">l\u00e0<\/span><span style=\"font-size: medium;\">\u00a0; puis la pens\u00e9e surgit. Tel est l\u2019\u00e9tat d<\/span><span style=\"font-size: medium;\">e l<\/span><span style=\"font-size: medium;\">\u2019esprit. Il n\u2019y a pas d\u2019<\/span><span style=\"font-size: medium;\">acteur<\/span><span style=\"font-size: medium;\">, car c\u2019est assez \u00e9vident. Il n\u2019est possible <\/span><span style=\"font-size: medium;\">ni <\/span><span style=\"font-size: medium;\">de rester immobile <\/span><span style=\"font-size: medium;\">ni<\/span><span style=\"font-size: medium;\"> de dire que la pens\u00e9e ne surgira pas. Si c\u2019est un <\/span><span style=\"font-size: medium;\">courant<\/span><span style=\"font-size: medium;\">, c\u2019est un <\/span><span style=\"font-size: medium;\">courant<\/span><span style=\"font-size: medium;\"> qui coule.<\/span><\/p>\n<p class=\"western\" align=\"justify\"><span style=\"font-size: medium;\"><b>K\u00a0:<\/b><\/span><span style=\"font-size: medium;\"> Sommes-nous en train de discuter de ce qu\u2019est l\u2019<\/span><span style=\"font-size: medium;\">observation\u00a0?<\/span><\/p>\n<p class=\"western\" align=\"justify\"><span style=\"font-size: medium;\"><b>P.J. :<\/b><\/span><span style=\"font-size: medium;\"> Oui, nous discutons de l\u2019observation. Dans cette observation, j\u2019ai soulev\u00e9 ce probl\u00e8me parce que c\u2019est le probl\u00e8me de l\u2019attention, de la connaissance de soi, le probl\u00e8me de notre esprit\u00a0: en observant, la pens\u00e9e surgit. Alors, qu<\/span><span style=\"font-size: medium;\">oi<\/span><span style=\"font-size: medium;\">\u00a0? Que fait-on de la pens\u00e9e\u00a0?<\/span><\/p>\n<p class=\"western\" align=\"justify\"><span style=\"font-size: medium;\"><b>K\u00a0:<\/b><\/span><span style=\"font-size: medium;\"> Lorsque la pens\u00e9e surgit dans votre attention, vous mettez totalement de c\u00f4t\u00e9 la peur, mais vous poursuivez la pens\u00e9e. Je ne sais pas si je me fais bien comprendre. J\u2019observe le mouvement de la peur. Dans cette observation, la pens\u00e9e surgit. Le mouvement de la peur n\u2019est pas important, mais l\u2019apparition de la pens\u00e9e et l\u2019attention totale sur cette pens\u00e9e. Il y a ce <\/span><span style=\"font-size: medium;\">courant<\/span><span style=\"font-size: medium;\"> de peur. Dites-moi ce que je dois faire\u00a0: Comment, <\/span><span style=\"font-size: medium;\">\u00e9tant <\/span><span style=\"font-size: medium;\">pris dans la peur, puis-je y mettre fin \u2014 pas la m\u00e9thode, pas le syst\u00e8me, pas la pratique, mais le fait d\u2019y mettre fin. Vous dites que l\u2019analyse n\u2019y mettra pas fin\u00a0; c\u2019est \u00e9vident. Alors, qu\u2019est-ce qui y mettra fin \u2014 une perception de l\u2019ensemble du mouvement de la peur, une perception sans direction\u00a0?<\/span><\/p>\n<p class=\"western\" align=\"justify\"><span style=\"font-size: medium;\"><b>J.U.\u00a0:<\/b><\/span><span style=\"font-size: medium;\"> Vous avez <\/span><span style=\"font-family: Times New Roman, serif;\"><span style=\"font-size: medium;\">fait une d\u00e9claration sur l\u2019observation du<\/span><\/span><span style=\"font-size: medium;\"> mouvement de la peur. Je n\u2019accepte pas la distinction que vous avez faite entre l\u2019analyse et l\u2019observation. Je ne suis pas d\u2019accord avec votre rejet de l\u2019analyse. Ce n\u2019est que par l\u2019analyse que l\u2019on peut briser toute la structure de la tradition et le poids de la m\u00e9moire. Ce n\u2019est que lorsqu<\/span><span style=\"font-size: medium;\">e cela<\/span><span style=\"font-size: medium;\"> est bris\u00e9 qu\u2019une observation est possible. Sinon, ce ne serait qu\u2019un esprit conditionn\u00e9 qui observerait. En insistant sur le fait que l\u2019observation est diff\u00e9rente de l\u2019analyse, il <\/span><span style=\"font-size: medium;\">y <\/span><span style=\"font-size: medium;\">a peut-\u00eatre la possibilit\u00e9 ou la probabilit\u00e9 que le type d\u2019accidents ou d\u2019\u00e9v\u00e9nements soudains, dont d\u2019autres personnes ont parl\u00e9, se produise. Par cons\u00e9quent, il peut y avoir une opportunit\u00e9 pour que l<\/span><span style=\"font-size: medium;\">a<\/span> <span style=\"font-size: medium;\"><i>shaktipata<\/i><\/span><span style=\"font-size: medium;\">, la transmission <\/span><span style=\"font-size: medium;\">de l\u2019\u00e9nergie<\/span><span style=\"font-size: medium;\">, ait lieu.<\/span><\/p>\n<p class=\"western\" align=\"justify\"><span style=\"font-size: medium;\"><b>P.J. :<\/b><\/span><span style=\"font-size: medium;\"> Est-ce <\/span><span style=\"font-family: Times New Roman, serif;\"><span style=\"font-size: medium;\">cela, la nature de l\u2019observation<\/span><\/span><span style=\"font-size: medium;\"> de la peur\u00a0? Je r\u00e9ponds \u00e0 une partie de cette question. Est-ce que l<\/span><span style=\"font-size: medium;\">a nature<\/span><span style=\"font-size: medium;\"> d\u2019observer ou de regarder la peur ou d<\/span><span style=\"font-size: medium;\">e l<\/span><span style=\"font-size: medium;\">\u2019\u00e9couter <\/span><span style=\"font-size: medium;\">es<\/span><span style=\"font-size: medium;\">t de la m\u00eame <\/span><span style=\"font-size: medium;\">que celle<\/span><span style=\"font-size: medium;\"> de regarder un arbre ou d\u2019\u00e9couter un oiseau\u00a0? Ou <\/span><span style=\"font-size: medium;\">bien <\/span><span style=\"font-size: medium;\">parlez-vous d\u2019une \u00e9coute et d\u2019une vision qui est <\/span><span style=\"font-size: medium;\">plus qu\u2019une<\/span><span style=\"font-size: medium;\"> observation <\/span><span style=\"font-size: medium;\">avec les yeux seulement<\/span><span style=\"font-size: medium;\">\u00a0? Et si c\u2019est un plus, quel est ce plus\u00a0?<\/span><\/p>\n<p class=\"western\" align=\"justify\"><span style=\"font-size: medium;\"><b>A.P.\u00a0:<\/b><\/span><span style=\"font-size: medium;\"> Je vois un grand danger dans les propos d\u2019Upadhyayaji. Il dit qu\u2019il ne peut y avoir d\u2019observation \u00e0 moins qu\u2019elle ne soit accompagn\u00e9e d\u2019une analyse, et que s\u2019il y a observation sans analyse, alors <\/span><span style=\"font-size: medium;\">elle<\/span><span style=\"font-size: medium;\"> d\u00e9pend, <\/span><span style=\"font-size: medium;\">peut-\u00eatre,<\/span><span style=\"font-size: medium;\"> d<\/span><span style=\"font-size: medium;\">e l<\/span><span style=\"font-size: medium;\">\u2019\u00e9veil accidentel d\u2019un in<\/span><span style=\"font-size: medium;\">sight<\/span><span style=\"font-size: medium;\">. Il parle de ce<\/span><span style=\"font-size: medium;\">la comme d\u2019un<\/span><span style=\"font-size: medium;\">e possibilit\u00e9. Je lui <\/span><span style=\"font-size: medium;\">soumet<\/span><span style=\"font-size: medium;\">s que si l\u2019observation n\u2019est pas d\u00e9barrass\u00e9e de l\u2019analyse, elle est incapable de se lib\u00e9rer des cha\u00eenes du conceptualisme, <\/span><span style=\"font-size: medium;\">des<\/span><span style=\"font-size: medium;\"> processus dans le<\/span><span style=\"font-size: medium;\">s<\/span><span style=\"font-size: medium;\">quel<\/span><span style=\"font-size: medium;\">s<\/span><span style=\"font-size: medium;\"> nous avons \u00e9t\u00e9 \u00e9lev\u00e9s, <\/span><span style=\"font-size: medium;\">de c<\/span><span style=\"font-size: medium;\">e processus dans lequel l\u2019observation et la compr\u00e9hension conceptuelle vont de pair. Il est difficile de faire fonctionner simultan\u00e9ment, inconsciemment et consciemment, un processus de compr\u00e9hension conceptuelle. Or, l\u2019observation qui n\u2019est pas nettoy\u00e9e de la compr\u00e9hension verbale se distingue d\u2019<\/span><span style=\"font-size: medium;\">une pure <\/span><span style=\"font-size: medium;\">observation. C\u2019est pourquoi, \u00e0 mon avis, il est tr\u00e8s n\u00e9cessaire d\u2019\u00e9tablir que l\u2019analyse est un obstacle \u00e0 l\u2019observation. Nous devons <\/span><span style=\"font-size: medium;\">voi<\/span><span style=\"font-size: medium;\">r comme un fait que l\u2019analyse nous emp\u00eache d\u2019observer.<\/span><\/p>\n<p class=\"western\" align=\"justify\"><span style=\"font-size: medium;\"><b>K\u00a0:<\/b><\/span><span style=\"font-size: medium;\"> Monsieur, compr<\/span><span style=\"font-size: medium;\">enon<\/span><span style=\"font-size: medium;\">s-<\/span><span style=\"font-size: medium;\">nous clairement<\/span><span style=\"font-size: medium;\"> que l\u2019observateur est l\u2019observ\u00e9\u00a0? J\u2019observe cet arbre, mais je ne suis pas cet arbre. J\u2019observe diverses r\u00e9actions comme l\u2019avidit\u00e9, l\u2019envie, etc. L\u2019observateur est-il distinct de l\u2019avidit\u00e9\u00a0? L\u2019observateur lui-m\u00eame est l\u2019observ\u00e9, c\u2019est-\u00e0-dire l\u2019avidit\u00e9. Est-il clair, non pas intellectuellement, mais r\u00e9ellement, que vous pouvez voir la v\u00e9rit\u00e9 <\/span><span style=\"font-size: medium;\">de cela<\/span><span style=\"font-size: medium;\"> comme une r\u00e9alit\u00e9 profonde, une v\u00e9rit\u00e9 absolue\u00a0? Lorsqu\u2019il y a une telle observation, l\u2019observateur est le pass\u00e9. Et lorsque j\u2019observe cet arbre, toutes les associations pass\u00e9es avec cet arbre <\/span><span style=\"font-family: Times New Roman, serif;\"><span style=\"font-size: medium;\">ref<\/span><\/span><span style=\"font-family: Times New Roman, serif;\"><span style=\"font-size: medium;\">on<\/span><\/span><span style=\"font-family: Times New Roman, serif;\"><span style=\"font-size: medium;\">t surface<\/span><\/span><span style=\"font-size: medium;\">. Je l\u2019appelle ch\u00eane, ou quoi que ce soit d\u2019autre\u00a0; je l\u2019aime ou je ne l\u2019aime pas.<\/span><\/p>\n<p class=\"western\" align=\"justify\"><span style=\"font-size: medium;\">Maintenant, lorsque j\u2019observe la peur, cette peur <\/span><span style=\"font-size: medium;\">c\u2019<\/span><span style=\"font-size: medium;\">est moi. Je ne suis pas s\u00e9par\u00e9 de cette peur. L\u2019observateur est donc l\u2019observ\u00e9. Dans cette observation, il n\u2019y a pas d\u2019observateur <\/span><span style=\"font-size: medium;\">pour<\/span><span style=\"font-size: medium;\"> observer, car il n\u2019y a que le fait\u00a0: la peur <\/span><span style=\"font-size: medium;\">c\u2019<\/span><span style=\"font-size: medium;\">est moi, je ne suis pas s\u00e9par\u00e9 de la peur. Alors, quel est le besoin d\u2019analyse\u00a0? Dans cette observation, s\u2019il s\u2019agit d\u2019une observation pure, tout est r\u00e9v\u00e9l\u00e9, et je peux logiquement tout expliquer \u00e0 partir de cette observation sans analyse.<\/span><\/p>\n<p class=\"western\" align=\"justify\"><span style=\"font-size: medium;\">Nous ne sommes <\/span><span style=\"font-family: Times New Roman, serif;\"><span style=\"font-size: medium;\">clairs sur ce point particulier<\/span><\/span><span style=\"font-size: medium;\"> que le penseur est la pens\u00e9e et que l\u2019exp\u00e9rimentateur est l\u2019exp\u00e9rience. L\u2019exp\u00e9rimentateur, lorsqu\u2019il <\/span><span style=\"font-size: medium;\">vit<\/span><span style=\"font-size: medium;\"> quelque chose de nouveau, le reconna\u00eet. J\u2019<\/span><span style=\"font-size: medium;\">exp\u00e9rimente<\/span><span style=\"font-size: medium;\"> quelque chose. Pour lui donner un sens, je dois faire appel \u00e0 tous les enregistrements ant\u00e9rieurs de mes exp\u00e9riences\u00a0; je dois me souvenir de la nature de cette exp\u00e9rience. Je la place donc \u00e0 l\u2019ext\u00e9rieur de moi. Mais lorsque je r\u00e9alise que l\u2019exp\u00e9rimentateur, le penseur, l\u2019analyseur, est l\u2019analys\u00e9, est la pens\u00e9e, est l\u2019exp\u00e9rience, dans cette perception, dans cette observation, il n\u2019y a pas de division, pas de conflit. Par cons\u00e9quent, lorsque vous r\u00e9alisez la v\u00e9rit\u00e9 de cela, vous pouvez expliquer logiquement toute la s\u00e9quence.<\/span><\/p>\n<p class=\"western\" align=\"justify\"><span style=\"font-size: medium;\">Allons-y doucement. Je suis en col\u00e8re. Au moment <\/span><span style=\"font-size: medium;\">m\u00eame <\/span><span style=\"font-size: medium;\">de la col\u00e8re, il n\u2019y a pas de \u00ab\u00a0moi\u00a0\u00bb du tout\u00a0; il n\u2019y a que cette r\u00e9action appel\u00e9e col\u00e8re. Une seconde plus tard, je me dis que j\u2019\u00e9t<\/span><span style=\"font-size: medium;\">ais<\/span><span style=\"font-size: medium;\"> en col\u00e8re. J\u2019ai d\u00e9j\u00e0 s\u00e9par\u00e9 la col\u00e8re de moi.<\/span><\/p>\n<p class=\"western\" align=\"justify\"><span style=\"font-size: medium;\"><b>P.J.\u00a0:<\/b><\/span> <span style=\"font-size: medium;\">Oui.<\/span><\/p>\n<p class=\"western\" align=\"justify\"><span style=\"font-size: medium;\"><b>K\u00a0:<\/b><\/span><span style=\"font-size: medium;\"> Donc, je l\u2019ai s\u00e9par\u00e9e un instant plus tard\u00a0; il y a moi et la col\u00e8re. Ensuite, je la <\/span><span style=\"font-size: medium;\">r\u00e9<\/span><span style=\"font-size: medium;\">prime, je la rationalise. J\u2019ai d\u00e9j\u00e0 divis\u00e9 une r\u00e9action qui est moi, en \u00ab\u00a0moi\u00a0\u00bb et \u00ab\u00a0non-moi\u00a0\u00bb, et c\u2019est alors que tout le conflit commence. Alors que la col\u00e8re est moi, je suis fait de r\u00e9actions. N\u2019est-ce pas\u00a0? C\u2019est \u00e9vident. Je suis la col\u00e8re. Que se passe-t-il alors\u00a0? <\/span><span style=\"font-size: medium;\">Auparavant<\/span><span style=\"font-size: medium;\">, j<\/span><span style=\"font-size: medium;\">e<\/span><span style=\"font-size: medium;\"> gaspill<\/span><span style=\"font-size: medium;\">ais<\/span><span style=\"font-size: medium;\"> de l\u2019\u00e9nergie en analysant, en r\u00e9primant, en \u00e9tant en conflit avec la col\u00e8re. Cette \u00e9nergie est maintenant concentr\u00e9e\u00a0; il n\u2019y a pas de gaspillage d\u2019\u00e9nergie. Avec cette \u00e9nergie qui est l\u2019attention, je tiens cette r\u00e9action appel\u00e9e peur. Je ne m\u2019en \u00e9loigne pas parce que je suis cela. Ensuite, parce que j\u2019y ai <\/span><span style=\"font-family: Times New Roman, serif;\"><span style=\"font-size: medium;\">rassembl\u00e9<\/span><\/span><span style=\"font-size: medium;\"> toute mon \u00e9nergie, ce fait qu\u2019on appelle la peur dispara\u00eet.<\/span><\/p>\n<p class=\"western\" align=\"justify\"><span style=\"font-size: medium;\">Vous vouliez savoir de quelle mani\u00e8re la peur peut prendre fin. Je <\/span><span style=\"font-size: medium;\">vous <\/span><span style=\"font-size: medium;\">l\u2019ai montr\u00e9. Tant qu\u2019il y a une division entre vous et la peur, la peur continuera. Comme l\u2019Arabe et le Juif, l\u2019Hindou et le Musulman, tant que cette division existe, il y a des <\/span><span style=\"font-size: medium;\">conflits.<\/span><\/p>\n<p class=\"western\" align=\"justify\"><span style=\"font-size: medium;\"><b>P.J. :<\/b><\/span><span style=\"font-size: medium;\"> Mais, monsieur, qui <\/span><span style=\"font-size: medium;\">observe\u00a0?<\/span><\/p>\n<p class=\"western\" align=\"justify\"><span style=\"font-size: medium;\"><b>K\u00a0:<\/b><\/span><span style=\"font-size: medium;\"> Il n\u2019y a pas de \u00ab\u00a0qui observe\u00a0\u00bb. Il n\u2019y a que l\u2019\u00e9tat d\u2019<\/span><span style=\"font-size: medium;\">observation.<\/span><\/p>\n<p class=\"western\" align=\"justify\"><span style=\"font-size: medium;\"><b>P.J. :<\/b><\/span><span style=\"font-size: medium;\"> Cela <\/span><span style=\"font-size: medium;\">arrive-<\/span><span style=\"font-size: medium;\">t-il <\/span><span style=\"font-size: medium;\">spontan\u00e9ment\u00a0?<\/span><\/p>\n<p class=\"western\" align=\"justify\"><span style=\"font-size: medium;\"><b>K\u00a0:<\/b><\/span> <span style=\"font-size: medium;\">Maintenant, v<\/span><span style=\"font-size: medium;\">ous m\u2019avez dit que ce n\u2019est pas une analyse, que ce n\u2019est <\/span><span style=\"font-size: medium;\">ni<\/span><span style=\"font-size: medium;\"> ceci <\/span><span style=\"font-size: medium;\">ni<\/span><span style=\"font-size: medium;\"> cela, et je l\u2019\u00e9carte. Je ne dis pas que je vais en discuter. Je l\u2019\u00e9carte. Mon esprit est libre de tout processus conceptuel et analytique de la pens\u00e9e. Mon esprit est \u00e0 l\u2019\u00e9coute du fait que l\u2019observateur est l\u2019observ\u00e9.<\/span><\/p>\n<p class=\"western\" align=\"justify\"><span style=\"font-size: medium;\"><b>P.J. :<\/b><\/span><span style=\"font-size: medium;\"> Vous voyez, monsieur, il y a deux choses <\/span><span style=\"font-family: Times New Roman, serif;\"><span style=\"font-size: medium;\">l\u00e0-dedans<\/span><\/span><span style=\"font-size: medium;\">. La premi\u00e8re, c\u2019est que lorsqu\u2019on observe, lorsqu\u2019on observe l\u2019esprit, on voit l\u2019extraordinaire mouvement qui <\/span><span style=\"font-size: medium;\">s<\/span><span style=\"font-size: medium;\">\u2019<\/span><span style=\"font-size: medium;\">y d\u00e9roule<\/span><span style=\"font-size: medium;\">. Il \u00e9chappe au contr\u00f4le ou \u00e0 la capacit\u00e9 de quiconque de <\/span><span style=\"font-size: medium;\">lui <\/span><span style=\"font-size: medium;\">donner une direction. Il est l\u00e0. Dans cet \u00e9tat, vous dites, a<\/span><span style=\"font-size: medium;\">men<\/span><span style=\"font-size: medium;\">er l\u2019attention sur la peur.<\/span><\/p>\n<p class=\"western\" align=\"justify\"><span style=\"font-size: medium;\"><b>K\u00a0:<\/b><\/span><span style=\"font-size: medium;\"> C<\/span><span style=\"font-size: medium;\">e qui <\/span><span style=\"font-size: medium;\">est toute votre <\/span><span style=\"font-size: medium;\">\u00e9nergie\u2026<\/span><\/p>\n<p class=\"western\" align=\"justify\"><span style=\"font-size: medium;\"><b>P.J.\u00a0:<\/b><\/span><span style=\"font-size: medium;\"> Ce qui signifie, en <\/span><span style=\"font-size: medium;\">r\u00e9alit\u00e9<\/span><span style=\"font-size: medium;\">, porter toute son attention sur ce qui est en mouvement. Lorsque nous posons <\/span><span style=\"font-size: medium;\">une<\/span><span style=\"font-size: medium;\"> question dans notre esprit, la r\u00e9ponse surgit imm\u00e9diatement. Dans votre esprit, les r\u00e9ponses ne surgissent pas\u00a0; vous l<\/span><span style=\"font-size: medium;\">a<\/span> <span style=\"font-family: Times New Roman, serif;\"><span style=\"font-size: medium;\">maintenez<\/span><\/span><span style=\"font-size: medium;\">. Qu\u2019est-ce qui vous donne la capacit\u00e9 de maintenir la peur dans la conscience\u00a0? Je ne pense pas que nous ayons cette capacit\u00e9.<\/span><\/p>\n<p class=\"western\" align=\"justify\"><span style=\"font-size: medium;\"><b>K\u00a0:<\/b><\/span><span style=\"font-size: medium;\"> Je ne pense pas que ce soit une question de capacit\u00e9. Je ne sais pas. Qu\u2019est-ce que la <\/span><span style=\"font-size: medium;\">capacit\u00e9\u00a0?<\/span><\/p>\n<p class=\"western\" align=\"justify\"><span style=\"font-size: medium;\"><b>P.J. :<\/b><\/span><span style=\"font-size: medium;\"> Je vais supprimer le mot \u00ab\u00a0capacit\u00e9\u00a0\u00bb. Il y a un maintien de la <\/span><span style=\"font-size: medium;\">peur.<\/span><\/p>\n<p class=\"western\" align=\"justify\"><span style=\"font-size: medium;\"><b>K\u00a0:<\/b><\/span><span style=\"font-size: medium;\"> C\u2019est <\/span><span style=\"font-size: medium;\">tout.<\/span><\/p>\n<p class=\"western\" align=\"justify\"><span style=\"font-size: medium;\"><b>P.J.\u00a0:<\/b><\/span><span style=\"font-size: medium;\"> C\u2019est-\u00e0-dire que ce mouvement qui est fluide devient <\/span><span style=\"font-size: medium;\">immobile<\/span><span style=\"font-size: medium;\">.<\/span><\/p>\n<p class=\"western\" align=\"justify\"><span style=\"font-size: medium;\"><b>K\u00a0:<\/b><\/span><span style=\"font-size: medium;\"> C\u2019est <\/span><span style=\"font-size: medium;\">cela<\/span><span style=\"font-size: medium;\">.<\/span><\/p>\n<p class=\"western\" align=\"justify\"><span style=\"font-size: medium;\"><b>P.J. :<\/b><\/span><span style=\"font-size: medium;\"> La peur prend fin. Avec nous, cela n\u2019<\/span><span style=\"font-size: medium;\">arrive <\/span><span style=\"font-size: medium;\">pas.<\/span><\/p>\n<p class=\"western\" align=\"justify\"><span style=\"font-size: medium;\"><b>K\u00a0:<\/b><\/span><span style=\"font-size: medium;\"> Pouvons-nous discuter d\u2019un fait\u00a0? Pouvons-nous garder <\/span><span style=\"font-family: Times New Roman, serif;\"><span style=\"font-size: medium;\">quoi que ce soit<\/span><\/span><span style=\"font-size: medium;\"> \u00e0 l\u2019esprit pendant quelques secondes ou une minute\u00a0? N\u2019importe quoi\u00a0? J\u2019aime\u00a0; puis-je rester avec ce sentiment, cette beaut\u00e9, cette clart\u00e9 que l\u2019amour apporte\u00a0? Puis-je le <\/span><span style=\"font-family: Times New Roman, serif;\"><span style=\"font-size: medium;\">maintenir<\/span><\/span><span style=\"font-size: medium;\">, sans dire ce qu\u2019est l\u2019amour, ce qui ne l\u2019est pas, mais simplement le <\/span><span style=\"font-size: medium;\">gard<\/span><span style=\"font-size: medium;\">er, comme un r\u00e9cipient qui contient de l\u2019eau\u00a0? Vous \u00eates tous sceptiques. Voyez-vous, monsieur, lorsque vous avez un <\/span><span style=\"font-size: medium;\">insight<\/span> <span style=\"font-size: medium;\">sur<\/span><span style=\"font-size: medium;\"> la peur, la peur <\/span><span style=\"font-family: Times New Roman, serif;\"><span style=\"font-size: medium;\">prend fin<\/span><\/span><span style=\"font-size: medium;\">. L\u2019<\/span><span style=\"font-size: medium;\">insight<\/span><span style=\"font-size: medium;\"> n\u2019est pas analyse, temps, souvenir, etc. C\u2019est la perception imm\u00e9diate de quelque chose. Nous l\u2019avons. Nous avons souvent ce sentiment de clart\u00e9 \u00e0 propos de quelque chose. <\/span><span style=\"font-size: medium;\">T<\/span><span style=\"font-size: medium;\">out cela est-<\/span><span style=\"font-size: medium;\">il<\/span> <span style=\"font-size: medium;\">th\u00e9orique\u00a0?<\/span><\/p>\n<p class=\"western\" align=\"justify\"><span style=\"font-size: medium;\"><b>J.U.\u00a0:<\/b><\/span><span style=\"font-size: medium;\"> Monsieur, je trouve que lorsque vous parlez de clart\u00e9, il y a ce moment de clart\u00e9. Je l\u2019accepte. Mais <\/span><span style=\"font-size: medium;\">cela<\/span><span style=\"font-size: medium;\"> doit r\u00e9sulter de quelque chose qui se produit. <\/span><span style=\"font-size: medium;\">Cela<\/span><span style=\"font-size: medium;\"> doit \u00e9voluer d\u2019une p\u00e9riode \u00e0 <\/span><span style=\"font-size: medium;\">une <\/span><span style=\"font-size: medium;\">autre, d\u2019un niveau \u00e0 <\/span><span style=\"font-size: medium;\">un <\/span><span style=\"font-size: medium;\">autre. Ma clart\u00e9 ne peut pas \u00eatre la m\u00eame que la v\u00f4tre<\/span><span style=\"font-size: medium;\">.<\/span><\/p>\n<p class=\"western\" align=\"justify\"><span style=\"font-size: medium;\"><b>K\u00a0:<\/b><\/span><span style=\"font-size: medium;\"> Monsieur, la clart\u00e9 est la clart\u00e9, elle n\u2019est ni la v\u00f4tre ni la mienne. L\u2019intelligence n\u2019est ni la v\u00f4tre ni la <\/span><span style=\"font-size: medium;\">mienne.<\/span><\/p>\n<p class=\"western\" align=\"justify\"><span style=\"font-size: medium;\"><b>P.J. :<\/b><\/span><span style=\"font-size: medium;\"> Monsieur, j\u2019<\/span><span style=\"font-size: medium;\">aime<\/span><span style=\"font-size: medium;\">rais aborder un sujet diff\u00e9rent. Je commencerai par une d\u00e9claration\u00a0: En observant le mouvement de l\u2019esprit, il n\u2019y a pas de moment o\u00f9 l\u2019on <\/span><span style=\"font-size: medium;\">puisse <\/span><span style=\"font-size: medium;\">di<\/span><span style=\"font-size: medium;\">re<\/span><span style=\"font-size: medium;\"> qu\u2019on <\/span><span style=\"font-size: medium;\">l\u2019<\/span><span style=\"font-size: medium;\">a observ\u00e9 totalement et que c\u2019est fini.<\/span><\/p>\n<p class=\"western\" align=\"justify\"><span style=\"font-size: medium;\"><b>K\u00a0:<\/b><\/span><span style=\"font-size: medium;\"> On ne peut jamais dire <\/span><span style=\"font-size: medium;\">cela<\/span><span style=\"font-size: medium;\">.<\/span><\/p>\n<p class=\"western\" align=\"justify\"><span style=\"font-size: medium;\"><b>P.J.\u00a0:<\/b><\/span><span style=\"font-size: medium;\"> Vous parlez donc d\u2019une observation qui est un \u00e9tat d\u2019\u00eatre, c\u2019est-\u00e0-dire que vous \u00e9voluez dans l\u2019observation, votre vie est une vie d\u2019observation\u2026<\/span><\/p>\n<p class=\"western\" align=\"justify\"><span style=\"font-size: medium;\"><b>K\u00a0:<\/b><\/span><span style=\"font-size: medium;\"> Oui, c\u2019est <\/span><span style=\"font-size: medium;\">exact.<\/span><\/p>\n<p class=\"western\" align=\"justify\"><span style=\"font-size: medium;\"><b>P.J. :<\/b><\/span><span style=\"font-size: medium;\"> De cette observation na\u00eet l\u2019action, l\u2019analyse <\/span><span style=\"font-size: medium;\">surgit<\/span><span style=\"font-size: medium;\">, la sagesse <\/span><span style=\"font-size: medium;\">vient<\/span><span style=\"font-size: medium;\">. Est-ce cela observer\u00a0? Malheureusement, nous observons, puis nous entrons dans <\/span><span style=\"font-size: medium;\">une <\/span><span style=\"font-size: medium;\">autre sph\u00e8re <\/span><span style=\"font-size: medium;\">o\u00f9 nous n\u2019<\/span><span style=\"font-size: medium;\">observ<\/span><span style=\"font-size: medium;\">ons plus<\/span><span style=\"font-size: medium;\"> et, par cons\u00e9quent, nous avons toujours ce double processus en cours. Aucun d\u2019entre nous ne sait ce qu\u2019est l\u2019observation. Aucun d\u2019entre nous ne peut dire qu\u2019il sait ce qu\u2019est une vie d\u2019observation.<\/span><\/p>\n<p class=\"western\" align=\"justify\"><span style=\"font-size: medium;\"><b>K\u00a0:<\/b><\/span><span style=\"font-size: medium;\"> Non. Je pense que c\u2019est tr\u00e8s simple\u00a0: Ne pouvez-vous pas observer une personne sans aucun <\/span><span style=\"font-size: medium;\">pr\u00e9jug\u00e9\u00a0?<\/span><\/p>\n<p class=\"western\" align=\"justify\"><span style=\"font-size: medium;\"><b>P.J.\u00a0:<\/b><\/span> <span style=\"font-size: medium;\">Oui.<\/span><\/p>\n<p class=\"western\" align=\"justify\"><span style=\"font-size: medium;\"><b>K\u00a0:<\/b><\/span><span style=\"font-size: medium;\"> Sans aucun concept\u00a0? Qu\u2019est-ce que cette observation implique\u00a0? Vous m\u2019observez ou je vous observe. Comment observez-vous\u00a0? Comment me regardez-vous\u00a0? Quelle est votre r\u00e9action \u00e0 cette observation\u00a0?<\/span><\/p>\n<p class=\"western\" align=\"justify\"><span style=\"font-size: medium;\"><b>P.J. :<\/b><\/span><span style=\"font-size: medium;\"> Avec toute l\u2019\u00e9nergie dont je dispose, je vous observe. Non, monsieur, cela devient tr\u00e8s personnel. C\u2019est pourquoi je ne poursuivrai pas dans cette voie.<\/span><\/p>\n<p class=\"western\" align=\"justify\"><span style=\"font-size: medium;\"><b>K\u00a0:<\/b><\/span><span style=\"font-size: medium;\"> Je m\u2019\u00e9loigne donc <\/span><span style=\"font-size: medium;\">de cela<\/span><span style=\"font-size: medium;\">.<\/span><\/p>\n<p class=\"western\" align=\"justify\"><span style=\"font-size: medium;\"><b>P.J. :<\/b><\/span><span style=\"font-size: medium;\"> Je ne peux pas dire que je ne sais pas ce que c\u2019est que d\u2019\u00eatre dans un \u00e9tat d\u2019observation sans observateur.<\/span><\/p>\n<p class=\"western\" align=\"justify\"><span style=\"font-size: medium;\"><b>K\u00a0:<\/b><\/span><span style=\"font-size: medium;\"> Pouvons-nous prendre cet exemple\u00a0? Disons que je suis mari\u00e9. J\u2019ai v\u00e9cu avec ma femme pendant un certain nombre d\u2019ann\u00e9es. J\u2019ai tous les souvenirs de ces vingt ans ou de ces cinq ans. De quelle mani\u00e8re est-ce que je la regarde\u00a0? Dites-moi. Je suis mari\u00e9 avec elle, j\u2019ai v\u00e9cu avec elle, sexuellement, et tout le reste. Quand je la vois le matin, comment je la regarde\u00a0? Quelle est ma r\u00e9action\u00a0? Est-ce que je la vois \u00e0 nouveau, comme si c\u2019\u00e9tait la premi\u00e8re fois, ou est-ce que je la regarde avec tous les souvenirs envahi<\/span><span style=\"font-size: medium;\">ssant<\/span><span style=\"font-size: medium;\"> mon esprit\u00a0?<\/span><\/p>\n<p class=\"western\" align=\"justify\"><span style=\"font-size: medium;\"><b>Q\u00a0:<\/b><\/span> <span style=\"font-family: Times New Roman, serif;\"><span style=\"font-size: medium;\">Les deux sont possibles.<\/span><\/span><\/p>\n<p class=\"western\" align=\"justify\"><span style=\"font-size: medium;\"><b>K\u00a0:<\/b><\/span><span style=\"font-size: medium;\"> Tout est possible, mais que se passe-t-il r\u00e9ellement ? Est-ce que j\u2019observe quelque chose pour la premi\u00e8re fois ? Lorsque je regarde la lune, la nouvelle lune qui s\u2019approche de l\u2019\u00e9toile du soir, est-ce que je la regarde comme si je ne l\u2019avais jamais vue auparavant ? L\u2019\u00e9merveillement, la beaut\u00e9, la lumi\u00e8re, est-ce que je regarde quelque chose comme si c\u2019\u00e9tait la premi\u00e8re fois ?<\/span><\/p>\n<p class=\"western\" align=\"justify\"><span style=\"font-size: medium;\"><b>Q\u00a0:<\/b><\/span><span style=\"font-size: medium;\"> Pouvons-nous mourir \u00e0 notre hier et \u00e0 notre <\/span><span style=\"font-size: medium;\">pass\u00e9\u00a0?<\/span><\/p>\n<p class=\"western\" align=\"justify\"><span style=\"font-size: medium;\"><b>K\u00a0:<\/b><\/span><span style=\"font-size: medium;\"> Oui, monsieur. Nous regardons toujours avec le poids du pass\u00e9. Il n\u2019y a donc pas de regard r\u00e9el. C\u2019est tr\u00e8s important. Quand je regarde ma femme, je ne la vois pas comme si je la voyais pour la premi\u00e8re fois. Mon cerveau est pris dans des souvenirs <\/span><span style=\"font-family: Times New Roman, serif;\"><span style=\"font-size: medium;\">\u00e0 son sujet ou \u00e0 propos<\/span><\/span><span style=\"font-size: medium;\"> de ceci ou de cela. Je regarde donc toujours \u00e0 partir du pass\u00e9. Est-il possible de regarder la lune, l\u2019\u00e9toile du soir, comme si c\u2019\u00e9tait la premi\u00e8re fois, sans toutes les associations qui s\u2019y rattachent\u00a0? Puis-je voir le coucher de soleil que j\u2019ai vu en Am\u00e9rique, en Angleterre, en Italie et ainsi de suite, comme si je le voyais pour la premi\u00e8re fois\u00a0? Ne dites pas \u00ab\u00a0oui\u00a0\u00bb. Cela signifie que mon cerveau n\u2019enregistre pas les pr\u00e9c\u00e9dents couchers de soleil que je connais.<\/span><\/p>\n<p class=\"western\" align=\"justify\"><span style=\"font-size: medium;\"><b>Q\u00a0:<\/b><\/span><span style=\"font-size: medium;\"> Tr\u00e8s rare. Comment sait-on qu\u2019il en est ainsi\u00a0? Vous demandez si vous pouvez voir la lune et l\u2019\u00e9toile du soir. C\u2019est peut-\u00eatre le souvenir de la premi\u00e8re fois qui vous fait regarder.<\/span><\/p>\n<p class=\"western\" align=\"justify\"><span style=\"font-size: medium;\"><b>K\u00a0:<\/b><\/span><span style=\"font-size: medium;\"> Je sais ce que vous demandez\u00a0; cela vous m\u00e8ne \u00e0 une autre question. Je demande s\u2019il est possible de ne pas enregistrer, sauf ce qui est absolument n\u00e9cessaire. Pourquoi devrais-je consigner l\u2019insulte que j\u2019ai pu recevoir ce matin, ou la flatterie\u00a0? Les deux sont identiques. Vous me flattez en disant que c\u2019est une bonne discussion, ou bien elle vient et dit que vous \u00eates un idiot. Pourquoi enregistrer l\u2019une ou l\u2019autre\u00a0?<\/span><\/p>\n<p class=\"western\" align=\"justify\"><span style=\"font-size: medium;\"><b>P.J. :<\/b><\/span><span style=\"font-size: medium;\"> Vous posez une question comme si vous vouliez dire que nous avons le choix d\u2019enregistrer ou de ne pas enregistrer.<\/span><\/p>\n<p class=\"western\" align=\"justify\"><span style=\"font-size: medium;\"><b>K\u00a0:<\/b><\/span><span style=\"font-size: medium;\"> Il n\u2019y a pas de choix. Je pose une question pour enqu\u00eater. Parce que le cerveau a enregistr\u00e9 l\u2019\u00e9cureuil sur le parapet ce matin, les cerfs-volants qui volent, tout ce que vous avez dit lors de notre discussion au d\u00e9jeuner, c\u2019est comme un disque de gramophone qui joue encore et encore. L\u2019esprit est constamment occup\u00e9, n\u2019est-ce pas\u00a0? Or, dans cette occupation, on ne peut pas \u00e9couter, on ne peut pas voir clairement. Il faut donc <\/span><span style=\"font-family: Times New Roman, serif;\"><span style=\"font-size: medium;\">enqu\u00eater<\/span><\/span><span style=\"font-size: medium;\"> pourquoi le cerveau est occup\u00e9. Je suis occup\u00e9 par Dieu, il est occup\u00e9 par le sexe, elle est occup\u00e9e par son mari, quelqu\u2019un est occup\u00e9 par le pouvoir, la position, la politique, l\u2019intelligence, etc. Pourquoi\u00a0? Est-ce parce que lorsque le cerveau n\u2019est pas occup\u00e9, il y a peur de n\u2019\u00eatre rien\u00a0? Parce que l\u2019occupation me donne le sentiment de vivre\u00a0? Mais si je ne suis pas occup\u00e9, je dis que je suis perdu. Est-ce pour cela que nous sommes occup\u00e9s du matin au soir\u00a0? Ou s\u2019agit-il d\u2019une habitude, qui s\u2019aff\u00fbte d\u2019elle-m\u00eame\u00a0? Cette occupation d\u00e9truit le cerveau et le rend m\u00e9canique. Maintenant, voit-<\/span><span style=\"font-size: medium;\">on<\/span><span style=\"font-size: medium;\"> qu\u2019on est <\/span><span style=\"font-size: medium;\">r\u00e9ellement <\/span><span style=\"font-size: medium;\">occup\u00e9\u00a0? Et en voyant cela, rester avec, ne pas dire, je ne veux pas \u00eatre occup\u00e9, ce n\u2019est pas bon pour le cerveau\u00a0? Peut-on simplement voir que l\u2019on est occup\u00e9\u00a0? Voyez ce qui se passe alors.<\/span><\/p>\n<p class=\"western\" align=\"justify\"><span style=\"font-size: medium;\">Lorsqu\u2019il y a occupation, il n\u2019y a pas d\u2019espace dans l\u2019esprit. Je suis la collection de toutes les exp\u00e9riences de l\u2019humanit\u00e9. L\u2019histoire de toute l\u2019humanit\u00e9, c\u2019est moi, si je sais comment lire le livre de moi. Vous voyez, nous sommes tellement conditionn\u00e9s \u00e0 cette id\u00e9e que nous sommes tous des individus s\u00e9par\u00e9s, que nous avons tous des cerveaux s\u00e9par\u00e9s, et que ces cerveaux s\u00e9par\u00e9s, avec leur activit\u00e9 \u00e9gocentrique, vont rena\u00eetre encore et encore. Je remets en question tout ce concept selon lequel je suis un individu, et non pas que je s<\/span><span style=\"font-size: medium;\">oi<\/span><span style=\"font-size: medium;\">s le collectif. Je suis l\u2019humanit\u00e9, pas la collectivit\u00e9.<\/span><\/p>\n<p class=\"western\" align=\"right\"><span style=\"font-size: medium;\">5\u00a0novembre 1981 New Delhi<\/span><\/p>\n","protected":false},"excerpt":{"rendered":"<p>Maintenant, lorsque j\u2019observe la peur, cette peur c\u2019est moi. Je ne suis pas s\u00e9par\u00e9 de cette peur. L\u2019observateur est donc l\u2019observ\u00e9. Dans cette observation, il n\u2019y a pas d\u2019observateur pour observer, car il n\u2019y a que le fait\u00a0: la peur c\u2019est moi, je ne suis pas s\u00e9par\u00e9 de la peur. Alors, quel est le besoin d\u2019analyse\u00a0? Dans cette observation, s\u2019il s\u2019agit d\u2019une observation pure, tout est r\u00e9v\u00e9l\u00e9, et je peux logiquement tout expliquer \u00e0 partir de cette observation sans analyse.<\/p>\n","protected":false},"author":2,"featured_media":12658,"comment_status":"closed","ping_status":"closed","sticky":false,"template":"","format":"standard","meta":{"footnotes":""},"categories":[5,89],"tags":[22,236,117,44,240,54,159,160],"class_list":["post-20513","post","type-post","status-publish","format-standard","has-post-thumbnail","hentry","category-interview","category-j-krishnamurti","tag-conditionnement","tag-image-mentale","tag-memoire","tag-observation","tag-processus-du-moi","tag-realite","tag-temps","tag-verite"],"yoast_head":"<!-- This site is optimized with the Yoast SEO plugin v27.0 - https:\/\/yoast.com\/product\/yoast-seo-wordpress\/ -->\n<title>L\u2019avenir de l\u2019humanit\u00e9\u00a0III. Discussion avec Krishnamurti - 3e mill\u00e9naire - Spiritualit\u00e9 - Connaissance de soi - Non-dualit\u00e9 - M\u00e9ditation<\/title>\n<meta name=\"robots\" content=\"index, follow, max-snippet:-1, max-image-preview:large, max-video-preview:-1\" \/>\n<link rel=\"canonical\" href=\"https:\/\/www.revue3emillenaire.com\/blog\/lavenir-de-lhumanite-iii-discussion-avec-krishnamurti\/\" \/>\n<meta property=\"og:locale\" content=\"fr_FR\" \/>\n<meta property=\"og:type\" content=\"article\" \/>\n<meta property=\"og:title\" content=\"L\u2019avenir de l\u2019humanit\u00e9\u00a0III. Discussion avec Krishnamurti - 3e mill\u00e9naire - Spiritualit\u00e9 - Connaissance de soi - Non-dualit\u00e9 - M\u00e9ditation\" \/>\n<meta property=\"og:description\" content=\"Maintenant, lorsque j\u2019observe la peur, cette peur c\u2019est moi. Je ne suis pas s\u00e9par\u00e9 de cette peur. L\u2019observateur est donc l\u2019observ\u00e9. Dans cette observation, il n\u2019y a pas d\u2019observateur pour observer, car il n\u2019y a que le fait\u00a0: la peur c\u2019est moi, je ne suis pas s\u00e9par\u00e9 de la peur. Alors, quel est le besoin d\u2019analyse\u00a0? Dans cette observation, s\u2019il s\u2019agit d\u2019une observation pure, tout est r\u00e9v\u00e9l\u00e9, et je peux logiquement tout expliquer \u00e0 partir de cette observation sans analyse.\" \/>\n<meta property=\"og:url\" content=\"https:\/\/www.revue3emillenaire.com\/blog\/lavenir-de-lhumanite-iii-discussion-avec-krishnamurti\/\" \/>\n<meta property=\"og:site_name\" content=\"3e mill\u00e9naire - Spiritualit\u00e9 - Connaissance de soi - Non-dualit\u00e9 - M\u00e9ditation\" \/>\n<meta property=\"article:published_time\" content=\"2025-03-14T21:35:56+00:00\" \/>\n<meta property=\"article:modified_time\" content=\"2025-03-16T11:53:39+00:00\" \/>\n<meta property=\"og:image\" content=\"https:\/\/www.revue3emillenaire.com\/blog\/wp-content\/uploads\/2012\/12\/krishnamurti1.jpg\" \/>\n\t<meta property=\"og:image:width\" content=\"124\" \/>\n\t<meta property=\"og:image:height\" content=\"160\" \/>\n\t<meta property=\"og:image:type\" content=\"image\/jpeg\" \/>\n<meta name=\"author\" content=\"3e mill\u00e9naire\" \/>\n<meta name=\"twitter:card\" content=\"summary_large_image\" \/>\n<meta name=\"twitter:label1\" content=\"\u00c9crit par\" \/>\n\t<meta name=\"twitter:data1\" content=\"3e mill\u00e9naire\" \/>\n\t<meta name=\"twitter:label2\" content=\"Dur\u00e9e de lecture estim\u00e9e\" \/>\n\t<meta name=\"twitter:data2\" content=\"19 minutes\" \/>\n<script type=\"application\/ld+json\" class=\"yoast-schema-graph\">{\"@context\":\"https:\/\/schema.org\",\"@graph\":[{\"@type\":\"Article\",\"@id\":\"https:\/\/www.revue3emillenaire.com\/blog\/lavenir-de-lhumanite-iii-discussion-avec-krishnamurti\/#article\",\"isPartOf\":{\"@id\":\"https:\/\/www.revue3emillenaire.com\/blog\/lavenir-de-lhumanite-iii-discussion-avec-krishnamurti\/\"},\"author\":{\"name\":\"3e mill\u00e9naire\",\"@id\":\"https:\/\/www.revue3emillenaire.com\/blog\/#\/schema\/person\/b692dacff720a5344a6190bc714397eb\"},\"headline\":\"L\u2019avenir de l\u2019humanit\u00e9\u00a0III. Discussion avec Krishnamurti\",\"datePublished\":\"2025-03-14T21:35:56+00:00\",\"dateModified\":\"2025-03-16T11:53:39+00:00\",\"mainEntityOfPage\":{\"@id\":\"https:\/\/www.revue3emillenaire.com\/blog\/lavenir-de-lhumanite-iii-discussion-avec-krishnamurti\/\"},\"wordCount\":4067,\"image\":{\"@id\":\"https:\/\/www.revue3emillenaire.com\/blog\/lavenir-de-lhumanite-iii-discussion-avec-krishnamurti\/#primaryimage\"},\"thumbnailUrl\":\"https:\/\/www.revue3emillenaire.com\/blog\/wp-content\/uploads\/2012\/12\/krishnamurti1.jpg\",\"keywords\":[\"Conditionnement\",\"image mentale\",\"m\u00e9moire\",\"Observation\",\"processus du moi\",\"R\u00e9alit\u00e9\",\"temps\",\"V\u00e9rit\u00e9\"],\"articleSection\":[\"Entretien\/Interview\",\"Krishnamurti J.\"],\"inLanguage\":\"fr-FR\"},{\"@type\":\"WebPage\",\"@id\":\"https:\/\/www.revue3emillenaire.com\/blog\/lavenir-de-lhumanite-iii-discussion-avec-krishnamurti\/\",\"url\":\"https:\/\/www.revue3emillenaire.com\/blog\/lavenir-de-lhumanite-iii-discussion-avec-krishnamurti\/\",\"name\":\"L\u2019avenir de l\u2019humanit\u00e9\u00a0III. Discussion avec Krishnamurti - 3e mill\u00e9naire - Spiritualit\u00e9 - Connaissance de soi - Non-dualit\u00e9 - M\u00e9ditation\",\"isPartOf\":{\"@id\":\"https:\/\/www.revue3emillenaire.com\/blog\/#website\"},\"primaryImageOfPage\":{\"@id\":\"https:\/\/www.revue3emillenaire.com\/blog\/lavenir-de-lhumanite-iii-discussion-avec-krishnamurti\/#primaryimage\"},\"image\":{\"@id\":\"https:\/\/www.revue3emillenaire.com\/blog\/lavenir-de-lhumanite-iii-discussion-avec-krishnamurti\/#primaryimage\"},\"thumbnailUrl\":\"https:\/\/www.revue3emillenaire.com\/blog\/wp-content\/uploads\/2012\/12\/krishnamurti1.jpg\",\"datePublished\":\"2025-03-14T21:35:56+00:00\",\"dateModified\":\"2025-03-16T11:53:39+00:00\",\"author\":{\"@id\":\"https:\/\/www.revue3emillenaire.com\/blog\/#\/schema\/person\/b692dacff720a5344a6190bc714397eb\"},\"breadcrumb\":{\"@id\":\"https:\/\/www.revue3emillenaire.com\/blog\/lavenir-de-lhumanite-iii-discussion-avec-krishnamurti\/#breadcrumb\"},\"inLanguage\":\"fr-FR\",\"potentialAction\":[{\"@type\":\"ReadAction\",\"target\":[\"https:\/\/www.revue3emillenaire.com\/blog\/lavenir-de-lhumanite-iii-discussion-avec-krishnamurti\/\"]}]},{\"@type\":\"ImageObject\",\"inLanguage\":\"fr-FR\",\"@id\":\"https:\/\/www.revue3emillenaire.com\/blog\/lavenir-de-lhumanite-iii-discussion-avec-krishnamurti\/#primaryimage\",\"url\":\"https:\/\/www.revue3emillenaire.com\/blog\/wp-content\/uploads\/2012\/12\/krishnamurti1.jpg\",\"contentUrl\":\"https:\/\/www.revue3emillenaire.com\/blog\/wp-content\/uploads\/2012\/12\/krishnamurti1.jpg\",\"width\":\"124\",\"height\":\"160\"},{\"@type\":\"BreadcrumbList\",\"@id\":\"https:\/\/www.revue3emillenaire.com\/blog\/lavenir-de-lhumanite-iii-discussion-avec-krishnamurti\/#breadcrumb\",\"itemListElement\":[{\"@type\":\"ListItem\",\"position\":1,\"name\":\"Accueil\",\"item\":\"https:\/\/www.revue3emillenaire.com\/blog\/\"},{\"@type\":\"ListItem\",\"position\":2,\"name\":\"L\u2019avenir de l\u2019humanit\u00e9\u00a0III. Discussion avec Krishnamurti\"}]},{\"@type\":\"WebSite\",\"@id\":\"https:\/\/www.revue3emillenaire.com\/blog\/#website\",\"url\":\"https:\/\/www.revue3emillenaire.com\/blog\/\",\"name\":\"3e mill\u00e9naire - Spiritualit\u00e9 - Connaissance de soi - Non-dualit\u00e9 - M\u00e9ditation\",\"description\":\"L&#039;Homme en devenir\",\"potentialAction\":[{\"@type\":\"SearchAction\",\"target\":{\"@type\":\"EntryPoint\",\"urlTemplate\":\"https:\/\/www.revue3emillenaire.com\/blog\/?s={search_term_string}\"},\"query-input\":{\"@type\":\"PropertyValueSpecification\",\"valueRequired\":true,\"valueName\":\"search_term_string\"}}],\"inLanguage\":\"fr-FR\"},{\"@type\":\"Person\",\"@id\":\"https:\/\/www.revue3emillenaire.com\/blog\/#\/schema\/person\/b692dacff720a5344a6190bc714397eb\",\"name\":\"3e mill\u00e9naire\",\"url\":\"https:\/\/www.revue3emillenaire.com\/blog\/author\/scoussa\/\"}]}<\/script>\n<!-- \/ Yoast SEO plugin. -->","yoast_head_json":{"title":"L\u2019avenir de l\u2019humanit\u00e9\u00a0III. Discussion avec Krishnamurti - 3e mill\u00e9naire - Spiritualit\u00e9 - Connaissance de soi - Non-dualit\u00e9 - M\u00e9ditation","robots":{"index":"index","follow":"follow","max-snippet":"max-snippet:-1","max-image-preview":"max-image-preview:large","max-video-preview":"max-video-preview:-1"},"canonical":"https:\/\/www.revue3emillenaire.com\/blog\/lavenir-de-lhumanite-iii-discussion-avec-krishnamurti\/","og_locale":"fr_FR","og_type":"article","og_title":"L\u2019avenir de l\u2019humanit\u00e9\u00a0III. Discussion avec Krishnamurti - 3e mill\u00e9naire - Spiritualit\u00e9 - Connaissance de soi - Non-dualit\u00e9 - M\u00e9ditation","og_description":"Maintenant, lorsque j\u2019observe la peur, cette peur c\u2019est moi. Je ne suis pas s\u00e9par\u00e9 de cette peur. L\u2019observateur est donc l\u2019observ\u00e9. Dans cette observation, il n\u2019y a pas d\u2019observateur pour observer, car il n\u2019y a que le fait\u00a0: la peur c\u2019est moi, je ne suis pas s\u00e9par\u00e9 de la peur. Alors, quel est le besoin d\u2019analyse\u00a0? Dans cette observation, s\u2019il s\u2019agit d\u2019une observation pure, tout est r\u00e9v\u00e9l\u00e9, et je peux logiquement tout expliquer \u00e0 partir de cette observation sans analyse.","og_url":"https:\/\/www.revue3emillenaire.com\/blog\/lavenir-de-lhumanite-iii-discussion-avec-krishnamurti\/","og_site_name":"3e mill\u00e9naire - Spiritualit\u00e9 - Connaissance de soi - Non-dualit\u00e9 - M\u00e9ditation","article_published_time":"2025-03-14T21:35:56+00:00","article_modified_time":"2025-03-16T11:53:39+00:00","og_image":[{"width":124,"height":160,"url":"https:\/\/www.revue3emillenaire.com\/blog\/wp-content\/uploads\/2012\/12\/krishnamurti1.jpg","type":"image\/jpeg"}],"author":"3e mill\u00e9naire","twitter_card":"summary_large_image","twitter_misc":{"\u00c9crit par":"3e mill\u00e9naire","Dur\u00e9e de lecture estim\u00e9e":"19 minutes"},"schema":{"@context":"https:\/\/schema.org","@graph":[{"@type":"Article","@id":"https:\/\/www.revue3emillenaire.com\/blog\/lavenir-de-lhumanite-iii-discussion-avec-krishnamurti\/#article","isPartOf":{"@id":"https:\/\/www.revue3emillenaire.com\/blog\/lavenir-de-lhumanite-iii-discussion-avec-krishnamurti\/"},"author":{"name":"3e mill\u00e9naire","@id":"https:\/\/www.revue3emillenaire.com\/blog\/#\/schema\/person\/b692dacff720a5344a6190bc714397eb"},"headline":"L\u2019avenir de l\u2019humanit\u00e9\u00a0III. Discussion avec Krishnamurti","datePublished":"2025-03-14T21:35:56+00:00","dateModified":"2025-03-16T11:53:39+00:00","mainEntityOfPage":{"@id":"https:\/\/www.revue3emillenaire.com\/blog\/lavenir-de-lhumanite-iii-discussion-avec-krishnamurti\/"},"wordCount":4067,"image":{"@id":"https:\/\/www.revue3emillenaire.com\/blog\/lavenir-de-lhumanite-iii-discussion-avec-krishnamurti\/#primaryimage"},"thumbnailUrl":"https:\/\/www.revue3emillenaire.com\/blog\/wp-content\/uploads\/2012\/12\/krishnamurti1.jpg","keywords":["Conditionnement","image mentale","m\u00e9moire","Observation","processus du moi","R\u00e9alit\u00e9","temps","V\u00e9rit\u00e9"],"articleSection":["Entretien\/Interview","Krishnamurti J."],"inLanguage":"fr-FR"},{"@type":"WebPage","@id":"https:\/\/www.revue3emillenaire.com\/blog\/lavenir-de-lhumanite-iii-discussion-avec-krishnamurti\/","url":"https:\/\/www.revue3emillenaire.com\/blog\/lavenir-de-lhumanite-iii-discussion-avec-krishnamurti\/","name":"L\u2019avenir de l\u2019humanit\u00e9\u00a0III. Discussion avec Krishnamurti - 3e mill\u00e9naire - Spiritualit\u00e9 - Connaissance de soi - Non-dualit\u00e9 - M\u00e9ditation","isPartOf":{"@id":"https:\/\/www.revue3emillenaire.com\/blog\/#website"},"primaryImageOfPage":{"@id":"https:\/\/www.revue3emillenaire.com\/blog\/lavenir-de-lhumanite-iii-discussion-avec-krishnamurti\/#primaryimage"},"image":{"@id":"https:\/\/www.revue3emillenaire.com\/blog\/lavenir-de-lhumanite-iii-discussion-avec-krishnamurti\/#primaryimage"},"thumbnailUrl":"https:\/\/www.revue3emillenaire.com\/blog\/wp-content\/uploads\/2012\/12\/krishnamurti1.jpg","datePublished":"2025-03-14T21:35:56+00:00","dateModified":"2025-03-16T11:53:39+00:00","author":{"@id":"https:\/\/www.revue3emillenaire.com\/blog\/#\/schema\/person\/b692dacff720a5344a6190bc714397eb"},"breadcrumb":{"@id":"https:\/\/www.revue3emillenaire.com\/blog\/lavenir-de-lhumanite-iii-discussion-avec-krishnamurti\/#breadcrumb"},"inLanguage":"fr-FR","potentialAction":[{"@type":"ReadAction","target":["https:\/\/www.revue3emillenaire.com\/blog\/lavenir-de-lhumanite-iii-discussion-avec-krishnamurti\/"]}]},{"@type":"ImageObject","inLanguage":"fr-FR","@id":"https:\/\/www.revue3emillenaire.com\/blog\/lavenir-de-lhumanite-iii-discussion-avec-krishnamurti\/#primaryimage","url":"https:\/\/www.revue3emillenaire.com\/blog\/wp-content\/uploads\/2012\/12\/krishnamurti1.jpg","contentUrl":"https:\/\/www.revue3emillenaire.com\/blog\/wp-content\/uploads\/2012\/12\/krishnamurti1.jpg","width":"124","height":"160"},{"@type":"BreadcrumbList","@id":"https:\/\/www.revue3emillenaire.com\/blog\/lavenir-de-lhumanite-iii-discussion-avec-krishnamurti\/#breadcrumb","itemListElement":[{"@type":"ListItem","position":1,"name":"Accueil","item":"https:\/\/www.revue3emillenaire.com\/blog\/"},{"@type":"ListItem","position":2,"name":"L\u2019avenir de l\u2019humanit\u00e9\u00a0III. Discussion avec Krishnamurti"}]},{"@type":"WebSite","@id":"https:\/\/www.revue3emillenaire.com\/blog\/#website","url":"https:\/\/www.revue3emillenaire.com\/blog\/","name":"3e mill\u00e9naire - Spiritualit\u00e9 - Connaissance de soi - Non-dualit\u00e9 - M\u00e9ditation","description":"L&#039;Homme en devenir","potentialAction":[{"@type":"SearchAction","target":{"@type":"EntryPoint","urlTemplate":"https:\/\/www.revue3emillenaire.com\/blog\/?s={search_term_string}"},"query-input":{"@type":"PropertyValueSpecification","valueRequired":true,"valueName":"search_term_string"}}],"inLanguage":"fr-FR"},{"@type":"Person","@id":"https:\/\/www.revue3emillenaire.com\/blog\/#\/schema\/person\/b692dacff720a5344a6190bc714397eb","name":"3e mill\u00e9naire","url":"https:\/\/www.revue3emillenaire.com\/blog\/author\/scoussa\/"}]}},"_links":{"self":[{"href":"https:\/\/www.revue3emillenaire.com\/blog\/wp-json\/wp\/v2\/posts\/20513","targetHints":{"allow":["GET"]}}],"collection":[{"href":"https:\/\/www.revue3emillenaire.com\/blog\/wp-json\/wp\/v2\/posts"}],"about":[{"href":"https:\/\/www.revue3emillenaire.com\/blog\/wp-json\/wp\/v2\/types\/post"}],"author":[{"embeddable":true,"href":"https:\/\/www.revue3emillenaire.com\/blog\/wp-json\/wp\/v2\/users\/2"}],"replies":[{"embeddable":true,"href":"https:\/\/www.revue3emillenaire.com\/blog\/wp-json\/wp\/v2\/comments?post=20513"}],"version-history":[{"count":0,"href":"https:\/\/www.revue3emillenaire.com\/blog\/wp-json\/wp\/v2\/posts\/20513\/revisions"}],"wp:featuredmedia":[{"embeddable":true,"href":"https:\/\/www.revue3emillenaire.com\/blog\/wp-json\/wp\/v2\/media\/12658"}],"wp:attachment":[{"href":"https:\/\/www.revue3emillenaire.com\/blog\/wp-json\/wp\/v2\/media?parent=20513"}],"wp:term":[{"taxonomy":"category","embeddable":true,"href":"https:\/\/www.revue3emillenaire.com\/blog\/wp-json\/wp\/v2\/categories?post=20513"},{"taxonomy":"post_tag","embeddable":true,"href":"https:\/\/www.revue3emillenaire.com\/blog\/wp-json\/wp\/v2\/tags?post=20513"}],"curies":[{"name":"wp","href":"https:\/\/api.w.org\/{rel}","templated":true}]}}