{"id":20527,"date":"2025-03-24T21:12:19","date_gmt":"2025-03-24T20:12:19","guid":{"rendered":"https:\/\/www.revue3emillenaire.com\/blog\/?p=20527"},"modified":"2025-03-24T22:57:26","modified_gmt":"2025-03-24T21:57:26","slug":"pourquoi-la-question-pouvez-vous-fournir-une-preuve-empirique-mesuree-de-lampleur-du-rechauffement-cause-par-le-co-est-vraiment-stupide-par-charles-rotter","status":"publish","type":"post","link":"https:\/\/www.revue3emillenaire.com\/blog\/pourquoi-la-question-pouvez-vous-fournir-une-preuve-empirique-mesuree-de-lampleur-du-rechauffement-cause-par-le-co-est-vraiment-stupide-par-charles-rotter\/","title":{"rendered":"Pourquoi la question \u00ab\u00a0Pouvez-vous fournir une preuve empirique mesur\u00e9e de l\u2019ampleur du r\u00e9chauffement caus\u00e9 par le CO?\u00a0\u00bb est vraiment stupide\u00a0? par Charles Rotter"},"content":{"rendered":"<p class=\"western\" align=\"justify\"><span style=\"color: #070707;\"><span style=\"font-size: medium;\">La question \u2014 \u00ab\u00a0<\/span><\/span><em><span style=\"color: #070707;\"><span style=\"font-size: medium;\">Pouvez-vous fournir une preuve empirique mesur\u00e9e de l\u2019ampleur du r\u00e9chauffement caus\u00e9 par le <\/span><\/span><\/em><em><span style=\"color: #070707;\"><sub><span style=\"font-size: medium;\">CO?<\/span><\/sub><\/span><\/em><em><span style=\"color: #070707;\"><span style=\"font-size: medium;\">\u00a0?\u00a0\u00bb<\/span><\/span><\/em><span style=\"color: #070707;\"><span style=\"font-size: medium;\"> \u2014 semble \u00e0 premi\u00e8re vue parfaitement rationnelle, voire scientifique. Pourtant, malgr\u00e9 son attrait, elle n\u2019est pas seulement sans r\u00e9ponse avec les m\u00e9thodes actuelles, elle refl\u00e8te \u00e9galement une mauvaise compr\u00e9hension du fonctionnement de la science du climat. Quelle que soit la position de chacun dans le d\u00e9bat sur le climat, y compris de ceux qui sont profond\u00e9ment sceptiques \u00e0 l\u2019\u00e9gard de l\u2019alarmisme climatique, il est important de reconna\u00eetre pourquoi cette question, telle qu\u2019elle est formul\u00e9e, est fondamentalement erron\u00e9e.<\/span><\/span><\/p>\n<p class=\"western\" align=\"justify\"><strong><span style=\"color: #070707;\"><span style=\"font-size: medium;\"><b>1. <\/b><\/span><\/span><\/strong><strong><span style=\"color: #070707;\"><span style=\"font-size: medium;\"><b>Elle<\/b><\/span><\/span><\/strong><strong><span style=\"color: #070707;\"><span style=\"font-size: medium;\"><b> exige l\u2019impossible\u00a0: <\/b><\/span><\/span><\/strong><strong><span style=\"color: #070707;\"><span style=\"font-size: medium;\"><b>une <\/b><\/span><\/span><\/strong><strong><span style=\"color: #070707;\"><span style=\"font-size: medium;\"><b>exp\u00e9rimentation contr\u00f4l\u00e9e \u00e0 l\u2019\u00e9chelle plan\u00e9taire<\/b><\/span><\/span><\/strong><\/p>\n<p class=\"western\" align=\"justify\"><span style=\"color: #070707;\"><span style=\"font-size: medium;\">L\u2019essentiel est qu\u2019elle demande une <\/span><\/span><em><span style=\"color: #070707;\"><span style=\"font-size: medium;\">preuve mesur\u00e9e, c\u2019<\/span><\/span><\/em><span style=\"color: #070707;\"><span style=\"font-size: medium;\">est-\u00e0-dire une mesure empirique directe d\u2019une variable isol\u00e9e<\/span><\/span><em><span style=\"color: #070707;\"><span style=\"font-size: medium;\">.<\/span><\/span><\/em><span style=\"color: #070707;\"><span style=\"font-size: medium;\"> Mais la Terre n\u2019est pas un laboratoire. On ne peut pas prendre une <\/span><\/span><span style=\"color: #070707;\"><span style=\"font-size: medium;\">plan\u00e8te<\/span><\/span><span style=\"color: #070707;\"><span style=\"font-size: medium;\">, la faire fonctionner avec 300\u00a0ppm <\/span><\/span><span style=\"color: #070707;\"><span style=\"font-size: medium;\">(partie par million) <\/span><\/span><span style=\"color: #070707;\"><span style=\"font-size: medium;\">de CO<\/span><\/span><span style=\"color: #070707;\"><span style=\"font-size: medium;\">?<\/span><\/span><span style=\"color: #070707;\"><span style=\"font-size: medium;\"> et une autre avec 420\u00a0ppm, <\/span><\/span><span style=\"color: #070707;\"><span style=\"font-size: medium;\">tout <\/span><\/span><span style=\"color: #070707;\"><span style=\"font-size: medium;\">en maintenant tout le reste constant (irradiation solaire, courants oc\u00e9aniques, activit\u00e9 volcanique, couverture nuageuse, etc.<\/span><\/span><span style=\"color: #070707;\"><span style=\"font-size: medium;\">), puis observer la diff\u00e9rence de temp\u00e9rature.<\/span><\/span><\/p>\n<p class=\"western\" align=\"justify\"><span style=\"color: #070707;\"><span style=\"font-size: medium;\">Le climat est par nature un syst\u00e8me complexe, chaotique et coupl\u00e9. Nous pouvons mesurer <\/span><\/span><span style=\"color: #070707;\"><span style=\"font-size: medium;\">d<\/span><\/span><span style=\"color: #070707;\"><span style=\"font-size: medium;\">es <\/span><\/span><strong><span style=\"color: #070707;\"><span style=\"font-size: medium;\"><b>corr\u00e9lations<\/b><\/span><\/span><\/strong><span style=\"color: #070707;\"><span style=\"font-size: medium;\">, faire des <\/span><\/span><strong><span style=\"color: #070707;\"><span style=\"font-size: medium;\">inf\u00e9rences<\/span><\/span><\/strong><span style=\"color: #070707;\"><span style=\"font-size: medium;\"> et utiliser des <\/span><\/span><strong><span style=\"color: #070707;\"><span style=\"font-size: medium;\"><b>mod\u00e8les, mais <\/b><\/span><\/span><\/strong><span style=\"color: #070707;\"><span style=\"font-size: medium;\">il n\u2019existe aucun cadre exp\u00e9rimental o\u00f9 l\u2019on puisse isoler le CO? et \u00ab\u00a0mesurer\u00a0\u00bb sa contribution exacte \u00e0 la temp\u00e9rature moyenne \u00e0 la surface du globe dans le monde r\u00e9el. Exiger ce type d\u2019isolement empirique revient \u00e0 demander la preuve directe qu\u2019une bouff\u00e9e de cigarette provoque le cancer \u2014 c\u2019est une exigence d\u00e9raisonnable pour des syst\u00e8mes complexes avec de multiples variables en interaction.<\/span><\/span><\/p>\n<p class=\"western\" align=\"justify\"><strong><span style=\"color: #070707;\"><span style=\"font-size: medium;\"><b>2. Elle confond for\u00e7age et attribution<\/b><\/span><\/span><\/strong><\/p>\n<p class=\"western\" align=\"justify\"><span style=\"color: #070707;\"><span style=\"font-size: medium;\">Le CO? est <\/span><\/span><strong><span style=\"color: #070707;\"><span style=\"font-size: medium;\"><b>un for\u00e7age radiatif, c\u2019est-\u00e0-dire un <\/b><\/span><\/span><\/strong><span style=\"color: #070707;\"><span style=\"font-size: medium;\">apport au syst\u00e8me climatique et non une production directe. Ce que nous avons, gr\u00e2ce \u00e0 la spectroscopie par satellite, ce sont des mesures montrant que le CO? absorbe et r\u00e9\u00e9met le rayonnement infrarouge. Nous mesurons le \u00ab\u00a0rayonnement <\/span><\/span><span style=\"color: #070707;\"><span style=\"font-size: medium;\">de retour<\/span><\/span><span style=\"color: #070707;\"><span style=\"font-size: medium;\">\u00a0\u00bb qui atteint les stations terrestres. C\u2019est mesurable et incontestable. L\u2019<\/span><\/span><em><span style=\"color: #070707;\"><span style=\"font-size: medium;\">ampleur de l\u2019effet de <\/span><\/span><\/em><span style=\"color: #070707;\"><span style=\"font-size: medium;\">ce for\u00e7age n\u2019est toutefois pas directement mesurable de mani\u00e8re isol\u00e9e. Elle est d\u00e9duite <\/span><\/span><span style=\"color: #070707;\"><span style=\"font-size: medium;\">par<\/span><\/span> <strong><span style=\"color: #070707;\"><span style=\"font-size: medium;\"><b>mod\u00e9lisation <\/b><\/span><\/span><\/strong><span style=\"color: #070707;\"><span style=\"font-size: medium;\">et des <\/span><\/span><strong><span style=\"color: #070707;\"><span style=\"font-size: medium;\"><b>\u00e9tudes statistiques d\u2019attribution<\/b><\/span><\/span><\/strong><span style=\"color: #070707;\"><span style=\"font-size: medium;\">.<\/span><\/span><\/p>\n<p class=\"western\" align=\"justify\"><span style=\"color: #070707;\"><span style=\"font-size: medium;\">Ces \u00e9tudes tentent d\u2019attribuer des fractions du r\u00e9chauffement observ\u00e9 \u00e0 diff\u00e9rentes causes\u00a0: gaz \u00e0 effet de serre, a\u00e9rosols, variabilit\u00e9 solaire, changement d\u2019utilisation des sols, etc. Elles s\u2019appuient sur des mod\u00e8les climatiques et des m\u00e9thodes statistiques, et non sur des mesures isol\u00e9es en laboratoire. Ainsi, si l\u2019on peut s\u2019interroger sur l\u2019ampleur du r\u00e9chauffement <\/span><\/span><em><span style=\"color: #070707;\"><span style=\"font-size: medium;\">attribu\u00e9 <\/span><\/span><\/em><span style=\"color: #070707;\"><span style=\"font-size: medium;\">au CO? sur la base de mod\u00e8les et d\u2019hypoth\u00e8ses, on ne peut pas la mesurer directement.<\/span><\/span><\/p>\n<p class=\"western\" align=\"justify\"><span style=\"color: #070707;\"><span style=\"font-size: medium;\">Pour ceux qui s\u2019irritent du mot \u00ab\u00a0<\/span><\/span><strong><span style=\"color: #070707;\"><span style=\"font-size: medium;\"><b>mod\u00e9lisation\u00a0\u00bb<\/b><\/span><\/span><\/strong><span style=\"color: #070707;\"><span style=\"font-size: medium;\">, c\u2019est par le biais de la mod\u00e9lisation que nous convertissons les mesures satellitaires de la luminosit\u00e9 en temp\u00e9ratures globales (par exemple, UAH 6.1).<\/span><\/span><\/p>\n<p class=\"western\" align=\"justify\"><strong><span style=\"color: #070707;\"><span style=\"font-size: medium;\"><b>3. Elle fait le jeu des alarmistes en simplifiant \u00e0 l\u2019extr\u00eame le d\u00e9bat<\/b><\/span><\/span><\/strong><\/p>\n<p class=\"western\" align=\"justify\"><span style=\"color: #070707;\"><span style=\"font-size: medium;\">Ironiquement, le fait de demander des \u00ab\u00a0preuves mesur\u00e9es\u00a0\u00bb du r\u00e9chauffement caus\u00e9 par le CO? en tant que pi\u00e8ge rh\u00e9torique se retourne souvent contre ceux qui la posent. Elle permet aux militants climatiques de pr\u00e9tendre que les sceptiques \u00ab\u00a0ne comprennent pas la science\u00a0\u00bb parce que, techniquement, la question est mal formul\u00e9e. Il leur permet de r\u00e9orienter la conversation vers un d\u00e9bat sur la \u00ab\u00a0science \u00e9tablie\u00a0\u00bb au niveau mol\u00e9culaire (le CO? absorbe le rayonnement infrarouge), alors que ce n\u2019est pas l\u00e0 que se situe le v\u00e9ritable d\u00e9bat.<\/span><\/span><\/p>\n<p class=\"western\" align=\"justify\"><span style=\"color: #070707;\"><span style=\"font-size: medium;\">La position sceptique s\u00e9rieuse ne consiste pas \u00e0 nier la physique radiative, mais \u00e0 s\u2019interroger sur <\/span><\/span><strong><span style=\"color: #070707;\"><span style=\"font-size: medium;\"><b>l\u2019ampleur du r\u00e9chauffement qui en r\u00e9sultera<\/b><\/span><\/span><\/strong><span style=\"color: #070707;\"><span style=\"font-size: medium;\">, sur <\/span><\/span><strong><span style=\"color: #070707;\"><span style=\"font-size: medium;\"><b>les performances des mod\u00e8les<\/b><\/span><\/span><\/strong><span style=\"color: #070707;\"><span style=\"font-size: medium;\">, <\/span><\/span><strong><span style=\"color: #070707;\"><span style=\"font-size: medium;\"><b>sur le comportement des r\u00e9troactions<\/b><\/span><\/span><\/strong><span style=\"color: #070707;\"><span style=\"font-size: medium;\">, sur <\/span><\/span><strong><span style=\"color: #070707;\"><span style=\"font-size: medium;\"><b>la fiabilit\u00e9 des relev\u00e9s de temp\u00e9rature <\/b><\/span><\/span><\/strong><span style=\"color: #070707;\"><span style=\"font-size: medium;\">et, plus important encore, sur l<\/span><\/span><span style=\"color: #070707;\"><span style=\"font-size: medium;\">a pertinenc<\/span><\/span><span style=\"color: #070707;\"><span style=\"font-size: medium;\">e <\/span><\/span><strong><span style=\"color: #070707;\"><span style=\"font-size: medium;\"><b>des politiques climatiques fond\u00e9es sur des projections incertaines<\/b><\/span><\/span><\/strong><span style=\"color: #070707;\"><span style=\"font-size: medium;\">. C\u2019est l\u00e0 qu\u2019il faut se battre, et non sur des arguments de paille concernant des preuves mesur\u00e9es.<\/span><\/span><\/p>\n<p class=\"western\" align=\"justify\"><strong><span style=\"color: #070707;\"><span style=\"font-size: medium;\"><b>4. Elle occulte le vrai probl\u00e8me\u00a0: la d\u00e9pendance du mod\u00e8le et les hypoth\u00e8ses de r\u00e9troaction<\/b><\/span><\/span><\/strong><\/p>\n<p class=\"western\" align=\"justify\"><span style=\"color: #070707;\"><span style=\"font-size: medium;\">M\u00eame le GIEC ne pr\u00e9tend pas que le r\u00e9chauffement d\u00fb au CO? peut \u00eatre directement mesur\u00e9. Il utilise plut\u00f4t des \u00ab\u00a0\u00e9tudes d\u2019attribution\u00a0\u00bb bas\u00e9es sur des simulations de mod\u00e8les. Par exemple, ils simulent le climat de la Terre <\/span><\/span><em><span style=\"color: #070707;\"><span style=\"font-size: medium;\">avec <\/span><\/span><\/em><span style=\"color: #070707;\"><span style=\"font-size: medium;\">et <\/span><\/span><em><span style=\"color: #070707;\"><span style=\"font-size: medium;\">sans <\/span><\/span><\/em><span style=\"color: #070707;\"><span style=\"font-size: medium;\">CO? anthropique, puis comparent les r\u00e9sultats des mod\u00e8les aux temp\u00e9ratures observ\u00e9es.<\/span><\/span><\/p>\n<p class=\"western\" align=\"justify\"><span style=\"color: #070707;\"><span style=\"font-size: medium;\">Il en r\u00e9sulte une affirmation telle que \u00ab\u00a0la majeure partie du r\u00e9chauffement observ\u00e9 depuis 1950 est tr\u00e8s probablement due \u00e0 l\u2019activit\u00e9 humaine\u00a0\u00bb \u2014 mais il s\u2019agit d\u2019une d\u00e9duction bas\u00e9e sur un mod\u00e8le, et non d\u2019une mesure. Les r\u00e9troactions suppos\u00e9es dans ces mod\u00e8les (en particulier la vapeur d\u2019eau et les nuages) sont <\/span><\/span><span style=\"color: #070707;\"><span style=\"font-size: medium;\">encore <\/span><\/span><span style=\"color: #070707;\"><span style=\"font-size: medium;\">mal comprises, et de petites modifications de ces hypoth\u00e8ses entra\u00eenent de grandes variations dans les pr\u00e9visions de r\u00e9chauffement.<\/span><\/span><\/p>\n<p class=\"western\" align=\"justify\"><span style=\"color: #070707;\"><span style=\"font-size: medium;\">Un sceptique raisonnable se concentrerait sur ce point\u00a0: <\/span><\/span><span style=\"color: #070707;\"><span style=\"font-size: medium;\">non<\/span><\/span><span style=\"color: #070707;\"><span style=\"font-size: medium;\"> pas de nier que le CO? est un gaz \u00e0 effet de serre, mais de souligner l\u2019immense incertitude quant \u00e0 l\u2019ampleur du r\u00e9chauffement r\u00e9sultant d\u2019un doublement <\/span><\/span><span style=\"color: #070707;\"><span style=\"font-size: medium;\">de la quantit\u00e9 <\/span><\/span><span style=\"color: #070707;\"><span style=\"font-size: medium;\">du CO? (sensibilit\u00e9 du climat), <\/span><\/span><span style=\"color: #070707;\"><span style=\"font-size: medium;\">ampleur <\/span><\/span><span style=\"color: #070707;\"><span style=\"font-size: medium;\">qui varie encore consid\u00e9rablement dans la litt\u00e9rature. C\u2019est l\u00e0 que r\u00e9side le v\u00e9ritable enjeu, et non dans la demande de quelque chose que personne ne peut fournir.<\/span><\/span><\/p>\n<p class=\"western\" align=\"justify\"><strong><span style=\"color: #070707;\"><span style=\"font-size: medium;\"><b>5<\/b><\/span><\/span><\/strong><span style=\"color: #070707;\"><span style=\"font-size: medium;\">. <\/span><\/span><span style=\"color: #070707;\"><span style=\"font-size: medium;\"><b>Elle<\/b><\/span><\/span><strong><span style=\"color: #070707;\"><span style=\"font-size: medium;\"><b> encourage le pi\u00e8ge de la pens\u00e9e binaire<\/b><\/span><\/span><\/strong><\/p>\n<p class=\"western\" align=\"justify\"><span style=\"color: #070707;\"><span style=\"font-size: medium;\">Les sceptiques tombent souvent dans un pi\u00e8ge en faisant comme si tout le d\u00e9bat sur le climat reposait sur l<\/span><\/span><span style=\"color: #070707;\"><span style=\"font-size: medium;\">e caract\u00e8re <\/span><\/span><span style=\"color: #070707;\"><span style=\"font-size: medium;\">noci<\/span><\/span><span style=\"color: #070707;\"><span style=\"font-size: medium;\">f<\/span><\/span><span style=\"color: #070707;\"><span style=\"font-size: medium;\"> d<\/span><\/span><span style=\"color: #070707;\"><span style=\"font-size: medium;\">u<\/span><\/span><span style=\"color: #070707;\"><span style=\"font-size: medium;\"> CO?. Mais m\u00eame si le CO? r\u00e9chauffe <\/span><\/span><em><span style=\"color: #070707;\"><span style=\"font-size: medium;\">quelque peu <\/span><\/span><\/em><span style=\"color: #070707;\"><span style=\"font-size: medium;\">la plan\u00e8te, le vrai d\u00e9bat porte sur l\u2019ampleur, le <\/span><\/span><span style=\"color: #070707;\"><span style=\"font-size: medium;\">timing<\/span><\/span><span style=\"color: #070707;\"><span style=\"font-size: medium;\">, les impacts et le <\/span><\/span><span style=\"color: #070707;\"><span style=\"font-size: medium;\">rapport<\/span><\/span><span style=\"color: #070707;\"><span style=\"font-size: medium;\"> co\u00fbt-<\/span><\/span><span style=\"color: #070707;\"><span style=\"font-size: medium;\">b\u00e9n\u00e9fic<\/span><\/span><span style=\"color: #070707;\"><span style=\"font-size: medium;\">e des politiques climatiques.<\/span><\/span><\/p>\n<p class=\"western\" align=\"justify\"><span style=\"color: #070707;\"><span style=\"font-size: medium;\">Exiger une preuve <\/span><\/span><em><span style=\"color: #070707;\"><span style=\"font-size: medium;\">mesur\u00e9e <\/span><\/span><\/em><span style=\"color: #070707;\"><span style=\"font-size: medium;\">de l\u2019ampleur du r\u00e9chauffement caus\u00e9 par le CO? invite \u00e0 <\/span><\/span><span style=\"color: #070707;\"><span style=\"font-size: medium;\">une r\u00e9ponse binaire (<\/span><\/span><span style=\"color: #070707;\"><span style=\"font-size: medium;\">oui ou non<\/span><\/span><span style=\"color: #070707;\"><span style=\"font-size: medium;\">)<\/span><\/span><span style=\"color: #070707;\"><span style=\"font-size: medium;\">, alors qu\u2019il s\u2019agit en r\u00e9alit\u00e9 de distributions de probabilit\u00e9s, d\u2019intervalles de confiance et d\u2019incertitudes. Cela va tout \u00e0 fait dans le sens de la pens\u00e9e absolutiste qui domine la rh\u00e9torique climatique dominante.<\/span><\/span><\/p>\n<p class=\"western\" align=\"justify\"><strong><span style=\"color: #070707;\"><span style=\"font-size: medium;\"><b>Poser des questions plus intelligentes \u2014 parce que les donn\u00e9es ne sont <\/b><\/span><\/span><\/strong><strong><span style=\"color: #070707;\"><span style=\"font-size: medium;\"><b>aussi pr\u00e9cises<\/b><\/span><\/span><\/strong><\/p>\n<p class=\"western\" align=\"justify\"><span style=\"color: #070707;\"><span style=\"font-size: medium;\">Exiger des <\/span><\/span><em><span style=\"color: #070707;\"><span style=\"font-size: medium;\">preuves mesur\u00e9es <\/span><\/span><\/em><span style=\"color: #070707;\"><span style=\"font-size: medium;\">de l\u2019ampleur du r\u00e9chauffement caus\u00e9 par le CO? est une impasse rh\u00e9torique, non pas parce qu\u2019il est d\u00e9raisonnable de chercher des preuves, mais parce que cela trahit une mauvaise compr\u00e9hension de ce qui est empiriquement mesurable dans un syst\u00e8me climatique plan\u00e9taire. La question s\u2019effondre sous sa propre exigence de pr\u00e9cision impossible dans un syst\u00e8me bruyant, chaotique et multifactoriel.<\/span><\/span><\/p>\n<p class=\"western\" align=\"justify\"><span style=\"color: #070707;\"><span style=\"font-size: medium;\">Un scepticisme bien plus productif \u2014 et scientifiquement fond\u00e9 \u2014 cible le ventre mou du consensus climatique\u00a0: les <\/span><\/span><strong><span style=\"color: #070707;\"><span style=\"font-size: medium;\"><b>hypoth\u00e8ses, les incertitudes et les probl\u00e8mes de mesure <\/b><\/span><\/span><\/strong><span style=\"color: #070707;\"><span style=\"font-size: medium;\">qui sous-tendent l\u2019ensemble du r\u00e9cit.<\/span><\/span><\/p>\n<p class=\"western\" align=\"justify\"><span style=\"color: #070707;\"><span style=\"font-size: medium;\">Commencez par les relev\u00e9s de temp\u00e9rature eux-m\u00eames. Les s\u00e9ries de temp\u00e9ratures de surface \u00e0 long terme souffrent d\u2019importants probl\u00e8mes de fiabilit\u00e9. Les stations m\u00e9t\u00e9orologiques ont vieilli, se sont d\u00e9plac\u00e9es, ont \u00e9t\u00e9 entour\u00e9es par l des infrastructures urbaines, <\/span><\/span><span style=\"color: #070707;\"><span style=\"font-size: medium;\">ou<\/span><\/span><span style=\"color: #070707;\"><span style=\"font-size: medium;\"> ont \u00e9t\u00e9 modernis\u00e9es avec des instruments diff\u00e9rents, ce qui peut introduire des inhomog\u00e9n\u00e9it\u00e9s et des tendances artificielles. Les ajustements apport\u00e9s aux donn\u00e9es brutes sont souvent opaques et mal justifi\u00e9s, ce qui soul\u00e8ve des questions quant \u00e0 l\u2019ampleur du r\u00e9chauffement r\u00e9el par rapport au r\u00e9chauffement \u00ab\u00a0corrig\u00e9\u00a0\u00bb.<\/span><\/span><\/p>\n<p class=\"western\" align=\"justify\"><span style=\"color: #070707;\"><span style=\"font-size: medium;\">En<\/span><\/span><span style=\"color: #070707;\"><span style=\"font-size: medium;\">suite<\/span><\/span><span style=\"color: #070707;\"><span style=\"font-size: medium;\">, l\u2019estimation de variables globales telles que le <\/span><\/span><strong><span style=\"color: #070707;\"><span style=\"font-size: medium;\"><b>contenu thermique des oc\u00e9ans \u2014 une <\/b><\/span><\/span><\/strong><span style=\"color: #070707;\"><span style=\"font-size: medium;\">mesure essentielle pour les affirmations d\u2019<\/span><\/span><span style=\"color: #070707;\"><span style=\"font-size: medium;\">un<\/span><\/span><span style=\"color: #070707;\"><span style=\"font-size: medium;\"> \u00ab\u00a0r\u00e9chauffement sans pr\u00e9c\u00e9dent\u00a0\u00bb \u2014 est beaucoup plus incertaine. Avant le d\u00e9ploiement des flotteurs ARGO au d\u00e9but des ann\u00e9es\u00a02000, les temp\u00e9ratures oc\u00e9aniques \u00e9taient mesur\u00e9es par un assemblage h\u00e9t\u00e9roclite de capteurs embarqu\u00e9s sur des navires et de bathythermographes, produisant des donn\u00e9es rares, in\u00e9gales et incoh\u00e9rentes. Aujourd\u2019hui encore, les flotteurs ARGO n\u2019\u00e9chantillonnent qu\u2019une petite <\/span><\/span><span style=\"color: #070707;\"><span style=\"font-size: medium;\">fraction<\/span><\/span><span style=\"color: #070707;\"><span style=\"font-size: medium;\"> du volume oc\u00e9an<\/span><\/span><span style=\"color: #070707;\"><span style=\"font-size: medium;\">ique<\/span><\/span><span style=\"color: #070707;\"><span style=\"font-size: medium;\"> et ne descendent pas assez profond\u00e9ment pour d\u00e9tecter avec une grande certitude les tendances thermiques \u00e0 long terme.<\/span><\/span><\/p>\n<p class=\"western\" align=\"justify\"><span style=\"color: #070707;\"><span style=\"font-size: medium;\">Sur cette base empirique fragile, les mod\u00e9lisateurs climatiques superposent leurs hypoth\u00e8ses sur le for\u00e7age radiatif, les r\u00e9troactions et le comportement des nuages afin de produire des projections pour des d\u00e9cennies \u00e0 venir, projections qui ont syst\u00e9matiquement surestim\u00e9 le r\u00e9chauffement \u00e0 court terme.<\/span><\/span><\/p>\n<p class=\"western\" align=\"justify\"><span style=\"color: #070707;\"><span style=\"font-size: medium;\">Ainsi, plut\u00f4t que de demander quelque chose qui ne peut \u00eatre mesur\u00e9 \u2014 comme une <\/span><\/span><span style=\"color: #070707;\"><span style=\"font-size: medium;\">mesur<\/span><\/span><span style=\"color: #070707;\"><span style=\"font-size: medium;\">e isol\u00e9e de l\u2019effet de r\u00e9chauffement du CO? \u2014 les sceptiques devraient se concentrer sur ce qui peut \u00eatre mesur\u00e9, et sur la <\/span><\/span><span style=\"color: #070707;\"><span style=\"font-size: medium;\">mauvaise qualit\u00e9<\/span><\/span><span style=\"color: #070707;\"><span style=\"font-size: medium;\"> de ce<\/span><\/span><span style=\"color: #070707;\"><span style=\"font-size: medium;\">s<\/span><\/span><span style=\"color: #070707;\"><span style=\"font-size: medium;\"> mesure<\/span><\/span><span style=\"color: #070707;\"><span style=\"font-size: medium;\">s<\/span><\/span><span style=\"color: #070707;\"><span style=\"font-size: medium;\">. Demandez <\/span><\/span><span style=\"color: #070707;\"><span style=\"font-size: medium;\">par exemple<\/span><\/span><span style=\"color: #070707;\"><span style=\"font-size: medium;\">\u00a0:<\/span><\/span><\/p>\n<ul>\n<li style=\"list-style-type: none;\">\n<ul>\n<li>\n<p class=\"western\" align=\"justify\"><span style=\"color: #070707;\"><span style=\"font-size: medium;\">Comment les donn\u00e9es de temp\u00e9rature ont-elles \u00e9t\u00e9 ajust\u00e9es et quel est l\u2019impact de ces ajustements\u00a0?<\/span><\/span><\/p>\n<\/li>\n<li>\n<p class=\"western\" align=\"justify\"><span style=\"color: #070707;\"><span style=\"font-size: medium;\">Quelle est la sensibilit\u00e9 des mod\u00e8les climatiques aux conditions initiales et \u00e0 l\u2019ajustement subjectif des param\u00e8tres\u00a0?<\/span><\/span><\/p>\n<\/li>\n<li>\n<p class=\"western\" align=\"justify\"><span style=\"color: #070707;\"><span style=\"font-size: medium;\">Quelles sont les marges d\u2019erreur dans les estimations du contenu thermique des oc\u00e9ans au fil du temps\u00a0?<\/span><\/span><\/p>\n<\/li>\n<li>\n<p class=\"western\" align=\"justify\"><span style=\"color: #070707;\"><span style=\"font-size: medium;\">Pourquoi les reconstructions historiques s\u2019appuient-elles si fortement sur la r\u00e9analyse mod\u00e9lis\u00e9e plut\u00f4t que sur l\u2019observation directe\u00a0?<\/span><\/span><\/p>\n<\/li>\n<li>\n<p class=\"western\" align=\"justify\"><span style=\"color: #070707;\"><span style=\"font-size: medium;\">Les politiques de r\u00e9duction des \u00e9missions sont-elles rentables\u00a0?<\/span><\/span><\/p>\n<\/li>\n<li>\n<p class=\"western\" align=\"justify\"><span style=\"color: #070707;\"><span style=\"font-size: medium;\">Quels dommages involontaires peuvent \u00eatre caus\u00e9s par <\/span><\/span><span style=\"color: #070707;\"><span style=\"font-size: medium;\">c<\/span><\/span><span style=\"color: #070707;\"><span style=\"font-size: medium;\">es politiques d\u2019att\u00e9nuation.<\/span><\/span><\/p>\n<\/li>\n<li>\n<p class=\"western\" align=\"justify\"><span style=\"color: #070707;\"><span style=\"font-size: medium;\">Pourquoi les <\/span><\/span><span style=\"color: #070707;\"><span style=\"font-size: medium;\">b\u00e9n\u00e9fic<\/span><\/span><span style=\"color: #070707;\"><span style=\"font-size: medium;\">es de l\u2019augmentation des \u00e9missions de CO? ne sont-ils pas pris en compte dans les calculs des effets sur la soci\u00e9t\u00e9\u00a0?<\/span><\/span><\/p>\n<\/li>\n<\/ul>\n<\/li>\n<\/ul>\n<p class=\"western\" align=\"justify\"><span style=\"color: #070707;\"><span style=\"font-size: medium;\">C\u2019est l\u00e0 que le scepticisme honn\u00eate et disciplin\u00e9 a sa place, non pas en exigeant une mesure que la physique et la complexit\u00e9 du syst\u00e8me terrestre ne permettent tout simplement pas, mais en soulignant l<\/span><\/span><span style=\"color: #070707;\"><span style=\"font-size: medium;\">es <\/span><\/span><span style=\"color: #070707;\"><span style=\"font-size: medium;\">bases chancelantes<\/span><\/span> <span style=\"color: #070707;\"><span style=\"font-size: medium;\">sur le<\/span><\/span><span style=\"color: #070707;\"><span style=\"font-size: medium;\">s<\/span><\/span><span style=\"color: #070707;\"><span style=\"font-size: medium;\">quel<\/span><\/span><span style=\"color: #070707;\"><span style=\"font-size: medium;\">les<\/span><\/span> <span style=\"color: #070707;\"><span style=\"font-size: medium;\">reposent <\/span><\/span><span style=\"color: #070707;\"><span style=\"font-size: medium;\">des politiques co\u00fbteuses et de grande envergure. Il s\u2019agit de mettre en <\/span><\/span><span style=\"color: #070707;\"><span style=\"font-size: medium;\">lumi\u00e8re<\/span><\/span><span style=\"color: #070707;\"><span style=\"font-size: medium;\"> les <\/span><\/span><em><span style=\"color: #070707;\"><span style=\"font-size: medium;\">hypoth\u00e8ses<\/span><\/span><\/em><span style=\"color: #070707;\"><span style=\"font-size: medium;\">, les <\/span><\/span><em><span style=\"color: #070707;\"><span style=\"font-size: medium;\">incertitudes <\/span><\/span><\/em><span style=\"color: #070707;\"><span style=\"font-size: medium;\">et les <\/span><\/span><em><span style=\"color: #070707;\"><span style=\"font-size: medium;\">limites de la mod\u00e9lisation <\/span><\/span><\/em><span style=\"color: #070707;\"><span style=\"font-size: medium;\">qui sous-tendent l\u2019ensemble de l\u2019\u00e9difice de la politique climatique. C\u2019est l\u00e0 que le scepticisme peut \u00eatre scientifiquement rigoureux, efficace et intellectuellement honn\u00eate.<\/span><\/span><\/p>\n<p class=\"western\" align=\"justify\"><span style=\"font-size: medium;\">Texte original publi\u00e9 le 22\u00a0mars 2025\u00a0: <\/span><span style=\"color: #000080;\"><u><a href=\"https:\/\/wattsupwiththat.com\/2025\/03\/22\/why-can-you-provide-empirical-measured-proof-of-how-much-warming-is-caused-by-co2-is-a-really-stupid-question\/\" target=\"_blank\" rel=\"noopener\"><span style=\"font-size: medium;\">https:\/\/wattsupwiththat.com\/2025\/03\/22\/why-can-you-provide-empirical-measured-proof-of-how-much-warming-is-caused-by-co2-is-a-really-stupid-question\/<\/span><\/a><\/u><\/span><\/p>\n","protected":false},"excerpt":{"rendered":"<p>le scepticisme honn\u00eate et disciplin\u00e9 a sa place, non pas en exigeant une mesure que la physique et la complexit\u00e9 du syst\u00e8me terrestre ne permettent tout simplement pas, mais en soulignant les bases chancelantes sur lesquelles reposent des politiques co\u00fbteuses et de grande envergure. Il s\u2019agit de mettre en lumi\u00e8re les hypoth\u00e8ses, les incertitudes et les limites de la mod\u00e9lisation qui sous-tendent l\u2019ensemble de l\u2019\u00e9difice de la politique climatique. C\u2019est l\u00e0 que le scepticisme peut \u00eatre scientifiquement rigoureux, efficace et intellectuellement honn\u00eate.<\/p>\n","protected":false},"author":2,"featured_media":19644,"comment_status":"closed","ping_status":"closed","sticky":false,"template":"","format":"standard","meta":{"footnotes":""},"categories":[1540],"tags":[1702,2091,1739],"class_list":["post-20527","post","type-post","status-publish","format-standard","has-post-thumbnail","hentry","category-actualite","tag-changement-climatique","tag-mesure","tag-modele"],"yoast_head":"<!-- This site is optimized with the Yoast SEO plugin v27.0 - https:\/\/yoast.com\/product\/yoast-seo-wordpress\/ -->\n<title>Pourquoi la question \u00ab\u00a0Pouvez-vous fournir une preuve empirique mesur\u00e9e de l\u2019ampleur du r\u00e9chauffement caus\u00e9 par le CO?\u00a0\u00bb est vraiment stupide\u00a0? par Charles Rotter - 3e mill\u00e9naire - Spiritualit\u00e9 - Connaissance de soi - Non-dualit\u00e9 - M\u00e9ditation<\/title>\n<meta name=\"robots\" content=\"index, follow, max-snippet:-1, max-image-preview:large, max-video-preview:-1\" \/>\n<link rel=\"canonical\" href=\"https:\/\/www.revue3emillenaire.com\/blog\/pourquoi-la-question-pouvez-vous-fournir-une-preuve-empirique-mesuree-de-lampleur-du-rechauffement-cause-par-le-co-est-vraiment-stupide-par-charles-rotter\/\" \/>\n<meta property=\"og:locale\" content=\"fr_FR\" \/>\n<meta property=\"og:type\" content=\"article\" \/>\n<meta property=\"og:title\" content=\"Pourquoi la question \u00ab\u00a0Pouvez-vous fournir une preuve empirique mesur\u00e9e de l\u2019ampleur du r\u00e9chauffement caus\u00e9 par le CO?\u00a0\u00bb est vraiment stupide\u00a0? par Charles Rotter - 3e mill\u00e9naire - Spiritualit\u00e9 - Connaissance de soi - Non-dualit\u00e9 - M\u00e9ditation\" \/>\n<meta property=\"og:description\" content=\"le scepticisme honn\u00eate et disciplin\u00e9 a sa place, non pas en exigeant une mesure que la physique et la complexit\u00e9 du syst\u00e8me terrestre ne permettent tout simplement pas, mais en soulignant les bases chancelantes sur lesquelles reposent des politiques co\u00fbteuses et de grande envergure. Il s\u2019agit de mettre en lumi\u00e8re les hypoth\u00e8ses, les incertitudes et les limites de la mod\u00e9lisation qui sous-tendent l\u2019ensemble de l\u2019\u00e9difice de la politique climatique. C\u2019est l\u00e0 que le scepticisme peut \u00eatre scientifiquement rigoureux, efficace et intellectuellement honn\u00eate.\" \/>\n<meta property=\"og:url\" content=\"https:\/\/www.revue3emillenaire.com\/blog\/pourquoi-la-question-pouvez-vous-fournir-une-preuve-empirique-mesuree-de-lampleur-du-rechauffement-cause-par-le-co-est-vraiment-stupide-par-charles-rotter\/\" \/>\n<meta property=\"og:site_name\" content=\"3e mill\u00e9naire - Spiritualit\u00e9 - Connaissance de soi - Non-dualit\u00e9 - M\u00e9ditation\" \/>\n<meta property=\"article:published_time\" content=\"2025-03-24T20:12:19+00:00\" \/>\n<meta property=\"article:modified_time\" content=\"2025-03-24T21:57:26+00:00\" \/>\n<meta property=\"og:image\" content=\"https:\/\/www.revue3emillenaire.com\/blog\/wp-content\/uploads\/2023\/11\/Irradoiseau.jpg\" \/>\n\t<meta property=\"og:image:width\" content=\"700\" \/>\n\t<meta property=\"og:image:height\" content=\"466\" \/>\n\t<meta property=\"og:image:type\" content=\"image\/jpeg\" \/>\n<meta name=\"author\" content=\"3e mill\u00e9naire\" \/>\n<meta name=\"twitter:card\" content=\"summary_large_image\" \/>\n<meta name=\"twitter:label1\" content=\"\u00c9crit par\" \/>\n\t<meta name=\"twitter:data1\" content=\"3e mill\u00e9naire\" \/>\n\t<meta name=\"twitter:label2\" content=\"Dur\u00e9e de lecture estim\u00e9e\" \/>\n\t<meta name=\"twitter:data2\" content=\"8 minutes\" \/>\n<script type=\"application\/ld+json\" class=\"yoast-schema-graph\">{\"@context\":\"https:\/\/schema.org\",\"@graph\":[{\"@type\":\"Article\",\"@id\":\"https:\/\/www.revue3emillenaire.com\/blog\/pourquoi-la-question-pouvez-vous-fournir-une-preuve-empirique-mesuree-de-lampleur-du-rechauffement-cause-par-le-co-est-vraiment-stupide-par-charles-rotter\/#article\",\"isPartOf\":{\"@id\":\"https:\/\/www.revue3emillenaire.com\/blog\/pourquoi-la-question-pouvez-vous-fournir-une-preuve-empirique-mesuree-de-lampleur-du-rechauffement-cause-par-le-co-est-vraiment-stupide-par-charles-rotter\/\"},\"author\":{\"name\":\"3e mill\u00e9naire\",\"@id\":\"https:\/\/www.revue3emillenaire.com\/blog\/#\/schema\/person\/b692dacff720a5344a6190bc714397eb\"},\"headline\":\"Pourquoi la question \u00ab\u00a0Pouvez-vous fournir une preuve empirique mesur\u00e9e de l\u2019ampleur du r\u00e9chauffement caus\u00e9 par le CO?\u00a0\u00bb est vraiment stupide\u00a0? par Charles Rotter\",\"datePublished\":\"2025-03-24T20:12:19+00:00\",\"dateModified\":\"2025-03-24T21:57:26+00:00\",\"mainEntityOfPage\":{\"@id\":\"https:\/\/www.revue3emillenaire.com\/blog\/pourquoi-la-question-pouvez-vous-fournir-une-preuve-empirique-mesuree-de-lampleur-du-rechauffement-cause-par-le-co-est-vraiment-stupide-par-charles-rotter\/\"},\"wordCount\":1802,\"image\":{\"@id\":\"https:\/\/www.revue3emillenaire.com\/blog\/pourquoi-la-question-pouvez-vous-fournir-une-preuve-empirique-mesuree-de-lampleur-du-rechauffement-cause-par-le-co-est-vraiment-stupide-par-charles-rotter\/#primaryimage\"},\"thumbnailUrl\":\"https:\/\/www.revue3emillenaire.com\/blog\/wp-content\/uploads\/2023\/11\/Irradoiseau.jpg\",\"keywords\":[\"Changement Climatique\",\"Mesure\",\"Mod\u00e8le\"],\"articleSection\":[\"Actualit\u00e9s\"],\"inLanguage\":\"fr-FR\"},{\"@type\":\"WebPage\",\"@id\":\"https:\/\/www.revue3emillenaire.com\/blog\/pourquoi-la-question-pouvez-vous-fournir-une-preuve-empirique-mesuree-de-lampleur-du-rechauffement-cause-par-le-co-est-vraiment-stupide-par-charles-rotter\/\",\"url\":\"https:\/\/www.revue3emillenaire.com\/blog\/pourquoi-la-question-pouvez-vous-fournir-une-preuve-empirique-mesuree-de-lampleur-du-rechauffement-cause-par-le-co-est-vraiment-stupide-par-charles-rotter\/\",\"name\":\"Pourquoi la question \u00ab\u00a0Pouvez-vous fournir une preuve empirique mesur\u00e9e de l\u2019ampleur du r\u00e9chauffement caus\u00e9 par le CO?\u00a0\u00bb est vraiment stupide\u00a0? par Charles Rotter - 3e mill\u00e9naire - Spiritualit\u00e9 - Connaissance de soi - Non-dualit\u00e9 - M\u00e9ditation\",\"isPartOf\":{\"@id\":\"https:\/\/www.revue3emillenaire.com\/blog\/#website\"},\"primaryImageOfPage\":{\"@id\":\"https:\/\/www.revue3emillenaire.com\/blog\/pourquoi-la-question-pouvez-vous-fournir-une-preuve-empirique-mesuree-de-lampleur-du-rechauffement-cause-par-le-co-est-vraiment-stupide-par-charles-rotter\/#primaryimage\"},\"image\":{\"@id\":\"https:\/\/www.revue3emillenaire.com\/blog\/pourquoi-la-question-pouvez-vous-fournir-une-preuve-empirique-mesuree-de-lampleur-du-rechauffement-cause-par-le-co-est-vraiment-stupide-par-charles-rotter\/#primaryimage\"},\"thumbnailUrl\":\"https:\/\/www.revue3emillenaire.com\/blog\/wp-content\/uploads\/2023\/11\/Irradoiseau.jpg\",\"datePublished\":\"2025-03-24T20:12:19+00:00\",\"dateModified\":\"2025-03-24T21:57:26+00:00\",\"author\":{\"@id\":\"https:\/\/www.revue3emillenaire.com\/blog\/#\/schema\/person\/b692dacff720a5344a6190bc714397eb\"},\"breadcrumb\":{\"@id\":\"https:\/\/www.revue3emillenaire.com\/blog\/pourquoi-la-question-pouvez-vous-fournir-une-preuve-empirique-mesuree-de-lampleur-du-rechauffement-cause-par-le-co-est-vraiment-stupide-par-charles-rotter\/#breadcrumb\"},\"inLanguage\":\"fr-FR\",\"potentialAction\":[{\"@type\":\"ReadAction\",\"target\":[\"https:\/\/www.revue3emillenaire.com\/blog\/pourquoi-la-question-pouvez-vous-fournir-une-preuve-empirique-mesuree-de-lampleur-du-rechauffement-cause-par-le-co-est-vraiment-stupide-par-charles-rotter\/\"]}]},{\"@type\":\"ImageObject\",\"inLanguage\":\"fr-FR\",\"@id\":\"https:\/\/www.revue3emillenaire.com\/blog\/pourquoi-la-question-pouvez-vous-fournir-une-preuve-empirique-mesuree-de-lampleur-du-rechauffement-cause-par-le-co-est-vraiment-stupide-par-charles-rotter\/#primaryimage\",\"url\":\"https:\/\/www.revue3emillenaire.com\/blog\/wp-content\/uploads\/2023\/11\/Irradoiseau.jpg\",\"contentUrl\":\"https:\/\/www.revue3emillenaire.com\/blog\/wp-content\/uploads\/2023\/11\/Irradoiseau.jpg\",\"width\":700,\"height\":466},{\"@type\":\"BreadcrumbList\",\"@id\":\"https:\/\/www.revue3emillenaire.com\/blog\/pourquoi-la-question-pouvez-vous-fournir-une-preuve-empirique-mesuree-de-lampleur-du-rechauffement-cause-par-le-co-est-vraiment-stupide-par-charles-rotter\/#breadcrumb\",\"itemListElement\":[{\"@type\":\"ListItem\",\"position\":1,\"name\":\"Accueil\",\"item\":\"https:\/\/www.revue3emillenaire.com\/blog\/\"},{\"@type\":\"ListItem\",\"position\":2,\"name\":\"Pourquoi la question \u00ab\u00a0Pouvez-vous fournir une preuve empirique mesur\u00e9e de l\u2019ampleur du r\u00e9chauffement caus\u00e9 par le CO?\u00a0\u00bb est vraiment stupide\u00a0? par Charles Rotter\"}]},{\"@type\":\"WebSite\",\"@id\":\"https:\/\/www.revue3emillenaire.com\/blog\/#website\",\"url\":\"https:\/\/www.revue3emillenaire.com\/blog\/\",\"name\":\"3e mill\u00e9naire - Spiritualit\u00e9 - Connaissance de soi - Non-dualit\u00e9 - M\u00e9ditation\",\"description\":\"L&#039;Homme en devenir\",\"potentialAction\":[{\"@type\":\"SearchAction\",\"target\":{\"@type\":\"EntryPoint\",\"urlTemplate\":\"https:\/\/www.revue3emillenaire.com\/blog\/?s={search_term_string}\"},\"query-input\":{\"@type\":\"PropertyValueSpecification\",\"valueRequired\":true,\"valueName\":\"search_term_string\"}}],\"inLanguage\":\"fr-FR\"},{\"@type\":\"Person\",\"@id\":\"https:\/\/www.revue3emillenaire.com\/blog\/#\/schema\/person\/b692dacff720a5344a6190bc714397eb\",\"name\":\"3e mill\u00e9naire\",\"url\":\"https:\/\/www.revue3emillenaire.com\/blog\/author\/scoussa\/\"}]}<\/script>\n<!-- \/ Yoast SEO plugin. -->","yoast_head_json":{"title":"Pourquoi la question \u00ab\u00a0Pouvez-vous fournir une preuve empirique mesur\u00e9e de l\u2019ampleur du r\u00e9chauffement caus\u00e9 par le CO?\u00a0\u00bb est vraiment stupide\u00a0? par Charles Rotter - 3e mill\u00e9naire - Spiritualit\u00e9 - Connaissance de soi - Non-dualit\u00e9 - M\u00e9ditation","robots":{"index":"index","follow":"follow","max-snippet":"max-snippet:-1","max-image-preview":"max-image-preview:large","max-video-preview":"max-video-preview:-1"},"canonical":"https:\/\/www.revue3emillenaire.com\/blog\/pourquoi-la-question-pouvez-vous-fournir-une-preuve-empirique-mesuree-de-lampleur-du-rechauffement-cause-par-le-co-est-vraiment-stupide-par-charles-rotter\/","og_locale":"fr_FR","og_type":"article","og_title":"Pourquoi la question \u00ab\u00a0Pouvez-vous fournir une preuve empirique mesur\u00e9e de l\u2019ampleur du r\u00e9chauffement caus\u00e9 par le CO?\u00a0\u00bb est vraiment stupide\u00a0? par Charles Rotter - 3e mill\u00e9naire - Spiritualit\u00e9 - Connaissance de soi - Non-dualit\u00e9 - M\u00e9ditation","og_description":"le scepticisme honn\u00eate et disciplin\u00e9 a sa place, non pas en exigeant une mesure que la physique et la complexit\u00e9 du syst\u00e8me terrestre ne permettent tout simplement pas, mais en soulignant les bases chancelantes sur lesquelles reposent des politiques co\u00fbteuses et de grande envergure. Il s\u2019agit de mettre en lumi\u00e8re les hypoth\u00e8ses, les incertitudes et les limites de la mod\u00e9lisation qui sous-tendent l\u2019ensemble de l\u2019\u00e9difice de la politique climatique. C\u2019est l\u00e0 que le scepticisme peut \u00eatre scientifiquement rigoureux, efficace et intellectuellement honn\u00eate.","og_url":"https:\/\/www.revue3emillenaire.com\/blog\/pourquoi-la-question-pouvez-vous-fournir-une-preuve-empirique-mesuree-de-lampleur-du-rechauffement-cause-par-le-co-est-vraiment-stupide-par-charles-rotter\/","og_site_name":"3e mill\u00e9naire - Spiritualit\u00e9 - Connaissance de soi - Non-dualit\u00e9 - M\u00e9ditation","article_published_time":"2025-03-24T20:12:19+00:00","article_modified_time":"2025-03-24T21:57:26+00:00","og_image":[{"width":700,"height":466,"url":"https:\/\/www.revue3emillenaire.com\/blog\/wp-content\/uploads\/2023\/11\/Irradoiseau.jpg","type":"image\/jpeg"}],"author":"3e mill\u00e9naire","twitter_card":"summary_large_image","twitter_misc":{"\u00c9crit par":"3e mill\u00e9naire","Dur\u00e9e de lecture estim\u00e9e":"8 minutes"},"schema":{"@context":"https:\/\/schema.org","@graph":[{"@type":"Article","@id":"https:\/\/www.revue3emillenaire.com\/blog\/pourquoi-la-question-pouvez-vous-fournir-une-preuve-empirique-mesuree-de-lampleur-du-rechauffement-cause-par-le-co-est-vraiment-stupide-par-charles-rotter\/#article","isPartOf":{"@id":"https:\/\/www.revue3emillenaire.com\/blog\/pourquoi-la-question-pouvez-vous-fournir-une-preuve-empirique-mesuree-de-lampleur-du-rechauffement-cause-par-le-co-est-vraiment-stupide-par-charles-rotter\/"},"author":{"name":"3e mill\u00e9naire","@id":"https:\/\/www.revue3emillenaire.com\/blog\/#\/schema\/person\/b692dacff720a5344a6190bc714397eb"},"headline":"Pourquoi la question \u00ab\u00a0Pouvez-vous fournir une preuve empirique mesur\u00e9e de l\u2019ampleur du r\u00e9chauffement caus\u00e9 par le CO?\u00a0\u00bb est vraiment stupide\u00a0? par Charles Rotter","datePublished":"2025-03-24T20:12:19+00:00","dateModified":"2025-03-24T21:57:26+00:00","mainEntityOfPage":{"@id":"https:\/\/www.revue3emillenaire.com\/blog\/pourquoi-la-question-pouvez-vous-fournir-une-preuve-empirique-mesuree-de-lampleur-du-rechauffement-cause-par-le-co-est-vraiment-stupide-par-charles-rotter\/"},"wordCount":1802,"image":{"@id":"https:\/\/www.revue3emillenaire.com\/blog\/pourquoi-la-question-pouvez-vous-fournir-une-preuve-empirique-mesuree-de-lampleur-du-rechauffement-cause-par-le-co-est-vraiment-stupide-par-charles-rotter\/#primaryimage"},"thumbnailUrl":"https:\/\/www.revue3emillenaire.com\/blog\/wp-content\/uploads\/2023\/11\/Irradoiseau.jpg","keywords":["Changement Climatique","Mesure","Mod\u00e8le"],"articleSection":["Actualit\u00e9s"],"inLanguage":"fr-FR"},{"@type":"WebPage","@id":"https:\/\/www.revue3emillenaire.com\/blog\/pourquoi-la-question-pouvez-vous-fournir-une-preuve-empirique-mesuree-de-lampleur-du-rechauffement-cause-par-le-co-est-vraiment-stupide-par-charles-rotter\/","url":"https:\/\/www.revue3emillenaire.com\/blog\/pourquoi-la-question-pouvez-vous-fournir-une-preuve-empirique-mesuree-de-lampleur-du-rechauffement-cause-par-le-co-est-vraiment-stupide-par-charles-rotter\/","name":"Pourquoi la question \u00ab\u00a0Pouvez-vous fournir une preuve empirique mesur\u00e9e de l\u2019ampleur du r\u00e9chauffement caus\u00e9 par le CO?\u00a0\u00bb est vraiment stupide\u00a0? par Charles Rotter - 3e mill\u00e9naire - Spiritualit\u00e9 - Connaissance de soi - Non-dualit\u00e9 - M\u00e9ditation","isPartOf":{"@id":"https:\/\/www.revue3emillenaire.com\/blog\/#website"},"primaryImageOfPage":{"@id":"https:\/\/www.revue3emillenaire.com\/blog\/pourquoi-la-question-pouvez-vous-fournir-une-preuve-empirique-mesuree-de-lampleur-du-rechauffement-cause-par-le-co-est-vraiment-stupide-par-charles-rotter\/#primaryimage"},"image":{"@id":"https:\/\/www.revue3emillenaire.com\/blog\/pourquoi-la-question-pouvez-vous-fournir-une-preuve-empirique-mesuree-de-lampleur-du-rechauffement-cause-par-le-co-est-vraiment-stupide-par-charles-rotter\/#primaryimage"},"thumbnailUrl":"https:\/\/www.revue3emillenaire.com\/blog\/wp-content\/uploads\/2023\/11\/Irradoiseau.jpg","datePublished":"2025-03-24T20:12:19+00:00","dateModified":"2025-03-24T21:57:26+00:00","author":{"@id":"https:\/\/www.revue3emillenaire.com\/blog\/#\/schema\/person\/b692dacff720a5344a6190bc714397eb"},"breadcrumb":{"@id":"https:\/\/www.revue3emillenaire.com\/blog\/pourquoi-la-question-pouvez-vous-fournir-une-preuve-empirique-mesuree-de-lampleur-du-rechauffement-cause-par-le-co-est-vraiment-stupide-par-charles-rotter\/#breadcrumb"},"inLanguage":"fr-FR","potentialAction":[{"@type":"ReadAction","target":["https:\/\/www.revue3emillenaire.com\/blog\/pourquoi-la-question-pouvez-vous-fournir-une-preuve-empirique-mesuree-de-lampleur-du-rechauffement-cause-par-le-co-est-vraiment-stupide-par-charles-rotter\/"]}]},{"@type":"ImageObject","inLanguage":"fr-FR","@id":"https:\/\/www.revue3emillenaire.com\/blog\/pourquoi-la-question-pouvez-vous-fournir-une-preuve-empirique-mesuree-de-lampleur-du-rechauffement-cause-par-le-co-est-vraiment-stupide-par-charles-rotter\/#primaryimage","url":"https:\/\/www.revue3emillenaire.com\/blog\/wp-content\/uploads\/2023\/11\/Irradoiseau.jpg","contentUrl":"https:\/\/www.revue3emillenaire.com\/blog\/wp-content\/uploads\/2023\/11\/Irradoiseau.jpg","width":700,"height":466},{"@type":"BreadcrumbList","@id":"https:\/\/www.revue3emillenaire.com\/blog\/pourquoi-la-question-pouvez-vous-fournir-une-preuve-empirique-mesuree-de-lampleur-du-rechauffement-cause-par-le-co-est-vraiment-stupide-par-charles-rotter\/#breadcrumb","itemListElement":[{"@type":"ListItem","position":1,"name":"Accueil","item":"https:\/\/www.revue3emillenaire.com\/blog\/"},{"@type":"ListItem","position":2,"name":"Pourquoi la question \u00ab\u00a0Pouvez-vous fournir une preuve empirique mesur\u00e9e de l\u2019ampleur du r\u00e9chauffement caus\u00e9 par le CO?\u00a0\u00bb est vraiment stupide\u00a0? par Charles Rotter"}]},{"@type":"WebSite","@id":"https:\/\/www.revue3emillenaire.com\/blog\/#website","url":"https:\/\/www.revue3emillenaire.com\/blog\/","name":"3e mill\u00e9naire - Spiritualit\u00e9 - Connaissance de soi - Non-dualit\u00e9 - M\u00e9ditation","description":"L&#039;Homme en devenir","potentialAction":[{"@type":"SearchAction","target":{"@type":"EntryPoint","urlTemplate":"https:\/\/www.revue3emillenaire.com\/blog\/?s={search_term_string}"},"query-input":{"@type":"PropertyValueSpecification","valueRequired":true,"valueName":"search_term_string"}}],"inLanguage":"fr-FR"},{"@type":"Person","@id":"https:\/\/www.revue3emillenaire.com\/blog\/#\/schema\/person\/b692dacff720a5344a6190bc714397eb","name":"3e mill\u00e9naire","url":"https:\/\/www.revue3emillenaire.com\/blog\/author\/scoussa\/"}]}},"_links":{"self":[{"href":"https:\/\/www.revue3emillenaire.com\/blog\/wp-json\/wp\/v2\/posts\/20527","targetHints":{"allow":["GET"]}}],"collection":[{"href":"https:\/\/www.revue3emillenaire.com\/blog\/wp-json\/wp\/v2\/posts"}],"about":[{"href":"https:\/\/www.revue3emillenaire.com\/blog\/wp-json\/wp\/v2\/types\/post"}],"author":[{"embeddable":true,"href":"https:\/\/www.revue3emillenaire.com\/blog\/wp-json\/wp\/v2\/users\/2"}],"replies":[{"embeddable":true,"href":"https:\/\/www.revue3emillenaire.com\/blog\/wp-json\/wp\/v2\/comments?post=20527"}],"version-history":[{"count":0,"href":"https:\/\/www.revue3emillenaire.com\/blog\/wp-json\/wp\/v2\/posts\/20527\/revisions"}],"wp:featuredmedia":[{"embeddable":true,"href":"https:\/\/www.revue3emillenaire.com\/blog\/wp-json\/wp\/v2\/media\/19644"}],"wp:attachment":[{"href":"https:\/\/www.revue3emillenaire.com\/blog\/wp-json\/wp\/v2\/media?parent=20527"}],"wp:term":[{"taxonomy":"category","embeddable":true,"href":"https:\/\/www.revue3emillenaire.com\/blog\/wp-json\/wp\/v2\/categories?post=20527"},{"taxonomy":"post_tag","embeddable":true,"href":"https:\/\/www.revue3emillenaire.com\/blog\/wp-json\/wp\/v2\/tags?post=20527"}],"curies":[{"name":"wp","href":"https:\/\/api.w.org\/{rel}","templated":true}]}}