{"id":20536,"date":"2025-03-30T18:10:57","date_gmt":"2025-03-30T17:10:57","guid":{"rendered":"https:\/\/www.revue3emillenaire.com\/blog\/?p=20536"},"modified":"2025-04-01T03:50:45","modified_gmt":"2025-04-01T02:50:45","slug":"la-philosophie-orientale-affirme-quil-ny-a-pas-de-moi-la-science-est-daccord-par-chris-niebauer","status":"publish","type":"post","link":"https:\/\/www.revue3emillenaire.com\/blog\/la-philosophie-orientale-affirme-quil-ny-a-pas-de-moi-la-science-est-daccord-par-chris-niebauer\/","title":{"rendered":"La philosophie orientale affirme qu\u2019il n\u2019y a pas de \u00ab\u00a0moi\u00a0\u00bb. La science est d\u2019accord par Chris Niebauer"},"content":{"rendered":"<p class=\"western\" align=\"justify\"><span style=\"color: #000000;\"><span style=\"font-size: medium;\">\u00ab\u00a0<\/span><\/span><span style=\"color: #000000;\"><span style=\"font-size: medium;\"><i>Pourquoi \u00eates-vous malheureux\u00a0? Parce que 99,9\u00a0% de tout ce que vous pensez et de tout ce que vous faites, c\u2019est pour vous-m\u00eame \u2014 <\/i><\/span><\/span><span style=\"color: #000080;\"><span style=\"color: #000000;\"><span style=\"font-size: medium;\"><i>et ce moi n\u2019existe pas<\/i><\/span><\/span><\/span><span style=\"color: #000000;\"><span style=\"font-size: medium;\">\u00a0\u00bb.<\/span><\/span><\/p>\n<p class=\"western\" align=\"justify\"><span style=\"color: #000080;\"><span style=\"font-size: medium;\"><b>Points cl\u00e9s \u00e0 retenir<\/b><\/span><\/span><\/p>\n<ul>\n<li>\n<p class=\"western\" align=\"justify\"><span style=\"color: #000000;\">La philosophie occidentale con\u00e7oit g\u00e9n\u00e9ralement le moi comme une entit\u00e9 stable et contr\u00f4lante, comparable \u00e0 un pilote, tandis que les philosophies orientales, telles que le bouddhisme, affirment que le moi est une illusion, un sous-produit de nos processus mentaux.<\/span><\/p>\n<\/li>\n<li>\n<p class=\"western\" align=\"justify\"><span style=\"color: #000000;\">Les neurosciences modernes apportent des preuves qui vont dans le sens de la vision orientale, en r\u00e9v\u00e9lant que l\u2019h\u00e9misph\u00e8re gauche du cerveau cr\u00e9e constamment des r\u00e9cits pour interpr\u00e9ter la r\u00e9alit\u00e9, ce qui conduit \u00e0 une identification erron\u00e9e avec ces r\u00e9cits personnels.<\/span><\/p>\n<\/li>\n<li>\n<p class=\"western\" align=\"justify\"><span style=\"color: #000000;\">Ce faux sentiment de soi, qui est souvent assimil\u00e9 \u00e0 un dialogue interne incessant, contribue de mani\u00e8re significative \u00e0 la souffrance mentale de l\u2019homme.<\/span><\/p>\n<\/li>\n<\/ul>\n<p class=\"western\" align=\"center\"><span style=\"color: #000000;\">___________________<\/span><\/p>\n<p class=\"western\" align=\"justify\"><span style=\"color: #000000;\"><span style=\"font-size: medium;\">L\u2019individu dot\u00e9 d\u2019un cerveau, qui est diversement appel\u00e9 le soi, l\u2019ego, l\u2019esprit ou le \u00ab\u00a0moi\u00a0\u00bb, se trouve au centre de la pens\u00e9e occidentale. Dans la vision du monde <\/span><\/span><span style=\"color: #000000;\"><span style=\"font-size: medium;\">o<\/span><\/span><span style=\"color: #000000;\"><span style=\"font-size: medium;\">ccident<\/span><\/span><span style=\"color: #000000;\"><span style=\"font-size: medium;\">al<\/span><\/span><span style=\"color: #000000;\"><span style=\"font-size: medium;\">, les plus grands penseurs sont consid\u00e9r\u00e9s comme des changeurs de monde. Il n\u2019y a pas d\u2019exemple plus concis que la c\u00e9l\u00e8bre d\u00e9claration du philosophe Ren\u00e9 Descartes\u00a0: \u00ab\u00a0<\/span><\/span><em><span style=\"color: #000000;\"><span style=\"font-size: medium;\">Cogito, ergo sum\u00a0\u00bb<\/span><\/span><\/em><span style=\"color: #000000;\"><span style=\"font-size: medium;\">, ou \u00ab\u00a0<\/span><\/span><strong><span style=\"color: #000000;\"><span style=\"font-size: medium;\">Je pense, donc je suis\u00a0\u00bb. <\/span><\/span><\/strong><span style=\"color: #000000;\"><span style=\"font-size: medium;\">Mais de qui s\u2019agit-il\u00a0? Examinons de plus pr\u00e8s <\/span><\/span><span style=\"color: #000000;\"><span style=\"font-size: medium;\">c<\/span><\/span><span style=\"color: #000000;\"><span style=\"font-size: medium;\">e penseur, ou <\/span><\/span><span style=\"color: #000000;\"><span style=\"font-size: medium;\">c<\/span><\/span><span style=\"color: #000000;\"><span style=\"font-size: medium;\">e \u00ab\u00a0moi\u00a0\u00bb, que nous tenons tous pour acquis.<\/span><\/span><\/p>\n<h2 class=\"western\" align=\"justify\"><span style=\"color: #000000;\"><span style=\"font-family: Times New Roman, serif;\"><span style=\"font-size: medium;\">Le point de vue occidental\u00a0: Le moi est un pilote<\/span><\/span><\/span><\/h2>\n<p class=\"western\" align=\"justify\"><span style=\"color: #000000;\"><span style=\"font-size: medium;\">Ce \u00ab\u00a0je\u00a0\u00bb est pour la plupart d\u2019entre nous la premi\u00e8re chose qui nous vient \u00e0 l\u2019esprit lorsque nous pensons \u00e0 qui nous sommes. Le \u00ab\u00a0je\u00a0\u00bb repr\u00e9sente l\u2019id\u00e9e de notre moi individuel, celui qui se trouve entre les oreilles et derri\u00e8re les yeux et qui \u00ab\u00a0pilote\u00a0\u00bb le corps. Le \u00ab\u00a0pilote\u00a0\u00bb est aux commandes, il ne change pas beaucoup et il nous semble \u00eatre la chose qui donne vie \u00e0 nos pens\u00e9es et \u00e0 nos sentiments. Il observe, prend des d\u00e9cisions et ex\u00e9cute des actions \u2014 tout comme le pilote d\u2019un avion.<\/span><\/span><\/p>\n<p class=\"western\" align=\"justify\"><span style=\"color: #000000;\"><span style=\"font-size: medium;\">Ce <\/span><\/span><span style=\"color: #000000;\"><span style=\"font-size: medium;\">Je<\/span><\/span><span style=\"color: #000000;\"><span style=\"font-size: medium;\">\/ego est ce que nous consid\u00e9rons comme notre vrai moi, et ce moi individuel est l\u2019exp\u00e9rimentateur et le contr\u00f4leur de choses telles que les pens\u00e9es, les sentiments et les actions. Le moi pilote a l\u2019impression de mener la <\/span><\/span><span style=\"color: #000000;\"><span style=\"font-size: medium;\">dans<\/span><\/span><span style=\"color: #000000;\"><span style=\"font-size: medium;\">e. Il est stable et continu. Il contr\u00f4le \u00e9galement notre corps physique\u00a0; par exemple, ce moi comprend qu\u2019il s\u2019agit de \u00ab\u00a0mon corps\u00a0\u00bb. Mais contrairement \u00e0 notre corps physique, il ne se per\u00e7oit pas comme changeant, <\/span><\/span><span style=\"color: #000080;\"><span style=\"color: #000000;\"><span style=\"font-size: medium;\">vou\u00e9 \u00e0 dispara\u00eetre<\/span><\/span><\/span><span style=\"color: #000000;\"><span style=\"font-size: medium;\"> (sauf, peut-\u00eatre pour les ath\u00e9es, <\/span><\/span><span style=\"color: #000000;\"><span style=\"font-size: medium;\">\u00e0<\/span><\/span><span style=\"color: #000000;\"><span style=\"font-size: medium;\"> la mort corporelle) ou influenc\u00e9 par autre chose que lui-m\u00eame.<\/span><\/span><\/p>\n<h2 class=\"western\" align=\"justify\"><span style=\"color: #000000;\"><span style=\"font-family: Times New Roman, serif;\"><span style=\"font-size: medium;\">Point de vue oriental\u00a0: Le moi est une illusion<\/span><\/span><\/span><\/h2>\n<p class=\"western\" align=\"justify\"><span style=\"color: #000000;\"><span style=\"font-size: medium;\">Tournons-nous maintenant vers l\u2019Orient. Le bouddhisme, le tao\u00efsme, l\u2019\u00e9cole hindouiste <\/span><\/span><span style=\"color: #000000;\"><span style=\"font-size: medium;\">de l\u2019<\/span><\/span><span style=\"color: #000000;\"><span style=\"font-size: medium;\">Advaita Vedanta et d\u2019autres <\/span><\/span><span style=\"color: #000000;\"><span style=\"font-size: medium;\">courant<\/span><\/span><span style=\"color: #000000;\"><span style=\"font-size: medium;\">s de pens\u00e9e orientale ont une vision tr\u00e8s diff\u00e9rente du soi, de l\u2019ego ou du \u00ab\u00a0moi\u00a0\u00bb. <\/span><\/span><span style=\"color: #000000;\"><span style=\"font-size: medium;\">Selon eux,<\/span><\/span><span style=\"color: #000000;\"><span style=\"font-size: medium;\"> cette id\u00e9e d<\/span><\/span><span style=\"color: #000000;\"><span style=\"font-size: medium;\">u<\/span><\/span><span style=\"color: #000000;\"><span style=\"font-size: medium;\"> \u00ab\u00a0moi\u00a0\u00bb est une fiction, bien qu\u2019elle soit tr\u00e8s convaincante. Le bouddhisme a un mot pour d\u00e9signer ce concept \u2014 <\/span><\/span><em><span style=\"color: #000000;\"><span style=\"font-size: medium;\">anatta<\/span><\/span><\/em><span style=\"color: #000000;\"><span style=\"font-size: medium;\">, souvent traduit par \u00ab\u00a0<\/span><\/span><span style=\"color: #000000;\"><span style=\"font-size: medium;\">non-s<\/span><\/span><span style=\"color: #000000;\"><span style=\"font-size: medium;\">oi\u00a0\u00bb \u2014 qui est l\u2019un des principes les plus fondamentaux du bouddhisme, si ce n\u2019est <\/span><\/span><em><span style=\"color: #000000;\"><span style=\"font-size: medium;\">le <\/span><\/span><\/em><span style=\"color: #000000;\"><span style=\"font-size: medium;\">plus important.<\/span><\/span><\/p>\n<p class=\"western\" align=\"justify\"><span style=\"color: #000000;\"><span style=\"font-size: medium;\">Cette id\u00e9e semble radicale, voire absurde, pour ceux qui sont form\u00e9s aux traditions occidentales. Elle semble contredire notre exp\u00e9rience quotidienne, voire notre sens <\/span><\/span><span style=\"color: #000000;\"><span style=\"font-size: medium;\">m\u00eame <\/span><\/span><span style=\"color: #000000;\"><span style=\"font-size: medium;\">de l\u2019existence. Mais dans le bouddhisme et dans d\u2019autres \u00e9coles de pens\u00e9e orientale, le concept de soi est consid\u00e9r\u00e9 comme le r\u00e9sultat de <\/span><\/span><span style=\"color: #000000;\"><span style=\"font-size: medium;\">l\u2019esprit pensant<\/span><\/span><span style=\"color: #000000;\"><span style=\"font-size: medium;\">. L\u2019esprit pensant r\u00e9invente le moi d\u2019un moment \u00e0 l\u2019autre, <\/span><\/span><span style=\"color: #000000;\"><span style=\"font-size: medium;\">si bien qu\u2019il n\u2019a rien \u00e0 voir avec l\u2019entit\u00e9 stable et coh\u00e9rente \u00e0 laquelle la plupart croient.<\/span><\/span><\/p>\n<p class=\"western\" align=\"justify\"><span style=\"color: #000000;\"><span style=\"font-size: medium;\">En d\u2019autres termes, c\u2019est le processus de la pens\u00e9e qui cr\u00e9e le moi, plut\u00f4t qu\u2019un moi ayant une existence ind\u00e9pendante de la pens\u00e9e. Le moi est plus un verbe qu\u2019un nom. Pour aller plus loin, l\u2019implication est que sans la pens\u00e9e, le soi n\u2019existe <\/span><\/span><span style=\"color: #000000;\"><span style=\"font-size: medium;\">tout simplement pas<\/span><\/span><span style=\"color: #000000;\"><span style=\"font-size: medium;\">. De la m\u00eame mani\u00e8re que la marche n\u2019existe que lorsqu\u2019on marche, le moi n\u2019existe que lorsqu\u2019on pense \u00e0 lui. En tant que neuropsychologue, je peux dire qu\u2019\u00e0 mon avis, la science ne fait que rattraper ce que les bouddhistes, les tao\u00efstes et <\/span><\/span><span style=\"color: #000000;\"><span style=\"font-size: medium;\">l\u2019<\/span><\/span><span style=\"color: #000000;\"><span style=\"font-size: medium;\">Advaita Vedanta <\/span><\/span><span style=\"color: #000000;\"><span style=\"font-size: medium;\">de <\/span><\/span><span style=\"color: #000000;\"><span style=\"font-size: medium;\">l\u2019hindouisme enseignent depuis plus de 2\u00a0500\u00a0ans.<\/span><\/span><\/p>\n<h2 class=\"western\" align=\"justify\"><span style=\"color: #000000;\"><span style=\"font-family: Times New Roman, serif;\"><span style=\"font-size: medium;\">Il n\u2019y a pas de \u00ab\u00a0centre du moi\u00a0\u00bb dans le cerveau<\/span><\/span><\/span><\/h2>\n<p class=\"western\" align=\"justify\"><span style=\"color: #000000;\"><span style=\"font-size: medium;\">L\u2019un des grands succ\u00e8s<\/span><\/span><span style=\"color: #000000;\"><span style=\"font-size: medium;\"> des neurosciences a \u00e9t\u00e9 de cartographier le cerveau. Nous pouvons <\/span><\/span><span style=\"color: #000000;\"><span style=\"font-size: medium;\">localiser<\/span><\/span><span style=\"color: #000000;\"><span style=\"font-size: medium;\"> le centre du langage, le centre de traitement des visages et le centre de compr\u00e9hension des \u00e9motions d\u2019<\/span><\/span><span style=\"color: #000000;\"><span style=\"font-size: medium;\">autrui<\/span><\/span><span style=\"color: #000000;\"><span style=\"font-size: medium;\">. Pratiquement toutes les fonctions de l\u2019esprit ont \u00e9t\u00e9 cartographi\u00e9es dans le cerveau, \u00e0 une exception pr\u00e8s\u00a0: le soi. C\u2019est peut-\u00eatre parce que ces autres fonctions sont stables et coh\u00e9rentes, alors que l\u2019histoire du moi est d\u00e9sesp\u00e9r\u00e9ment inventive et beaucoup moins stable qu\u2019on ne le suppose. <\/span><\/span><\/p>\n<p class=\"western\" align=\"justify\"><span style=\"color: #000000;\"><span style=\"font-size: medium;\">Alors que plusieurs neuroscientifiques ont affirm\u00e9 que le soi r\u00e9side dans telle ou telle <\/span><\/span><span style=\"color: #000000;\"><span style=\"font-size: medium;\">r\u00e9g<\/span><\/span><span style=\"color: #000000;\"><span style=\"font-size: medium;\">ion neuronale, la communaut\u00e9 scientifique n\u2019est pas vraiment d\u2019accord sur l\u2019endroit o\u00f9 le trouver \u2014 ni m\u00eame sur la question de savoir s\u2019il se trouve du c\u00f4t\u00e9 gauche ou du c\u00f4t\u00e9 droit du cerveau. Peut-\u00eatre que la raison pour laquelle nous ne pouvons pas trouver le soi dans le cerveau est qu\u2019<\/span><\/span><em><span style=\"color: #000000;\"><span style=\"font-size: medium;\">il n\u2019y est pas<\/span><\/span><\/em><span style=\"color: #000000;\"><span style=\"font-size: medium;\">.<\/span><\/span><\/p>\n<p class=\"western\" align=\"justify\"><span style=\"color: #000000;\"><span style=\"font-size: medium;\">Ce point peut \u00eatre difficile \u00e0 saisir, principalement parce que nous avons longtemps pris le <\/span><\/span><em><span style=\"color: #000000;\"><span style=\"font-size: medium;\">processus de <\/span><\/span><\/em><span style=\"color: #000000;\"><span style=\"font-size: medium;\">la pens\u00e9e pour une <\/span><\/span><em><span style=\"color: #000000;\"><span style=\"font-size: medium;\">chose <\/span><\/span><\/em><em><span style=\"color: #000000;\"><span style=\"font-size: medium;\"><i>r\u00e9ell<\/i><\/span><\/span><\/em><span style=\"color: #000000;\"><span style=\"font-size: medium;\"><i>e<\/i><\/span><\/span><span style=\"color: #000000;\"><span style=\"font-size: medium;\">. Il faudra un certain temps pour <\/span><\/span><span style=\"color: #000000;\"><span style=\"font-size: medium;\">voir<\/span><\/span> <span style=\"color: #000000;\"><span style=\"font-size: medium;\">que <\/span><\/span><span style=\"color: #000000;\"><span style=\"font-size: medium;\">l\u2019id\u00e9e d\u2019un \u00ab\u00a0moi\u00a0\u00bb comme une simple id\u00e9e plut\u00f4t qu\u2019un fait. Votre moi illusoire \u2014 la voix dans votre t\u00eate \u2014 est tr\u00e8s convaincant. Il raconte le monde, d\u00e9termine vos croyances, rejoue vos souvenirs, s\u2019identifie \u00e0 votre corps physique, fabrique vos projections de ce qui pourrait arriver dans le futur et <\/span><\/span><span style=\"color: #000000;\"><span style=\"font-size: medium;\">\u00e9labore<\/span><\/span><span style=\"color: #000000;\"><span style=\"font-size: medium;\"> vos jugements sur le pass\u00e9. C\u2019est ce sentiment de soi que nous ressentons depuis le moment o\u00f9 nous ouvrons les yeux le matin jusqu\u2019\u00e0 celui o\u00f9 nous les fermons <\/span><\/span><span style=\"color: #000000;\"><span style=\"font-size: medium;\">au coucher<\/span><\/span><span style=\"color: #000000;\"><span style=\"font-size: medium;\">. <\/span><\/span><span style=\"color: #000000;\"><span style=\"font-size: medium;\">Il <\/span><\/span><span style=\"color: #000000;\"><span style=\"font-size: medium;\">para\u00eet si<\/span><\/span><span style=\"color: #000000;\"><span style=\"font-size: medium;\"> capital, <\/span><\/span><span style=\"color: #000000;\"><span style=\"font-size: medium;\">que<\/span><\/span> <span style=\"color: #000000;\"><span style=\"font-size: medium;\">les gens sont<\/span><\/span><span style=\"color: #000000;\"><span style=\"font-size: medium;\"> choqu\u00e9<\/span><\/span><span style=\"color: #000000;\"><span style=\"font-size: medium;\">s<\/span><\/span><span style=\"color: #000000;\"><span style=\"font-size: medium;\"> lorsque je <\/span><\/span><span style=\"color: #000000;\"><span style=\"font-size: medium;\">leur <\/span><\/span><span style=\"color: #000000;\"><span style=\"font-size: medium;\">dis que, d\u2019apr\u00e8s mon travail de neuropsychologue, ce \u00ab\u00a0moi\u00a0\u00bb n\u2019existe tout simplement pas \u2014 du moins pas de la mani\u00e8re dont nous <\/span><\/span><em><span style=\"color: #000000;\"><span style=\"font-size: medium;\">l\u2019<\/span><\/span><\/em><em><span style=\"color: #000000;\"><span style=\"font-size: medium;\">imagin<\/span><\/span><\/em><em><span style=\"color: #000000;\"><span style=\"font-size: medium;\">ons<\/span><\/span><\/em><span style=\"color: #000000;\"><span style=\"font-size: medium;\">.<\/span><\/span><\/p>\n<p class=\"western\" align=\"justify\"><span style=\"color: #000000;\"><span style=\"font-size: medium;\">La grande diff\u00e9rence entre les traditions spirituelles orientales et la psychologie est que les premi\u00e8res l\u2019ont reconnu de mani\u00e8re exp\u00e9rientielle et que la seconde l\u2019a fait de mani\u00e8re exp\u00e9rimentale (et accidentelle, d\u2019ailleurs). \u00c0 mon avis, cela signifie que ceux qui \u00e9tudient et enseignent la psychologie sont encore largement incapables d\u2019appr\u00e9cier les implications de ces d\u00e9couvertes.<\/span><\/span><\/p>\n<h2 class=\"western\" align=\"justify\"><span style=\"color: #000000;\"><span style=\"font-family: Times New Roman, serif;\"><span style=\"font-size: medium;\">Une d\u00e9couverte accidentelle<\/span><\/span><\/span><\/h2>\n<p class=\"western\" align=\"justify\"><span style=\"color: #000000;\"><span style=\"font-size: medium;\">Pour m\u00e9moire, il est important de rappeler que le cerveau est constitu\u00e9 de deux <\/span><\/span><span style=\"color: #000000;\"><span style=\"font-size: medium;\">h\u00e9misph\u00e8res sym\u00e9triques<\/span><\/span><span style=\"color: #000000;\"><span style=\"font-size: medium;\"> reli\u00e9s par un vaste ensemble de fibres appel\u00e9 corps calleux. Dans le cadre de recherches visant \u00e0 att\u00e9nuer l\u2019\u00e9pilepsie s\u00e9v\u00e8re, Roger Sperry et Michael Gazzaniga pensaient qu\u2019en coupant ce pont entre les deux parties du cerveau, les crises seraient plus faciles \u00e0 contr\u00f4ler. Ils eu<\/span><\/span><span style=\"color: #000000;\"><span style=\"font-size: medium;\">rent<\/span><\/span><span style=\"color: #000000;\"><span style=\"font-size: medium;\"> raison et Sperry a re\u00e7u le prix Nobel en 1981 pour ce travail.<\/span><\/span><\/p>\n<p class=\"western\" align=\"justify\"><span style=\"color: #000000;\"><span style=\"font-size: medium;\">Bien que chaque c\u00f4t\u00e9 du cerveau soit sp\u00e9cialis\u00e9 dans certains types de t\u00e2ches, les deux c\u00f4t\u00e9s sont g\u00e9n\u00e9ralement en communication permanente. Cependant, lorsque cette connexion \u00e9t<\/span><\/span><span style=\"color: #000000;\"><span style=\"font-size: medium;\">ait<\/span><\/span><span style=\"color: #000000;\"><span style=\"font-size: medium;\"> rompue, il deven<\/span><\/span><span style=\"color: #000000;\"><span style=\"font-size: medium;\">ait<\/span><\/span><span style=\"color: #000000;\"><span style=\"font-size: medium;\"> possible d\u2019\u00e9tudier le travail de chaque c\u00f4t\u00e9 du cerveau de mani\u00e8re isol\u00e9e. Les c\u00f4t\u00e9s \u00e9tant d\u00e9connect\u00e9s chez ces patients \u00e9pileptiques, les scientifiques pu<\/span><\/span><span style=\"color: #000000;\"><span style=\"font-size: medium;\">rent<\/span><\/span><span style=\"color: #000000;\"><span style=\"font-size: medium;\"> tester chacun d\u2019eux s\u00e9par\u00e9ment et comprendre les diff\u00e9rences fonctionnelles entre le c\u00f4t\u00e9 gauche et le c\u00f4t\u00e9 droit du cerveau. Ces patients <\/span><\/span><span style=\"color: #000000;\"><span style=\"font-size: medium;\">furent surnomm\u00e9s<\/span><\/span> <span style=\"color: #000000;\"><span style=\"font-size: medium;\">les <\/span><\/span><span style=\"color: #000000;\"><span style=\"font-size: medium;\">\u00ab\u00a0patients \u00e0 cerveau divis\u00e9 <\/span><\/span><span style=\"color: #000000;\"><span style=\"font-size: medium;\">(split-brain)<\/span><\/span><span style=\"color: #000000;\"><span style=\"font-size: medium;\">\u00a0\u00bb.<\/span><\/span><\/p>\n<p class=\"western\" align=\"justify\"><span style=\"color: #000000;\"><span style=\"font-size: medium;\">Pour comprendre cette recherche, il est \u00e9galement important de savoir que le corps est <\/span><\/span><span style=\"color: #000000;\"><span style=\"font-size: medium;\">entrecrois\u00e9<\/span><\/span><span style=\"color: #000000;\"><span style=\"font-size: medium;\">, c\u2019est-\u00e0-dire que toutes les entr\u00e9es et sorties de la moiti\u00e9 droite du corps passent par le cerveau gauche et sont trait\u00e9es par lui, et vice versa. Ce croisement est \u00e9galement vrai pour la vision, de sorte que la moiti\u00e9 gauche de ce que nous voyons est transmise \u00e0 la partie droite du cerveau, et vice versa. L\u00e0 encore, ce ph\u00e9nom\u00e8ne n\u2019est devenu \u00e9vident que chez les patients au cerveau divis\u00e9. Les recherches men\u00e9es sur ces sujets ont abouti \u00e0 l\u2019une des d\u00e9couvertes les plus importantes sur le c\u00f4t\u00e9 gauche du cerveau, une d\u00e9couverte qui n\u2019a pas encore \u00e9t\u00e9 pleinement appr\u00e9ci\u00e9e par la psychologie moderne ou le grand public.<\/span><\/span><\/p>\n<p class=\"western\" align=\"justify\"><span style=\"color: #000000;\"><span style=\"font-size: medium;\">Dans l\u2019une des exp\u00e9riences de Gazzaniga, les chercheurs ont pr\u00e9sent\u00e9 le mot \u00ab marche \u00bb au seul cerveau droit d\u2019un patient. Le patient r\u00e9pondit imm\u00e9diatement \u00e0 la demande, se leva et <\/span><\/span><span style=\"color: #000000;\"><span style=\"font-size: medium;\">s\u2019appr\u00eata<\/span><\/span><span style=\"color: #000000;\"><span style=\"font-size: medium;\"> \u00e0 quitter la camionnette dans laquelle se d\u00e9roulaient les tests. Lorsqu\u2019on demand<\/span><\/span><span style=\"color: #000000;\"><span style=\"font-size: medium;\">a<\/span><\/span><span style=\"color: #000000;\"><span style=\"font-size: medium;\"> au cerveau gauche du patient, responsable du langage, pourquoi il s\u2019\u00e9tait lev\u00e9 pour marcher, <\/span><\/span><span style=\"color: #000000;\"><span style=\"font-size: medium;\">celui-ci<\/span><\/span><span style=\"color: #000000;\"><span style=\"font-size: medium;\"> donn<\/span><\/span><span style=\"color: #000000;\"><span style=\"font-size: medium;\">a <\/span><\/span><span style=\"color: #000000;\"><span style=\"font-size: medium;\">une explication plausible, mais <\/span><\/span><em><span style=\"color: #000000;\"><span style=\"font-size: medium;\">totalement incorrecte\u00a0<\/span><\/span><\/em><span style=\"color: #000000;\"><span style=\"font-size: medium;\">: \u00ab\u00a0Je v<\/span><\/span><span style=\"color: #000000;\"><span style=\"font-size: medium;\">oulai<\/span><\/span><span style=\"color: #000000;\"><span style=\"font-size: medium;\">s chercher un coca dans la maison\u00a0\u00bb.<\/span><\/span><\/p>\n<p class=\"western\" align=\"justify\"><span style=\"color: #000000;\"><span style=\"font-size: medium;\">Dans un autre exercice, le mot \u00ab ris \u00bb <\/span><\/span><span style=\"color: #000000;\"><span style=\"font-size: medium;\">fut montr\u00e9<\/span><\/span><span style=\"color: #000000;\"><span style=\"font-size: medium;\"> au cerveau droit et la patiente <\/span><\/span><span style=\"color: #000000;\"><span style=\"font-size: medium;\">\u00e9clata de rire<\/span><\/span><span style=\"color: #000000;\"><span style=\"font-size: medium;\">. <\/span><\/span><span style=\"color: #000000;\"><span style=\"font-size: medium;\">Interrog\u00e9e sur les raisons de son hilarit\u00e9<\/span><\/span><span style=\"color: #000000;\"><span style=\"font-size: medium;\">, son cerveau gauche r\u00e9pond<\/span><\/span><span style=\"color: #000000;\"><span style=\"font-size: medium;\">it <\/span><\/span><span style=\"color: #000000;\"><span style=\"font-size: medium;\">par une plaisanterie\u00a0: \u00ab\u00a0Vous venez nous tester tous les mois. Quelle <\/span><\/span><span style=\"color: #000000;\"><span style=\"font-size: medium;\">dr\u00f4le de <\/span><\/span><span style=\"color: #000000;\"><span style=\"font-size: medium;\">fa\u00e7on de gagner sa vie\u00a0!\u00a0\u00bb Mais comme le cerveau gauche n\u2019avait pas acc\u00e8s \u00e0 ces <\/span><\/span><span style=\"color: #000000;\"><span style=\"font-size: medium;\">instructions<\/span><\/span><span style=\"color: #000000;\"><span style=\"font-size: medium;\">, il invent<\/span><\/span><span style=\"color: #000000;\"><span style=\"font-size: medium;\">a<\/span><\/span><span style=\"color: #000000;\"><span style=\"font-size: medium;\"> une r\u00e9ponse et <\/span><\/span><span style=\"color: #000000;\"><span style=\"font-size: medium;\">y<\/span><\/span><span style=\"color: #000000;\"><span style=\"font-size: medium;\"> crue au lieu d\u2019<\/span><\/span><span style=\"color: #000000;\"><span style=\"font-size: medium;\">avouer<\/span><\/span><span style=\"color: #000000;\"><span style=\"font-size: medium;\">\u00a0: \u00ab\u00a0Je ne sais pas pourquoi j\u2019ai fait \u00e7a\u00a0\u00bb.<\/span><\/span><\/p>\n<h2 class=\"western\" align=\"justify\"><span style=\"color: #000000;\"><span style=\"font-family: Times New Roman, serif;\"><span style=\"font-size: medium;\">Un interpr\u00e8te peu fiable<\/span><\/span><\/span><\/h2>\n<p class=\"western\" align=\"justify\"><span style=\"color: #000000;\"><span style=\"font-size: medium;\">Gazzaniga a d\u00e9termin\u00e9 que le c\u00f4t\u00e9 gauche du cerveau <\/span><\/span><span style=\"color: #000000;\"><span style=\"font-size: medium;\">fabrique en permanence<\/span><\/span><span style=\"color: #000000;\"><span style=\"font-size: medium;\"> des explications pour donner un sens \u00e0 ce qui se passe autour de nous. Le cerveau gauche agit comme un \u00ab\u00a0interpr\u00e8te\u00a0\u00bb de la r\u00e9alit\u00e9. En outre, Gazzaniga a d\u00e9couvert que cet interpr\u00e8te, comme <\/span><\/span><span style=\"color: #000000;\"><span style=\"font-size: medium;\">le montrent c<\/span><\/span><span style=\"color: #000000;\"><span style=\"font-size: medium;\">es exemples, <\/span><\/span><em><span style=\"color: #000000;\"><span style=\"font-size: medium;\">se trompe souvent compl\u00e8tement<\/span><\/span><\/em><span style=\"color: #000000;\"><span style=\"font-size: medium;\">. Cette d\u00e9couverte aurait d\u00fb bouleverser le monde, mais la plupart des gens n\u2019en ont m\u00eame pas entendu parler.<\/span><\/span><\/p>\n<p class=\"western\" align=\"justify\"><span style=\"color: #000000;\"><span style=\"font-size: medium;\">R\u00e9fl\u00e9chissez un instant \u00e0 la signification de ce ph\u00e9nom\u00e8ne. Le cerveau gauche inventait simplement des interpr\u00e9tations, ou des histoires, pour les \u00e9v\u00e9nements qui se produisaient d\u2019une mani\u00e8re qui avait du sens pour ce c\u00f4t\u00e9 du cerveau, ou comme s\u2019il avait dirig\u00e9 l\u2019action <\/span><\/span><span style=\"color: #000000;\"><span style=\"font-size: medium;\">lui-m\u00eame<\/span><\/span><span style=\"color: #000000;\"><span style=\"font-size: medium;\">. Aucune de ces explications n\u2019\u00e9tait vraie, mais cela n\u2019avait pas d\u2019importance pour le cerveau interpr\u00e9tatif, qui \u00e9tait convaincu que ses explications \u00e9taient les bonnes.<\/span><\/span><\/p>\n<p class=\"western\" align=\"justify\"><span style=\"color: #000000;\"><span style=\"font-size: medium;\">Au cours des 40\u00a0derni\u00e8res ann\u00e9es, plusieurs \u00e9tudes suppl\u00e9mentaires ont montr\u00e9 que <\/span><\/span><em><span style=\"color: #000000;\"><span style=\"font-size: medium;\">le c\u00f4t\u00e9 gauche du cerveau excelle \u00e0 cr\u00e9er une explication de ce qui se passe, m\u00eame si elle n\u2019est pas correcte<\/span><\/span><\/em><span style=\"color: #000000;\"><span style=\"font-size: medium;\">, et ce m\u00eame chez les personnes dont le cerveau fonctionne normalement. Par exemple, toutes choses \u00e9tant \u00e9gales par ailleurs, nous pr\u00e9f\u00e9rons ce qui se trouve du c\u00f4t\u00e9 droit, mais presque personne n\u2019en est conscient. Les chercheurs ont donc pr\u00e9sent\u00e9 \u00e0 des participants n\u2019ayant jamais subi de l\u00e9sions c\u00e9r\u00e9brales trois objets presque identiques et leur ont demand\u00e9 lequel ils pr\u00e9f\u00e9raient. La pr\u00e9f\u00e9rence pour <\/span><\/span><span style=\"color: #000000;\"><span style=\"font-size: medium;\">celui de<\/span><\/span><span style=\"color: #000000;\"><span style=\"font-size: medium;\"> droite \u00e9tait \u00e9vidente, mais lorsqu\u2019on leur demandait pourquoi, ils inventaient une histoire totalement erron\u00e9e du genre\u00a0: \u00ab\u00a0J\u2019aime juste plus <\/span><\/span><span style=\"color: #000000;\"><span style=\"font-size: medium;\">s<\/span><\/span><span style=\"color: #000000;\"><span style=\"font-size: medium;\">a couleur\u00a0\u00bb. M\u00eame <\/span><\/span><span style=\"color: #000000;\"><span style=\"font-size: medium;\">apr\u00e8s <\/span><\/span><span style=\"color: #000000;\"><span style=\"font-size: medium;\">que les chercheurs leur ont expliqu\u00e9 l\u2019id\u00e9e de l\u2019\u00e9tude, le cerveau gauche des participants n<\/span><\/span><span style=\"color: #000000;\"><span style=\"font-size: medium;\">e<\/span><\/span><span style=\"color: #000000;\"><span style=\"font-size: medium;\"> p<\/span><\/span><span style=\"color: #000000;\"><span style=\"font-size: medium;\">o<\/span><\/span><span style=\"color: #000000;\"><span style=\"font-size: medium;\">u<\/span><\/span><span style=\"color: #000000;\"><span style=\"font-size: medium;\">vait<\/span><\/span><span style=\"color: #000000;\"><span style=\"font-size: medium;\"> s\u2019emp\u00eacher de croire <\/span><\/span><span style=\"color: #000000;\"><span style=\"font-size: medium;\">\u00e0 ses propres <\/span><\/span><span style=\"color: #000000;\"><span style=\"font-size: medium;\">aux histoires.<\/span><\/span><\/p>\n<p class=\"western\" align=\"justify\"><span style=\"color: #000000;\"><span style=\"font-size: medium;\">La v\u00e9rit\u00e9 est que votre cerveau gauche a interpr\u00e9t\u00e9 la r\u00e9alit\u00e9 pour vous toute votre vie, et si vous \u00eates comme la plupart des gens, vous n\u2019en avez jamais compris toutes les implications. C\u2019est parce que nous confondons l\u2019histoire de ce que nous <\/span><\/span><em><span style=\"color: #000000;\"><span style=\"font-size: medium;\">pensons <\/span><\/span><\/em><span style=\"color: #000000;\"><span style=\"font-size: medium;\">\u00eatre avec ce que nous sommes vraiment.<\/span><\/span><\/p>\n<h2 class=\"western\" align=\"justify\"><span style=\"color: #000000;\"><span style=\"font-family: Times New Roman, serif;\"><span style=\"font-size: medium;\">La voix int\u00e9rieure incontr\u00f4lable<\/span><\/span><\/span><\/h2>\n<p class=\"western\" align=\"justify\"><span style=\"color: #000000;\"><span style=\"font-size: medium;\">La plupart d\u2019entre nous vivent leur vie sous la direction de <\/span><\/span><span style=\"color: #000000;\"><span style=\"font-size: medium;\">cet <\/span><\/span><span style=\"color: #000000;\"><span style=\"font-size: medium;\">interpr\u00e8te, ce qui fait de l\u2019esprit notre ma\u00eetre, et nous n\u2019en sommes m\u00eame pas conscients. Nous pouvons \u00eatre en col\u00e8re, offens\u00e9s, sexuellement excit\u00e9s, heureux ou effray\u00e9s, et nous ne remettons pas en question l\u2019authenticit\u00e9 de ces pens\u00e9es et de ces exp\u00e9riences. Bien qu\u2019il soit \u00e9vident que ces exp\u00e9riences nous arrivent, nous conservons en quelque sorte l\u2019id\u00e9e que nous sommes toujours <\/span><\/span><span style=\"color: #000000;\"><span style=\"font-size: medium;\">en contr\u00f4le<\/span><\/span><span style=\"color: #000000;\"><span style=\"font-size: medium;\"> de tout cela.<\/span><\/span><\/p>\n<p class=\"western\" align=\"justify\"><span style=\"color: #000000;\"><span style=\"font-size: medium;\">Testez cela et faites l\u2019exp\u00e9rience directe de l\u2019interpr\u00e8te plut\u00f4t que de supposer qu\u2019il est ce que vous \u00eates. Pendant le reste de la journ\u00e9e, remarquez si une voix int\u00e9rieure cr\u00e9e des th\u00e9ories pour expliquer ce qui se passe. La voix p<\/span><\/span><span style=\"color: #000000;\"><span style=\"font-size: medium;\">ourrai<\/span><\/span><span style=\"color: #000000;\"><span style=\"font-size: medium;\">t dire\u00a0: \u00ab\u00a0Cette personne a l\u2019air heureuse\u00a0\u00bb, \u00ab\u00a0Cette personne a l\u2019air intelligente\u00a0\u00bb ou \u00ab\u00a0Peut-\u00eatre que je n\u2019aurais pas d\u00fb envoyer ce courriel\u00a0\u00bb. Si ces histoires correspondent \u00e0 ce que vous \u00eates, vous devriez \u00eatre en mesure de les <\/span><\/span><span style=\"color: #000000;\"><span style=\"font-size: medium;\">arr\u00eater<\/span><\/span><span style=\"color: #000000;\"><span style=\"font-size: medium;\">. En \u00eates-vous capable\u00a0? Voici une autre fa\u00e7on de le v\u00e9rifier. Lisez les deux nombres suivants, mais ne compl\u00e9tez pas le mod\u00e8le en remplissant les blancs \u00e0 l\u2019aide de votre voix int\u00e9rieure. 3,2, _. Votre voix int\u00e9rieure a-t-elle compl\u00e9t\u00e9 le <\/span><\/span><span style=\"color: #000000;\"><span style=\"font-size: medium;\">sch\u00e9ma<\/span><\/span><span style=\"color: #000000;\"><span style=\"font-size: medium;\"> et dit \u00ab\u00a0un\u00a0\u00bb\u00a0? <\/span><\/span><span style=\"color: #000000;\"><span style=\"font-size: medium;\">Recommencez<\/span><\/span><span style=\"color: #000000;\"><span style=\"font-size: medium;\">, et essayez vraiment de ne pas terminer le sch\u00e9ma dans votre t\u00eate. La prochaine fois que vous aurez une pens\u00e9e intrusive, dites-vous que le fait que vous ne puissiez pas l\u2019arr\u00eater prouve qu\u2019il n\u2019y a pas de moi int\u00e9rieur qui la contr\u00f4le.<\/span><\/span><\/p>\n<h2 class=\"western\" align=\"justify\"><span style=\"color: #000000;\"><span style=\"font-family: Times New Roman, serif;\"><span style=\"font-size: medium;\">La science <\/span><\/span><\/span><span style=\"color: #000000;\"><span style=\"font-family: Times New Roman, serif;\"><span style=\"font-size: medium;\">rejoin<\/span><\/span><\/span><span style=\"color: #000000;\"><span style=\"font-family: Times New Roman, serif;\"><span style=\"font-size: medium;\">t la vision orientale<\/span><\/span><\/span><\/h2>\n<p class=\"western\" align=\"justify\"><span style=\"color: #000000;\"><span style=\"font-size: medium;\">Ainsi, pour la premi\u00e8re fois dans l\u2019histoire, les d\u00e9couvertes des scientifiques occidentaux soutiennent fortement, dans de nombreux cas sans le vouloir, l\u2019une des id\u00e9es les plus fondamentales de l\u2019Orient\u00a0: le moi individuel est plus proche d\u2019un personnage de fiction que d\u2019une chose r\u00e9elle. <\/span><\/span><\/p>\n<p class=\"western\" align=\"justify\"><span style=\"color: #000000;\"><span style=\"font-size: medium;\">Pourquoi tout cela est-il important\u00a0? La triste v\u00e9rit\u00e9 est que chacun d\u2019entre nous fera l\u2019exp\u00e9rience de beaucoup de douleur mentale, de mis\u00e8re et de frustration au cours de sa vie. En prenant la voix dans notre t\u00eate pour une chose et en l\u2019appelant \u00ab\u00a0moi\u00a0\u00bb, nous entrons en conflit avec les preuves neuropsychologiques qui montrent que cette chose n\u2019existe pas. Cette erreur \u2014 ce sentiment illusoire de <\/span><\/span><a href=\"https:\/\/bigthink.com\/thinking\/selfless-book\/\" target=\"_blank\" rel=\"noopener\"><span style=\"color: #000080;\"><u><span style=\"color: #000000;\"><span style=\"font-size: medium;\">soi<\/span><\/span><\/u><\/span> <\/a><span style=\"color: #000080;\"><span style=\"color: #000000;\"><span style=\"font-size: medium;\">\u2014<\/span><\/span><\/span><span style=\"color: #000000;\"><span style=\"font-size: medium;\"> est la cause premi\u00e8re de notre souffrance mentale. Lorsque vous n\u2019arrivez pas \u00e0 dormir la nuit, est-ce parce que vous vous inqui\u00e9tez des probl\u00e8mes d\u2019un \u00e9tranger ou est-ce que ce sont <\/span><\/span><em><span style=\"color: #000000;\"><span style=\"font-size: medium;\">vos <\/span><\/span><\/em><span style=\"color: #000000;\"><span style=\"font-size: medium;\">probl\u00e8mes qui vous emp\u00eachent de dormir\u00a0? La plupart d\u2019entre nous s\u2019inqui\u00e8tent de <\/span><\/span><em><span style=\"color: #000000;\"><span style=\"font-size: medium;\">leurs<\/span><\/span><\/em><span style=\"color: #000000;\"><span style=\"font-size: medium;\"> probl\u00e8mes professionnels, financiers et relationnels. Que se passerait-il si nous \u00e9liminions le \u00ab\u00a0moi\u00a0\u00bb de ces probl\u00e8mes\u00a0? <\/span><\/span><\/p>\n<p class=\"western\" align=\"justify\"><span style=\"color: #000000;\"><span style=\"font-size: medium;\">Je distingue la souffrance psychique de la douleur physique. La douleur se produit dans le corps et est une r\u00e9action physique, comme lorsque l\u2019on se cogne l\u2019orteil ou que l\u2019on se casse un bras. La <\/span><\/span><em><span style=\"color: #000000;\"><span style=\"font-size: medium;\">souffrance <\/span><\/span><\/em><span style=\"color: #000000;\"><span style=\"font-size: medium;\">dont je parle se produit uniquement dans l\u2019esprit et d\u00e9crit des choses telles que l\u2019inqui\u00e9tude, la col\u00e8re, l\u2019anxi\u00e9t\u00e9, le regret, la jalousie, la honte et une foule d\u2019autres \u00e9tats mentaux n\u00e9gatifs. Je sais que c\u2019est une grande affirmation que de dire que tous ces types de souffrance sont le r\u00e9sultat d\u2019un sentiment fictif de soi. Pour l\u2019instant, l\u2019essence de cette id\u00e9e est brillamment captur\u00e9e par le philosophe et auteur tao\u00efste Wei Wu Wei lorsqu\u2019il <\/span><\/span><span style=\"color: #000080;\"><u><span style=\"color: #000000;\"><span style=\"font-size: medium;\"><a href=\"https:\/\/www.goodreads.com\/quotes\/540671-why-are-you-unhappy-because-99-9-percent-of-everything-you\" target=\"_blank\" rel=\"noopener\">\u00e9crit<\/a>\u00a0<\/span><\/span><\/u><\/span><span style=\"color: #000000;\"><span style=\"font-size: medium;\">: \u00ab\u00a0<\/span><\/span><span style=\"color: #000000;\"><span style=\"font-size: medium;\"><i>Pourquoi \u00eates-vous malheureux\u00a0? Parce que 99,9\u00a0% de tout ce que vous pensez et de tout ce que vous faites, c\u2019est pour vous-m\u00eame \u2014 <\/i><\/span><\/span><span style=\"color: #000080;\"><span style=\"color: #000000;\"><span style=\"font-size: medium;\"><i>et ce moi n\u2019existe pas<\/i><\/span><\/span><\/span><span style=\"color: #000000;\"><span style=\"font-size: medium;\">\u00a0\u00bb.<\/span><\/span><\/p>\n<p class=\"western\" align=\"justify\"><span style=\"color: #000000;\"><span style=\"font-size: medium;\">Texte original <\/span><\/span><span style=\"color: #000000;\"><span style=\"font-size: medium;\">publi\u00e9 le 9\u00a0juin 2023<\/span><\/span><span style=\"color: #000000;\"><span style=\"font-size: medium;\">\u00a0: <\/span><\/span><span style=\"color: #000080;\"><u><a href=\"https:\/\/bigthink.com\/the-well\/eastern-philosophy-neuroscience-no-self\/\" target=\"_blank\" rel=\"noopener\"><span style=\"color: #000000;\"><span style=\"font-size: medium;\">https:\/\/bigthink.com\/the-well\/eastern-philosophy-neuroscience-no-self\/<\/span><\/span><\/a><\/u><\/span><\/p>\n<p class=\"western\" align=\"justify\"><span style=\"color: #000080;\"><u><span style=\"color: #000000;\"><span style=\"font-size: medium;\"><b>L\u2019auteur\u00a0: <\/b><\/span><\/span><\/u><\/span><strong><span style=\"color: #000000;\"><span style=\"font-size: medium;\"><u>Chris Niebauer, Ph. D.<\/u><\/span><\/span><\/strong><\/p>\n<p class=\"western\" align=\"justify\">Au d\u00e9but des ann\u00e9es\u00a01990, alors qu\u2019il \u00e9tait encore \u00e9tudiant en doctorat, Chris Niebauer commen\u00e7a \u00e0 remarquer des parall\u00e8les frappants entre les derni\u00e8res d\u00e9couvertes en psychologie et en neurosciences et les enseignements du bouddhisme, du tao\u00efsme et d\u2019autres courants de pens\u00e9e orientaux. Lorsqu\u2019il pr\u00e9senta ses conclusions \u00e0 un professeur, ses id\u00e9es furent rapidement rejet\u00e9es comme \u00e9tant de la \u00ab\u00a0pure co\u00efncidence, rien de plus.\u00a0\u00bb<\/p>\n<p class=\"western\" align=\"justify\">Vingt ans apr\u00e8s\u00a0: Niebauer est d\u00e9sormais titulaire d\u2019un doctorat et professeur titulaire, et le lien entre le bouddhisme et les neurosciences qu\u2019il avait d\u00e9couvert en tant qu\u2019\u00e9tudiant est pratiquement devenu un genre \u00e0 part enti\u00e8re dans les librairies. Mais selon lui, nous ne faisons que commencer \u00e0 comprendre le lien entre la philosophie orientale et les derni\u00e8res avanc\u00e9es en psychologie et en neurosciences, ainsi que ce que cette synth\u00e8se d\u2019id\u00e9es signifie pour l\u2019exp\u00e9rience humaine.<\/p>\n<p class=\"western\" align=\"justify\">Chris Niebauer a obtenu son doctorat en neuropsychologie cognitive \u00e0 l\u2019Universit\u00e9 de Toledo, se sp\u00e9cialisant dans les diff\u00e9rences entre les h\u00e9misph\u00e8res gauche et droit du cerveau humain. Il est actuellement professeur \u00e0 l\u2019Universit\u00e9 de Slippery Rock en Pennsylvanie, o\u00f9 il enseigne des cours sur la conscience, la pleine conscience, les diff\u00e9rences entre le cerveau gauche et droit, et l\u2019intelligence artificielle. Il est l\u2019auteur du livre\u00a0: <i>No Self, No Problem: How Neuropsychology Is Catching Up to Buddhism. <\/i><span style=\"color: #000080;\"><span style=\"color: #000000;\"><span style=\"font-size: medium;\">Site\u00a0: <a href=\"https:\/\/chrisniebauerphd.com\/\" target=\"_blank\" rel=\"noopener\">https:\/\/chrisniebauerphd.com\/<\/a><\/span><\/span><\/span><\/p>\n","protected":false},"excerpt":{"rendered":"<p>La triste v\u00e9rit\u00e9 est que chacun d\u2019entre nous fera l\u2019exp\u00e9rience de beaucoup de douleur mentale, de mis\u00e8re et de frustration au cours de sa vie. En prenant la voix dans notre t\u00eate pour une chose et en l\u2019appelant \u00ab\u00a0moi\u00a0\u00bb, nous entrons en conflit avec les preuves neuropsychologiques qui montrent que cette chose n\u2019existe pas. Cette erreur \u2014 ce sentiment illusoire de soi \u2014 est la cause premi\u00e8re de notre souffrance mentale.<\/p>\n","protected":false},"author":2,"featured_media":20537,"comment_status":"closed","ping_status":"closed","sticky":false,"template":"","format":"standard","meta":{"footnotes":""},"categories":[1014],"tags":[116,136,55,88,1667,9],"class_list":["post-20536","post","type-post","status-publish","format-standard","has-post-thumbnail","hentry","category-essais","tag-cerveau","tag-connaissance-de-soi","tag-illusion","tag-le-moi","tag-neuroscience","tag-science-et-spiritualite"],"yoast_head":"<!-- This site is optimized with the Yoast SEO plugin v27.0 - https:\/\/yoast.com\/product\/yoast-seo-wordpress\/ -->\n<title>La philosophie orientale affirme qu\u2019il n\u2019y a pas de \u00ab\u00a0moi\u00a0\u00bb. La science est d\u2019accord par Chris Niebauer - 3e mill\u00e9naire - Spiritualit\u00e9 - Connaissance de soi - Non-dualit\u00e9 - M\u00e9ditation<\/title>\n<meta name=\"robots\" content=\"index, follow, max-snippet:-1, max-image-preview:large, max-video-preview:-1\" \/>\n<link rel=\"canonical\" href=\"https:\/\/www.revue3emillenaire.com\/blog\/la-philosophie-orientale-affirme-quil-ny-a-pas-de-moi-la-science-est-daccord-par-chris-niebauer\/\" \/>\n<meta property=\"og:locale\" content=\"fr_FR\" \/>\n<meta property=\"og:type\" content=\"article\" \/>\n<meta property=\"og:title\" content=\"La philosophie orientale affirme qu\u2019il n\u2019y a pas de \u00ab\u00a0moi\u00a0\u00bb. La science est d\u2019accord par Chris Niebauer - 3e mill\u00e9naire - Spiritualit\u00e9 - Connaissance de soi - Non-dualit\u00e9 - M\u00e9ditation\" \/>\n<meta property=\"og:description\" content=\"La triste v\u00e9rit\u00e9 est que chacun d\u2019entre nous fera l\u2019exp\u00e9rience de beaucoup de douleur mentale, de mis\u00e8re et de frustration au cours de sa vie. En prenant la voix dans notre t\u00eate pour une chose et en l\u2019appelant \u00ab\u00a0moi\u00a0\u00bb, nous entrons en conflit avec les preuves neuropsychologiques qui montrent que cette chose n\u2019existe pas. Cette erreur \u2014 ce sentiment illusoire de soi \u2014 est la cause premi\u00e8re de notre souffrance mentale.\" \/>\n<meta property=\"og:url\" content=\"https:\/\/www.revue3emillenaire.com\/blog\/la-philosophie-orientale-affirme-quil-ny-a-pas-de-moi-la-science-est-daccord-par-chris-niebauer\/\" \/>\n<meta property=\"og:site_name\" content=\"3e mill\u00e9naire - Spiritualit\u00e9 - Connaissance de soi - Non-dualit\u00e9 - M\u00e9ditation\" \/>\n<meta property=\"article:published_time\" content=\"2025-03-30T17:10:57+00:00\" \/>\n<meta property=\"article:modified_time\" content=\"2025-04-01T02:50:45+00:00\" \/>\n<meta property=\"og:image\" content=\"https:\/\/www.revue3emillenaire.com\/blog\/wp-content\/uploads\/2025\/03\/Chris-Niebauer.jpg\" \/>\n\t<meta property=\"og:image:width\" content=\"308\" \/>\n\t<meta property=\"og:image:height\" content=\"347\" \/>\n\t<meta property=\"og:image:type\" content=\"image\/jpeg\" \/>\n<meta name=\"author\" content=\"3e mill\u00e9naire\" \/>\n<meta name=\"twitter:card\" content=\"summary_large_image\" \/>\n<meta name=\"twitter:label1\" content=\"\u00c9crit par\" \/>\n\t<meta name=\"twitter:data1\" content=\"3e mill\u00e9naire\" \/>\n\t<meta name=\"twitter:label2\" content=\"Dur\u00e9e de lecture estim\u00e9e\" \/>\n\t<meta name=\"twitter:data2\" content=\"14 minutes\" \/>\n<script type=\"application\/ld+json\" class=\"yoast-schema-graph\">{\"@context\":\"https:\/\/schema.org\",\"@graph\":[{\"@type\":\"Article\",\"@id\":\"https:\/\/www.revue3emillenaire.com\/blog\/la-philosophie-orientale-affirme-quil-ny-a-pas-de-moi-la-science-est-daccord-par-chris-niebauer\/#article\",\"isPartOf\":{\"@id\":\"https:\/\/www.revue3emillenaire.com\/blog\/la-philosophie-orientale-affirme-quil-ny-a-pas-de-moi-la-science-est-daccord-par-chris-niebauer\/\"},\"author\":{\"name\":\"3e mill\u00e9naire\",\"@id\":\"https:\/\/www.revue3emillenaire.com\/blog\/#\/schema\/person\/b692dacff720a5344a6190bc714397eb\"},\"headline\":\"La philosophie orientale affirme qu\u2019il n\u2019y a pas de \u00ab\u00a0moi\u00a0\u00bb. La science est d\u2019accord par Chris Niebauer\",\"datePublished\":\"2025-03-30T17:10:57+00:00\",\"dateModified\":\"2025-04-01T02:50:45+00:00\",\"mainEntityOfPage\":{\"@id\":\"https:\/\/www.revue3emillenaire.com\/blog\/la-philosophie-orientale-affirme-quil-ny-a-pas-de-moi-la-science-est-daccord-par-chris-niebauer\/\"},\"wordCount\":3038,\"image\":{\"@id\":\"https:\/\/www.revue3emillenaire.com\/blog\/la-philosophie-orientale-affirme-quil-ny-a-pas-de-moi-la-science-est-daccord-par-chris-niebauer\/#primaryimage\"},\"thumbnailUrl\":\"https:\/\/www.revue3emillenaire.com\/blog\/wp-content\/uploads\/2025\/03\/Chris-Niebauer.jpg\",\"keywords\":[\"cerveau\",\"connaissance de soi\",\"Illusion\",\"Le moi\",\"Neuroscience\",\"Science et spiritualit\u00e9\"],\"articleSection\":[\"Essais\"],\"inLanguage\":\"fr-FR\"},{\"@type\":\"WebPage\",\"@id\":\"https:\/\/www.revue3emillenaire.com\/blog\/la-philosophie-orientale-affirme-quil-ny-a-pas-de-moi-la-science-est-daccord-par-chris-niebauer\/\",\"url\":\"https:\/\/www.revue3emillenaire.com\/blog\/la-philosophie-orientale-affirme-quil-ny-a-pas-de-moi-la-science-est-daccord-par-chris-niebauer\/\",\"name\":\"La philosophie orientale affirme qu\u2019il n\u2019y a pas de \u00ab\u00a0moi\u00a0\u00bb. La science est d\u2019accord par Chris Niebauer - 3e mill\u00e9naire - Spiritualit\u00e9 - Connaissance de soi - Non-dualit\u00e9 - M\u00e9ditation\",\"isPartOf\":{\"@id\":\"https:\/\/www.revue3emillenaire.com\/blog\/#website\"},\"primaryImageOfPage\":{\"@id\":\"https:\/\/www.revue3emillenaire.com\/blog\/la-philosophie-orientale-affirme-quil-ny-a-pas-de-moi-la-science-est-daccord-par-chris-niebauer\/#primaryimage\"},\"image\":{\"@id\":\"https:\/\/www.revue3emillenaire.com\/blog\/la-philosophie-orientale-affirme-quil-ny-a-pas-de-moi-la-science-est-daccord-par-chris-niebauer\/#primaryimage\"},\"thumbnailUrl\":\"https:\/\/www.revue3emillenaire.com\/blog\/wp-content\/uploads\/2025\/03\/Chris-Niebauer.jpg\",\"datePublished\":\"2025-03-30T17:10:57+00:00\",\"dateModified\":\"2025-04-01T02:50:45+00:00\",\"author\":{\"@id\":\"https:\/\/www.revue3emillenaire.com\/blog\/#\/schema\/person\/b692dacff720a5344a6190bc714397eb\"},\"breadcrumb\":{\"@id\":\"https:\/\/www.revue3emillenaire.com\/blog\/la-philosophie-orientale-affirme-quil-ny-a-pas-de-moi-la-science-est-daccord-par-chris-niebauer\/#breadcrumb\"},\"inLanguage\":\"fr-FR\",\"potentialAction\":[{\"@type\":\"ReadAction\",\"target\":[\"https:\/\/www.revue3emillenaire.com\/blog\/la-philosophie-orientale-affirme-quil-ny-a-pas-de-moi-la-science-est-daccord-par-chris-niebauer\/\"]}]},{\"@type\":\"ImageObject\",\"inLanguage\":\"fr-FR\",\"@id\":\"https:\/\/www.revue3emillenaire.com\/blog\/la-philosophie-orientale-affirme-quil-ny-a-pas-de-moi-la-science-est-daccord-par-chris-niebauer\/#primaryimage\",\"url\":\"https:\/\/www.revue3emillenaire.com\/blog\/wp-content\/uploads\/2025\/03\/Chris-Niebauer.jpg\",\"contentUrl\":\"https:\/\/www.revue3emillenaire.com\/blog\/wp-content\/uploads\/2025\/03\/Chris-Niebauer.jpg\",\"width\":308,\"height\":347},{\"@type\":\"BreadcrumbList\",\"@id\":\"https:\/\/www.revue3emillenaire.com\/blog\/la-philosophie-orientale-affirme-quil-ny-a-pas-de-moi-la-science-est-daccord-par-chris-niebauer\/#breadcrumb\",\"itemListElement\":[{\"@type\":\"ListItem\",\"position\":1,\"name\":\"Accueil\",\"item\":\"https:\/\/www.revue3emillenaire.com\/blog\/\"},{\"@type\":\"ListItem\",\"position\":2,\"name\":\"La philosophie orientale affirme qu\u2019il n\u2019y a pas de \u00ab\u00a0moi\u00a0\u00bb. La science est d\u2019accord par Chris Niebauer\"}]},{\"@type\":\"WebSite\",\"@id\":\"https:\/\/www.revue3emillenaire.com\/blog\/#website\",\"url\":\"https:\/\/www.revue3emillenaire.com\/blog\/\",\"name\":\"3e mill\u00e9naire - Spiritualit\u00e9 - Connaissance de soi - Non-dualit\u00e9 - M\u00e9ditation\",\"description\":\"L&#039;Homme en devenir\",\"potentialAction\":[{\"@type\":\"SearchAction\",\"target\":{\"@type\":\"EntryPoint\",\"urlTemplate\":\"https:\/\/www.revue3emillenaire.com\/blog\/?s={search_term_string}\"},\"query-input\":{\"@type\":\"PropertyValueSpecification\",\"valueRequired\":true,\"valueName\":\"search_term_string\"}}],\"inLanguage\":\"fr-FR\"},{\"@type\":\"Person\",\"@id\":\"https:\/\/www.revue3emillenaire.com\/blog\/#\/schema\/person\/b692dacff720a5344a6190bc714397eb\",\"name\":\"3e mill\u00e9naire\",\"url\":\"https:\/\/www.revue3emillenaire.com\/blog\/author\/scoussa\/\"}]}<\/script>\n<!-- \/ Yoast SEO plugin. -->","yoast_head_json":{"title":"La philosophie orientale affirme qu\u2019il n\u2019y a pas de \u00ab\u00a0moi\u00a0\u00bb. La science est d\u2019accord par Chris Niebauer - 3e mill\u00e9naire - Spiritualit\u00e9 - Connaissance de soi - Non-dualit\u00e9 - M\u00e9ditation","robots":{"index":"index","follow":"follow","max-snippet":"max-snippet:-1","max-image-preview":"max-image-preview:large","max-video-preview":"max-video-preview:-1"},"canonical":"https:\/\/www.revue3emillenaire.com\/blog\/la-philosophie-orientale-affirme-quil-ny-a-pas-de-moi-la-science-est-daccord-par-chris-niebauer\/","og_locale":"fr_FR","og_type":"article","og_title":"La philosophie orientale affirme qu\u2019il n\u2019y a pas de \u00ab\u00a0moi\u00a0\u00bb. La science est d\u2019accord par Chris Niebauer - 3e mill\u00e9naire - Spiritualit\u00e9 - Connaissance de soi - Non-dualit\u00e9 - M\u00e9ditation","og_description":"La triste v\u00e9rit\u00e9 est que chacun d\u2019entre nous fera l\u2019exp\u00e9rience de beaucoup de douleur mentale, de mis\u00e8re et de frustration au cours de sa vie. En prenant la voix dans notre t\u00eate pour une chose et en l\u2019appelant \u00ab\u00a0moi\u00a0\u00bb, nous entrons en conflit avec les preuves neuropsychologiques qui montrent que cette chose n\u2019existe pas. Cette erreur \u2014 ce sentiment illusoire de soi \u2014 est la cause premi\u00e8re de notre souffrance mentale.","og_url":"https:\/\/www.revue3emillenaire.com\/blog\/la-philosophie-orientale-affirme-quil-ny-a-pas-de-moi-la-science-est-daccord-par-chris-niebauer\/","og_site_name":"3e mill\u00e9naire - Spiritualit\u00e9 - Connaissance de soi - Non-dualit\u00e9 - M\u00e9ditation","article_published_time":"2025-03-30T17:10:57+00:00","article_modified_time":"2025-04-01T02:50:45+00:00","og_image":[{"width":308,"height":347,"url":"https:\/\/www.revue3emillenaire.com\/blog\/wp-content\/uploads\/2025\/03\/Chris-Niebauer.jpg","type":"image\/jpeg"}],"author":"3e mill\u00e9naire","twitter_card":"summary_large_image","twitter_misc":{"\u00c9crit par":"3e mill\u00e9naire","Dur\u00e9e de lecture estim\u00e9e":"14 minutes"},"schema":{"@context":"https:\/\/schema.org","@graph":[{"@type":"Article","@id":"https:\/\/www.revue3emillenaire.com\/blog\/la-philosophie-orientale-affirme-quil-ny-a-pas-de-moi-la-science-est-daccord-par-chris-niebauer\/#article","isPartOf":{"@id":"https:\/\/www.revue3emillenaire.com\/blog\/la-philosophie-orientale-affirme-quil-ny-a-pas-de-moi-la-science-est-daccord-par-chris-niebauer\/"},"author":{"name":"3e mill\u00e9naire","@id":"https:\/\/www.revue3emillenaire.com\/blog\/#\/schema\/person\/b692dacff720a5344a6190bc714397eb"},"headline":"La philosophie orientale affirme qu\u2019il n\u2019y a pas de \u00ab\u00a0moi\u00a0\u00bb. La science est d\u2019accord par Chris Niebauer","datePublished":"2025-03-30T17:10:57+00:00","dateModified":"2025-04-01T02:50:45+00:00","mainEntityOfPage":{"@id":"https:\/\/www.revue3emillenaire.com\/blog\/la-philosophie-orientale-affirme-quil-ny-a-pas-de-moi-la-science-est-daccord-par-chris-niebauer\/"},"wordCount":3038,"image":{"@id":"https:\/\/www.revue3emillenaire.com\/blog\/la-philosophie-orientale-affirme-quil-ny-a-pas-de-moi-la-science-est-daccord-par-chris-niebauer\/#primaryimage"},"thumbnailUrl":"https:\/\/www.revue3emillenaire.com\/blog\/wp-content\/uploads\/2025\/03\/Chris-Niebauer.jpg","keywords":["cerveau","connaissance de soi","Illusion","Le moi","Neuroscience","Science et spiritualit\u00e9"],"articleSection":["Essais"],"inLanguage":"fr-FR"},{"@type":"WebPage","@id":"https:\/\/www.revue3emillenaire.com\/blog\/la-philosophie-orientale-affirme-quil-ny-a-pas-de-moi-la-science-est-daccord-par-chris-niebauer\/","url":"https:\/\/www.revue3emillenaire.com\/blog\/la-philosophie-orientale-affirme-quil-ny-a-pas-de-moi-la-science-est-daccord-par-chris-niebauer\/","name":"La philosophie orientale affirme qu\u2019il n\u2019y a pas de \u00ab\u00a0moi\u00a0\u00bb. La science est d\u2019accord par Chris Niebauer - 3e mill\u00e9naire - Spiritualit\u00e9 - Connaissance de soi - Non-dualit\u00e9 - M\u00e9ditation","isPartOf":{"@id":"https:\/\/www.revue3emillenaire.com\/blog\/#website"},"primaryImageOfPage":{"@id":"https:\/\/www.revue3emillenaire.com\/blog\/la-philosophie-orientale-affirme-quil-ny-a-pas-de-moi-la-science-est-daccord-par-chris-niebauer\/#primaryimage"},"image":{"@id":"https:\/\/www.revue3emillenaire.com\/blog\/la-philosophie-orientale-affirme-quil-ny-a-pas-de-moi-la-science-est-daccord-par-chris-niebauer\/#primaryimage"},"thumbnailUrl":"https:\/\/www.revue3emillenaire.com\/blog\/wp-content\/uploads\/2025\/03\/Chris-Niebauer.jpg","datePublished":"2025-03-30T17:10:57+00:00","dateModified":"2025-04-01T02:50:45+00:00","author":{"@id":"https:\/\/www.revue3emillenaire.com\/blog\/#\/schema\/person\/b692dacff720a5344a6190bc714397eb"},"breadcrumb":{"@id":"https:\/\/www.revue3emillenaire.com\/blog\/la-philosophie-orientale-affirme-quil-ny-a-pas-de-moi-la-science-est-daccord-par-chris-niebauer\/#breadcrumb"},"inLanguage":"fr-FR","potentialAction":[{"@type":"ReadAction","target":["https:\/\/www.revue3emillenaire.com\/blog\/la-philosophie-orientale-affirme-quil-ny-a-pas-de-moi-la-science-est-daccord-par-chris-niebauer\/"]}]},{"@type":"ImageObject","inLanguage":"fr-FR","@id":"https:\/\/www.revue3emillenaire.com\/blog\/la-philosophie-orientale-affirme-quil-ny-a-pas-de-moi-la-science-est-daccord-par-chris-niebauer\/#primaryimage","url":"https:\/\/www.revue3emillenaire.com\/blog\/wp-content\/uploads\/2025\/03\/Chris-Niebauer.jpg","contentUrl":"https:\/\/www.revue3emillenaire.com\/blog\/wp-content\/uploads\/2025\/03\/Chris-Niebauer.jpg","width":308,"height":347},{"@type":"BreadcrumbList","@id":"https:\/\/www.revue3emillenaire.com\/blog\/la-philosophie-orientale-affirme-quil-ny-a-pas-de-moi-la-science-est-daccord-par-chris-niebauer\/#breadcrumb","itemListElement":[{"@type":"ListItem","position":1,"name":"Accueil","item":"https:\/\/www.revue3emillenaire.com\/blog\/"},{"@type":"ListItem","position":2,"name":"La philosophie orientale affirme qu\u2019il n\u2019y a pas de \u00ab\u00a0moi\u00a0\u00bb. La science est d\u2019accord par Chris Niebauer"}]},{"@type":"WebSite","@id":"https:\/\/www.revue3emillenaire.com\/blog\/#website","url":"https:\/\/www.revue3emillenaire.com\/blog\/","name":"3e mill\u00e9naire - Spiritualit\u00e9 - Connaissance de soi - Non-dualit\u00e9 - M\u00e9ditation","description":"L&#039;Homme en devenir","potentialAction":[{"@type":"SearchAction","target":{"@type":"EntryPoint","urlTemplate":"https:\/\/www.revue3emillenaire.com\/blog\/?s={search_term_string}"},"query-input":{"@type":"PropertyValueSpecification","valueRequired":true,"valueName":"search_term_string"}}],"inLanguage":"fr-FR"},{"@type":"Person","@id":"https:\/\/www.revue3emillenaire.com\/blog\/#\/schema\/person\/b692dacff720a5344a6190bc714397eb","name":"3e mill\u00e9naire","url":"https:\/\/www.revue3emillenaire.com\/blog\/author\/scoussa\/"}]}},"_links":{"self":[{"href":"https:\/\/www.revue3emillenaire.com\/blog\/wp-json\/wp\/v2\/posts\/20536","targetHints":{"allow":["GET"]}}],"collection":[{"href":"https:\/\/www.revue3emillenaire.com\/blog\/wp-json\/wp\/v2\/posts"}],"about":[{"href":"https:\/\/www.revue3emillenaire.com\/blog\/wp-json\/wp\/v2\/types\/post"}],"author":[{"embeddable":true,"href":"https:\/\/www.revue3emillenaire.com\/blog\/wp-json\/wp\/v2\/users\/2"}],"replies":[{"embeddable":true,"href":"https:\/\/www.revue3emillenaire.com\/blog\/wp-json\/wp\/v2\/comments?post=20536"}],"version-history":[{"count":0,"href":"https:\/\/www.revue3emillenaire.com\/blog\/wp-json\/wp\/v2\/posts\/20536\/revisions"}],"wp:featuredmedia":[{"embeddable":true,"href":"https:\/\/www.revue3emillenaire.com\/blog\/wp-json\/wp\/v2\/media\/20537"}],"wp:attachment":[{"href":"https:\/\/www.revue3emillenaire.com\/blog\/wp-json\/wp\/v2\/media?parent=20536"}],"wp:term":[{"taxonomy":"category","embeddable":true,"href":"https:\/\/www.revue3emillenaire.com\/blog\/wp-json\/wp\/v2\/categories?post=20536"},{"taxonomy":"post_tag","embeddable":true,"href":"https:\/\/www.revue3emillenaire.com\/blog\/wp-json\/wp\/v2\/tags?post=20536"}],"curies":[{"name":"wp","href":"https:\/\/api.w.org\/{rel}","templated":true}]}}