{"id":20539,"date":"2025-04-01T01:49:53","date_gmt":"2025-04-01T00:49:53","guid":{"rendered":"https:\/\/www.revue3emillenaire.com\/blog\/?p=20539"},"modified":"2025-07-12T14:02:16","modified_gmt":"2025-07-12T13:02:16","slug":"le-gang-mondial-qui-dirige-le-monde-et-ruine-nos-vies-par-paul-cudenec","status":"publish","type":"post","link":"https:\/\/www.revue3emillenaire.com\/blog\/le-gang-mondial-qui-dirige-le-monde-et-ruine-nos-vies-par-paul-cudenec\/","title":{"rendered":"Le gang mondial qui dirige le monde et ruine nos vies par Paul Cudenec"},"content":{"rendered":"<p class=\"western\" align=\"justify\"><span style=\"color: #000000;\"><span style=\"font-size: medium;\">Ma compr\u00e9hension du monde dans lequel nous vivons s\u2019est sans aucun doute consid\u00e9rablement am\u00e9lior\u00e9e depuis que j\u2019ai \u00e9crit le mat\u00e9riel qui a constitu\u00e9 la premi\u00e8re d\u2019une s\u00e9rie de compilations<\/span><\/span><em><span style=\"color: #000000;\"><span style=\"font-size: medium;\">, <\/span><\/span><\/em><em><span style=\"color: #000000;\"><span style=\"font-size: medium;\"><i>Fascism rebranded\u00a0: exposing the Great Reset (<\/i><\/span><\/span><\/em><em><span style=\"color: #000000;\"><span style=\"font-size: medium;\">Le fascisme relook\u00e9\u00a0: d\u00e9voiler la Grande R\u00e9initialisation)<\/span><\/span><\/em><em><span style=\"color: #000000;\"><span style=\"font-size: medium;\">, une s\u00e9lection d\u2019essais de 2018 \u00e0 2021<\/span><\/span><\/em><span style=\"color: #000000;\"><span style=\"font-size: medium;\">.<\/span><\/span><\/p>\n<p class=\"western\" align=\"justify\"><span style=\"color: #000000;\"><span style=\"font-size: medium;\">Dans les quatre volumes suivants \u2014 T<\/span><\/span><em><span style=\"color: #000000;\"><span style=\"font-size: medium;\"><i>he Great Racket: the ongoing development of the criminal global system<\/i><\/span><\/span><\/em><em><span style=\"color: #000000;\"><span style=\"font-size: medium;\"> (<\/span><\/span><\/em><em><span style=\"color: #000000;\"><span style=\"font-size: medium;\"><i>Le grand racket\u00a0: le d\u00e9veloppement continu du syst\u00e8me criminel mondial<\/i><\/span><\/span><\/em><em><span style=\"color: #000000;\"><span style=\"font-size: medium;\">); <\/span><\/span><\/em><em><span style=\"color: #000000;\"><span style=\"font-size: medium;\"><i>Converging Against the Criminocrats<\/i><\/span><\/span><\/em><em><span style=\"color: #0a1215;\"><span style=\"font-family: Times New Roman, serif;\"><span style=\"font-size: medium;\"><i>: Essays and Talks for the New International Resistance<\/i><\/span><\/span><\/span><\/em><i> <\/i><em><span style=\"color: #000000;\"><span style=\"font-size: medium;\">(<\/span><\/span><\/em><em><span style=\"color: #000000;\"><span style=\"font-size: medium;\">Converger contre les criminocrates\u00a0:<\/span><\/span><\/em> <em><span style=\"color: #000000;\"><span style=\"font-size: medium;\"><i>Essais et entretiens pour la nouvelle r\u00e9sistance internationale)<\/i><\/span><\/span><\/em><em><span style=\"color: #0a1215;\"><span style=\"font-size: medium;\">; <\/span><\/span><\/em><em><span style=\"color: #0a1215;\"><span style=\"font-family: Times New Roman, serif;\"><span style=\"font-size: medium;\"><i>Our Quest for Freedom and Other Essays<\/i><\/span><\/span><\/span><\/em><em><span style=\"color: #000000;\"><span style=\"font-size: medium;\"> (<\/span><\/span><\/em><em><span style=\"color: #000000;\"><span style=\"font-size: medium;\"><i>Notre qu\u00eate de libert\u00e9 et autres essais<\/i><\/span><\/span><\/em><em><span style=\"color: #000000;\"><span style=\"font-size: medium;\">)<\/span><\/span><\/em><span style=\"color: #000000;\"><span style=\"font-size: medium;\">, puis <\/span><\/span><em><span style=\"color: #0a1215;\"><span style=\"font-family: Times New Roman, serif;\"><span style=\"font-size: medium;\"><i>Against the Dark Enslaving Empire! (<\/i><\/span><\/span><\/span><\/em><em><span style=\"color: #000000;\"><span style=\"font-size: medium;\"><i>Contre l\u2019empire obscur qui asservit\u00a0!<\/i><\/span><\/span><\/em><em><span style=\"color: #000000;\"><span style=\"font-size: medium;\">) <\/span><\/span><\/em><em><span style=\"color: #0a1215;\"><span style=\"font-family: Times New Roman, serif;\"><span style=\"font-size: medium;\"><i>A condemnation of the global criminocratic conspiracy<\/i><\/span><\/span><\/span><\/em><em><span style=\"color: #000000;\"><span style=\"font-size: medium;\"> (<\/span><\/span><\/em><em><span style=\"color: #000000;\"><span style=\"font-size: medium;\"><i>Une condamnation de la conspiration criminocratique mondiale<\/i><\/span><\/span><\/em><em><span style=\"color: #000000;\"><span style=\"font-size: medium;\">) \u2014 <\/span><\/span><\/em><span style=\"color: #000000;\"><span style=\"font-size: medium;\">mes recherches en cours m\u2019ont permis d\u2019\u00eatre de plus en plus pr\u00e9cis dans mes descriptions de l\u2019entit\u00e9 mondiale dont l\u2019existence a \u00e9t\u00e9 rendue si visible par le coup d\u2019\u00c9tat Covid en 2020.<\/span><\/span><\/p>\n<p class=\"western\" align=\"justify\"><span style=\"color: #000000;\"><span style=\"font-size: medium;\">Mon nouveau livre, <\/span><\/span><em><span style=\"color: #000000;\"><span style=\"font-size: medium;\"><i>The Global Gang Running the World and Ruining Our Lives<\/i><\/span><\/span><\/em><em><span style=\"color: #000000;\"><span style=\"font-size: medium;\"> (<\/span><\/span><\/em><em><span style=\"color: #000000;\"><span style=\"font-size: medium;\"><i>Le gang mondial qui dirige le monde et ruine nos vies<\/i><\/span><\/span><\/em><span style=\"color: #000000;\"><span style=\"font-size: medium;\">), tir\u00e9 de documents initialement publi\u00e9s en ligne au cours du second semestre\u00a02024 et au d\u00e9but de l\u2019ann\u00e9e\u00a02025, fait progresser ce processus au point que, je le soumets avec respect, il ne peut plus y avoir de doute sur la nature et l\u2019identit\u00e9 de la criminocratie.<\/span><\/span><\/p>\n<p class=\"western\" align=\"justify\"><span style=\"color: #000000;\"><span style=\"font-size: medium;\">La v\u00e9rit\u00e9 r\u00e9v\u00e9l\u00e9e en pr\u00e8s de 500\u00a0pages n\u2019est pas facile \u00e0 avaler et ne correspond pas \u00e0 la vision \u00ab\u00a0consensuelle\u00a0\u00bb du monde qui a \u00e9t\u00e9 d\u00e9lib\u00e9r\u00e9ment fabriqu\u00e9e par la cabale au pouvoir.<\/span><\/span><\/p>\n<p class=\"western\" align=\"justify\"><span style=\"color: #000000;\"><span style=\"font-size: medium;\">Mais il s\u2019agit d\u2019un \u00e9v\u00e9nement qui, une fois vu, ne peut \u00eatre ignor\u00e9, et qui est d\u2019une importance si pressante qu\u2019aucune personne de bonne conscience ne peut s\u2019abstenir de faire tous les efforts n\u00e9cessaires pour le partager avec le plus grand nombre possible de personnes.<\/span><\/span><\/p>\n<p class=\"western\" align=\"justify\"><span style=\"color: #000000;\"><span style=\"font-size: medium;\">Dans le premier de ces essais, <\/span><\/span><em><span style=\"color: #000000;\"><span style=\"font-size: medium;\"><i>Le miroir sans tain de l\u2019oppression<\/i><\/span><\/span><\/em> <span style=\"color: #000000;\"><span style=\"font-size: medium;\">(9\u00a0ao\u00fbt 2024), j\u2019examine la dissimulation et le contr\u00f4le <\/span><\/span><span style=\"color: #000000;\"><span style=\"font-family: Times New Roman, serif;\"><span style=\"font-size: medium;\">mis en place<\/span><\/span><\/span><span style=\"color: #000000;\"><span style=\"font-size: medium;\"> pour cacher et maintenir la r\u00e9alit\u00e9 inacceptable de notre asservissement au gang mondial\u00a0: \u00ab\u00a0Ce miroir horizontal agit contre nos int\u00e9r\u00eats de deux fa\u00e7ons. Il permet \u00e0 la mafia au pouvoir d\u2019espionner chaque d\u00e9tail de nos vies et il cache cette m\u00eame mafia \u00e0 notre vue. C\u2019est s\u00fbr, certains miroirs sont faits pour \u00eatre bris\u00e9s\u00a0!\u00a0\u00bb.<\/span><\/span><\/p>\n<p class=\"western\" align=\"justify\"><span style=\"color: #000000;\"><span style=\"font-size: medium;\">Dans <\/span><\/span><em><span style=\"color: #000000;\"><span style=\"font-size: medium;\"><i>Change for the better?<\/i><\/span><\/span><\/em><span style=\"color: #000000;\"><span style=\"font-size: medium;\"> (<\/span><\/span><em><span style=\"color: #000000;\"><span style=\"font-family: Times New Roman, serif;\"><span style=\"font-size: medium;\">Un changement pour le mieux\u00a0? <\/span><\/span><\/span><\/em><span style=\"color: #000000;\"><span style=\"font-size: medium;\">16\u00a0ao\u00fbt 2024), je d\u00e9plore la fa\u00e7on dont le syst\u00e8me, tout en pr\u00f4nant son propre type de \u00ab\u00a0changement\u00a0\u00bb n\u00e9faste, a entra\u00een\u00e9 les gens \u00e0 avoir peur du seul type de changement dont nous avons r\u00e9ellement besoin, qui consiste \u00e0 nous d\u00e9barrasser de ses machineries de domination et \u00e0 r\u00e9clamer notre libert\u00e9.<\/span><\/span><\/p>\n<p class=\"western\" align=\"justify\"><span style=\"color: #000000;\"><span style=\"font-size: medium;\">J\u2019\u00e9cris\u00a0: \u00ab\u00a0La perspective de tourner le dos \u00e0 la centralisation mondiale, au complexe militaro-industriel, \u00e0 la collecte de donn\u00e9es et \u00e0 la surveillance, \u00e0 Big Pharma et \u00e0 la Banque mondiale, aux mines de lithium et aux centrales nucl\u00e9aires n\u2019a rien d\u2019effrayant\u00a0\u00bb.<\/span><\/span><\/p>\n<p class=\"western\" align=\"justify\"><span style=\"color: #000000;\"><span style=\"font-size: medium;\">\u00ab\u00a0Il n\u2019y a rien d\u2019effrayant \u00e0 r\u00e9duire nos soci\u00e9t\u00e9s, \u00e0 cultiver notre propre nourriture, \u00e0 \u00e9duquer nos propres enfants, \u00e0 cr\u00e9er nos propres cultures, \u00e0 d\u00e9finir nos propres besoins, \u00e0 nourrir nos propres valeurs, \u00e0 vivre aux rythmes lents et profonds de la Terre qui nous a port\u00e9s\u00a0\u00bb.<\/span><\/span><\/p>\n<p class=\"western\" align=\"justify\"><span style=\"color: #000000;\"><span style=\"font-size: medium;\">Plusieurs personnes m\u2019ont dit par la suite que <\/span><\/span><em><span style=\"color: #000000;\"><span style=\"font-size: medium;\"><i>L\u2019\u00e9trange carri\u00e8re de Samantha Cohen<\/i><\/span><\/span><\/em> <span style=\"color: #000000;\"><span style=\"font-size: medium;\">(21\u00a0ao\u00fbt 2024) leur avait ouvert les yeux.<\/span><\/span><\/p>\n<p class=\"western\" align=\"justify\"><span style=\"color: #000000;\"><span style=\"font-size: medium;\">L\u2019histoire de la vie professionnelle \u00e9tonnante d\u2019une femme, bien que de peu d\u2019importance \u00e0 l\u2019\u00e9chelle <\/span><\/span><span style=\"color: #000000;\"><span style=\"font-size: medium;\">globale<\/span><\/span><span style=\"color: #000000;\"><span style=\"font-size: medium;\">, nous am\u00e8ne \u00e0 nous demander s\u2019il s\u2019agit d\u2019une affaire purement individuelle ou si elle a toujours travaill\u00e9 pour le compte d\u2019une certaine entit\u00e9 qui avait les moyens de la placer \u00e0 des postes aussi cl\u00e9s et vari\u00e9s au c\u0153ur de la monarchie et du gouvernement britanniques, ainsi que de l\u2019industrie internationale. Comme je le demande\u00a0: \u00ab\u00a0Dans quelle sorte de monde cela signifierait-il que nous vivons\u00a0?\u00a0\u00bb<\/span><\/span><\/p>\n<p class=\"western\" align=\"justify\"><span style=\"color: #000000;\"><span style=\"font-size: medium;\">Dans<\/span><\/span><i> <\/i><em><span style=\"color: #000000;\"><span style=\"font-size: medium;\"><i>Authenticit\u00e9\u00a0: une qualit\u00e9 pour vaincre la quantit\u00e9<\/i><\/span><\/span><\/em> <span style=\"color: #000000;\"><span style=\"font-size: medium;\">(28\u00a0ao\u00fbt 2024), je me plains\u00a0: \u00ab\u00a0Tout dans notre soci\u00e9t\u00e9 doit servir la faim d\u2019un dieu unique \u2014 Mammon. La valeur a \u00e9t\u00e9 remplac\u00e9e par le prix, la cr\u00e9ation par la consommation, la qualit\u00e9 par la quantit\u00e9\u00a0\u00bb.<\/span><\/span><\/p>\n<p class=\"western\" align=\"justify\"><span style=\"color: #000000;\"><span style=\"font-size: medium;\">Et j\u2019exhorte\u00a0: \u00ab\u00a0D\u00e9clarons-nous partisans de la vie elle-m\u00eame et de la victoire de son authenticit\u00e9 affirmative sur les forces grises et sinistres de l\u2019artifice et de la mort\u00a0!\u00a0<\/span><\/span><span style=\"color: #000000;\"><span style=\"font-family: Times New Roman, serif;\"><span style=\"font-size: medium;\">\u00bb<\/span><\/span><\/span><\/p>\n<p class=\"western\" align=\"justify\"><em><span style=\"color: #000000;\"><span style=\"font-size: medium;\"><i>La corruption est r\u00e9elle et \u00e9c\u0153urante<\/i><\/span><\/span><\/em> <span style=\"color: #000000;\"><span style=\"font-size: medium;\">(3\u00a0septembre 2024), qui a ensuite servi de base \u00e0 une vid\u00e9o tr\u00e8s regard\u00e9e, fournit d\u2019autres pistes \u00e0 explorer, si l\u2019on n\u2019est pas convaincu de l\u2019\u00e9tat de pourrissement total de notre soci\u00e9t\u00e9.<\/span><\/span><\/p>\n<p class=\"western\" align=\"justify\"><span style=\"color: #000000;\"><span style=\"font-size: medium;\">Je pr\u00e9viens que nous sommes gouvern\u00e9s par une m\u00e9gaorganisation qui ne cherche pas \u00e0 faire le bien pour nous ou pour notre monde, c\u2019est pourquoi elle doit prendre tant de soin \u00e0 dissimuler son existence et ses activit\u00e9s. \u00ab\u00a0<\/span><\/span><span style=\"color: #000000;\"><span style=\"font-size: medium;\">C\u2019est <\/span><\/span><span style=\"color: #000000;\"><span style=\"font-size: medium;\">un syndicat du crime incroyablement vaste, impitoyable, avide et destructeur qui s\u2019est empar\u00e9 du contr\u00f4le mondial par le biais du mensonge et de l\u2019usure, du chantage et de la corruption, de la manipulation et du meurtre\u00a0\u00bb.<\/span><\/span><\/p>\n<p class=\"western\" align=\"justify\"><em><span style=\"color: #000000;\"><span style=\"font-size: medium;\"><i><b>L\u2019esprit de Sophia<\/b><\/i><\/span><\/span><\/em> <span style=\"color: #000000;\"><span style=\"font-size: medium;\">est un essai publi\u00e9 en plusieurs parties (\u00e0 partir du 12\u00a0septembre 2024), bas\u00e9 sur ma lecture d\u2019un livre intitul\u00e9 <\/span><\/span><em><span style=\"color: #000000;\"><span style=\"font-size: medium;\"><i>Le pays c\u00e9leste<\/i><\/span><\/span><\/em><span style=\"color: #000000;\"><span style=\"font-size: medium;\">. Je suppose que le concept religieux-mythologique de <\/span><\/span><span style=\"color: #000000;\"><span style=\"font-size: medium;\">la <\/span><\/span><span style=\"color: #000000;\"><span style=\"font-size: medium;\">sophiologie peut sembler obscur \u00e0 certains lecteurs, mais en fait il nous conduit au c\u0153ur de ce \u00e0 quoi nous sommes confront\u00e9s aujourd\u2019hui.<\/span><\/span><\/p>\n<p class=\"western\" align=\"justify\"><span style=\"color: #000000;\"><span style=\"font-size: medium;\">Je raconte, par exemple, comment Sophia est apparemment apparue en vision \u00e0 une mystique anglaise du <\/span><\/span><span style=\"color: #000000;\"><span style=\"font-size: medium;\">XVII<\/span><\/span><span style=\"color: #000000;\"><sup><span style=\"font-size: medium;\">e<\/span><\/sup><\/span><span style=\"color: #000000;\"><sup><span style=\"font-size: medium;\">\u00a0<\/span><\/sup><\/span><span style=\"color: #000000;\"><span style=\"font-size: medium;\">si\u00e8cle et l\u2019a mise en garde contre \u00ab\u00a0le Dragon et la B\u00eate, avec toute sa puissance cornue\u2026 que le monde entier a ador\u00e9e et admir\u00e9e\u00a0\u00bb.<\/span><\/span><\/p>\n<p class=\"western\" align=\"justify\"><span style=\"color: #000000;\"><span style=\"font-size: medium;\">Elle <\/span><\/span><span style=\"color: #000000;\"><span style=\"font-size: medium;\">expliqua<\/span><\/span><span style=\"color: #000000;\"><span style=\"font-size: medium;\"> que cette vile entit\u00e9 \u00ab\u00a0<\/span><\/span><em><span style=\"color: #000000;\"><span style=\"font-size: medium;\">a longtemps eu le temps d\u2019imposer des lois et des injonctions \u00e9tranges et qu\u2019elle a \u00e9t\u00e9 universellement ob\u00e9ie\u00a0\u00bb <\/span><\/span><\/em><span style=\"color: #000000;\"><span style=\"font-size: medium;\">et d\u00e9clar<\/span><\/span><span style=\"color: #000000;\"><span style=\"font-size: medium;\">a<\/span><\/span><span style=\"color: #000000;\"><span style=\"font-size: medium;\"> que \u00ab\u00a0<\/span><\/span><em><span style=\"color: #000000;\"><span style=\"font-size: medium;\">les sorcelleries et les tromperies ont \u00e9puis\u00e9 de nombreuses g\u00e9n\u00e9rations, qui ignoraient les profondeurs de ce serpent subtil\u00a0\u00bb <\/span><\/span><\/em><span style=\"color: #000000;\"><span style=\"font-size: medium;\">et les <\/span><\/span><span style=\"color: #000000;\"><span style=\"font-size: medium;\">avaien<\/span><\/span><span style=\"color: #000000;\"><span style=\"font-size: medium;\">t amen\u00e9es \u00e0 accepter \u00ab\u00a0<\/span><\/span><em><span style=\"color: #000000;\"><span style=\"font-size: medium;\">ce faux pouvoir et cette fausse autorit\u00e9 usurp\u00e9s\u00a0\u00bb.<\/span><\/span><\/em><\/p>\n<p class=\"western\" align=\"justify\"><span style=\"color: #000000;\"><span style=\"font-size: medium;\">Je <\/span><\/span><span style=\"color: #000000;\"><span style=\"font-family: Times New Roman, serif;\"><span style=\"font-size: medium;\">me retrouve sur un terrain proche<\/span><\/span><\/span><span style=\"color: #000000;\"><span style=\"font-size: medium;\"> avec <\/span><\/span><em><span style=\"color: #000000;\"><span style=\"font-family: Times New Roman, serif;\"><span style=\"font-size: medium;\">Philosophie de la vie<\/span><\/span><\/span><\/em><span style=\"color: #000000;\"><span style=\"font-size: medium;\">, un autre essai en plusieurs parties qui est apparu en ligne le 14\u00a0octobre 2024.<\/span><\/span><\/p>\n<p class=\"western\" align=\"justify\"><span style=\"color: #000000;\"><span style=\"font-size: medium;\">Cette \u00e9tude se penche sur le travail inspirant du philosophe allemand n\u00e9glig\u00e9 Ludwig Klages, qui a<\/span><\/span><span style=\"color: #000000;\"><span style=\"font-size: medium;\">ffirmait<\/span><\/span><span style=\"color: #000000;\"><span style=\"font-size: medium;\"> que les avanc\u00e9es modernes dans le domaine de la science et d\u2019autres domaines d\u2019apprentissage \u00ab\u00a0ne servent que le Capital\u00a0\u00bb et a m<\/span><\/span><span style=\"color: #000000;\"><span style=\"font-size: medium;\">ettait<\/span><\/span><span style=\"color: #000000;\"><span style=\"font-size: medium;\"> en garde\u00a0: \u00ab\u00a0Seules quelques personnes ont pris conscience de l\u2019existence r\u00e9elle de ce Mammon qui s\u2019empare de l\u2019humanit\u00e9 comme d\u2019un outil permettant d\u2019\u00e9liminer toute forme de vie terrestre\u00a0\u00bb.<\/span><\/span><\/p>\n<p class=\"western\" align=\"justify\"><span style=\"color: #000000;\"><span style=\"font-size: medium;\">Dans <\/span><\/span><span style=\"color: #000000;\"><span style=\"font-size: medium;\"><i>L\u2019<\/i><\/span><\/span><em><span style=\"color: #000000;\"><span style=\"font-size: medium;\"><i>industrialisme est une manifestation du mal<\/i><\/span><\/span><\/em> <span style=\"color: #000000;\"><span style=\"font-size: medium;\">(28\u00a0octobre 2024), je pose la question suivante\u00a0: \u00ab\u00a0Voulons-nous que l\u2019industrialisme poursuive sa croissance canc\u00e9reuse jusqu\u2019\u00e0 ce qu\u2019il ait <\/span><\/span><span style=\"color: #000000;\"><span style=\"font-family: Times New Roman, serif;\"><span style=\"font-size: medium;\">tout d\u00e9truit et tout an\u00e9anti<\/span><\/span><\/span><span style=\"color: #000000;\"><span style=\"font-size: medium;\">\u00a0? Voulons-nous que le mal de l\u2019artifice et de la destruction l\u2019emporte sur le bien de la nature et de la vie\u00a0? Ou bien est-il temps de repenser, d\u2019oser imaginer un avenir tout \u00e0 fait diff\u00e9rent\u00a0?\u00a0\u00bb<\/span><\/span><\/p>\n<p class=\"western\" align=\"justify\"><em><span style=\"color: #000000;\"><span style=\"font-size: medium;\"><i>Votez pour personne\u00a0!<\/i><\/span><\/span><\/em><span style=\"color: #000000;\"><span style=\"font-size: medium;\"> (1<\/span><\/span><span style=\"color: #000000;\"><sup><span style=\"font-size: medium;\">er\u00a0<\/span><\/sup><\/span><span style=\"color: #000000;\"><span style=\"font-size: medium;\">novembre 2024) est une tr\u00e8s courte mise \u00e0 jour contemporaine d\u2019une sagesse anarchiste de longue date, dans laquelle je conseille\u00a0: \u00ab\u00a0Personne n\u2019arr\u00eatera d\u2019armer Isra\u00ebl. Personne ne rendra le pouvoir au peuple. Personne ne remettra en cause le pouvoir des banques centrales. Personne n\u2019arr\u00eatera le vol syst\u00e9matique de votre richesse collective. Personne ne d\u00e9fiera la criminocratie mondiale mal\u00e9fique. Votez pour Personne\u00a0!\u00a0\u00bb<\/span><\/span><\/p>\n<p class=\"western\" align=\"justify\"><em><span style=\"color: #000000;\"><span style=\"font-size: medium;\"><i>La puanteur du syst\u00e8me<\/i><\/span><\/span><\/em> <span style=\"color: #000000;\"><span style=\"font-size: medium;\">est un texte assez long, publi\u00e9 \u00e0 partir du 4\u00a0novembre 2024. Les trois parties, bas\u00e9es sur trois livres que je viens de lire, sont comme trois projecteurs \u00e9clairant un objet sous des angles diff\u00e9rents.<\/span><\/span><\/p>\n<p class=\"western\" align=\"justify\"><span style=\"color: #000000;\"><span style=\"font-size: medium;\">Il faut prendre du recul pour comprendre ce que l\u2019on regarde \u2014 ou pour identifier l\u2019odeur de la corruption que l\u2019on sent, pour utiliser le langage de l\u2019article lui-m\u00eame.<\/span><\/span><\/p>\n<p class=\"western\" align=\"justify\"><span style=\"color: #000000;\"><span style=\"font-size: medium;\">En cherchant \u00e0 savoir si nous pouvons identifier une \u00ab\u00a0continuit\u00e9 sous-jacente\u00a0\u00bb entre les r\u00e9gimes totalitaires du pass\u00e9 et les \u00c9tats n\u00e9olib\u00e9raux d\u2019aujourd\u2019hui, je me retrouve, une fois de plus, confront\u00e9 au nom \u00ab\u00a0Rothschild\u00a0\u00bb.<\/span><\/span><\/p>\n<p class=\"western\" align=\"justify\"><span style=\"color: #000000;\"><span style=\"font-size: medium;\">Apr\u00e8s cette plong\u00e9e instructive dans l\u2019histoire r\u00e9cente, je reviens au monde contemporain avec <\/span><\/span><em><span style=\"color: #000000;\"><span style=\"font-family: Times New Roman, serif;\"><span style=\"font-size: medium;\">Amsterdam, manipulation mentale et la terrible v\u00e9rit\u00e9<\/span><\/span><\/span><\/em> <span style=\"color: #000000;\"><span style=\"font-size: medium;\">(13\u00a0novembre 2024).<\/span><\/span><\/p>\n<p class=\"western\" align=\"justify\"><span style=\"color: #000000;\"><span style=\"font-size: medium;\">Je me penche ici sur l\u2019affirmation \u00e9tonnante, faite par l\u2019\u00c9tat isra\u00e9lien et reprise par les m\u00e9dias et les dirigeants politiques dans le monde entier, selon laquelle quelques <\/span><\/span><span style=\"color: #000000;\"><span style=\"font-family: Times New Roman, serif;\"><span style=\"font-size: medium;\">\u00e9chauffour\u00e9es<\/span><\/span><\/span><span style=\"color: #000000;\"><span style=\"font-size: medium;\"> de rue provoqu\u00e9es par des supporters racistes <\/span><\/span><span style=\"color: #000000;\"><span style=\"font-size: medium;\">du club <\/span><\/span><span style=\"color: #000000;\"><span style=\"font-size: medium;\">de football de Tel-Aviv aux Pays-Bas <\/span><\/span><span style=\"color: #000000;\"><span style=\"font-family: Times New Roman, serif;\"><span style=\"font-size: medium;\">auraient constitu\u00e9<\/span><\/span><\/span><span style=\"color: #000000;\"><span style=\"font-size: medium;\"> un \u00ab\u00a0pogrom\u00a0\u00bb antijuif.<\/span><\/span><\/p>\n<p class=\"western\" align=\"justify\"><span style=\"color: #000000;\"><span style=\"font-size: medium;\">Je remarque\u00a0: \u00ab\u00a0Le d\u00e9calage \u00e9vident entre les paroles de la classe dirigeante mondiale et la r\u00e9alit\u00e9 des rues d\u2019Amsterdam a fait prendre conscience \u00e0 de nombreuses personnes que quelque chose ne tourne pas rond dans notre monde.<\/span><\/span><\/p>\n<p class=\"western\" align=\"justify\"><span style=\"color: #000000;\"><span style=\"font-size: medium;\">Apr\u00e8s avoir toujours r\u00e9ussi \u00e0 dissimuler leurs activit\u00e9s n\u00e9fastes par d\u2019innombrables falsifications, les criminocrates sont all\u00e9s trop loin avec arrogance. Le brouillard de la tromperie s\u2019est dissip\u00e9 et l\u2019horrible v\u00e9rit\u00e9 sur leur domination mondiale corrompue et violente est d\u00e9sormais visible pour tous\u00a0\u00bb.<\/span><\/span><\/p>\n<p class=\"western\" align=\"justify\"><span style=\"color: #000000;\"><span style=\"font-size: medium;\">Dans <\/span><\/span><em><span style=\"color: #000000;\"><span style=\"font-size: medium;\"><i>Terrorisme et d\u00e9monocratie<\/i><\/span><\/span><\/em> <span style=\"color: #000000;\"><span style=\"font-size: medium;\">(19\u00a0novembre 2024), j\u2019estime que l\u2019utilisation par les autorit\u00e9s du mot \u00ab\u00a0terrorisme\u00a0\u00bb et leur d\u00e9ploiement de mesures \u00ab\u00a0anti-terroristes\u00a0\u00bb contre les dissidents est extr\u00eamement <\/span><\/span><span style=\"color: #000000;\"><span style=\"font-size: medium;\">pervers<\/span><\/span><span style=\"color: #000000;\"><span style=\"font-size: medium;\">.<\/span><\/span><\/p>\n<p class=\"western\" align=\"justify\"><span style=\"color: #000000;\"><span style=\"font-size: medium;\">J\u2019\u00e9cris\u00a0: \u00ab\u00a0D\u00e9fini comme \u201cl\u2019utilisation de la violence contre des non-combattants pour atteindre des objectifs politiques ou id\u00e9ologiques\u201d, le terrorisme proprement dit me semble avoir \u00e9t\u00e9 le plus <\/span><\/span><em><span style=\"color: #000000;\"><span style=\"font-size: medium;\">manifestement <\/span><\/span><\/em><span style=\"color: #000000;\"><span style=\"font-size: medium;\">d\u00e9ploy\u00e9 par des entit\u00e9s telles que l\u2019Empire britannique, l\u2019Allemagne nazie, l\u2019empire am\u00e9ricain ou Isra\u00ebl \u2014 et, oui, je suis tr\u00e8s \u00e0 l\u2019aise pour les <\/span><\/span><span style=\"color: #000000;\"><span style=\"font-family: Times New Roman, serif;\"><span style=\"font-size: medium;\">regrouper ainsi<\/span><\/span><\/span><span style=\"color: #000000;\"><span style=\"font-size: medium;\">\u00a0\u00bb.<\/span><\/span><\/p>\n<p class=\"western\" align=\"justify\"><span style=\"color: #000000;\"><span style=\"font-size: medium;\">J\u2019en conclus que le terme de <\/span><\/span><em><span style=\"color: #000000;\"><span style=\"font-size: medium;\"><i>criminocratie<\/i><\/span><\/span><\/em> <span style=\"color: #000000;\"><span style=\"font-size: medium;\">n\u2019est pas assez fort pour d\u00e9crire la nature de la mafia imp\u00e9rialiste mondiale massacreuse d\u2019enfants, le terme plus appropri\u00e9 \u00e9tant celui de <\/span><\/span><em><span style=\"color: #000000;\"><span style=\"font-size: medium;\"><i>d\u00e9monocratie<\/i><\/span><\/span><\/em><span style=\"color: #000000;\"><span style=\"font-size: medium;\">.<\/span><\/span><\/p>\n<p class=\"western\" align=\"justify\"><span style=\"color: #000000;\"><span style=\"font-size: medium;\">Avec <\/span><\/span><em><span style=\"color: #000000;\"><span style=\"font-size: medium;\"><i>V\u00e9rit\u00e9, essence, connaissance et lumi\u00e8re<\/i><\/span><\/span><\/em> <span style=\"color: #000000;\"><span style=\"font-size: medium;\">(25\u00a0novembre 2024), je fais un voyage dans le pass\u00e9 \u00e0 la recherche d\u2019inspiration, notamment \u00e0 travers la m\u00e9taphysique du mystique persan Shihab al-Din Yahya Suhrawardi.<\/span><\/span><\/p>\n<p class=\"western\" align=\"justify\"><span style=\"color: #000000;\"><span style=\"font-size: medium;\">J\u2019explique\u00a0: \u00ab\u00a0C\u2019est comme s\u2019il avait un pied dans le pass\u00e9 de la gnose Grecque, perse et \u00c9gyptienne et l\u2019autre dans le futur, avec sa main tendue serrant un pr\u00e9cieux parchemin de connaissance universelle h\u00e9rit\u00e9e qu\u2019il nous invite \u00e0 prendre de lui et \u00e0 communiquer \u00e0 l\u2019humanit\u00e9 du 21e\u00a0si\u00e8cle.<\/span><\/span><\/p>\n<p class=\"western\" align=\"justify\"><span style=\"color: #000000;\"><span style=\"font-size: medium;\">Alors que les t\u00e9n\u00e8bres du mal moderne emp\u00eachent de plus en plus la moindre parcelle de lumi\u00e8re divine de p\u00e9n\u00e9trer dans ce monde d\u00e9grad\u00e9, nous avons certainement un grand besoin de l\u2019illumination intemporelle de Suhrawardi\u00a0!\u00a0<\/span><\/span><span style=\"color: #000000;\"><span style=\"font-family: Times New Roman, serif;\"><span style=\"font-size: medium;\">\u00bb<\/span><\/span><\/span><\/p>\n<p class=\"western\" align=\"justify\"><em><span style=\"color: #000000;\"><span style=\"font-size: medium;\"><i>La libert\u00e9 originelle, l\u2019anarque et l\u2019anarchiste<\/i><\/span><\/span><\/em> <span style=\"color: #000000;\"><span style=\"font-size: medium;\">(29\u00a0novembre 2024) se penche sur le roman <\/span><\/span><em><span style=\"color: #000000;\"><span style=\"font-size: medium;\"><i>Eumeswil<\/i><\/span><\/span><\/em> <span style=\"color: #000000;\"><span style=\"font-size: medium;\">d\u2019Ernst J\u00fcnger, sur la base duquel je compare et oppose la conception des anarchistes <\/span><\/span><span style=\"color: #000000;\"><span style=\"font-size: medium;\">selon<\/span><\/span><span style=\"color: #000000;\"><span style=\"font-size: medium;\"> l\u2019\u00e9crivain-philosophe, et sa prop<\/span><\/span><span style=\"color: #000000;\"><span style=\"font-size: medium;\">re<\/span><\/span> <span style=\"color: #000000;\"><span style=\"font-size: medium;\">proposition <\/span><\/span><span style=\"color: #000000;\"><span style=\"font-size: medium;\">alternative, <\/span><\/span><span style=\"color: #000000;\"><span style=\"font-size: medium;\">celle de l\u2019arnaque<\/span><\/span><span style=\"color: #000000;\"><span style=\"font-size: medium;\">, <\/span><\/span><span style=\"color: #000000;\"><span style=\"font-size: medium;\">\u00e0<\/span><\/span><span style=\"color: #000000;\"><span style=\"font-size: medium;\"> la vision de ceux qui se proclament aujourd\u2019hui anarchistes.<\/span><\/span><\/p>\n<p class=\"western\" align=\"justify\"><span style=\"color: #000000;\"><span style=\"font-size: medium;\">Je d\u00e9clare\u00a0: \u00ab\u00a0Pour moi \u2014 et, je dirais, pour le point de vue anarchiste classique \u2014, la libert\u00e9 individuelle n\u2019est pas quelque chose qui s\u2019oppose au bien-\u00eatre collectif, mais elle en est un aspect essentiel.<\/span><\/span><\/p>\n<p class=\"western\" align=\"justify\"><span style=\"color: #000000;\"><span style=\"font-size: medium;\">Le bonheur individuel et le bonheur collectif d\u00e9pendent l\u2019un de l\u2019autre\u00a0; ils <\/span><\/span><span style=\"color: #000000;\"><span style=\"font-family: Times New Roman, serif;\"><span style=\"font-size: medium;\">s\u2019embo\u00eetent<\/span><\/span><\/span><span style=\"color: #000000;\"><span style=\"font-size: medium;\"> comme le yin et le yang du symbole tao\u00efste bien connu. Aucune communaut\u00e9 ne peut \u00eatre libre si tous les individus qui la composent ne le sont pas, et aucun individu ne peut \u00eatre libre s\u2019il vit dans une communaut\u00e9 qui ne l\u2019est pas\u00a0\u00bb.<\/span><\/span><\/p>\n<p class=\"western\" align=\"justify\"><span style=\"color: #000000;\"><span style=\"font-size: medium;\">Le contenu de <\/span><\/span><em><span style=\"color: #000000;\"><span style=\"font-size: medium;\"><i>La mafia mondiale unique\u00a0: les liens multiples de la Fondation Rockefeller avec le sionisme et le n\u00e9o-imp\u00e9rialisme militaro-industriel et financier<\/i><\/span><\/span><\/em> <span style=\"color: #000000;\"><span style=\"font-size: medium;\">(9\u00a0d\u00e9cembre 2024) <\/span><\/span><span style=\"color: #000000;\"><span style=\"font-size: medium;\">est<\/span><\/span><span style=\"color: #000000;\"><span style=\"font-size: medium;\"> d\u00e9j\u00e0 familier aux milliers de personnes qui ont t\u00e9l\u00e9charg\u00e9 le livret PDF gratuit, ainsi que lu les articles en ligne.<\/span><\/span><\/p>\n<p class=\"western\" align=\"justify\"><span style=\"color: #000000;\"><span style=\"font-size: medium;\">Mais, comme pour <\/span><\/span><em><span style=\"color: #000000;\"><span style=\"font-size: medium;\"><i>Le faux drapeau rouge<\/i><\/span><\/span><\/em><span style=\"color: #000000;\"><span style=\"font-size: medium;\">, un livret ant\u00e9rieur de 2024 qui se trouve dans <\/span><\/span><em><span style=\"color: #000000;\"><span style=\"font-size: medium;\"><i>Against the Dark Enslaving Empire<\/i><\/span><\/span><\/em> <em><span style=\"color: #000000;\"><span style=\"font-size: medium;\">(<\/span><\/span><\/em><em><span style=\"color: #000000;\"><span style=\"font-family: Times New Roman, serif;\"><span style=\"font-size: medium;\">Contre l\u2019Empire Obscur de l\u2019Esclavage)<\/span><\/span><\/span><\/em><span style=\"color: #000000;\"><span style=\"font-size: medium;\">, je pense qu\u2019il m\u00e9rite d\u2019exister dans le monde r\u00e9el, dans un livre imprim\u00e9, et c\u2019est pourquoi je l\u2019ai inclus ici.<\/span><\/span><\/p>\n<p class=\"western\" align=\"justify\"><span style=\"color: #000000;\"><span style=\"font-size: medium;\">C\u2019est <\/span><\/span><span style=\"color: #000000;\"><span style=\"font-size: medium;\">un examen approfondi des membres du conseil d\u2019administration de la Fondation Rockefeller qui confirme, avec force d\u00e9tails, ce que j\u2019ai dit au sujet de la criminocratie.<\/span><\/span><\/p>\n<p class=\"western\" align=\"justify\"><span style=\"color: #000000;\"><span style=\"font-size: medium;\">Je conclus\u00a0: \u00ab\u00a0Il est \u00e9vident que l\u2019entit\u00e9 Rockefeller, telle que refl\u00e9t\u00e9e par les profils de son pr\u00e9sident et des administrateurs de sa fondation, <\/span><\/span><em><span style=\"color: #000000;\"><span style=\"font-size: medium;\">n\u2019<\/span><\/span><\/em><span style=\"color: #000000;\"><span style=\"font-size: medium;\">est <\/span><\/span><em><span style=\"color: #000000;\"><span style=\"font-size: medium;\">pas du tout <\/span><\/span><\/em><span style=\"color: #000000;\"><span style=\"font-size: medium;\">distincte de l\u2019empire des Rothschild. Elle en fait partie. C\u2019est la m\u00eame chose.<\/span><\/span><\/p>\n<p class=\"western\" align=\"justify\"><span style=\"color: #000000;\"><span style=\"font-size: medium;\">Ce que l\u2019on d\u00e9couvre en suivant le fil des activit\u00e9s et des affiliations de ces 14\u00a0individus, c\u2019est une seule et m\u00eame toile d\u2019exploitation et de contr\u00f4le, impliqu\u00e9e dans le g\u00e9nocide sioniste en Palestine et d\u00e9sireuse de tirer profit d\u2019une vaste vague d\u2019imp\u00e9rialisme industriel en Asie, en Am\u00e9rique latine et en particulier, en Afrique. Il n\u2019y a qu\u2019une seule mafia mondiale et nous avons vu ici son visage <\/span><\/span><span style=\"color: #000000;\"><span style=\"font-family: Times New Roman, serif;\"><span style=\"font-size: medium;\">hideux avec une clart\u00e9 accablante<\/span><\/span><\/span><span style=\"color: #000000;\"><span style=\"font-size: medium;\">\u00a0\u00bb.<\/span><\/span><\/p>\n<p class=\"western\" align=\"justify\"><em><span style=\"color: #000000;\"><span style=\"font-size: medium;\"><i>Stickergate et l\u2019effondrement du syst\u00e8me<\/i><\/span><\/span><\/em> <span style=\"color: #000000;\"><span style=\"font-size: medium;\">(25\u00a0d\u00e9cembre 2024) est un article satirique, publi\u00e9 le jour de No\u00ebl, qui pr\u00e9tend relayer une partie d\u2019un r\u00e9cit historique publi\u00e9 en 2052 et faisant r\u00e9f\u00e9rence aux \u00e9v\u00e9nements survenus juste avant le \u00ab\u00a0Grand soul\u00e8vement\u00a0\u00bb.<\/span><\/span><\/p>\n<p class=\"western\" align=\"justify\"><span style=\"color: #000000;\"><span style=\"font-size: medium;\">L\u2019historien du futur parle d\u2019un incident repr\u00e9sentant une \u00e9tape importante dans \u00ab\u00a0la prise de conscience et le rejet par le public de la domination industrielle-financi\u00e8re-politique des Rothschild qui, comme nous le verrons, a conduit non seulement \u00e0 l\u2019effondrement ignominieux du gouvernement britannique, mais finalement \u00e0 l\u2019effondrement de l\u2019ensemble du syst\u00e8me mondialiste\u00a0\u00bb.<\/span><\/span><\/p>\n<p class=\"western\" align=\"justify\"><em>Pour une r\u00e9sistance p<\/em><em>opulaire<\/em><em>\u00a0!<\/em> <span style=\"color: #000000;\"><span style=\"font-size: medium;\">(1<\/span><\/span><span style=\"color: #000000;\"><sup><span style=\"font-size: medium;\">er<\/span><\/sup><\/span><span style=\"color: #000000;\"><span style=\"font-size: medium;\">\u00a0janvier 2025) est un court article pour <\/span><\/span><em><span style=\"color: #000000;\"><span style=\"font-size: medium;\"><i>The Acorn<\/i><\/span><\/span><\/em> <span style=\"color: #000000;\"><span style=\"font-size: medium;\">marquant le d\u00e9but d\u2019une nouvelle ann\u00e9e, dans lequel j\u2019\u00e9cris\u00a0: \u00ab\u00a0La r\u00e9sistance d\u2019un seul peuple qui s\u2019\u00e9l\u00e8vera contre la mafia mondiale unique ne sera pas une sorte d\u2019organisation <\/span><\/span><span style=\"color: #000000;\"><span style=\"font-family: Times New Roman, serif;\"><span style=\"font-size: medium;\">hi\u00e9rarchique<\/span><\/span><\/span><span style=\"color: #000000;\"><span style=\"font-size: medium;\"> \u2014 si une telle chose \u00e9mergeait un jour, ce serait sans aucun doute un autre dispositif de faux drapeau fabriqu\u00e9 par la criminocratie elle-m\u00eame.<\/span><\/span><\/p>\n<p class=\"western\" align=\"justify\"><span style=\"color: #000000;\"><span style=\"font-size: medium;\">Il s\u2019agira plut\u00f4t d\u2019un ph\u00e9nom\u00e8ne populaire tr\u00e8s large, d\u2019un \u201cquelque chose dans l\u2019air\u201d, d\u2019une vague d\u2019indignation et de r\u00e9volte populaires qui prendra de l\u2019ampleur au fur et \u00e0 mesure qu\u2019elle d\u00e9ferlera sur le monde\u00a0\u00bb.<\/span><\/span><\/p>\n<p class=\"western\" align=\"justify\"><em><span style=\"color: #000000;\"><span style=\"font-size: medium;\"><i>La population britannique est attaqu\u00e9e<\/i><\/span><\/span><\/em> <span style=\"color: #000000;\"><span style=\"font-size: medium;\">(1er\u00a0janvier 2025) est un article du m\u00eame bulletin qui se concentre sur le nouveau premier ministre britannique Keir Starmer et son sinistre programme mondialiste.<\/span><\/span><\/p>\n<p class=\"western\" align=\"justify\"><span style=\"color: #000000;\"><span style=\"font-size: medium;\">J\u2019\u00e9cris\u00a0: \u00ab\u00a0Non seulement son r\u00e9gime ne se pr\u00e9occupe manifestement pas du bien-\u00eatre des Britanniques ordinaires \u2014 <\/span><\/span><span style=\"color: #000000;\"><span style=\"font-family: Times New Roman, serif;\"><span style=\"font-size: medium;\">contrairement<\/span><\/span><\/span> <span style=\"color: #000000;\"><span style=\"font-size: medium;\">\u00e0 celui des<\/span><\/span><span style=\"color: #000000;\"><span style=\"font-size: medium;\"> Ukrainiens ou <\/span><\/span><span style=\"color: #000000;\"><span style=\"font-size: medium;\">des<\/span><\/span><span style=\"color: #000000;\"><span style=\"font-size: medium;\"> Isra\u00e9liens \u2014 mais il semble qu\u2019il souhaite activement la mort de la plupart d\u2019entre eux\u00a0!\u00a0\u00bb<\/span><\/span><\/p>\n<p class=\"western\" align=\"justify\"><span style=\"color: #000000;\"><span style=\"font-size: medium;\">Rarement la r\u00e9alit\u00e9 qui se cache derri\u00e8re la mafia mondiale ne m\u2019est apparue aussi clairement que lors <\/span><\/span><span style=\"color: #000000;\"><span style=\"font-size: medium;\">de mes<\/span><\/span><span style=\"color: #000000;\"><span style=\"font-size: medium;\"> recherches pour <\/span><\/span><em><span style=\"color: #000000;\"><span style=\"font-size: medium;\"><i>La v\u00e9rit\u00e9 sur Davos<\/i><\/span><\/span><\/em> <span style=\"color: #000000;\"><span style=\"font-size: medium;\">(17\u00a0janvier 2025).<\/span><\/span><\/p>\n<p class=\"western\" align=\"justify\"><span style=\"color: #000000;\"><span style=\"font-size: medium;\">\u00c0 partir de comptes rendus enthousiastes du d\u00eener de shabbat du vendredi soir, qui est apparemment le point culminant de la f\u00eate annuelle du <\/span><\/span><span style=\"color: #000000;\"><span style=\"font-family: Times New Roman, serif;\"><span style=\"font-size: medium;\">Forum \u00e9conomique mondial<\/span><\/span><\/span><span style=\"color: #000000;\"><span style=\"font-size: medium;\"> en Suisse, j\u2019ai suivi des fils <\/span><\/span><span style=\"color: #000000;\"><span style=\"font-family: Times New Roman, serif;\"><span style=\"font-size: medium;\">conducteurs <\/span><\/span><\/span><span style=\"color: #000000;\"><span style=\"font-size: medium;\">qui ont r\u00e9v\u00e9l\u00e9 une complicit\u00e9 tr\u00e8s \u00e9troite, pour ne pas dire plus, entre la conspiration de Davos et le sionisme mondial.<\/span><\/span><\/p>\n<p class=\"western\" align=\"justify\"><span style=\"color: #000000;\"><span style=\"font-size: medium;\">Et si quelqu\u2019un se demande si cela signifie que je remets maintenant en question l\u2019exactitude du titre de mon essai de 2020 \u00ab\u00a0<\/span><\/span><span style=\"color: #000000;\"><span style=\"font-size: medium;\"><i>Klaus Schwab et sa grande r\u00e9initialisation fasciste<\/i><\/span><\/span><span style=\"color: #000000;\"><span style=\"font-size: medium;\">\u00a0\u00bb, la r\u00e9ponse est un \u00ab\u00a0non\u00a0\u00bb retentissant\u00a0!<\/span><\/span><\/p>\n<p class=\"western\" align=\"justify\"><em><span style=\"color: #000000;\"><span style=\"font-size: medium;\"><i>Modernisation signifie pillage et profit<\/i><\/span><\/span><\/em> <span style=\"color: #000000;\"><span style=\"font-size: medium;\">(31\u00a0janvier 2025) est une \u00e9tude de la politique et de la soci\u00e9t\u00e9 fran\u00e7aises dans les d\u00e9cennies qui ont suivi la Seconde Guerre mondiale, mais ses le\u00e7ons s\u2019appliquent \u00e9galement \u00e0 n\u2019importe quel coin du monde contemporain.<\/span><\/span><\/p>\n<p class=\"western\" align=\"justify\"><span style=\"color: #000000;\"><span style=\"font-size: medium;\">Dans une vague de propagande en faveur du d\u00e9veloppement industriel, tout ce qui \u00e9tait traditionnel ou enracin\u00e9 dans le pass\u00e9 \u00e9tait d\u00e9peint comme mauvais, d\u00e9mod\u00e9, d\u00e9pass\u00e9 et devant \u00eatre balay\u00e9 par le <\/span><\/span><span style=\"color: #000000;\"><span style=\"font-size: medium;\">grand <\/span><\/span><span style=\"color: #000000;\"><span style=\"font-size: medium;\">balai d\u2019acier du \u00ab\u00a0progr\u00e8s\u00a0\u00bb.<\/span><\/span><\/p>\n<p class=\"western\" align=\"justify\"><span style=\"color: #000000;\"><span style=\"font-size: medium;\">Pour faire avancer cette cause, ce qui a \u00e9t\u00e9 d\u00e9crit comme une \u00ab\u00a0toile d\u2019araign\u00e9e\u00a0\u00bb d\u2019influenceurs a \u00e9t\u00e9 mis<\/span><\/span><span style=\"color: #000000;\"><span style=\"font-size: medium;\">e<\/span><\/span><span style=\"color: #000000;\"><span style=\"font-size: medium;\"> en place, occupant rapidement des r\u00f4les cl\u00e9s dans la fonction publique, le monde universitaire et les m\u00e9dias.<\/span><\/span><\/p>\n<p class=\"western\" align=\"justify\"><span style=\"color: #000000;\"><span style=\"font-size: medium;\">L\u2019implication <\/span><\/span><span style=\"color: #000000;\"><span style=\"font-family: Times New Roman, serif;\"><span style=\"font-size: medium;\">d\u2019acteurs ext\u00e9rieurs au pays<\/span><\/span><\/span><span style=\"color: #000000;\"><span style=\"font-size: medium;\"> est clairement visible et parmi les organisations connues pour avoir financ\u00e9 ce<\/span><\/span><span style=\"color: #000000;\"><span style=\"font-size: medium;\">t agenda<\/span><\/span><span style=\"color: #000000;\"><span style=\"font-size: medium;\"> de \u00ab\u00a0changement\u00a0\u00bb \u00e0 la recherche de profit, cette remise en cause mondialiste de la vie traditionnelle fran\u00e7aise, ne figure nulle autre que nos vieux amis <\/span><\/span><span style=\"color: #000000;\"><span style=\"font-size: medium;\">de <\/span><\/span><span style=\"color: #000000;\"><span style=\"font-size: medium;\">la Fondation Rockefeller.<\/span><\/span><\/p>\n<p class=\"western\" align=\"justify\"><span style=\"color: #000000;\"><span style=\"font-size: medium;\">La relecture de dix ann\u00e9es de <\/span><\/span><em><span style=\"color: #000000;\"><span style=\"font-size: medium;\"><i>The Acorn<\/i><\/span><\/span><\/em><span style=\"color: #000000;\"><span style=\"font-size: medium;\">, le bulletin en ligne que j\u2019\u00e9dite sur le site <\/span><\/span><em><span style=\"color: #000000;\"><span style=\"font-family: Times New Roman, serif;\"><span style=\"font-size: medium;\">Winter Oak<\/span><\/span><\/span><\/em><span style=\"color: #000000;\"><span style=\"font-size: medium;\">, m\u2019a apport\u00e9 une grande compr\u00e9hension personnelle.<\/span><\/span><\/p>\n<p class=\"western\" align=\"justify\"><span style=\"color: #000000;\"><span style=\"font-size: medium;\">Pour s\u2019en faire une id\u00e9e, il suffit de jeter un coup d\u2019\u0153il sur les sous-titres des diff\u00e9rentes sections d<\/span><\/span><span style=\"color: #000000;\"><span style=\"font-size: medium;\">e <\/span><\/span><em><span style=\"color: #000000;\"><span style=\"font-size: medium;\"><i>Une d\u00e9cennie de dissidence\u00a0: 10\u00a0ans et 100\u00a0<\/i><\/span><\/span><\/em><em><span style=\"color: #000000;\"><span style=\"font-size: medium;\"><i>Acorns<\/i><\/span><\/span><\/em> <span style=\"color: #000000;\"><span style=\"font-size: medium;\">(6\u00a0f\u00e9vrier 2025)\u00a0: <\/span><\/span><span style=\"color: #000000;\"><span style=\"font-size: medium;\"><i>Ennemis de la modernit\u00e9<\/i><\/span><\/span><span style=\"color: #000000;\"><span style=\"font-size: medium;\">\u00a0; <\/span><\/span><span style=\"color: #000000;\"><span style=\"font-size: medium;\"><i>Contre la dictature des entreprises<\/i><\/span><\/span><span style=\"color: #000000;\"><span style=\"font-size: medium;\">\u00a0; <\/span><\/span><span style=\"color: #000000;\"><span style=\"font-size: medium;\"><i>Parasites au pouvoir<\/i><\/span><\/span><span style=\"color: #000000;\"><span style=\"font-size: medium;\">\u00a0; <\/span><\/span><span style=\"color: #000000;\"><span style=\"font-size: medium;\"><i>R\u00e9sistance et op\u00e9rations psychologiques <\/i><\/span><\/span><span style=\"color: #000000;\"><span style=\"font-size: medium;\"><i>(psyops)<\/i><\/span><\/span><span style=\"color: #000000;\"><span style=\"font-size: medium;\">\u00a0; <\/span><\/span><span style=\"color: #000000;\"><span style=\"font-size: medium;\"><i>La violence du syst\u00e8me<\/i><\/span><\/span><span style=\"color: #000000;\"><span style=\"font-size: medium;\">\u00a0; <\/span><\/span><span style=\"color: #000000;\"><span style=\"font-size: medium;\"><i>Nous sommes les 99\u00a0%<\/i><\/span><\/span><span style=\"color: #000000;\"><span style=\"font-size: medium;\">\u00a0; <\/span><\/span><span style=\"color: #000000;\"><span style=\"font-size: medium;\"><i>L<\/i><\/span><\/span><span style=\"color: #000000;\"><span style=\"font-size: medium;\"><i>a vague<\/i><\/span><\/span><span style=\"color: #000000;\"><span style=\"font-size: medium;\"><i> tourne, le brouillard<\/i><\/span><\/span><span style=\"color: #000000;\"><span style=\"font-size: medium;\"> se <\/span><\/span><em><span style=\"color: #000000;\"><span style=\"font-family: Times New Roman, serif;\"><span style=\"font-size: medium;\">dissipe<\/span><\/span><\/span><\/em><span style=\"color: #000000;\"><span style=\"font-size: medium;\">\u00a0; <\/span><\/span><span style=\"color: #000000;\"><span style=\"font-size: medium;\"><i>D\u00e9fier les psychopathes mondiaux<\/i><\/span><\/span><span style=\"color: #000000;\"><span style=\"font-size: medium;\">\u00a0; <\/span><\/span><em><span style=\"color: #000000;\"><span style=\"font-family: Times New Roman, serif;\"><span style=\"font-size: medium;\">Calomnies<\/span><\/span><\/span><\/em> <span style=\"color: #000000;\"><span style=\"font-size: medium;\"><i>et r\u00e9v\u00e9lations<\/i><\/span><\/span><span style=\"color: #000000;\"><span style=\"font-size: medium;\">\u00a0; <\/span><\/span><span style=\"color: #000000;\"><span style=\"font-size: medium;\"><i>Sionisme et criminocratie<\/i><\/span><\/span><span style=\"color: #000000;\"><span style=\"font-size: medium;\">\u00a0; <\/span><\/span><span style=\"color: #000000;\"><span style=\"font-size: medium;\"><i>La lutte continue<\/i><\/span><\/span><span style=\"color: #000000;\"><span style=\"font-size: medium;\">.<\/span><\/span><\/p>\n<p class=\"western\" align=\"justify\"><span style=\"color: #000000;\"><span style=\"font-size: medium;\">Lorsque j\u2019ai termin\u00e9 cette r\u00e9trospective, qui s\u2019est av\u00e9r\u00e9e beaucoup plus compl\u00e8te et approfondie que je ne l\u2019avais initialement pr\u00e9vu, je me suis assis et j\u2019ai \u00e9crit, pratiquement en une seule fois, le dernier article pr\u00e9sent\u00e9 ici, <\/span><\/span><em><span style=\"color: #000000;\"><span style=\"font-size: medium;\"><i>Zisglom<\/i><\/span><\/span><\/em> <span style=\"color: #000000;\"><span style=\"font-size: medium;\">(6\u00a0f\u00e9vrier 2025).<\/span><\/span><\/p>\n<p class=\"western\" align=\"justify\"><span style=\"color: #000000;\"><span style=\"font-size: medium;\">Cet article \u2014 comme le livre dans son ensemble \u2014 n\u2019est pas seulement un r\u00e9sum\u00e9 de ce que j\u2019ai appris en 2024 et 2025, ni de ce que j\u2019ai \u00e9crit depuis une dizaine d\u2019ann\u00e9es, mais de tout ce que j\u2019ai lu, vu, entendu, exp\u00e9riment\u00e9 et rassembl\u00e9 au cours de plusieurs d\u00e9cennies pass\u00e9es \u00e0 mener une s\u00e9rie de <\/span><\/span><span style=\"color: #000000;\"><span style=\"font-size: medium;\">lutt<\/span><\/span><span style=\"color: #000000;\"><span style=\"font-size: medium;\">es apparemment distinctes contre ce que je sais aujourd\u2019hui \u00eatre les diff\u00e9rentes t\u00eates hideuses <\/span><\/span><span style=\"color: #000000;\"><span style=\"font-family: Times New Roman, serif;\"><span style=\"font-size: medium;\">d\u2019une m\u00eame et monstrueuse hydre mondiale<\/span><\/span><\/span><span style=\"color: #000000;\"><span style=\"font-size: medium;\">.<\/span><\/span><\/p>\n<h5 class=\"western\" align=\"justify\"><span style=\"color: #000000;\"><span style=\"font-family: Times New Roman, serif;\"><span style=\"font-size: medium;\">Les essais contenus dans le livre peuvent tous \u00eatre trouv\u00e9s en ligne, mais avec la censure croissante de l\u2019internet, cela pourrait ne plus \u00eatre le cas. Vous pouvez conserver votre propre copie du contenu en t\u00e9l\u00e9chargeant gratuitement <\/span><\/span><\/span><em><span style=\"color: #000000;\"><span style=\"font-family: Times New Roman, serif;\"><span style=\"font-size: medium;\"><i>The Global Gang<\/i><\/span><\/span><\/span><\/em> <span style=\"color: #000080;\"><a href=\"https:\/\/winteroak.org.uk\/wp-content\/uploads\/2025\/03\/the-global-gang-web.pdf\" target=\"_blank\" rel=\"noopener\"><span style=\"color: #000000;\"><span style=\"font-family: Times New Roman, serif;\"><span style=\"font-size: medium;\">ici <\/span><\/span><\/span><\/a><\/span><span style=\"color: #000000;\"><span style=\"font-family: Times New Roman, serif;\"><span style=\"font-size: medium;\">ou en achetant une copie imprim\u00e9e <\/span><\/span><\/span><span style=\"color: #000080;\"><a href=\"https:\/\/www.lulu.com\/shop\/paul-cudenec\/the-global-gang-running-our-world-and-ruining-our-lives\/paperback\/product-yv8ker2.html\" target=\"_blank\" rel=\"noopener\"><span style=\"color: #000000;\"><span style=\"font-family: Times New Roman, serif;\"><span style=\"font-size: medium;\">ici<\/span><\/span><\/span><\/a><\/span><span style=\"color: #000000;\"><span style=\"font-family: Times New Roman, serif;\"><span style=\"font-size: medium;\">.<\/span><\/span><\/span><\/h5>\n<p class=\"western\" align=\"justify\"><span style=\"color: #000000;\"><span style=\"font-size: medium;\">Texte original publi\u00e9 le 25\/3\/2025\u00a0: <\/span><\/span><span style=\"color: #000080;\"><a href=\"https:\/\/off-guardian.org\/2025\/03\/25\/the-global-gang-running-the-world-and-ruining-our-lives\/\" target=\"_blank\" rel=\"noopener\"><span style=\"color: #000000;\"><span style=\"font-size: medium;\">https:\/\/off-guardian.org\/2025\/03\/25\/the-global-gang-running-the-world-and-ruining-our-lives\/<\/span><\/span><\/a><\/span><\/p>\n","protected":false},"excerpt":{"rendered":"<p>nous sommes gouvern\u00e9s par une m\u00e9gaorganisation qui ne cherche pas \u00e0 faire le bien pour nous ou pour notre monde, c\u2019est pourquoi elle doit prendre tant de soin \u00e0 dissimuler son existence et ses activit\u00e9s. \u00ab\u00a0C\u2019est un syndicat du crime incroyablement vaste, impitoyable, avide et destructeur qui s\u2019est empar\u00e9 du contr\u00f4le mondial par le biais du mensonge et de l\u2019usure, du chantage et de la corruption, de la manipulation et du meurtre\u00a0\u00bb.<\/p>\n","protected":false},"author":2,"featured_media":20032,"comment_status":"closed","ping_status":"closed","sticky":false,"template":"","format":"standard","meta":{"footnotes":""},"categories":[1540,2133],"tags":[561,1657,2092],"class_list":["post-20539","post","type-post","status-publish","format-standard","has-post-thumbnail","hentry","category-actualite","category-cudenec-paul","tag-anarchie","tag-mondialisme","tag-sionisme"],"yoast_head":"<!-- This site is optimized with the Yoast SEO plugin v27.0 - https:\/\/yoast.com\/product\/yoast-seo-wordpress\/ -->\n<title>Le gang mondial qui dirige le monde et ruine nos vies par Paul Cudenec - 3e mill\u00e9naire - Spiritualit\u00e9 - Connaissance de soi - Non-dualit\u00e9 - M\u00e9ditation<\/title>\n<meta name=\"robots\" content=\"index, follow, max-snippet:-1, max-image-preview:large, max-video-preview:-1\" \/>\n<link rel=\"canonical\" href=\"https:\/\/www.revue3emillenaire.com\/blog\/le-gang-mondial-qui-dirige-le-monde-et-ruine-nos-vies-par-paul-cudenec\/\" \/>\n<meta property=\"og:locale\" content=\"fr_FR\" \/>\n<meta property=\"og:type\" content=\"article\" \/>\n<meta property=\"og:title\" content=\"Le gang mondial qui dirige le monde et ruine nos vies par Paul Cudenec - 3e mill\u00e9naire - Spiritualit\u00e9 - Connaissance de soi - Non-dualit\u00e9 - M\u00e9ditation\" \/>\n<meta property=\"og:description\" content=\"nous sommes gouvern\u00e9s par une m\u00e9gaorganisation qui ne cherche pas \u00e0 faire le bien pour nous ou pour notre monde, c\u2019est pourquoi elle doit prendre tant de soin \u00e0 dissimuler son existence et ses activit\u00e9s. \u00ab\u00a0C\u2019est un syndicat du crime incroyablement vaste, impitoyable, avide et destructeur qui s\u2019est empar\u00e9 du contr\u00f4le mondial par le biais du mensonge et de l\u2019usure, du chantage et de la corruption, de la manipulation et du meurtre\u00a0\u00bb.\" \/>\n<meta property=\"og:url\" content=\"https:\/\/www.revue3emillenaire.com\/blog\/le-gang-mondial-qui-dirige-le-monde-et-ruine-nos-vies-par-paul-cudenec\/\" \/>\n<meta property=\"og:site_name\" content=\"3e mill\u00e9naire - Spiritualit\u00e9 - Connaissance de soi - Non-dualit\u00e9 - M\u00e9ditation\" \/>\n<meta property=\"article:published_time\" content=\"2025-04-01T00:49:53+00:00\" \/>\n<meta property=\"article:modified_time\" content=\"2025-07-12T13:02:16+00:00\" \/>\n<meta property=\"og:image\" content=\"https:\/\/www.revue3emillenaire.com\/blog\/wp-content\/uploads\/2024\/06\/Paul-cudenec.jpg\" \/>\n\t<meta property=\"og:image:width\" content=\"335\" \/>\n\t<meta property=\"og:image:height\" content=\"344\" \/>\n\t<meta property=\"og:image:type\" content=\"image\/jpeg\" \/>\n<meta name=\"author\" content=\"3e mill\u00e9naire\" \/>\n<meta name=\"twitter:card\" content=\"summary_large_image\" \/>\n<meta name=\"twitter:label1\" content=\"\u00c9crit par\" \/>\n\t<meta name=\"twitter:data1\" content=\"3e mill\u00e9naire\" \/>\n\t<meta name=\"twitter:label2\" content=\"Dur\u00e9e de lecture estim\u00e9e\" \/>\n\t<meta name=\"twitter:data2\" content=\"15 minutes\" \/>\n<script type=\"application\/ld+json\" class=\"yoast-schema-graph\">{\"@context\":\"https:\/\/schema.org\",\"@graph\":[{\"@type\":\"Article\",\"@id\":\"https:\/\/www.revue3emillenaire.com\/blog\/le-gang-mondial-qui-dirige-le-monde-et-ruine-nos-vies-par-paul-cudenec\/#article\",\"isPartOf\":{\"@id\":\"https:\/\/www.revue3emillenaire.com\/blog\/le-gang-mondial-qui-dirige-le-monde-et-ruine-nos-vies-par-paul-cudenec\/\"},\"author\":{\"name\":\"3e mill\u00e9naire\",\"@id\":\"https:\/\/www.revue3emillenaire.com\/blog\/#\/schema\/person\/b692dacff720a5344a6190bc714397eb\"},\"headline\":\"Le gang mondial qui dirige le monde et ruine nos vies par Paul Cudenec\",\"datePublished\":\"2025-04-01T00:49:53+00:00\",\"dateModified\":\"2025-07-12T13:02:16+00:00\",\"mainEntityOfPage\":{\"@id\":\"https:\/\/www.revue3emillenaire.com\/blog\/le-gang-mondial-qui-dirige-le-monde-et-ruine-nos-vies-par-paul-cudenec\/\"},\"wordCount\":3252,\"image\":{\"@id\":\"https:\/\/www.revue3emillenaire.com\/blog\/le-gang-mondial-qui-dirige-le-monde-et-ruine-nos-vies-par-paul-cudenec\/#primaryimage\"},\"thumbnailUrl\":\"https:\/\/www.revue3emillenaire.com\/blog\/wp-content\/uploads\/2024\/06\/Paul-cudenec.jpg\",\"keywords\":[\"Anarchie\",\"Mondialisme\",\"Sionisme\"],\"articleSection\":[\"Actualit\u00e9s\",\"Cudenec Paul\"],\"inLanguage\":\"fr-FR\"},{\"@type\":\"WebPage\",\"@id\":\"https:\/\/www.revue3emillenaire.com\/blog\/le-gang-mondial-qui-dirige-le-monde-et-ruine-nos-vies-par-paul-cudenec\/\",\"url\":\"https:\/\/www.revue3emillenaire.com\/blog\/le-gang-mondial-qui-dirige-le-monde-et-ruine-nos-vies-par-paul-cudenec\/\",\"name\":\"Le gang mondial qui dirige le monde et ruine nos vies par Paul Cudenec - 3e mill\u00e9naire - Spiritualit\u00e9 - Connaissance de soi - Non-dualit\u00e9 - M\u00e9ditation\",\"isPartOf\":{\"@id\":\"https:\/\/www.revue3emillenaire.com\/blog\/#website\"},\"primaryImageOfPage\":{\"@id\":\"https:\/\/www.revue3emillenaire.com\/blog\/le-gang-mondial-qui-dirige-le-monde-et-ruine-nos-vies-par-paul-cudenec\/#primaryimage\"},\"image\":{\"@id\":\"https:\/\/www.revue3emillenaire.com\/blog\/le-gang-mondial-qui-dirige-le-monde-et-ruine-nos-vies-par-paul-cudenec\/#primaryimage\"},\"thumbnailUrl\":\"https:\/\/www.revue3emillenaire.com\/blog\/wp-content\/uploads\/2024\/06\/Paul-cudenec.jpg\",\"datePublished\":\"2025-04-01T00:49:53+00:00\",\"dateModified\":\"2025-07-12T13:02:16+00:00\",\"author\":{\"@id\":\"https:\/\/www.revue3emillenaire.com\/blog\/#\/schema\/person\/b692dacff720a5344a6190bc714397eb\"},\"breadcrumb\":{\"@id\":\"https:\/\/www.revue3emillenaire.com\/blog\/le-gang-mondial-qui-dirige-le-monde-et-ruine-nos-vies-par-paul-cudenec\/#breadcrumb\"},\"inLanguage\":\"fr-FR\",\"potentialAction\":[{\"@type\":\"ReadAction\",\"target\":[\"https:\/\/www.revue3emillenaire.com\/blog\/le-gang-mondial-qui-dirige-le-monde-et-ruine-nos-vies-par-paul-cudenec\/\"]}]},{\"@type\":\"ImageObject\",\"inLanguage\":\"fr-FR\",\"@id\":\"https:\/\/www.revue3emillenaire.com\/blog\/le-gang-mondial-qui-dirige-le-monde-et-ruine-nos-vies-par-paul-cudenec\/#primaryimage\",\"url\":\"https:\/\/www.revue3emillenaire.com\/blog\/wp-content\/uploads\/2024\/06\/Paul-cudenec.jpg\",\"contentUrl\":\"https:\/\/www.revue3emillenaire.com\/blog\/wp-content\/uploads\/2024\/06\/Paul-cudenec.jpg\",\"width\":335,\"height\":344},{\"@type\":\"BreadcrumbList\",\"@id\":\"https:\/\/www.revue3emillenaire.com\/blog\/le-gang-mondial-qui-dirige-le-monde-et-ruine-nos-vies-par-paul-cudenec\/#breadcrumb\",\"itemListElement\":[{\"@type\":\"ListItem\",\"position\":1,\"name\":\"Accueil\",\"item\":\"https:\/\/www.revue3emillenaire.com\/blog\/\"},{\"@type\":\"ListItem\",\"position\":2,\"name\":\"Le gang mondial qui dirige le monde et ruine nos vies par Paul Cudenec\"}]},{\"@type\":\"WebSite\",\"@id\":\"https:\/\/www.revue3emillenaire.com\/blog\/#website\",\"url\":\"https:\/\/www.revue3emillenaire.com\/blog\/\",\"name\":\"3e mill\u00e9naire - Spiritualit\u00e9 - Connaissance de soi - Non-dualit\u00e9 - M\u00e9ditation\",\"description\":\"L&#039;Homme en devenir\",\"potentialAction\":[{\"@type\":\"SearchAction\",\"target\":{\"@type\":\"EntryPoint\",\"urlTemplate\":\"https:\/\/www.revue3emillenaire.com\/blog\/?s={search_term_string}\"},\"query-input\":{\"@type\":\"PropertyValueSpecification\",\"valueRequired\":true,\"valueName\":\"search_term_string\"}}],\"inLanguage\":\"fr-FR\"},{\"@type\":\"Person\",\"@id\":\"https:\/\/www.revue3emillenaire.com\/blog\/#\/schema\/person\/b692dacff720a5344a6190bc714397eb\",\"name\":\"3e mill\u00e9naire\",\"url\":\"https:\/\/www.revue3emillenaire.com\/blog\/author\/scoussa\/\"}]}<\/script>\n<!-- \/ Yoast SEO plugin. -->","yoast_head_json":{"title":"Le gang mondial qui dirige le monde et ruine nos vies par Paul Cudenec - 3e mill\u00e9naire - Spiritualit\u00e9 - Connaissance de soi - Non-dualit\u00e9 - M\u00e9ditation","robots":{"index":"index","follow":"follow","max-snippet":"max-snippet:-1","max-image-preview":"max-image-preview:large","max-video-preview":"max-video-preview:-1"},"canonical":"https:\/\/www.revue3emillenaire.com\/blog\/le-gang-mondial-qui-dirige-le-monde-et-ruine-nos-vies-par-paul-cudenec\/","og_locale":"fr_FR","og_type":"article","og_title":"Le gang mondial qui dirige le monde et ruine nos vies par Paul Cudenec - 3e mill\u00e9naire - Spiritualit\u00e9 - Connaissance de soi - Non-dualit\u00e9 - M\u00e9ditation","og_description":"nous sommes gouvern\u00e9s par une m\u00e9gaorganisation qui ne cherche pas \u00e0 faire le bien pour nous ou pour notre monde, c\u2019est pourquoi elle doit prendre tant de soin \u00e0 dissimuler son existence et ses activit\u00e9s. \u00ab\u00a0C\u2019est un syndicat du crime incroyablement vaste, impitoyable, avide et destructeur qui s\u2019est empar\u00e9 du contr\u00f4le mondial par le biais du mensonge et de l\u2019usure, du chantage et de la corruption, de la manipulation et du meurtre\u00a0\u00bb.","og_url":"https:\/\/www.revue3emillenaire.com\/blog\/le-gang-mondial-qui-dirige-le-monde-et-ruine-nos-vies-par-paul-cudenec\/","og_site_name":"3e mill\u00e9naire - Spiritualit\u00e9 - Connaissance de soi - Non-dualit\u00e9 - M\u00e9ditation","article_published_time":"2025-04-01T00:49:53+00:00","article_modified_time":"2025-07-12T13:02:16+00:00","og_image":[{"width":335,"height":344,"url":"https:\/\/www.revue3emillenaire.com\/blog\/wp-content\/uploads\/2024\/06\/Paul-cudenec.jpg","type":"image\/jpeg"}],"author":"3e mill\u00e9naire","twitter_card":"summary_large_image","twitter_misc":{"\u00c9crit par":"3e mill\u00e9naire","Dur\u00e9e de lecture estim\u00e9e":"15 minutes"},"schema":{"@context":"https:\/\/schema.org","@graph":[{"@type":"Article","@id":"https:\/\/www.revue3emillenaire.com\/blog\/le-gang-mondial-qui-dirige-le-monde-et-ruine-nos-vies-par-paul-cudenec\/#article","isPartOf":{"@id":"https:\/\/www.revue3emillenaire.com\/blog\/le-gang-mondial-qui-dirige-le-monde-et-ruine-nos-vies-par-paul-cudenec\/"},"author":{"name":"3e mill\u00e9naire","@id":"https:\/\/www.revue3emillenaire.com\/blog\/#\/schema\/person\/b692dacff720a5344a6190bc714397eb"},"headline":"Le gang mondial qui dirige le monde et ruine nos vies par Paul Cudenec","datePublished":"2025-04-01T00:49:53+00:00","dateModified":"2025-07-12T13:02:16+00:00","mainEntityOfPage":{"@id":"https:\/\/www.revue3emillenaire.com\/blog\/le-gang-mondial-qui-dirige-le-monde-et-ruine-nos-vies-par-paul-cudenec\/"},"wordCount":3252,"image":{"@id":"https:\/\/www.revue3emillenaire.com\/blog\/le-gang-mondial-qui-dirige-le-monde-et-ruine-nos-vies-par-paul-cudenec\/#primaryimage"},"thumbnailUrl":"https:\/\/www.revue3emillenaire.com\/blog\/wp-content\/uploads\/2024\/06\/Paul-cudenec.jpg","keywords":["Anarchie","Mondialisme","Sionisme"],"articleSection":["Actualit\u00e9s","Cudenec Paul"],"inLanguage":"fr-FR"},{"@type":"WebPage","@id":"https:\/\/www.revue3emillenaire.com\/blog\/le-gang-mondial-qui-dirige-le-monde-et-ruine-nos-vies-par-paul-cudenec\/","url":"https:\/\/www.revue3emillenaire.com\/blog\/le-gang-mondial-qui-dirige-le-monde-et-ruine-nos-vies-par-paul-cudenec\/","name":"Le gang mondial qui dirige le monde et ruine nos vies par Paul Cudenec - 3e mill\u00e9naire - Spiritualit\u00e9 - Connaissance de soi - Non-dualit\u00e9 - M\u00e9ditation","isPartOf":{"@id":"https:\/\/www.revue3emillenaire.com\/blog\/#website"},"primaryImageOfPage":{"@id":"https:\/\/www.revue3emillenaire.com\/blog\/le-gang-mondial-qui-dirige-le-monde-et-ruine-nos-vies-par-paul-cudenec\/#primaryimage"},"image":{"@id":"https:\/\/www.revue3emillenaire.com\/blog\/le-gang-mondial-qui-dirige-le-monde-et-ruine-nos-vies-par-paul-cudenec\/#primaryimage"},"thumbnailUrl":"https:\/\/www.revue3emillenaire.com\/blog\/wp-content\/uploads\/2024\/06\/Paul-cudenec.jpg","datePublished":"2025-04-01T00:49:53+00:00","dateModified":"2025-07-12T13:02:16+00:00","author":{"@id":"https:\/\/www.revue3emillenaire.com\/blog\/#\/schema\/person\/b692dacff720a5344a6190bc714397eb"},"breadcrumb":{"@id":"https:\/\/www.revue3emillenaire.com\/blog\/le-gang-mondial-qui-dirige-le-monde-et-ruine-nos-vies-par-paul-cudenec\/#breadcrumb"},"inLanguage":"fr-FR","potentialAction":[{"@type":"ReadAction","target":["https:\/\/www.revue3emillenaire.com\/blog\/le-gang-mondial-qui-dirige-le-monde-et-ruine-nos-vies-par-paul-cudenec\/"]}]},{"@type":"ImageObject","inLanguage":"fr-FR","@id":"https:\/\/www.revue3emillenaire.com\/blog\/le-gang-mondial-qui-dirige-le-monde-et-ruine-nos-vies-par-paul-cudenec\/#primaryimage","url":"https:\/\/www.revue3emillenaire.com\/blog\/wp-content\/uploads\/2024\/06\/Paul-cudenec.jpg","contentUrl":"https:\/\/www.revue3emillenaire.com\/blog\/wp-content\/uploads\/2024\/06\/Paul-cudenec.jpg","width":335,"height":344},{"@type":"BreadcrumbList","@id":"https:\/\/www.revue3emillenaire.com\/blog\/le-gang-mondial-qui-dirige-le-monde-et-ruine-nos-vies-par-paul-cudenec\/#breadcrumb","itemListElement":[{"@type":"ListItem","position":1,"name":"Accueil","item":"https:\/\/www.revue3emillenaire.com\/blog\/"},{"@type":"ListItem","position":2,"name":"Le gang mondial qui dirige le monde et ruine nos vies par Paul Cudenec"}]},{"@type":"WebSite","@id":"https:\/\/www.revue3emillenaire.com\/blog\/#website","url":"https:\/\/www.revue3emillenaire.com\/blog\/","name":"3e mill\u00e9naire - Spiritualit\u00e9 - Connaissance de soi - Non-dualit\u00e9 - M\u00e9ditation","description":"L&#039;Homme en devenir","potentialAction":[{"@type":"SearchAction","target":{"@type":"EntryPoint","urlTemplate":"https:\/\/www.revue3emillenaire.com\/blog\/?s={search_term_string}"},"query-input":{"@type":"PropertyValueSpecification","valueRequired":true,"valueName":"search_term_string"}}],"inLanguage":"fr-FR"},{"@type":"Person","@id":"https:\/\/www.revue3emillenaire.com\/blog\/#\/schema\/person\/b692dacff720a5344a6190bc714397eb","name":"3e mill\u00e9naire","url":"https:\/\/www.revue3emillenaire.com\/blog\/author\/scoussa\/"}]}},"_links":{"self":[{"href":"https:\/\/www.revue3emillenaire.com\/blog\/wp-json\/wp\/v2\/posts\/20539","targetHints":{"allow":["GET"]}}],"collection":[{"href":"https:\/\/www.revue3emillenaire.com\/blog\/wp-json\/wp\/v2\/posts"}],"about":[{"href":"https:\/\/www.revue3emillenaire.com\/blog\/wp-json\/wp\/v2\/types\/post"}],"author":[{"embeddable":true,"href":"https:\/\/www.revue3emillenaire.com\/blog\/wp-json\/wp\/v2\/users\/2"}],"replies":[{"embeddable":true,"href":"https:\/\/www.revue3emillenaire.com\/blog\/wp-json\/wp\/v2\/comments?post=20539"}],"version-history":[{"count":0,"href":"https:\/\/www.revue3emillenaire.com\/blog\/wp-json\/wp\/v2\/posts\/20539\/revisions"}],"wp:featuredmedia":[{"embeddable":true,"href":"https:\/\/www.revue3emillenaire.com\/blog\/wp-json\/wp\/v2\/media\/20032"}],"wp:attachment":[{"href":"https:\/\/www.revue3emillenaire.com\/blog\/wp-json\/wp\/v2\/media?parent=20539"}],"wp:term":[{"taxonomy":"category","embeddable":true,"href":"https:\/\/www.revue3emillenaire.com\/blog\/wp-json\/wp\/v2\/categories?post=20539"},{"taxonomy":"post_tag","embeddable":true,"href":"https:\/\/www.revue3emillenaire.com\/blog\/wp-json\/wp\/v2\/tags?post=20539"}],"curies":[{"name":"wp","href":"https:\/\/api.w.org\/{rel}","templated":true}]}}