{"id":20575,"date":"2025-04-21T13:56:30","date_gmt":"2025-04-21T12:56:30","guid":{"rendered":"https:\/\/www.revue3emillenaire.com\/blog\/?p=20575"},"modified":"2025-04-21T18:27:45","modified_gmt":"2025-04-21T17:27:45","slug":"la-bataille-pour-votre-cerveau-a-deja-commence-par-james-corbett","status":"publish","type":"post","link":"https:\/\/www.revue3emillenaire.com\/blog\/la-bataille-pour-votre-cerveau-a-deja-commence-par-james-corbett\/","title":{"rendered":"La bataille pour votre cerveau a D\u00c9J\u00c0 commenc\u00e9 par James Corbett"},"content":{"rendered":"<p class=\"western\" align=\"justify\"><strong><span style=\"color: #000000;\"><span style=\"font-family: Times New Roman, serif;\"><span style=\"font-size: medium;\">Contr\u00f4le mental. Nanorobots. Neurohacking.<\/span><\/span><\/span><\/strong><\/p>\n<p class=\"western\" align=\"justify\"><span style=\"color: #000000;\"><span style=\"font-size: medium;\">Aborder ces sujets avec le commun des mortels, et il vous dira qu\u2019ils rel\u00e8vent de la science-fiction.<\/span><\/span><\/p>\n<p class=\"western\" align=\"justify\"><span style=\"color: #000000;\"><span style=\"font-size: medium;\">Mais ces concepts ne sont pas des fantasmes cyberpunk issus de l\u2019imagination d\u00e9bordante d\u2019un romancier. Ils sont en cours de d\u00e9veloppement maintenant.<\/span><\/span><\/p>\n<p class=\"western\" align=\"justify\"><span style=\"color: #000000;\"><span style=\"font-size: medium;\">La semaine derni\u00e8re, nous avons explor\u00e9 la r\u00e9alit\u00e9 de la bataille du cerveau, depuis la longue histoire de l\u2019exp\u00e9rimentation psychologique et de l\u2019ing\u00e9nierie sociale jusqu\u2019\u00e0 l\u2019affirmation des arm\u00e9es modernes selon laquelle l\u2019\u00ab\u00a0espace cognitif\u00a0\u00bb fait partie de leur domaine op\u00e9rationnel.<\/span><\/span><\/p>\n<p class=\"western\" align=\"justify\"><span style=\"color: #000000;\"><span style=\"font-size: medium;\">Cette semaine, nous allons explorer les technologies que les arm\u00e9es d\u2019aujourd\u2019hui cherchent \u00e0 utiliser dans leur bataille pour votre cerveau et examiner les fa\u00e7ons dont ces technologies sont utilis\u00e9es comme armes contre vous.<\/span><\/span><\/p>\n<h3 class=\"western\" align=\"justify\"><span style=\"color: #000000;\"><span style=\"font-family: Times New Roman, serif;\"><span style=\"font-size: medium;\">Des puces c\u00e9r\u00e9brales pour tous\u00a0!<\/span><\/span><\/span><\/h3>\n<p class=\"western\" align=\"justify\"><a href=\"https:\/\/substackcdn.com\/image\/fetch\/f_auto,q_auto:good,fl_progressive:steep\/https%3A%2F%2Fsubstack-post-media.s3.amazonaws.com%2Fpublic%2Fimages%2F8ee386db-41e8-4042-b60b-861436d44785_500x296.jpeg\"><img loading=\"lazy\" decoding=\"async\" class=\"aligncenter size-thumbnail\" src=\"https:\/\/substackcdn.com\/image\/fetch\/f_auto,q_auto:good,fl_progressive:steep\/https%3A%2F%2Fsubstack-post-media.s3.amazonaws.com%2Fpublic%2Fimages%2F8ee386db-41e8-4042-b60b-861436d44785_500x296.jpeg\" width=\"500\" height=\"296\" \/><\/a><\/p>\n<p class=\"western\" align=\"justify\"><span style=\"color: #000000;\"><span style=\"font-size: medium;\">Tout le monde sait d\u00e9sormais qu\u2019Elon Musk est le visage public de la volont\u00e9 de doter la population humaine d\u2019une puce c\u00e9r\u00e9brale.<\/span><\/span><\/p>\n<p class=\"western\" align=\"justify\"><span style=\"color: #000000;\"><span style=\"font-size: medium;\">En 2017, le cosplayer \u00ab\u00a0dark MAGA\u00a0\u00bb a d\u00e9voil\u00e9 au monde entier son dernier projet transhumaniste \u00e9tonnant\u00a0: Neuralink, une soci\u00e9t\u00e9 priv\u00e9e d\u00e9di\u00e9e \u00e0 la cr\u00e9ation d\u2019une interface cerveau-ordinateur fonctionnelle.<\/span><\/span><\/p>\n<p class=\"western\" align=\"justify\"><span style=\"color: #000000;\"><span style=\"font-size: medium;\">En 2021, Neuralink avait quelque chose \u00e0 montrer pour ses efforts\u00a0: la <\/span><\/span><span style=\"color: #000080;\"><a href=\"https:\/\/edition.cnn.com\/2021\/04\/09\/tech\/elon-musk-neuralink-pong-scli-intl\/index.html\"><span style=\"color: #000000;\"><span style=\"font-size: medium;\">vid\u00e9o d\u2019un singe jouant \u00e0 \u00ab\u00a0Pong\u00a0\u00bb avec son esprit.<\/span><\/span><\/a><\/span><\/p>\n<p class=\"western\" align=\"justify\"><span style=\"color: #000000;\"><span style=\"font-family: Times New Roman, serif;\"><span style=\"font-size: medium;\">Ce que cette vid\u00e9o ne montrait pas, ce sont les<\/span><\/span><\/span><span style=\"color: #000000;\"><span style=\"font-size: medium;\"> les <\/span><\/span><span style=\"color: #000080;\"><a href=\"https:\/\/globalnews.ca\/news\/9328626\/elon-musk-neuralink-animal-deaths-federal-probe\/\"><span style=\"color: #000000;\"><span style=\"font-size: medium;\">plus de 1\u00a0000\u00a0animaux <\/span><\/span><\/a><\/span><span style=\"color: #000000;\"><span style=\"font-size: medium;\">que Neuralink <\/span><\/span><span style=\"color: #000080;\"><a href=\"https:\/\/www.documentcloud.org\/documents\/23986937-sec-request-for-investigation-of-neuralink-20230920\/\"><span style=\"color: #000000;\"><span style=\"font-size: medium;\">a tortur\u00e9s et abattus <\/span><\/span><\/a><\/span><span style=\"color: #000000;\"><span style=\"font-size: medium;\">au nom de sa qu\u00eate macabre de fusion de l\u2019homme et de la machine, dont\u00a0:<\/span><\/span><\/p>\n<ul>\n<li style=\"list-style-type: none;\">\n<ul>\n<li>\n<p class=\"western\" align=\"justify\"><span style=\"color: #000000;\"><span style=\"font-size: medium;\">\u00ab\u00a0un macaque rh\u00e9sus m\u00e2le qui avait 7\u00a0ans\u00a0\u00bb ayant subi la chirurgie exp\u00e9rimentale de la puce c\u00e9r\u00e9brale de l\u2019entreprise et qui n\u2019a cess\u00e9 d\u2019essayer de retirer le \u00ab\u00a0connecteur de port\u00a0\u00bb fix\u00e9 chirurgicalement \u00e0 son cr\u00e2ne, <\/span><\/span><span style=\"color: #000000;\"><span style=\"font-family: Times New Roman, serif;\"><span style=\"font-size: medium;\">provoquant un d\u00e9logement et une infection<\/span><\/span><\/span><span style=\"color: #000000;\"><span style=\"font-size: medium;\"> entra\u00eenant l\u2019euthanasie du singe.<\/span><\/span><\/p>\n<\/li>\n<li>\n<p class=\"western\" align=\"justify\"><span style=\"color: #000000;\"><span style=\"font-size: medium;\">\u00ab\u00a0une femelle macaque rh\u00e9sus \u00e2g\u00e9e de 10\u00a0ans\u00a0\u00bb au moment de son op\u00e9ration et dont l\u2019op\u00e9ration de six heures a entra\u00een\u00e9 l\u2019infection de la plaque de titane viss\u00e9e \u00e0 son cr\u00e2ne et fix\u00e9e avec du \u00ab\u00a0gelfoam\u00a0\u00bb, ce qui a entra\u00een\u00e9 son euthanasie.<\/span><\/span><\/p>\n<\/li>\n<li>\n<p class=\"western\" align=\"justify\"><span style=\"color: #000000;\"><span style=\"font-size: medium;\">\u00ab\u00a0une femelle macaque rh\u00e9sus \u00e2g\u00e9e d\u2019environ 6\u00a0ans\u00a0\u00bb lorsqu\u2019elle a \u00e9t\u00e9 op\u00e9r\u00e9e par Neuralink et qui a souffert d\u2019un <\/span><\/span><span style=\"color: #000000;\"><span style=\"font-family: Times New Roman, serif;\"><span style=\"font-size: medium;\">\u0153d\u00e8me<\/span><\/span><\/span><span style=\"color: #000000;\"><span style=\"font-size: medium;\"> intracr\u00e2nien r\u00e9sultant \u2014 comme l\u2019a montr\u00e9 son rapport d\u2019autopsie apr\u00e8s l\u2019euthanasie \u2014 de \u00ab\u00a0fils d\u2019\u00e9lectrodes restants\u00a0\u00bb dans son cerveau.<\/span><\/span><\/p>\n<\/li>\n<\/ul>\n<\/li>\n<\/ul>\n<p class=\"western\" align=\"justify\"><span style=\"color: #000000;\"><span style=\"font-size: medium;\">Compte tenu du catalogue d\u2019horreurs que constituent les annales des exp\u00e9riences Neuralink, on <\/span><\/span><span style=\"color: #000000;\"><span style=\"font-family: Times New Roman, serif;\"><span style=\"font-size: medium;\">pourrait<\/span><\/span><\/span><span style=\"color: #000000;\"><span style=\"font-size: medium;\"> s\u2019attendre \u00e0 ce que les recherches soient interrompues <\/span><\/span><span style=\"color: #000000;\"><span style=\"font-family: Times New Roman, serif;\"><span style=\"font-size: medium;\">apr\u00e8s l\u2019exposition de<\/span><\/span><\/span><span style=\"color: #000000;\"><span style=\"font-size: medium;\"> ces crimes. Mais on aurait tort.<\/span><\/span><\/p>\n<p class=\"western\" align=\"justify\"><span style=\"color: #000000;\"><span style=\"font-size: medium;\">Au lieu de cela, Musk et ses sbires ont poursuivi leurs proc\u00e9dures barbares sans entrave. Le r\u00e9sultat a \u00e9t\u00e9 un catalogue de \u00ab\u00a0succ\u00e8s\u00a0\u00bb claironn\u00e9 par nos amis des m\u00e9dias \u00e0 la botte de l\u2019establishment.<\/span><\/span><\/p>\n<p class=\"western\" align=\"justify\"><span style=\"color: #000000;\"><span style=\"font-size: medium;\">En janvier 2024, <\/span><\/span><em><span style=\"color: #000000;\"><span style=\"font-size: medium;\">Scientific American <\/span><\/span><\/em><span style=\"color: #000000;\"><span style=\"font-size: medium;\">(oui, <\/span><\/span><span style=\"color: #000080;\"><a href=\"https:\/\/reason.com\/2024\/11\/18\/how-scientific-americans-departing-editor-helped-degrade-science\/\"><span style=\"color: #000000;\"><span style=\"font-size: medium;\"><i>ce <\/i><\/span><\/span><\/a><\/span><em><span style=\"color: #000000;\"><span style=\"font-size: medium;\">Scientific American<\/span><\/span><\/em><span style=\"color: #000000;\"><span style=\"font-size: medium;\">) annon\u00e7ait que \u00ab\u00a0<\/span><\/span><span style=\"color: #000080;\"><span style=\"color: #000000;\"><span style=\"font-size: medium;\"><a href=\"https:\/\/archive.is\/gDmPG\">Neuralink d\u2019Elon Musk a implant\u00e9 sa premi\u00e8re puce dans un cerveau humain<\/a>\u00a0\u00bb<\/span><\/span><\/span><span style=\"color: #000000;\"><span style=\"font-size: medium;\"> et invitait ses lecteurs \u00e0 r\u00e9fl\u00e9chir\u00a0: \u00ab\u00a0<\/span><\/span><span style=\"color: #000080;\"><span style=\"color: #000000;\"><span style=\"font-size: medium;\"><a href=\"https:\/\/archive.is\/gDmPG\">Et apr\u00e8s\u00a0?<\/a>\u00a0\u00bb<\/span><\/span><\/span><\/p>\n<p class=\"western\" align=\"justify\"><span style=\"color: #000000;\"><span style=\"font-size: medium;\">Pr\u00e9cis\u00e9ment un an plus tard, <\/span><\/span><span style=\"color: #000000;\"><span style=\"font-family: Times New Roman, serif;\"><span style=\"font-size: medium;\">c\u2019\u00e9tait au tour de<\/span><\/span><\/span><span style=\"color: #000000;\"><span style=\"font-size: medium;\"> l\u2019Associated Press de vanter les m\u00e9rites d\u2019Elon, en \u00ab\u00a0rapportant\u00a0\u00bb qu\u2019\u00ab\u00a0<\/span><\/span><span style=\"color: #000080;\"><span style=\"color: #000000;\"><span style=\"font-size: medium;\"><a href=\"https:\/\/apnews.com\/article\/elon-musk-neuralink-brain-computer-interface-9dbc92206389f27fd032825cf1597ee5\">Elon Musk dit qu\u2019un troisi\u00e8me patient a re\u00e7u un implant c\u00e9r\u00e9bral Neuralink<\/a>\u00a0\u00bb<\/span><\/span><\/span><span style=\"color: #000000;\"><span style=\"font-size: medium;\"> et en notant d\u00fbment que \u00ab\u00a0<\/span><\/span><span style=\"color: #000080;\"><span style=\"color: #000000;\"><span style=\"font-size: medium;\"><a href=\"https:\/\/apnews.com\/article\/elon-musk-neuralink-brain-computer-interface-9dbc92206389f27fd032825cf1597ee5\">le travail fait partie d\u2019un domaine en pleine expansion<\/a>\u00a0\u00bb<\/span><\/span><\/span><span style=\"color: #000000;\"><span style=\"font-size: medium;\">.<\/span><\/span><\/p>\n<p class=\"western\" align=\"justify\"><span style=\"color: #000000;\"><span style=\"font-size: medium;\">En mars de cette ann\u00e9e, les st\u00e9nographes de l\u2019establishment ont pris un tournant biblique, avec <\/span><\/span><em><span style=\"color: #000000;\"><span style=\"font-size: medium;\">Newsweek <\/span><\/span><\/em><span style=\"color: #000000;\"><span style=\"font-size: medium;\">citant sans esprit critique l\u2019affirmation de l\u2019entrepreneur du d\u00e9partement d\u2019\u00c9tat selon laquelle il \u00ab\u00a0<\/span><\/span><span style=\"color: #000080;\"><span style=\"color: #000000;\"><span style=\"font-size: medium;\"><a href=\"https:\/\/www.newsweek.com\/elon-musk-neuralink-blindsight-brain-chip-2052917\">rendra la vue \u00e0 un aveugle gr\u00e2ce \u00e0 une puce c\u00e9r\u00e9brale cette ann\u00e9e<\/a>\u00a0\u00bb<\/span><\/span><\/span><span style=\"color: #000000;\"><span style=\"font-size: medium;\">. (Et nous savons tous \u00e0 quel point le charlatan technocrate est <\/span><\/span><span style=\"color: #000080;\"><a href=\"https:\/\/futurism.com\/elon-musk-is-officially-sending-humans-to-mars-in-2024\"><span style=\"color: #000000;\"><span style=\"font-size: medium;\">pr\u00e9cis <\/span><\/span><\/a><\/span><span style=\"color: #000000;\"><span style=\"font-size: medium;\">dans ses <\/span><\/span><span style=\"color: #000080;\"><a href=\"https:\/\/www.wired.com\/story\/promises-broken-musk-offers-new-pledges-self-driving\/\"><span style=\"color: #000000;\"><span style=\"font-size: medium;\">pr\u00e9dictions temporelles<\/span><\/span><\/a><\/span><span style=\"color: #000000;\"><span style=\"font-size: medium;\">).<\/span><\/span><\/p>\n<p class=\"western\" align=\"justify\"><span style=\"color: #000000;\"><span style=\"font-size: medium;\">Enfin, au d\u00e9but de ce mois, les journalistes chevronn\u00e9s de <\/span><\/span><em><span style=\"color: #000000;\"><span style=\"font-size: medium;\">Men\u2019s Health <\/span><\/span><\/em><span style=\"color: #000000;\"><span style=\"font-size: medium;\">ont \u00e9crit \u00ab\u00a0<\/span><\/span><span style=\"color: #000080;\"><span style=\"color: #000000;\"><span style=\"font-size: medium;\"><a href=\"https:\/\/archive.is\/vTW0Z\">Oui, il a laiss\u00e9 Elon Musk lui implanter une puce dans le cerveau<\/a>\u00a0\u00bb<\/span><\/span><\/span><span style=\"color: #000000;\"><span style=\"font-size: medium;\">, dans lequel ils pr\u00e9sentaient au monde Noland Arbaugh, un t\u00e9trapl\u00e9gique qui peut d\u00e9sormais surfer sur <\/span><\/span><span style=\"color: #000000;\"><span style=\"font-family: Times New Roman, serif;\"><span style=\"font-size: medium;\">Internet<\/span><\/span><\/span><span style=\"color: #000000;\"><span style=\"font-size: medium;\"> par la pens\u00e9e gr\u00e2ce \u00e0 l\u2019implant Neuralink dans son cr\u00e2ne.<\/span><\/span><\/p>\n<p class=\"western\" align=\"justify\"><span style=\"color: #000000;\"><span style=\"font-size: medium;\">Vous pensez peut-\u00eatre que je plaisante lorsque je dis que la couverture de ces d\u00e9veloppements par la presse grand public fr\u00f4le l\u2019idol\u00e2trie, mais je vous assure que ce n\u2019est pas le cas.<\/span><\/span><\/p>\n<p class=\"western\" align=\"justify\"><a href=\"https:\/\/substackcdn.com\/image\/fetch\/f_auto,q_auto:good,fl_progressive:steep\/https%3A%2F%2Fsubstack-post-media.s3.amazonaws.com%2Fpublic%2Fimages%2F144db4a4-b329-4cdd-9e47-bf83637fdc50_500x325.jpeg\"><img loading=\"lazy\" decoding=\"async\" class=\"aligncenter size-thumbnail\" src=\"https:\/\/substackcdn.com\/image\/fetch\/f_auto,q_auto:good,fl_progressive:steep\/https%3A%2F%2Fsubstack-post-media.s3.amazonaws.com%2Fpublic%2Fimages%2F144db4a4-b329-4cdd-9e47-bf83637fdc50_500x325.jpeg\" width=\"500\" height=\"325\" \/><\/a><\/p>\n<p class=\"western\" style=\"text-align: center;\" align=\"justify\"><strong><span style=\"color: #000000;\"><span style=\"font-size: medium;\">SOURCE\u00a0: <\/span><\/span><\/strong><span style=\"color: #000080;\"><a href=\"https:\/\/www.vox.com\/future-perfect\/23899981\/elon-musk-ai-neuralink-brain-computer-interface\"><span style=\"color: #000000;\"><span style=\"font-size: medium;\"><b>Vox.com<\/b><\/span><\/span><\/a><\/span><\/p>\n<p class=\"western\" align=\"justify\"><span style=\"color: #000000;\"><span style=\"font-size: medium;\">Bien entendu, comme pour tous les autres d\u00e9veloppements \u00ab\u00a0\u00e9tonnants\u00a0\u00bb associ\u00e9s dans l\u2019imaginaire populaire \u00e0 un vrai Tony Stark, Musk n\u2019est ni le cr\u00e9ateur de cette technologie, ni m\u00eame son principal promoteur.<\/span><\/span><\/p>\n<p class=\"western\" align=\"justify\"><span style=\"color: #000000;\"><span style=\"font-size: medium;\">Nous pourrions citer d\u2019autres super-vilains dans les rangs mondialistes qui ont vant\u00e9 la technologie des puces c\u00e9r\u00e9brales dans le pass\u00e9, notamment <\/span><\/span><span style=\"color: #000080;\"><span style=\"color: #000000;\"><span style=\"font-size: medium;\"><a href=\"https:\/\/www.bitchute.com\/video\/s0FHDFV96GFC\">Klaus Schwab<\/a>\u00a0<\/span><\/span><\/span><span style=\"color: #000000;\"><span style=\"font-size: medium;\">:<\/span><\/span><\/p>\n<p><iframe loading=\"lazy\" title=\"Implanted Microchip, Klaus Schwab, World Economic Forum and The Great Reset\" src=\"https:\/\/www.youtube.com\/embed\/UmQNA0HL1pw\" width=\"728\" height=\"410\" frameborder=\"0\" allowfullscreen=\"allowfullscreen\"><\/iframe><\/p>\n<p class=\"western\" align=\"justify\"><span style=\"color: #000000;\"><span style=\"font-size: medium;\">Et <\/span><\/span><span style=\"color: #000080;\"><span style=\"color: #000000;\"><span style=\"font-size: medium;\"><a href=\"https:\/\/www.youtube.com\/watch?v=0kPur6o-Rt0\">Regina Dugan<\/a>\u00a0<\/span><\/span><\/span><span style=\"color: #000000;\"><span style=\"font-size: medium;\">:<\/span><\/span><\/p>\n<p><iframe loading=\"lazy\" title=\"Regina Dugan Building 8\" src=\"https:\/\/www.youtube.com\/embed\/0kPur6o-Rt0\" width=\"728\" height=\"410\" frameborder=\"0\" allowfullscreen=\"allowfullscreen\"><\/iframe><\/p>\n<p class=\"western\" align=\"justify\"><span style=\"color: #000000;\"><span style=\"font-size: medium;\">Mais cette technologie n\u2019a pas non plus \u00e9t\u00e9 mise au point par ces super-coursiers ou pantins des mondialistes. Elle a commenc\u00e9 dans un coin beaucoup plus sombre et moins examin\u00e9 de la structure du pouvoir mondial\u2026<\/span><\/span><\/p>\n<h3 class=\"western\" align=\"justify\"><span style=\"color: #000000;\"><span style=\"font-family: Times New Roman, serif;\"><span style=\"font-size: medium;\">Voici votre cerveau sous l\u2019effet de DARPA<\/span><\/span><\/span><\/h3>\n<p align=\"justify\"><a href=\"https:\/\/substackcdn.com\/image\/fetch\/f_auto,q_auto:good,fl_progressive:steep\/https%3A%2F%2Fsubstack-post-media.s3.amazonaws.com%2Fpublic%2Fimages%2F88783494-5218-48c3-bdc5-7a110a61f033_550x313.jpeg\"><img loading=\"lazy\" decoding=\"async\" class=\"aligncenter size-thumbnail\" src=\"https:\/\/substackcdn.com\/image\/fetch\/f_auto,q_auto:good,fl_progressive:steep\/https%3A%2F%2Fsubstack-post-media.s3.amazonaws.com%2Fpublic%2Fimages%2F88783494-5218-48c3-bdc5-7a110a61f033_550x313.jpeg\" width=\"550\" height=\"313\" \/><\/a><\/p>\n<p class=\"western\" align=\"justify\"><span style=\"color: #000000;\"><span style=\"font-size: medium;\">La <\/span><\/span><span style=\"color: #000000;\"><span style=\"font-size: medium;\"><i>Defense Advanced Research Projects Agency<\/i><\/span><\/span><span style=\"color: #000000;\"><span style=\"font-size: medium;\"> (DARPA;<\/span><\/span> <strong><span style=\"color: #000000;\"><span style=\"font-family: Times New Roman, serif;\"><span style=\"font-size: medium;\"><i>Agence pour les projets de recherche avanc\u00e9e de d\u00e9fense<\/i><\/span><\/span><\/span><\/strong><span style=\"color: #000000;\"><span style=\"font-size: medium;\">) est, comme <\/span><\/span><a href=\"https:\/\/corbettreport.com\/corbett-report-radio-265-darpa-exposed\/\"><span style=\"color: #000080;\"><span style=\"color: #000000;\"><span style=\"font-size: medium;\">le savent les <\/span><\/span><\/span><span style=\"color: #000080;\"><span style=\"color: #000000;\"><span style=\"font-family: Times New Roman, serif;\"><span style=\"font-size: medium;\">chercheurs de longue date en <\/span><\/span><\/span><\/span><\/a><span style=\"color: #000000;\"><span style=\"font-size: medium;\">conspirations de longue date, la branche recherche et d\u00e9veloppement du minist\u00e8re am\u00e9ricain de la d\u00e9fense. Anciennement connue sous le nom d\u2019ARPA, elle a parrain\u00e9 le d\u00e9veloppement de l\u2019\u00ab\u00a0ARPANET\u00a0\u00bb, qui \u00e9tait la base technologique de ce que nous appelons aujourd\u2019hui l\u2019internet. Mais la DARPA est impliqu\u00e9e depuis des d\u00e9cennies dans de nombreuses id\u00e9es cauchemardesques, bizarres, effrayantes et carr\u00e9ment d\u00e9lirantes d\u2019armement de technologies de pointe\u00a0: du <\/span><\/span><span style=\"color: #000080;\"><a href=\"https:\/\/www.darpa.mil\/news\/2023\/deployable-whole-blood-equivalent\"><span style=\"color: #000000;\"><span style=\"font-size: medium;\">sang synth\u00e9tique <\/span><\/span><\/a><\/span><span style=\"color: #000000;\"><span style=\"font-size: medium;\">aux <\/span><\/span><span style=\"color: #000080;\"><a href=\"https:\/\/www.spacewar.com\/reports\/US_Military_Plans_To_Make_Insect_Cyborgs.html\"><span style=\"color: #000000;\"><span style=\"font-size: medium;\">insectes cyborg <\/span><\/span><\/a><\/span><span style=\"color: #000000;\"><span style=\"font-size: medium;\">en passant par la <\/span><\/span><span style=\"color: #000080;\"><a href=\"https:\/\/www.govtech.com\/health\/dust-in-the-wind.html\"><span style=\"color: #000000;\"><span style=\"font-size: medium;\">poussi\u00e8re intelligente <\/span><\/span><\/a><\/span><span style=\"color: #000000;\"><span style=\"font-size: medium;\">et les <\/span><\/span><span style=\"color: #000080;\"><a href=\"https:\/\/www.robotictechnologyinc.com\/images\/upload\/file\/Website%20Input%20EATR%20Overview.pdf\"><span style=\"color: #000000;\"><span style=\"font-size: medium;\">robots mangeurs de plantes<\/span><\/span><\/a><\/span><span style=\"color: #000000;\"><span style=\"font-size: medium;\">.<\/span><\/span><\/p>\n<p class=\"western\" align=\"justify\"><span style=\"color: #000000;\"><span style=\"font-size: medium;\">Mais l\u2019un des projets les plus inqui\u00e9tants de la DARPA est peut-\u00eatre sa tentative permanente de cartographier, de contr\u00f4ler et de manipuler le cerveau humain.<\/span><\/span><\/p>\n<p class=\"western\" align=\"justify\"><span style=\"color: #000000;\"><span style=\"font-size: medium;\">Que la DARPA soit obs\u00e9d\u00e9e par le cerveau depuis sa cr\u00e9ation est de notori\u00e9t\u00e9 publique. Dans un rapport d\u00e9taill\u00e9 publi\u00e9 l\u2019ann\u00e9e derni\u00e8re pour <\/span><\/span><a href=\"https:\/\/propagandainfocus.com\/\"><span style=\"color: #000080;\"><span style=\"color: #000000;\"><span style=\"font-size: medium;\"><i>Propaganda In Focus<\/i><\/span><\/span><\/span><span style=\"color: #000080;\"><span style=\"color: #000000;\"><span style=\"font-size: medium;\"> et <\/span><\/span><\/span><\/a><span style=\"color: #000000;\"><span style=\"font-size: medium;\">intitul\u00e9 \u00ab\u00a0<\/span><\/span><span style=\"color: #000080;\"><span style=\"color: #000000;\"><span style=\"font-size: medium;\"><a href=\"https:\/\/propagandainfocus.com\/the-rise-of-big-mind-and-nano-totalitarianism\/\">The Rise of Big Mind and Nano-Totalitarianism<\/a>\u00a0\u00bb (<\/span><\/span><\/span><strong><span style=\"color: #000000;\"><span style=\"font-family: Times New Roman, serif;\"><span style=\"font-size: medium;\">L\u2019essor de l\u2019Esprit Global et le Nano-totalitarisme<\/span><\/span><\/span><\/strong><strong><span style=\"color: #000000;\"><span style=\"font-family: Times New Roman, serif;\"><span style=\"font-size: medium;\">)<\/span><\/span><\/span><\/strong><span style=\"color: #000000;\"><span style=\"font-size: medium;\">, le journaliste d\u2019investigation John Hawkins explique que cette obsession remonte au directeur fondateur de l\u2019agence, J. C. R. Licklider.<\/span><\/span><\/p>\n<p style=\"padding-left: 80px;\" align=\"justify\"><span style=\"color: #000000;\"><span style=\"font-family: Times New Roman, serif;\"><span style=\"font-size: medium;\">Il est d\u00e9sormais commun\u00e9ment admis <\/span><\/span><\/span><span style=\"color: #000000;\"><span style=\"font-size: medium;\">que le Pentagone a fait don de l\u2019internet \u00e0 ses partenaires commerciaux et universitaires afin d\u2019\u00e9tendre son influence dans le monde. Ceci est le r\u00e9sultat d\u2019une exp\u00e9rience visionnaire que le premier directeur de l\u2019ARPA, Joseph Carl Robnett Licklider, avait de l\u2019utilisation et de l\u2019avenir d\u2019internet. Licklider n\u2019est rest\u00e9 que deux ans \u00e0 l\u2019ARPA, mais <\/span><\/span><span style=\"color: #000000;\"><span style=\"font-family: Times New Roman, serif;\"><span style=\"font-size: medium;\">il entrevoyait d\u00e9j\u00e0<\/span><\/span><\/span><span style=\"color: #000000;\"><span style=\"font-size: medium;\"> comment l\u2019internet pourrait \u00eatre utilis\u00e9 en tant que \u00ab\u00a0<\/span><\/span><span style=\"color: #000080;\"><span style=\"color: #000000;\"><span style=\"font-size: medium;\"><a href=\"https:\/\/groups.csail.mit.edu\/medg\/people\/psz\/Licklider.html\">symbiose esprit-ordinateur<\/a>\u00a0\u00bb,<\/span><\/span><\/span><span style=\"color: #000000;\"><span style=\"font-size: medium;\"> un syst\u00e8me qu\u2019il d\u00e9crit dans son article de 1960. Comme l\u2019indique un r\u00e9sum\u00e9 de son travail, \u00ab\u00a0<\/span><\/span><span style=\"color: #000080;\"><a href=\"https:\/\/www.britannica.com\/topic\/ARPANET\"><span style=\"color: #000000;\"><span style=\"font-size: medium;\">Licklider a pos\u00e9 <\/span><\/span><\/a><\/span><span style=\"color: #000000;\"><span style=\"font-size: medium;\">la croyance, alors radicale, qu\u2019un mariage entre l\u2019esprit humain et l\u2019ordinateur aboutirait finalement \u00e0 une meilleure prise de d\u00e9cision\u00a0\u00bb.<\/span><\/span><\/p>\n<p class=\"western\" align=\"justify\"><span style=\"color: #000000;\"><span style=\"font-size: medium;\">Cet int\u00e9r\u00eat pour la \u00ab\u00a0symbiose esprit-ordinateur\u00a0\u00bb s\u2019est maintenu jusqu\u2019\u00e0 aujourd\u2019hui.<\/span><\/span><\/p>\n<p class=\"western\" align=\"justify\"><span style=\"color: #000000;\"><span style=\"font-size: medium;\">En 2013, le pr\u00e9sident d\u2019alors, Obama a lanc\u00e9 l\u2019<\/span><\/span><span style=\"color: #000080;\"><a href=\"https:\/\/www.braininitiative.org\/\"><span style=\"color: #000000;\"><span style=\"font-size: medium;\">initiative BRAIN (Brain Research through Advancing Innovative Neurotechnologies; Recherche sur le cerveau par l\u2019avancement de neurotechnologies innovantes)<\/span><\/span><\/a><\/span><span style=\"color: #000000;\"><span style=\"font-size: medium;\">, un projet de recherche public-priv\u00e9 de 100\u00a0millions de dollars visant \u00e0 \u00ab\u00a0acc\u00e9l\u00e9rer le d\u00e9veloppement et l\u2019application de nouvelles technologies qui permettront aux chercheurs de produire des images dynamiques du cerveau montrant comment les cellules c\u00e9r\u00e9brales individuelles et les circuits neuronaux complexes interagissent \u00e0 la vitesse de la pens\u00e9e\u00a0\u00bb. <\/span><\/span><\/p>\n<p class=\"western\" align=\"justify\"><span style=\"color: #000000;\"><span style=\"font-size: medium;\">Sans surprise, la <\/span><\/span><span style=\"color: #000080;\"><a href=\"https:\/\/web.archive.org\/web\/20150903002728\/www.darpa.mil\/program\/our-research\/darpa-and-the-brain-initiative\"><span style=\"color: #000000;\"><span style=\"font-size: medium;\">DARPA a \u00e9t\u00e9 l\u2019un des principaux contributeurs \u00e0 cette initiative<\/span><\/span><\/a><\/span><span style=\"color: #000000;\"><span style=\"font-size: medium;\">, fournissant aux chercheurs des dizaines de millions de dollars de subventions pour d\u00e9velopper \u00ab\u00a0les technologies n\u00e9cessaires pour extraire de mani\u00e8re fiable des informations du syst\u00e8me nerveux\u00a0\u00bb et d\u2019autres m\u00e9thodes pour sonder et cartographier le cerveau.<\/span><\/span><\/p>\n<p class=\"western\" align=\"justify\"><span style=\"color: #000000;\"><span style=\"font-size: medium;\">En 2018, la DARPA a lanc\u00e9 le <\/span><\/span><span style=\"color: #000080;\"><a href=\"https:\/\/www.darpa.mil\/research\/programs\/next-generation-nonsurgical-neurotechnology\"><span style=\"color: #000000;\"><span style=\"font-size: medium;\">programme\u00a0N3 (Next-Generation Nonsurgical Neurotechnology<\/span><\/span><\/a><\/span><span style=\"color: #000000;\"><span style=\"font-size: medium;\">) dans le but explicite de d\u00e9velopper des \u00ab\u00a0interfaces cerveau-machine bidirectionnelles \u00e0 haute performance\u00a0\u00bb.<\/span><\/span><\/p>\n<p class=\"western\" align=\"justify\"><span style=\"color: #000000;\"><span style=\"font-size: medium;\">Les recherches men\u00e9es depuis des d\u00e9cennies sous l\u2019\u00e9gide de la DARPA ont-elles permis \u00e0 l\u2019arm\u00e9e am\u00e9ricaine de se rapprocher plus que jamais de la r\u00e9alisation du r\u00eave de Licklider, \u00e0 savoir la \u00ab\u00a0symbiose entre l\u2019esprit et l\u2019ordinateur\u00a0\u00bb\u00a0?<\/span><\/span><\/p>\n<p class=\"western\" align=\"justify\"><span style=\"color: #000000;\"><span style=\"font-size: medium;\">Vous pouvez en \u00eatre certain\u00a0!<\/span><\/span><\/p>\n<p class=\"western\" align=\"justify\"><a href=\"https:\/\/substackcdn.com\/image\/fetch\/f_auto,q_auto:good,fl_progressive:steep\/https%3A%2F%2Fsubstack-post-media.s3.amazonaws.com%2Fpublic%2Fimages%2Fff2ea450-56f6-42fa-a007-345748a8f5f1_491x253.png\"><img loading=\"lazy\" decoding=\"async\" class=\"aligncenter size-thumbnail\" src=\"https:\/\/substackcdn.com\/image\/fetch\/f_auto,q_auto:good,fl_progressive:steep\/https%3A%2F%2Fsubstack-post-media.s3.amazonaws.com%2Fpublic%2Fimages%2Fff2ea450-56f6-42fa-a007-345748a8f5f1_491x253.png\" width=\"491\" height=\"253\" \/><\/a><\/p>\n<p class=\"western\" align=\"justify\"><span style=\"color: #000000;\"><span style=\"font-size: medium;\">En 2016, la DARPA s\u2019est vant\u00e9e d\u2019avoir cr\u00e9\u00e9 une \u00ab\u00a0<\/span><\/span><span style=\"color: #000080;\"><span style=\"color: #000000;\"><span style=\"font-size: medium;\"><a href=\"https:\/\/www.darpa.mil\/news\/2016\/implantable-neural-dust\">poussi\u00e8re neuronale<\/a>\u00a0\u00bb<\/span><\/span><\/span><span style=\"color: #000000;\"><span style=\"font-size: medium;\"> implantable, un \u00ab\u00a0dispositif sans fil \u00e0 l\u2019\u00e9chelle du millim\u00e8tre suffisamment petit pour \u00eatre implant\u00e9 dans des nerfs individuels, [qui est] capable de d\u00e9tecter l\u2019activit\u00e9 \u00e9lectrique des nerfs et des muscles au plus profond du corps, et qui utilise des ultrasons pour le couplage \u00e9lectrique et la communication\u00a0\u00bb.<\/span><\/span><\/p>\n<p class=\"western\" align=\"justify\"><span style=\"color: #000000;\"><span style=\"font-size: medium;\">En 2017, la DARPA a d\u00e9voil\u00e9 son <\/span><\/span><span style=\"color: #000080;\"><a href=\"https:\/\/www.darpa.mil\/research\/programs\/neural-engineering-system-design\"><span style=\"color: #000000;\"><span style=\"font-size: medium;\">programme Neural Engineering System Design (NESD) <\/span><\/span><\/a><\/span><span style=\"color: #000000;\"><span style=\"font-size: medium;\">dans l\u2019<\/span><\/span><span style=\"color: #000000;\"><span style=\"font-family: Times New Roman, serif;\"><span style=\"font-size: medium;\">objectif affich\u00e9<\/span><\/span><\/span><span style=\"color: #000000;\"><span style=\"font-size: medium;\"> est de d\u00e9velopper une \u00ab\u00a0neurotechnologie \u00e0 haute r\u00e9solution\u00a0\u00bb capable \u00ab\u00a0d\u2019att\u00e9nuer les effets des blessures et des maladies sur les syst\u00e8mes visuels et auditifs du personnel militaire\u00a0\u00bb. <\/span><\/span><span style=\"color: #000080;\"><a href=\"https:\/\/spectrum.ieee.org\/darpa-wants-brain-implants-that-record-from-1-million-neurons\"><span style=\"color: #000000;\"><span style=\"font-size: medium;\">En r\u00e9alit\u00e9<\/span><\/span><\/a><\/span><span style=\"color: #000000;\"><span style=\"font-size: medium;\">, il s\u2019agissait de cr\u00e9er des \u00ab\u00a0implants neuronaux capables d\u2019enregistrer des signaux haute fid\u00e9lit\u00e9 provenant d\u2019un million de neurones\u00a0\u00bb et bidirectionnels, c\u2019est-\u00e0-dire capables non seulement d\u2019enregistrer des signaux <\/span><\/span><em><span style=\"color: #000000;\"><span style=\"font-size: medium;\">provenant <\/span><\/span><\/em><em><span style=\"color: #000000;\"><span style=\"font-size: medium;\">du<\/span><\/span><\/em> <span style=\"color: #000000;\"><span style=\"font-size: medium;\">cerveau, mais aussi de transmettre des signaux <\/span><\/span><em><span style=\"color: #000000;\"><span style=\"font-size: medium;\">au <\/span><\/span><\/em><span style=\"color: #000000;\"><span style=\"font-size: medium;\">cerveau.<\/span><\/span><\/p>\n<p class=\"western\" align=\"justify\"><span style=\"color: #000000;\"><span style=\"font-size: medium;\">En 2019, <\/span><\/span><em><span style=\"color: #000000;\"><span style=\"font-size: medium;\">IEEE Spectrum <\/span><\/span><\/em><span style=\"color: #000000;\"><span style=\"font-size: medium;\">a r\u00e9v\u00e9l\u00e9 le v\u00e9ritable objectif du programme\u00a0N3\u00a0: il ne s\u2019agissait pas d\u2019aider les v\u00e9t\u00e9rans infirmes \u00e0 contr\u00f4ler leurs proth\u00e8ses par la pens\u00e9e, mais de permettre aux soldats de contr\u00f4ler leurs armes par la pens\u00e9e. \u00ab\u00a0En enfilant simplement un casque ou une oreillette, les soldats pourraient <\/span><\/span><span style=\"color: #000000;\"><span style=\"font-family: Times New Roman, serif;\"><span style=\"font-size: medium;\">th\u00e9oriquement <\/span><\/span><\/span><span style=\"color: #000000;\"><span style=\"font-size: medium;\">commander des centres de contr\u00f4le sans toucher un clavier, piloter des drones intuitivement avec une pens\u00e9e, et m\u00eame sentir les intrusions dans un r\u00e9seau s\u00e9curis\u00e9\u00a0\u00bb, <\/span><\/span><span style=\"color: #000080;\"><a href=\"https:\/\/spectrum.ieee.org\/darpa-funds-ambitious-neurotech-program\"><span style=\"color: #000000;\"><span style=\"font-size: medium;\">s\u2019extasiait <\/span><\/span><\/a><\/span><span style=\"color: #000000;\"><span style=\"font-size: medium;\">la publication \u00e0 l\u2019\u00e9poque.<\/span><\/span><\/p>\n<p class=\"western\" align=\"justify\"><em><span style=\"color: #000000;\"><span style=\"font-size: medium;\">LiveScience <\/span><\/span><\/em><em><span style=\"color: #000000;\"><span style=\"font-size: medium;\">fut<\/span><\/span><\/em><span style=\"color: #000000;\"><span style=\"font-size: medium;\"> encore plus direct dans son \u00e9valuation du programme\u00a0N3 et de son objectif ultime. Dans \u00ab\u00a0<\/span><\/span><span style=\"color: #000080;\"><span style=\"color: #000000;\"><span style=\"font-size: medium;\"><a href=\"https:\/\/www.livescience.com\/65546-darpa-mind-controlled-weapons.html\">The Government Is Serious About Creating Mind-Controlled Weapons<\/a>\u00a0\u00bb (Le gouvernement prend tr\u00e8s au s\u00e9rieux la cr\u00e9ation d\u2019armes contr\u00f4l\u00e9es par la pens\u00e9e)<\/span><\/span><\/span><span style=\"color: #000000;\"><span style=\"font-size: medium;\">, Edd Gent a r\u00e9v\u00e9l\u00e9 que la qu\u00eate de la DARPA pour des syst\u00e8mes d\u2019armes dirig\u00e9s par la pens\u00e9e n\u2019\u00e9tait pas un simple fantasme de science-fiction.<\/span><\/span><\/p>\n<p style=\"padding-left: 80px;\" align=\"justify\"><span style=\"color: #000000;\"><span style=\"font-size: medium;\">La DARPA, l\u2019organe de recherche du minist\u00e8re de la d\u00e9fense, paie des scientifiques pour qu\u2019ils inventent des moyens de lire instantan\u00e9ment dans les pens\u00e9es des soldats en utilisant des outils tels que le g\u00e9nie g\u00e9n\u00e9tique du cerveau humain, la nanotechnologie et les rayons infrarouges. L\u2019objectif final\u00a0? Des armes contr\u00f4l\u00e9es par la pens\u00e9e, comme des essaims de drones que l\u2019on envoie dans le ciel par une simple pens\u00e9e ou la capacit\u00e9 de transmettre des images d\u2019un cerveau \u00e0 un autre.<\/span><\/span><\/p>\n<p class=\"western\" align=\"justify\"><span style=\"color: #000000;\"><span style=\"font-size: medium;\">Et comment les grosses t\u00eates financ\u00e9es par le DARPA y parviendront-elles\u00a0? En modifiant g\u00e9n\u00e9tiquement les cerveaux humains, bien s\u00fbr\u00a0!<\/span><\/span><\/p>\n<p class=\"western\" align=\"justify\"><span style=\"color: #000000;\"><span style=\"font-size: medium;\">Plus pr\u00e9cis\u00e9ment, le plan pr\u00e9voit l\u2019insertion d\u2019ADN dans des neurones sp\u00e9cifiques afin de les rendre capables de produire deux types de prot\u00e9ines\u00a0: l\u2019une qui \u00ab\u00a0absorbe la lumi\u00e8re lorsqu\u2019un neurone s\u2019active, ce qui permet de d\u00e9tecter l\u2019activit\u00e9 neuronale\u00a0\u00bb et l\u2019autre qui \u00ab\u00a0s\u2019attache \u00e0 des nanoparticules magn\u00e9tiques, de sorte que les neurones peuvent \u00eatre stimul\u00e9s magn\u00e9tiquement lorsque le casque g\u00e9n\u00e8re un champ magn\u00e9tique\u00a0\u00bb.<\/span><\/span><\/p>\n<p class=\"western\" align=\"justify\"><span style=\"color: #000000;\"><span style=\"font-size: medium;\">Naturellement, la plupart des projets de recherche de la DARPA sont vendus au public sous la m\u00eame couverture que Neuralink\u00a0: il s\u2019agit d\u2019<\/span><\/span><em><span style=\"color: #000000;\"><span style=\"font-size: medium;\">aider les <\/span><\/span><\/em><span style=\"color: #000000;\"><span style=\"font-size: medium;\">personnes en mauvaise sant\u00e9, pas de contr\u00f4ler les masses\u00a0! Comment osez-vous emp\u00eacher les infirmes de surfer sur Twitter avec leur esprit, <\/span><\/span><span style=\"color: #000000;\"><span style=\"font-family: Times New Roman, serif;\"><span style=\"font-size: medium;\">monstre sans c\u0153ur\u00a0!<\/span><\/span><\/span><\/p>\n<p class=\"western\" align=\"justify\"><span style=\"color: #000000;\"><span style=\"font-size: medium;\">En r\u00e9alit\u00e9, bien s\u00fbr, le bien<\/span><\/span><span style=\"color: #000000;\"><span style=\"font-size: medium;\">fait<\/span><\/span><span style=\"color: #000000;\"><span style=\"font-size: medium;\"> que pourraient apporter ces technologies n\u2019est qu\u2019un pr\u00e9texte secondaire. Le v\u00e9ritable objectif n\u2019est pas d\u2019aider les handicap\u00e9s \u00e0 taper <\/span><\/span><span style=\"color: #000000;\"><span style=\"font-size: medium;\">sur un clavier<\/span><\/span><span style=\"color: #000000;\"><span style=\"font-size: medium;\"> ou les aveugles \u00e0 voir, mais de manipuler, d\u2019influencer et m\u00eame de contr\u00f4ler l\u2019esprit du public. C\u2019est, apr\u00e8s tout, la raison pour laquelle ces <\/span><\/span><span style=\"color: #000000;\"><span style=\"font-family: Times New Roman, serif;\"><span style=\"font-size: medium;\">dispositifs<\/span><\/span><\/span><span style=\"color: #000000;\"><span style=\"font-size: medium;\">\u00a0N3 <\/span><\/span><span style=\"color: #000000;\"><span style=\"font-size: medium;\">permettent \u00e0 la fois<\/span><\/span><span style=\"color: #000000;\"><span style=\"font-size: medium;\"> d\u2019<\/span><\/span><em><span style=\"color: #000000;\"><span style=\"font-size: medium;\">enregistrer <\/span><\/span><\/em><em><span style=\"color: #000000;\"><span style=\"font-size: medium;\">l\u2019<\/span><\/span><\/em><span style=\"color: #000000;\"><span style=\"font-size: medium;\">activit\u00e9 c\u00e9r\u00e9brale et de <\/span><\/span><em><span style=\"color: #000000;\"><span style=\"font-size: medium;\">transmettre <\/span><\/span><\/em><em><span style=\"color: #000000;\"><span style=\"font-size: medium;\">des<\/span><\/span><\/em> <span style=\"color: #000000;\"><span style=\"font-size: medium;\">signaux au cerveau.<\/span><\/span><\/p>\n<p class=\"western\" align=\"justify\"><span style=\"color: #000000;\"><span style=\"font-size: medium;\">La bonne nouvelle, c\u2019est que les puces c\u00e9r\u00e9brales, <\/span><\/span><span style=\"color: #000000;\"><span style=\"font-family: Times New Roman, serif;\"><span style=\"font-size: medium;\">les mailles neuronales<\/span><\/span><\/span><span style=\"color: #000000;\"><span style=\"font-size: medium;\"> et autres implants restent, \u00e0 ce stade, des technologies \u00e9videntes et invasives qui n\u00e9cessitent une intervention chirurgicale. Ces technologies sont loin d\u2019\u00eatre furtives. M\u00eame si les cibles de ces interventions n\u2019\u00e9taient pas <\/span><\/span><span style=\"color: #000000;\"><span style=\"font-size: medium;\">volontair<\/span><\/span><span style=\"color: #000000;\"><span style=\"font-size: medium;\">es, elles sauraient au moins qu\u2019elles sont \u00e9quip\u00e9es d\u2019une puce.<\/span><\/span><\/p>\n<p class=\"western\" align=\"justify\"><span style=\"color: #000000;\"><span style=\"font-size: medium;\">Mais la mauvaise nouvelle, c\u2019est que les militaires du monde entier s\u2019emploient \u00e0 mettre au point des <\/span><\/span><span style=\"color: #000000;\"><span style=\"font-size: medium;\">armes <\/span><\/span><span style=\"color: #000000;\"><span style=\"font-size: medium;\">neuro<\/span><\/span><span style=\"color: #000000;\"><span style=\"font-size: medium;\">nales<\/span><\/span><span style=\"color: #000000;\"><span style=\"font-size: medium;\"> qui influenceront, perturberont, contr\u00f4leront ou d\u00e9sactiveront compl\u00e8tement les cerveaux sans le consentement ou m\u00eame la connaissance de<\/span><\/span><span style=\"color: #000000;\"><span style=\"font-size: medium;\">s personnes<\/span><\/span><span style=\"color: #000000;\"><span style=\"font-size: medium;\"> cibl<\/span><\/span><span style=\"color: #000000;\"><span style=\"font-size: medium;\">\u00e9<\/span><\/span><span style=\"color: #000000;\"><span style=\"font-size: medium;\">es.<\/span><\/span><\/p>\n<h3 class=\"western\" align=\"justify\"><span style=\"color: #000000;\"><span style=\"font-family: Times New Roman, serif;\"><span style=\"font-size: medium;\">Si vous ne pouvez pas les rejoindre, battez-les\u00a0!<\/span><\/span><\/span><\/h3>\n<h3 class=\"western\" align=\"justify\"><a href=\"https:\/\/substackcdn.com\/image\/fetch\/f_auto,q_auto:good,fl_progressive:steep\/https%3A%2F%2Fsubstack-post-media.s3.amazonaws.com%2Fpublic%2Fimages%2F295b2301-e57c-410f-8ccc-eebe5c340986_500x281.jpeg\"><img loading=\"lazy\" decoding=\"async\" class=\"aligncenter size-thumbnail\" src=\"https:\/\/substackcdn.com\/image\/fetch\/f_auto,q_auto:good,fl_progressive:steep\/https%3A%2F%2Fsubstack-post-media.s3.amazonaws.com%2Fpublic%2Fimages%2F295b2301-e57c-410f-8ccc-eebe5c340986_500x281.jpeg\" width=\"500\" height=\"281\" \/><\/a><\/h3>\n<p class=\"western\" align=\"justify\"><span style=\"color: #000000;\"><span style=\"font-size: medium;\">Les annales de l\u2019histoire militaire <\/span><\/span><span style=\"color: #000000;\"><span style=\"font-family: Times New Roman, serif;\"><span style=\"font-size: medium;\">regorgent<\/span><\/span><\/span><span style=\"color: #000000;\"><span style=\"font-size: medium;\"> de savants fous.<\/span><\/span><\/p>\n<p class=\"western\" align=\"justify\"><span style=\"color: #000000;\"><span style=\"font-size: medium;\">Prenons l\u2019exemple d\u2019Herman Kahn, le larbin de la RAND Corporation dont les ruminations sur la mani\u00e8re de \u00ab\u00a0gagner\u00a0\u00bb une guerre thermonucl\u00e9aire ont servi d\u2019<\/span><\/span><span style=\"color: #000080;\"><a href=\"https:\/\/farsight.cifs.dk\/the-eccentric-world-of-herman-kahn\/\"><span style=\"color: #000000;\"><span style=\"font-size: medium;\">inspiration au film <\/span><\/span><\/a><\/span><span style=\"color: #000080;\"><span style=\"color: #000000;\"><span style=\"font-size: medium;\"><i>Dr Strangelove<\/i><\/span><\/span><\/span><span style=\"color: #000080;\"><span style=\"color: #000000;\"><span style=\"font-size: medium;\"> de Stanley Kubrick.<\/span><\/span><\/span><\/p>\n<p class=\"western\" align=\"justify\"><span style=\"color: #000000;\"><span style=\"font-size: medium;\">Ou prenez <\/span><\/span><span style=\"color: #000080;\"><a href=\"https:\/\/archive.is\/U4H2M\"><span style=\"color: #000000;\"><span style=\"font-size: medium;\">Andrew Marshall<\/span><\/span><\/a><\/span><span style=\"color: #000000;\"><span style=\"font-size: medium;\">, l\u2019octog\u00e9naire affectueusement surnomm\u00e9 \u00ab\u00a0Yoda\u00a0\u00bb dans les milieux de la d\u00e9fense, qui a pass\u00e9 un demi-si\u00e8cle en tant que \u00ab\u00a0futurologue en chef\u00a0\u00bb du Pentagone et dont les r\u00eaves enfi\u00e9vr\u00e9s de <\/span><\/span><span style=\"color: #000080;\"><a href=\"https:\/\/web.archive.org\/web\/20190925032356\/https:\/\/apps.dtic.mil\/docs\/citations\/ADA469325\"><span style=\"color: #000000;\"><span style=\"font-size: medium;\">changement climatique et de guerre des ressources <\/span><\/span><\/a><\/span><span style=\"color: #000000;\"><span style=\"font-size: medium;\">ont guid\u00e9 les <\/span><\/span><span style=\"color: #000000;\"><span style=\"font-size: medium;\">strat\u00e8ges<\/span><\/span><span style=\"color: #000000;\"><span style=\"font-size: medium;\"> militaires pendant des <\/span><\/span><span style=\"color: #000000;\"><span style=\"font-family: Times New Roman, serif;\"><span style=\"font-size: medium;\">d\u00e9cennies<\/span><\/span><\/span><span style=\"color: #000000;\"><span style=\"font-size: medium;\">.<\/span><\/span><\/p>\n<p class=\"western\" align=\"justify\"><span style=\"color: #000000;\"><span style=\"font-size: medium;\">Mais aucun de ces personnages ne semble aussi <\/span><\/span><span style=\"color: #000000;\"><span style=\"font-family: Times New Roman, serif;\"><span style=\"font-size: medium;\">d\u00e9jant\u00e9<\/span><\/span><\/span><span style=\"color: #000000;\"><span style=\"font-size: medium;\"> que le <\/span><\/span><em><span style=\"color: #000000;\"><span style=\"font-size: medium;\">nouveau <\/span><\/span><\/em><span style=\"color: #000000;\"><span style=\"font-size: medium;\">groupe de savants fous <\/span><\/span><span style=\"color: #000000;\"><span style=\"font-size: medium;\">issu <\/span><\/span><span style=\"color: #000000;\"><span style=\"font-size: medium;\">de l\u2019initiative \u00ab\u00a0Mad Scientist\u00a0\u00bb de l\u2019arm\u00e9e am\u00e9ricaine. Non, <\/span><\/span><span style=\"color: #000000;\"><span style=\"font-size: medium;\">ce n\u2019est<\/span><\/span><span style=\"color: #000000;\"><span style=\"font-size: medium;\"> pas un surnom pittoresque, <\/span><\/span><span style=\"color: #000000;\"><span style=\"font-size: medium;\">c\u2019est bien le<\/span><\/span><span style=\"color: #000000;\"><span style=\"font-size: medium;\"> nom d\u2019une v\u00e9ritable initiative de l\u2019arm\u00e9e am\u00e9ricaine qui, <\/span><\/span><span style=\"color: #000080;\"><span style=\"color: #000000;\"><span style=\"font-size: medium;\"><a href=\"https:\/\/madsciblog.tradoc.army.mil\/about\/\">selon les propres termes de l<\/a>\u2019<\/span><\/span><\/span><span style=\"color: #000000;\"><span style=\"font-size: medium;\">arm\u00e9e, \u00ab\u00a0fa\u00e7onne les futures op\u00e9rations multidomaines (c\u2019est-\u00e0-dire <\/span><\/span><span style=\"color: #000000;\"><span style=\"font-size: medium;\">T<\/span><\/span><span style=\"color: #000000;\"><span style=\"font-family: Times New Roman, serif;\"><span style=\"font-size: medium;\">erre, Air, Mer, Cyberespace et Espace<\/span><\/span><\/span><span style=\"color: #000000;\"><span style=\"font-size: medium;\">)\u00a0\u00bb.<\/span><\/span><\/p>\n<p class=\"western\" align=\"justify\"><span style=\"color: #000000;\"><span style=\"font-size: medium;\">L\u2019initiative accueille des <\/span><\/span><span style=\"color: #000080;\"><a href=\"https:\/\/community.apan.org\/cfs-file\/__key\/telligent-evolution-components-attachments\/13-15476-00-00-00-25-18-79\/Mad-Scientist-Information-Paper-_2800_8-July-2019_2900_.pdf\"><span style=\"color: #000000;\"><span style=\"font-size: medium;\">conf\u00e9rences et des \u00e9v\u00e9nements <\/span><\/span><\/a><\/span><span style=\"color: #000000;\"><span style=\"font-size: medium;\">qui envisagent les futurs sc\u00e9narios et strat\u00e9gies militaires autour de th\u00e8mes tels que \u00ab\u00a0<\/span><\/span><strong><span style=\"color: #000000;\"><span style=\"font-size: medium;\">2050 Cyber\u00a0\u00bb<\/span><\/span><\/strong><span style=\"color: #000000;\"><span style=\"font-size: medium;\"> (\u00ab\u00a0les capacit\u00e9s cybern\u00e9tiques seront accessibles aux \u00c9tats, aux <\/span><\/span><span style=\"color: #000000;\"><span style=\"font-size: medium;\">entit\u00e9s <\/span><\/span><span style=\"color: #000000;\"><span style=\"font-size: medium;\">non <\/span><\/span><span style=\"color: #000000;\"><span style=\"font-size: medium;\">\u00e9<\/span><\/span><span style=\"color: #000000;\"><span style=\"font-size: medium;\">tat<\/span><\/span><span style=\"color: #000000;\"><span style=\"font-size: medium;\">ique<\/span><\/span><span style=\"color: #000000;\"><span style=\"font-size: medium;\">s et aux individus <\/span><\/span><span style=\"color: #000000;\"><span style=\"font-size: medium;\">habilit\u00e9<\/span><\/span><span style=\"color: #000000;\"><span style=\"font-size: medium;\">s\u00a0\u00bb), \u00ab\u00a0<\/span><\/span><strong><span style=\"color: #000000;\"><span style=\"font-size: medium;\">Enemy after Next <\/span><\/span><\/strong><strong><span style=\"color: #000000;\"><span style=\"font-size: medium;\">(L\u2019ennemi d\u2019apr\u00e8s)<\/span><\/span><\/strong><strong><span style=\"color: #000000;\"><span style=\"font-size: medium;\">\u00a0\u00bb<\/span><\/span><\/strong><span style=\"color: #000000;\"><span style=\"font-size: medium;\"> (\u00ab\u00a0le conflit d\u2019aujourd\u2019hui <\/span><\/span><span style=\"color: #000000;\"><span style=\"font-size: medium;\">oppose<\/span><\/span><span style=\"color: #000000;\"><span style=\"font-size: medium;\"> \u00e9lectron contre \u00e9lectron et \u00e0 l\u2019avenir il <\/span><\/span><span style=\"color: #000000;\"><span style=\"font-size: medium;\">oppose<\/span><\/span><span style=\"color: #000000;\"><span style=\"font-size: medium;\">ra algorithme contre algorithme\u00a0\u00bb), et bien s\u00fbr, \u00ab\u00a0<\/span><\/span><span style=\"color: #000000;\"><span style=\"font-size: medium;\"><b>Human Dimension<\/b><\/span><\/span> <span style=\"color: #000000;\"><span style=\"font-size: medium;\">(La dimension humaine)<\/span><\/span><span style=\"color: #000000;\"><span style=\"font-size: medium;\">\u00a0\u00bb (\u00ab\u00a0mesure du potentiel cognitif, interface homme-machine [jeu d\u2019\u00e9checs du centaure <\/span><\/span><span style=\"color: #000000;\"><span style=\"font-size: medium;\">ou cyborg chess<\/span><\/span><span style=\"color: #000000;\"><span style=\"font-size: medium;\">], s\u00e9quen\u00e7age du g\u00e9nome, dispositifs portables\/<\/span><\/span><span style=\"color: #000000;\"><span style=\"font-family: Times New Roman, serif;\"><span style=\"font-size: medium;\">implantables<\/span><\/span><\/span><span style=\"color: #000000;\"><span style=\"font-size: medium;\">, diagnostics <\/span><\/span><span style=\"color: #000000;\"><span style=\"font-size: medium;\">en <\/span><\/span><span style=\"color: #000000;\"><span style=\"font-size: medium;\">continu et am\u00e9liorateurs de performance\u00a0\u00bb).<\/span><\/span><\/p>\n<p class=\"western\" align=\"justify\"><span style=\"color: #000000;\"><span style=\"font-size: medium;\">Le concept de symbiose esprit-ordinateur est tout \u00e0 fait dans les cordes des Savants Fous, et c\u2019est donc naturellement un sujet de discussion courant dans leur podcast, \u00ab\u00a0<\/span><\/span><span style=\"color: #000080;\"><span style=\"color: #000000;\"><span style=\"font-size: medium;\"><a href=\"https:\/\/theconvergence.castos.com\/\">The Convergence<\/a>\u00a0\u00bb<\/span><\/span><\/span><span style=\"color: #000000;\"><span style=\"font-size: medium;\">. Un \u00e9pisode particuli\u00e8rement <\/span><\/span><span style=\"color: #000000;\"><span style=\"font-family: Times New Roman, serif;\"><span style=\"font-size: medium;\">r\u00e9v\u00e9lateur<\/span><\/span><\/span><span style=\"color: #000000;\"><span style=\"font-size: medium;\"> de ce podcast, intitul\u00e9 \u00ab\u00a0<\/span><\/span><span style=\"color: #000080;\"><span style=\"color: #000000;\"><span style=\"font-size: medium;\"><a href=\"https:\/\/madsciblog.tradoc.army.mil\/449-one-brain-chip-please-neuro-ai-with-two-of-the-maddest-scientists\/\">One Brain Chip, Please! Neuro-AI with two of the Maddest Scientists<\/a>\u00a0\u00bb<\/span><\/span><\/span><span style=\"color: #000000;\"><span style=\"font-size: medium;\"> (Une puce c\u00e9r\u00e9brale, s\u2019il vous pla\u00eet\u00a0! Neuro-IA avec deux des savants les plus fous<\/span><\/span><span style=\"color: #000000;\"><span style=\"font-size: medium;\">)<\/span><\/span><span style=\"color: #000000;\"><span style=\"font-size: medium;\">, <\/span><\/span><span style=\"color: #000000;\"><span style=\"font-family: Times New Roman, serif;\"><span style=\"font-size: medium;\">r\u00e9unissait <\/span><\/span><\/span><span style=\"color: #000000;\"><span style=\"font-family: Times New Roman, serif;\"><span style=\"font-size: medium;\">le Dr <\/span><\/span><\/span><span style=\"color: #000000;\"><span style=\"font-size: medium;\">James Canton et <\/span><\/span><span style=\"color: #000000;\"><span style=\"font-size: medium;\">le Dr <\/span><\/span><span style=\"color: #000000;\"><span style=\"font-size: medium;\">James Giordano (oui, <\/span><\/span><span style=\"color: #000080;\"><a href=\"https:\/\/www.youtube.com\/watch?v=2Zp8nHYegqI\"><span style=\"color: #000000;\"><span style=\"font-size: medium;\"><i>ce <\/i><\/span><\/span><\/a><\/span><span style=\"color: #000080;\"><a href=\"https:\/\/www.youtube.com\/watch?v=2Zp8nHYegqI\"><span style=\"color: #000000;\"><span style=\"font-size: medium;\">James Giordano<\/span><\/span><\/a><\/span><span style=\"color: #000000;\"><span style=\"font-size: medium;\">) <\/span><\/span><span style=\"color: #000000;\"><span style=\"font-size: medium;\">pour <\/span><\/span><span style=\"color: #000000;\"><span style=\"font-size: medium;\">discute<\/span><\/span><span style=\"color: #000000;\"><span style=\"font-size: medium;\">r<\/span><\/span><span style=\"color: #000000;\"><span style=\"font-size: medium;\"> des derni\u00e8res avanc\u00e9es en mati\u00e8re de neuro-armement \u00e0 l\u2019\u00e8re de l\u2019IA.<\/span><\/span><\/p>\n<p class=\"western\" align=\"justify\"><span style=\"color: #000000;\"><span style=\"font-size: medium;\">Les entendre parler de ce sujet de mani\u00e8re aussi directe est aussi effrayant qu\u2019<\/span><\/span><span style=\"color: #000000;\"><span style=\"font-family: Times New Roman, serif;\"><span style=\"font-size: medium;\">\u00e9clairant<\/span><\/span><\/span><span style=\"color: #000000;\"><span style=\"font-size: medium;\">. L\u2019id\u00e9e d\u2019utiliser la neurotechnologie, comme les puces c\u00e9r\u00e9brales et les armes cognitives, pour \u00ab\u00a0instrument<\/span><\/span><span style=\"color: #000000;\"><span style=\"font-size: medium;\">alis<\/span><\/span><span style=\"color: #000000;\"><span style=\"font-size: medium;\">er les humains\u00a0\u00bb \u2014 c\u2019est-\u00e0-dire les <\/span><\/span><span style=\"color: #000000;\"><span style=\"font-family: Times New Roman, serif;\"><span style=\"font-size: medium;\">manipuler<\/span><\/span><\/span><span style=\"color: #000000;\"><span style=\"font-size: medium;\"> pour qu\u2019ils aident l\u2019arm\u00e9e \u00e0 atteindre ses objectifs, avec ou sans <\/span><\/span><span style=\"color: #000000;\"><span style=\"font-size: medium;\">leur <\/span><\/span><span style=\"color: #000000;\"><span style=\"font-family: Times New Roman, serif;\"><span style=\"font-size: medium;\">consentement<\/span><\/span><\/span><span style=\"color: #000000;\"><span style=\"font-size: medium;\"> \u2014 est trait\u00e9e comme une <\/span><\/span><span style=\"color: #000000;\"><span style=\"font-family: Times New Roman, serif;\"><span style=\"font-size: medium;\">chose acquise, presque banale,<\/span><\/span><\/span><span style=\"color: #000000;\"><span style=\"font-size: medium;\"> par ces v\u00e9t\u00e9rans des neuro<\/span><\/span><span style=\"color: #000000;\"><span style=\"font-size: medium;\">guerre<\/span><\/span><span style=\"color: #000000;\"><span style=\"font-size: medium;\">s. Ils ont d\u00e9j\u00e0 d\u00e9pass\u00e9 ces concepts de base et envisagent plut\u00f4t \u2014 comme l\u2019admet la description du podcast sur le site officiel du blog Mad Scientist \u2014 de d\u00e9ployer des cyberarmes sur d\u2019<\/span><\/span><em><span style=\"color: #000000;\"><span style=\"font-size: medium;\">autres esp\u00e8ces <\/span><\/span><\/em><span style=\"color: #000000;\"><span style=\"font-size: medium;\">afin d\u2019aider l\u2019arm\u00e9e dans ses op\u00e9rations <\/span><\/span><span style=\"color: #000000;\"><span style=\"font-size: medium;\">au<\/span><\/span><span style=\"color: #000000;\"><span style=\"font-size: medium;\"> besoin\u00a0:<\/span><\/span><\/p>\n<p style=\"padding-left: 80px;\" align=\"justify\"><span style=\"color: #000000;\"><span style=\"font-size: medium;\">Il existe d\u2019autres <\/span><\/span><span style=\"color: #000000;\"><span style=\"font-family: Times New Roman, serif;\"><span style=\"font-size: medium;\">opportunit\u00e9s<\/span><\/span><\/span> <span style=\"color: #000000;\"><span style=\"font-family: Times New Roman, serif;\"><span style=\"font-size: medium;\">au-del\u00e0 de l\u2019instrumentalisation<\/span><\/span><\/span><span style=\"color: #000000;\"><span style=\"font-size: medium;\"> des seuls humains. <\/span><\/span><strong><span style=\"color: #000000;\"><span style=\"font-size: medium;\">D\u2019autres esp\u00e8ces pourraient \u00eatre utilis\u00e9es comme coop\u00e9ra<\/span><\/span><\/strong><strong><span style=\"color: #000000;\"><span style=\"font-size: medium;\">n<\/span><\/span><\/strong><strong><span style=\"color: #000000;\"><span style=\"font-size: medium;\">ts ou mandataires de l\u2019engagement humain<\/span><\/span><\/strong><span style=\"color: #000000;\"><span style=\"font-size: medium;\">, ou m\u00eame des entit\u00e9s non humaines telles que des <\/span><\/span><strong><span style=\"color: #000000;\"><span style=\"font-size: medium;\">drones biomim\u00e9tiques<\/span><\/span><\/strong><span style=\"color: #000000;\"><span style=\"font-size: medium;\">. (soulign\u00e9 dans l<\/span><\/span><span style=\"color: #000000;\"><span style=\"font-size: medium;\">e texte <\/span><\/span><span style=\"color: #000000;\"><span style=\"font-size: medium;\">original).<\/span><\/span><\/p>\n<p class=\"western\" align=\"justify\"><span style=\"color: #000000;\"><span style=\"font-size: medium;\">Ces \u00ab\u00a0savants fous\u00a0\u00bb autoproclam\u00e9s ne cachent pas leurs intentions ni la nature des armes qu\u2019ils d\u00e9veloppent pour l\u2019arsenal du Pentagone. En fait, ils \u00e9crivent et publient des articles sur ces m\u00eames technologies.<\/span><\/span><\/p>\n<p class=\"western\" align=\"justify\"><span style=\"color: #000000;\"><span style=\"font-size: medium;\">Prenons l\u2019exemple de \u00ab\u00a0<\/span><\/span><span style=\"color: #000080;\"><span style=\"color: #000000;\"><span style=\"font-size: medium;\"><a href=\"https:\/\/ndupress.ndu.edu\/Media\/News\/News-Article-View\/Article\/2053388\/redefining-neuroweapons-emerging-capabilities-in-neuroscience-and-neurotechnolo\/\">Red\u00e9finir les neuroarmes\u00a0: Capacit\u00e9s \u00e9mergentes en neurosciences et neurotechnologie<\/a>\u00a0\u00bb<\/span><\/span><\/span><span style=\"color: #000000;\"><span style=\"font-size: medium;\">, par exemple. R\u00e9dig\u00e9 par Joseph DeFranco, Diane DiEuliis et James Giordano et publi\u00e9 dans <\/span><\/span><a href=\"https:\/\/ndupress.ndu.edu\/PRISM\/\"><span style=\"color: #000080;\"><span style=\"color: #000000;\"><span style=\"font-size: medium;\"><i>PRISM<\/i><\/span><\/span><\/span><span style=\"color: #000080;\"><span style=\"color: #000000;\"><span style=\"font-size: medium;\"> \u2014 <\/span><\/span><\/span><\/a><span style=\"color: #000080;\"><span style=\"color: #000000;\"><span style=\"font-size: medium;\"><i>\u00ab\u00a0<\/i><\/span><\/span><\/span><span style=\"color: #000000;\"><span style=\"font-size: medium;\">une revue de premier plan proposant des articles provocateurs sur les affaires de s\u00e9curit\u00e9 nationale et internationale\u00a0\u00bb \u2014 l\u2019article affirme que \u00ab\u00a0les d\u00e9veloppements en cours dans les neurosciences et la technologie (neuroS\/T), qui <\/span><\/span><span style=\"color: #000000;\"><span style=\"font-size: medium;\">suivent<\/span><\/span><span style=\"color: #000000;\"><span style=\"font-size: medium;\"> des trajectoires d\u2019<\/span><\/span><span style=\"color: #000000;\"><span style=\"font-size: medium;\">\u00e9volution<\/span><\/span><span style=\"color: #000000;\"><span style=\"font-size: medium;\"> de 5 \u00e0 10\u00a0ans, rendent les sciences du cerveau valables, viables et d\u2019une valeur croissante pour une utilisation op\u00e9rationnelle dans les applications de guerre, de renseignement et de s\u00e9curit\u00e9 nationale (WINS)\u00a0\u00bb.<\/span><\/span><\/p>\n<p class=\"western\" align=\"justify\"><span style=\"color: #000000;\"><span style=\"font-size: medium;\">Les auteurs \u00e9num\u00e8rent ensuite avec d\u00e9sinvolture les \u00ab\u00a0<\/span><\/span><span style=\"color: #000080;\"><span style=\"color: #000000;\"><span style=\"font-size: medium;\"><a href=\"https:\/\/ndupress.ndu.edu\/Media\/News\/News-Article-View\/Article\/2053388\/redefining-neuroweapons-emerging-capabilities-in-neuroscience-and-neurotechnolo\/\">Approches NeuroS\/T actuelles et \u00e0 court terme pour influencer\/entraver les opposants<\/a>\u00a0\u00bb<\/span><\/span><\/span><span style=\"color: #000000;\"><span style=\"font-size: medium;\">, notamment<\/span><\/span><\/p>\n<ul>\n<li style=\"list-style-type: none;\">\n<ul>\n<li>\n<p class=\"western\" align=\"justify\"><span style=\"color: #000000;\"><span style=\"font-size: medium;\">Agents neuropharmacologiques (agents tranquillisants, agents modifiant l\u2019humeur, agents dissociatifs, hallucinog\u00e8nes, etc.\u00a0;)<\/span><\/span><\/p>\n<\/li>\n<li>\n<p class=\"western\" align=\"justify\"><span style=\"color: #000000;\"><span style=\"font-size: medium;\">Agents neuromicrobiens (virus, bact\u00e9ries, prions, nouveaux agents microbiens g\u00e9n\u00e9tiquement modifi\u00e9s)\u00a0;<\/span><\/span><\/p>\n<\/li>\n<li>\n<p class=\"western\" align=\"justify\"><span style=\"color: #000000;\"><span style=\"font-size: medium;\">les neurotoxines organiques (bungarotoxines, conotoxines, toxines naja, saxitoxines, etc.<\/span><\/span><span style=\"color: #000000;\"><span style=\"font-size: medium;\">)<\/span><\/span><\/p>\n<\/li>\n<li>\n<p class=\"western\" align=\"justify\"><span style=\"color: #000000;\"><span style=\"font-size: medium;\">Dispositifs neurotechnologiques <\/span><\/span><span style=\"color: #000000;\"><span style=\"font-size: medium;\">(<\/span><\/span><span style=\"color: #000000;\"><span style=\"font-size: medium;\">syst\u00e8mes <\/span><\/span><span style=\"color: #000000;\"><span style=\"font-size: medium;\">\u00e0 <\/span><\/span><span style=\"color: #000000;\"><span style=\"font-size: medium;\">\u00e9nergie dirig\u00e9e, syst\u00e8mes de neuromodulation transcr\u00e2nienne, agents neuro-nanomat\u00e9riaux<\/span><\/span><span style=\"color: #000000;\"><span style=\"font-size: medium;\">)<\/span><\/span><span style=\"color: #000000;\"><span style=\"font-size: medium;\">.<\/span><\/span><\/p>\n<\/li>\n<\/ul>\n<\/li>\n<\/ul>\n<p class=\"western\" align=\"justify\"><span style=\"color: #000000;\"><span style=\"font-size: medium;\">Le fait que ces types d\u2019armes et d\u2019agents soient activement recherch\u00e9s et d\u00e9velopp\u00e9s par l\u2019arm\u00e9e am\u00e9ricaine <\/span><\/span><span style=\"color: #000000;\"><span style=\"font-size: medium;\">(<\/span><\/span><span style=\"color: #000000;\"><span style=\"font-size: medium;\">et, cela va sans dire, par d\u2019autres grandes puissances militaires<\/span><\/span><span style=\"color: #000000;\"><span style=\"font-size: medium;\">)<\/span><\/span><span style=\"color: #000000;\"><span style=\"font-size: medium;\"> ne choque<\/span><\/span><span style=\"color: #000000;\"><span style=\"font-size: medium;\">ra<\/span><\/span><span style=\"color: #000000;\"><span style=\"font-size: medium;\"> que ceux qui n\u2019ont <\/span><\/span><span style=\"color: #000000;\"><span style=\"font-size: medium;\">jamais<\/span><\/span><span style=\"color: #000000;\"><span style=\"font-size: medium;\"> \u00e9cout\u00e9 Giordano <\/span><\/span><span style=\"color: #000000;\"><span style=\"font-family: Times New Roman, serif;\"><span style=\"font-size: medium;\">faire sa pr\u00e9sentation<\/span><\/span><\/span><span style=\"color: #000000;\"><span style=\"font-size: medium;\"> bien rod\u00e9<\/span><\/span><span style=\"color: #000000;\"><span style=\"font-size: medium;\">e<\/span><\/span><span style=\"color: #000000;\"><span style=\"font-size: medium;\"> sur les \u00ab\u00a0drogues, insectes, toxines et dispositifs\u00a0\u00bb susceptibles d\u2019am\u00e9liorer ou de perturber les fonctions cognitives de leur cible. Les nanoparticules \u00e0 \u00ab\u00a0forte agr\u00e9gation CNS\u00a0\u00bb qui, <\/span><\/span><span style=\"color: #000080;\"><a href=\"https:\/\/www.youtube.com\/watch?v=aUtQbriWt64\"><span style=\"color: #000000;\"><span style=\"font-size: medium;\">selon Giordano<\/span><\/span><\/a><\/span><span style=\"color: #000000;\"><span style=\"font-size: medium;\">, \u00ab\u00a0s\u2019agglutinent dans le cerveau ou dans le syst\u00e8me vasculaire\u00a0\u00bb et \u00ab\u00a0cr\u00e9ent essentiellement ce qui ressemble \u00e0 une diath\u00e8se h\u00e9morragique\u00a0\u00bb.<\/span><\/span><\/p>\n<p class=\"western\" align=\"justify\"><span style=\"color: #000000;\"><span style=\"font-size: medium;\">Il existe sans aucun doute des neuro-armes bien plus avanc\u00e9es qui sont d\u00e9velopp\u00e9es sous le couvert du secret dans les recoins du Pentagone et des laboratoires financ\u00e9s par la DARPA. Si vous <\/span><\/span><em><span style=\"color: #000000;\"><span style=\"font-size: medium;\">\u00eates <\/span><\/span><\/em><span style=\"color: #000000;\"><span style=\"font-size: medium;\">int\u00e9ress\u00e9 par les d\u00e9tails de ces armes et technologies, vous pourrez en savoir plus lors du prochain symposium \u00ab\u00a0<\/span><\/span><span style=\"color: #000080;\"><span style=\"color: #000000;\"><span style=\"font-size: medium;\"><a href=\"https:\/\/www.technocracy.news\/the-brain\/\">OMNIWAR\u00a0: LE CERVEAU<\/a>\u00a0\u00bb<\/span><\/span><\/span><span style=\"color: #000000;\"><span style=\"font-size: medium;\">, organis\u00e9 par Patrick Wood de <\/span><\/span><span style=\"color: #000080;\"><a href=\"https:\/\/www.technocracy.news\/\"><span style=\"color: #000000;\"><span style=\"font-size: medium;\">technocracy.news <\/span><\/span><\/a><\/span><span style=\"color: #000000;\"><span style=\"font-size: medium;\">et Catherine Austin Fitts de <\/span><\/span><span style=\"color: #000080;\"><a href=\"https:\/\/home.solari.com\/\"><span style=\"color: #000000;\"><span style=\"font-size: medium;\">Solari.com<\/span><\/span><\/a><\/span><span style=\"color: #000000;\"><span style=\"font-size: medium;\">. Le symposium aura lieu le mardi\u00a022\u00a0avril et comprendra des pr\u00e9sentations par d\u2019\u00e9minents universitaires sur la bataille pour le cerveau et les neurotechnologies qui sont d\u00e9ploy\u00e9es contre nous <\/span><\/span><span style=\"color: #000000;\"><span style=\"font-size: medium;\">(<a href=\"https:\/\/patrickwood.substack.com\/p\/omniwar-the-battle-for-the-brain\">https:\/\/patrickwood.substack.com\/p\/omniwar-the-battle-for-the-brain<\/a>)<\/span><\/span><span style=\"color: #000000;\"><span style=\"font-size: medium;\">.<\/span><\/span><\/p>\n<p class=\"western\" align=\"justify\"><span style=\"color: #000000;\"><span style=\"font-size: medium;\">Aussi int\u00e9ressant qu\u2019il soit de discuter du type de recherche sur les neuroarmes qui pourrait \u00eatre men\u00e9e en secret, il est encore plus remarquable de constater <\/span><\/span><span style=\"color: #000000;\"><span style=\"font-family: Times New Roman, serif;\"><span style=\"font-size: medium;\">\u00e0 quel point<\/span><\/span><\/span><span style=\"color: #000000;\"><span style=\"font-size: medium;\"> ces dispositifs, agents, armes et programmes, de la poussi\u00e8re neurale au N3 en passant par NESD, sont admises publiquement et discut\u00e9es ouvertement par les savants fous autoproclam\u00e9s de l\u2019arm\u00e9e am\u00e9ricaine et d\u00e9taill\u00e9es dans des documents et des rapports sur divers \u00ab\u00a0.mil\u00a0\u00bb sites web.<\/span><\/span><\/p>\n<p class=\"western\" align=\"justify\"><span style=\"color: #000000;\"><span style=\"font-size: medium;\">Il y a de quoi se demander si le fait de vanter les m\u00e9rites de ces neuro-armes ne fait pas partie de la guerre de l\u2019information.<\/span><\/span><\/p>\n<h3 class=\"western\" align=\"justify\"><span style=\"color: #000000;\"><span style=\"font-family: Times New Roman, serif;\"><span style=\"font-size: medium;\">Le combat est engag\u00e9<\/span><\/span><\/span><\/h3>\n<h3 class=\"western\" align=\"justify\"><a href=\"https:\/\/substackcdn.com\/image\/fetch\/f_auto,q_auto:good,fl_progressive:steep\/https%3A%2F%2Fsubstack-post-media.s3.amazonaws.com%2Fpublic%2Fimages%2F342abdd2-34e4-4917-8b9f-1419dc00d881_550x309.jpeg\"><img loading=\"lazy\" decoding=\"async\" class=\"aligncenter size-thumbnail\" src=\"https:\/\/substackcdn.com\/image\/fetch\/f_auto,q_auto:good,fl_progressive:steep\/https%3A%2F%2Fsubstack-post-media.s3.amazonaws.com%2Fpublic%2Fimages%2F342abdd2-34e4-4917-8b9f-1419dc00d881_550x309.jpeg\" width=\"550\" height=\"309\" \/><\/a><\/h3>\n<p class=\"western\" align=\"justify\"><span style=\"color: #000000;\"><span style=\"font-size: medium;\">Que nous le sachions ou non, nous sommes en guerre.<\/span><\/span><\/p>\n<p class=\"western\" align=\"justify\"><span style=\"color: #000000;\"><span style=\"font-size: medium;\">Comme nous l\u2019avons vu au cours des deux derni\u00e8res semaines de cette exploration, une bataille est en cours pour nos esprits. Nos ennemis dans cette bataille \u2014 technocrates, ing\u00e9nieurs sociaux et <\/span><\/span><span style=\"color: #000000;\"><span style=\"font-family: Times New Roman, serif;\"><span style=\"font-size: medium;\">aspirants ma\u00eetres<\/span><\/span><\/span><span style=\"color: #000000;\"><span style=\"font-size: medium;\"> de l\u2019humanit\u00e9 \u2014 se pr\u00e9parent depuis plus d\u2019un si\u00e8cle, cartographiant, recherchant, poussant et analysant soigneusement l\u2019esprit du public pour d\u00e9terminer ce qui nous fait r\u00e9agir, ce qui nous fait parler, et quelles vuln\u00e9rabilit\u00e9s peuvent \u00eatre exploit\u00e9es pour influencer, manipuler et perturber nos processus cognitifs.<\/span><\/span><\/p>\n<p class=\"western\" align=\"justify\"><span style=\"color: #000000;\"><span style=\"font-size: medium;\">Nous savons que les puces c\u00e9r\u00e9brales, la poussi\u00e8re neuronale et d\u2019autres technologies de science-fiction \u00e0 la sonorit\u00e9 farfelue sont activement d\u00e9velopp\u00e9es. Mais si nous le savons, c\u2019est parce qu\u2019ils nous l\u2019<\/span><\/span><em><span style=\"color: #000000;\"><span style=\"font-size: medium;\">ont dit<\/span><\/span><\/em><span style=\"color: #000000;\"><span style=\"font-size: medium;\">, dans des articles, des conf\u00e9rences, des expos\u00e9s publics, et m\u00eame dans des podcasts et sur YouTube.<\/span><\/span><\/p>\n<p class=\"western\" align=\"justify\"><span style=\"color: #000000;\"><span style=\"font-size: medium;\">Peut-\u00eatre que la n\u00e9cessit\u00e9 d\u2019informer le public sur ces technologies est en soi un stratag\u00e8me, con\u00e7u pour susciter la peur et la panique chez nous. Tout comme la \u00ab\u00a0<\/span><\/span><span style=\"color: #000080;\"><span style=\"color: #000000;\"><span style=\"font-size: medium;\"><a href=\"https:\/\/corbettreport.com\/nwnw553\/\">vid\u00e9o effrayante des op\u00e9rations psychologiques de l\u2019arm\u00e9e<\/a>\u00a0\u00bb<\/span><\/span><\/span><span style=\"color: #000000;\"><span style=\"font-size: medium;\"> avait pour but d<\/span><\/span><span style=\"color: #000000;\"><span style=\"font-size: medium;\">e manipuler (psyop-er)<\/span><\/span><span style=\"color: #000000;\"><span style=\"font-size: medium;\"> le public \u00e0 craindre les capacit\u00e9s incroyables des guerriers psychologiques <\/span><\/span><span style=\"color: #000000;\"><span style=\"font-size: medium;\">(psyops)<\/span><\/span><span style=\"color: #000000;\"><span style=\"font-size: medium;\">, le podcast Mad Scientists et d\u2019autres publications et communiqu\u00e9s de presse similaires pourraient <\/span><\/span><span style=\"color: #000000;\"><span style=\"font-size: medium;\">bien <\/span><\/span><span style=\"color: #000000;\"><span style=\"font-size: medium;\">avoir pour but de nous faire craindre les capacit\u00e9s impressionnantes des armes neurologiques redoutables des forces arm\u00e9es am\u00e9ricaines.<\/span><\/span><\/p>\n<p class=\"western\" align=\"justify\"><span style=\"color: #000000;\"><span style=\"font-size: medium;\">Mais si c\u2019<\/span><\/span><em><span style=\"color: #000000;\"><span style=\"font-size: medium;\">est le <\/span><\/span><\/em><span style=\"color: #000000;\"><span style=\"font-size: medium;\">cas, cela ne fait que souligner un point que j\u2019ai d\u00e9j\u00e0 soulev\u00e9 \u00e0 maintes reprises par le pass\u00e9 et qui m\u00e9rite d\u2019\u00eatre r\u00e9p\u00e9t\u00e9 ici\u00a0: le fait que l\u2019arm\u00e9e <\/span><\/span><span style=\"color: #000000;\"><span style=\"font-size: medium;\">(<\/span><\/span><span style=\"color: #000000;\"><span style=\"font-size: medium;\">et les forces mondialistes qui l<\/span><\/span><span style=\"color: #000000;\"><span style=\"font-size: medium;\">es<\/span><\/span><span style=\"color: #000000;\"><span style=\"font-size: medium;\"> ma<\/span><\/span><span style=\"color: #000000;\"><span style=\"font-size: medium;\">nipul<\/span><\/span><span style=\"color: #000000;\"><span style=\"font-size: medium;\">ent<\/span><\/span><span style=\"color: #000000;\"><span style=\"font-size: medium;\">)<\/span><\/span><span style=\"color: #000000;\"><span style=\"font-size: medium;\"> se donne tant de mal pour essayer de nous influencer et de nous faire penser <\/span><\/span><span style=\"color: #000000;\"><span style=\"font-size: medium;\">\u00e0 <\/span><\/span><span style=\"color: #000000;\"><span style=\"font-size: medium;\">certaines choses <\/span><\/span><span style=\"color: #000000;\"><span style=\"font-size: medium;\">prouve<\/span><\/span><span style=\"color: #000000;\"><span style=\"font-size: medium;\"> que <\/span><\/span><em><span style=\"color: #000000;\"><span style=\"font-size: medium;\">ce que nous pensons EST important\u00a0<\/span><\/span><\/em><span style=\"color: #000000;\"><span style=\"font-size: medium;\">!<\/span><\/span><\/p>\n<p class=\"western\" align=\"justify\"><span style=\"color: #000000;\"><span style=\"font-size: medium;\">Apr\u00e8s tout, l\u2019<\/span><\/span><em><span style=\"color: #000000;\"><span style=\"font-size: medium;\">objectif <\/span><\/span><\/em><span style=\"color: #000000;\"><span style=\"font-size: medium;\">de la guerre de l\u2019information, des op\u00e9rations psychologiques et de la guerre cognitive en g\u00e9n\u00e9ral est d\u2019influencer ou de manipuler l\u2019esprit du public. Si ce que nous pensons et ce que nous croyons n\u2019\u00e9taient pas importants, pourquoi se donnerait-on la peine d\u2019essayer de nous influencer de cette mani\u00e8re\u00a0?<\/span><\/span><\/p>\n<p class=\"western\" align=\"justify\"><span style=\"color: #000000;\"><span style=\"font-size: medium;\">Cela nous ram\u00e8ne \u00e0 une v\u00e9rit\u00e9 fondamentale\u00a0: notre souverainet\u00e9 cognitive est primordiale. Les <\/span><\/span><span style=\"color: #000000;\"><span style=\"font-family: Times New Roman, serif;\"><span style=\"font-size: medium;\">aspirants ma\u00eetres<\/span><\/span><\/span><span style=\"color: #000000;\"><span style=\"font-size: medium;\"> du monde peuvent faire de leur mieux pour saper notre souverainet\u00e9, mais, du moins pour l\u2019instant, nous <\/span><\/span><span style=\"color: #000000;\"><span style=\"font-size: medium;\">restons ma\u00eetres de <\/span><\/span><span style=\"color: #000000;\"><span style=\"font-size: medium;\">ce que nous pensons.<\/span><\/span><\/p>\n<p class=\"western\" align=\"justify\"><span style=\"color: #000000;\"><span style=\"font-size: medium;\">Nous avons encore la capacit\u00e9 de <\/span><\/span><span style=\"color: #000000;\"><span style=\"font-size: medium;\">r\u00e9fl\u00e9chir par nous-m\u00eames,<\/span><\/span> <span style=\"color: #000000;\"><span style=\"font-size: medium;\">d<\/span><\/span><span style=\"color: #000000;\"><span style=\"font-size: medium;\">\u2019\u00e9valuer les informations et d\u2019en tirer nos propres conclusions, <\/span><\/span><span style=\"color: #000000;\"><span style=\"font-size: medium;\">ainsi que d<\/span><\/span><span style=\"color: #000000;\"><span style=\"font-size: medium;\">e vivre comme des \u00eatres humains souverains, et non comme des cyborgs transhumains en route vers une \u00ab\u00a0symbiose esprit-ordinateur\u00a0\u00bb.<\/span><\/span><\/p>\n<p class=\"western\" align=\"justify\"><span style=\"color: #000000;\"><span style=\"font-size: medium;\">Alors, tant que nous avons encore la possibilit\u00e9 de penser par nous-m\u00eames, chacun d\u2019entre nous peut se poser la question suivante\u00a0: \u00ab\u00a0Lorsque la puce c\u00e9r\u00e9brale d\u2019Elon sera disponible chez mon concessionnaire Tesla local et que <\/span><\/span><em><span style=\"color: #000000;\"><span style=\"font-size: medium;\">tout le monde <\/span><\/span><\/em><em><span style=\"color: #000000;\"><span style=\"font-size: medium;\">l\u2019<\/span><\/span><\/em><span style=\"color: #000000;\"><span style=\"font-size: medium;\">a<\/span><\/span><span style=\"color: #000000;\"><span style=\"font-size: medium;\">dopte<\/span><\/span><span style=\"color: #000000;\"><span style=\"font-size: medium;\">ra, est-ce que je ferai la queue pour qu\u2019on me l\u2019implante dans le cr\u00e2ne\u00a0?\u00a0\u00bb<\/span><\/span><\/p>\n<p class=\"western\" align=\"justify\"><span style=\"color: #000000;\"><span style=\"font-size: medium;\">Texte original publi\u00e9 le 20\u00a0avril 2025\u00a0: <\/span><\/span><span style=\"color: #000080;\"><u><a href=\"https:\/\/corbettreport.substack.com\/p\/the-battle-for-your-brain-is-already\" target=\"_blank\" rel=\"noopener\"><span style=\"color: #000000;\"><span style=\"font-size: medium;\">https:\/\/corbettreport.substack.com\/p\/the-battle-for-your-brain-is-already<\/span><\/span><\/a><\/u><\/span><\/p>\n","protected":false},"excerpt":{"rendered":"<p>une bataille est en cours pour nos esprits. Nos ennemis dans cette bataille \u2014 technocrates, ing\u00e9nieurs sociaux et aspirants ma\u00eetres de l\u2019humanit\u00e9 \u2014 se pr\u00e9parent depuis plus d\u2019un si\u00e8cle, cartographiant, recherchant, poussant et analysant soigneusement l\u2019esprit du public pour d\u00e9terminer ce qui nous fait r\u00e9agir, ce qui nous fait parler, et quelles vuln\u00e9rabilit\u00e9s peuvent \u00eatre exploit\u00e9es pour influencer, manipuler et perturber nos processus cognitifs.<\/p>\n","protected":false},"author":2,"featured_media":20320,"comment_status":"closed","ping_status":"closed","sticky":false,"template":"","format":"standard","meta":{"footnotes":""},"categories":[1540,1720],"tags":[116,1858,1279,1667,1533],"class_list":["post-20575","post","type-post","status-publish","format-standard","has-post-thumbnail","hentry","category-actualite","category-corbett-james","tag-cerveau","tag-homme-machine","tag-manipulation","tag-neuroscience","tag-transhumanisme"],"yoast_head":"<!-- This site is optimized with the Yoast SEO plugin v27.0 - https:\/\/yoast.com\/product\/yoast-seo-wordpress\/ -->\n<title>La bataille pour votre cerveau a D\u00c9J\u00c0 commenc\u00e9 par James Corbett - 3e mill\u00e9naire - Spiritualit\u00e9 - Connaissance de soi - Non-dualit\u00e9 - M\u00e9ditation<\/title>\n<meta name=\"robots\" content=\"index, follow, max-snippet:-1, max-image-preview:large, max-video-preview:-1\" \/>\n<link rel=\"canonical\" href=\"https:\/\/www.revue3emillenaire.com\/blog\/la-bataille-pour-votre-cerveau-a-deja-commence-par-james-corbett\/\" \/>\n<meta property=\"og:locale\" content=\"fr_FR\" \/>\n<meta property=\"og:type\" content=\"article\" \/>\n<meta property=\"og:title\" content=\"La bataille pour votre cerveau a D\u00c9J\u00c0 commenc\u00e9 par James Corbett - 3e mill\u00e9naire - Spiritualit\u00e9 - Connaissance de soi - Non-dualit\u00e9 - M\u00e9ditation\" \/>\n<meta property=\"og:description\" content=\"une bataille est en cours pour nos esprits. Nos ennemis dans cette bataille \u2014 technocrates, ing\u00e9nieurs sociaux et aspirants ma\u00eetres de l\u2019humanit\u00e9 \u2014 se pr\u00e9parent depuis plus d\u2019un si\u00e8cle, cartographiant, recherchant, poussant et analysant soigneusement l\u2019esprit du public pour d\u00e9terminer ce qui nous fait r\u00e9agir, ce qui nous fait parler, et quelles vuln\u00e9rabilit\u00e9s peuvent \u00eatre exploit\u00e9es pour influencer, manipuler et perturber nos processus cognitifs.\" \/>\n<meta property=\"og:url\" content=\"https:\/\/www.revue3emillenaire.com\/blog\/la-bataille-pour-votre-cerveau-a-deja-commence-par-james-corbett\/\" \/>\n<meta property=\"og:site_name\" content=\"3e mill\u00e9naire - Spiritualit\u00e9 - Connaissance de soi - Non-dualit\u00e9 - M\u00e9ditation\" \/>\n<meta property=\"article:published_time\" content=\"2025-04-21T12:56:30+00:00\" \/>\n<meta property=\"article:modified_time\" content=\"2025-04-21T17:27:45+00:00\" \/>\n<meta property=\"og:image\" content=\"https:\/\/www.revue3emillenaire.com\/blog\/wp-content\/uploads\/2024\/11\/James-Corbett.jpg\" \/>\n\t<meta property=\"og:image:width\" content=\"286\" \/>\n\t<meta property=\"og:image:height\" content=\"362\" \/>\n\t<meta property=\"og:image:type\" content=\"image\/jpeg\" \/>\n<meta name=\"author\" content=\"3e mill\u00e9naire\" \/>\n<meta name=\"twitter:card\" content=\"summary_large_image\" \/>\n<meta name=\"twitter:label1\" content=\"\u00c9crit par\" \/>\n\t<meta name=\"twitter:data1\" content=\"3e mill\u00e9naire\" \/>\n\t<meta name=\"twitter:label2\" content=\"Dur\u00e9e de lecture estim\u00e9e\" \/>\n\t<meta name=\"twitter:data2\" content=\"19 minutes\" \/>\n<script type=\"application\/ld+json\" class=\"yoast-schema-graph\">{\"@context\":\"https:\/\/schema.org\",\"@graph\":[{\"@type\":\"Article\",\"@id\":\"https:\/\/www.revue3emillenaire.com\/blog\/la-bataille-pour-votre-cerveau-a-deja-commence-par-james-corbett\/#article\",\"isPartOf\":{\"@id\":\"https:\/\/www.revue3emillenaire.com\/blog\/la-bataille-pour-votre-cerveau-a-deja-commence-par-james-corbett\/\"},\"author\":{\"name\":\"3e mill\u00e9naire\",\"@id\":\"https:\/\/www.revue3emillenaire.com\/blog\/#\/schema\/person\/b692dacff720a5344a6190bc714397eb\"},\"headline\":\"La bataille pour votre cerveau a D\u00c9J\u00c0 commenc\u00e9 par James Corbett\",\"datePublished\":\"2025-04-21T12:56:30+00:00\",\"dateModified\":\"2025-04-21T17:27:45+00:00\",\"mainEntityOfPage\":{\"@id\":\"https:\/\/www.revue3emillenaire.com\/blog\/la-bataille-pour-votre-cerveau-a-deja-commence-par-james-corbett\/\"},\"wordCount\":3931,\"image\":{\"@id\":\"https:\/\/www.revue3emillenaire.com\/blog\/la-bataille-pour-votre-cerveau-a-deja-commence-par-james-corbett\/#primaryimage\"},\"thumbnailUrl\":\"https:\/\/www.revue3emillenaire.com\/blog\/wp-content\/uploads\/2024\/11\/James-Corbett.jpg\",\"keywords\":[\"cerveau\",\"Homme-Machine\",\"Manipulation\",\"Neuroscience\",\"Transhumanisme\"],\"articleSection\":[\"Actualit\u00e9s\",\"Corbett James\"],\"inLanguage\":\"fr-FR\"},{\"@type\":\"WebPage\",\"@id\":\"https:\/\/www.revue3emillenaire.com\/blog\/la-bataille-pour-votre-cerveau-a-deja-commence-par-james-corbett\/\",\"url\":\"https:\/\/www.revue3emillenaire.com\/blog\/la-bataille-pour-votre-cerveau-a-deja-commence-par-james-corbett\/\",\"name\":\"La bataille pour votre cerveau a D\u00c9J\u00c0 commenc\u00e9 par James Corbett - 3e mill\u00e9naire - Spiritualit\u00e9 - Connaissance de soi - Non-dualit\u00e9 - M\u00e9ditation\",\"isPartOf\":{\"@id\":\"https:\/\/www.revue3emillenaire.com\/blog\/#website\"},\"primaryImageOfPage\":{\"@id\":\"https:\/\/www.revue3emillenaire.com\/blog\/la-bataille-pour-votre-cerveau-a-deja-commence-par-james-corbett\/#primaryimage\"},\"image\":{\"@id\":\"https:\/\/www.revue3emillenaire.com\/blog\/la-bataille-pour-votre-cerveau-a-deja-commence-par-james-corbett\/#primaryimage\"},\"thumbnailUrl\":\"https:\/\/www.revue3emillenaire.com\/blog\/wp-content\/uploads\/2024\/11\/James-Corbett.jpg\",\"datePublished\":\"2025-04-21T12:56:30+00:00\",\"dateModified\":\"2025-04-21T17:27:45+00:00\",\"author\":{\"@id\":\"https:\/\/www.revue3emillenaire.com\/blog\/#\/schema\/person\/b692dacff720a5344a6190bc714397eb\"},\"breadcrumb\":{\"@id\":\"https:\/\/www.revue3emillenaire.com\/blog\/la-bataille-pour-votre-cerveau-a-deja-commence-par-james-corbett\/#breadcrumb\"},\"inLanguage\":\"fr-FR\",\"potentialAction\":[{\"@type\":\"ReadAction\",\"target\":[\"https:\/\/www.revue3emillenaire.com\/blog\/la-bataille-pour-votre-cerveau-a-deja-commence-par-james-corbett\/\"]}]},{\"@type\":\"ImageObject\",\"inLanguage\":\"fr-FR\",\"@id\":\"https:\/\/www.revue3emillenaire.com\/blog\/la-bataille-pour-votre-cerveau-a-deja-commence-par-james-corbett\/#primaryimage\",\"url\":\"https:\/\/www.revue3emillenaire.com\/blog\/wp-content\/uploads\/2024\/11\/James-Corbett.jpg\",\"contentUrl\":\"https:\/\/www.revue3emillenaire.com\/blog\/wp-content\/uploads\/2024\/11\/James-Corbett.jpg\",\"width\":286,\"height\":362},{\"@type\":\"BreadcrumbList\",\"@id\":\"https:\/\/www.revue3emillenaire.com\/blog\/la-bataille-pour-votre-cerveau-a-deja-commence-par-james-corbett\/#breadcrumb\",\"itemListElement\":[{\"@type\":\"ListItem\",\"position\":1,\"name\":\"Accueil\",\"item\":\"https:\/\/www.revue3emillenaire.com\/blog\/\"},{\"@type\":\"ListItem\",\"position\":2,\"name\":\"La bataille pour votre cerveau a D\u00c9J\u00c0 commenc\u00e9 par James Corbett\"}]},{\"@type\":\"WebSite\",\"@id\":\"https:\/\/www.revue3emillenaire.com\/blog\/#website\",\"url\":\"https:\/\/www.revue3emillenaire.com\/blog\/\",\"name\":\"3e mill\u00e9naire - Spiritualit\u00e9 - Connaissance de soi - Non-dualit\u00e9 - M\u00e9ditation\",\"description\":\"L&#039;Homme en devenir\",\"potentialAction\":[{\"@type\":\"SearchAction\",\"target\":{\"@type\":\"EntryPoint\",\"urlTemplate\":\"https:\/\/www.revue3emillenaire.com\/blog\/?s={search_term_string}\"},\"query-input\":{\"@type\":\"PropertyValueSpecification\",\"valueRequired\":true,\"valueName\":\"search_term_string\"}}],\"inLanguage\":\"fr-FR\"},{\"@type\":\"Person\",\"@id\":\"https:\/\/www.revue3emillenaire.com\/blog\/#\/schema\/person\/b692dacff720a5344a6190bc714397eb\",\"name\":\"3e mill\u00e9naire\",\"url\":\"https:\/\/www.revue3emillenaire.com\/blog\/author\/scoussa\/\"}]}<\/script>\n<!-- \/ Yoast SEO plugin. -->","yoast_head_json":{"title":"La bataille pour votre cerveau a D\u00c9J\u00c0 commenc\u00e9 par James Corbett - 3e mill\u00e9naire - Spiritualit\u00e9 - Connaissance de soi - Non-dualit\u00e9 - M\u00e9ditation","robots":{"index":"index","follow":"follow","max-snippet":"max-snippet:-1","max-image-preview":"max-image-preview:large","max-video-preview":"max-video-preview:-1"},"canonical":"https:\/\/www.revue3emillenaire.com\/blog\/la-bataille-pour-votre-cerveau-a-deja-commence-par-james-corbett\/","og_locale":"fr_FR","og_type":"article","og_title":"La bataille pour votre cerveau a D\u00c9J\u00c0 commenc\u00e9 par James Corbett - 3e mill\u00e9naire - Spiritualit\u00e9 - Connaissance de soi - Non-dualit\u00e9 - M\u00e9ditation","og_description":"une bataille est en cours pour nos esprits. Nos ennemis dans cette bataille \u2014 technocrates, ing\u00e9nieurs sociaux et aspirants ma\u00eetres de l\u2019humanit\u00e9 \u2014 se pr\u00e9parent depuis plus d\u2019un si\u00e8cle, cartographiant, recherchant, poussant et analysant soigneusement l\u2019esprit du public pour d\u00e9terminer ce qui nous fait r\u00e9agir, ce qui nous fait parler, et quelles vuln\u00e9rabilit\u00e9s peuvent \u00eatre exploit\u00e9es pour influencer, manipuler et perturber nos processus cognitifs.","og_url":"https:\/\/www.revue3emillenaire.com\/blog\/la-bataille-pour-votre-cerveau-a-deja-commence-par-james-corbett\/","og_site_name":"3e mill\u00e9naire - Spiritualit\u00e9 - Connaissance de soi - Non-dualit\u00e9 - M\u00e9ditation","article_published_time":"2025-04-21T12:56:30+00:00","article_modified_time":"2025-04-21T17:27:45+00:00","og_image":[{"width":286,"height":362,"url":"https:\/\/www.revue3emillenaire.com\/blog\/wp-content\/uploads\/2024\/11\/James-Corbett.jpg","type":"image\/jpeg"}],"author":"3e mill\u00e9naire","twitter_card":"summary_large_image","twitter_misc":{"\u00c9crit par":"3e mill\u00e9naire","Dur\u00e9e de lecture estim\u00e9e":"19 minutes"},"schema":{"@context":"https:\/\/schema.org","@graph":[{"@type":"Article","@id":"https:\/\/www.revue3emillenaire.com\/blog\/la-bataille-pour-votre-cerveau-a-deja-commence-par-james-corbett\/#article","isPartOf":{"@id":"https:\/\/www.revue3emillenaire.com\/blog\/la-bataille-pour-votre-cerveau-a-deja-commence-par-james-corbett\/"},"author":{"name":"3e mill\u00e9naire","@id":"https:\/\/www.revue3emillenaire.com\/blog\/#\/schema\/person\/b692dacff720a5344a6190bc714397eb"},"headline":"La bataille pour votre cerveau a D\u00c9J\u00c0 commenc\u00e9 par James Corbett","datePublished":"2025-04-21T12:56:30+00:00","dateModified":"2025-04-21T17:27:45+00:00","mainEntityOfPage":{"@id":"https:\/\/www.revue3emillenaire.com\/blog\/la-bataille-pour-votre-cerveau-a-deja-commence-par-james-corbett\/"},"wordCount":3931,"image":{"@id":"https:\/\/www.revue3emillenaire.com\/blog\/la-bataille-pour-votre-cerveau-a-deja-commence-par-james-corbett\/#primaryimage"},"thumbnailUrl":"https:\/\/www.revue3emillenaire.com\/blog\/wp-content\/uploads\/2024\/11\/James-Corbett.jpg","keywords":["cerveau","Homme-Machine","Manipulation","Neuroscience","Transhumanisme"],"articleSection":["Actualit\u00e9s","Corbett James"],"inLanguage":"fr-FR"},{"@type":"WebPage","@id":"https:\/\/www.revue3emillenaire.com\/blog\/la-bataille-pour-votre-cerveau-a-deja-commence-par-james-corbett\/","url":"https:\/\/www.revue3emillenaire.com\/blog\/la-bataille-pour-votre-cerveau-a-deja-commence-par-james-corbett\/","name":"La bataille pour votre cerveau a D\u00c9J\u00c0 commenc\u00e9 par James Corbett - 3e mill\u00e9naire - Spiritualit\u00e9 - Connaissance de soi - Non-dualit\u00e9 - M\u00e9ditation","isPartOf":{"@id":"https:\/\/www.revue3emillenaire.com\/blog\/#website"},"primaryImageOfPage":{"@id":"https:\/\/www.revue3emillenaire.com\/blog\/la-bataille-pour-votre-cerveau-a-deja-commence-par-james-corbett\/#primaryimage"},"image":{"@id":"https:\/\/www.revue3emillenaire.com\/blog\/la-bataille-pour-votre-cerveau-a-deja-commence-par-james-corbett\/#primaryimage"},"thumbnailUrl":"https:\/\/www.revue3emillenaire.com\/blog\/wp-content\/uploads\/2024\/11\/James-Corbett.jpg","datePublished":"2025-04-21T12:56:30+00:00","dateModified":"2025-04-21T17:27:45+00:00","author":{"@id":"https:\/\/www.revue3emillenaire.com\/blog\/#\/schema\/person\/b692dacff720a5344a6190bc714397eb"},"breadcrumb":{"@id":"https:\/\/www.revue3emillenaire.com\/blog\/la-bataille-pour-votre-cerveau-a-deja-commence-par-james-corbett\/#breadcrumb"},"inLanguage":"fr-FR","potentialAction":[{"@type":"ReadAction","target":["https:\/\/www.revue3emillenaire.com\/blog\/la-bataille-pour-votre-cerveau-a-deja-commence-par-james-corbett\/"]}]},{"@type":"ImageObject","inLanguage":"fr-FR","@id":"https:\/\/www.revue3emillenaire.com\/blog\/la-bataille-pour-votre-cerveau-a-deja-commence-par-james-corbett\/#primaryimage","url":"https:\/\/www.revue3emillenaire.com\/blog\/wp-content\/uploads\/2024\/11\/James-Corbett.jpg","contentUrl":"https:\/\/www.revue3emillenaire.com\/blog\/wp-content\/uploads\/2024\/11\/James-Corbett.jpg","width":286,"height":362},{"@type":"BreadcrumbList","@id":"https:\/\/www.revue3emillenaire.com\/blog\/la-bataille-pour-votre-cerveau-a-deja-commence-par-james-corbett\/#breadcrumb","itemListElement":[{"@type":"ListItem","position":1,"name":"Accueil","item":"https:\/\/www.revue3emillenaire.com\/blog\/"},{"@type":"ListItem","position":2,"name":"La bataille pour votre cerveau a D\u00c9J\u00c0 commenc\u00e9 par James Corbett"}]},{"@type":"WebSite","@id":"https:\/\/www.revue3emillenaire.com\/blog\/#website","url":"https:\/\/www.revue3emillenaire.com\/blog\/","name":"3e mill\u00e9naire - Spiritualit\u00e9 - Connaissance de soi - Non-dualit\u00e9 - M\u00e9ditation","description":"L&#039;Homme en devenir","potentialAction":[{"@type":"SearchAction","target":{"@type":"EntryPoint","urlTemplate":"https:\/\/www.revue3emillenaire.com\/blog\/?s={search_term_string}"},"query-input":{"@type":"PropertyValueSpecification","valueRequired":true,"valueName":"search_term_string"}}],"inLanguage":"fr-FR"},{"@type":"Person","@id":"https:\/\/www.revue3emillenaire.com\/blog\/#\/schema\/person\/b692dacff720a5344a6190bc714397eb","name":"3e mill\u00e9naire","url":"https:\/\/www.revue3emillenaire.com\/blog\/author\/scoussa\/"}]}},"_links":{"self":[{"href":"https:\/\/www.revue3emillenaire.com\/blog\/wp-json\/wp\/v2\/posts\/20575","targetHints":{"allow":["GET"]}}],"collection":[{"href":"https:\/\/www.revue3emillenaire.com\/blog\/wp-json\/wp\/v2\/posts"}],"about":[{"href":"https:\/\/www.revue3emillenaire.com\/blog\/wp-json\/wp\/v2\/types\/post"}],"author":[{"embeddable":true,"href":"https:\/\/www.revue3emillenaire.com\/blog\/wp-json\/wp\/v2\/users\/2"}],"replies":[{"embeddable":true,"href":"https:\/\/www.revue3emillenaire.com\/blog\/wp-json\/wp\/v2\/comments?post=20575"}],"version-history":[{"count":0,"href":"https:\/\/www.revue3emillenaire.com\/blog\/wp-json\/wp\/v2\/posts\/20575\/revisions"}],"wp:featuredmedia":[{"embeddable":true,"href":"https:\/\/www.revue3emillenaire.com\/blog\/wp-json\/wp\/v2\/media\/20320"}],"wp:attachment":[{"href":"https:\/\/www.revue3emillenaire.com\/blog\/wp-json\/wp\/v2\/media?parent=20575"}],"wp:term":[{"taxonomy":"category","embeddable":true,"href":"https:\/\/www.revue3emillenaire.com\/blog\/wp-json\/wp\/v2\/categories?post=20575"},{"taxonomy":"post_tag","embeddable":true,"href":"https:\/\/www.revue3emillenaire.com\/blog\/wp-json\/wp\/v2\/tags?post=20575"}],"curies":[{"name":"wp","href":"https:\/\/api.w.org\/{rel}","templated":true}]}}