{"id":20581,"date":"2025-04-25T23:29:45","date_gmt":"2025-04-25T22:29:45","guid":{"rendered":"https:\/\/www.revue3emillenaire.com\/blog\/?p=20581"},"modified":"2025-04-25T23:39:42","modified_gmt":"2025-04-25T22:39:42","slug":"professeur-nir-shaviv-le-rechauffement-climatique-est-principalement-du-au-soleil-et-non-a-lhomme-par-hannes-sarv","status":"publish","type":"post","link":"https:\/\/www.revue3emillenaire.com\/blog\/professeur-nir-shaviv-le-rechauffement-climatique-est-principalement-du-au-soleil-et-non-a-lhomme-par-hannes-sarv\/","title":{"rendered":"Professeur Nir Shaviv\u00a0: le r\u00e9chauffement climatique est principalement d\u00fb au soleil et non \u00e0 l\u2019homme par Hannes Sarv"},"content":{"rendered":"<h3 class=\"western\" align=\"justify\"><span style=\"font-family: Times New Roman, serif;\"><span style=\"font-size: medium;\"><i><b>L\u2019astrophysicien Nir Shaviv affirme que le GIEC s\u2019est tromp\u00e9 en attribuant le r\u00e9chauffement climatique aux \u00e9missions de gaz \u00e0 effet de serre d\u2019origine anthropique et en ignorant les effets solaires.<\/b><\/i><\/span><\/span><\/h3>\n<p class=\"western\" align=\"justify\"><span style=\"font-family: Times New Roman, serif;\"><span style=\"font-size: medium;\"><a href=\"https:\/\/www.revue3emillenaire.com\/blog\/wp-content\/uploads\/2025\/04\/Nir-Shaviv.jpg\"><img loading=\"lazy\" decoding=\"async\" class=\"alignleft size-thumbnail wp-image-20583\" src=\"https:\/\/www.revue3emillenaire.com\/blog\/wp-content\/uploads\/2025\/04\/Nir-Shaviv-150x150.jpg\" alt=\"\" width=\"150\" height=\"150\" \/><\/a>\u00ab\u00a0Le consensus scientifique n\u2019existe pas\u00a0\u00bb, d\u00e9clare Nir Shaviv, professeur \u00e0 l\u2019Institut de physique Racah de l\u2019Universit\u00e9 h\u00e9bra\u00efque de J\u00e9rusalem, en r\u00e9ponse \u00e0 une question sur ce qu\u2019il pense de l\u2019affirmation largement r\u00e9pandue selon laquelle il existe<\/span><\/span><span style=\"font-family: Times New Roman, serif;\"><span style=\"font-size: medium;\">rait<\/span><\/span><span style=\"font-family: Times New Roman, serif;\"><span style=\"font-size: medium;\"> un consensus scientifique sur la nature anthropique du changement climatique. \u00ab\u00a0En science, nous traitons des questions ouvertes et je pense que la question du changement climatique <\/span><\/span><span style=\"font-family: Times New Roman, serif;\"><span style=\"font-size: medium;\">en <\/span><\/span><span style=\"font-family: Times New Roman, serif;\"><span style=\"font-size: medium;\">est. Il y a beaucoup d\u2019\u00e9l\u00e9ments sur lesquels de nombreux scientifiques sont encore en train de d\u00e9battre\u00a0\u00bb, explique-t-il.<\/span><\/span><\/p>\n<p class=\"western\" align=\"justify\"><span style=\"font-family: Times New Roman, serif;\"><span style=\"font-size: medium;\">En effet, certains scientifiques affirment que le changement climatique est enti\u00e8rement d\u00fb \u00e0 l\u2019homme et que la situation est tr\u00e8s grave. Mais il y a aussi ceux qui affirment que m\u00eame si l\u2019homme est responsable d\u2019une grande partie du r\u00e9chauffement, la situation n\u2019est pas aussi grave que ce que nous disent les politiciens et les activistes \u00e0 travers les m\u00e9dias. Certains pensent que le CO<\/span><\/span><sub><span style=\"font-family: Times New Roman, serif;\"><span style=\"font-size: medium;\">2<\/span><\/span><\/sub><span style=\"font-family: Times New Roman, serif;\"><span style=\"font-size: medium;\"> joue un r\u00f4le important dans la tendance actuelle au r\u00e9chauffement, tandis que d\u2019autres estiment que son r\u00f4le est insignifiant.<\/span><\/span><\/p>\n<p class=\"western\" align=\"justify\"><span style=\"font-family: Times New Roman, serif;\"><span style=\"font-size: medium;\">Bien que Shaviv estime qu\u2019une partie du r\u00e9chauffement observ\u00e9 au cours du XX<\/span><\/span><sup><span style=\"font-family: Times New Roman, serif;\"><span style=\"font-size: medium;\">e<\/span><\/span><\/sup><span style=\"font-family: Times New Roman, serif;\"><span style=\"font-size: medium;\">\u00a0si\u00e8cle est effectivement le r\u00e9sultat de l\u2019augmentation des concentrations de CO<\/span><\/span><sub><span style=\"font-family: Times New Roman, serif;\"><span style=\"font-size: medium;\">2<\/span><\/span><\/sub><span style=\"font-family: Times New Roman, serif;\"><span style=\"font-size: medium;\"> dans l\u2019atmosph\u00e8re, la majeure partie du changement est un ph\u00e9nom\u00e8ne naturel. \u00ab\u00a0Mes recherches m\u2019ont amen\u00e9 \u00e0 croire fermement que, sur la base de toutes les preuves accumul\u00e9es au cours des 25\u00a0derni\u00e8res ann\u00e9es, une grande partie du r\u00e9chauffement n\u2019est pas due \u00e0 l\u2019homme, mais \u00e0 l\u2019effet solaire\u00a0\u00bb, d\u00e9clare-t-il.<\/span><\/span><\/p>\n<h4 class=\"western\" align=\"justify\"><strong><span style=\"color: #000000;\"><span style=\"font-family: Times New Roman, serif;\"><span style=\"font-size: medium;\"><b>Jusqu\u2019\u00e0 deux tiers du r\u00e9chauffement proviennent du soleil<\/b><\/span><\/span><\/span><\/strong><\/h4>\n<p class=\"western\" align=\"justify\"><span style=\"color: #000000;\"><span style=\"font-family: Times New Roman, serif;\"><span style=\"font-size: medium;\">En tant qu\u2019astrophysicien, <\/span><\/span><\/span><span style=\"color: #000000;\">les recherches de Shaviv se sont largement concentr\u00e9es sur la compr\u00e9hension <\/span><span style=\"color: #000000;\">d<\/span><span style=\"color: #000000;\"><span style=\"font-family: Times New Roman, serif;\"><span style=\"font-size: medium;\">es liens entre l\u2019activit\u00e9 solaire et le climat de la Terre. Selon lui, au moins la moiti\u00e9, voire les deux tiers, du r\u00e9chauffement du XX<\/span><\/span><\/span><span style=\"color: #000000;\"><sup><span style=\"font-family: Times New Roman, serif;\"><span style=\"font-size: medium;\">e<\/span><\/span><\/sup><\/span><span style=\"color: #000000;\"><span style=\"font-family: Times New Roman, serif;\"><span style=\"font-size: medium;\">\u00a0si\u00e8cle sont li\u00e9s \u00e0 l\u2019augmentation de l\u2019activit\u00e9 solaire. Shaviv a \u00e9galement montr\u00e9 que les rayons cosmiques et leur activit\u00e9 influencent la formation de la couverture nuageuse, ce qui entra\u00eene \u00e9galement des changements climatiques. Il travaill<\/span><\/span><\/span><span style=\"color: #000000;\"><span style=\"font-family: Times New Roman, serif;\"><span style=\"font-size: medium;\">e<\/span><\/span><\/span><span style=\"color: #000000;\"><span style=\"font-family: Times New Roman, serif;\"><span style=\"font-size: medium;\"> sur cette question avec l\u2019astrophysicien danois <\/span><\/span><\/span><span style=\"color: #000080;\"><a href=\"https:\/\/www.freedom-research.org\/p\/freedom-research-podcast-19-professor?utm_source=publication-search\" target=\"_blank\" rel=\"noopener\"><span style=\"color: #000000;\"><span style=\"font-family: Times New Roman, serif;\"><span style=\"font-size: medium;\">Henrik Svensmark<\/span><\/span><\/span><\/a><\/span><span style=\"color: #000000;\"><span style=\"font-family: Times New Roman, serif;\"><span style=\"font-size: medium;\">.<\/span><\/span><\/span><\/p>\n<p class=\"western\" align=\"justify\"><span style=\"color: #000000;\"><span style=\"font-family: Times New Roman, serif;\"><span style=\"font-size: medium;\">En tout \u00e9tat de cause, selon Shaviv, si l\u2019on tient compte de l\u2019activit\u00e9 solaire et des effets des rayons cosmiques, la sensibilit\u00e9 du climat reste relativement faible, ou, en d\u2019autres termes, une augmentation de la proportion de CO<\/span><\/span><\/span><span style=\"color: #000000;\"><sub><span style=\"font-family: Times New Roman, serif;\"><span style=\"font-size: medium;\">2<\/span><\/span><\/sub><\/span><span style=\"color: #000000;\"><span style=\"font-family: Times New Roman, serif;\"><span style=\"font-size: medium;\"> dans l\u2019atmosph\u00e8re ne peut pas provoquer un r\u00e9chauffement important. On tente depuis longtemps de calculer de combien un doublement du CO<\/span><\/span><\/span><span style=\"color: #000000;\"><sub><span style=\"font-family: Times New Roman, serif;\"><span style=\"font-size: medium;\">2<\/span><\/span><\/sub><\/span><span style=\"color: #000000;\"><span style=\"font-family: Times New Roman, serif;\"><span style=\"font-size: medium;\"> atmosph\u00e9rique peut augmenter la temp\u00e9rature de la Terre. La premi\u00e8re tentative a \u00e9t\u00e9 faite il y a plus de 100\u00a0ans par le chimiste su\u00e9dois Svante Arrhenius, qui a<\/span><\/span><\/span><span style=\"color: #000000;\"><span style=\"font-family: Times New Roman, serif;\"><span style=\"font-size: medium;\">vait<\/span><\/span><\/span><span style=\"color: #000000;\"><span style=\"font-family: Times New Roman, serif;\"><span style=\"font-size: medium;\"> propos\u00e9 une r\u00e9ponse allant jusqu\u2019\u00e0 6\u00a0degr\u00e9s. Depuis, ce chiffre a \u00e9t\u00e9 revu \u00e0 la baisse, mais pas suffisamment, selon Shaviv. \u00ab\u00a0Si l\u2019on consulte les rapports du GIEC (Groupe d\u2019experts intergouvernemental sur l\u2019\u00e9volution du climat \u2014 NDLR), la fourchette canonique se situe entre un degr\u00e9 et demi ou deux degr\u00e9s, selon le rapport, <\/span><\/span><\/span><span style=\"color: #000000;\"><span style=\"font-family: Times New Roman, serif;\"><span style=\"font-size: medium;\">jusqu\u2019\u00e0<\/span><\/span><\/span><span style=\"color: #000000;\"><span style=\"font-family: Times New Roman, serif;\"><span style=\"font-size: medium;\"> peut-\u00eatre quatre degr\u00e9s et demi d\u2019augmentation pour un doublement du CO<\/span><\/span><\/span><span style=\"color: #000000;\"><sub><span style=\"font-family: Times New Roman, serif;\"><span style=\"font-size: medium;\">2<\/span><\/span><\/sub><\/span><span style=\"color: #000000;\"><span style=\"font-family: Times New Roman, serif;\"><span style=\"font-size: medium;\">. Ce que je constate, c\u2019est que la sensibilit\u00e9 du climat se situe quelque part entre un degr\u00e9 et un degr\u00e9 et demi d\u2019augmentation par doublement du CO<\/span><\/span><\/span><span style=\"color: #000000;\"><sub><span style=\"font-family: Times New Roman, serif;\"><span style=\"font-size: medium;\">2<\/span><\/span><\/sub><\/span><span style=\"color: #000000;\"><span style=\"font-family: Times New Roman, serif;\"><span style=\"font-size: medium;\">\u00a0\u00bb, explique Shaviv, qui ajoute qu\u2019il ne s\u2019attend pas \u00e0 ce que l\u2019augmentation de la temp\u00e9rature au cours du XXI<\/span><\/span><\/span><span style=\"color: #000000;\"><sup><span style=\"font-family: Times New Roman, serif;\"><span style=\"font-size: medium;\">e<\/span><\/span><\/sup><\/span><span style=\"color: #000000;\"><span style=\"font-family: Times New Roman, serif;\"><span style=\"font-size: medium;\">\u00a0si\u00e8cle soit tr\u00e8s <\/span><\/span><\/span><span style=\"color: #000000;\"><span style=\"font-family: Times New Roman, serif;\"><span style=\"font-size: medium;\">important<\/span><\/span><\/span><span style=\"color: #000000;\"><span style=\"font-family: Times New Roman, serif;\"><span style=\"font-size: medium;\">e.<\/span><\/span><\/span><\/p>\n<p class=\"western\" align=\"justify\"><span style=\"font-family: Times New Roman, serif;\"><span style=\"font-size: medium;\">Selon Shvaviv, c\u2019est en expliquant le r\u00e9chauffement principalement par le CO<\/span><\/span><sub><span style=\"font-family: Times New Roman, serif;\"><span style=\"font-size: medium;\">2<\/span><\/span><\/sub><span style=\"font-family: Times New Roman, serif;\"><span style=\"font-size: medium;\"> que les rapports scientifiques du GIEC se trompent, car ils ne tiennent pas compte de l\u2019effet solaire. Et <\/span><\/span><span style=\"font-family: Times New Roman, serif;\"><span style=\"font-size: medium;\">comme <\/span><\/span><span style=\"font-family: Times New Roman, serif;\"><span style=\"font-size: medium;\">ils ne le prennent pas en compte, mais qu\u2019il est toujours n\u00e9cessaire d\u2019expliquer la hausse des temp\u00e9ratures, <\/span><\/span><span style=\"font-family: Times New Roman, serif;\"><span style=\"font-size: medium;\">c\u2019est <\/span><\/span><span style=\"font-family: Times New Roman, serif;\"><span style=\"font-size: medium;\">l\u2019augmentation des niveaux de CO<\/span><\/span><sub><span style=\"font-family: Times New Roman, serif;\"><span style=\"font-size: medium;\">2<\/span><\/span><\/sub><span style=\"font-family: Times New Roman, serif;\"><span style=\"font-size: medium;\"> dans l\u2019atmosph\u00e8re, attribu\u00e9e \u00e0 l\u2019influence humaine, <\/span><\/span><span style=\"font-family: Times New Roman, serif;\"><span style=\"font-size: medium;\">qui <\/span><\/span><span style=\"font-family: Times New Roman, serif;\"><span style=\"font-size: medium;\">a \u00e9t\u00e9 utilis\u00e9e pour l\u2019expliquer. Shaviv explique qu\u2019il s\u2019agit d\u2019une mauvaise r\u00e9ponse, car elle ne tient pas compte de tous les <\/span><\/span><span style=\"font-family: Times New Roman, serif;\"><span style=\"font-size: medium;\">f<\/span><\/span><span style=\"font-family: Times New Roman, serif;\"><span style=\"font-size: medium;\">acteurs qui y contribuent.<\/span><\/span><\/p>\n<h4 class=\"western\" align=\"justify\"><strong><span style=\"color: #000000;\"><span style=\"font-family: Times New Roman, serif;\"><span style=\"font-size: medium;\"><b>La plan\u00e8te est-elle en \u00e9bullition\u00a0?<\/b><\/span><\/span><\/span><\/strong><\/h4>\n<p class=\"western\" align=\"justify\"><span style=\"font-family: Times New Roman, serif;\"><span style=\"font-size: medium;\">Mais cette hausse des temp\u00e9ratures provoque-t-elle une crise climatique\u00a0? La r\u00e9ponse de Shaviv \u00e0 cette question est simple et claire\u00a0: \u00ab\u00a0Non\u00a0\u00bb. Il explique que la temp\u00e9rature moyenne de la plan\u00e8te a augment\u00e9 d\u2019un degr\u00e9 Celsius depuis 1900 environ, mais que cette hausse n\u2019est pas sans pr\u00e9c\u00e9dent. Nous connaissons par exemple la p\u00e9riode de r\u00e9chauffement m\u00e9di\u00e9val, lorsque les Vikings ont cartographi\u00e9 la c\u00f4te du Groenland, y compris sa partie <\/span><\/span><span style=\"font-family: Times New Roman, serif;\"><span style=\"font-size: medium;\">nord<\/span><\/span><span style=\"font-family: Times New Roman, serif;\"><span style=\"font-size: medium;\">, qui est aujourd\u2019hui recouverte de glace m\u00eame en \u00e9t\u00e9. \u00ab\u00a0Ce type de variation climatique a toujours exist\u00e9. Une partie du r\u00e9chauffement actuel est d\u2019origine anthropique, mais <\/span><\/span><span style=\"font-family: Times New Roman, serif;\"><span style=\"font-size: medium;\">ce n\u2019est<\/span><\/span><span style=\"font-family: Times New Roman, serif;\"><span style=\"font-size: medium;\"> pas une crise au sens o\u00f9 la temp\u00e9rature va augmenter de cinq degr\u00e9s en un si\u00e8cle et o\u00f9 nous sommes tous condamn\u00e9s. Nous devons simplement nous adapter aux changements. Certains sont naturels, d\u2019autres non, mais ils ne sont pas importants\u00a0\u00bb, explique Shaviv.<\/span><\/span><\/p>\n<p class=\"western\" align=\"justify\"><span style=\"color: #000000;\"><span style=\"font-family: Times New Roman, serif;\"><span style=\"font-size: medium;\">Il a \u00e9t\u00e9 largement rapport\u00e9 que 2023 et 2024 ont \u00e9t\u00e9 les ann\u00e9es les plus chaudes jamais <\/span><\/span><\/span><span style=\"color: #000080;\"><a href=\"https:\/\/www.nasa.gov\/news-release\/temperatures-rising-nasa-confirms-2024-warmest-year-on-record\/\"><span style=\"color: #000000;\"><span style=\"font-family: Times New Roman, serif;\"><span style=\"font-size: medium;\">enregistr\u00e9es<\/span><\/span><\/span><\/a><\/span><span style=\"color: #000000;\"><span style=\"font-family: Times New Roman, serif;\"><span style=\"font-size: medium;\">. Se r\u00e9f\u00e9rant \u00e0 cette hausse des temp\u00e9ratures, le secr\u00e9taire g\u00e9n\u00e9ral des Nations unies, Ant\u00f3nio Guterres<\/span><\/span><\/span><span style=\"color: #000080;\"><a href=\"https:\/\/news.un.org\/en\/story\/2023\/07\/1139162\"><span style=\"color: #000000;\"><span style=\"font-family: Times New Roman, serif;\"><span style=\"font-size: medium;\">, a d\u00e9clar\u00e9 <\/span><\/span><\/span><\/a><\/span><span style=\"color: #000000;\"><span style=\"font-family: Times New Roman, serif;\"><span style=\"font-size: medium;\">d\u00e8s juillet 2023 que nous \u00e9tions entr\u00e9s dans une \u00ab\u00a0\u00e8re d\u2019\u00e9bullition mondiale\u00a0\u00bb. Selon Shaviv, il est bien s\u00fbr possible que les temp\u00e9ratures moyennes de surface soient les plus \u00e9lev\u00e9es si l\u2019on remonte seulement \u00e0 100 ou 150\u00a0ans en arri\u00e8re. \u00ab\u00a0Si vous remontez \u00e0 mille ans en arri\u00e8re, il faisait tout aussi chaud. Si l\u2019on remonte \u00e0 5\u00a0000\u00a0ans, il faisait nettement plus chaud. Cela ne veut donc pas dire grand-chose\u00a0\u00bb, explique-t-il.<\/span><\/span><\/span><\/p>\n<p class=\"western\" align=\"justify\"><span style=\"font-family: Times New Roman, serif;\"><span style=\"font-size: medium;\">Et si l\u2019on consid\u00e8re une \u00e9chelle de temps plus longue, des p\u00e9riodes plus chaudes ont altern\u00e9 avec des p\u00e9riodes plus froides tout au long de l\u2019histoire. En outre, au cours des 100\u00a0000\u00a0derni\u00e8res ann\u00e9es, la Terre a connu une p\u00e9riode glaciaire pendant la majeure partie de cette p\u00e9riode, et le retrait des glaces en Europe et en Am\u00e9rique du Nord s\u2019est produit il y a environ 12\u00a0000\u00a0ans.<\/span><\/span><\/p>\n<h4 class=\"western\" align=\"justify\"><strong><span style=\"color: #000000;\"><span style=\"font-family: Times New Roman, serif;\"><span style=\"font-size: medium;\"><b>Les \u00e9v\u00e9nements m\u00e9t\u00e9orologiques extr\u00eames sont-ils la preuve d\u2019une crise climatique\u00a0?<\/b><\/span><\/span><\/span><\/strong><\/h4>\n<p class=\"western\" align=\"justify\"><span style=\"font-family: Times New Roman, serif;\"><span style=\"font-size: medium;\">Cependant, les m\u00e9dias affirment souvent que nous nous trouvons dans une situation climatique critique et sans pr\u00e9c\u00e9dent, et tous les \u00e9v\u00e9nements m\u00e9t\u00e9orologiques extr\u00eames signal\u00e9s sont cens\u00e9s le prouver.<\/span><\/span><\/p>\n<p class=\"western\" align=\"justify\"><span style=\"color: #000000;\"><span style=\"font-family: Times New Roman, serif;\"><span style=\"font-size: medium;\">En r\u00e9alit\u00e9, rien n\u2019indique que la plupart des <\/span><\/span><\/span>\u00e9v\u00e9nements <span style=\"color: #000000;\"><span style=\"font-family: Times New Roman, serif;\"><span style=\"font-size: medium;\">m\u00e9t\u00e9orologiques extr\u00eames soient plus fr\u00e9quents ou plus graves que par le pass\u00e9. Prenons l\u2019exemple des ouragans. Il est vrai que les d\u00e9g\u00e2ts qu\u2019ils causent ont augment\u00e9 au fil du temps, mais Shaviv explique que c\u2019est parce que de plus en plus de gens vivent pr\u00e8s des c\u00f4tes. \u00ab\u00a0Si l\u2019on examine les statistiques relatives aux ouragans ayant touch\u00e9 terre aux \u00c9tats-Unis, qui sont relativement fiables, on constate qu\u2019il n\u2019y a pas de changement significatif\u00a0\u00bb, explique-t-il. Shaviv ajoute qu\u2019en r\u00e9alit\u00e9, il n\u2019y a m\u00eame pas de raison de s\u2019attendre \u00e0 ce qu\u2019un r\u00e9chauffement climatique entra\u00eene une augmentation du nombre d\u2019ouragans. \u00ab\u00a0Certes, il faut des eaux plus chaudes pour g\u00e9n\u00e9rer des ouragans, mais il faut aussi un gradient, une diff\u00e9rence de temp\u00e9rature entre l\u2019\u00e9quateur et les r\u00e9gions subtropicales pour que les ouragans se d\u00e9veloppent. Or, une Terre plus chaude pr\u00e9sente une diff\u00e9rence de temp\u00e9rature plus faible. Il n\u2019est donc pas \u00e9vident de savoir si les ouragans seront plus nombreux ou moins nombreux\u00a0\u00bb, explique Shaviv.<\/span><\/span><\/span><\/p>\n<p class=\"western\" align=\"justify\"><span style=\"color: #000000;\"><span style=\"font-family: Times New Roman, serif;\"><span style=\"font-size: medium;\">Les grands incendies de for\u00eat, par exemple, sont \u00e9galement associ\u00e9s au r\u00e9chauffement climatique, mais Shaviv estime qu\u2019il n\u2019y a pas de raison \u00e0 cela non plus. \u00ab\u00a0Aux \u00c9tats-Unis, dans les ann\u00e9es\u00a01930, la superficie annuelle br\u00fbl\u00e9e \u00e9tait bien plus importante qu\u2019aujourd\u2019hui\u00a0\u00bb, explique-t-il, ajoutant qu\u2019en r\u00e9alit\u00e9, une grande partie des incendies est due \u00e0 une mauvaise gestion des for\u00eats, qui ne d\u00e9barrassent pas le sol de la for\u00eat des mat\u00e9riaux inflammables.<\/span><\/span><\/span><\/p>\n<h4 class=\"western\" align=\"justify\"><strong><span style=\"color: #000000;\"><span style=\"font-family: Times New Roman, serif;\"><span style=\"font-size: medium;\"><b>Vers l\u2019\u00e9nergie nucl\u00e9aire<\/b><\/span><\/span><\/span><\/strong><\/h4>\n<p class=\"western\" align=\"justify\"><span style=\"color: #000000;\"><span style=\"font-family: Times New Roman, serif;\"><span style=\"font-size: medium;\">\u00c0 la lumi\u00e8re de ce qui pr\u00e9c\u00e8de, le changement climatique ne rend pas n\u00e9cessaire l\u2019abandon des combustibles fossiles. Cependant, Shaviv estime que nous devrions tout de m\u00eame nous orienter vers des \u00e9nergies plus propres. Tout d\u2019abord, la combustion des combustibles fossiles entra\u00eene une r\u00e9elle pollution de l\u2019environnement, en particulier le charbon, dont la consommation continue d\u2019<\/span><\/span><\/span><span style=\"color: #000080;\"><a href=\"https:\/\/www.iea.org\/reports\/coal-2024\/executive-summary\"><span style=\"color: #000000;\"><span style=\"font-family: Times New Roman, serif;\"><span style=\"font-size: medium;\">augmenter <\/span><\/span><\/span><\/a><\/span><span style=\"color: #000000;\"><span style=\"font-family: Times New Roman, serif;\"><span style=\"font-size: medium;\">dans le monde entier. Deuxi\u00e8mement, les combustibles fossiles s\u2019\u00e9puiseront un jour.<\/span><\/span><\/span><\/p>\n<p class=\"western\" align=\"justify\"><span style=\"color: #000000;\"><span style=\"font-family: Times New Roman, serif;\"><span style=\"font-size: medium;\">Mais l\u2019humanit\u00e9 ne peut pas remplacer ces combustibles par l\u2019\u00e9nergie \u00e9olienne et solaire. \u00ab\u00a0Tout d\u2019abord, c\u2019est tr\u00e8s cher. Vous pouvez constater que tous les pays <\/span><\/span><\/span>qui en utilisent beaucoup <span style=\"color: #000000;\"><span style=\"font-family: Times New Roman, serif;\"><span style=\"font-size: medium;\">paient leur \u00e9lectricit\u00e9 beaucoup plus cher\u00a0\u00bb, explique Shaviv. Il sugg\u00e8re d\u2019examiner les prix de l\u2019\u00e9lectricit\u00e9 dans des pays comme l\u2019Allemagne ou le Danemark, o\u00f9 l\u2019\u00e9olien et <\/span><\/span><\/span><span style=\"color: #000000;\"><span style=\"font-family: Times New Roman, serif;\"><span style=\"font-size: medium;\">le <\/span><\/span><\/span><span style=\"color: #000000;\"><span style=\"font-family: Times New Roman, serif;\"><span style=\"font-size: medium;\">solaire <\/span><\/span><\/span><span style=\"color: #000000;\"><span style=\"font-family: Times New Roman, serif;\"><span style=\"font-size: medium;\">ont<\/span><\/span><\/span><span style=\"color: #000000;\"><span style=\"font-family: Times New Roman, serif;\"><span style=\"font-size: medium;\"> \u00e9t\u00e9 d\u00e9velopp\u00e9<\/span><\/span><\/span><span style=\"color: #000000;\"><span style=\"font-family: Times New Roman, serif;\"><span style=\"font-size: medium;\">s<\/span><\/span><\/span><span style=\"color: #000000;\"><span style=\"font-family: Times New Roman, serif;\"><span style=\"font-size: medium;\"> gr\u00e2ce \u00e0 des milliards d\u2019euros d\u2019aide gouvernementale, et de les comparer \u00e0 ceux de la France, par exemple, qui utilise l\u2019\u00e9nergie nucl\u00e9aire. Ce qui rend cette forme d\u2019\u00e9nergie si ch\u00e8re, c\u2019est son caract\u00e8re intermittent\u00a0: la production a lieu lorsque le soleil brille et que le vent souffle. Pour garantir l\u2019approvisionnement en \u00e9lectricit\u00e9, il est donc n\u00e9cessaire de disposer d\u2019une \u00e9norme capacit\u00e9 de stockage ou de syst\u00e8mes de secours, tels que les centrales \u00e0 gaz.<\/span><\/span><\/span><\/p>\n<p class=\"western\" align=\"justify\"><span style=\"color: #000000;\"><span style=\"font-family: Times New Roman, serif;\"><span style=\"font-size: medium;\">Shaviv estime qu\u2019\u00e0 l\u2019avenir, il faudra compter beaucoup plus sur l\u2019\u00e9nergie nucl\u00e9aire, qui n\u2019a pas les probl\u00e8mes de pollution des combustibles fossiles et qui, contrairement \u00e0 l\u2019\u00e9nergie \u00e9olienne et solaire, peut fournir un approvisionnement \u00e9nerg\u00e9tique stable. Cependant, les d\u00e9tracteurs de ce plan nous rappellent les accidents nucl\u00e9aires pass\u00e9s \u2014 <\/span><\/span><\/span>Tchernobyl <span style=\"color: #000000;\"><span style=\"font-family: Times New Roman, serif;\"><span style=\"font-size: medium;\">en Ukraine, Three Mile Island aux \u00c9tats-Unis et Fukushima au Japon. Chacun de ces accidents avait ses propres causes \u2014 dans le cas de Tchernobyl et de Three Mile Island, des d\u00e9fauts techniques m\u00eal\u00e9s \u00e0 des erreurs humaines, et dans le cas de Fukushima, des forces naturelles, en d\u2019autres termes, le tremblement de terre et le tsunami. Dans le cas de Fukushima en 2011, cependant, personne n\u2019est mort en cons\u00e9quence directe de l\u2019accident de la centrale nucl\u00e9aire, mais des milliers de personnes sont mortes \u00e0 la suite du tsunami qui a d\u00e9vast\u00e9 le littoral.<\/span><\/span><\/span><\/p>\n<p class=\"western\" align=\"justify\"><span style=\"color: #000000;\"><span style=\"font-family: Times New Roman, serif;\"><span style=\"font-size: medium;\">Shaviv estime qu\u2019il est inutile de comparer la s\u00e9curit\u00e9 des centrales nucl\u00e9aires qui ont connu des accidents dans le pass\u00e9 avec la technologie d\u2019aujourd\u2019hui. \u00ab\u00a0Je ne pense pas que ce s<\/span><\/span><\/span><span style=\"color: #000000;\"><span style=\"font-family: Times New Roman, serif;\"><span style=\"font-size: medium;\">era<\/span><\/span><\/span><span style=\"color: #000000;\"><span style=\"font-family: Times New Roman, serif;\"><span style=\"font-size: medium;\"> un probl\u00e8me dans le sens o\u00f9 nous pouvons avoir un <\/span><\/span><\/span><span style=\"color: #000000;\"><span style=\"font-family: Times New Roman, serif;\"><span style=\"font-size: medium;\">design<\/span><\/span><\/span><span style=\"color: #000000;\"><span style=\"font-family: Times New Roman, serif;\"><span style=\"font-size: medium;\"> extr\u00eamement s\u00fbr\u00a0\u00bb, d\u00e9clare-t-il, ajoutant que le d\u00e9ploiement plus large de l\u2019\u00e9nergie nucl\u00e9aire se produira, que l\u2019Occident le fasse ou non. \u00ab\u00a0Si vous regardez la Chine, qui est avide d\u2019\u00e9nergie, elle ne se soucie pas autant de l\u2019opinion publique que <\/span><\/span><\/span>nous en <span style=\"color: #000000;\"><span style=\"font-family: Times New Roman, serif;\"><span style=\"font-size: medium;\">Occident. Et la r\u00e9glementation ne leur pose pas autant de probl\u00e8mes. Ils vont donc aller de l\u2019avant et, au lieu de construire ou d\u2019ouvrir une centrale au charbon toutes les quelques semaines, dans quelques ann\u00e9es, ils ouvriront une centrale nucl\u00e9aire toutes les quelques semaines\u00a0\u00bb, explique Shaviv. Il ajoute que l\u2019Occident serait \u00e9galement bien avis\u00e9 de participer \u00e0 cette \u00e9volution, plut\u00f4t que d\u2019aller dans la direction oppos\u00e9e.<\/span><\/span><\/span><\/p>\n<p class=\"western\" align=\"justify\"><span style=\"color: #000000;\"><span style=\"font-family: Times New Roman, serif;\"><span style=\"font-size: medium;\">Texte original publi\u00e9 le 23\u00a0avril 2025\u00a0: <\/span><\/span><\/span><span style=\"color: #000080;\"><u><a href=\"https:\/\/www.freedom-research.org\/p\/professor-nir-shaviv-global-warming\" target=\"_blank\" rel=\"noopener\"><span style=\"color: #000000;\"><span style=\"font-family: Times New Roman, serif;\"><span style=\"font-size: medium;\">https:\/\/www.freedom-research.org\/p\/professor-nir-shaviv-global-warming<\/span><\/span><\/span><\/a><\/u><\/span><\/p>\n","protected":false},"excerpt":{"rendered":"<p>selon Shaviv, si l\u2019on tient compte de l\u2019activit\u00e9 solaire et des effets des rayons cosmiques, la sensibilit\u00e9 du climat reste relativement faible, ou, en d\u2019autres termes, une augmentation de la proportion de CO2 dans l\u2019atmosph\u00e8re ne peut pas provoquer un r\u00e9chauffement important.<\/p>\n","protected":false},"author":2,"featured_media":20582,"comment_status":"closed","ping_status":"closed","sticky":false,"template":"","format":"standard","meta":{"footnotes":""},"categories":[1540],"tags":[1615,1702,1899],"class_list":["post-20581","post","type-post","status-publish","format-standard","has-post-thumbnail","hentry","category-actualite","tag-carbone","tag-changement-climatique","tag-energies-renouvelables"],"yoast_head":"<!-- This site is optimized with the Yoast SEO plugin v27.0 - https:\/\/yoast.com\/product\/yoast-seo-wordpress\/ -->\n<title>Professeur Nir Shaviv\u00a0: le r\u00e9chauffement climatique est principalement d\u00fb au soleil et non \u00e0 l\u2019homme par Hannes Sarv - 3e mill\u00e9naire - Spiritualit\u00e9 - Connaissance de soi - Non-dualit\u00e9 - M\u00e9ditation<\/title>\n<meta name=\"robots\" content=\"index, follow, max-snippet:-1, max-image-preview:large, max-video-preview:-1\" \/>\n<link rel=\"canonical\" href=\"https:\/\/www.revue3emillenaire.com\/blog\/professeur-nir-shaviv-le-rechauffement-climatique-est-principalement-du-au-soleil-et-non-a-lhomme-par-hannes-sarv\/\" \/>\n<meta property=\"og:locale\" content=\"fr_FR\" \/>\n<meta property=\"og:type\" content=\"article\" \/>\n<meta property=\"og:title\" content=\"Professeur Nir Shaviv\u00a0: le r\u00e9chauffement climatique est principalement d\u00fb au soleil et non \u00e0 l\u2019homme par Hannes Sarv - 3e mill\u00e9naire - Spiritualit\u00e9 - Connaissance de soi - Non-dualit\u00e9 - M\u00e9ditation\" \/>\n<meta property=\"og:description\" content=\"selon Shaviv, si l\u2019on tient compte de l\u2019activit\u00e9 solaire et des effets des rayons cosmiques, la sensibilit\u00e9 du climat reste relativement faible, ou, en d\u2019autres termes, une augmentation de la proportion de CO2 dans l\u2019atmosph\u00e8re ne peut pas provoquer un r\u00e9chauffement important.\" \/>\n<meta property=\"og:url\" content=\"https:\/\/www.revue3emillenaire.com\/blog\/professeur-nir-shaviv-le-rechauffement-climatique-est-principalement-du-au-soleil-et-non-a-lhomme-par-hannes-sarv\/\" \/>\n<meta property=\"og:site_name\" content=\"3e mill\u00e9naire - Spiritualit\u00e9 - Connaissance de soi - Non-dualit\u00e9 - M\u00e9ditation\" \/>\n<meta property=\"article:published_time\" content=\"2025-04-25T22:29:45+00:00\" \/>\n<meta property=\"article:modified_time\" content=\"2025-04-25T22:39:42+00:00\" \/>\n<meta property=\"og:image\" content=\"https:\/\/www.revue3emillenaire.com\/blog\/wp-content\/uploads\/2025\/04\/Hannes-Sarv.jpg\" \/>\n\t<meta property=\"og:image:width\" content=\"327\" \/>\n\t<meta property=\"og:image:height\" content=\"371\" \/>\n\t<meta property=\"og:image:type\" content=\"image\/jpeg\" \/>\n<meta name=\"author\" content=\"3e mill\u00e9naire\" \/>\n<meta name=\"twitter:card\" content=\"summary_large_image\" \/>\n<meta name=\"twitter:label1\" content=\"\u00c9crit par\" \/>\n\t<meta name=\"twitter:data1\" content=\"3e mill\u00e9naire\" \/>\n\t<meta name=\"twitter:label2\" content=\"Dur\u00e9e de lecture estim\u00e9e\" \/>\n\t<meta name=\"twitter:data2\" content=\"10 minutes\" \/>\n<script type=\"application\/ld+json\" class=\"yoast-schema-graph\">{\"@context\":\"https:\/\/schema.org\",\"@graph\":[{\"@type\":\"Article\",\"@id\":\"https:\/\/www.revue3emillenaire.com\/blog\/professeur-nir-shaviv-le-rechauffement-climatique-est-principalement-du-au-soleil-et-non-a-lhomme-par-hannes-sarv\/#article\",\"isPartOf\":{\"@id\":\"https:\/\/www.revue3emillenaire.com\/blog\/professeur-nir-shaviv-le-rechauffement-climatique-est-principalement-du-au-soleil-et-non-a-lhomme-par-hannes-sarv\/\"},\"author\":{\"name\":\"3e mill\u00e9naire\",\"@id\":\"https:\/\/www.revue3emillenaire.com\/blog\/#\/schema\/person\/b692dacff720a5344a6190bc714397eb\"},\"headline\":\"Professeur Nir Shaviv\u00a0: le r\u00e9chauffement climatique est principalement d\u00fb au soleil et non \u00e0 l\u2019homme par Hannes Sarv\",\"datePublished\":\"2025-04-25T22:29:45+00:00\",\"dateModified\":\"2025-04-25T22:39:42+00:00\",\"mainEntityOfPage\":{\"@id\":\"https:\/\/www.revue3emillenaire.com\/blog\/professeur-nir-shaviv-le-rechauffement-climatique-est-principalement-du-au-soleil-et-non-a-lhomme-par-hannes-sarv\/\"},\"wordCount\":2047,\"image\":{\"@id\":\"https:\/\/www.revue3emillenaire.com\/blog\/professeur-nir-shaviv-le-rechauffement-climatique-est-principalement-du-au-soleil-et-non-a-lhomme-par-hannes-sarv\/#primaryimage\"},\"thumbnailUrl\":\"https:\/\/www.revue3emillenaire.com\/blog\/wp-content\/uploads\/2025\/04\/Hannes-Sarv.jpg\",\"keywords\":[\"Carbone\",\"Changement Climatique\",\"\u00c9nergies renouvelables\"],\"articleSection\":[\"Actualit\u00e9s\"],\"inLanguage\":\"fr-FR\"},{\"@type\":\"WebPage\",\"@id\":\"https:\/\/www.revue3emillenaire.com\/blog\/professeur-nir-shaviv-le-rechauffement-climatique-est-principalement-du-au-soleil-et-non-a-lhomme-par-hannes-sarv\/\",\"url\":\"https:\/\/www.revue3emillenaire.com\/blog\/professeur-nir-shaviv-le-rechauffement-climatique-est-principalement-du-au-soleil-et-non-a-lhomme-par-hannes-sarv\/\",\"name\":\"Professeur Nir Shaviv\u00a0: le r\u00e9chauffement climatique est principalement d\u00fb au soleil et non \u00e0 l\u2019homme par Hannes Sarv - 3e mill\u00e9naire - Spiritualit\u00e9 - Connaissance de soi - Non-dualit\u00e9 - M\u00e9ditation\",\"isPartOf\":{\"@id\":\"https:\/\/www.revue3emillenaire.com\/blog\/#website\"},\"primaryImageOfPage\":{\"@id\":\"https:\/\/www.revue3emillenaire.com\/blog\/professeur-nir-shaviv-le-rechauffement-climatique-est-principalement-du-au-soleil-et-non-a-lhomme-par-hannes-sarv\/#primaryimage\"},\"image\":{\"@id\":\"https:\/\/www.revue3emillenaire.com\/blog\/professeur-nir-shaviv-le-rechauffement-climatique-est-principalement-du-au-soleil-et-non-a-lhomme-par-hannes-sarv\/#primaryimage\"},\"thumbnailUrl\":\"https:\/\/www.revue3emillenaire.com\/blog\/wp-content\/uploads\/2025\/04\/Hannes-Sarv.jpg\",\"datePublished\":\"2025-04-25T22:29:45+00:00\",\"dateModified\":\"2025-04-25T22:39:42+00:00\",\"author\":{\"@id\":\"https:\/\/www.revue3emillenaire.com\/blog\/#\/schema\/person\/b692dacff720a5344a6190bc714397eb\"},\"breadcrumb\":{\"@id\":\"https:\/\/www.revue3emillenaire.com\/blog\/professeur-nir-shaviv-le-rechauffement-climatique-est-principalement-du-au-soleil-et-non-a-lhomme-par-hannes-sarv\/#breadcrumb\"},\"inLanguage\":\"fr-FR\",\"potentialAction\":[{\"@type\":\"ReadAction\",\"target\":[\"https:\/\/www.revue3emillenaire.com\/blog\/professeur-nir-shaviv-le-rechauffement-climatique-est-principalement-du-au-soleil-et-non-a-lhomme-par-hannes-sarv\/\"]}]},{\"@type\":\"ImageObject\",\"inLanguage\":\"fr-FR\",\"@id\":\"https:\/\/www.revue3emillenaire.com\/blog\/professeur-nir-shaviv-le-rechauffement-climatique-est-principalement-du-au-soleil-et-non-a-lhomme-par-hannes-sarv\/#primaryimage\",\"url\":\"https:\/\/www.revue3emillenaire.com\/blog\/wp-content\/uploads\/2025\/04\/Hannes-Sarv.jpg\",\"contentUrl\":\"https:\/\/www.revue3emillenaire.com\/blog\/wp-content\/uploads\/2025\/04\/Hannes-Sarv.jpg\",\"width\":327,\"height\":371},{\"@type\":\"BreadcrumbList\",\"@id\":\"https:\/\/www.revue3emillenaire.com\/blog\/professeur-nir-shaviv-le-rechauffement-climatique-est-principalement-du-au-soleil-et-non-a-lhomme-par-hannes-sarv\/#breadcrumb\",\"itemListElement\":[{\"@type\":\"ListItem\",\"position\":1,\"name\":\"Accueil\",\"item\":\"https:\/\/www.revue3emillenaire.com\/blog\/\"},{\"@type\":\"ListItem\",\"position\":2,\"name\":\"Professeur Nir Shaviv\u00a0: le r\u00e9chauffement climatique est principalement d\u00fb au soleil et non \u00e0 l\u2019homme par Hannes Sarv\"}]},{\"@type\":\"WebSite\",\"@id\":\"https:\/\/www.revue3emillenaire.com\/blog\/#website\",\"url\":\"https:\/\/www.revue3emillenaire.com\/blog\/\",\"name\":\"3e mill\u00e9naire - Spiritualit\u00e9 - Connaissance de soi - Non-dualit\u00e9 - M\u00e9ditation\",\"description\":\"L&#039;Homme en devenir\",\"potentialAction\":[{\"@type\":\"SearchAction\",\"target\":{\"@type\":\"EntryPoint\",\"urlTemplate\":\"https:\/\/www.revue3emillenaire.com\/blog\/?s={search_term_string}\"},\"query-input\":{\"@type\":\"PropertyValueSpecification\",\"valueRequired\":true,\"valueName\":\"search_term_string\"}}],\"inLanguage\":\"fr-FR\"},{\"@type\":\"Person\",\"@id\":\"https:\/\/www.revue3emillenaire.com\/blog\/#\/schema\/person\/b692dacff720a5344a6190bc714397eb\",\"name\":\"3e mill\u00e9naire\",\"url\":\"https:\/\/www.revue3emillenaire.com\/blog\/author\/scoussa\/\"}]}<\/script>\n<!-- \/ Yoast SEO plugin. -->","yoast_head_json":{"title":"Professeur Nir Shaviv\u00a0: le r\u00e9chauffement climatique est principalement d\u00fb au soleil et non \u00e0 l\u2019homme par Hannes Sarv - 3e mill\u00e9naire - Spiritualit\u00e9 - Connaissance de soi - Non-dualit\u00e9 - M\u00e9ditation","robots":{"index":"index","follow":"follow","max-snippet":"max-snippet:-1","max-image-preview":"max-image-preview:large","max-video-preview":"max-video-preview:-1"},"canonical":"https:\/\/www.revue3emillenaire.com\/blog\/professeur-nir-shaviv-le-rechauffement-climatique-est-principalement-du-au-soleil-et-non-a-lhomme-par-hannes-sarv\/","og_locale":"fr_FR","og_type":"article","og_title":"Professeur Nir Shaviv\u00a0: le r\u00e9chauffement climatique est principalement d\u00fb au soleil et non \u00e0 l\u2019homme par Hannes Sarv - 3e mill\u00e9naire - Spiritualit\u00e9 - Connaissance de soi - Non-dualit\u00e9 - M\u00e9ditation","og_description":"selon Shaviv, si l\u2019on tient compte de l\u2019activit\u00e9 solaire et des effets des rayons cosmiques, la sensibilit\u00e9 du climat reste relativement faible, ou, en d\u2019autres termes, une augmentation de la proportion de CO2 dans l\u2019atmosph\u00e8re ne peut pas provoquer un r\u00e9chauffement important.","og_url":"https:\/\/www.revue3emillenaire.com\/blog\/professeur-nir-shaviv-le-rechauffement-climatique-est-principalement-du-au-soleil-et-non-a-lhomme-par-hannes-sarv\/","og_site_name":"3e mill\u00e9naire - Spiritualit\u00e9 - Connaissance de soi - Non-dualit\u00e9 - M\u00e9ditation","article_published_time":"2025-04-25T22:29:45+00:00","article_modified_time":"2025-04-25T22:39:42+00:00","og_image":[{"width":327,"height":371,"url":"https:\/\/www.revue3emillenaire.com\/blog\/wp-content\/uploads\/2025\/04\/Hannes-Sarv.jpg","type":"image\/jpeg"}],"author":"3e mill\u00e9naire","twitter_card":"summary_large_image","twitter_misc":{"\u00c9crit par":"3e mill\u00e9naire","Dur\u00e9e de lecture estim\u00e9e":"10 minutes"},"schema":{"@context":"https:\/\/schema.org","@graph":[{"@type":"Article","@id":"https:\/\/www.revue3emillenaire.com\/blog\/professeur-nir-shaviv-le-rechauffement-climatique-est-principalement-du-au-soleil-et-non-a-lhomme-par-hannes-sarv\/#article","isPartOf":{"@id":"https:\/\/www.revue3emillenaire.com\/blog\/professeur-nir-shaviv-le-rechauffement-climatique-est-principalement-du-au-soleil-et-non-a-lhomme-par-hannes-sarv\/"},"author":{"name":"3e mill\u00e9naire","@id":"https:\/\/www.revue3emillenaire.com\/blog\/#\/schema\/person\/b692dacff720a5344a6190bc714397eb"},"headline":"Professeur Nir Shaviv\u00a0: le r\u00e9chauffement climatique est principalement d\u00fb au soleil et non \u00e0 l\u2019homme par Hannes Sarv","datePublished":"2025-04-25T22:29:45+00:00","dateModified":"2025-04-25T22:39:42+00:00","mainEntityOfPage":{"@id":"https:\/\/www.revue3emillenaire.com\/blog\/professeur-nir-shaviv-le-rechauffement-climatique-est-principalement-du-au-soleil-et-non-a-lhomme-par-hannes-sarv\/"},"wordCount":2047,"image":{"@id":"https:\/\/www.revue3emillenaire.com\/blog\/professeur-nir-shaviv-le-rechauffement-climatique-est-principalement-du-au-soleil-et-non-a-lhomme-par-hannes-sarv\/#primaryimage"},"thumbnailUrl":"https:\/\/www.revue3emillenaire.com\/blog\/wp-content\/uploads\/2025\/04\/Hannes-Sarv.jpg","keywords":["Carbone","Changement Climatique","\u00c9nergies renouvelables"],"articleSection":["Actualit\u00e9s"],"inLanguage":"fr-FR"},{"@type":"WebPage","@id":"https:\/\/www.revue3emillenaire.com\/blog\/professeur-nir-shaviv-le-rechauffement-climatique-est-principalement-du-au-soleil-et-non-a-lhomme-par-hannes-sarv\/","url":"https:\/\/www.revue3emillenaire.com\/blog\/professeur-nir-shaviv-le-rechauffement-climatique-est-principalement-du-au-soleil-et-non-a-lhomme-par-hannes-sarv\/","name":"Professeur Nir Shaviv\u00a0: le r\u00e9chauffement climatique est principalement d\u00fb au soleil et non \u00e0 l\u2019homme par Hannes Sarv - 3e mill\u00e9naire - Spiritualit\u00e9 - Connaissance de soi - Non-dualit\u00e9 - M\u00e9ditation","isPartOf":{"@id":"https:\/\/www.revue3emillenaire.com\/blog\/#website"},"primaryImageOfPage":{"@id":"https:\/\/www.revue3emillenaire.com\/blog\/professeur-nir-shaviv-le-rechauffement-climatique-est-principalement-du-au-soleil-et-non-a-lhomme-par-hannes-sarv\/#primaryimage"},"image":{"@id":"https:\/\/www.revue3emillenaire.com\/blog\/professeur-nir-shaviv-le-rechauffement-climatique-est-principalement-du-au-soleil-et-non-a-lhomme-par-hannes-sarv\/#primaryimage"},"thumbnailUrl":"https:\/\/www.revue3emillenaire.com\/blog\/wp-content\/uploads\/2025\/04\/Hannes-Sarv.jpg","datePublished":"2025-04-25T22:29:45+00:00","dateModified":"2025-04-25T22:39:42+00:00","author":{"@id":"https:\/\/www.revue3emillenaire.com\/blog\/#\/schema\/person\/b692dacff720a5344a6190bc714397eb"},"breadcrumb":{"@id":"https:\/\/www.revue3emillenaire.com\/blog\/professeur-nir-shaviv-le-rechauffement-climatique-est-principalement-du-au-soleil-et-non-a-lhomme-par-hannes-sarv\/#breadcrumb"},"inLanguage":"fr-FR","potentialAction":[{"@type":"ReadAction","target":["https:\/\/www.revue3emillenaire.com\/blog\/professeur-nir-shaviv-le-rechauffement-climatique-est-principalement-du-au-soleil-et-non-a-lhomme-par-hannes-sarv\/"]}]},{"@type":"ImageObject","inLanguage":"fr-FR","@id":"https:\/\/www.revue3emillenaire.com\/blog\/professeur-nir-shaviv-le-rechauffement-climatique-est-principalement-du-au-soleil-et-non-a-lhomme-par-hannes-sarv\/#primaryimage","url":"https:\/\/www.revue3emillenaire.com\/blog\/wp-content\/uploads\/2025\/04\/Hannes-Sarv.jpg","contentUrl":"https:\/\/www.revue3emillenaire.com\/blog\/wp-content\/uploads\/2025\/04\/Hannes-Sarv.jpg","width":327,"height":371},{"@type":"BreadcrumbList","@id":"https:\/\/www.revue3emillenaire.com\/blog\/professeur-nir-shaviv-le-rechauffement-climatique-est-principalement-du-au-soleil-et-non-a-lhomme-par-hannes-sarv\/#breadcrumb","itemListElement":[{"@type":"ListItem","position":1,"name":"Accueil","item":"https:\/\/www.revue3emillenaire.com\/blog\/"},{"@type":"ListItem","position":2,"name":"Professeur Nir Shaviv\u00a0: le r\u00e9chauffement climatique est principalement d\u00fb au soleil et non \u00e0 l\u2019homme par Hannes Sarv"}]},{"@type":"WebSite","@id":"https:\/\/www.revue3emillenaire.com\/blog\/#website","url":"https:\/\/www.revue3emillenaire.com\/blog\/","name":"3e mill\u00e9naire - Spiritualit\u00e9 - Connaissance de soi - Non-dualit\u00e9 - M\u00e9ditation","description":"L&#039;Homme en devenir","potentialAction":[{"@type":"SearchAction","target":{"@type":"EntryPoint","urlTemplate":"https:\/\/www.revue3emillenaire.com\/blog\/?s={search_term_string}"},"query-input":{"@type":"PropertyValueSpecification","valueRequired":true,"valueName":"search_term_string"}}],"inLanguage":"fr-FR"},{"@type":"Person","@id":"https:\/\/www.revue3emillenaire.com\/blog\/#\/schema\/person\/b692dacff720a5344a6190bc714397eb","name":"3e mill\u00e9naire","url":"https:\/\/www.revue3emillenaire.com\/blog\/author\/scoussa\/"}]}},"_links":{"self":[{"href":"https:\/\/www.revue3emillenaire.com\/blog\/wp-json\/wp\/v2\/posts\/20581","targetHints":{"allow":["GET"]}}],"collection":[{"href":"https:\/\/www.revue3emillenaire.com\/blog\/wp-json\/wp\/v2\/posts"}],"about":[{"href":"https:\/\/www.revue3emillenaire.com\/blog\/wp-json\/wp\/v2\/types\/post"}],"author":[{"embeddable":true,"href":"https:\/\/www.revue3emillenaire.com\/blog\/wp-json\/wp\/v2\/users\/2"}],"replies":[{"embeddable":true,"href":"https:\/\/www.revue3emillenaire.com\/blog\/wp-json\/wp\/v2\/comments?post=20581"}],"version-history":[{"count":0,"href":"https:\/\/www.revue3emillenaire.com\/blog\/wp-json\/wp\/v2\/posts\/20581\/revisions"}],"wp:featuredmedia":[{"embeddable":true,"href":"https:\/\/www.revue3emillenaire.com\/blog\/wp-json\/wp\/v2\/media\/20582"}],"wp:attachment":[{"href":"https:\/\/www.revue3emillenaire.com\/blog\/wp-json\/wp\/v2\/media?parent=20581"}],"wp:term":[{"taxonomy":"category","embeddable":true,"href":"https:\/\/www.revue3emillenaire.com\/blog\/wp-json\/wp\/v2\/categories?post=20581"},{"taxonomy":"post_tag","embeddable":true,"href":"https:\/\/www.revue3emillenaire.com\/blog\/wp-json\/wp\/v2\/tags?post=20581"}],"curies":[{"name":"wp","href":"https:\/\/api.w.org\/{rel}","templated":true}]}}