{"id":20826,"date":"2025-09-14T03:13:31","date_gmt":"2025-09-14T02:13:31","guid":{"rendered":"https:\/\/www.revue3emillenaire.com\/blog\/?p=20826"},"modified":"2025-09-14T16:03:17","modified_gmt":"2025-09-14T15:03:17","slug":"la-membrane-cellulaire-comme-chainon-manquant-de-levolution-de-la-conscience-par-john-torday","status":"publish","type":"post","link":"https:\/\/www.revue3emillenaire.com\/blog\/la-membrane-cellulaire-comme-chainon-manquant-de-levolution-de-la-conscience-par-john-torday\/","title":{"rendered":"La membrane cellulaire comme \u00ab cha\u00eenon manquant \u00bb de l\u2019\u00e9volution de la conscience par John Torday"},"content":{"rendered":"<p class=\"western\" align=\"center\"><span style=\"font-size: medium;\"><b>Une br\u00e8ve introduction<\/b><\/span><\/p>\n<p class=\"western\" align=\"justify\"><span style=\"font-size: medium;\"><b>Le Dr John Torday est professeur de p\u00e9diatrie et d\u2019obst\u00e9trique-gyn\u00e9cologie \u00e0 Harbor-UCLA, Division de n\u00e9onatologie, et directeur du Guenther Laboratory <\/b><\/span><span style=\"color: #000000;\"><span style=\"font-size: medium;\"><b>de biologie cellulaire et mol\u00e9culaire<\/b><\/span><\/span><span style=\"font-size: medium;\"><b>. Il est physiologiste du d\u00e9veloppement qui s\u2019int\u00e9resse vivement \u00e0 la mani\u00e8re dont la physiologie a \u00e9volu\u00e9 et aux raisons de cette \u00e9volution. Sa carri\u00e8re dans le domaine du d\u00e9veloppement pulmonaire a \u00e9t\u00e9 lanc\u00e9e il y a 40 ans par la d\u00e9couverte fortuite qu\u2019une mol\u00e9cule simple comme le cortisol pouvait acc\u00e9l\u00e9rer efficacement le d\u00e9veloppement pulmonaire f\u0153tal ; ce ph\u00e9nom\u00e8ne a <\/b><\/span><span style=\"color: #000000;\"><span style=\"font-size: medium;\"><b>r\u00e9volutionn\u00e9<\/b><\/span><\/span><span style=\"font-size: medium;\"><b> la m\u00e9decine reproductive du jour au lendemain, r\u00e9duisant le taux de mortalit\u00e9 des nourrissons pr\u00e9matur\u00e9s de 70 % \u00e0 presque z\u00e9ro. En tant que scientifique, cela n\u2019avait aucun sens pour lui, mais il \u00e9tait impossible de l\u2019ignorer ; pourquoi les hormones devraient-elles avoir quelque chose \u00e0 voir avec le syst\u00e8me respiratoire ? D\u2019un autre c\u00f4t\u00e9, de telles d\u00e9couvertes fortuites constituent en grande partie l\u2019histoire de la recherche biom\u00e9dicale. Le professeur Torday pense que de tels paradoxes persistent parce que nous utilisons la mauvaise logique. La fa\u00e7on de rendre la biologie et la m\u00e9decine rationnelles et pr\u00e9dictives est de ramener l\u2019\u00e9volution \u00e0 la biologie cellulaire, comme il l\u2019a montr\u00e9 dans son ouvrage r\u00e9cemment publi\u00e9, <\/b><\/span><span style=\"font-size: medium;\"><i><b>Evolutionary Biology, Cell-Cell Communication and Complex Disease<\/b><\/i><\/span> <span style=\"color: #000000;\"><span style=\"font-size: medium;\"><b>(<\/b><\/span><\/span><span style=\"color: #000000;\"><span style=\"font-size: medium;\"><i><b>Biologie \u00e9volutive, communication intercellulaire et maladies complexes<\/b><\/i><\/span><\/span><span style=\"color: #000000;\"><span style=\"font-size: medium;\"><b>)<\/b><\/span><\/span><span style=\"font-size: medium;\"><b>.<\/b><\/span><\/p>\n<p class=\"western\" align=\"justify\"><span style=\"font-size: medium;\"><i>Bien que le professeur Torday soit d\u2019accord avec Federico Faggin sur le fait que la m\u00e9canique quantique est <\/i><\/span><span style=\"color: #000000;\"><span style=\"font-size: medium;\"><i>essentielle \u00e0<\/i><\/span><\/span><span style=\"font-size: medium;\"><i> la conscience, il soutient que le r\u00f4le de la membrane cellulaire \u2014 qui s\u00e9pare un organisme de son environnement \u2014 est essentiel \u00e0 l\u2019assimilation s\u00e9lective ou au reflet des propri\u00e9t\u00e9s quantiques du cosmos dans la conscience diff\u00e9renci\u00e9e de l\u2019organisme. Cet essai est court, dense et peut \u00eatre difficile \u00e0 analyser. Mais il r\u00e9compense largement l\u2019effort du lecteur patient et d\u00e9termin\u00e9. Les nombreuses r\u00e9f\u00e9rences bibliographiques de l\u2019essai offrent \u00e9galement un terrain riche pour des explorations ult\u00e9rieures.<\/i><\/span><\/p>\n<p class=\"western\" align=\"center\"><span style=\"font-size: medium;\">_______________________<\/span><\/p>\n<p class=\"western\" align=\"justify\"><span style=\"font-size: medium;\">J\u2019ai regard\u00e9 avec grand int\u00e9r\u00eat l\u2019entretien <\/span><span style=\"color: #000000;\"><span style=\"font-family: Times New Roman, serif;\"><span style=\"font-size: medium;\">r\u00e9alis\u00e9 par Hans Busstra avec Federico Faggin en janvier 2025 pour la Fondation Essentia<\/span><\/span><\/span><span style=\"font-size: medium;\">, intitul\u00e9 \u00ab Quantum Fields are Consciousness <\/span><span style=\"font-size: medium;\">(<\/span><span style=\"color: #000000;\"><span style=\"font-family: Times New Roman, serif;\"><span style=\"font-size: medium;\">Les champs quantiques sont la Conscience<\/span><\/span><\/span><span style=\"font-size: medium;\">) <\/span><span style=\"font-size: medium;\">\u00bb. Je partage l\u2019opinion selon laquelle la m\u00e9canique quantique est au c\u0153ur de la conscience, mais je pense que le \u00ab cha\u00eenon manquant \u00bb se situe entre la cellule et le cosmos, comme je l\u2019ai exprim\u00e9 r\u00e9cemment (Torday JS. The quantum cell. <\/span><span style=\"font-size: medium;\"><i>Prog Biophys Mol Biol<\/i><\/span><span style=\"font-size: medium;\">. 2024 May;188:24-30). Car sans la cellule, et en particulier sans la membrane cellulaire, la conscience telle que nous la connaissons n\u2019existerait pas.<\/span><\/p>\n<p><iframe loading=\"lazy\" title=\"Quantum Information Panpsychism Explained | Federico Faggin\" src=\"https:\/\/www.youtube.com\/embed\/0FUFewGHLLg\" width=\"651\" height=\"366\" frameborder=\"0\" allowfullscreen=\"allowfullscreen\"><\/iframe><\/p>\n<p class=\"western\" align=\"justify\"><span style=\"font-size: medium;\">C\u2019est la cellule qui assure le m\u00e9canisme endosymbiotique <\/span><span style=\"font-size: medium;\">(<\/span><span style=\"font-size: medium;\">symbiog<\/span><span style=\"font-size: medium;\">enic)<\/span> <span style=\"color: #000000;\"><span style=\"font-family: Times New Roman, serif;\"><span style=\"font-size: medium;\">qui, selon l\u2019hypoth\u00e8se de Lynn Margulis Sagan, facilite l\u2019assimilation<\/span><\/span><\/span><span style=\"font-size: medium;\"> de<\/span><span style=\"font-size: medium;\">s<\/span><span style=\"font-size: medium;\"> facteurs <\/span><span style=\"color: #000000;\"><span style=\"font-family: Times New Roman, serif;\"><span style=\"font-size: medium;\">environnementaux<\/span><\/span><\/span> <span style=\"color: #000000;\"><span style=\"font-family: Times New Roman, serif;\"><span style=\"font-size: medium;\">qui constitu<\/span><\/span><\/span><span style=\"color: #000000;\"><span style=\"font-family: Times New Roman, serif;\"><span style=\"font-size: medium;\">aient<\/span><\/span><\/span><span style=\"font-size: medium;\"> des menaces existentielles au cours de l\u2019\u00e9volution (1967), \u00e0 commencer par les bact\u00e9ries enr\u00f4l\u00e9es pour former les mitochondries dans les arch\u00e9es, donnant naissance aux eucaryotes, et ainsi de suite, construisant la physiologie des organismes unicellulaires puis multicellulaires en r\u00e9ponse \u00e0 un environnement en perp\u00e9tuel changement caus\u00e9 par un cosmos en expansion (Hawking, 1988). Le but ultime de l\u2019<\/span><span style=\"font-size: medium;\">endosymbiose<\/span><span style=\"font-size: medium;\"> est de soutenir et de perp\u00e9tuer le contr\u00f4le hom\u00e9ostatique <\/span><span style=\"font-size: medium;\">en s\u00e9rie<\/span><span style=\"font-size: medium;\"> de l\u2019\u00e9nergie qui sous-tend l\u2019\u00e9volution (Torday JS. Evolution, gravity, and the topology of consciousness. <\/span><span style=\"font-size: medium;\"><i>Prog Biophys Mol Biol.<\/i><\/span><span style=\"font-size: medium;\"> 2022 Oct;174:50-54), reflet de l\u2019ajout de caract\u00e8res physiologiques en adaptation \u00e0 ces changements environnementaux. Le m\u00e9canisme synchronique ou \u00ab en temps r\u00e9el \u00bb de ces adaptations est d\u00e9crit comme l\u2019ontogen\u00e8se, tandis que le m\u00e9canisme diachronique, \u00e0 travers l\u2019espace-temps, est la phylogen\u00e8se ou sp\u00e9ciation. En r\u00e9alit\u00e9, ontogen\u00e8se et phylogen\u00e8se d\u00e9crivent le m\u00eame m\u00e9canisme de communication intercellulaire <\/span><span style=\"font-size: medium;\">assur<\/span><span style=\"font-size: medium;\">\u00e9e par des facteurs de croissance solubles \u00e0 diff\u00e9rentes \u00e9chelles temporelles. Elles r\u00e9sultent toutes deux de la dyshom\u00e9ostasie, qui provoque la production d\u2019esp\u00e8ces <\/span><span style=\"font-size: medium;\">radicalair<\/span><span style=\"font-size: medium;\">es de l\u2019oxyg\u00e8ne entra\u00eenant des mutations et duplications g\u00e9niques. De tels changements g\u00e9n\u00e9tiques facilitent les adaptations autopo\u00ef\u00e9tiques autor\u00e9f\u00e9rentielles et auto-organisationnelles (Maturana, H.R., Varela, F.J., 1982. <\/span><span style=\"font-size: medium;\"><i>Autopoiesis and Cognition<\/i><\/span><span style=\"font-size: medium;\">. Reidel, Dordrecht) que nous appelons conventionnellement \u00e9volution.<\/span><\/p>\n<p class=\"western\" align=\"justify\"><span style=\"font-size: medium;\">Dans le processus d\u2019assimilation endosymbiotique des facteurs <\/span><span style=\"color: #000000;\"><span style=\"font-family: Times New Roman, serif;\"><span style=\"font-size: medium;\">environnementaux<\/span><\/span><\/span><span style=\"font-size: medium;\">, nous avons acquis passivement les math\u00e9matiques inh\u00e9rentes au cosmos (Platon, 2007. <\/span><span style=\"font-size: medium;\"><i>La R\u00e9publique<\/i><\/span><span style=\"font-size: medium;\">. Penguin, New York ; Livio, M. The Golden Ratio. Crown, New York ; Tegmark, M., 2015. Our Mathematical Universe. Vintage, New York). C\u2019est cette convergence entre physiologie et math\u00e9matiques que Weibel et al. ont appel\u00e9e symmorphose, ou \u00ab l\u2019effet Boucles d\u2019or \u00bb, en r\u00e9f\u00e9rence \u00e0 la mani\u00e8re dont notre \u00ab \u00eatre \u00bb correspond \u00e0 l\u2019\u00ab ajustement fin du cosmos \u00bb. Ce dernier est commun\u00e9ment d\u00e9sign\u00e9 sous le nom de \u00ab principe anthropique \u00bb, selon lequel nous nous serions retrouv\u00e9s dans un environnement \u00ab juste adapt\u00e9 \u00bb \u00e0 notre physiologie. Inversement, la s\u00e9lection interne autopo\u00ef\u00e9tique des <\/span><span style=\"font-size: medium;\">traits<\/span><span style=\"font-size: medium;\"> physiologiques par \u00ab bricolage \u00bb (Jacob F. <\/span><span style=\"font-size: medium;\"><i>Evolution and tinkering<\/i><\/span><span style=\"font-size: medium;\">. Science. 1977 Jun 10;196(4295):1161-6) est coh\u00e9rente avec les changements structurels et fonctionnels qu\u2019ont subis les vert\u00e9br\u00e9s au cours de leur \u00e9volution. La faisabilit\u00e9 de l\u2019autopo\u00ef\u00e8se est apparue lorsque des cellules diff\u00e9renci\u00e9es du poumon ou de l\u2019os ont \u00e9t\u00e9 expos\u00e9es \u00e0 la microgravit\u00e9, et que l\u2019on a d\u00e9couvert qu\u2019elles perdaient leur identit\u00e9 ph\u00e9notypique de mani\u00e8re progressive (Torday JS. Parathyroid hormone-related protein is a gravisensor in lung and bone cell biology. <\/span><span style=\"font-size: medium;\"><i>Adv Space Res.<\/i><\/span><span style=\"font-size: medium;\"> 2003;32(8):1569-76), conform\u00e9ment \u00e0 l\u2019adaptation progressive \u00e0 la vie terrestre attest\u00e9e par les fossiles, survenue \u00e0 au moins cinq reprises distinctes (Clack, 2012. <\/span><span style=\"font-size: medium;\"><i>Gaining Ground<\/i><\/span><span style=\"font-size: medium;\">. University of Indiana Press, Bloomington). Il s\u2019agissait d\u2019une observation qui changeait de paradigme, car elle unissait physiquement la physique et la physiologie de mani\u00e8re \u00e9volutive, sugg\u00e9rant que la force de gravit\u00e9 \u00e9tait n\u00e9cessaire \u00e0 cette derni\u00e8re.<\/span><\/p>\n<p class=\"western\" align=\"justify\"><span style=\"font-size: medium;\">Par la suite, la question de l\u2019origine \u00e9volutive de l\u2019endosymbio<\/span><span style=\"font-size: medium;\">s<\/span><span style=\"font-size: medium;\">e s\u2019est pos\u00e9e, \u00e9tant donn\u00e9 que celle-ci se caract\u00e9rise par des pr\u00e9adaptations <\/span><span style=\"font-size: medium;\">en s\u00e9rie<\/span><span style=\"font-size: medium;\">, ou ce que Gould et Vrba ont appel\u00e9 des exaptations (Gould, S.J., Vrba, E.S., 1982. Exaptation \u2014 a missing term in the science of form. <\/span><span style=\"font-size: medium;\"><i>Palaeobiology <\/i><\/span><span style=\"font-size: medium;\">8, 4-15). Puisque la fonction de l\u2019endosymbio<\/span><span style=\"font-size: medium;\">s<\/span><span style=\"font-size: medium;\">e est de maintenir l\u2019\u00e9quilibre hom\u00e9ostatique de l\u2019\u00e9nergie, et que le consensus veut que la m\u00e9canique classique ait \u00e9volu\u00e9 \u00e0 partir de la m\u00e9canique quantique, la pr\u00e9adaptation logique aurait \u00e9t\u00e9 l\u2019intrication quantique en tant que processus homologue, \u00e9tablissant pour la premi\u00e8re fois un continuum physiologique entre les deux (Torday JS. Consciousness, embodied Quantum Entanglement. <\/span><span style=\"font-size: medium;\"><i>Prog Biophys Mol Biol.<\/i><\/span><span style=\"font-size: medium;\"> 2023 Jan;177:125-128).<\/span><\/p>\n<p class=\"western\" align=\"justify\"><span style=\"font-size: medium;\">Cette compr\u00e9hension a finalement conduit \u00e0 l\u2019hypoth\u00e8se selon laquelle la cellule unique se rapporte aux \u00e9l\u00e9ments, qui se sont form\u00e9s comme sous-produits de la nucl\u00e9osynth\u00e8se stellaire (Hoyle, F., 1946. The Synthesis of the Elements from Hydrogen. <\/span><span style=\"font-size: medium;\"><i>Monthly Notices of the Royal Astronomical Society<\/i><\/span><span style=\"font-size: medium;\"> 106, 343\u2013383) dans l\u2019ordre exact de leur masse atomique, d<\/span><span style=\"font-size: medium;\">u<\/span><span style=\"font-size: medium;\"> plus l\u00e9g<\/span><span style=\"font-size: medium;\">er<\/span> <span style=\"font-size: medium;\">au<\/span><span style=\"font-size: medium;\"> plus lourd, <\/span><span style=\"color: #000000;\"><span style=\"font-family: Times New Roman, serif;\"><span style=\"font-size: medium;\">et tout ce qui se trouve entre les deux<\/span><\/span><\/span><span style=\"font-size: medium;\">, conf\u00e9rant ainsi une \u00ab logique \u00bb au cosmos. De plus, les \u00e9l\u00e9ments ont \u00e9t\u00e9 produits par la r\u00e9action de deux \u00e9l\u00e9ments plus l\u00e9gers, tels que l\u2019hydrog\u00e8ne et l\u2019h\u00e9lium, pour produire un \u00e9l\u00e9ment plus lourd, \u00e0 savoir le lithium, ce qui constitue une s\u00e9quence de type Fibonacci. L\u2019h\u00e9r\u00e9dit\u00e9 \u00e9pig\u00e9n\u00e9tique se caract\u00e9rise de mani\u00e8re analogue par une s\u00e9quence de type Fibonacci, comme la r\u00e9action de la nicotine avec le r\u00e9cepteur nicotinique de l\u2019ac\u00e9tylcholine g\u00e9n\u00e9rant l\u2019asthme, ou du vinclozolin avec le r\u00e9cepteur des androg\u00e8nes causant une morphogen\u00e8se m\u00e2le anormale, ou encore du cortisol avec le r\u00e9cepteur des glucocortico\u00efdes entra\u00eenant l\u2019ob\u00e9sit\u00e9. La cellule, \u00e0 son tour, a assimil\u00e9 les \u00e9l\u00e9ments les plus l\u00e9gers (ceux dont le poids atomique est \u00e9gal ou inf\u00e9rieur \u00e0 celui du fer) comme ions pour maintenir l\u2019hom\u00e9ostasie m\u00e9tabolique, tels que le sodium, le potassium et le chlore. \u00c0 l\u2019inverse, les \u00e9l\u00e9ments plus lourds ont \u00e9t\u00e9 rel\u00e9gu\u00e9s \u00e0 la matrice extracellulaire, dont la plupart sont toxiques pour la cellule, \u00e0 quelques exceptions pr\u00e8s comme le zinc, qui est un cofacteur pour la d\u00e9gradation de la MEC par les m\u00e9talloprot\u00e9ases.<\/span><\/p>\n<p class=\"western\" align=\"justify\"><span style=\"font-size: medium;\">Dans leur ensemble, les relations ci-dessus entre la cellule et son environnement \u2014 allant de sa formation topologique \u00e0 partir de mol\u00e9cules lipidiques pour produire des protocellules d\u00e9limit\u00e9es par une membrane semi-perm\u00e9able (Torday, J.S., Rehan, V.K., 2012. <\/span><span style=\"font-size: medium;\"><i>Evolutionary Biology, Cell-Cell Communication and Complex Disease<\/i><\/span><span style=\"font-size: medium;\">. Wiley, Hoboken), \u00e0 l\u2019hom\u00e9ostasie <\/span><span style=\"font-size: medium;\">en s\u00e9rie<\/span><span style=\"font-size: medium;\"> de l\u2019\u00e9nergie, jusqu\u2019\u00e0 la relation entre la cellule et les \u00e9l\u00e9ments \u2014 constituent la <\/span><span style=\"font-size: medium;\">base de la <\/span><span style=\"font-size: medium;\">conscience (Torday, J.S., 2024. The quantum cell. <\/span><span style=\"font-size: medium;\"><i>Prog Biophys Mol Biol.<\/i><\/span><span style=\"font-size: medium;\"> 188, 24-30.), en tant que conscience de soi et de l\u2019environnement, cons\u00e9quence de l\u2019endosymbio<\/span><span style=\"font-size: medium;\">s<\/span><span style=\"font-size: medium;\">e en tant qu\u2019observateur et observ\u00e9 (Torday, J.S., Miller, W.B. Jr., 2016. Biologic relativity: Who is the observer and what is observed? <\/span><span style=\"font-size: medium;\"><i>Prog Biophys Mol Biol.<\/i><\/span><span style=\"font-size: medium;\"> 121, 29-34.).<\/span><\/p>\n<p class=\"western\" align=\"justify\"><span style=\"font-size: medium;\">Texte original publi\u00e9 le 12 septembre 2025\u00a0: <\/span><span style=\"color: #000080;\"><u><a href=\"https:\/\/www.essentiafoundation.org\/the-cell-membrane-as-the-missing-link-for-the-evolution-of-consciousness\/reading\/\" target=\"_blank\" rel=\"noopener\"><span style=\"font-size: medium;\">https:\/\/www.essentiafoundation.org\/the-cell-membrane-as-the-missing-link-for-the-evolution-of-consciousness\/reading\/<\/span><\/a><\/u><\/span><\/p>\n","protected":false},"excerpt":{"rendered":"<p>Bien que le professeur Torday soit d\u2019accord avec Federico Faggin sur le fait que la m\u00e9canique quantique est essentielle \u00e0 la conscience, il soutient que le r\u00f4le de la membrane cellulaire \u2014 qui s\u00e9pare un organisme de son environnement \u2014 est essentiel \u00e0 l\u2019assimilation s\u00e9lective ou au reflet des propri\u00e9t\u00e9s quantiques du cosmos dans la conscience diff\u00e9renci\u00e9e de l\u2019organisme. Cet essai est court, dense et peut \u00eatre difficile \u00e0 analyser. Mais il r\u00e9compense largement l\u2019effort du lecteur patient et d\u00e9termin\u00e9. Les nombreuses r\u00e9f\u00e9rences bibliographiques de l\u2019essai offrent \u00e9galement un terrain riche pour des explorations ult\u00e9rieures.<\/p>\n","protected":false},"author":2,"featured_media":20827,"comment_status":"closed","ping_status":"closed","sticky":false,"template":"","format":"standard","meta":{"footnotes":""},"categories":[1014],"tags":[243,37,108,1590],"class_list":["post-20826","post","type-post","status-publish","format-standard","has-post-thumbnail","hentry","category-essais","tag-cellule","tag-conscience","tag-evolution","tag-science-et-conscience"],"yoast_head":"<!-- This site is optimized with the Yoast SEO plugin v27.0 - https:\/\/yoast.com\/product\/yoast-seo-wordpress\/ -->\n<title>La membrane cellulaire comme \u00ab cha\u00eenon manquant \u00bb de l\u2019\u00e9volution de la conscience par John Torday - 3e mill\u00e9naire - Spiritualit\u00e9 - Connaissance de soi - Non-dualit\u00e9 - M\u00e9ditation<\/title>\n<meta name=\"robots\" content=\"index, follow, max-snippet:-1, max-image-preview:large, max-video-preview:-1\" \/>\n<link rel=\"canonical\" href=\"https:\/\/www.revue3emillenaire.com\/blog\/la-membrane-cellulaire-comme-chainon-manquant-de-levolution-de-la-conscience-par-john-torday\/\" \/>\n<meta property=\"og:locale\" content=\"fr_FR\" \/>\n<meta property=\"og:type\" content=\"article\" \/>\n<meta property=\"og:title\" content=\"La membrane cellulaire comme \u00ab cha\u00eenon manquant \u00bb de l\u2019\u00e9volution de la conscience par John Torday - 3e mill\u00e9naire - Spiritualit\u00e9 - Connaissance de soi - Non-dualit\u00e9 - M\u00e9ditation\" \/>\n<meta property=\"og:description\" content=\"Bien que le professeur Torday soit d\u2019accord avec Federico Faggin sur le fait que la m\u00e9canique quantique est essentielle \u00e0 la conscience, il soutient que le r\u00f4le de la membrane cellulaire \u2014 qui s\u00e9pare un organisme de son environnement \u2014 est essentiel \u00e0 l\u2019assimilation s\u00e9lective ou au reflet des propri\u00e9t\u00e9s quantiques du cosmos dans la conscience diff\u00e9renci\u00e9e de l\u2019organisme. Cet essai est court, dense et peut \u00eatre difficile \u00e0 analyser. Mais il r\u00e9compense largement l\u2019effort du lecteur patient et d\u00e9termin\u00e9. Les nombreuses r\u00e9f\u00e9rences bibliographiques de l\u2019essai offrent \u00e9galement un terrain riche pour des explorations ult\u00e9rieures.\" \/>\n<meta property=\"og:url\" content=\"https:\/\/www.revue3emillenaire.com\/blog\/la-membrane-cellulaire-comme-chainon-manquant-de-levolution-de-la-conscience-par-john-torday\/\" \/>\n<meta property=\"og:site_name\" content=\"3e mill\u00e9naire - Spiritualit\u00e9 - Connaissance de soi - Non-dualit\u00e9 - M\u00e9ditation\" \/>\n<meta property=\"article:published_time\" content=\"2025-09-14T02:13:31+00:00\" \/>\n<meta property=\"article:modified_time\" content=\"2025-09-14T15:03:17+00:00\" \/>\n<meta property=\"og:image\" content=\"https:\/\/www.revue3emillenaire.com\/blog\/wp-content\/uploads\/2025\/09\/John-Torday.jpg\" \/>\n\t<meta property=\"og:image:width\" content=\"215\" \/>\n\t<meta property=\"og:image:height\" content=\"214\" \/>\n\t<meta property=\"og:image:type\" content=\"image\/jpeg\" \/>\n<meta name=\"author\" content=\"3e mill\u00e9naire\" \/>\n<meta name=\"twitter:card\" content=\"summary_large_image\" \/>\n<meta name=\"twitter:label1\" content=\"\u00c9crit par\" \/>\n\t<meta name=\"twitter:data1\" content=\"3e mill\u00e9naire\" \/>\n\t<meta name=\"twitter:label2\" content=\"Dur\u00e9e de lecture estim\u00e9e\" \/>\n\t<meta name=\"twitter:data2\" content=\"8 minutes\" \/>\n<script type=\"application\/ld+json\" class=\"yoast-schema-graph\">{\"@context\":\"https:\/\/schema.org\",\"@graph\":[{\"@type\":\"Article\",\"@id\":\"https:\/\/www.revue3emillenaire.com\/blog\/la-membrane-cellulaire-comme-chainon-manquant-de-levolution-de-la-conscience-par-john-torday\/#article\",\"isPartOf\":{\"@id\":\"https:\/\/www.revue3emillenaire.com\/blog\/la-membrane-cellulaire-comme-chainon-manquant-de-levolution-de-la-conscience-par-john-torday\/\"},\"author\":{\"name\":\"3e mill\u00e9naire\",\"@id\":\"https:\/\/www.revue3emillenaire.com\/blog\/#\/schema\/person\/b692dacff720a5344a6190bc714397eb\"},\"headline\":\"La membrane cellulaire comme \u00ab cha\u00eenon manquant \u00bb de l\u2019\u00e9volution de la conscience par John Torday\",\"datePublished\":\"2025-09-14T02:13:31+00:00\",\"dateModified\":\"2025-09-14T15:03:17+00:00\",\"mainEntityOfPage\":{\"@id\":\"https:\/\/www.revue3emillenaire.com\/blog\/la-membrane-cellulaire-comme-chainon-manquant-de-levolution-de-la-conscience-par-john-torday\/\"},\"wordCount\":1590,\"image\":{\"@id\":\"https:\/\/www.revue3emillenaire.com\/blog\/la-membrane-cellulaire-comme-chainon-manquant-de-levolution-de-la-conscience-par-john-torday\/#primaryimage\"},\"thumbnailUrl\":\"https:\/\/www.revue3emillenaire.com\/blog\/wp-content\/uploads\/2025\/09\/John-Torday.jpg\",\"keywords\":[\"cellule\",\"Conscience\",\"\u00c9volution\",\"science et conscience\"],\"articleSection\":[\"Essais\"],\"inLanguage\":\"fr-FR\"},{\"@type\":\"WebPage\",\"@id\":\"https:\/\/www.revue3emillenaire.com\/blog\/la-membrane-cellulaire-comme-chainon-manquant-de-levolution-de-la-conscience-par-john-torday\/\",\"url\":\"https:\/\/www.revue3emillenaire.com\/blog\/la-membrane-cellulaire-comme-chainon-manquant-de-levolution-de-la-conscience-par-john-torday\/\",\"name\":\"La membrane cellulaire comme \u00ab cha\u00eenon manquant \u00bb de l\u2019\u00e9volution de la conscience par John Torday - 3e mill\u00e9naire - Spiritualit\u00e9 - Connaissance de soi - Non-dualit\u00e9 - M\u00e9ditation\",\"isPartOf\":{\"@id\":\"https:\/\/www.revue3emillenaire.com\/blog\/#website\"},\"primaryImageOfPage\":{\"@id\":\"https:\/\/www.revue3emillenaire.com\/blog\/la-membrane-cellulaire-comme-chainon-manquant-de-levolution-de-la-conscience-par-john-torday\/#primaryimage\"},\"image\":{\"@id\":\"https:\/\/www.revue3emillenaire.com\/blog\/la-membrane-cellulaire-comme-chainon-manquant-de-levolution-de-la-conscience-par-john-torday\/#primaryimage\"},\"thumbnailUrl\":\"https:\/\/www.revue3emillenaire.com\/blog\/wp-content\/uploads\/2025\/09\/John-Torday.jpg\",\"datePublished\":\"2025-09-14T02:13:31+00:00\",\"dateModified\":\"2025-09-14T15:03:17+00:00\",\"author\":{\"@id\":\"https:\/\/www.revue3emillenaire.com\/blog\/#\/schema\/person\/b692dacff720a5344a6190bc714397eb\"},\"breadcrumb\":{\"@id\":\"https:\/\/www.revue3emillenaire.com\/blog\/la-membrane-cellulaire-comme-chainon-manquant-de-levolution-de-la-conscience-par-john-torday\/#breadcrumb\"},\"inLanguage\":\"fr-FR\",\"potentialAction\":[{\"@type\":\"ReadAction\",\"target\":[\"https:\/\/www.revue3emillenaire.com\/blog\/la-membrane-cellulaire-comme-chainon-manquant-de-levolution-de-la-conscience-par-john-torday\/\"]}]},{\"@type\":\"ImageObject\",\"inLanguage\":\"fr-FR\",\"@id\":\"https:\/\/www.revue3emillenaire.com\/blog\/la-membrane-cellulaire-comme-chainon-manquant-de-levolution-de-la-conscience-par-john-torday\/#primaryimage\",\"url\":\"https:\/\/www.revue3emillenaire.com\/blog\/wp-content\/uploads\/2025\/09\/John-Torday.jpg\",\"contentUrl\":\"https:\/\/www.revue3emillenaire.com\/blog\/wp-content\/uploads\/2025\/09\/John-Torday.jpg\",\"width\":215,\"height\":214},{\"@type\":\"BreadcrumbList\",\"@id\":\"https:\/\/www.revue3emillenaire.com\/blog\/la-membrane-cellulaire-comme-chainon-manquant-de-levolution-de-la-conscience-par-john-torday\/#breadcrumb\",\"itemListElement\":[{\"@type\":\"ListItem\",\"position\":1,\"name\":\"Accueil\",\"item\":\"https:\/\/www.revue3emillenaire.com\/blog\/\"},{\"@type\":\"ListItem\",\"position\":2,\"name\":\"La membrane cellulaire comme \u00ab cha\u00eenon manquant \u00bb de l\u2019\u00e9volution de la conscience par John Torday\"}]},{\"@type\":\"WebSite\",\"@id\":\"https:\/\/www.revue3emillenaire.com\/blog\/#website\",\"url\":\"https:\/\/www.revue3emillenaire.com\/blog\/\",\"name\":\"3e mill\u00e9naire - Spiritualit\u00e9 - Connaissance de soi - Non-dualit\u00e9 - M\u00e9ditation\",\"description\":\"L&#039;Homme en devenir\",\"potentialAction\":[{\"@type\":\"SearchAction\",\"target\":{\"@type\":\"EntryPoint\",\"urlTemplate\":\"https:\/\/www.revue3emillenaire.com\/blog\/?s={search_term_string}\"},\"query-input\":{\"@type\":\"PropertyValueSpecification\",\"valueRequired\":true,\"valueName\":\"search_term_string\"}}],\"inLanguage\":\"fr-FR\"},{\"@type\":\"Person\",\"@id\":\"https:\/\/www.revue3emillenaire.com\/blog\/#\/schema\/person\/b692dacff720a5344a6190bc714397eb\",\"name\":\"3e mill\u00e9naire\",\"url\":\"https:\/\/www.revue3emillenaire.com\/blog\/author\/scoussa\/\"}]}<\/script>\n<!-- \/ Yoast SEO plugin. -->","yoast_head_json":{"title":"La membrane cellulaire comme \u00ab cha\u00eenon manquant \u00bb de l\u2019\u00e9volution de la conscience par John Torday - 3e mill\u00e9naire - Spiritualit\u00e9 - Connaissance de soi - Non-dualit\u00e9 - M\u00e9ditation","robots":{"index":"index","follow":"follow","max-snippet":"max-snippet:-1","max-image-preview":"max-image-preview:large","max-video-preview":"max-video-preview:-1"},"canonical":"https:\/\/www.revue3emillenaire.com\/blog\/la-membrane-cellulaire-comme-chainon-manquant-de-levolution-de-la-conscience-par-john-torday\/","og_locale":"fr_FR","og_type":"article","og_title":"La membrane cellulaire comme \u00ab cha\u00eenon manquant \u00bb de l\u2019\u00e9volution de la conscience par John Torday - 3e mill\u00e9naire - Spiritualit\u00e9 - Connaissance de soi - Non-dualit\u00e9 - M\u00e9ditation","og_description":"Bien que le professeur Torday soit d\u2019accord avec Federico Faggin sur le fait que la m\u00e9canique quantique est essentielle \u00e0 la conscience, il soutient que le r\u00f4le de la membrane cellulaire \u2014 qui s\u00e9pare un organisme de son environnement \u2014 est essentiel \u00e0 l\u2019assimilation s\u00e9lective ou au reflet des propri\u00e9t\u00e9s quantiques du cosmos dans la conscience diff\u00e9renci\u00e9e de l\u2019organisme. Cet essai est court, dense et peut \u00eatre difficile \u00e0 analyser. Mais il r\u00e9compense largement l\u2019effort du lecteur patient et d\u00e9termin\u00e9. Les nombreuses r\u00e9f\u00e9rences bibliographiques de l\u2019essai offrent \u00e9galement un terrain riche pour des explorations ult\u00e9rieures.","og_url":"https:\/\/www.revue3emillenaire.com\/blog\/la-membrane-cellulaire-comme-chainon-manquant-de-levolution-de-la-conscience-par-john-torday\/","og_site_name":"3e mill\u00e9naire - Spiritualit\u00e9 - Connaissance de soi - Non-dualit\u00e9 - M\u00e9ditation","article_published_time":"2025-09-14T02:13:31+00:00","article_modified_time":"2025-09-14T15:03:17+00:00","og_image":[{"width":215,"height":214,"url":"https:\/\/www.revue3emillenaire.com\/blog\/wp-content\/uploads\/2025\/09\/John-Torday.jpg","type":"image\/jpeg"}],"author":"3e mill\u00e9naire","twitter_card":"summary_large_image","twitter_misc":{"\u00c9crit par":"3e mill\u00e9naire","Dur\u00e9e de lecture estim\u00e9e":"8 minutes"},"schema":{"@context":"https:\/\/schema.org","@graph":[{"@type":"Article","@id":"https:\/\/www.revue3emillenaire.com\/blog\/la-membrane-cellulaire-comme-chainon-manquant-de-levolution-de-la-conscience-par-john-torday\/#article","isPartOf":{"@id":"https:\/\/www.revue3emillenaire.com\/blog\/la-membrane-cellulaire-comme-chainon-manquant-de-levolution-de-la-conscience-par-john-torday\/"},"author":{"name":"3e mill\u00e9naire","@id":"https:\/\/www.revue3emillenaire.com\/blog\/#\/schema\/person\/b692dacff720a5344a6190bc714397eb"},"headline":"La membrane cellulaire comme \u00ab cha\u00eenon manquant \u00bb de l\u2019\u00e9volution de la conscience par John Torday","datePublished":"2025-09-14T02:13:31+00:00","dateModified":"2025-09-14T15:03:17+00:00","mainEntityOfPage":{"@id":"https:\/\/www.revue3emillenaire.com\/blog\/la-membrane-cellulaire-comme-chainon-manquant-de-levolution-de-la-conscience-par-john-torday\/"},"wordCount":1590,"image":{"@id":"https:\/\/www.revue3emillenaire.com\/blog\/la-membrane-cellulaire-comme-chainon-manquant-de-levolution-de-la-conscience-par-john-torday\/#primaryimage"},"thumbnailUrl":"https:\/\/www.revue3emillenaire.com\/blog\/wp-content\/uploads\/2025\/09\/John-Torday.jpg","keywords":["cellule","Conscience","\u00c9volution","science et conscience"],"articleSection":["Essais"],"inLanguage":"fr-FR"},{"@type":"WebPage","@id":"https:\/\/www.revue3emillenaire.com\/blog\/la-membrane-cellulaire-comme-chainon-manquant-de-levolution-de-la-conscience-par-john-torday\/","url":"https:\/\/www.revue3emillenaire.com\/blog\/la-membrane-cellulaire-comme-chainon-manquant-de-levolution-de-la-conscience-par-john-torday\/","name":"La membrane cellulaire comme \u00ab cha\u00eenon manquant \u00bb de l\u2019\u00e9volution de la conscience par John Torday - 3e mill\u00e9naire - Spiritualit\u00e9 - Connaissance de soi - Non-dualit\u00e9 - M\u00e9ditation","isPartOf":{"@id":"https:\/\/www.revue3emillenaire.com\/blog\/#website"},"primaryImageOfPage":{"@id":"https:\/\/www.revue3emillenaire.com\/blog\/la-membrane-cellulaire-comme-chainon-manquant-de-levolution-de-la-conscience-par-john-torday\/#primaryimage"},"image":{"@id":"https:\/\/www.revue3emillenaire.com\/blog\/la-membrane-cellulaire-comme-chainon-manquant-de-levolution-de-la-conscience-par-john-torday\/#primaryimage"},"thumbnailUrl":"https:\/\/www.revue3emillenaire.com\/blog\/wp-content\/uploads\/2025\/09\/John-Torday.jpg","datePublished":"2025-09-14T02:13:31+00:00","dateModified":"2025-09-14T15:03:17+00:00","author":{"@id":"https:\/\/www.revue3emillenaire.com\/blog\/#\/schema\/person\/b692dacff720a5344a6190bc714397eb"},"breadcrumb":{"@id":"https:\/\/www.revue3emillenaire.com\/blog\/la-membrane-cellulaire-comme-chainon-manquant-de-levolution-de-la-conscience-par-john-torday\/#breadcrumb"},"inLanguage":"fr-FR","potentialAction":[{"@type":"ReadAction","target":["https:\/\/www.revue3emillenaire.com\/blog\/la-membrane-cellulaire-comme-chainon-manquant-de-levolution-de-la-conscience-par-john-torday\/"]}]},{"@type":"ImageObject","inLanguage":"fr-FR","@id":"https:\/\/www.revue3emillenaire.com\/blog\/la-membrane-cellulaire-comme-chainon-manquant-de-levolution-de-la-conscience-par-john-torday\/#primaryimage","url":"https:\/\/www.revue3emillenaire.com\/blog\/wp-content\/uploads\/2025\/09\/John-Torday.jpg","contentUrl":"https:\/\/www.revue3emillenaire.com\/blog\/wp-content\/uploads\/2025\/09\/John-Torday.jpg","width":215,"height":214},{"@type":"BreadcrumbList","@id":"https:\/\/www.revue3emillenaire.com\/blog\/la-membrane-cellulaire-comme-chainon-manquant-de-levolution-de-la-conscience-par-john-torday\/#breadcrumb","itemListElement":[{"@type":"ListItem","position":1,"name":"Accueil","item":"https:\/\/www.revue3emillenaire.com\/blog\/"},{"@type":"ListItem","position":2,"name":"La membrane cellulaire comme \u00ab cha\u00eenon manquant \u00bb de l\u2019\u00e9volution de la conscience par John Torday"}]},{"@type":"WebSite","@id":"https:\/\/www.revue3emillenaire.com\/blog\/#website","url":"https:\/\/www.revue3emillenaire.com\/blog\/","name":"3e mill\u00e9naire - Spiritualit\u00e9 - Connaissance de soi - Non-dualit\u00e9 - M\u00e9ditation","description":"L&#039;Homme en devenir","potentialAction":[{"@type":"SearchAction","target":{"@type":"EntryPoint","urlTemplate":"https:\/\/www.revue3emillenaire.com\/blog\/?s={search_term_string}"},"query-input":{"@type":"PropertyValueSpecification","valueRequired":true,"valueName":"search_term_string"}}],"inLanguage":"fr-FR"},{"@type":"Person","@id":"https:\/\/www.revue3emillenaire.com\/blog\/#\/schema\/person\/b692dacff720a5344a6190bc714397eb","name":"3e mill\u00e9naire","url":"https:\/\/www.revue3emillenaire.com\/blog\/author\/scoussa\/"}]}},"_links":{"self":[{"href":"https:\/\/www.revue3emillenaire.com\/blog\/wp-json\/wp\/v2\/posts\/20826","targetHints":{"allow":["GET"]}}],"collection":[{"href":"https:\/\/www.revue3emillenaire.com\/blog\/wp-json\/wp\/v2\/posts"}],"about":[{"href":"https:\/\/www.revue3emillenaire.com\/blog\/wp-json\/wp\/v2\/types\/post"}],"author":[{"embeddable":true,"href":"https:\/\/www.revue3emillenaire.com\/blog\/wp-json\/wp\/v2\/users\/2"}],"replies":[{"embeddable":true,"href":"https:\/\/www.revue3emillenaire.com\/blog\/wp-json\/wp\/v2\/comments?post=20826"}],"version-history":[{"count":0,"href":"https:\/\/www.revue3emillenaire.com\/blog\/wp-json\/wp\/v2\/posts\/20826\/revisions"}],"wp:featuredmedia":[{"embeddable":true,"href":"https:\/\/www.revue3emillenaire.com\/blog\/wp-json\/wp\/v2\/media\/20827"}],"wp:attachment":[{"href":"https:\/\/www.revue3emillenaire.com\/blog\/wp-json\/wp\/v2\/media?parent=20826"}],"wp:term":[{"taxonomy":"category","embeddable":true,"href":"https:\/\/www.revue3emillenaire.com\/blog\/wp-json\/wp\/v2\/categories?post=20826"},{"taxonomy":"post_tag","embeddable":true,"href":"https:\/\/www.revue3emillenaire.com\/blog\/wp-json\/wp\/v2\/tags?post=20826"}],"curies":[{"name":"wp","href":"https:\/\/api.w.org\/{rel}","templated":true}]}}