{"id":20828,"date":"2025-09-14T16:04:07","date_gmt":"2025-09-14T15:04:07","guid":{"rendered":"https:\/\/www.revue3emillenaire.com\/blog\/?p=20828"},"modified":"2025-09-14T16:04:07","modified_gmt":"2025-09-14T15:04:07","slug":"les-mythes-de-la-conscience-de-lia-un-neuroscientifique-propose-une-approche-sans-exageration-par-denyse-oleary","status":"publish","type":"post","link":"https:\/\/www.revue3emillenaire.com\/blog\/les-mythes-de-la-conscience-de-lia-un-neuroscientifique-propose-une-approche-sans-exageration-par-denyse-oleary\/","title":{"rendered":"Les mythes de la conscience de l\u2019IA : un neuroscientifique propose une approche sans exag\u00e9ration par Denyse O\u2019Leary"},"content":{"rendered":"<p class=\"western\" align=\"justify\"><span style=\"font-family: Times New Roman, serif;\"><span style=\"font-size: medium;\"><i><b>La formation en physique d\u2019\u00c0lex G\u00f3mez-Mar\u00edn transpara\u00eet dans la mani\u00e8re dont il diss\u00e8que les affirmations exag\u00e9r\u00e9es avant d\u2019y r\u00e9pondre.<\/b><\/i><\/span><\/span><\/p>\n<p class=\"western\" align=\"justify\"><span style=\"font-family: Times New Roman, serif;\"><span style=\"font-size: medium;\">Au d\u00e9but du mois, dans l\u2019\u00e9mission <\/span><\/span><span style=\"font-family: Times New Roman, serif;\"><span style=\"font-size: medium;\"><i>Closer to Truth<\/i><\/span><\/span><span style=\"font-family: Times New Roman, serif;\"><span style=\"font-size: medium;\">, <a href=\"https:\/\/www.scmp.com\/author\/robert-lawrence-kuhn\">Robert Lawrence Kuhn<\/a> a <a href=\"https:\/\/www.youtube.com\/watch?v=GAUGIqoM74s\">interview\u00e9<\/a> le physicien espagnol devenu neuroscientifique, <a href=\"https:\/\/opensciences.org\/people\/alex-gomez-marin\">\u00c0lex G\u00f3mez-Mar\u00edn<\/a>, sur la question de savoir si l\u2019IA peut devenir consciente :<\/span><\/span><\/p>\n<p><iframe loading=\"lazy\" title=\"Alex G\u00f3mez-Mar\u00edn - Can AI Become Conscious?\" src=\"https:\/\/www.youtube.com\/embed\/GAUGIqoM74s\" width=\"1840\" height=\"1035\" frameborder=\"0\" allowfullscreen=\"allowfullscreen\"><\/iframe><\/p>\n<p class=\"western\" style=\"padding-left: 80px;\" align=\"justify\"><span style=\"color: #000000;\"><span style=\"font-family: Times New Roman, serif;\"><span style=\"font-size: medium;\"><i>Alex <\/i><\/span><\/span><\/span><span style=\"color: #000000;\"><span style=\"font-family: Times New Roman, serif;\"><span style=\"font-size: medium;\"><i>G\u00f3mez-Mar\u00edn<\/i><\/span><\/span><\/span><span style=\"color: #000000;\"><span style=\"font-family: Times New Roman, serif;\"><span style=\"font-size: medium;\"> [0:30] : <\/span><\/span><\/span><span style=\"color: #000000;\"><span style=\"font-family: Times New Roman, serif;\"><span style=\"font-size: medium;\"><i>Je pense que beaucoup d\u2019adeptes de l\u2019IA confondent simulation et instanciation : l\u2019id\u00e9e que, si quelque chose se comporte comme si c\u2019\u00e9tait autre chose, on peut assimiler les deux choses. C\u2019est une erreur conceptuelle qui s\u2019est d\u00e9j\u00e0 produite maintes fois.<\/i><\/span><\/span><\/span><\/p>\n<p class=\"western\" style=\"padding-left: 80px;\" align=\"justify\"><i><span style=\"color: #000000;\"><span style=\"font-family: Times New Roman, serif;\"><span style=\"font-size: medium;\">Cela arrive pour une raison \u00e9vidente : ces algorithmes nous impressionnent r\u00e9ellement.<\/span><\/span><\/span><\/i><\/p>\n<p class=\"western\" style=\"padding-left: 80px;\" align=\"justify\"><i><span style=\"color: #000000;\"><span style=\"font-family: Times New Roman, serif;\"><span style=\"font-size: medium;\">J\u2019aime les consid\u00e9rer comme une sorte de miroirs. [1:00] Pas s\u00fbr que ce soient des miroirs <\/span><\/span><\/span><span style=\"color: #000000;\"><span style=\"font-family: Times New Roman, serif;\"><span style=\"font-size: medium;\">sombre<\/span><\/span><\/span><span style=\"color: #000000;\"><span style=\"font-family: Times New Roman, serif;\"><span style=\"font-size: medium;\">s, mais des miroirs. Et cela cr\u00e9e une illusion\u2026 Comme si nous pouvions faire en sorte que ces choses soient \u00ab aussi bonnes que \u00bb ; et donc, nous affirmons qu\u2019elles sont la m\u00eame chose.<\/span><\/span><\/span><\/i><\/p>\n<p class=\"western\" align=\"justify\"><span style=\"color: #000000;\"><span style=\"font-family: Times New Roman, serif;\"><span style=\"font-size: medium;\">C\u2019est en effet une erreur critique dans la mani\u00e8re de penser l\u2019IA. Un chien-robot, con\u00e7u et programm\u00e9 pour se comporter remarquablement comme un chien r\u00e9el, peut tromper de nombreux observateurs. Mais il n\u2019est pas pour autant devenu un chien. Rien n\u2019en fera jamais un chien : il reste une repr\u00e9sentation m\u00e9canique fid\u00e8le.<\/span><\/span><\/span><\/p>\n<p class=\"western\" align=\"justify\"><span style=\"color: #000000;\"><span style=\"font-family: Times New Roman, serif;\"><span style=\"font-size: medium;\">C\u2019est pr\u00e9cis\u00e9ment <a href=\"https:\/\/mindmatters.ai\/2020\/06\/is-the-turing-test-misguided-george-montanez-comments\/\">ce qui ne va pas avec<\/a> le c\u00e9l\u00e8bre <a href=\"https:\/\/www.britannica.com\/technology\/Turing-test\">test de Turing<\/a>, que G\u00f3mez-Mar\u00edn mentionne plus loin : le fait qu\u2019une machine d\u2019intelligence artificielle comme un chatbot puisse tromper des gens (parfois <a href=\"https:\/\/arstechnica.com\/tech-policy\/2025\/08\/chatgpt-helped-teen-plan-suicide-after-safeguards-failed-openai-admits\/\">tragiquement<\/a>) en leur faisant croire qu\u2019ils conversent avec un \u00eatre intelligent ne fait pas de lui un tel \u00eatre.<\/span><\/span><\/span><\/p>\n<p class=\"western\" align=\"justify\"><b><span style=\"color: #000000;\"><span style=\"font-family: Times New Roman, serif;\"><span style=\"font-size: medium;\">Le<\/span><\/span><\/span><span style=\"color: #000000;\"><span style=\"font-family: Times New Roman, serif;\"><span style=\"font-size: medium;\"> probl\u00e8me <\/span><\/span><\/span><span style=\"color: #000000;\"><span style=\"font-family: Times New Roman, serif;\"><span style=\"font-size: medium;\">n\u2019est m\u00eame pas nouveau<\/span><\/span><\/span><\/b><\/p>\n<p class=\"western\" align=\"justify\"><span style=\"color: #000000;\"><span style=\"font-family: Times New Roman, serif;\"><span style=\"font-size: medium;\">Dans l\u2019histoire de la culture humaine, on a souvent attribu\u00e9 une intelligence humaine aux animaux, aux arbres, aux montagnes. Une grande partie de l\u2019Ancien Testament est consacr\u00e9e \u00e0 d\u00e9noncer et \u00e0 mettre en garde contre de telles croyances, jug\u00e9es fatales \u00e0 une compr\u00e9hension claire du monde (sans parler des r\u00e9alit\u00e9s spirituelles). Ces croyances ont probablement frein\u00e9 le progr\u00e8s scientifique dans la majeure partie du monde pendant l\u2019essentiel de l\u2019histoire humaine.<\/span><\/span><\/span><\/p>\n<p class=\"western\" align=\"justify\"><span style=\"color: #000000;\"><span style=\"font-family: Times New Roman, serif;\"><span style=\"font-size: medium;\">Le chatbot est sophistiqu\u00e9 parce qu\u2019il exploite et restitue une vaste biblioth\u00e8que d\u2019interactions humaines ant\u00e9rieures. Mais le principe reste le m\u00eame : ni l\u2019arbre ni le bot n\u2019interagissent r\u00e9ellement avec nous. Dans un cas, nous travaillons avec notre propre imagination ; dans l\u2019autre, avec la biblioth\u00e8que de pens\u00e9es humaines d\u00e9j\u00e0 enregistr\u00e9es d\u2019un programme.<\/span><\/span><\/span><\/p>\n<p class=\"western\" align=\"justify\"><b><span style=\"color: #000000;\"><span style=\"font-family: Times New Roman, serif;\"><span style=\"font-size: medium;\">L\u2019intelligence n\u2019est pas la conscience<\/span><\/span><\/span><\/b><\/p>\n<p class=\"western\" style=\"padding-left: 80px;\" align=\"justify\"><i><span style=\"color: #000000;\"><span style=\"font-family: Times New Roman, serif;\"><span style=\"font-size: medium;\">G\u00f3mez-Mar\u00edn [1:21] : Un autre probl\u00e8me conceptuel avec l\u2019IA est que, parfois, les gens confondent intelligence et conscience. Ils ont tendance \u00e0 penser que, parce que quelque chose \u2014 en l\u2019occurrence un algorithme \u2014 peut r\u00e9soudre des probl\u00e8mes et le faire de fa\u00e7on spectaculaire, alors il doit avoir une forme de sensibilit\u00e9.<\/span><\/span><\/span><\/i><\/p>\n<p class=\"western\" align=\"justify\"><span style=\"color: #000000;\"><span style=\"font-family: Times New Roman, serif;\"><span style=\"font-size: medium;\">\u00c0 ceux qui <\/span><\/span><\/span><span style=\"color: #000000;\"><span style=\"font-family: Times New Roman, serif;\"><span style=\"font-size: medium;\">le <\/span><\/span><\/span><span style=\"color: #000000;\"><span style=\"font-family: Times New Roman, serif;\"><span style=\"font-size: medium;\">pensent, il sugg\u00e8re de se demander : <a href=\"https:\/\/www.jwst.nasa.gov\/\">le t\u00e9lescope spatial James Webb<\/a> est-il plus intelligent qu\u2019un t\u00e9lescope de jardin ? Si ce n\u2019est pas le cas, pourquoi un chatbot impressionnant serait-il plus \u00ab intelligent \u00bb qu\u2019un ordinateur de bureau ? Dans les deux cas, il s\u2019agit simplement de machines plus puissantes, plus sophistiqu\u00e9es. Mais comment passe-t-on de l\u00e0 \u00e0 la conscience des \u00eatres vivants, dont la d\u00e9finition est d\u00e9j\u00e0 si difficile ?<\/span><\/span><\/span><\/p>\n<p class=\"western\" align=\"justify\"><b><span style=\"color: #000000;\"><span style=\"font-family: Times New Roman, serif;\"><span style=\"font-size: medium;\">Quelles formes de vie sont conscientes <\/span><\/span><\/span><span style=\"color: #000000;\"><span style=\"font-family: Times New Roman, serif;\"><span style=\"font-size: medium;\">est un sujet toujours disput\u00e9<\/span><\/span><\/span><\/b><\/p>\n<p class=\"western\" style=\"padding-left: 80px;\" align=\"justify\"><span style=\"color: #000000;\"><span style=\"font-family: Times New Roman, serif;\"><span style=\"font-size: medium;\"><i>G\u00f3mez-Mar\u00edn cite <a href=\"https:\/\/thoughtforms.life\/\">Mike Levin<\/a> :<\/i><\/span><\/span><\/span> <span style=\"color: #000000;\"><span style=\"font-family: Times New Roman, serif;\"><span style=\"font-size: medium;\"><i>Alex, nous ne savons pas vraiment quelles choses peuvent incarner la conscience dans le monde, parce que nous avons \u00e9t\u00e9 constamment surpris.<\/i><\/span><\/span><\/span><\/p>\n<p class=\"western\" style=\"padding-left: 80px;\" align=\"justify\"><span style=\"color: #000000;\"><span style=\"font-family: Times New Roman, serif;\"><span style=\"font-size: medium;\"><i>Certains pensent que les humains ne sont pas conscients. D\u2019autres admettent que oui, les humains le sont, mais pas les animaux\u2026 ou pas les plantes. Le champ de <a href=\"https:\/\/mindmatters.ai\/2024\/10\/three-recent-books-argue-for-consciousness-in-plants\/\">la cognition v\u00e9g\u00e9tale<\/a> est lui-m\u00eame travers\u00e9 de controverses \u2014 et m\u00eame <a href=\"https:\/\/mindmatters.ai\/2022\/04\/not-just-plants-even-fungi-like-mushrooms-talk-to-each-other\/\">les champignons<\/a> sont en question.<\/i><\/span><\/span><\/span><\/p>\n<p class=\"western\" style=\"padding-left: 80px;\" align=\"justify\"><i><span style=\"color: #000000;\"><span style=\"font-family: Times New Roman, serif;\"><span style=\"font-size: medium;\">Ce que je veux dire, c\u2019est que nous ne savons vraiment pas quelles entit\u00e9s pourraient accueillir la conscience. Mais dans le cas de l\u2019IA, il y a clairement un \u00e9l\u00e9ment de battage m\u00e9diatique\u2026<\/span><\/span><\/span><\/i><\/p>\n<p class=\"western\" align=\"justify\"><span style=\"color: #000000;\"><span style=\"font-family: Times New Roman, serif;\"><span style=\"font-size: medium;\">Et cet \u00e9l\u00e9ment de <\/span><\/span><\/span><span style=\"color: #000000;\"><span style=\"font-family: Times New Roman, serif;\"><span style=\"font-size: medium;\">matraquage<\/span><\/span><\/span><span style=\"color: #000000;\"><span style=\"font-family: Times New Roman, serif;\"><span style=\"font-size: medium;\"> est bien r\u00e9el, comme l\u2019ont soulign\u00e9 plusieurs auteurs, car il vise surtout \u00e0 <a href=\"https:\/\/mindmatters.ai\/2025\/06\/ai-productivity-hype-the-new-cargo-cult-science\/\">s\u00e9duire les investisseurs<\/a> des startups en IA \u2014 tout en \u00e9tant absorb\u00e9 par le grand public.<\/span><\/span><\/span><\/p>\n<p class=\"western\" align=\"justify\"><span style=\"font-family: Times New Roman, serif;\"><span style=\"font-size: medium;\"><b>Un b\u00e9n\u00e9fice dans la controverse ?<\/b><\/span><\/span><\/p>\n<p class=\"western\" align=\"justify\"><span style=\"font-family: Times New Roman, serif;\"><span style=\"font-size: medium;\">Il voit certains avantages dans la controverse sur la conscience de l\u2019IA :<\/span><\/span><\/p>\n<p class=\"western\" style=\"padding-left: 80px;\" align=\"justify\"><span style=\"color: #000000;\"><span style=\"font-family: Times New Roman, serif;\"><span style=\"font-size: medium;\"><i>G\u00f3mez-Mar\u00edn [2:32] : Je dirais que l\u2019intelligence artificielle constitue aussi une sorte d\u2019invasion algorithmique qui agit comme une onde de choc, obligeant la communaut\u00e9 des chercheurs sur la conscience \u00e0 se presser et \u00e0 se dire : d\u2019accord, mais qu\u2019en est-il de ces choses-l\u00e0 maintenant ? Donc, peut-\u00eatre que c\u2019est une bonne chose, mais il y a beaucoup de confusion, je dirais, sur ce que ces algorithmes peuvent r\u00e9ellement faire, et plus important encore, sur ce qu\u2019ils sont vraiment.<\/i><\/span><\/span><\/span><\/p>\n<p class=\"western\" style=\"padding-left: 80px;\" align=\"justify\"><i><span style=\"color: #000000;\"><span style=\"font-family: Times New Roman, serif;\"><span style=\"font-size: medium;\">Je ne pense pas qu\u2019ils soient des entit\u00e9s conscientes. Et je doute qu\u2019ils le deviennent, mais peut-\u00eatre que je me trompe.<\/span><\/span><\/span><\/i><\/p>\n<p class=\"western\" align=\"justify\"><span style=\"color: #000000;\"><span style=\"font-family: Times New Roman, serif;\"><span style=\"font-size: medium;\">Mais l\u00e0, on en revient \u00e0 un probl\u00e8me cl\u00e9 : si les th\u00e9oriciens de la conscience ne s\u2019entendent m\u00eame pas sur le fait que les humains, les chiens, les arbres ou les champignons soient conscients, comment sauraient-ils si un chatbot l\u2019est ?<\/span><\/span><\/span><\/p>\n<p class=\"western\" align=\"justify\"><span style=\"color: #000000;\"><span style=\"font-family: Times New Roman, serif;\"><span style=\"font-size: medium;\">La plupart d\u2019entre nous utilisent une d\u00e9finition pragmatique : nous savons que nous sommes conscients nous-m\u00eames, donc nous supposons que les autres humains le sont. Nous croyons que les chiens et les chats sont conscients parce qu\u2019ils se comportent comme tels. Nous croyons que les arbres et les champignons ne le sont pas parce qu\u2019ils ne se comportent pas ainsi.<\/span><\/span><\/span><\/p>\n<p class=\"western\" align=\"justify\"><span style=\"color: #000000;\"><span style=\"font-family: Times New Roman, serif;\"><span style=\"font-size: medium;\">Dans cette optique, il n\u2019est pas clair comment une IA inanim\u00e9e pourrait devenir consciente si ses seules ressources sont des donn\u00e9es enregistr\u00e9es provenant d\u2019\u00eatres humains, habilement r\u00e9arrang\u00e9es par un programme \u2014 m\u00eame si cela peut en donner l\u2019impression \u00e0 des personnes vuln\u00e9rables.<\/span><\/span><\/span><\/p>\n<p class=\"western\" align=\"justify\"><span style=\"color: #000000;\"><span style=\"font-family: Times New Roman, serif;\"><span style=\"font-size: medium;\">\u00c0 l\u2019heure actuelle, il ne semble pas que les recherches sur la conscience puissent nous faire d\u00e9passer ce constat.<\/span><\/span><\/span><\/p>\n<p class=\"western\" align=\"justify\"><span style=\"color: #000080;\"><u><a href=\"https:\/\/mindmatters.ai\/2025\/08\/ai-consciousness-myths-neuroscientist-offers-a-no-hype-approach\/\" target=\"_blank\" rel=\"noopener\"><span style=\"color: #000000;\"><span style=\"font-family: Times New Roman, serif;\"><span style=\"font-size: medium;\">Source originale : Mind Matters, 29 ao\u00fbt 2025<\/span><\/span><\/span><\/a><\/u><\/span><\/p>\n<h2 class=\"western\" align=\"center\"><span style=\"font-family: Times New Roman, serif;\"><span style=\"font-size: medium;\"><b>_______________________<\/b><\/span><\/span><\/h2>\n<h2 class=\"western\" align=\"justify\"><span style=\"font-family: Times New Roman, serif;\"><span style=\"font-size: medium;\"><b>Un neuroscientifique alerte sur la guerre cach\u00e9e contre la conscience<\/b><\/span><\/span><\/h2>\n<p class=\"western\" align=\"justify\"><span style=\"color: #000000;\"><span style=\"font-family: Times New Roman, serif;\"><span style=\"font-size: medium;\">Alex G\u00f3mez-Mar\u00edn, PhD \u2014 Hans Busstra, MA<\/span><\/span><\/span><\/p>\n<p class=\"western\" align=\"justify\"><span style=\"color: #000000;\"><span style=\"font-family: Times New Roman, serif;\"><span style=\"font-size: medium;\">Le physicien et neuroscientifique Dr \u00c0lex G\u00f3mez-Mar\u00edn a prononc\u00e9 un discours remarquablement engag\u00e9 \u00e0 la conf\u00e9rence Science of Consciousness (TSC) \u00e0 Barcelone en 2025. Il a affirm\u00e9 que nous vivons aujourd\u2019hui une v\u00e9ritable guerre contre la conscience, o\u00f9 le mat\u00e9rialisme et le transhumanisme forment un cocktail dangereux.<\/span><\/span><\/span><\/p>\n<p class=\"western\" align=\"justify\"><span style=\"color: #000000;\"><span style=\"font-family: Times New Roman, serif;\"><span style=\"font-size: medium;\">Dr G\u00f3mez-Mar\u00edn est professeur associ\u00e9 au Conseil national espagnol de la recherche \u00e0 Alicante, en Espagne, et directeur du Pari Center en Toscane, Italie. Hans Busstra s\u2019est entretenu avec lui imm\u00e9diatement apr\u00e8s son discours pour analyser ce que recouvre r\u00e9ellement cette guerre.<\/span><\/span><\/span><\/p>\n<p><iframe loading=\"lazy\" title=\"Neuroscientist Speaks Out On The Hidden War On Consciousness\" src=\"https:\/\/www.youtube.com\/embed\/K7NIicE_h9w\" width=\"1110\" height=\"625\" frameborder=\"0\" allowfullscreen=\"allowfullscreen\"><\/iframe><\/p>\n<p class=\"western\" align=\"justify\"><span style=\"color: #000000;\"><span style=\"font-family: Times New Roman, serif;\"><span style=\"font-size: medium;\">Vid\u00e9o publi\u00e9e le 5 septembre 2025\u00a0: <\/span><\/span><\/span><span style=\"color: #000080;\"><u><a href=\"https:\/\/www.essentiafoundation.org\/neuroscientist-speaks-out-on-the-hidden-war-on-consciousness\/seeing\/\" target=\"_blank\" rel=\"noopener\"><span style=\"color: #000000;\"><span style=\"font-family: Times New Roman, serif;\"><span style=\"font-size: medium;\">https:\/\/www.essentiafoundation.org\/neuroscientist-speaks-out-on-the-hidden-war-on-consciousness\/seeing\/<\/span><\/span><\/span><\/a><\/u><\/span><\/p>\n","protected":false},"excerpt":{"rendered":"<p>le t\u00e9lescope spatial James Webb est-il plus intelligent qu\u2019un t\u00e9lescope de jardin ? Si ce n\u2019est pas le cas, pourquoi un chatbot impressionnant serait-il plus \u00ab intelligent \u00bb qu\u2019un ordinateur de bureau ? Dans les deux cas, il s\u2019agit simplement de machines plus puissantes, plus sophistiqu\u00e9es. Mais comment passe-t-on de l\u00e0 \u00e0 la conscience des \u00eatres vivants, dont la d\u00e9finition est d\u00e9j\u00e0 si difficile ?<\/p>\n","protected":false},"author":2,"featured_media":20738,"comment_status":"closed","ping_status":"closed","sticky":false,"template":"","format":"standard","meta":{"footnotes":""},"categories":[2205],"tags":[37,1518],"class_list":["post-20828","post","type-post","status-publish","format-standard","has-post-thumbnail","hentry","category-oleary-denyse","tag-conscience","tag-intelligence-artificielle"],"yoast_head":"<!-- This site is optimized with the Yoast SEO plugin v27.0 - https:\/\/yoast.com\/product\/yoast-seo-wordpress\/ -->\n<title>Les mythes de la conscience de l\u2019IA : un neuroscientifique propose une approche sans exag\u00e9ration par Denyse O\u2019Leary - 3e mill\u00e9naire - Spiritualit\u00e9 - Connaissance de soi - Non-dualit\u00e9 - M\u00e9ditation<\/title>\n<meta name=\"robots\" content=\"index, follow, max-snippet:-1, max-image-preview:large, max-video-preview:-1\" \/>\n<link rel=\"canonical\" href=\"https:\/\/www.revue3emillenaire.com\/blog\/les-mythes-de-la-conscience-de-lia-un-neuroscientifique-propose-une-approche-sans-exageration-par-denyse-oleary\/\" \/>\n<meta property=\"og:locale\" content=\"fr_FR\" \/>\n<meta property=\"og:type\" content=\"article\" \/>\n<meta property=\"og:title\" content=\"Les mythes de la conscience de l\u2019IA : un neuroscientifique propose une approche sans exag\u00e9ration par Denyse O\u2019Leary - 3e mill\u00e9naire - Spiritualit\u00e9 - Connaissance de soi - Non-dualit\u00e9 - M\u00e9ditation\" \/>\n<meta property=\"og:description\" content=\"le t\u00e9lescope spatial James Webb est-il plus intelligent qu\u2019un t\u00e9lescope de jardin ? Si ce n\u2019est pas le cas, pourquoi un chatbot impressionnant serait-il plus \u00ab intelligent \u00bb qu\u2019un ordinateur de bureau ? Dans les deux cas, il s\u2019agit simplement de machines plus puissantes, plus sophistiqu\u00e9es. Mais comment passe-t-on de l\u00e0 \u00e0 la conscience des \u00eatres vivants, dont la d\u00e9finition est d\u00e9j\u00e0 si difficile ?\" \/>\n<meta property=\"og:url\" content=\"https:\/\/www.revue3emillenaire.com\/blog\/les-mythes-de-la-conscience-de-lia-un-neuroscientifique-propose-une-approche-sans-exageration-par-denyse-oleary\/\" \/>\n<meta property=\"og:site_name\" content=\"3e mill\u00e9naire - Spiritualit\u00e9 - Connaissance de soi - Non-dualit\u00e9 - M\u00e9ditation\" \/>\n<meta property=\"article:published_time\" content=\"2025-09-14T15:04:07+00:00\" \/>\n<meta property=\"og:image\" content=\"https:\/\/www.revue3emillenaire.com\/blog\/wp-content\/uploads\/2025\/08\/Denyse-OLeary.jpg\" \/>\n\t<meta property=\"og:image:width\" content=\"319\" \/>\n\t<meta property=\"og:image:height\" content=\"346\" \/>\n\t<meta property=\"og:image:type\" content=\"image\/jpeg\" \/>\n<meta name=\"author\" content=\"3e mill\u00e9naire\" \/>\n<meta name=\"twitter:card\" content=\"summary_large_image\" \/>\n<meta name=\"twitter:label1\" content=\"\u00c9crit par\" \/>\n\t<meta name=\"twitter:data1\" content=\"3e mill\u00e9naire\" \/>\n\t<meta name=\"twitter:label2\" content=\"Dur\u00e9e de lecture estim\u00e9e\" \/>\n\t<meta name=\"twitter:data2\" content=\"6 minutes\" \/>\n<script type=\"application\/ld+json\" class=\"yoast-schema-graph\">{\"@context\":\"https:\/\/schema.org\",\"@graph\":[{\"@type\":\"Article\",\"@id\":\"https:\/\/www.revue3emillenaire.com\/blog\/les-mythes-de-la-conscience-de-lia-un-neuroscientifique-propose-une-approche-sans-exageration-par-denyse-oleary\/#article\",\"isPartOf\":{\"@id\":\"https:\/\/www.revue3emillenaire.com\/blog\/les-mythes-de-la-conscience-de-lia-un-neuroscientifique-propose-une-approche-sans-exageration-par-denyse-oleary\/\"},\"author\":{\"name\":\"3e mill\u00e9naire\",\"@id\":\"https:\/\/www.revue3emillenaire.com\/blog\/#\/schema\/person\/b692dacff720a5344a6190bc714397eb\"},\"headline\":\"Les mythes de la conscience de l\u2019IA : un neuroscientifique propose une approche sans exag\u00e9ration par Denyse O\u2019Leary\",\"datePublished\":\"2025-09-14T15:04:07+00:00\",\"mainEntityOfPage\":{\"@id\":\"https:\/\/www.revue3emillenaire.com\/blog\/les-mythes-de-la-conscience-de-lia-un-neuroscientifique-propose-une-approche-sans-exageration-par-denyse-oleary\/\"},\"wordCount\":1217,\"image\":{\"@id\":\"https:\/\/www.revue3emillenaire.com\/blog\/les-mythes-de-la-conscience-de-lia-un-neuroscientifique-propose-une-approche-sans-exageration-par-denyse-oleary\/#primaryimage\"},\"thumbnailUrl\":\"https:\/\/www.revue3emillenaire.com\/blog\/wp-content\/uploads\/2025\/08\/Denyse-OLeary.jpg\",\"keywords\":[\"Conscience\",\"Intelligence artificielle\"],\"articleSection\":[\"O\u2019Leary Denyse\"],\"inLanguage\":\"fr-FR\"},{\"@type\":\"WebPage\",\"@id\":\"https:\/\/www.revue3emillenaire.com\/blog\/les-mythes-de-la-conscience-de-lia-un-neuroscientifique-propose-une-approche-sans-exageration-par-denyse-oleary\/\",\"url\":\"https:\/\/www.revue3emillenaire.com\/blog\/les-mythes-de-la-conscience-de-lia-un-neuroscientifique-propose-une-approche-sans-exageration-par-denyse-oleary\/\",\"name\":\"Les mythes de la conscience de l\u2019IA : un neuroscientifique propose une approche sans exag\u00e9ration par Denyse O\u2019Leary - 3e mill\u00e9naire - Spiritualit\u00e9 - Connaissance de soi - Non-dualit\u00e9 - M\u00e9ditation\",\"isPartOf\":{\"@id\":\"https:\/\/www.revue3emillenaire.com\/blog\/#website\"},\"primaryImageOfPage\":{\"@id\":\"https:\/\/www.revue3emillenaire.com\/blog\/les-mythes-de-la-conscience-de-lia-un-neuroscientifique-propose-une-approche-sans-exageration-par-denyse-oleary\/#primaryimage\"},\"image\":{\"@id\":\"https:\/\/www.revue3emillenaire.com\/blog\/les-mythes-de-la-conscience-de-lia-un-neuroscientifique-propose-une-approche-sans-exageration-par-denyse-oleary\/#primaryimage\"},\"thumbnailUrl\":\"https:\/\/www.revue3emillenaire.com\/blog\/wp-content\/uploads\/2025\/08\/Denyse-OLeary.jpg\",\"datePublished\":\"2025-09-14T15:04:07+00:00\",\"author\":{\"@id\":\"https:\/\/www.revue3emillenaire.com\/blog\/#\/schema\/person\/b692dacff720a5344a6190bc714397eb\"},\"breadcrumb\":{\"@id\":\"https:\/\/www.revue3emillenaire.com\/blog\/les-mythes-de-la-conscience-de-lia-un-neuroscientifique-propose-une-approche-sans-exageration-par-denyse-oleary\/#breadcrumb\"},\"inLanguage\":\"fr-FR\",\"potentialAction\":[{\"@type\":\"ReadAction\",\"target\":[\"https:\/\/www.revue3emillenaire.com\/blog\/les-mythes-de-la-conscience-de-lia-un-neuroscientifique-propose-une-approche-sans-exageration-par-denyse-oleary\/\"]}]},{\"@type\":\"ImageObject\",\"inLanguage\":\"fr-FR\",\"@id\":\"https:\/\/www.revue3emillenaire.com\/blog\/les-mythes-de-la-conscience-de-lia-un-neuroscientifique-propose-une-approche-sans-exageration-par-denyse-oleary\/#primaryimage\",\"url\":\"https:\/\/www.revue3emillenaire.com\/blog\/wp-content\/uploads\/2025\/08\/Denyse-OLeary.jpg\",\"contentUrl\":\"https:\/\/www.revue3emillenaire.com\/blog\/wp-content\/uploads\/2025\/08\/Denyse-OLeary.jpg\",\"width\":319,\"height\":346},{\"@type\":\"BreadcrumbList\",\"@id\":\"https:\/\/www.revue3emillenaire.com\/blog\/les-mythes-de-la-conscience-de-lia-un-neuroscientifique-propose-une-approche-sans-exageration-par-denyse-oleary\/#breadcrumb\",\"itemListElement\":[{\"@type\":\"ListItem\",\"position\":1,\"name\":\"Accueil\",\"item\":\"https:\/\/www.revue3emillenaire.com\/blog\/\"},{\"@type\":\"ListItem\",\"position\":2,\"name\":\"Les mythes de la conscience de l\u2019IA : un neuroscientifique propose une approche sans exag\u00e9ration par Denyse O\u2019Leary\"}]},{\"@type\":\"WebSite\",\"@id\":\"https:\/\/www.revue3emillenaire.com\/blog\/#website\",\"url\":\"https:\/\/www.revue3emillenaire.com\/blog\/\",\"name\":\"3e mill\u00e9naire - Spiritualit\u00e9 - Connaissance de soi - Non-dualit\u00e9 - M\u00e9ditation\",\"description\":\"L&#039;Homme en devenir\",\"potentialAction\":[{\"@type\":\"SearchAction\",\"target\":{\"@type\":\"EntryPoint\",\"urlTemplate\":\"https:\/\/www.revue3emillenaire.com\/blog\/?s={search_term_string}\"},\"query-input\":{\"@type\":\"PropertyValueSpecification\",\"valueRequired\":true,\"valueName\":\"search_term_string\"}}],\"inLanguage\":\"fr-FR\"},{\"@type\":\"Person\",\"@id\":\"https:\/\/www.revue3emillenaire.com\/blog\/#\/schema\/person\/b692dacff720a5344a6190bc714397eb\",\"name\":\"3e mill\u00e9naire\",\"url\":\"https:\/\/www.revue3emillenaire.com\/blog\/author\/scoussa\/\"}]}<\/script>\n<!-- \/ Yoast SEO plugin. -->","yoast_head_json":{"title":"Les mythes de la conscience de l\u2019IA : un neuroscientifique propose une approche sans exag\u00e9ration par Denyse O\u2019Leary - 3e mill\u00e9naire - Spiritualit\u00e9 - Connaissance de soi - Non-dualit\u00e9 - M\u00e9ditation","robots":{"index":"index","follow":"follow","max-snippet":"max-snippet:-1","max-image-preview":"max-image-preview:large","max-video-preview":"max-video-preview:-1"},"canonical":"https:\/\/www.revue3emillenaire.com\/blog\/les-mythes-de-la-conscience-de-lia-un-neuroscientifique-propose-une-approche-sans-exageration-par-denyse-oleary\/","og_locale":"fr_FR","og_type":"article","og_title":"Les mythes de la conscience de l\u2019IA : un neuroscientifique propose une approche sans exag\u00e9ration par Denyse O\u2019Leary - 3e mill\u00e9naire - Spiritualit\u00e9 - Connaissance de soi - Non-dualit\u00e9 - M\u00e9ditation","og_description":"le t\u00e9lescope spatial James Webb est-il plus intelligent qu\u2019un t\u00e9lescope de jardin ? Si ce n\u2019est pas le cas, pourquoi un chatbot impressionnant serait-il plus \u00ab intelligent \u00bb qu\u2019un ordinateur de bureau ? Dans les deux cas, il s\u2019agit simplement de machines plus puissantes, plus sophistiqu\u00e9es. Mais comment passe-t-on de l\u00e0 \u00e0 la conscience des \u00eatres vivants, dont la d\u00e9finition est d\u00e9j\u00e0 si difficile ?","og_url":"https:\/\/www.revue3emillenaire.com\/blog\/les-mythes-de-la-conscience-de-lia-un-neuroscientifique-propose-une-approche-sans-exageration-par-denyse-oleary\/","og_site_name":"3e mill\u00e9naire - Spiritualit\u00e9 - Connaissance de soi - Non-dualit\u00e9 - M\u00e9ditation","article_published_time":"2025-09-14T15:04:07+00:00","og_image":[{"width":319,"height":346,"url":"https:\/\/www.revue3emillenaire.com\/blog\/wp-content\/uploads\/2025\/08\/Denyse-OLeary.jpg","type":"image\/jpeg"}],"author":"3e mill\u00e9naire","twitter_card":"summary_large_image","twitter_misc":{"\u00c9crit par":"3e mill\u00e9naire","Dur\u00e9e de lecture estim\u00e9e":"6 minutes"},"schema":{"@context":"https:\/\/schema.org","@graph":[{"@type":"Article","@id":"https:\/\/www.revue3emillenaire.com\/blog\/les-mythes-de-la-conscience-de-lia-un-neuroscientifique-propose-une-approche-sans-exageration-par-denyse-oleary\/#article","isPartOf":{"@id":"https:\/\/www.revue3emillenaire.com\/blog\/les-mythes-de-la-conscience-de-lia-un-neuroscientifique-propose-une-approche-sans-exageration-par-denyse-oleary\/"},"author":{"name":"3e mill\u00e9naire","@id":"https:\/\/www.revue3emillenaire.com\/blog\/#\/schema\/person\/b692dacff720a5344a6190bc714397eb"},"headline":"Les mythes de la conscience de l\u2019IA : un neuroscientifique propose une approche sans exag\u00e9ration par Denyse O\u2019Leary","datePublished":"2025-09-14T15:04:07+00:00","mainEntityOfPage":{"@id":"https:\/\/www.revue3emillenaire.com\/blog\/les-mythes-de-la-conscience-de-lia-un-neuroscientifique-propose-une-approche-sans-exageration-par-denyse-oleary\/"},"wordCount":1217,"image":{"@id":"https:\/\/www.revue3emillenaire.com\/blog\/les-mythes-de-la-conscience-de-lia-un-neuroscientifique-propose-une-approche-sans-exageration-par-denyse-oleary\/#primaryimage"},"thumbnailUrl":"https:\/\/www.revue3emillenaire.com\/blog\/wp-content\/uploads\/2025\/08\/Denyse-OLeary.jpg","keywords":["Conscience","Intelligence artificielle"],"articleSection":["O\u2019Leary Denyse"],"inLanguage":"fr-FR"},{"@type":"WebPage","@id":"https:\/\/www.revue3emillenaire.com\/blog\/les-mythes-de-la-conscience-de-lia-un-neuroscientifique-propose-une-approche-sans-exageration-par-denyse-oleary\/","url":"https:\/\/www.revue3emillenaire.com\/blog\/les-mythes-de-la-conscience-de-lia-un-neuroscientifique-propose-une-approche-sans-exageration-par-denyse-oleary\/","name":"Les mythes de la conscience de l\u2019IA : un neuroscientifique propose une approche sans exag\u00e9ration par Denyse O\u2019Leary - 3e mill\u00e9naire - Spiritualit\u00e9 - Connaissance de soi - Non-dualit\u00e9 - M\u00e9ditation","isPartOf":{"@id":"https:\/\/www.revue3emillenaire.com\/blog\/#website"},"primaryImageOfPage":{"@id":"https:\/\/www.revue3emillenaire.com\/blog\/les-mythes-de-la-conscience-de-lia-un-neuroscientifique-propose-une-approche-sans-exageration-par-denyse-oleary\/#primaryimage"},"image":{"@id":"https:\/\/www.revue3emillenaire.com\/blog\/les-mythes-de-la-conscience-de-lia-un-neuroscientifique-propose-une-approche-sans-exageration-par-denyse-oleary\/#primaryimage"},"thumbnailUrl":"https:\/\/www.revue3emillenaire.com\/blog\/wp-content\/uploads\/2025\/08\/Denyse-OLeary.jpg","datePublished":"2025-09-14T15:04:07+00:00","author":{"@id":"https:\/\/www.revue3emillenaire.com\/blog\/#\/schema\/person\/b692dacff720a5344a6190bc714397eb"},"breadcrumb":{"@id":"https:\/\/www.revue3emillenaire.com\/blog\/les-mythes-de-la-conscience-de-lia-un-neuroscientifique-propose-une-approche-sans-exageration-par-denyse-oleary\/#breadcrumb"},"inLanguage":"fr-FR","potentialAction":[{"@type":"ReadAction","target":["https:\/\/www.revue3emillenaire.com\/blog\/les-mythes-de-la-conscience-de-lia-un-neuroscientifique-propose-une-approche-sans-exageration-par-denyse-oleary\/"]}]},{"@type":"ImageObject","inLanguage":"fr-FR","@id":"https:\/\/www.revue3emillenaire.com\/blog\/les-mythes-de-la-conscience-de-lia-un-neuroscientifique-propose-une-approche-sans-exageration-par-denyse-oleary\/#primaryimage","url":"https:\/\/www.revue3emillenaire.com\/blog\/wp-content\/uploads\/2025\/08\/Denyse-OLeary.jpg","contentUrl":"https:\/\/www.revue3emillenaire.com\/blog\/wp-content\/uploads\/2025\/08\/Denyse-OLeary.jpg","width":319,"height":346},{"@type":"BreadcrumbList","@id":"https:\/\/www.revue3emillenaire.com\/blog\/les-mythes-de-la-conscience-de-lia-un-neuroscientifique-propose-une-approche-sans-exageration-par-denyse-oleary\/#breadcrumb","itemListElement":[{"@type":"ListItem","position":1,"name":"Accueil","item":"https:\/\/www.revue3emillenaire.com\/blog\/"},{"@type":"ListItem","position":2,"name":"Les mythes de la conscience de l\u2019IA : un neuroscientifique propose une approche sans exag\u00e9ration par Denyse O\u2019Leary"}]},{"@type":"WebSite","@id":"https:\/\/www.revue3emillenaire.com\/blog\/#website","url":"https:\/\/www.revue3emillenaire.com\/blog\/","name":"3e mill\u00e9naire - Spiritualit\u00e9 - Connaissance de soi - Non-dualit\u00e9 - M\u00e9ditation","description":"L&#039;Homme en devenir","potentialAction":[{"@type":"SearchAction","target":{"@type":"EntryPoint","urlTemplate":"https:\/\/www.revue3emillenaire.com\/blog\/?s={search_term_string}"},"query-input":{"@type":"PropertyValueSpecification","valueRequired":true,"valueName":"search_term_string"}}],"inLanguage":"fr-FR"},{"@type":"Person","@id":"https:\/\/www.revue3emillenaire.com\/blog\/#\/schema\/person\/b692dacff720a5344a6190bc714397eb","name":"3e mill\u00e9naire","url":"https:\/\/www.revue3emillenaire.com\/blog\/author\/scoussa\/"}]}},"_links":{"self":[{"href":"https:\/\/www.revue3emillenaire.com\/blog\/wp-json\/wp\/v2\/posts\/20828","targetHints":{"allow":["GET"]}}],"collection":[{"href":"https:\/\/www.revue3emillenaire.com\/blog\/wp-json\/wp\/v2\/posts"}],"about":[{"href":"https:\/\/www.revue3emillenaire.com\/blog\/wp-json\/wp\/v2\/types\/post"}],"author":[{"embeddable":true,"href":"https:\/\/www.revue3emillenaire.com\/blog\/wp-json\/wp\/v2\/users\/2"}],"replies":[{"embeddable":true,"href":"https:\/\/www.revue3emillenaire.com\/blog\/wp-json\/wp\/v2\/comments?post=20828"}],"version-history":[{"count":0,"href":"https:\/\/www.revue3emillenaire.com\/blog\/wp-json\/wp\/v2\/posts\/20828\/revisions"}],"wp:featuredmedia":[{"embeddable":true,"href":"https:\/\/www.revue3emillenaire.com\/blog\/wp-json\/wp\/v2\/media\/20738"}],"wp:attachment":[{"href":"https:\/\/www.revue3emillenaire.com\/blog\/wp-json\/wp\/v2\/media?parent=20828"}],"wp:term":[{"taxonomy":"category","embeddable":true,"href":"https:\/\/www.revue3emillenaire.com\/blog\/wp-json\/wp\/v2\/categories?post=20828"},{"taxonomy":"post_tag","embeddable":true,"href":"https:\/\/www.revue3emillenaire.com\/blog\/wp-json\/wp\/v2\/tags?post=20828"}],"curies":[{"name":"wp","href":"https:\/\/api.w.org\/{rel}","templated":true}]}}