{"id":20834,"date":"2025-09-15T21:39:41","date_gmt":"2025-09-15T20:39:41","guid":{"rendered":"https:\/\/www.revue3emillenaire.com\/blog\/?p=20834"},"modified":"2025-09-15T21:39:41","modified_gmt":"2025-09-15T20:39:41","slug":"quelquun-sait-il-vraiment-ce-quest-le-temps-par-dan-falk","status":"publish","type":"post","link":"https:\/\/www.revue3emillenaire.com\/blog\/quelquun-sait-il-vraiment-ce-quest-le-temps-par-dan-falk\/","title":{"rendered":"Quelqu\u2019un sait-il vraiment ce qu\u2019est le temps ? par Dan Falk"},"content":{"rendered":"<p class=\"western\" align=\"justify\"><span style=\"color: #000000;\"><span style=\"font-size: medium;\"><i><b>Oui, votre cerveau le sait. C\u2019est lui qui l\u2019a cr\u00e9\u00e9.<\/b><\/i><\/span><\/span><\/p>\n<p class=\"western\" align=\"justify\"><span style=\"color: #000000;\"><span style=\"font-size: medium;\">Je suis fascin\u00e9 par le temps depuis aussi longtemps que je me souvienne. Dans mes cours de physique de premier cycle, le temps planait toujours en arri\u00e8re-plan \u2014 c\u2019\u00e9tait le \u00ab <\/span><\/span><span style=\"color: #000000;\"><span style=\"font-size: medium;\"><i>t<\/i><\/span><\/span><span style=\"color: #000000;\"><span style=\"font-size: medium;\"> \u00bb que les professeurs parsemaient dans leurs \u00e9quations \u2014 mais il n\u2019\u00e9tait jamais tout \u00e0 fait clair de savoir ce qu\u2019\u00e9tait r\u00e9ellement le temps. Des ann\u00e9es plus tard, j\u2019ai \u00e9crit <\/span><\/span><span style=\"color: #000080;\"><u><a href=\"https:\/\/us.macmillan.com\/books\/9780312603519\/insearchoftime\/\"><span style=\"color: #000000;\"><span style=\"font-size: medium;\">un livre<\/span><\/span><\/a><\/u><\/span><span style=\"color: #000000;\"><span style=\"font-size: medium;\"> sur le temps, mais, m\u00eame avec des chapitres sur Newton et Einstein, et une bonne dose de philosophie, quelque chose manquait.<\/span><\/span><\/p>\n<p class=\"western\" align=\"justify\"><span style=\"color: #000000;\"><span style=\"font-size: medium;\">Pour commencer, nous savons que les horloges et les montres fonctionnent, mais comment d\u00e9terminons-nous l\u2019heure ? Si vous regardez la t\u00e9l\u00e9vision et qu\u2019une pause publicitaire commence, vous savez que vous avez le temps d\u2019aller aux toilettes ou peut-\u00eatre de vous pr\u00e9parer un sandwich \u2014 en fait, vous pouvez probablement revenir devant l\u2019\u00e9cran juste au moment o\u00f9 les publicit\u00e9s se terminent. Qu\u2019est-ce qui vous rend si bon pour juger de ces intervalles de temps ?<\/span><\/span><\/p>\n<p class=\"western\" align=\"justify\"><span style=\"color: #000000;\"><span style=\"font-size: medium;\">J\u2019ai pens\u00e9 que Dean Buonomano, \u00e9tant neuroscientifique, pourrait avoir certaines r\u00e9ponses. Buonomano est connu pour avoir d\u00e9velopp\u00e9 l\u2019id\u00e9e que le m\u00e9canisme cl\u00e9 n\u2019est pas une structure unique semblable \u00e0 une horloge dans le cerveau, mais plut\u00f4t des r\u00e9seaux de neurones travaillant ensemble, appel\u00e9s \u00ab dynamiques neuronales \u00bb.<\/span><\/span><\/p>\n<p class=\"western\" align=\"justify\"><span style=\"color: #000000;\"><span style=\"font-size: medium;\">Mais, selon Buonomano, le cerveau fait bien plus que suivre le temps ; en fait, on pourrait dire qu\u2019il le cr\u00e9e. C\u2019est gr\u00e2ce \u00e0 notre cerveau que nous ressentons \u00ab l\u2019\u00e9coulement \u00bb du temps, m\u00eame si rien dans la physique n\u2019indique un tel \u00e9coulement dans le monde ext\u00e9rieur. Peut-\u00eatre encore plus crucialement, le cerveau nous permet de nous livrer \u00e0 un \u00ab voyage mental dans le temps \u00bb \u2014 la capacit\u00e9 de se rappeler des \u00e9v\u00e9nements pass\u00e9s et d\u2019imaginer des \u00e9v\u00e9nements futurs. Cette capacit\u00e9, soutient-il, a \u00e9t\u00e9 essentielle dans l\u2019\u00e9volution de l\u2019humanit\u00e9, depuis la savane africaine jusqu\u2019\u00e0 la civilisation mondiale d\u2019aujourd\u2019hui.<\/span><\/span><\/p>\n<p class=\"western\" align=\"justify\"><span style=\"color: #000000;\"><span style=\"font-size: medium;\">Buonomano, un homme affable de 60 ans, est professeur aux d\u00e9partements de neurobiologie et de psychologie de l\u2019Universit\u00e9 de Californie \u00e0 Los Angeles, o\u00f9 il dirige le Buonomano Lab. Son livre le plus r\u00e9cent est<\/span><\/span><span style=\"color: #000000;\"><span style=\"font-size: medium;\"><i> Your Brain is a Time Machine: The Neuroscience and Physics of Time<\/i><\/span><\/span><span style=\"color: #000000;\"><span style=\"font-size: medium;\"> (<\/span><\/span><span style=\"color: #000000;\"><span style=\"font-size: medium;\"><i>Votre cerveau est une machine \u00e0 remonter le temps : la neuroscience et la physique du temps<\/i><\/span><\/span><span style=\"color: #000000;\"><span style=\"font-size: medium;\">). Je me suis r\u00e9cemment entretenu avec lui par visioconf\u00e9rence.<\/span><\/span><\/p>\n<p class=\"western\" align=\"justify\"><img loading=\"lazy\" decoding=\"async\" class=\"aligncenter\" src=\"https:\/\/assets.nautil.us\/sites\/3\/nautilus\/lfhUmX2Y-Falk_BREAKER.png?auto=compress&amp;fit=scale&amp;fm=png&amp;h=1024&amp;ixlib=php-3.3.1&amp;w=1024&amp;wpsize=large\" alt=\"In Body Image\" width=\"324\" height=\"324\" \/><\/p>\n<p class=\"western\" style=\"text-align: center;\" align=\"justify\"><span style=\"color: #000000;\"><span style=\"font-size: medium;\"><i>Le neuroscientifique Dean Buonomano dit que la premi\u00e8re conscience du temps qui passe, chez les premiers humains, a d\u00fb \u00eatre traumatisante. Ils \u00ab ont d\u00fb regarder vers l\u2019avenir et dire : \u201coh merde, je vais mourir\u201d \u00bb. <\/i><\/span><\/span><\/p>\n<p class=\"western\" align=\"justify\"><span style=\"color: #000000;\"><span style=\"font-size: medium;\"><b>Vous et moi avons tous deux \u00e9crit des livres sur le temps \u2014 mais vous \u00eates neuroscientifique et moi non, alors j\u2019ai pens\u00e9 que nous pourrions commencer par le cerveau. M\u00eame lorsque je suis dans une pi\u00e8ce sans horloges, j\u2019ai ce qui semble \u00eatre une conscience raisonnable du temps \u00e9coul\u00e9. Comment le cerveau fait-il cela ? J\u2019imagine que ce n\u2019est pas aussi simple que d\u2019avoir une petite horloge dans le cerveau. Que se passe-t-il ?<\/b><\/span><\/span><\/p>\n<p class=\"western\" align=\"justify\"><span style=\"color: #000000;\"><span style=\"font-size: medium;\">Le cerveau poss\u00e8de des m\u00e9canismes fondamentalement diff\u00e9rents pour mesurer le temps \u00e0 diff\u00e9rentes \u00e9chelles. Vous avez une horloge circadienne ; c\u2019est elle qui vous guide lorsque vous avez faim, qui vous dit quand vous coucher, quand vous lever. Mais cette horloge n\u2019a pas de trotteuse ; elle ne peut pas \u00ab dire l\u2019heure \u00bb. Elle ne va pas vous aider \u00e0 d\u00e9terminer le tempo d\u2019une chanson que vous \u00e9coutez. Donc, cette horloge est ind\u00e9pendante des autres. Nous avons aussi d\u2019autres horloges, d\u2019autres minuteries, qui guident notre capacit\u00e9 \u00e0 avoir cette conversation.<\/span><\/span><\/p>\n<p class=\"western\" align=\"justify\"><span style=\"color: #000000;\"><span style=\"font-size: medium;\">Nous savons que beaucoup de ces formes de mesure du temps reposent sur ce qu\u2019on appelle une \u00ab horloge de population neuronale \u00bb \u2014 c\u2019est un circuit de neurones o\u00f9 un neurone peut contacter et exciter un autre, puis un autre, et ainsi de suite. Vous pouvez les imaginer comme des dominos qui tombent. Si vous avez une longue ligne de dominos, vous pouvez l\u2019utiliser comme une horloge, parce que vous pourriez marquer le temps en fonction du domino qui est en train de tomber. C\u2019est ainsi que le cerveau d\u00e9termine le temps \u00e0 l\u2019\u00e9chelle de la milliseconde, gr\u00e2ce \u00e0 ce que nous appelons la \u00ab dynamique neuronale \u00bb. Les neurones constituent un syst\u00e8me dynamique, et ils cr\u00e9ent des motifs spatio-temporels d\u2019activit\u00e9, et nous utilisons ces motifs pour mesurer le temps.<\/span><\/span><\/p>\n<p class=\"western\" align=\"justify\"><span style=\"color: #000000;\"><span style=\"font-size: medium;\"><b>Bien que nous n\u2019ayons pas une petite horloge dans nos cerveaux, peut-\u00eatre avons-nous quelque chose comme un minuteur ?<\/b><\/span><\/span><\/p>\n<p class=\"western\" align=\"justify\"><span style=\"color: #000000;\"><span style=\"font-size: medium;\">Je pense que la mani\u00e8re la plus juste de le dire est que votre cerveau entier est un minuteur. Vous n\u2019avez pas une petite horloge ; vous avez tout votre cerveau. Vous n\u2019avez pas un minuteur centralis\u00e9. Tous les neurones, en effet, peuvent contribuer \u00e0 la mesure du temps selon les besoins.<\/span><\/span><\/p>\n<p class=\"western\" align=\"justify\"><span style=\"color: #000000;\"><span style=\"font-size: medium;\"><b>Vous avez mentionn\u00e9 nos horloges circadiennes corporelles. Pouvez-vous en donner une br\u00e8ve explication ?<\/b><\/span><\/span><\/p>\n<p class=\"western\" align=\"justify\"><span style=\"color: #000000;\"><span style=\"font-size: medium;\">Absolument. L\u2019horloge circadienne est probablement le minuteur du cerveau que nous connaissons le mieux. C\u2019est essentiellement un oscillateur biochimique. Il fonctionne comme une boucle de r\u00e9troaction n\u00e9gative dans laquelle vous produisez des prot\u00e9ines qui inhibent la production de plus de prot\u00e9ines \u2014 et, par conception, cette p\u00e9riode est d\u2019environ 24 heures. Et vous n\u2019avez pas besoin d\u2019un cerveau pour avoir une horloge circadienne. Les plantes en ont, et les bact\u00e9ries aussi. C\u2019est donc l\u2019horloge la plus primitive, et \u00e0 bien des \u00e9gards la plus importante, parce qu\u2019elle est synchronis\u00e9e par la rotation de la Terre.<\/span><\/span><\/p>\n<p class=\"western\" align=\"justify\"><span style=\"color: #000000;\"><span style=\"font-size: medium;\"><b>Alors, comment le sens du temps de mon cerveau se rapporte-t-il au temps de l\u2019horloge \u2014 le temps mesur\u00e9 par nos montres et nos horloges ?<\/b><\/span><\/span><\/p>\n<p class=\"western\" align=\"justify\"><span style=\"color: #000000;\"><span style=\"font-size: medium;\">Nous devons <\/span><\/span><span style=\"color: #000080;\"><u><a href=\"https:\/\/nautil.us\/a-revolution-in-time-544416\/\"><span style=\"color: #000000;\"><span style=\"font-size: medium;\">calibrer nos horloges internes<\/span><\/span><\/a><\/u><\/span><span style=\"color: #000000;\"><span style=\"font-size: medium;\">, nos minuteurs internes, avec le temps \u00ab objectif \u00bb externe. Si votre horloge circadienne est d\u00e9cal\u00e9e par rapport au temps externe, vous avez un d\u00e9calage horaire. \u00c0 plus courte \u00e9chelle, tout ce que nous faisons consiste en quelque sorte \u00e0 calibrer notre capacit\u00e9 \u00e0 mesurer le temps et \u00e0 l\u2019accorder avec le monde objectif. Si vous \u00eates musicien, vous avez votre dynamique interne qui vous permet de g\u00e9n\u00e9rer ou produire une pi\u00e8ce musicale \u2014 mais vous avez aussi un m\u00e9tronome, n\u2019est-ce pas ? Et ce m\u00e9tronome sert de calibration. Il y a des milliers d\u2019ann\u00e9es, nous n\u2019avions pas ces horloges externes. Si vous essayiez d\u2019attraper un objet en plein vol ou de lancer une lance sur un objet en mouvement \u2014 ce sont tous des probl\u00e8mes de synchronisation, et vous devez chronom\u00e9trer vos r\u00e9ponses motrices en fonction des lois de la physique et du monde ext\u00e9rieur.<\/span><\/span><\/p>\n<p class=\"western\" align=\"justify\"><span style=\"color: #000000;\"><span style=\"font-size: medium;\"><b>Bien que le voyage dans le temps \u00e0 la mani\u00e8re d\u2019Hollywood reste une fiction, nous avons quelque chose qu\u2019on appelle le voyage mental dans le temps. Qu\u2019est-ce que c\u2019est ?<\/b><\/span><\/span><\/p>\n<p class=\"western\" align=\"justify\"><span style=\"color: #000000;\"><span style=\"font-size: medium;\">Le voyage mental dans le temps d\u00e9signe la capacit\u00e9 de revivre des choses qui se sont produites dans le pass\u00e9 et de simuler ou d\u2019<\/span><\/span><span style=\"color: #000080;\"><u><a href=\"https:\/\/nautil.us\/the-past-is-a-ghost-and-the-future-a-fantasy-1221672\/\"><span style=\"color: #000000;\"><span style=\"font-size: medium;\">imaginer diff\u00e9rents sc\u00e9narios futurs<\/span><\/span><\/a><\/u><\/span><span style=\"color: #000000;\"><span style=\"font-size: medium;\">. Le voyage mental dans le temps est l\u2019une des capacit\u00e9s cognitives les plus fondamentales ou d\u00e9finissantes que les humains ont d\u00e9velopp\u00e9es. C\u2019est ce qui nous a vraiment permis d\u2019arriver o\u00f9 nous sommes. Pensez \u00e0 quelque chose d\u2019aussi simple que l\u2019agriculture \u2014 l\u2019une des avanc\u00e9es technologiques les plus importantes que nous ayons jamais eues. C\u2019est une id\u00e9e simple, n\u2019est-ce pas ? Planter une graine et ensuite r\u00e9colter les b\u00e9n\u00e9fices en termes d\u2019assurance de nourriture dans le futur. Mais cette id\u00e9e simple a r\u00e9ellement \u00e9chapp\u00e9 \u00e0 tous les autres animaux, et aux premiers humains pendant des millions d\u2019ann\u00e9es. Et pourquoi ? Je pense que c\u2019est parce que cela implique le voyage mental dans le temps. Sans cette capacit\u00e9, il est difficile de dire : \u00ab Eh bien, je vais planter cette graine aujourd\u2019hui afin d\u2019en r\u00e9colter les b\u00e9n\u00e9fices dans quelques mois ou ann\u00e9es \u00bb. Donc, ce lien de cause \u00e0 effet sur de longues p\u00e9riodes est quelque chose que la plupart des animaux sont largement incapables de faire.<\/span><\/span><\/p>\n<p class=\"western\" align=\"center\"><span style=\"color: #000000;\"><span style=\"font-size: large;\"><i><b>La mani\u00e8re juste de le dire est que votre cerveau entier est un minuteur.<\/b><\/i><\/span><\/span><\/p>\n<p class=\"western\" align=\"justify\"><span style=\"color: #000000;\"><span style=\"font-size: medium;\"><b>Pourquoi pensons-nous que cette capacit\u00e9 est unique aux humains ?<\/b><\/span><\/span><\/p>\n<p class=\"western\" align=\"justify\"><span style=\"color: #000000;\"><span style=\"font-size: medium;\">Elle est certainement unique par le degr\u00e9 auquel nous pouvons le faire. Il y a un certain d\u00e9bat pour savoir si <\/span><\/span><span style=\"color: #000080;\"><u><a href=\"https:\/\/nautil.us\/the-new-science-of-animal-minds-713384\/\"><span style=\"color: #000000;\"><span style=\"font-size: medium;\">d\u2019autres animaux peuvent le faire<\/span><\/span><\/a><\/u><\/span><span style=\"color: #000000;\"><span style=\"font-size: medium;\">. Maintenant, d\u2019autres animaux accomplissent des actions orient\u00e9es vers le futur ; un \u00e9cureuil stocke de la nourriture, un castor construit un barrage, et les oiseaux construisent des nids. Mais, selon la plupart des r\u00e9cits, ce sont des comportements inn\u00e9s. Les animaux ne semblent pas conscients de la raison pour laquelle ils le font. C\u2019est ainsi que fonctionne l\u2019\u00e9volution ; elle cr\u00e9e des comportements inn\u00e9s pour que vous puissiez accomplir des actions orient\u00e9es vers le futur sans avoir \u00e0 comprendre pourquoi vous les accomplissez.<\/span><\/span><\/p>\n<p class=\"western\" align=\"justify\"><span style=\"color: #000000;\"><span style=\"font-size: medium;\">Cela dit, bien que cette capacit\u00e9 \u00e0 voyager mentalement dans le temps et \u00e0 voir l\u2019avenir ait d\u00fb \u00eatre incroyablement puissante, elle a aussi \u00e9t\u00e9 incroyablement traumatisante. Certains premiers humains ont d\u00fb regarder vers l\u2019avenir et dire : \u00ab oh merde, je vais mourir \u00bb. Ils ont vu qu\u2019ils \u00e9taient mortels. Cette capacit\u00e9 cognitive \u00e0 voyager mentalement dans le temps a peut-\u00eatre initi\u00e9 ou d\u00e9clench\u00e9 le besoin de croyances surnaturelles, comme la religion. <\/span><\/span><span style=\"color: #000080;\"><u><a href=\"https:\/\/nautil.us\/the-worth-of-an-angry-god-237410\/\"><span style=\"color: #000000;\"><span style=\"font-size: medium;\">Les croyances surnaturelles<\/span><\/span><\/a><\/u><\/span><span style=\"color: #000000;\"><span style=\"font-size: medium;\"> ont peut-\u00eatre \u00e9t\u00e9 d\u00e9velopp\u00e9es en partie pour faire face \u00e0 notre capacit\u00e9 de voyager mentalement dans le temps et de voir que nous sommes mortels. Et quelle meilleure fa\u00e7on de le faire que de croire qu\u2019il y a une vie apr\u00e8s la mort ?<\/span><\/span><\/p>\n<p class=\"western\" align=\"justify\"><span style=\"color: #000000;\"><span style=\"font-size: medium;\"><b>Je me demande si le d\u00e9veloppement du langage est li\u00e9 \u00e0 la capacit\u00e9 de voyager mentalement dans le temps ?<\/b><\/span><\/span><\/p>\n<p class=\"western\" align=\"justify\"><span style=\"color: #000000;\"><span style=\"font-size: medium;\">Je suis d\u2019accord que le voyage mental dans le temps et le langage doivent \u00eatre li\u00e9s. Pour nous pr\u00e9parer \u00e0 l\u2019avenir, nous avons besoin de capacit\u00e9s linguistiques et de langage et de symboles pour planifier \u00e0 l\u2019avance et pour quantifier le temps qui passe. Je pense que ces choses ont co\u00e9volu\u00e9.<\/span><\/span><\/p>\n<p class=\"western\" align=\"justify\"><span style=\"color: #000000;\"><span style=\"font-size: medium;\">Il est \u00e9galement int\u00e9ressant de noter que, lorsque nous parlons du temps, dans de nombreuses cultures, nous utilisons des m\u00e9taphores spatiales. Certains ont soutenu que nous avions des circuits [neuronaux] en place pour traiter l\u2019espace \u2014 gauche, droite, nord, sud \u2014 essentiels pour suivre les animaux lors de leurs migrations sur de longues distances. Et ensuite, ces circuits pour l\u2019espace ont \u00e9t\u00e9 r\u00e9quisitionn\u00e9s ou transform\u00e9s, et nous ont permis de voyager mentalement \u00e0 travers le temps. Nous avons le pass\u00e9, nous avons le pr\u00e9sent, nous avons l\u2019avenir. Et quand vous et moi parlons du temps, nous utilisons souvent des m\u00e9taphores spatiales. Nous disons, \u00ab c\u2019\u00e9tait une longue journ\u00e9e \u00bb, ou \u00ab j\u2019ai h\u00e2te de te voir \u00bb, ou \u00ab Avec le recul, ce n\u2019\u00e9tait pas ma meilleure id\u00e9e \u00bb. Donc, c\u2019est l\u2019un des outils que nous utilisons pour voyager mentalement dans le temps, et cela va pr\u00e9cis\u00e9ment dans le sens de votre remarque sur la relation entre le voyage mental dans le temps et le langage.<\/span><\/span><\/p>\n<p class=\"western\" align=\"justify\"><span style=\"color: #000000;\"><span style=\"font-size: medium;\"><b>Fait int\u00e9ressant, nous les utilisons aussi dans l\u2019autre sens, en utilisant le temps pour d\u00e9crire l\u2019espace. Nous dirons des choses comme : \u00ab Le centre commercial est \u00e0 10 minutes d\u2019ici \u00bb.<\/b><\/span><\/span><\/p>\n<p class=\"western\" align=\"justify\"><span style=\"color: #000000;\"><span style=\"font-size: medium;\">C\u2019est un bon exemple, mais il n\u2019y en a pas beaucoup. Je pense que nous spatialisons le temps bien plus que nous ne temporalisons l\u2019espace.<\/span><\/span><\/p>\n<p class=\"western\" align=\"justify\"><span style=\"color: #000000;\"><span style=\"font-size: medium;\"><b>Une chose tr\u00e8s basique \u00e0 propos de notre exp\u00e9rience du temps est qu\u2019<\/b><\/span><\/span><span style=\"color: #000080;\"><u><a href=\"https:\/\/nautil.us\/where-did-time-come-from-and-why-does-it-seem-to-flow-234760\/\"><span style=\"color: #000000;\"><span style=\"font-size: medium;\"><b>il semble s\u2019\u00e9couler<\/b><\/span><\/span><\/a><\/u><\/span><span style=\"color: #000000;\"><span style=\"font-size: medium;\"><b> : le futur devient le pr\u00e9sent, le pr\u00e9sent dispara\u00eet dans le pass\u00e9. Mais cet \u00e9coulement est plut\u00f4t insaisissable. Y a-t-il quelque chose dans le monde physique qui corresponde \u00e0 cet \u00e9coulement ? Ou pourrait-il s\u2019agir d\u2019une cr\u00e9ation de l\u2019esprit ?<\/b><\/span><\/span><\/p>\n<p class=\"western\" align=\"justify\"><span style=\"color: #000000;\"><span style=\"font-size: medium;\">Le temps se trouve au centre d\u2019une temp\u00eate parfaite de myst\u00e8res scientifiques non r\u00e9solus impliquant le libre arbitre, la conscience et l\u2019unification de la relativit\u00e9 et de la m\u00e9canique quantique. Il y a deux points de vue.<\/span><\/span><\/p>\n<p class=\"western\" align=\"justify\"><span style=\"color: #000000;\"><span style=\"font-size: medium;\">L\u2019un est appel\u00e9 le pr\u00e9sentisme ; c\u2019est la vue intuitive \u2014 l\u2019id\u00e9e que seul le pr\u00e9sent est r\u00e9el, et que le pass\u00e9 n\u2019est plus r\u00e9el et que le futur n\u2019est pas encore r\u00e9el. Et que nous pouvons agir dans le pr\u00e9sent et modifier ou fa\u00e7onner l\u2019avenir. C\u2019est certainement la vision dominante \u00e0 travers l\u2019histoire. Mais en physique moderne, depuis Einstein, cette vision a commenc\u00e9 \u00e0 changer.<\/span><\/span><\/p>\n<p class=\"western\" align=\"justify\"><span style=\"color: #000000;\"><span style=\"font-size: medium;\">Il existe d\u00e9sormais une tension entre les neurosciences et la physique, beaucoup de physiciens et de philosophes disant que les lois de la physique sugg\u00e8rent que la vision pr\u00e9sentiste est erron\u00e9e, et que la bonne vision est l\u2019\u00e9ternalisme, aussi appel\u00e9 la \u00ab th\u00e9orie de l\u2019univers-bloc \u00bb. Dans cette vision, le \u00ab maintenant \u00bb est au temps ce que le \u00ab ici \u00bb est \u00e0 l\u2019espace. Nous n\u2019avons aucun probl\u00e8me \u00e0 dire que nous existons tous deux dans l\u2019espace, m\u00eame si nous sommes \u00e9loign\u00e9s ; vous \u00eates \u00e0 Toronto et je suis \u00e0 Los Angeles. Selon l\u2019\u00e9ternalisme, la m\u00eame chose est vraie pour le temps. Il existerait d\u2019autres \u00ab versions \u00bb de vous dans le pass\u00e9 ou dans le futur qui coexistent toutes.<\/span><\/span><\/p>\n<p class=\"western\" align=\"center\"><span style=\"color: #000000;\"><span style=\"font-size: large;\"><i><b>La perception du temps est la mani\u00e8re dont l\u2019\u00e9volution nous permet de comprendre le changement.<\/b><\/i><\/span><\/span><\/p>\n<p class=\"western\" align=\"justify\"><span style=\"color: #000000;\"><span style=\"font-size: medium;\">Je pense que la mani\u00e8re la plus intuitive pour les gens de comprendre cette notion \u2014 que tout le temps est d\u00e9ploy\u00e9 de cette fa\u00e7on \u2014 est \u00e0 travers le concept du voyage dans le temps, c\u2019est-\u00e0-dire <\/span><\/span><span style=\"color: #000080;\"><u><a href=\"https:\/\/nautil.us\/a-nonlinear-history-of-time-travel-236118\/\"><span style=\"color: #000000;\"><span style=\"font-size: medium;\">la version hollywoodienne du voyage dans le temps<\/span><\/span><\/a><\/u><\/span><span style=\"color: #000000;\"><span style=\"font-size: medium;\">. Selon le pr\u00e9sentisme, le voyage dans le temps est absolument impossible, puisque vous ne pouvez pas voyager vers des moments qui n\u2019existent pas. Donc, tous nos films pr\u00e9f\u00e9r\u00e9s sur le voyage dans le temps, que ce soit <\/span><\/span><span style=\"color: #000000;\"><span style=\"font-size: medium;\"><i>Terminator<\/i><\/span><\/span><span style=\"color: #000000;\"><span style=\"font-size: medium;\"> ou <\/span><\/span><span style=\"color: #000000;\"><span style=\"font-size: medium;\"><i>Predestination<\/i><\/span><\/span><span style=\"color: #000000;\"><span style=\"font-size: medium;\">, ne tiennent pas debout.<\/span><\/span><\/p>\n<p class=\"western\" align=\"justify\"><span style=\"color: #000000;\"><span style=\"font-size: medium;\">C\u2019est une r\u00e9ponse un peu d\u00e9tourn\u00e9e, mais, selon l\u2019\u00e9ternalisme, notre sentiment subjectif de l\u2019\u00e9coulement du temps est difficile \u00e0 expliquer, et certains physiciens et philosophes le consid\u00e8rent comme une illusion. En d\u2019autres termes, puisque le temps ne s\u2019\u00e9coule pas dans le sens normal [dans le monde physique], alors il doit s\u2019agir d\u2019une illusion impos\u00e9e par le cerveau. Et c\u2019est ce qui cause cette tension entre neurosciences et physique.<\/span><\/span><\/p>\n<p class=\"western\" align=\"justify\"><span style=\"color: #000000;\"><span style=\"font-size: medium;\"><b>Restons un instant sur la diff\u00e9rence entre le temps et l\u2019espace : ils semblent vraiment tr\u00e8s diff\u00e9rents, n\u2019est-ce pas ? Apr\u00e8s tout, j\u2019ai un certain contr\u00f4le sur ma position dans l\u2019espace \u2014 je peux bouger d\u2019un pas vers l\u2019est ou d\u2019un pas vers l\u2019ouest, sans probl\u00e8me. Nous n\u2019avons pas cette libert\u00e9 de nous d\u00e9placer dans le temps.<\/b><\/span><\/span><\/p>\n<p class=\"western\" align=\"justify\"><span style=\"color: #000000;\"><span style=\"font-size: medium;\">Je pense que c\u2019est l\u2019une des raisons pour lesquelles certains philosophes et physiciens adoptent l\u2019\u00e9ternalisme. Les lois de la physique ne nous disent pas que le moment pr\u00e9sent a quoi que ce soit de sp\u00e9cial. De plus, les lois de la physique sont g\u00e9n\u00e9ralement r\u00e9versibles dans le temps. Vous pouvez appliquer les lois de Newton ou d\u2019Einstein en avant ou en arri\u00e8re, pour pr\u00e9dire le futur ou r\u00e9trodicter le pass\u00e9. Et puis, avec la th\u00e9orie de la relativit\u00e9, nous avons prouv\u00e9 qu\u2019il n\u2019y a pas de \u00ab maintenant \u00bb absolu. Si je voyageais dans un autre r\u00e9f\u00e9rentiel \u00e0 tr\u00e8s grande vitesse, il n\u2019aurait aucun sens pour moi de demander : \u00ab Que fait Dan maintenant ? \u00bb parce que nos horloges tournent \u00e0 des rythmes diff\u00e9rents. Certains en ont conclu que, peut-\u00eatre il n\u2019y a pas de maintenant ; peut-\u00eatre que tous les moments existent d\u00e9j\u00e0 \u00ab quelque part \u00bb.<\/span><\/span><\/p>\n<p class=\"western\" align=\"justify\"><span style=\"color: #000000;\"><span style=\"font-size: medium;\">Mais votre remarque sur le fait de pouvoir se d\u00e9placer dans l\u2019espace, mais pas dans le temps est certainement importante, et elle soul\u00e8ve cette question de <\/span><\/span><span style=\"color: #000080;\"><u><a href=\"https:\/\/nautil.us\/the-mystery-of-times-arrow-234754\/\"><span style=\"color: #000000;\"><span style=\"font-size: medium;\">la fl\u00e8che du temps<\/span><\/span><\/a><\/u><\/span><span style=\"color: #000000;\"><span style=\"font-size: medium;\">. Et la physique a des r\u00e9ponses \u00e0 cela. L\u2019une de ces r\u00e9ponses concerne le fait que tout semble \u00ab s\u2019\u00e9couler \u00bb dans la direction du futur, et cela est d\u00fb \u00e0 la deuxi\u00e8me loi de la thermodynamique [qui dit que l\u2019entropie, en gros le d\u00e9sordre d\u2019un syst\u00e8me, est toujours en augmentation], ainsi qu\u2019au fait que l\u2019univers a d\u00fb commencer dans un \u00e9tat de tr\u00e8s faible entropie. Vous avez donc besoin de ces deux choses, agissant ensemble, pour expliquer la fl\u00e8che du temps. Mais les lois de la physique ne prouvent ni l\u2019une ni l\u2019autre vision ; elles n\u2019exigent ni l\u2019\u00e9ternalisme ni le pr\u00e9sentisme. Ce sont seulement des interpr\u00e9tations.<\/span><\/span><\/p>\n<p class=\"western\" align=\"justify\"><span style=\"color: #000000;\"><span style=\"font-size: medium;\"><b>J\u2019essaie de me repr\u00e9senter cet \u00ab univers-bloc \u00bb sugg\u00e9r\u00e9 par la vision \u00e9ternaliste. Si le pass\u00e9, le pr\u00e9sent et le futur sont tous d\u00e9ploy\u00e9s comme un bloc, comment nos actions pr\u00e9sentes peuvent-elles affecter l\u2019avenir ? L\u2019avenir n\u2019est-il pas d\u00e9j\u00e0 \u00ab fix\u00e9 \u00bb d\u2019une certaine mani\u00e8re ?<\/b><\/span><\/span><\/p>\n<p class=\"western\" align=\"justify\"><span style=\"color: #000000;\"><span style=\"font-size: medium;\">C\u2019est exactement cela. Selon la vision \u00e9ternaliste, il n\u2019y a pas de <\/span><\/span><span style=\"color: #000080;\"><u><a href=\"https:\/\/nautil.us\/yes-we-have-free-will-no-we-absolutely-do-not-431904\/\"><span style=\"color: #000000;\"><span style=\"font-size: medium;\">libre arbitre<\/span><\/span><\/a><\/u><\/span><span style=\"color: #000000;\"><span style=\"font-size: medium;\">. Les choses ont d\u00e9j\u00e0 \u00e9t\u00e9, en un sens, pr\u00e9d\u00e9termin\u00e9es, parce qu\u2019elles se sont d\u00e9j\u00e0 produites en un sens. Il y a donc essentiellement tr\u00e8s peu de place pour ce que la plupart des gens appelleraient le libre arbitre.<\/span><\/span><\/p>\n<p class=\"western\" align=\"center\"><span style=\"color: #000000;\"><span style=\"font-size: large;\"><i><b>Les neurosciences sont le seul domaine o\u00f9 la chose \u00e9tudi\u00e9e est celle qui fait l\u2019\u00e9tude.<\/b><\/i><\/span><\/span><\/p>\n<p class=\"western\" align=\"justify\"><span style=\"color: #000000;\"><span style=\"font-size: medium;\"><b>Donc l\u2019\u00e9ternalisme d\u00e9fie nos intuitions \u2014 mais le pr\u00e9sentisme est aussi assez \u00e9trange. Nous nous souvenons du pass\u00e9, nous imaginons le futur \u2014 mais il est difficile de cerner ce qui rend le moment pr\u00e9sent plus r\u00e9el que tous les autres moments.<\/b><\/span><\/span><\/p>\n<p class=\"western\" align=\"justify\"><span style=\"color: #000000;\"><span style=\"font-size: medium;\">Nous devons \u00eatre conscients que ce que nous appelons \u00ab le pr\u00e9sent \u00bb est en r\u00e9alit\u00e9 une fen\u00eatre d\u2019int\u00e9gration. Nous parlons donc maintenant de psychologie, de neurosciences. Lorsque vous m\u2019entendez parler, il y a un d\u00e9lai [en raison de la vitesse finie du son], et votre cerveau int\u00e8gre ce d\u00e9lai. Et si nous parlions en personne, vos yeux recevraient l\u2019information visuelle de mes l\u00e8vres bougeant avant que vos oreilles n\u2019entendent les ondes sonores produites par ces m\u00eames l\u00e8vres. Donc, votre cerveau int\u00e8gre ; il n\u2019y a pas de pr\u00e9sent instantan\u00e9 unique. Il y a ce que nous appelons une fen\u00eatre temporelle d\u2019int\u00e9gration, et ensuite le cerveau cr\u00e9e ce r\u00e9cit dans lequel toutes ces choses se produisent simultan\u00e9ment. Il y a une certaine flexibilit\u00e9 ; si vous \u00eates assis dans les places \u00e9loign\u00e9es au concert, et que quelqu\u2019un frappe les cymbales, vous le voyez, mais le son est retard\u00e9. Mais si vous \u00eates aux places proches et ch\u00e8res, le d\u00e9lai est bien moindre. La notion de pr\u00e9sent, pour le cerveau, est flexible et adaptative. Mais je ne pense pas qu\u2019elle soit myst\u00e9rieuse au sens o\u00f9 l\u2019est l\u2019\u00e9ternalisme.<\/span><\/span><\/p>\n<p class=\"western\" align=\"justify\"><span style=\"color: #000000;\"><span style=\"font-size: medium;\"><b>Nous pourrions encore nous demander d\u2019o\u00f9 vient notre impression de \u00ab l\u2019\u00e9coulement \u00bb du temps.<\/b><\/span><\/span><\/p>\n<p class=\"western\" align=\"justify\"><span style=\"color: #000000;\"><span style=\"font-size: medium;\">Nous avons \u00e9volu\u00e9 pour avoir le sentiment que le pass\u00e9 n\u2019est plus r\u00e9el, que le pr\u00e9sent est r\u00e9el, et que le futur n\u2019est pas encore r\u00e9el, parce que c\u2019est adaptatif. Mais pourquoi est-ce adaptatif ? Parce que c\u2019est r\u00e9el. C\u2019est adaptatif parce que c\u2019est ainsi que l\u2019univers fonctionne r\u00e9ellement. L\u2019argument n\u2019est pas que tout ce que nous percevons correspond un \u00e0 un au monde r\u00e9el, mais la plupart du temps, oui. La couleur en est un bon exemple : la couleur n\u2019existe pas r\u00e9ellement en physique, mais il existe une approximation de la couleur en termes de longueur d\u2019onde de la lumi\u00e8re. L\u2019astuce du cerveau, l\u2019astuce de l\u2019\u00e9volution, a \u00e9t\u00e9 de nous permettre de cr\u00e9er de petits spectrom\u00e8tres. Notre perception consciente du temps \u00e9tait la mani\u00e8re dont l\u2019\u00e9volution nous a permis de comprendre comment les choses changent dans le monde ext\u00e9rieur, comment le temps s\u2019\u00e9coule effectivement. Et c\u2019est adaptatif parce que cela capture bien une propri\u00e9t\u00e9 r\u00e9elle du monde physique.<\/span><\/span><\/p>\n<p class=\"western\" align=\"justify\"><span style=\"color: #000000;\"><span style=\"font-size: medium;\"><b>Au bout du compte, nos cerveaux imposent-ils des limites \u00e0 notre capacit\u00e9 \u00e0 r\u00e9pondre \u00e0 ces questions profondes ?<\/b><\/span><\/span><\/p>\n<p class=\"western\" align=\"justify\"><span style=\"color: #000000;\"><span style=\"font-size: medium;\">Je pense certainement que oui. Je ne vois pas comment il pourrait en \u00eatre autrement. Nos cerveaux sont un produit de l\u2019\u00e9volution, et l\u2019\u00e9volution a s\u00e9lectionn\u00e9 l\u2019architecture cognitive de nos cerveaux pour survivre dans un monde o\u00f9 nous ne vivons plus vraiment. C\u2019\u00e9tait un monde dans lequel nous luttions pour survivre, pour trouver de la nourriture, pour nous prot\u00e9ger, pour trouver un abri et pour nous reproduire. Nous n\u2019habitons plus ce monde.<\/span><\/span><\/p>\n<p class=\"western\" align=\"justify\"><span style=\"color: #000000;\"><span style=\"font-size: medium;\">Je pense que tout dispositif de traitement de l\u2019information a ses limites, et, dans le cas du cerveau humain, ces limites sont tr\u00e8s claires. Par exemple, la m\u00e9canique quantique. De toute \u00e9vidence, le cerveau n\u2019a pas \u00e9volu\u00e9 pour avoir l\u2019architecture cognitive correcte afin de comprendre si un photon est une onde ou une particule. Et tout le d\u00e9bat sur <\/span><\/span><span style=\"color: #000080;\"><u><a href=\"https:\/\/www.scientificamerican.com\/article\/the-many-interpretations-of-quantum-mechanics\/\"><span style=\"color: #000000;\"><span style=\"font-size: medium;\">les diff\u00e9rentes interpr\u00e9tations de la m\u00e9canique quantique<\/span><\/span><\/a><\/u><\/span><span style=\"color: #000000;\"><span style=\"font-size: medium;\"> est en r\u00e9alit\u00e9 un d\u00e9bat de neurosciences, parce qu\u2019il concerne vraiment les limitations du cerveau humain. Mais je pense que nous devons \u00eatre conscients que les limitations du cerveau humain d\u00e9bordent sur d\u2019autres domaines, et le temps en fait partie. Les neurosciences sont un domaine unique en ce sens que c\u2019est le seul domaine de toute la science o\u00f9 la chose \u00e9tudi\u00e9e est celle qui fait l\u2019\u00e9tude. Et ce n\u2019est pas une bonne configuration, car cela laisse place aux biais et aux limitations.<\/span><\/span><\/p>\n<p class=\"western\" align=\"justify\"><span style=\"color: #000000;\"><span style=\"font-size: medium;\">Mais laissez-moi dire une chose sur la mani\u00e8re de g\u00e9rer ces limitations. Je pense que l\u2019un des outils les plus puissants jamais invent\u00e9s pour surmonter les limitations du cerveau est les math\u00e9matiques. Parce qu\u2019une fois que vous pouvez d\u00e9crire les choses dans un ensemble d\u2019\u00e9quations, peu importe si nous les comprenons, n\u2019est-ce pas ? Vous pouvez simplement mettre ces \u00e9quations dans un ordinateur, et l\u2019ordinateur peut indiquer ce qui se passera dans le futur, ou ce qui pourrait se passer dans le futur, ou ce qui s\u2019est pass\u00e9 dans le pass\u00e9.<\/span><\/span><\/p>\n<p class=\"western\" align=\"justify\"><span style=\"color: #000000;\"><span style=\"font-size: medium;\">Les math\u00e9matiques nous permettent d\u2019aller au-del\u00e0 des limitations inh\u00e9rentes au cerveau. C\u2019est pourquoi la physique a \u00e9t\u00e9 aussi puissante qu\u2019elle l\u2019est. Nous avons essentiellement la capacit\u00e9 de d\u00e9crire tout ce qui se passe sur notre plan\u00e8te, \u00e0 part vivre dans un collisionneur de particules ou \u00e0 c\u00f4t\u00e9 d\u2019un trou noir, avec un degr\u00e9 de pr\u00e9cision incroyable. Les math\u00e9matiques sont ce qui nous permet de le faire. Voil\u00e0 de quoi parle r\u00e9ellement la lutte entre le pr\u00e9sentisme et l\u2019\u00e9ternalisme : interpr\u00e9ter les math\u00e9matiques. C\u2019est l\u00e0 que nous devons \u00eatre plus conscients des limitations du cerveau humain.<\/span><\/span><\/p>\n<p class=\"western\" align=\"justify\"><span style=\"color: #000000;\"><span style=\"font-size: medium;\"><i>Dan Falk est un journaliste scientifique bas\u00e9 \u00e0 Toronto, dont les livres incluent The Science of Shakespeare et In Search of Time. Il coanime un balado appel\u00e9 BookLab, qui critique des ouvrages de vulgarisation scientifique. Retrouvez-le sur BlueSky \u00e0 @danfalk.bsky.social.<\/i><\/span><\/span><\/p>\n<p class=\"western\" align=\"justify\"><span style=\"color: #000000;\"><span style=\"font-size: medium;\">Texte original publi\u00e9 le 8 juillet 2025\u00a0: <\/span><\/span><span style=\"color: #000080;\"><u><a href=\"https:\/\/nautil.us\/does-anybody-really-know-what-time-is-1223272\/\" target=\"_blank\" rel=\"noopener\"><span style=\"color: #000000;\"><span style=\"font-size: medium;\">https:\/\/nautil.us\/does-anybody-really-know-what-time-is-1223272\/<\/span><\/span><\/a><\/u><\/span><\/p>\n","protected":false},"excerpt":{"rendered":"<p>Le cerveau poss\u00e8de des m\u00e9canismes fondamentalement diff\u00e9rents pour mesurer le temps \u00e0 diff\u00e9rentes \u00e9chelles. Vous avez une horloge circadienne ; c\u2019est elle qui vous guide lorsque vous avez faim, qui vous dit quand vous coucher, quand vous lever. Mais cette horloge n\u2019a pas de trotteuse ; elle ne peut pas \u00ab dire l\u2019heure \u00bb. Elle ne va pas vous aider \u00e0 d\u00e9terminer le tempo d\u2019une chanson que vous \u00e9coutez. Donc, cette horloge est ind\u00e9pendante des autres. Nous avons aussi d\u2019autres horloges, d\u2019autres minuteries, qui guident notre capacit\u00e9 \u00e0 avoir cette conversation&#8230;<\/p>\n","protected":false},"author":2,"featured_media":20404,"comment_status":"closed","ping_status":"closed","sticky":false,"template":"","format":"standard","meta":{"footnotes":""},"categories":[5,2209],"tags":[116,162,2211,1871,1230,1667,100,2210,102,159],"class_list":["post-20834","post","type-post","status-publish","format-standard","has-post-thumbnail","hentry","category-interview","category-falk-dan","tag-cerveau","tag-espace","tag-eternalisme","tag-integration","tag-interpretation","tag-neuroscience","tag-physique","tag-presentisme","tag-psychologie","tag-temps"],"yoast_head":"<!-- This site is optimized with the Yoast SEO plugin v27.0 - https:\/\/yoast.com\/product\/yoast-seo-wordpress\/ -->\n<title>Quelqu\u2019un sait-il vraiment ce qu\u2019est le temps ? par Dan Falk - 3e mill\u00e9naire - Spiritualit\u00e9 - Connaissance de soi - Non-dualit\u00e9 - M\u00e9ditation<\/title>\n<meta name=\"robots\" content=\"index, follow, max-snippet:-1, max-image-preview:large, max-video-preview:-1\" \/>\n<link rel=\"canonical\" href=\"https:\/\/www.revue3emillenaire.com\/blog\/quelquun-sait-il-vraiment-ce-quest-le-temps-par-dan-falk\/\" \/>\n<meta property=\"og:locale\" content=\"fr_FR\" \/>\n<meta property=\"og:type\" content=\"article\" \/>\n<meta property=\"og:title\" content=\"Quelqu\u2019un sait-il vraiment ce qu\u2019est le temps ? par Dan Falk - 3e mill\u00e9naire - Spiritualit\u00e9 - Connaissance de soi - Non-dualit\u00e9 - M\u00e9ditation\" \/>\n<meta property=\"og:description\" content=\"Le cerveau poss\u00e8de des m\u00e9canismes fondamentalement diff\u00e9rents pour mesurer le temps \u00e0 diff\u00e9rentes \u00e9chelles. Vous avez une horloge circadienne ; c\u2019est elle qui vous guide lorsque vous avez faim, qui vous dit quand vous coucher, quand vous lever. Mais cette horloge n\u2019a pas de trotteuse ; elle ne peut pas \u00ab dire l\u2019heure \u00bb. Elle ne va pas vous aider \u00e0 d\u00e9terminer le tempo d\u2019une chanson que vous \u00e9coutez. Donc, cette horloge est ind\u00e9pendante des autres. Nous avons aussi d\u2019autres horloges, d\u2019autres minuteries, qui guident notre capacit\u00e9 \u00e0 avoir cette conversation...\" \/>\n<meta property=\"og:url\" content=\"https:\/\/www.revue3emillenaire.com\/blog\/quelquun-sait-il-vraiment-ce-quest-le-temps-par-dan-falk\/\" \/>\n<meta property=\"og:site_name\" content=\"3e mill\u00e9naire - Spiritualit\u00e9 - Connaissance de soi - Non-dualit\u00e9 - M\u00e9ditation\" \/>\n<meta property=\"article:published_time\" content=\"2025-09-15T20:39:41+00:00\" \/>\n<meta property=\"og:image\" content=\"https:\/\/www.revue3emillenaire.com\/blog\/wp-content\/uploads\/2025\/01\/Dan-Falk.jpg\" \/>\n\t<meta property=\"og:image:width\" content=\"173\" \/>\n\t<meta property=\"og:image:height\" content=\"167\" \/>\n\t<meta property=\"og:image:type\" content=\"image\/jpeg\" \/>\n<meta name=\"author\" content=\"3e mill\u00e9naire\" \/>\n<meta name=\"twitter:card\" content=\"summary_large_image\" \/>\n<meta name=\"twitter:label1\" content=\"\u00c9crit par\" \/>\n\t<meta name=\"twitter:data1\" content=\"3e mill\u00e9naire\" \/>\n\t<meta name=\"twitter:label2\" content=\"Dur\u00e9e de lecture estim\u00e9e\" \/>\n\t<meta name=\"twitter:data2\" content=\"19 minutes\" \/>\n<script type=\"application\/ld+json\" class=\"yoast-schema-graph\">{\"@context\":\"https:\/\/schema.org\",\"@graph\":[{\"@type\":\"Article\",\"@id\":\"https:\/\/www.revue3emillenaire.com\/blog\/quelquun-sait-il-vraiment-ce-quest-le-temps-par-dan-falk\/#article\",\"isPartOf\":{\"@id\":\"https:\/\/www.revue3emillenaire.com\/blog\/quelquun-sait-il-vraiment-ce-quest-le-temps-par-dan-falk\/\"},\"author\":{\"name\":\"3e mill\u00e9naire\",\"@id\":\"https:\/\/www.revue3emillenaire.com\/blog\/#\/schema\/person\/b692dacff720a5344a6190bc714397eb\"},\"headline\":\"Quelqu\u2019un sait-il vraiment ce qu\u2019est le temps ? par Dan Falk\",\"datePublished\":\"2025-09-15T20:39:41+00:00\",\"mainEntityOfPage\":{\"@id\":\"https:\/\/www.revue3emillenaire.com\/blog\/quelquun-sait-il-vraiment-ce-quest-le-temps-par-dan-falk\/\"},\"wordCount\":3991,\"image\":{\"@id\":\"https:\/\/www.revue3emillenaire.com\/blog\/quelquun-sait-il-vraiment-ce-quest-le-temps-par-dan-falk\/#primaryimage\"},\"thumbnailUrl\":\"https:\/\/www.revue3emillenaire.com\/blog\/wp-content\/uploads\/2025\/01\/Dan-Falk.jpg\",\"keywords\":[\"cerveau\",\"espace\",\"\u00c9ternalisme\",\"Int\u00e9gration\",\"Interpr\u00e9tation\",\"Neuroscience\",\"Physique\",\"Pr\u00e9sentisme\",\"Psychologie\",\"temps\"],\"articleSection\":[\"Entretien\/Interview\",\"Falk Dan\"],\"inLanguage\":\"fr-FR\"},{\"@type\":\"WebPage\",\"@id\":\"https:\/\/www.revue3emillenaire.com\/blog\/quelquun-sait-il-vraiment-ce-quest-le-temps-par-dan-falk\/\",\"url\":\"https:\/\/www.revue3emillenaire.com\/blog\/quelquun-sait-il-vraiment-ce-quest-le-temps-par-dan-falk\/\",\"name\":\"Quelqu\u2019un sait-il vraiment ce qu\u2019est le temps ? par Dan Falk - 3e mill\u00e9naire - Spiritualit\u00e9 - Connaissance de soi - Non-dualit\u00e9 - M\u00e9ditation\",\"isPartOf\":{\"@id\":\"https:\/\/www.revue3emillenaire.com\/blog\/#website\"},\"primaryImageOfPage\":{\"@id\":\"https:\/\/www.revue3emillenaire.com\/blog\/quelquun-sait-il-vraiment-ce-quest-le-temps-par-dan-falk\/#primaryimage\"},\"image\":{\"@id\":\"https:\/\/www.revue3emillenaire.com\/blog\/quelquun-sait-il-vraiment-ce-quest-le-temps-par-dan-falk\/#primaryimage\"},\"thumbnailUrl\":\"https:\/\/www.revue3emillenaire.com\/blog\/wp-content\/uploads\/2025\/01\/Dan-Falk.jpg\",\"datePublished\":\"2025-09-15T20:39:41+00:00\",\"author\":{\"@id\":\"https:\/\/www.revue3emillenaire.com\/blog\/#\/schema\/person\/b692dacff720a5344a6190bc714397eb\"},\"breadcrumb\":{\"@id\":\"https:\/\/www.revue3emillenaire.com\/blog\/quelquun-sait-il-vraiment-ce-quest-le-temps-par-dan-falk\/#breadcrumb\"},\"inLanguage\":\"fr-FR\",\"potentialAction\":[{\"@type\":\"ReadAction\",\"target\":[\"https:\/\/www.revue3emillenaire.com\/blog\/quelquun-sait-il-vraiment-ce-quest-le-temps-par-dan-falk\/\"]}]},{\"@type\":\"ImageObject\",\"inLanguage\":\"fr-FR\",\"@id\":\"https:\/\/www.revue3emillenaire.com\/blog\/quelquun-sait-il-vraiment-ce-quest-le-temps-par-dan-falk\/#primaryimage\",\"url\":\"https:\/\/www.revue3emillenaire.com\/blog\/wp-content\/uploads\/2025\/01\/Dan-Falk.jpg\",\"contentUrl\":\"https:\/\/www.revue3emillenaire.com\/blog\/wp-content\/uploads\/2025\/01\/Dan-Falk.jpg\",\"width\":173,\"height\":167},{\"@type\":\"BreadcrumbList\",\"@id\":\"https:\/\/www.revue3emillenaire.com\/blog\/quelquun-sait-il-vraiment-ce-quest-le-temps-par-dan-falk\/#breadcrumb\",\"itemListElement\":[{\"@type\":\"ListItem\",\"position\":1,\"name\":\"Accueil\",\"item\":\"https:\/\/www.revue3emillenaire.com\/blog\/\"},{\"@type\":\"ListItem\",\"position\":2,\"name\":\"Quelqu\u2019un sait-il vraiment ce qu\u2019est le temps ? par Dan Falk\"}]},{\"@type\":\"WebSite\",\"@id\":\"https:\/\/www.revue3emillenaire.com\/blog\/#website\",\"url\":\"https:\/\/www.revue3emillenaire.com\/blog\/\",\"name\":\"3e mill\u00e9naire - Spiritualit\u00e9 - Connaissance de soi - Non-dualit\u00e9 - M\u00e9ditation\",\"description\":\"L&#039;Homme en devenir\",\"potentialAction\":[{\"@type\":\"SearchAction\",\"target\":{\"@type\":\"EntryPoint\",\"urlTemplate\":\"https:\/\/www.revue3emillenaire.com\/blog\/?s={search_term_string}\"},\"query-input\":{\"@type\":\"PropertyValueSpecification\",\"valueRequired\":true,\"valueName\":\"search_term_string\"}}],\"inLanguage\":\"fr-FR\"},{\"@type\":\"Person\",\"@id\":\"https:\/\/www.revue3emillenaire.com\/blog\/#\/schema\/person\/b692dacff720a5344a6190bc714397eb\",\"name\":\"3e mill\u00e9naire\",\"url\":\"https:\/\/www.revue3emillenaire.com\/blog\/author\/scoussa\/\"}]}<\/script>\n<!-- \/ Yoast SEO plugin. -->","yoast_head_json":{"title":"Quelqu\u2019un sait-il vraiment ce qu\u2019est le temps ? par Dan Falk - 3e mill\u00e9naire - Spiritualit\u00e9 - Connaissance de soi - Non-dualit\u00e9 - M\u00e9ditation","robots":{"index":"index","follow":"follow","max-snippet":"max-snippet:-1","max-image-preview":"max-image-preview:large","max-video-preview":"max-video-preview:-1"},"canonical":"https:\/\/www.revue3emillenaire.com\/blog\/quelquun-sait-il-vraiment-ce-quest-le-temps-par-dan-falk\/","og_locale":"fr_FR","og_type":"article","og_title":"Quelqu\u2019un sait-il vraiment ce qu\u2019est le temps ? par Dan Falk - 3e mill\u00e9naire - Spiritualit\u00e9 - Connaissance de soi - Non-dualit\u00e9 - M\u00e9ditation","og_description":"Le cerveau poss\u00e8de des m\u00e9canismes fondamentalement diff\u00e9rents pour mesurer le temps \u00e0 diff\u00e9rentes \u00e9chelles. Vous avez une horloge circadienne ; c\u2019est elle qui vous guide lorsque vous avez faim, qui vous dit quand vous coucher, quand vous lever. Mais cette horloge n\u2019a pas de trotteuse ; elle ne peut pas \u00ab dire l\u2019heure \u00bb. Elle ne va pas vous aider \u00e0 d\u00e9terminer le tempo d\u2019une chanson que vous \u00e9coutez. Donc, cette horloge est ind\u00e9pendante des autres. Nous avons aussi d\u2019autres horloges, d\u2019autres minuteries, qui guident notre capacit\u00e9 \u00e0 avoir cette conversation...","og_url":"https:\/\/www.revue3emillenaire.com\/blog\/quelquun-sait-il-vraiment-ce-quest-le-temps-par-dan-falk\/","og_site_name":"3e mill\u00e9naire - Spiritualit\u00e9 - Connaissance de soi - Non-dualit\u00e9 - M\u00e9ditation","article_published_time":"2025-09-15T20:39:41+00:00","og_image":[{"width":173,"height":167,"url":"https:\/\/www.revue3emillenaire.com\/blog\/wp-content\/uploads\/2025\/01\/Dan-Falk.jpg","type":"image\/jpeg"}],"author":"3e mill\u00e9naire","twitter_card":"summary_large_image","twitter_misc":{"\u00c9crit par":"3e mill\u00e9naire","Dur\u00e9e de lecture estim\u00e9e":"19 minutes"},"schema":{"@context":"https:\/\/schema.org","@graph":[{"@type":"Article","@id":"https:\/\/www.revue3emillenaire.com\/blog\/quelquun-sait-il-vraiment-ce-quest-le-temps-par-dan-falk\/#article","isPartOf":{"@id":"https:\/\/www.revue3emillenaire.com\/blog\/quelquun-sait-il-vraiment-ce-quest-le-temps-par-dan-falk\/"},"author":{"name":"3e mill\u00e9naire","@id":"https:\/\/www.revue3emillenaire.com\/blog\/#\/schema\/person\/b692dacff720a5344a6190bc714397eb"},"headline":"Quelqu\u2019un sait-il vraiment ce qu\u2019est le temps ? par Dan Falk","datePublished":"2025-09-15T20:39:41+00:00","mainEntityOfPage":{"@id":"https:\/\/www.revue3emillenaire.com\/blog\/quelquun-sait-il-vraiment-ce-quest-le-temps-par-dan-falk\/"},"wordCount":3991,"image":{"@id":"https:\/\/www.revue3emillenaire.com\/blog\/quelquun-sait-il-vraiment-ce-quest-le-temps-par-dan-falk\/#primaryimage"},"thumbnailUrl":"https:\/\/www.revue3emillenaire.com\/blog\/wp-content\/uploads\/2025\/01\/Dan-Falk.jpg","keywords":["cerveau","espace","\u00c9ternalisme","Int\u00e9gration","Interpr\u00e9tation","Neuroscience","Physique","Pr\u00e9sentisme","Psychologie","temps"],"articleSection":["Entretien\/Interview","Falk Dan"],"inLanguage":"fr-FR"},{"@type":"WebPage","@id":"https:\/\/www.revue3emillenaire.com\/blog\/quelquun-sait-il-vraiment-ce-quest-le-temps-par-dan-falk\/","url":"https:\/\/www.revue3emillenaire.com\/blog\/quelquun-sait-il-vraiment-ce-quest-le-temps-par-dan-falk\/","name":"Quelqu\u2019un sait-il vraiment ce qu\u2019est le temps ? par Dan Falk - 3e mill\u00e9naire - Spiritualit\u00e9 - Connaissance de soi - Non-dualit\u00e9 - M\u00e9ditation","isPartOf":{"@id":"https:\/\/www.revue3emillenaire.com\/blog\/#website"},"primaryImageOfPage":{"@id":"https:\/\/www.revue3emillenaire.com\/blog\/quelquun-sait-il-vraiment-ce-quest-le-temps-par-dan-falk\/#primaryimage"},"image":{"@id":"https:\/\/www.revue3emillenaire.com\/blog\/quelquun-sait-il-vraiment-ce-quest-le-temps-par-dan-falk\/#primaryimage"},"thumbnailUrl":"https:\/\/www.revue3emillenaire.com\/blog\/wp-content\/uploads\/2025\/01\/Dan-Falk.jpg","datePublished":"2025-09-15T20:39:41+00:00","author":{"@id":"https:\/\/www.revue3emillenaire.com\/blog\/#\/schema\/person\/b692dacff720a5344a6190bc714397eb"},"breadcrumb":{"@id":"https:\/\/www.revue3emillenaire.com\/blog\/quelquun-sait-il-vraiment-ce-quest-le-temps-par-dan-falk\/#breadcrumb"},"inLanguage":"fr-FR","potentialAction":[{"@type":"ReadAction","target":["https:\/\/www.revue3emillenaire.com\/blog\/quelquun-sait-il-vraiment-ce-quest-le-temps-par-dan-falk\/"]}]},{"@type":"ImageObject","inLanguage":"fr-FR","@id":"https:\/\/www.revue3emillenaire.com\/blog\/quelquun-sait-il-vraiment-ce-quest-le-temps-par-dan-falk\/#primaryimage","url":"https:\/\/www.revue3emillenaire.com\/blog\/wp-content\/uploads\/2025\/01\/Dan-Falk.jpg","contentUrl":"https:\/\/www.revue3emillenaire.com\/blog\/wp-content\/uploads\/2025\/01\/Dan-Falk.jpg","width":173,"height":167},{"@type":"BreadcrumbList","@id":"https:\/\/www.revue3emillenaire.com\/blog\/quelquun-sait-il-vraiment-ce-quest-le-temps-par-dan-falk\/#breadcrumb","itemListElement":[{"@type":"ListItem","position":1,"name":"Accueil","item":"https:\/\/www.revue3emillenaire.com\/blog\/"},{"@type":"ListItem","position":2,"name":"Quelqu\u2019un sait-il vraiment ce qu\u2019est le temps ? par Dan Falk"}]},{"@type":"WebSite","@id":"https:\/\/www.revue3emillenaire.com\/blog\/#website","url":"https:\/\/www.revue3emillenaire.com\/blog\/","name":"3e mill\u00e9naire - Spiritualit\u00e9 - Connaissance de soi - Non-dualit\u00e9 - M\u00e9ditation","description":"L&#039;Homme en devenir","potentialAction":[{"@type":"SearchAction","target":{"@type":"EntryPoint","urlTemplate":"https:\/\/www.revue3emillenaire.com\/blog\/?s={search_term_string}"},"query-input":{"@type":"PropertyValueSpecification","valueRequired":true,"valueName":"search_term_string"}}],"inLanguage":"fr-FR"},{"@type":"Person","@id":"https:\/\/www.revue3emillenaire.com\/blog\/#\/schema\/person\/b692dacff720a5344a6190bc714397eb","name":"3e mill\u00e9naire","url":"https:\/\/www.revue3emillenaire.com\/blog\/author\/scoussa\/"}]}},"_links":{"self":[{"href":"https:\/\/www.revue3emillenaire.com\/blog\/wp-json\/wp\/v2\/posts\/20834","targetHints":{"allow":["GET"]}}],"collection":[{"href":"https:\/\/www.revue3emillenaire.com\/blog\/wp-json\/wp\/v2\/posts"}],"about":[{"href":"https:\/\/www.revue3emillenaire.com\/blog\/wp-json\/wp\/v2\/types\/post"}],"author":[{"embeddable":true,"href":"https:\/\/www.revue3emillenaire.com\/blog\/wp-json\/wp\/v2\/users\/2"}],"replies":[{"embeddable":true,"href":"https:\/\/www.revue3emillenaire.com\/blog\/wp-json\/wp\/v2\/comments?post=20834"}],"version-history":[{"count":0,"href":"https:\/\/www.revue3emillenaire.com\/blog\/wp-json\/wp\/v2\/posts\/20834\/revisions"}],"wp:featuredmedia":[{"embeddable":true,"href":"https:\/\/www.revue3emillenaire.com\/blog\/wp-json\/wp\/v2\/media\/20404"}],"wp:attachment":[{"href":"https:\/\/www.revue3emillenaire.com\/blog\/wp-json\/wp\/v2\/media?parent=20834"}],"wp:term":[{"taxonomy":"category","embeddable":true,"href":"https:\/\/www.revue3emillenaire.com\/blog\/wp-json\/wp\/v2\/categories?post=20834"},{"taxonomy":"post_tag","embeddable":true,"href":"https:\/\/www.revue3emillenaire.com\/blog\/wp-json\/wp\/v2\/tags?post=20834"}],"curies":[{"name":"wp","href":"https:\/\/api.w.org\/{rel}","templated":true}]}}