{"id":20871,"date":"2025-10-06T02:53:39","date_gmt":"2025-10-06T01:53:39","guid":{"rendered":"https:\/\/www.revue3emillenaire.com\/blog\/?p=20871"},"modified":"2025-10-06T02:53:39","modified_gmt":"2025-10-06T01:53:39","slug":"le-cerveau-anatomie-et-fonctions-par-e-lester-smith","status":"publish","type":"post","link":"https:\/\/www.revue3emillenaire.com\/blog\/le-cerveau-anatomie-et-fonctions-par-e-lester-smith\/","title":{"rendered":"Le Cerveau\u00a0: Anatomie et Fonctions par E Lester Smith"},"content":{"rendered":"<p class=\"western\" lang=\"en-US\" style=\"padding-left: 80px;\" align=\"justify\"><span style=\"color: #000000;\"><span style=\"font-size: medium;\"><span lang=\"fr-FR\"><i>De grands progr\u00e8s ont \u00e9t\u00e9 r\u00e9alis\u00e9s dans la compr\u00e9hension du fonctionnement du syst\u00e8me nerveux, et nous avons m\u00eame une id\u00e9e approximative de la fa\u00e7on dont cet ordinateur le plus subtil et le plus \u00e9labor\u00e9 de tous, le cerveau humain, accomplit ses fonctions. La conception des codes mol\u00e9culaires et du stockage chimique de l\u2019information, issus des travaux sur la reproduction, ont stimul\u00e9 des sp\u00e9culations fascinantes sur le m\u00e9canisme de la m\u00e9moire et m\u00eame sur l\u2019ancien myst\u00e8re des r\u00eaves.<\/i><\/span><\/span><\/span><\/p>\n<p class=\"western\" lang=\"en-US\" style=\"padding-left: 80px;\" align=\"justify\"><span style=\"color: #000000;\"><span style=\"font-size: medium;\"><span lang=\"fr-FR\"><i>Mais ce qui reste totalement incompr\u00e9hensible est comment et pourquoi le cerveau devient le v\u00e9hicule de la conscience\u2026 Certains philosophes ont voulu \u00e9carter le probl\u00e8me esprit-mati\u00e8re comme une simple confusion verbale. Je soup\u00e7onne qu\u2019au fond, ils n\u2019attachent simplement aucune importance \u00e0 la description scientifique des choses et sont donc indiff\u00e9rents \u00e0 toute rupture entre celle-ci et le langage qui d\u00e9crit le monde de l\u2019exp\u00e9rience consciente. Si tel est le cas, ils ont bien s\u00fbr le droit de rester indiff\u00e9rents ; mais les hommes de science, eux, <\/i><\/span><\/span><\/span><span style=\"color: #000000;\"><span style=\"font-size: medium;\"><span lang=\"fr-FR\"><i>ne le peuvent sans doute pas<\/i><\/span><\/span><\/span><span style=\"color: #000000;\"><span style=\"font-size: medium;\"><span lang=\"fr-FR\"><i>.<\/i><\/span><\/span><\/span><\/p>\n<p class=\"western\" lang=\"en-US\" style=\"padding-left: 80px;\" align=\"right\"><span style=\"color: #000000;\"><span style=\"font-size: medium;\"><span lang=\"fr-FR\">Sir Cyril Hinshelwood<\/span><\/span><\/span><\/p>\n<p class=\"western\" lang=\"en-US\" align=\"justify\"><span style=\"color: #000000;\"><span style=\"font-size: medium;\"><span lang=\"fr-FR\">Le cerveau humain est l\u2019objet le plus merveilleux de tout l\u2019univers. C\u2019est l\u2019organe le plus complexe et le plus polyvalent. La fa\u00e7on la plus simple de d\u00e9crire son organisation tridimensionnelle \u00e9labor\u00e9e est probablement de commencer par le bas et l\u2019arri\u00e8re, l\u00e0 o\u00f9 le cerveau rejoint la moelle \u00e9pini\u00e8re, et de progresser \u00e9tape par \u00e9tape vers le haut et l\u2019avant. Cette s\u00e9quence est \u00e9galement logique puisqu\u2019elle suit approximativement le d\u00e9veloppement \u00e9volutif.<\/span><\/span><\/span><\/p>\n<p class=\"western\" lang=\"en-US\" align=\"justify\"><span style=\"color: #000000;\"><span style=\"font-size: medium;\"><span lang=\"fr-FR\">Nous rencontrons d\u2019abord l\u2019ancien cerveau reptilien et le cerveau mammalien, bien que ceux-ci aient en partie re\u00e7u de nouvelles fonctions pour r\u00e9pondre aux besoins humains. Par exemple, l\u2019odorat est beaucoup plus important pour les animaux que pour nous ; ils avaient besoin d\u2019une plus grande proportion du cerveau pour traiter et distinguer les impressions olfactives. Dans le cerveau humain, la majeure partie de la r\u00e9gion olfactive est <\/span><\/span><\/span><span style=\"color: #000000;\"><span style=\"font-size: medium;\"><span lang=\"fr-FR\">utilis\u00e9e \u00e0 d\u2019autres fins<\/span><\/span><\/span><span style=\"color: #000000;\"><span style=\"font-size: medium;\"><span lang=\"fr-FR\">. N\u00e9anmoins, nous en avons davantage que ce que la plupart d\u2019entre nous utilisent. Le sens olfactif peut \u00eatre grandement cultiv\u00e9, et c\u2019est ce que font, par exemple, certains chimistes, les d\u00e9gustateurs de vin et surtout les <\/span><\/span><\/span><span style=\"color: #000000;\"><span style=\"font-size: medium;\"><span lang=\"fr-FR\">parfumeurs<\/span><\/span><\/span><span style=\"color: #000000;\"><span style=\"font-size: medium;\"><span lang=\"fr-FR\">. \u00c0 mesure que nos besoins se sont accrus, de nouvelles parties du cerveau se sont d\u00e9velopp\u00e9es, ont augment\u00e9 en taille et se sont entass\u00e9es dans un cr\u00e2ne d\u00e9j\u00e0 aussi grand <\/span><\/span><\/span><span style=\"color: #000000;\"><span style=\"font-size: medium;\"><span lang=\"fr-FR\">que le permet l\u2019anatomie.<\/span><\/span><\/span><\/p>\n<p class=\"western\" lang=\"en-US\" align=\"justify\"><span style=\"color: #000000;\"><span style=\"font-size: medium;\"><span lang=\"fr-FR\">Le cerveau est subdivis\u00e9 de diverses mani\u00e8res pour faciliter la description, mais la nomenclature est quelque peu confuse. <\/span><\/span><\/span><span style=\"color: #000000;\"><span style=\"font-size: medium;\"><span lang=\"fr-FR\">Des racines latines et grecques ont \u00e9t\u00e9 utilis\u00e9es<\/span><\/span><\/span><span style=\"color: #000000;\"><span style=\"font-size: medium;\"><span lang=\"fr-FR\">, tandis que certaines zones portent le nom de leurs d\u00e9couvreurs. On peut commencer par une simple division en trois parties\u00a0: 1) <\/span><\/span><\/span><span style=\"color: #000000;\"><span style=\"font-size: medium;\"><span lang=\"fr-FR\">le cerveau post\u00e9rieur<\/span><\/span><\/span><span style=\"color: #000000;\"><span style=\"font-size: medium;\"><span lang=\"fr-FR\"> ; 2) le m\u00e9senc\u00e9phale ; et 3) <\/span><\/span><\/span><span style=\"color: #000000;\"><span style=\"font-size: medium;\"><span lang=\"fr-FR\">le cerveau ant\u00e9rieur<\/span><\/span><\/span><span style=\"color: #000000;\"><span style=\"font-size: medium;\"><span lang=\"fr-FR\"> ou le cerveau proprement dit. L<\/span><\/span><\/span><span style=\"color: #000000;\"><span style=\"font-size: medium;\"><span lang=\"fr-FR\">e cerveau post\u00e9rieur<\/span><\/span><\/span><span style=\"color: #000000;\"><span style=\"font-size: medium;\"><span lang=\"fr-FR\"> et le m\u00e9senc\u00e9phale occupent ensemble environ 1\/6 du volume total, tandis que le <\/span><\/span><\/span><span style=\"color: #000000;\"><span style=\"font-size: medium;\"><span lang=\"fr-FR\">cerveau ant\u00e9rieur<\/span><\/span><\/span><span style=\"color: #000000;\"><span style=\"font-size: medium;\"><span lang=\"fr-FR\"> occupe le reste.<\/span><\/span><\/span><\/p>\n<p class=\"western\" lang=\"en-US\" align=\"justify\"><span style=\"color: #000000;\"><span style=\"font-size: medium;\"><span lang=\"fr-FR\"><b>SUBDIVISIONS DU CERVEAU<\/b><\/span><\/span><\/span><\/p>\n<p class=\"western\" lang=\"en-US\" align=\"justify\"><span style=\"color: #000000;\"><span style=\"font-size: medium;\"><span lang=\"fr-FR\">Le cerveau post\u00e9rieur<\/span><\/span><\/span><span style=\"color: #000000;\"><span style=\"font-size: medium;\"><span lang=\"fr-FR\"> (ou rhombenc\u00e9phale, contenant le cervelet et le <\/span><\/span><\/span><span style=\"color: #000000;\"><span style=\"font-size: medium;\"><span lang=\"fr-FR\">bulbe rachidien<\/span><\/span><\/span><span style=\"color: #000000;\"><span style=\"font-size: medium;\"><span lang=\"fr-FR\">) est principalement <\/span><\/span><\/span><span style=\"color: #000000;\"><span style=\"font-size: medium;\"><span lang=\"fr-FR\">impliqu\u00e9 dans les mouvements corporels<\/span><\/span><\/span><span style=\"color: #000000;\"><span style=\"font-size: medium;\"><span lang=\"fr-FR\">. <\/span><\/span><\/span><span style=\"color: #000000;\"><span style=\"font-size: medium;\"><span lang=\"fr-FR\">Le pont de Varol re<\/span><\/span><\/span><span style=\"color: #000000;\"><span style=\"font-size: medium;\"><span lang=\"fr-FR\">lie <\/span><\/span><\/span><span style=\"color: #000000;\"><span style=\"font-size: medium;\"><span lang=\"fr-FR\">le cerveau post\u00e9rieur<\/span><\/span><\/span><span style=\"color: #000000;\"><span style=\"font-size: medium;\"><span lang=\"fr-FR\"> au <\/span><\/span><\/span><span style=\"color: #000000;\"><span style=\"font-size: medium;\"><span lang=\"fr-FR\">cerveau moyen<\/span><\/span><\/span><span style=\"color: #000000;\"><span style=\"font-size: medium;\"><span lang=\"fr-FR\">. Le <\/span><\/span><\/span><span style=\"color: #000000;\"><span style=\"font-size: medium;\"><span lang=\"fr-FR\">cerveau moyen<\/span><\/span><\/span><span style=\"color: #000000;\"><span style=\"font-size: medium;\"><span lang=\"fr-FR\"> (ou m\u00e9senc\u00e9phale), qui mesure \u00e0 peine un pouce de large, est <\/span><\/span><\/span><span style=\"color: #000000;\"><span style=\"font-size: medium;\"><span lang=\"fr-FR\">impliqu\u00e9<\/span><\/span><\/span><span style=\"color: #000000;\"><span style=\"font-size: medium;\"><span lang=\"fr-FR\"> par les r\u00e9ponses \u00e0 la lumi\u00e8re et au son, ainsi que dans le sommeil. <\/span><\/span><\/span><span style=\"color: #000000;\"><span style=\"font-size: medium;\"><span lang=\"fr-FR\">Le cerveau post\u00e9rieur<\/span><\/span><\/span><span style=\"color: #000000;\"><span style=\"font-size: medium;\"><span lang=\"fr-FR\"> et le m\u00e9senc\u00e9phale r\u00e9unis sont appel\u00e9s le tronc c\u00e9r\u00e9bral ou cerveau ancien (animal). Ce sont ces parties du cerveau qui nous permettent d\u2019ex\u00e9cuter des mouvements habituels et des comp\u00e9tences acquises sans pens\u00e9e consciente, comme le v\u00e9lo, la natation ou <\/span><\/span><\/span><span style=\"color: #000000;\"><span style=\"font-size: medium;\"><span lang=\"fr-FR\">taper \u00e0 l\u2019ordinateur.<\/span><\/span><\/span><\/p>\n<p class=\"western\" lang=\"en-US\" align=\"justify\"><span style=\"color: #000000;\"><span style=\"font-size: medium;\"><span lang=\"fr-FR\">Reliant le m\u00e9senc\u00e9phale \u00e0 l\u2019avant-cerveau se trouve le dienc\u00e9phale. Celui-ci contient des r\u00e9gions d\u2019une grande importance fonctionnelle\u00a0: le thalamus, une sorte de carrefour d\u2019\u00e9changes par lequel passent presque tous les influx nerveux du cerveau ; l\u2019\u00e9pithalamus, une petite r\u00e9gion qui inclut la glande pin\u00e9ale ; le subthalamus ; et enfin l\u2019hypothalamus, tr\u00e8s petit, mais vital, puisqu\u2019il est le principal contr\u00f4leur du syst\u00e8me nerveux autonome, et est \u00e9galement concern\u00e9 par la r\u00e9gulation de la temp\u00e9rature et les \u00e9motions. (Voir Figure\u00a01).<\/span><\/span><\/span><\/p>\n<p lang=\"en-US\" style=\"text-align: center;\" align=\"justify\"><a href=\"https:\/\/www.revue3emillenaire.com\/blog\/wp-content\/uploads\/2025\/10\/smith201.gif\"><img loading=\"lazy\" decoding=\"async\" class=\"aligncenter size-medium wp-image-20872\" src=\"https:\/\/www.revue3emillenaire.com\/blog\/wp-content\/uploads\/2025\/10\/smith201-300x249.gif\" alt=\"\" width=\"300\" height=\"249\" srcset=\"https:\/\/www.revue3emillenaire.com\/blog\/wp-content\/uploads\/2025\/10\/smith201-300x249.gif 300w, https:\/\/www.revue3emillenaire.com\/blog\/wp-content\/uploads\/2025\/10\/smith201-768x637.gif 768w\" sizes=\"auto, (max-width: 300px) 100vw, 300px\" \/><\/a><\/p>\n<p class=\"western\" lang=\"en-US\" style=\"text-align: center;\" align=\"justify\"><span style=\"color: #000000;\"><span style=\"font-size: medium;\"><span lang=\"fr-FR\"><b>Fig.\u00a01<\/b><\/span><\/span><\/span><span style=\"color: #000000;\"><span style=\"font-size: medium;\"><span lang=\"fr-FR\">. <\/span><\/span><\/span><span style=\"color: #000000;\"><span style=\"font-size: medium;\"><span lang=\"fr-FR\"><i>Coupe transversale du cerveau <\/i><\/span><\/span><\/span><span style=\"color: #000000;\"><span style=\"font-size: medium;\"><span lang=\"fr-FR\"><i>\u00e0 l\u2019int\u00e9rieur du<\/i><\/span><\/span><\/span><span style=\"color: #000000;\"><span style=\"font-size: medium;\"><span lang=\"fr-FR\"><i> cr\u00e2ne. <\/i><\/span><\/span><\/span><span style=\"color: #000000;\"><span style=\"font-size: medium;\"><span lang=\"fr-FR\"><i>Le cerveau post\u00e9rieur<\/i><\/span><\/span><\/span><span style=\"color: #000000;\"><span style=\"font-size: medium;\"><span lang=\"fr-FR\"><i> et le m\u00e9senc\u00e9phale forment ensemble le tronc c\u00e9r\u00e9bral. Le cervelet et <\/i><\/span><\/span><\/span><span style=\"color: #000000;\"><span style=\"font-size: medium;\"><span lang=\"fr-FR\"><i>bulbe rachidien<\/i><\/span><\/span><\/span><span style=\"color: #000000;\"><span style=\"font-size: medium;\"><span lang=\"fr-FR\"><i> se trouvent dans <\/i><\/span><\/span><\/span><span style=\"color: #000000;\"><span style=\"font-size: medium;\"><span lang=\"fr-FR\"><i>le cerveau post\u00e9rieur<\/i><\/span><\/span><\/span><span style=\"color: #000000;\"><span style=\"font-size: medium;\"><span lang=\"fr-FR\"><i>. <\/i><\/span><\/span><\/span><span style=\"color: #000000;\"><span style=\"font-size: medium;\"><span lang=\"fr-FR\"><i>Le cerveau ant\u00e9rieur<\/i><\/span><\/span><\/span><span style=\"color: #000000;\"><span style=\"font-size: medium;\"><span lang=\"fr-FR\"><i> ou cerveau est divis\u00e9 en deux h\u00e9misph\u00e8res reli\u00e9s par le corps calleux.<\/i><\/span><\/span><\/span><\/p>\n<p class=\"western\" lang=\"en-US\" align=\"justify\"><span style=\"color: #000000;\"><span style=\"font-size: medium;\"><span lang=\"fr-FR\">Le cerveau ant\u00e9rieur (prosenc\u00e9phale ou cerveau) est de loin la plus grande r\u00e9gion du cerveau humain. Il est divis\u00e9 en huit parties. La division principale est entre les deux h\u00e9misph\u00e8res c\u00e9r\u00e9braux, le \u00ab cerveau gauche \u00bb et le \u00ab cerveau droit \u00bb, comme on les appelle couramment (Figure\u00a02). Bien que physiquement presque compl\u00e8tement s\u00e9par\u00e9s et dot\u00e9s de fonctions distinctes, ils sont intimement li\u00e9s par le corps calleux, un \u00e9pais <\/span><\/span><\/span><span style=\"color: #000000;\"><span style=\"font-size: medium;\"><span lang=\"fr-FR\">faisceau<\/span><\/span><\/span><span style=\"color: #000000;\"><span style=\"font-size: medium;\"><span lang=\"fr-FR\"> de fibres nerveuses <\/span><\/span><\/span><span style=\"color: #000000;\"><span style=\"font-size: medium;\"><span lang=\"fr-FR\">\u00e0 travers<\/span><\/span><\/span><span style=\"color: #000000;\"><span style=\"font-size: medium;\"><span lang=\"fr-FR\"> lequel ils communiquent entre eux. Ainsi, leurs fonctions sont pleinement int\u00e9gr\u00e9es dans le cerveau normal ; ce n\u2019est que lorsque le corps calleux est sectionn\u00e9, dans une tentative d\u00e9sesp\u00e9r\u00e9e de contr\u00f4ler l\u2019\u00e9pilepsie, que les fonctions s\u00e9par\u00e9es des deux h\u00e9misph\u00e8res peuvent \u00eatre \u00e9tudi\u00e9es en d\u00e9tail (Figure\u00a03).<\/span><\/span><\/span><\/p>\n<p class=\"western\" lang=\"en-US\" align=\"justify\"><span style=\"color: #000000;\"><span style=\"font-size: medium;\"><span lang=\"fr-FR\">Chaque h\u00e9misph\u00e8re est \u00e0 son tour subdivis\u00e9 en quatre parties\u00a0: 1) les lobes frontaux derri\u00e8re le front, <\/span><\/span><\/span><span style=\"color: #000000;\"><span style=\"font-size: medium;\"><span lang=\"fr-FR\">li\u00e9s \u00e0<\/span><\/span><\/span><span style=\"color: #000000;\"><span style=\"font-size: medium;\"><span lang=\"fr-FR\"> l\u2019intellect et \u00e0 la planification ; 2) les lobes pari\u00e9taux \u00e0 l\u2019arri\u00e8re <\/span><\/span><\/span><span style=\"color: #000000;\"><span style=\"font-size: medium;\"><span lang=\"fr-FR\">du sommet<\/span><\/span><\/span><span style=\"color: #000000;\"><span style=\"font-size: medium;\"><span lang=\"fr-FR\"> de la t\u00eate, les zones sensorielles et motrices ; 3) les lobes temporaux, <\/span><\/span><\/span><span style=\"color: #000000;\"><span style=\"font-family: Times New Roman, serif;\"><span style=\"font-size: medium;\">en position inf\u00e9rieure et centrale<\/span><\/span><\/span><span style=\"color: #000000;\"><span style=\"font-size: medium;\"><span lang=\"fr-FR\">, li\u00e9s \u00e0 la m\u00e9moire et aux \u00e9motions ; et 4) les lobes occipitaux, en bas \u00e0 l\u2019arri\u00e8re, qui incluent les r\u00e9gions visuelles. Le t\u00e9lenc\u00e9phale et les noyaux gris centraux se trouvent \u00e9galement dans le cerveau.<\/span><\/span><\/span><\/p>\n<p lang=\"en-US\" align=\"justify\"><a href=\"https:\/\/www.revue3emillenaire.com\/blog\/wp-content\/uploads\/2025\/10\/smith202.gif\"><img loading=\"lazy\" decoding=\"async\" class=\"aligncenter size-medium wp-image-20873\" src=\"https:\/\/www.revue3emillenaire.com\/blog\/wp-content\/uploads\/2025\/10\/smith202-300x208.gif\" alt=\"\" width=\"300\" height=\"208\" srcset=\"https:\/\/www.revue3emillenaire.com\/blog\/wp-content\/uploads\/2025\/10\/smith202-300x208.gif 300w, https:\/\/www.revue3emillenaire.com\/blog\/wp-content\/uploads\/2025\/10\/smith202-1024x708.gif 1024w, https:\/\/www.revue3emillenaire.com\/blog\/wp-content\/uploads\/2025\/10\/smith202-768x531.gif 768w\" sizes=\"auto, (max-width: 300px) 100vw, 300px\" \/><\/a><\/p>\n<p class=\"western\" lang=\"en-US\" style=\"text-align: center;\" align=\"justify\"><span style=\"font-size: medium;\"><span lang=\"fr-FR\"><b>Fig.\u00a02.<\/b><\/span><\/span> <span style=\"font-size: medium;\"><span lang=\"fr-FR\"><i>L\u2019h\u00e9misph\u00e8re gauche du cerveau. Chaque h\u00e9misph\u00e8re est divis\u00e9 en quatre lobes\u00a0: frontal, pari\u00e9tal, occipital et temporal. Les lobes ont des fonctions sp\u00e9cialis\u00e9es.<\/i><\/span><\/span><\/p>\n<p lang=\"en-US\" align=\"justify\"><a href=\"https:\/\/www.revue3emillenaire.com\/blog\/wp-content\/uploads\/2025\/10\/smith203.gif\"><img loading=\"lazy\" decoding=\"async\" class=\"aligncenter size-medium wp-image-20874\" src=\"https:\/\/www.revue3emillenaire.com\/blog\/wp-content\/uploads\/2025\/10\/smith203-300x248.gif\" alt=\"\" width=\"300\" height=\"248\" srcset=\"https:\/\/www.revue3emillenaire.com\/blog\/wp-content\/uploads\/2025\/10\/smith203-300x248.gif 300w, https:\/\/www.revue3emillenaire.com\/blog\/wp-content\/uploads\/2025\/10\/smith203-1024x848.gif 1024w, https:\/\/www.revue3emillenaire.com\/blog\/wp-content\/uploads\/2025\/10\/smith203-768x636.gif 768w\" sizes=\"auto, (max-width: 300px) 100vw, 300px\" \/><\/a><\/p>\n<p class=\"western\" lang=\"en-US\" style=\"text-align: center;\" align=\"justify\"><span style=\"color: #000000;\"><span style=\"font-size: medium;\"><span lang=\"fr-FR\"><b>Fig.\u00a03.<\/b><\/span><\/span><\/span> <span style=\"color: #000000;\"><span style=\"font-size: medium;\"><span lang=\"fr-FR\"><i>Un patient au cerveau scind\u00e9 dessinant avec les deux mains. Les informations du champ visuel gauche sont transmises au cerveau droit, qui contr\u00f4le la main gauche. Ainsi, le patient peut copier l\u2019arbre seulement avec sa main gauche, pas avec la droite, puisque le cerveau gauche ignore les informations du cerveau droit. La main droite du patient ne peut copier que la fleur, pas l\u2019arbre.<\/i><\/span><\/span><\/span><\/p>\n<p class=\"western\" lang=\"en-US\" align=\"justify\"><span style=\"color: #000000;\"><span style=\"font-size: medium;\"><span lang=\"fr-FR\">Enfin, l\u2019ensemble du cerveau est envelopp\u00e9 dans une membrane r\u00e9sistante, les m\u00e9ninges, et est soutenu, comme une gel\u00e9e dans un moule, \u00e0 l\u2019int\u00e9rieur du cr\u00e2ne. Curieusement, les m\u00e9ninges sont la seule partie du cerveau qui \u00e9prouve de la douleur lorsqu\u2019elle est coup\u00e9e ou autrement bless\u00e9e. Mais le cerveau r\u00e9pond bien s\u00fbr par la sensation de douleur aux blessures inflig\u00e9es \u00e0 d\u2019autres parties du corps ; de plus, il peut g\u00e9n\u00e9rer <\/span><\/span><\/span><span style=\"color: #000000;\"><span style=\"font-size: medium;\"><span lang=\"fr-FR\">des<\/span><\/span><\/span><span style=\"color: #000000;\"><span style=\"font-size: medium;\"><span lang=\"fr-FR\"> douleur<\/span><\/span><\/span><span style=\"color: #000000;\"><span style=\"font-size: medium;\"><span lang=\"fr-FR\">s<\/span><\/span><\/span><span style=\"color: #000000;\"><span style=\"font-size: medium;\"><span lang=\"fr-FR\"> interne<\/span><\/span><\/span><span style=\"color: #000000;\"><span style=\"font-size: medium;\"><span lang=\"fr-FR\">s<\/span><\/span><\/span><span style=\"color: #000000;\"><span style=\"font-size: medium;\"><span lang=\"fr-FR\"> \u2014 <\/span><\/span><\/span><span style=\"color: #000000;\"><span style=\"font-size: medium;\"><span lang=\"fr-FR\">maux de t\u00eate<\/span><\/span><\/span><span style=\"color: #000000;\"><span style=\"font-size: medium;\"><span lang=\"fr-FR\"> et migraines, par exemple.<\/span><\/span><\/span><\/p>\n<p class=\"western\" lang=\"en-US\" align=\"justify\"><span style=\"color: #000000;\"><span style=\"font-size: medium;\"><span lang=\"fr-FR\">\u00c0 certains \u00e9gards, la partie la plus importante des deux h\u00e9misph\u00e8res est la couche externe, le cortex c\u00e9r\u00e9bral, avec ses six couches distinctes de cellules. On peut le comparer \u00e0 un \u00e9cran de t\u00e9l\u00e9vision, ou plus \u00e9troitement \u00e0 l\u2019\u00e9cran d\u2019un ordinateur. Sur \u00ab l\u2019\u00e9cran \u00bb <\/span><\/span><\/span><span style=\"color: #000000;\"><span style=\"font-size: medium;\"><span lang=\"fr-FR\">s\u2019<\/span><\/span><\/span><span style=\"color: #000000;\"><span style=\"font-size: medium;\"><span lang=\"fr-FR\">affiche<\/span><\/span><\/span><span style=\"color: #000000;\"><span style=\"font-size: medium;\"><span lang=\"fr-FR\">nt<\/span><\/span><\/span><span style=\"color: #000000;\"><span style=\"font-size: medium;\"><span lang=\"fr-FR\"> toute<\/span><\/span><\/span><span style=\"color: #000000;\"><span style=\"font-size: medium;\"><span lang=\"fr-FR\">s<\/span><\/span><\/span><span style=\"color: #000000;\"><span style=\"font-size: medium;\"><span lang=\"fr-FR\"> l<\/span><\/span><\/span><span style=\"color: #000000;\"><span style=\"font-size: medium;\"><span lang=\"fr-FR\">es <\/span><\/span><\/span><span style=\"color: #000000;\"><span style=\"font-size: medium;\"><span lang=\"fr-FR\">information<\/span><\/span><\/span><span style=\"color: #000000;\"><span style=\"font-size: medium;\"><span lang=\"fr-FR\">s<\/span><\/span><\/span><span style=\"color: #000000;\"><span style=\"font-size: medium;\"><span lang=\"fr-FR\"> recueillie<\/span><\/span><\/span><span style=\"color: #000000;\"><span style=\"font-size: medium;\"><span lang=\"fr-FR\">s<\/span><\/span><\/span><span style=\"color: #000000;\"><span style=\"font-size: medium;\"><span lang=\"fr-FR\"> par les organes <\/span><\/span><\/span><span style=\"color: #000000;\"><span style=\"font-size: medium;\"><span lang=\"fr-FR\">sensoriels<\/span><\/span><\/span><span style=\"color: #000000;\"><span style=\"font-size: medium;\"><span lang=\"fr-FR\">, <\/span><\/span><\/span><span style=\"color: #000000;\"><span style=\"font-size: medium;\"><span lang=\"fr-FR\">afin d\u2019\u00eatre \u00e9valu\u00e9es<\/span><\/span><\/span><span style=\"color: #000000;\"><span style=\"font-size: medium;\"><span lang=\"fr-FR\"> par l\u2019esprit conscient. Mais c\u2019est une interface bidirectionnelle ; l\u2019esprit peut initier une action en r\u00e9ponse aux informations affich\u00e9es.<\/span><\/span><\/span><\/p>\n<p class=\"western\" lang=\"en-US\" align=\"justify\"><span style=\"color: #000000;\"><span style=\"font-size: medium;\"><span lang=\"fr-FR\">Poussant un peu plus loin l\u2019analogie avec l\u2019ordinateur, c\u2019est comme si le penseur pouvait manipuler le clavier pour <\/span><\/span><\/span><span style=\"color: #000000;\"><span style=\"font-size: medium;\"><span lang=\"fr-FR\">faire appel \u00e0 ses souvenirs et demander des informations suppl\u00e9mentaires \u00e0 ses<\/span><\/span><\/span><span style=\"color: #000000;\"><span style=\"font-size: medium;\"><span lang=\"fr-FR\"> sens. Il peut ensuite commander au corps d\u2019<\/span><\/span><\/span><span style=\"color: #000000;\"><span style=\"font-size: medium;\"><span lang=\"fr-FR\">ex\u00e9cuter <\/span><\/span><\/span><span style=\"color: #000000;\"><span style=\"font-size: medium;\"><span lang=\"fr-FR\">ce qui est appropri\u00e9. Mais l\u2019analogie ne doit pas \u00eatre pouss\u00e9e trop loin. La relation esprit-cerveau-corps est beaucoup plus intime que ne le sugg\u00e8re un tel m\u00e9canisme. De plus, elle est si famili\u00e8re et banale que l\u2019analyse est difficile, surtout pour le mat\u00e9rialiste. Elle ne devient signifiante que lorsque nous nous reconnaissons comme des \u00eatres spirituels non mat\u00e9riels, dot\u00e9s d\u2019un corps et d\u2019un cerveau mat\u00e9riels.<\/span><\/span><\/span><\/p>\n<p class=\"western\" lang=\"en-US\" align=\"justify\"><span style=\"color: #000000;\"><span style=\"font-size: medium;\"><span lang=\"fr-FR\">La caract\u00e9ristique quasi miraculeuse de cet <\/span><\/span><\/span><span style=\"color: #000000;\"><span style=\"font-size: medium;\"><span lang=\"fr-FR\">ensemble<\/span><\/span><\/span><span style=\"color: #000000;\"><span style=\"font-size: medium;\"><span lang=\"fr-FR\"> est le cortex c\u00e9r\u00e9bral par lequel peut se produire l\u2019interaction entre les deux royaumes. Certains scientifiques <\/span><\/span><\/span><span style=\"color: #000000;\"><span style=\"font-size: medium;\"><span lang=\"fr-FR\">ont \u00e9t\u00e9 confront\u00e9s <\/span><\/span><\/span><span style=\"color: #000000;\"><span style=\"font-size: medium;\"><span lang=\"fr-FR\">\u00e0<\/span><\/span><\/span><span style=\"color: #000000;\"><span style=\"font-size: medium;\"><span lang=\"fr-FR\"> cette situation et sont n\u00e9anmoins rest\u00e9s mat\u00e9rialistes. D\u2019autres ont trouv\u00e9 impossible de maintenir cette position, et d\u2019autres encore ont h\u00e9sit\u00e9. Par exemple, Anthony Smith, <\/span><\/span><\/span><span style=\"color: #000000;\"><span style=\"font-size: medium;\"><span lang=\"fr-FR\">qui n\u2019utilise le mot \u00ab esprit \u00bb que pour d\u00e9signer<\/span><\/span><\/span><span style=\"color: #000000;\"><span style=\"font-size: medium;\"><span lang=\"fr-FR\"> le cerveau <\/span><\/span><\/span><span style=\"color: #000000;\"><span style=\"font-size: medium;\"><span lang=\"fr-FR\">et<\/span><\/span><\/span><span style=\"color: #000000;\"><span style=\"font-size: medium;\"><span lang=\"fr-FR\"> ses fonctions, a \u00e9crit \u00e0 propos de l\u2019\u00e9volution du cerveau\u00a0: \u00ab Il y a une telle logique dans l\u2019histoire qu\u2019elle semble <\/span><\/span><\/span><span style=\"color: #000000;\"><span style=\"font-size: medium;\"><span lang=\"fr-FR\">pr\u00e9d\u00e9termin\u00e9e<\/span><\/span><\/span><span style=\"color: #000000;\"><span style=\"font-size: medium;\"><span lang=\"fr-FR\">, comme une \u00e9volution avec un but, la destination <\/span><\/span><\/span><span style=\"color: #000000;\"><span style=\"font-size: medium;\"><span lang=\"fr-FR\">pr\u00e9destin\u00e9e<\/span><\/span><\/span><span style=\"color: #000000;\"><span style=\"font-size: medium;\"><span lang=\"fr-FR\"> d\u00e8s le tout d\u00e9but \u00bb.<\/span><\/span><\/span><\/p>\n<p class=\"western\" lang=\"en-US\" align=\"justify\"><span style=\"color: #000000;\"><span style=\"font-size: medium;\"><span lang=\"fr-FR\"><b>SYST\u00c8ME NERVEUX\u00a0: BIOCHIMIE DU CERVEAU<\/b><\/span><\/span><\/span><\/p>\n<p class=\"western\" lang=\"en-US\" align=\"justify\"><span style=\"color: #000000;\"><span style=\"font-size: medium;\"><span lang=\"fr-FR\">Ce chapitre a pour but de ne pr\u00e9senter que les grandes divisions du cerveau. Le fonctionnement du cortex c\u00e9r\u00e9bral sera d\u00e9taill\u00e9 <\/span><\/span><\/span><span style=\"color: #000000;\"><span style=\"font-size: medium;\"><span lang=\"fr-FR\">dans un autre<\/span><\/span><\/span><span style=\"color: #000000;\"><span style=\"font-size: medium;\"><span lang=\"fr-FR\"> chapitre. Mais \u00e0 ce stade, il est n\u00e9cessaire de dire quelques <\/span><\/span><\/span><span style=\"color: #000000;\"><span style=\"font-size: medium;\"><span lang=\"fr-FR\">mots<\/span><\/span><\/span><span style=\"color: #000000;\"><span style=\"font-size: medium;\"><span lang=\"fr-FR\"> \u00e0 propos des nerfs et du syst\u00e8me nerveux, <\/span><\/span><\/span><span style=\"color: #000000;\"><span style=\"font-size: medium;\"><span lang=\"fr-FR\">ainsi que sur la<\/span><\/span><\/span><span style=\"color: #000000;\"><span style=\"font-size: medium;\"><span lang=\"fr-FR\"> biochimie du cerveau.<\/span><\/span><\/span><\/p>\n<p class=\"western\" lang=\"en-US\" align=\"justify\"><span style=\"color: #000000;\"><span style=\"font-size: medium;\"><span lang=\"fr-FR\">Le cerveau est extr\u00eamement actif dans son m\u00e9tabolisme. Bien qu\u2019il ne repr\u00e9sente qu\u2019environ 2\u00a0% du poids total du corps, il consomme environ 20\u00a0% de l\u2019oxyg\u00e8ne et du glucose disponibles dans le sang circulant ; autrement dit, il fonctionne dix fois plus vite que le reste du corps. Une privation d\u2019oxyg\u00e8ne de seulement quatre minutes peut entra\u00eener des l\u00e9sions c\u00e9r\u00e9brales irr\u00e9parables. En termes \u00e9lectriques, le cerveau consomme environ 20\u00a0watts d\u2019\u00e9nergie en continu, soit de quoi alimenter une ampoule de faible puissance.<\/span><\/span><\/span><\/p>\n<p lang=\"en-US\" align=\"justify\"><a href=\"https:\/\/www.revue3emillenaire.com\/blog\/wp-content\/uploads\/2025\/10\/smith204.gif\"><img loading=\"lazy\" decoding=\"async\" class=\"aligncenter size-medium wp-image-20875\" src=\"https:\/\/www.revue3emillenaire.com\/blog\/wp-content\/uploads\/2025\/10\/smith204-300x296.gif\" alt=\"\" width=\"300\" height=\"296\" srcset=\"https:\/\/www.revue3emillenaire.com\/blog\/wp-content\/uploads\/2025\/10\/smith204-300x296.gif 300w, https:\/\/www.revue3emillenaire.com\/blog\/wp-content\/uploads\/2025\/10\/smith204-1024x1012.gif 1024w, https:\/\/www.revue3emillenaire.com\/blog\/wp-content\/uploads\/2025\/10\/smith204-768x759.gif 768w\" sizes=\"auto, (max-width: 300px) 100vw, 300px\" \/><\/a><\/p>\n<p class=\"western\" lang=\"en-US\" style=\"text-align: center;\" align=\"justify\"><span style=\"color: #000000;\"><span style=\"font-size: medium;\"><span lang=\"fr-FR\"><b>Fig.\u00a04 (gauche).<\/b><\/span><\/span><\/span> <span style=\"color: #000000;\"><span style=\"font-size: medium;\"><span lang=\"fr-FR\"><i>Une cellule nerveuse ou neurone. La longue fibre nerveuse ou axone se ramifie \u00e0 son extr\u00e9mit\u00e9 en multiples dendrites. \u00c0 l\u2019autre extr\u00e9mit\u00e9, il existe un espace ou synapse entre l\u2019axone et les dendrites d\u2019un neurone voisin.<\/i><\/span><\/span><\/span><\/p>\n<p class=\"western\" lang=\"en-US\" style=\"text-align: center;\" align=\"justify\"><b>Fig.\u00a05 (ci-dessus).<\/b> <i>Un neurone du cervelet. Remarquez la multiplicit\u00e9 des dendrites et la complexit\u00e9 des ramifications.<\/i><\/p>\n<p class=\"western\" align=\"justify\"><span style=\"font-size: medium;\">\u00c0 l\u2019\u00e9chelle microscopique, la caract\u00e9ristique la plus remarquable du cerveau est constitu\u00e9e par les neurones, au moins 15?000\u00a0millions (1,5 x 10\u00b9?). Chaque neurone est associ\u00e9 \u00e0 son axone, certains relativement courts, d\u2019autres remarquablement longs (jusqu\u2019\u00e0 plusieurs pieds) ; chaque axone porte de nombreuses ramifications dendritiques, jusqu\u2019\u00e0 10?000 ou plus ; chaque dendrite se termine en une synapse, par laquelle il communique avec un autre neurone (Figures\u00a04 et 5).<\/span><\/p>\n<p class=\"western\" lang=\"en-US\" align=\"justify\"><span style=\"color: #000000;\"><span style=\"font-size: medium;\"><span lang=\"fr-FR\">Le nombre total d\u2019interconnexions dans le cerveau est tr\u00e8s difficile \u00e0 \u00e9valuer ; il a \u00e9t\u00e9 estim\u00e9 \u00e0 des valeurs variant entre 10\u00b9\u00b3 et 10\u00b9?. Il est difficile de saisir le sens de telles grandeurs. Denton (1985) a tent\u00e9 de donner une impression de ce nombre par l\u2019analogie suivante\u00a0: imaginez une vaste for\u00eat d\u2019un million de milles carr\u00e9s, plant\u00e9e d\u2019arbres \u00e0 raison de 10?000 par mille carr\u00e9 ; supposons ensuite que chaque arbre porte 100?000\u00a0feuilles. Le nombre total de feuilles de la for\u00eat correspond \u00e0 10\u00b9?, soit le m\u00eame ordre de grandeur que les interconnexions du cerveau humain. Les corps cellulaires des neurones constituent la \u00ab <\/span><\/span><\/span><span style=\"color: #000000;\"><span style=\"font-size: medium;\"><span lang=\"fr-FR\">mati\u00e8re<\/span><\/span><\/span><span style=\"color: #000000;\"><span style=\"font-size: medium;\"><span lang=\"fr-FR\"> grise \u00bb du cerveau ; les axones et les dendrites constituent la \u00ab <\/span><\/span><\/span><span style=\"color: #000000;\"><span style=\"font-size: medium;\"><span lang=\"fr-FR\">mati\u00e8re<\/span><\/span><\/span><span style=\"color: #000000;\"><span style=\"font-size: medium;\"><span lang=\"fr-FR\"> blanche \u00bb. Pour des recherches plus r\u00e9centes sur les r\u00e9seaux neuronaux, voir la revue de Georgiana Ferry (1987).<\/span><\/span><\/span><\/p>\n<p class=\"western\" align=\"justify\"><span style=\"font-size: medium;\">Les nerfs sont envelopp\u00e9s dans une membrane graisseuse de my\u00e9line qui assure l\u2019isolation, mais ils ne sont pas l\u2019\u00e9quivalent biologique de fils conducteurs d\u2019\u00e9lectricit\u00e9, comme on le croyait autrefois. Des potentiels \u00e9lectriques, des tensions, sont certes impliqu\u00e9s, mais les influx nerveux parcourant les axones \u00e0 environ 100\u00a0m\u00e8tres par seconde (250\u00a0milles \u00e0 l\u2019heure) r\u00e9sultent d\u2019un ph\u00e9nom\u00e8ne biologique complexe. La fibre nerveuse ou axone n\u2019est pas librement perm\u00e9able aux ions sodium et potassium. \u00c0 l\u2019\u00e9tat de repos, la concentration de potassium \u00e0 l\u2019int\u00e9rieur du nerf est plus \u00e9lev\u00e9e qu\u2019\u00e0 l\u2019ext\u00e9rieur, et la concentration de sodium est inversement plus faible \u00e0 l\u2019int\u00e9rieur de l\u2019axone. Ce d\u00e9s\u00e9quilibre ionique cr\u00e9e un potentiel \u00e9lectrique \u00e0 travers la membrane, de l\u2019ordre de -70\u00a0microvolts. Un long axone contient environ un million de \u00ab pompes ioniques \u00bb, capables de transf\u00e9rer activement les ions potassium et sodium dans un sens ou dans l\u2019autre \u00e0 travers la membrane. Ainsi, lorsqu\u2019un neurone \u00ab s\u2019active \u00bb, la premi\u00e8re pompe expulse une partie du potassium et admet une partie du sodium, r\u00e9duisant le potentiel \u00e0 -40\u00a0microvolts. La seconde pompe fait de m\u00eame, et ainsi de suite le long de l\u2019axone. Derri\u00e8re cette vague rapide de transferts ioniques, les pompes inversent \u00e0 leur tour les transferts pour revenir \u00e0 la condition normale. C\u2019est cette vague incroyablement rapide de transferts sodium-potassium, aller et retour, qui constitue l\u2019influx nerveux lorsqu\u2019un neurone s\u2019active.<\/span><\/p>\n<p class=\"western\" lang=\"en-US\" align=\"justify\"><span style=\"color: #000000;\"><span style=\"font-size: medium;\"><span lang=\"fr-FR\">Lorsqu\u2019il atteint une synapse, l\u2019influx est transmis \u00e0 une synapse voisine d\u2019un autre dendrite par un m\u00e9canisme compl\u00e8tement diff\u00e9rent. La synapse \u00e9mettrice lib\u00e8re une infime quantit\u00e9 d\u2019une substance chimique appel\u00e9e neurotransmetteur. Celle-ci est capt\u00e9e par une mol\u00e9cule r\u00e9ceptrice prot\u00e9ique de la synapse r\u00e9ceptrice, d\u00e9clenchant ainsi l\u2019activation du deuxi\u00e8me neurone. Un message du cerveau \u00e0 un muscle, par exemple, peut passer par plusieurs de ces jonctions synaptiques. La s\u00e9quence des op\u00e9rations peut para\u00eetre incroyablement complexe, mais la souplesse du syst\u00e8me est en r\u00e9alit\u00e9 plus grande que ne le laisse entendre cette description pr\u00e9liminaire. Le nombre de substances neurotransmettrices n\u2019est pas limit\u00e9 \u00e0 une ou deux\u00a0: au moins trente sont d\u00e9j\u00e0 connues, et d\u2019autres seront probablement d\u00e9couvertes. Chimiquement, ce sont des hormones, des acides amin\u00e9s ou de petits peptides (compos\u00e9s form\u00e9s d\u2019une courte cha\u00eene d\u2019acides amin\u00e9s li\u00e9s chimiquement). <\/span><\/span><\/span><span style=\"color: #000000;\"><span style=\"font-size: medium;\"><span lang=\"fr-FR\">Probablement, un seul est lib\u00e9r\u00e9 au niveau d\u2019une synapse sp\u00e9cifique, mais ensemble,<\/span><\/span><\/span> <span style=\"color: #000000;\"><span style=\"font-size: medium;\"><span lang=\"fr-FR\">il<\/span><\/span><\/span><span style=\"color: #000000;\"><span style=\"font-size: medium;\"><span lang=\"fr-FR\">s semblent transmettre des messages subtilement diff\u00e9rents. De plus, la fibre nerveuse r\u00e9ceptrice peut \u00eatre inhib\u00e9e, c\u2019est-\u00e0-dire que son activit\u00e9 est r\u00e9duite plut\u00f4t que stimul\u00e9e. D\u2019autres d\u00e9tails seront donn\u00e9s dans les chapitres suivants.<\/span><\/span><\/span><\/p>\n<p class=\"western\" lang=\"en-US\" align=\"justify\"><span style=\"color: #000000;\"><span style=\"font-size: medium;\"><span lang=\"fr-FR\">Le syst\u00e8me nerveux est class\u00e9 de diverses mani\u00e8res qui se chevauchent. Il existe un ensemble de nerfs cr\u00e2niens reli\u00e9s aux organes sensoriels ; ils comprennent non seulement des nerfs <\/span><\/span><\/span><span style=\"color: #000000;\"><span style=\"font-size: medium;\"><span lang=\"fr-FR\">sensoriels,<\/span><\/span><\/span><span style=\"color: #000000;\"><span style=\"font-size: medium;\"><span lang=\"fr-FR\"> mais aussi moteurs, contr\u00f4lant par exemple les mouvements des yeux. Les nerfs spinaux contr\u00f4lent les mouvements du corps ; ils se regroupent <\/span><\/span><\/span><span style=\"color: #000000;\"><span style=\"font-size: medium;\"><span lang=\"fr-FR\">en plexus \u00e0 des endroits particuliers<\/span><\/span><\/span><span style=\"color: #000000;\"><span style=\"font-size: medium;\"><span lang=\"fr-FR\">. Le syst\u00e8me nerveux central et le syst\u00e8me nerveux p\u00e9riph\u00e9rique sont \u00e9videmment d\u00e9finis par leur localisation. Le syst\u00e8me nerveux autonome est d\u00e9fini et subdivis\u00e9 par fonction. Il contr\u00f4le tous les mouvements qui se produisent sans pens\u00e9e consciente. Les exemples \u00e9vidents sont la respiration, les battements du c\u0153ur et le fonctionnement de nombreux autres organes. Mais le syst\u00e8me autonome prend aussi en charge tous les mouvements corporels habituels et acquis, comme marcher, p\u00e9daler, trouver les touches <\/span><\/span><\/span><span style=\"color: #000000;\"><span style=\"font-size: medium;\"><span lang=\"fr-FR\">d<\/span><\/span><\/span><span style=\"color: #000000;\"><span style=\"font-size: medium;\"><span lang=\"fr-FR\">u clavier, jouer du piano, ou encore <\/span><\/span><\/span><span style=\"color: #000000;\"><span style=\"font-size: medium;\"><span lang=\"fr-FR\">effectu<\/span><\/span><\/span><span style=\"color: #000000;\"><span style=\"font-size: medium;\"><span lang=\"fr-FR\">er des coups standard dans des sports comme le tennis.<\/span><\/span><\/span><\/p>\n<p class=\"western\" lang=\"en-US\" align=\"justify\"><span style=\"color: #000000;\"><span style=\"font-size: medium;\"><span lang=\"fr-FR\">Le syst\u00e8me autonome <\/span><\/span><\/span><span style=\"color: #000000;\"><span style=\"font-size: medium;\"><span lang=\"fr-FR\">comporte<\/span><\/span><\/span><span style=\"color: #000000;\"><span style=\"font-size: medium;\"><span lang=\"fr-FR\"> deux divisions principales. Le syst\u00e8me sympathique (contr\u00f4l\u00e9 principalement par l\u2019hypothalamus et <\/span><\/span><\/span><span style=\"color: #000000;\"><span style=\"font-size: medium;\"><span lang=\"fr-FR\">son bulbe rachidien<\/span><\/span><\/span><span style=\"color: #000000;\"><span style=\"font-size: medium;\"><span lang=\"fr-FR\">) a des fonctions protagonistes ou excitatrices. Le syst\u00e8me parasympathique (contr\u00f4l\u00e9 principalement par le pont et <\/span><\/span><\/span><span style=\"color: #000000;\"><span style=\"font-size: medium;\"><span lang=\"fr-FR\">le<\/span><\/span><\/span><span style=\"color: #000000;\"><span style=\"font-size: medium;\"><span lang=\"fr-FR\"> bulbe rachidien du m\u00e9senc\u00e9phale<\/span><\/span><\/span><span style=\"color: #000000;\"><span style=\"font-size: medium;\"><span lang=\"fr-FR\">) a des fonctions antagonistes ou calmantes. Par exemple, le sympathique peut acc\u00e9l\u00e9rer le rythme cardiaque, tandis que le parasympathique le ralentit. On suppose g\u00e9n\u00e9ralement que ces activit\u00e9s \u00e9chappent au contr\u00f4le c\u00e9r\u00e9bral conscient. Mais, comme nous le verrons plus loin, il existe des techniques permettant de reprendre un certain contr\u00f4le conscient des fonctions autonomes. Cela peut s\u2019av\u00e9rer utile dans le traitement de maladies et la modification des humeurs.<\/span><\/span><\/span><\/p>\n<p class=\"western\" lang=\"en-US\" align=\"justify\"><span style=\"color: #000000;\"><span style=\"font-size: medium;\"><span lang=\"fr-FR\">Chaque jour, un grand nombre de nos neurones s\u2019usent et cessent de fonctionner. Le cerveau humain semble d\u00e9pourvu de la capacit\u00e9 de remplacer ces neurones <\/span><\/span><\/span><span style=\"color: #000000;\"><span style=\"font-size: medium;\"><span lang=\"fr-FR\">d\u00e9fectueux<\/span><\/span><\/span><span style=\"color: #000000;\"><span style=\"font-size: medium;\"><span lang=\"fr-FR\">. On a dit de fa\u00e7on dramatique que notre cerveau commence \u00e0 mourir tr\u00e8s lentement d\u00e8s notre naissance. Des recherches r\u00e9centes ont montr\u00e9 que la r\u00e9g\u00e9n\u00e9ration neuronale se produisait chez certains oiseaux ; mais des travaux ult\u00e9rieurs ont r\u00e9v\u00e9l\u00e9 que ce n\u2019\u00e9tait pas le cas chez les primates ni, vraisemblablement, chez l\u2019homme. Toutefois, il semble que le cerveau, comme d\u2019autres organes et muscles, puisse \u00eatre maintenu en bon \u00e9tat par <\/span><\/span><\/span><span style=\"color: #000000;\"><span style=\"font-size: medium;\"><span lang=\"fr-FR\">l\u2019utilisation<\/span><\/span><\/span><span style=\"color: #000000;\"><span style=\"font-size: medium;\"><span lang=\"fr-FR\"> et l\u2019exercice. L\u2019homme qui prend sa retraite sans int\u00e9r\u00eats s\u00e9rieux en dehors du travail et du divertissement a tendance \u00e0 s\u2019affaler avec gratitude dans son fauteuil devant la t\u00e9l\u00e9vision et \u00e0 se complaire dans l\u2019oisivet\u00e9 ; il se d\u00e9t\u00e9riore alors rapidement, tant sur le plan corporel que mental, et risque de mourir dans les quelques ann\u00e9es qui suivent. Le lent d\u00e9clin de l\u2019\u00e9nergie et de la vivacit\u00e9 d\u2019esprit est in\u00e9vitable avec l\u2019\u00e2ge, mais le processus de vieillissement peut \u00eatre largement tenu en \u00e9chec par la pratique d\u2019activit\u00e9s adapt\u00e9es, par un exercice appropri\u00e9, et surtout par la culture de l\u2019esprit \u00e0 travers des lectures s\u00e9rieuses et une pens\u00e9e active.<\/span><\/span><\/span><\/p>\n<p class=\"western\" lang=\"en-US\" align=\"justify\"><span style=\"color: #000000;\"><span style=\"font-size: medium;\"><span lang=\"fr-FR\"><b>R\u00c9SUM\u00c9<\/b><\/span><\/span><\/span><\/p>\n<p class=\"western\" lang=\"en-US\" align=\"justify\"><span style=\"color: #000000;\"><span style=\"font-size: medium;\"><span lang=\"fr-FR\">Des informations de base sont fournies concernant les nombreux compartiments distincts du cerveau humain et leurs fonctions. Les 1,5 x 10\u00b9? neurones communiquent entre eux ainsi qu\u2019avec les organes sensoriels, les muscles et toutes les parties du corps par des influx nerveux. Dans les nerfs, ceux-ci consistent en des vagues de changements de potentiel \u00e9lectrique impliquant des transferts d\u2019ions sodium et potassium. Entre les terminaisons nerveuses synaptiques, les messages passent par <\/span><\/span><\/span><span style=\"color: #000000;\"><span style=\"font-size: medium;\"><span lang=\"fr-FR\">la d\u00e9charge et la<\/span><\/span><\/span><span style=\"color: #000000;\"><span style=\"font-size: medium;\"><span lang=\"fr-FR\"> r\u00e9ception de neurotransmetteurs chimiques. Il peut y avoir jusqu\u2019\u00e0 10\u00b9? de ces jonctions nerveuses. L\u2019activit\u00e9 c\u00e9r\u00e9brale consomme environ 20\u00a0% de l\u2019\u00e9nergie totale d\u00e9riv\u00e9e de l\u2019alimentation. Les subdivisions des deux grands syst\u00e8mes nerveux sont d\u00e9crites.<\/span><\/span><\/span><\/p>\n<p class=\"western\" lang=\"en-US\" align=\"justify\"><span style=\"color: #000000;\"><span style=\"font-size: medium;\"><span lang=\"fr-FR\">Extrait du livre <\/span><\/span><\/span><span style=\"color: #000000;\"><span style=\"font-size: medium;\"><span lang=\"fr-FR\"><i>Inner Adventures<\/i><\/span><\/span><\/span><span style=\"color: #000000;\"><span style=\"font-size: medium;\"><span lang=\"fr-FR\"> 1988\u00a0: chapitre\u00a02.<\/span><\/span><\/span><\/p>\n","protected":false},"excerpt":{"rendered":"<p>Mais ce qui reste totalement incompr\u00e9hensible est comment et pourquoi le cerveau devient le v\u00e9hicule de la conscience\u2026 Certains philosophes ont voulu \u00e9carter le probl\u00e8me esprit-mati\u00e8re comme une simple confusion verbale. Je soup\u00e7onne qu\u2019au fond, ils n\u2019attachent simplement aucune importance \u00e0 la description scientifique des choses et sont donc indiff\u00e9rents \u00e0 toute rupture entre celle-ci et le langage qui d\u00e9crit le monde de l\u2019exp\u00e9rience consciente. Si tel est le cas, ils ont bien s\u00fbr le droit de rester indiff\u00e9rents ; mais les hommes de science, eux, ne le peuvent sans doute pas.<\/p>\n","protected":false},"author":2,"featured_media":20847,"comment_status":"closed","ping_status":"closed","sticky":false,"template":"","format":"standard","meta":{"footnotes":""},"categories":[919],"tags":[],"class_list":["post-20871","post","type-post","status-publish","format-standard","has-post-thumbnail","hentry","category-lester-smith-ernest"],"yoast_head":"<!-- This site is optimized with the Yoast SEO plugin v27.0 - https:\/\/yoast.com\/product\/yoast-seo-wordpress\/ -->\n<title>Le Cerveau\u00a0: Anatomie et Fonctions par E Lester Smith - 3e mill\u00e9naire - Spiritualit\u00e9 - Connaissance de soi - Non-dualit\u00e9 - M\u00e9ditation<\/title>\n<meta name=\"robots\" content=\"index, follow, max-snippet:-1, max-image-preview:large, max-video-preview:-1\" \/>\n<link rel=\"canonical\" href=\"https:\/\/www.revue3emillenaire.com\/blog\/le-cerveau-anatomie-et-fonctions-par-e-lester-smith\/\" \/>\n<meta property=\"og:locale\" content=\"fr_FR\" \/>\n<meta property=\"og:type\" content=\"article\" \/>\n<meta property=\"og:title\" content=\"Le Cerveau\u00a0: Anatomie et Fonctions par E Lester Smith - 3e mill\u00e9naire - Spiritualit\u00e9 - Connaissance de soi - Non-dualit\u00e9 - M\u00e9ditation\" \/>\n<meta property=\"og:description\" content=\"Mais ce qui reste totalement incompr\u00e9hensible est comment et pourquoi le cerveau devient le v\u00e9hicule de la conscience\u2026 Certains philosophes ont voulu \u00e9carter le probl\u00e8me esprit-mati\u00e8re comme une simple confusion verbale. Je soup\u00e7onne qu\u2019au fond, ils n\u2019attachent simplement aucune importance \u00e0 la description scientifique des choses et sont donc indiff\u00e9rents \u00e0 toute rupture entre celle-ci et le langage qui d\u00e9crit le monde de l\u2019exp\u00e9rience consciente. Si tel est le cas, ils ont bien s\u00fbr le droit de rester indiff\u00e9rents ; mais les hommes de science, eux, ne le peuvent sans doute pas.\" \/>\n<meta property=\"og:url\" content=\"https:\/\/www.revue3emillenaire.com\/blog\/le-cerveau-anatomie-et-fonctions-par-e-lester-smith\/\" \/>\n<meta property=\"og:site_name\" content=\"3e mill\u00e9naire - Spiritualit\u00e9 - Connaissance de soi - Non-dualit\u00e9 - M\u00e9ditation\" \/>\n<meta property=\"article:published_time\" content=\"2025-10-06T01:53:39+00:00\" \/>\n<meta property=\"og:image\" content=\"https:\/\/www.revue3emillenaire.com\/blog\/wp-content\/uploads\/2011\/04\/Ernest-Lester-Smith.jpg\" \/>\n\t<meta property=\"og:image:width\" content=\"250\" \/>\n\t<meta property=\"og:image:height\" content=\"277\" \/>\n\t<meta property=\"og:image:type\" content=\"image\/jpeg\" \/>\n<meta name=\"author\" content=\"3e mill\u00e9naire\" \/>\n<meta name=\"twitter:card\" content=\"summary_large_image\" \/>\n<meta name=\"twitter:label1\" content=\"\u00c9crit par\" \/>\n\t<meta name=\"twitter:data1\" content=\"3e mill\u00e9naire\" \/>\n\t<meta name=\"twitter:label2\" content=\"Dur\u00e9e de lecture estim\u00e9e\" \/>\n\t<meta name=\"twitter:data2\" content=\"15 minutes\" \/>\n<script type=\"application\/ld+json\" class=\"yoast-schema-graph\">{\"@context\":\"https:\/\/schema.org\",\"@graph\":[{\"@type\":\"Article\",\"@id\":\"https:\/\/www.revue3emillenaire.com\/blog\/le-cerveau-anatomie-et-fonctions-par-e-lester-smith\/#article\",\"isPartOf\":{\"@id\":\"https:\/\/www.revue3emillenaire.com\/blog\/le-cerveau-anatomie-et-fonctions-par-e-lester-smith\/\"},\"author\":{\"name\":\"3e mill\u00e9naire\",\"@id\":\"https:\/\/www.revue3emillenaire.com\/blog\/#\/schema\/person\/b692dacff720a5344a6190bc714397eb\"},\"headline\":\"Le Cerveau\u00a0: Anatomie et Fonctions par E Lester Smith\",\"datePublished\":\"2025-10-06T01:53:39+00:00\",\"mainEntityOfPage\":{\"@id\":\"https:\/\/www.revue3emillenaire.com\/blog\/le-cerveau-anatomie-et-fonctions-par-e-lester-smith\/\"},\"wordCount\":3116,\"image\":{\"@id\":\"https:\/\/www.revue3emillenaire.com\/blog\/le-cerveau-anatomie-et-fonctions-par-e-lester-smith\/#primaryimage\"},\"thumbnailUrl\":\"https:\/\/www.revue3emillenaire.com\/blog\/wp-content\/uploads\/2011\/04\/Ernest-Lester-Smith.jpg\",\"articleSection\":[\"Lester-Smith Ernest\"],\"inLanguage\":\"fr-FR\"},{\"@type\":\"WebPage\",\"@id\":\"https:\/\/www.revue3emillenaire.com\/blog\/le-cerveau-anatomie-et-fonctions-par-e-lester-smith\/\",\"url\":\"https:\/\/www.revue3emillenaire.com\/blog\/le-cerveau-anatomie-et-fonctions-par-e-lester-smith\/\",\"name\":\"Le Cerveau\u00a0: Anatomie et Fonctions par E Lester Smith - 3e mill\u00e9naire - Spiritualit\u00e9 - Connaissance de soi - Non-dualit\u00e9 - M\u00e9ditation\",\"isPartOf\":{\"@id\":\"https:\/\/www.revue3emillenaire.com\/blog\/#website\"},\"primaryImageOfPage\":{\"@id\":\"https:\/\/www.revue3emillenaire.com\/blog\/le-cerveau-anatomie-et-fonctions-par-e-lester-smith\/#primaryimage\"},\"image\":{\"@id\":\"https:\/\/www.revue3emillenaire.com\/blog\/le-cerveau-anatomie-et-fonctions-par-e-lester-smith\/#primaryimage\"},\"thumbnailUrl\":\"https:\/\/www.revue3emillenaire.com\/blog\/wp-content\/uploads\/2011\/04\/Ernest-Lester-Smith.jpg\",\"datePublished\":\"2025-10-06T01:53:39+00:00\",\"author\":{\"@id\":\"https:\/\/www.revue3emillenaire.com\/blog\/#\/schema\/person\/b692dacff720a5344a6190bc714397eb\"},\"breadcrumb\":{\"@id\":\"https:\/\/www.revue3emillenaire.com\/blog\/le-cerveau-anatomie-et-fonctions-par-e-lester-smith\/#breadcrumb\"},\"inLanguage\":\"fr-FR\",\"potentialAction\":[{\"@type\":\"ReadAction\",\"target\":[\"https:\/\/www.revue3emillenaire.com\/blog\/le-cerveau-anatomie-et-fonctions-par-e-lester-smith\/\"]}]},{\"@type\":\"ImageObject\",\"inLanguage\":\"fr-FR\",\"@id\":\"https:\/\/www.revue3emillenaire.com\/blog\/le-cerveau-anatomie-et-fonctions-par-e-lester-smith\/#primaryimage\",\"url\":\"https:\/\/www.revue3emillenaire.com\/blog\/wp-content\/uploads\/2011\/04\/Ernest-Lester-Smith.jpg\",\"contentUrl\":\"https:\/\/www.revue3emillenaire.com\/blog\/wp-content\/uploads\/2011\/04\/Ernest-Lester-Smith.jpg\",\"width\":250,\"height\":277},{\"@type\":\"BreadcrumbList\",\"@id\":\"https:\/\/www.revue3emillenaire.com\/blog\/le-cerveau-anatomie-et-fonctions-par-e-lester-smith\/#breadcrumb\",\"itemListElement\":[{\"@type\":\"ListItem\",\"position\":1,\"name\":\"Accueil\",\"item\":\"https:\/\/www.revue3emillenaire.com\/blog\/\"},{\"@type\":\"ListItem\",\"position\":2,\"name\":\"Le Cerveau\u00a0: Anatomie et Fonctions par E Lester Smith\"}]},{\"@type\":\"WebSite\",\"@id\":\"https:\/\/www.revue3emillenaire.com\/blog\/#website\",\"url\":\"https:\/\/www.revue3emillenaire.com\/blog\/\",\"name\":\"3e mill\u00e9naire - Spiritualit\u00e9 - Connaissance de soi - Non-dualit\u00e9 - M\u00e9ditation\",\"description\":\"L&#039;Homme en devenir\",\"potentialAction\":[{\"@type\":\"SearchAction\",\"target\":{\"@type\":\"EntryPoint\",\"urlTemplate\":\"https:\/\/www.revue3emillenaire.com\/blog\/?s={search_term_string}\"},\"query-input\":{\"@type\":\"PropertyValueSpecification\",\"valueRequired\":true,\"valueName\":\"search_term_string\"}}],\"inLanguage\":\"fr-FR\"},{\"@type\":\"Person\",\"@id\":\"https:\/\/www.revue3emillenaire.com\/blog\/#\/schema\/person\/b692dacff720a5344a6190bc714397eb\",\"name\":\"3e mill\u00e9naire\",\"url\":\"https:\/\/www.revue3emillenaire.com\/blog\/author\/scoussa\/\"}]}<\/script>\n<!-- \/ Yoast SEO plugin. -->","yoast_head_json":{"title":"Le Cerveau\u00a0: Anatomie et Fonctions par E Lester Smith - 3e mill\u00e9naire - Spiritualit\u00e9 - Connaissance de soi - Non-dualit\u00e9 - M\u00e9ditation","robots":{"index":"index","follow":"follow","max-snippet":"max-snippet:-1","max-image-preview":"max-image-preview:large","max-video-preview":"max-video-preview:-1"},"canonical":"https:\/\/www.revue3emillenaire.com\/blog\/le-cerveau-anatomie-et-fonctions-par-e-lester-smith\/","og_locale":"fr_FR","og_type":"article","og_title":"Le Cerveau\u00a0: Anatomie et Fonctions par E Lester Smith - 3e mill\u00e9naire - Spiritualit\u00e9 - Connaissance de soi - Non-dualit\u00e9 - M\u00e9ditation","og_description":"Mais ce qui reste totalement incompr\u00e9hensible est comment et pourquoi le cerveau devient le v\u00e9hicule de la conscience\u2026 Certains philosophes ont voulu \u00e9carter le probl\u00e8me esprit-mati\u00e8re comme une simple confusion verbale. Je soup\u00e7onne qu\u2019au fond, ils n\u2019attachent simplement aucune importance \u00e0 la description scientifique des choses et sont donc indiff\u00e9rents \u00e0 toute rupture entre celle-ci et le langage qui d\u00e9crit le monde de l\u2019exp\u00e9rience consciente. Si tel est le cas, ils ont bien s\u00fbr le droit de rester indiff\u00e9rents ; mais les hommes de science, eux, ne le peuvent sans doute pas.","og_url":"https:\/\/www.revue3emillenaire.com\/blog\/le-cerveau-anatomie-et-fonctions-par-e-lester-smith\/","og_site_name":"3e mill\u00e9naire - Spiritualit\u00e9 - Connaissance de soi - Non-dualit\u00e9 - M\u00e9ditation","article_published_time":"2025-10-06T01:53:39+00:00","og_image":[{"width":250,"height":277,"url":"https:\/\/www.revue3emillenaire.com\/blog\/wp-content\/uploads\/2011\/04\/Ernest-Lester-Smith.jpg","type":"image\/jpeg"}],"author":"3e mill\u00e9naire","twitter_card":"summary_large_image","twitter_misc":{"\u00c9crit par":"3e mill\u00e9naire","Dur\u00e9e de lecture estim\u00e9e":"15 minutes"},"schema":{"@context":"https:\/\/schema.org","@graph":[{"@type":"Article","@id":"https:\/\/www.revue3emillenaire.com\/blog\/le-cerveau-anatomie-et-fonctions-par-e-lester-smith\/#article","isPartOf":{"@id":"https:\/\/www.revue3emillenaire.com\/blog\/le-cerveau-anatomie-et-fonctions-par-e-lester-smith\/"},"author":{"name":"3e mill\u00e9naire","@id":"https:\/\/www.revue3emillenaire.com\/blog\/#\/schema\/person\/b692dacff720a5344a6190bc714397eb"},"headline":"Le Cerveau\u00a0: Anatomie et Fonctions par E Lester Smith","datePublished":"2025-10-06T01:53:39+00:00","mainEntityOfPage":{"@id":"https:\/\/www.revue3emillenaire.com\/blog\/le-cerveau-anatomie-et-fonctions-par-e-lester-smith\/"},"wordCount":3116,"image":{"@id":"https:\/\/www.revue3emillenaire.com\/blog\/le-cerveau-anatomie-et-fonctions-par-e-lester-smith\/#primaryimage"},"thumbnailUrl":"https:\/\/www.revue3emillenaire.com\/blog\/wp-content\/uploads\/2011\/04\/Ernest-Lester-Smith.jpg","articleSection":["Lester-Smith Ernest"],"inLanguage":"fr-FR"},{"@type":"WebPage","@id":"https:\/\/www.revue3emillenaire.com\/blog\/le-cerveau-anatomie-et-fonctions-par-e-lester-smith\/","url":"https:\/\/www.revue3emillenaire.com\/blog\/le-cerveau-anatomie-et-fonctions-par-e-lester-smith\/","name":"Le Cerveau\u00a0: Anatomie et Fonctions par E Lester Smith - 3e mill\u00e9naire - Spiritualit\u00e9 - Connaissance de soi - Non-dualit\u00e9 - M\u00e9ditation","isPartOf":{"@id":"https:\/\/www.revue3emillenaire.com\/blog\/#website"},"primaryImageOfPage":{"@id":"https:\/\/www.revue3emillenaire.com\/blog\/le-cerveau-anatomie-et-fonctions-par-e-lester-smith\/#primaryimage"},"image":{"@id":"https:\/\/www.revue3emillenaire.com\/blog\/le-cerveau-anatomie-et-fonctions-par-e-lester-smith\/#primaryimage"},"thumbnailUrl":"https:\/\/www.revue3emillenaire.com\/blog\/wp-content\/uploads\/2011\/04\/Ernest-Lester-Smith.jpg","datePublished":"2025-10-06T01:53:39+00:00","author":{"@id":"https:\/\/www.revue3emillenaire.com\/blog\/#\/schema\/person\/b692dacff720a5344a6190bc714397eb"},"breadcrumb":{"@id":"https:\/\/www.revue3emillenaire.com\/blog\/le-cerveau-anatomie-et-fonctions-par-e-lester-smith\/#breadcrumb"},"inLanguage":"fr-FR","potentialAction":[{"@type":"ReadAction","target":["https:\/\/www.revue3emillenaire.com\/blog\/le-cerveau-anatomie-et-fonctions-par-e-lester-smith\/"]}]},{"@type":"ImageObject","inLanguage":"fr-FR","@id":"https:\/\/www.revue3emillenaire.com\/blog\/le-cerveau-anatomie-et-fonctions-par-e-lester-smith\/#primaryimage","url":"https:\/\/www.revue3emillenaire.com\/blog\/wp-content\/uploads\/2011\/04\/Ernest-Lester-Smith.jpg","contentUrl":"https:\/\/www.revue3emillenaire.com\/blog\/wp-content\/uploads\/2011\/04\/Ernest-Lester-Smith.jpg","width":250,"height":277},{"@type":"BreadcrumbList","@id":"https:\/\/www.revue3emillenaire.com\/blog\/le-cerveau-anatomie-et-fonctions-par-e-lester-smith\/#breadcrumb","itemListElement":[{"@type":"ListItem","position":1,"name":"Accueil","item":"https:\/\/www.revue3emillenaire.com\/blog\/"},{"@type":"ListItem","position":2,"name":"Le Cerveau\u00a0: Anatomie et Fonctions par E Lester Smith"}]},{"@type":"WebSite","@id":"https:\/\/www.revue3emillenaire.com\/blog\/#website","url":"https:\/\/www.revue3emillenaire.com\/blog\/","name":"3e mill\u00e9naire - Spiritualit\u00e9 - Connaissance de soi - Non-dualit\u00e9 - M\u00e9ditation","description":"L&#039;Homme en devenir","potentialAction":[{"@type":"SearchAction","target":{"@type":"EntryPoint","urlTemplate":"https:\/\/www.revue3emillenaire.com\/blog\/?s={search_term_string}"},"query-input":{"@type":"PropertyValueSpecification","valueRequired":true,"valueName":"search_term_string"}}],"inLanguage":"fr-FR"},{"@type":"Person","@id":"https:\/\/www.revue3emillenaire.com\/blog\/#\/schema\/person\/b692dacff720a5344a6190bc714397eb","name":"3e mill\u00e9naire","url":"https:\/\/www.revue3emillenaire.com\/blog\/author\/scoussa\/"}]}},"_links":{"self":[{"href":"https:\/\/www.revue3emillenaire.com\/blog\/wp-json\/wp\/v2\/posts\/20871","targetHints":{"allow":["GET"]}}],"collection":[{"href":"https:\/\/www.revue3emillenaire.com\/blog\/wp-json\/wp\/v2\/posts"}],"about":[{"href":"https:\/\/www.revue3emillenaire.com\/blog\/wp-json\/wp\/v2\/types\/post"}],"author":[{"embeddable":true,"href":"https:\/\/www.revue3emillenaire.com\/blog\/wp-json\/wp\/v2\/users\/2"}],"replies":[{"embeddable":true,"href":"https:\/\/www.revue3emillenaire.com\/blog\/wp-json\/wp\/v2\/comments?post=20871"}],"version-history":[{"count":0,"href":"https:\/\/www.revue3emillenaire.com\/blog\/wp-json\/wp\/v2\/posts\/20871\/revisions"}],"wp:featuredmedia":[{"embeddable":true,"href":"https:\/\/www.revue3emillenaire.com\/blog\/wp-json\/wp\/v2\/media\/20847"}],"wp:attachment":[{"href":"https:\/\/www.revue3emillenaire.com\/blog\/wp-json\/wp\/v2\/media?parent=20871"}],"wp:term":[{"taxonomy":"category","embeddable":true,"href":"https:\/\/www.revue3emillenaire.com\/blog\/wp-json\/wp\/v2\/categories?post=20871"},{"taxonomy":"post_tag","embeddable":true,"href":"https:\/\/www.revue3emillenaire.com\/blog\/wp-json\/wp\/v2\/tags?post=20871"}],"curies":[{"name":"wp","href":"https:\/\/api.w.org\/{rel}","templated":true}]}}