{"id":20927,"date":"2025-10-30T15:02:50","date_gmt":"2025-10-30T14:02:50","guid":{"rendered":"https:\/\/www.revue3emillenaire.com\/blog\/?p=20927"},"modified":"2025-10-30T15:03:53","modified_gmt":"2025-10-30T14:03:53","slug":"comprendre-la-decarbonation-2-cinq-verites-fondamentales-sur-la-decarbonation-par-roger-pielke-jr","status":"publish","type":"post","link":"https:\/\/www.revue3emillenaire.com\/blog\/comprendre-la-decarbonation-2-cinq-verites-fondamentales-sur-la-decarbonation-par-roger-pielke-jr\/","title":{"rendered":"Comprendre la d\u00e9carbonation 2\u00a0: Cinq v\u00e9rit\u00e9s fondamentales sur la d\u00e9carbonation par Roger Pielke Jr."},"content":{"rendered":"<p align=\"justify\"><img loading=\"lazy\" decoding=\"async\" class=\"aligncenter\" src=\"https:\/\/substackcdn.com\/image\/fetch\/$s_!v59o!,w_1456,c_limit,f_auto,q_auto:good,fl_progressive:steep\/https%3A%2F%2Fsubstack-post-media.s3.amazonaws.com%2Fpublic%2Fimages%2F0824aade-957b-4a6c-b298-98ccf1db4c2f_586x586.png\" width=\"400\" height=\"400\" \/><\/p>\n<p class=\"western\" align=\"justify\"><i>Cette partie est la deuxi\u00e8me du cours de la s\u00e9rie THB (<\/i><span style=\"color: #000080;\"><u><a href=\"https:\/\/rogerpielkejr.substack.com\/\"><i>The Honest Broker<\/i><\/a><\/u><\/span><i>) <\/i>Comprendre la d\u00e9carbonation<i>. Vous pouvez trouver la premi\u00e8re partie <\/i><span style=\"color: #000080;\"><u><a href=\"https:\/\/www.revue3emillenaire.com\/blog\/comprendre-la-decarbonation-par-roger-pielke-jr\/\"><i>ici<\/i><\/a><\/u><\/span><i>. Cette s\u00e9rie r\u00e9pond aux demandes des lecteurs souhaitant des publications THB moins techniques, centr\u00e9es sur la politique d\u2019att\u00e9nuation du climat <\/i>[<a class=\"sdfootnoteanc\" href=\"#sdfootnote1sym\" name=\"sdfootnote1anc\"><sup>1<\/sup><\/a>]<i>. J\u2019\u00e9cris ces textes de la m\u00eame mani\u00e8re que j\u2019avais enseign\u00e9 l\u2019\u00e9nergie et le climat \u00e0 des \u00e9tudiants de niveau avanc\u00e9. Comme toujours \u2014 questions, demandes, commentaires sont les bienvenus ! Le cours commence\u2026<\/i><\/p>\n<p class=\"western\" align=\"justify\">Consid\u00e9rons une baignoire. L\u2019eau sort d\u2019un robinet et remplit la baignoire. Si le drain est ferm\u00e9 et qu\u2019il n\u2019y a aucun autre moyen pour l\u2019eau de s\u2019\u00e9couler, laisser le robinet ouvert signifie que la baignoire d\u00e9bordera et inondera votre maison.<\/p>\n<p class=\"western\" align=\"justify\">L\u2019accumulation de dioxyde de carbone dans l\u2019atmosph\u00e8re peut \u00eatre compar\u00e9e \u00e0 l\u2019eau qui remplit une baignoire [<a class=\"sdfootnoteanc\" href=\"#sdfootnote2sym\" name=\"sdfootnote2anc\"><sup>2<\/sup><\/a>]. Nous \u00e9mettons du dioxyde de carbone principalement par la combustion de combustibles fossiles \u2014 charbon, p\u00e9trole et gaz naturel. Le dioxyde de carbone reste longtemps dans l\u2019atmosph\u00e8re et s\u2019y accumule, comme l\u2019eau qui remplit une baignoire.<\/p>\n<p class=\"western\" align=\"justify\">L\u2019accumulation de dioxyde de carbone dans l\u2019atmosph\u00e8re <span style=\"color: #000080;\"><u><a href=\"https:\/\/globalcarbonbudget.org\/\">est tr\u00e8s bien comprise<\/a><\/u><\/span>. Il existe cependant de longs d\u00e9bats sur la quantit\u00e9 suppl\u00e9mentaire de dioxyde de carbone pouvant \u00eatre consid\u00e9r\u00e9e comme \u00ab dangereuse \u00bb, selon le langage de la Convention-cadre des Nations unies sur les changements climatiques de 1992 (\u00e0 laquelle les \u00c9tats-Unis sont signataires) [<a class=\"sdfootnoteanc\" href=\"#sdfootnote3sym\" name=\"sdfootnote3anc\"><sup>3<\/sup><\/a>]. Cela \u00e9quivaut \u00e0 d\u00e9battre de la hauteur du bord de la baignoire et du moment o\u00f9 l\u2019eau qui s\u2019y accumule d\u00e9borde et provoque une inondation dommageable dans la maison.<\/p>\n<p class=\"western\" align=\"justify\">Au d\u00e9but des ann\u00e9es 2000, la politique climatique se concentrait sur l<span style=\"color: #000080;\"><u><a href=\"https:\/\/www.nature.com\/articles\/s41558-020-0740-1\">a stabilisation des concentrations<\/a><\/u><\/span> de dioxyde de carbone dans l\u2019atmosph\u00e8re, avec 280 parties par million (ppm) \u00e9tant caract\u00e9ris\u00e9es comme le niveau pr\u00e9industriel de r\u00e9f\u00e9rence. Diff\u00e9rentes valeurs \u2014 580 ppm, 450 ppm et m\u00eame 350 ppm \u2014 ont \u00e9t\u00e9 propos\u00e9es comme la hauteur m\u00e9taphorique du bord de la baignoire. Actuellement, le monde en est \u00e0 environ 425 ppm.<\/p>\n<table border=\"1\" width=\"100%\" cellspacing=\"0\" cellpadding=\"0\">\n<tbody>\n<tr>\n<td valign=\"top\" width=\"100%\">\n<p align=\"center\"><img loading=\"lazy\" decoding=\"async\" class=\"\" src=\"https:\/\/substackcdn.com\/image\/fetch\/$s_!Xvyp!,w_1456,c_limit,f_auto,q_auto:good,fl_progressive:steep\/https%3A%2F%2Fsubstack-post-media.s3.amazonaws.com%2Fpublic%2Fimages%2F14fc7f11-f392-4395-83fa-c039857b73f1_1045x569.png\" width=\"606\" height=\"330\" \/><\/p>\n<p class=\"western\" align=\"center\">FIGURE 1.1 Comprendre l&rsquo;accumulation de dioxyde de carbone.<\/p>\n<p class=\"western\" align=\"center\"><i>AFFLUX\u00a0: \u00c9missions provenant de la combustion de combustibles fossiles d&rsquo;environ 33 milliards de tonnes m\u00e9triques de dioxyde de carbone par an.<\/i><\/p>\n<p class=\"western\" align=\"center\"><i>STOCK\u00a0: Concentrations atmosph\u00e9riques de dioxyde de carbone d&rsquo;environ 390 parties par million (ppm) aujourd&rsquo;hui. Augmentation d&rsquo;environ 2 ppm par an.<\/i><\/p>\n<p class=\"western\" align=\"center\"><i>\u00c9COULEMENT\u00a0: \u00c9limination du carbone par les oc\u00e9ans et les terres d&rsquo;environ 16 milliards de tonnes m\u00e9triques par an.<\/i><\/p>\n<p class=\"western\" align=\"center\"><i>Source : sch\u00e9ma de la baignoire tir\u00e9 du chapitre 1 de The Climate Fix (2010), les chiffres du sch\u00e9ma correspondaient \u00e0 l\u2019\u00e9poque.<\/i><\/p>\n<\/td>\n<\/tr>\n<\/tbody>\n<\/table>\n<p class=\"western\" align=\"justify\">Il y a environ dix ans, la politique climatique a d\u00e9laiss\u00e9 les concentrations comme indicateur politique pour <span style=\"color: #000080;\"><u><a href=\"https:\/\/www.nature.com\/articles\/s41558-020-0740-1\">se tourner<\/a><\/u><\/span> vers les temp\u00e9ratures mondiales projet\u00e9es en 2100, un changement que j\u2019ai toujours jug\u00e9 <span style=\"color: #000080;\"><u><a href=\"https:\/\/rogerpielkejr.substack.com\/p\/the-two-degree-temperature-target\">peu utile tant pour la science que pour la politique<\/a><\/u><\/span>. L\u2019Accord de Paris de 2015 a identifi\u00e9 2 degr\u00e9s Celsius comme le point o\u00f9 la baignoire m\u00e9taphorique d\u00e9borde, et a recommand\u00e9 que le monde s\u2019efforce aussi d\u2019atteindre un objectif de 1,5 \u00b0C. Ces cibles de temp\u00e9rature ont \u00e9t\u00e9 associ\u00e9es \u00e0 des quantit\u00e9s correspondantes d\u2019\u00e9missions cumul\u00e9es de dioxyde de carbone \u2014 dans la m\u00e9taphore de la baignoire, cela \u00e9quivaut \u00e0 la quantit\u00e9 d\u2019eau que la baignoire peut contenir avant de d\u00e9border.<\/p>\n<p class=\"western\" align=\"justify\">Il existe quelques complexit\u00e9s, comme le fait que les oc\u00e9ans et les terres absorbent environ la moiti\u00e9 du dioxyde de carbone que nous \u00e9mettons \u2014 cela revient \u00e0 imaginer un petit drain ouvert au fond de la baignoire qui laisse s\u2019\u00e9chapper une partie de l\u2019eau au fur et \u00e0 mesure qu\u2019elle se remplit.<\/p>\n<p class=\"western\" align=\"justify\">La m\u00e9taphore de la baignoire rend le d\u00e9fi de la r\u00e9duction des \u00e9missions clair : afin d\u2019\u00e9liminer la possibilit\u00e9 d\u2019un d\u00e9bordement, la quantit\u00e9 d\u2019eau qui remplit la baignoire doit \u00eatre r\u00e9duite pour \u00eatre au moins \u00e9gale \u00e0 la quantit\u00e9 qui s\u2019\u00e9coule par le petit drain. Cela arr\u00eaterait l\u2019augmentation du niveau d\u2019eau dans la baignoire.<\/p>\n<p class=\"western\" align=\"justify\">Si nous voulons non seulement arr\u00eater l\u2019accumulation croissante de dioxyde de carbone dans l\u2019atmosph\u00e8re, mais <i>aussi ne pas<\/i> d\u00e9pendre des oc\u00e9ans et des terres pour l\u2019absorber, alors le robinet m\u00e9taphorique doit \u00eatre compl\u00e8tement ferm\u00e9 \u2014 c\u2019est cela le <span style=\"color: #000080;\"><u><a href=\"https:\/\/rogerpielkejr.substack.com\/p\/net-zero-does-not-mean-what-you-think\">z\u00e9ro net<\/a><\/u><\/span> [<a class=\"sdfootnoteanc\" href=\"#sdfootnote4sym\" name=\"sdfootnote4anc\"><sup>4<\/sup><\/a>].<\/p>\n<p class=\"western\" align=\"justify\">R\u00e9duire le d\u00e9bit d\u2019eau du robinet peut permettre de gagner un peu de temps avant que la baignoire ne d\u00e9borde, mais tant que l\u2019eau continue de s\u2019y \u00e9couler, modifier le d\u00e9bit ne r\u00e9sout pas le probl\u00e8me fondamental : la baignoire finira par d\u00e9border et inonder la maison. C\u2019est ce qui rend l\u2019accumulation de dioxyde de carbone dans l\u2019atmosph\u00e8re un probl\u00e8me unique, compar\u00e9 par exemple \u00e0 la pollution atmosph\u00e9rique classique.<\/p>\n<p class=\"western\" align=\"justify\">Laissons la baignoire de c\u00f4t\u00e9 et explorons les outils pratiques que nous disposons pour r\u00e9duire les \u00e9missions de dioxyde de carbone, dans le cadre d\u2019un objectif visant ultimement \u00e0 atteindre le z\u00e9ro net.<\/p>\n<p class=\"western\" align=\"justify\"><span style=\"color: #000080;\"><u><a href=\"https:\/\/rogerpielkejr.substack.com\/p\/is-global-climate-policy-working\">L\u2019identit\u00e9 de Kaya<\/a><\/u><\/span> offre un cadre extr\u00eamement utile pour comprendre l\u2019ensemble des options disponibles pour r\u00e9duire les \u00e9missions.<\/p>\n<p class=\"western\" align=\"justify\">Les quatre \u00e9l\u00e9ments de l\u2019identit\u00e9 de Kaya sont :<\/p>\n<p class=\"western\" style=\"padding-left: 80px;\" align=\"justify\">\u2022 la population ;<\/p>\n<p class=\"western\" style=\"padding-left: 80px;\" align=\"justify\">\u2022 le PIB par habitant ;<\/p>\n<p class=\"western\" style=\"padding-left: 80px;\" align=\"justify\">\u2022 l\u2019intensit\u00e9 \u00e9nerg\u00e9tique de l\u2019\u00e9conomie ;<\/p>\n<p class=\"western\" style=\"padding-left: 80px;\" align=\"justify\">\u2022 l\u2019intensit\u00e9 carbonique de l\u2019\u00e9nergie.<\/p>\n<p class=\"western\" align=\"justify\">Ensemble, ces quatre facteurs se combinent pour produire les \u00e9missions de dioxyde de carbone. Le graphique ci-dessous montre comment chacun des quatre \u00e9l\u00e9ments de l\u2019identit\u00e9 de Kaya a \u00e9volu\u00e9 entre 2000 et 2023.<\/p>\n<p class=\"western\" align=\"justify\">Cela nous conduit \u00e0 une premi\u00e8re v\u00e9rit\u00e9 fondamentale sur la d\u00e9carbonation :<\/p>\n<p class=\"western\" align=\"justify\">\u2022 <i>Pour que les \u00e9missions de dioxyde de carbone diminuent en termes absolus, la baisse des intensit\u00e9s \u00e9nerg\u00e9tique et carbonique doit \u00eatre sup\u00e9rieure \u00e0 la combinaison de la croissance d\u00e9mographique et de l\u2019augmentation du PIB par habitant. Plus simplement, le taux de diminution de l\u2019intensit\u00e9 des \u00e9missions de l\u2019\u00e9conomie doit \u00eatre sup\u00e9rieur \u00e0 la croissance du PIB.<\/i><\/p>\n<table border=\"1\" width=\"100%\" cellspacing=\"0\" cellpadding=\"0\">\n<tbody>\n<tr>\n<td valign=\"top\" width=\"100%\">\n<p class=\"western\" style=\"text-align: center;\" align=\"justify\"><b>Identit\u00e9 de Kaya : facteurs d\u00e9terminants des \u00e9missions de CO2, Monde<\/b><\/p>\n<p class=\"western\" style=\"text-align: center;\" align=\"justify\">Variation en pourcentage des quatre param\u00e8tres de l&rsquo;identit\u00e9 de Kaya, qui d\u00e9terminent les \u00e9missions totales de CO<sub>2<\/sub>. Les \u00e9missions provenant des combustibles fossiles et de l&rsquo;industrie sont incluses. Les \u00e9missions li\u00e9es au changement d&rsquo;affectation des terres ne sont pas incluses.<\/p>\n<p align=\"justify\"><img loading=\"lazy\" decoding=\"async\" class=\"aligncenter\" src=\"https:\/\/substackcdn.com\/image\/fetch\/$s_!SR8v!,w_1456,c_limit,f_auto,q_auto:good,fl_progressive:steep\/https%3A%2F%2Fsubstack-post-media.s3.amazonaws.com%2Fpublic%2Fimages%2F9e1a5992-99a3-4045-aada-4eaf28702c03_2526x2475.png\" width=\"1199\" height=\"1175\" \/><\/p>\n<p class=\"western\" style=\"text-align: center;\" align=\"justify\">Source des donn\u00e9es : Global Carbon Budget (2024) et autres sources<\/p>\n<p class=\"western\" style=\"text-align: center;\" align=\"justify\">Remarque : le PIB par habitant est mesur\u00e9 en dollars internationaux de 2011 (PPA). Cela permet de tenir compte de l&rsquo;inflation et des diff\u00e9rences de prix entre les pays.<\/p>\n<p class=\"western\" style=\"text-align: center;\" align=\"justify\">1. <b>\u00c9missions de CO<\/b><sub><b>2<\/b><\/sub><b> fossiles<\/b> Il s&rsquo;agit du dioxyde de carbone lib\u00e9r\u00e9 lors de la combustion de combustibles fossiles ou de certaines activit\u00e9s industrielles.<\/p>\n<p class=\"western\" style=\"text-align: center;\" align=\"justify\">La combustion de combustibles fossiles (charbon, p\u00e9trole et gaz) produit du CO<sub>2<\/sub> lors du transport (voitures, camions, avions), de la production d&rsquo;\u00e9lectricit\u00e9, du chauffage et de la consommation d&rsquo;\u00e9nergie dans l&rsquo;industrie. Cela inclut \u00e9galement l\u2019embrassement, qui consiste \u00e0 br\u00fbler le gaz exc\u00e9dentaire lors de l&rsquo;extraction du p\u00e9trole et du gaz.<\/p>\n<p class=\"western\" style=\"text-align: center;\" align=\"justify\">Certains processus industriels lib\u00e8rent \u00e9galement du CO<sub>2<\/sub>. C&rsquo;est notamment le cas dans la production de ciment et d&rsquo;acier, o\u00f9 des r\u00e9actions chimiques (sans rapport avec la combustion de combustibles) produisent du dioxyde de carbone.<\/p>\n<p class=\"western\" style=\"text-align: center;\" align=\"justify\">Ces chiffres n&rsquo;incluent pas les \u00e9missions de CO<sub>2<\/sub> r\u00e9sultant des changements d&rsquo;affectation des terres, comme la d\u00e9forestation ou le reboisement.<\/p>\n<p class=\"western\" style=\"text-align: center;\" align=\"justify\">2. <b>Dollars internationaux<\/b> Les dollars internationaux sont une monnaie hypoth\u00e9tique utilis\u00e9e pour \u00e9tablir des comparaisons significatives entre les indicateurs mon\u00e9taires du niveau de vie.<\/p>\n<p class=\"western\" style=\"text-align: center;\" align=\"justify\">Les chiffres exprim\u00e9s en dollars internationaux constants sont ajust\u00e9s en fonction de l&rsquo;inflation dans les diff\u00e9rents pays au fil du temps et des diff\u00e9rences de co\u00fbt de la vie entre les pays.<\/p>\n<p class=\"western\" style=\"text-align: center;\" align=\"justify\">L&rsquo;objectif de ces ajustements est de fournir une unit\u00e9 dont le pouvoir d&rsquo;achat reste fixe dans le temps et entre les pays, de sorte qu&rsquo;un dollar international permette d&rsquo;acheter la m\u00eame quantit\u00e9 et la m\u00eame qualit\u00e9 de biens et de services, quel que soit le lieu ou le moment o\u00f9 il est d\u00e9pens\u00e9.<\/p>\n<p class=\"western\" style=\"text-align: center;\" align=\"justify\">Pour en savoir plus, consultez notre article : Que sont les dollars internationaux ?<\/p>\n<\/td>\n<\/tr>\n<\/tbody>\n<\/table>\n<p class=\"western\" align=\"justify\">Bien que les \u00e9missions cumul\u00e9es soient directement influenc\u00e9es par la population et la richesse, nous n\u2019allons pas chercher \u00e0 <a href=\"https:\/\/rogerpielkejr.substack.com\/p\/culling-for-climate\">r\u00e9duire l\u2019humanit\u00e9<\/a> ni \u00e0 <a href=\"https:\/\/rogerpielkejr.substack.com\/p\/defund-the-economy\">provoquer d\u00e9lib\u00e9r\u00e9ment une d\u00e9croissance \u00e9conomique<\/a>, m\u00eame si ces vues marginales se retrouvent souvent dans les discussions autour des politiques climatiques.<\/p>\n<p class=\"western\" align=\"justify\">Cela laisse les am\u00e9liorations de l\u2019intensit\u00e9 \u00e9nerg\u00e9tique et de l\u2019intensit\u00e9 carbonique comme seules options pour r\u00e9duire les \u00e9missions. Permettez-moi d\u2019insister sur ce point comme deuxi\u00e8me v\u00e9rit\u00e9 fondamentale de la d\u00e9carbonation\u00a0:<\/p>\n<p class=\"western\" style=\"padding-left: 80px;\" align=\"justify\">\u2022 <i>Pour contribuer \u00e0 la r\u00e9duction des \u00e9missions, toute politique d\u2019att\u00e9nuation propos\u00e9e doit n\u00e9cessairement avoir un effet sur l\u2019intensit\u00e9 \u00e9nerg\u00e9tique ou l\u2019intensit\u00e9 carbonique. Il n\u2019existe pas d\u2019autres options.<\/i><\/p>\n<p class=\"western\" align=\"justify\">Les am\u00e9liorations de l\u2019intensit\u00e9 \u00e9nerg\u00e9tique proviennent de deux sources principales.<\/p>\n<p class=\"western\" align=\"justify\">L\u2019un des facteurs est le changement dans la composition de l\u2019activit\u00e9 \u00e9conomique. Par exemple, imaginons une \u00e9conomie compos\u00e9e de deux aci\u00e9ries fortement \u00e9mettrices de carbone, chacune contribuant pour 1 000 $ au PIB. Si l\u2019une des aci\u00e9ries est ferm\u00e9e et remplac\u00e9e par une banque beaucoup moins carbon\u00e9e qui contribue \u00e9galement pour 1 000 $ au PIB, l\u2019intensit\u00e9 \u00e9nerg\u00e9tique de l\u2019\u00e9conomie acier + banque sera bien inf\u00e9rieure \u00e0 celle de l\u2019\u00e9conomie acier + acier.<\/p>\n<p class=\"western\" align=\"justify\">Un deuxi\u00e8me facteur d\u2019am\u00e9lioration de l\u2019intensit\u00e9 \u00e9nerg\u00e9tique est l\u2019efficacit\u00e9 \u00e9nerg\u00e9tique \u2014 obtenir le m\u00eame, voire un meilleur rendement \u00e9conomique, avec moins d\u2019\u00e9nergie consomm\u00e9e. Ces gains d\u2019efficacit\u00e9 peuvent provenir de changements dans la consommation d\u2019\u00e9nergie ou dans les technologies consommatrices d\u2019\u00e9nergie, et souvent des deux \u00e0 la fois.<\/p>\n<p class=\"western\" align=\"justify\">\u00c0 titre d\u2019exemple, le graphique ci-dessous montre l\u2019am\u00e9lioration significative de l\u2019efficacit\u00e9 \u00e9nerg\u00e9tique des avions \u00e0 r\u00e9action entre 1960 et 2015. Cette am\u00e9lioration signifie que chaque appareil peut assurer les m\u00eames services de transport, voire de meilleurs, tout en utilisant moins de carburant, r\u00e9duisant les co\u00fbts, augmentant les b\u00e9n\u00e9fices et contribuant \u00e0 la croissance \u00e9conomique. Les gains d\u2019efficacit\u00e9 ont donc du sens ind\u00e9pendamment des politiques climatiques.<\/p>\n<p>&nbsp;<\/p>\n<p align=\"center\"><img decoding=\"async\" src=\"https:\/\/substackcdn.com\/image\/fetch\/$s_!2frY!,w_1456,c_limit,f_auto,q_auto:good,fl_progressive:steep\/https%3A%2F%2Fsubstack-post-media.s3.amazonaws.com%2Fpublic%2Fimages%2F131a617f-3587-4926-913b-7926752e3f8e_740x506.png\" \/><\/p>\n<p class=\"western\" align=\"center\">Source\u00a0: <a href=\"https:\/\/theicct.org\/wp-content\/uploads\/2021\/06\/ICCT_Aircraft-FE-Trends_20150902.pdf\">TheICCT\u00a02021<\/a><\/p>\n<p class=\"western\" align=\"justify\">Cependant, une cons\u00e9quence des am\u00e9liorations d\u2019efficacit\u00e9 est souvent une utilisation accrue des technologies ou proc\u00e9d\u00e9s plus efficaces. Le graphique ci-dessous montre le trafic a\u00e9rien de passagers r\u00e9cent et projet\u00e9, qui devrait doubler au cours des 25\u00a0prochaines ann\u00e9es. Les gains d\u2019efficacit\u00e9 peuvent entra\u00eener un effet rebond conduisant \u00e0 une consommation d\u2019\u00e9nergie plus importante et \u00e0 des \u00e9missions absolues plus \u00e9lev\u00e9es, m\u00eame si l\u2019\u00e9conomie se d\u00e9carbone.<\/p>\n<p align=\"center\"><img decoding=\"async\" src=\"https:\/\/substackcdn.com\/image\/fetch\/$s_!HzG1!,w_1456,c_limit,f_auto,q_auto:good,fl_progressive:steep\/https%3A%2F%2Fsubstack-post-media.s3.amazonaws.com%2Fpublic%2Fimages%2F3c1b8eea-9d92-4f4a-ab4e-e1dd67c314e9_768x583.png\" \/><\/p>\n<p class=\"western\" align=\"center\">Source\u00a0: ACI<\/p>\n<p class=\"western\" align=\"justify\">Cela nous am\u00e8ne \u00e0 la troisi\u00e8me et \u00e0 la quatri\u00e8me v\u00e9rit\u00e9s fondamentales sur la d\u00e9carbonation\u00a0:<\/p>\n<p class=\"western\" style=\"padding-left: 80px;\" align=\"justify\">\u2022 <i>Jusqu\u2019\u00e0 pr\u00e9sent, la tendance \u00e0 long terme de la d\u00e9carbonation a \u00e9t\u00e9 principalement port\u00e9e par les am\u00e9liorations de l\u2019intensit\u00e9 \u00e9nerg\u00e9tique.<\/i><\/p>\n<p class=\"western\" style=\"padding-left: 80px;\" align=\"justify\">\u2022 <i>\u00c0 l\u2019avenir, d\u2019un point de vue purement math\u00e9matique, si une d\u00e9carbonation profonde doit se produire, d\u2019importantes am\u00e9liorations de l\u2019intensit\u00e9 carbonique de l\u2019\u00e9nergie seront n\u00e9cessaires.<\/i><\/p>\n<p class=\"western\" align=\"justify\">Les am\u00e9liorations de l\u2019intensit\u00e9 carbonique de l\u2019\u00e9nergie proviennent de l\u2019ajout de sources d\u2019\u00e9nergie \u00e0 faibles \u00e9missions de carbone ou, plus significativement pour tendre vers le z\u00e9ro net, de la r\u00e9duction ou du remplacement de la consommation d\u2019\u00e9nergie provenant de sources fortement carbon\u00e9es par des sources moins intensives.<\/p>\n<p class=\"western\" align=\"justify\">Cela conduit \u00e0 une cinqui\u00e8me conclusion fondamentale sur la d\u00e9carbonation\u00a0:<\/p>\n<p class=\"western\" style=\"padding-left: 80px;\" align=\"justify\">\u2022 <i>L\u2019ajout de sources d\u2019\u00e9nergie \u00e0 faibles \u00e9missions ou sans carbone r\u00e9duit l\u2019intensit\u00e9 carbonique globale de l\u2019\u00e9nergie, mais ne r\u00e9duit pas directement les \u00e9missions totales de dioxyde de carbone. Les r\u00e9ductions d\u2019\u00e9missions r\u00e9sultent du retrait ou du remplacement de la consommation de combustibles fossiles.<\/i><\/p>\n<p class=\"western\" align=\"justify\">Prenons le charbon. En valeur arrondie, le charbon est environ deux fois plus carbon\u00e9 que le gaz naturel. Pour la production d\u2019\u00e9lectricit\u00e9, le charbon et le gaz naturel sont fonctionnellement \u00e9quivalents. Ainsi, l\u2019intensit\u00e9 carbonique d\u2019une centrale \u00e9lectrique au charbon peut \u00eatre r\u00e9duite (environ) de moiti\u00e9 en rempla\u00e7ant la combustion du charbon par celle du gaz naturel.<\/p>\n<p class=\"western\" align=\"justify\">L\u2019intensit\u00e9 carbonique de cette centrale pourrait \u00eatre r\u00e9duite \u00e0 presque z\u00e9ro en rempla\u00e7ant la combustion du charbon par de l\u2019\u00e9nergie nucl\u00e9aire (ou, si l\u2019on pr\u00e9f\u00e8re, par de l\u2019\u00e9nergie solaire \u00e0 grande \u00e9chelle avec batteries).<\/p>\n<p class=\"western\" align=\"justify\">On voit donc imm\u00e9diatement que, si le gaz naturel permet des r\u00e9ductions d\u2019\u00e9missions significatives dans la mesure o\u00f9 il remplace le charbon, il ne peut cependant pas mener \u00e0 des \u00e9missions nulles \u2014 sauf si des technologies de capture du carbone \u00e0 grande \u00e9chelle deviennent viables sur le plan technologique et \u00e9conomique.<\/p>\n<p class=\"western\" align=\"justify\">L\u2019une des raisons pour lesquelles les sp\u00e9cialistes de l\u2019att\u00e9nuation se concentrent sur l\u2019\u00e9lectrification \u2014 des voitures, du chauffage, des cuisini\u00e8res, des navires, et plus encore \u2014 est que nous savons produire d\u2019\u00e9normes quantit\u00e9s d\u2019\u00e9lectricit\u00e9 avec de faibles \u00e9missions ou sans \u00e9missions de dioxyde de carbone.<\/p>\n<p class=\"western\" align=\"justify\">Nous pouvons avoir une bonne id\u00e9e de l\u2019ampleur du d\u00e9fi que repr\u00e9sente la r\u00e9duction de l\u2019intensit\u00e9 carbonique de l\u2019\u00e9nergie gr\u00e2ce \u00e0 quelques chiffres simples\u00a0: selon le <a href=\"https:\/\/globalenergymonitor.org\/projects\/global-coal-plant-tracker\/coal-phaseout-tracking-retirements-and-paris-aligned-goals\/\">Global Energy Monitor<\/a>, il existe presque 2 500\u00a0centrales \u00e9lectriques au charbon en activit\u00e9 dans le monde, avec une capacit\u00e9 totale de production d\u2019environ 2 200\u00a0gigawatts.<\/p>\n<p class=\"western\" align=\"justify\">En valeur arrondie, pour remplacer cette capacit\u00e9, il faudrait environ 1 000\u00a0nouvelles centrales nucl\u00e9aires (chacune \u00e9quip\u00e9e de deux r\u00e9acteurs\u00a0AP-1000 d\u2019une capacit\u00e9 de 1,1\u00a0GW).<\/p>\n<p class=\"western\" align=\"justify\">Si le charbon est responsable d\u2019environ 40\u00a0% des \u00e9missions totales de dioxyde de carbone (autre valeur arrondie), alors le remplacement du charbon par l\u2019\u00e9nergie nucl\u00e9aire r\u00e9duirait l\u2019intensit\u00e9 carbonique mondiale de l\u2019\u00e9nergie de 40\u00a0% (vous pouvez remonter au graphique de d\u00e9composition de l\u2019identit\u00e9 de Kaya ci-dessus pour estimer visuellement ce que cela repr\u00e9senterait).<\/p>\n<p class=\"western\" align=\"justify\">Il existe aujourd\u2019hui environ 400\u00a0centrales nucl\u00e9aires en activit\u00e9 dans le monde\u00a0\u2014 1 000 nouvelles ne constituent donc pas un nombre d\u00e9raisonnable, mais leur mise en service prendrait plusieurs d\u00e9cennies.<\/p>\n<p class=\"western\" align=\"justify\"><b>En r\u00e9sum\u00e9<\/b><\/p>\n<p class=\"western\" align=\"justify\">Cet article a pr\u00e9sent\u00e9 cinq v\u00e9rit\u00e9s fondamentales sur la d\u00e9carbonation [<a class=\"sdfootnoteanc\" href=\"#sdfootnote5sym\" name=\"sdfootnote5anc\"><sup>5<\/sup><\/a>]\u00a0:<\/p>\n<p class=\"western\" style=\"padding-left: 80px;\" align=\"justify\">1. <i>Pour que les \u00e9missions de dioxyde de carbone diminuent en termes absolus, la baisse des intensit\u00e9s \u00e9nerg\u00e9tique et carbonique doit \u00eatre sup\u00e9rieure \u00e0 la combinaison de la croissance d\u00e9mographique et de l\u2019augmentation du PIB par habitant. Plus simplement, le taux de diminution de l\u2019intensit\u00e9 des \u00e9missions de l\u2019\u00e9conomie doit \u00eatre sup\u00e9rieur \u00e0 la croissance du PIB.<\/i><\/p>\n<p class=\"western\" style=\"padding-left: 80px;\" align=\"justify\">2. <i>Pour contribuer \u00e0 la r\u00e9duction des \u00e9missions, toute politique d\u2019att\u00e9nuation propos\u00e9e doit n\u00e9cessairement avoir un effet sur l\u2019intensit\u00e9 \u00e9nerg\u00e9tique ou sur l\u2019intensit\u00e9 carbonique. Il n\u2019existe pas d\u2019autres options.<\/i><\/p>\n<p class=\"western\" style=\"padding-left: 80px;\" align=\"justify\">3. <i>Jusqu\u2019\u00e0 pr\u00e9sent, la tendance \u00e0 long terme de la d\u00e9carbonation a \u00e9t\u00e9 principalement port\u00e9e par les am\u00e9liorations de l\u2019intensit\u00e9 \u00e9nerg\u00e9tique.<\/i><\/p>\n<p class=\"western\" style=\"padding-left: 80px;\" align=\"justify\">4. <i>\u00c0 l\u2019avenir, d\u2019un point de vue purement math\u00e9matique, si une d\u00e9carbonation profonde doit se produire, d\u2019importantes am\u00e9liorations de l\u2019intensit\u00e9 carbonique de l\u2019\u00e9nergie seront n\u00e9cessaires.<\/i><\/p>\n<p class=\"western\" style=\"padding-left: 80px;\" align=\"justify\">5. <i>L\u2019ajout d\u2019une consommation d\u2019\u00e9nergie \u00e0 faibles \u00e9missions ou sans carbone r\u00e9duira l\u2019intensit\u00e9 carbonique globale de l\u2019\u00e9nergie, mais ne r\u00e9duira pas directement les \u00e9missions totales de dioxyde de carbone. Les r\u00e9ductions d\u2019\u00e9missions r\u00e9sultent du retrait de la consommation de combustibles fossiles.<\/i><\/p>\n<p class=\"western\" align=\"justify\">Texte original publi\u00e9 le 28\u00a0octobre 2025\u00a0: <span style=\"color: #000080;\"><u><a href=\"https:\/\/rogerpielkejr.substack.com\/p\/five-fundamental-truths-about-decarbonization\" target=\"_blank\" rel=\"noopener\">https:\/\/rogerpielkejr.substack.com\/p\/five-fundamental-truths-about-decarbonization<\/a><\/u><\/span><\/p>\n<p align=\"justify\">_______________________________<\/p>\n<div id=\"sdfootnote1\">\n<p class=\"sdfootnote-western\"><a class=\"sdfootnotesym\" href=\"#sdfootnote1anc\" name=\"sdfootnote1sym\">1<\/a> Je sais que de nombreux lecteurs de THB sont des experts du climat et de l\u2019\u00e9nergie. Cette s\u00e9rie s\u2019adresse au nombre beaucoup plus important de lecteurs de THB qui n\u2019ont peut-\u00eatre pas ce niveau d\u2019expertise. Dites-moi dans les commentaires si cette s\u00e9rie atteint son objectif.<\/p>\n<\/div>\n<div id=\"sdfootnote2\">\n<p class=\"sdfootnote-western\"><a class=\"sdfootnotesym\" href=\"#sdfootnote2anc\" name=\"sdfootnote2sym\">2<\/a> Il existe bien s\u00fbr d\u2019autres gaz \u00e0 effet de serre, ainsi que d\u2019importantes influences non li\u00e9es aux gaz \u00e0 effet de serre sur le syst\u00e8me climatique. Dans cette s\u00e9rie, je me concentre sur le dioxyde de carbone, qui devrait \u00eatre le principal facteur de pression climatique d\u2019origine humaine \u00e0 l\u2019\u00e9chelle mondiale au cours de ce si\u00e8cle. Par exemple, selon le sc\u00e9nario SSP2-4.5, <span style=\"color: #000080;\"><u><a href=\"https:\/\/gmd.copernicus.org\/articles\/13\/3571\/2020\/\">Meinshausen et al., 2020<\/a><\/u><\/span>, trouvent que 79 % du for\u00e7age radiatif total d\u2019ici 2100 sera d\u00fb au dioxyde de carbone.<\/p>\n<\/div>\n<div id=\"sdfootnote3\">\n<p class=\"sdfootnote-western\"><a class=\"sdfootnotesym\" href=\"#sdfootnote3anc\" name=\"sdfootnote3sym\">3<\/a> J\u2019ai longtemps soutenu que les changements climatiques r\u00e9sultant des activit\u00e9s humaines constituent un probl\u00e8me de gestion des risques et que les gens parviendront \u00e0 des jugements diff\u00e9rents et irr\u00e9conciliables sur les risques futurs possibles. Certains diront qu\u2019il n\u2019y a pas de risques, d\u2019autres qu\u2019ils sont apocalyptiques. Pour ma part, je me situe entre ces deux p\u00f4les : les risques sont r\u00e9els et m\u00e9ritent d\u2019\u00eatre r\u00e9duits. Une focalisation sur des politiques d\u2019att\u00e9nuation et d\u2019adaptation \u00ab sans regret \u00bb nous permet de d\u00e9passer les d\u00e9bats sur les risques futurs.<\/p>\n<\/div>\n<div id=\"sdfootnote4\">\n<p class=\"sdfootnote-western\"><a class=\"sdfootnotesym\" href=\"#sdfootnote4anc\" name=\"sdfootnote4sym\">4<\/a> Dans cette analogie, on peut assimiler la capture et le stockage du carbone \u00e0 quelqu\u2019un utilisant un seau pour retirer de l\u2019eau de la baignoire au fur et \u00e0 mesure qu\u2019elle se remplit, et la d\u00e9versant dans un autre r\u00e9servoir, ralentissant ou arr\u00eatant ainsi la mont\u00e9e du niveau d\u2019eau dans la baignoire.<\/p>\n<\/div>\n<div id=\"sdfootnote5\">\n<p class=\"sdfootnote-western\"><a class=\"sdfootnotesym\" href=\"#sdfootnote5anc\" name=\"sdfootnote5sym\">5<\/a> Les abonn\u00e9s payants ont acc\u00e8s <span style=\"color: #000080;\"><u><a href=\"https:\/\/rogerpielkejr.substack.com\/p\/thb-pro\">au texte int\u00e9gral de<\/a><\/u><\/span> <i>The Climate Fix<\/i>, qui propose une analyse beaucoup plus approfondie de la d\u00e9carbonation.<\/p>\n<\/div>\n","protected":false},"excerpt":{"rendered":"<p>Cette partie est la deuxi\u00e8me du cours de la s\u00e9rie THB (The Honest Broker) Comprendre la d\u00e9carbonation. Vous pouvez trouver la premi\u00e8re partie ici. Cette s\u00e9rie r\u00e9pond aux demandes des lecteurs souhaitant des publications THB moins techniques, centr\u00e9es sur la politique d\u2019att\u00e9nuation du climat [1]. J\u2019\u00e9cris ces textes de la m\u00eame mani\u00e8re que j\u2019avais enseign\u00e9 [&hellip;]<\/p>\n","protected":false},"author":2,"featured_media":20130,"comment_status":"closed","ping_status":"closed","sticky":false,"template":"","format":"standard","meta":{"footnotes":""},"categories":[1540,2238],"tags":[],"class_list":["post-20927","post","type-post","status-publish","format-standard","has-post-thumbnail","hentry","category-actualite","category-pielke-jr-roger"],"yoast_head":"<!-- This site is optimized with the Yoast SEO plugin v27.0 - https:\/\/yoast.com\/product\/yoast-seo-wordpress\/ -->\n<title>Comprendre la d\u00e9carbonation 2\u00a0: Cinq v\u00e9rit\u00e9s fondamentales sur la d\u00e9carbonation par Roger Pielke Jr. - 3e mill\u00e9naire - Spiritualit\u00e9 - Connaissance de soi - Non-dualit\u00e9 - M\u00e9ditation<\/title>\n<meta name=\"robots\" content=\"index, follow, max-snippet:-1, max-image-preview:large, max-video-preview:-1\" \/>\n<link rel=\"canonical\" href=\"https:\/\/www.revue3emillenaire.com\/blog\/comprendre-la-decarbonation-2-cinq-verites-fondamentales-sur-la-decarbonation-par-roger-pielke-jr\/\" \/>\n<meta property=\"og:locale\" content=\"fr_FR\" \/>\n<meta property=\"og:type\" content=\"article\" \/>\n<meta property=\"og:title\" content=\"Comprendre la d\u00e9carbonation 2\u00a0: Cinq v\u00e9rit\u00e9s fondamentales sur la d\u00e9carbonation par Roger Pielke Jr. - 3e mill\u00e9naire - Spiritualit\u00e9 - Connaissance de soi - Non-dualit\u00e9 - M\u00e9ditation\" \/>\n<meta property=\"og:description\" content=\"Cette partie est la deuxi\u00e8me du cours de la s\u00e9rie THB (The Honest Broker) Comprendre la d\u00e9carbonation. Vous pouvez trouver la premi\u00e8re partie ici. Cette s\u00e9rie r\u00e9pond aux demandes des lecteurs souhaitant des publications THB moins techniques, centr\u00e9es sur la politique d\u2019att\u00e9nuation du climat [1]. J\u2019\u00e9cris ces textes de la m\u00eame mani\u00e8re que j\u2019avais enseign\u00e9 [&hellip;]\" \/>\n<meta property=\"og:url\" content=\"https:\/\/www.revue3emillenaire.com\/blog\/comprendre-la-decarbonation-2-cinq-verites-fondamentales-sur-la-decarbonation-par-roger-pielke-jr\/\" \/>\n<meta property=\"og:site_name\" content=\"3e mill\u00e9naire - Spiritualit\u00e9 - Connaissance de soi - Non-dualit\u00e9 - M\u00e9ditation\" \/>\n<meta property=\"article:published_time\" content=\"2025-10-30T14:02:50+00:00\" \/>\n<meta property=\"article:modified_time\" content=\"2025-10-30T14:03:53+00:00\" \/>\n<meta property=\"og:image\" content=\"https:\/\/www.revue3emillenaire.com\/blog\/wp-content\/uploads\/2024\/08\/Roger-Pielke-Jr.jpg\" \/>\n\t<meta property=\"og:image:width\" content=\"176\" \/>\n\t<meta property=\"og:image:height\" content=\"176\" \/>\n\t<meta property=\"og:image:type\" content=\"image\/jpeg\" \/>\n<meta name=\"author\" content=\"3e mill\u00e9naire\" \/>\n<meta name=\"twitter:card\" content=\"summary_large_image\" \/>\n<meta name=\"twitter:label1\" content=\"\u00c9crit par\" \/>\n\t<meta name=\"twitter:data1\" content=\"3e mill\u00e9naire\" \/>\n\t<meta name=\"twitter:label2\" content=\"Dur\u00e9e de lecture estim\u00e9e\" \/>\n\t<meta name=\"twitter:data2\" content=\"15 minutes\" \/>\n<script type=\"application\/ld+json\" class=\"yoast-schema-graph\">{\"@context\":\"https:\/\/schema.org\",\"@graph\":[{\"@type\":\"Article\",\"@id\":\"https:\/\/www.revue3emillenaire.com\/blog\/comprendre-la-decarbonation-2-cinq-verites-fondamentales-sur-la-decarbonation-par-roger-pielke-jr\/#article\",\"isPartOf\":{\"@id\":\"https:\/\/www.revue3emillenaire.com\/blog\/comprendre-la-decarbonation-2-cinq-verites-fondamentales-sur-la-decarbonation-par-roger-pielke-jr\/\"},\"author\":{\"name\":\"3e mill\u00e9naire\",\"@id\":\"https:\/\/www.revue3emillenaire.com\/blog\/#\/schema\/person\/b692dacff720a5344a6190bc714397eb\"},\"headline\":\"Comprendre la d\u00e9carbonation 2\u00a0: Cinq v\u00e9rit\u00e9s fondamentales sur la d\u00e9carbonation par Roger Pielke Jr.\",\"datePublished\":\"2025-10-30T14:02:50+00:00\",\"dateModified\":\"2025-10-30T14:03:53+00:00\",\"mainEntityOfPage\":{\"@id\":\"https:\/\/www.revue3emillenaire.com\/blog\/comprendre-la-decarbonation-2-cinq-verites-fondamentales-sur-la-decarbonation-par-roger-pielke-jr\/\"},\"wordCount\":2959,\"image\":{\"@id\":\"https:\/\/www.revue3emillenaire.com\/blog\/comprendre-la-decarbonation-2-cinq-verites-fondamentales-sur-la-decarbonation-par-roger-pielke-jr\/#primaryimage\"},\"thumbnailUrl\":\"https:\/\/www.revue3emillenaire.com\/blog\/wp-content\/uploads\/2024\/08\/Roger-Pielke-Jr.jpg\",\"articleSection\":[\"Actualit\u00e9s\",\"Pielke Jr. Roger\"],\"inLanguage\":\"fr-FR\"},{\"@type\":\"WebPage\",\"@id\":\"https:\/\/www.revue3emillenaire.com\/blog\/comprendre-la-decarbonation-2-cinq-verites-fondamentales-sur-la-decarbonation-par-roger-pielke-jr\/\",\"url\":\"https:\/\/www.revue3emillenaire.com\/blog\/comprendre-la-decarbonation-2-cinq-verites-fondamentales-sur-la-decarbonation-par-roger-pielke-jr\/\",\"name\":\"Comprendre la d\u00e9carbonation 2\u00a0: Cinq v\u00e9rit\u00e9s fondamentales sur la d\u00e9carbonation par Roger Pielke Jr. - 3e mill\u00e9naire - Spiritualit\u00e9 - Connaissance de soi - Non-dualit\u00e9 - M\u00e9ditation\",\"isPartOf\":{\"@id\":\"https:\/\/www.revue3emillenaire.com\/blog\/#website\"},\"primaryImageOfPage\":{\"@id\":\"https:\/\/www.revue3emillenaire.com\/blog\/comprendre-la-decarbonation-2-cinq-verites-fondamentales-sur-la-decarbonation-par-roger-pielke-jr\/#primaryimage\"},\"image\":{\"@id\":\"https:\/\/www.revue3emillenaire.com\/blog\/comprendre-la-decarbonation-2-cinq-verites-fondamentales-sur-la-decarbonation-par-roger-pielke-jr\/#primaryimage\"},\"thumbnailUrl\":\"https:\/\/www.revue3emillenaire.com\/blog\/wp-content\/uploads\/2024\/08\/Roger-Pielke-Jr.jpg\",\"datePublished\":\"2025-10-30T14:02:50+00:00\",\"dateModified\":\"2025-10-30T14:03:53+00:00\",\"author\":{\"@id\":\"https:\/\/www.revue3emillenaire.com\/blog\/#\/schema\/person\/b692dacff720a5344a6190bc714397eb\"},\"breadcrumb\":{\"@id\":\"https:\/\/www.revue3emillenaire.com\/blog\/comprendre-la-decarbonation-2-cinq-verites-fondamentales-sur-la-decarbonation-par-roger-pielke-jr\/#breadcrumb\"},\"inLanguage\":\"fr-FR\",\"potentialAction\":[{\"@type\":\"ReadAction\",\"target\":[\"https:\/\/www.revue3emillenaire.com\/blog\/comprendre-la-decarbonation-2-cinq-verites-fondamentales-sur-la-decarbonation-par-roger-pielke-jr\/\"]}]},{\"@type\":\"ImageObject\",\"inLanguage\":\"fr-FR\",\"@id\":\"https:\/\/www.revue3emillenaire.com\/blog\/comprendre-la-decarbonation-2-cinq-verites-fondamentales-sur-la-decarbonation-par-roger-pielke-jr\/#primaryimage\",\"url\":\"https:\/\/www.revue3emillenaire.com\/blog\/wp-content\/uploads\/2024\/08\/Roger-Pielke-Jr.jpg\",\"contentUrl\":\"https:\/\/www.revue3emillenaire.com\/blog\/wp-content\/uploads\/2024\/08\/Roger-Pielke-Jr.jpg\",\"width\":176,\"height\":176},{\"@type\":\"BreadcrumbList\",\"@id\":\"https:\/\/www.revue3emillenaire.com\/blog\/comprendre-la-decarbonation-2-cinq-verites-fondamentales-sur-la-decarbonation-par-roger-pielke-jr\/#breadcrumb\",\"itemListElement\":[{\"@type\":\"ListItem\",\"position\":1,\"name\":\"Accueil\",\"item\":\"https:\/\/www.revue3emillenaire.com\/blog\/\"},{\"@type\":\"ListItem\",\"position\":2,\"name\":\"Comprendre la d\u00e9carbonation 2\u00a0: Cinq v\u00e9rit\u00e9s fondamentales sur la d\u00e9carbonation par Roger Pielke Jr.\"}]},{\"@type\":\"WebSite\",\"@id\":\"https:\/\/www.revue3emillenaire.com\/blog\/#website\",\"url\":\"https:\/\/www.revue3emillenaire.com\/blog\/\",\"name\":\"3e mill\u00e9naire - Spiritualit\u00e9 - Connaissance de soi - Non-dualit\u00e9 - M\u00e9ditation\",\"description\":\"L&#039;Homme en devenir\",\"potentialAction\":[{\"@type\":\"SearchAction\",\"target\":{\"@type\":\"EntryPoint\",\"urlTemplate\":\"https:\/\/www.revue3emillenaire.com\/blog\/?s={search_term_string}\"},\"query-input\":{\"@type\":\"PropertyValueSpecification\",\"valueRequired\":true,\"valueName\":\"search_term_string\"}}],\"inLanguage\":\"fr-FR\"},{\"@type\":\"Person\",\"@id\":\"https:\/\/www.revue3emillenaire.com\/blog\/#\/schema\/person\/b692dacff720a5344a6190bc714397eb\",\"name\":\"3e mill\u00e9naire\",\"url\":\"https:\/\/www.revue3emillenaire.com\/blog\/author\/scoussa\/\"}]}<\/script>\n<!-- \/ Yoast SEO plugin. -->","yoast_head_json":{"title":"Comprendre la d\u00e9carbonation 2\u00a0: Cinq v\u00e9rit\u00e9s fondamentales sur la d\u00e9carbonation par Roger Pielke Jr. - 3e mill\u00e9naire - Spiritualit\u00e9 - Connaissance de soi - Non-dualit\u00e9 - M\u00e9ditation","robots":{"index":"index","follow":"follow","max-snippet":"max-snippet:-1","max-image-preview":"max-image-preview:large","max-video-preview":"max-video-preview:-1"},"canonical":"https:\/\/www.revue3emillenaire.com\/blog\/comprendre-la-decarbonation-2-cinq-verites-fondamentales-sur-la-decarbonation-par-roger-pielke-jr\/","og_locale":"fr_FR","og_type":"article","og_title":"Comprendre la d\u00e9carbonation 2\u00a0: Cinq v\u00e9rit\u00e9s fondamentales sur la d\u00e9carbonation par Roger Pielke Jr. - 3e mill\u00e9naire - Spiritualit\u00e9 - Connaissance de soi - Non-dualit\u00e9 - M\u00e9ditation","og_description":"Cette partie est la deuxi\u00e8me du cours de la s\u00e9rie THB (The Honest Broker) Comprendre la d\u00e9carbonation. Vous pouvez trouver la premi\u00e8re partie ici. Cette s\u00e9rie r\u00e9pond aux demandes des lecteurs souhaitant des publications THB moins techniques, centr\u00e9es sur la politique d\u2019att\u00e9nuation du climat [1]. J\u2019\u00e9cris ces textes de la m\u00eame mani\u00e8re que j\u2019avais enseign\u00e9 [&hellip;]","og_url":"https:\/\/www.revue3emillenaire.com\/blog\/comprendre-la-decarbonation-2-cinq-verites-fondamentales-sur-la-decarbonation-par-roger-pielke-jr\/","og_site_name":"3e mill\u00e9naire - Spiritualit\u00e9 - Connaissance de soi - Non-dualit\u00e9 - M\u00e9ditation","article_published_time":"2025-10-30T14:02:50+00:00","article_modified_time":"2025-10-30T14:03:53+00:00","og_image":[{"width":176,"height":176,"url":"https:\/\/www.revue3emillenaire.com\/blog\/wp-content\/uploads\/2024\/08\/Roger-Pielke-Jr.jpg","type":"image\/jpeg"}],"author":"3e mill\u00e9naire","twitter_card":"summary_large_image","twitter_misc":{"\u00c9crit par":"3e mill\u00e9naire","Dur\u00e9e de lecture estim\u00e9e":"15 minutes"},"schema":{"@context":"https:\/\/schema.org","@graph":[{"@type":"Article","@id":"https:\/\/www.revue3emillenaire.com\/blog\/comprendre-la-decarbonation-2-cinq-verites-fondamentales-sur-la-decarbonation-par-roger-pielke-jr\/#article","isPartOf":{"@id":"https:\/\/www.revue3emillenaire.com\/blog\/comprendre-la-decarbonation-2-cinq-verites-fondamentales-sur-la-decarbonation-par-roger-pielke-jr\/"},"author":{"name":"3e mill\u00e9naire","@id":"https:\/\/www.revue3emillenaire.com\/blog\/#\/schema\/person\/b692dacff720a5344a6190bc714397eb"},"headline":"Comprendre la d\u00e9carbonation 2\u00a0: Cinq v\u00e9rit\u00e9s fondamentales sur la d\u00e9carbonation par Roger Pielke Jr.","datePublished":"2025-10-30T14:02:50+00:00","dateModified":"2025-10-30T14:03:53+00:00","mainEntityOfPage":{"@id":"https:\/\/www.revue3emillenaire.com\/blog\/comprendre-la-decarbonation-2-cinq-verites-fondamentales-sur-la-decarbonation-par-roger-pielke-jr\/"},"wordCount":2959,"image":{"@id":"https:\/\/www.revue3emillenaire.com\/blog\/comprendre-la-decarbonation-2-cinq-verites-fondamentales-sur-la-decarbonation-par-roger-pielke-jr\/#primaryimage"},"thumbnailUrl":"https:\/\/www.revue3emillenaire.com\/blog\/wp-content\/uploads\/2024\/08\/Roger-Pielke-Jr.jpg","articleSection":["Actualit\u00e9s","Pielke Jr. Roger"],"inLanguage":"fr-FR"},{"@type":"WebPage","@id":"https:\/\/www.revue3emillenaire.com\/blog\/comprendre-la-decarbonation-2-cinq-verites-fondamentales-sur-la-decarbonation-par-roger-pielke-jr\/","url":"https:\/\/www.revue3emillenaire.com\/blog\/comprendre-la-decarbonation-2-cinq-verites-fondamentales-sur-la-decarbonation-par-roger-pielke-jr\/","name":"Comprendre la d\u00e9carbonation 2\u00a0: Cinq v\u00e9rit\u00e9s fondamentales sur la d\u00e9carbonation par Roger Pielke Jr. - 3e mill\u00e9naire - Spiritualit\u00e9 - Connaissance de soi - Non-dualit\u00e9 - M\u00e9ditation","isPartOf":{"@id":"https:\/\/www.revue3emillenaire.com\/blog\/#website"},"primaryImageOfPage":{"@id":"https:\/\/www.revue3emillenaire.com\/blog\/comprendre-la-decarbonation-2-cinq-verites-fondamentales-sur-la-decarbonation-par-roger-pielke-jr\/#primaryimage"},"image":{"@id":"https:\/\/www.revue3emillenaire.com\/blog\/comprendre-la-decarbonation-2-cinq-verites-fondamentales-sur-la-decarbonation-par-roger-pielke-jr\/#primaryimage"},"thumbnailUrl":"https:\/\/www.revue3emillenaire.com\/blog\/wp-content\/uploads\/2024\/08\/Roger-Pielke-Jr.jpg","datePublished":"2025-10-30T14:02:50+00:00","dateModified":"2025-10-30T14:03:53+00:00","author":{"@id":"https:\/\/www.revue3emillenaire.com\/blog\/#\/schema\/person\/b692dacff720a5344a6190bc714397eb"},"breadcrumb":{"@id":"https:\/\/www.revue3emillenaire.com\/blog\/comprendre-la-decarbonation-2-cinq-verites-fondamentales-sur-la-decarbonation-par-roger-pielke-jr\/#breadcrumb"},"inLanguage":"fr-FR","potentialAction":[{"@type":"ReadAction","target":["https:\/\/www.revue3emillenaire.com\/blog\/comprendre-la-decarbonation-2-cinq-verites-fondamentales-sur-la-decarbonation-par-roger-pielke-jr\/"]}]},{"@type":"ImageObject","inLanguage":"fr-FR","@id":"https:\/\/www.revue3emillenaire.com\/blog\/comprendre-la-decarbonation-2-cinq-verites-fondamentales-sur-la-decarbonation-par-roger-pielke-jr\/#primaryimage","url":"https:\/\/www.revue3emillenaire.com\/blog\/wp-content\/uploads\/2024\/08\/Roger-Pielke-Jr.jpg","contentUrl":"https:\/\/www.revue3emillenaire.com\/blog\/wp-content\/uploads\/2024\/08\/Roger-Pielke-Jr.jpg","width":176,"height":176},{"@type":"BreadcrumbList","@id":"https:\/\/www.revue3emillenaire.com\/blog\/comprendre-la-decarbonation-2-cinq-verites-fondamentales-sur-la-decarbonation-par-roger-pielke-jr\/#breadcrumb","itemListElement":[{"@type":"ListItem","position":1,"name":"Accueil","item":"https:\/\/www.revue3emillenaire.com\/blog\/"},{"@type":"ListItem","position":2,"name":"Comprendre la d\u00e9carbonation 2\u00a0: Cinq v\u00e9rit\u00e9s fondamentales sur la d\u00e9carbonation par Roger Pielke Jr."}]},{"@type":"WebSite","@id":"https:\/\/www.revue3emillenaire.com\/blog\/#website","url":"https:\/\/www.revue3emillenaire.com\/blog\/","name":"3e mill\u00e9naire - Spiritualit\u00e9 - Connaissance de soi - Non-dualit\u00e9 - M\u00e9ditation","description":"L&#039;Homme en devenir","potentialAction":[{"@type":"SearchAction","target":{"@type":"EntryPoint","urlTemplate":"https:\/\/www.revue3emillenaire.com\/blog\/?s={search_term_string}"},"query-input":{"@type":"PropertyValueSpecification","valueRequired":true,"valueName":"search_term_string"}}],"inLanguage":"fr-FR"},{"@type":"Person","@id":"https:\/\/www.revue3emillenaire.com\/blog\/#\/schema\/person\/b692dacff720a5344a6190bc714397eb","name":"3e mill\u00e9naire","url":"https:\/\/www.revue3emillenaire.com\/blog\/author\/scoussa\/"}]}},"_links":{"self":[{"href":"https:\/\/www.revue3emillenaire.com\/blog\/wp-json\/wp\/v2\/posts\/20927","targetHints":{"allow":["GET"]}}],"collection":[{"href":"https:\/\/www.revue3emillenaire.com\/blog\/wp-json\/wp\/v2\/posts"}],"about":[{"href":"https:\/\/www.revue3emillenaire.com\/blog\/wp-json\/wp\/v2\/types\/post"}],"author":[{"embeddable":true,"href":"https:\/\/www.revue3emillenaire.com\/blog\/wp-json\/wp\/v2\/users\/2"}],"replies":[{"embeddable":true,"href":"https:\/\/www.revue3emillenaire.com\/blog\/wp-json\/wp\/v2\/comments?post=20927"}],"version-history":[{"count":0,"href":"https:\/\/www.revue3emillenaire.com\/blog\/wp-json\/wp\/v2\/posts\/20927\/revisions"}],"wp:featuredmedia":[{"embeddable":true,"href":"https:\/\/www.revue3emillenaire.com\/blog\/wp-json\/wp\/v2\/media\/20130"}],"wp:attachment":[{"href":"https:\/\/www.revue3emillenaire.com\/blog\/wp-json\/wp\/v2\/media?parent=20927"}],"wp:term":[{"taxonomy":"category","embeddable":true,"href":"https:\/\/www.revue3emillenaire.com\/blog\/wp-json\/wp\/v2\/categories?post=20927"},{"taxonomy":"post_tag","embeddable":true,"href":"https:\/\/www.revue3emillenaire.com\/blog\/wp-json\/wp\/v2\/tags?post=20927"}],"curies":[{"name":"wp","href":"https:\/\/api.w.org\/{rel}","templated":true}]}}