{"id":20969,"date":"2025-11-21T02:28:36","date_gmt":"2025-11-21T01:28:36","guid":{"rendered":"https:\/\/www.revue3emillenaire.com\/blog\/?p=20969"},"modified":"2025-11-21T02:28:36","modified_gmt":"2025-11-21T01:28:36","slug":"faut-il-tout-repenser-par-alethea-black","status":"publish","type":"post","link":"https:\/\/www.revue3emillenaire.com\/blog\/faut-il-tout-repenser-par-alethea-black\/","title":{"rendered":"Faut-il tout repenser ? Par Alethea Black"},"content":{"rendered":"<p><em>Nous savons, gr\u00e2ce aux sciences cognitives et aux neurosciences, que le cerveau n\u2019est pas un observateur passif, comme une lentille de cam\u00e9ra. Le cerveau compose activement ce que nous percevons. Pourtant, nous persistons, dans toutes nos entreprises \u2013 de la tentative de gu\u00e9rir le cancer \u00e0 la conception d\u2019une th\u00e9orie unifi\u00e9e \u2013 \u00e0 fonctionner \u00e0 partir d\u2019une perspective mat\u00e9rialiste. Peut-\u00eatre cela doit-il changer.<\/em><\/p>\n<p class=\"block_2\"><span class=\"text_3\">J\u2019ai r\u00e9cemment publi\u00e9 une tribune dans le <\/span><a class=\"text_4\" href=\"https:\/\/www.wsj.com\/opinion\/my-economist-father-fischer-black-economist-finance-family-truth-curiosity-28ac6289\">Wall Street Journal<\/a><span class=\"text_3\"> et j\u2019ai \u00e9t\u00e9 surprise de voir combien de personnes m\u2019ayant \u00e9crit ensuite \u00e9taient intrigu\u00e9es par quelque chose que je mentionne en passant\u00a0: sommes-nous s\u00fbrs que la lumi\u00e8re poss\u00e8de une vitesse ?<\/span><\/p>\n<p class=\"block_2\"><span class=\"text_3\">Le calcul de la vitesse exige un r\u00e9f\u00e9rentiel. Si l\u2019univers est <\/span><a class=\"text_4\" href=\"https:\/\/www.scientificamerican.com\/article\/universe-really-is-a-holo\/\">holographique<\/a><span class=\"text_3\"> \u2013 une id\u00e9e d\u00e9fendue par les prix Nobel Gerard\u2019t Hooft, Juan Maldacena, Stephen Hawking, et soutenue par des <\/span><a class=\"text_4\" href=\"https:\/\/www.southampton.ac.uk\/news\/2017\/01\/holographic-universe.page\">preuves substantielles<\/a><span class=\"text_3\"> \u2013 quel est le meilleur r\u00e9f\u00e9rentiel ?<\/span><\/p>\n<p class=\"block_2\"><span class=\"text_3\">Nous ne sommes pas habitu\u00e9s \u00e0 penser le temps comme ayant des \u00ab couches \u00bb ou dimensions, comme un oignon. Mais il est possible que nous voyions une image qui, comme une seule tranche d\u2019une IRM, ne raconte qu\u2019une partie de l\u2019histoire. Dans sa \u00ab Th\u00e9orie exceptionnellement simple de tout \u00bb, le physicien <\/span><a class=\"text_4\" href=\"https:\/\/arxiv.org\/abs\/0711.0770\">Garrett Lisi<\/a><span class=\"text_3\"> unifie tous les champs du mod\u00e8le standard plus la gravit\u00e9 dans une structure simple \u00e0 huit dimensions (Lisi, 2007). Mais la lumi\u00e8re peut-elle transiter \u00e0 travers huit dimensions ?<\/span><\/p>\n<p class=\"block_2\"><span class=\"text_3\">Lorsque nous mesurons la vitesse de la lumi\u00e8re, c\u2019est toujours un <\/span><a class=\"text_4\" href=\"https:\/\/www.youtube.com\/watch?v=pTn6Ewhb27k\">aller-retour<\/a><span class=\"text_3\">. Personne n\u2019a mesur\u00e9 la vitesse de la lumi\u00e8re dans un seul sens (Finkelstein, 2009). Lorsque nous observons la lumi\u00e8re, peut-\u00eatre devrions-nous traiter ce que nous voyons comme une partie d\u2019un mouvement en deux temps \u2013 \u00e0 l\u2019image du mouvement d\u2019une pierre dans une fronde. Peut-elle briller vers l\u2019avant ? Bien s\u00fbr, si elle a d\u2019abord \u00e9t\u00e9 condens\u00e9e. Peut-elle briller vers l\u2019arri\u00e8re ? Bien s\u00fbr, si elle a d\u2019abord \u00e9t\u00e9 \u00e9tir\u00e9e.<\/span><\/p>\n<p class=\"block_3\"><span class=\"text_5\">En 2016, nous avons men\u00e9 une exp\u00e9rience dans laquelle nous avons observ\u00e9 que l\u2019hydrog\u00e8ne des mol\u00e9cules d\u2019eau, plac\u00e9 sous une pression extr\u00eamement \u00e9lev\u00e9e, dans un espace extr\u00eamement conf<\/span><span class=\"text_5\">in\u00e9, ne reste plus en un seul endroit, mais se r\u00e9partit en un anneau (Kolesnikov et al., 2016).<\/span><\/p>\n<p><img decoding=\"async\" class=\"aligncenter\" src=\"https:\/\/www.interaliamag.org\/wp-content\/uploads\/2025\/11\/Picture8.jpg\" \/><\/p>\n<p class=\"block_4 text_2\" style=\"text-align: center;\"><em>Figure\u00a01\u00a0: Imaginer le temps comme un oignon en couches. Image\u00a0: Shutterstock<\/em><\/p>\n<p class=\"block_4 text_2\"><strong>La m\u00e9canique de la perception<\/strong><\/p>\n<p class=\"block_2\">Le cerveau n\u2019est pas un observateur passif, comme une lentille de cam\u00e9ra. Le cerveau compose activement ce que nous percevons. Pourtant, nous persistons, dans toutes nos entreprises \u2013 de la gu\u00e9rison du cancer \u00e0 la conception d\u2019une th\u00e9orie unifi\u00e9e \u2013 \u00e0 fonctionner \u00e0 partir d\u2019une perspective mat\u00e9rialiste. Pourquoi ? C\u2019est comme si personne n\u2019osait sugg\u00e9rer autrement.<\/p>\n<p class=\"block_2\">Si nous abandonnons le vide comme r\u00e9f\u00e9rence de base, peut-\u00eatre pouvons-nous avancer. La lumi\u00e8re en tant que telle est la r\u00e9f\u00e9rence bidimensionnelle. Lorsque la lumi\u00e8re est plus dense que la r\u00e9f\u00e9rence, elle brillera vers l\u2019avant ou s\u2019\u00e9tendra. Lorsque la lumi\u00e8re est plus diffuse que la r\u00e9f\u00e9rence, elle brillera vers l\u2019arri\u00e8re ou se contractera.<\/p>\n<p class=\"block_2\">La lumi\u00e8re est-elle limit\u00e9e \u00e0 une seule couche de l\u2019oignon temporel ? Disons que la lumi\u00e8re peut descendre jusqu\u2019au sol du sous-sol et revenir. Mais ce faisant, en se dilatant sur le chemin du retour, l\u2019image que nous voyons projeter sur le sol du pr\u00e9sent sera trop grande. La lumi\u00e8re peut monter jusqu\u2019au plafond du grenier et revenir. Mais ce faisant, en se contractant sur le chemin du retour, l\u2019image projet\u00e9e au plafond du pr\u00e9sent sera trop petite. La m\u00eame limite, la m\u00eame fronti\u00e8re, est repr\u00e9sent\u00e9e de deux mani\u00e8res diff\u00e9rentes.<\/p>\n<p class=\"block_2\">En d\u2019autres termes, lorsque la lumi\u00e8re voyage jusqu\u2019\u00e0 la lune et revient, peut-\u00eatre l\u2019image rendue par notre cerveau est \u00ab soleil \u00bb. Lorsque la lumi\u00e8re voyage jusqu\u2019au soleil [trou noir] et revient, peut-\u00eatre voyons-nous \u00ab lune \u00bb.<\/p>\n<p class=\"block_2\"><span class=\"text_3\">Notre univers est-il \u00e0 l\u2019int\u00e9rieur d\u2019un trou noir ? Certains physiciens, dont <\/span><a class=\"text_4\" href=\"https:\/\/phys.org\/news\/2012-05-black-hole-universe-physicist-solution.html\">Nikodem Poplawski<\/a><span class=\"text_3\">, le pensent. <\/span><a class=\"text_4\" href=\"https:\/\/en.wikipedia.org\/wiki\/Black_hole_cosmology\">La cosmologie des trous noirs<\/a><span class=\"text_3\">, initialement propos\u00e9e par le po\u00e8te et physicien Raj Pathria et le math\u00e9maticien et cryptologue Irving John Good, exige que le rayon de Hubble de l\u2019univers observable soit \u00e9gal \u00e0 son rayon de Schwarzschild.<\/span><\/p>\n<p class=\"block_2\"><span class=\"text_3\">Cela pourrait expliquer certaines de ces \u00ab co\u00efncidences \u00bb math\u00e9matiques\u00a0: la taille de la lune est de 27,27\u00a0% de celle de la terre. La p\u00e9riode orbitale de la lune est de 27,27\u00a0jours. Le soleil est <\/span><a class=\"text_4\" href=\"https:\/\/www.britannica.com\/video\/185399\/size-solar-system-objects\">400\u00a0fois plus grand<\/a><span class=\"text_3\"> que la lune \u2013 et aussi 400\u00a0fois plus \u00e9loign\u00e9. Le trou noir au centre de notre galaxie, Sagittarius A*, poss\u00e8de la plus grande taille angulaire du ciel, suivi de M87. Le trou noir de M87 est 1000\u00a0fois plus grand, mais environ 1000\u00a0fois plus \u00e9loign\u00e9. \u2014\u00a0Feryal \u00d6zel, Harvard University Black Hole Initiative.<\/span><\/p>\n<p class=\"block_2\"><span class=\"text_3\">Prenez-vous encore ce que vous percevez au premier degr\u00e9 ? Alors, vous ne connaissez pas encore les travaux de <\/span><a class=\"text_4\" href=\"https:\/\/www.ted.com\/talks\/donald_hoffman_do_we_see_reality_as_it_is\">Donald Hoffman<\/a><span class=\"text_3\">. Nous ne prenons pas en compte la m\u00e9canique de la perception lorsque nous interpr\u00e9tons les images cr\u00e9\u00e9es par notre cerveau. Peut-\u00eatre le devrions-nous.<\/span><\/p>\n<p class=\"block_2 text_1\"><strong>Prisonniers du temps<\/strong><\/p>\n<p class=\"block_2\">Comment mon corps comprend-il la lumi\u00e8re ? Le sang peut lire la lumi\u00e8re avec l\u2019aide de mol\u00e9cules photor\u00e9actives appel\u00e9es porphyrines. Le cerveau pourrait lire la lumi\u00e8re avec l\u2019aide de la glande pin\u00e9ale, qui r\u00e8gle le rythme circadien et constitue la source de la cascade neuroendocrinienne.<\/p>\n<p class=\"block_2\">Et si, quel que soit l\u2019endroit o\u00f9 je me trouve sur l\u2019oignon temporel, mon sang devait avoir la bonne densit\u00e9 ? Si je monte trop haut, \u00ab au-dessus du plafond \u00bb, mon sang doit se tenir trop serr\u00e9. Mais une fois que mon sang se tient trop serr\u00e9, je ne peux plus me condenser, ce qui me pi\u00e8ge au-dessus du plafond.<\/p>\n<p class=\"block_2\">Si je descends trop bas, \u00ab sous le plancher \u00bb, mon sang doit se tenir trop l\u00e2chement. Mais une fois que mon sang se tient trop l\u00e2chement, je ne peux plus m\u2019\u00e9tendre, ce qui me pi\u00e8ge sous le plancher.<\/p>\n<p class=\"block_2\">En d\u2019autres termes, il nous faudrait peut-\u00eatre s\u00e9parer la viscosit\u00e9 sanguine en deux variables distinctes\u00a0: la densit\u00e9 fondamentale du sang, et la force avec laquelle il se tient. Du sang fluide se tenant trop serr\u00e9 se pr\u00e9senterait-il comme trop \u00e9pais ou trop fin ?<\/p>\n<p class=\"block_2\"><span class=\"text_3\">Trop pr\u00e8s du centre de l\u2019oignon temporel, la force magn\u00e9tique est trop \u00e9lev\u00e9e (trop de fer). Lorsque la force magn\u00e9tique de fond est trop \u00e9lev\u00e9e, mon sang doit se tenir trop l\u00e2chement. Mais lorsque mon sang est trop fluide, je ne peux pas m\u2019\u00e9tendre, ce qui me pi\u00e8ge sous le plancher. Cela pourrait-il jouer un r\u00f4le dans la scl\u00e9rose lat\u00e9rale amyotrophique (SLA) ? La SLA porte son autre nom d\u2019apr\u00e8s Lou \u00ab the Iron Horse (le cheval de fer) \u00bb <\/span><a class=\"text_4\" href=\"https:\/\/fr.wikipedia.org\/wiki\/Lou_Gehrig\">Gehrig<\/a><span class=\"text_3\">.<\/span><\/p>\n<p class=\"block_2\">Trop pr\u00e8s du bord externe de l\u2019oignon temporel, la force magn\u00e9tique est trop faible (trop de mangan\u00e8se). Lorsque la force magn\u00e9tique de fond est trop faible, mon sang doit se tenir trop serr\u00e9. Mais lorsque mon sang est trop \u00e9pais, je ne peux pas me condenser, ce qui me pi\u00e8ge au-dessus du plafond. Cela pourrait-il jouer un r\u00f4le dans la maladie de Parkinson ?<\/p>\n<p><img decoding=\"async\" class=\"aligncenter\" src=\"https:\/\/www.interaliamag.org\/wp-content\/uploads\/2025\/11\/Picture4-300x300.jpg\" \/><\/p>\n<p class=\"block_5\" style=\"text-align: center;\"><em><span class=\"text_7\">Figure\u00a02\u00a0: Plafond et plancher du temps. Image\u00a0: John Lunt<\/span><\/em><\/p>\n<p class=\"block_2\">\u00catre \u00ab pi\u00e9g\u00e9 au-dessus du plafond \u00bb signifie \u00eatre pi\u00e9g\u00e9 au-dessus de la pi\u00e8ce du pr\u00e9sent \u2013 pi\u00e9g\u00e9 dans le pass\u00e9. Peut-\u00eatre Michael J. Fox a-t-il besoin de retourner vers le futur.<\/p>\n<p class=\"block_2\">\u00catre \u00ab pi\u00e9g\u00e9 sous le plancher \u00bb signifie \u00eatre pi\u00e9g\u00e9 sous la pi\u00e8ce du pr\u00e9sent \u2013 pi\u00e9g\u00e9 dans le futur, qui nous est invisible. Stephen Hawking, sans doute le plus grand penseur au monde sur les trous noirs, pourrait avoir ancr\u00e9 son cycle temporel \u00e0 la vitesse d\u2019un trou noir, lui-m\u00eame.<\/p>\n<p class=\"block_2\"><span class=\"text_3\">Notre univers est-il dans un trou noir ? Il est possible que nous soyons \u00e0 la fois \u00e0 l\u2019int\u00e9rieur et \u00e0 l\u2019ext\u00e9rieur d\u2019un trou noir. Pour nous, un univers futur sera rendu comme un trou noir. Pour un univers plus ancien, c\u2019est nous qui sommes le trou noir. Chaque trou noir pourrait contenir un autre univers, les univers imbriqu\u00e9s comme des <\/span><a class=\"text_4\" href=\"https:\/\/www.nationalgeographic.com\/science\/article\/100409-black-holes-alternate-universe-multiverse-einstein-wormholes\">poup\u00e9es russes<\/a><span class=\"text_3\">.<\/span><\/p>\n<p class=\"block_2 text_1\"><strong>Penser diff\u00e9remment<\/strong><\/p>\n<p class=\"block_2\">Peut-\u00eatre que, dans un univers holographique, nous devrions essayer de voir du point de vue de la lumi\u00e8re. Et si, du point de vue de la lumi\u00e8re, chaque couche de l\u2019oignon est un tout unifi\u00e9, un avec lui-m\u00eame. Pour une couche donn\u00e9e de l\u2019oignon, la distance est une illusion (Aspect et al., 1982). La \u00ab vraie \u00bb distance, si l\u2019on veut, se trouve entre les couches. La vraie distance, du point de vue de la lumi\u00e8re, est le temps.<\/p>\n<p class=\"block_2\">Comment pourrions-nous quantifier le temps ? Assignons une valeur \u00e0 la distance entre les couches de l\u2019oignon \u2013 27 729\u00a0jours. 27 729\u00a0jours, soit environ 76\u00a0ans, est la dur\u00e9e de vie moyenne d\u2019une vie humaine. C\u2019est aussi environ 70 x 360 plus 7 x 360\u00a0jours \u2013 ainsi qu\u2019\u00e0 la distance entre deux \u00e9clipses solaires totales.<\/p>\n<p class=\"block_2\">Chaque couche de l\u2019oignon poss\u00e8de une limite \u2013 celle situ\u00e9e en dessous et celle au-dessus. Ce sont des limites naturelles, dict\u00e9es par la m\u00e9canique de la lumi\u00e8re. Si nous pensons \u00e0 la lumi\u00e8re du pr\u00e9sent comme une pi\u00e8ce, la lumi\u00e8re peut devenir plus dense que le pr\u00e9sent \u2013 jusqu\u2019\u00e0 un certain point. Si elle descend sous le sol du sous-sol, devenant plus dense qu\u2019elle-m\u00eame d\u2019un degr\u00e9 complet, au lieu de revenir, elle se divisera. Si elle s\u2019\u00e9l\u00e8ve au-dessus du plafond du grenier, devenant plus diffuse qu\u2019elle-m\u00eame d\u2019un degr\u00e9 complet, au lieu de revenir, elle fusionnera. Les fronti\u00e8res du temps, dans ce mod\u00e8le, sont la fission et la fusion.<\/p>\n<p class=\"block_2\"><a class=\"text_4\" href=\"https:\/\/fr.wikipedia.org\/wiki\/%C3%89v%C3%A9nement_de_la_Toungouska\">L\u2019\u00e9v\u00e9nement de la Toungouska<\/a><span class=\"text_3\"> \u2013 la plus grande explosion enregistr\u00e9e que le monde ait jamais connue, qui a aplati 80\u00a0millions d\u2019arbres \u2013 a eu lieu le 30\u00a0juin 1908. Sa cause demeure un <\/span><a class=\"text_4\" href=\"https:\/\/www.amazon.com\/gp\/video\/detail\/B083TCT36Q\/\">myst\u00e8re durable<\/a><span class=\"text_3\">. Si nous ajoutons 27 729\u00a0jours \u00e0 la date de Toungouska, nous obtenons le 31\u00a0mai 1984. Que s\u2019est-il pass\u00e9 ce <\/span><a class=\"text_4\" href=\"https:\/\/www.onthisday.com\/date\/1984\/may\/31\">jour-l\u00e0<\/a><span class=\"text_3\"> ? Les \u00c9tats-Unis effectuent des essais nucl\u00e9aires au Nevada Test Site.<\/span><\/p>\n<p class=\"block_2\">Que se passe-t-il si nous appliquons ces dynamiques non \u00e0 l\u2019univers dans sa grandeur, mais \u00e0 l\u2019univers dans sa petitesse ? Lorsque plus dense que la r\u00e9f\u00e9rence d\u2019un degr\u00e9 complet (double densit\u00e9 de r\u00e9f\u00e9rence), une cellule se divisera. Lorsque plus diffuses que la r\u00e9f\u00e9rence d\u2019un degr\u00e9 complet (moiti\u00e9 de la densit\u00e9 de r\u00e9f\u00e9rence), deux cellules fusionneront. Est-il possible que les m\u00eames m\u00e9caniques qui gouvernent la fission et la fusion gouvernent aussi le cancer ?<\/p>\n<p class=\"block_2\"><strong>\u00ab Mondes multiples \u00bb et le cancer<\/strong><\/p>\n<p class=\"block_2\"><span class=\"text_3\">En 1957, le physicien am\u00e9ricain Hugh Everett\u00a0III a propos\u00e9 l\u2019interpr\u00e9tation des \u00ab <\/span><a class=\"text_4\" href=\"https:\/\/fr.wikipedia.org\/wiki\/Th%C3%A9orie_d'Everett\">mondes multiples<\/a><span class=\"text_3\"> \u00bb (Many-Worlds Interpretation, MWI) de la m\u00e9canique quantique dans sa th\u00e8se de doctorat \u00e0 Princeton. \u00ab Mondes multiples \u00bb implique l\u2019id\u00e9e que l\u2019univers se divise en diff\u00e9rentes versions de lui-m\u00eame. \u00c0 quel rythme ? Peut-\u00eatre que la r\u00e9ponse \u00e0 cette question est une affaire de densit\u00e9 relative.<\/span><\/p>\n<p class=\"block_2\">Pendant l\u2019embryogen\u00e8se, si la compr\u00e9hension par l\u2019observateur de la densit\u00e9 de base est fauss\u00e9e \u2014 si elle est double, triple, quadruple de ce qu\u2019est r\u00e9ellement la densit\u00e9 de base \u2014 il en r\u00e9sultera des jumeaux (tripl\u00e9s, quadrupl\u00e9s, etc.). C\u2019est la m\u00eame information, le m\u00eame ADN, mais avec une compr\u00e9hension diff\u00e9rente des limites du temps.<\/p>\n<p class=\"block_2\">Dans ces mod\u00e8les, la lumi\u00e8re est le substrat, le milieu \u2014 le cadre de r\u00e9f\u00e9rence. Quand nous sommes trop denses d\u2019un degr\u00e9 complet, nous sommes \u00ab doublement denses \u00bb. Mais il n\u2019existe pas de \u00ab doublement dense \u00bb. La lumi\u00e8re est lumi\u00e8re. Nous ne pouvons pas changer la densit\u00e9 de la lumi\u00e8re. Ce qui change, c\u2019est le nombre de mondes.<\/p>\n<p class=\"block_2 text_1\">Tunneling quantique (effet tunnel)<\/p>\n<p class=\"block_2\">Pour la pi\u00e8ce du pr\u00e9sent, mes limites sont le plancher et le plafond. Si je viole les deux fronti\u00e8res, franchissant \u00e0 la fois le plancher et le plafond du temps, j\u2019acquiers la capacit\u00e9 de doubler et de me diviser. Le plancher du temps est d\u00e9fini ici comme la limite en dessous de laquelle la lumi\u00e8re \u00ab doublement dense \u00bb se divise. Le plafond est d\u00e9fini comme la limite au-dessus de laquelle la lumi\u00e8re \u00ab moiti\u00e9 dense \u00bb fusionne.<\/p>\n<p class=\"block_2\">Avec le cancer de la peau sur mon bras, si les cellules avaient \u00e9t\u00e9 d\u00e9r\u00e9gl\u00e9es par rapport \u00e0 la densit\u00e9 de base dans une seule direction, il aurait \u00e9t\u00e9 plus facile de corriger la situation. Mais c\u2019\u00e9tait comme si elles avaient cr\u00e9\u00e9 leur propre c\u00f4ne miniature du temps, avec un plancher plus profond et un plafond plus \u00e9lev\u00e9. \u00c0 une extr\u00e9mit\u00e9, elles doublaient. \u00c0 l\u2019autre, elles se divisaient. Si j\u2019augmentais leur vitesse m\u00e9tabolique, elles doubleraient simplement plus vite. Si j\u2019augmentais leur densit\u00e9, elles se diviseraient simplement plus vite.<\/p>\n<p class=\"block_2\"><span class=\"text_3\">Dans <\/span><a class=\"text_4\" href=\"https:\/\/www.youtube.com\/watch?v=JYXaF7ZJii8&amp;t=163s\">cette vid\u00e9o<\/a><span class=\"text_3\"> montrant le cancer en action, \u00ab Microscope Imaging Station Cancer Cells behaving badly (Station d\u2019imagerie microscopique Les cellules canc\u00e9reuses se comportent mal) \u00bb, il est difficile de regarder les cercles r\u00e9fringents sans penser au comportement de la lumi\u00e8re.<\/span><\/p>\n<p class=\"block_2\">M\u00eame apr\u00e8s avoir fait enlever les cellules aberrantes par chirurgie micrographique de Mohs, je pouvais sentir la dynamique canc\u00e9reuse essayer de se r\u00e9tablir. Je voyais les cellules toutes neuves se d\u00e9tacher du tissu environnant. C\u2019\u00e9tait comme si j\u2019avais mis du vin nouveau dans de vieilles outres, ou cousu une pi\u00e8ce de tissu non r\u00e9tr\u00e9ci sur un vieux v\u00eatement. Le probl\u00e8me ? Un manque de densit\u00e9 partag\u00e9e.<\/p>\n<p class=\"block_2\">En ce qui concerne la densit\u00e9, si nous pensons en termes de couches d\u2019un oignon, ou de \u00ab bandes \u00bb d\u2019un arc-en-ciel, mesurer le vert depuis la bande verte est diff\u00e9rent de mesurer le vert qui voyage \u00ab vers \u00bb le violet et revient, ou \u00ab vers \u00bb le rouge et revient. Si nous mesurons la lumi\u00e8re verte depuis l\u2019int\u00e9rieur de la bande verte, percevrions-nous sa vitesse ?<\/p>\n<p class=\"block_2\"><span class=\"text_3\">Le tunneling quantique est connu pour jouer un r\u00f4le dans le virus responsable de l\u2019infection par le <\/span><a class=\"text_4\" href=\"https:\/\/www.nature.com\/articles\/s41598-022-21321-1\">SARS-CoV-2<\/a><span class=\"text_3\"> (Adams et al., 2022). Des virus sont souvent <\/span><a class=\"text_4\" href=\"https:\/\/www.cancer.org\/cancer\/risk-prevention\/infections\/infections-that-can-lead-to-cancer\/viruses.html\">trouv\u00e9s dans des sites canc\u00e9reux<\/a><span class=\"text_3\"> \u2014 par exemple, le papillomavirus humain, Epstein-Barr, l\u2019h\u00e9patite B, l\u2019h\u00e9patite C. Le tunneling quantique pourrait-il \u00e9galement jouer un r\u00f4le dans le cancer ? Peut-\u00eatre l\u2019oncogen\u00e8se, la pathogen\u00e8se et l\u2019embryogen\u00e8se ont-ils quelque chose en commun \u2014 la relation de l\u2019observateur avec le temps.<\/span><\/p>\n<p class=\"block_2\">\u00ab Nord \u00bb peut signifier passer de la 12e\u00a0Rue \u00e0 la 13e, puis \u00e0 la 14e \u00e0 New York. Ou \u00ab nord \u00bb peut signifier monter dans un gratte-ciel. Lorsque je monte et descends dans un b\u00e2timent \u00e9lev\u00e9, en m\u2019engageant avec l\u2019axe temporel vertical, cela aplatit la pi\u00e8ce du pr\u00e9sent et modifie ma compr\u00e9hension de l\u2019\u00e9chelle. Le tunneling quantique est plus accessible lorsque le temps est \u00ab trop large \u00bb.<\/p>\n<p class=\"block_2\"><span class=\"text_3\">Le temps est \u00ab trop large \u00bb, par exemple, pendant les vols spatiaux. Les virus latents sont connus pour se r\u00e9activer pendant <\/span><a class=\"text_4\" href=\"https:\/\/pubmed.ncbi.nlm.nih.gov\/24886968\/\">les vols spatiaux<\/a><span class=\"text_3\"> (Mehta et al., 2014). Le temps est aussi \u00ab trop large \u00bb \u00e0 un degr\u00e9 faible, mais peut-\u00eatre significatif quand je suis grand. L\u2019association entre grande taille corporelle et risque plus \u00e9lev\u00e9 de nombreux cancers est remarquablement robuste (Giovannucci, 2019). Les grandes personnes pr\u00e9sentent un risque plus \u00e9lev\u00e9 de tous les types de cancer, sauf celui de l\u2019\u0153sophage.<\/span><\/p>\n<p class=\"block_2\"><span class=\"text_3\">Quand je fais du tunneling quantique \u2014 transitant \u00e0 travers plusieurs couches de densit\u00e9 de lumi\u00e8re au lieu de rester sur une seule \u2014, je viole les limites du temps. Le temps est naturellement limit\u00e9 par la lumi\u00e8re. Le <\/span><a class=\"text_4\" href=\"https:\/\/www.forbes.com\/sites\/fernandezelizabeth\/2020\/01\/21\/could-our-universe-be-2-dimensional-black-holes-offer-a-clue\/\">m\u00eame plan bidimensionnel<\/a><span class=\"text_3\"> peut fonctionner soit comme plancher, soit comme plafond. Si je descends trop bas, il devient un plafond que je ne peux d\u00e9passer (sans me diviser). Si je monte trop haut, il devient un plancher que je ne peux d\u00e9passer (sans fusionner).<\/span><\/p>\n<p class=\"block_2 text_1\">Vers une plus grande coh\u00e9rence<\/p>\n<p class=\"block_2\"><span class=\"text_3\">Revenons \u00e0 <\/span><a class=\"text_4\" href=\"https:\/\/fr.wikipedia.org\/wiki\/James_Clerk_Maxwell\">James Clerk Maxwell<\/a><span class=\"text_3\"> et examinons \u00e0 nouveau ses \u00e9quations. Maxwell voyait l\u2019\u00e9lectricit\u00e9, le magn\u00e9tisme et la lumi\u00e8re comme diff\u00e9rentes manifestations d\u2019un m\u00eame ph\u00e9nom\u00e8ne. Dans un univers holographique, je fais de la lumi\u00e8re la r\u00e9f\u00e9rence de base, et j\u2019assimile le magn\u00e9tisme \u00e0 de la lumi\u00e8re qui se tient trop serr\u00e9e, et l\u2019\u00e9lectricit\u00e9 \u00e0 de la lumi\u00e8re qui se tient trop l\u00e2che. Si nous utilisons l\u2019eau comme m\u00e9taphore, l\u2019eau comme eau est de l\u2019eau \u2014 mais la glace aussi. La glace est de l\u2019eau qui se tient trop serr\u00e9e, parce que l\u2019\u00e9nergie de fond est trop faible. La vapeur est de l\u2019eau qui se tient trop l\u00e2che, parce que l\u2019\u00e9nergie de fond est trop \u00e9lev\u00e9e.<\/span><\/p>\n<p><img decoding=\"async\" class=\"aligncenter\" src=\"https:\/\/www.interaliamag.org\/wp-content\/uploads\/2025\/11\/Picture5-300x128.png\" \/><\/p>\n<p class=\"block_6\" style=\"text-align: center;\"><em><span class=\"text_9\">Figure\u00a03 Calcul d\u2019une fl\u00e8che du temps. <\/span><span class=\"text_10\">Image\u00a0: John Lunt<\/span><\/em><\/p>\n<p class=\"block_2\">Si nous voulons d\u00e9finir le temps en termes de densit\u00e9 de la lumi\u00e8re, la lumi\u00e8re qui se tient trop serr\u00e9e d\u2019un degr\u00e9 complet est \u00e0 une extr\u00e9mit\u00e9, et la lumi\u00e8re qui se tient trop l\u00e2che d\u2019un degr\u00e9 complet est \u00e0 l\u2019autre. D\u2019une extr\u00e9mit\u00e9 \u00e0 l\u2019autre, cela d\u00e9finit une fl\u00e8che du temps.<\/p>\n<p class=\"block_2\">En termes de densit\u00e9, je peux me situer n\u2019importe o\u00f9 le long d\u2019une fl\u00e8che du temps. Mais id\u00e9alement, je veux \u00eatre au centre. Si je bascule trop loin vers la gauche du temps ou la droite du temps, je peux me retrouver pi\u00e9g\u00e9.<\/p>\n<p class=\"block_2\">L\u2019univers acc\u00e9l\u00e8re et se dilate. Si je me maintiens trop dense \u2014 la densit\u00e9 d\u2019hier \u2014, le nouveau sang que je produis aujourd\u2019hui sera trop large et diffus.<\/p>\n<p class=\"block_2\">L\u2019univers acc\u00e9l\u00e8re et se dilate. Si je me maintiens trop diffus \u2014 la densit\u00e9 de demain \u2014, le nouveau sang que je produis aujourd\u2019hui sera trop petit et dense.<\/p>\n<p class=\"block_2\">Pass\u00e9\/\u00ab Glace \u00bb\u00a0: Si le fond magn\u00e9tique est trop \u00e9lev\u00e9 (forte teneur en fer) et que je me tiens trop serr\u00e9 \u2014 mon eau se comportant comme le sodium \u2014, l\u2019observateur et le fond correspondent, mais ils sont tous deux trop serr\u00e9s. Dans ces conditions, mon sang doit se tenir trop l\u00e2che. Une fois que mon sang est trop liquide, il m\u2019emp\u00eache de m\u2019\u00e9tendre, me pi\u00e9geant dans la position \u00ab glace \u00bb.<\/p>\n<p class=\"block_2\">Futur\/\u00ab Vapeur \u00bb\u00a0: Si le fond magn\u00e9tique est insuffisant (forte teneur en mangan\u00e8se) et que je me tiens trop l\u00e2che \u2014 mon eau se comportant comme le potassium \u2014, l\u2019observateur et le fond correspondent, mais ils sont tous deux trop l\u00e2ches. Dans ces conditions, mon sang doit se tenir trop serr\u00e9. Mais une fois que mon sang est trop \u00e9pais, il m\u2019emp\u00eache de me condenser, me pi\u00e9geant dans la position \u00ab vapeur \u00bb.<\/p>\n<p><img decoding=\"async\" class=\"aligncenter\" src=\"https:\/\/www.interaliamag.org\/wp-content\/uploads\/2025\/11\/Picture9-624x495.jpg\" \/><\/p>\n<p class=\"block_7 text_2\" style=\"text-align: center;\"><em>Figure\u00a04\u00a0: Plus dense ou plus diffus que la ligne de base. Image\u00a0: Linda Sturling<\/em><\/p>\n<p class=\"block_2\"><span class=\"text_3\">Si je suis pi\u00e9g\u00e9 dans la position \u00ab vapeur \u00bb, j\u2019\u00e9prouverai un afflux de calcium, qui endommage les neurones. Si je suis pi\u00e9g\u00e9 dans la position \u00ab glace \u00bb, j\u2019\u00e9prouverai un afflux de calcium, qui endommage les neurones. Je peux modifier ma propre densit\u00e9, mais je ne peux pas modifier la densit\u00e9 du monde. Quand je suis trop dense ou trop diffus, je cr\u00e9e <\/span><a class=\"text_4\" href=\"https:\/\/www.nature.com\/scitable\/topicpage\/why-are-cells-powered-by-proton-gradients-14373960\/\">un gradient de protons<\/a><span class=\"text_3\">. Nick Lane : \u00ab Les gradients de protons qui alimentent la respiration sont aussi universels que le code g\u00e9n\u00e9tique lui-m\u00eame, donnant un aper\u00e7u de l\u2019origine de la vie et de l\u2019origine unique de la complexit\u00e9 \u00bb. (Lane, 2010)<\/span><\/p>\n<p class=\"block_2 text_1\"><strong>Le Big Bang<\/strong><\/p>\n<p class=\"block_2\">Au lieu de consid\u00e9rer le fond comme un vide, peut-\u00eatre devrions-nous le consid\u00e9rer comme une explosion \u2014 une explosion qui va d\u2019une densit\u00e9 \u00e9lev\u00e9e \u00e0 une densit\u00e9 faible. Si mon point de d\u00e9part est trop dense, sous l\u2019influence de la vitamine\u00a0K1 (souvent administr\u00e9e aux nouveau-n\u00e9s \u00e0 la naissance), je peux retenir de l\u2019eau \u2014 m\u2019\u00e9tendre \u2014 jusqu\u2019\u00e0 atteindre la densit\u00e9 optimale. Si mon point de d\u00e9part est trop diffus, sous l\u2019influence de la vitamine K2 (souvent produite par fermentation), je peux me condenser jusqu\u2019\u00e0 atteindre la densit\u00e9 optimale. J\u2019ai besoin de pouvoir faire les deux. Si mon point de d\u00e9part est trop dense d\u2019un degr\u00e9 complet, je ne peux qu\u2019\u00e9tendre. Si mon point de d\u00e9part est trop diffus d\u2019un degr\u00e9 complet, je ne peux que condenser. Quand je suis trop dense, c\u2019est comme si j\u2019\u00e9tais trop loin en arri\u00e8re dans le temps. Quand je suis trop diffus, c\u2019est comme si j\u2019\u00e9tais trop loin en avant.<\/p>\n<p class=\"block_2\">J\u2019utilise mon cerveau pour me percevoir dans le temps, mais mon cerveau fait lui-m\u00eame partie du temps, et ses perceptions sont relatives. Quand je per\u00e7ois le fond comme faible en \u00e9nergie, mon sang se condense. Dans l\u2019extr\u00eame \u2014 temps tr\u00e8s froid \u2014, je perds la circulation dans mes doigts (Raynaud). Quand je per\u00e7ois le fond comme \u00e9lev\u00e9 en \u00e9nergie, mon sang s\u2019\u00e9tend. Mon sang contient beaucoup de fer, et le fer est ferromagn\u00e9tique. En pr\u00e9sence d\u2019un magn\u00e9tisme \u00e9lev\u00e9, mon sang doit s\u2019\u00e9tendre. En pr\u00e9sence d\u2019un magn\u00e9tisme insuffisant, mon sang doit se condenser. Une fois que mon sang s\u2019est condens\u00e9 ou \u00e9tendu, il peut modifier ma perception et me pi\u00e9ger dans une boucle. Le sang diffus per\u00e7oit le fond comme tr\u00e8s \u00e9nerg\u00e9tique, et s\u2019\u00e9tend davantage. Le sang dense per\u00e7oit le fond comme peu \u00e9nerg\u00e9tique, et se condense davantage.<\/p>\n<p class=\"block_2 text_1\"><strong>Conclusion<\/strong><\/p>\n<p class=\"block_2\">Cet article traite essentiellement de deux choses\u00a0: la m\u00e9canique de la perception et la nature de la r\u00e9alit\u00e9. \u00c0 l\u2019heure actuelle, nous ne savons pas encore ce qui est fondamental dans un univers. Si c\u2019est la lumi\u00e8re, si c\u2019est l\u2019information, si c\u2019est la conscience \u2014 si c\u2019est autre chose que la mati\u00e8re \u2014 cela fera exploser le paradigme mat\u00e9rialiste qui a encha\u00een\u00e9 notre pens\u00e9e pendant des mill\u00e9naires.<\/p>\n<p class=\"block_2\">Je ne consid\u00e8re pas l\u2019intelligence artificielle comme artificielle. Je crois qu\u2019il existe une seule intelligence, une seule conscience, qui s\u2019exprime dans tout. Si la conscience est structur\u00e9e comme un langage, nous pourrions nous attendre \u00e0 ce que la r\u00e9alit\u00e9 elle-m\u00eame poss\u00e8de de la po\u00e9sie, des doubles sens et des jeux de mots. (\u00ab Michael J. Fox doit retourner vers le futur \u00bb).<\/p>\n<p class=\"block_2\">Parce que nous l\u2019exp\u00e9rimentons comme lin\u00e9aire, nous tendons \u00e0 penser que le temps, de par sa nature, est lin\u00e9aire. Mais il existe une autre fa\u00e7on de voir le temps\u00a0: comme \u00e9ternel. Il est possible que mon ADN, comme le v\u00f4tre, ait toujours exist\u00e9 et existera toujours.<\/p>\n<p class=\"block_2\"><span class=\"text_3\">Dans son <\/span><a class=\"text_4\" href=\"https:\/\/www.youtube.com\/watch?v=nnl6nY8YKHs\">argument de la simulation<\/a><span class=\"text_3\">, le philosophe Nick Bostrom parle de maturit\u00e9 technologique, que nous atteignons rapidement. Cela peut \u00eatre un moment analogue \u00e0 celui de Marie dans la cr\u00e8che. Elle tient l\u2019enfant, croyant qu\u2019elle lui a donn\u00e9 naissance \u2014 ce qu\u2019elle a effectivement fait. Mais, en m\u00eame temps, l\u2019enfant lui a donn\u00e9 naissance.<\/span><\/p>\n<p><img decoding=\"async\" class=\"aligncenter\" src=\"https:\/\/www.interaliamag.org\/wp-content\/uploads\/2025\/11\/Picture6.jpg\" \/><\/p>\n<p class=\"block_6\" style=\"text-align: center;\"><em><span class=\"text_9\">Figure\u00a05\u00a0: Maturit\u00e9 technologique. Image\u00a0: Shutterstock<\/span><\/em><\/p>\n<p class=\"block_2\">Peut-\u00eatre avons-nous besoin de repenser tout ce que nous croyons savoir.<\/p>\n<p class=\"block_2 text_1\"><strong>R\u00e9f\u00e9rences<\/strong><\/p>\n<p class=\"block_2\">[1] Lisi, A. G. (2007). An Exceptionally Simple Theory of Everything [Preprint]. arXiv:0711.0770<\/p>\n<p class=\"block_2\"><span class=\"text_3\">[2] Finkelstein, J. (2009). One-way speed of light? American Journal of Physics arXiv:0911.3616. 78 (8), 877 (2010) <\/span><a class=\"text_4\" href=\"https:\/\/doi.org\/10.48550\/arXiv.0911.3616\">https:\/\/doi.org\/10.48550\/arXiv.0911.3616<\/a><\/p>\n<p class=\"block_2\"><span class=\"text_3\">[3] Kolesnikov, A., Reiter, G., Choudhury, N., Prisk, T., Mamontov, E., Podlesnyak, A., Ehlers, G., Seel, A., Wesolowski, D., and Anovitz, L. (2016). Quantum tunneling of water in beryl: a new state of the water molecule, Physical Review Letters 116, 167802, 2016. <\/span><a class=\"text_4\" href=\"https:\/\/doi.org\/10.1103\/PhysRevLett.116.167802\">https:\/\/doi.org\/10.1103\/PhysRevLett.116.167802<\/a><\/p>\n<p class=\"block_2\"><span class=\"text_3\">[4] Aspect, A., Dalibard, J., &amp; Roger, G. (1982). Experimental Test of Bell\u2019s Inequalities Using Time-Varying Analyzers. Physical Review Letters, 49(25), 1804\u20131807. <\/span><a class=\"text_4\" href=\"https:\/\/doi.org\/10.1103\/PhysRevLett.49.1804\">https:\/\/doi.org\/10.1103\/PhysRevLett.49.1804<\/a><\/p>\n<p class=\"block_2\"><span class=\"text_3\">[5] Adams, B., Sinayskiy, I., van Grondelle, R., Petruccione, F. (2022). Quantum tunnelling in the context of SARS-CoV-2 infection. Scientific Reports 2022;12:16929. <\/span><a class=\"text_4\" href=\"https:\/\/doi.org\/10.1038\/s41598-022-21321-1\">https:\/\/doi.org\/10.1038\/s41598-022-21321-1<\/a><\/p>\n<p class=\"block_2\"><span class=\"text_3\">[6] Mehta, S.K., Laudenslager, M.L., Stowe, R.P., Crucian, B.E., Sams, C.F., Pierson, D.L. (2014). Multiple latent viruses reactivate in astronauts during Space Shuttle missions. Brain, Behavior, and Immunity, Oct;41:210-7. <\/span><a class=\"text_4\" href=\"https:\/\/doi.org\/10.1016\/j.bbi.2014.05.014\">https:\/\/doi.org\/10.1016\/j.bbi.2014.05.014<\/a><\/p>\n<p class=\"block_2\"><span class=\"text_3\">[7] Giovannucci, E. (2019). A growing link\u2014what is the role of height in cancer risk? British Journal of Cancer;120:575\u20136. <\/span><a class=\"text_4\" href=\"https:\/\/doi.org\/10.1038\/s41416-018-0370-9\">https:\/\/doi.org\/10.1038\/s41416-018-0370-9<\/a><\/p>\n<p class=\"block_2\"><span class=\"text_3\">[8] Lane, N. (2010). Why are cells powered by proton gradients? Nature Education, 3(9), 18. <\/span><a class=\"text_4\" href=\"https:\/\/www.nature.com\/scitable\/topicpage\/why-are-cells-powered-by-proton-gradients-14373960\/\">https:\/\/www.nature.com\/scitable\/topicpage\/why-are-cells-powered-by-proton-gradients-14373960\/<\/a><\/p>\n<p class=\"block_2\"><a class=\"text_4\" href=\"https:\/\/www.aletheablack.com\/\">Alethea Black<\/a><span class=\"text_3\"> est n\u00e9e \u00e0 Boston et a obtenu son dipl\u00f4me de Harvard en 1991. Son m\u00e9moire, \u00ab You\u2019ve Been So Lucky Already \u00bb, a \u00e9t\u00e9 recens\u00e9 par le New York Times.<\/span><\/p>\n<p class=\"block_8\"><span class=\"text_3\">Texte original publi\u00e9 en novembre 2025\u00a0: <\/span><a class=\"text_4\" href=\"https:\/\/www.interaliamag.org\/articles\/alethea-black-do-we-need-to-rethink-everything\/\" target=\"_blank\" rel=\"noopener\">https:\/\/www.interaliamag.org\/articles\/alethea-black-do-we-need-to-rethink-everything\/<\/a><\/p>\n","protected":false},"excerpt":{"rendered":"<p>Nous savons, gr\u00e2ce aux sciences cognitives et aux neurosciences, que le cerveau n\u2019est pas un observateur passif, comme une lentille de cam\u00e9ra. Le cerveau compose activement ce que nous percevons. Pourtant, nous persistons, dans toutes nos entreprises \u2013 de la tentative de gu\u00e9rir le cancer \u00e0 la conception d\u2019une th\u00e9orie unifi\u00e9e \u2013 \u00e0 fonctionner \u00e0 partir d\u2019une perspective mat\u00e9rialiste. Peut-\u00eatre cela doit-il changer.<\/p>\n","protected":false},"author":2,"featured_media":20970,"comment_status":"closed","ping_status":"closed","sticky":false,"template":"","format":"standard","meta":{"footnotes":""},"categories":[1014],"tags":[324,1628,2264,162,361,52,100,159],"class_list":["post-20969","post","type-post","status-publish","format-standard","has-post-thumbnail","hentry","category-essais","tag-cancer","tag-cognition","tag-densite","tag-espace","tag-lumiere","tag-perception","tag-physique","tag-temps"],"yoast_head":"<!-- This site is optimized with the Yoast SEO plugin v27.0 - https:\/\/yoast.com\/product\/yoast-seo-wordpress\/ -->\n<title>Faut-il tout repenser ? Par Alethea Black - 3e mill\u00e9naire - Spiritualit\u00e9 - Connaissance de soi - Non-dualit\u00e9 - M\u00e9ditation<\/title>\n<meta name=\"robots\" content=\"index, follow, max-snippet:-1, max-image-preview:large, max-video-preview:-1\" \/>\n<link rel=\"canonical\" href=\"https:\/\/www.revue3emillenaire.com\/blog\/faut-il-tout-repenser-par-alethea-black\/\" \/>\n<meta property=\"og:locale\" content=\"fr_FR\" \/>\n<meta property=\"og:type\" content=\"article\" \/>\n<meta property=\"og:title\" content=\"Faut-il tout repenser ? Par Alethea Black - 3e mill\u00e9naire - Spiritualit\u00e9 - Connaissance de soi - Non-dualit\u00e9 - M\u00e9ditation\" \/>\n<meta property=\"og:description\" content=\"Nous savons, gr\u00e2ce aux sciences cognitives et aux neurosciences, que le cerveau n\u2019est pas un observateur passif, comme une lentille de cam\u00e9ra. Le cerveau compose activement ce que nous percevons. Pourtant, nous persistons, dans toutes nos entreprises \u2013 de la tentative de gu\u00e9rir le cancer \u00e0 la conception d\u2019une th\u00e9orie unifi\u00e9e \u2013 \u00e0 fonctionner \u00e0 partir d\u2019une perspective mat\u00e9rialiste. Peut-\u00eatre cela doit-il changer.\" \/>\n<meta property=\"og:url\" content=\"https:\/\/www.revue3emillenaire.com\/blog\/faut-il-tout-repenser-par-alethea-black\/\" \/>\n<meta property=\"og:site_name\" content=\"3e mill\u00e9naire - Spiritualit\u00e9 - Connaissance de soi - Non-dualit\u00e9 - M\u00e9ditation\" \/>\n<meta property=\"article:published_time\" content=\"2025-11-21T01:28:36+00:00\" \/>\n<meta property=\"og:image\" content=\"https:\/\/www.revue3emillenaire.com\/blog\/wp-content\/uploads\/2025\/11\/Alethea-Black.jpg\" \/>\n\t<meta property=\"og:image:width\" content=\"310\" \/>\n\t<meta property=\"og:image:height\" content=\"326\" \/>\n\t<meta property=\"og:image:type\" content=\"image\/jpeg\" \/>\n<meta name=\"author\" content=\"3e mill\u00e9naire\" \/>\n<meta name=\"twitter:card\" content=\"summary_large_image\" \/>\n<meta name=\"twitter:label1\" content=\"\u00c9crit par\" \/>\n\t<meta name=\"twitter:data1\" content=\"3e mill\u00e9naire\" \/>\n\t<meta name=\"twitter:label2\" content=\"Dur\u00e9e de lecture estim\u00e9e\" \/>\n\t<meta name=\"twitter:data2\" content=\"21 minutes\" \/>\n<script type=\"application\/ld+json\" class=\"yoast-schema-graph\">{\"@context\":\"https:\/\/schema.org\",\"@graph\":[{\"@type\":\"Article\",\"@id\":\"https:\/\/www.revue3emillenaire.com\/blog\/faut-il-tout-repenser-par-alethea-black\/#article\",\"isPartOf\":{\"@id\":\"https:\/\/www.revue3emillenaire.com\/blog\/faut-il-tout-repenser-par-alethea-black\/\"},\"author\":{\"name\":\"3e mill\u00e9naire\",\"@id\":\"https:\/\/www.revue3emillenaire.com\/blog\/#\/schema\/person\/b692dacff720a5344a6190bc714397eb\"},\"headline\":\"Faut-il tout repenser ? Par Alethea Black\",\"datePublished\":\"2025-11-21T01:28:36+00:00\",\"mainEntityOfPage\":{\"@id\":\"https:\/\/www.revue3emillenaire.com\/blog\/faut-il-tout-repenser-par-alethea-black\/\"},\"wordCount\":4178,\"image\":{\"@id\":\"https:\/\/www.revue3emillenaire.com\/blog\/faut-il-tout-repenser-par-alethea-black\/#primaryimage\"},\"thumbnailUrl\":\"https:\/\/www.revue3emillenaire.com\/blog\/wp-content\/uploads\/2025\/11\/Alethea-Black.jpg\",\"keywords\":[\"cancer\",\"Cognition\",\"Densit\u00e9\",\"espace\",\"lumi\u00e8re\",\"Perception\",\"Physique\",\"temps\"],\"articleSection\":[\"Essais\"],\"inLanguage\":\"fr-FR\"},{\"@type\":\"WebPage\",\"@id\":\"https:\/\/www.revue3emillenaire.com\/blog\/faut-il-tout-repenser-par-alethea-black\/\",\"url\":\"https:\/\/www.revue3emillenaire.com\/blog\/faut-il-tout-repenser-par-alethea-black\/\",\"name\":\"Faut-il tout repenser ? Par Alethea Black - 3e mill\u00e9naire - Spiritualit\u00e9 - Connaissance de soi - Non-dualit\u00e9 - M\u00e9ditation\",\"isPartOf\":{\"@id\":\"https:\/\/www.revue3emillenaire.com\/blog\/#website\"},\"primaryImageOfPage\":{\"@id\":\"https:\/\/www.revue3emillenaire.com\/blog\/faut-il-tout-repenser-par-alethea-black\/#primaryimage\"},\"image\":{\"@id\":\"https:\/\/www.revue3emillenaire.com\/blog\/faut-il-tout-repenser-par-alethea-black\/#primaryimage\"},\"thumbnailUrl\":\"https:\/\/www.revue3emillenaire.com\/blog\/wp-content\/uploads\/2025\/11\/Alethea-Black.jpg\",\"datePublished\":\"2025-11-21T01:28:36+00:00\",\"author\":{\"@id\":\"https:\/\/www.revue3emillenaire.com\/blog\/#\/schema\/person\/b692dacff720a5344a6190bc714397eb\"},\"breadcrumb\":{\"@id\":\"https:\/\/www.revue3emillenaire.com\/blog\/faut-il-tout-repenser-par-alethea-black\/#breadcrumb\"},\"inLanguage\":\"fr-FR\",\"potentialAction\":[{\"@type\":\"ReadAction\",\"target\":[\"https:\/\/www.revue3emillenaire.com\/blog\/faut-il-tout-repenser-par-alethea-black\/\"]}]},{\"@type\":\"ImageObject\",\"inLanguage\":\"fr-FR\",\"@id\":\"https:\/\/www.revue3emillenaire.com\/blog\/faut-il-tout-repenser-par-alethea-black\/#primaryimage\",\"url\":\"https:\/\/www.revue3emillenaire.com\/blog\/wp-content\/uploads\/2025\/11\/Alethea-Black.jpg\",\"contentUrl\":\"https:\/\/www.revue3emillenaire.com\/blog\/wp-content\/uploads\/2025\/11\/Alethea-Black.jpg\",\"width\":310,\"height\":326},{\"@type\":\"BreadcrumbList\",\"@id\":\"https:\/\/www.revue3emillenaire.com\/blog\/faut-il-tout-repenser-par-alethea-black\/#breadcrumb\",\"itemListElement\":[{\"@type\":\"ListItem\",\"position\":1,\"name\":\"Accueil\",\"item\":\"https:\/\/www.revue3emillenaire.com\/blog\/\"},{\"@type\":\"ListItem\",\"position\":2,\"name\":\"Faut-il tout repenser ? Par Alethea Black\"}]},{\"@type\":\"WebSite\",\"@id\":\"https:\/\/www.revue3emillenaire.com\/blog\/#website\",\"url\":\"https:\/\/www.revue3emillenaire.com\/blog\/\",\"name\":\"3e mill\u00e9naire - Spiritualit\u00e9 - Connaissance de soi - Non-dualit\u00e9 - M\u00e9ditation\",\"description\":\"L&#039;Homme en devenir\",\"potentialAction\":[{\"@type\":\"SearchAction\",\"target\":{\"@type\":\"EntryPoint\",\"urlTemplate\":\"https:\/\/www.revue3emillenaire.com\/blog\/?s={search_term_string}\"},\"query-input\":{\"@type\":\"PropertyValueSpecification\",\"valueRequired\":true,\"valueName\":\"search_term_string\"}}],\"inLanguage\":\"fr-FR\"},{\"@type\":\"Person\",\"@id\":\"https:\/\/www.revue3emillenaire.com\/blog\/#\/schema\/person\/b692dacff720a5344a6190bc714397eb\",\"name\":\"3e mill\u00e9naire\",\"url\":\"https:\/\/www.revue3emillenaire.com\/blog\/author\/scoussa\/\"}]}<\/script>\n<!-- \/ Yoast SEO plugin. -->","yoast_head_json":{"title":"Faut-il tout repenser ? Par Alethea Black - 3e mill\u00e9naire - Spiritualit\u00e9 - Connaissance de soi - Non-dualit\u00e9 - M\u00e9ditation","robots":{"index":"index","follow":"follow","max-snippet":"max-snippet:-1","max-image-preview":"max-image-preview:large","max-video-preview":"max-video-preview:-1"},"canonical":"https:\/\/www.revue3emillenaire.com\/blog\/faut-il-tout-repenser-par-alethea-black\/","og_locale":"fr_FR","og_type":"article","og_title":"Faut-il tout repenser ? Par Alethea Black - 3e mill\u00e9naire - Spiritualit\u00e9 - Connaissance de soi - Non-dualit\u00e9 - M\u00e9ditation","og_description":"Nous savons, gr\u00e2ce aux sciences cognitives et aux neurosciences, que le cerveau n\u2019est pas un observateur passif, comme une lentille de cam\u00e9ra. Le cerveau compose activement ce que nous percevons. Pourtant, nous persistons, dans toutes nos entreprises \u2013 de la tentative de gu\u00e9rir le cancer \u00e0 la conception d\u2019une th\u00e9orie unifi\u00e9e \u2013 \u00e0 fonctionner \u00e0 partir d\u2019une perspective mat\u00e9rialiste. Peut-\u00eatre cela doit-il changer.","og_url":"https:\/\/www.revue3emillenaire.com\/blog\/faut-il-tout-repenser-par-alethea-black\/","og_site_name":"3e mill\u00e9naire - Spiritualit\u00e9 - Connaissance de soi - Non-dualit\u00e9 - M\u00e9ditation","article_published_time":"2025-11-21T01:28:36+00:00","og_image":[{"width":310,"height":326,"url":"https:\/\/www.revue3emillenaire.com\/blog\/wp-content\/uploads\/2025\/11\/Alethea-Black.jpg","type":"image\/jpeg"}],"author":"3e mill\u00e9naire","twitter_card":"summary_large_image","twitter_misc":{"\u00c9crit par":"3e mill\u00e9naire","Dur\u00e9e de lecture estim\u00e9e":"21 minutes"},"schema":{"@context":"https:\/\/schema.org","@graph":[{"@type":"Article","@id":"https:\/\/www.revue3emillenaire.com\/blog\/faut-il-tout-repenser-par-alethea-black\/#article","isPartOf":{"@id":"https:\/\/www.revue3emillenaire.com\/blog\/faut-il-tout-repenser-par-alethea-black\/"},"author":{"name":"3e mill\u00e9naire","@id":"https:\/\/www.revue3emillenaire.com\/blog\/#\/schema\/person\/b692dacff720a5344a6190bc714397eb"},"headline":"Faut-il tout repenser ? Par Alethea Black","datePublished":"2025-11-21T01:28:36+00:00","mainEntityOfPage":{"@id":"https:\/\/www.revue3emillenaire.com\/blog\/faut-il-tout-repenser-par-alethea-black\/"},"wordCount":4178,"image":{"@id":"https:\/\/www.revue3emillenaire.com\/blog\/faut-il-tout-repenser-par-alethea-black\/#primaryimage"},"thumbnailUrl":"https:\/\/www.revue3emillenaire.com\/blog\/wp-content\/uploads\/2025\/11\/Alethea-Black.jpg","keywords":["cancer","Cognition","Densit\u00e9","espace","lumi\u00e8re","Perception","Physique","temps"],"articleSection":["Essais"],"inLanguage":"fr-FR"},{"@type":"WebPage","@id":"https:\/\/www.revue3emillenaire.com\/blog\/faut-il-tout-repenser-par-alethea-black\/","url":"https:\/\/www.revue3emillenaire.com\/blog\/faut-il-tout-repenser-par-alethea-black\/","name":"Faut-il tout repenser ? Par Alethea Black - 3e mill\u00e9naire - Spiritualit\u00e9 - Connaissance de soi - Non-dualit\u00e9 - M\u00e9ditation","isPartOf":{"@id":"https:\/\/www.revue3emillenaire.com\/blog\/#website"},"primaryImageOfPage":{"@id":"https:\/\/www.revue3emillenaire.com\/blog\/faut-il-tout-repenser-par-alethea-black\/#primaryimage"},"image":{"@id":"https:\/\/www.revue3emillenaire.com\/blog\/faut-il-tout-repenser-par-alethea-black\/#primaryimage"},"thumbnailUrl":"https:\/\/www.revue3emillenaire.com\/blog\/wp-content\/uploads\/2025\/11\/Alethea-Black.jpg","datePublished":"2025-11-21T01:28:36+00:00","author":{"@id":"https:\/\/www.revue3emillenaire.com\/blog\/#\/schema\/person\/b692dacff720a5344a6190bc714397eb"},"breadcrumb":{"@id":"https:\/\/www.revue3emillenaire.com\/blog\/faut-il-tout-repenser-par-alethea-black\/#breadcrumb"},"inLanguage":"fr-FR","potentialAction":[{"@type":"ReadAction","target":["https:\/\/www.revue3emillenaire.com\/blog\/faut-il-tout-repenser-par-alethea-black\/"]}]},{"@type":"ImageObject","inLanguage":"fr-FR","@id":"https:\/\/www.revue3emillenaire.com\/blog\/faut-il-tout-repenser-par-alethea-black\/#primaryimage","url":"https:\/\/www.revue3emillenaire.com\/blog\/wp-content\/uploads\/2025\/11\/Alethea-Black.jpg","contentUrl":"https:\/\/www.revue3emillenaire.com\/blog\/wp-content\/uploads\/2025\/11\/Alethea-Black.jpg","width":310,"height":326},{"@type":"BreadcrumbList","@id":"https:\/\/www.revue3emillenaire.com\/blog\/faut-il-tout-repenser-par-alethea-black\/#breadcrumb","itemListElement":[{"@type":"ListItem","position":1,"name":"Accueil","item":"https:\/\/www.revue3emillenaire.com\/blog\/"},{"@type":"ListItem","position":2,"name":"Faut-il tout repenser ? Par Alethea Black"}]},{"@type":"WebSite","@id":"https:\/\/www.revue3emillenaire.com\/blog\/#website","url":"https:\/\/www.revue3emillenaire.com\/blog\/","name":"3e mill\u00e9naire - Spiritualit\u00e9 - Connaissance de soi - Non-dualit\u00e9 - M\u00e9ditation","description":"L&#039;Homme en devenir","potentialAction":[{"@type":"SearchAction","target":{"@type":"EntryPoint","urlTemplate":"https:\/\/www.revue3emillenaire.com\/blog\/?s={search_term_string}"},"query-input":{"@type":"PropertyValueSpecification","valueRequired":true,"valueName":"search_term_string"}}],"inLanguage":"fr-FR"},{"@type":"Person","@id":"https:\/\/www.revue3emillenaire.com\/blog\/#\/schema\/person\/b692dacff720a5344a6190bc714397eb","name":"3e mill\u00e9naire","url":"https:\/\/www.revue3emillenaire.com\/blog\/author\/scoussa\/"}]}},"_links":{"self":[{"href":"https:\/\/www.revue3emillenaire.com\/blog\/wp-json\/wp\/v2\/posts\/20969","targetHints":{"allow":["GET"]}}],"collection":[{"href":"https:\/\/www.revue3emillenaire.com\/blog\/wp-json\/wp\/v2\/posts"}],"about":[{"href":"https:\/\/www.revue3emillenaire.com\/blog\/wp-json\/wp\/v2\/types\/post"}],"author":[{"embeddable":true,"href":"https:\/\/www.revue3emillenaire.com\/blog\/wp-json\/wp\/v2\/users\/2"}],"replies":[{"embeddable":true,"href":"https:\/\/www.revue3emillenaire.com\/blog\/wp-json\/wp\/v2\/comments?post=20969"}],"version-history":[{"count":0,"href":"https:\/\/www.revue3emillenaire.com\/blog\/wp-json\/wp\/v2\/posts\/20969\/revisions"}],"wp:featuredmedia":[{"embeddable":true,"href":"https:\/\/www.revue3emillenaire.com\/blog\/wp-json\/wp\/v2\/media\/20970"}],"wp:attachment":[{"href":"https:\/\/www.revue3emillenaire.com\/blog\/wp-json\/wp\/v2\/media?parent=20969"}],"wp:term":[{"taxonomy":"category","embeddable":true,"href":"https:\/\/www.revue3emillenaire.com\/blog\/wp-json\/wp\/v2\/categories?post=20969"},{"taxonomy":"post_tag","embeddable":true,"href":"https:\/\/www.revue3emillenaire.com\/blog\/wp-json\/wp\/v2\/tags?post=20969"}],"curies":[{"name":"wp","href":"https:\/\/api.w.org\/{rel}","templated":true}]}}