{"id":21,"date":"2008-06-15T00:00:00","date_gmt":"2008-06-15T00:00:00","guid":{"rendered":"http:\/\/www.revue3emillenaire.com\/blog\/?p=21"},"modified":"2023-10-24T18:46:25","modified_gmt":"2023-10-24T17:46:25","slug":"le-cimetiere-des-mots-et-linspiration-poetique-par-pascal-ruga","status":"publish","type":"post","link":"https:\/\/www.revue3emillenaire.com\/blog\/le-cimetiere-des-mots-et-linspiration-poetique-par-pascal-ruga\/","title":{"rendered":"Le cimeti\u00e8re des mots et l\u2019inspiration po\u00e9tique par Pascal Ruga"},"content":{"rendered":"<p style=\"text-align: justify;\">(Revue Etre Libre. Num\u00e9ros 111-114, Janvier-Mars 1955)<\/p>\n<p style=\"text-align: justify;\">Le R\u00e9el c&rsquo;est l&rsquo;\u00e9tat po\u00e9tique pur. Tous les mots ne sont que des approximations. Notre orgueil c&rsquo;est de vouloir op\u00e9rer un choix parmi eux, alors qu&rsquo;il serait plus humble qu&rsquo;ils nous choisissent, et ainsi de nous abandonner au \u00ab naturel \u00bb qu&rsquo;ils nous r\u00e9v\u00e8lent.<\/p>\n<p style=\"text-align: justify;\">Dans la po\u00e9sie authentique, le mot n&rsquo;est jamais choisi. Il surgit toujours au sein d&rsquo;une signification qui le d\u00e9passe par la spontan\u00e9it\u00e9 cr\u00e9atrice de son \u00e9ternelle pr\u00e9sence. Il est surpris en quelque sorte, et presque honteux de lui-m\u00eame, car il ne se sent plus qu&rsquo;un instrument de ce qui le transcende au del\u00e0 de son pouvoir limit\u00e9. Derri\u00e8re le mot, il y a le verbe, o\u00f9 le mouvement et l&rsquo;expression sont unis en une seule gerbe.<\/p>\n<p style=\"text-align: justify;\">Peut-\u00eatre que la po\u00e9sie en tant que cr\u00e9ativit\u00e9 n&rsquo;est-elle encore qu&rsquo;un dernier attachement, ce qui impliquerait si paradoxal que cela puisse para\u00eetre, que le souci de la forme pour le po\u00e8te serait son dernier obstacle avant qu&rsquo;il ne parvienne au po\u00e8me lib\u00e9r\u00e9. Le po\u00e8me lib\u00e9r\u00e9, c&rsquo;est la vie elle-m\u00eame, retrouv\u00e9e au del\u00e0 de ses identifications et de ses oppositions.<\/p>\n<p style=\"text-align: justify;\">Mais alors, le fait m\u00eame d&rsquo;\u00e9crire le po\u00e8me, n&rsquo;est-ce pas d\u00e9j\u00e0 condamner le po\u00e8me \u00e0 une cristallisation mortelle? Oui, et c&rsquo;est pour cette raison que l&rsquo;art ne sera toujours qu&rsquo;artifice. Les grands po\u00e8tes et les grands proph\u00e8tes de l&rsquo;antiquit\u00e9 le savaient \u00e0 un tel point, qu&rsquo;ils ne ternissaient pas la vie qui jaillissait d&rsquo;eux en la momifiant dans l&rsquo;\u00e9criture. Cependant, on peut consid\u00e9rer que l&rsquo;\u00e9criture soit une n\u00e9cessit\u00e9 technique pour communiquer avec nos semblables; mais consid\u00e9rons-la \u00e0 sa juste valeur : comme un cimeti\u00e8re de symboles fig\u00e9s. C&rsquo;est la seule utilit\u00e9 que nous lui connaissons. L&rsquo;odeur des grandes biblioth\u00e8ques nous fait penser \u00e0 l&rsquo;odeur des mus\u00e9es d&rsquo;histoire naturelle, il y a quelque chose de momifi\u00e9 dans l&rsquo;air qui nous serre le c\u0153ur. Bien entendu, de ce cimeti\u00e8re de symboles fig\u00e9s \u00e0 celui qui le regarde peut s&rsquo;\u00e9tablir une relation, et cette relation peut sugg\u00e9rer un appel mais cet appel ne s&rsquo;exprimera que dans la vie et par la vie. Les symboles seront recr\u00e9\u00e9s au travers d&rsquo;un nouveau crible.<\/p>\n<p style=\"text-align: justify;\">En somme, ils ne peuvent vivre qu&rsquo;en mourant constamment \u00e0 eux-m\u00eames. C&rsquo;est-\u00e0-dire qu&rsquo;ils ne sont vivants que dans l&rsquo;instant de la pr\u00e9sence.<\/p>\n","protected":false},"excerpt":{"rendered":"<p>Le R\u00e9el c&rsquo;est l&rsquo;\u00e9tat po\u00e9tique pur. Tous les mots ne sont que des approximations. Notre orgueil c&rsquo;est de vouloir op\u00e9rer un choix parmi eux, alors qu&rsquo;il serait plus humble qu&rsquo;ils nous choisissent, et ainsi de nous abandonner au \u00ab naturel \u00bb qu&rsquo;ils nous r\u00e9v\u00e8lent.<\/p>\n","protected":false},"author":1,"featured_media":16981,"comment_status":"open","ping_status":"open","sticky":false,"template":"","format":"standard","meta":{"footnotes":""},"categories":[65],"tags":[],"class_list":["post-21","post","type-post","status-publish","format-standard","has-post-thumbnail","hentry","category-p-ruga"],"yoast_head":"<!-- This site is optimized with the Yoast SEO plugin v27.0 - https:\/\/yoast.com\/product\/yoast-seo-wordpress\/ -->\n<title>Le cimeti\u00e8re des mots et l\u2019inspiration po\u00e9tique par Pascal Ruga - 3e mill\u00e9naire - Spiritualit\u00e9 - Connaissance de soi - Non-dualit\u00e9 - M\u00e9ditation<\/title>\n<meta name=\"robots\" content=\"index, follow, max-snippet:-1, max-image-preview:large, max-video-preview:-1\" \/>\n<link rel=\"canonical\" href=\"https:\/\/www.revue3emillenaire.com\/blog\/le-cimetiere-des-mots-et-linspiration-poetique-par-pascal-ruga\/\" \/>\n<meta property=\"og:locale\" content=\"fr_FR\" \/>\n<meta property=\"og:type\" content=\"article\" \/>\n<meta property=\"og:title\" content=\"Le cimeti\u00e8re des mots et l\u2019inspiration po\u00e9tique par Pascal Ruga - 3e mill\u00e9naire - Spiritualit\u00e9 - Connaissance de soi - Non-dualit\u00e9 - M\u00e9ditation\" \/>\n<meta property=\"og:description\" content=\"Le R\u00e9el c&#039;est l&#039;\u00e9tat po\u00e9tique pur. Tous les mots ne sont que des approximations. Notre orgueil c&#039;est de vouloir op\u00e9rer un choix parmi eux, alors qu&#039;il serait plus humble qu&#039;ils nous choisissent, et ainsi de nous abandonner au \u00ab naturel \u00bb qu&#039;ils nous r\u00e9v\u00e8lent.\" \/>\n<meta property=\"og:url\" content=\"https:\/\/www.revue3emillenaire.com\/blog\/le-cimetiere-des-mots-et-linspiration-poetique-par-pascal-ruga\/\" \/>\n<meta property=\"og:site_name\" content=\"3e mill\u00e9naire - Spiritualit\u00e9 - Connaissance de soi - Non-dualit\u00e9 - M\u00e9ditation\" \/>\n<meta property=\"article:published_time\" content=\"2008-06-15T00:00:00+00:00\" \/>\n<meta property=\"article:modified_time\" content=\"2023-10-24T17:46:25+00:00\" \/>\n<meta property=\"og:image\" content=\"https:\/\/www.revue3emillenaire.com\/blog\/wp-content\/uploads\/2015\/07\/ruga.jpg\" \/>\n\t<meta property=\"og:image:width\" content=\"142\" \/>\n\t<meta property=\"og:image:height\" content=\"138\" \/>\n\t<meta property=\"og:image:type\" content=\"image\/jpeg\" \/>\n<meta name=\"author\" content=\"3e mill\u00e9naire\" \/>\n<meta name=\"twitter:card\" content=\"summary_large_image\" \/>\n<meta name=\"twitter:label1\" content=\"\u00c9crit par\" \/>\n\t<meta name=\"twitter:data1\" content=\"3e mill\u00e9naire\" \/>\n\t<meta name=\"twitter:label2\" content=\"Dur\u00e9e de lecture estim\u00e9e\" \/>\n\t<meta name=\"twitter:data2\" content=\"2 minutes\" \/>\n<script type=\"application\/ld+json\" class=\"yoast-schema-graph\">{\"@context\":\"https:\/\/schema.org\",\"@graph\":[{\"@type\":\"Article\",\"@id\":\"https:\/\/www.revue3emillenaire.com\/blog\/le-cimetiere-des-mots-et-linspiration-poetique-par-pascal-ruga\/#article\",\"isPartOf\":{\"@id\":\"https:\/\/www.revue3emillenaire.com\/blog\/le-cimetiere-des-mots-et-linspiration-poetique-par-pascal-ruga\/\"},\"author\":{\"name\":\"3e mill\u00e9naire\",\"@id\":\"https:\/\/www.revue3emillenaire.com\/blog\/#\/schema\/person\/9a3a7cc4ccaa707f402d4394327106d5\"},\"headline\":\"Le cimeti\u00e8re des mots et l\u2019inspiration po\u00e9tique par Pascal Ruga\",\"datePublished\":\"2008-06-15T00:00:00+00:00\",\"dateModified\":\"2023-10-24T17:46:25+00:00\",\"mainEntityOfPage\":{\"@id\":\"https:\/\/www.revue3emillenaire.com\/blog\/le-cimetiere-des-mots-et-linspiration-poetique-par-pascal-ruga\/\"},\"wordCount\":429,\"commentCount\":0,\"image\":{\"@id\":\"https:\/\/www.revue3emillenaire.com\/blog\/le-cimetiere-des-mots-et-linspiration-poetique-par-pascal-ruga\/#primaryimage\"},\"thumbnailUrl\":\"https:\/\/www.revue3emillenaire.com\/blog\/wp-content\/uploads\/2015\/07\/ruga.jpg\",\"articleSection\":[\"Ruga Pascal\"],\"inLanguage\":\"fr-FR\",\"potentialAction\":[{\"@type\":\"CommentAction\",\"name\":\"Comment\",\"target\":[\"https:\/\/www.revue3emillenaire.com\/blog\/le-cimetiere-des-mots-et-linspiration-poetique-par-pascal-ruga\/#respond\"]}]},{\"@type\":\"WebPage\",\"@id\":\"https:\/\/www.revue3emillenaire.com\/blog\/le-cimetiere-des-mots-et-linspiration-poetique-par-pascal-ruga\/\",\"url\":\"https:\/\/www.revue3emillenaire.com\/blog\/le-cimetiere-des-mots-et-linspiration-poetique-par-pascal-ruga\/\",\"name\":\"Le cimeti\u00e8re des mots et l\u2019inspiration po\u00e9tique par Pascal Ruga - 3e mill\u00e9naire - Spiritualit\u00e9 - Connaissance de soi - Non-dualit\u00e9 - M\u00e9ditation\",\"isPartOf\":{\"@id\":\"https:\/\/www.revue3emillenaire.com\/blog\/#website\"},\"primaryImageOfPage\":{\"@id\":\"https:\/\/www.revue3emillenaire.com\/blog\/le-cimetiere-des-mots-et-linspiration-poetique-par-pascal-ruga\/#primaryimage\"},\"image\":{\"@id\":\"https:\/\/www.revue3emillenaire.com\/blog\/le-cimetiere-des-mots-et-linspiration-poetique-par-pascal-ruga\/#primaryimage\"},\"thumbnailUrl\":\"https:\/\/www.revue3emillenaire.com\/blog\/wp-content\/uploads\/2015\/07\/ruga.jpg\",\"datePublished\":\"2008-06-15T00:00:00+00:00\",\"dateModified\":\"2023-10-24T17:46:25+00:00\",\"author\":{\"@id\":\"https:\/\/www.revue3emillenaire.com\/blog\/#\/schema\/person\/9a3a7cc4ccaa707f402d4394327106d5\"},\"breadcrumb\":{\"@id\":\"https:\/\/www.revue3emillenaire.com\/blog\/le-cimetiere-des-mots-et-linspiration-poetique-par-pascal-ruga\/#breadcrumb\"},\"inLanguage\":\"fr-FR\",\"potentialAction\":[{\"@type\":\"ReadAction\",\"target\":[\"https:\/\/www.revue3emillenaire.com\/blog\/le-cimetiere-des-mots-et-linspiration-poetique-par-pascal-ruga\/\"]}]},{\"@type\":\"ImageObject\",\"inLanguage\":\"fr-FR\",\"@id\":\"https:\/\/www.revue3emillenaire.com\/blog\/le-cimetiere-des-mots-et-linspiration-poetique-par-pascal-ruga\/#primaryimage\",\"url\":\"https:\/\/www.revue3emillenaire.com\/blog\/wp-content\/uploads\/2015\/07\/ruga.jpg\",\"contentUrl\":\"https:\/\/www.revue3emillenaire.com\/blog\/wp-content\/uploads\/2015\/07\/ruga.jpg\",\"width\":142,\"height\":138},{\"@type\":\"BreadcrumbList\",\"@id\":\"https:\/\/www.revue3emillenaire.com\/blog\/le-cimetiere-des-mots-et-linspiration-poetique-par-pascal-ruga\/#breadcrumb\",\"itemListElement\":[{\"@type\":\"ListItem\",\"position\":1,\"name\":\"Accueil\",\"item\":\"https:\/\/www.revue3emillenaire.com\/blog\/\"},{\"@type\":\"ListItem\",\"position\":2,\"name\":\"Le cimeti\u00e8re des mots et l\u2019inspiration po\u00e9tique par Pascal Ruga\"}]},{\"@type\":\"WebSite\",\"@id\":\"https:\/\/www.revue3emillenaire.com\/blog\/#website\",\"url\":\"https:\/\/www.revue3emillenaire.com\/blog\/\",\"name\":\"3e mill\u00e9naire - Spiritualit\u00e9 - Connaissance de soi - Non-dualit\u00e9 - M\u00e9ditation\",\"description\":\"L&#039;Homme en devenir\",\"potentialAction\":[{\"@type\":\"SearchAction\",\"target\":{\"@type\":\"EntryPoint\",\"urlTemplate\":\"https:\/\/www.revue3emillenaire.com\/blog\/?s={search_term_string}\"},\"query-input\":{\"@type\":\"PropertyValueSpecification\",\"valueRequired\":true,\"valueName\":\"search_term_string\"}}],\"inLanguage\":\"fr-FR\"},{\"@type\":\"Person\",\"@id\":\"https:\/\/www.revue3emillenaire.com\/blog\/#\/schema\/person\/9a3a7cc4ccaa707f402d4394327106d5\",\"name\":\"3e mill\u00e9naire\",\"url\":\"https:\/\/www.revue3emillenaire.com\/blog\/author\/admin\/\"}]}<\/script>\n<!-- \/ Yoast SEO plugin. -->","yoast_head_json":{"title":"Le cimeti\u00e8re des mots et l\u2019inspiration po\u00e9tique par Pascal Ruga - 3e mill\u00e9naire - Spiritualit\u00e9 - Connaissance de soi - Non-dualit\u00e9 - M\u00e9ditation","robots":{"index":"index","follow":"follow","max-snippet":"max-snippet:-1","max-image-preview":"max-image-preview:large","max-video-preview":"max-video-preview:-1"},"canonical":"https:\/\/www.revue3emillenaire.com\/blog\/le-cimetiere-des-mots-et-linspiration-poetique-par-pascal-ruga\/","og_locale":"fr_FR","og_type":"article","og_title":"Le cimeti\u00e8re des mots et l\u2019inspiration po\u00e9tique par Pascal Ruga - 3e mill\u00e9naire - Spiritualit\u00e9 - Connaissance de soi - Non-dualit\u00e9 - M\u00e9ditation","og_description":"Le R\u00e9el c'est l'\u00e9tat po\u00e9tique pur. Tous les mots ne sont que des approximations. Notre orgueil c'est de vouloir op\u00e9rer un choix parmi eux, alors qu'il serait plus humble qu'ils nous choisissent, et ainsi de nous abandonner au \u00ab naturel \u00bb qu'ils nous r\u00e9v\u00e8lent.","og_url":"https:\/\/www.revue3emillenaire.com\/blog\/le-cimetiere-des-mots-et-linspiration-poetique-par-pascal-ruga\/","og_site_name":"3e mill\u00e9naire - Spiritualit\u00e9 - Connaissance de soi - Non-dualit\u00e9 - M\u00e9ditation","article_published_time":"2008-06-15T00:00:00+00:00","article_modified_time":"2023-10-24T17:46:25+00:00","og_image":[{"width":142,"height":138,"url":"https:\/\/www.revue3emillenaire.com\/blog\/wp-content\/uploads\/2015\/07\/ruga.jpg","type":"image\/jpeg"}],"author":"3e mill\u00e9naire","twitter_card":"summary_large_image","twitter_misc":{"\u00c9crit par":"3e mill\u00e9naire","Dur\u00e9e de lecture estim\u00e9e":"2 minutes"},"schema":{"@context":"https:\/\/schema.org","@graph":[{"@type":"Article","@id":"https:\/\/www.revue3emillenaire.com\/blog\/le-cimetiere-des-mots-et-linspiration-poetique-par-pascal-ruga\/#article","isPartOf":{"@id":"https:\/\/www.revue3emillenaire.com\/blog\/le-cimetiere-des-mots-et-linspiration-poetique-par-pascal-ruga\/"},"author":{"name":"3e mill\u00e9naire","@id":"https:\/\/www.revue3emillenaire.com\/blog\/#\/schema\/person\/9a3a7cc4ccaa707f402d4394327106d5"},"headline":"Le cimeti\u00e8re des mots et l\u2019inspiration po\u00e9tique par Pascal Ruga","datePublished":"2008-06-15T00:00:00+00:00","dateModified":"2023-10-24T17:46:25+00:00","mainEntityOfPage":{"@id":"https:\/\/www.revue3emillenaire.com\/blog\/le-cimetiere-des-mots-et-linspiration-poetique-par-pascal-ruga\/"},"wordCount":429,"commentCount":0,"image":{"@id":"https:\/\/www.revue3emillenaire.com\/blog\/le-cimetiere-des-mots-et-linspiration-poetique-par-pascal-ruga\/#primaryimage"},"thumbnailUrl":"https:\/\/www.revue3emillenaire.com\/blog\/wp-content\/uploads\/2015\/07\/ruga.jpg","articleSection":["Ruga Pascal"],"inLanguage":"fr-FR","potentialAction":[{"@type":"CommentAction","name":"Comment","target":["https:\/\/www.revue3emillenaire.com\/blog\/le-cimetiere-des-mots-et-linspiration-poetique-par-pascal-ruga\/#respond"]}]},{"@type":"WebPage","@id":"https:\/\/www.revue3emillenaire.com\/blog\/le-cimetiere-des-mots-et-linspiration-poetique-par-pascal-ruga\/","url":"https:\/\/www.revue3emillenaire.com\/blog\/le-cimetiere-des-mots-et-linspiration-poetique-par-pascal-ruga\/","name":"Le cimeti\u00e8re des mots et l\u2019inspiration po\u00e9tique par Pascal Ruga - 3e mill\u00e9naire - Spiritualit\u00e9 - Connaissance de soi - Non-dualit\u00e9 - M\u00e9ditation","isPartOf":{"@id":"https:\/\/www.revue3emillenaire.com\/blog\/#website"},"primaryImageOfPage":{"@id":"https:\/\/www.revue3emillenaire.com\/blog\/le-cimetiere-des-mots-et-linspiration-poetique-par-pascal-ruga\/#primaryimage"},"image":{"@id":"https:\/\/www.revue3emillenaire.com\/blog\/le-cimetiere-des-mots-et-linspiration-poetique-par-pascal-ruga\/#primaryimage"},"thumbnailUrl":"https:\/\/www.revue3emillenaire.com\/blog\/wp-content\/uploads\/2015\/07\/ruga.jpg","datePublished":"2008-06-15T00:00:00+00:00","dateModified":"2023-10-24T17:46:25+00:00","author":{"@id":"https:\/\/www.revue3emillenaire.com\/blog\/#\/schema\/person\/9a3a7cc4ccaa707f402d4394327106d5"},"breadcrumb":{"@id":"https:\/\/www.revue3emillenaire.com\/blog\/le-cimetiere-des-mots-et-linspiration-poetique-par-pascal-ruga\/#breadcrumb"},"inLanguage":"fr-FR","potentialAction":[{"@type":"ReadAction","target":["https:\/\/www.revue3emillenaire.com\/blog\/le-cimetiere-des-mots-et-linspiration-poetique-par-pascal-ruga\/"]}]},{"@type":"ImageObject","inLanguage":"fr-FR","@id":"https:\/\/www.revue3emillenaire.com\/blog\/le-cimetiere-des-mots-et-linspiration-poetique-par-pascal-ruga\/#primaryimage","url":"https:\/\/www.revue3emillenaire.com\/blog\/wp-content\/uploads\/2015\/07\/ruga.jpg","contentUrl":"https:\/\/www.revue3emillenaire.com\/blog\/wp-content\/uploads\/2015\/07\/ruga.jpg","width":142,"height":138},{"@type":"BreadcrumbList","@id":"https:\/\/www.revue3emillenaire.com\/blog\/le-cimetiere-des-mots-et-linspiration-poetique-par-pascal-ruga\/#breadcrumb","itemListElement":[{"@type":"ListItem","position":1,"name":"Accueil","item":"https:\/\/www.revue3emillenaire.com\/blog\/"},{"@type":"ListItem","position":2,"name":"Le cimeti\u00e8re des mots et l\u2019inspiration po\u00e9tique par Pascal Ruga"}]},{"@type":"WebSite","@id":"https:\/\/www.revue3emillenaire.com\/blog\/#website","url":"https:\/\/www.revue3emillenaire.com\/blog\/","name":"3e mill\u00e9naire - Spiritualit\u00e9 - Connaissance de soi - Non-dualit\u00e9 - M\u00e9ditation","description":"L&#039;Homme en devenir","potentialAction":[{"@type":"SearchAction","target":{"@type":"EntryPoint","urlTemplate":"https:\/\/www.revue3emillenaire.com\/blog\/?s={search_term_string}"},"query-input":{"@type":"PropertyValueSpecification","valueRequired":true,"valueName":"search_term_string"}}],"inLanguage":"fr-FR"},{"@type":"Person","@id":"https:\/\/www.revue3emillenaire.com\/blog\/#\/schema\/person\/9a3a7cc4ccaa707f402d4394327106d5","name":"3e mill\u00e9naire","url":"https:\/\/www.revue3emillenaire.com\/blog\/author\/admin\/"}]}},"_links":{"self":[{"href":"https:\/\/www.revue3emillenaire.com\/blog\/wp-json\/wp\/v2\/posts\/21","targetHints":{"allow":["GET"]}}],"collection":[{"href":"https:\/\/www.revue3emillenaire.com\/blog\/wp-json\/wp\/v2\/posts"}],"about":[{"href":"https:\/\/www.revue3emillenaire.com\/blog\/wp-json\/wp\/v2\/types\/post"}],"author":[{"embeddable":true,"href":"https:\/\/www.revue3emillenaire.com\/blog\/wp-json\/wp\/v2\/users\/1"}],"replies":[{"embeddable":true,"href":"https:\/\/www.revue3emillenaire.com\/blog\/wp-json\/wp\/v2\/comments?post=21"}],"version-history":[{"count":0,"href":"https:\/\/www.revue3emillenaire.com\/blog\/wp-json\/wp\/v2\/posts\/21\/revisions"}],"wp:featuredmedia":[{"embeddable":true,"href":"https:\/\/www.revue3emillenaire.com\/blog\/wp-json\/wp\/v2\/media\/16981"}],"wp:attachment":[{"href":"https:\/\/www.revue3emillenaire.com\/blog\/wp-json\/wp\/v2\/media?parent=21"}],"wp:term":[{"taxonomy":"category","embeddable":true,"href":"https:\/\/www.revue3emillenaire.com\/blog\/wp-json\/wp\/v2\/categories?post=21"},{"taxonomy":"post_tag","embeddable":true,"href":"https:\/\/www.revue3emillenaire.com\/blog\/wp-json\/wp\/v2\/tags?post=21"}],"curies":[{"name":"wp","href":"https:\/\/api.w.org\/{rel}","templated":true}]}}