{"id":21015,"date":"2025-12-12T21:49:11","date_gmt":"2025-12-12T20:49:11","guid":{"rendered":"https:\/\/www.revue3emillenaire.com\/blog\/?p=21015"},"modified":"2025-12-12T21:49:11","modified_gmt":"2025-12-12T20:49:11","slug":"maya-ne-peut-jamais-embrasser-brahman-par-robert-powell","status":"publish","type":"post","link":"https:\/\/www.revue3emillenaire.com\/blog\/maya-ne-peut-jamais-embrasser-brahman-par-robert-powell\/","title":{"rendered":"Maya ne peut jamais embrasser Brahman par Robert Powell"},"content":{"rendered":"<p class=\"western\" align=\"justify\"><span style=\"color: #000000;\"><span style=\"font-size: medium;\"><span lang=\"fr-FR\">L\u2019un de nos principaux probl\u00e8mes est qu\u2019il nous est presque impossible de concilier les <\/span><\/span><\/span><span style=\"color: #000000;\"><span style=\"font-size: medium;\"><span lang=\"fr-FR\">insights<\/span><\/span><\/span><span style=\"color: #000000;\"><span style=\"font-size: medium;\"><span lang=\"fr-FR\"> des Upanishads et de leurs repr\u00e9sentants plus r\u00e9cents, les ma\u00eetres de l\u2019Advaita Vedanta, avec notre exp\u00e9rience r\u00e9elle de la vie quotidienne. Et je pense que c\u2019est peut-\u00eatre le seul probl\u00e8me dont d\u00e9coulent tous les autres. Les enseignements affirment que tout est en r\u00e9alit\u00e9 un Tout (non-duel), qu\u2019il n\u2019existe <\/span><\/span><\/span><span style=\"color: #000000;\"><span style=\"font-size: medium;\"><span lang=\"fr-FR\">aucune<\/span><\/span><\/span><span style=\"color: #000000;\"><span style=\"font-size: medium;\"><span lang=\"fr-FR\"> entit\u00e9 individuelle telle que \u00ab toi \u00bb et \u00ab moi \u00bb, et que toutes les diff\u00e9rences que nous percevons sont illusoires. En fait, le monde manifeste tout entier est Maya (illusoire) ; seul le Non-manifeste ou le Noum\u00e8ne est r\u00e9el, mais, comme l\u2019indique la d\u00e9finition de ces termes, \u00ab inconnaissable \u00bb. Ainsi, puisqu\u2019il n\u2019y a pas de diff\u00e9rences, il n\u2019y a rien \u00e0 rechercher, pas m\u00eame la r\u00e9alisation, puisque nous sommes d\u00e9j\u00e0 le R\u00e9el. Nous devons simplement cesser de \u00ab pr\u00e9tendre \u00bb que nous ne sommes pas Cela (le R\u00e9el) \u2014 ce que nous avons fait pendant si longtemps que nous avons fini par nous hypnotiser nous-m\u00eames pour croire en notre propre ignorance. Ainsi, tout ce que nous avons \u00e0 faire est de nous r\u00e9veiller de notre \u00e9tat de r\u00eave et d\u2019\u00eatre fid\u00e8les \u00e0 notre Soi (non-du<\/span><\/span><\/span><span style=\"color: #000000;\"><span style=\"font-size: medium;\"><span lang=\"fr-FR\">e<\/span><\/span><\/span><span style=\"color: #000000;\"><span style=\"font-size: medium;\"><span lang=\"fr-FR\">l).<\/span><\/span><\/span><\/p>\n<p class=\"western\" align=\"justify\"><span style=\"color: #000000;\"><span style=\"font-size: medium;\"><span lang=\"fr-FR\">Une telle attitude face \u00e0 la vie va compl\u00e8tement \u00e0 l\u2019encontre de notre exp\u00e9rience quotidienne d\u2019un monde tangible, dans lequel nous sommes tr\u00e8s conscients de nos identit\u00e9s individuelles distinctes et des diff\u00e9rences entre les individus. Apr\u00e8s tout, ce sont ces diff\u00e9rences qui sous-tendent la motivation de toutes les actions sur le plan psychologique\u00a0: \u00ab nous am\u00e9liorer \u00bb et, en fin de compte, \u00ab survivre \u00bb en tant qu\u2019entit\u00e9 ind\u00e9pendante, le \u00ab moi \u00bb.<\/span><\/span><\/span><\/p>\n<p class=\"western\" align=\"justify\"><span style=\"color: #000000;\"><span style=\"font-size: medium;\"><span lang=\"fr-FR\">Notre difficult\u00e9 est donc la suivante\u00a0: comment traiter cette antith\u00e8se entre deux visions du monde diam\u00e9tralement oppos\u00e9es, d\u2019autant plus que l\u2019une est bas\u00e9e sur l\u2019exp\u00e9rience r\u00e9elle de la vie et l\u2019autre, pour nous, sur des ou\u00ef-dire ? Il faut tout d\u2019abord souligner que toute exp\u00e9rience est bas\u00e9e sur les sens, et que ceux-ci nous trompent souvent. Pendant des si\u00e8cles, l\u2019homme a cru que le soleil tournait autour de la terre, car notre exp\u00e9rience quotidienne nous montrait que le soleil se levait et se couchait sur une terre immobile, consid\u00e9r\u00e9e comme le centre de l\u2019univers. Lorsque, par la suite, la connaissance de notre syst\u00e8me solaire commen<\/span><\/span><\/span><span style=\"color: #000000;\"><span style=\"font-size: medium;\"><span lang=\"fr-FR\">\u00e7a<\/span><\/span><\/span><span style=\"color: #000000;\"><span style=\"font-size: medium;\"><span lang=\"fr-FR\"> \u00e0 s\u2019\u00e9largir, l\u2019homme pri<\/span><\/span><\/span><span style=\"color: #000000;\"><span style=\"font-size: medium;\"><span lang=\"fr-FR\">t<\/span><\/span><\/span><span style=\"color: #000000;\"><span style=\"font-size: medium;\"><span lang=\"fr-FR\"> conscience de l\u2019erreur de sa vision du monde et des limites de la perception intuitive.<\/span><\/span><\/span><\/p>\n<p class=\"western\" align=\"justify\"><span style=\"color: #000000;\"><span style=\"font-size: medium;\"><span lang=\"fr-FR\">Cependant, le pire \u00e9tait \u00e0 venir avec les d\u00e9couvertes de la \u00ab nouvelle physique \u00bb, qui laissait encore moins de place \u00e0 la perception intuitive ou \u00e0 la compr\u00e9hension. \u00c0 titre d\u2019exemple, nous pouvons citer le concept selon lequel la lumi\u00e8re est \u00e0 la fois particule et onde, et la \u00ab mati\u00e8re \u00bb une courbure de l\u2019espace. Ces concepts sont non seulement totalement \u00e9trangers \u00e0 notre intuition, mais ils sont \u00e9galement en contradiction directe avec le bon sens et d\u00e9passent m\u00eame la port\u00e9e de la pens\u00e9e lin\u00e9aire.<\/span><\/span><\/span><\/p>\n<p class=\"western\" align=\"justify\"><span style=\"color: #000000;\"><span style=\"font-size: medium;\"><span lang=\"fr-FR\">Dans le domaine spirituel, les grands ma\u00eetres de toutes les traditions de sagesse ont toujours remis en question les hypoth\u00e8ses profond\u00e9ment enracin\u00e9es et les modes habituels de perception et de conceptualisation. Ils ne se sont jamais lass\u00e9s de souligner certains faits ind\u00e9niables, g\u00e9n\u00e9ralement m\u00e9connus parce qu\u2019ils sont contraires \u00e0 la perception intuitive, qui peuvent nous rapprocher d\u2019une compr\u00e9hension de l\u2019advaita ou de la non-dualit\u00e9. Pour certains aspirants, ces indications se sont av\u00e9r\u00e9es extr\u00eamement utiles, dans leur r\u00f4le d\u2019\u00ab indices \u00bb, bien qu\u2019elles ne fournissent pas de \u00ab preuve \u00bb d\u00e9finitive, si tant est qu\u2019une telle chose existe ; pour d\u2019autres, peut-\u00eatre moins avanc\u00e9s, elles semblent avoir simplement ajout\u00e9 \u00e0 la confusion dans leur esprit. Je ne pense pas qu\u2019il soit possible de produire une preuve absolue de la v\u00e9rit\u00e9 de l\u2019advaita, comme on le f<\/span><\/span><\/span><span style=\"color: #000000;\"><span style=\"font-size: medium;\"><span lang=\"fr-FR\">er<\/span><\/span><\/span><span style=\"color: #000000;\"><span style=\"font-size: medium;\"><span lang=\"fr-FR\">ait pour une proposition math\u00e9matique ou scientifique. Et m\u00eame si une telle \u00ab preuve \u00bb voyait le jour, elle resterait sur le plan intellectuel et ne serait pas une perception transcendantale ou une r\u00e9alisation menant \u00e0 la lib\u00e9ration de la conscience. Je ne crois pas que cette derni\u00e8re puisse \u00eatre communiqu\u00e9e d\u2019une personne \u00e0 une autre, et j\u2019expliquerai plus tard pourquoi.<\/span><\/span><\/span><\/p>\n<p class=\"western\" align=\"justify\"><span style=\"color: #000000;\"><span style=\"font-size: medium;\"><span lang=\"fr-FR\">L\u2019un des indices que les ma\u00eetres de l\u2019advaita nous ont donn\u00e9s est que, sans l\u2019identification au corps, l\u2019id\u00e9e d\u2019\u00eatre un individu s\u00e9par\u00e9 ne serait jamais apparue ; en fait, un tel concept ne pourrait tout simplement pas exister. Il en d\u00e9coule logiquement que, en l\u2019absence d\u2019un observateur distinct dans l\u2019espace et le temps, il n\u2019y a pas d\u2019objets distincts dans l\u2019espace et le temps. En d\u2019autres termes, si l\u2019observateur se consid\u00e8re comme une entit\u00e9 s\u00e9par\u00e9e, alors le monde lui appara\u00eet comme des entit\u00e9s s\u00e9par\u00e9es. Et si l\u2019observateur se consid\u00e8re comme la Totalit\u00e9, alors le monde est observ\u00e9 de la m\u00eame mani\u00e8re, comme un Tout indivisible. Une autre fa\u00e7on de comprendre cela est d\u2019affirmer que, puisque, fondamentalement l\u2019observateur est l\u2019observ\u00e9, les deux doivent \u00eatre de nature similaire.<\/span><\/span><\/span><\/p>\n<p class=\"western\" align=\"justify\"><span style=\"color: #000000;\"><span style=\"font-size: medium;\"><span lang=\"fr-FR\">\u00c0 ce stade, certaines personnes, entendant que l\u2019esprit est faussement identifi\u00e9 au corps, interpr\u00e9teront l\u2019advaita en affirmant qu\u2019une multiplicit\u00e9 de corps existe comme entit\u00e9s s\u00e9par\u00e9es, mais que, psychologiquement nous <\/span><\/span><\/span><span style=\"color: #000000;\"><span style=\"font-size: medium;\"><span lang=\"fr-FR\">sommes <\/span><\/span><\/span><span style=\"color: #000000;\"><span style=\"font-size: medium;\"><span lang=\"fr-FR\">un ; c\u2019est-\u00e0-dire que nos esprits ne sont pas s\u00e9par\u00e9s, mais un. C\u2019est, en gros, le point de vue et l\u2019enseignement essentiels de Krishnamurti. (K n\u2019a jamais accept\u00e9 le concept de Maya.) Mais une telle vision du monde comporte ses propres difficult\u00e9s, car elle maintient et renforce la fausse division entre le corps et l\u2019esprit. En effet, si nos corps existent comme des entit\u00e9s multiples et l\u2019esprit comme une unicit\u00e9, ils doivent n\u00e9cessairement \u00eatre de nature fondamentalement diff\u00e9rente, et nous ne faisons alors que r\u00e9affirmer la fausse dualit\u00e9 corps-esprit ou mati\u00e8re-conscience. Une autre cons\u00e9quence possible est que l\u2019esprit commence \u00e0 rationaliser et \u00e0 projeter divers concepts, par exemple en se disant\u00a0: \u00ab Tous ces esprits s\u00e9par\u00e9s sont aliment\u00e9s par une seule \u00e9nergie ; je suis \u00e9nergie et je me sens donc comme faisant partie de l\u2019\u00e9nergie universelle \u00bb, ce qui n\u2019est qu\u2019une autre explication, purement intellectuelle d\u2019ailleurs, et finalement d\u00e9nu\u00e9e de sens\u00a0: cela ne me touche pas au plus profond de mon \u00eatre et je n\u2019ai toujours pas atteint l\u2019advaita <\/span><\/span><\/span><span style=\"color: #000000;\"><span style=\"font-size: medium;\"><span lang=\"fr-FR\">[<a class=\"sdfootnoteanc\" href=\"#sdfootnote1sym\" name=\"sdfootnote1anc\"><sup>1<\/sup><\/a>]<\/span><\/span><\/span><span style=\"color: #000000;\"><span style=\"font-size: medium;\"><span lang=\"fr-FR\">.<\/span><\/span><\/span><\/p>\n<p class=\"western\" align=\"justify\"><span style=\"font-size: medium;\">Mon point de vue est que les explications, quelles qu\u2019elles soient, ne nous aident pas vraiment \u00e0 comprendre notre propre nature ; en un sens, elles nous emp\u00eachent d\u2019atteindre une r\u00e9alisation totale et directe. En effet, toute forme d\u2019explication implique des concepts, et les concepts maintiennent n\u00e9cessairement l\u2019\u00e9lan du processus intellectuel. Plus pr\u00e9cis\u00e9ment, les explications ne font r\u00e9f\u00e9rence qu\u2019\u00e0 Maya ; par cons\u00e9quent, pour que Maya prenne fin, les explications doivent prendre fin. Et, bien que les intuitions puissent et doivent \u00eatre partag\u00e9es, la magie d\u2019un tel transfert s\u2019op\u00e8re plus souvent par le silence que par toute autre chose. Car en fin de compte, il est impossible de faire voir \u00e0 quelqu\u2019un une v\u00e9rit\u00e9 spirituelle par le raisonnement ou la persuasion intellectuelle, ou de transporter une autre personne dans son propre \u00e9tat de f\u00e9licit\u00e9.<\/span><\/p>\n<p class=\"western\" align=\"justify\"><span style=\"color: #000000;\"><span style=\"font-size: medium;\"><span lang=\"fr-FR\">Pour citer Ramana Maharshi\u00a0: \u00ab Les pens\u00e9es doivent cesser et la raison dispara\u00eetre pour que le \u201cJe-Je\u201d puisse s\u2019\u00e9lever et \u00eatre ressenti. Le sentiment est le facteur primordial, et non la raison \u00bb <\/span><\/span><\/span><span style=\"color: #000000;\"><span style=\"font-size: medium;\"><span lang=\"fr-FR\">[<a class=\"sdfootnoteanc\" href=\"#sdfootnote2sym\" name=\"sdfootnote2anc\"><sup>2<\/sup><\/a>]<\/span><\/span><\/span><span style=\"color: #000000;\"><span style=\"font-size: medium;\"><span lang=\"fr-FR\"> (Par \u00ab Je-Je \u00bb, Ramana fait r\u00e9f\u00e9rence au vrai Soi ou Brahman.) Une remarque de Sri Nisargadatta Maharaj est \u00e9galement pertinente\u00a0: \u00ab Vos faits peuvent \u00eatre de l\u2019imagination pour moi, et mes faits peuvent \u00eatre de l\u2019imagination pour vous \u00bb. Ainsi, les explications peuvent, au mieux, sugg\u00e9rer la v\u00e9rit\u00e9, mais elles ne peuvent jamais prouver ou transmettre cette v\u00e9rit\u00e9 \u00e0 autrui. La v\u00e9rit\u00e9 doit \u00eatre r\u00e9alis\u00e9e par soi-m\u00eame pour soi-m\u00eame. Ainsi, l\u2019utilit\u00e9 r\u00e9elle des explications r\u00e9side peut-\u00eatre dans le fait de r\u00e9duire au silence l\u2019esprit en lui montrant son impuissance, et de pr\u00e9parer ainsi une condition ou une r\u00e9ceptivit\u00e9 permettant \u00e0 la Gr\u00e2ce d\u2019op\u00e9rer. Car la r\u00e9alisation est essentiellement acausale\u00a0: elle ne peut \u00eatre ni induite ni entrav\u00e9e. Et, en dernier ressort, tout est Gr\u00e2ce.<\/span><\/span><\/span><\/p>\n<p class=\"western\" align=\"justify\"><span style=\"color: #000000;\"><span style=\"font-size: medium;\"><span lang=\"fr-FR\">Il existe une autre raison, bien plus convaincante, pour laquelle la v\u00e9rit\u00e9 de l\u2019advaita \u2014 notre nature profonde \u2014 ne peut \u00eatre formul\u00e9e et donc \u00ab connue \u00bb d\u2019aucune mani\u00e8re. Le processus m\u00eame de \u00ab conna\u00eetre \u00bb, toute notre activit\u00e9 cognitive intellectuelle et \u00e9motionnelle se d\u00e9roule strictement dans et en tant <\/span><\/span><\/span><span style=\"color: #000000;\"><span style=\"font-size: medium;\"><span lang=\"fr-FR\">qu<\/span><\/span><\/span><span style=\"color: #000000;\"><span style=\"font-size: medium;\"><span lang=\"fr-FR\">e domaine de Maya ; c\u2019est une activit\u00e9 maya\u00efque. Le chercheur lui-m\u00eame n\u2019est rien d\u2019autre que Maya, et ce chercheur veut \u00e9tablir la v\u00e9rit\u00e9 concernant le non-duel \u2014 c\u2019est-\u00e0-dire la conscience pure, sans objet et sans attribut, appel\u00e9e Brahman.<\/span><\/span><\/span><\/p>\n<p class=\"western\" align=\"justify\"><span style=\"color: #000000;\"><span style=\"font-size: medium;\"><span lang=\"fr-FR\">Il est important de comprendre que tout ce que conclut cette entit\u00e9 corps-esprit ne peut que d\u00e9crire comment les choses apparaissent \u00e0 cette entit\u00e9 empirique qui trouve son existence dans le domaine de Maya. Et, comme nous l\u2019avons d\u00e9j\u00e0 vu, puisque l\u2019observateur est l\u2019observ\u00e9, l\u2019entit\u00e9 corps-esprit ne peut que d\u00e9couvrir et faire des d\u00e9clarations sur Maya, jamais sur Brahman. Un fragment ne peut d\u00e9crire que le fragmentaire, le fini ne peut d\u00e9finir que le fini, jamais l\u2019infini. Pour utiliser une analogie simple, une goutte d\u2019eau projet\u00e9e dans l\u2019\u00e9cume \u00e0 la surface de l\u2019oc\u00e9an pourrait th\u00e9oriquement dire quelque chose sur elle-m\u00eame, puisqu\u2019elle a des fronti\u00e8res, c\u2019est-\u00e0-dire qu\u2019elle est en contact avec un milieu autre qu\u2019elle-m\u00eame. Mais cette m\u00eame goutte, en tant que partie int\u00e9grante du corps de l\u2019oc\u00e9an, ne pourrait <\/span><\/span><\/span><span style=\"color: #000000;\"><span style=\"font-size: medium;\"><span lang=\"fr-FR\">rien dire de tel<\/span><\/span><\/span><span style=\"color: #000000;\"><span style=\"font-size: medium;\"><span lang=\"fr-FR\"> ; elle ne peut pas se conna\u00eetre elle-m\u00eame, au sens traditionnel du terme. O\u00f9 se trouve la \u00ab goutte \u00bb et o\u00f9 se trouve l\u2019oc\u00e9an ? Ce serait la Totalit\u00e9, au-del\u00e0 de toute relation sujet-objet. De m\u00eame, nous devons consid\u00e9rer notre \u00eatre psychosomatique, notre \u00ab ego \u00bb faussement suppos\u00e9 et exp\u00e9riment\u00e9 ; il n\u2019est autre que l\u2019oc\u00e9an de la Conscience, au-del\u00e0 de l\u2019espace-temps, au-del\u00e0 du savoir et du non-savoir, au-del\u00e0 de l\u2019existence et de la non-existence. Une telle r\u00e9alisation ne peut avoir lieu que lorsque le processus mental a \u00e9t\u00e9 r\u00e9duit au silence et que la connaissance en tant que cognition <\/span><\/span><\/span><span style=\"color: #000000;\"><span style=\"font-size: medium;\"><span lang=\"fr-FR\">est<\/span><\/span><\/span><span style=\"color: #000000;\"><span style=\"font-size: medium;\"><span lang=\"fr-FR\"> transcend\u00e9e.<\/span><\/span><\/span><\/p>\n<p align=\"justify\">__________________________<\/p>\n<div id=\"sdfootnote1\">\n<p class=\"sdfootnote-western\"><a class=\"sdfootnotesym\" href=\"#sdfootnote1anc\" name=\"sdfootnote1sym\">1<\/a><span style=\"color: #000000;\"><span style=\"font-size: medium;\"><span lang=\"fr-FR\"> \u00c0 ce sujet, Sri Ramana Maharshi a d\u00e9clar\u00e9\u00a0: \u00ab Tout ce que vous voyez d\u00e9pend de celui qui voit. En dehors de celui qui voit, il n\u2019y a rien <\/span><\/span><\/span><span style=\"color: #000000;\"><span style=\"font-size: medium;\"><span lang=\"fr-FR\">de<\/span><\/span><\/span><span style=\"color: #000000;\"><span style=\"font-size: medium;\"><span lang=\"fr-FR\"> v<\/span><\/span><\/span><span style=\"color: #000000;\"><span style=\"font-size: medium;\"><span lang=\"fr-FR\">u<\/span><\/span><\/span><span style=\"color: #000000;\"><span style=\"font-size: medium;\"><span lang=\"fr-FR\"> \u00bb. A. Devaraja Mudaliar, <\/span><\/span><\/span><span style=\"color: #000000;\"><span style=\"font-size: medium;\"><span lang=\"fr-FR\"><i>Day by Day with Bbagaran<\/i><\/span><\/span><\/span><span style=\"color: #000000;\"><span style=\"font-size: medium;\"><span lang=\"fr-FR\">, p. 149 ; et \u00ab Sans celui qui voit, il n\u2019y a pas d\u2019objets <\/span><\/span><\/span><span style=\"color: #000000;\"><span style=\"font-size: medium;\"><span lang=\"fr-FR\">vus<\/span><\/span><\/span><span style=\"color: #000000;\"><span style=\"font-size: medium;\"><span lang=\"fr-FR\"> \u00bb. \u2014 Talks with Sri Ramana Maharshi, premi\u00e8re \u00e9dition am\u00e9ricaine, Inner Directions Foundation, Carlsbad, 2000.<\/span><\/span><\/span><\/p>\n<\/div>\n<div id=\"sdfootnote2\">\n<p class=\"sdfootnote-western\"><a class=\"sdfootnotesym\" href=\"#sdfootnote2anc\" name=\"sdfootnote2sym\">2<\/a> Ibid., p.\u00a017.<\/p>\n<\/div>\n","protected":false},"excerpt":{"rendered":"<p>Ainsi, les explications peuvent, au mieux, sugg\u00e9rer la v\u00e9rit\u00e9, mais elles ne peuvent jamais prouver ou transmettre cette v\u00e9rit\u00e9 \u00e0 autrui. La v\u00e9rit\u00e9 doit \u00eatre r\u00e9alis\u00e9e par soi-m\u00eame pour soi-m\u00eame. Ainsi, l\u2019utilit\u00e9 r\u00e9elle des explications r\u00e9side peut-\u00eatre dans le fait de r\u00e9duire au silence l\u2019esprit en lui montrant son impuissance, et de pr\u00e9parer ainsi une condition ou une r\u00e9ceptivit\u00e9 permettant \u00e0 la Gr\u00e2ce d\u2019op\u00e9rer. Car la r\u00e9alisation est essentiellement acausale\u00a0: elle ne peut \u00eatre ni induite ni entrav\u00e9e. Et, en dernier ressort, tout est Gr\u00e2ce.<\/p>\n","protected":false},"author":2,"featured_media":20375,"comment_status":"closed","ping_status":"closed","sticky":false,"template":"","format":"standard","meta":{"footnotes":""},"categories":[288],"tags":[517,55,521,8,164],"class_list":["post-21015","post","type-post","status-publish","format-standard","has-post-thumbnail","hentry","category-r-powell","tag-brahman","tag-illusion","tag-maya","tag-non-dualite","tag-realisation"],"yoast_head":"<!-- This site is optimized with the Yoast SEO plugin v27.0 - https:\/\/yoast.com\/product\/yoast-seo-wordpress\/ -->\n<title>Maya ne peut jamais embrasser Brahman par Robert Powell - 3e mill\u00e9naire - Spiritualit\u00e9 - Connaissance de soi - Non-dualit\u00e9 - M\u00e9ditation<\/title>\n<meta name=\"robots\" content=\"index, follow, max-snippet:-1, max-image-preview:large, max-video-preview:-1\" \/>\n<link rel=\"canonical\" href=\"https:\/\/www.revue3emillenaire.com\/blog\/maya-ne-peut-jamais-embrasser-brahman-par-robert-powell\/\" \/>\n<meta property=\"og:locale\" content=\"fr_FR\" \/>\n<meta property=\"og:type\" content=\"article\" \/>\n<meta property=\"og:title\" content=\"Maya ne peut jamais embrasser Brahman par Robert Powell - 3e mill\u00e9naire - Spiritualit\u00e9 - Connaissance de soi - Non-dualit\u00e9 - M\u00e9ditation\" \/>\n<meta property=\"og:description\" content=\"Ainsi, les explications peuvent, au mieux, sugg\u00e9rer la v\u00e9rit\u00e9, mais elles ne peuvent jamais prouver ou transmettre cette v\u00e9rit\u00e9 \u00e0 autrui. La v\u00e9rit\u00e9 doit \u00eatre r\u00e9alis\u00e9e par soi-m\u00eame pour soi-m\u00eame. Ainsi, l\u2019utilit\u00e9 r\u00e9elle des explications r\u00e9side peut-\u00eatre dans le fait de r\u00e9duire au silence l\u2019esprit en lui montrant son impuissance, et de pr\u00e9parer ainsi une condition ou une r\u00e9ceptivit\u00e9 permettant \u00e0 la Gr\u00e2ce d\u2019op\u00e9rer. Car la r\u00e9alisation est essentiellement acausale\u00a0: elle ne peut \u00eatre ni induite ni entrav\u00e9e. Et, en dernier ressort, tout est Gr\u00e2ce.\" \/>\n<meta property=\"og:url\" content=\"https:\/\/www.revue3emillenaire.com\/blog\/maya-ne-peut-jamais-embrasser-brahman-par-robert-powell\/\" \/>\n<meta property=\"og:site_name\" content=\"3e mill\u00e9naire - Spiritualit\u00e9 - Connaissance de soi - Non-dualit\u00e9 - M\u00e9ditation\" \/>\n<meta property=\"article:published_time\" content=\"2025-12-12T20:49:11+00:00\" \/>\n<meta property=\"og:image\" content=\"https:\/\/www.revue3emillenaire.com\/blog\/wp-content\/uploads\/2024\/12\/Robert-Powell-3.jpg\" \/>\n\t<meta property=\"og:image:width\" content=\"300\" \/>\n\t<meta property=\"og:image:height\" content=\"240\" \/>\n\t<meta property=\"og:image:type\" content=\"image\/jpeg\" \/>\n<meta name=\"author\" content=\"3e mill\u00e9naire\" \/>\n<meta name=\"twitter:card\" content=\"summary_large_image\" \/>\n<meta name=\"twitter:label1\" content=\"\u00c9crit par\" \/>\n\t<meta name=\"twitter:data1\" content=\"3e mill\u00e9naire\" \/>\n\t<meta name=\"twitter:label2\" content=\"Dur\u00e9e de lecture estim\u00e9e\" \/>\n\t<meta name=\"twitter:data2\" content=\"9 minutes\" \/>\n<script type=\"application\/ld+json\" class=\"yoast-schema-graph\">{\"@context\":\"https:\/\/schema.org\",\"@graph\":[{\"@type\":\"Article\",\"@id\":\"https:\/\/www.revue3emillenaire.com\/blog\/maya-ne-peut-jamais-embrasser-brahman-par-robert-powell\/#article\",\"isPartOf\":{\"@id\":\"https:\/\/www.revue3emillenaire.com\/blog\/maya-ne-peut-jamais-embrasser-brahman-par-robert-powell\/\"},\"author\":{\"name\":\"3e mill\u00e9naire\",\"@id\":\"https:\/\/www.revue3emillenaire.com\/blog\/#\/schema\/person\/b692dacff720a5344a6190bc714397eb\"},\"headline\":\"Maya ne peut jamais embrasser Brahman par Robert Powell\",\"datePublished\":\"2025-12-12T20:49:11+00:00\",\"mainEntityOfPage\":{\"@id\":\"https:\/\/www.revue3emillenaire.com\/blog\/maya-ne-peut-jamais-embrasser-brahman-par-robert-powell\/\"},\"wordCount\":1925,\"image\":{\"@id\":\"https:\/\/www.revue3emillenaire.com\/blog\/maya-ne-peut-jamais-embrasser-brahman-par-robert-powell\/#primaryimage\"},\"thumbnailUrl\":\"https:\/\/www.revue3emillenaire.com\/blog\/wp-content\/uploads\/2024\/12\/Robert-Powell-3.jpg\",\"keywords\":[\"Brahman\",\"Illusion\",\"Maya\",\"Non-dualit\u00e9\",\"R\u00e9alisation\"],\"articleSection\":[\"Powell Robert\"],\"inLanguage\":\"fr-FR\"},{\"@type\":\"WebPage\",\"@id\":\"https:\/\/www.revue3emillenaire.com\/blog\/maya-ne-peut-jamais-embrasser-brahman-par-robert-powell\/\",\"url\":\"https:\/\/www.revue3emillenaire.com\/blog\/maya-ne-peut-jamais-embrasser-brahman-par-robert-powell\/\",\"name\":\"Maya ne peut jamais embrasser Brahman par Robert Powell - 3e mill\u00e9naire - Spiritualit\u00e9 - Connaissance de soi - Non-dualit\u00e9 - M\u00e9ditation\",\"isPartOf\":{\"@id\":\"https:\/\/www.revue3emillenaire.com\/blog\/#website\"},\"primaryImageOfPage\":{\"@id\":\"https:\/\/www.revue3emillenaire.com\/blog\/maya-ne-peut-jamais-embrasser-brahman-par-robert-powell\/#primaryimage\"},\"image\":{\"@id\":\"https:\/\/www.revue3emillenaire.com\/blog\/maya-ne-peut-jamais-embrasser-brahman-par-robert-powell\/#primaryimage\"},\"thumbnailUrl\":\"https:\/\/www.revue3emillenaire.com\/blog\/wp-content\/uploads\/2024\/12\/Robert-Powell-3.jpg\",\"datePublished\":\"2025-12-12T20:49:11+00:00\",\"author\":{\"@id\":\"https:\/\/www.revue3emillenaire.com\/blog\/#\/schema\/person\/b692dacff720a5344a6190bc714397eb\"},\"breadcrumb\":{\"@id\":\"https:\/\/www.revue3emillenaire.com\/blog\/maya-ne-peut-jamais-embrasser-brahman-par-robert-powell\/#breadcrumb\"},\"inLanguage\":\"fr-FR\",\"potentialAction\":[{\"@type\":\"ReadAction\",\"target\":[\"https:\/\/www.revue3emillenaire.com\/blog\/maya-ne-peut-jamais-embrasser-brahman-par-robert-powell\/\"]}]},{\"@type\":\"ImageObject\",\"inLanguage\":\"fr-FR\",\"@id\":\"https:\/\/www.revue3emillenaire.com\/blog\/maya-ne-peut-jamais-embrasser-brahman-par-robert-powell\/#primaryimage\",\"url\":\"https:\/\/www.revue3emillenaire.com\/blog\/wp-content\/uploads\/2024\/12\/Robert-Powell-3.jpg\",\"contentUrl\":\"https:\/\/www.revue3emillenaire.com\/blog\/wp-content\/uploads\/2024\/12\/Robert-Powell-3.jpg\",\"width\":300,\"height\":240},{\"@type\":\"BreadcrumbList\",\"@id\":\"https:\/\/www.revue3emillenaire.com\/blog\/maya-ne-peut-jamais-embrasser-brahman-par-robert-powell\/#breadcrumb\",\"itemListElement\":[{\"@type\":\"ListItem\",\"position\":1,\"name\":\"Accueil\",\"item\":\"https:\/\/www.revue3emillenaire.com\/blog\/\"},{\"@type\":\"ListItem\",\"position\":2,\"name\":\"Maya ne peut jamais embrasser Brahman par Robert Powell\"}]},{\"@type\":\"WebSite\",\"@id\":\"https:\/\/www.revue3emillenaire.com\/blog\/#website\",\"url\":\"https:\/\/www.revue3emillenaire.com\/blog\/\",\"name\":\"3e mill\u00e9naire - Spiritualit\u00e9 - Connaissance de soi - Non-dualit\u00e9 - M\u00e9ditation\",\"description\":\"L&#039;Homme en devenir\",\"potentialAction\":[{\"@type\":\"SearchAction\",\"target\":{\"@type\":\"EntryPoint\",\"urlTemplate\":\"https:\/\/www.revue3emillenaire.com\/blog\/?s={search_term_string}\"},\"query-input\":{\"@type\":\"PropertyValueSpecification\",\"valueRequired\":true,\"valueName\":\"search_term_string\"}}],\"inLanguage\":\"fr-FR\"},{\"@type\":\"Person\",\"@id\":\"https:\/\/www.revue3emillenaire.com\/blog\/#\/schema\/person\/b692dacff720a5344a6190bc714397eb\",\"name\":\"3e mill\u00e9naire\",\"url\":\"https:\/\/www.revue3emillenaire.com\/blog\/author\/scoussa\/\"}]}<\/script>\n<!-- \/ Yoast SEO plugin. -->","yoast_head_json":{"title":"Maya ne peut jamais embrasser Brahman par Robert Powell - 3e mill\u00e9naire - Spiritualit\u00e9 - Connaissance de soi - Non-dualit\u00e9 - M\u00e9ditation","robots":{"index":"index","follow":"follow","max-snippet":"max-snippet:-1","max-image-preview":"max-image-preview:large","max-video-preview":"max-video-preview:-1"},"canonical":"https:\/\/www.revue3emillenaire.com\/blog\/maya-ne-peut-jamais-embrasser-brahman-par-robert-powell\/","og_locale":"fr_FR","og_type":"article","og_title":"Maya ne peut jamais embrasser Brahman par Robert Powell - 3e mill\u00e9naire - Spiritualit\u00e9 - Connaissance de soi - Non-dualit\u00e9 - M\u00e9ditation","og_description":"Ainsi, les explications peuvent, au mieux, sugg\u00e9rer la v\u00e9rit\u00e9, mais elles ne peuvent jamais prouver ou transmettre cette v\u00e9rit\u00e9 \u00e0 autrui. La v\u00e9rit\u00e9 doit \u00eatre r\u00e9alis\u00e9e par soi-m\u00eame pour soi-m\u00eame. Ainsi, l\u2019utilit\u00e9 r\u00e9elle des explications r\u00e9side peut-\u00eatre dans le fait de r\u00e9duire au silence l\u2019esprit en lui montrant son impuissance, et de pr\u00e9parer ainsi une condition ou une r\u00e9ceptivit\u00e9 permettant \u00e0 la Gr\u00e2ce d\u2019op\u00e9rer. Car la r\u00e9alisation est essentiellement acausale\u00a0: elle ne peut \u00eatre ni induite ni entrav\u00e9e. Et, en dernier ressort, tout est Gr\u00e2ce.","og_url":"https:\/\/www.revue3emillenaire.com\/blog\/maya-ne-peut-jamais-embrasser-brahman-par-robert-powell\/","og_site_name":"3e mill\u00e9naire - Spiritualit\u00e9 - Connaissance de soi - Non-dualit\u00e9 - M\u00e9ditation","article_published_time":"2025-12-12T20:49:11+00:00","og_image":[{"width":300,"height":240,"url":"https:\/\/www.revue3emillenaire.com\/blog\/wp-content\/uploads\/2024\/12\/Robert-Powell-3.jpg","type":"image\/jpeg"}],"author":"3e mill\u00e9naire","twitter_card":"summary_large_image","twitter_misc":{"\u00c9crit par":"3e mill\u00e9naire","Dur\u00e9e de lecture estim\u00e9e":"9 minutes"},"schema":{"@context":"https:\/\/schema.org","@graph":[{"@type":"Article","@id":"https:\/\/www.revue3emillenaire.com\/blog\/maya-ne-peut-jamais-embrasser-brahman-par-robert-powell\/#article","isPartOf":{"@id":"https:\/\/www.revue3emillenaire.com\/blog\/maya-ne-peut-jamais-embrasser-brahman-par-robert-powell\/"},"author":{"name":"3e mill\u00e9naire","@id":"https:\/\/www.revue3emillenaire.com\/blog\/#\/schema\/person\/b692dacff720a5344a6190bc714397eb"},"headline":"Maya ne peut jamais embrasser Brahman par Robert Powell","datePublished":"2025-12-12T20:49:11+00:00","mainEntityOfPage":{"@id":"https:\/\/www.revue3emillenaire.com\/blog\/maya-ne-peut-jamais-embrasser-brahman-par-robert-powell\/"},"wordCount":1925,"image":{"@id":"https:\/\/www.revue3emillenaire.com\/blog\/maya-ne-peut-jamais-embrasser-brahman-par-robert-powell\/#primaryimage"},"thumbnailUrl":"https:\/\/www.revue3emillenaire.com\/blog\/wp-content\/uploads\/2024\/12\/Robert-Powell-3.jpg","keywords":["Brahman","Illusion","Maya","Non-dualit\u00e9","R\u00e9alisation"],"articleSection":["Powell Robert"],"inLanguage":"fr-FR"},{"@type":"WebPage","@id":"https:\/\/www.revue3emillenaire.com\/blog\/maya-ne-peut-jamais-embrasser-brahman-par-robert-powell\/","url":"https:\/\/www.revue3emillenaire.com\/blog\/maya-ne-peut-jamais-embrasser-brahman-par-robert-powell\/","name":"Maya ne peut jamais embrasser Brahman par Robert Powell - 3e mill\u00e9naire - Spiritualit\u00e9 - Connaissance de soi - Non-dualit\u00e9 - M\u00e9ditation","isPartOf":{"@id":"https:\/\/www.revue3emillenaire.com\/blog\/#website"},"primaryImageOfPage":{"@id":"https:\/\/www.revue3emillenaire.com\/blog\/maya-ne-peut-jamais-embrasser-brahman-par-robert-powell\/#primaryimage"},"image":{"@id":"https:\/\/www.revue3emillenaire.com\/blog\/maya-ne-peut-jamais-embrasser-brahman-par-robert-powell\/#primaryimage"},"thumbnailUrl":"https:\/\/www.revue3emillenaire.com\/blog\/wp-content\/uploads\/2024\/12\/Robert-Powell-3.jpg","datePublished":"2025-12-12T20:49:11+00:00","author":{"@id":"https:\/\/www.revue3emillenaire.com\/blog\/#\/schema\/person\/b692dacff720a5344a6190bc714397eb"},"breadcrumb":{"@id":"https:\/\/www.revue3emillenaire.com\/blog\/maya-ne-peut-jamais-embrasser-brahman-par-robert-powell\/#breadcrumb"},"inLanguage":"fr-FR","potentialAction":[{"@type":"ReadAction","target":["https:\/\/www.revue3emillenaire.com\/blog\/maya-ne-peut-jamais-embrasser-brahman-par-robert-powell\/"]}]},{"@type":"ImageObject","inLanguage":"fr-FR","@id":"https:\/\/www.revue3emillenaire.com\/blog\/maya-ne-peut-jamais-embrasser-brahman-par-robert-powell\/#primaryimage","url":"https:\/\/www.revue3emillenaire.com\/blog\/wp-content\/uploads\/2024\/12\/Robert-Powell-3.jpg","contentUrl":"https:\/\/www.revue3emillenaire.com\/blog\/wp-content\/uploads\/2024\/12\/Robert-Powell-3.jpg","width":300,"height":240},{"@type":"BreadcrumbList","@id":"https:\/\/www.revue3emillenaire.com\/blog\/maya-ne-peut-jamais-embrasser-brahman-par-robert-powell\/#breadcrumb","itemListElement":[{"@type":"ListItem","position":1,"name":"Accueil","item":"https:\/\/www.revue3emillenaire.com\/blog\/"},{"@type":"ListItem","position":2,"name":"Maya ne peut jamais embrasser Brahman par Robert Powell"}]},{"@type":"WebSite","@id":"https:\/\/www.revue3emillenaire.com\/blog\/#website","url":"https:\/\/www.revue3emillenaire.com\/blog\/","name":"3e mill\u00e9naire - Spiritualit\u00e9 - Connaissance de soi - Non-dualit\u00e9 - M\u00e9ditation","description":"L&#039;Homme en devenir","potentialAction":[{"@type":"SearchAction","target":{"@type":"EntryPoint","urlTemplate":"https:\/\/www.revue3emillenaire.com\/blog\/?s={search_term_string}"},"query-input":{"@type":"PropertyValueSpecification","valueRequired":true,"valueName":"search_term_string"}}],"inLanguage":"fr-FR"},{"@type":"Person","@id":"https:\/\/www.revue3emillenaire.com\/blog\/#\/schema\/person\/b692dacff720a5344a6190bc714397eb","name":"3e mill\u00e9naire","url":"https:\/\/www.revue3emillenaire.com\/blog\/author\/scoussa\/"}]}},"_links":{"self":[{"href":"https:\/\/www.revue3emillenaire.com\/blog\/wp-json\/wp\/v2\/posts\/21015","targetHints":{"allow":["GET"]}}],"collection":[{"href":"https:\/\/www.revue3emillenaire.com\/blog\/wp-json\/wp\/v2\/posts"}],"about":[{"href":"https:\/\/www.revue3emillenaire.com\/blog\/wp-json\/wp\/v2\/types\/post"}],"author":[{"embeddable":true,"href":"https:\/\/www.revue3emillenaire.com\/blog\/wp-json\/wp\/v2\/users\/2"}],"replies":[{"embeddable":true,"href":"https:\/\/www.revue3emillenaire.com\/blog\/wp-json\/wp\/v2\/comments?post=21015"}],"version-history":[{"count":0,"href":"https:\/\/www.revue3emillenaire.com\/blog\/wp-json\/wp\/v2\/posts\/21015\/revisions"}],"wp:featuredmedia":[{"embeddable":true,"href":"https:\/\/www.revue3emillenaire.com\/blog\/wp-json\/wp\/v2\/media\/20375"}],"wp:attachment":[{"href":"https:\/\/www.revue3emillenaire.com\/blog\/wp-json\/wp\/v2\/media?parent=21015"}],"wp:term":[{"taxonomy":"category","embeddable":true,"href":"https:\/\/www.revue3emillenaire.com\/blog\/wp-json\/wp\/v2\/categories?post=21015"},{"taxonomy":"post_tag","embeddable":true,"href":"https:\/\/www.revue3emillenaire.com\/blog\/wp-json\/wp\/v2\/tags?post=21015"}],"curies":[{"name":"wp","href":"https:\/\/api.w.org\/{rel}","templated":true}]}}