{"id":21104,"date":"2026-01-28T16:21:32","date_gmt":"2026-01-28T15:21:32","guid":{"rendered":"https:\/\/www.revue3emillenaire.com\/blog\/?p=21104"},"modified":"2026-01-29T13:53:12","modified_gmt":"2026-01-29T12:53:12","slug":"le-christ-et-lhomme-cosmique-par-jean-bouchart-dorval","status":"publish","type":"post","link":"https:\/\/www.revue3emillenaire.com\/blog\/le-christ-et-lhomme-cosmique-par-jean-bouchart-dorval\/","title":{"rendered":"Le Christ et l&rsquo;homme cosmique par Jean Bouchart d\u2019Orval"},"content":{"rendered":"<p class=\"western\" align=\"justify\"><span style=\"color: #000000;\"><i>Acheminement vers l&rsquo;accomplissement de l&rsquo;Homme cosmique en Occident<\/i><\/span><\/p>\n<p class=\"western\" align=\"justify\"><span style=\"color: #000000;\"><span style=\"font-family: Work Sans, serif;\"><span style=\"font-size: medium;\">Janvier 2026<\/span><\/span><\/span><\/p>\n<p class=\"western\" align=\"justify\"><span style=\"color: #000000;\"><span style=\"font-family: Work Sans, serif;\"><span style=\"font-size: medium;\">L\u2019effondrement d\u2019un monde, les derniers soubresauts d\u2019une civilisation peut sembler un grand malheur. C\u2019est pourtant la grande chance de notre monde. Cela repr\u00e9sente en fait une porte grande ouverte sur ce que toutes les g\u00e9n\u00e9rations pr\u00e9c\u00e9dentes, sans trop savoir pourquoi, ont souhait\u00e9 mais n\u2019ont jamais pu vivre. Cette gr\u00e2ce dont les dieux nous font cadeau, il convient de ne pas la laisser passer.<\/span><\/span><\/span><\/p>\n<p class=\"western\" align=\"justify\"><span style=\"color: #000000;\"><span style=\"font-family: Work Sans, serif;\"><span style=\"font-size: medium;\"><b>LE CHRIST\u00a0: L\u2019ACCOMPLISSEMENT DE L\u2019HOMME COSMIQUE<\/b><\/span><\/span><\/span><\/p>\n<p class=\"western\" align=\"justify\"><span style=\"color: #000000;\"><span style=\"font-family: Work Sans, serif;\"><span style=\"font-size: medium;\">Toutes nos vies et leur succession ne sont finalement rien d\u2019autre qu\u2019un acheminement vers la r\u00e9alisation et l\u2019accomplissement de l\u2019Homme cosmique. Lorsque cet acheminement devient conscient, il s\u2019acc\u00e9l\u00e8re de fa\u00e7on prodigieuse.<\/span><\/span><\/span><\/p>\n<p class=\"western\" align=\"justify\"><span style=\"color: #000000;\"><span style=\"font-family: Work Sans, serif;\"><span style=\"font-size: medium;\">Qu\u2019est-ce que l\u2019Homme cosmique ? Il est notre nature v\u00e9ritable, pure Lumi\u00e8re consciente, omnipr\u00e9sente, non localisable, intemporelle, au-del\u00e0 de l\u2019existence et de la non-existence. L\u2019Homme cosmique est l\u2019Inconcevable et tant qu\u2019ils ne le pressentent pas directement les \u00eatres humains souffrent. L\u2019expression \u00ab Homme cosmique \u00bb est plus appropri\u00e9e et concr\u00e8te que le mot \u00ab Dieu \u00bb utilis\u00e9 de fa\u00e7on si abusive par les religions occidentales, au point d\u2019accentuer l\u2019ignorance des \u00eatres humains peu curieux d\u2019enqu\u00eater profond\u00e9ment sur leur propre nature v\u00e9ritable et se poser les questions fondamentales. Car l\u2019Homme cosmique, c\u2019est ce que nous sommes, non pas l\u2019homme localis\u00e9 dans l\u2019espace et le temps que nous avons cr\u00e9\u00e9 t\u00f4t dans notre vie, ce ramassis d\u2019images que nous croyons \u00eatre.<\/span><\/span><\/span><\/p>\n<p class=\"western\" align=\"justify\"><span style=\"color: #000000;\"><span style=\"font-family: Work Sans, serif;\"><span style=\"font-size: medium;\">La notion d\u2019Homme cosmique est apparue tr\u00e8s t\u00f4t en Inde : d\u00e8s l\u2019\u00e9poque v\u00e9dique, qui remonte \u00e0 environ 4000 ou 5000 ans. \u00c0 la m\u00eame \u00e9poque, l\u2019\u00c9gypte ancienne, d\u00e8s l\u2019Ancien Empire, vivait d\u2019une spiritualit\u00e9 profonde, l\u2019acheminement vers l\u2019Homme royal, ou Homme cosmique : c\u2019\u00e9tait d\u2019ailleurs l\u00e0 le fondement de cette civilisation th\u00e9ocratique dans laquelle v\u00e9curent en harmonie les habitants du pays du Nil de toutes conditions pendant des milliers d\u2019ann\u00e9es. L\u2019Inde traditionnelle l\u2019a exprim\u00e9 dans des r\u00e9v\u00e9lations (d\u2019abord orales, puis consign\u00e9es \u00e0 l\u2019\u00e9crit) regorgeant de m\u00e9taphores. Puis, avec les Upanisads, la transmission s\u2019est faite de fa\u00e7on plus explicite. En \u00c9gypte, une telle transmission plus explicite existait, mais dans le secret des initiations secr\u00e8tes des temples pour qui s\u2019en montrait digne. On note un peu partout sur terre une ouverture progressive vers une transmission plus explicite \u00e0 travers les si\u00e8cles et les mill\u00e9naires avant notre \u00e8re.<\/span><\/span><\/span><\/p>\n<p class=\"western\" align=\"justify\"><span style=\"color: #000000;\"><span style=\"font-family: Work Sans, serif;\"><span style=\"font-size: medium;\">En Occident, l\u2019enseignement du Christ marqua l\u2019accomplissement de ce qui s\u2019acheminait en \u00c9gypte pharaonique \u00e0 travers les grandes \u00e8res zodiacales des G\u00e9meaux, du Taureau, du B\u00e9lier et du Poisson. Nous y reviendrons plus loin. Mais partout et \u00e0 toutes les \u00e9poques, cette transmission de la Connaissance fut toujours l\u2019affaire d\u2019une poign\u00e9e d\u2019\u00eatres profond\u00e9ment boulevers\u00e9s par l\u2019Inconcevable au point de n\u2019avoir plus aucun doute d\u2019\u00eatre cette unique R\u00e9alit\u00e9, ce Un (le\u00a0<\/span><\/span><\/span><span style=\"color: #000000;\"><span style=\"font-family: Work Sans, serif;\"><span style=\"font-size: medium;\"><i>tad ekam<\/i><\/span><\/span><\/span><span style=\"color: #000000;\"><span style=\"font-family: Work Sans, serif;\"><span style=\"font-size: medium;\">\u00a0des hymnes v\u00e9diques)\u00a0: l\u2019Inconcevable, l\u2019Homme cosmique, l\u2019Homme royal.<\/span><\/span><\/span><\/p>\n<p class=\"western\" align=\"justify\"><span style=\"color: #000000;\"><span style=\"font-family: Work Sans, serif;\"><span style=\"font-size: medium;\">Voyons d\u2019abord un peu ce qu\u2019en dit l\u2019Inde traditionnelle la plus ancienne. Pour les po\u00e8tes v\u00e9diques, d\u00e8s le d\u00e9part il fut clair que l\u2019homme, l\u2019univers et la puissance qui l\u2019a mis en branle sont une seule et m\u00eame R\u00e9alit\u00e9. L\u2019homme n\u2019est pas une simple \u00ab cr\u00e9ature \u00bb, une cr\u00e9ature s\u00e9par\u00e9e qui na\u00eet, meurt et d\u00e9pend du bon vouloir d\u2019un Dieu ext\u00e9rieure condescendant qu\u2019il doit adorer et servir sous peine de damnation \u00e9ternelle. C\u2019est pourquoi l\u2019un des hymnes les plus c\u00e9l\u00e8bres du RgVeda, un hymne que tout brahmane qui se respecte conna\u00eet par c\u0153ur, parle de l\u2019Homme <\/span><\/span><\/span><span style=\"color: #000000;\"><span style=\"font-family: Work Sans, serif;\"><span style=\"font-size: medium;\"><i>(purusa)<\/i><\/span><\/span><\/span><span style=\"color: #000000;\"><span style=\"font-family: Work Sans, serif;\"><span style=\"font-size: medium;\">\u00a0r\u00e9el, c\u2019est-\u00e0-dire l\u2019Homme cosmique, en des termes incompr\u00e9hensibles pour les tenants des trois religions occidentales. Alors que depuis la Renaissance et l\u2019humanisme, la civilisation occidentale pose l\u2019\u00eatre humain individuel au centre de tout, pour les sages et po\u00e8tes v\u00e9diques il s\u2019agit plut\u00f4t de l\u2019homme\u00a0<\/span><\/span><\/span><span style=\"color: #000000;\"><span style=\"font-family: Work Sans, serif;\"><span style=\"font-size: medium;\"><i>dans sa pleine et enti\u00e8re r\u00e9alit\u00e9<\/i><\/span><\/span><\/span><span style=\"color: #000000;\"><span style=\"font-family: Work Sans, serif;\"><span style=\"font-size: medium;\">, et cela n\u2019a rien de personnel <\/span><\/span><\/span><span style=\"color: #000080;\"><span style=\"color: #000000;\"><span style=\"font-family: Helvetica, serif;\"><span style=\"font-size: medium;\"><b>[<\/b><\/span><\/span><\/span><\/span><span style=\"color: #000000;\"><span style=\"font-family: Helvetica, serif;\"><span style=\"font-size: medium;\"><b><a class=\"sdendnoteanc\" href=\"#sdendnote1sym\" name=\"sdendnote1anc\"><sup>i<\/sup><\/a><\/b><\/span><\/span><\/span><span style=\"color: #000080;\"><span style=\"color: #000000;\"><span style=\"font-family: Helvetica, serif;\"><span style=\"font-size: medium;\"><b>]<\/b><\/span><\/span><\/span><\/span><span style=\"color: #000000;\"><span style=\"font-family: Work Sans, serif;\"><span style=\"font-size: medium;\">. L\u2019Homme cosmique est r\u00e9el, c\u2019est notre nature v\u00e9ritable maintenant et \u00e0 jamais, alors que l\u2019homme individuel est un ramassis d\u2019images, une histoire que nous nous racontons, un peu comme le personnage que nous croyons \u00eatre dans l\u2019\u00e9tat de r\u00eave. La seule r\u00e9alit\u00e9 est l\u2019Homme cosmique.<\/span><\/span><\/span><\/p>\n<p class=\"western\" align=\"justify\"><span style=\"color: #000000;\"><span style=\"font-family: Work Sans, serif;\"><span style=\"font-size: medium;\">L\u2019homme n\u2019est pas une partie de l\u2019univers, il est l\u2019Homme vrai, le\u00a0<\/span><\/span><\/span><span style=\"color: #000000;\"><span style=\"font-family: Work Sans, serif;\"><span style=\"font-size: medium;\"><i>Purusa<\/i><\/span><\/span><\/span><span style=\"color: #000000;\"><span style=\"font-family: Work Sans, serif;\"><span style=\"font-size: medium;\">, l\u2019Homme cosmique, l\u2019Homme r\u00e9el. L\u2019autre, celui que les documentaires t\u00e9l\u00e9vis\u00e9s d\u00e9crivent comme une infime partie d\u2019un univers aux dimensions inimaginables, est un imaginaire, une convention pratique pour la vie relative de tous les jours. On d\u00e9crit parfois cet homme comme retenu dans une prison de laquelle il doit se lib\u00e9rer. Mais de quoi parle-t-on ? Qui au juste doit se lib\u00e9rer et de quoi ? Tout cela est une fantasmagorie, un mauvais r\u00eave. La plupart des \u00eatres humains vivent comme un millionnaire qui l\u2019a compl\u00e8tement oubli\u00e9 et vit comme un mendiant. Il y a l\u2019Homme, l\u2019Unique, l\u2019Inconcevable, point \u00e0 la ligne\u00a0: tout ce qui semble \u00eatre \u00ab autre \u00bb est une histoire, mais cette histoire aussi c\u2019est encore l\u2019Homme. Dans le r\u00eave, il n\u2019y a que le r\u00eaveur ; tout ce qui semble \u00eatre autre est une histoire qui n\u2019a d\u2019autre r\u00e9alit\u00e9 que la conscience du r\u00eaveur. Voil\u00e0 ce que proclament les hymnes v\u00e9diques. Lorsque l\u2019homme abdique sa nature personnelle illusoire, il r\u00e9alise qu\u2019il n\u2019est rien de moins que l\u2019Homme cosmique. C\u2019est d\u2019ailleurs l\u00e0 le sens v\u00e9ritable de tous les rituels sacrificiels de toutes les traditions spirituelles, y compris la messe dans la tradition chr\u00e9tienne\u00a0: sacrifier de ce que nous ne sommes pas en faveur de ce que nous sommes vraiment.<\/span><\/span><\/span><\/p>\n<p class=\"western\" align=\"justify\"><span style=\"color: #000000;\"><span style=\"font-family: Work Sans, serif;\"><span style=\"font-size: medium;\"><i>En v\u00e9rit\u00e9, seul le Soi (Atman) \u00e9tait au d\u00e9but sous forme d\u2019Homme cosmique (purusa). Ayant regard\u00e9 tout autour, il ne vit rien d\u2019autre que lui-m\u00eame. Il formula d\u2019abord : \u00abJe suis !\u00bb De l\u00e0 vient le nom \u00abje\u00bb. Et de l\u00e0 vient que quelqu\u2019un qu\u2019on appelle r\u00e9pond d\u2019abord \u00abc\u2019est moi !\u00bb et seulement ensuite d\u00e9cline le nom qui est le sien propre. <\/i><\/span><\/span><\/span><span style=\"color: #000000;\"><span style=\"font-family: Work Sans, serif;\"><span style=\"font-size: medium;\">RgVeda I, 4, 1<\/span><\/span><\/span><\/p>\n<p class=\"western\" align=\"justify\"><span style=\"color: #000000;\"><span style=\"font-family: Work Sans, serif;\"><span style=\"font-size: medium;\"><i>Au-del\u00e0 du grand (Soi), il y a le non manifest\u00e9 et au-del\u00e0 du non manifest\u00e9 il y a l\u2019Homme cosmique (purusa). Au-del\u00e0 de l\u2019Homme cosmique, il n\u2019y a rien : il est le terme, la destination supr\u00eame. <\/i><\/span><\/span><\/span><span style=\"color: #000000;\"><span style=\"font-family: Work Sans, serif;\"><span style=\"font-size: medium;\">Katha Upanisad 3, 11<\/span><\/span><\/span><\/p>\n<p class=\"western\" align=\"justify\"><span style=\"color: #000000;\"><span style=\"font-family: Work Sans, serif;\"><span style=\"font-size: medium;\"><i>Cet Homme cosmique (purusa) qui demeure \u00e9veill\u00e9 dans ceux qui dorment et fa\u00e7onne d\u00e9sir apr\u00e8s d\u00e9sir, c\u2019est cela qui est pur, c\u2019est cela qui est Brahman, c\u2019est vraiment cela qu\u2019on appelle immortel ! C\u2019est sur Lui que tous les univers s\u2019appuient ; personne en v\u00e9rit\u00e9 ne va au-del\u00e0 de Cela. Ceci en v\u00e9rit\u00e9 est Cela ! <\/i><\/span><\/span><\/span><span style=\"color: #000000;\"><span style=\"font-family: Work Sans, serif;\"><span style=\"font-size: medium;\">Katha Upanisad 5, 8<\/span><\/span><\/span><\/p>\n<p class=\"western\" align=\"justify\"><span style=\"color: #000000;\"><span style=\"font-family: Work Sans, serif;\"><span style=\"font-size: medium;\"><i>Je connais cet Homme supr\u00eame (purusa), comme un Soleil au-del\u00e0 des t\u00e9n\u00e8bres. Celui qui l\u2019a reconnu passe au-del\u00e0 de la mort ; on ne conna\u00eet aucun autre chemin pour y aller. <\/i><\/span><\/span><\/span><span style=\"color: #000000;\"><span style=\"font-family: Work Sans, serif;\"><span style=\"font-size: medium;\">Svetasvatara Upanisad III, 8<\/span><\/span><\/span><\/p>\n<p class=\"western\" align=\"justify\"><span style=\"color: #000000;\"><span style=\"font-family: Work Sans, serif;\"><span style=\"font-size: medium;\">La\u00a0<\/span><\/span><\/span><span style=\"color: #000000;\"><span style=\"font-family: Work Sans, serif;\"><span style=\"font-size: medium;\"><i>Bhagavad Gita<\/i><\/span><\/span><\/span><span style=\"color: #000000;\"><span style=\"font-family: Work Sans, serif;\"><span style=\"font-size: medium;\">\u00a0consacre un chapitre entier \u00e0 l\u2019Homme cosmique.<\/span><\/span><\/span><\/p>\n<p class=\"western\" align=\"justify\"><i><span style=\"color: #000000;\"><span style=\"font-family: Work Sans, serif;\"><span style=\"font-size: medium;\">Comme Je suis au-del\u00e0 du destructible et que Je transcende m\u00eame l\u2019indestructible, Je suis donc connu dans la manifestation et dans le Veda comme l\u2019Homme cosmique.<\/span><\/span><\/span><\/i><\/p>\n<p class=\"western\" align=\"justify\"><span style=\"color: #000000;\"><span style=\"font-family: Work Sans, serif;\"><span style=\"font-size: medium;\"><i>Celui qui n\u2019est pas dupe et Me conna\u00eet comme l\u2019Homme cosmique, celui-l\u00e0 conna\u00eet tout et Me v\u00e9n\u00e8re de tout son \u00eatre, \u00f4 Bharata<\/i><\/span><\/span><\/span><span style=\"color: #000000;\"><span style=\"font-family: Work Sans, serif;\"><span style=\"font-size: medium;\">. Bhagavad Gita XV, 18-19<\/span><\/span><\/span><\/p>\n<p class=\"western\" align=\"justify\"><span style=\"color: #000000;\"><span style=\"font-family: Work Sans, serif;\"><span style=\"font-size: medium;\">Revenons un peu \u00e0 l\u2019Occident. Quoi qu\u2019on ait pu dire, l\u2019\u00c9gypte ancienne y demeure la m\u00e8re de toute la mouvance spirituelle. Une \u00e9tude s\u00e9rieuse et d\u00e9sencombr\u00e9e des grossiers pr\u00e9jug\u00e9s modernes, qui trouvent beaucoup leur source dans ce que les Juifs pr\u00e9tendent depuis environ 2600 ans, on r\u00e9alise \u00e0 quel point les grands sages et proph\u00e8tes \u00e9gyptiens avaient tout dit et annonc\u00e9 sous forme symbolique et crypt\u00e9e depuis 5000 ans. Le mythe th\u00e9ologique qu\u2019ils ont mis de l\u2019avant contenait d\u00e9j\u00e0 tout d\u00e8s le d\u00e9but et annon\u00e7ait l\u2019Homme cosmique. Ce mythe central \u00e9tait destin\u00e9 \u00e0 tous et l\u2019enseignement explicite se donnait dans le secret des temples \u00e0 une poign\u00e9e d\u2019\u00e9lus qualifi\u00e9s pour recevoir ce qu\u2019on appelle l\u2019initiation. Les grandes \u00e9poques de l\u2019histoire de l\u2019empire pharaonique ont vu certains changements dans le culte, la langue, l\u2019architecture et dans l\u2019accent mis sur telles ou telles divinit\u00e9s. Il ne s\u2019agissait jamais de caprices ou de luttes de pouvoir entre diverses factions du clerg\u00e9; cela refl\u00e9tait simplement les caract\u00e9ristiques des diverses \u00e8res zodiacales. Sans entrer dans les d\u00e9tails, fascinants mais qui d\u00e9borderaient l\u2019ampleur de ce pr\u00e9sent texte, qu\u2019il suffise de dire que ces moments charni\u00e8res furent les V<\/span><\/span><\/span><span style=\"color: #000000;\"><sup><span style=\"font-family: Work Sans, serif;\"><span style=\"font-size: medium;\">e<\/span><\/span><\/sup><\/span><span style=\"color: #000000;\"><span style=\"font-family: Work Sans, serif;\"><span style=\"font-size: medium;\">\u00a0et VI<\/span><\/span><\/span><span style=\"color: #000000;\"><sup><span style=\"font-family: Work Sans, serif;\"><span style=\"font-size: medium;\">e<\/span><\/span><\/sup><\/span><span style=\"color: #000000;\"><span style=\"font-family: Work Sans, serif;\"><span style=\"font-size: medium;\">\u00a0dynasties (Ancien Empire), les XI<\/span><\/span><\/span><span style=\"color: #000000;\"><sup><span style=\"font-family: Work Sans, serif;\"><span style=\"font-size: medium;\">e<\/span><\/span><\/sup><\/span><span style=\"color: #000000;\"><span style=\"font-family: Work Sans, serif;\"><span style=\"font-size: medium;\">\u00a0et XII<\/span><\/span><\/span><span style=\"color: #000000;\"><sup><span style=\"font-family: Work Sans, serif;\"><span style=\"font-size: medium;\">e<\/span><\/span><\/sup><\/span><span style=\"color: #000000;\"><span style=\"font-family: Work Sans, serif;\"><span style=\"font-size: medium;\">\u00a0dynasties (Moyen Empire), les XVIII<\/span><\/span><\/span><span style=\"color: #000000;\"><sup><span style=\"font-family: Work Sans, serif;\"><span style=\"font-size: medium;\">e<\/span><\/span><\/sup><\/span><span style=\"color: #000000;\"><span style=\"font-family: Work Sans, serif;\"><span style=\"font-size: medium;\">\u00a0et XIX<\/span><\/span><\/span><span style=\"color: #000000;\"><sup><span style=\"font-family: Work Sans, serif;\"><span style=\"font-size: medium;\">e<\/span><\/span><\/sup><\/span><span style=\"color: #000000;\"><span style=\"font-family: Work Sans, serif;\"><span style=\"font-size: medium;\">\u00a0dynasties (Nouvel Empire), et les XV<\/span><\/span><\/span><span style=\"color: #000000;\"><sup><span style=\"font-family: Work Sans, serif;\"><span style=\"font-size: medium;\">e<\/span><\/span><\/sup><\/span><span style=\"color: #000000;\"><span style=\"font-family: Work Sans, serif;\"><span style=\"font-size: medium;\">\u00a0et XVI<\/span><\/span><\/span><span style=\"color: #000000;\"><sup><span style=\"font-family: Work Sans, serif;\"><span style=\"font-size: medium;\">e<\/span><\/span><\/sup><\/span><span style=\"color: #000000;\"><span style=\"font-family: Work Sans, serif;\"><span style=\"font-size: medium;\">\u00a0dynasties sous les Ptol\u00e9m\u00e9es.<\/span><\/span><\/span><\/p>\n<p class=\"western\" align=\"justify\"><span style=\"color: #000000;\"><span style=\"font-family: Work Sans, serif;\"><span style=\"font-size: medium;\">Ces remaniements et adaptations de l\u2019enseignement ext\u00e9rieur ne modifiaient en rien le fond de la mythologie\u00a0: ils ont refl\u00e9t\u00e9 les caract\u00e9ristiques particuli\u00e8res de chaque p\u00e9riode et on peut voir que d\u00e8s le d\u00e9but les grands sages avaient vu tr\u00e8s loin, ils\u00a0<\/span><\/span><\/span><span style=\"color: #000000;\"><span style=\"font-family: Work Sans, serif;\"><span style=\"font-size: medium;\"><i>savaient<\/i><\/span><\/span><\/span><span style=\"color: #000000;\"><span style=\"font-family: Work Sans, serif;\"><span style=\"font-size: medium;\">. On distingue clairement l\u2019\u00e9volution du mythe vers l\u2019accomplissement de l\u2019Homme cosmique. Non qu\u2019il n\u2019y ait pas eu depuis le d\u00e9but des sages et des proph\u00e8tes incarnant cet Homme cosmique, mais l\u2019\u00e9volution mythologique refl\u00e9ta l\u2019\u00e9volution \u00e0 l\u2019int\u00e9rieur de chacun d\u2019entre nous. L\u2019av\u00e8nement du Christ souligna le plein accomplissement et l\u2019enseignement passa de la mythologie et d\u2019\u00e9l\u00e9ments cryptiques \u00e0 une r\u00e9v\u00e9lation ouverte et plus directe pour tous, du moins tous ceux qui \u00ab ont des oreilles pour entendre \u00bb. La notion de P\u00e8re, de Fils et d\u2019Esprit saint se retrouvait d\u00e8s le d\u00e9but de l\u2019Empire pharaonique. Le P\u00e8re repr\u00e9sente l\u2019Absolu, l\u2019Esprit saint est le germe, le Verbe, le ferment qui fait surgir le Fils, ce m\u00eame Absolu pleinement incarn\u00e9 et r\u00e9alis\u00e9 sur terre, l\u2019Homme cosmique de l\u2019Inde traditionnelle, l\u2019Homme royal de l\u2019ancienne \u00c9gypte. Tel est le fondement de la notion chr\u00e9tienne de Sainte Trinit\u00e9. Dans le mythe d\u2019Osiris, d\u2019Isis et de Horus, celui-ci repr\u00e9sente l\u2019homme royal accompli. Quant \u00e0 la Vierge, elle est bien pr\u00e9sente en \u00c9gypte ancienne, qu\u2019elle ait le nom de Hathor (litt\u00e9ralement \u00ab le r\u00e9ceptacle de Horus \u00bb), Isis ou autre. La \u00ab r\u00e9surrection \u00bb de J\u00e9sus est \u00e0 l\u2019image de celle d\u2019Osiris.<\/span><\/span><\/span><\/p>\n<p class=\"western\" align=\"justify\"><span style=\"font-family: Work Sans, serif;\"><span style=\"font-size: medium;\">Il convient ici de nous pencher un peu sur un fait important de la vie de J\u00e9sus que les \u00e9vangiles ont compl\u00e8tement pass\u00e9 sous silence. On mentionne qu\u2019il arriva en \u00c9gypte encore b\u00e9b\u00e9 et ne r\u00e9apparut en Palestine qu\u2019au moins vingt-cinq ans plus tard. Il est raisonnable de penser qu\u2019il y demeura tout ce temps. Qu\u2019y fit-il donc alors ? Lorsqu\u2019il se manifesta en Galil\u00e9e, il montra imm\u00e9diatement \u00eatre le Christ incarn\u00e9, l\u2019Homme cosmique. N\u2019est-il pas raisonnable, plausible et m\u00eame tr\u00e8s probable que J\u00e9sus fut initi\u00e9 dans les temples \u00e9gyptiens et mis au contact de l\u2019enseignement des sages ? D\u2019autant plus que l\u2019enseignement du Christ d\u00e9tonne profond\u00e9ment par rapport au dieu infantile, irascible, vengeur et violent de l\u2019Ancien Testament. J\u00e9sus a tout simplement habill\u00e9 un peu son discours pour l\u2019adapter \u00e0 l\u2019environnement dans lequel il se manifesta, celui de la religion juive.<\/span><\/span><\/p>\n<p class=\"western\" align=\"justify\"><span style=\"color: #000000;\"><span style=\"font-family: Work Sans, serif;\"><span style=\"font-size: medium;\">D\u2019autre part, le rapprochement peut aussi \u00eatre fait avec la transmission authentique de cette Connaissance dans les quatre premiers si\u00e8cles qui ont suivi, transmission qui s\u2019est faite en Haute-\u00c9gypte, avec les anachor\u00e8tes, les premi\u00e8res abbayes chr\u00e9tiennes, les P\u00e8res du d\u00e9sert. C\u2019est d\u2019ailleurs dans le d\u00e9sert de Haute-\u00c9gypte, \u00e0 Nag Hammadi, qu\u2019on d\u00e9couvrit, en 1945, des textes fondamentaux r\u00e9dig\u00e9s en langue copte au IV<\/span><\/span><\/span><span style=\"color: #000000;\"><sup><span style=\"font-family: Work Sans, serif;\"><span style=\"font-size: medium;\">e<\/span><\/span><\/sup><\/span><span style=\"color: #000000;\"><span style=\"font-family: Work Sans, serif;\"><span style=\"font-size: medium;\"> si\u00e8cle et non alt\u00e9r\u00e9s depuis, des textes qui tranchent souvent radicalement avec ce que racontent les \u00e9vangiles canoniques. L\u2019\u00c9vangile de Thomas constitue certes le plus remarquable de ces textes et est en parfaite harmonie avec toute la spiritualit\u00e9 profonde l\u2019Orient. Absolument rien \u00e0 voir avec le proph\u00e9tisme juif ! D\u2019autre part de tr\u00e8s nombreux \u00e9l\u00e9ments (objets, rituels, etc.) de la liturgie catholique qui ont encore cours aujourd\u2019hui ont leur origine dans l\u2019ancienne \u00c9gypte.<\/span><\/span><\/span><\/p>\n<p class=\"western\" align=\"justify\">La parole \u00e9vang\u00e9lique authentique, celle qui n\u2019a pas \u00e9t\u00e9 d\u00e9natur\u00e9e par ceux qui ont cr\u00e9\u00e9 et perp\u00e9tu\u00e9 la religion que nous connaissons, avec ses dogmes infantiles, ses assertions absurdes, sa vision d\u2019un dieu s\u00e9par\u00e9 de l\u2019homme qui r\u00e9compense et punit, cette parole \u00e9vang\u00e9lique pure et originelle demeure in\u00e9gal\u00e9e en Occident et rayonne comme un v\u00e9ritable aboutissement, comme nous le disions, un couronnement de ce qui s\u2019acheminait depuis des milliers d\u2019ann\u00e9es en ancienne \u00c9gypte de fa\u00e7on symbolique dans leur g\u00e9om\u00e9trie sacr\u00e9e et de fa\u00e7on herm\u00e9tique dans le secret des temples.<\/p>\n<p class=\"sdendnote-western\" align=\"center\">Illustration :\u00a0L\u2019Homme cosmique d\u2019apr\u00e8s Hildegard von Bingen<\/p>\n<p class=\"sdendnote-western\" align=\"center\"><br clear=\"left\" \/><img loading=\"lazy\" decoding=\"async\" class=\"\" src=\"https:\/\/www.jeanbouchartdorval.com\/_cms\/media\/hildegrd-homme-cosmique.jpg\" alt=\"hildegrd-homme-cosmique\" width=\"439\" height=\"596\" \/> <br clear=\"left\" \/><span style=\"color: #000000;\"><span style=\"font-family: Work Sans, serif;\"><span style=\"font-size: medium;\">L\u00e9on Tolsto\u00ef, grand pourfendeur de tout ce qu\u2019il y avait de faux et d\u2019hypocrite dans la religion officielle de son temps, <\/span><\/span><\/span><span style=\"color: #000000;\"><span style=\"font-family: Work Sans, serif;\"><span style=\"font-size: medium;\">avai<\/span><\/span><\/span><span style=\"color: #000000;\"><span style=\"font-family: Work Sans, serif;\"><span style=\"font-size: medium;\">t dans la derni\u00e8re p\u00e9riode d\u2019une vie bien remplie, une r\u00e9v\u00e9rence fort bien sentie et des paroles merveilleuses envers les \u00e9vangiles, lorsqu\u2019ils sont v\u00e9cus. Il avan\u00e7ait volontiers qu\u2019ils sont de nature \u00e0 renouveler la terre, ajoutant que la force d\u2019une r\u00e9volution ne r\u00e9side pas dans la violence de ses moyens, mais dans la profondeur de ses vues.<\/span><\/span><\/span><\/p>\n<p class=\"western\" align=\"justify\"><span style=\"color: #000000;\"><span style=\"font-family: Work Sans, serif;\"><span style=\"font-size: medium;\">Ce qui est authentique dans les \u00e9vangiles, on peut le sentir soi-m\u00eame directement sans aucune ex\u00e9g\u00e8se, simplement en la lisant avec un c\u0153ur pur et un esprit clair et d\u00e9sencombr\u00e9, dans une m\u00e9ditation simple et profonde. D\u2019autre part, l\u2019\u00e9vangile de Thomas poss\u00e8de, entre autres m\u00e9rites, celui de corroborer ce ressenti int\u00e9rieur. On n\u2019y lit pas de r\u00e9cits de miracles, aucune r\u00e9f\u00e9rence \u00e0 un quelconque \u00ab peuple \u00e9lu \u00bb, une race choisie pour dominer la terre (cette inf\u00e2me b\u00eatise sans nom qui continue encore aujourd\u2019hui de g\u00e9n\u00e9rer et justifier les pires crimes contre l\u2019humanit\u00e9), pas de r\u00e9cits de fin des temps (dans cet \u00e9vangile, le Christ ram\u00e8ne constamment notre attention \u00e0 ce qui est ici et maintenant), aucun r\u00e9cit de crucifixion et de r\u00e9surrection d\u2019un cadavre, on n\u2019y trouve que pure Connaissance. De plus, cet enseignement est en superbe r\u00e9sonance avec ce que l\u2019Inde, le tao\u00efsme et tout ce que l\u2019Orient nous a l\u00e9gu\u00e9 de plus authentiquent.<\/span><\/span><\/span><\/p>\n<p class=\"western\" align=\"justify\"><span style=\"color: #000000;\"><span style=\"font-family: Work Sans, serif;\"><span style=\"font-size: medium;\">Il n\u2019est pas du tout anecdotique ou anodin que J\u00e9sus ait pourfendu de fa\u00e7on si v\u00e9h\u00e9mente les pr\u00eatres, les l\u00e9vitiques et pharisiens de son \u00e9poque\u00a0: c\u2019est que son enseignement n\u2019avait rien \u00e0 voir avec la religion juive qui avait cours alors et qui s\u2019est perp\u00e9tu\u00e9e jusqu\u2019\u00e0 nos jours.<\/span><\/span><\/span><\/p>\n<p class=\"western\" align=\"justify\"><span style=\"color: #000000;\"><span style=\"font-family: Work Sans, serif;\"><span style=\"font-size: medium;\"><i>Les pharisiens et les scribes ont pris les cl\u00e9s de la connaissance et les ont cach\u00e9es. Ils ne sont pas entr\u00e9 et en ont emp\u00each\u00e9 ceux qui le voulaient. <\/i><\/span><\/span><\/span><span style=\"color: #000000;\"><span style=\"font-family: Work Sans, serif;\"><span style=\"font-size: medium;\">\u00c9vangile de Thomas 39<\/span><\/span><\/span><\/p>\n<p class=\"western\" align=\"justify\"><span style=\"color: #000000;\"><span style=\"font-family: Work Sans, serif;\"><span style=\"font-size: medium;\"><i>Malheureux pharisiens\u00a0! Ils ressemblent \u00e0 un chien couch\u00e9 dans la mangeoire des b\u0153ufs\u00a0: il ne mange pas ni ne laisse les b\u0153ufs manger. <\/i><\/span><\/span><\/span><span style=\"color: #000000;\"><span style=\"font-family: Work Sans, serif;\"><span style=\"font-size: medium;\">\u00c9vangile de Thomas 102<\/span><\/span><\/span><\/p>\n<p class=\"western\" align=\"justify\"><span style=\"color: #000000;\"><span style=\"font-family: Work Sans, serif;\"><span style=\"font-size: medium;\"><i>Malheur \u00e0 vous, scribes et pharisiens hypocrites\u00a0! parce que vous ressemblez \u00e0 des s\u00e9pulcres blanchis, qui paraissent beaux par dehors, mais qui, au-dedans sont remplis d&rsquo;ossements de morts et de toute impuret\u00e9. <\/i><\/span><\/span><\/span><span style=\"color: #000000;\"><span style=\"font-family: Work Sans, serif;\"><span style=\"font-size: medium;\">\u00c9vangile de Matthieu 23, 27<\/span><\/span><\/span><\/p>\n<p class=\"western\" align=\"justify\"><span style=\"color: #000000;\"><span style=\"font-family: Work Sans, serif;\"><span style=\"font-size: medium;\">Voil\u00e0 pourquoi j\u2019affirme que notre tradition spirituelle occidentale est fondamentalement\u00a0<\/span><\/span><\/span><span style=\"color: #000000;\"><span style=\"font-family: Work Sans, serif;\"><span style=\"font-size: medium;\"><i>\u00e9gypto-chr\u00e9tienne<\/i><\/span><\/span><\/span><span style=\"color: #000000;\"><span style=\"font-family: Work Sans, serif;\"><span style=\"font-size: medium;\">\u00a0et non jud\u00e9o-chr\u00e9tienne.<\/span><\/span><\/span><\/p>\n<p class=\"western\" align=\"justify\"><span style=\"color: #000000;\"><span style=\"font-family: Work Sans, serif;\"><span style=\"font-size: medium;\">Cela dit, la religion catholique, comme toutes les religions ext\u00e9rieures, n\u2019a pas \u00e0 dispara\u00eetre enti\u00e8rement, m\u00eame si elle m\u00e9riterait un tr\u00e8s s\u00e9rieux rafra\u00eechissement et un v\u00e9ritable retour aux sources. De tout temps et dans toutes les contr\u00e9es, y compris en ancienne \u00c9gypte, il y exista toujours deux voies de salut\u00a0: la voie ext\u00e9rieure pour le grand nombre et la voie int\u00e9rieure pour le petit nombre. La voie ext\u00e9rieure est celle des mythes, des l\u00e9gendes, des rituels et de ce qu\u2019on appelle g\u00e9n\u00e9ralement le \u00ab foi \u00bb au sens de croyance, mauvaise traduction de\u00a0<\/span><\/span><\/span><span style=\"color: #000000;\"><span style=\"font-family: Work Sans, serif;\"><span style=\"font-size: medium;\"><i>fides<\/i><\/span><\/span><\/span><span style=\"color: #000000;\"><span style=\"font-family: Work Sans, serif;\"><span style=\"font-size: medium;\">. En \u00c9gypte, c\u2019\u00e9tait la voie dite d\u2019Osiris, celle qui parlait de jugement des morts et de r\u00e9incarnation. La voie int\u00e9rieure est celle des authentiques mystiques, de ceux qui ont \u00e9t\u00e9 profond\u00e9ment boulevers\u00e9s par l\u2019\u00e9vidence de leur nature v\u00e9ritable en tant que pure Lumi\u00e8re consciente. C\u2019est la voie de la v\u00e9ritable\u00a0<\/span><\/span><\/span><span style=\"color: #000000;\"><span style=\"font-family: Work Sans, serif;\"><span style=\"font-size: medium;\"><i>fides<\/i><\/span><\/span><\/span><span style=\"color: #000000;\"><span style=\"font-family: Work Sans, serif;\"><span style=\"font-size: medium;\">, qui n\u2019est pas une croyance, mais une confiance, une \u00e9vidence, une certitude. En \u00c9gypte, c\u2019\u00e9tait la voie dite de Horus, dont la figure annon\u00e7ait d\u00e9j\u00e0 celle du Christ en tant qu\u2019Homme cosmique n\u00e9 d\u2019une Vierge (Isis). Soit dit en passant, Ma\u00eetre Eckart a merveilleusement bien expliqu\u00e9 dans ses fameux sermons cette notion de Vierge, son sens v\u00e9ritable. Quoi qu\u2019il en soit, la religion fut longtemps, particuli\u00e8rement au Moyen \u00c2ge europ\u00e9en, un ferment d\u2019union des peuples et une sorte de garant de l\u2019ordre public, d\u2019o\u00f9 la collaboration avec les pouvoirs temporels.<\/span><\/span><\/span><\/p>\n<p class=\"western\" align=\"justify\"><span style=\"color: #000000;\"><span style=\"font-family: Work Sans, serif;\"><span style=\"font-size: medium;\"><i>Voici les paroles secr\u00e8tes que J\u00e9sus Vivant a prononc\u00e9es et qu\u2019a transcrites Didyme Judas Thomas.<\/i><\/span><\/span><\/span><\/p>\n<p class=\"western\" align=\"justify\"><span style=\"color: #000000;\"><span style=\"font-family: Work Sans, serif;\"><span style=\"font-size: medium;\"><i>J\u00e9sus a dit\u00a0: \u00ab\u00a0Celui qui d\u00e9couvrira le sens de ces paroles ne go\u00fbtera pas \u00e0 la mort.\u00a0\u00bb<\/i><\/span><\/span><\/span><\/p>\n<p class=\"western\" align=\"justify\"><span style=\"color: #000000;\"><span style=\"font-family: Work Sans, serif;\"><span style=\"font-size: medium;\"><i>J\u00e9sus a dit\u00a0: \u00ab\u00a0Que celui qui cherche n\u2019arr\u00eate pas de chercher, jusqu\u2019\u00e0 ce qu\u2019il trouve. Quand il aura trouv\u00e9, il sera boulevers\u00e9 et, \u00e9tant boulevers\u00e9, il sera \u00e9merveill\u00e9 et il r\u00e9gnera sur le Tout.\u00a0\u00bb<\/i><\/span><\/span><\/span><\/p>\n<p class=\"western\" align=\"justify\"><span style=\"color: #000000;\"><span style=\"font-family: Work Sans, serif;\"><span style=\"font-size: medium;\"><i>J\u00e9sus a dit\u00a0: \u00ab\u00a0Si vos guides vous disent que le Royaume est dans le ciel, alors les oiseaux du ciel vous devanceront. S\u2019ils vous disent qu\u2019il est dans la mer, alors les poissons vous devanceront. Mais le Royaume est en vous et hors de vous. Quand vous vous serez connu, alors vous serez ce qui est connu et vous saurez que vous \u00eates les enfants du P\u00e8re Vivant. Mais si vous ne vous connaissez pas, alors vous \u00eates dans la pauvret\u00e9, vous \u00eates la pauvret\u00e9\u00a0\u00bb. <\/i><\/span><\/span><\/span><span style=\"color: #000000;\"><span style=\"font-family: Work Sans, serif;\"><span style=\"font-size: medium;\">\u00c9vangile de Thomas 1-3<\/span><\/span><\/span><\/p>\n<p class=\"western\" align=\"justify\"><span style=\"color: #000000;\">Texte original\u00a0: <\/span><span style=\"color: #000080;\"><u><a href=\"https:\/\/www.jeanbouchartdorval.com\/textes\/?post=le-christ-et-l-039-homme-cosmique\" target=\"_blank\" rel=\"noopener\"><span style=\"color: #000000;\">https:\/\/www.jeanbouchartdorval.com\/textes\/?post=le-christ-et-l-039-homme-cosmique<\/span><\/a><\/u><\/span><\/p>\n<p align=\"justify\">__________________________<\/p>\n<div id=\"sdendnote1\">\n<p class=\"sdendnote-western\" align=\"justify\"><a class=\"sdendnotesym\" href=\"#sdendnote1anc\" name=\"sdendnote1sym\">i<\/a> <span style=\"color: #000000;\"><span style=\"font-family: Work Sans, serif;\"><span style=\"font-size: medium;\">Associer cet hymne \u00e0 la forme d\u2019humanisme qui flatte tant l\u2019orgueil des intellectuels occidentaux depuis des si\u00e8cles serait retomber dans la m\u00eame erreur que Jean-Paul Sartre, qui, n\u2019ayant pas compris grand-chose \u00e0 l\u2019enseignement de Martin Heidegger, r\u00e9pandit une pens\u00e9e sans lumi\u00e8re qui entra\u00eena toute une g\u00e9n\u00e9ration d\u2019intellectuels fran\u00e7ais dans d\u2019\u00e9pais brouillards. Heidegger a toujours parl\u00e9 de l\u2019\u00catre, alors que Sartre pensait \u00e0 un \u00ab \u00e9tant \u00bb, \u00e0 l\u2019homme individuel, la cr\u00e9ature fictive que la plupart des \u00eatres humains croient \u00eatre.<\/span><\/span><\/span><\/p>\n<\/div>\n","protected":false},"excerpt":{"rendered":"<p>L\u2019Homme cosmique est r\u00e9el, c\u2019est notre nature v\u00e9ritable maintenant et \u00e0 jamais, alors que l\u2019homme individuel est un ramassis d\u2019images, une histoire que nous nous racontons, un peu comme le personnage que nous croyons \u00eatre dans l\u2019\u00e9tat de r\u00eave. La seule r\u00e9alit\u00e9 est l\u2019Homme cosmique.<\/p>\n","protected":false},"author":2,"featured_media":21105,"comment_status":"closed","ping_status":"closed","sticky":false,"template":"","format":"standard","meta":{"footnotes":""},"categories":[83],"tags":[136,164,277],"class_list":["post-21104","post","type-post","status-publish","format-standard","has-post-thumbnail","hentry","category-j-bouchart-dorval","tag-connaissance-de-soi","tag-realisation","tag-tradition"],"yoast_head":"<!-- This site is optimized with the Yoast SEO plugin v27.0 - https:\/\/yoast.com\/product\/yoast-seo-wordpress\/ -->\n<title>Le Christ et l&#039;homme cosmique par Jean Bouchart d\u2019Orval - 3e mill\u00e9naire - Spiritualit\u00e9 - Connaissance de soi - Non-dualit\u00e9 - M\u00e9ditation<\/title>\n<meta name=\"robots\" content=\"index, follow, max-snippet:-1, max-image-preview:large, max-video-preview:-1\" \/>\n<link rel=\"canonical\" href=\"https:\/\/www.revue3emillenaire.com\/blog\/le-christ-et-lhomme-cosmique-par-jean-bouchart-dorval\/\" \/>\n<meta property=\"og:locale\" content=\"fr_FR\" \/>\n<meta property=\"og:type\" content=\"article\" \/>\n<meta property=\"og:title\" content=\"Le Christ et l&#039;homme cosmique par Jean Bouchart d\u2019Orval - 3e mill\u00e9naire - Spiritualit\u00e9 - Connaissance de soi - Non-dualit\u00e9 - M\u00e9ditation\" \/>\n<meta property=\"og:description\" content=\"L\u2019Homme cosmique est r\u00e9el, c\u2019est notre nature v\u00e9ritable maintenant et \u00e0 jamais, alors que l\u2019homme individuel est un ramassis d\u2019images, une histoire que nous nous racontons, un peu comme le personnage que nous croyons \u00eatre dans l\u2019\u00e9tat de r\u00eave. La seule r\u00e9alit\u00e9 est l\u2019Homme cosmique.\" \/>\n<meta property=\"og:url\" content=\"https:\/\/www.revue3emillenaire.com\/blog\/le-christ-et-lhomme-cosmique-par-jean-bouchart-dorval\/\" \/>\n<meta property=\"og:site_name\" content=\"3e mill\u00e9naire - Spiritualit\u00e9 - Connaissance de soi - Non-dualit\u00e9 - M\u00e9ditation\" \/>\n<meta property=\"article:published_time\" content=\"2026-01-28T15:21:32+00:00\" \/>\n<meta property=\"article:modified_time\" content=\"2026-01-29T12:53:12+00:00\" \/>\n<meta property=\"og:image\" content=\"https:\/\/www.revue3emillenaire.com\/blog\/wp-content\/uploads\/2026\/01\/Jean-Bouchart-DOrval.jpg\" \/>\n\t<meta property=\"og:image:width\" content=\"387\" \/>\n\t<meta property=\"og:image:height\" content=\"476\" \/>\n\t<meta property=\"og:image:type\" content=\"image\/jpeg\" \/>\n<meta name=\"author\" content=\"3e mill\u00e9naire\" \/>\n<meta name=\"twitter:card\" content=\"summary_large_image\" \/>\n<meta name=\"twitter:label1\" content=\"\u00c9crit par\" \/>\n\t<meta name=\"twitter:data1\" content=\"3e mill\u00e9naire\" \/>\n\t<meta name=\"twitter:label2\" content=\"Dur\u00e9e de lecture estim\u00e9e\" \/>\n\t<meta name=\"twitter:data2\" content=\"15 minutes\" \/>\n<script type=\"application\/ld+json\" class=\"yoast-schema-graph\">{\"@context\":\"https:\/\/schema.org\",\"@graph\":[{\"@type\":\"Article\",\"@id\":\"https:\/\/www.revue3emillenaire.com\/blog\/le-christ-et-lhomme-cosmique-par-jean-bouchart-dorval\/#article\",\"isPartOf\":{\"@id\":\"https:\/\/www.revue3emillenaire.com\/blog\/le-christ-et-lhomme-cosmique-par-jean-bouchart-dorval\/\"},\"author\":{\"name\":\"3e mill\u00e9naire\",\"@id\":\"https:\/\/www.revue3emillenaire.com\/blog\/#\/schema\/person\/b692dacff720a5344a6190bc714397eb\"},\"headline\":\"Le Christ et l&rsquo;homme cosmique par Jean Bouchart d\u2019Orval\",\"datePublished\":\"2026-01-28T15:21:32+00:00\",\"dateModified\":\"2026-01-29T12:53:12+00:00\",\"mainEntityOfPage\":{\"@id\":\"https:\/\/www.revue3emillenaire.com\/blog\/le-christ-et-lhomme-cosmique-par-jean-bouchart-dorval\/\"},\"wordCount\":3340,\"image\":{\"@id\":\"https:\/\/www.revue3emillenaire.com\/blog\/le-christ-et-lhomme-cosmique-par-jean-bouchart-dorval\/#primaryimage\"},\"thumbnailUrl\":\"https:\/\/www.revue3emillenaire.com\/blog\/wp-content\/uploads\/2026\/01\/Jean-Bouchart-DOrval.jpg\",\"keywords\":[\"connaissance de soi\",\"R\u00e9alisation\",\"Tradition\"],\"articleSection\":[\"Bouchart d'Orval Jean\"],\"inLanguage\":\"fr-FR\"},{\"@type\":\"WebPage\",\"@id\":\"https:\/\/www.revue3emillenaire.com\/blog\/le-christ-et-lhomme-cosmique-par-jean-bouchart-dorval\/\",\"url\":\"https:\/\/www.revue3emillenaire.com\/blog\/le-christ-et-lhomme-cosmique-par-jean-bouchart-dorval\/\",\"name\":\"Le Christ et l'homme cosmique par Jean Bouchart d\u2019Orval - 3e mill\u00e9naire - Spiritualit\u00e9 - Connaissance de soi - Non-dualit\u00e9 - M\u00e9ditation\",\"isPartOf\":{\"@id\":\"https:\/\/www.revue3emillenaire.com\/blog\/#website\"},\"primaryImageOfPage\":{\"@id\":\"https:\/\/www.revue3emillenaire.com\/blog\/le-christ-et-lhomme-cosmique-par-jean-bouchart-dorval\/#primaryimage\"},\"image\":{\"@id\":\"https:\/\/www.revue3emillenaire.com\/blog\/le-christ-et-lhomme-cosmique-par-jean-bouchart-dorval\/#primaryimage\"},\"thumbnailUrl\":\"https:\/\/www.revue3emillenaire.com\/blog\/wp-content\/uploads\/2026\/01\/Jean-Bouchart-DOrval.jpg\",\"datePublished\":\"2026-01-28T15:21:32+00:00\",\"dateModified\":\"2026-01-29T12:53:12+00:00\",\"author\":{\"@id\":\"https:\/\/www.revue3emillenaire.com\/blog\/#\/schema\/person\/b692dacff720a5344a6190bc714397eb\"},\"breadcrumb\":{\"@id\":\"https:\/\/www.revue3emillenaire.com\/blog\/le-christ-et-lhomme-cosmique-par-jean-bouchart-dorval\/#breadcrumb\"},\"inLanguage\":\"fr-FR\",\"potentialAction\":[{\"@type\":\"ReadAction\",\"target\":[\"https:\/\/www.revue3emillenaire.com\/blog\/le-christ-et-lhomme-cosmique-par-jean-bouchart-dorval\/\"]}]},{\"@type\":\"ImageObject\",\"inLanguage\":\"fr-FR\",\"@id\":\"https:\/\/www.revue3emillenaire.com\/blog\/le-christ-et-lhomme-cosmique-par-jean-bouchart-dorval\/#primaryimage\",\"url\":\"https:\/\/www.revue3emillenaire.com\/blog\/wp-content\/uploads\/2026\/01\/Jean-Bouchart-DOrval.jpg\",\"contentUrl\":\"https:\/\/www.revue3emillenaire.com\/blog\/wp-content\/uploads\/2026\/01\/Jean-Bouchart-DOrval.jpg\",\"width\":387,\"height\":476},{\"@type\":\"BreadcrumbList\",\"@id\":\"https:\/\/www.revue3emillenaire.com\/blog\/le-christ-et-lhomme-cosmique-par-jean-bouchart-dorval\/#breadcrumb\",\"itemListElement\":[{\"@type\":\"ListItem\",\"position\":1,\"name\":\"Accueil\",\"item\":\"https:\/\/www.revue3emillenaire.com\/blog\/\"},{\"@type\":\"ListItem\",\"position\":2,\"name\":\"Le Christ et l&rsquo;homme cosmique par Jean Bouchart d\u2019Orval\"}]},{\"@type\":\"WebSite\",\"@id\":\"https:\/\/www.revue3emillenaire.com\/blog\/#website\",\"url\":\"https:\/\/www.revue3emillenaire.com\/blog\/\",\"name\":\"3e mill\u00e9naire - Spiritualit\u00e9 - Connaissance de soi - Non-dualit\u00e9 - M\u00e9ditation\",\"description\":\"L&#039;Homme en devenir\",\"potentialAction\":[{\"@type\":\"SearchAction\",\"target\":{\"@type\":\"EntryPoint\",\"urlTemplate\":\"https:\/\/www.revue3emillenaire.com\/blog\/?s={search_term_string}\"},\"query-input\":{\"@type\":\"PropertyValueSpecification\",\"valueRequired\":true,\"valueName\":\"search_term_string\"}}],\"inLanguage\":\"fr-FR\"},{\"@type\":\"Person\",\"@id\":\"https:\/\/www.revue3emillenaire.com\/blog\/#\/schema\/person\/b692dacff720a5344a6190bc714397eb\",\"name\":\"3e mill\u00e9naire\",\"url\":\"https:\/\/www.revue3emillenaire.com\/blog\/author\/scoussa\/\"}]}<\/script>\n<!-- \/ Yoast SEO plugin. -->","yoast_head_json":{"title":"Le Christ et l'homme cosmique par Jean Bouchart d\u2019Orval - 3e mill\u00e9naire - Spiritualit\u00e9 - Connaissance de soi - Non-dualit\u00e9 - M\u00e9ditation","robots":{"index":"index","follow":"follow","max-snippet":"max-snippet:-1","max-image-preview":"max-image-preview:large","max-video-preview":"max-video-preview:-1"},"canonical":"https:\/\/www.revue3emillenaire.com\/blog\/le-christ-et-lhomme-cosmique-par-jean-bouchart-dorval\/","og_locale":"fr_FR","og_type":"article","og_title":"Le Christ et l'homme cosmique par Jean Bouchart d\u2019Orval - 3e mill\u00e9naire - Spiritualit\u00e9 - Connaissance de soi - Non-dualit\u00e9 - M\u00e9ditation","og_description":"L\u2019Homme cosmique est r\u00e9el, c\u2019est notre nature v\u00e9ritable maintenant et \u00e0 jamais, alors que l\u2019homme individuel est un ramassis d\u2019images, une histoire que nous nous racontons, un peu comme le personnage que nous croyons \u00eatre dans l\u2019\u00e9tat de r\u00eave. La seule r\u00e9alit\u00e9 est l\u2019Homme cosmique.","og_url":"https:\/\/www.revue3emillenaire.com\/blog\/le-christ-et-lhomme-cosmique-par-jean-bouchart-dorval\/","og_site_name":"3e mill\u00e9naire - Spiritualit\u00e9 - Connaissance de soi - Non-dualit\u00e9 - M\u00e9ditation","article_published_time":"2026-01-28T15:21:32+00:00","article_modified_time":"2026-01-29T12:53:12+00:00","og_image":[{"width":387,"height":476,"url":"https:\/\/www.revue3emillenaire.com\/blog\/wp-content\/uploads\/2026\/01\/Jean-Bouchart-DOrval.jpg","type":"image\/jpeg"}],"author":"3e mill\u00e9naire","twitter_card":"summary_large_image","twitter_misc":{"\u00c9crit par":"3e mill\u00e9naire","Dur\u00e9e de lecture estim\u00e9e":"15 minutes"},"schema":{"@context":"https:\/\/schema.org","@graph":[{"@type":"Article","@id":"https:\/\/www.revue3emillenaire.com\/blog\/le-christ-et-lhomme-cosmique-par-jean-bouchart-dorval\/#article","isPartOf":{"@id":"https:\/\/www.revue3emillenaire.com\/blog\/le-christ-et-lhomme-cosmique-par-jean-bouchart-dorval\/"},"author":{"name":"3e mill\u00e9naire","@id":"https:\/\/www.revue3emillenaire.com\/blog\/#\/schema\/person\/b692dacff720a5344a6190bc714397eb"},"headline":"Le Christ et l&rsquo;homme cosmique par Jean Bouchart d\u2019Orval","datePublished":"2026-01-28T15:21:32+00:00","dateModified":"2026-01-29T12:53:12+00:00","mainEntityOfPage":{"@id":"https:\/\/www.revue3emillenaire.com\/blog\/le-christ-et-lhomme-cosmique-par-jean-bouchart-dorval\/"},"wordCount":3340,"image":{"@id":"https:\/\/www.revue3emillenaire.com\/blog\/le-christ-et-lhomme-cosmique-par-jean-bouchart-dorval\/#primaryimage"},"thumbnailUrl":"https:\/\/www.revue3emillenaire.com\/blog\/wp-content\/uploads\/2026\/01\/Jean-Bouchart-DOrval.jpg","keywords":["connaissance de soi","R\u00e9alisation","Tradition"],"articleSection":["Bouchart d'Orval Jean"],"inLanguage":"fr-FR"},{"@type":"WebPage","@id":"https:\/\/www.revue3emillenaire.com\/blog\/le-christ-et-lhomme-cosmique-par-jean-bouchart-dorval\/","url":"https:\/\/www.revue3emillenaire.com\/blog\/le-christ-et-lhomme-cosmique-par-jean-bouchart-dorval\/","name":"Le Christ et l'homme cosmique par Jean Bouchart d\u2019Orval - 3e mill\u00e9naire - Spiritualit\u00e9 - Connaissance de soi - Non-dualit\u00e9 - M\u00e9ditation","isPartOf":{"@id":"https:\/\/www.revue3emillenaire.com\/blog\/#website"},"primaryImageOfPage":{"@id":"https:\/\/www.revue3emillenaire.com\/blog\/le-christ-et-lhomme-cosmique-par-jean-bouchart-dorval\/#primaryimage"},"image":{"@id":"https:\/\/www.revue3emillenaire.com\/blog\/le-christ-et-lhomme-cosmique-par-jean-bouchart-dorval\/#primaryimage"},"thumbnailUrl":"https:\/\/www.revue3emillenaire.com\/blog\/wp-content\/uploads\/2026\/01\/Jean-Bouchart-DOrval.jpg","datePublished":"2026-01-28T15:21:32+00:00","dateModified":"2026-01-29T12:53:12+00:00","author":{"@id":"https:\/\/www.revue3emillenaire.com\/blog\/#\/schema\/person\/b692dacff720a5344a6190bc714397eb"},"breadcrumb":{"@id":"https:\/\/www.revue3emillenaire.com\/blog\/le-christ-et-lhomme-cosmique-par-jean-bouchart-dorval\/#breadcrumb"},"inLanguage":"fr-FR","potentialAction":[{"@type":"ReadAction","target":["https:\/\/www.revue3emillenaire.com\/blog\/le-christ-et-lhomme-cosmique-par-jean-bouchart-dorval\/"]}]},{"@type":"ImageObject","inLanguage":"fr-FR","@id":"https:\/\/www.revue3emillenaire.com\/blog\/le-christ-et-lhomme-cosmique-par-jean-bouchart-dorval\/#primaryimage","url":"https:\/\/www.revue3emillenaire.com\/blog\/wp-content\/uploads\/2026\/01\/Jean-Bouchart-DOrval.jpg","contentUrl":"https:\/\/www.revue3emillenaire.com\/blog\/wp-content\/uploads\/2026\/01\/Jean-Bouchart-DOrval.jpg","width":387,"height":476},{"@type":"BreadcrumbList","@id":"https:\/\/www.revue3emillenaire.com\/blog\/le-christ-et-lhomme-cosmique-par-jean-bouchart-dorval\/#breadcrumb","itemListElement":[{"@type":"ListItem","position":1,"name":"Accueil","item":"https:\/\/www.revue3emillenaire.com\/blog\/"},{"@type":"ListItem","position":2,"name":"Le Christ et l&rsquo;homme cosmique par Jean Bouchart d\u2019Orval"}]},{"@type":"WebSite","@id":"https:\/\/www.revue3emillenaire.com\/blog\/#website","url":"https:\/\/www.revue3emillenaire.com\/blog\/","name":"3e mill\u00e9naire - Spiritualit\u00e9 - Connaissance de soi - Non-dualit\u00e9 - M\u00e9ditation","description":"L&#039;Homme en devenir","potentialAction":[{"@type":"SearchAction","target":{"@type":"EntryPoint","urlTemplate":"https:\/\/www.revue3emillenaire.com\/blog\/?s={search_term_string}"},"query-input":{"@type":"PropertyValueSpecification","valueRequired":true,"valueName":"search_term_string"}}],"inLanguage":"fr-FR"},{"@type":"Person","@id":"https:\/\/www.revue3emillenaire.com\/blog\/#\/schema\/person\/b692dacff720a5344a6190bc714397eb","name":"3e mill\u00e9naire","url":"https:\/\/www.revue3emillenaire.com\/blog\/author\/scoussa\/"}]}},"_links":{"self":[{"href":"https:\/\/www.revue3emillenaire.com\/blog\/wp-json\/wp\/v2\/posts\/21104","targetHints":{"allow":["GET"]}}],"collection":[{"href":"https:\/\/www.revue3emillenaire.com\/blog\/wp-json\/wp\/v2\/posts"}],"about":[{"href":"https:\/\/www.revue3emillenaire.com\/blog\/wp-json\/wp\/v2\/types\/post"}],"author":[{"embeddable":true,"href":"https:\/\/www.revue3emillenaire.com\/blog\/wp-json\/wp\/v2\/users\/2"}],"replies":[{"embeddable":true,"href":"https:\/\/www.revue3emillenaire.com\/blog\/wp-json\/wp\/v2\/comments?post=21104"}],"version-history":[{"count":0,"href":"https:\/\/www.revue3emillenaire.com\/blog\/wp-json\/wp\/v2\/posts\/21104\/revisions"}],"wp:featuredmedia":[{"embeddable":true,"href":"https:\/\/www.revue3emillenaire.com\/blog\/wp-json\/wp\/v2\/media\/21105"}],"wp:attachment":[{"href":"https:\/\/www.revue3emillenaire.com\/blog\/wp-json\/wp\/v2\/media?parent=21104"}],"wp:term":[{"taxonomy":"category","embeddable":true,"href":"https:\/\/www.revue3emillenaire.com\/blog\/wp-json\/wp\/v2\/categories?post=21104"},{"taxonomy":"post_tag","embeddable":true,"href":"https:\/\/www.revue3emillenaire.com\/blog\/wp-json\/wp\/v2\/tags?post=21104"}],"curies":[{"name":"wp","href":"https:\/\/api.w.org\/{rel}","templated":true}]}}