{"id":21107,"date":"2026-01-29T21:01:27","date_gmt":"2026-01-29T20:01:27","guid":{"rendered":"https:\/\/www.revue3emillenaire.com\/blog\/?p=21107"},"modified":"2026-01-29T21:01:27","modified_gmt":"2026-01-29T20:01:27","slug":"le-mystere-non-resolu-de-la-propagation-des-virus-et-pourquoi-la-theorie-des-germes-nest-pas-la-reponse-complete-par-clare-craig","status":"publish","type":"post","link":"https:\/\/www.revue3emillenaire.com\/blog\/le-mystere-non-resolu-de-la-propagation-des-virus-et-pourquoi-la-theorie-des-germes-nest-pas-la-reponse-complete-par-clare-craig\/","title":{"rendered":"Le myst\u00e8re non r\u00e9solu de la propagation des virus \u2014 et pourquoi la th\u00e9orie des germes n\u2019est pas la r\u00e9ponse compl\u00e8te par Clare Craig"},"content":{"rendered":"<p class=\"western\" align=\"justify\">Depuis plus d\u2019un si\u00e8cle, les scientifiques <span style=\"color: #000000;\">peinent \u00e0 d\u00e9montrer<\/span> la contagion virale. Le mod\u00e8le actuel de transmission virale comporte des lacunes importantes, mais celles-ci ne justifient pas pour autant de rejeter le concept de virus. Nous avons besoin d\u2019un nouveau mod\u00e8le qui corresponde aux preuves. Je pr\u00e9sente ici les preuves pour et contre le mod\u00e8le actuel et sugg\u00e8re un moyen de concilier les contradictions apparentes.<\/p>\n<p class=\"western\" align=\"justify\"><b>Preuves en faveur de la contagion virale<\/b><\/p>\n<p class=\"western\" style=\"padding-left: 80px;\" align=\"justify\">1. <b>Le mat\u00e9riel g\u00e9n\u00e9tique viral appara\u00eet dans des groupes de personnes malades.<\/b> Les s\u00e9quences correspondent. Elles changent au fil du temps avec de nouvelles mutations de mani\u00e8re coh\u00e9rente, sans revenir en arri\u00e8re. M\u00eame si les tests ne sont pas parfaits, les personnes dont les tests sont positifs sont beaucoup plus susceptibles d\u2019\u00eatre malades que celles dont les tests sont n\u00e9gatifs.<\/p>\n<p class=\"western\" style=\"padding-left: 80px;\" align=\"justify\">2. <b>Les virus ont \u00e9t\u00e9 bien d\u00e9crits.<\/b> M\u00eame si les m\u00e9thodes d\u2019isolement ne sont pas <span style=\"color: #000000;\">irr\u00e9prochables<\/span>, la microscopie \u00e9lectronique et la cristallographie ont permis de r\u00e9v\u00e9ler des d\u00e9tails tr\u00e8s fins, notamment la forme de structures telles que la surface de la prot\u00e9ine Spike.<\/p>\n<p class=\"western\" style=\"padding-left: 80px;\" align=\"justify\">3. <b>\u00c0 fortes doses, la transmission fonctionne<\/b>. Des <span style=\"color: #000080;\"><u><a href=\"https:\/\/www.science.org\/doi\/10.1126\/sciimmunol.adj9285\">essais<\/a><\/u><\/span> cliniques sur des humains d\u00e9montrent que l\u2019exposition au virus peut provoquer une maladie lorsque la dose est suffisamment \u00e9lev\u00e9e.<\/p>\n<p class=\"western\" style=\"padding-left: 80px;\" align=\"justify\">4. <b>Le tra\u00e7age g\u00e9n\u00e9tique<\/b> des virus pendant les \u00e9pid\u00e9mies montre que des lign\u00e9es distinctes <span style=\"color: #000080;\"><u><a href=\"https:\/\/www.nature.com\/articles\/s41467-020-20235-8\">se propagent<\/a><\/u><\/span> d\u2019une personne \u00e0 l\u2019autre dans des groupes pr\u00e9visibles, confirmant la transmission interhumaine.<\/p>\n<p class=\"western\" align=\"justify\">Ces preuves expliquent le m\u00e9canisme de l\u2019infection virale. Mais elles n\u2019expliquent pas le moment o\u00f9 surviennent les vagues d\u2019infection qui caract\u00e9risent de nombreux virus, comme la grippe et la COVID-19.<\/p>\n<p class=\"western\" align=\"justify\"><b>L\u00e0 o\u00f9 le mod\u00e8le traditionnel \u00e9choue<\/b><\/p>\n<p class=\"western\" style=\"padding-left: 80px;\" align=\"justify\">1. <b>Les essais cliniques \u00e0 dose normale \u00e9chouent souvent<\/b>. Les preuves sont solides\u00a0: dans des conditions exp\u00e9rimentales, l\u2019exposition n\u2019entra\u00eene souvent pas de maladie. Une \u00e9tude r\u00e9cente l\u2019a confirm\u00e9 <span style=\"color: #000080;\"><u><a href=\"https:\/\/journals.plos.org\/plospathogens\/article?id=10.1371%2Fjournal.ppat.1013153\">une nouvelle fois<\/a><\/u><\/span>.<\/p>\n<p class=\"western\" style=\"padding-left: 80px;\" align=\"justify\">2. <b>Les infections nosocomiales atteignent leur pic en m\u00eame temps que les cas dans la communaut\u00e9<\/b>. Si la propagation \u00e9tait principalement due \u00e0 des contacts \u00e9troits, on s\u2019attendrait \u00e0 un d\u00e9calage, les infections communautaires atteignant leur pic avant les admissions \u00e0 l\u2019h\u00f4pital, puis les infections nosocomiales. Mais ce d\u00e9calage attendu <span style=\"color: #000080;\"><u><a href=\"https:\/\/x.com\/ClareCraigPath\/status\/1549057964698488833\">ne se produit pas<\/a><\/u><\/span>. En fait, les infections nosocomiales atteignent leur pic avant les admissions \u00e0 l\u2019h\u00f4pital.<\/p>\n<p class=\"western\" style=\"padding-left: 80px;\" align=\"justify\">3. <b>Les vagues se produisent avec une r\u00e9gularit\u00e9 saisonni\u00e8re<\/b>. Au Royaume-Uni, les pics \u00e9pid\u00e9miques co\u00efncident souvent avec des pics de mortalit\u00e9 \u00e0 des moments pr\u00e9visibles de <span style=\"color: #000080;\"><u><a href=\"https:\/\/x.com\/ClareCraigPath\/status\/1555098139928952833\">l\u2019ann\u00e9e<\/a><\/u><\/span>, avant de s\u2019att\u00e9nuer pendant un certain temps\u00a0:<\/p>\n<ul>\n<li style=\"list-style-type: none;\">\n<ul>\n<li style=\"list-style-type: none;\">\n<ul>\n<li>\n<p class=\"western\" align=\"justify\">Chaque d\u00e9but janvier<\/p>\n<\/li>\n<li>\n<p class=\"western\" align=\"justify\">Souvent d\u00e9but avril<\/p>\n<\/li>\n<li>\n<p class=\"western\" align=\"justify\">Parfois en juillet<\/p>\n<\/li>\n<li>\n<p class=\"western\" align=\"justify\">Chaque fin octobre<\/p>\n<\/li>\n<\/ul>\n<\/li>\n<\/ul>\n<\/li>\n<\/ul>\n<p class=\"western\" align=\"justify\">Aux \u00c9tats-Unis, les \u00c9tats du sud ont connu une vague estivale plus importante pendant la pand\u00e9mie de Covid, et l\u2019analyse des eaux us\u00e9es pour d\u00e9terminer la charge virale montre un sch\u00e9ma r\u00e9p\u00e9titif qui se poursuit encore aujourd\u2019hui. La vague Omicron de janvier 2022 (qui s\u2019est produite apr\u00e8s une vaste campagne de rappel vaccinal \u00e0 No\u00ebl) a connu une hausse et une baisse exceptionnellement marqu\u00e9es, suivies d\u2019un d\u00e9ficit. Cependant, le moment des pics et des creux est pr\u00e9visible, avec un creux chaque printemps et un pic chaque \u00e9t\u00e9 et chaque hiver.<\/p>\n<p class=\"western\" align=\"justify\"><img loading=\"lazy\" decoding=\"async\" class=\"aligncenter\" src=\"https:\/\/dailysceptic.org\/wp-content\/uploads\/2026\/01\/image-193-1024x576.png\" width=\"740\" height=\"416\" \/><\/p>\n<p align=\"justify\"><img loading=\"lazy\" decoding=\"async\" class=\"aligncenter\" src=\"https:\/\/dailysceptic.org\/wp-content\/uploads\/2026\/01\/image-191-1024x613.png\" width=\"689\" height=\"412\" \/><\/p>\n<p class=\"western\" style=\"text-align: center;\" align=\"justify\"><b>Figure\u00a01\u00a0:<\/b> Analyse des eaux us\u00e9es de la charge virale du SARS-CoV-2 montrant des <span style=\"color: #000080;\"><u><a href=\"https:\/\/biobot.io\/risk-reports\/covid-19-influenza-and-rsv-wastewater-monitoring-in-the-u-s-week-of-september-13-2025\/\">pics<\/a><\/u><\/span> cycliques. Graphique complet ci-dessus et graphique agrandi ci-dessous avec des lignes verticales pour marquer le printemps (noir), l\u2019\u00e9t\u00e9 (orange) et l\u2019hiver (vert).<\/p>\n<p align=\"justify\"><img loading=\"lazy\" decoding=\"async\" class=\"aligncenter\" src=\"https:\/\/dailysceptic.org\/wp-content\/uploads\/2026\/01\/image-194-1024x592.png\" width=\"691\" height=\"399\" \/><\/p>\n<p class=\"western\" style=\"text-align: center;\" align=\"justify\"><b>Figure\u00a02\u00a0:<\/b> La proportion de cas de Covid dans les \u00c9tats du sud (en vert) est repr\u00e9sent\u00e9e par rapport \u00e0 la proportion dans les \u00c9tats du nord (en violet), avec une nette pr\u00e9dominance des \u00c9tats du sud pendant <span style=\"color: #000080;\"><u><a href=\"https:\/\/www.nature.com\/articles\/s41598-024-72517-6\/figures\/1\">les mois<\/a><\/u><\/span> d\u2019\u00e9t\u00e9.<\/p>\n<p class=\"western\" align=\"justify\">Cela ne s\u2019explique pas uniquement par les <span style=\"color: #000000;\">calendriers<\/span> scolaires ou les cycles comportementaux. Les confinements ont \u00e9t\u00e9 une exp\u00e9rience convaincante (bien que contraire \u00e0 l\u2019\u00e9thique et tr\u00e8s n\u00e9faste) qui a prouv\u00e9 que ces facteurs n\u2019interrompent pas la transmission. La pente des courbes et le moment des pics sont rest\u00e9s tels <span style=\"color: #000000;\">qu\u2019on les aurait pr\u00e9dits<\/span> sans confinement. Les vaccinations semblent avoir eu un impact sur la pente des vagues de janvier 2022 et sur les niveaux de base du virus entre les vagues \u00e0 partir de 2022, en augmentant les deux.<\/p>\n<p class=\"western\" align=\"justify\"><b>L\u2019illusion du timing viral<\/b><\/p>\n<p class=\"western\" align=\"justify\">On pr\u00e9tend souvent que les vagues de virus respiratoires sont dues \u00e0 l\u2019\u00e9volution virale ou \u00e0 l\u2019interf\u00e9rence virale. Selon cette th\u00e9orie, les vagues surviennent lorsque de nouveaux variants capables de contourner l\u2019immunit\u00e9 existante apparaissent, ce qui augmente la transmissibilit\u00e9 et permet au virus de r\u00e9infecter les populations d\u00e9j\u00e0 expos\u00e9es. Cette id\u00e9e a \u00e9t\u00e9 au c\u0153ur de l\u2019interpr\u00e9tation de la saisonnalit\u00e9 de la grippe et des vagues de SARS-CoV-2, o\u00f9 des \u00ab variants pr\u00e9occupants \u00bb pr\u00e9sentant une transmissibilit\u00e9 modifi\u00e9e ou des propri\u00e9t\u00e9s d\u2019\u00e9chappement immunitaire ont domin\u00e9 les vagues successives d\u2019infection dans <span style=\"color: #000080;\"><u><a href=\"https:\/\/pmc.ncbi.nlm.nih.gov\/articles\/PMC9847462\/\">le monde entier<\/a><\/u><\/span>.<\/p>\n<p class=\"western\" align=\"justify\">Si cela \u00e9tait vrai, le sch\u00e9ma des vagues devrait se pr\u00e9senter de la mani\u00e8re suivante\u00a0:<\/p>\n<ul>\n<li style=\"list-style-type: none;\">\n<ul>\n<li>\n<p class=\"western\" align=\"justify\">L\u2019intervalle entre les vagues varierait en fonction du moment o\u00f9 les mutations apparaissent ou o\u00f9 les virus se font concurrence.<\/p>\n<\/li>\n<li>\n<p class=\"western\" align=\"justify\">Certaines vagues seraient tr\u00e8s rapproch\u00e9es, d\u2019autres tr\u00e8s espac\u00e9es.<\/p>\n<\/li>\n<li>\n<p class=\"western\" align=\"justify\">Il y aurait de fr\u00e9quents chevauchements de vagues lorsque les mutations se produiraient en succession rapide.<\/p>\n<\/li>\n<li>\n<p class=\"western\" align=\"justify\">Les virus \u00e0 mutation rapide provoqueraient des vagues plus fr\u00e9quentes.<\/p>\n<\/li>\n<\/ul>\n<\/li>\n<\/ul>\n<p class=\"western\" align=\"justify\">Ce n\u2019est pas ce qui se produit.<\/p>\n<p class=\"western\" align=\"justify\">La r\u00e9alit\u00e9 est beaucoup plus r\u00e9guli\u00e8re et beaucoup plus difficile \u00e0 expliquer par la seule mutation ou interf\u00e9rence.<\/p>\n<p class=\"western\" align=\"justify\">1.<b> Le timing est trop r\u00e9gulier<\/b><\/p>\n<p class=\"western\" align=\"justify\">Au Royaume-Uni et dans de nombreux autres pays temp\u00e9r\u00e9s, les vagues sont arriv\u00e9es \u00e0 peu pr\u00e8s toutes les 13\u00a0semaines, sur plusieurs ann\u00e9es et pour diff\u00e9rents types de virus. Ce rythme est rest\u00e9 stable malgr\u00e9 les changements de variants, les restrictions de voyage et les changements de comportement massifs. Des \u00e9v\u00e9nements al\u00e9atoires, tels que les mutations et la concurrence, ne produisent pas ce type de pr\u00e9cision.<\/p>\n<p class=\"western\" align=\"justify\">2. <b>Les sous-mariniers ne sont pas prot\u00e9g\u00e9s contre les infections<\/b><\/p>\n<p class=\"western\" align=\"justify\">Selon le mod\u00e8le conventionnel centr\u00e9 sur les virus, une vague de virus respiratoires prend fin lorsque l\u2019immunit\u00e9 de la population est atteinte et les vagues suivantes ne se produisent qu\u2019avec de nouvelles mutations. Le taux de mutation dans un environnement <span style=\"color: #000000;\">ferm\u00e9<\/span> ne repr\u00e9sente qu\u2019une fraction de ce qui peut se produire \u00e0 l\u2019\u00e9chelle mondiale.<\/p>\n<p class=\"western\" align=\"justify\">\u00c0 partir de cette logique, nous pouvons d\u00e9duire ce qui devrait se passer dans un environnement herm\u00e9tique comme un sous-marin.<\/p>\n<p class=\"western\" style=\"padding-left: 80px;\" align=\"justify\">1. L\u2019\u00e9quipage est une population ferm\u00e9e et en bonne sant\u00e9.<\/p>\n<p class=\"western\" style=\"padding-left: 80px;\" align=\"justify\">2. Tout virus respiratoire en circulation provoquera des infections au d\u00e9but du d\u00e9ploiement.<\/p>\n<p class=\"western\" style=\"padding-left: 80px;\" align=\"justify\">3. Une fois la transmission initiale effectu\u00e9e, toutes les personnes <span style=\"color: #000000;\">susceptibles<\/span> seront infect\u00e9es.<\/p>\n<p class=\"western\" style=\"padding-left: 80px;\" align=\"justify\">4. Le virus suit son cours.<\/p>\n<p class=\"western\" style=\"padding-left: 80px;\" align=\"justify\">5. L\u2019\u00e9quipage devrait alors \u00eatre universellement immunis\u00e9 contre les souches pr\u00e9sentes \u00e0 bord.<\/p>\n<p class=\"western\" style=\"padding-left: 80px;\" align=\"justify\">6. Aucune autre maladie ne devrait se d\u00e9clarer, \u00e0 moins qu\u2019un nouveau virus ou un nouveau variant ne soit introduit.<\/p>\n<p class=\"western\" align=\"justify\">Mais ce n\u2019est pas ce qui se produit. Le taux d\u2019infections respiratoires aigu\u00ebs \u00e9tait identique chez les sous-mariniers et les personnes \u00e0 <span style=\"color: #000080;\"><u><a href=\"https:\/\/www.researchgate.net\/publication\/19474679_Health_risk_among_submarine_personnel_in_the_US_Navy_1974-1979\/link\/0046351b0dde4397ce000000\/download?_tp=eyJjb250ZXh0Ijp7ImZpcnN0UGFnZSI6InB1YmxpY2F0aW9uIiwicGFnZSI6InB1YmxpY2F0aW9uIn19\">la surface<\/a><\/u><\/span>. Dans <span style=\"color: #000080;\"><u><a href=\"https:\/\/pubmed.ncbi.nlm.nih.gov\/12650274\/\">les missions<\/a><\/u><\/span> sous-marines r\u00e9elles, les infections respiratoires restent fr\u00e9quentes pendant toute la dur\u00e9e des patrouilles. Une <span style=\"color: #000080;\"><u><a href=\"https:\/\/pubmed.ncbi.nlm.nih.gov\/12650274\/\">\u00e9tude<\/a><\/u><\/span> a mesur\u00e9 les consultations m\u00e9dicales \u00e0 partir d\u2019un syst\u00e8me m\u00e9dical centralis\u00e9 \u00e0 bord couvrant 240\u00a0patrouilles sous-marines d\u2019une dur\u00e9e minimale de 10\u00a0jours entre 1997 et 2000, englobant 13 441\u00a0membres d\u2019\u00e9quipage masculins (1 389 officiers et 11 952\u00a0militaires du rang) et plus de deux millions de jours-personnes en mer. Contrairement \u00e0 d\u2019autres maladies, les membres d\u2019\u00e9quipage et les officiers, jeunes et vieux, pr\u00e9sentaient des taux similaires de maladies respiratoires. Bien qu\u2019ils aient constat\u00e9 une diminution globale des maladies apr\u00e8s 60\u00a0jours en mer, ils n\u2019ont pas affirm\u00e9 qu\u2019il y avait une diff\u00e9rence dans la r\u00e9partition des maladies au cours de cette p\u00e9riode. Malheureusement, ils n\u2019ont pas cherch\u00e9 \u00e0 mesurer cela, nous ne disposons donc pas de donn\u00e9es exactes, seulement des implications.<\/p>\n<p class=\"western\" align=\"justify\">Malgr\u00e9 une exposition minimale au virus et peu de possibilit\u00e9s de mutation ou de nouvelle exposition, de nouveaux cas continuent d\u2019appara\u00eetre. Cela remet directement en cause l\u2019id\u00e9e selon laquelle la mutation virale est le facteur limitant la transmission. Les nouveaux virus et l\u2019\u00e9volution virale ne sont pas \u00e0 l\u2019origine de ces infections, mais l\u2019\u00e9volution de la <span style=\"color: #000000;\">susceptibilit\u00e9<\/span> de l\u2019h\u00f4te pourrait l\u2019\u00eatre.<\/p>\n<p class=\"western\" align=\"justify\">Les sous-mariniers sont <span style=\"color: #000080;\"><u><a href=\"https:\/\/pmc.ncbi.nlm.nih.gov\/articles\/PMC2130414\/pdf\/jhyg00082-0124.pdf\">expos\u00e9s<\/a><\/u><\/span> \u00e0 des niveaux \u00e9lev\u00e9s de bact\u00e9ries provenant des eaux us\u00e9es, qui sont maintenues \u00e0 des niveaux constants dans l\u2019air pendant des semaines. Ces bact\u00e9ries sont d\u00e9tectables dans le nasopharynx et, dans d\u2019autres circonstances, sont pathog\u00e8nes, mais les taux de maladies, tant respiratoires que gastro-intestinales, <span style=\"color: #000080;\"><u><a href=\"https:\/\/journals.sagepub.com\/doi\/epdf\/10.1177\/003591577206500939\">restent conformes<\/a><\/u><\/span> aux pr\u00e9visions.<\/p>\n<p class=\"western\" align=\"justify\">3. <b>Une mutation plus rapide n\u2019acc\u00e9l\u00e8re pas les choses<\/b><\/p>\n<p class=\"western\" align=\"justify\">Au cours des 24\u00a0mois pr\u00e9c\u00e9dant d\u00e9cembre 2021, le SARS-CoV-2 pr\u00e9-Omicron a accumul\u00e9 environ 20\u00a0mutations par an. De janvier 2022 \u00e0 mi-2025, Omicron en a accumul\u00e9 environ 25 <span style=\"color: #000080;\"><u><a href=\"https:\/\/nextstrain.org\/ncov\/gisaid\/global\/6m?c=S1_mutations&amp;l=clock&amp;regression=hide\">par an<\/a><\/u><\/span>. Malgr\u00e9 cette augmentation de 25\u00a0% de la vitesse de mutation, les vagues ont continu\u00e9 \u00e0 arriver selon le m\u00eame calendrier saisonnier.<\/p>\n<p align=\"justify\"><img loading=\"lazy\" decoding=\"async\" class=\"aligncenter\" src=\"https:\/\/dailysceptic.org\/wp-content\/uploads\/2026\/01\/image-189-1024x575.png\" width=\"851\" height=\"478\" \/><\/p>\n<p class=\"western\" style=\"text-align: center;\" align=\"justify\"><b>Figure\u00a03\u00a0:<\/b> <span style=\"color: #000080;\"><u><a href=\"https:\/\/nextstrain.org\/ncov\/gisaid\/global\/6m?c=S1_mutations&amp;l=clock&amp;regression=hide\">Mutations<\/a><\/u><\/span> cumul\u00e9es du SARS-CoV-2. La ligne noire continue indique le taux avant 2022, avec la ligne pointill\u00e9e parall\u00e8le. La ligne verte continue repr\u00e9sente approximativement le taux d\u2019accumulation des mutations apr\u00e8s janvier 2022.<\/p>\n<p class=\"western\" align=\"justify\">4. <b>La grippe mute encore plus rapidement et se comporte de la m\u00eame mani\u00e8re<\/b><\/p>\n<p class=\"western\" align=\"justify\">La grippe A mute plus rapidement que le SARS-CoV-2, mais elle atteint \u00e9galement un pic <span style=\"color: #000080;\"><u><a href=\"https:\/\/x.com\/ClareCraigPath\/status\/1555098139928952833\">maximal<\/a><\/u><\/span> une fois par saison. Si la mutation contr\u00f4lait le <span style=\"color: #000000;\">calendrier<\/span> des vagues, la grippe devrait conna\u00eetre des pics constants. Mais elle atteint \u00e9galement son pic aux m\u00eames p\u00e9riodes de l\u2019ann\u00e9e que le SARS-CoV-2, qui mute lentement.<\/p>\n<p class=\"western\" align=\"justify\">La trajectoire de la grippe et du VRS devrait ressembler \u00e0 ceci\u00a0:<\/p>\n<p align=\"justify\"><img loading=\"lazy\" decoding=\"async\" class=\"aligncenter\" src=\"https:\/\/dailysceptic.org\/wp-content\/uploads\/2026\/01\/image-188-1024x380.png\" width=\"752\" height=\"279\" \/><\/p>\n<p class=\"western\" style=\"text-align: center;\" align=\"justify\"><b>Figure\u00a04\u00a0:<\/b> Estimation conventionnelle de la pr\u00e9valence de la grippe et du VRS (Virus respiratoire syncytial) par mois, bas\u00e9e sur le <span style=\"color: #000080;\"><u><a href=\"https:\/\/www.science.org\/content\/article\/competition-between-respiratory-viruses-may-hold-tripledemic-winter\">d\u00e9pistage <\/a><\/u><\/span>de surveillance<\/p>\n<p class=\"western\" align=\"justify\">Cependant, cette estimation de la pr\u00e9valence est bas\u00e9e sur le d\u00e9pistage des personnes suffisamment malades pour consulter un m\u00e9decin et ne refl\u00e8te pas la situation dans son ensemble.<\/p>\n<p class=\"western\" align=\"justify\">Les tests de surveillance conventionnels se concentrent sur les personnes malades et sugg\u00e8rent que la grippe n\u2019est pr\u00e9sente de mani\u00e8re significative qu\u2019en automne et en hiver. Cependant, lorsque les tests sont \u00e9tendus \u00e0 des personnes moins malades, comme cela s\u2019est produit en 2009, il existe des preuves \u00e9videntes d\u2019un pic de grippe chaque saison.<\/p>\n<p style=\"text-align: center;\" align=\"justify\"><img loading=\"lazy\" decoding=\"async\" class=\"\" src=\"https:\/\/dailysceptic.org\/wp-content\/uploads\/2026\/01\/Germany.jpg-1024x559.jpeg\" width=\"769\" height=\"420\" \/><\/p>\n<p align=\"justify\"><img loading=\"lazy\" decoding=\"async\" class=\"aligncenter\" src=\"https:\/\/dailysceptic.org\/wp-content\/uploads\/2026\/01\/Canada.jpg-1-1024x552.jpeg\" width=\"816\" height=\"440\" \/><\/p>\n<p align=\"justify\"><img loading=\"lazy\" decoding=\"async\" class=\"aligncenter\" src=\"https:\/\/dailysceptic.org\/wp-content\/uploads\/2026\/01\/Netherlands.jpg-1-1024x551.jpeg\" width=\"792\" height=\"426\" \/><\/p>\n<p class=\"western\" style=\"text-align: center;\" align=\"justify\"><b>Figures 5\u00a0a-c\u00a0:<\/b> Tests de <span style=\"color: #000080;\"><u><a href=\"https:\/\/app.powerbi.com\/view?r=eyJrIjoiZTIxMzAwMzYtZWE4NC00YTU2LWE3MTUtMTI0OGY1ZjQyMWViIiwidCI6ImY2MTBjMGI3LWJkMjQtNGIzOS04MTBiLTNkYzI4MGFmYjU5MCIsImMiOjh9\">surveillance<\/a><\/u><\/span> de la grippe r\u00e9alis\u00e9s par l\u2019OMS en 2009-2010 en Allemagne, au Canada et aux Pays-Bas.<\/p>\n<p class=\"western\" align=\"justify\">De m\u00eame, la strat\u00e9gie mondiale de <span style=\"color: #000080;\"><u><a href=\"https:\/\/cdn.who.int\/media\/docs\/default-source\/influenza\/rsv-surveillance\/who-rsv-surveillance-strategy-phase-26mar2021.-final.pdf?sfvrsn=d8b1c36a_9\">surveillance<\/a><\/u><\/span> du VRS de l\u2019OMS a explicitement supprim\u00e9 l\u2019exigence de fi\u00e8vre pour <span style=\"color: #000000;\">le d\u00e9pistage<\/span>, reconnaissant qu\u2019environ la moiti\u00e9 des cas de VRS, en particulier chez les enfants et les personnes \u00e2g\u00e9es, ne pr\u00e9sentaient pas de fi\u00e8vre et \u00e9taient syst\u00e9matiquement exclus des tests. Bien que les r\u00e9sultats officiels ne soient pas encore disponibles, ce changement refl\u00e8te la reconnaissance du fait que la surveillance traditionnelle a masqu\u00e9 l\u2019ampleur et le moment r\u00e9els de la circulation du VRS.<\/p>\n<p class=\"western\" align=\"justify\">5. <b>Les h\u00f4pitaux sont remplis d\u2019a\u00e9rosols viraux toute l\u2019ann\u00e9e, mais les infections <\/b><span style=\"color: #000000;\"><b>culminent et retombent malgr\u00e9 tout<\/b><\/span><\/p>\n<p class=\"western\" align=\"justify\">Les \u00e9chantillons d\u2019air pr\u00e9lev\u00e9s dans les h\u00f4pitaux montrent syst\u00e9matiquement la pr\u00e9sence du SARS-CoV-2, m\u00eame entre les vagues. Si l\u2019exposition seule \u00e9tait \u00e0 l\u2019origine de l\u2019infection, on s\u2019attendrait \u00e0 une propagation continue dans les h\u00f4pitaux. Mais les infections nosocomiales augmentent et diminuent en synchronisation avec <a href=\"https:\/\/x.com\/ClareCraigPath\/status\/1549057964698488833\">la communaut\u00e9<\/a>, y compris pendant les creux. Le virus est toujours pr\u00e9sent dans l\u2019air des h\u00f4pitaux, mais la susceptibilit\u00e9 est absente.<\/p>\n<p class=\"western\" style=\"text-align: center;\" align=\"justify\"><img loading=\"lazy\" decoding=\"async\" class=\"\" src=\"https:\/\/dailysceptic.org\/wp-content\/uploads\/2026\/01\/image-185.png\" width=\"660\" height=\"397\" \/><\/p>\n<p class=\"western\" style=\"text-align: center;\" align=\"justify\"><b>Figure\u00a06\u00a0:<\/b> Patients hospitalis\u00e9s test\u00e9s positifs, s\u00e9par\u00e9s par admissions et infections nosocomiales, hiver\u00a02020-2021<\/p>\n<p class=\"western\" align=\"justify\">6. <b>La propagation ignore certaines r\u00e9gions<\/b><\/p>\n<p class=\"western\" align=\"justify\">Chaque variante du SARS-CoV-2 s\u2019est propag\u00e9e d\u2019un pays \u00e0 l\u2019autre en suivant les m\u00eames sch\u00e9mas saisonniers de <span style=\"color: #000000;\">susceptibilit\u00e9<\/span> que la grippe. De grandes r\u00e9gions ont \u00e9t\u00e9 compl\u00e8tement \u00e9pargn\u00e9es lors des premi\u00e8res vagues, par exemple l\u2019Europe de l\u2019Est au printemps\u00a02020 et le Royaume-Uni, le Portugal et l\u2019Irlande (c\u2019est-\u00e0-dire l\u2019ouest de l\u2019Europe occidentale) au printemps\u00a02021. Si seule l\u2019attaque \u00e9tait \u00e0 l\u2019origine de la propagation, cela ne se produirait pas. Mais si la susceptibilit\u00e9 augmente \u00e0 l\u2019\u00e9chelle r\u00e9gionale, le virus d\u00e9j\u00e0 pr\u00e9sent dans l\u2019air devient dominant lorsque la fen\u00eatre s\u2019ouvre. Cela expliquerait \u00e9galement pourquoi les variants se propagent \u00ab \u00e0 l\u2019\u00e9chelle mondiale \u00bb au m\u00eame rythme \u00e0 chaque fois. Le virus \u00e9tait \u00e9galement pr\u00e9sent dans des r\u00e9gions non <span style=\"color: #000000;\">susceptib<\/span><span style=\"color: #000000;\">l<\/span>es et ne s\u2019est jamais propag\u00e9. Par exemple, toute l\u2019Asie du Sud-Est \u00e9tait insensible au Covid sans aucune exception jusqu\u2019\u00e0 ce que toute l\u2019Asie du Sud-Est devienne <span style=\"color: #000000;\">susceptib<\/span><span style=\"color: #000000;\">l<\/span>e sans exception au d\u00e9but de l\u2019ann\u00e9e\u00a02022.<\/p>\n<p class=\"western\" align=\"justify\">7. <b>Les infections sont d\u00e9termin\u00e9es par ce qui se trouve dans l\u2019air au moment de la <\/b><span style=\"color: #000000;\"><b>susceptibilit\u00e9<\/b><\/span><b>, y compris les co-infections<\/b><\/p>\n<p class=\"western\" align=\"justify\">Souvent, plusieurs virus respiratoires sont d\u00e9tect\u00e9s lors d\u2019une infection. L\u2019id\u00e9e selon laquelle un virus aurait r\u00e9ussi \u00e0 supplanter tous les autres au sein d\u2019une population ne tient donc pas la route\u00a0: s\u2019ils ne peuvent pas supplanter les autres au sein d\u2019un individu, comment pourraient-ils le faire au sein d\u2019une population ? Lorsque la susceptibilit\u00e9 augmente, les gens inhalent tout ce qui se trouve d\u00e9j\u00e0 dans l\u2019air. Il peut s\u2019agir d\u2019un ou de plusieurs virus. Le virus dominant est simplement celui qui est le plus r\u00e9pandu \u00e0 ce moment-l\u00e0 et \u00e0 cet endroit-l\u00e0.<\/p>\n<p class=\"western\" align=\"justify\">Nous avons pu observer ce ph\u00e9nom\u00e8ne dans les courbes \u00e9pid\u00e9miques <a href=\"https:\/\/hartuk.substack.com\/p\/the-sars-cov-2-and-influenza-see-saw\">en \u00ab W \u00bb<\/a>, o\u00f9 un virus d\u00e9passe bri\u00e8vement un autre virus au milieu de la vague. Il s\u2019agit souvent de vagues successives, mais il arrive parfois qu\u2019une vague de Covid diminue \u00e0 mesure que la grippe augmente, ou vice versa, puis rebondisse au cours d\u2019une m\u00eame saison. Cela montre que la concurrence entre les virus est r\u00e9elle. Mais la vague globale, avec son ascension, son pic et son d\u00e9clin, suit son cours normalement. Cela signifie que la vague n\u2019est pas d\u00e9termin\u00e9e par le virus. Elle est d\u00e9termin\u00e9e par la susceptibilit\u00e9. La concurrence ne fa\u00e7onne que les sous-vagues des virus individuels qui la composent.<\/p>\n<p class=\"western\" align=\"justify\"><b>Pourquoi la susceptibilit\u00e9 <span style=\"color: #000000;\">s\u2019accorde mieux avec les faits<\/span><\/b><\/p>\n<p class=\"western\" align=\"justify\">Si nous supposons que les virus circulent la plupart du temps, mais que la maladie ne se d\u00e9clare que lorsque la susceptibilit\u00e9 augmente dans une partie de la population, alors le sch\u00e9ma commence \u00e0 prendre tout son sens. Le virus qui domine une vague est simplement celui qui est le plus pr\u00e9sent dans l\u2019air lorsque cette fen\u00eatre s\u2019ouvre. La synchronisation r\u00e9gionale, les sch\u00e9mas d\u2019\u00e9mergence mondiale et l\u2019espacement stable entre les vagues en d\u00e9coulent logiquement.<\/p>\n<p class=\"western\" align=\"justify\">La susceptibilit\u00e9 explique\u00a0:<\/p>\n<ul>\n<li style=\"list-style-type: none;\">\n<ul>\n<li>\n<p class=\"western\" align=\"justify\">Pourquoi les vagues sont r\u00e9guli\u00e8res<\/p>\n<\/li>\n<li>\n<p class=\"western\" align=\"justify\">Pourquoi des r\u00e9gions enti\u00e8res peuvent \u00eatre \u00e9pargn\u00e9es puis touch\u00e9es plus tard<\/p>\n<\/li>\n<li>\n<p class=\"western\" align=\"justify\">Pourquoi les infections hospitali\u00e8res se synchronisent avec celles de la communaut\u00e9<\/p>\n<\/li>\n<li>\n<p class=\"western\" align=\"justify\">Pourquoi une mutation plus rapide ne change pas le rythme<\/p>\n<\/li>\n<\/ul>\n<\/li>\n<\/ul>\n<p class=\"western\" align=\"justify\">La mutation et l\u2019interf\u00e9rence d\u00e9terminent quel virus domine une vague, mais pas quand la vague arrive. Quel que soit ce qui contr\u00f4le le moment o\u00f9 les gens tombent malades, ce n\u2019est pas le virus.<\/p>\n<p class=\"western\" align=\"justify\"><b>Le mod\u00e8le de susceptibilit\u00e9<\/b><\/p>\n<p class=\"western\" align=\"justify\">Le mod\u00e8le qui <span style=\"color: #000000;\">donne sens \u00e0<\/span> ces observations est celui dans lequel les agents infectieux sont n\u00e9cessaires mais non suffisants. Le moment o\u00f9 la maladie se d\u00e9clare doit \u00eatre d\u00fb \u00e0 autre chose.<\/p>\n<p class=\"western\" align=\"justify\">Il doit y avoir un troisi\u00e8me facteur qui\u00a0:<\/p>\n<p class=\"western\" style=\"padding-left: 80px;\" align=\"justify\">1. Atteint son pic une fois par saison (toujours en automne et en hiver, et pas toujours au printemps et en \u00e9t\u00e9)<\/p>\n<p class=\"western\" style=\"padding-left: 80px;\" align=\"justify\">2. N\u2019affecte qu\u2019une fraction de la population chaque saison<\/p>\n<p class=\"western\" style=\"padding-left: 80px;\" align=\"justify\">3. Peut \u00e9pargner enti\u00e8rement certaines r\u00e9gions lors d\u2019une vague donn\u00e9e<\/p>\n<p class=\"western\" style=\"padding-left: 80px;\" align=\"justify\">4. Est capable de synchroniser les pics de maladie entre les h\u00f4pitaux et les communaut\u00e9s<\/p>\n<p class=\"western\" align=\"justify\">Nous ne savons pas quel est ce facteur, mais les donn\u00e9es sugg\u00e8rent qu\u2019il existe.<\/p>\n<p class=\"western\" align=\"justify\">Les donn\u00e9es excluent certaines possibilit\u00e9s\u00a0:<\/p>\n<ul>\n<li style=\"list-style-type: none;\">\n<ul>\n<li>\n<p class=\"western\" align=\"justify\">Les changements de comportement humain, tels que les p\u00e9riodes scolaires, n\u2019ont eu aucune incidence sur les pics pendant le confinement.<\/p>\n<\/li>\n<li>\n<p class=\"western\" align=\"justify\">La temp\u00e9rature et l\u2019humidit\u00e9 sont importantes pour la stabilit\u00e9 virale, mais ne connaissent pas quatre pics saisonniers.<\/p>\n<\/li>\n<li>\n<p class=\"western\" align=\"justify\"><a href=\"https:\/\/pmc.ncbi.nlm.nih.gov\/articles\/PMC9016682\/\">Le pollen<\/a>, les spores ou les compos\u00e9s organiques volatils varient au cours de l\u2019ann\u00e9e, mais pas avec la pr\u00e9cision ou la coh\u00e9rence mondiale requises.<\/p>\n<\/li>\n<li>\n<p class=\"western\" align=\"justify\">D\u2019autres facteurs environnementaux, tels que les effets \u00e9lectromagn\u00e9tiques ou <a href=\"http:\/\/researchgate.net\/publication\/365943160_Magnetic_storms_during_the_space_age_Occurrence_and_relation_to_varying_solar_activity\">m\u00e9t\u00e9orologiques<\/a> spatiaux, pr\u00e9sentent des diff\u00e9rences cycliques, mais celles-ci sont annuelles et non trimestrielles.<\/p>\n<\/li>\n<\/ul>\n<\/li>\n<\/ul>\n<p class=\"western\" align=\"justify\">Tous ces facteurs peuvent jouer un r\u00f4le, mais aucun d\u2019entre eux n\u2019explique \u00e0 lui seul ce ph\u00e9nom\u00e8ne. Qu\u2019est-ce qui pourrait l\u2019expliquer ?<\/p>\n<p class=\"western\" align=\"justify\"><b>L\u2019horloge immunitaire<\/b><\/p>\n<p class=\"western\" align=\"justify\">Notre syst\u00e8me immunitaire change au fil des saisons. Les <a href=\"https:\/\/www.nature.com\/articles\/ncomms8000#Sec2\">\u00e9tudes<\/a> sur l\u2019expression g\u00e9n\u00e9tique montrent des variations claires et coh\u00e9rentes dans les voies immunitaires tout au long de l\u2019ann\u00e9e, avec janvier et juillet comme extr\u00eames oppos\u00e9s et des sch\u00e9mas de transition en avril et octobre. Ces changements ne sont pas subtils\u00a0: pr\u00e8s d\u2019un quart des g\u00e8nes sont affect\u00e9s. Le sch\u00e9ma est inverse en Europe et en Australie. Dans certains cas, les profils immunitaires hivernaux et estivaux sont aussi diff\u00e9rents que ceux observ\u00e9s dans des \u00e9tats pathologiques totalement distincts. Ces changements dans les profils immunitaires se refl\u00e8tent dans les modifications du biome et de la <span style=\"color: #000000;\">susceptibilit\u00e9<\/span> aux agents pathog\u00e8nes. Par exemple, les patients atteints de BPCO (bronchopneumopathie chronique obstructive) pr\u00e9sentent \u00e9galement des changements dans leur microbiome respiratoire au cours des diff\u00e9rents mois <a href=\"https:\/\/pmc.ncbi.nlm.nih.gov\/articles\/PMC10290470\/#:~:text=A%20total%20of%2066%20swab,the%20airway%20of%20COPD%20patients.\">de l\u2019ann\u00e9e<\/a>, et les vagues de grippe et de coronavirus surviennent \u00e0 des moments pr\u00e9visibles, \u00e0 mesure que le profil immunitaire \u00e9volue.<\/p>\n<p align=\"justify\"><img loading=\"lazy\" decoding=\"async\" class=\"aligncenter\" src=\"https:\/\/dailysceptic.org\/wp-content\/uploads\/2026\/01\/image-190.png\" width=\"515\" height=\"566\" \/><\/p>\n<p class=\"western\" style=\"text-align: center;\" align=\"justify\"><b>Figure\u00a07\u00a0:<\/b> Saisonnalit\u00e9 de <a href=\"https:\/\/www.nature.com\/articles\/ncomms8000\/figures\/2\">l\u2019expression<\/a> des g\u00e8nes immunitaires\u00a0: 2 311 g\u00e8nes ont montr\u00e9 une expression accrue en \u00e9t\u00e9 et 2 826 en hiver. Un g\u00e8ne (en rouge) qui pr\u00e9sentait des changements distincts au cours de l\u2019ann\u00e9e ne correspondait pas \u00e0 la d\u00e9finition de l\u2019\u00e9t\u00e9 et de l\u2019hiver.<\/p>\n<p class=\"western\" align=\"justify\"><span style=\"color: #000000;\"><b>Susceptibilit\u00e9<\/b><\/span><b> et dose<\/b><\/p>\n<p class=\"western\" align=\"justify\">Les deux forces que sont la dose virale et la susceptibilit\u00e9 de l\u2019h\u00f4te interagissent. Dans les essais cliniques contr\u00f4l\u00e9s sur l\u2019homme, o\u00f9 les doses virales sont soigneusement administr\u00e9es et d\u00e9passent souvent de loin les expositions naturelles, l\u2019infection symptomatique est induite dans une proportion plus \u00e9lev\u00e9e que celle observ\u00e9e lors d\u2019une vague naturelle. Cela montre qu\u2019\u00e0 fortes doses, l\u2019exposition peut submerger m\u00eame un syst\u00e8me immunitaire robuste, mais il s\u2019agit l\u00e0 d\u2019une exception, et non de la r\u00e8gle. Dans la r\u00e9alit\u00e9, l\u2019exposition est souvent faible, provenant de quelques a\u00e9rosols dans l\u2019air, et non d\u2019une dose massive de virus. Dans ces expositions \u00e0 faible dose, la sensibilit\u00e9 de l\u2019h\u00f4te devient le facteur dominant. Si le syst\u00e8me immunitaire est dans un \u00e9tat d\u00e9fensif et r\u00e9silient, l\u2019exposition peut passer inaper\u00e7ue. Si la sensibilit\u00e9 est \u00e9lev\u00e9e, en raison de facteurs saisonniers, environnementaux ou physiologiques, m\u00eame une faible quantit\u00e9 de virus peut suffire \u00e0 d\u00e9clencher la maladie.<\/p>\n<p class=\"western\" align=\"justify\">Quels que soient les facteurs qui conduisent \u00e0 la susceptibilit\u00e9, ils doivent surmonter la barri\u00e8re muqueuse des voies respiratoires, qui est normalement imp\u00e9n\u00e9trable aux virus.<\/p>\n<p class=\"western\" align=\"justify\"><b>Cette hypoth\u00e8se est-elle falsifiable ?<\/b><\/p>\n<p class=\"western\" align=\"justify\">Il existe trois explications principales au cycle saisonnier observ\u00e9 dans l\u2019expression des g\u00e8nes immunitaires humains\u00a0:<\/p>\n<p class=\"western\" style=\"padding-left: 80px;\" align=\"justify\">1. <b>Le mod\u00e8le de mutation virale.<\/b> Le cycle immunitaire est en aval de l\u2019exposition virale. Les vagues saisonni\u00e8res d\u2019infection, o\u00f9 tout le monde est expos\u00e9 \u00e0 des virus en suspension dans l\u2019air, entra\u00eenent une activation immunitaire, tandis que les changements dans l\u2019expression g\u00e9n\u00e9tique refl\u00e8tent cette exposition.<\/p>\n<p class=\"western\" style=\"padding-left: 80px;\" align=\"justify\">2. <b>Le r<\/b><b>ythme biologique inn\u00e9.<\/b> Le syst\u00e8me immunitaire de chaque personne fonctionne selon une horloge annuelle int\u00e9gr\u00e9e, ind\u00e9pendante de l\u2019environnement ou de l\u2019exposition.<\/p>\n<p class=\"western\" style=\"padding-left: 80px;\" align=\"justify\">3. <b>L\u2019entra\u00eenement environnemental.<\/b> La fonction immunitaire r\u00e9agit progressivement aux influences environnementales soutenues \u2014 atmosph\u00e9riques, \u00e9lectromagn\u00e9tiques ou autres \u2014 qui varient selon la saison et le lieu.<\/p>\n<p class=\"western\" align=\"justify\">Ces explications donnent lieu \u00e0 des pr\u00e9dictions diff\u00e9rentes. Elles diff\u00e8rent notamment en ce qui concerne la rapidit\u00e9 avec laquelle les changements immunitaires devraient appara\u00eetre lorsque l\u2019environnement ou l\u2019exposition virale change.<\/p>\n<p class=\"western\" align=\"justify\">Si le rythme est inn\u00e9, rien ne devrait le modifier. Si le cycle immunitaire \u00e9tait principalement d\u00e9termin\u00e9 par les virus, le fait de ne plus \u00eatre expos\u00e9 aux virus saisonniers devrait entra\u00eener des changements immunitaires rapides et marqu\u00e9s. \u00c0 l\u2019inverse, si le cycle immunitaire refl\u00e8te un entra\u00eenement environnemental lent, les changements devraient s\u2019accumuler progressivement, avec un r\u00e9tablissement retard\u00e9 au retour.<\/p>\n<p class=\"western\" align=\"justify\">Le fait que les Australiens aient un cycle d\u2019expression des g\u00e8nes immunitaires oppos\u00e9 indique que ce rythme n\u2019est pas inn\u00e9.<\/p>\n<p class=\"western\" align=\"justify\"><b>L\u2019\u00e9tude des jumeaux de la NASA<\/b><\/p>\n<p class=\"western\" align=\"justify\"><a href=\"https:\/\/www.science.org\/doi\/10.1126\/science.aau8650\">L\u2019\u00e9tude<\/a> des jumeaux de la NASA constitue une exp\u00e9rience naturelle unique. L\u2019astronaute Scott Kelly a pass\u00e9 340\u00a0jours \u00e0 bord de la Station spatiale internationale (mars\u00a02015-mars 2016), tandis que son jumeau identique Mark est rest\u00e9 sur Terre comme t\u00e9moin, expos\u00e9 aux signaux saisonniers normaux et aux virus en circulation.<\/p>\n<p class=\"western\" align=\"justify\">Scott a \u00e9t\u00e9 retir\u00e9 de l\u2019atmosph\u00e8re terrestre, de l\u2019environnement magn\u00e9tique et des vagues saisonni\u00e8res de virus respiratoires.<\/p>\n<ul>\n<li style=\"list-style-type: none;\">\n<ul>\n<li>\n<p class=\"western\" align=\"justify\">Les changements dans l\u2019expression des g\u00e8nes immunitaires ne se sont pas produits imm\u00e9diatement apr\u00e8s le lancement.<\/p>\n<\/li>\n<li>\n<p class=\"western\" align=\"justify\">Au contraire, le nombre de g\u00e8nes exprim\u00e9s de mani\u00e8re diff\u00e9rentielle \u00e9tait modeste au cours des six premiers mois et a presque sextupl\u00e9 entre le sixi\u00e8me et le douzi\u00e8me mois.<\/p>\n<\/li>\n<li>\n<p class=\"western\" align=\"justify\">\u00c0 son retour sur Terre d\u00e9but mars 2016, plus de 90\u00a0% des changements dans l\u2019expression des g\u00e8nes ne se sont invers\u00e9s que lentement, sur plusieurs mois.<\/p>\n<\/li>\n<li>\n<p class=\"western\" align=\"justify\">811 g\u00e8nes, dont des g\u00e8nes immunitaires et des g\u00e8nes de r\u00e9paration de l\u2019ADN, sont rest\u00e9s modifi\u00e9s six mois apr\u00e8s le retour.<\/p>\n<\/li>\n<\/ul>\n<\/li>\n<\/ul>\n<p class=\"western\" align=\"justify\">Si le cycle immunitaire \u00e9tait principalement une r\u00e9ponse \u00e0 l\u2019exposition virale, les changements les plus spectaculaires auraient d\u00fb se produire au d\u00e9but de la mission ou <span style=\"color: #000000;\">peu apr\u00e8s le<\/span> retour, lorsque l\u2019apport viral saisonnier a \u00e9t\u00e9 brusquement supprim\u00e9 ou <span style=\"color: #000000;\">r\u00e9introduit<\/span>. <span style=\"color: #000000;\">Cela ne s\u2019est pas produit.<\/span> Le syst\u00e8me immunitaire n\u2019a pas r\u00e9agi de mani\u00e8re brutale, ni \u00e0 l\u2019entr\u00e9e dans l\u2019espace ni au retour. Au contraire, la modulation immunitaire s\u2019est accumul\u00e9e progressivement, sugg\u00e9rant une adaptation diff\u00e9r\u00e9e \u00e0 un changement environnemental durable, et non une r\u00e9ponse rapide \u00e0 l\u2019absence d\u2019agents pathog\u00e8nes. Ces observations <span style=\"color: #000000;\">vont \u00e0 l\u2019encontre \u00e0 la fois<\/span> d\u2019un rythme immunitaire inn\u00e9 et de l\u2019exposition virale comme principal facteur d\u00e9terminant. Elles soutiennent une troisi\u00e8me explication\u00a0: l\u2019entra\u00eenement environnemental.<\/p>\n<p class=\"western\" align=\"justify\"><b>Tests suppl\u00e9mentaires<\/b><\/p>\n<p class=\"western\" align=\"justify\">Cette interpr\u00e9tation conduit \u00e0 des pr\u00e9dictions sp\u00e9cifiques et v\u00e9rifiables\u00a0:<\/p>\n<ul>\n<li style=\"list-style-type: none;\">\n<ul>\n<li>\n<p class=\"western\" align=\"justify\"><b>Les astronautes ou les sous-mariniers<\/b> revenant \u00e0 <span style=\"color: #000000;\">des environnements de<\/span> surface \u00e0 diff\u00e9rents <span style=\"color: #000000;\">moments de l\u2019ann\u00e9e<\/span> constitueraient un test naturel. Si l\u2019exposition aux virus \u00e9tait le seul facteur cl\u00e9, les marqueurs immunitaires devraient se r\u00e9aligner avec l\u2019exposition virale, avec un r\u00e9alignement plus rapide pendant les pics viraux. Mais si l\u2019entra\u00eenement environnemental est le facteur dominant, le r\u00e9alignement se produirait sur plusieurs semaines ou mois, ind\u00e9pendamment de l\u2019exposition virale. En outre, les tests de d\u00e9pistage des infections permettraient de d\u00e9terminer si les infections rattrapaient les vagues virales qui s\u2019\u00e9taient produites en leur absence ou si elles \u00e9taient align\u00e9es sur les infections communautaires.<\/p>\n<\/li>\n<li>\n<p class=\"western\" align=\"justify\"><b>Les chercheurs antarctiques<\/b>, qui hivernent dans des environnements contr\u00f4l\u00e9s avec des perturbations extr\u00eames de la photop\u00e9riode, pourraient aider \u00e0 distinguer les expositions \u00e9lectromagn\u00e9tiques des facteurs microbiens.<\/p>\n<\/li>\n<li>\n<p class=\"western\" align=\"justify\"><b>Les passagers traversant les h\u00e9misph\u00e8res<\/b> constituent un test naturel.<\/p>\n<ul>\n<li>\n<p class=\"western\" align=\"justify\">La th\u00e9orie de la mutation virale affirme que les virus se propagent de l\u2019Australie vers l\u2019Europe. Si l\u2019exposition au virus est \u00e0 l\u2019origine de la maladie, les personnes voyageant du nord vers le sud (par exemple, du Royaume-Uni vers l\u2019Australie) devraient \u00eatre plus \u00e0 risque que celles voyageant du sud vers le nord (par exemple, de l\u2019Australie vers le Royaume-Uni), qui ont d\u00e9j\u00e0 \u00e9t\u00e9 expos\u00e9es. Mais si la susceptibilit\u00e9 est due \u00e0 l\u2019entra\u00eenement environnemental, il ne devrait y avoir aucune diff\u00e9rence\u00a0: les deux groupes seraient \u00e9galement vuln\u00e9rables lorsque les profils immunitaires ne sont pas align\u00e9s sur les conditions locales.<\/p>\n<\/li>\n<li>\n<p class=\"western\" align=\"justify\">En outre, le risque d\u2019infection devrait atteindre son pic pour les voyageurs en janvier et en juillet, lorsque l\u2019expression des g\u00e8nes immunitaires entre les h\u00e9misph\u00e8res est <span style=\"color: #000000;\">au maximum de son d\u00e9salignement<\/span>, et \u00eatre le plus faible en avril et en octobre, lorsque les profils s\u2019alignent naturellement de mani\u00e8re temporaire. Si la maladie suit ce sch\u00e9ma, c\u2019est la susceptibilit\u00e9, et non la direction du flux viral, qui d\u00e9termine le risque.<\/p>\n<\/li>\n<\/ul>\n<\/li>\n<\/ul>\n<\/li>\n<\/ul>\n<p class=\"western\" align=\"justify\"><b>Possibilit\u00e9s pour l\u2019avenir<\/b><\/p>\n<p class=\"western\" align=\"justify\">Un r\u00e9seau complexe d\u2019interactions entre plusieurs variables environnementales pourrait peut-\u00eatre aider \u00e0 expliquer ce ph\u00e9nom\u00e8ne. Ensemble, elles pourraient cr\u00e9er un environnement de susceptibilit\u00e9 qui se manifeste selon un cycle d\u2019environ 13\u00a0semaines, m\u00eame si aucun facteur individuel ne pr\u00e9sente ce sch\u00e9ma.<\/p>\n<p class=\"western\" align=\"justify\">Cependant, il pourrait s\u2019agir simplement d\u2019un ph\u00e9nom\u00e8ne que nous n\u2019avons pas encore mesur\u00e9, par exemple, un ph\u00e9nom\u00e8ne atmosph\u00e9rique saisonnier invisible avec nos outils actuels.<\/p>\n<p class=\"western\" align=\"justify\">Cela fait 170\u00a0ans que la th\u00e9orie des germes a \u00e9t\u00e9 accept\u00e9e. Les id\u00e9es scientifiques \u00e9voluent et celle-ci doit \u00e9galement \u00e9voluer. Les preuves montrent que l\u2019attaque virale seule ne suffit pas \u00e0 expliquer toutes les observations et qu\u2019un mod\u00e8le plus nuanc\u00e9 est n\u00e9cessaire de toute urgence. Si nous voulons pr\u00e9dire et pr\u00e9venir les maladies, nous devons cesser de nous concentrer uniquement sur le virus et commencer \u00e0 \u00e9couter l\u2019horloge immunitaire humaine et l\u2019environnement dans lequel elle \u00e9volue.<\/p>\n<p class=\"western\" align=\"justify\"><b>L<\/b><b>a<\/b><b> Dr<\/b><b>e<\/b><b> Clare Craig<\/b> est pathologiste diagnostique et copr\u00e9sidente du <a href=\"https:\/\/www.hartgroup.org\/bios\/\" target=\"_blank\" rel=\"noopener\">groupe HART<\/a>. Elle est l\u2019auteure de <i>Expired \u2014 Covid the untold story <\/i>et<i> Spiked: A shot in the dark<\/i>.<\/p>\n<p class=\"western\" align=\"justify\">Texte original publi\u00e9 le 27\u00a0janvier 2026\u00a0: <span style=\"color: #000080;\"><u><a href=\"https:\/\/dailysceptic.org\/2026\/01\/27\/the-unsolved-mystery-of-how-viruses-spread-and-why-germ-theory-isnt-the-whole-answer\/\" target=\"_blank\" rel=\"noopener\">https:\/\/dailysceptic.org\/2026\/01\/27\/the-unsolved-mystery-of-how-viruses-spread-and-why-germ-theory-isnt-the-whole-answer\/<\/a><\/u><\/span><\/p>\n","protected":false},"excerpt":{"rendered":"<p>Depuis plus d\u2019un si\u00e8cle, les scientifiques peinent \u00e0 d\u00e9montrer la contagion virale. Le mod\u00e8le actuel de transmission virale comporte des lacunes importantes, mais celles-ci ne justifient pas pour autant de rejeter le concept de virus. Nous avons besoin d\u2019un nouveau mod\u00e8le qui corresponde aux preuves. Je pr\u00e9sente ici les preuves pour et contre le mod\u00e8le actuel et sugg\u00e8re un moyen de concilier les contradictions apparentes.<\/p>\n","protected":false},"author":2,"featured_media":20390,"comment_status":"closed","ping_status":"closed","sticky":false,"template":"","format":"standard","meta":{"footnotes":""},"categories":[1540,2328],"tags":[2331,291,1388,2329,553,2330],"class_list":["post-21107","post","type-post","status-publish","format-standard","has-post-thumbnail","hentry","category-actualite","category-craig-clare","tag-contagion","tag-cycle","tag-environnement","tag-infection","tag-medecine","tag-saison"],"yoast_head":"<!-- This site is optimized with the Yoast SEO plugin v27.0 - https:\/\/yoast.com\/product\/yoast-seo-wordpress\/ -->\n<title>Le myst\u00e8re non r\u00e9solu de la propagation des virus \u2014 et pourquoi la th\u00e9orie des germes n\u2019est pas la r\u00e9ponse compl\u00e8te par Clare Craig - 3e mill\u00e9naire - Spiritualit\u00e9 - Connaissance de soi - Non-dualit\u00e9 - M\u00e9ditation<\/title>\n<meta name=\"robots\" content=\"index, follow, max-snippet:-1, max-image-preview:large, max-video-preview:-1\" \/>\n<link rel=\"canonical\" href=\"https:\/\/www.revue3emillenaire.com\/blog\/le-mystere-non-resolu-de-la-propagation-des-virus-et-pourquoi-la-theorie-des-germes-nest-pas-la-reponse-complete-par-clare-craig\/\" \/>\n<meta property=\"og:locale\" content=\"fr_FR\" \/>\n<meta property=\"og:type\" content=\"article\" \/>\n<meta property=\"og:title\" content=\"Le myst\u00e8re non r\u00e9solu de la propagation des virus \u2014 et pourquoi la th\u00e9orie des germes n\u2019est pas la r\u00e9ponse compl\u00e8te par Clare Craig - 3e mill\u00e9naire - Spiritualit\u00e9 - Connaissance de soi - Non-dualit\u00e9 - M\u00e9ditation\" \/>\n<meta property=\"og:description\" content=\"Depuis plus d\u2019un si\u00e8cle, les scientifiques peinent \u00e0 d\u00e9montrer la contagion virale. Le mod\u00e8le actuel de transmission virale comporte des lacunes importantes, mais celles-ci ne justifient pas pour autant de rejeter le concept de virus. Nous avons besoin d\u2019un nouveau mod\u00e8le qui corresponde aux preuves. Je pr\u00e9sente ici les preuves pour et contre le mod\u00e8le actuel et sugg\u00e8re un moyen de concilier les contradictions apparentes.\" \/>\n<meta property=\"og:url\" content=\"https:\/\/www.revue3emillenaire.com\/blog\/le-mystere-non-resolu-de-la-propagation-des-virus-et-pourquoi-la-theorie-des-germes-nest-pas-la-reponse-complete-par-clare-craig\/\" \/>\n<meta property=\"og:site_name\" content=\"3e mill\u00e9naire - Spiritualit\u00e9 - Connaissance de soi - Non-dualit\u00e9 - M\u00e9ditation\" \/>\n<meta property=\"article:published_time\" content=\"2026-01-29T20:01:27+00:00\" \/>\n<meta property=\"og:image\" content=\"https:\/\/www.revue3emillenaire.com\/blog\/wp-content\/uploads\/2025\/01\/Clare-Craig.jpg\" \/>\n\t<meta property=\"og:image:width\" content=\"320\" \/>\n\t<meta property=\"og:image:height\" content=\"320\" \/>\n\t<meta property=\"og:image:type\" content=\"image\/jpeg\" \/>\n<meta name=\"author\" content=\"3e mill\u00e9naire\" \/>\n<meta name=\"twitter:card\" content=\"summary_large_image\" \/>\n<meta name=\"twitter:label1\" content=\"\u00c9crit par\" \/>\n\t<meta name=\"twitter:data1\" content=\"3e mill\u00e9naire\" \/>\n\t<meta name=\"twitter:label2\" content=\"Dur\u00e9e de lecture estim\u00e9e\" \/>\n\t<meta name=\"twitter:data2\" content=\"23 minutes\" \/>\n<script type=\"application\/ld+json\" class=\"yoast-schema-graph\">{\"@context\":\"https:\/\/schema.org\",\"@graph\":[{\"@type\":\"Article\",\"@id\":\"https:\/\/www.revue3emillenaire.com\/blog\/le-mystere-non-resolu-de-la-propagation-des-virus-et-pourquoi-la-theorie-des-germes-nest-pas-la-reponse-complete-par-clare-craig\/#article\",\"isPartOf\":{\"@id\":\"https:\/\/www.revue3emillenaire.com\/blog\/le-mystere-non-resolu-de-la-propagation-des-virus-et-pourquoi-la-theorie-des-germes-nest-pas-la-reponse-complete-par-clare-craig\/\"},\"author\":{\"name\":\"3e mill\u00e9naire\",\"@id\":\"https:\/\/www.revue3emillenaire.com\/blog\/#\/schema\/person\/b692dacff720a5344a6190bc714397eb\"},\"headline\":\"Le myst\u00e8re non r\u00e9solu de la propagation des virus \u2014 et pourquoi la th\u00e9orie des germes n\u2019est pas la r\u00e9ponse compl\u00e8te par Clare Craig\",\"datePublished\":\"2026-01-29T20:01:27+00:00\",\"mainEntityOfPage\":{\"@id\":\"https:\/\/www.revue3emillenaire.com\/blog\/le-mystere-non-resolu-de-la-propagation-des-virus-et-pourquoi-la-theorie-des-germes-nest-pas-la-reponse-complete-par-clare-craig\/\"},\"wordCount\":4558,\"image\":{\"@id\":\"https:\/\/www.revue3emillenaire.com\/blog\/le-mystere-non-resolu-de-la-propagation-des-virus-et-pourquoi-la-theorie-des-germes-nest-pas-la-reponse-complete-par-clare-craig\/#primaryimage\"},\"thumbnailUrl\":\"https:\/\/www.revue3emillenaire.com\/blog\/wp-content\/uploads\/2025\/01\/Clare-Craig.jpg\",\"keywords\":[\"Contagion\",\"cycle\",\"Environnement\",\"Infection\",\"m\u00e9decine\",\"Saison\"],\"articleSection\":[\"Actualit\u00e9s\",\"Craig Clare\"],\"inLanguage\":\"fr-FR\"},{\"@type\":\"WebPage\",\"@id\":\"https:\/\/www.revue3emillenaire.com\/blog\/le-mystere-non-resolu-de-la-propagation-des-virus-et-pourquoi-la-theorie-des-germes-nest-pas-la-reponse-complete-par-clare-craig\/\",\"url\":\"https:\/\/www.revue3emillenaire.com\/blog\/le-mystere-non-resolu-de-la-propagation-des-virus-et-pourquoi-la-theorie-des-germes-nest-pas-la-reponse-complete-par-clare-craig\/\",\"name\":\"Le myst\u00e8re non r\u00e9solu de la propagation des virus \u2014 et pourquoi la th\u00e9orie des germes n\u2019est pas la r\u00e9ponse compl\u00e8te par Clare Craig - 3e mill\u00e9naire - Spiritualit\u00e9 - Connaissance de soi - Non-dualit\u00e9 - M\u00e9ditation\",\"isPartOf\":{\"@id\":\"https:\/\/www.revue3emillenaire.com\/blog\/#website\"},\"primaryImageOfPage\":{\"@id\":\"https:\/\/www.revue3emillenaire.com\/blog\/le-mystere-non-resolu-de-la-propagation-des-virus-et-pourquoi-la-theorie-des-germes-nest-pas-la-reponse-complete-par-clare-craig\/#primaryimage\"},\"image\":{\"@id\":\"https:\/\/www.revue3emillenaire.com\/blog\/le-mystere-non-resolu-de-la-propagation-des-virus-et-pourquoi-la-theorie-des-germes-nest-pas-la-reponse-complete-par-clare-craig\/#primaryimage\"},\"thumbnailUrl\":\"https:\/\/www.revue3emillenaire.com\/blog\/wp-content\/uploads\/2025\/01\/Clare-Craig.jpg\",\"datePublished\":\"2026-01-29T20:01:27+00:00\",\"author\":{\"@id\":\"https:\/\/www.revue3emillenaire.com\/blog\/#\/schema\/person\/b692dacff720a5344a6190bc714397eb\"},\"breadcrumb\":{\"@id\":\"https:\/\/www.revue3emillenaire.com\/blog\/le-mystere-non-resolu-de-la-propagation-des-virus-et-pourquoi-la-theorie-des-germes-nest-pas-la-reponse-complete-par-clare-craig\/#breadcrumb\"},\"inLanguage\":\"fr-FR\",\"potentialAction\":[{\"@type\":\"ReadAction\",\"target\":[\"https:\/\/www.revue3emillenaire.com\/blog\/le-mystere-non-resolu-de-la-propagation-des-virus-et-pourquoi-la-theorie-des-germes-nest-pas-la-reponse-complete-par-clare-craig\/\"]}]},{\"@type\":\"ImageObject\",\"inLanguage\":\"fr-FR\",\"@id\":\"https:\/\/www.revue3emillenaire.com\/blog\/le-mystere-non-resolu-de-la-propagation-des-virus-et-pourquoi-la-theorie-des-germes-nest-pas-la-reponse-complete-par-clare-craig\/#primaryimage\",\"url\":\"https:\/\/www.revue3emillenaire.com\/blog\/wp-content\/uploads\/2025\/01\/Clare-Craig.jpg\",\"contentUrl\":\"https:\/\/www.revue3emillenaire.com\/blog\/wp-content\/uploads\/2025\/01\/Clare-Craig.jpg\",\"width\":320,\"height\":320},{\"@type\":\"BreadcrumbList\",\"@id\":\"https:\/\/www.revue3emillenaire.com\/blog\/le-mystere-non-resolu-de-la-propagation-des-virus-et-pourquoi-la-theorie-des-germes-nest-pas-la-reponse-complete-par-clare-craig\/#breadcrumb\",\"itemListElement\":[{\"@type\":\"ListItem\",\"position\":1,\"name\":\"Accueil\",\"item\":\"https:\/\/www.revue3emillenaire.com\/blog\/\"},{\"@type\":\"ListItem\",\"position\":2,\"name\":\"Le myst\u00e8re non r\u00e9solu de la propagation des virus \u2014 et pourquoi la th\u00e9orie des germes n\u2019est pas la r\u00e9ponse compl\u00e8te par Clare Craig\"}]},{\"@type\":\"WebSite\",\"@id\":\"https:\/\/www.revue3emillenaire.com\/blog\/#website\",\"url\":\"https:\/\/www.revue3emillenaire.com\/blog\/\",\"name\":\"3e mill\u00e9naire - Spiritualit\u00e9 - Connaissance de soi - Non-dualit\u00e9 - M\u00e9ditation\",\"description\":\"L&#039;Homme en devenir\",\"potentialAction\":[{\"@type\":\"SearchAction\",\"target\":{\"@type\":\"EntryPoint\",\"urlTemplate\":\"https:\/\/www.revue3emillenaire.com\/blog\/?s={search_term_string}\"},\"query-input\":{\"@type\":\"PropertyValueSpecification\",\"valueRequired\":true,\"valueName\":\"search_term_string\"}}],\"inLanguage\":\"fr-FR\"},{\"@type\":\"Person\",\"@id\":\"https:\/\/www.revue3emillenaire.com\/blog\/#\/schema\/person\/b692dacff720a5344a6190bc714397eb\",\"name\":\"3e mill\u00e9naire\",\"url\":\"https:\/\/www.revue3emillenaire.com\/blog\/author\/scoussa\/\"}]}<\/script>\n<!-- \/ Yoast SEO plugin. -->","yoast_head_json":{"title":"Le myst\u00e8re non r\u00e9solu de la propagation des virus \u2014 et pourquoi la th\u00e9orie des germes n\u2019est pas la r\u00e9ponse compl\u00e8te par Clare Craig - 3e mill\u00e9naire - Spiritualit\u00e9 - Connaissance de soi - Non-dualit\u00e9 - M\u00e9ditation","robots":{"index":"index","follow":"follow","max-snippet":"max-snippet:-1","max-image-preview":"max-image-preview:large","max-video-preview":"max-video-preview:-1"},"canonical":"https:\/\/www.revue3emillenaire.com\/blog\/le-mystere-non-resolu-de-la-propagation-des-virus-et-pourquoi-la-theorie-des-germes-nest-pas-la-reponse-complete-par-clare-craig\/","og_locale":"fr_FR","og_type":"article","og_title":"Le myst\u00e8re non r\u00e9solu de la propagation des virus \u2014 et pourquoi la th\u00e9orie des germes n\u2019est pas la r\u00e9ponse compl\u00e8te par Clare Craig - 3e mill\u00e9naire - Spiritualit\u00e9 - Connaissance de soi - Non-dualit\u00e9 - M\u00e9ditation","og_description":"Depuis plus d\u2019un si\u00e8cle, les scientifiques peinent \u00e0 d\u00e9montrer la contagion virale. Le mod\u00e8le actuel de transmission virale comporte des lacunes importantes, mais celles-ci ne justifient pas pour autant de rejeter le concept de virus. Nous avons besoin d\u2019un nouveau mod\u00e8le qui corresponde aux preuves. Je pr\u00e9sente ici les preuves pour et contre le mod\u00e8le actuel et sugg\u00e8re un moyen de concilier les contradictions apparentes.","og_url":"https:\/\/www.revue3emillenaire.com\/blog\/le-mystere-non-resolu-de-la-propagation-des-virus-et-pourquoi-la-theorie-des-germes-nest-pas-la-reponse-complete-par-clare-craig\/","og_site_name":"3e mill\u00e9naire - Spiritualit\u00e9 - Connaissance de soi - Non-dualit\u00e9 - M\u00e9ditation","article_published_time":"2026-01-29T20:01:27+00:00","og_image":[{"width":320,"height":320,"url":"https:\/\/www.revue3emillenaire.com\/blog\/wp-content\/uploads\/2025\/01\/Clare-Craig.jpg","type":"image\/jpeg"}],"author":"3e mill\u00e9naire","twitter_card":"summary_large_image","twitter_misc":{"\u00c9crit par":"3e mill\u00e9naire","Dur\u00e9e de lecture estim\u00e9e":"23 minutes"},"schema":{"@context":"https:\/\/schema.org","@graph":[{"@type":"Article","@id":"https:\/\/www.revue3emillenaire.com\/blog\/le-mystere-non-resolu-de-la-propagation-des-virus-et-pourquoi-la-theorie-des-germes-nest-pas-la-reponse-complete-par-clare-craig\/#article","isPartOf":{"@id":"https:\/\/www.revue3emillenaire.com\/blog\/le-mystere-non-resolu-de-la-propagation-des-virus-et-pourquoi-la-theorie-des-germes-nest-pas-la-reponse-complete-par-clare-craig\/"},"author":{"name":"3e mill\u00e9naire","@id":"https:\/\/www.revue3emillenaire.com\/blog\/#\/schema\/person\/b692dacff720a5344a6190bc714397eb"},"headline":"Le myst\u00e8re non r\u00e9solu de la propagation des virus \u2014 et pourquoi la th\u00e9orie des germes n\u2019est pas la r\u00e9ponse compl\u00e8te par Clare Craig","datePublished":"2026-01-29T20:01:27+00:00","mainEntityOfPage":{"@id":"https:\/\/www.revue3emillenaire.com\/blog\/le-mystere-non-resolu-de-la-propagation-des-virus-et-pourquoi-la-theorie-des-germes-nest-pas-la-reponse-complete-par-clare-craig\/"},"wordCount":4558,"image":{"@id":"https:\/\/www.revue3emillenaire.com\/blog\/le-mystere-non-resolu-de-la-propagation-des-virus-et-pourquoi-la-theorie-des-germes-nest-pas-la-reponse-complete-par-clare-craig\/#primaryimage"},"thumbnailUrl":"https:\/\/www.revue3emillenaire.com\/blog\/wp-content\/uploads\/2025\/01\/Clare-Craig.jpg","keywords":["Contagion","cycle","Environnement","Infection","m\u00e9decine","Saison"],"articleSection":["Actualit\u00e9s","Craig Clare"],"inLanguage":"fr-FR"},{"@type":"WebPage","@id":"https:\/\/www.revue3emillenaire.com\/blog\/le-mystere-non-resolu-de-la-propagation-des-virus-et-pourquoi-la-theorie-des-germes-nest-pas-la-reponse-complete-par-clare-craig\/","url":"https:\/\/www.revue3emillenaire.com\/blog\/le-mystere-non-resolu-de-la-propagation-des-virus-et-pourquoi-la-theorie-des-germes-nest-pas-la-reponse-complete-par-clare-craig\/","name":"Le myst\u00e8re non r\u00e9solu de la propagation des virus \u2014 et pourquoi la th\u00e9orie des germes n\u2019est pas la r\u00e9ponse compl\u00e8te par Clare Craig - 3e mill\u00e9naire - Spiritualit\u00e9 - Connaissance de soi - Non-dualit\u00e9 - M\u00e9ditation","isPartOf":{"@id":"https:\/\/www.revue3emillenaire.com\/blog\/#website"},"primaryImageOfPage":{"@id":"https:\/\/www.revue3emillenaire.com\/blog\/le-mystere-non-resolu-de-la-propagation-des-virus-et-pourquoi-la-theorie-des-germes-nest-pas-la-reponse-complete-par-clare-craig\/#primaryimage"},"image":{"@id":"https:\/\/www.revue3emillenaire.com\/blog\/le-mystere-non-resolu-de-la-propagation-des-virus-et-pourquoi-la-theorie-des-germes-nest-pas-la-reponse-complete-par-clare-craig\/#primaryimage"},"thumbnailUrl":"https:\/\/www.revue3emillenaire.com\/blog\/wp-content\/uploads\/2025\/01\/Clare-Craig.jpg","datePublished":"2026-01-29T20:01:27+00:00","author":{"@id":"https:\/\/www.revue3emillenaire.com\/blog\/#\/schema\/person\/b692dacff720a5344a6190bc714397eb"},"breadcrumb":{"@id":"https:\/\/www.revue3emillenaire.com\/blog\/le-mystere-non-resolu-de-la-propagation-des-virus-et-pourquoi-la-theorie-des-germes-nest-pas-la-reponse-complete-par-clare-craig\/#breadcrumb"},"inLanguage":"fr-FR","potentialAction":[{"@type":"ReadAction","target":["https:\/\/www.revue3emillenaire.com\/blog\/le-mystere-non-resolu-de-la-propagation-des-virus-et-pourquoi-la-theorie-des-germes-nest-pas-la-reponse-complete-par-clare-craig\/"]}]},{"@type":"ImageObject","inLanguage":"fr-FR","@id":"https:\/\/www.revue3emillenaire.com\/blog\/le-mystere-non-resolu-de-la-propagation-des-virus-et-pourquoi-la-theorie-des-germes-nest-pas-la-reponse-complete-par-clare-craig\/#primaryimage","url":"https:\/\/www.revue3emillenaire.com\/blog\/wp-content\/uploads\/2025\/01\/Clare-Craig.jpg","contentUrl":"https:\/\/www.revue3emillenaire.com\/blog\/wp-content\/uploads\/2025\/01\/Clare-Craig.jpg","width":320,"height":320},{"@type":"BreadcrumbList","@id":"https:\/\/www.revue3emillenaire.com\/blog\/le-mystere-non-resolu-de-la-propagation-des-virus-et-pourquoi-la-theorie-des-germes-nest-pas-la-reponse-complete-par-clare-craig\/#breadcrumb","itemListElement":[{"@type":"ListItem","position":1,"name":"Accueil","item":"https:\/\/www.revue3emillenaire.com\/blog\/"},{"@type":"ListItem","position":2,"name":"Le myst\u00e8re non r\u00e9solu de la propagation des virus \u2014 et pourquoi la th\u00e9orie des germes n\u2019est pas la r\u00e9ponse compl\u00e8te par Clare Craig"}]},{"@type":"WebSite","@id":"https:\/\/www.revue3emillenaire.com\/blog\/#website","url":"https:\/\/www.revue3emillenaire.com\/blog\/","name":"3e mill\u00e9naire - Spiritualit\u00e9 - Connaissance de soi - Non-dualit\u00e9 - M\u00e9ditation","description":"L&#039;Homme en devenir","potentialAction":[{"@type":"SearchAction","target":{"@type":"EntryPoint","urlTemplate":"https:\/\/www.revue3emillenaire.com\/blog\/?s={search_term_string}"},"query-input":{"@type":"PropertyValueSpecification","valueRequired":true,"valueName":"search_term_string"}}],"inLanguage":"fr-FR"},{"@type":"Person","@id":"https:\/\/www.revue3emillenaire.com\/blog\/#\/schema\/person\/b692dacff720a5344a6190bc714397eb","name":"3e mill\u00e9naire","url":"https:\/\/www.revue3emillenaire.com\/blog\/author\/scoussa\/"}]}},"_links":{"self":[{"href":"https:\/\/www.revue3emillenaire.com\/blog\/wp-json\/wp\/v2\/posts\/21107","targetHints":{"allow":["GET"]}}],"collection":[{"href":"https:\/\/www.revue3emillenaire.com\/blog\/wp-json\/wp\/v2\/posts"}],"about":[{"href":"https:\/\/www.revue3emillenaire.com\/blog\/wp-json\/wp\/v2\/types\/post"}],"author":[{"embeddable":true,"href":"https:\/\/www.revue3emillenaire.com\/blog\/wp-json\/wp\/v2\/users\/2"}],"replies":[{"embeddable":true,"href":"https:\/\/www.revue3emillenaire.com\/blog\/wp-json\/wp\/v2\/comments?post=21107"}],"version-history":[{"count":0,"href":"https:\/\/www.revue3emillenaire.com\/blog\/wp-json\/wp\/v2\/posts\/21107\/revisions"}],"wp:featuredmedia":[{"embeddable":true,"href":"https:\/\/www.revue3emillenaire.com\/blog\/wp-json\/wp\/v2\/media\/20390"}],"wp:attachment":[{"href":"https:\/\/www.revue3emillenaire.com\/blog\/wp-json\/wp\/v2\/media?parent=21107"}],"wp:term":[{"taxonomy":"category","embeddable":true,"href":"https:\/\/www.revue3emillenaire.com\/blog\/wp-json\/wp\/v2\/categories?post=21107"},{"taxonomy":"post_tag","embeddable":true,"href":"https:\/\/www.revue3emillenaire.com\/blog\/wp-json\/wp\/v2\/tags?post=21107"}],"curies":[{"name":"wp","href":"https:\/\/api.w.org\/{rel}","templated":true}]}}