{"id":21108,"date":"2026-01-30T00:28:18","date_gmt":"2026-01-29T23:28:18","guid":{"rendered":"https:\/\/www.revue3emillenaire.com\/blog\/?p=21108"},"modified":"2026-01-30T00:28:18","modified_gmt":"2026-01-29T23:28:18","slug":"pourquoi-avons-nous-des-voies-et-des-pratiques-par-joan-tollifson","status":"publish","type":"post","link":"https:\/\/www.revue3emillenaire.com\/blog\/pourquoi-avons-nous-des-voies-et-des-pratiques-par-joan-tollifson\/","title":{"rendered":"Pourquoi avons-nous des voies et des pratiques ? par Joan Tollifson"},"content":{"rendered":"<p class=\"western\" align=\"justify\"><span style=\"color: #000000;\"><span style=\"font-family: Times New Roman, serif;\"><span style=\"font-size: medium;\"><i>Sont-elles n\u00e9cessaires ? Inutiles ? Utiles ? Un obstacle ?<\/i><\/span><\/span><\/span><\/p>\n<p align=\"center\"><img loading=\"lazy\" decoding=\"async\" class=\"\" src=\"https:\/\/substackcdn.com\/image\/fetch\/$s_!s1IH!,w_1456,c_limit,f_auto,q_auto:good,fl_progressive:steep\/https%3A%2F%2Fsubstack-post-media.s3.amazonaws.com%2Fpublic%2Fimages%2F833d8739-a473-4f40-9181-e4360ab9adca_4032x3024.jpeg\" width=\"733\" height=\"550\" \/><\/p>\n<p class=\"western\" align=\"center\"><span style=\"color: #000000;\"><span style=\"font-family: Times New Roman, serif;\"><span style=\"font-size: medium;\">Agn\u00e8s, mon orchid\u00e9e, est en fleur. Quelle b\u00e9n\u00e9diction !<\/span><\/span><\/span><\/p>\n<p class=\"western\" align=\"justify\"><b><span style=\"color: #000000;\"><span style=\"font-family: Times New Roman, serif;\"><span style=\"font-size: medium;\">Pourquoi avons-nous des voies et des pratiques ?<\/span><\/span><\/span><\/b><\/p>\n<p class=\"western\" align=\"justify\"><span style=\"color: #000000;\"><span style=\"font-family: Times New Roman, serif;\"><span style=\"font-size: medium;\">Si \u00ab la r\u00e9alit\u00e9 est simple \u00bb et que \u00ab ceci est toujours d\u00e9j\u00e0 cela \u00bb et que \u00ab tout est cela, tel que c\u2019est \u00bb <\/span><\/span><\/span><span style=\"color: #000000;\"><span style=\"font-family: Times New Roman, serif;\"><span style=\"font-size: medium;\">et qu\u2019\u00ab il n\u2019y a personne <\/span><\/span><\/span><span style=\"color: #000000;\"><span style=\"font-family: Times New Roman, serif;\"><span style=\"font-size: medium;\">pour \u00eatre non \u00e9veill\u00e9 ou pour devenir<\/span><\/span><\/span> <span style=\"color: #000000;\"><span style=\"font-family: Times New Roman, serif;\"><span style=\"font-size: medium;\">\u00e9veill<\/span><\/span><\/span><span style=\"color: #000000;\"><span style=\"font-family: Times New Roman, serif;\"><span style=\"font-size: medium;\">\u00e9<\/span><\/span><\/span><span style=\"color: #000000;\"><span style=\"font-family: Times New Roman, serif;\"><span style=\"font-size: medium;\"> \u00bb, et ainsi de suite, alors pourquoi avons-nous la spiritualit\u00e9, la m\u00e9ditation, les rencontres non dualistes, les retraites, les satsangs, Le Travail de Byron Katie, la Voie sans t\u00eate, la M\u00e9thode Sedona, le Yoga de la Pr\u00e9sence rayonnante, le bouddhisme, l\u2019Advaita, des livres comme ceux que j\u2019\u00e9cris, et ainsi de suite ? Pourquoi se <\/span><\/span><\/span><span style=\"color: #000000;\"><span style=\"font-family: Times New Roman, serif;\"><span style=\"font-size: medium;\">pr\u00e9occup<\/span><\/span><\/span><span style=\"color: #000000;\"><span style=\"font-family: Times New Roman, serif;\"><span style=\"font-size: medium;\">er <\/span><\/span><\/span><span style=\"color: #000000;\"><span style=\"font-family: Times New Roman, serif;\"><span style=\"font-size: medium;\">de <\/span><\/span><\/span><span style=\"color: #000000;\"><span style=\"font-family: Times New Roman, serif;\"><span style=\"font-size: medium;\">tout cel<\/span><\/span><\/span><span style=\"color: #000000;\"><span style=\"font-family: Times New Roman, serif;\"><span style=\"font-size: medium;\">a<\/span><\/span><\/span><span style=\"color: #000000;\"><span style=\"font-family: Times New Roman, serif;\"><span style=\"font-size: medium;\"> ?<\/span><\/span><\/span><\/p>\n<p class=\"western\" align=\"justify\"><span style=\"color: #000000;\"><span style=\"font-family: Times New Roman, serif;\"><span style=\"font-size: medium;\">Une r\u00e9ponse \u00e9vidente est la souffrance. Nous sommes profond\u00e9ment conditionn\u00e9s et habitu\u00e9s \u00e0 penser <\/span><\/span><\/span><span style=\"color: #000000;\"><span style=\"font-family: Times New Roman, serif;\"><span style=\"font-size: medium;\">\u00e0 nous-m\u00eames,<\/span><\/span><\/span><span style=\"color: #000000;\"><span style=\"font-family: Times New Roman, serif;\"><span style=\"font-size: medium;\"> et donc \u00e0 <\/span><\/span><\/span><span style=\"color: #000000;\"><span style=\"font-family: Times New Roman, serif;\"><span style=\"font-size: medium;\">res<\/span><\/span><\/span><span style=\"color: #000000;\"><span style=\"font-family: Times New Roman, serif;\"><span style=\"font-size: medium;\">sentir <\/span><\/span><\/span><span style=\"color: #000000;\"><span style=\"font-family: Times New Roman, serif;\"><span style=\"font-size: medium;\">que nous sommes<\/span><\/span><\/span><span style=\"color: #000000;\"><span style=\"font-family: Times New Roman, serif;\"><span style=\"font-size: medium;\"> des entit\u00e9s s\u00e9par\u00e9es, encapsul\u00e9es, vuln\u00e9rables, vivant dans un monde ext\u00e9rieur fragment\u00e9, menac\u00e9es par les autres et par des forces \u00e9chappant \u00e0 notre contr\u00f4le \u2014 et le corps-esprit EST en effet vuln\u00e9rable. Nous souffrons de formes sp\u00e9cifiquement humaines d\u2019anxi\u00e9t\u00e9, de d\u00e9pression, d\u2019\u00e9checs relationnels et d\u2019addictions mettant la vie en danger. Nous semblons vivre dans un monde de guerres et de fusillades dans les \u00e9coles. Nous aspirons \u00e0 une issue \u00e0 notre souffrance, et nous voulons naturellement gu\u00e9rir ce qui fait mal et r\u00e9parer ce qui est bris\u00e9. Nous cherchons un rem\u00e8de, et pourtant, comme la plupart d\u2019entre nous finissent par le remarquer, cette recherche m\u00eame devient une addiction douloureuse. Que faire ?<\/span><\/span><\/span><\/p>\n<p class=\"western\" align=\"justify\"><span style=\"color: #000000;\"><span style=\"font-family: Times New Roman, serif;\"><span style=\"font-size: medium;\">Nous <\/span><\/span><\/span><span style=\"color: #000000;\"><span style=\"font-family: Times New Roman, serif;\"><span style=\"font-size: medium;\">entrevoyons <\/span><\/span><\/span><span style=\"color: #000000;\"><span style=\"font-family: Times New Roman, serif;\"><span style=\"font-size: medium;\">une autre possibilit\u00e9. Nous avons go\u00fbt\u00e9, m\u00eame bri\u00e8vement, \u00e0 la beaut\u00e9 qui est ici, \u00e0 la joie, \u00e0 l\u2019amour, \u00e0 la facilit\u00e9 d\u2019\u00eatre, \u00e0 la paix et au bien-\u00eatre qui peuvent \u00eatre pr\u00e9sents m\u00eame au c\u0153ur de circonstances douloureuses. Nous l\u2019avons vue refl\u00e9t\u00e9e chez certaines personnes et dans leurs vies, et nous l\u2019avons touch\u00e9e en nous-m\u00eames. Nous sommes attir\u00e9s par notre Nature v\u00e9ritable, par nos possibilit\u00e9s les plus profondes, par un \u00e9lan \u00e9volutif, par ce qui est le plus simple, le plus \u00e9vident et le plus facile \u00e0 n\u00e9gliger. Nous sommes attir\u00e9s \u00e0 explorer et \u00e0 d\u00e9couvrir la nature de la r\u00e9alit\u00e9.<\/span><\/span><\/span><\/p>\n<p class=\"western\" align=\"justify\"><span style=\"color: #000000;\"><span style=\"font-family: Times New Roman, serif;\"><span style=\"font-size: medium;\">Dans son merveilleux livre <\/span><\/span><\/span><span style=\"color: #000000;\"><span style=\"font-family: Times New Roman, serif;\"><span style=\"font-size: medium;\"><i>Coming to Our Senses: Healing Ourselves and the World Through Mindfulness <\/i><\/span><\/span><\/span><span style=\"color: #000000;\"><span style=\"font-family: Times New Roman, serif;\"><span style=\"font-size: medium;\">(tr fr <\/span><\/span><\/span><span style=\"color: #000000;\"><span style=\"font-family: Times New Roman, serif;\"><span style=\"font-size: medium;\"><i>L\u2019\u00e9veil des sens<\/i><\/span><\/span><\/span><span style=\"color: #000000;\"><span style=\"font-family: Times New Roman, serif;\"><span style=\"font-size: medium;\">)<\/span><\/span><\/span><span style=\"color: #000000;\"><span style=\"font-family: Times New Roman, serif;\"><span style=\"font-size: medium;\">, Jon Kabat-Zinn \u00e9crit au sujet de l\u2019a<\/span><\/span><\/span><span style=\"color: #000000;\"><span style=\"font-family: Times New Roman, serif;\"><span style=\"font-size: medium;\">pparente<\/span><\/span><\/span><span style=\"color: #000000;\"><span style=\"font-family: Times New Roman, serif;\"><span style=\"font-size: medium;\"> contradiction entre <\/span><\/span><\/span><span style=\"color: #000000;\"><span style=\"font-family: Times New Roman, serif;\"><span style=\"font-size: medium;\">l<\/span><\/span><\/span><span style=\"color: #000000;\"><span style=\"font-family: Times New Roman, serif;\"><span style=\"font-size: medium;\">es pratiques, <\/span><\/span><\/span><span style=\"color: #000000;\"><span style=\"font-family: Times New Roman, serif;\"><span style=\"font-size: medium;\">comme<\/span><\/span><\/span><span style=\"color: #000000;\"><span style=\"font-family: Times New Roman, serif;\"><span style=\"font-size: medium;\"> la m\u00e9ditation, et la v\u00e9rit\u00e9 absolue <\/span><\/span><\/span><span style=\"color: #000000;\"><span style=\"font-family: Times New Roman, serif;\"><span style=\"font-size: medium;\">qu\u2019<\/span><\/span><\/span><span style=\"color: #000000;\"><span style=\"font-family: Times New Roman, serif;\"><span style=\"font-size: medium;\">il n\u2019y a rien \u00e0 atteindre et personne pour l\u2019atteindre. Pour illustrer comment la m\u00e9ditation est \u00e0 la fois une voie et, en m\u00eame temps <\/span><\/span><\/span><span style=\"color: #000000;\"><span style=\"font-family: Times New Roman, serif;\"><span style=\"font-size: medium;\">une non-<\/span><\/span><\/span><span style=\"color: #000000;\"><span style=\"font-family: Times New Roman, serif;\"><span style=\"font-size: medium;\">voie, Kabat-Zinn fait remarquer que vous ne pouvez pas atteindre votre pied, car il fait d\u00e9j\u00e0 partie de vous, mais, en m\u00eame temps, le pied d\u2019un grand danseur \u00ab sait \u00bb quelque chose qu\u2019un pied ordinaire ne sait pas, bien que, dans leur nature fondamentale, ils soient identiques. Il \u00e9crit ceci\u00a0: \u00ab <\/span><\/span><\/span><span style=\"color: #000000;\"><span style=\"font-family: Times New Roman, serif;\"><span style=\"font-size: medium;\">L<\/span><\/span><\/span><span style=\"color: #000000;\"><span style=\"font-family: Times New Roman, serif;\"><span style=\"font-size: medium;\">a m\u00e9ditation n\u2019est ni une technique ni un ensemble de techniques, mais plut\u00f4t une fa\u00e7on d\u2019\u00eatre\u2026 Le but de la m\u00e9ditation n\u2019est pas de tenter d\u2019acc\u00e9der \u00e0 un ailleurs. Mais de permettre d\u2019\u00eatre exactement l\u00e0 o\u00f9 l\u2019on est et tel que l\u2019on est, et de permettre au monde d\u2019\u00eatre exactement tel qu\u2019il est \u00e0 ce moment m\u00eame\u2026 Par-dessus tout, j\u2019en suis venu \u00e0 consid\u00e9rer la m\u00e9ditation comme un acte d\u2019amour\u2026 un geste du c\u0153ur qui reconna\u00eet notre perfection, y compris dans notre \u00e9vidente imperfection\u2026 La claire conscience m\u00eame est l\u2019enseignant, l\u2019\u00e9tudiant et la le\u00e7on\u2026 Demeurer dans la claire conscience \u00e0 tout moment implique de s\u2019en remettre \u00e0 tous ses sens, d\u2019entrer en contact avec des paysages int\u00e9rieurs et ext\u00e9rieurs composant un tout indivisible \u00bb.<\/span><\/span><\/span><\/p>\n<p class=\"western\" align=\"justify\"><span style=\"color: #000000;\"><span style=\"font-family: Times New Roman, serif;\"><span style=\"font-size: medium;\">Et selon mon exp\u00e9rience, diff\u00e9rents enseignements, expressions, m\u00e9thodes, explorations, pratiques ou voies sans voie offrent diff\u00e9rentes portes d\u2019entr\u00e9e vers l\u2019Ici-Maintenant, le lieu que nous n\u2019avons en r\u00e9alit\u00e9 jamais quitt\u00e9. Chacun \u00e9claire un aspect diff\u00e9rent de cette r\u00e9alit\u00e9 vivante, une dimension ou une facette diff\u00e9rente, une possibilit\u00e9 diff\u00e9rente, et chacun \u00e9claire ou d\u00e9construit diff\u00e9rentes illusions qui cr\u00e9ent notre souffrance humaine.<\/span><\/span><\/span><\/p>\n<p class=\"western\" align=\"justify\"><span style=\"color: #000000;\"><span style=\"font-family: Times New Roman, serif;\"><span style=\"font-size: medium;\">Byron Katie offre une belle m\u00e9thode pour questionner nos pens\u00e9es ; la Voie sans t\u00eate propose une indication d\u2019une simplicit\u00e9 magnifique de notre nature essentielle en tant que Capacit\u00e9 \u00e9veill\u00e9e dans laquelle tout appara\u00eet et dispara\u00eet ; le Yoga de la Pr\u00e9sence rayonnante de Peter Brown nous ouvre aux textures infiniment subtiles et <\/span><\/span><\/span><span style=\"color: #000000;\"><span style=\"font-family: Times New Roman, serif;\"><span style=\"font-size: medium;\">non r<\/span><\/span><\/span><span style=\"color: #000000;\"><span style=\"font-family: Times New Roman, serif;\"><span style=\"font-size: medium;\">\u00e9solubles de l\u2019exp\u00e9rience pr\u00e9sente ; Eckhart Tolle nous invite \u00e0 nous \u00e9veiller \u00e0 l\u2019\u00c9ternel Pr\u00e9sent et \u00e0 prendre conscience de la mani\u00e8re dont nous cr\u00e9ons le conflit et la souffrance par la pens\u00e9e ; la m\u00e9ditation de pleine conscience nous fait sortir de la t\u00eate pour nous ramener dans le corps, nous ouvrant aux textures sensorielles de chaque instant tout en \u00e9clairant nos sch\u00e9mas habituels de pens\u00e9e ; divers enseignants d\u2019Advaita en satsang nous indiquent la conscience sans limites qui est toujours ici, la pr\u00e9sence consciente transcendante que nous sommes ; le bouddhisme d\u00e9construit le soi et la r\u00e9alit\u00e9 apparente de \u00ab choses \u00bb s\u00e9par\u00e9es et persistantes ; les non-dualistes radicaux nous rappellent que \u00ab ceci est cela, tel que c\u2019est \u00bb, que celui qui se sent s\u00e9par\u00e9 et en manque n\u2019est qu\u2019un mirage, que m\u00eame le mirage est aussi \u00ab cela \u00bb, et qu\u2019il n\u2019y a en r\u00e9alit\u00e9 pas de \u00ab cela \u00bb ; divers anti-enseignants iconoclastes nous rappellent de trouver notre propre voie et d\u2019\u00eatre fid\u00e8les \u00e0 notre vision unique, d\u2019\u00eatre une lumi\u00e8re pour nous-m\u00eames.<\/span><\/span><\/span><\/p>\n<p class=\"western\" align=\"justify\"><span style=\"color: #000000;\"><span style=\"font-family: Times New Roman, serif;\"><span style=\"font-size: medium;\">Chacun de ces diff\u00e9rents indicateurs, pratiques, voies et mani\u00e8res de voir la vie poss\u00e8de des forces diff\u00e9rentes et des pi\u00e8ges potentiels diff\u00e9rents, ou des mani\u00e8res dont ils peuvent involontairement nous \u00e9garer. Ils peuvent tous \u00eatre mal compris ou pouss\u00e9s \u00e0 de faux extr\u00eames. L\u2019un peut souvent \u00eatre l\u2019antidote parfait aux cons\u00e9quences involontaires d\u2019un autre. Chacun de nous trouve ce dont il a besoin \u00e0 chaque instant, et cela peut \u00eatre diff\u00e9rent d\u2019un instant \u00e0 l\u2019autre, et pour chaque personne. Ainsi, sur la page des recommandations de mon site web, on peut trouver de nombreuses voix diff\u00e9rentes, souvent apparemment contradictoires dans ce qu\u2019elles proposent.<\/span><\/span><\/span><\/p>\n<p class=\"western\" align=\"justify\"><span style=\"color: #000000;\"><span style=\"font-family: Times New Roman, serif;\"><span style=\"font-size: medium;\">Pendant longtemps, nous pouvons \u00eatre pris dans la tentative de d\u00e9terminer laquelle a raison, laquelle est la meilleure, laquelle est la v\u00e9rit\u00e9 la plus \u00e9lev\u00e9e, la plus efficace, la plus avanc\u00e9e, et ainsi de suite. Mais finalement, nous r\u00e9alisons qu\u2019il s\u2019agit de fausses questions. Ces cartes apparemment diff\u00e9rentes ont toutes quelque chose de pr\u00e9cieux \u00e0 offrir, et aucune d\u2019entre elles ne peut saisir pleinement chaque dimension et possibilit\u00e9 de cette r\u00e9alit\u00e9 vivante.<\/span><\/span><\/span><\/p>\n<p class=\"western\" align=\"justify\"><span style=\"color: #000000;\"><span style=\"font-family: Times New Roman, serif;\"><span style=\"font-size: medium;\">Aucune carte n\u2019est le territoire qu\u2019elle nous aide \u00e0 parcourir. Et ainsi, nous apprenons \u00e0 prendre de chacune ce qui r\u00e9sonne maintenant, et \u00e0 ne pas confondre le doigt qui montre la lune avec la lune elle-m\u00eame. Nous apprenons m\u00eame que la lune et le doigt qui la montre ne sont pas deux, que la cartographie est une activit\u00e9 du territoire, que rien n\u2019est en dehors de ce <\/span><\/span><\/span><span style=\"color: #000000;\"><span style=\"font-family: Times New Roman, serif;\"><span style=\"font-size: medium;\">vide (<\/span><\/span><\/span><span style=\"color: #000000;\"><span style=\"font-family: Times New Roman, serif;\"><span style=\"font-size: medium;\"><i>no-thing-ness<\/i><\/span><\/span><\/span><span style=\"color: #000000;\"><span style=\"font-family: Times New Roman, serif;\"><span style=\"font-size: medium;\">,<\/span><\/span><\/span> <span style=\"color: #000000;\"><span style=\"font-family: Times New Roman, serif;\"><span style=\"font-size: medium;\">non-quelque-chose<\/span><\/span><\/span><span style=\"color: #000000;\"><span style=\"font-family: Times New Roman, serif;\"><span style=\"font-size: medium;\">)<\/span><\/span><\/span> <span style=\"color: #000000;\"><span style=\"font-family: Times New Roman, serif;\"><span style=\"font-size: medium;\">fluide<\/span><\/span><\/span><span style=\"color: #000000;\"><span style=\"font-family: Times New Roman, serif;\"><span style=\"font-size: medium;\">. Nous rencontrons de nombreux paradoxes apparents, et nous d\u00e9couvrons que la r\u00e9alit\u00e9 n\u2019est ni une ni deux. Nous penchons dans un sens puis dans l\u2019autre. Heureusement, les diff\u00e9rents tapis imaginaires sur lesquels nous essayons de nous tenir sont retir\u00e9s sous nos pieds. Encore et encore, nous nous \u00e9veillons. Juste cela !<\/span><\/span><\/span><\/p>\n<p class=\"western\" align=\"justify\"><span style=\"color: #000000;\"><span style=\"font-family: Times New Roman, serif;\"><span style=\"font-size: medium;\">Qu\u2019est-ce que c\u2019est ? Nous ne pouvons pas le dire. Et pourtant, apparemment, nous devons dire quelque chose, tout comme nous devons apparemment agir d\u2019une mani\u00e8re ou d\u2019une autre. Et ainsi, ces mots et toutes les nombreuses pratiques spirituelles et indications propos\u00e9es ont tous jailli sans choix, nous ne savons d\u2019o\u00f9, dans la grande pr\u00e9sence \u00e0 l\u2019\u00e9coute que nous sommes tous.<\/span><\/span><\/span><\/p>\n<p class=\"western\" align=\"justify\"><span style=\"color: #000000;\">\u2014 <\/span><span style=\"color: #000000;\"><span style=\"font-family: Times New Roman, serif;\"><span style=\"font-size: medium;\"><i>un<\/i><\/span><\/span><\/span><span style=\"color: #000000;\"><span style=\"font-family: Times New Roman, serif;\"><span style=\"font-size: medium;\"><i>e<\/i><\/span><\/span><\/span><i> <\/i><a href=\"https:\/\/www.joantollifson.com\/waking.html\" target=\"_blank\" rel=\"noopener\"><span style=\"color: #000000;\"><span style=\"font-family: Times New Roman, serif;\"><span style=\"font-size: medium;\"><i>effusion<\/i><\/span><\/span><\/span><span style=\"color: #000000;\"><span style=\"font-family: Times New Roman, serif;\"><span style=\"font-size: medium;\"><i> de<\/i><\/span><\/span><\/span><\/a><span style=\"color: #000000;\"><span style=\"font-family: Times New Roman, serif;\"><span style=\"font-size: medium;\"><i> mon site web, \u00e9crit<\/i><\/span><\/span><\/span><span style=\"color: #000000;\"><span style=\"font-family: Times New Roman, serif;\"><span style=\"font-size: medium;\"><i>e<\/i><\/span><\/span><\/span><span style=\"color: #000000;\"><span style=\"font-family: Times New Roman, serif;\"><span style=\"font-size: medium;\"><i> en 2022<\/i><\/span><\/span><\/span><\/p>\n<p class=\"western\" align=\"justify\"><span style=\"color: #000000;\"><span style=\"font-family: Times New Roman, serif;\"><span style=\"font-size: medium;\">Amour \u00e0 tous\u2026<\/span><\/span><\/span><\/p>\n<p class=\"western\" align=\"justify\"><span style=\"color: #000000;\"><span style=\"font-family: Times New Roman, serif;\"><span style=\"font-size: medium;\">Texte original publi\u00e9 le 29\u00a0janvier 2026\u00a0: <\/span><\/span><\/span><span style=\"color: #000080;\"><u><a href=\"https:\/\/joantollifson.substack.com\/p\/why-do-we-have-paths-and-practices\" target=\"_blank\" rel=\"noopener\"><span style=\"color: #000000;\"><span style=\"font-family: Times New Roman, serif;\"><span style=\"font-size: medium;\">https:\/\/joantollifson.substack.com\/p\/why-do-we-have-paths-and-practices<\/span><\/span><\/span><\/a><\/u><\/span><\/p>\n","protected":false},"excerpt":{"rendered":"<p>Si \u00ab la r\u00e9alit\u00e9 est simple \u00bb et que \u00ab ceci est toujours d\u00e9j\u00e0 cela \u00bb et que \u00ab tout est cela, tel que c\u2019est \u00bb et qu\u2019\u00ab il n\u2019y a personne pour \u00eatre non \u00e9veill\u00e9 ou pour devenir \u00e9veill\u00e9 \u00bb, et ainsi de suite, alors pourquoi avons-nous la spiritualit\u00e9, la m\u00e9ditation, les rencontres non dualistes, les retraites, les satsangs, Le Travail de Byron Katie, la Voie sans t\u00eate, la M\u00e9thode Sedona, le Yoga de la Pr\u00e9sence rayonnante, le bouddhisme, l\u2019Advaita, des livres comme ceux que j\u2019\u00e9cris, et ainsi de suite ? Pourquoi se pr\u00e9occuper de tout cela ?<\/p>\n","protected":false},"author":2,"featured_media":20534,"comment_status":"closed","ping_status":"closed","sticky":false,"template":"","format":"standard","meta":{"footnotes":""},"categories":[1558],"tags":[8,210],"class_list":["post-21108","post","type-post","status-publish","format-standard","has-post-thumbnail","hentry","category-tollifson-joan","tag-non-dualite","tag-pratique-interieure"],"yoast_head":"<!-- This site is optimized with the Yoast SEO plugin v27.0 - https:\/\/yoast.com\/product\/yoast-seo-wordpress\/ -->\n<title>Pourquoi avons-nous des voies et des pratiques ? par Joan Tollifson - 3e mill\u00e9naire - Spiritualit\u00e9 - Connaissance de soi - Non-dualit\u00e9 - M\u00e9ditation<\/title>\n<meta name=\"robots\" content=\"index, follow, max-snippet:-1, max-image-preview:large, max-video-preview:-1\" \/>\n<link rel=\"canonical\" href=\"https:\/\/www.revue3emillenaire.com\/blog\/pourquoi-avons-nous-des-voies-et-des-pratiques-par-joan-tollifson\/\" \/>\n<meta property=\"og:locale\" content=\"fr_FR\" \/>\n<meta property=\"og:type\" content=\"article\" \/>\n<meta property=\"og:title\" content=\"Pourquoi avons-nous des voies et des pratiques ? par Joan Tollifson - 3e mill\u00e9naire - Spiritualit\u00e9 - Connaissance de soi - Non-dualit\u00e9 - M\u00e9ditation\" \/>\n<meta property=\"og:description\" content=\"Si \u00ab la r\u00e9alit\u00e9 est simple \u00bb et que \u00ab ceci est toujours d\u00e9j\u00e0 cela \u00bb et que \u00ab tout est cela, tel que c\u2019est \u00bb et qu\u2019\u00ab il n\u2019y a personne pour \u00eatre non \u00e9veill\u00e9 ou pour devenir \u00e9veill\u00e9 \u00bb, et ainsi de suite, alors pourquoi avons-nous la spiritualit\u00e9, la m\u00e9ditation, les rencontres non dualistes, les retraites, les satsangs, Le Travail de Byron Katie, la Voie sans t\u00eate, la M\u00e9thode Sedona, le Yoga de la Pr\u00e9sence rayonnante, le bouddhisme, l\u2019Advaita, des livres comme ceux que j\u2019\u00e9cris, et ainsi de suite ? Pourquoi se pr\u00e9occuper de tout cela ?\" \/>\n<meta property=\"og:url\" content=\"https:\/\/www.revue3emillenaire.com\/blog\/pourquoi-avons-nous-des-voies-et-des-pratiques-par-joan-tollifson\/\" \/>\n<meta property=\"og:site_name\" content=\"3e mill\u00e9naire - Spiritualit\u00e9 - Connaissance de soi - Non-dualit\u00e9 - M\u00e9ditation\" \/>\n<meta property=\"article:published_time\" content=\"2026-01-29T23:28:18+00:00\" \/>\n<meta property=\"og:image\" content=\"https:\/\/www.revue3emillenaire.com\/blog\/wp-content\/uploads\/2025\/03\/Joan-Tollifson2.jpg\" \/>\n\t<meta property=\"og:image:width\" content=\"305\" \/>\n\t<meta property=\"og:image:height\" content=\"369\" \/>\n\t<meta property=\"og:image:type\" content=\"image\/jpeg\" \/>\n<meta name=\"author\" content=\"3e mill\u00e9naire\" \/>\n<meta name=\"twitter:card\" content=\"summary_large_image\" \/>\n<meta name=\"twitter:label1\" content=\"\u00c9crit par\" \/>\n\t<meta name=\"twitter:data1\" content=\"3e mill\u00e9naire\" \/>\n\t<meta name=\"twitter:label2\" content=\"Dur\u00e9e de lecture estim\u00e9e\" \/>\n\t<meta name=\"twitter:data2\" content=\"7 minutes\" \/>\n<script type=\"application\/ld+json\" class=\"yoast-schema-graph\">{\"@context\":\"https:\/\/schema.org\",\"@graph\":[{\"@type\":\"Article\",\"@id\":\"https:\/\/www.revue3emillenaire.com\/blog\/pourquoi-avons-nous-des-voies-et-des-pratiques-par-joan-tollifson\/#article\",\"isPartOf\":{\"@id\":\"https:\/\/www.revue3emillenaire.com\/blog\/pourquoi-avons-nous-des-voies-et-des-pratiques-par-joan-tollifson\/\"},\"author\":{\"name\":\"3e mill\u00e9naire\",\"@id\":\"https:\/\/www.revue3emillenaire.com\/blog\/#\/schema\/person\/b692dacff720a5344a6190bc714397eb\"},\"headline\":\"Pourquoi avons-nous des voies et des pratiques ? par Joan Tollifson\",\"datePublished\":\"2026-01-29T23:28:18+00:00\",\"mainEntityOfPage\":{\"@id\":\"https:\/\/www.revue3emillenaire.com\/blog\/pourquoi-avons-nous-des-voies-et-des-pratiques-par-joan-tollifson\/\"},\"wordCount\":1432,\"image\":{\"@id\":\"https:\/\/www.revue3emillenaire.com\/blog\/pourquoi-avons-nous-des-voies-et-des-pratiques-par-joan-tollifson\/#primaryimage\"},\"thumbnailUrl\":\"https:\/\/www.revue3emillenaire.com\/blog\/wp-content\/uploads\/2025\/03\/Joan-Tollifson2.jpg\",\"keywords\":[\"Non-dualit\u00e9\",\"pratique int\u00e9rieure\"],\"articleSection\":[\"Tollifson Joan\"],\"inLanguage\":\"fr-FR\"},{\"@type\":\"WebPage\",\"@id\":\"https:\/\/www.revue3emillenaire.com\/blog\/pourquoi-avons-nous-des-voies-et-des-pratiques-par-joan-tollifson\/\",\"url\":\"https:\/\/www.revue3emillenaire.com\/blog\/pourquoi-avons-nous-des-voies-et-des-pratiques-par-joan-tollifson\/\",\"name\":\"Pourquoi avons-nous des voies et des pratiques ? par Joan Tollifson - 3e mill\u00e9naire - Spiritualit\u00e9 - Connaissance de soi - Non-dualit\u00e9 - M\u00e9ditation\",\"isPartOf\":{\"@id\":\"https:\/\/www.revue3emillenaire.com\/blog\/#website\"},\"primaryImageOfPage\":{\"@id\":\"https:\/\/www.revue3emillenaire.com\/blog\/pourquoi-avons-nous-des-voies-et-des-pratiques-par-joan-tollifson\/#primaryimage\"},\"image\":{\"@id\":\"https:\/\/www.revue3emillenaire.com\/blog\/pourquoi-avons-nous-des-voies-et-des-pratiques-par-joan-tollifson\/#primaryimage\"},\"thumbnailUrl\":\"https:\/\/www.revue3emillenaire.com\/blog\/wp-content\/uploads\/2025\/03\/Joan-Tollifson2.jpg\",\"datePublished\":\"2026-01-29T23:28:18+00:00\",\"author\":{\"@id\":\"https:\/\/www.revue3emillenaire.com\/blog\/#\/schema\/person\/b692dacff720a5344a6190bc714397eb\"},\"breadcrumb\":{\"@id\":\"https:\/\/www.revue3emillenaire.com\/blog\/pourquoi-avons-nous-des-voies-et-des-pratiques-par-joan-tollifson\/#breadcrumb\"},\"inLanguage\":\"fr-FR\",\"potentialAction\":[{\"@type\":\"ReadAction\",\"target\":[\"https:\/\/www.revue3emillenaire.com\/blog\/pourquoi-avons-nous-des-voies-et-des-pratiques-par-joan-tollifson\/\"]}]},{\"@type\":\"ImageObject\",\"inLanguage\":\"fr-FR\",\"@id\":\"https:\/\/www.revue3emillenaire.com\/blog\/pourquoi-avons-nous-des-voies-et-des-pratiques-par-joan-tollifson\/#primaryimage\",\"url\":\"https:\/\/www.revue3emillenaire.com\/blog\/wp-content\/uploads\/2025\/03\/Joan-Tollifson2.jpg\",\"contentUrl\":\"https:\/\/www.revue3emillenaire.com\/blog\/wp-content\/uploads\/2025\/03\/Joan-Tollifson2.jpg\",\"width\":305,\"height\":369},{\"@type\":\"BreadcrumbList\",\"@id\":\"https:\/\/www.revue3emillenaire.com\/blog\/pourquoi-avons-nous-des-voies-et-des-pratiques-par-joan-tollifson\/#breadcrumb\",\"itemListElement\":[{\"@type\":\"ListItem\",\"position\":1,\"name\":\"Accueil\",\"item\":\"https:\/\/www.revue3emillenaire.com\/blog\/\"},{\"@type\":\"ListItem\",\"position\":2,\"name\":\"Pourquoi avons-nous des voies et des pratiques ? par Joan Tollifson\"}]},{\"@type\":\"WebSite\",\"@id\":\"https:\/\/www.revue3emillenaire.com\/blog\/#website\",\"url\":\"https:\/\/www.revue3emillenaire.com\/blog\/\",\"name\":\"3e mill\u00e9naire - Spiritualit\u00e9 - Connaissance de soi - Non-dualit\u00e9 - M\u00e9ditation\",\"description\":\"L&#039;Homme en devenir\",\"potentialAction\":[{\"@type\":\"SearchAction\",\"target\":{\"@type\":\"EntryPoint\",\"urlTemplate\":\"https:\/\/www.revue3emillenaire.com\/blog\/?s={search_term_string}\"},\"query-input\":{\"@type\":\"PropertyValueSpecification\",\"valueRequired\":true,\"valueName\":\"search_term_string\"}}],\"inLanguage\":\"fr-FR\"},{\"@type\":\"Person\",\"@id\":\"https:\/\/www.revue3emillenaire.com\/blog\/#\/schema\/person\/b692dacff720a5344a6190bc714397eb\",\"name\":\"3e mill\u00e9naire\",\"url\":\"https:\/\/www.revue3emillenaire.com\/blog\/author\/scoussa\/\"}]}<\/script>\n<!-- \/ Yoast SEO plugin. -->","yoast_head_json":{"title":"Pourquoi avons-nous des voies et des pratiques ? par Joan Tollifson - 3e mill\u00e9naire - Spiritualit\u00e9 - Connaissance de soi - Non-dualit\u00e9 - M\u00e9ditation","robots":{"index":"index","follow":"follow","max-snippet":"max-snippet:-1","max-image-preview":"max-image-preview:large","max-video-preview":"max-video-preview:-1"},"canonical":"https:\/\/www.revue3emillenaire.com\/blog\/pourquoi-avons-nous-des-voies-et-des-pratiques-par-joan-tollifson\/","og_locale":"fr_FR","og_type":"article","og_title":"Pourquoi avons-nous des voies et des pratiques ? par Joan Tollifson - 3e mill\u00e9naire - Spiritualit\u00e9 - Connaissance de soi - Non-dualit\u00e9 - M\u00e9ditation","og_description":"Si \u00ab la r\u00e9alit\u00e9 est simple \u00bb et que \u00ab ceci est toujours d\u00e9j\u00e0 cela \u00bb et que \u00ab tout est cela, tel que c\u2019est \u00bb et qu\u2019\u00ab il n\u2019y a personne pour \u00eatre non \u00e9veill\u00e9 ou pour devenir \u00e9veill\u00e9 \u00bb, et ainsi de suite, alors pourquoi avons-nous la spiritualit\u00e9, la m\u00e9ditation, les rencontres non dualistes, les retraites, les satsangs, Le Travail de Byron Katie, la Voie sans t\u00eate, la M\u00e9thode Sedona, le Yoga de la Pr\u00e9sence rayonnante, le bouddhisme, l\u2019Advaita, des livres comme ceux que j\u2019\u00e9cris, et ainsi de suite ? Pourquoi se pr\u00e9occuper de tout cela ?","og_url":"https:\/\/www.revue3emillenaire.com\/blog\/pourquoi-avons-nous-des-voies-et-des-pratiques-par-joan-tollifson\/","og_site_name":"3e mill\u00e9naire - Spiritualit\u00e9 - Connaissance de soi - Non-dualit\u00e9 - M\u00e9ditation","article_published_time":"2026-01-29T23:28:18+00:00","og_image":[{"width":305,"height":369,"url":"https:\/\/www.revue3emillenaire.com\/blog\/wp-content\/uploads\/2025\/03\/Joan-Tollifson2.jpg","type":"image\/jpeg"}],"author":"3e mill\u00e9naire","twitter_card":"summary_large_image","twitter_misc":{"\u00c9crit par":"3e mill\u00e9naire","Dur\u00e9e de lecture estim\u00e9e":"7 minutes"},"schema":{"@context":"https:\/\/schema.org","@graph":[{"@type":"Article","@id":"https:\/\/www.revue3emillenaire.com\/blog\/pourquoi-avons-nous-des-voies-et-des-pratiques-par-joan-tollifson\/#article","isPartOf":{"@id":"https:\/\/www.revue3emillenaire.com\/blog\/pourquoi-avons-nous-des-voies-et-des-pratiques-par-joan-tollifson\/"},"author":{"name":"3e mill\u00e9naire","@id":"https:\/\/www.revue3emillenaire.com\/blog\/#\/schema\/person\/b692dacff720a5344a6190bc714397eb"},"headline":"Pourquoi avons-nous des voies et des pratiques ? par Joan Tollifson","datePublished":"2026-01-29T23:28:18+00:00","mainEntityOfPage":{"@id":"https:\/\/www.revue3emillenaire.com\/blog\/pourquoi-avons-nous-des-voies-et-des-pratiques-par-joan-tollifson\/"},"wordCount":1432,"image":{"@id":"https:\/\/www.revue3emillenaire.com\/blog\/pourquoi-avons-nous-des-voies-et-des-pratiques-par-joan-tollifson\/#primaryimage"},"thumbnailUrl":"https:\/\/www.revue3emillenaire.com\/blog\/wp-content\/uploads\/2025\/03\/Joan-Tollifson2.jpg","keywords":["Non-dualit\u00e9","pratique int\u00e9rieure"],"articleSection":["Tollifson Joan"],"inLanguage":"fr-FR"},{"@type":"WebPage","@id":"https:\/\/www.revue3emillenaire.com\/blog\/pourquoi-avons-nous-des-voies-et-des-pratiques-par-joan-tollifson\/","url":"https:\/\/www.revue3emillenaire.com\/blog\/pourquoi-avons-nous-des-voies-et-des-pratiques-par-joan-tollifson\/","name":"Pourquoi avons-nous des voies et des pratiques ? par Joan Tollifson - 3e mill\u00e9naire - Spiritualit\u00e9 - Connaissance de soi - Non-dualit\u00e9 - M\u00e9ditation","isPartOf":{"@id":"https:\/\/www.revue3emillenaire.com\/blog\/#website"},"primaryImageOfPage":{"@id":"https:\/\/www.revue3emillenaire.com\/blog\/pourquoi-avons-nous-des-voies-et-des-pratiques-par-joan-tollifson\/#primaryimage"},"image":{"@id":"https:\/\/www.revue3emillenaire.com\/blog\/pourquoi-avons-nous-des-voies-et-des-pratiques-par-joan-tollifson\/#primaryimage"},"thumbnailUrl":"https:\/\/www.revue3emillenaire.com\/blog\/wp-content\/uploads\/2025\/03\/Joan-Tollifson2.jpg","datePublished":"2026-01-29T23:28:18+00:00","author":{"@id":"https:\/\/www.revue3emillenaire.com\/blog\/#\/schema\/person\/b692dacff720a5344a6190bc714397eb"},"breadcrumb":{"@id":"https:\/\/www.revue3emillenaire.com\/blog\/pourquoi-avons-nous-des-voies-et-des-pratiques-par-joan-tollifson\/#breadcrumb"},"inLanguage":"fr-FR","potentialAction":[{"@type":"ReadAction","target":["https:\/\/www.revue3emillenaire.com\/blog\/pourquoi-avons-nous-des-voies-et-des-pratiques-par-joan-tollifson\/"]}]},{"@type":"ImageObject","inLanguage":"fr-FR","@id":"https:\/\/www.revue3emillenaire.com\/blog\/pourquoi-avons-nous-des-voies-et-des-pratiques-par-joan-tollifson\/#primaryimage","url":"https:\/\/www.revue3emillenaire.com\/blog\/wp-content\/uploads\/2025\/03\/Joan-Tollifson2.jpg","contentUrl":"https:\/\/www.revue3emillenaire.com\/blog\/wp-content\/uploads\/2025\/03\/Joan-Tollifson2.jpg","width":305,"height":369},{"@type":"BreadcrumbList","@id":"https:\/\/www.revue3emillenaire.com\/blog\/pourquoi-avons-nous-des-voies-et-des-pratiques-par-joan-tollifson\/#breadcrumb","itemListElement":[{"@type":"ListItem","position":1,"name":"Accueil","item":"https:\/\/www.revue3emillenaire.com\/blog\/"},{"@type":"ListItem","position":2,"name":"Pourquoi avons-nous des voies et des pratiques ? par Joan Tollifson"}]},{"@type":"WebSite","@id":"https:\/\/www.revue3emillenaire.com\/blog\/#website","url":"https:\/\/www.revue3emillenaire.com\/blog\/","name":"3e mill\u00e9naire - Spiritualit\u00e9 - Connaissance de soi - Non-dualit\u00e9 - M\u00e9ditation","description":"L&#039;Homme en devenir","potentialAction":[{"@type":"SearchAction","target":{"@type":"EntryPoint","urlTemplate":"https:\/\/www.revue3emillenaire.com\/blog\/?s={search_term_string}"},"query-input":{"@type":"PropertyValueSpecification","valueRequired":true,"valueName":"search_term_string"}}],"inLanguage":"fr-FR"},{"@type":"Person","@id":"https:\/\/www.revue3emillenaire.com\/blog\/#\/schema\/person\/b692dacff720a5344a6190bc714397eb","name":"3e mill\u00e9naire","url":"https:\/\/www.revue3emillenaire.com\/blog\/author\/scoussa\/"}]}},"_links":{"self":[{"href":"https:\/\/www.revue3emillenaire.com\/blog\/wp-json\/wp\/v2\/posts\/21108","targetHints":{"allow":["GET"]}}],"collection":[{"href":"https:\/\/www.revue3emillenaire.com\/blog\/wp-json\/wp\/v2\/posts"}],"about":[{"href":"https:\/\/www.revue3emillenaire.com\/blog\/wp-json\/wp\/v2\/types\/post"}],"author":[{"embeddable":true,"href":"https:\/\/www.revue3emillenaire.com\/blog\/wp-json\/wp\/v2\/users\/2"}],"replies":[{"embeddable":true,"href":"https:\/\/www.revue3emillenaire.com\/blog\/wp-json\/wp\/v2\/comments?post=21108"}],"version-history":[{"count":0,"href":"https:\/\/www.revue3emillenaire.com\/blog\/wp-json\/wp\/v2\/posts\/21108\/revisions"}],"wp:featuredmedia":[{"embeddable":true,"href":"https:\/\/www.revue3emillenaire.com\/blog\/wp-json\/wp\/v2\/media\/20534"}],"wp:attachment":[{"href":"https:\/\/www.revue3emillenaire.com\/blog\/wp-json\/wp\/v2\/media?parent=21108"}],"wp:term":[{"taxonomy":"category","embeddable":true,"href":"https:\/\/www.revue3emillenaire.com\/blog\/wp-json\/wp\/v2\/categories?post=21108"},{"taxonomy":"post_tag","embeddable":true,"href":"https:\/\/www.revue3emillenaire.com\/blog\/wp-json\/wp\/v2\/tags?post=21108"}],"curies":[{"name":"wp","href":"https:\/\/api.w.org\/{rel}","templated":true}]}}