{"id":21169,"date":"2026-03-08T17:42:26","date_gmt":"2026-03-08T16:42:26","guid":{"rendered":"https:\/\/www.revue3emillenaire.com\/blog\/?p=21169"},"modified":"2026-03-08T23:05:53","modified_gmt":"2026-03-08T22:05:53","slug":"conscience-sans-contrepartie-lidentite-au-dela-de-la-representation-par-steven-pashko","status":"publish","type":"post","link":"https:\/\/www.revue3emillenaire.com\/blog\/conscience-sans-contrepartie-lidentite-au-dela-de-la-representation-par-steven-pashko\/","title":{"rendered":"Conscience sans contrepartie\u00a0: l\u2019identit\u00e9 au-del\u00e0 de la repr\u00e9sentation par Steven Pashko"},"content":{"rendered":"<p class=\"western\" align=\"justify\"><span style=\"font-size: medium;\">Steven Pashko, PhD, est un psychologue agr\u00e9\u00e9 (\u00e0 la retraite) poss\u00e9dant des d\u00e9cennies d\u2019exp\u00e9rience en recherche sur la pharmacologie du syst\u00e8me nerveux central et en m\u00e9ditation zen. Ses travaux explorent les limites des mod\u00e8les conceptuels dans la compr\u00e9hension de la conscience, du bien-\u00eatre et de l\u2019identit\u00e9 humaine. Il a \u00e9crit de nombreux articles de recherche sur l\u2019am\u00e9lioration des r\u00e9sultats en mati\u00e8re de sant\u00e9 et est l\u2019auteur de <i><em>The Hero&rsquo;s Gift: A Journey to the Inconceivable<\/em><\/i>, un roman paru \u00e0 la fin de 2025 qui examine les bienfaits de la pleine conscience et de la m\u00e9ditation \u2014 la conscience non d\u00e9form\u00e9e de la r\u00e9alit\u00e9 \u2014 \u00e0 travers la forme narrative du voyage du h\u00e9ros.<\/span><\/p>\n<p class=\"western\" align=\"justify\"><span style=\"color: #000000;\"><span style=\"font-size: medium;\"><i><b>La recherche de l\u2019authenticit\u00e9 \u00e9choue parce que nous la menons au mauvais endroit\u00a0: la pens\u00e9e elle-m\u00eame. Le foss\u00e9 \u00e9pist\u00e9mique, c\u2019est-\u00e0-dire l\u2019incapacit\u00e9 des concepts \u00e0 saisir la r\u00e9alit\u00e9 exp\u00e9rientielle, produit le sentiment persistant que quelque chose de fondamental dans l\u2019existence fait d\u00e9faut, une tension qui sous-tend une grande partie du questionnement existentiel. Lorsque les repr\u00e9sentations sont confondues avec la r\u00e9alit\u00e9, trois formes omnipr\u00e9sentes de souffrance s\u2019ensuivent\u00a0: la peur de la mort, la violence et l\u2019orgueil. Chacune d\u2019entre elles se dissout lorsque l\u2019erreur est reconnue. Mais la reconnaissance seule s\u2019estompe ; seul un d\u00e9tachement soutenu de l\u2019identification conceptuelle permet de transformer cette prise de conscience en exp\u00e9rience v\u00e9cue, affirme Steven Pashko.<\/b><\/i><\/span><\/span><\/p>\n<p class=\"western\" align=\"center\"><span style=\"color: #000000;\"><span style=\"font-size: medium;\">_________________<\/span><\/span><\/p>\n<p class=\"western\" align=\"justify\"><span style=\"color: #000000;\"><span style=\"font-size: medium;\">D\u00e9crivez-moi le go\u00fbt du chocolat. Vous le connaissez avec une certitude absolue. Pourtant, vous ne pouvez pas transmettre cette connaissance \u00e0 quelqu\u2019un qui n\u2019y a jamais go\u00fbt\u00e9. Des mots comme \u00ab sucr\u00e9 \u00bb, \u00ab riche \u00bb ou \u00ab l\u00e9g\u00e8rement amer \u00bb ne capturent que certains aspects du go\u00fbt, ils ne transmettent pas l\u2019exp\u00e9rience elle-m\u00eame.<\/span><\/span><\/p>\n<p class=\"western\" align=\"justify\"><span style=\"color: #000000;\"><span style=\"font-size: medium;\">Il en va de m\u00eame pour la couleur bleue, l\u2019odeur d\u2019une rose ou le son d\u2019un violon. Le langage ne peut <\/span><\/span><span style=\"color: #000000;\"><span style=\"font-size: medium;\">pas <\/span><\/span><span style=\"color: #000000;\"><span style=\"font-size: medium;\">les saisir. Ce n\u2019est l\u00e0 qu\u2019un des probl\u00e8mes structurels du langage. D\u2019autres incluent son incapacit\u00e9 \u00e0 transmettre la totalit\u00e9, son besoin d\u2019un contexte pour sp\u00e9cifier quoi que ce soit et son utilisation de la repr\u00e9sentation cat\u00e9gorielle pour indiquer ce qui est particulier (par exemple, <\/span><\/span><em><span style=\"color: #000000;\"><span style=\"font-size: medium;\"><i>un arbre<\/i><\/span><\/span><\/em><span style=\"color: #000000;\"><span style=\"font-size: medium;\">).<\/span><\/span><\/p>\n<p class=\"western\" align=\"justify\"><span style=\"color: #000000;\"><span style=\"font-size: medium;\">C\u2019est ce qu\u2019on appelle le foss\u00e9 \u00e9pist\u00e9mique\u00a0: l\u2019incapacit\u00e9 des concepts \u00e0 saisir la r\u00e9alit\u00e9 exp\u00e9rientielle. Le d\u00e9calage qui en r\u00e9sulte produit un sentiment persistant que quelque chose de fondamental dans l\u2019existence ne va pas, une tension qui se manifeste souvent sous forme d\u2019angoisse existentielle ou de remise en question.<\/span><\/span><\/p>\n<p class=\"western\" align=\"justify\"><strong><span style=\"color: #000000;\"><span style=\"font-size: medium;\"><b>Le c\u00f4t\u00e9 conceptuel<\/b><\/span><\/span><\/strong><\/p>\n<p class=\"western\" align=\"justify\"><span style=\"color: #000000;\"><span style=\"font-size: medium;\">Nous vivons presque enti\u00e8rement du c\u00f4t\u00e9 conceptuel de <\/span><\/span><span style=\"color: #000000;\"><span style=\"font-size: medium;\">cet <\/span><\/span><span style=\"color: #000000;\"><span style=\"font-size: medium;\">\u00e9cart\u00a0: dans le langage, dans le r\u00e9cit, dans le commentaire mental incessant qui nous accompagne du r\u00e9veil au sommeil. Nous acceptons ce flux de concepts comme r\u00e9el et nous nous prenons pour l\u2019histoire que nous racontons sur nous-m\u00eames.<\/span><\/span><\/p>\n<p class=\"western\" align=\"justify\"><span style=\"color: #000000;\"><span style=\"font-size: medium;\">L\u2019erreur n\u2019est pas que les concepts existent, mais que nous les prenons pour la r\u00e9alit\u00e9 de ce que nous sommes. Cet outil fonctionne \u00e0 merveille pour s\u2019orienter, planifi<\/span><\/span><span style=\"color: #000000;\"><span style=\"font-size: medium;\">er<\/span><\/span><span style=\"color: #000000;\"><span style=\"font-size: medium;\"> et communi<\/span><\/span><span style=\"color: #000000;\"><span style=\"font-size: medium;\">quer<\/span><\/span><span style=\"color: #000000;\"><span style=\"font-size: medium;\">. Mais nous l\u2019avons utilis\u00e9 pour une t\u00e2che qu\u2019il ne peut pas accomplir\u00a0: identifier ce que nous sommes ou qui nous sommes. Nos identit\u00e9s conceptuelles, celles d\u2019\u00eatre parent, d\u2019avoir une certaine inclination culturelle, d\u2019\u00eatre un travailleur acharn\u00e9, ne sont vraies qu\u2019au niveau fonctionnel. Pourtant, nous passons notre vie \u00e0 d\u00e9fendre et \u00e0 renforcer la position d\u2019une entit\u00e9 temporaire qui n\u2019existe que dans le langage.<\/span><\/span><\/p>\n<p class=\"western\" align=\"justify\"><span style=\"color: #000000;\"><span style=\"font-size: medium;\">Pendant ce temps, le c\u00f4t\u00e9 exp\u00e9rientiel de l\u2019\u00e9cart, la conscience sous sa forme libre de tout concept, a \u00e9t\u00e9 r\u00e9cup\u00e9r\u00e9 par le langage et passe inaper\u00e7u. C\u2019est comme regarder un film (les concepts) avec une telle intensit\u00e9 que l\u2019on en oublie que l\u2019on est assis devant un \u00e9cran (la conscience). Le drame semble r\u00e9el. Mais l\u2019\u00e9cran \u00e9tait l\u00e0 avant le d\u00e9but du film. Il reste inchang\u00e9 par ce qui s\u2019y d\u00e9roule et sera toujours l\u00e0 apr\u00e8s le g\u00e9n\u00e9rique.<\/span><\/span><\/p>\n<p class=\"western\" align=\"justify\"><strong><span style=\"color: #000000;\"><span style=\"font-size: medium;\"><b>Ce que vous \u00eates r\u00e9ellement<\/b><\/span><\/span><\/strong><\/p>\n<p class=\"western\" align=\"justify\"><span style=\"color: #000000;\"><span style=\"font-size: medium;\">La question n\u2019est pas de savoir si la conscience existe\u00a0: vous \u00eates conscient en ce moment m\u00eame, en lisant ces mots. La question est de savoir si la conscience ou son contenu conceptuel constitue ce que vous \u00eates fondamentalement. Quatre observations permettent de r\u00e9pondre \u00e0 cette question.<\/span><\/span><\/p>\n<p class=\"western\" align=\"justify\"><span style=\"color: #000000;\"><span style=\"font-size: medium;\">Premi\u00e8rement\u00a0: le sujet ne peut pas \u00eatre son propre objet. Lorsque vous pensez \u00ab Je r\u00e9ussis \u00bb, quelque chose est conscient de cette pens\u00e9e. Essayez d\u2019observer l\u2019observateur. Vous ne <\/span><\/span><span style=\"color: #000000;\"><span style=\"font-size: medium;\">le <\/span><\/span><span style=\"color: #000000;\"><span style=\"font-size: medium;\">pouvez pas. Tout ce que vous trouvez est un autre objet dans la conscience\u00a0: une autre pens\u00e9e, une nouvelle image, une sensation diff\u00e9rente. Le sujet n\u2019est pas un objet conceptuel. Gallagher\u00a0<\/span><\/span><span style=\"color: #000000;\"><span style=\"font-size: medium;\">[<a class=\"sdfootnoteanc\" href=\"#sdfootnote1sym\" name=\"sdfootnote1anc\"><sup>1<\/sup><\/a>]<\/span><\/span><span style=\"color: #000000;\"><span style=\"font-size: medium;\"> et Epstein\u00a0<\/span><\/span><span style=\"color: #000000;\"><span style=\"font-size: medium;\">[<a class=\"sdfootnoteanc\" href=\"#sdfootnote2sym\" name=\"sdfootnote2anc\"><sup>2<\/sup><\/a>,<a class=\"sdfootnoteanc\" href=\"#sdfootnote3sym\" name=\"sdfootnote3anc\"><sup>3<\/sup><\/a>]<\/span><\/span><span style=\"color: #000000;\"><span style=\"font-size: medium;\"> d\u00e9crivent un sentiment d\u2019\u00eatre pr\u00e9- r\u00e9flexif d\u2019\u00eatre qui pr\u00e9c\u00e8de toute repr\u00e9sentation conceptuelle de soi. L\u2019asym\u00e9trie est in\u00e9vitable\u00a0: le concept de soi d\u00e9pend de la conscience ; la conscience consciente ne d\u00e9pend de rien.<\/span><\/span><\/p>\n<p class=\"western\" align=\"justify\"><span style=\"color: #000000;\"><span style=\"font-size: medium;\">Deuxi\u00e8mement\u00a0: la conscience persiste lorsque les concepts disparaissent. Les athl\u00e8tes en \u00e9tat de flux ne font \u00e9tat d\u2019aucun moi s\u00e9par\u00e9, seulement d\u2019une action-conscience unifi\u00e9e <\/span><\/span><span style=\"color: #000000;\"><span style=\"font-size: medium;\">[<a class=\"sdfootnoteanc\" href=\"#sdfootnote4sym\" name=\"sdfootnote4anc\"><sup>4<\/sup><\/a>]<\/span><\/span><span style=\"color: #000000;\"><span style=\"font-size: medium;\">. Les enfants de moins de deux ans ont une exp\u00e9rience riche avant m\u00eame que leur concept de soi ne se d\u00e9veloppe <\/span><\/span><span style=\"color: #000000;\"><span style=\"font-size: medium;\">[<a class=\"sdfootnoteanc\" href=\"#sdfootnote5sym\" name=\"sdfootnote5anc\"><sup>5<\/sup><\/a>]<\/span><\/span><span style=\"color: #000000;\"><span style=\"font-size: medium;\">. La m\u00e9ditation profonde implique une conscience sans aucune conceptualisation <\/span><\/span><span style=\"color: #000000;\"><span style=\"font-size: medium;\">[<a class=\"sdfootnoteanc\" href=\"#sdfootnote6sym\" name=\"sdfootnote6anc\"><sup>6<\/sup><\/a>]<\/span><\/span><span style=\"color: #000000;\"><span style=\"font-size: medium;\">. Le sch\u00e9ma reste coh\u00e9rent\u00a0: la conscience reste pr\u00e9sente tandis que le concept de soi est absent.<\/span><\/span><\/p>\n<p class=\"western\" align=\"justify\"><span style=\"color: #000000;\"><span style=\"font-size: medium;\">Troisi\u00e8mement\u00a0: la conscience est sans effort ; les concepts de soi sont \u00e9puisants. Remarquez combien d\u2019\u00e9nergie vous consacrez au maintien de votre image\u00a0: d\u00e9cider de ce qui est important, vous comparer aux autres, d\u00e9fendre des positions qui changent avec le temps. Hayes, Strosahl et Wilson <\/span><\/span><span style=\"color: #000000;\"><span style=\"font-size: medium;\">[<a class=\"sdfootnoteanc\" href=\"#sdfootnote7sym\" name=\"sdfootnote7anc\"><sup>7<\/sup><\/a>]<\/span><\/span><span style=\"color: #000000;\"><span style=\"font-size: medium;\"> appellent cela la \u00ab fusion cognitive \u00bb\u00a0: traiter les pens\u00e9es comme litt\u00e9ralement vraies et d\u00e9finissant le soi. La conscience, en tant qu\u2019\u00e9tat fondamental, n\u2019a pas besoin d\u2019\u00eatre entretenue. Le maintien des concepts de soi est \u00e9puisant.<\/span><\/span><\/p>\n<p class=\"western\" align=\"justify\"><span style=\"color: #000000;\"><span style=\"font-size: medium;\">Quatri\u00e8mement\u00a0: la conscience n\u2019est pas modifi\u00e9e par <\/span><\/span><span style=\"color: #000000;\"><span style=\"font-size: medium;\">son<\/span><\/span><span style=\"color: #000000;\"><span style=\"font-size: medium;\"> contenu. Qu\u2019il s\u2019agisse de pens\u00e9es heureuses, de pens\u00e9es tristes, de plaisir ou de douleur, la conscience les re\u00e7oit toutes sans \u00eatre alt\u00e9r\u00e9e. Roberts et Mroczek <\/span><\/span><span style=\"color: #000000;\"><span style=\"font-size: medium;\">[<a class=\"sdfootnoteanc\" href=\"#sdfootnote8sym\" name=\"sdfootnote8anc\"><sup>8<\/sup><\/a>]<\/span><\/span><span style=\"color: #000000;\"><span style=\"font-size: medium;\"> sugg\u00e8rent que les aspects de la personnalit\u00e9 changent consid\u00e9rablement au cours d\u2019une vie. Les souvenirs se mettent \u00e0 jour, les opinions s\u2019inversent et les pr\u00e9f\u00e9rences changent. Pourtant, la conscience dans laquelle tout cela se produit reste qualitativement identique \u00e0 celle qui \u00e9tait pr\u00e9sente dans vos premi\u00e8res exp\u00e9riences. Cela est important, car l\u2019identit\u00e9, par d\u00e9finition, n\u00e9cessite une persistance, quelque chose qui reste identique au fil du temps. Si l\u2019identit\u00e9 r\u00e9sidait dans la personnalit\u00e9 ou la m\u00e9moire, elle se dissoudrait et devrait \u00eatre reconstitu\u00e9e \u00e0 chaque changement. Vous seriez une personne diff\u00e9rente chaque d\u00e9cennie, chaque ann\u00e9e, chaque instant. Seule la conscience r\u00e9pond \u00e0 ce crit\u00e8re. L\u2019identit\u00e9 conceptuelle \u00e9choue \u00e0 satisfaire cette d\u00e9finition.<\/span><\/span><\/p>\n<p class=\"western\" align=\"justify\"><span style=\"color: #000000;\"><span style=\"font-size: medium;\">Ces observations pointent dans une seule direction\u00a0: ce que vous \u00eates fondamentalement, c\u2019est la conscience, et non son contenu conceptuel.<\/span><\/span><\/p>\n<p class=\"western\" align=\"justify\"><strong><span style=\"color: #000000;\"><span style=\"font-size: medium;\"><b>La nature de la conscience<\/b><\/span><\/span><\/strong><\/p>\n<p class=\"western\" align=\"justify\"><span style=\"color: #000000;\"><span style=\"font-size: medium;\">Si la conscience est ce que vous \u00eates, qu\u2019est-<\/span><\/span><span style=\"color: #000000;\"><span style=\"font-size: medium;\">elle<\/span><\/span><span style=\"color: #000000;\"><span style=\"font-size: medium;\"> ? Comme elle se situe du c\u00f4t\u00e9 exp\u00e9rientiel du foss\u00e9 \u00e9pist\u00e9mique, une r\u00e9ponse conceptuelle est impossible. Mais trois caract\u00e9ristiques apparaissent lorsque vous y regardez de plus pr\u00e8s.<\/span><\/span><\/p>\n<p class=\"western\" align=\"justify\"><span style=\"color: #000000;\"><span style=\"font-size: medium;\"><b>Elle est intelligente.<\/b><\/span><\/span><span style=\"color: #000000;\"><span style=\"font-size: medium;\"> Vous cr\u00e9ez de la musique jazz en direct sur un violoncelle. Vous frappez une balle rapide avant que la pens\u00e9e n\u2019intervienne. Vous percevez l\u2019humeur de quelqu\u2019un sans savoir comment. Vous parlez sans planifier chaque mot, d\u00e9couvrant ce que vous voulez dire au fur et \u00e0 mesure que vous le dites. C\u2019est la conscience qui fonctionne sans m\u00e9diation conceptuelle. La D\u00e9claration de Cambridge sur la conscience\u00a0<\/span><\/span><span style=\"color: #000000;\"><span style=\"font-size: medium;\">[<a class=\"sdfootnoteanc\" href=\"#sdfootnote9sym\" name=\"sdfootnote9anc\"><sup>9<\/sup><\/a>]<\/span><\/span><span style=\"color: #000000;\"><span style=\"font-size: medium;\"> note que <\/span><\/span><span style=\"color: #000000;\"><span style=\"font-size: medium;\">d<\/span><\/span><span style=\"color: #000000;\"><span style=\"font-size: medium;\">es animaux dont l\u2019architecture neuronale est tr\u00e8s diff\u00e9rente de celle des humains, et m\u00eame ceux qui n\u2019ont pas de cerveau au sens conventionnel du terme, font preuve d\u2019un comportement intelligent. L\u2019intelligence n\u2019a pas besoin de concepts ; elle les pr\u00e9c\u00e8de. La sagesse na\u00eet de la conscience et se traduit en pens\u00e9e, et non l\u2019inverse.<\/span><\/span><\/p>\n<p class=\"western\" align=\"justify\"><span style=\"color: #000000;\"><span style=\"font-size: medium;\"><b>Elle est intemporelle.<\/b><\/span><\/span><span style=\"color: #000000;\"><span style=\"font-size: medium;\"> Votre personnalit\u00e9 est apparue vers l\u2019\u00e2ge de deux ans avec le langage <\/span><\/span><span style=\"color: #000000;\"><span style=\"font-size: medium;\">[r\u00e9f\u00a05]<\/span><\/span><span style=\"color: #000000;\"><span style=\"font-size: medium;\">. Elle prendra fin \u00e0 votre mort. Mais remontez dans vos souvenirs\u00a0: la conscience pr\u00e9sente dans vos premiers souvenirs est qualitativement identique \u00e0 la conscience qui lit cette phrase. Des d\u00e9cennies de contenu se sont \u00e9coul\u00e9es ; la qualit\u00e9 de la connaissance n\u2019a pas vieilli. Travis et Shear <\/span><\/span><span style=\"color: #000000;\"><span style=\"font-size: medium;\">[<a class=\"sdfootnoteanc\" href=\"#sdfootnote10sym\" name=\"sdfootnote10anc\"><sup>10<\/sup><\/a>]<\/span><\/span><span style=\"color: #000000;\"><span style=\"font-size: medium;\"> rapportent que les m\u00e9ditants de longue date font \u00e9tat d\u2019exp\u00e9riences d\u2019intemporalit\u00e9. Il s\u2019agit d\u2019une observation ph\u00e9nom\u00e9nologique, et non d\u2019une affirmation m\u00e9taphysique. Pendant la vie \u00e9veill\u00e9e, la conscience ne montre aucun signe de naissance, de changement ou de mort. Lorsque l\u2019on ne s\u2019appuie pas sur le concept du temps, l\u2019intemporalit\u00e9 appara\u00eet.<\/span><\/span><\/p>\n<p class=\"western\" align=\"justify\"><span style=\"color: #000000;\"><span style=\"font-size: medium;\"><b>Elle est universelle, sans localisation.<\/b><\/span><\/span><span style=\"color: #000000;\"><span style=\"font-size: medium;\"> Ici, le foss\u00e9 \u00e9pist\u00e9mique impose l\u2019humilit\u00e9. Malgr\u00e9 des d\u00e9cennies de recherche, personne ne sait si ou comment la mati\u00e8re produit le sentiment d\u2019\u00eatre conscient. Koch <\/span><\/span><em><span style=\"color: #000000;\"><span style=\"font-size: medium;\"><i>et al. <\/i><\/span><\/span><\/em><em><span style=\"color: #000000;\"><span style=\"font-size: medium;\">[<a class=\"sdfootnoteanc\" href=\"#sdfootnote11sym\" name=\"sdfootnote11anc\"><sup>11<\/sup><\/a>]<\/span><\/span><\/em><span style=\"color: #000000;\"><span style=\"font-size: medium;\"> reconnaissent que la question fondamentale reste ouverte. L\u2019hypoth\u00e8se selon laquelle le cerveau produit la conscience n\u2019est pas un fait \u00e9tabli, bien qu\u2019elle soit l\u2019hypoth\u00e8se dominante dans la science occidentale. William\u00a0James <\/span><\/span><span style=\"color: #000000;\"><span style=\"font-size: medium;\">[<a class=\"sdfootnoteanc\" href=\"#sdfootnote12sym\" name=\"sdfootnote12anc\"><sup>12<\/sup><\/a>]<\/span><\/span><span style=\"color: #000000;\"><span style=\"font-size: medium;\"> propos<\/span><\/span><span style=\"color: #000000;\"><span style=\"font-size: medium;\">a<\/span><\/span><span style=\"color: #000000;\"><span style=\"font-size: medium;\"> une alternative\u00a0: le cerveau pourrait fonctionner comme un r\u00e9cepteur de la conscience plut\u00f4t que comme son producteur. Koubeissi <\/span><\/span><em><span style=\"color: #000000;\"><span style=\"font-size: medium;\"><i>et al.\u00a0<\/i><\/span><\/span><\/em><em><span style=\"color: #000000;\"><span style=\"font-size: medium;\">[<a class=\"sdfootnoteanc\" href=\"#sdfootnote13sym\" name=\"sdfootnote13anc\"><sup>13<\/sup><\/a>]<\/span><\/span><\/em><span style=\"color: #000000;\"><span style=\"font-size: medium;\"> ont d\u00e9couvert que la stimulation d\u2019une r\u00e9gion du cerveau appel\u00e9e claustrum perturbe de mani\u00e8re r\u00e9versible la conscience ; pourtant, perturber un r\u00e9cepteur aurait le m\u00eame effet que perturber un g\u00e9n\u00e9rateur. Si la conscience est non conceptuelle, le concept de localisation ne s\u2019appliquerait pas \u00e0 elle. Ce qui n\u2019a pas de localisation ne peut \u00eatre confin\u00e9 au cerveau ou \u00e0 quoi que ce soit d\u2019autre. Si la conscience n\u2019est pas produite, mais re\u00e7ue, ou si elle est omnipr\u00e9sente, le fondement fondamental \u00e0 partir duquel la mati\u00e8re \u00e9merge <\/span><\/span><span style=\"color: #000000;\"><span style=\"font-size: medium;\">[<a class=\"sdfootnoteanc\" href=\"#sdfootnote14sym\" name=\"sdfootnote14anc\"><sup>14<\/sup><\/a>]<\/span><\/span><span style=\"color: #000000;\"><span style=\"font-size: medium;\">, le terrain de jeu, est plus \u00e9gal qu\u2019on ne le suppose g\u00e9n\u00e9ralement. La conscience derri\u00e8re vos yeux peut \u00eatre qualitativement identique \u00e0 la conscience de tout \u00eatre sensible. Il ne s\u2019agirait pas de \u00ab ma \u00bb conscience par opposition \u00e0 \u00ab la v\u00f4tre \u00bb, mais de la conscience comme une chose unique sans contrepartie.<\/span><\/span><\/p>\n<p class=\"western\" align=\"justify\"><strong><span style=\"color: #000000;\"><span style=\"font-size: medium;\"><b>Pourquoi souffrons-nous ?<\/b><\/span><\/span><\/strong><\/p>\n<p class=\"western\" align=\"justify\"><span style=\"color: #000000;\"><span style=\"font-size: medium;\">Le foss\u00e9 \u00e9pist\u00e9mique a des cons\u00e9quences. Les concepts ne saisissent pas la r\u00e9alit\u00e9 ; ils la transforment et la d\u00e9forment. Ils regroupent des d\u00e9tails en cat\u00e9gories, d\u00e9coupent l\u2019unit\u00e9 en divisions et ne parviennent pas \u00e0 transmettre l\u2019exp\u00e9rience directe. Des probl\u00e8mes surviennent lorsque nous confondons ces repr\u00e9sentations avec la chose elle-m\u00eame et que nous d\u00e9fendons ensuite notre point de vue contre la r\u00e9alit\u00e9 non conceptuelle qui refuse de s\u2019y conformer. Ce conflit g\u00e9n\u00e8re trois formes de souffrance qui impr\u00e8gnent la vie humaine.<\/span><\/span><\/p>\n<p class=\"western\" align=\"justify\"><span style=\"color: #000000;\"><span style=\"font-size: medium;\"><b>Nous craignons la mort.<\/b><\/span><\/span><span style=\"color: #000000;\"><span style=\"font-size: medium;\"> Si vous \u00eates votre histoire, vos souvenirs, votre personnalit\u00e9, alors la mort est l\u2019an\u00e9antissement. Cette peur est \u00e0 l\u2019origine de tout, de la distraction chronique \u00e0 l\u2019hypocondrie en passant par la construction fr\u00e9n\u00e9tique d\u2019un h\u00e9ritage. Elle d\u00e9coule de ce que nous avons cru \u00e0 tort \u00eatre.<\/span><\/span><\/p>\n<p class=\"western\" align=\"justify\"><span style=\"color: #000000;\"><span style=\"font-size: medium;\"><b>Nous commettons des actes de violence.<\/b><\/span><\/span><span style=\"color: #000000;\"><span style=\"font-size: medium;\"> L\u2019identit\u00e9 conceptuelle est intrins\u00e8quement <\/span><\/span><span style=\"color: #000000;\"><span style=\"font-size: medium;\">d\u00e9<\/span><\/span><span style=\"color: #000000;\"><span style=\"font-size: medium;\">limit\u00e9e. Identifiez-vous comme \u00ab moi \u00bb et vous n\u2019\u00eates imm\u00e9diatement plus \u00ab vous \u00bb. Cela cr\u00e9e une s\u00e9paration, et la s\u00e9paration cr\u00e9e une menace. Tout ce qui se trouve en dehors de la fronti\u00e8re peut nuire \u00e0 ce qui se trouve \u00e0 l\u2019int\u00e9rieur. Des nations se forment, des tribus se regroupent et des ennemis sont fabriqu\u00e9s, tout cela \u00e0 partir de la structure m\u00eame de l\u2019identit\u00e9 conceptuelle. La capacit\u00e9 de violence est inh\u00e9rente \u00e0 l\u2019identification aux concepts.<\/span><\/span><\/p>\n<p class=\"western\" align=\"justify\"><span style=\"color: #000000;\"><span style=\"font-size: medium;\"><b>Nous <\/b><\/span><\/span><span style=\"color: #000000;\"><span style=\"font-size: medium;\"><b>nous e<\/b><\/span><\/span><span style=\"color: #000000;\"><span style=\"font-size: medium;\"><b>nflons d\u2019orgueil.<\/b><\/span><\/span><span style=\"color: #000000;\"><span style=\"font-size: medium;\"> L\u2019identit\u00e9 conceptuelle revendique la propri\u00e9t\u00e9 de ce qu\u2019elle n\u2019a pas produit. Une intuition surgit \u2014 d\u2019o\u00f9, vous ne le savez pas \u2014 et, imm\u00e9diatement, le moi construit revendique\u00a0: \u00ab J\u2019y ai pens\u00e9 \u00bb. Mais les intuitions naissent de la conscience, et non du moi construit qui les revendique apr\u00e8s coup. L\u2019orgueil provient d\u2019une mauvaise attribution, fond\u00e9e sur l\u2019erreur d\u2019identification.<\/span><\/span><\/p>\n<p class=\"western\" align=\"justify\"><span style=\"color: #000000;\"><span style=\"font-size: medium;\">Ce ne sont pas des d\u00e9fauts de caract\u00e8re. Ce sont les cons\u00e9quences structurelles du fait de vivre du c\u00f4t\u00e9 d\u00e9pendant de la repr\u00e9sentation du foss\u00e9 \u00e9pist\u00e9mique, du fait de prendre les concepts au pied de la lettre, d\u2019\u00eatre en conflit avec la r\u00e9alit\u00e9. La souffrance d\u00e9coule de la mauvaise identification.<\/span><\/span><\/p>\n<p class=\"western\" align=\"justify\"><strong><span style=\"color: #000000;\"><span style=\"font-size: medium;\"><b>Les trois lib\u00e9rations<\/b><\/span><\/span><\/strong><\/p>\n<p class=\"western\" align=\"justify\"><span style=\"color: #000000;\"><span style=\"font-size: medium;\">L\u2019inverse est \u00e9galement vrai. Si vous reconnaissez ce que vous \u00eates r\u00e9ellement \u2014 la conscience, et non son contenu \u2014, les trois formes de souffrance perdent leur fondement et l\u2019alignement avec la r\u00e9alit\u00e9 est r\u00e9tabli.<\/span><\/span><\/p>\n<p class=\"western\" align=\"justify\"><span style=\"color: #000000;\"><span style=\"font-size: medium;\"><b>La mort perd son caract\u00e8re terrifiant.<\/b><\/span><\/span><span style=\"color: #000000;\"><span style=\"font-size: medium;\"> Ce que vous \u00eates fondamentalement est non conceptuel. La conscience existe au-del\u00e0 du temps, qui est lui-m\u00eame un concept. Vous n\u2019avez jamais fait l\u2019exp\u00e9rience de son commencement ou de sa fin, non pas parce que votre m\u00e9moire est d\u00e9faillante, mais parce que l\u2019exp\u00e9rience n\u00e9cessite la conscience. Le<\/span><\/span><span style=\"color: #000000;\"><span style=\"font-size: medium;\">s<\/span><\/span><span style=\"color: #000000;\"><span style=\"font-size: medium;\"> contenu<\/span><\/span><span style=\"color: #000000;\"><span style=\"font-size: medium;\">s<\/span><\/span><span style=\"color: #000000;\"><span style=\"font-size: medium;\"> de l\u2019exp\u00e9rience mourr<\/span><\/span><span style=\"color: #000000;\"><span style=\"font-size: medium;\">ont<\/span><\/span><span style=\"color: #000000;\"><span style=\"font-size: medium;\">\u00a0: le corps succombera, l\u2019histoire prendra fin et la personnalit\u00e9 se dissoudra. Pourtant, ce que vous \u00eates v\u00e9ritablement ne montre aucun signe de naissance, de vieillissement ou de mort, demeurant constant.<\/span><\/span><\/p>\n<p class=\"western\" align=\"justify\"><span style=\"color: #000000;\"><span style=\"font-size: medium;\"><b>La violence perd son fondement.<\/b><\/span><\/span><span style=\"color: #000000;\"><span style=\"font-size: medium;\"> La conscience n\u2019a pas de fronti\u00e8res inh\u00e9rentes. Elle ne se trouve pas d\u2019un c\u00f4t\u00e9 d\u2019une ligne, tandis que les menaces existe<\/span><\/span><span style=\"color: #000000;\"><span style=\"font-size: medium;\">raie<\/span><\/span><span style=\"color: #000000;\"><span style=\"font-size: medium;\">nt de l\u2019autre. Dans l\u2019exp\u00e9rience humaine, la reconnaissance que la conscience est continue, <\/span><\/span><span style=\"color: #000000;\"><span style=\"font-size: medium;\">sans <\/span><\/span><span style=\"color: #000000;\"><span style=\"font-size: medium;\">limite<\/span><\/span><span style=\"color: #000000;\"><span style=\"font-size: medium;\">s<\/span><\/span><span style=\"color: #000000;\"><span style=\"font-size: medium;\"> et universelle affaiblit <\/span><\/span><span style=\"color: #000000;\"><span style=\"font-size: medium;\">la base<\/span><\/span><span style=\"color: #000000;\"><span style=\"font-size: medium;\"> de la haine. Les d\u00e9saccords persistent et les limites pratiques restent n\u00e9cessaires, mais attaquer autrui revient \u00e0 attaquer sa main gauche avec sa main droite.<\/span><\/span><\/p>\n<p class=\"western\" align=\"justify\"><span style=\"color: #000000;\"><span style=\"font-size: medium;\"><b>L\u2019orgueil s\u2019effondre.<\/b><\/span><\/span><span style=\"color: #000000;\"><span style=\"font-size: medium;\"> Si la sagesse d\u00e9coule de la conscience plut\u00f4t que du <\/span><\/span><span style=\"color: #000000;\"><span style=\"font-size: medium;\">s<\/span><\/span><span style=\"color: #000000;\"><span style=\"font-size: medium;\">oi conceptuel, il n\u2019y a rien de personnel \u00e0 revendiquer. L\u2019intelligence continue de fonctionner et les intuitions continuent d\u2019appara\u00eetre. Mais l\u2019inflation de l\u2019ego, la souffrance de la comparaison et le besoin d\u2019\u00eatre sp\u00e9cial se dissolvent lorsque vous reconnaissez que la valeur <\/span><\/span><span style=\"color: #000000;\"><span style=\"font-size: medium;\">pro<\/span><\/span><span style=\"color: #000000;\"><span style=\"font-size: medium;\">vient de ce que vous \u00eates, et non du <\/span><\/span><span style=\"color: #000000;\"><span style=\"font-size: medium;\">s<\/span><\/span><span style=\"color: #000000;\"><span style=\"font-size: medium;\">oi qui la revendique. L\u2019illusion de la possession prend fin, mais la personne <\/span><\/span><span style=\"color: #000000;\"><span style=\"font-size: medium;\">demeur<\/span><\/span><span style=\"color: #000000;\"><span style=\"font-size: medium;\">e capable.<\/span><\/span><\/p>\n<p class=\"western\" align=\"justify\"><span style=\"color: #000000;\"><span style=\"font-size: medium;\"><b>Ces lib\u00e9rations ne s\u2019arr\u00eatent pas \u00e0 vous.<\/b><\/span><\/span><span style=\"color: #000000;\"><span style=\"font-size: medium;\"> Lorsque vous ne craignez plus la mort, vous cessez de vous accrocher aux autres pour vous sentir en s\u00e9curit\u00e9. Lorsque vous ne voyez plus la s\u00e9paration, vous cessez d\u2019appara\u00eetre comme une menace. Lorsque l\u2019orgueil s\u2019effondre, vous ne rivalisez plus pour prouver votre valeur ou revendiquer le m\u00e9rite. Vous devenez quelqu\u2019un qui n\u2019est plus per\u00e7u comme une menace. L\u2019accord avec la r\u00e9alit\u00e9 s\u2019\u00e9tend au-del\u00e0 de votre propre exp\u00e9rience. Les autres se d\u00e9tendent en votre pr\u00e9sence, non pas parce que vous essayez de les calmer, mais parce que vous n\u2019\u00eates plus en conflit.<\/span><\/span><\/p>\n<p class=\"western\" align=\"justify\"><span style=\"color: #000000;\"><span style=\"font-size: medium;\">Ces lib\u00e9rations sont la cons\u00e9quence naturelle de la correction d\u2019une erreur, les sympt\u00f4mes d\u2019une congruence r\u00e9tablie avec la r\u00e9alit\u00e9 exp\u00e9rientielle. La reconnaissance de cette congruence change tout.<\/span><\/span><\/p>\n<p class=\"western\" align=\"justify\"><strong><span style=\"color: #000000;\"><span style=\"font-size: medium;\"><b>Pourquoi les traditions convergent<\/b><\/span><\/span><\/strong><\/p>\n<p class=\"western\" align=\"justify\"><span style=\"color: #000000;\"><span style=\"font-size: medium;\">Le foss\u00e9 \u00e9pist\u00e9mique explique quelque chose qui serait autrement d\u00e9routant\u00a0: pourquoi chaque culture humaine a d\u00e9velopp\u00e9 ind\u00e9pendamment des traditions contemplatives menant \u00e0 la m\u00eame reconnaissance. Les humains ont toujours senti l\u2019incongruit\u00e9 et ont toujours cherch\u00e9 \u00e0 la corriger.<\/span><\/span><\/p>\n<p class=\"western\" align=\"justify\"><span style=\"color: #000000;\"><span style=\"font-size: medium;\">Lorsque vous rencontrez directement la conscience, vous ne pouvez pas transmettre ce que vous avez trouv\u00e9. Le langage existe du c\u00f4t\u00e9 conceptuel du foss\u00e9 ; la reconnaissance se produit du c\u00f4t\u00e9 exp\u00e9rientiel. Des mots tels que \u00ab conscience \u00bb, \u00ab awareness \u00bb ou \u00ab pr\u00e9sence \u00bb sont des indicateurs conceptuels de ce qui ne peut \u00eatre que v\u00e9cu.<\/span><\/span><\/p>\n<p class=\"western\" align=\"justify\"><span style=\"color: #000000;\"><span style=\"font-size: medium;\">Comme les concepts ne peuvent pas saisir la r\u00e9alit\u00e9 non conceptuelle, les traditions contemplatives s\u2019appuient sur des pratiques \u2014 m\u00e9ditation, pri\u00e8re, chant, rituel \u2014 qui apaisent l\u2019esprit et ouvrent la conscience \u00e0 une exp\u00e9rience directe au-del\u00e0 des mots. Ces pratiques existent pour faciliter la r\u00e9alisation de la r\u00e9alit\u00e9 non conceptuelle et pour en faire une exp\u00e9rience v\u00e9cue gr\u00e2ce \u00e0 un d\u00e9sint\u00e9r\u00eat soutenu pour la pens\u00e9e.<\/span><\/span><\/p>\n<p class=\"western\" align=\"justify\"><span style=\"color: #000000;\"><span style=\"font-size: medium;\">La convergence entre les cultures \u2014 des traditions qui ne se sont jamais influenc\u00e9es mutuellement, mais qui sont arriv\u00e9es au m\u00eame r\u00e9sultat en utilisant des pratiques qui apaisent l\u2019esprit, telles que le silence verbal, la danse tour<\/span><\/span><span style=\"color: #000000;\"><span style=\"font-size: medium;\">n<\/span><\/span><span style=\"color: #000000;\"><span style=\"font-size: medium;\">o<\/span><\/span><span style=\"color: #000000;\"><span style=\"font-size: medium;\">y<\/span><\/span><span style=\"color: #000000;\"><span style=\"font-size: medium;\">ante, le chant d\u2019hymnes ou la r\u00e9citation de mantras \u2014 constitue une preuve convaincante. Ces pratiques ont permis \u00e0 des pratiquants d\u2019horizons divers de rencontrer la m\u00eame r\u00e9alit\u00e9 que le langage ne peut saisir.<\/span><\/span><\/p>\n<p class=\"western\" align=\"justify\"><strong><span style=\"color: #000000;\"><span style=\"font-size: medium;\"><b>La reconnaissance<\/b><\/span><\/span><\/strong><\/p>\n<p class=\"western\" align=\"justify\"><span style=\"color: #000000;\"><span style=\"font-size: medium;\">Rien dans cet article n<\/span><\/span><span style=\"color: #000000;\"><span style=\"font-size: medium;\">\u2019exig<\/span><\/span><span style=\"color: #000000;\"><span style=\"font-size: medium;\">e de croyance. Il faut simplement regarder.<\/span><\/span><\/p>\n<p class=\"western\" align=\"justify\"><span style=\"color: #000000;\"><span style=\"font-size: medium;\">Vous savez d\u00e9j\u00e0 que vous ne pouvez pas transmettre le go\u00fbt du chocolat, le foss\u00e9 \u00e9pist\u00e9mique est \u00e9vident une fois qu\u2019il est soulign\u00e9. Vous savez d\u00e9j\u00e0 que la conscience est pr\u00e9sente \u00e0 l\u2019instant m\u00eame, avant toute pens\u00e9e \u00e0 son sujet. Vous savez d\u00e9j\u00e0 que le contenu de votre esprit a chang\u00e9 continuellement, tandis que quelque chose est rest\u00e9 constant.<\/span><\/span><\/p>\n<p class=\"western\" align=\"justify\"><span style=\"color: #000000;\"><span style=\"font-size: medium;\">Le <\/span><\/span><span style=\"color: #000000;\"><span style=\"font-size: medium;\">bascul<\/span><\/span><span style=\"color: #000000;\"><span style=\"font-size: medium;\">ement ne <\/span><\/span><span style=\"color: #000000;\"><span style=\"font-size: medium;\">va<\/span><\/span><span style=\"color: #000000;\"><span style=\"font-size: medium;\"> pas de l\u2019ignorance <\/span><\/span><span style=\"color: #000000;\"><span style=\"font-size: medium;\">vers<\/span><\/span><span style=\"color: #000000;\"><span style=\"font-size: medium;\"> la connaissance. Il consiste \u00e0 cesser de regarder dans la mauvaise direction <\/span><\/span><span style=\"color: #000000;\"><span style=\"font-size: medium;\">pour<\/span><\/span><span style=\"color: #000000;\"><span style=\"font-size: medium;\"> regard<\/span><\/span><span style=\"color: #000000;\"><span style=\"font-size: medium;\">er<\/span><\/span><span style=\"color: #000000;\"><span style=\"font-size: medium;\"> dans la bonne direction. Vous avez pass\u00e9 votre vie \u00e0 regarder le film. La suggestion ici <\/span><\/span><span style=\"color: #000000;\"><span style=\"font-size: medium;\">est <\/span><\/span><span style=\"color: #000000;\"><span style=\"font-size: medium;\">de remarquer l\u2019\u00e9cran et, ce faisant, de prendre conscience de votre v\u00e9ritable perspective.<\/span><\/span><\/p>\n<p class=\"western\" align=\"justify\"><span style=\"color: #000000;\"><span style=\"font-size: medium;\">Cela ne n\u00e9cessite pas d\u2019abandonner la pens\u00e9e conceptuelle. Les concepts restent n\u00e9cessaires pour communiquer, planifier et naviguer dans le monde. Le changement consiste \u00e0 les reconna\u00eetre comme des instruments grossiers plut\u00f4t que comme des outils raffin\u00e9s. Les int\u00e9r\u00eats et la personnalit\u00e9 s\u2019apparentent davantage \u00e0 des v\u00eatements\u00a0: utiles, changeants, et ne repr\u00e9sentant pas qui vous \u00eates.<\/span><\/span><\/p>\n<p class=\"western\" align=\"justify\"><span style=\"color: #000000;\"><span style=\"font-size: medium;\">Mais la reconnaissance seule ne persiste pas. L\u2019attrait de la conceptualisation est g\u00e9n\u00e9ralement beaucoup trop fort. Prenons le mot \u00ab <\/span><\/span><em><span style=\"color: #000000;\"><span style=\"font-size: medium;\"><i>profond <\/i><\/span><\/span><\/em><span style=\"color: #000000;\"><span style=\"font-size: medium;\">\u00bb. Vous pouvez apprendre sa d\u00e9finition dans un dictionnaire ou approfondir cette compr\u00e9hension au fond d\u2019une piscine. Mais en vous tenant au bord du Grand Canyon, vous comprenez ce que signifie r\u00e9ellement <\/span><\/span><em><span style=\"color: #000000;\"><span style=\"font-size: medium;\"><i>\u00ab profond <\/i><\/span><\/span><\/em><span style=\"color: #000000;\"><span style=\"font-size: medium;\">\u00bb, d\u2019une mani\u00e8re qui peut vous faire <\/span><\/span><span style=\"color: #000000;\"><span style=\"font-size: medium;\">monte<\/span><\/span><span style=\"color: #000000;\"><span style=\"font-size: medium;\">r les larmes aux yeux. Cette reconnaissance s\u2019estompe. Le souvenir s\u2019estompe. Quelques semaines plus tard, \u00ab <\/span><\/span><em><span style=\"color: #000000;\"><span style=\"font-size: medium;\"><i>profond \u00bb <\/i><\/span><\/span><\/em><span style=\"color: #000000;\"><span style=\"font-size: medium;\">redevient une abstraction. Ce n\u2019est qu\u2019en y retournant encore et encore que la reconnaissance s\u2019incarne.<\/span><\/span><\/p>\n<p class=\"western\" align=\"justify\"><span style=\"color: #000000;\"><span style=\"font-size: medium;\">Le m\u00eame m\u00e9canisme s\u2019applique ici. Vient d\u2019abord la reconnaissance\u00a0: la conscience est <\/span><\/span><span style=\"color: #000000;\"><span style=\"font-size: medium;\">vu<\/span><\/span><span style=\"color: #000000;\"><span style=\"font-size: medium;\">e comme distincte de son contenu. Puis vient la r\u00e9alisation\u00a0: la conscience est comprise comme l\u2019identit\u00e9 fondamentale de l\u2019individu, et non comme le <\/span><\/span><span style=\"color: #000000;\"><span style=\"font-size: medium;\">s<\/span><\/span><span style=\"color: #000000;\"><span style=\"font-size: medium;\">oi conceptuel. Mais sans un retour r\u00e9p\u00e9t\u00e9 \u00e0 l\u2019exp\u00e9rience directe, sans un d\u00e9sint\u00e9r\u00eat constant pour l\u2019attrait de la pens\u00e9e, la r\u00e9alisation s\u2019estompe. Les anciennes identifications conceptuelles se r\u00e9affirment. Ce n\u2019est pas un \u00e9chec, c\u2019est la force de la conceptualisation, le besoin de croire que l\u2019on sait quelque chose. Vivre de mani\u00e8re exp\u00e9rientielle n\u00e9cessite de r\u00e9aliser la conscience si profond\u00e9ment que ce qui <\/span><\/span><span style=\"color: #000000;\"><span style=\"font-size: medium;\">n\u2019<\/span><\/span><span style=\"color: #000000;\"><span style=\"font-size: medium;\">\u00e9tait autrefois <\/span><\/span><span style=\"color: #000000;\"><span style=\"font-size: medium;\">qu\u2019<\/span><\/span><span style=\"color: #000000;\"><span style=\"font-size: medium;\">entrevu enveloppe pleinement l\u2019identit\u00e9.<\/span><\/span><\/p>\n<p class=\"western\" align=\"justify\"><span style=\"color: #000000;\"><span style=\"font-size: medium;\">Vous avez pass\u00e9 votre vie \u00e0 rechercher l\u2019authenticit\u00e9 dans vos r\u00e9alisations, vos relations, vos id\u00e9es et vos projets d\u2019avenir. Cette recherche \u00e9tait n\u00e9cessaire, car quelque chose semblait toujours manquer. Mais cette recherche se fai<\/span><\/span><span style=\"color: #000000;\"><span style=\"font-size: medium;\">sait<\/span><\/span><span style=\"color: #000000;\"><span style=\"font-size: medium;\"> dans la pens\u00e9e, et l\u2019authenticit\u00e9 ne peut <\/span><\/span><span style=\"color: #000000;\"><span style=\"font-size: medium;\">s\u2019<\/span><\/span><span style=\"color: #000000;\"><span style=\"font-size: medium;\">y trouve<\/span><\/span><span style=\"color: #000000;\"><span style=\"font-size: medium;\">r<\/span><\/span><span style=\"color: #000000;\"><span style=\"font-size: medium;\">. La pens\u00e9e est un outil maladroit, et vous l\u2019utilisiez pour une t\u00e2che qu\u2019elle ne peut accomplir. Vous vous cherchiez l\u00e0 o\u00f9 vous ne pouviez jamais \u00eatre trouv\u00e9. Votre authenticit\u00e9 n\u2019a jamais \u00e9t\u00e9 perdue. L\u2019ali\u00e9nation \u00e9tait imaginaire. Vous n\u2019\u00e9tiez jamais en conflit avec la r\u00e9alit\u00e9 ; vous \u00e9tiez en conflit avec des concepts sur la r\u00e9alit\u00e9. Lorsque ce conflit prend fin, rien n\u2019a besoin d\u2019\u00eatre accompli. La r\u00e9alit\u00e9 n\u2019a jamais \u00e9t\u00e9 ailleurs, elle \u00e9tait seulement obscurcie. Regardez diff\u00e9remment maintenant.<\/span><\/span><\/p>\n<p class=\"western\" align=\"justify\"><span style=\"color: #000000;\"><span style=\"font-size: medium;\">Texte original publi\u00e9 le <\/span><\/span><span style=\"color: #000000;\"><span style=\"font-size: medium;\">06\/03\/2026\u00a0: <\/span><\/span><span style=\"color: #000080;\"><u><a href=\"https:\/\/www.essentiafoundation.org\/consciousness-without-counterpart-identity-beyond-representation\/reading\/\" target=\"_blank\" rel=\"noopener\"><span style=\"color: #000000;\"><span style=\"font-size: medium;\">https:\/\/www.essentiafoundation.org\/consciousness-without-counterpart-identity-beyond-representation\/reading\/<\/span><\/span><\/a><\/u><\/span><\/p>\n<div id=\"sdfootnote1\">\n<p class=\"sdfootnote-western\"><a class=\"sdfootnotesym\" href=\"#sdfootnote1anc\" name=\"sdfootnote1sym\">1<\/a> <span style=\"color: #000000;\"><span style=\"font-size: medium;\">Gallagher, S. (2000). Philosophical conceptions of the self: Implications for cognitive science (Conceptions philosophiques du soi\u00a0: implications pour les sciences cognitives). <\/span><\/span><em><span style=\"color: #000000;\"><span style=\"font-size: medium;\"><i>Trends in Cognitive Sciences, 4<\/i><\/span><\/span><\/em><span style=\"color: #000000;\"><span style=\"font-size: medium;\">(1), 14\u201321.<\/span><\/span><\/p>\n<\/div>\n<div id=\"sdfootnote2\">\n<p class=\"sdfootnote-western\" align=\"justify\"><a class=\"sdfootnotesym\" href=\"#sdfootnote2anc\" name=\"sdfootnote2sym\">2<\/a><span style=\"color: #000000;\"><span style=\"font-size: medium;\"> Epstein, S. (1973). The self-concept revisited: Or a theory of a theory (Le concept du soi revisit\u00e9\u00a0: ou une th\u00e9orie d\u2019une th\u00e9orie). <\/span><\/span><em><span style=\"color: #000000;\"><span style=\"font-size: medium;\"><i>American Psychologist, 28<\/i><\/span><\/span><\/em><span style=\"color: #000000;\"><span style=\"font-size: medium;\">(5), 404\u2013416.<\/span><\/span><\/p>\n<\/div>\n<div id=\"sdfootnote3\">\n<p class=\"sdfootnote-western\"><a class=\"sdfootnotesym\" href=\"#sdfootnote3anc\" name=\"sdfootnote3sym\">3<\/a> <span style=\"color: #000000;\"><span style=\"font-size: medium;\">Epstein, S. (2014). <\/span><\/span><em><span style=\"color: #000000;\"><span style=\"font-size: medium;\">Cognitive-experiential theory: An integrative theory of personality (<\/span><\/span><\/em><em><span style=\"color: #000000;\"><span style=\"font-size: medium;\"><i>Th\u00e9orie cognitive-exp\u00e9rientielle\u00a0: une th\u00e9orie int\u00e9grative de la personnalit\u00e9)<\/i><\/span><\/span><\/em><span style=\"color: #000000;\"><span style=\"font-size: medium;\">. Oxford University Press.<\/span><\/span><\/p>\n<\/div>\n<div id=\"sdfootnote4\">\n<p class=\"sdfootnote-western\"><a class=\"sdfootnotesym\" href=\"#sdfootnote4anc\" name=\"sdfootnote4sym\">4<\/a> <span style=\"color: #000000;\"><span style=\"font-size: medium;\">Csikszentmihalyi, M. (1990). <\/span><\/span><em><span style=\"color: #000000;\"><span style=\"font-size: medium;\"><i>Flow : <\/i><\/span><\/span><\/em><em><span style=\"color: #000000;\"><span style=\"font-size: medium;\">The psychology of optimal experience (tr fr Vivre\u00a0: <\/span><\/span><\/em><em><span style=\"color: #000000;\"><span style=\"font-size: medium;\"><i>la psychologie du bonheur)<\/i><\/span><\/span><\/em><span style=\"color: #000000;\"><span style=\"font-size: medium;\">. Harper &amp; Row.<\/span><\/span><\/p>\n<\/div>\n<div id=\"sdfootnote5\">\n<p class=\"sdfootnote-western\"><a class=\"sdfootnotesym\" href=\"#sdfootnote5anc\" name=\"sdfootnote5sym\">5<\/a> <span style=\"color: #000000;\"><span style=\"font-size: medium;\">Rochat, P. (2003). Five levels of self-awareness as they unfold early in life (Cinq niveaux de conscience de soi qui se d\u00e9veloppent au d\u00e9but de la vie). <\/span><\/span><em><span style=\"color: #000000;\"><span style=\"font-size: medium;\"><i>Consciousness and Cognition, 12<\/i><\/span><\/span><\/em><span style=\"color: #000000;\"><span style=\"font-size: medium;\">(4), 717\u2013731.<\/span><\/span><\/p>\n<\/div>\n<div id=\"sdfootnote6\">\n<p class=\"sdfootnote-western\"><a class=\"sdfootnotesym\" href=\"#sdfootnote6anc\" name=\"sdfootnote6sym\">6<\/a> <span style=\"color: #000000;\"><span style=\"font-size: medium;\">Josipovic, Z. (2019). Nondual awareness: Consciousness-as-such as non-representational reflexivity (Conscience non duelle\u00a0: la conscience en tant que telle comme r\u00e9flexivit\u00e9 non repr\u00e9sentative). <\/span><\/span><em><span style=\"color: #000000;\"><span style=\"font-size: medium;\"><i>Progr\u00e8s dans la recherche sur le cerveau, 244<\/i><\/span><\/span><\/em><span style=\"color: #000000;\"><span style=\"font-size: medium;\">, 273-298.<\/span><\/span><\/p>\n<\/div>\n<div id=\"sdfootnote7\">\n<p class=\"sdfootnote-western\"><a class=\"sdfootnotesym\" href=\"#sdfootnote7anc\" name=\"sdfootnote7sym\">7<\/a> <span style=\"color: #000000;\"><span style=\"font-size: medium;\">Hayes, S. C., Strosahl, K. D., &amp; Wilson, K. G. (2011). A<\/span><\/span><em><span style=\"color: #000000;\"><span style=\"font-size: medium;\">cceptance and commitment therapy: The process and practice of mindful change (<\/span><\/span><\/em><em><span style=\"color: #000000;\"><span style=\"font-size: medium;\"><i>Th\u00e9rapie d\u2019acceptation et d\u2019engagement\u00a0: le processus et la pratique du changement conscient) <\/i><\/span><\/span><\/em><span style=\"color: #000000;\"><span style=\"font-size: medium;\">(2e\u00a0\u00e9d.). Guilford Press.<\/span><\/span><\/p>\n<\/div>\n<div id=\"sdfootnote8\">\n<p class=\"sdfootnote-western\"><a class=\"sdfootnotesym\" href=\"#sdfootnote8anc\" name=\"sdfootnote8sym\">8<\/a> <span style=\"color: #000000;\"><span style=\"font-size: medium;\">Roberts, B. W., &amp; Mroczek, D. (2008). Personality trait change in adulthood (Changement des traits de personnalit\u00e9 \u00e0 l\u2019\u00e2ge adulte). <\/span><\/span><em><span style=\"color: #000000;\"><span style=\"font-size: medium;\"><i>Orientations actuelles en sciences psychologiques, 17<\/i><\/span><\/span><\/em><span style=\"color: #000000;\"><span style=\"font-size: medium;\">(1), 31\u201335.<\/span><\/span><\/p>\n<\/div>\n<div id=\"sdfootnote9\">\n<p class=\"sdfootnote-western\"><a class=\"sdfootnotesym\" href=\"#sdfootnote9anc\" name=\"sdfootnote9sym\">9<\/a> <span style=\"color: #000000;\"><span style=\"font-size: medium;\">Low, P., Panksepp, J., Reiss, D., Edelman, D., Van Swinderen, B., &amp; Koch, C. (2012). <\/span><\/span><em><span style=\"color: #000000;\"><span style=\"font-size: medium;\">The Cambridge declaration on consciousness (<\/span><\/span><\/em><em><span style=\"color: #000000;\"><span style=\"font-size: medium;\"><i>La d\u00e9claration de Cambridge sur la conscience)<\/i><\/span><\/span><\/em><span style=\"color: #000000;\"><span style=\"font-size: medium;\">. Conf\u00e9rence comm\u00e9morative Francis Crick sur la conscience chez les animaux humains et non humains, Universit\u00e9 de Cambridge.<\/span><\/span><\/p>\n<\/div>\n<div id=\"sdfootnote10\">\n<p class=\"sdfootnote-western\"><a class=\"sdfootnotesym\" href=\"#sdfootnote10anc\" name=\"sdfootnote10sym\">10<\/a> <span style=\"color: #000000;\"><span style=\"font-size: medium;\">Travis, F., &amp; Shear, J. (2010). Focused attention, open monitoring and automatic self-transcending: Categories to organize meditations from Vedic, Buddhist and Chinese traditions (Attention focalis\u00e9e, surveillance ouverte et transcendance automatique de soi\u00a0: cat\u00e9gories pour organiser les m\u00e9ditations issues des traditions v\u00e9dique, bouddhiste et chinoise). <\/span><\/span><em><span style=\"color: #000000;\"><span style=\"font-size: medium;\"><i>Consciousness and Cognition, 19<\/i><\/span><\/span><\/em><span style=\"color: #000000;\"><span style=\"font-size: medium;\">(4), 1110\u20131118.<\/span><\/span><\/p>\n<\/div>\n<div id=\"sdfootnote11\">\n<p class=\"sdfootnote-western\"><a class=\"sdfootnotesym\" href=\"#sdfootnote11anc\" name=\"sdfootnote11sym\">11<\/a> <span style=\"color: #000000;\"><span style=\"font-size: medium;\">Koch, C., Massimini, M., Boly, M., &amp; Tononi, G. (2016). Neural correlates of consciousness: Progress and problems (Corr\u00e9lats neuronaux de la conscience\u00a0: progr\u00e8s et probl\u00e8mes). <\/span><\/span><em><span style=\"color: #000000;\"><span style=\"font-size: medium;\"><i>Nature Reviews Neuroscience, 17<\/i><\/span><\/span><\/em><span style=\"color: #000000;\"><span style=\"font-size: medium;\">(5), 307\u2013321.<\/span><\/span><\/p>\n<\/div>\n<div id=\"sdfootnote12\">\n<p class=\"sdfootnote-western\"><a class=\"sdfootnotesym\" href=\"#sdfootnote12anc\" name=\"sdfootnote12sym\">12<\/a> <span style=\"color: #000000;\"><span style=\"font-size: medium;\">James, W. (1898). <\/span><\/span><em><span style=\"color: #000000;\"><span style=\"font-size: medium;\">Human immortality: Two supposed objections to the doctrine (tr fr De l\u2019<\/span><\/span><\/em><em><span style=\"color: #000000;\"><span style=\"font-size: medium;\"><i>immortalit\u00e9 humaine)<\/i><\/span><\/span><\/em><span style=\"color: #000000;\"><span style=\"font-size: medium;\">. Houghton Mifflin.<\/span><\/span><\/p>\n<\/div>\n<div id=\"sdfootnote13\">\n<p class=\"sdfootnote-western\"><a class=\"sdfootnotesym\" href=\"#sdfootnote13anc\" name=\"sdfootnote13sym\">13<\/a> <span style=\"color: #000000;\"><span style=\"font-size: medium;\">Koubeissi, M. Z., Bartolomei, F., Beltagy, A., &amp; Picard, F. (2014). Electrical stimulation of a small brain area reversibly disrupts consciousness (La stimulation \u00e9lectrique d\u2019une petite zone du cerveau perturbe de mani\u00e8re r\u00e9versible la conscience). <\/span><\/span><em><span style=\"color: #000000;\"><span style=\"font-size: medium;\"><i>Epilepsy &amp; Behavior, 37<\/i><\/span><\/span><\/em><span style=\"color: #000000;\"><span style=\"font-size: medium;\">, 32\u201335.<\/span><\/span><\/p>\n<\/div>\n<div id=\"sdfootnote14\">\n<p class=\"sdfootnote-western\"><a class=\"sdfootnotesym\" href=\"#sdfootnote14anc\" name=\"sdfootnote14sym\">14<\/a> <span style=\"color: #000000;\"><span style=\"font-size: medium;\">Shani, I., &amp; Keppler, J. (2018). Beyond combination: How cosmic consciousness grounds ordinary experience (Au-del\u00e0 de la combinaison\u00a0: comment la conscience cosmique fonde l\u2019exp\u00e9rience ordinaire). <\/span><\/span><em><span style=\"color: #000000;\"><span style=\"font-size: medium;\"><i>Journal of the American Philosophical Association, 4<\/i><\/span><\/span><\/em><span style=\"color: #000000;\"><span style=\"font-size: medium;\">(3), 390\u2013410.<\/span><\/span><\/p>\n<\/div>\n","protected":false},"excerpt":{"rendered":"<p>La recherche de l\u2019authenticit\u00e9 \u00e9choue parce que nous la menons au mauvais endroit\u00a0: la pens\u00e9e elle-m\u00eame. Le foss\u00e9 \u00e9pist\u00e9mique, c\u2019est-\u00e0-dire l\u2019incapacit\u00e9 des concepts \u00e0 saisir la r\u00e9alit\u00e9 exp\u00e9rientielle, produit le sentiment persistant que quelque chose de fondamental dans l\u2019existence fait d\u00e9faut, une tension qui sous-tend une grande partie du questionnement existentiel. Lorsque les repr\u00e9sentations sont confondues avec la r\u00e9alit\u00e9, trois formes omnipr\u00e9sentes de souffrance s\u2019ensuivent\u00a0: la peur de la mort, la violence et l\u2019orgueil. Chacune d\u2019entre elles se dissout lorsque l\u2019erreur est reconnue. Mais la reconnaissance seule s\u2019estompe ; seul un d\u00e9tachement soutenu de l\u2019identification conceptuelle permet de transformer cette prise de conscience en exp\u00e9rience v\u00e9cue, affirme Steven Pashko.<\/p>\n","protected":false},"author":2,"featured_media":20337,"comment_status":"closed","ping_status":"closed","sticky":false,"template":"","format":"standard","meta":{"footnotes":""},"categories":[2354],"tags":[2036,38,37,1138,55,23,171,14,8,240,277],"class_list":["post-21169","post","type-post","status-publish","format-standard","has-post-thumbnail","hentry","category-pashko-steven","tag-concept","tag-conflit","tag-conscience","tag-identification","tag-illusion","tag-liberation","tag-liberte","tag-meditation","tag-non-dualite","tag-processus-du-moi","tag-tradition"],"yoast_head":"<!-- This site is optimized with the Yoast SEO plugin v27.0 - https:\/\/yoast.com\/product\/yoast-seo-wordpress\/ -->\n<title>Conscience sans contrepartie\u00a0: l\u2019identit\u00e9 au-del\u00e0 de la repr\u00e9sentation par Steven Pashko - 3e mill\u00e9naire - Spiritualit\u00e9 - Connaissance de soi - Non-dualit\u00e9 - M\u00e9ditation<\/title>\n<meta name=\"robots\" content=\"index, follow, max-snippet:-1, max-image-preview:large, max-video-preview:-1\" \/>\n<link rel=\"canonical\" href=\"https:\/\/www.revue3emillenaire.com\/blog\/conscience-sans-contrepartie-lidentite-au-dela-de-la-representation-par-steven-pashko\/\" \/>\n<meta property=\"og:locale\" content=\"fr_FR\" \/>\n<meta property=\"og:type\" content=\"article\" \/>\n<meta property=\"og:title\" content=\"Conscience sans contrepartie\u00a0: l\u2019identit\u00e9 au-del\u00e0 de la repr\u00e9sentation par Steven Pashko - 3e mill\u00e9naire - Spiritualit\u00e9 - Connaissance de soi - Non-dualit\u00e9 - M\u00e9ditation\" \/>\n<meta property=\"og:description\" content=\"La recherche de l\u2019authenticit\u00e9 \u00e9choue parce que nous la menons au mauvais endroit\u00a0: la pens\u00e9e elle-m\u00eame. Le foss\u00e9 \u00e9pist\u00e9mique, c\u2019est-\u00e0-dire l\u2019incapacit\u00e9 des concepts \u00e0 saisir la r\u00e9alit\u00e9 exp\u00e9rientielle, produit le sentiment persistant que quelque chose de fondamental dans l\u2019existence fait d\u00e9faut, une tension qui sous-tend une grande partie du questionnement existentiel. Lorsque les repr\u00e9sentations sont confondues avec la r\u00e9alit\u00e9, trois formes omnipr\u00e9sentes de souffrance s\u2019ensuivent\u00a0: la peur de la mort, la violence et l\u2019orgueil. Chacune d\u2019entre elles se dissout lorsque l\u2019erreur est reconnue. Mais la reconnaissance seule s\u2019estompe ; seul un d\u00e9tachement soutenu de l\u2019identification conceptuelle permet de transformer cette prise de conscience en exp\u00e9rience v\u00e9cue, affirme Steven Pashko.\" \/>\n<meta property=\"og:url\" content=\"https:\/\/www.revue3emillenaire.com\/blog\/conscience-sans-contrepartie-lidentite-au-dela-de-la-representation-par-steven-pashko\/\" \/>\n<meta property=\"og:site_name\" content=\"3e mill\u00e9naire - Spiritualit\u00e9 - Connaissance de soi - Non-dualit\u00e9 - M\u00e9ditation\" \/>\n<meta property=\"article:published_time\" content=\"2026-03-08T16:42:26+00:00\" \/>\n<meta property=\"article:modified_time\" content=\"2026-03-08T22:05:53+00:00\" \/>\n<meta property=\"og:image\" content=\"https:\/\/www.revue3emillenaire.com\/blog\/wp-content\/uploads\/2024\/11\/Steven-Pashko.jpg\" \/>\n\t<meta property=\"og:image:width\" content=\"280\" \/>\n\t<meta property=\"og:image:height\" content=\"235\" \/>\n\t<meta property=\"og:image:type\" content=\"image\/jpeg\" \/>\n<meta name=\"author\" content=\"3e mill\u00e9naire\" \/>\n<meta name=\"twitter:card\" content=\"summary_large_image\" \/>\n<meta name=\"twitter:label1\" content=\"\u00c9crit par\" \/>\n\t<meta name=\"twitter:data1\" content=\"3e mill\u00e9naire\" \/>\n\t<meta name=\"twitter:label2\" content=\"Dur\u00e9e de lecture estim\u00e9e\" \/>\n\t<meta name=\"twitter:data2\" content=\"19 minutes\" \/>\n<script type=\"application\/ld+json\" class=\"yoast-schema-graph\">{\"@context\":\"https:\/\/schema.org\",\"@graph\":[{\"@type\":\"Article\",\"@id\":\"https:\/\/www.revue3emillenaire.com\/blog\/conscience-sans-contrepartie-lidentite-au-dela-de-la-representation-par-steven-pashko\/#article\",\"isPartOf\":{\"@id\":\"https:\/\/www.revue3emillenaire.com\/blog\/conscience-sans-contrepartie-lidentite-au-dela-de-la-representation-par-steven-pashko\/\"},\"author\":{\"name\":\"3e mill\u00e9naire\",\"@id\":\"https:\/\/www.revue3emillenaire.com\/blog\/#\/schema\/person\/b692dacff720a5344a6190bc714397eb\"},\"headline\":\"Conscience sans contrepartie\u00a0: l\u2019identit\u00e9 au-del\u00e0 de la repr\u00e9sentation par Steven Pashko\",\"datePublished\":\"2026-03-08T16:42:26+00:00\",\"dateModified\":\"2026-03-08T22:05:53+00:00\",\"mainEntityOfPage\":{\"@id\":\"https:\/\/www.revue3emillenaire.com\/blog\/conscience-sans-contrepartie-lidentite-au-dela-de-la-representation-par-steven-pashko\/\"},\"wordCount\":3982,\"image\":{\"@id\":\"https:\/\/www.revue3emillenaire.com\/blog\/conscience-sans-contrepartie-lidentite-au-dela-de-la-representation-par-steven-pashko\/#primaryimage\"},\"thumbnailUrl\":\"https:\/\/www.revue3emillenaire.com\/blog\/wp-content\/uploads\/2024\/11\/Steven-Pashko.jpg\",\"keywords\":[\"Concept\",\"Conflit\",\"Conscience\",\"Identification\",\"Illusion\",\"Lib\u00e9ration\",\"Libert\u00e9\",\"M\u00e9ditation\",\"Non-dualit\u00e9\",\"processus du moi\",\"Tradition\"],\"articleSection\":[\"Pashko Steven\"],\"inLanguage\":\"fr-FR\"},{\"@type\":\"WebPage\",\"@id\":\"https:\/\/www.revue3emillenaire.com\/blog\/conscience-sans-contrepartie-lidentite-au-dela-de-la-representation-par-steven-pashko\/\",\"url\":\"https:\/\/www.revue3emillenaire.com\/blog\/conscience-sans-contrepartie-lidentite-au-dela-de-la-representation-par-steven-pashko\/\",\"name\":\"Conscience sans contrepartie\u00a0: l\u2019identit\u00e9 au-del\u00e0 de la repr\u00e9sentation par Steven Pashko - 3e mill\u00e9naire - Spiritualit\u00e9 - Connaissance de soi - Non-dualit\u00e9 - M\u00e9ditation\",\"isPartOf\":{\"@id\":\"https:\/\/www.revue3emillenaire.com\/blog\/#website\"},\"primaryImageOfPage\":{\"@id\":\"https:\/\/www.revue3emillenaire.com\/blog\/conscience-sans-contrepartie-lidentite-au-dela-de-la-representation-par-steven-pashko\/#primaryimage\"},\"image\":{\"@id\":\"https:\/\/www.revue3emillenaire.com\/blog\/conscience-sans-contrepartie-lidentite-au-dela-de-la-representation-par-steven-pashko\/#primaryimage\"},\"thumbnailUrl\":\"https:\/\/www.revue3emillenaire.com\/blog\/wp-content\/uploads\/2024\/11\/Steven-Pashko.jpg\",\"datePublished\":\"2026-03-08T16:42:26+00:00\",\"dateModified\":\"2026-03-08T22:05:53+00:00\",\"author\":{\"@id\":\"https:\/\/www.revue3emillenaire.com\/blog\/#\/schema\/person\/b692dacff720a5344a6190bc714397eb\"},\"breadcrumb\":{\"@id\":\"https:\/\/www.revue3emillenaire.com\/blog\/conscience-sans-contrepartie-lidentite-au-dela-de-la-representation-par-steven-pashko\/#breadcrumb\"},\"inLanguage\":\"fr-FR\",\"potentialAction\":[{\"@type\":\"ReadAction\",\"target\":[\"https:\/\/www.revue3emillenaire.com\/blog\/conscience-sans-contrepartie-lidentite-au-dela-de-la-representation-par-steven-pashko\/\"]}]},{\"@type\":\"ImageObject\",\"inLanguage\":\"fr-FR\",\"@id\":\"https:\/\/www.revue3emillenaire.com\/blog\/conscience-sans-contrepartie-lidentite-au-dela-de-la-representation-par-steven-pashko\/#primaryimage\",\"url\":\"https:\/\/www.revue3emillenaire.com\/blog\/wp-content\/uploads\/2024\/11\/Steven-Pashko.jpg\",\"contentUrl\":\"https:\/\/www.revue3emillenaire.com\/blog\/wp-content\/uploads\/2024\/11\/Steven-Pashko.jpg\",\"width\":280,\"height\":235},{\"@type\":\"BreadcrumbList\",\"@id\":\"https:\/\/www.revue3emillenaire.com\/blog\/conscience-sans-contrepartie-lidentite-au-dela-de-la-representation-par-steven-pashko\/#breadcrumb\",\"itemListElement\":[{\"@type\":\"ListItem\",\"position\":1,\"name\":\"Accueil\",\"item\":\"https:\/\/www.revue3emillenaire.com\/blog\/\"},{\"@type\":\"ListItem\",\"position\":2,\"name\":\"Conscience sans contrepartie\u00a0: l\u2019identit\u00e9 au-del\u00e0 de la repr\u00e9sentation par Steven Pashko\"}]},{\"@type\":\"WebSite\",\"@id\":\"https:\/\/www.revue3emillenaire.com\/blog\/#website\",\"url\":\"https:\/\/www.revue3emillenaire.com\/blog\/\",\"name\":\"3e mill\u00e9naire - Spiritualit\u00e9 - Connaissance de soi - Non-dualit\u00e9 - M\u00e9ditation\",\"description\":\"L&#039;Homme en devenir\",\"potentialAction\":[{\"@type\":\"SearchAction\",\"target\":{\"@type\":\"EntryPoint\",\"urlTemplate\":\"https:\/\/www.revue3emillenaire.com\/blog\/?s={search_term_string}\"},\"query-input\":{\"@type\":\"PropertyValueSpecification\",\"valueRequired\":true,\"valueName\":\"search_term_string\"}}],\"inLanguage\":\"fr-FR\"},{\"@type\":\"Person\",\"@id\":\"https:\/\/www.revue3emillenaire.com\/blog\/#\/schema\/person\/b692dacff720a5344a6190bc714397eb\",\"name\":\"3e mill\u00e9naire\",\"url\":\"https:\/\/www.revue3emillenaire.com\/blog\/author\/scoussa\/\"}]}<\/script>\n<!-- \/ Yoast SEO plugin. -->","yoast_head_json":{"title":"Conscience sans contrepartie\u00a0: l\u2019identit\u00e9 au-del\u00e0 de la repr\u00e9sentation par Steven Pashko - 3e mill\u00e9naire - Spiritualit\u00e9 - Connaissance de soi - Non-dualit\u00e9 - M\u00e9ditation","robots":{"index":"index","follow":"follow","max-snippet":"max-snippet:-1","max-image-preview":"max-image-preview:large","max-video-preview":"max-video-preview:-1"},"canonical":"https:\/\/www.revue3emillenaire.com\/blog\/conscience-sans-contrepartie-lidentite-au-dela-de-la-representation-par-steven-pashko\/","og_locale":"fr_FR","og_type":"article","og_title":"Conscience sans contrepartie\u00a0: l\u2019identit\u00e9 au-del\u00e0 de la repr\u00e9sentation par Steven Pashko - 3e mill\u00e9naire - Spiritualit\u00e9 - Connaissance de soi - Non-dualit\u00e9 - M\u00e9ditation","og_description":"La recherche de l\u2019authenticit\u00e9 \u00e9choue parce que nous la menons au mauvais endroit\u00a0: la pens\u00e9e elle-m\u00eame. Le foss\u00e9 \u00e9pist\u00e9mique, c\u2019est-\u00e0-dire l\u2019incapacit\u00e9 des concepts \u00e0 saisir la r\u00e9alit\u00e9 exp\u00e9rientielle, produit le sentiment persistant que quelque chose de fondamental dans l\u2019existence fait d\u00e9faut, une tension qui sous-tend une grande partie du questionnement existentiel. Lorsque les repr\u00e9sentations sont confondues avec la r\u00e9alit\u00e9, trois formes omnipr\u00e9sentes de souffrance s\u2019ensuivent\u00a0: la peur de la mort, la violence et l\u2019orgueil. Chacune d\u2019entre elles se dissout lorsque l\u2019erreur est reconnue. Mais la reconnaissance seule s\u2019estompe ; seul un d\u00e9tachement soutenu de l\u2019identification conceptuelle permet de transformer cette prise de conscience en exp\u00e9rience v\u00e9cue, affirme Steven Pashko.","og_url":"https:\/\/www.revue3emillenaire.com\/blog\/conscience-sans-contrepartie-lidentite-au-dela-de-la-representation-par-steven-pashko\/","og_site_name":"3e mill\u00e9naire - Spiritualit\u00e9 - Connaissance de soi - Non-dualit\u00e9 - M\u00e9ditation","article_published_time":"2026-03-08T16:42:26+00:00","article_modified_time":"2026-03-08T22:05:53+00:00","og_image":[{"width":280,"height":235,"url":"https:\/\/www.revue3emillenaire.com\/blog\/wp-content\/uploads\/2024\/11\/Steven-Pashko.jpg","type":"image\/jpeg"}],"author":"3e mill\u00e9naire","twitter_card":"summary_large_image","twitter_misc":{"\u00c9crit par":"3e mill\u00e9naire","Dur\u00e9e de lecture estim\u00e9e":"19 minutes"},"schema":{"@context":"https:\/\/schema.org","@graph":[{"@type":"Article","@id":"https:\/\/www.revue3emillenaire.com\/blog\/conscience-sans-contrepartie-lidentite-au-dela-de-la-representation-par-steven-pashko\/#article","isPartOf":{"@id":"https:\/\/www.revue3emillenaire.com\/blog\/conscience-sans-contrepartie-lidentite-au-dela-de-la-representation-par-steven-pashko\/"},"author":{"name":"3e mill\u00e9naire","@id":"https:\/\/www.revue3emillenaire.com\/blog\/#\/schema\/person\/b692dacff720a5344a6190bc714397eb"},"headline":"Conscience sans contrepartie\u00a0: l\u2019identit\u00e9 au-del\u00e0 de la repr\u00e9sentation par Steven Pashko","datePublished":"2026-03-08T16:42:26+00:00","dateModified":"2026-03-08T22:05:53+00:00","mainEntityOfPage":{"@id":"https:\/\/www.revue3emillenaire.com\/blog\/conscience-sans-contrepartie-lidentite-au-dela-de-la-representation-par-steven-pashko\/"},"wordCount":3982,"image":{"@id":"https:\/\/www.revue3emillenaire.com\/blog\/conscience-sans-contrepartie-lidentite-au-dela-de-la-representation-par-steven-pashko\/#primaryimage"},"thumbnailUrl":"https:\/\/www.revue3emillenaire.com\/blog\/wp-content\/uploads\/2024\/11\/Steven-Pashko.jpg","keywords":["Concept","Conflit","Conscience","Identification","Illusion","Lib\u00e9ration","Libert\u00e9","M\u00e9ditation","Non-dualit\u00e9","processus du moi","Tradition"],"articleSection":["Pashko Steven"],"inLanguage":"fr-FR"},{"@type":"WebPage","@id":"https:\/\/www.revue3emillenaire.com\/blog\/conscience-sans-contrepartie-lidentite-au-dela-de-la-representation-par-steven-pashko\/","url":"https:\/\/www.revue3emillenaire.com\/blog\/conscience-sans-contrepartie-lidentite-au-dela-de-la-representation-par-steven-pashko\/","name":"Conscience sans contrepartie\u00a0: l\u2019identit\u00e9 au-del\u00e0 de la repr\u00e9sentation par Steven Pashko - 3e mill\u00e9naire - Spiritualit\u00e9 - Connaissance de soi - Non-dualit\u00e9 - M\u00e9ditation","isPartOf":{"@id":"https:\/\/www.revue3emillenaire.com\/blog\/#website"},"primaryImageOfPage":{"@id":"https:\/\/www.revue3emillenaire.com\/blog\/conscience-sans-contrepartie-lidentite-au-dela-de-la-representation-par-steven-pashko\/#primaryimage"},"image":{"@id":"https:\/\/www.revue3emillenaire.com\/blog\/conscience-sans-contrepartie-lidentite-au-dela-de-la-representation-par-steven-pashko\/#primaryimage"},"thumbnailUrl":"https:\/\/www.revue3emillenaire.com\/blog\/wp-content\/uploads\/2024\/11\/Steven-Pashko.jpg","datePublished":"2026-03-08T16:42:26+00:00","dateModified":"2026-03-08T22:05:53+00:00","author":{"@id":"https:\/\/www.revue3emillenaire.com\/blog\/#\/schema\/person\/b692dacff720a5344a6190bc714397eb"},"breadcrumb":{"@id":"https:\/\/www.revue3emillenaire.com\/blog\/conscience-sans-contrepartie-lidentite-au-dela-de-la-representation-par-steven-pashko\/#breadcrumb"},"inLanguage":"fr-FR","potentialAction":[{"@type":"ReadAction","target":["https:\/\/www.revue3emillenaire.com\/blog\/conscience-sans-contrepartie-lidentite-au-dela-de-la-representation-par-steven-pashko\/"]}]},{"@type":"ImageObject","inLanguage":"fr-FR","@id":"https:\/\/www.revue3emillenaire.com\/blog\/conscience-sans-contrepartie-lidentite-au-dela-de-la-representation-par-steven-pashko\/#primaryimage","url":"https:\/\/www.revue3emillenaire.com\/blog\/wp-content\/uploads\/2024\/11\/Steven-Pashko.jpg","contentUrl":"https:\/\/www.revue3emillenaire.com\/blog\/wp-content\/uploads\/2024\/11\/Steven-Pashko.jpg","width":280,"height":235},{"@type":"BreadcrumbList","@id":"https:\/\/www.revue3emillenaire.com\/blog\/conscience-sans-contrepartie-lidentite-au-dela-de-la-representation-par-steven-pashko\/#breadcrumb","itemListElement":[{"@type":"ListItem","position":1,"name":"Accueil","item":"https:\/\/www.revue3emillenaire.com\/blog\/"},{"@type":"ListItem","position":2,"name":"Conscience sans contrepartie\u00a0: l\u2019identit\u00e9 au-del\u00e0 de la repr\u00e9sentation par Steven Pashko"}]},{"@type":"WebSite","@id":"https:\/\/www.revue3emillenaire.com\/blog\/#website","url":"https:\/\/www.revue3emillenaire.com\/blog\/","name":"3e mill\u00e9naire - Spiritualit\u00e9 - Connaissance de soi - Non-dualit\u00e9 - M\u00e9ditation","description":"L&#039;Homme en devenir","potentialAction":[{"@type":"SearchAction","target":{"@type":"EntryPoint","urlTemplate":"https:\/\/www.revue3emillenaire.com\/blog\/?s={search_term_string}"},"query-input":{"@type":"PropertyValueSpecification","valueRequired":true,"valueName":"search_term_string"}}],"inLanguage":"fr-FR"},{"@type":"Person","@id":"https:\/\/www.revue3emillenaire.com\/blog\/#\/schema\/person\/b692dacff720a5344a6190bc714397eb","name":"3e mill\u00e9naire","url":"https:\/\/www.revue3emillenaire.com\/blog\/author\/scoussa\/"}]}},"_links":{"self":[{"href":"https:\/\/www.revue3emillenaire.com\/blog\/wp-json\/wp\/v2\/posts\/21169","targetHints":{"allow":["GET"]}}],"collection":[{"href":"https:\/\/www.revue3emillenaire.com\/blog\/wp-json\/wp\/v2\/posts"}],"about":[{"href":"https:\/\/www.revue3emillenaire.com\/blog\/wp-json\/wp\/v2\/types\/post"}],"author":[{"embeddable":true,"href":"https:\/\/www.revue3emillenaire.com\/blog\/wp-json\/wp\/v2\/users\/2"}],"replies":[{"embeddable":true,"href":"https:\/\/www.revue3emillenaire.com\/blog\/wp-json\/wp\/v2\/comments?post=21169"}],"version-history":[{"count":0,"href":"https:\/\/www.revue3emillenaire.com\/blog\/wp-json\/wp\/v2\/posts\/21169\/revisions"}],"wp:featuredmedia":[{"embeddable":true,"href":"https:\/\/www.revue3emillenaire.com\/blog\/wp-json\/wp\/v2\/media\/20337"}],"wp:attachment":[{"href":"https:\/\/www.revue3emillenaire.com\/blog\/wp-json\/wp\/v2\/media?parent=21169"}],"wp:term":[{"taxonomy":"category","embeddable":true,"href":"https:\/\/www.revue3emillenaire.com\/blog\/wp-json\/wp\/v2\/categories?post=21169"},{"taxonomy":"post_tag","embeddable":true,"href":"https:\/\/www.revue3emillenaire.com\/blog\/wp-json\/wp\/v2\/tags?post=21169"}],"curies":[{"name":"wp","href":"https:\/\/api.w.org\/{rel}","templated":true}]}}