{"id":21170,"date":"2026-03-09T04:35:58","date_gmt":"2026-03-09T03:35:58","guid":{"rendered":"https:\/\/www.revue3emillenaire.com\/blog\/?p=21170"},"modified":"2026-03-09T04:35:58","modified_gmt":"2026-03-09T03:35:58","slug":"les-guerres-de-lia-vous-netes-pas-prepares-par-james-corbett","status":"publish","type":"post","link":"https:\/\/www.revue3emillenaire.com\/blog\/les-guerres-de-lia-vous-netes-pas-prepares-par-james-corbett\/","title":{"rendered":"Les guerres de l\u2019IA\u00a0: vous n\u2019\u00eates pas pr\u00e9par\u00e9s par James Corbett"},"content":{"rendered":"<p align=\"justify\"><img loading=\"lazy\" decoding=\"async\" class=\"aligncenter\" src=\"https:\/\/substackcdn.com\/image\/fetch\/$s_!P3M3!,w_1456,c_limit,f_auto,q_auto:good,fl_progressive:steep\/https%3A%2F%2Fsubstack-post-media.s3.amazonaws.com%2Fpublic%2Fimages%2F6e1ccc5e-5e73-426e-803f-3a9fcacd75fe_1280x720.jpeg\" width=\"550\" height=\"309\" \/><\/p>\n<p class=\"western\" align=\"justify\"><span style=\"color: #000000;\"><span style=\"font-family: Times New Roman, serif;\">Il y a un peu plus d\u2019un an, j\u2019ai \u00e9crit \u00ab <\/span><\/span><a href=\"https:\/\/corbettreport.com\/the-drone-wars-you-are-not-prepared\/\"><span style=\"color: #000080;\"><span style=\"color: #000000;\"><span style=\"font-family: Times New Roman, serif;\">Les guerres des drones\u00a0: vous n\u2019\u00eates pas pr\u00e9<\/span><\/span><\/span><span style=\"color: #000080;\"><span style=\"color: #000000;\"><span style=\"font-family: Times New Roman, serif;\">par\u00e9s<\/span><\/span><\/span><\/a><span style=\"color: #000000;\"><span style=\"font-family: Times New Roman, serif;\"> \u00bb, dans lequel je vous informais que\u00a0:<\/span><\/span><\/p>\n<blockquote class=\"western\" style=\"padding-left: 80px;\"><p><span style=\"font-family: Times New Roman, serif;\">Non, les guerres des drones du futur ne sont pas une fantaisie de science-fiction. Elles sont bien r\u00e9elles et elles se d\u00e9roulent en ce moment m\u00eame.<\/span><\/p><\/blockquote>\n<p class=\"western\" align=\"justify\"><span style=\"font-family: Times New Roman, serif;\">Alors, comment cette pr\u00e9diction s\u2019est-elle r\u00e9alis\u00e9e ?<\/span><\/p>\n<p class=\"western\" align=\"justify\"><span style=\"font-family: Times New Roman, serif;\">Jetons un \u0153il aux gros titres de cette semaine pour conna\u00eetre les derni\u00e8res nouvelles sur la guerre des drones, d\u2019accord ?<\/span><\/p>\n<p class=\"western\" align=\"justify\"><span style=\"color: #000000;\"><span style=\"font-family: Times New Roman, serif;\">Comme le savent les t\u00e9l\u00e9spectateurs du <\/span><\/span><span style=\"color: #000080;\"><a href=\"https:\/\/corbettreport.com\/nwnw621\/\"><span style=\"color: #000000;\"><span style=\"font-family: Times New Roman, serif;\">dernier \u00e9pisode<\/span><\/span><\/a><\/span><span style=\"color: #000000;\"><span style=\"font-family: Times New Roman, serif;\"> de <\/span><\/span><span style=\"color: #000000;\"><span style=\"font-family: Times New Roman, serif;\"><i>New World Next Week<\/i><\/span><\/span><span style=\"color: #000000;\"><span style=\"font-family: Times New Roman, serif;\">, l\u2019Iran lance <\/span><\/span><span style=\"color: #000080;\"><a href=\"https:\/\/www.zerohedge.com\/ai\/drone-strikes-amazon-data-centers-middle-east-reveal-urgent-need-defend-ai\"><span style=\"color: #000000;\"><span style=\"font-family: Times New Roman, serif;\">des attaques de drones<\/span><\/span><\/a><\/span><span style=\"color: #000000;\"><span style=\"font-family: Times New Roman, serif;\"> kamikazes <\/span><\/span><span style=\"color: #000080;\"><a href=\"https:\/\/www.zerohedge.com\/ai\/drone-strikes-amazon-data-centers-middle-east-reveal-urgent-need-defend-ai\"><span style=\"color: #000000;\"><span style=\"font-family: Times New Roman, serif;\">contre des centres de donn\u00e9es IA<\/span><\/span><\/a><\/span><span style=\"color: #000000;\"><span style=\"font-family: Times New Roman, serif;\">, et l\u2019Oncle Sam <\/span><\/span><span style=\"color: #000080;\"><a href=\"https:\/\/www.zerohedge.com\/military\/us-launched-kamikaze-drones-against-iran-reflecting-lessons-learned-ukraine\"><span style=\"color: #000000;\"><span style=\"font-family: Times New Roman, serif;\">riposte de la m\u00eame mani\u00e8re<\/span><\/span><\/a><\/span><span style=\"color: #000000;\"><span style=\"font-family: Times New Roman, serif;\"> (en utilisant des drones <\/span><\/span><a href=\"https:\/\/www.theregister.com\/2026\/03\/02\/us_iran_clone_drones\/\"><span style=\"color: #000080;\"><span style=\"color: #000000;\"><span style=\"font-family: Times New Roman, serif;\">copi\u00e9s sur <\/span><\/span><\/span><span style=\"color: #000080;\"><span style=\"color: #000000;\"><span style=\"font-family: Times New Roman, serif;\">d<\/span><\/span><\/span><span style=\"color: #000080;\"><span style=\"color: #000000;\"><span style=\"font-family: Times New Roman, serif;\">es mod\u00e8les iraniens<\/span><\/span><\/span><\/a><span style=\"color: #000000;\"><span style=\"font-family: Times New Roman, serif;\">, rien de moins).<\/span><\/span><\/p>\n<p class=\"western\" align=\"justify\"><span style=\"color: #000000;\"><span style=\"font-family: Times New Roman, serif;\">Et maintenant, <\/span><\/span><em><span style=\"color: #000000;\"><span style=\"font-family: Times New Roman, serif;\">le Wall Street Journal <\/span><\/span><\/em><span style=\"color: #000000;\"><span style=\"font-family: Times New Roman, serif;\">rapporte comment \u00ab <\/span><\/span><span style=\"color: #000080;\"><a href=\"https:\/\/archive.is\/spdJr\"><span style=\"color: #000000;\"><span style=\"font-family: Times New Roman, serif;\">l\u2019Iran frappe les radars qui soutiennent<\/span><\/span><\/a><\/span><span style=\"color: #000000;\"><span style=\"font-family: Times New Roman, serif;\"> les d\u00e9fenses antimissiles<\/span><\/span><span style=\"color: #000080;\"><a href=\"https:\/\/archive.is\/spdJr\"><span style=\"color: #000000;\"><span style=\"font-family: Times New Roman, serif;\"> am\u00e9ricaines<\/span><\/span><\/a><\/span><span style=\"color: #000000;\"><span style=\"font-family: Times New Roman, serif;\"> \u00bb en utilisant des \u00ab drones d\u2019attaque \u00e0 sens unique \u00bb. L\u2019article note que \u00ab l\u2019une des frappes les plus importantes a touch\u00e9 un syst\u00e8me radar d\u2019alerte pr\u00e9coce sophistiqu\u00e9 \u00e0 Al-Udeid, au Qatar, qui abrite la plus grande base militaire am\u00e9ricaine de la r\u00e9gion \u00bb.<\/span><\/span><\/p>\n<p class=\"western\" align=\"justify\"><span style=\"font-family: Times New Roman, serif;\">Oui, les Iraniens utilisent d\u00e9sormais des drones \u00e0 20 000 dollars pour d\u00e9truire des syst\u00e8mes de d\u00e9fense radar valant des milliards de dollars, et vous pouvez \u00eatre s\u00fbr que toutes les arm\u00e9es du monde en prennent bonne note.<\/span><\/p>\n<p class=\"western\" align=\"justify\"><span style=\"font-family: Times New Roman, serif;\">En r\u00e9sum\u00e9\u00a0: oui, la guerre des drones a commenc\u00e9, et, comme d\u2019habitude, vous l\u2019avez appris ici en premier.<\/span><\/p>\n<p class=\"western\" align=\"justify\"><span style=\"color: #000000;\"><span style=\"font-family: Times New Roman, serif;\">Alors, quelle sera la <\/span><\/span><em><span style=\"color: #000000;\"><span style=\"font-family: Times New Roman, serif;\">prochaine <\/span><\/span><\/em><span style=\"color: #000000;\"><span style=\"font-family: Times New Roman, serif;\">\u00e9volution de la guerre au XXI<\/span><\/span><span style=\"color: #000000;\"><sup><span style=\"font-family: Times New Roman, serif;\">e\u00a0<\/span><\/sup><\/span><span style=\"color: #000000;\"><span style=\"font-family: Times New Roman, serif;\">si\u00e8cle ? Bonne question. Voici la r\u00e9ponse\u2026<\/span><\/span><\/p>\n<h3 class=\"western\" align=\"justify\"><strong><span style=\"color: #000000;\"><span style=\"font-family: Times New Roman, serif;\"><b>LE COMPLEXE INDUSTRIEL DE L\u2019IA<\/b><\/span><\/span><\/strong><\/h3>\n<p class=\"western\" align=\"justify\"><span style=\"font-family: Times New Roman, serif;\">Cela fait plus de 60\u00a0ans qu\u2019Eisenhower nous a mis en garde contre la mont\u00e9e en puissance du complexe militaro-industriel.<\/span><\/p>\n<p><iframe loading=\"lazy\" title=\"Eisenhower Farewell Address - Military Industrial Complex\" src=\"https:\/\/www.youtube.com\/embed\/cyZoUfNsUl8\" width=\"728\" height=\"410\" frameborder=\"0\" allowfullscreen=\"allowfullscreen\"><\/iframe><\/p>\n<p class=\"western\" align=\"justify\"><span style=\"color: #000000;\"><span style=\"font-family: Times New Roman, serif;\">Bien que nous nous souvenions tous de sa mise en garde contre \u00ab l\u2019acquisition d\u2019une influence injustifi\u00e9e, recherch\u00e9e ou non, par le complexe militaro-industriel \u00bb, le <\/span><\/span><span style=\"color: #000080;\"><a href=\"https:\/\/www.americanrhetoric.com\/speeches\/dwightdeisenhowerfarewell.html\"><span style=\"color: #000000;\"><span style=\"font-family: Times New Roman, serif;\">discours lui-m\u00eame<\/span><\/span><\/a><\/span><span style=\"color: #000000;\"><span style=\"font-family: Times New Roman, serif;\"> est en r\u00e9alit\u00e9 plus favorable au d\u00e9veloppement de ce complexe que vous ne vous en souvenez peut-\u00eatre. \u00ab Nous reconnaissons la n\u00e9cessit\u00e9 imp\u00e9rative de ce d\u00e9veloppement \u00bb, a pris soin d\u2019ajouter Eisenhower. Peut-\u00eatre \u00e9tait-il d\u00e9j\u00e0 conscient de <\/span><\/span><span style=\"color: #000080;\"><a href=\"https:\/\/corbettreport.com\/jfkgladio\/\"><span style=\"color: #000000;\"><span style=\"font-family: Times New Roman, serif;\">ce qui arriverait<\/span><\/span><\/a><\/span><span style=\"color: #000000;\"><span style=\"font-family: Times New Roman, serif;\"> au prochain pr\u00e9sident qui oserait tenir t\u00eate aux chefs militaires.<\/span><\/span><\/p>\n<p class=\"western\" align=\"justify\"><span style=\"color: #000000;\"><span style=\"font-family: Times New Roman, serif;\">Quoi qu\u2019il en soit, l\u2019expression \u00ab complexe militaro-industriel \u00bb a rapidement \u00e9t\u00e9 adopt\u00e9e par les militants antiguerre et leur a bien servi pendant des g\u00e9n\u00e9rations. Elle r\u00e9sume bien l\u2019industrialisation de la guerre et montre \u00e0 quel point des fortunes colossales reposent d\u00e9sormais sur la production (et l\u2019utilisation) d\u2019armements militaires. Il y a finalement <\/span><\/span><span style=\"color: #000080;\"><a href=\"https:\/\/www.theamericanconservative.com\/how-wartime-washington-lives-in-luxury\/\"><span style=\"color: #000000;\"><span style=\"font-family: Times New Roman, serif;\">une raison<\/span><\/span><\/a><\/span><span style=\"color: #000000;\"><span style=\"font-family: Times New Roman, serif;\"> pour laquelle Loudoun est \u00ab le comt\u00e9 le plus riche du pays par habitant \u00bb, apr\u00e8s tout.<\/span><\/span><\/p>\n<p class=\"western\" align=\"justify\"><span style=\"color: #000000;\"><span style=\"font-family: Times New Roman, serif;\">Donc, oui, exactement comme pr\u00e9vu, le bon vieux complexe militaro-industriel <\/span><\/span><span style=\"color: #000080;\"><span style=\"color: #000000;\"><span style=\"font-family: Times New Roman, serif;\">se frotte les mains<\/span><\/span><\/span><span style=\"color: #000000;\"><span style=\"font-family: Times New Roman, serif;\"> tandis que les bombes pleuvent sur T\u00e9h\u00e9ran.<\/span><\/span><\/p>\n<p class=\"western\" align=\"justify\"><span style=\"font-family: Times New Roman, serif;\">Mais les temps changent. Les Raytheon, Lockheed Martin et Northrop Grumman d\u2019autrefois sont remplac\u00e9s par la nouvelle g\u00e9n\u00e9ration de marchands de mort\u00a0: les sous-traitants de l\u2019IA.<\/span><\/p>\n<p class=\"western\" align=\"justify\"><span style=\"color: #000000;\"><span style=\"font-family: Times New Roman, serif;\">Il n\u2019est pas surprenant que tous les <\/span><\/span><span style=\"color: #000080;\"><a href=\"https:\/\/www.landbase.com\/blog\/fastest-growing-defense-tech\"><span style=\"color: #000000;\"><span style=\"font-family: Times New Roman, serif;\">entrepreneurs militaires \u00e0 la croissance la plus rapide<\/span><\/span><\/a><\/span><span style=\"color: #000000;\"><span style=\"font-family: Times New Roman, serif;\">, d\u2019Anduril \u00e0 Helsing en passant par Palantir et, oui, \u00ab CHAOS Industries \u00bb, travaillent sur des technologies d\u2019IA et des syst\u00e8mes d\u2019armes autonomes. Comme je l\u2019ai observ\u00e9 dans \u00ab <\/span><\/span><span style=\"color: #000080;\"><a href=\"https:\/\/corbettreport.com\/what-does-palantir-actually-do\/\"><span style=\"color: #000000;\"><span style=\"font-family: Times New Roman, serif;\">Que fait r\u00e9ellement Palantir\u00a0?<\/span><\/span><\/a><\/span><span style=\"color: #000000;\"><span style=\"font-family: Times New Roman, serif;\"> \u00bb, Anduril et Palantir ont publi\u00e9 l\u2019ann\u00e9e derni\u00e8re un <\/span><\/span><span style=\"color: #000080;\"><a href=\"https:\/\/investors.palantir.com\/news-details\/2024\/Anduril-and-Palantir-to-Accelerate-AI-Capabilities-for-National-Security\/\"><span style=\"color: #000000;\"><span style=\"font-family: Times New Roman, serif;\">communiqu\u00e9 de presse commun<\/span><\/span><\/a><\/span><span style=\"color: #000000;\"><span style=\"font-family: Times New Roman, serif;\"> vantant la mani\u00e8re dont les deux entreprises travaillaient pour \u00ab permettre \u00e0 notre gouvernement et \u00e0 nos partenaires industriels de transformer les avanc\u00e9es am\u00e9ricaines de pointe en mati\u00e8re d\u2019IA en capacit\u00e9s militaires et de s\u00e9curit\u00e9 nationale de nouvelle g\u00e9n\u00e9ration \u00bb.<\/span><\/span><\/p>\n<p class=\"western\" align=\"justify\"><span style=\"font-family: Times New Roman, serif;\">Bien s\u00fbr, nous n\u2019avons pas besoin d\u2019attendre que ce complexe industriel de l\u2019IA se manifeste sur le champ de bataille.<\/span><\/p>\n<p class=\"western\" align=\"justify\"><span style=\"color: #000000;\"><span style=\"font-family: Times New Roman, serif;\">Isra\u00ebl <\/span><\/span><span style=\"color: #000080;\"><a href=\"https:\/\/time.com\/7202584\/gaza-ukraine-ai-warfare\/\"><span style=\"color: #000000;\"><span style=\"font-family: Times New Roman, serif;\">utilise d\u00e9j\u00e0 l\u2019IA \u00e0 Gaza<\/span><\/span><\/a><\/span><span style=\"color: #000000;\"><span style=\"font-family: Times New Roman, serif;\"> pour identifier et cibler les dirigeants et les cachettes pr\u00e9sum\u00e9s du Hamas.<\/span><\/span><\/p>\n<p class=\"western\" align=\"justify\"><span style=\"color: #000000;\"><span style=\"font-family: Times New Roman, serif;\">L\u2019Ukraine d\u00e9ploie d\u00e9j\u00e0 <\/span><\/span><span style=\"color: #000080;\"><a href=\"https:\/\/www.nytimes.com\/2025\/12\/31\/magazine\/ukraine-ai-drones-war-russia.html\"><span style=\"color: #000000;\"><span style=\"font-family: Times New Roman, serif;\">des drones IA<\/span><\/span><\/a><\/span><span style=\"color: #000000;\"><span style=\"font-family: Times New Roman, serif;\"> \u2014 et, oui, <\/span><\/span><span style=\"color: #000080;\"><a href=\"https:\/\/www.bbc.com\/news\/articles\/c62662gzlp8o\"><span style=\"color: #000000;\"><span style=\"font-family: Times New Roman, serif;\">des robots \u00ab semi-autonomes \u00bb<\/span><\/span><\/a><\/span><span style=\"color: #000000;\"><span style=\"font-family: Times New Roman, serif;\"> \u2014 dans sa lutte contre la Russie.<\/span><\/span><\/p>\n<p class=\"western\" align=\"justify\"><span style=\"font-family: Times New Roman, serif;\">Et maintenant, comme nous l\u2019avons vu la semaine derni\u00e8re, le champ de bataille iranien renforce le discours sur la guerre de l\u2019IA. L\u2019utilisation d\u2019armes autonomes et de syst\u00e8mes de ciblage bas\u00e9s sur l\u2019IA devient rapidement un \u00e9l\u00e9ment cl\u00e9 de l\u2019histoire de la guerre en Iran elle-m\u00eame.<\/span><\/p>\n<h3 class=\"western\" align=\"justify\"><strong><span style=\"color: #000000;\"><span style=\"font-family: Times New Roman, serif;\"><b>LA PSYOP (OP\u00c9RATION PSYCHOLOGIQUE<\/b><\/span><\/span><\/strong><strong><span style=\"color: #000000;\"><span style=\"font-family: Times New Roman, serif;\"><b>) <\/b><\/span><\/span><\/strong><strong><span style=\"color: #000000;\"><span style=\"font-family: Times New Roman, serif;\"><b>ANTHROPI<\/b><\/span><\/span><\/strong><strong><span style=\"color: #000000;\"><span style=\"font-family: Times New Roman, serif;\"><b>C<\/b><\/span><\/span><\/strong><\/h3>\n<p align=\"justify\"><img loading=\"lazy\" decoding=\"async\" class=\"aligncenter\" src=\"https:\/\/substackcdn.com\/image\/fetch\/$s_!q4R5!,w_1456,c_limit,f_auto,q_auto:good,fl_progressive:steep\/https%3A%2F%2Fsubstack-post-media.s3.amazonaws.com%2Fpublic%2Fimages%2F51d5aadb-a681-4680-b55a-f3d7ada3cd55_550x259.jpeg\" width=\"412\" height=\"194\" \/><\/p>\n<p class=\"western\" align=\"justify\"><span style=\"font-family: Times New Roman, serif;\">Nous avons tous \u00e9t\u00e9 t\u00e9moins du r\u00e9cent psychodrame entre la soci\u00e9t\u00e9 d\u2019IA Anthropic et le minist\u00e8re de la Guerre, qui a fait la une des journaux de la presse dominante.<\/span><\/p>\n<p class=\"western\" align=\"justify\"><span style=\"color: #000000;\"><span style=\"font-family: Times New Roman, serif;\">Tout d\u2019abord, le secr\u00e9taire \u00e0 la Guerre Hegseth a exig\u00e9 qu\u2019Anthropic autorise le Pentagone \u00e0 contourner les garde-fous de son mod\u00e8le d\u2019IA \u00ab Claude \u00bb. Plus pr\u00e9cis\u00e9ment, <\/span><\/span><span style=\"color: #000080;\"><a href=\"https:\/\/edition.cnn.com\/2026\/02\/24\/tech\/hegseth-anthropic-ai-military-amodei\"><span style=\"color: #000000;\"><span style=\"font-family: Times New Roman, serif;\">on nous a dit<\/span><\/span><\/a><\/span><span style=\"color: #000000;\"><span style=\"font-family: Times New Roman, serif;\"> que \u00ab le Pentagone, qui a conclu un contrat de 200\u00a0millions de dollars avec Anthropic, souhaite que l\u2019entreprise l\u00e8ve ses restrictions afin que l\u2019arm\u00e9e puisse utiliser le mod\u00e8le \u00e0 des fins \u201cl\u00e9gales\u201d, selon deux sources proches des discussions \u00bb.<\/span><\/span><\/p>\n<p class=\"western\" align=\"justify\"><span style=\"color: #000000;\"><span style=\"font-family: Times New Roman, serif;\">Ensuite, <\/span><\/span><span style=\"color: #000080;\"><a href=\"https:\/\/edition.cnn.com\/2026\/02\/26\/tech\/anthropic-rejects-pentagon-offer\"><span style=\"color: #000000;\"><span style=\"font-family: Times New Roman, serif;\">on nous a dit<\/span><\/span><\/a><\/span><span style=\"color: #000000;\"><span style=\"font-family: Times New Roman, serif;\"> que le PDG d\u2019Anthropic, Dario Amodei, r\u00e9sistait h\u00e9ro\u00efquement \u00e0 cette pression, r\u00e9digeant un <\/span><\/span><span style=\"color: #000080;\"><a href=\"https:\/\/www.anthropic.com\/news\/statement-department-of-war\"><span style=\"color: #000000;\"><span style=\"font-family: Times New Roman, serif;\">long article de blog<\/span><\/span><\/a><\/span><span style=\"color: #000000;\"><span style=\"font-family: Times New Roman, serif;\"> dans lequel il refusait que Claude soit utilis\u00e9 pour la surveillance massive de la population ou pour alimenter des armes enti\u00e8rement autonomes.<\/span><\/span><\/p>\n<p class=\"western\" align=\"justify\">\u2026 <span style=\"font-family: Times New Roman, serif;\">Bien s\u00fbr, Amodei ne remettait pas en question le complexe industriel de l\u2019IA lui-m\u00eame. \u00ab Je crois profond\u00e9ment en l\u2019importance existentielle de l\u2019utilisation de l\u2019IA pour d\u00e9fendre les \u00c9tats-Unis et d\u2019autres d\u00e9mocraties, et pour vaincre nos adversaires autocratiques \u00bb, a-t-il d\u00e9clar\u00e9 dans sa \u00ab courageuse \u00bb d\u00e9claration face au Pentagone.<\/span><\/p>\n<p class=\"western\" align=\"justify\"><span style=\"color: #000000;\"><span style=\"font-family: Times New Roman, serif;\">Pour \u00eatre absolument certain que son message soit bien compris, Amodei est actuellement en <\/span><\/span><span style=\"color: #000080;\"><a href=\"https:\/\/www.anthropic.com\/news\/where-stand-department-war\"><span style=\"color: #000000;\"><span style=\"font-family: Times New Roman, serif;\">tourn\u00e9e pour pr\u00e9senter ses excuses<\/span><\/span><\/a><\/span><span style=\"color: #000000;\"><span style=\"font-family: Times New Roman, serif;\">, se donnant beaucoup de mal pour clarifier dans un r\u00e9cent article de blog qu\u2019il n\u2019osait pas remettre en question l\u2019utilit\u00e9 de l\u2019IA dans la guerre ou la supr\u00e9matie absolue du Pentagone dans la d\u00e9cision d\u2019utiliser cette technologie sur le champ de bataille\u00a0: \u00ab Comme nous l\u2019avons d\u00e9clar\u00e9 vendredi dernier, nous ne pensons pas, et n\u2019avons jamais pens\u00e9, qu\u2019il appartienne \u00e0 Anthropic ou \u00e0 toute autre entreprise priv\u00e9e de participer \u00e0 la prise de d\u00e9cisions op\u00e9rationnelles \u2014 c\u2019est le r\u00f4le de l\u2019arm\u00e9e. \u00bb<\/span><\/span><\/p>\n<p class=\"western\" align=\"justify\"><span style=\"color: #000000;\"><span style=\"font-family: Times New Roman, serif;\">A<\/span><\/span><span style=\"color: #000000;\"><span style=\"font-family: Times New Roman, serif;\">h, et au fait, il aimerait <\/span><\/span><em><span style=\"color: #000000;\"><span style=\"font-family: Times New Roman, serif;\">\u00e9galement <\/span><\/span><\/em><span style=\"color: #000000;\"><span style=\"font-family: Times New Roman, serif;\">que vous sachiez que <\/span><\/span><span style=\"color: #000080;\"><a href=\"https:\/\/www.darioamodei.com\/essay\/the-adolescence-of-technology\"><span style=\"color: #000000;\"><span style=\"font-family: Times New Roman, serif;\">l\u2019IA est l\u2019avenir du monde<\/span><\/span><\/a><\/span><span style=\"color: #000000;\"><span style=\"font-family: Times New Roman, serif;\"> \u2014 \u00ab \u00c0 terme, l\u2019IA sera capable de tout faire, et nous devons nous y pr\u00e9parer \u00bb \u2014 mais vous <\/span><\/span><span style=\"color: #000080;\"><a href=\"https:\/\/www.theregister.com\/2026\/03\/07\/anthropic_bods_rework_ai_damage\/\"><span style=\"color: #000000;\"><span style=\"font-family: Times New Roman, serif;\">ne devez pas la bl\u00e2mer pour les pertes d\u2019emplois<\/span><\/span><\/a><\/span><span style=\"color: #000000;\"><span style=\"font-family: Times New Roman, serif;\">. Traduction\u00a0: le train de l\u2019IA doit continuer \u00e0 avancer !<\/span><\/span><\/p>\n<p class=\"western\" align=\"justify\"><span style=\"color: #000000;\"><span style=\"font-family: Times New Roman, serif;\">Les \u00e9changes dramatiques entre l\u2019entreprise d\u2019IA et le minist\u00e8re de la Guerre, qui ont abouti \u00e0 <\/span><\/span><span style=\"color: #000080;\"><a href=\"https:\/\/apnews.com\/article\/pentagon-ai-anthropic-claude-dario-amodei-openai-d4608c7dd139245ac8ad94d5427c505a\"><span style=\"color: #000000;\"><span style=\"font-family: Times New Roman, serif;\">la d\u00e9claration<\/span><\/span><\/a><\/span><span style=\"color: #000000;\"><span style=\"font-family: Times New Roman, serif;\"> du Pentagone <\/span><\/span><span style=\"color: #000080;\"><a href=\"https:\/\/apnews.com\/article\/pentagon-ai-anthropic-claude-dario-amodei-openai-d4608c7dd139245ac8ad94d5427c505a\"><span style=\"color: #000000;\"><span style=\"font-family: Times New Roman, serif;\">qualifiant Anthropic de \u00ab risque pour la cha\u00eene d\u2019approvisionnement \u00bb<\/span><\/span><\/a><\/span><span style=\"color: #000000;\"><span style=\"font-family: Times New Roman, serif;\"> et ordonnant son retrait progressif des syst\u00e8mes militaires au cours des six prochains mois, sont bien s\u00fbr totalement d\u00e9nu\u00e9s de sens.<\/span><\/span><\/p>\n<p class=\"western\" align=\"justify\"><span style=\"color: #000000;\"><span style=\"font-family: Times New Roman, serif;\">Non seulement OpenAI, dirig\u00e9e par Sam Altman, a <\/span><\/span><span style=\"color: #000080;\"><a href=\"https:\/\/fortune.com\/2026\/02\/27\/openai-in-talks-with-pentagon-after-anthropic-blowup\/\"><span style=\"color: #000000;\"><span style=\"font-family: Times New Roman, serif;\">r\u00e9affirm\u00e9<\/span><\/span><\/a><\/span><span style=\"color: #000000;\"><span style=\"font-family: Times New Roman, serif;\"> que sa propre technologie d\u2019IA pouvait \u00eatre militaris\u00e9e et d\u00e9ploy\u00e9e \u00e0 volont\u00e9 par les bellicistes, mais Claude, d\u00e9velopp\u00e9e par Anthropic, joue en r\u00e9alit\u00e9 un r\u00f4le central dans les efforts de guerre des \u00c9tats-Unis en Iran.<\/span><\/span><\/p>\n<p class=\"western\" align=\"justify\"><span style=\"color: #000000;\"><span style=\"font-family: Times New Roman, serif;\">Comme le soulignent <\/span><\/span><span style=\"color: #000080;\"><a href=\"https:\/\/archive.is\/bDTxE\"><span style=\"color: #000000;\"><span style=\"font-family: Times New Roman, serif;\">des rapports r\u00e9cents<\/span><\/span><\/a><\/span><span style=\"color: #000000;\"><span style=\"font-family: Times New Roman, serif;\">, bien qu\u2019il figure sur la liste des technologies \u00e0 <\/span><\/span><span style=\"color: #000000;\"><span style=\"font-family: Times New Roman, serif;\">retir<\/span><\/span><span style=\"color: #000000;\"><span style=\"font-family: Times New Roman, serif;\">er progressivement, Claude est actuellement associ\u00e9 au Maven Smart System de l\u2019arm\u00e9e am\u00e9ricaine, un syst\u00e8me de ciblage en temps r\u00e9el d\u00e9velopp\u00e9 par Palantir, afin de g\u00e9n\u00e9rer de mani\u00e8re ind\u00e9pendante des listes de cibles pour la campagne <\/span><\/span><span style=\"color: #000080;\"><a href=\"https:\/\/corbettreport.com\/war-in-iran-bored-of-peace-edition\/\"><span style=\"color: #000000;\"><span style=\"font-family: Times New Roman, serif;\">Epstein Fury<\/span><\/span><\/a><\/span><span style=\"color: #000000;\"><span style=\"font-family: Times New Roman, serif;\">.<\/span><\/span><\/p>\n<blockquote class=\"western\">\n<p style=\"padding-left: 80px;\"><span style=\"font-family: Times New Roman, serif;\">Alors que la planification d\u2019une \u00e9ventuelle frappe en Iran \u00e9tait en cours, Maven, aliment\u00e9 par Claude, a sugg\u00e9r\u00e9 des centaines de cibles, fourni des coordonn\u00e9es pr\u00e9cises et class\u00e9 ces cibles par ordre de priorit\u00e9 en fonction de leur importance, ont d\u00e9clar\u00e9 deux des personnes interrog\u00e9es. L\u2019association de Maven et de Claude a donn\u00e9 naissance \u00e0 un outil qui acc\u00e9l\u00e8re le rythme de la campagne, r\u00e9duit la capacit\u00e9 de riposte de l\u2019Iran et transforme la planification de la bataille, qui durait plusieurs semaines, en op\u00e9rations en temps r\u00e9el, a d\u00e9clar\u00e9 l\u2019une des personnes interrog\u00e9es. Les outils d\u2019IA \u00e9valuent \u00e9galement une frappe apr\u00e8s son lancement, a d\u00e9clar\u00e9 cette personne.<\/span><\/p>\n<\/blockquote>\n<p class=\"western\" align=\"justify\"><span style=\"font-family: Times New Roman, serif;\">Quelle que soit la r\u00e9alit\u00e9 sur le terrain, cependant, la dispute entre Anthropic\u2013D\u00e9partement de la Guerre a contribu\u00e9 \u00e0 ancrer le discours sur l\u2019IA et la guerre. L\u2019IA est d\u00e9sormais officiellement un imp\u00e9ratif de s\u00e9curit\u00e9 nationale, et toute entreprise qui ne s\u2019engage pas \u00e0 100\u00a0% envers les bellicistes sera sacrifi\u00e9e.<\/span><\/p>\n<p class=\"western\" align=\"justify\"><span style=\"font-family: Times New Roman, serif;\">Le complexe industriel de l\u2019IA est l\u00e0.<\/span><\/p>\n<p class=\"western\" align=\"justify\"><span style=\"font-family: Times New Roman, serif;\">Mais qu\u2019est-ce que cela signifie ?<\/span><\/p>\n<h3 class=\"western\" align=\"justify\"><strong><span style=\"color: #000000;\"><span style=\"font-family: Times New Roman, serif;\"><b>L\u2019IA ET LE GRAND \u00c9CHIQUIER<\/b><\/span><\/span><\/strong><\/h3>\n<p style=\"text-align: center;\" align=\"justify\"><img loading=\"lazy\" decoding=\"async\" class=\"\" src=\"https:\/\/substackcdn.com\/image\/fetch\/$s_!uj9H!,w_1456,c_limit,f_auto,q_auto:good,fl_progressive:steep\/https%3A%2F%2Fsubstack-post-media.s3.amazonaws.com%2Fpublic%2Fimages%2Ff49282e5-1d74-42a0-9b1b-d6fb9a37b4a6_550x307.jpeg\" width=\"416\" height=\"232\" \/><\/p>\n<p class=\"western\" align=\"justify\"><span style=\"font-family: Times New Roman, serif;\">Il n\u2019est pas difficile de voir comment le r\u00e9cit du \u00ab complexe industriel de l\u2019IA \u00bb va se d\u00e9ployer dans la grande lutte entre les nations.<\/span><\/p>\n<p class=\"western\" align=\"justify\"><span style=\"color: #000000;\"><span style=\"font-family: Times New Roman, serif;\">L\u2019IA est d\u00e9sormais un imp\u00e9ratif de s\u00e9curit\u00e9 nationale, non seulement pour les \u00c9tats-Unis, mais aussi pour <\/span><\/span><span style=\"color: #000080;\"><a href=\"https:\/\/www.reuters.com\/world\/asia-pacific\/china-vows-accelerate-technological-self-reliance-ai-push-2026-03-05\/\"><span style=\"color: #000000;\"><span style=\"font-family: Times New Roman, serif;\">la Chine<\/span><\/span><\/a><\/span><span style=\"color: #000000;\"><span style=\"font-family: Times New Roman, serif;\">, <\/span><\/span><span style=\"color: #000080;\"><a href=\"https:\/\/www.techradar.com\/pro\/did-the-ai-war-just-get-one-step-closer-putin-confirms-russia-is-planning-its-own-national-ai-taskforce\"><span style=\"color: #000000;\"><span style=\"font-family: Times New Roman, serif;\">la Russie<\/span><\/span><\/a><\/span><span style=\"color: #000000;\"><span style=\"font-family: Times New Roman, serif;\">, <\/span><\/span><span style=\"color: #000080;\"><a href=\"https:\/\/koreajoongangdaily.joins.com\/news\/2025-10-21\/national\/northKorea\/Not-just-nukes-North-Korea-weaponizes-AI-drones-in-hightech-arms-race\/2424183\"><span style=\"color: #000000;\"><span style=\"font-family: Times New Roman, serif;\">la Cor\u00e9e du Nord<\/span><\/span><\/a><\/span><span style=\"color: #000000;\"><span style=\"font-family: Times New Roman, serif;\">, le <\/span><\/span><span style=\"color: #000080;\"><a href=\"https:\/\/ethicai.net\/artificial-intelligence-and-uk-national-security\"><span style=\"color: #000000;\"><span style=\"font-family: Times New Roman, serif;\">Royaume-Uni<\/span><\/span><\/a><\/span><span style=\"color: #000000;\"><span style=\"font-family: Times New Roman, serif;\"> et tous les autres m\u00e9chants et marionnettes qui peuplent <\/span><\/span><span style=\"color: #000080;\"><a href=\"https:\/\/corbettreport.com\/how-to-play-3d-chess\/\"><span style=\"color: #000000;\"><span style=\"font-family: Times New Roman, serif;\">l\u2019\u00e9chiquier en deux dimensions.<\/span><\/span><\/a><\/span><\/p>\n<p class=\"western\" align=\"justify\"><span style=\"font-family: Times New Roman, serif;\">L\u2019importance croissante de l\u2019IA sur le champ de bataille du XXI<sup>e<\/sup>\u00a0si\u00e8cle se refl\u00e8te non seulement dans l\u2019utilisation croissante de l\u2019IA dans les syst\u00e8mes de ciblage et d\u2019armement dans le conflit en cours en Iran, mais aussi dans les cibles choisies par l\u2019Iran pour ses drones kamikazes autonomes.<\/span><\/p>\n<p class=\"western\" align=\"justify\"><span style=\"color: #000000;\"><span style=\"font-family: Times New Roman, serif;\">Comme l\u2019a rapport\u00e9 James Evan Pilato dans la <\/span><\/span><span style=\"color: #000080;\"><a href=\"https:\/\/corbettreport.com\/nwnw621\/\"><span style=\"color: #000000;\"><span style=\"font-family: Times New Roman, serif;\">derni\u00e8re \u00e9dition<\/span><\/span><\/a><\/span><span style=\"color: #000000;\"><span style=\"font-family: Times New Roman, serif;\"> de <\/span><\/span><span style=\"color: #000000;\"><span style=\"font-family: Times New Roman, serif;\"><i>New World Next Week<\/i><\/span><\/span><span style=\"color: #000000;\"><span style=\"font-family: Times New Roman, serif;\">, l\u2019Iran <\/span><\/span><span style=\"color: #000080;\"><a href=\"https:\/\/www.zerohedge.com\/ai\/drone-strikes-amazon-data-centers-middle-east-reveal-urgent-need-defend-ai\"><span style=\"color: #000000;\"><span style=\"font-family: Times New Roman, serif;\">cible<\/span><\/span><\/a><\/span><span style=\"color: #000000;\"><span style=\"font-family: Times New Roman, serif;\"> d\u00e9sormais d\u00e9lib\u00e9r\u00e9ment <\/span><\/span><span style=\"color: #000080;\"><a href=\"https:\/\/www.zerohedge.com\/ai\/drone-strikes-amazon-data-centers-middle-east-reveal-urgent-need-defend-ai\"><span style=\"color: #000000;\"><span style=\"font-family: Times New Roman, serif;\">les centres de donn\u00e9es commerciaux<\/span><\/span><\/a><\/span><span style=\"color: #000000;\"><span style=\"font-family: Times New Roman, serif;\"> au Moyen-Orient. En effet, la semaine derni\u00e8re, Amazon Web Services (AWS) a confirm\u00e9 qu\u2019un groupe de centres de donn\u00e9es aux \u00c9mirats arabes unis, appel\u00e9 en interne ME-CENTRAL-1 Region (mec1-az2), connaissait des \u00ab probl\u00e8mes op\u00e9rationnels \u00bb dus \u00e0 des \u00ab probl\u00e8mes d\u2019alimentation \u00e9lectrique localis\u00e9s \u00bb r\u00e9sultant de l\u2019attaque.<\/span><\/span><\/p>\n<p class=\"western\" align=\"justify\"><span style=\"color: #000000;\"><span style=\"font-family: Times New Roman, serif;\">Pour lever toute ambigu\u00eft\u00e9, non, cette attaque contre un centre de donn\u00e9es <\/span><\/span><em><span style=\"color: #000000;\"><span style=\"font-family: Times New Roman, serif;\">n\u2019<\/span><\/span><\/em><span style=\"color: #000000;\"><span style=\"font-family: Times New Roman, serif;\"><i>\u00e9tait<\/i><\/span><\/span> <em><span style=\"color: #000000;\"><span style=\"font-family: Times New Roman, serif;\">pas <\/span><\/span><\/em><span style=\"color: #000000;\"><span style=\"font-family: Times New Roman, serif;\">un \u00e9v\u00e9nement isol\u00e9. En fait, l\u2019Iran a clairement admis que le ciblage des centres de donn\u00e9es constituait un \u00e9l\u00e9ment important de sa strat\u00e9gie militaire pour le XXI<\/span><\/span><span style=\"color: #000000;\"><sup><span style=\"font-family: Times New Roman, serif;\">e<\/span><\/sup><\/span><span style=\"color: #000000;\"><span style=\"font-family: Times New Roman, serif;\">\u00a0si\u00e8cle.<\/span><\/span><\/p>\n<p class=\"western\" align=\"justify\"><span style=\"color: #000000;\"><span style=\"font-family: Times New Roman, serif;\">Comme <\/span><\/span><span style=\"color: #000080;\"><a href=\"https:\/\/www.theregister.com\/2026\/03\/06\/iran_news_aws_drone_strikes\/\"><span style=\"color: #000000;\"><span style=\"font-family: Times New Roman, serif;\">le rapporte<\/span><\/span><\/a><\/span><em><span style=\"color: #000000;\"><span style=\"font-family: Times New Roman, serif;\"> The Register<\/span><\/span><\/em><span style=\"color: #000000;\"><span style=\"font-family: Times New Roman, serif;\">, le Corps des gardiens de la r\u00e9volution islamique (CGRI) cible d\u00e9sormais officiellement les centres de donn\u00e9es dans le cadre de sa strat\u00e9gie de guerre d\u00e9lib\u00e9r\u00e9e. Il a m\u00eame \u00e9largi sa liste de cibles pour inclure non seulement les centres de donn\u00e9es <\/span><\/span><span style=\"color: #000000;\"><span style=\"font-family: Times New Roman, serif;\">d\u2019<\/span><\/span><span style=\"color: #000000;\"><span style=\"font-family: Times New Roman, serif;\">Amazon de la r\u00e9gion, mais aussi les installations Microsoft.<\/span><\/span><\/p>\n<blockquote class=\"western\">\n<p style=\"padding-left: 120px;\"><span style=\"color: #000000;\"><span style=\"font-family: Times New Roman, serif;\">Dans un <\/span><\/span><span style=\"color: #000080;\"><a href=\"https:\/\/t.me\/farsna\/415292\"><span style=\"color: #000000;\"><span style=\"font-family: Times New Roman, serif;\">message Telegram<\/span><\/span><\/a><\/span><span style=\"color: #000000;\"><span style=\"font-family: Times New Roman, serif;\"> que <\/span><\/span><em><span style=\"color: #000000;\"><span style=\"font-family: Times New Roman, serif;\">The Register <\/span><\/span><\/em><span style=\"color: #000000;\"><span style=\"font-family: Times New Roman, serif;\">a traduit du farsi vers l\u2019anglais \u00e0 l\u2019aide de Google Translate et Bing Translate, l\u2019agence de presse Fars a affirm\u00e9 que l\u2019Iran avait envoy\u00e9 des drones pour attaquer le centre de donn\u00e9es d\u2019Amazon \u00e0 Bahre\u00efn, \u00ab afin d\u2019identifier le r\u00f4le de ces centres dans le soutien des activit\u00e9s militaires et de renseignement de l\u2019ennemi \u00bb.<\/span><\/span><\/p>\n<\/blockquote>\n<blockquote class=\"western\" style=\"padding-left: 40px;\">\n<p style=\"padding-left: 80px;\"><span style=\"font-family: Times New Roman, serif;\">\u00ab Ces attaques s\u2019inscrivent dans le cadre des r\u00e9centes op\u00e9rations du CGRI contre les centres de donn\u00e9es d\u2019Amazon \u00e0 Duba\u00ef et d\u2019autres centres strat\u00e9giques de la r\u00e9gion \u00bb, ajoute le message, avant de conclure\u00a0: \u00ab les op\u00e9rations contre Amazon et Microsoft ont port\u00e9 un coup s\u00e9rieux \u00e0 l\u2019infrastructure technologique et informationnelle de l\u2019ennemi \u00bb.<\/span><\/p>\n<\/blockquote>\n<p class=\"western\" align=\"justify\"><span style=\"color: #000000;\"><span style=\"font-family: Times New Roman, serif;\">Si votre r\u00e9action naturelle \u00e0 cette nouvelle est \u00ab Oh non ! Quelqu\u2019un <\/span><\/span><span style=\"color: #000000;\"><span style=\"font-family: Times New Roman, serif;\">ne <\/span><\/span><span style=\"color: #000000;\"><span style=\"font-family: Times New Roman, serif;\">va-t-il <\/span><\/span><span style=\"color: #000000;\"><span style=\"font-family: Times New Roman, serif;\">pas <\/span><\/span><span style=\"color: #000000;\"><span style=\"font-family: Times New Roman, serif;\">enfin faire quelque chose pour les centres de donn\u00e9es ! \u00bb, alors vous avez de la chance ! Tyler Durden, de ZeroHedge, est apparemment tr\u00e8s enthousiaste \u00e0 l\u2019id\u00e9e que son article de janvier, \u00ab <\/span><\/span><a href=\"https:\/\/www.zerohedge.com\/military\/explosion-ai-data-center-buildouts-will-demand-next-gen-counter-drone-security\"><span style=\"color: #000080;\"><span style=\"color: #000000;\"><span style=\"font-family: Times New Roman, serif;\">L\u2019explosion des constructions de centres de donn\u00e9es <\/span><\/span><\/span><span style=\"color: #000080;\"><span style=\"color: #000000;\"><span style=\"font-family: Times New Roman, serif;\">d\u2019<\/span><\/span><\/span><span style=\"color: #000080;\"><span style=\"color: #000000;\"><span style=\"font-family: Times New Roman, serif;\">IA va n\u00e9cessiter une s\u00e9curit\u00e9 anti-drones de nouvelle g\u00e9n\u00e9ration<\/span><\/span><\/span><\/a><span style=\"color: #000000;\"><span style=\"font-family: Times New Roman, serif;\"> \u00bb, ait \u00e9t\u00e9 confirm\u00e9, et tout aussi enthousiaste \u00e0 l\u2019id\u00e9e que cela sera une aubaine pour le complexe industriel <\/span><\/span><span style=\"color: #000000;\"><span style=\"font-family: Times New Roman, serif;\">de l\u2019<\/span><\/span><span style=\"color: #000000;\"><span style=\"font-family: Times New Roman, serif;\">IA et son industrie auxiliaire de d\u00e9fense <\/span><\/span><span style=\"color: #000000;\"><span style=\"font-family: Times New Roman, serif;\">par l\u2019<\/span><\/span><span style=\"color: #000000;\"><span style=\"font-family: Times New Roman, serif;\">IA.<\/span><\/span><\/p>\n<blockquote class=\"western\">\n<p style=\"padding-left: 80px;\"><strong><span style=\"color: #000000;\"><span style=\"font-family: Times New Roman, serif;\">Le point essentiel \u00e0 retenir <\/span><\/span><\/strong><span style=\"color: #000000;\"><span style=\"font-family: Times New Roman, serif;\">est que les analystes de Wall Street et les d\u00e9veloppeurs de centres de donn\u00e9es viennent de recevoir un s\u00e9rieux avertissement\u00a0: les projets de construction de centres de donn\u00e9es, qui repr\u00e9sentent des milliers de milliards de dollars, n\u00e9cessiteront des syst\u00e8mes de s\u00e9curit\u00e9 de nouvelle g\u00e9n\u00e9ration, notamment des syst\u00e8mes high-tech de d\u00e9tection, de suivi et d\u2019interception cin\u00e9tique des drones. Cela fait suite \u00e0 la guerre en Ukraine et \u00e0 d\u2019autres conflits r\u00e9cents, qui ont d\u00e9clench\u00e9 le d\u00e9veloppement effr\u00e9n\u00e9 de drones bon march\u00e9, \u00e0 double usage et destin\u00e9s au grand public, pouvant \u00eatre produits en masse \u00e0 un co\u00fbt bien inf\u00e9rieur \u00e0 celui des munitions a\u00e9riennes traditionnelles. Nous avons d\u00e9clar\u00e9 il y a quelques semaines que cette prolif\u00e9ration des <\/span><\/span><span style=\"color: #000080;\"><a href=\"https:\/\/www.zerohedge.com\/military\/ai-kill-chains-and-rise-skynet-weapons-offer-glimpse-2030s-battlefield\"><span style=\"color: #000000;\"><span style=\"font-family: Times New Roman, serif;\">drones et des cha\u00eenes de destruction bas\u00e9es sur l\u2019IA avait donn\u00e9 aux lecteurs un aper\u00e7u du champ de bataille des ann\u00e9es\u00a02030<\/span><\/span><\/a><\/span><span style=\"color: #000000;\"><span style=\"font-family: Times New Roman, serif;\">.<\/span><\/span><\/p>\n<\/blockquote>\n<blockquote class=\"western\" style=\"padding-left: 80px;\"><p><span style=\"color: #000000;\"><span style=\"font-family: Times New Roman, serif;\"><b>Notre point de vue est<\/b><\/span><\/span><span style=\"color: #000000;\"><span style=\"font-family: Times New Roman, serif;\"> que Wall Street va d\u00e9sormais se mettre en qu\u00eate de \u00ab licornes<\/span><\/span><span style=\"color: #000080;\"><a href=\"https:\/\/www.zerohedge.com\/military\/rise-war-unicorns-big-defense-primes-face-adapt-or-die-moment\"><span style=\"color: #000000;\"><span style=\"font-family: Times New Roman, serif;\"> de guerre<\/span><\/span><\/a><\/span><span style=\"color: #000000;\"><span style=\"font-family: Times New Roman, serif;\"> \u00bb sp\u00e9cialis\u00e9es dans les syst\u00e8mes de lutte contre les menaces, qu\u2019il s\u2019agisse de d\u00e9tection, de guerre \u00e9lectronique ou de d\u00e9fenses cin\u00e9tiques, car le monde semble de plus en plus instable et la n\u00e9cessit\u00e9 de renforcer les infrastructures critiques des centres de donn\u00e9es contre les menaces pos\u00e9es par les FPV et autres drones devient une question de s\u00e9curit\u00e9 nationale. [Soulign\u00e9 dans l\u2019original.]<\/span><\/span><\/p><\/blockquote>\n<p class=\"western\" align=\"justify\"><span style=\"font-family: Times New Roman, serif;\">Youpi ?<\/span><\/p>\n<p class=\"western\" align=\"justify\"><span style=\"color: #000000;\"><span style=\"font-family: Times New Roman, serif;\">Bien s\u00fbr, vous n\u2019\u00eates pas un lecteur peu inform\u00e9 de ZeroHedge. Vous \u00eates un lecteur intelligent et averti <\/span><\/span><span style=\"color: #000000;\"><span style=\"font-family: Times New Roman, serif;\">d<\/span><\/span><span style=\"color: #000000;\"><span style=\"font-family: Times New Roman, serif;\">u Corbett Report, et vous savez reconna\u00eetre une strat\u00e9gie \u00ab probl\u00e8me-r\u00e9action-solution \u00bb quand vous en voyez une.<\/span><\/span><\/p>\n<p class=\"western\" align=\"justify\"><span style=\"font-family: Times New Roman, serif;\">Vous savez qu\u2019un vaste mouvement populaire se l\u00e8ve contre les g\u00e9ants des centres de donn\u00e9es qui se r\u00e9pandent comme un cancer \u00e0 travers le monde. Vous savez que les gens en ont assez de la hausse des prix de l\u2019\u00e9lectricit\u00e9, de l\u2019\u00e9puisement des ressources en eau et de la d\u00e9gradation de l\u2019environnement. Vous savez qu\u2019ils en ont d\u00e9j\u00e0 assez de Palantir et de ces autres entreprises d\u2019IA qui utilisent leur technologie pour nous espionner tous et diriger leurs op\u00e9rations sanglantes \u00e0 l\u2019\u00e9tranger. Vous reconnaissez que la nouvelle menace iranienne qui p\u00e8se sur les centres de donn\u00e9es offre aux planificateurs militaires l\u2019occasion id\u00e9ale de d\u00e9clarer ces centres de donn\u00e9es essentiels \u00e0 la s\u00e9curit\u00e9 nationale et donc intouchable.<\/span><\/p>\n<p class=\"western\" align=\"justify\"><span style=\"color: #000000;\"><span style=\"font-family: Times New Roman, serif;\">Et, plus important encore, vous soup\u00e7onnez sans doute d\u00e9j\u00e0 que les frappes contre les centres de donn\u00e9es qui font la une de l\u2019actualit\u00e9 r\u00e9v\u00e8lent <\/span><\/span><em><span style=\"color: #000000;\"><span style=\"font-family: Times New Roman, serif;\">en r\u00e9alit\u00e9 <\/span><\/span><\/em><span style=\"color: #000000;\"><span style=\"font-family: Times New Roman, serif;\">que toute cette propagande de guerre iranienne, ukrainienne ou isra\u00e9lienne autour de l\u2019IA n\u2019a rien \u00e0 voir avec un \u00e9chiquier en deux dimensions. Vous savez plut\u00f4t qu\u2019il s\u2019agit <\/span><\/span><em><span style=\"color: #000000;\"><span style=\"font-family: Times New Roman, serif;\">en fait <\/span><\/span><\/em><span style=\"color: #000000;\"><span style=\"font-family: Times New Roman, serif;\">d\u2019une guerre de cinqui\u00e8me g\u00e9n\u00e9ration contre tout le monde.<\/span><\/span><\/p>\n<h3 class=\"western\" align=\"justify\"><strong><span style=\"color: #000000;\"><span style=\"font-family: Times New Roman, serif;\"><b>LA GUERRE (ASSIST\u00c9E PAR L\u2019IA) CONTRE NOUS TOUS<\/b><\/span><\/span><\/strong><\/h3>\n<p style=\"text-align: center;\" align=\"justify\"><img loading=\"lazy\" decoding=\"async\" class=\"\" src=\"https:\/\/substackcdn.com\/image\/fetch\/$s_!q6g_!,w_1456,c_limit,f_auto,q_auto:good,fl_progressive:steep\/https%3A%2F%2Fsubstack-post-media.s3.amazonaws.com%2Fpublic%2Fimages%2F2ec0b254-a559-46b3-b2ce-2ae9ac85cfc3_550x307.jpeg\" width=\"400\" height=\"223\" \/><\/p>\n<p class=\"western\" align=\"justify\"><span style=\"color: #000000;\"><span style=\"font-family: Times New Roman, serif;\">Oui, la Chine d\u00e9ploie son \u00ab <\/span><\/span><span style=\"color: #000080;\"><span style=\"color: #000000;\"><span style=\"font-family: Times New Roman, serif;\">Plan d\u2019action I<\/span><\/span><\/span><span style=\"color: #000080;\"><span style=\"color: #000000;\"><span style=\"font-family: Times New Roman, serif;\">A<\/span><\/span><\/span><span style=\"color: #000080;\"><span style=\"color: #000000;\"><span style=\"font-family: Times New Roman, serif;\">+ <\/span><\/span><\/span><span style=\"color: #000000;\"><span style=\"font-family: Times New Roman, serif;\">\u00bb.<\/span><\/span><\/p>\n<p class=\"western\" align=\"justify\"><span style=\"color: #000000;\"><span style=\"font-family: Times New Roman, serif;\">Oui, l\u2019OTAN est en train de <\/span><\/span><span style=\"color: #000080;\"><a href=\"https:\/\/www.nato.int\/en\/about-us\/official-texts-and-resources\/official-texts\/2024\/07\/10\/summary-of-natos-revised-artificial-intelligence-ai-strategy\"><span style=\"color: #000000;\"><span style=\"font-family: Times New Roman, serif;\">r\u00e9viser sa strat\u00e9gie en mati\u00e8re d\u2019intelligence artificielle<\/span><\/span><\/a><\/span><span style=\"color: #000000;\"><span style=\"font-family: Times New Roman, serif;\"> afin \u00ab d\u2019encourager le d\u00e9veloppement et l\u2019utilisation de l\u2019IA de mani\u00e8re responsable \u00e0 des fins de d\u00e9fense et de s\u00e9curit\u00e9 des Alli\u00e9s \u00bb.<\/span><\/span><\/p>\n<p class=\"western\" align=\"justify\"><span style=\"color: #000000;\"><span style=\"font-family: Times New Roman, serif;\">Oui, l\u2019Ukraine utilise l\u2019IA pour <\/span><\/span><span style=\"color: #000080;\"><a href=\"https:\/\/archive.md\/LUEkj\"><span style=\"color: #000000;\"><span style=\"font-family: Times New Roman, serif;\">automatiser les frappes de drones<\/span><\/span><\/a><\/span><span style=\"color: #000000;\"><span style=\"font-family: Times New Roman, serif;\"> contre la Russie, quadruplant ainsi leur taux de r\u00e9ussite.<\/span><\/span><\/p>\n<p class=\"western\" align=\"justify\"><span style=\"color: #000000;\"><span style=\"font-family: Times New Roman, serif;\">Et oui, les marionnettes de l\u2019\u00c9tat profond am\u00e9ricain, comme <\/span><\/span><span style=\"color: #000080;\"><a href=\"https:\/\/www.zerohedge.com\/military\/erik-prince-ai-kamikaze-drones-future-warefare-praises-elon-musks-doge\"><span style=\"color: #000000;\"><span style=\"font-family: Times New Roman, serif;\">Erik Prince<\/span><\/span><\/a><\/span><span style=\"color: #000000;\"><span style=\"font-family: Times New Roman, serif;\"> et <\/span><\/span><span style=\"color: #000080;\"><a href=\"https:\/\/www.newsbytesapp.com\/news\/business\/ai-to-kill-enemies-scare-them-palantir-ceo\/tldr\"><span style=\"color: #000000;\"><span style=\"font-family: Times New Roman, serif;\">Alex Karp<\/span><\/span><\/a><\/span><span style=\"color: #000000;\"><span style=\"font-family: Times New Roman, serif;\"> s\u2019adonnent \u00e0 <\/span><\/span><span style=\"color: #000080;\"><a href=\"https:\/\/rumble.com\/v75yyzc-palantir-ceo-alex-karp-has-another-epic-freakout.html\"><span style=\"color: #000000;\"><span style=\"font-family: Times New Roman, serif;\">des effusions publiques<\/span><\/span><\/a><\/span><span style=\"color: #000000;\"><span style=\"font-family: Times New Roman, serif;\"> d\u2019enthousiasme \u00e0 propos de l\u2019avenir de la guerre assist\u00e9e par l\u2019IA.<\/span><\/span><\/p>\n<p class=\"western\" align=\"justify\"><span style=\"font-family: Times New Roman, serif;\">Mais cette r\u00e9volution du complexe industriel de l\u2019IA n\u2019a, au fond, rien \u00e0 voir avec le spectacle de lutte professionnelle soigneusement mis en sc\u00e8ne qui se d\u00e9roule sur l\u2019\u00e9chiquier mondial en deux dimensions.<\/span><\/p>\n<p class=\"western\" align=\"justify\"><span style=\"color: #000000;\"><span style=\"font-family: Times New Roman, serif;\">Comme vous le savez d\u00e9sormais, le <\/span><\/span><em><span style=\"color: #000000;\"><span style=\"font-family: Times New Roman, serif;\">v\u00e9ritable <\/span><\/span><\/em><span style=\"color: #000000;\"><span style=\"font-family: Times New Roman, serif;\">combat est la guerre de cinqui\u00e8me g\u00e9n\u00e9ration contre tout le monde. Et dans la 5GW (guerre de cinqui\u00e8me g\u00e9n\u00e9ration), c\u2019est <\/span><\/span><em><span style=\"color: #000000;\"><span style=\"font-family: Times New Roman, serif;\">vous <\/span><\/span><\/em><span style=\"color: #000000;\"><span style=\"font-family: Times New Roman, serif;\">qui \u00eates la cible, <\/span><\/span><span style=\"color: #000000;\"><span style=\"font-family: Times New Roman, serif;\">et non<\/span><\/span><span style=\"color: #000000;\"><span style=\"font-family: Times New Roman, serif;\"> les ayatollahs en Iran, ni les communistes chinois, ni les Russes, ni aucun autre \u00e9pouvantail pr\u00e9sent\u00e9 cette semaine comme l\u2019incarnation du mal dans le monde.<\/span><\/span><\/p>\n<p class=\"western\" align=\"justify\"><span style=\"color: #000000;\"><span style=\"font-family: Times New Roman, serif;\">La vraie question <\/span><\/span><em><span style=\"color: #000000;\"><span style=\"font-family: Times New Roman, serif;\"><i>n\u2019<\/i><\/span><\/span><\/em><span style=\"color: #000000;\"><span style=\"font-family: Times New Roman, serif;\"><i>est donc<\/i><\/span><\/span> <em><span style=\"color: #000000;\"><span style=\"font-family: Times New Roman, serif;\">pas <\/span><\/span><\/em><span style=\"color: #000000;\"><span style=\"font-family: Times New Roman, serif;\">de savoir comment cette technologie d\u2019IA sera utilis\u00e9e comme arme contre \u00ab nos \u00bb \u00ab ennemis \u00bb sur l\u2019\u00e9chiquier mondial (quels qu\u2019ils soient), mais comment cette technologie sera utilis\u00e9e comme arme contre <\/span><\/span><em><span style=\"color: #000000;\"><span style=\"font-family: Times New Roman, serif;\">nous<\/span><\/span><\/em><span style=\"color: #000000;\"><span style=\"font-family: Times New Roman, serif;\">. Apr\u00e8s tout, qui peut voir les essaims de drones, les robots humano\u00efdes et les robots de combat autonomes sur les champs de bataille <\/span><\/span><em><span style=\"color: #000000;\"><span style=\"font-family: Times New Roman, serif;\">sans <\/span><\/span><\/em><span style=\"color: #000000;\"><span style=\"font-family: Times New Roman, serif;\">imaginer que cette technologie sera utilis\u00e9e par les gouvernements du monde entier principalement contre <\/span><\/span><em><span style=\"color: #000000;\"><span style=\"font-family: Times New Roman, serif;\">leurs propres populations <\/span><\/span><\/em><span style=\"color: #000000;\"><span style=\"font-family: Times New Roman, serif;\">?<\/span><\/span><\/p>\n<p class=\"western\" align=\"justify\"><span style=\"font-family: Times New Roman, serif;\">Bien s\u00fbr, il y a des sceptiques de l\u2019IA dans la foule. Ceux qui croient que l\u2019apprentissage automatique, les grands mod\u00e8les linguistiques, l\u2019IA g\u00e9n\u00e9rative, les syst\u00e8mes d\u2019armes autonomes et toutes les autres technologies novatrices qui ont commenc\u00e9 \u00e0 transformer compl\u00e8tement notre monde au cours des derni\u00e8res ann\u00e9es ne sont que des tours de salon. Que \u00ab l\u2019intelligence artificielle \u00bb est un oxymore, qu\u2019il n\u2019y a rien de nouveau \u00e0 ce sujet et que les syst\u00e8mes \u00ab d\u2019IA \u00bb ne font que ce que quelqu\u2019un les a programm\u00e9s \u00e0 faire.<\/span><\/p>\n<p class=\"western\" align=\"justify\"><span style=\"color: #000000;\"><span style=\"font-family: Times New Roman, serif;\">Ces sceptiques ont tort, tant <\/span><\/span><span style=\"color: #000080;\"><a href=\"https:\/\/www.youtube.com\/watch?v=UZDiGooFs54\"><span style=\"color: #000000;\"><span style=\"font-family: Times New Roman, serif;\">sur le plan technique<\/span><\/span><\/a><\/span><span style=\"color: #000000;\"><span style=\"font-family: Times New Roman, serif;\">, <\/span><\/span><span style=\"color: #000080;\"><a href=\"https:\/\/shumer.dev\/something-big-is-happening\"><span style=\"color: #000000;\"><span style=\"font-family: Times New Roman, serif;\">social<\/span><\/span><\/a><\/span><span style=\"color: #000000;\"><span style=\"font-family: Times New Roman, serif;\">, <\/span><\/span><span style=\"color: #000080;\"><a href=\"https:\/\/www.businessinsider.com\/list-companies-replacing-human-employees-with-ai-layoffs-workforce-reductions?op=1\"><span style=\"color: #000000;\"><span style=\"font-family: Times New Roman, serif;\">\u00e9conomique<\/span><\/span><\/a><\/span><span style=\"color: #000000;\"><span style=\"font-family: Times New Roman, serif;\">, <\/span><\/span><span style=\"color: #000080;\"><a href=\"https:\/\/gaberocks.substack.com\/p\/chatbot-psychosis\"><span style=\"color: #000000;\"><span style=\"font-family: Times New Roman, serif;\">psychologique<\/span><\/span><\/a><\/span><span style=\"color: #000000;\"><span style=\"font-family: Times New Roman, serif;\"> que philosophique, et cela sera bient\u00f4t prouv\u00e9.<\/span><\/span><\/p>\n<p class=\"western\" align=\"justify\"><span style=\"font-family: Times New Roman, serif;\">M\u00eame si ces n\u00e9gateurs de l\u2019IA avaient raison, il existe toutefois plusieurs points sur lesquels tout le monde peut s\u2019accorder concernant cette \u00e8re naissante de la \u00ab guerre de l\u2019IA \u00bb.<\/span><\/p>\n<p class=\"western\" align=\"justify\"><span style=\"color: #000000;\"><span style=\"font-family: Times New Roman, serif;\">Tout d\u2019abord, il est important de noter que, ind\u00e9pendamment du fait que les armes autonomes <\/span><\/span><em><span style=\"color: #000000;\"><span style=\"font-family: Times New Roman, serif;\">soient<\/span><\/span><\/em><span style=\"color: #000000;\"><span style=\"font-family: Times New Roman, serif;\"> r\u00e9ellement autonomes au sens existentiel du terme, comme <\/span><\/span><span style=\"color: #000000;\"><span style=\"font-family: Times New Roman, serif;\">dans l<\/span><\/span><span style=\"color: #000000;\"><span style=\"font-family: Times New Roman, serif;\">e d\u00e9bat byzantin <\/span><\/span><span style=\"color: #000000;\"><span style=\"font-family: Times New Roman, serif;\">du genre, combien <\/span><\/span><span style=\"color: #000000;\"><span style=\"font-family: Times New Roman, serif;\">d\u2019anges <\/span><\/span><span style=\"color: #000000;\"><span style=\"font-family: Times New Roman, serif;\">peuvent <\/span><\/span><span style=\"color: #000000;\"><span style=\"font-family: Times New Roman, serif;\">dans<\/span><\/span><span style=\"color: #000000;\"><span style=\"font-family: Times New Roman, serif;\">er<\/span><\/span><span style=\"color: #000000;\"><span style=\"font-family: Times New Roman, serif;\"> sur la t\u00eate d\u2019une \u00e9pingle, <\/span><\/span><em><span style=\"color: #000000;\"><span style=\"font-family: Times New Roman, serif;\">l\u2019id\u00e9e <\/span><\/span><\/em><span style=\"color: #000000;\"><span style=\"font-family: Times New Roman, serif;\">qu\u2019elles sont autonomes sera sans aucun doute utilis\u00e9e \u00e0 l\u2019avenir pour absoudre de toute culpabilit\u00e9 les massacres sur les champs de bataille. \u00ab Non, <\/span><\/span><em><span style=\"color: #000000;\"><span style=\"font-family: Times New Roman, serif;\">ce ne<\/span><\/span><\/em><span style=\"color: #000000;\"><span style=\"font-family: Times New Roman, serif;\"> sont <\/span><\/span><em><span style=\"color: #000000;\"><span style=\"font-family: Times New Roman, serif;\">pas<\/span><\/span><\/em><span style=\"color: #000000;\"><span style=\"font-family: Times New Roman, serif;\"> les \u00c9tats-Unis qui ont tu\u00e9 ces soldats qui se rendaient ! C\u2019est un robot d\u00e9fectueux ! \u00bb Ou encore\u00a0: \u00ab Non, Isra\u00ebl <\/span><\/span><em><span style=\"color: #000000;\"><span style=\"font-family: Times New Roman, serif;\">n\u2019<\/span><\/span><\/em><span style=\"color: #000000;\"><span style=\"font-family: Times New Roman, serif;\">a <\/span><\/span><em><span style=\"color: #000000;\"><span style=\"font-family: Times New Roman, serif;\">pas <\/span><\/span><\/em><span style=\"color: #000000;\"><span style=\"font-family: Times New Roman, serif;\">massacr\u00e9 cette famille palestinienne de sang-froid ! C\u2019\u00e9tait un robot de Boston Dynamics dont les fils \u00e9taient crois\u00e9s ! \u00bb<\/span><\/span><\/p>\n<p class=\"western\" align=\"justify\"><span style=\"font-family: Times New Roman, serif;\">Et deuxi\u00e8mement, personne ne nie que ces outils d\u2019IA g\u00e9n\u00e9rative sont d\u00e9sormais utilis\u00e9s pour diffuser \u00e0 grande \u00e9chelle des informations erron\u00e9es en temps r\u00e9el, r\u00e9alistes et personnalis\u00e9es. Tous les utilisateurs de Twitter ou de toute autre grande plateforme de m\u00e9dias sociaux peuvent aujourd\u2019hui en t\u00e9moigner\u2026 du moins je le suppose. Je ne suis moi-m\u00eame pas pr\u00e9sent sur ces plateformes.<\/span><\/p>\n<p class=\"western\" align=\"justify\"><span style=\"color: #000000;\"><span style=\"font-family: Times New Roman, serif;\">Mais les images g\u00e9n\u00e9r\u00e9es par l\u2019IA ne trompent pas seulement votre grand-p\u00e8re sur Facebook. Elles trompent aussi des m\u00e9dias comme <\/span><\/span><em><span style=\"color: #000000;\"><span style=\"font-family: Times New Roman, serif;\">The Tehran Times<\/span><\/span><\/em><span style=\"color: #000000;\"><span style=\"font-family: Times New Roman, serif;\">, qui vient de publier une photo satellite avant\/apr\u00e8s d\u2019un site bombard\u00e9, suppos\u00e9ment une installation radar am\u00e9ricaine au Qatar d\u00e9truite par des missiles iraniens.<\/span><\/span><\/p>\n<p style=\"text-align: center;\" align=\"justify\"><img loading=\"lazy\" decoding=\"async\" class=\"\" src=\"https:\/\/substackcdn.com\/image\/fetch\/$s_!jyb4!,w_1456,c_limit,f_auto,q_auto:good,fl_progressive:steep\/https%3A%2F%2Fsubstack-post-media.s3.amazonaws.com%2Fpublic%2Fimages%2Fdf51b0af-a7af-41fb-8de0-5eaa77d34865_436x465.jpeg\" width=\"342\" height=\"365\" \/><\/p>\n<p class=\"western\" align=\"justify\"><span style=\"color: #000000;\"><span style=\"font-family: Times New Roman, serif;\">Le seul probl\u00e8me, c\u2019est que cette image est litt\u00e9ralement une fausse nouvelle, <\/span><\/span><span style=\"color: #000080;\"><a href=\"https:\/\/archive.is\/eNbPO\"><span style=\"color: #000000;\"><span style=\"font-family: Times New Roman, serif;\">un deepfake g\u00e9n\u00e9r\u00e9 par l\u2019IA<\/span><\/span><\/a><\/span><span style=\"color: #000000;\"><span style=\"font-family: Times New Roman, serif;\"> qui ne correspond pas \u00e0 la r\u00e9alit\u00e9. Il en va de m\u00eame pour une photo spectaculaire (mais modifi\u00e9e par l\u2019IA) d\u2019une frappe iranienne sur une base am\u00e9ricaine en Irak\u00a0:<\/span><\/span><\/p>\n<p style=\"text-align: center;\" align=\"justify\"><img loading=\"lazy\" decoding=\"async\" class=\"\" src=\"https:\/\/substackcdn.com\/image\/fetch\/$s_!Zt7N!,w_1456,c_limit,f_auto,q_auto:good,fl_progressive:steep\/https%3A%2F%2Fsubstack-post-media.s3.amazonaws.com%2Fpublic%2Fimages%2F49317079-a6f1-408b-a803-ffea84a08214_500x300.jpeg\" width=\"397\" height=\"238\" \/><\/p>\n<p class=\"western\" align=\"justify\"><span style=\"color: #000000;\"><span style=\"font-family: Times New Roman, serif;\">Et <\/span><\/span><span style=\"color: #000080;\"><a href=\"https:\/\/archive.is\/vTBLj\"><span style=\"color: #000000;\"><span style=\"font-family: Times New Roman, serif;\">l\u2019image<\/span><\/span><\/a><\/span><span style=\"color: #000000;\"><span style=\"font-family: Times New Roman, serif;\"> tout aussi spectaculaire (mais tout aussi falsifi\u00e9e par l\u2019IA) du moment o\u00f9 le corps de l\u2019ayatollah Khamenei a \u00e9t\u00e9 retrouv\u00e9 dans les d\u00e9combres d\u2019un b\u00e2timent bombard\u00e9.<\/span><\/span><\/p>\n<p align=\"justify\"><img loading=\"lazy\" decoding=\"async\" class=\"aligncenter\" src=\"https:\/\/substackcdn.com\/image\/fetch\/$s_!BCae!,w_1456,c_limit,f_auto,q_auto:good,fl_progressive:steep\/https%3A%2F%2Fsubstack-post-media.s3.amazonaws.com%2Fpublic%2Fimages%2Fd9f6eef9-794d-475d-a16f-9d4ea4499b24_500x294.jpeg\" width=\"401\" height=\"236\" \/><\/p>\n<p class=\"western\" align=\"justify\"><span style=\"font-family: Times New Roman, serif;\">Si, comme le dit le vieil adage, la premi\u00e8re victime de la guerre est la v\u00e9rit\u00e9, alors il semble que l\u2019IA ait lanc\u00e9 la premi\u00e8re salve de ce dernier conflit.<\/span><\/p>\n<p class=\"western\" align=\"justify\"><span style=\"font-family: Times New Roman, serif;\">En effet, je crains que nous ne soyons en train de franchir le seuil de l\u2019\u00e8re de la guerre de l\u2019IA, tout comme nous avons franchi le seuil de l\u2019\u00e8re de la guerre des drones ces derni\u00e8res ann\u00e9es. De plus, que vous croyiez ou non \u00e0 la r\u00e9alit\u00e9 de l\u2019intelligence artificielle n\u2019aura que peu d\u2019importance si vous vous retrouvez face au canon d\u2019une arme brandie par un robot suppos\u00e9 autonome.<\/span><\/p>\n<p class=\"western\" align=\"justify\"><span style=\"font-family: Times New Roman, serif;\">Bienvenue au XXI<sup>e<\/sup>\u00a0si\u00e8cle, tout le monde ! Appr\u00e9ciez-vous d\u00e9j\u00e0 cet aper\u00e7u de la Troisi\u00e8me Guerre mondiale ?<\/span><\/p>\n<p class=\"western\" align=\"justify\"><span style=\"color: #000000;\"><span style=\"font-family: Times New Roman, serif;\">Texte original publi\u00e9 le <\/span><\/span><span style=\"color: #000000;\"><span style=\"font-family: Times New Roman, serif;\">8\u00a0mars 2026<\/span><\/span><em><span style=\"color: #000000;\"><span style=\"font-family: Times New Roman, serif;\">\u00a0: <\/span><\/span><\/em><span style=\"color: #000080;\"><u><a href=\"https:\/\/corbettreport.substack.com\/p\/the-ai-wars-you-are-not-prepared\" target=\"_blank\" rel=\"noopener\"><span style=\"color: #000000;\"><span style=\"font-family: Times New Roman, serif;\">https:\/\/corbettreport.substack.com\/p\/the-ai-wars-you-are-not-prepared<\/span><\/span><\/a><\/u><\/span><\/p>\n","protected":false},"excerpt":{"rendered":"<p>La vraie question n\u2019est donc pas de savoir comment cette technologie d\u2019IA sera utilis\u00e9e comme arme contre \u00ab nos \u00bb \u00ab ennemis \u00bb sur l\u2019\u00e9chiquier mondial (quels qu\u2019ils soient), mais comment cette technologie sera utilis\u00e9e comme arme contre nous. Apr\u00e8s tout, qui peut voir les essaims de drones, les robots humano\u00efdes et les robots de combat autonomes sur les champs de bataille sans imaginer que cette technologie sera utilis\u00e9e par les gouvernements du monde entier principalement contre leurs propres populations ?<\/p>\n","protected":false},"author":2,"featured_media":20320,"comment_status":"closed","ping_status":"closed","sticky":false,"template":"","format":"standard","meta":{"footnotes":""},"categories":[1540,1720],"tags":[2356,2355,174,2100,1518],"class_list":["post-21170","post","type-post","status-publish","format-standard","has-post-thumbnail","hentry","category-actualite","category-corbett-james","tag-armes","tag-deepfake","tag-guerre","tag-infoguerre","tag-intelligence-artificielle"],"yoast_head":"<!-- This site is optimized with the Yoast SEO plugin v27.0 - https:\/\/yoast.com\/product\/yoast-seo-wordpress\/ -->\n<title>Les guerres de l\u2019IA\u00a0: vous n\u2019\u00eates pas pr\u00e9par\u00e9s par James Corbett - 3e mill\u00e9naire - Spiritualit\u00e9 - Connaissance de soi - Non-dualit\u00e9 - M\u00e9ditation<\/title>\n<meta name=\"robots\" content=\"index, follow, max-snippet:-1, max-image-preview:large, max-video-preview:-1\" \/>\n<link rel=\"canonical\" href=\"https:\/\/www.revue3emillenaire.com\/blog\/les-guerres-de-lia-vous-netes-pas-prepares-par-james-corbett\/\" \/>\n<meta property=\"og:locale\" content=\"fr_FR\" \/>\n<meta property=\"og:type\" content=\"article\" \/>\n<meta property=\"og:title\" content=\"Les guerres de l\u2019IA\u00a0: vous n\u2019\u00eates pas pr\u00e9par\u00e9s par James Corbett - 3e mill\u00e9naire - Spiritualit\u00e9 - Connaissance de soi - Non-dualit\u00e9 - M\u00e9ditation\" \/>\n<meta property=\"og:description\" content=\"La vraie question n\u2019est donc pas de savoir comment cette technologie d\u2019IA sera utilis\u00e9e comme arme contre \u00ab nos \u00bb \u00ab ennemis \u00bb sur l\u2019\u00e9chiquier mondial (quels qu\u2019ils soient), mais comment cette technologie sera utilis\u00e9e comme arme contre nous. Apr\u00e8s tout, qui peut voir les essaims de drones, les robots humano\u00efdes et les robots de combat autonomes sur les champs de bataille sans imaginer que cette technologie sera utilis\u00e9e par les gouvernements du monde entier principalement contre leurs propres populations ?\" \/>\n<meta property=\"og:url\" content=\"https:\/\/www.revue3emillenaire.com\/blog\/les-guerres-de-lia-vous-netes-pas-prepares-par-james-corbett\/\" \/>\n<meta property=\"og:site_name\" content=\"3e mill\u00e9naire - Spiritualit\u00e9 - Connaissance de soi - Non-dualit\u00e9 - M\u00e9ditation\" \/>\n<meta property=\"article:published_time\" content=\"2026-03-09T03:35:58+00:00\" \/>\n<meta property=\"og:image\" content=\"https:\/\/www.revue3emillenaire.com\/blog\/wp-content\/uploads\/2024\/11\/James-Corbett.jpg\" \/>\n\t<meta property=\"og:image:width\" content=\"286\" \/>\n\t<meta property=\"og:image:height\" content=\"362\" \/>\n\t<meta property=\"og:image:type\" content=\"image\/jpeg\" \/>\n<meta name=\"author\" content=\"3e mill\u00e9naire\" \/>\n<meta name=\"twitter:card\" content=\"summary_large_image\" \/>\n<meta name=\"twitter:label1\" content=\"\u00c9crit par\" \/>\n\t<meta name=\"twitter:data1\" content=\"3e mill\u00e9naire\" \/>\n\t<meta name=\"twitter:label2\" content=\"Dur\u00e9e de lecture estim\u00e9e\" \/>\n\t<meta name=\"twitter:data2\" content=\"15 minutes\" \/>\n<script type=\"application\/ld+json\" class=\"yoast-schema-graph\">{\"@context\":\"https:\/\/schema.org\",\"@graph\":[{\"@type\":\"Article\",\"@id\":\"https:\/\/www.revue3emillenaire.com\/blog\/les-guerres-de-lia-vous-netes-pas-prepares-par-james-corbett\/#article\",\"isPartOf\":{\"@id\":\"https:\/\/www.revue3emillenaire.com\/blog\/les-guerres-de-lia-vous-netes-pas-prepares-par-james-corbett\/\"},\"author\":{\"name\":\"3e mill\u00e9naire\",\"@id\":\"https:\/\/www.revue3emillenaire.com\/blog\/#\/schema\/person\/b692dacff720a5344a6190bc714397eb\"},\"headline\":\"Les guerres de l\u2019IA\u00a0: vous n\u2019\u00eates pas pr\u00e9par\u00e9s par James Corbett\",\"datePublished\":\"2026-03-09T03:35:58+00:00\",\"mainEntityOfPage\":{\"@id\":\"https:\/\/www.revue3emillenaire.com\/blog\/les-guerres-de-lia-vous-netes-pas-prepares-par-james-corbett\/\"},\"wordCount\":3613,\"image\":{\"@id\":\"https:\/\/www.revue3emillenaire.com\/blog\/les-guerres-de-lia-vous-netes-pas-prepares-par-james-corbett\/#primaryimage\"},\"thumbnailUrl\":\"https:\/\/www.revue3emillenaire.com\/blog\/wp-content\/uploads\/2024\/11\/James-Corbett.jpg\",\"keywords\":[\"Armes\",\"Deepfake\",\"guerre\",\"Infoguerre\",\"Intelligence artificielle\"],\"articleSection\":[\"Actualit\u00e9s\",\"Corbett James\"],\"inLanguage\":\"fr-FR\"},{\"@type\":\"WebPage\",\"@id\":\"https:\/\/www.revue3emillenaire.com\/blog\/les-guerres-de-lia-vous-netes-pas-prepares-par-james-corbett\/\",\"url\":\"https:\/\/www.revue3emillenaire.com\/blog\/les-guerres-de-lia-vous-netes-pas-prepares-par-james-corbett\/\",\"name\":\"Les guerres de l\u2019IA\u00a0: vous n\u2019\u00eates pas pr\u00e9par\u00e9s par James Corbett - 3e mill\u00e9naire - Spiritualit\u00e9 - Connaissance de soi - Non-dualit\u00e9 - M\u00e9ditation\",\"isPartOf\":{\"@id\":\"https:\/\/www.revue3emillenaire.com\/blog\/#website\"},\"primaryImageOfPage\":{\"@id\":\"https:\/\/www.revue3emillenaire.com\/blog\/les-guerres-de-lia-vous-netes-pas-prepares-par-james-corbett\/#primaryimage\"},\"image\":{\"@id\":\"https:\/\/www.revue3emillenaire.com\/blog\/les-guerres-de-lia-vous-netes-pas-prepares-par-james-corbett\/#primaryimage\"},\"thumbnailUrl\":\"https:\/\/www.revue3emillenaire.com\/blog\/wp-content\/uploads\/2024\/11\/James-Corbett.jpg\",\"datePublished\":\"2026-03-09T03:35:58+00:00\",\"author\":{\"@id\":\"https:\/\/www.revue3emillenaire.com\/blog\/#\/schema\/person\/b692dacff720a5344a6190bc714397eb\"},\"breadcrumb\":{\"@id\":\"https:\/\/www.revue3emillenaire.com\/blog\/les-guerres-de-lia-vous-netes-pas-prepares-par-james-corbett\/#breadcrumb\"},\"inLanguage\":\"fr-FR\",\"potentialAction\":[{\"@type\":\"ReadAction\",\"target\":[\"https:\/\/www.revue3emillenaire.com\/blog\/les-guerres-de-lia-vous-netes-pas-prepares-par-james-corbett\/\"]}]},{\"@type\":\"ImageObject\",\"inLanguage\":\"fr-FR\",\"@id\":\"https:\/\/www.revue3emillenaire.com\/blog\/les-guerres-de-lia-vous-netes-pas-prepares-par-james-corbett\/#primaryimage\",\"url\":\"https:\/\/www.revue3emillenaire.com\/blog\/wp-content\/uploads\/2024\/11\/James-Corbett.jpg\",\"contentUrl\":\"https:\/\/www.revue3emillenaire.com\/blog\/wp-content\/uploads\/2024\/11\/James-Corbett.jpg\",\"width\":286,\"height\":362},{\"@type\":\"BreadcrumbList\",\"@id\":\"https:\/\/www.revue3emillenaire.com\/blog\/les-guerres-de-lia-vous-netes-pas-prepares-par-james-corbett\/#breadcrumb\",\"itemListElement\":[{\"@type\":\"ListItem\",\"position\":1,\"name\":\"Accueil\",\"item\":\"https:\/\/www.revue3emillenaire.com\/blog\/\"},{\"@type\":\"ListItem\",\"position\":2,\"name\":\"Les guerres de l\u2019IA\u00a0: vous n\u2019\u00eates pas pr\u00e9par\u00e9s par James Corbett\"}]},{\"@type\":\"WebSite\",\"@id\":\"https:\/\/www.revue3emillenaire.com\/blog\/#website\",\"url\":\"https:\/\/www.revue3emillenaire.com\/blog\/\",\"name\":\"3e mill\u00e9naire - Spiritualit\u00e9 - Connaissance de soi - Non-dualit\u00e9 - M\u00e9ditation\",\"description\":\"L&#039;Homme en devenir\",\"potentialAction\":[{\"@type\":\"SearchAction\",\"target\":{\"@type\":\"EntryPoint\",\"urlTemplate\":\"https:\/\/www.revue3emillenaire.com\/blog\/?s={search_term_string}\"},\"query-input\":{\"@type\":\"PropertyValueSpecification\",\"valueRequired\":true,\"valueName\":\"search_term_string\"}}],\"inLanguage\":\"fr-FR\"},{\"@type\":\"Person\",\"@id\":\"https:\/\/www.revue3emillenaire.com\/blog\/#\/schema\/person\/b692dacff720a5344a6190bc714397eb\",\"name\":\"3e mill\u00e9naire\",\"url\":\"https:\/\/www.revue3emillenaire.com\/blog\/author\/scoussa\/\"}]}<\/script>\n<!-- \/ Yoast SEO plugin. -->","yoast_head_json":{"title":"Les guerres de l\u2019IA\u00a0: vous n\u2019\u00eates pas pr\u00e9par\u00e9s par James Corbett - 3e mill\u00e9naire - Spiritualit\u00e9 - Connaissance de soi - Non-dualit\u00e9 - M\u00e9ditation","robots":{"index":"index","follow":"follow","max-snippet":"max-snippet:-1","max-image-preview":"max-image-preview:large","max-video-preview":"max-video-preview:-1"},"canonical":"https:\/\/www.revue3emillenaire.com\/blog\/les-guerres-de-lia-vous-netes-pas-prepares-par-james-corbett\/","og_locale":"fr_FR","og_type":"article","og_title":"Les guerres de l\u2019IA\u00a0: vous n\u2019\u00eates pas pr\u00e9par\u00e9s par James Corbett - 3e mill\u00e9naire - Spiritualit\u00e9 - Connaissance de soi - Non-dualit\u00e9 - M\u00e9ditation","og_description":"La vraie question n\u2019est donc pas de savoir comment cette technologie d\u2019IA sera utilis\u00e9e comme arme contre \u00ab nos \u00bb \u00ab ennemis \u00bb sur l\u2019\u00e9chiquier mondial (quels qu\u2019ils soient), mais comment cette technologie sera utilis\u00e9e comme arme contre nous. Apr\u00e8s tout, qui peut voir les essaims de drones, les robots humano\u00efdes et les robots de combat autonomes sur les champs de bataille sans imaginer que cette technologie sera utilis\u00e9e par les gouvernements du monde entier principalement contre leurs propres populations ?","og_url":"https:\/\/www.revue3emillenaire.com\/blog\/les-guerres-de-lia-vous-netes-pas-prepares-par-james-corbett\/","og_site_name":"3e mill\u00e9naire - Spiritualit\u00e9 - Connaissance de soi - Non-dualit\u00e9 - M\u00e9ditation","article_published_time":"2026-03-09T03:35:58+00:00","og_image":[{"width":286,"height":362,"url":"https:\/\/www.revue3emillenaire.com\/blog\/wp-content\/uploads\/2024\/11\/James-Corbett.jpg","type":"image\/jpeg"}],"author":"3e mill\u00e9naire","twitter_card":"summary_large_image","twitter_misc":{"\u00c9crit par":"3e mill\u00e9naire","Dur\u00e9e de lecture estim\u00e9e":"15 minutes"},"schema":{"@context":"https:\/\/schema.org","@graph":[{"@type":"Article","@id":"https:\/\/www.revue3emillenaire.com\/blog\/les-guerres-de-lia-vous-netes-pas-prepares-par-james-corbett\/#article","isPartOf":{"@id":"https:\/\/www.revue3emillenaire.com\/blog\/les-guerres-de-lia-vous-netes-pas-prepares-par-james-corbett\/"},"author":{"name":"3e mill\u00e9naire","@id":"https:\/\/www.revue3emillenaire.com\/blog\/#\/schema\/person\/b692dacff720a5344a6190bc714397eb"},"headline":"Les guerres de l\u2019IA\u00a0: vous n\u2019\u00eates pas pr\u00e9par\u00e9s par James Corbett","datePublished":"2026-03-09T03:35:58+00:00","mainEntityOfPage":{"@id":"https:\/\/www.revue3emillenaire.com\/blog\/les-guerres-de-lia-vous-netes-pas-prepares-par-james-corbett\/"},"wordCount":3613,"image":{"@id":"https:\/\/www.revue3emillenaire.com\/blog\/les-guerres-de-lia-vous-netes-pas-prepares-par-james-corbett\/#primaryimage"},"thumbnailUrl":"https:\/\/www.revue3emillenaire.com\/blog\/wp-content\/uploads\/2024\/11\/James-Corbett.jpg","keywords":["Armes","Deepfake","guerre","Infoguerre","Intelligence artificielle"],"articleSection":["Actualit\u00e9s","Corbett James"],"inLanguage":"fr-FR"},{"@type":"WebPage","@id":"https:\/\/www.revue3emillenaire.com\/blog\/les-guerres-de-lia-vous-netes-pas-prepares-par-james-corbett\/","url":"https:\/\/www.revue3emillenaire.com\/blog\/les-guerres-de-lia-vous-netes-pas-prepares-par-james-corbett\/","name":"Les guerres de l\u2019IA\u00a0: vous n\u2019\u00eates pas pr\u00e9par\u00e9s par James Corbett - 3e mill\u00e9naire - Spiritualit\u00e9 - Connaissance de soi - Non-dualit\u00e9 - M\u00e9ditation","isPartOf":{"@id":"https:\/\/www.revue3emillenaire.com\/blog\/#website"},"primaryImageOfPage":{"@id":"https:\/\/www.revue3emillenaire.com\/blog\/les-guerres-de-lia-vous-netes-pas-prepares-par-james-corbett\/#primaryimage"},"image":{"@id":"https:\/\/www.revue3emillenaire.com\/blog\/les-guerres-de-lia-vous-netes-pas-prepares-par-james-corbett\/#primaryimage"},"thumbnailUrl":"https:\/\/www.revue3emillenaire.com\/blog\/wp-content\/uploads\/2024\/11\/James-Corbett.jpg","datePublished":"2026-03-09T03:35:58+00:00","author":{"@id":"https:\/\/www.revue3emillenaire.com\/blog\/#\/schema\/person\/b692dacff720a5344a6190bc714397eb"},"breadcrumb":{"@id":"https:\/\/www.revue3emillenaire.com\/blog\/les-guerres-de-lia-vous-netes-pas-prepares-par-james-corbett\/#breadcrumb"},"inLanguage":"fr-FR","potentialAction":[{"@type":"ReadAction","target":["https:\/\/www.revue3emillenaire.com\/blog\/les-guerres-de-lia-vous-netes-pas-prepares-par-james-corbett\/"]}]},{"@type":"ImageObject","inLanguage":"fr-FR","@id":"https:\/\/www.revue3emillenaire.com\/blog\/les-guerres-de-lia-vous-netes-pas-prepares-par-james-corbett\/#primaryimage","url":"https:\/\/www.revue3emillenaire.com\/blog\/wp-content\/uploads\/2024\/11\/James-Corbett.jpg","contentUrl":"https:\/\/www.revue3emillenaire.com\/blog\/wp-content\/uploads\/2024\/11\/James-Corbett.jpg","width":286,"height":362},{"@type":"BreadcrumbList","@id":"https:\/\/www.revue3emillenaire.com\/blog\/les-guerres-de-lia-vous-netes-pas-prepares-par-james-corbett\/#breadcrumb","itemListElement":[{"@type":"ListItem","position":1,"name":"Accueil","item":"https:\/\/www.revue3emillenaire.com\/blog\/"},{"@type":"ListItem","position":2,"name":"Les guerres de l\u2019IA\u00a0: vous n\u2019\u00eates pas pr\u00e9par\u00e9s par James Corbett"}]},{"@type":"WebSite","@id":"https:\/\/www.revue3emillenaire.com\/blog\/#website","url":"https:\/\/www.revue3emillenaire.com\/blog\/","name":"3e mill\u00e9naire - Spiritualit\u00e9 - Connaissance de soi - Non-dualit\u00e9 - M\u00e9ditation","description":"L&#039;Homme en devenir","potentialAction":[{"@type":"SearchAction","target":{"@type":"EntryPoint","urlTemplate":"https:\/\/www.revue3emillenaire.com\/blog\/?s={search_term_string}"},"query-input":{"@type":"PropertyValueSpecification","valueRequired":true,"valueName":"search_term_string"}}],"inLanguage":"fr-FR"},{"@type":"Person","@id":"https:\/\/www.revue3emillenaire.com\/blog\/#\/schema\/person\/b692dacff720a5344a6190bc714397eb","name":"3e mill\u00e9naire","url":"https:\/\/www.revue3emillenaire.com\/blog\/author\/scoussa\/"}]}},"_links":{"self":[{"href":"https:\/\/www.revue3emillenaire.com\/blog\/wp-json\/wp\/v2\/posts\/21170","targetHints":{"allow":["GET"]}}],"collection":[{"href":"https:\/\/www.revue3emillenaire.com\/blog\/wp-json\/wp\/v2\/posts"}],"about":[{"href":"https:\/\/www.revue3emillenaire.com\/blog\/wp-json\/wp\/v2\/types\/post"}],"author":[{"embeddable":true,"href":"https:\/\/www.revue3emillenaire.com\/blog\/wp-json\/wp\/v2\/users\/2"}],"replies":[{"embeddable":true,"href":"https:\/\/www.revue3emillenaire.com\/blog\/wp-json\/wp\/v2\/comments?post=21170"}],"version-history":[{"count":0,"href":"https:\/\/www.revue3emillenaire.com\/blog\/wp-json\/wp\/v2\/posts\/21170\/revisions"}],"wp:featuredmedia":[{"embeddable":true,"href":"https:\/\/www.revue3emillenaire.com\/blog\/wp-json\/wp\/v2\/media\/20320"}],"wp:attachment":[{"href":"https:\/\/www.revue3emillenaire.com\/blog\/wp-json\/wp\/v2\/media?parent=21170"}],"wp:term":[{"taxonomy":"category","embeddable":true,"href":"https:\/\/www.revue3emillenaire.com\/blog\/wp-json\/wp\/v2\/categories?post=21170"},{"taxonomy":"post_tag","embeddable":true,"href":"https:\/\/www.revue3emillenaire.com\/blog\/wp-json\/wp\/v2\/tags?post=21170"}],"curies":[{"name":"wp","href":"https:\/\/api.w.org\/{rel}","templated":true}]}}