{"id":21171,"date":"2026-03-09T17:22:55","date_gmt":"2026-03-09T16:22:55","guid":{"rendered":"https:\/\/www.revue3emillenaire.com\/blog\/?p=21171"},"modified":"2026-03-09T17:22:55","modified_gmt":"2026-03-09T16:22:55","slug":"quand-le-futur-nous-murmure-par-laleh-quinn","status":"publish","type":"post","link":"https:\/\/www.revue3emillenaire.com\/blog\/quand-le-futur-nous-murmure-par-laleh-quinn\/","title":{"rendered":"Quand le futur nous murmure par Laleh Quinn"},"content":{"rendered":"<h3 class=\"western\" align=\"justify\"><span style=\"color: #000000;\"><span style=\"font-family: Times New Roman, serif;\"><span style=\"font-size: medium;\"><i><b>L\u2019illusion d\u2019Einstein et les r\u00eaves pr\u00e9cognitifs<\/b><\/i><\/span><\/span><\/span><\/h3>\n<p align=\"right\"><span style=\"color: #000000;\"><span style=\"font-size: medium;\">\u00ab <\/span><\/span><span style=\"color: #000000;\"><span style=\"font-family: Times New Roman, serif;\"><span style=\"font-size: medium;\">Time keeps on slipping, slipping, slipping, into the future <\/span><\/span><\/span><span style=\"color: #000000;\"><span style=\"font-family: Times New Roman, serif;\"><span style=\"font-size: medium;\">(<\/span><\/span><\/span><span style=\"color: #000000;\"><span style=\"font-size: medium;\">Le temps continue de s\u2019\u00e9couler, s\u2019\u00e9couler, s\u2019\u00e9couler, vers l\u2019avenir<\/span><\/span><span style=\"color: #000000;\"><span style=\"font-size: medium;\">)<\/span><\/span><span style=\"color: #000000;\"><span style=\"font-size: medium;\"> \u00bb<\/span><\/span><\/p>\n<p align=\"right\"><span style=\"color: #000000;\">\u2014<span style=\"font-size: medium;\">The Steve Miller Band<\/span><\/span><\/p>\n<h3 class=\"western\" align=\"justify\"><b><span style=\"color: #000000;\"><span style=\"font-family: Times New Roman, serif;\"><span style=\"font-size: medium;\">L\u2019illusion tenace du pr\u00e9sent<\/span><\/span><\/span><\/b><\/h3>\n<p align=\"justify\"><span style=\"color: #000000;\"><span style=\"font-size: medium;\">Il existe un livre intitul\u00e9 <\/span><\/span><span style=\"color: #000080;\"><u><a href=\"https:\/\/www.amazon.fr\/Changed-Flash-Near-Death-Experience-Empowers-ebook\/dp\/B079D8T8BY?__mk_fr_FR=%C3%85M%C3%85%C5%BD%C3%95%C3%91&amp;crid=V99SU5QVYLAQ&amp;dib=eyJ2IjoiMSJ9.HTh4wfO8Wo7ecrW5v38pOQ.l2a21naSd_7hn6ODNJB9JX-aVyh75Bs8p8NQd-n4EsM&amp;dib_tag=se&amp;keywords=Changed+in+a+Flash&amp;qid=1773067513&amp;sprefix=changed+in+a+flash+%2Caps%2C398&amp;sr=8-1\"><span style=\"color: #000000;\"><span style=\"font-size: medium;\"><i>Changed in a Flash<\/i><\/span><\/span><\/a><\/u><\/span><i> <\/i><span style=\"color: #000000;\"><span style=\"font-size: medium;\">(<\/span><\/span><span style=\"color: #000080;\"><span style=\"color: #000000;\"><span style=\"font-size: medium;\">Chang\u00e9e en un \u00e9clair)<\/span><\/span><\/span><span style=\"color: #000000;\"><span style=\"font-size: medium;\"> d\u2019Elizabeth Krohn et Jeffrey Kripal qui raconte une exp\u00e9rience <\/span><\/span><span style=\"color: #000000;\"><span style=\"font-family: Times New Roman, serif;\"><span style=\"font-size: medium;\">puissante <\/span><\/span><\/span><span style=\"color: #000000;\"><span style=\"font-size: medium;\">de mort imminente qui a compl\u00e8tement transform\u00e9 la vie d\u2019Elizabeth. \u00c0 la suite de cet \u00e9v\u00e9nement profond, elle a commenc\u00e9 \u00e0 faire des r\u00eaves proph\u00e9tiques. Le 17\u00a0juillet 1996, elle a r\u00eav\u00e9 qu\u2019un avion de ligne s\u2019\u00e9crasait dans l\u2019oc\u00e9an. Elle v<\/span><\/span><span style=\"color: #000000;\"><span style=\"font-size: medium;\">it<\/span><\/span><span style=\"color: #000000;\"><span style=\"font-size: medium;\"> \u00ab WA \u00bb sur l\u2019\u00e9pave, <\/span><\/span><span style=\"color: #000000;\"><span style=\"font-size: medium;\">nota<\/span><\/span><span style=\"color: #000000;\"><span style=\"font-size: medium;\"> qu\u2019il y avait 230\u00a0personnes \u00e0 bord, <\/span><\/span><span style=\"color: #000000;\"><span style=\"font-size: medium;\">comprit<\/span><\/span><span style=\"color: #000000;\"><span style=\"font-size: medium;\"> que personne n\u2019avait surv\u00e9cu et identifi<\/span><\/span><span style=\"color: #000000;\"><span style=\"font-size: medium;\">a<\/span><\/span><span style=\"color: #000000;\"><span style=\"font-size: medium;\"> l<\/span><\/span><span style=\"color: #000000;\"><span style=\"font-size: medium;\">e vol<\/span><\/span><span style=\"color: #000000;\"><span style=\"font-size: medium;\"> comme \u00e9tant le vol\u00a0800. Le 18\u00a0juillet 1996, le vol\u00a0800 de la TWA s\u2019\u00e9cras<\/span><\/span><span style=\"color: #000000;\"><span style=\"font-size: medium;\">a<\/span><\/span><span style=\"color: #000000;\"><span style=\"font-size: medium;\"> dans l\u2019oc\u00e9an, tuant les 230\u00a0personnes \u00e0 bord.<\/span><\/span><\/p>\n<p align=\"justify\"><span style=\"color: #000000;\"><span style=\"font-size: medium;\">\u00c9trange, sans aucun doute. De nombreux scientifiques mat\u00e9rialistes, universitaires et sceptiques rejetteraient son r\u00e9cit comme anecdotique ou m\u00e9thodologiquement peu fiable. Cependant, il existe peut-\u00eatre un autre moyen pour les sceptiques d\u2019envisager de tels ph\u00e9nom\u00e8nes sans abandonner leur perspective mat\u00e9rialiste. Le temps lui-m\u00eame est profond\u00e9ment \u00e9trange, c\u2019est ind\u00e9niable. Pour de nombreux physiciens et philosophes, il reste le dernier grand myst\u00e8re. Nous faisons tous l\u2019exp\u00e9rience de son caract\u00e8re insaisissable\u00a0: il s\u2019\u00e9tire et se contracte, nous trahissant lorsque nous nous amusons et nous narguant lorsque nous nous ennuyons. Le temps file \u00e0 toute allure lorsque nous voulons qu\u2019il ralentisse et s\u2019\u00e9coule au ralenti lorsque nous voulons qu\u2019il s\u2019acc\u00e9l\u00e8re.<\/span><\/span><\/p>\n<p align=\"justify\"><span style=\"color: #000000;\"><span style=\"font-size: medium;\">Depuis qu\u2019Einstein a d\u00e9montr\u00e9 que le temps est relatif et d\u00e9pend de facteurs auxquels nous ne nous attendrions jamais intuitivement, tels que notre vitesse, nous avons d\u00fb faire face \u00e0 des r\u00e9alit\u00e9s que nous ne pouvons pas simplement ignorer. Dans quelle mesure le temps est-il mall\u00e9able ? Et le pass\u00e9 et l\u2019avenir existent-ils vraiment tels que nous les imaginons habituellement ? Dans une lettre \u00e9crite apr\u00e8s la mort de son ami proche Michele Besso, Einstein a fait cette remarque c\u00e9l\u00e8bre\u00a0: \u00ab Pour nous, physiciens convaincus, la distinction entre le pass\u00e9, le pr\u00e9sent et l\u2019avenir n\u2019est qu\u2019une illusion obstin\u00e9ment persistante \u00bb.<\/span><\/span><\/p>\n<p align=\"justify\"><span style=\"color: #000000;\"><span style=\"font-size: medium;\">Quoi ?<\/span><\/span><\/p>\n<p align=\"justify\"><span style=\"color: #000000;\"><span style=\"font-family: Times New Roman, serif;\"><span style=\"font-size: medium;\">Il semble pourtant \u00e9vident que le pass\u00e9 est fix\u00e9 et r\u00e9volu,<\/span><\/span><\/span><span style=\"color: #000000;\"><span style=\"font-size: medium;\"> tandis que l\u2019avenir n\u2019est pas encore arriv\u00e9. Toute notre vie psychologique repose sur cette hypoth\u00e8se\u00a0: la m\u00e9moire regarde vers le pass\u00e9, l\u2019anticipation regarde vers l\u2019avenir, et les \u00e9motions telles que le regret et l\u2019espoir, d\u00e9pendent du temps qui s\u2019\u00e9coule dans une seule direction. Alors, que voulait dire Einstein ?<\/span><\/span><\/p>\n<p align=\"justify\"><span style=\"color: #000000;\"><span style=\"font-size: medium;\">Il a illustr\u00e9 la relativit\u00e9 du temps <\/span><\/span><span style=\"color: #000000;\"><span style=\"font-size: medium;\">par<\/span><\/span><span style=\"color: #000000;\"><span style=\"font-size: medium;\"> des exp\u00e9riences de pens\u00e9e. L\u2019une des plus simples implique deux observateurs en mouvement relatif\u00a0: l\u2019un se tient sur un quai de gare, l\u2019autre \u00e0 bord d\u2019un train \u00e0 grande vitesse. Imaginez qu\u2019un \u00e9clair frappe simultan\u00e9ment les deux extr\u00e9mit\u00e9s du train du point de vue de l\u2019observateur sur le quai. Pourtant, selon l\u2019observateur dans le train, un \u00e9clair <\/span><\/span><span style=\"color: #000000;\"><span style=\"font-size: medium;\">se produit<\/span><\/span><span style=\"color: #000000;\"><span style=\"font-size: medium;\"> avant l\u2019autre. Il n\u2019y a pas de \u00ab <\/span><\/span><span style=\"color: #000000;\"><span style=\"font-size: medium;\">maintenan<\/span><\/span><span style=\"color: #000000;\"><span style=\"font-size: medium;\">t \u00bb unique et privil\u00e9gi\u00e9 sur lequel les deux observateurs peuvent s\u2019accorder. Ce qui compte comme pass\u00e9, pr\u00e9sent ou futur d\u00e9pend du cadre de r\u00e9f\u00e9rence de l\u2019observateur. L\u2019implication profonde est la suivante\u00a0: si le pr\u00e9sent d\u2019un observateur correspond au futur d\u2019un autre, alors ces \u00e9v\u00e9nements \u00ab futurs \u00bb doivent d\u00e9j\u00e0 exister dans l\u2019espace-temps. Sinon, la r\u00e9alit\u00e9 d\u00e9pendrait de celui qui l\u2019observe, une notion que la relativit\u00e9 rejette. Le futur n\u2019est pas irr\u00e9el ou encore \u00e0 cr\u00e9er ; il existe simplement ailleurs dans la structure de l\u2019espace-temps. Bien que nous ne l\u2019ayons pas encore exp\u00e9riment\u00e9, il est ontologiquement r\u00e9el.<\/span><\/span><\/p>\n<p align=\"justify\"><span style=\"color: #000000;\"><span style=\"font-size: medium;\">Cette perspective est connue sous le nom d\u2019\u00ab univers-bloc \u00bb. Ici, le temps ne s\u2019\u00e9coule pas comme il nous appara\u00eet. Au contraire, nous nous d\u00e9pla\u00e7ons dans le temps comme nous nous d\u00e9pla\u00e7ons dans l\u2019espace. Le futur n\u2019est pas inexistant ; il n\u2019est tout simplement pas l\u00e0 o\u00f9 nous nous trouvons actuellement dans l\u2019espace-temps. Bien que contre-intuitif, si cette vision est <\/span><\/span><span style=\"color: #000000;\"><span style=\"font-family: Times New Roman, serif;\"><span style=\"font-size: medium;\">ne serait-ce qu\u2019<\/span><\/span><\/span><span style=\"color: #000000;\"><span style=\"font-size: medium;\">approximativement correcte, elle nous oblige \u00e0 repenser une hypoth\u00e8se fondamentale\u00a0: celle selon laquelle le futur est fondamentalement inconnaissable.<\/span><\/span><\/p>\n<p align=\"justify\"><span style=\"color: #000000;\"><span style=\"font-size: medium;\">Une fois que nous envisageons la possibilit\u00e9 que <\/span><\/span><span style=\"color: #000000;\"><span style=\"font-family: Times New Roman, serif;\"><span style=\"font-size: medium;\">le futur <\/span><\/span><\/span><span style=\"color: #000000;\"><span style=\"font-size: medium;\">\u00ab existe d\u00e9j\u00e0 \u00bb dans un <\/span><\/span><span style=\"color: #000000;\"><span style=\"font-size: medium;\">certain <\/span><\/span><span style=\"color: #000000;\"><span style=\"font-size: medium;\">sens significatif, nous pouvons nous demander si des exp\u00e9riences apparemment impossibles, comme la pr\u00e9cognition, pourraient \u00eatre des cons\u00e9quences naturelles du fonctionnement r\u00e9el du temps. Prenons l\u2019exemple du r\u00eave pr\u00e9cognitif d\u2019Elizabeth Krohn. Beaucoup d\u2019entre nous ont d\u00e9j\u00e0 v\u00e9cu des versions plus subtiles\u00a0: la certitude soudaine que quelqu\u2019un va appeler juste avant que le t\u00e9l\u00e9phone ne sonne, ou une attirance inexplicable vers une d\u00e9cision qui ne prend tout son sens que plus tard. Ces ph\u00e9nom\u00e8nes sont si courants que nous les consid\u00e9rons souvent comme des co\u00efncidences.<\/span><\/span><\/p>\n<p align=\"justify\"><span style=\"color: #000000;\"><span style=\"font-size: medium;\">Plut\u00f4t que de rejeter cat\u00e9goriquement la pr\u00e9cognition, peut-\u00eatre devrions-nous r\u00e9\u00e9valuer notre scepticisme instinctif et explorer les moyens de l\u2019int\u00e9grer dans la compr\u00e9hension scientifique. Dans l\u2019univers-bloc d\u2019Einstein, la pr\u00e9cognition d\u00e9coule naturellement, ce qui devrait <\/span><\/span><span style=\"color: #000000;\"><span style=\"font-family: Times New Roman, serif;\"><span style=\"font-size: medium;\">offrir un certain r\u00e9confort <\/span><\/span><\/span><span style=\"color: #000000;\"><span style=\"font-family: Times New Roman, serif;\"><span style=\"font-size: medium;\">pour les <\/span><\/span><\/span><span style=\"color: #000000;\"><span style=\"font-size: medium;\">mat\u00e9rialistes. Mais la physique n\u2019est pas le seul domaine <\/span><\/span><span style=\"color: #000000;\"><span style=\"font-family: Times New Roman, serif;\"><span style=\"font-size: medium;\">qui pointe dans<\/span><\/span><\/span><span style=\"color: #000000;\"><span style=\"font-size: medium;\"> cette direction. Les neurosciences montrent que le cerveau ne fonctionne pas strictement dans le pr\u00e9sent. La perception est en retard de plusieurs dizaines ou centaines de millisecondes par rapport \u00e0 la r\u00e9alit\u00e9 ; ce que nous vivons comme \u00ab maintenant \u00bb est une reconstruction du pass\u00e9 imm\u00e9diat. Pendant ce temps, le cerveau anticipe constamment ce qui <\/span><\/span><span style=\"color: #000000;\"><span style=\"font-family: Times New Roman, serif;\"><span style=\"font-size: medium;\">vient ensuite<\/span><\/span><\/span><span style=\"color: #000000;\"><span style=\"font-size: medium;\">\u00a0: il pr\u00e9dit les informations sensorielles, initie des actions motrices avant que la d\u00e9cision ne soit prise consciemment et met \u00e0 jour les attentes en cons\u00e9quence. Prenons l\u2019exemple d\u2019un joueur de baseball de ligue majeure frappant une balle rapide \u00e0 145\u00a0km\/h. Au moment o\u00f9 le batteur per\u00e7oit consciemment la trajectoire de la balle, la d\u00e9cision de frapper a d\u00e9j\u00e0 \u00e9t\u00e9 prise sur la base d\u2019une extrapolation de la position future de la balle. Le cerveau vit d\u00e9j\u00e0 dans un futur (tr\u00e8s proche).<\/span><\/span><\/p>\n<h3 class=\"western\" align=\"justify\"><b><span style=\"color: #000000;\"><span style=\"font-family: Times New Roman, serif;\"><span style=\"font-size: medium;\">Des murmures venus d\u2019ailleurs dans l\u2019espace-temps<\/span><\/span><\/span><\/b><\/h3>\n<p align=\"justify\"><span style=\"color: #000000;\"><span style=\"font-size: medium;\">Il existe \u00e9galement des preuves que le corps anticipe les \u00e9v\u00e9nements futurs. Dans des exp\u00e9riences utilisant des mesures physiologiques (conductance cutan\u00e9e, fr\u00e9quence cardiaque, dilatation des pupilles et autres r\u00e9ponses autonomes), les participants sont expos\u00e9s \u00e0 des stimuli \u00e9motionnellement charg\u00e9s ou neutres s\u00e9lectionn\u00e9s au hasard. Les chercheurs enregistrent l\u2019activit\u00e9 corporelle pendant que les participants attendent l\u2019image. Lorsque les donn\u00e9es sont ensuite regroup\u00e9es par type de stimulus, les r\u00e9ponses physiologiques diff\u00e8rent avant l\u2019apparition de l\u2019image, selon que le stimulus \u00e0 venir est excitant ou neutre. Cette \u00ab activit\u00e9 anticipatoire pr\u00e9dictive \u00bb (ou pressentiment) a \u00e9t\u00e9 rapport\u00e9e dans plusieurs laboratoires et <\/span><\/span><span style=\"color: #000000;\"><span style=\"font-family: Times New Roman, serif;\"><span style=\"font-size: medium;\">\u00e0 travers <\/span><\/span><\/span><span style=\"color: #000000;\"><span style=\"font-size: medium;\">des centaines d\u2019essais (Mossbridge et al., 2012 ; Mossbridge, 2014).<\/span><\/span><\/p>\n<p align=\"justify\"><span style=\"color: #000000;\"><span style=\"font-size: medium;\">Cela soul\u00e8ve une possibilit\u00e9 intrigante\u00a0: si l\u2019univers-bloc est r\u00e9el, le terme \u00ab pr\u00e9diction \u00bb n\u2019est peut-\u00eatre pas le plus appropri\u00e9. Le cerveau et le corps ne devinent peut-\u00eatre pas tant l\u2019avenir qu\u2019ils ne l\u2019\u00e9chantillonnent, bien que ce soit dans une fen\u00eatre temporelle tr\u00e8s \u00e9troite. L<\/span><\/span><span style=\"color: #000000;\"><span style=\"font-size: medium;\">e futur<\/span><\/span><span style=\"color: #000000;\"><span style=\"font-size: medium;\"> est l\u00e0<\/span><\/span><span style=\"color: #000000;\"><span style=\"font-family: Times New Roman, serif;\"><span style=\"font-size: medium;\">, pr\u00eat \u00e0 \u00eatre<\/span><\/span><\/span><span style=\"color: #000000;\"><span style=\"font-size: medium;\"> per\u00e7u, mais seulement dans la mesure o\u00f9 notre appareil perceptif le permet. Notre perception fonctionne comme une ouverture temporelle, g\u00e9n\u00e9ralement strictement limit\u00e9e \u00e0 une fine tranche d\u2019espace-temps autour du \u00ab pr\u00e9sent \u00bb. Il n\u2019y a aucune raison \u00e9vidente pour que cette ouverture reste si \u00e9troite pour toujours. Dans certains cas, comme les exp\u00e9riences de mort imminente, elle semble s\u2019\u00e9largir naturellement. Dans l\u2019univers-bloc d\u2019Einstein, il ne devrait y avoir aucune limite th\u00e9orique \u00e0 la profondeur \u00e0 laquelle nous pou<\/span><\/span><span style=\"color: #000000;\"><span style=\"font-size: medium;\">rri<\/span><\/span><span style=\"color: #000000;\"><span style=\"font-size: medium;\">ons \u00e9chantillonner le bloc.<\/span><\/span><\/p>\n<h3 class=\"western\" align=\"justify\"><b><span style=\"color: #000000;\"><span style=\"font-family: Times New Roman, serif;\"><span style=\"font-size: medium;\">\u00c9largir l\u2019ouverture de l\u2019\u00eatre<\/span><\/span><\/span><\/b><\/h3>\n<p align=\"justify\"><span style=\"color: #000000;\"><span style=\"font-size: medium;\">Un tel \u00e9largissement peut \u00e9galement se produire dans des \u00e9tats de m\u00e9ditation profonde. Dans les <\/span><\/span><span style=\"color: #000000;\"><span style=\"font-size: medium;\"><i>Yoga Sutras<\/i><\/span><\/span><span style=\"color: #000000;\"><span style=\"font-size: medium;\"> de Patanjali, un chapitre traite des \u00ab siddhis \u00bb, ces capacit\u00e9s extraordinaires qui d\u00e9coulent de la m\u00e9ditation. En r\u00e9duisant les distorsions habituelles de l\u2019esprit, notamment son attachement rigide au temps lin\u00e9aire, la perception devient moins domin\u00e9e par la m\u00e9moire, les attentes et le r\u00e9cit. Dans cet \u00e9tat calme et expansif, diff\u00e9rentes formes de connaissance peuvent \u00e9merger, notamment la conscience des \u00e9v\u00e9nements avant qu\u2019ils ne se manifestent dans l\u2019exp\u00e9rience ordinaire. Patanjali met en garde contre la fixation sur ces capacit\u00e9s, nous encourageant plut\u00f4t \u00e0 les consid\u00e9rer comme faisant partie de la compr\u00e9hension de notre nature v\u00e9ritable et illimit\u00e9e.<\/span><\/span><\/p>\n<p align=\"justify\"><span style=\"color: #000000;\"><span style=\"font-size: medium;\">Un changement de paradigme semble en cours dans notre compr\u00e9hension de la r\u00e9alit\u00e9, un changement qui permet de prendre au s\u00e9rieux des ph\u00e9nom\u00e8nes tels que la pr\u00e9cognition, la t\u00e9l\u00e9pathie, la communication apr\u00e8s la mort et les exp\u00e9riences hors du corps (y compris celles dans des \u00e9tats <\/span><\/span><span style=\"color: #000000;\"><span style=\"font-family: Times New Roman, serif;\"><span style=\"font-size: medium;\">de mort imminente<\/span><\/span><\/span><span style=\"color: #000000;\"><span style=\"font-size: medium;\">). M\u00eame les sceptiques les plus convaincus pourraient progressivement abandonner leurs croyances rigides sur ce qui peut \u00eatre connu et reconna\u00eetre ces capacit\u00e9s comme des cons\u00e9quences naturelles de la structure de l\u2019espace-temps. Depuis la relativit\u00e9 d\u2019Einstein, nous avons accept\u00e9 que l\u2019espace et le temps ne sont pas ce que l\u2019intuition sugg\u00e8re. Aujourd\u2019hui, nous devons peut-\u00eatre accepter qu\u2019une compr\u00e9hension plus approfondie de la relativit\u00e9 offre un cadre plausible pour ce qui \u00e9tait autrefois rejet\u00e9 comme des ph\u00e9nom\u00e8nes \u00ab paranormaux \u00bb.<\/span><\/span><\/p>\n<p align=\"justify\"><span style=\"color: #000000;\"><span style=\"font-size: medium;\">La r\u00e9alit\u00e9 est probablement bien plus \u00e9trange que ne le sugg\u00e8re ce r\u00e9cit, mais c\u2019est peut-\u00eatre en repensant le temps que cette \u00e9tranget\u00e9 devient pour la premi\u00e8re fois intelligible.<\/span><\/span><\/p>\n<p align=\"justify\"><strong><span style=\"color: #000000;\"><span style=\"font-size: medium;\">R\u00e9f\u00e9rences\u00a0<\/span><\/span><\/strong><span style=\"color: #000000;\"><span style=\"font-size: medium;\">: Mossbridge, J. A. (2014). <\/span><\/span><span style=\"color: #000000;\"><span style=\"font-family: Times New Roman, serif;\"><span style=\"font-size: medium;\">Predicting the unpredictable: Critical analysis and practical implications of predictive anticipatory activity (PAA) <\/span><\/span><\/span><span style=\"color: #000000;\"><span style=\"font-family: Times New Roman, serif;\"><span style=\"font-size: medium;\">(<\/span><\/span><\/span><span style=\"color: #000000;\"><span style=\"font-size: medium;\">Pr\u00e9dire l\u2019impr\u00e9visible\u00a0: analyse critique et implications pratiques de l\u2019activit\u00e9 pr\u00e9dictive anticipatoire). Frontiers in Human Neuroscience.<\/span><\/span><\/p>\n<p align=\"justify\"><span style=\"color: #000000;\"><span style=\"font-size: medium;\">Mossbridge, J., Tressoldi, P., &amp; Utts, J. (2012). <span style=\"font-family: Times New Roman, serif;\">redictive physiological anticipation preceding seemingly unpredictable stimuli: A meta-analysis <\/span><span style=\"font-family: Times New Roman, serif;\">(<\/span>Anticipation physiologique pr\u00e9dictive pr\u00e9c\u00e9dant des stimuli apparemment impr\u00e9visibles\u00a0: une m\u00e9ta-analyse). <i>Frontiers in Psychology<\/i>, 3:390.<\/span><\/span><\/p>\n<p align=\"justify\"><span style=\"color: #000000;\"><span style=\"font-size: medium;\">Texte original publi\u00e9 le 13\u00a0f\u00e9vrier 2026\u00a0: <\/span><\/span><span style=\"color: #000080;\"><u><a href=\"https:\/\/www.feedyourhead.blog\/p\/when-the-future-whispers-back?r=128e84\" target=\"_blank\" rel=\"noopener\"><span style=\"color: #000000;\"><span style=\"font-size: medium;\">https:\/\/www.feedyourhead.blog\/p\/when-the-future-whispers-back?r=128e84<\/span><\/span><\/a><\/u><\/span><\/p>\n","protected":false},"excerpt":{"rendered":"<p>En r\u00e9duisant les distorsions habituelles de l\u2019esprit, notamment son attachement rigide au temps lin\u00e9aire, la perception devient moins domin\u00e9e par la m\u00e9moire, les attentes et le r\u00e9cit. Dans cet \u00e9tat calme et expansif, diff\u00e9rentes formes de connaissance peuvent \u00e9merger, notamment la conscience des \u00e9v\u00e9nements avant qu\u2019ils ne se manifestent dans l\u2019exp\u00e9rience ordinaire.<\/p>\n","protected":false},"author":2,"featured_media":19421,"comment_status":"closed","ping_status":"closed","sticky":false,"template":"","format":"standard","meta":{"footnotes":""},"categories":[1767],"tags":[229,1350,1674,417],"class_list":["post-21171","post","type-post","status-publish","format-standard","has-post-thumbnail","hentry","category-quinn-laleh-k","tag-espace-temps","tag-parapsychologie","tag-precognition","tag-relativite"],"yoast_head":"<!-- This site is optimized with the Yoast SEO plugin v27.0 - https:\/\/yoast.com\/product\/yoast-seo-wordpress\/ -->\n<title>Quand le futur nous murmure par Laleh Quinn - 3e mill\u00e9naire - Spiritualit\u00e9 - Connaissance de soi - Non-dualit\u00e9 - M\u00e9ditation<\/title>\n<meta name=\"robots\" content=\"index, follow, max-snippet:-1, max-image-preview:large, max-video-preview:-1\" \/>\n<link rel=\"canonical\" href=\"https:\/\/www.revue3emillenaire.com\/blog\/quand-le-futur-nous-murmure-par-laleh-quinn\/\" \/>\n<meta property=\"og:locale\" content=\"fr_FR\" \/>\n<meta property=\"og:type\" content=\"article\" \/>\n<meta property=\"og:title\" content=\"Quand le futur nous murmure par Laleh Quinn - 3e mill\u00e9naire - Spiritualit\u00e9 - Connaissance de soi - Non-dualit\u00e9 - M\u00e9ditation\" \/>\n<meta property=\"og:description\" content=\"En r\u00e9duisant les distorsions habituelles de l\u2019esprit, notamment son attachement rigide au temps lin\u00e9aire, la perception devient moins domin\u00e9e par la m\u00e9moire, les attentes et le r\u00e9cit. Dans cet \u00e9tat calme et expansif, diff\u00e9rentes formes de connaissance peuvent \u00e9merger, notamment la conscience des \u00e9v\u00e9nements avant qu\u2019ils ne se manifestent dans l\u2019exp\u00e9rience ordinaire.\" \/>\n<meta property=\"og:url\" content=\"https:\/\/www.revue3emillenaire.com\/blog\/quand-le-futur-nous-murmure-par-laleh-quinn\/\" \/>\n<meta property=\"og:site_name\" content=\"3e mill\u00e9naire - Spiritualit\u00e9 - Connaissance de soi - Non-dualit\u00e9 - M\u00e9ditation\" \/>\n<meta property=\"article:published_time\" content=\"2026-03-09T16:22:55+00:00\" \/>\n<meta property=\"og:image\" content=\"https:\/\/www.revue3emillenaire.com\/blog\/wp-content\/uploads\/2023\/07\/Laleh-K.-Quinn.jpg\" \/>\n\t<meta property=\"og:image:width\" content=\"280\" \/>\n\t<meta property=\"og:image:height\" content=\"280\" \/>\n\t<meta property=\"og:image:type\" content=\"image\/jpeg\" \/>\n<meta name=\"author\" content=\"3e mill\u00e9naire\" \/>\n<meta name=\"twitter:card\" content=\"summary_large_image\" \/>\n<meta name=\"twitter:label1\" content=\"\u00c9crit par\" \/>\n\t<meta name=\"twitter:data1\" content=\"3e mill\u00e9naire\" \/>\n\t<meta name=\"twitter:label2\" content=\"Dur\u00e9e de lecture estim\u00e9e\" \/>\n\t<meta name=\"twitter:data2\" content=\"9 minutes\" \/>\n<script type=\"application\/ld+json\" class=\"yoast-schema-graph\">{\"@context\":\"https:\/\/schema.org\",\"@graph\":[{\"@type\":\"Article\",\"@id\":\"https:\/\/www.revue3emillenaire.com\/blog\/quand-le-futur-nous-murmure-par-laleh-quinn\/#article\",\"isPartOf\":{\"@id\":\"https:\/\/www.revue3emillenaire.com\/blog\/quand-le-futur-nous-murmure-par-laleh-quinn\/\"},\"author\":{\"name\":\"3e mill\u00e9naire\",\"@id\":\"https:\/\/www.revue3emillenaire.com\/blog\/#\/schema\/person\/b692dacff720a5344a6190bc714397eb\"},\"headline\":\"Quand le futur nous murmure par Laleh Quinn\",\"datePublished\":\"2026-03-09T16:22:55+00:00\",\"mainEntityOfPage\":{\"@id\":\"https:\/\/www.revue3emillenaire.com\/blog\/quand-le-futur-nous-murmure-par-laleh-quinn\/\"},\"wordCount\":1795,\"image\":{\"@id\":\"https:\/\/www.revue3emillenaire.com\/blog\/quand-le-futur-nous-murmure-par-laleh-quinn\/#primaryimage\"},\"thumbnailUrl\":\"https:\/\/www.revue3emillenaire.com\/blog\/wp-content\/uploads\/2023\/07\/Laleh-K.-Quinn.jpg\",\"keywords\":[\"espace-temps\",\"Parapsychologie \/ Ph\u00e9nom\u00e8nes\",\"Pr\u00e9cognition\",\"relativit\u00e9\"],\"articleSection\":[\"Quinn Laleh K.\"],\"inLanguage\":\"fr-FR\"},{\"@type\":\"WebPage\",\"@id\":\"https:\/\/www.revue3emillenaire.com\/blog\/quand-le-futur-nous-murmure-par-laleh-quinn\/\",\"url\":\"https:\/\/www.revue3emillenaire.com\/blog\/quand-le-futur-nous-murmure-par-laleh-quinn\/\",\"name\":\"Quand le futur nous murmure par Laleh Quinn - 3e mill\u00e9naire - Spiritualit\u00e9 - Connaissance de soi - Non-dualit\u00e9 - M\u00e9ditation\",\"isPartOf\":{\"@id\":\"https:\/\/www.revue3emillenaire.com\/blog\/#website\"},\"primaryImageOfPage\":{\"@id\":\"https:\/\/www.revue3emillenaire.com\/blog\/quand-le-futur-nous-murmure-par-laleh-quinn\/#primaryimage\"},\"image\":{\"@id\":\"https:\/\/www.revue3emillenaire.com\/blog\/quand-le-futur-nous-murmure-par-laleh-quinn\/#primaryimage\"},\"thumbnailUrl\":\"https:\/\/www.revue3emillenaire.com\/blog\/wp-content\/uploads\/2023\/07\/Laleh-K.-Quinn.jpg\",\"datePublished\":\"2026-03-09T16:22:55+00:00\",\"author\":{\"@id\":\"https:\/\/www.revue3emillenaire.com\/blog\/#\/schema\/person\/b692dacff720a5344a6190bc714397eb\"},\"breadcrumb\":{\"@id\":\"https:\/\/www.revue3emillenaire.com\/blog\/quand-le-futur-nous-murmure-par-laleh-quinn\/#breadcrumb\"},\"inLanguage\":\"fr-FR\",\"potentialAction\":[{\"@type\":\"ReadAction\",\"target\":[\"https:\/\/www.revue3emillenaire.com\/blog\/quand-le-futur-nous-murmure-par-laleh-quinn\/\"]}]},{\"@type\":\"ImageObject\",\"inLanguage\":\"fr-FR\",\"@id\":\"https:\/\/www.revue3emillenaire.com\/blog\/quand-le-futur-nous-murmure-par-laleh-quinn\/#primaryimage\",\"url\":\"https:\/\/www.revue3emillenaire.com\/blog\/wp-content\/uploads\/2023\/07\/Laleh-K.-Quinn.jpg\",\"contentUrl\":\"https:\/\/www.revue3emillenaire.com\/blog\/wp-content\/uploads\/2023\/07\/Laleh-K.-Quinn.jpg\",\"width\":280,\"height\":280},{\"@type\":\"BreadcrumbList\",\"@id\":\"https:\/\/www.revue3emillenaire.com\/blog\/quand-le-futur-nous-murmure-par-laleh-quinn\/#breadcrumb\",\"itemListElement\":[{\"@type\":\"ListItem\",\"position\":1,\"name\":\"Accueil\",\"item\":\"https:\/\/www.revue3emillenaire.com\/blog\/\"},{\"@type\":\"ListItem\",\"position\":2,\"name\":\"Quand le futur nous murmure par Laleh Quinn\"}]},{\"@type\":\"WebSite\",\"@id\":\"https:\/\/www.revue3emillenaire.com\/blog\/#website\",\"url\":\"https:\/\/www.revue3emillenaire.com\/blog\/\",\"name\":\"3e mill\u00e9naire - Spiritualit\u00e9 - Connaissance de soi - Non-dualit\u00e9 - M\u00e9ditation\",\"description\":\"L&#039;Homme en devenir\",\"potentialAction\":[{\"@type\":\"SearchAction\",\"target\":{\"@type\":\"EntryPoint\",\"urlTemplate\":\"https:\/\/www.revue3emillenaire.com\/blog\/?s={search_term_string}\"},\"query-input\":{\"@type\":\"PropertyValueSpecification\",\"valueRequired\":true,\"valueName\":\"search_term_string\"}}],\"inLanguage\":\"fr-FR\"},{\"@type\":\"Person\",\"@id\":\"https:\/\/www.revue3emillenaire.com\/blog\/#\/schema\/person\/b692dacff720a5344a6190bc714397eb\",\"name\":\"3e mill\u00e9naire\",\"url\":\"https:\/\/www.revue3emillenaire.com\/blog\/author\/scoussa\/\"}]}<\/script>\n<!-- \/ Yoast SEO plugin. -->","yoast_head_json":{"title":"Quand le futur nous murmure par Laleh Quinn - 3e mill\u00e9naire - Spiritualit\u00e9 - Connaissance de soi - Non-dualit\u00e9 - M\u00e9ditation","robots":{"index":"index","follow":"follow","max-snippet":"max-snippet:-1","max-image-preview":"max-image-preview:large","max-video-preview":"max-video-preview:-1"},"canonical":"https:\/\/www.revue3emillenaire.com\/blog\/quand-le-futur-nous-murmure-par-laleh-quinn\/","og_locale":"fr_FR","og_type":"article","og_title":"Quand le futur nous murmure par Laleh Quinn - 3e mill\u00e9naire - Spiritualit\u00e9 - Connaissance de soi - Non-dualit\u00e9 - M\u00e9ditation","og_description":"En r\u00e9duisant les distorsions habituelles de l\u2019esprit, notamment son attachement rigide au temps lin\u00e9aire, la perception devient moins domin\u00e9e par la m\u00e9moire, les attentes et le r\u00e9cit. Dans cet \u00e9tat calme et expansif, diff\u00e9rentes formes de connaissance peuvent \u00e9merger, notamment la conscience des \u00e9v\u00e9nements avant qu\u2019ils ne se manifestent dans l\u2019exp\u00e9rience ordinaire.","og_url":"https:\/\/www.revue3emillenaire.com\/blog\/quand-le-futur-nous-murmure-par-laleh-quinn\/","og_site_name":"3e mill\u00e9naire - Spiritualit\u00e9 - Connaissance de soi - Non-dualit\u00e9 - M\u00e9ditation","article_published_time":"2026-03-09T16:22:55+00:00","og_image":[{"width":280,"height":280,"url":"https:\/\/www.revue3emillenaire.com\/blog\/wp-content\/uploads\/2023\/07\/Laleh-K.-Quinn.jpg","type":"image\/jpeg"}],"author":"3e mill\u00e9naire","twitter_card":"summary_large_image","twitter_misc":{"\u00c9crit par":"3e mill\u00e9naire","Dur\u00e9e de lecture estim\u00e9e":"9 minutes"},"schema":{"@context":"https:\/\/schema.org","@graph":[{"@type":"Article","@id":"https:\/\/www.revue3emillenaire.com\/blog\/quand-le-futur-nous-murmure-par-laleh-quinn\/#article","isPartOf":{"@id":"https:\/\/www.revue3emillenaire.com\/blog\/quand-le-futur-nous-murmure-par-laleh-quinn\/"},"author":{"name":"3e mill\u00e9naire","@id":"https:\/\/www.revue3emillenaire.com\/blog\/#\/schema\/person\/b692dacff720a5344a6190bc714397eb"},"headline":"Quand le futur nous murmure par Laleh Quinn","datePublished":"2026-03-09T16:22:55+00:00","mainEntityOfPage":{"@id":"https:\/\/www.revue3emillenaire.com\/blog\/quand-le-futur-nous-murmure-par-laleh-quinn\/"},"wordCount":1795,"image":{"@id":"https:\/\/www.revue3emillenaire.com\/blog\/quand-le-futur-nous-murmure-par-laleh-quinn\/#primaryimage"},"thumbnailUrl":"https:\/\/www.revue3emillenaire.com\/blog\/wp-content\/uploads\/2023\/07\/Laleh-K.-Quinn.jpg","keywords":["espace-temps","Parapsychologie \/ Ph\u00e9nom\u00e8nes","Pr\u00e9cognition","relativit\u00e9"],"articleSection":["Quinn Laleh K."],"inLanguage":"fr-FR"},{"@type":"WebPage","@id":"https:\/\/www.revue3emillenaire.com\/blog\/quand-le-futur-nous-murmure-par-laleh-quinn\/","url":"https:\/\/www.revue3emillenaire.com\/blog\/quand-le-futur-nous-murmure-par-laleh-quinn\/","name":"Quand le futur nous murmure par Laleh Quinn - 3e mill\u00e9naire - Spiritualit\u00e9 - Connaissance de soi - Non-dualit\u00e9 - M\u00e9ditation","isPartOf":{"@id":"https:\/\/www.revue3emillenaire.com\/blog\/#website"},"primaryImageOfPage":{"@id":"https:\/\/www.revue3emillenaire.com\/blog\/quand-le-futur-nous-murmure-par-laleh-quinn\/#primaryimage"},"image":{"@id":"https:\/\/www.revue3emillenaire.com\/blog\/quand-le-futur-nous-murmure-par-laleh-quinn\/#primaryimage"},"thumbnailUrl":"https:\/\/www.revue3emillenaire.com\/blog\/wp-content\/uploads\/2023\/07\/Laleh-K.-Quinn.jpg","datePublished":"2026-03-09T16:22:55+00:00","author":{"@id":"https:\/\/www.revue3emillenaire.com\/blog\/#\/schema\/person\/b692dacff720a5344a6190bc714397eb"},"breadcrumb":{"@id":"https:\/\/www.revue3emillenaire.com\/blog\/quand-le-futur-nous-murmure-par-laleh-quinn\/#breadcrumb"},"inLanguage":"fr-FR","potentialAction":[{"@type":"ReadAction","target":["https:\/\/www.revue3emillenaire.com\/blog\/quand-le-futur-nous-murmure-par-laleh-quinn\/"]}]},{"@type":"ImageObject","inLanguage":"fr-FR","@id":"https:\/\/www.revue3emillenaire.com\/blog\/quand-le-futur-nous-murmure-par-laleh-quinn\/#primaryimage","url":"https:\/\/www.revue3emillenaire.com\/blog\/wp-content\/uploads\/2023\/07\/Laleh-K.-Quinn.jpg","contentUrl":"https:\/\/www.revue3emillenaire.com\/blog\/wp-content\/uploads\/2023\/07\/Laleh-K.-Quinn.jpg","width":280,"height":280},{"@type":"BreadcrumbList","@id":"https:\/\/www.revue3emillenaire.com\/blog\/quand-le-futur-nous-murmure-par-laleh-quinn\/#breadcrumb","itemListElement":[{"@type":"ListItem","position":1,"name":"Accueil","item":"https:\/\/www.revue3emillenaire.com\/blog\/"},{"@type":"ListItem","position":2,"name":"Quand le futur nous murmure par Laleh Quinn"}]},{"@type":"WebSite","@id":"https:\/\/www.revue3emillenaire.com\/blog\/#website","url":"https:\/\/www.revue3emillenaire.com\/blog\/","name":"3e mill\u00e9naire - Spiritualit\u00e9 - Connaissance de soi - Non-dualit\u00e9 - M\u00e9ditation","description":"L&#039;Homme en devenir","potentialAction":[{"@type":"SearchAction","target":{"@type":"EntryPoint","urlTemplate":"https:\/\/www.revue3emillenaire.com\/blog\/?s={search_term_string}"},"query-input":{"@type":"PropertyValueSpecification","valueRequired":true,"valueName":"search_term_string"}}],"inLanguage":"fr-FR"},{"@type":"Person","@id":"https:\/\/www.revue3emillenaire.com\/blog\/#\/schema\/person\/b692dacff720a5344a6190bc714397eb","name":"3e mill\u00e9naire","url":"https:\/\/www.revue3emillenaire.com\/blog\/author\/scoussa\/"}]}},"_links":{"self":[{"href":"https:\/\/www.revue3emillenaire.com\/blog\/wp-json\/wp\/v2\/posts\/21171","targetHints":{"allow":["GET"]}}],"collection":[{"href":"https:\/\/www.revue3emillenaire.com\/blog\/wp-json\/wp\/v2\/posts"}],"about":[{"href":"https:\/\/www.revue3emillenaire.com\/blog\/wp-json\/wp\/v2\/types\/post"}],"author":[{"embeddable":true,"href":"https:\/\/www.revue3emillenaire.com\/blog\/wp-json\/wp\/v2\/users\/2"}],"replies":[{"embeddable":true,"href":"https:\/\/www.revue3emillenaire.com\/blog\/wp-json\/wp\/v2\/comments?post=21171"}],"version-history":[{"count":0,"href":"https:\/\/www.revue3emillenaire.com\/blog\/wp-json\/wp\/v2\/posts\/21171\/revisions"}],"wp:featuredmedia":[{"embeddable":true,"href":"https:\/\/www.revue3emillenaire.com\/blog\/wp-json\/wp\/v2\/media\/19421"}],"wp:attachment":[{"href":"https:\/\/www.revue3emillenaire.com\/blog\/wp-json\/wp\/v2\/media?parent=21171"}],"wp:term":[{"taxonomy":"category","embeddable":true,"href":"https:\/\/www.revue3emillenaire.com\/blog\/wp-json\/wp\/v2\/categories?post=21171"},{"taxonomy":"post_tag","embeddable":true,"href":"https:\/\/www.revue3emillenaire.com\/blog\/wp-json\/wp\/v2\/tags?post=21171"}],"curies":[{"name":"wp","href":"https:\/\/api.w.org\/{rel}","templated":true}]}}