{"id":21178,"date":"2026-03-13T04:33:41","date_gmt":"2026-03-13T03:33:41","guid":{"rendered":"https:\/\/www.revue3emillenaire.com\/blog\/?p=21178"},"modified":"2026-03-13T04:35:37","modified_gmt":"2026-03-13T03:35:37","slug":"la-dignite-du-silence-et-du-retrait-par-clare-wills-harrison","status":"publish","type":"post","link":"https:\/\/www.revue3emillenaire.com\/blog\/la-dignite-du-silence-et-du-retrait-par-clare-wills-harrison\/","title":{"rendered":"La dignit\u00e9 du silence et du retrait par Clare Wills Harrison"},"content":{"rendered":"<h3 class=\"western\" align=\"justify\"><span style=\"font-family: Times New Roman, serif;\"><span style=\"font-size: medium;\"><i>Pourquoi la v\u00e9ritable r\u00e9volution ne commence pas par un effondrement, mais par la reconnaissance de la libert\u00e9 int\u00e9rieure et de la souverainet\u00e9<\/i><\/span><\/span><\/h3>\n<p class=\"western\" align=\"justify\"><span style=\"font-family: Times New Roman, serif;\"><span style=\"font-size: medium;\">Le monde est un oc\u00e9an de chaos, de mainmise des entreprises, de contr\u00f4le et de manipulation psychologique. C\u2019est une soci\u00e9t\u00e9 fond\u00e9e sur le mensonge. Des mensonges pour maintenir un empire corporatif et apaiser tous les peuples, qui ne sont rien d\u2019autre que des esclaves de l\u2019empire mondial. Alors que de plus en plus de personnes prennent conscience de cette r\u00e9alit\u00e9, ainsi que de l\u2019imp\u00e9rialisme par la conqu\u00eate et la mort, nous semblons attendre un \u00e9v\u00e9nement impr\u00e9visible (<b>\u00e9v\u00e9nement impr\u00e9visible = cygne noir<\/b>) pour renverser la tendance. Mais que se passerait-il si nous \u00e9tions cet \u00e9v\u00e9nement impr\u00e9visible ? Et si les personnes qui voient la v\u00e9rit\u00e9 du monde, avec tout son sale syst\u00e8me de contr\u00f4le satanique, \u00e9taient pr\u00e9cis\u00e9ment ce que ces m\u00eames personnes attendaient ? Et si la fin de la structure de contr\u00f4le despotique actuelle n\u2019avait jamais \u00e9t\u00e9 une mort bruyante et douloureuse, mais plut\u00f4t la prise de conscience silencieuse de ce qu\u2019est r\u00e9ellement le syst\u00e8me, associ\u00e9e \u00e0 une d\u00e9cision int\u00e9rieure de s\u2019en d\u00e9tacher et \u00e0 la promesse de ne plus jamais accepter d\u2019ordres de ce qui n\u2019est essentiellement qu\u2019une dictature despotique ?<\/span><\/span><\/p>\n<p class=\"western\" align=\"justify\"><span style=\"font-family: Times New Roman, serif;\"><span style=\"font-size: medium;\">Beaucoup de gens se sentent actuellement pris au pi\u00e8ge dans un r\u00e9seau d\u2019illusions syst\u00e9miques, allant du consum\u00e9risme sans fin aux machinations g\u00e9opolitiques d\u00e9guis\u00e9es en progr\u00e8s. Ce que propose le paragraphe d\u2019introduction ci-dessus, cependant, c\u2019est un changement profond dans la fa\u00e7on de penser\u00a0: et si une r\u00e9volution n\u2019\u00e9tait pas explosive, mais \u00e9rosive ? Pas un cygne noir cataclysmique fracassant les portes, mais un retrait collectif et subtil qui affame la b\u00eate de l\u2019int\u00e9rieur.<\/span><\/span><\/p>\n<p class=\"western\" align=\"justify\"><span style=\"color: #000080;\"><span style=\"color: #000000;\"><span style=\"font-family: Times New Roman, serif;\"><span style=\"font-size: medium;\"><a href=\"https:\/\/readingraphics.com\/book-summary-the-black-swan\/\">Le concept de cygne noir a \u00e9t\u00e9 popularis\u00e9 par Nassim Taleb<\/a>\u00a0<\/span><\/span><\/span><\/span><span style=\"color: #000000;\"><span style=\"font-family: Times New Roman, serif;\"><span style=\"font-size: medium;\">: il s\u2019agit d\u2019un \u00e9v\u00e9nement (ou <\/span><\/span><\/span><span style=\"color: #000000;\"><span style=\"font-family: Times New Roman, serif;\"><span style=\"font-size: medium;\">une s\u00e9rie<\/span><\/span><\/span><span style=\"color: #000000;\"><span style=\"font-family: Times New Roman, serif;\"><span style=\"font-size: medium;\"> d\u2019\u00e9v\u00e9nements) rare et impr\u00e9visible qui, avec le recul, bouleverse tout. Mais je voudrais inverser cette id\u00e9e et sugg\u00e9rer que cet \u00ab \u00e9v\u00e9nement \u00bb pourrait \u00eatre nous, qui avons une conscience perceptive fondamentale de ce qui se passe r\u00e9ellement. Si mon raisonnement est correct, alors l\u2019\u00e9v\u00e9nement cygne noir ne sera jamais (et n\u2019a jamais \u00e9t\u00e9 destin\u00e9 \u00e0 \u00eatre) un choc singulier, mais plut\u00f4t une force <\/span><\/span><\/span><span style=\"color: #000000;\"><span style=\"font-family: Times New Roman, serif;\"><span style=\"font-size: medium;\">diffuse<\/span><\/span><\/span><span style=\"color: #000000;\"><span style=\"font-family: Times New Roman, serif;\"><span style=\"font-size: medium;\"> et silencieuse. Je pense que l\u2019histoire en est l\u2019\u00e9cho. Pensez aux sto\u00efciens de la Rome antique (plus d\u2019informations ci-dessous), qui, au milieu du d\u00e9clin imp\u00e9rial, ont choisi la souverainet\u00e9 int\u00e9rieure plut\u00f4t que la r\u00e9bellion ext\u00e9rieure. <\/span><\/span><\/span><a href=\"https:\/\/www.britannica.com\/topic\/Stoicism\/Later-Roman-Stoicism\"><span style=\"color: #000080;\"><span style=\"color: #000000;\"><span style=\"font-family: Times New Roman, serif;\"><span style=\"font-size: medium;\">Le sto\u00efcisme \u00e0 Rome dev<\/span><\/span><\/span><\/span><span style=\"color: #000080;\"><span style=\"color: #000000;\"><span style=\"font-family: Times New Roman, serif;\"><span style=\"font-size: medium;\">int<\/span><\/span><\/span><\/span><span style=\"color: #000080;\"><span style=\"color: #000000;\"><span style=\"font-family: Times New Roman, serif;\"><span style=\"font-size: medium;\"> une philosophie<\/span><\/span><\/span><\/span><\/a><span style=\"color: #000000;\"><span style=\"font-family: Times New Roman, serif;\"><span style=\"font-size: medium;\">, enseignant aux individus \u00e0 <\/span><\/span><\/span><span style=\"color: #000000;\"><span style=\"font-family: Times New Roman, serif;\"><span style=\"font-size: medium;\">demeur<\/span><\/span><\/span><span style=\"color: #000000;\"><span style=\"font-family: Times New Roman, serif;\"><span style=\"font-size: medium;\">er libres d\u2019esprit m\u00eame <\/span><\/span><\/span><span style=\"color: #000000;\"><span style=\"font-family: Times New Roman, serif;\"><span style=\"font-size: medium;\">au sein de la d\u00e9cadence<\/span><\/span><\/span><span style=\"color: #000000;\"><span style=\"font-family: Times New Roman, serif;\"><span style=\"font-size: medium;\"> imp\u00e9rial<\/span><\/span><\/span><span style=\"color: #000000;\"><span style=\"font-family: Times New Roman, serif;\"><span style=\"font-size: medium;\">e<\/span><\/span><\/span><span style=\"color: #000000;\"><span style=\"font-family: Times New Roman, serif;\"><span style=\"font-size: medium;\">. Mais il <\/span><\/span><\/span><span style=\"color: #000000;\"><span style=\"font-family: Times New Roman, serif;\"><span style=\"font-size: medium;\">fournissait aussi<\/span><\/span><\/span><span style=\"color: #000000;\"><span style=\"font-family: Times New Roman, serif;\"><span style=\"font-size: medium;\"> un cadre moral aux dirigeants et inspir<\/span><\/span><\/span><span style=\"color: #000000;\"><span style=\"font-family: Times New Roman, serif;\"><span style=\"font-size: medium;\">a<\/span><\/span><\/span><span style=\"color: #000000;\"><span style=\"font-family: Times New Roman, serif;\"><span style=\"font-size: medium;\"> parfois des actes de r\u00e9bellion lorsque la vertu <\/span><\/span><\/span><span style=\"color: #000000;\"><span style=\"font-family: Times New Roman, serif;\"><span style=\"font-size: medium;\">entrait en conflit avec<\/span><\/span><\/span><span style=\"color: #000000;\"><span style=\"font-family: Times New Roman, serif;\"><span style=\"font-size: medium;\"> la tyrannie. En ce sens, le sto\u00efcisme \u00e9quilibr<\/span><\/span><\/span><span style=\"color: #000000;\"><span style=\"font-family: Times New Roman, serif;\"><span style=\"font-size: medium;\">ait<\/span><\/span><\/span><span style=\"color: #000000;\"><span style=\"font-family: Times New Roman, serif;\"><span style=\"font-size: medium;\"> la survie pragmatique et le courage moral. Il y a ensuite la d\u00e9sob\u00e9issance civile de Thoreau, o\u00f9 le refus de participer \u00e0 des syst\u00e8mes injustes (comme payer des imp\u00f4ts pour financer des guerres) est devenu un acte personnel de d\u00e9fiance. M\u00eame \u00e0 l\u2019\u00e9poque moderne, des mouvements, tels que le minimalisme ou la vie hors r\u00e9seau, bien qu\u2019ils ne soient pas des protestations bruyantes, <\/span><\/span><\/span><span style=\"color: #000000;\"><span style=\"font-family: Times New Roman, serif;\"><span style=\"font-size: medium;\">constituent<\/span><\/span><\/span><span style=\"color: #000000;\"><span style=\"font-family: Times New Roman, serif;\"><span style=\"font-size: medium;\"> des gestes silencieux et des votes <\/span><\/span><\/span><span style=\"color: #000000;\"><span style=\"font-family: Times New Roman, serif;\"><span style=\"font-size: medium;\">tacites <\/span><\/span><\/span><span style=\"color: #000000;\"><span style=\"font-family: Times New Roman, serif;\"><span style=\"font-size: medium;\">contre <\/span><\/span><\/span><span style=\"color: #000000;\"><span style=\"font-family: Times New Roman, serif;\"><span style=\"font-size: medium;\">la machine corporative<\/span><\/span><\/span><span style=\"color: #000000;\"><span style=\"font-family: Times New Roman, serif;\"><span style=\"font-size: medium;\">, redirigeant l\u2019\u00e9nergie qui ser<\/span><\/span><\/span><span style=\"color: #000000;\"><span style=\"font-family: Times New Roman, serif;\"><span style=\"font-size: medium;\">vait <\/span><\/span><\/span><span style=\"color: #000000;\"><span style=\"font-family: Times New Roman, serif;\"><span style=\"font-size: medium;\">\u00e0 soutenir l\u2019empire vers la construction de r\u00e9alit\u00e9s parall\u00e8les.<\/span><\/span><\/span><\/p>\n<p class=\"western\" align=\"justify\"><span style=\"font-family: Times New Roman, serif;\"><span style=\"font-size: medium;\">La beaut\u00e9 \u2014 et le d\u00e9fi \u2014 de la \u00ab prise de conscience silencieuse \u00bb r\u00e9side dans son \u00e9volutivit\u00e9. Si une seule personne se d\u00e9sengage et renonce \u00e0 un mode de vie aliment\u00e9 par l\u2019endettement, ignorant les discours manipulateurs des m\u00e9dias, rejetant un emploi qui d\u00e9truit l\u2019\u00e2me et cultivant l\u2019autonomie, cela semble insignifiant. Mais que se passe-t-il si nous multiplions cela par des millions ? Le syst\u00e8me, construit sur notre conformit\u00e9 \u2014 notre travail, notre attention et notre consommation \u2014 commence in\u00e9vitablement \u00e0 vaciller. Dans ce cas, pas besoin de fourches, juste d\u2019un d\u00e9branchement massif.<\/span><\/span><\/p>\n<p class=\"western\" align=\"justify\"><span style=\"font-family: Times New Roman, serif;\"><span style=\"font-size: medium;\">Nous en avons d\u00e9j\u00e0 eu un aper\u00e7u\u00a0: la \u00ab grande d\u00e9mission \u00bb post-\u00ab pand\u00e9mie \u00bb (que je consid\u00e8re personnellement comme une fausse pand\u00e9mie, aliment\u00e9e par les tests PCR et une manipulation psychologique de niveau militaire) n\u2019\u00e9tait pas seulement due au manque d\u2019emplois ; elle a mis en \u00e9vidence une fissure dans la fa\u00e7ade, les gens commen\u00e7ant \u00e0 r\u00e9aliser qu\u2019ils voulaient autre chose que l\u2019esclavage corporatif et ne souhaitaient plus se plier \u00e0 des r\u00e8gles qui ne servent que les int\u00e9r\u00eats d\u2019une minorit\u00e9.<\/span><\/span><\/p>\n<p class=\"western\" align=\"justify\"><span style=\"font-family: Times New Roman, serif;\"><span style=\"font-size: medium;\">Bien s\u00fbr, l\u2019empire riposte constamment par des distractions\u00a0: d\u00e9filement sans fin, alarmisme ou r\u00e9cup\u00e9ration de la conscience \u00ab woke \u00bb dans des marques commercialisables. Mais si notre objectif final est la libert\u00e9 int\u00e9rieure (car l\u2019ext\u00e9rieur finit toujours par refl\u00e9ter naturellement l\u2019int\u00e9rieur \u00e0 un moment donn\u00e9), alors il existe un r\u00e9el pouvoir dans la promesse de se d\u00e9connecter et de ne plus jamais recevoir d\u2019ordres de la part de cette minorit\u00e9 despotique. En d\u2019autres termes, le syst\u00e8me n\u2019existe que si nous le laissons d\u00e9finir qui nous sommes, nos perceptions et nos actions dans la fa\u00e7on dont nous menons notre vie ; sinon, ce n\u2019est qu\u2019une illusion qui s\u2019effrite et dont nous pouvons consciemment choisir de nous \u00e9loigner.<\/span><\/span><\/p>\n<p class=\"western\" align=\"justify\"><strong><span style=\"color: #000000;\"><span style=\"font-family: Times New Roman, serif;\"><span style=\"font-size: medium;\">Un examen plus approfondi du sto\u00efcisme<\/span><\/span><\/span><\/strong><\/p>\n<p class=\"western\" align=\"justify\"><span style=\"font-family: Times New Roman, serif;\"><span style=\"font-size: medium;\">Le sto\u00efcisme est une philosophie antique fond\u00e9e par Z\u00e9non de\u00a0Citium. Elle fut d\u00e9velopp\u00e9e par des penseurs tels qu\u2019\u00c9pict\u00e8te, S\u00e9n\u00e8que et Marc Aur\u00e8le, et propose un ensemble d\u2019outils pour cultiver la libert\u00e9 int\u00e9rieure au milieu du chaos ext\u00e9rieur.<\/span><\/span><\/p>\n<p class=\"western\" align=\"justify\"><span style=\"font-family: Times New Roman, serif;\"><span style=\"font-size: medium;\">Au fond, le d\u00e9sengagement n\u2019est pas une question d\u2019apathie ou de retrait de la vie, mais un changement d\u00e9lib\u00e9r\u00e9 d\u2019orientation\u00a0: se d\u00e9tacher de ce que nous ne pouvons pas contr\u00f4ler (les \u00e9l\u00e9ments ext\u00e9rieurs, tels que les r\u00e9sultats, les opinions ou les \u00e9v\u00e9nements) tout en s\u2019engageant pleinement dans ce que nous pouvons contr\u00f4ler (nos jugements, nos actions et notre caract\u00e8re). Cette \u00ab observation silencieuse \u00bb s\u2019aligne sur le rejet des structures despotiques en revendiquant la souverainet\u00e9 personnelle.<\/span><\/span><\/p>\n<p class=\"western\" align=\"justify\"><span style=\"font-family: Times New Roman, serif;\"><span style=\"font-size: medium;\">Ce qui suit est mon interpr\u00e9tation moderne du sto\u00efcisme. Le sto\u00efcisme classique mettait l\u2019accent sur le devoir civique et l\u2019engagement actif dans la soci\u00e9t\u00e9, mais je consid\u00e8re ses pratiques comme un cadre permettant de se d\u00e9sengager des syst\u00e8mes corrompus.<\/span><\/span><\/p>\n<p class=\"western\" align=\"justify\"><span style=\"font-family: Times New Roman, serif;\"><span style=\"font-size: medium;\"><b>1. La dichotomie du contr\u00f4le\u00a0: distinguer ce qui vous appartient de ce qui ne vous appartient pas<\/b><\/span><\/span><\/p>\n<p class=\"western\" align=\"justify\"><a href=\"https:\/\/www.bookey.app\/book\/enchiridion\/quote\"><span style=\"color: #000080;\"><span style=\"color: #000000;\"><span style=\"font-family: Times New Roman, serif;\"><span style=\"font-size: medium;\">\u00c9pict\u00e8te enseign<\/span><\/span><\/span><\/span><span style=\"color: #000080;\"><span style=\"color: #000000;\"><span style=\"font-family: Times New Roman, serif;\"><span style=\"font-size: medium;\">ait<\/span><\/span><\/span><\/span><span style=\"color: #000080;\"><span style=\"color: #000000;\"><span style=\"font-family: Times New Roman, serif;\"><span style=\"font-size: medium;\"> que \u00ab certaines choses d\u00e9pendent de nous, et d\u2019autres non<\/span><\/span><\/span><\/span><\/a><span style=\"color: #000000;\"><span style=\"font-family: Times New Roman, serif;\"><span style=\"font-size: medium;\"> \u00bb. Le d\u00e9sengagement commence ici, en classant mentalement les exp\u00e9riences. Les \u00e9l\u00e9ments externes, tels que la richesse, la r\u00e9putation ou le comportement des autres ne \u00ab d\u00e9pendent pas de nous \u00bb, donc leur accorder une importance \u00e9motionnelle entra\u00eene des souffrances inutiles. Au lieu de cela, nous avons la possibilit\u00e9 de nous concentrer sur les \u00e9l\u00e9ments internes\u00a0: nos intentions, nos efforts et nos r\u00e9actions.<\/span><\/span><\/span><\/p>\n<p class=\"western\" align=\"justify\"><span style=\"font-family: Times New Roman, serif;\"><span style=\"font-size: medium;\"><b>2. La visualisation n\u00e9gative (<i>Premeditatio Malorum<\/i>)\u00a0: se pr\u00e9parer \u00e0 la perte pour appr\u00e9cier le pr\u00e9sent<\/b><\/span><\/span><\/p>\n<p class=\"western\" align=\"justify\"><a href=\"https:\/\/en.wikisource.org\/wiki\/Moral_letters_to_Lucilius\"><span style=\"color: #000080;\"><span style=\"color: #000000;\"><span style=\"font-family: Times New Roman, serif;\"><span style=\"font-size: medium;\">S\u00e9n\u00e8que conseillait d\u2019imaginer les malheurs <\/span><\/span><\/span><\/span><span style=\"color: #000080;\"><span style=\"color: #000000;\"><span style=\"font-family: Times New Roman, serif;\"><span style=\"font-size: medium;\">possibles <\/span><\/span><\/span><\/span><span style=\"color: #000080;\"><span style=\"color: #000000;\"><span style=\"font-family: Times New Roman, serif;\"><span style=\"font-size: medium;\">\u00e0 l\u2019avance<\/span><\/span><\/span><\/span><\/a><span style=\"color: #000000;\"><span style=\"font-family: Times New Roman, serif;\"><span style=\"font-size: medium;\">, non pas pour s\u2019y <\/span><\/span><\/span><span style=\"color: #000000;\"><span style=\"font-family: Times New Roman, serif;\"><span style=\"font-size: medium;\">complaire<\/span><\/span><\/span><span style=\"color: #000000;\"><span style=\"font-family: Times New Roman, serif;\"><span style=\"font-size: medium;\">, mais pour en att\u00e9nuer la douleur et cultiver la gratitude. En nous entra\u00eenant mentalement \u00e0 nous d\u00e9tacher de nos possessions, de nos relations ou de notre statut <\/span><\/span><\/span><span style=\"color: #000000;\"><span style=\"font-family: Times New Roman, serif;\"><span style=\"font-size: medium;\">social<\/span><\/span><\/span><span style=\"color: #000000;\"><span style=\"font-family: Times New Roman, serif;\"><span style=\"font-size: medium;\">, nous affaiblissons leur emprise sur nous.<\/span><\/span><\/span><\/p>\n<p class=\"western\" align=\"justify\"><span style=\"font-family: Times New Roman, serif;\"><span style=\"font-size: medium;\"><b>3. La distanciation cognitive\u00a0: prendre du recul par rapport \u00e0 nos impressions<\/b><\/span><\/span><\/p>\n<p class=\"western\" align=\"justify\"><span style=\"font-family: Times New Roman, serif;\"><span style=\"font-size: medium;\">Les sto\u00efciens consid\u00e9raient les pens\u00e9es comme des \u00ab impressions \u00bb (<i>phantasia<\/i>) qui ne sont pas des faits, mais des interpr\u00e9tations. Autrement dit, une perception subjective de la r\u00e9alit\u00e9. Se d\u00e9tacher de nos pens\u00e9es (impressions) implique de cr\u00e9er un espace mental entre un \u00e9v\u00e9nement et notre r\u00e9action, en observant nos pens\u00e9es sans s\u2019y identifier. Par exemple, lorsqu\u2019un discours manipulateur (par exemple, une campagne m\u00e9diatique alarmiste) appara\u00eet, nous pourrions le qualifier ainsi\u00a0: \u00ab Ce n\u2019est qu\u2019une impression, pas la r\u00e9alit\u00e9 \u00bb. Nous pourrions ensuite noter l\u2019\u00e9v\u00e9nement d\u00e9clencheur, notre jugement initial, puis une alternative rationnelle. \u00c9pict\u00e8te utilisait cette technique pour supporter l\u2019esclavage, en se concentrant sur son esprit libre.<\/span><\/span><\/p>\n<p class=\"western\" align=\"justify\"><span style=\"font-family: Times New Roman, serif;\"><span style=\"font-size: medium;\"><b>4. Accepter l\u2019impermanence et limiter ses d\u00e9sirs<\/b><\/span><\/span><\/p>\n<p class=\"western\" align=\"justify\"><span style=\"color: #000080;\"><a href=\"https:\/\/www.goodreads.com\/work\/quotes\/31010-meditations\"><span style=\"color: #000000;\"><span style=\"font-family: Times New Roman, serif;\"><span style=\"font-size: medium;\">Tout change\u00a0: les sto\u00efciens comme Marc Aur\u00e8le m\u00e9ditaient sur ce sujet<\/span><\/span><\/span><\/a><\/span><span style=\"color: #000000;\"><span style=\"font-family: Times New Roman, serif;\"><span style=\"font-size: medium;\"> (<\/span><\/span><\/span><span style=\"color: #000000;\"><span style=\"font-family: Times New Roman, serif;\"><span style=\"font-size: medium;\"><i>memento mori<\/i><\/span><\/span><\/span><span style=\"color: #000000;\"><span style=\"font-family: Times New Roman, serif;\"><span style=\"font-size: medium;\">) pour se d\u00e9tacher des plaisirs ou des douleurs \u00e9ph\u00e9m\u00e8res. En freinant ainsi les d\u00e9sirs ou les inqui\u00e9tudes excessifs, nous \u00e9vitons de devenir esclaves de l\u2019ext\u00e9rieur, renfor\u00e7ant ainsi l\u2019id\u00e9e de refuser les ordres d\u2019un syst\u00e8me despotique <\/span><\/span><\/span><span style=\"color: #000000;\"><span style=\"font-family: Times New Roman, serif;\"><span style=\"font-size: medium;\">simplement pour \u00ab rentrer dans le rang \u00bb.<\/span><\/span><\/span><\/p>\n<p class=\"western\" align=\"justify\"><span style=\"font-family: Times New Roman, serif;\"><span style=\"font-size: medium;\">Pratiquer volontairement l\u2019inconfort aide \u00e0 y parvenir. Par exemple, nous pouvons je\u00fbner volontairement ou simplifier nos routines pour nous rappeler que l\u2019essentiel suffit et que nous n\u2019avons jamais autant besoin que nous le pensions. Nous pouvons \u00e9galement recadrer nos d\u00e9sirs\u00a0: au lieu de rechercher l\u2019approbation sociale, nous pouvons aspirer simplement \u00e0 agir de mani\u00e8re juste et morale.<\/span><\/span><\/p>\n<p class=\"western\" align=\"justify\"><span style=\"font-family: Times New Roman, serif;\"><span style=\"font-size: medium;\">5<b>. R\u00e9flexion quotidienne et recadrage\u00a0: r<\/b><b>\u00e9vise<\/b><b>r et r\u00e9orienter<\/b><\/span><\/span><\/p>\n<p class=\"western\" align=\"justify\"><span style=\"font-family: Times New Roman, serif;\"><span style=\"font-size: medium;\">Nous pouvons terminer chaque journ\u00e9e par un examen de conscience et r\u00e9fl\u00e9chir \u00e0 ce \u00e0 quoi nous nous sommes attach\u00e9s inutilement. De cette fa\u00e7on, au lieu de passer d\u2019une crise \u00e0 l\u2019autre avec nos \u00e9motions et nos actions fa\u00e7onn\u00e9es par les circonstances, nous apprenons \u00e0 recadrer les revers comme des opportunit\u00e9s de croissance. \u00c0 long terme, cela cr\u00e9e un d\u00e9sengagement habituel et nous aide \u00e0 nous \u00e9loigner de l\u2019anxi\u00e9t\u00e9 face \u00e0 l\u2019avenir et de la col\u00e8re face au pass\u00e9, deux sentiments qui n\u2019existent pas dans le pr\u00e9sent, car ils ont disparu ou ne se sont pas encore produits.<\/span><\/span><\/p>\n<p class=\"western\" align=\"justify\"><strong><span style=\"color: #000000;\"><span style=\"font-family: Times New Roman, serif;\"><span style=\"font-size: medium;\">Un examen plus approfondi de la d\u00e9sob\u00e9issance civile de Thoreau<\/span><\/span><\/span><\/strong><\/p>\n<p class=\"western\" align=\"justify\"><span style=\"color: #000080;\"><a href=\"https:\/\/www.goodreads.com\/work\/quotes\/40809986-resistance-to-civil-government\"><span style=\"color: #000000;\"><span style=\"font-family: Times New Roman, serif;\"><span style=\"font-size: medium;\">L\u2019essai de Henry David Thoreau, <\/span><\/span><\/span><\/a><\/span><span style=\"color: #000080;\"><a href=\"https:\/\/www.goodreads.com\/work\/quotes\/40809986-resistance-to-civil-government\"><span style=\"color: #000000;\"><span style=\"font-family: Times New Roman, serif;\"><span style=\"font-size: medium;\"><i>Civil Disobedience <\/i><\/span><\/span><\/span><\/a><\/span><a href=\"https:\/\/www.goodreads.com\/work\/quotes\/40809986-resistance-to-civil-government\"><span style=\"color: #000080;\"><span style=\"color: #000000;\"><span style=\"font-family: Times New Roman, serif;\"><span style=\"font-size: medium;\">(1849, <\/span><\/span><\/span><\/span><span style=\"color: #000080;\"><span style=\"color: #000000;\"><span style=\"font-family: Times New Roman, serif;\"><span style=\"font-size: medium;\">tr fr <\/span><\/span><\/span><\/span><span style=\"color: #000080;\"><span style=\"color: #000000;\"><span style=\"font-family: Times New Roman, serif;\"><span style=\"font-size: medium;\"><i>La d\u00e9sob\u00e9issance civile<\/i><\/span><\/span><\/span><\/span><span style=\"color: #000080;\"><span style=\"color: #000000;\"><span style=\"font-family: Times New Roman, serif;\"><span style=\"font-size: medium;\">),<\/span><\/span><\/span><\/span><\/a><span style=\"color: #000000;\"><span style=\"font-family: Times New Roman, serif;\"><span style=\"font-size: medium;\"> est consid\u00e9r\u00e9 comme la pierre angulaire de la r\u00e9sistance morale individuelle <\/span><\/span><\/span><span style=\"color: #000000;\"><span style=\"font-family: Times New Roman, serif;\"><span style=\"font-size: medium;\">face \u00e0 une <\/span><\/span><\/span><span style=\"color: #000000;\"><span style=\"font-family: Times New Roman, serif;\"><span style=\"font-size: medium;\">autorit\u00e9 injuste. \u00c9crit dans un contexte d\u2019esclavage et de guerre am\u00e9ricano-mexicaine, il s\u2019inspire directement du refus de Thoreau de payer <\/span><\/span><\/span><span style=\"color: #000000;\"><span style=\"font-family: Times New Roman, serif;\"><span style=\"font-size: medium;\">un imp\u00f4t en 1846, ce qui lui valut une nuit en prison \u00e0 Concord.<\/span><\/span><\/span><\/p>\n<p class=\"western\" align=\"justify\"><span style=\"font-family: Times New Roman, serif;\"><span style=\"font-size: medium;\">Cet acte personnel nourrit une argumentation qui r\u00e9sonne encore aujourd\u2019hui\u00a0: le d\u00e9sengagement silencieux des syst\u00e8mes corrompus, associ\u00e9 au refus de les financer, faisant \u00e9cho aux pratiques sto\u00efciennes et \u00e0 ma vision des gens comme des \u00ab cygnes noirs \u00bb.<\/span><\/span><\/p>\n<p class=\"western\" align=\"justify\"><span style=\"font-family: Times New Roman, serif;\"><span style=\"font-size: medium;\">L\u2019essai de Thoreau s\u2019ouvre sur la phrase suivante\u00a0: \u00ab Le gouvernement le meilleur est celui qui gouverne le moins \u00bb (une citation souvent attribu\u00e9e \u00e0 tort \u00e0 Thomas Jefferson et paraphras\u00e9e de mani\u00e8re erron\u00e9e comme \u00ab ne gouverne pas du tout \u00bb). Il soutient que le gouvernement est rarement utile et constitue souvent un obstacle, tirant son pouvoir de la force de la majorit\u00e9 plut\u00f4t que du droit moral. Lorsqu\u2019il devient injuste, par exemple en soutenant l\u2019esclavage, les guerres d\u2019agression et\/ou d\u2019autres comportements immoraux, il exige la complicit\u00e9 des citoyens par le biais des imp\u00f4ts, des votes et\/ou d\u2019une ob\u00e9issance aveugle.<\/span><\/span><\/p>\n<p class=\"western\" align=\"justify\"><strong><span style=\"color: #000000;\"><span style=\"font-family: Times New Roman, serif;\"><span style=\"font-size: medium;\">Principes cl\u00e9s de Thoreau<\/span><\/span><\/span><\/strong><\/p>\n<p class=\"western\" align=\"justify\"><strong><span style=\"color: #000000;\"><span style=\"font-family: Times New Roman, serif;\"><span style=\"font-size: medium;\">Privil\u00e9gier la conscience plut\u00f4t que la loi<\/span><\/span><\/span><\/strong><\/p>\n<p class=\"western\" align=\"justify\"><span style=\"font-family: Times New Roman, serif;\"><span style=\"font-size: medium;\">\u00ab La seule obligation que j\u2019aie le droit d\u2019assumer est de faire en tout temps ce que je crois juste. \u00bb<\/span><\/span><\/p>\n<p class=\"western\" align=\"justify\"><span style=\"color: #000000;\"><span style=\"font-family: Times New Roman, serif;\"><span style=\"font-size: medium;\">La l\u00e9gislation moderne soutient souvent des structures de pouvoir immorales. <\/span><\/span><\/span><span style=\"color: #000000;\"><span style=\"font-family: Times New Roman, serif;\"><span style=\"font-size: medium;\">\u00c0 mon avis,<\/span><\/span><\/span><span style=\"color: #000000;\"><span style=\"font-family: Times New Roman, serif;\"><span style=\"font-size: medium;\"> la l\u00e9gislation est la plupart du temps immorale. Au Royaume-Uni, le Parlement peut adopter toutes les lois qu\u2019il souhaite. C\u2019est pourquoi j\u2019ai utilis\u00e9 le \u00ab probl\u00e8me<\/span><\/span><\/span><span style=\"color: #000080;\"><a href=\"https:\/\/ukconstitutionallaw.org\/tag\/blue-eyed-babies\/\"><span style=\"color: #000000;\"><span style=\"font-family: Times New Roman, serif;\"><span style=\"font-size: medium;\"> du b\u00e9b\u00e9 aux yeux bleus<\/span><\/span><\/span><\/a><\/span><span style=\"color: #000000;\"><span style=\"font-family: Times New Roman, serif;\"><span style=\"font-size: medium;\"> \u00bb comme exemple tout au long de ma carri\u00e8re juridique, afin de montrer \u00e0 quel point la loi peut \u00eatre moralement d\u00e9faillante\u00a0: les lois peuvent contraindre \u00e0 des actes immoraux, et les gens ob\u00e9issent parce que \u00ab le gouvernement l\u2019a demand\u00e9 \u00bb. Thoreau soulign<\/span><\/span><\/span><span style=\"color: #000000;\"><span style=\"font-family: Times New Roman, serif;\"><span style=\"font-size: medium;\">a<\/span><\/span><\/span><span style=\"color: #000000;\"><span style=\"font-family: Times New Roman, serif;\"><span style=\"font-size: medium;\"> la priorit\u00e9 de la conscience dans de telles circonstances, plut\u00f4t que <\/span><\/span><\/span><span style=\"color: #000000;\"><span style=\"font-family: Times New Roman, serif;\"><span style=\"font-size: medium;\">de<\/span><\/span><\/span><span style=\"color: #000000;\"><span style=\"font-family: Times New Roman, serif;\"><span style=\"font-size: medium;\"> s\u2019appuye<\/span><\/span><\/span><span style=\"color: #000000;\"><span style=\"font-family: Times New Roman, serif;\"><span style=\"font-size: medium;\">r<\/span><\/span><\/span><span style=\"color: #000000;\"><span style=\"font-family: Times New Roman, serif;\"><span style=\"font-size: medium;\"> sur la loi pour leur montrer ce qui est \u00ab juste \u00bb.<\/span><\/span><\/span><\/p>\n<p class=\"western\" align=\"justify\"><strong><span style=\"color: #000000;\"><span style=\"font-family: Times New Roman, serif;\"><span style=\"font-size: medium;\">Rejeter la complicit\u00e9 passive<\/span><\/span><\/span><\/strong><\/p>\n<p class=\"western\" align=\"justify\"><span style=\"font-family: Times New Roman, serif;\"><span style=\"font-size: medium;\">Une simple opinion contre l\u2019injustice ne suffit pas. Thoreau appelle \u00e0 un refus actif\u00a0: \u00ab Si l\u2019injustice est indissociable du frottement n\u00e9cessaire \u00e0 la machine gouvernementale, l\u2019affaire est entendue.\u2026 Mais quand la friction en arrive \u00e0 avoir sa machine et que l\u2019oppression et le vol sont organis\u00e9s, alors je dis \u201cd\u00e9barrassons-nous de cette machine\u201d\u00a0\u00bb.<\/span><\/span><\/p>\n<p class=\"western\" align=\"justify\"><strong><span style=\"color: #000000;\"><span style=\"font-family: Times New Roman, serif;\"><span style=\"font-size: medium;\">La r\u00e9sistance non violente comme devoir moral<\/span><\/span><\/span><\/strong><\/p>\n<p class=\"western\" align=\"justify\"><span style=\"font-family: Times New Roman, serif;\"><span style=\"font-size: medium;\">Enfreignez d\u00e9lib\u00e9r\u00e9ment les lois injustes et acceptez les cons\u00e9quences (y compris la prison) sans recourir \u00e0 la violence. \u00ab Si un millier d\u2019hommes devaient s\u2019abstenir de payer leurs imp\u00f4ts cette ann\u00e9e\u2026 Cela d\u00e9finit, en fait, une r\u00e9volution pacifique. \u00bb<\/span><\/span><\/p>\n<p class=\"western\" align=\"justify\"><strong><span style=\"color: #000000;\"><span style=\"font-family: Times New Roman, serif;\"><span style=\"font-size: medium;\">La s<\/span><\/span><\/span><\/strong><strong><span style=\"color: #000000;\"><span style=\"font-family: Times New Roman, serif;\"><span style=\"font-size: medium;\">ouverainet\u00e9 individuelle<\/span><\/span><\/span><\/strong><\/p>\n<p class=\"western\" align=\"justify\"><span style=\"font-family: Times New Roman, serif;\"><span style=\"font-size: medium;\">\u00catre \u00ab d\u2019abord des hommes, et ensuite des sujets \u00bb. Le gouvernement existe pour garantir la libert\u00e9, pas pour passer outre la conscience.<\/span><\/span><\/p>\n<p class=\"western\" align=\"justify\"><span style=\"color: #000000;\"><span style=\"font-family: Times New Roman, serif;\"><span style=\"font-size: medium;\">Thoreau ne pr\u00f4nait pas l\u2019anarchie pure et simple, mais un meilleur gouvernement \u2014 ou, pour ceux qui ne voulaient pas attendre, la s\u00e9paration personnelle de l<\/span><\/span><\/span><span style=\"color: #000000;\"><span style=\"font-family: Times New Roman, serif;\"><span style=\"font-size: medium;\">a machine<\/span><\/span><\/span><span style=\"color: #000000;\"><span style=\"font-family: Times New Roman, serif;\"><span style=\"font-size: medium;\"> \u00e9tatique. C\u2019est l\u00e0 que je diverge\u00a0: je crois que toute gouvernance est corruptible et, en fin de compte, immorale et donc <\/span><\/span><\/span><span style=\"color: #000000;\"><span style=\"font-family: Times New Roman, serif;\"><span style=\"font-size: medium;\">impraticable.<\/span><\/span><\/span> <span style=\"color: #000000;\"><span style=\"font-family: Times New Roman, serif;\"><span style=\"font-size: medium;\">Cependant, la pens\u00e9e de Thoreau souligne que le changement syst\u00e9mique commence souvent par le refus des individus de participer \u2014 ce qui correspond \u00e0 mon id\u00e9e du d\u00e9sengagement comme premi\u00e8re \u00e9tape vers l\u2019\u00e9rosion silencieuse du contr\u00f4le despotique.<\/span><\/span><\/span><\/p>\n<p class=\"western\" align=\"justify\"><span style=\"font-family: Times New Roman, serif;\"><span style=\"font-size: medium;\">Ce que nous pouvons retenir de ce qui pr\u00e9c\u00e8de, c\u2019est que le sto\u00efcisme enseigne la souverainet\u00e9 int\u00e9rieure, Thoreau enseigne la r\u00e9sistance morale et Taleb nous enseigne que des \u00e9v\u00e9nements rares et impr\u00e9visibles remod\u00e8lent l\u2019histoire. Ma r\u00e9interpr\u00e9tation est que nous pouvons nous-m\u00eames \u00eatre cet \u00e9v\u00e9nement rare et impr\u00e9visible, le cygne noir\u00a0: des millions de personnes se d\u00e9sengageant silencieusement, refusant les ordres et affamant l\u2019empire de l\u2019int\u00e9rieur.<\/span><\/span><\/p>\n<p class=\"western\" align=\"justify\"><span style=\"font-family: Times New Roman, serif;\"><span style=\"font-size: medium;\">Non pas par un soul\u00e8vement violent, mais par une non-participation fond\u00e9e sur des principes. Vivre ainsi, c\u2019est retrouver la forme la plus profonde de libert\u00e9\u00a0: la libert\u00e9 de conscience, la libert\u00e9 de se tenir debout dans un monde qui exige de s\u2019agenouiller, la libert\u00e9 de vivre selon les principes moraux les plus \u00e9lev\u00e9s.<\/span><\/span><\/p>\n<p class=\"western\" align=\"justify\"><span style=\"font-family: Times New Roman, serif;\"><span style=\"font-size: medium;\">Ce qui est fascinant dans cette id\u00e9e, c\u2019est que la v\u00e9ritable r\u00e9volution n\u2019est peut-\u00eatre pas l\u2019effondrement sanglant et visible des empires, mais le r\u00e9veil silencieux d\u2019individus qui r\u00e9alisent enfin qu\u2019aucun empire ne peut jamais commander l\u2019\u00e2me. Dans cette prise de conscience, l\u2019histoire elle-m\u00eame commence \u00e0 basculer, non pas dans le fracas, mais dans le silence ; non pas dans le spectacle, mais dans la dignit\u00e9 tranquille de ceux qui choisissent enfin de vivre libres.<\/span><\/span><\/p>\n<p class=\"western\" align=\"justify\"><span style=\"font-family: Times New Roman, serif;\"><span style=\"font-size: medium;\"><b>R\u00e9f\u00e9rences principales sous forme de bloc\u00a0:<\/b><\/span><\/span><\/p>\n<p class=\"western\" align=\"justify\"><strong><span style=\"color: #000000;\"><span style=\"font-family: Times New Roman, serif;\"><span style=\"font-size: medium;\">Concept du cygne noir<\/span><\/span><\/span><\/strong><\/p>\n<ul>\n<li>\n<p class=\"western\" align=\"justify\"><strong><span style=\"color: #000000;\"><span style=\"font-family: Times New Roman, serif;\"><span style=\"font-size: medium;\">Nassim Nicholas Taleb, Le Cygne noir\u00a0: l\u2019impact de l\u2019impr\u00e9visible (2007) <\/span><\/span><\/span><\/strong><span style=\"color: #000000;\"><span style=\"font-family: Times New Roman, serif;\"><span style=\"font-size: medium;\">\u2014 D\u00e9finit les \u00e9v\u00e9nements du Cygne noir comme rare, impr\u00e9visibles, \u00e0 fort impact et \u00e9vidents seulement avec le recul. Source\u00a0: <\/span><\/span><\/span><span style=\"color: #000080;\"><a href=\"https:\/\/readingraphics.com\/book-summary-the-black-swan\/\"><span style=\"color: #000000;\"><span style=\"font-family: Times New Roman, serif;\"><span style=\"font-size: medium;\">Readingraphics \u2014 R\u00e9sum\u00e9 du livre <\/span><\/span><\/span><\/a><\/span><span style=\"color: #000080;\"><a href=\"https:\/\/readingraphics.com\/book-summary-the-black-swan\/\"><span style=\"color: #000000;\"><span style=\"font-family: Times New Roman, serif;\"><span style=\"font-size: medium;\"><i>Le Cygne noir<\/i><\/span><\/span><\/span><\/a><\/span><\/p>\n<\/li>\n<\/ul>\n<p class=\"western\" align=\"justify\"><strong><span style=\"color: #000000;\"><span style=\"font-family: Times New Roman, serif;\"><span style=\"font-size: medium;\">Sto\u00efcisme<\/span><\/span><\/span><\/strong><\/p>\n<ul>\n<li>\n<p class=\"western\" align=\"justify\"><strong><span style=\"color: #000000;\"><span style=\"font-family: Times New Roman, serif;\"><span style=\"font-size: medium;\">\u00c9pict\u00e8te, Enchiridion <\/span><\/span><\/span><\/strong><span style=\"color: #000000;\"><span style=\"font-family: Times New Roman, serif;\"><span style=\"font-size: medium;\">\u2014 \u00ab Certaines choses sont sous notre contr\u00f4le, d\u2019autres non \u00bb (chapitre\u00a01) Source\u00a0: <\/span><\/span><\/span><span style=\"color: #000080;\"><a href=\"https:\/\/www.bookey.app\/book\/enchiridion\/quote\"><span style=\"color: #000000;\"><span style=\"font-family: Times New Roman, serif;\"><span style=\"font-size: medium;\">r\u00e9sum\u00e9 du livre <\/span><\/span><\/span><\/a><\/span><span style=\"color: #000080;\"><a href=\"https:\/\/www.bookey.app\/book\/enchiridion\/quote\"><span style=\"color: #000000;\"><span style=\"font-family: Times New Roman, serif;\"><span style=\"font-size: medium;\"><i>Enchiridion<\/i><\/span><\/span><\/span><\/a><\/span><span style=\"color: #000080;\"><a href=\"https:\/\/www.bookey.app\/book\/enchiridion\/quote\"><span style=\"color: #000000;\"><span style=\"font-family: Times New Roman, serif;\"><span style=\"font-size: medium;\"> par Bookey<\/span><\/span><\/span><\/a><\/span><\/p>\n<\/li>\n<li>\n<p class=\"western\" align=\"justify\"><strong><span style=\"color: #000000;\"><span style=\"font-family: Times New Roman, serif;\"><span style=\"font-size: medium;\">S\u00e9n\u00e8que, Lettres \u00e0 Lucilius <\/span><\/span><\/span><\/strong><span style=\"color: #000000;\"><span style=\"font-family: Times New Roman, serif;\"><span style=\"font-size: medium;\">\u2014 <\/span><\/span><\/span><em><span style=\"color: #000000;\"><span style=\"font-family: Times New Roman, serif;\"><span style=\"font-size: medium;\">Premeditatio malorum <\/span><\/span><\/span><\/em><span style=\"color: #000000;\"><span style=\"font-family: Times New Roman, serif;\"><span style=\"font-size: medium;\">(imaginer les malheurs pour en att\u00e9nuer la douleur). Source\u00a0: <\/span><\/span><\/span><span style=\"color: #000080;\"><a href=\"https:\/\/en.wikisource.org\/wiki\/Moral_letters_to_Lucilius\"><span style=\"color: #000000;\"><span style=\"font-family: Times New Roman, serif;\"><span style=\"font-size: medium;\">\u00e9dition Wikisource des <\/span><\/span><\/span><\/a><\/span><span style=\"color: #000080;\"><a href=\"https:\/\/en.wikisource.org\/wiki\/Moral_letters_to_Lucilius\"><span style=\"color: #000000;\"><span style=\"font-family: Times New Roman, serif;\"><span style=\"font-size: medium;\"><i>Lettres morales \u00e0 Lucilius<\/i><\/span><\/span><\/span><\/a><\/span><\/p>\n<\/li>\n<li>\n<p class=\"western\" align=\"justify\"><strong><span style=\"color: #000000;\"><span style=\"font-family: Times New Roman, serif;\"><span style=\"font-size: medium;\">Marc Aur\u00e8le, M\u00e9ditations <\/span><\/span><\/span><\/strong><span style=\"color: #000000;\"><span style=\"font-family: Times New Roman, serif;\"><span style=\"font-size: medium;\">\u2014 R\u00e9flexions sur l\u2019impermanence et la mortalit\u00e9 (<\/span><\/span><\/span><em><span style=\"color: #000000;\"><span style=\"font-family: Times New Roman, serif;\"><span style=\"font-size: medium;\">memento mori<\/span><\/span><\/span><\/em><span style=\"color: #000000;\"><span style=\"font-family: Times New Roman, serif;\"><span style=\"font-size: medium;\">). Source\u00a0: <\/span><\/span><\/span><span style=\"color: #000080;\"><span style=\"color: #000000;\"><span style=\"font-family: Times New Roman, serif;\"><span style=\"font-size: medium;\"><a href=\"https:\/\/www.goodreads.com\/work\/quotes\/31010-meditations\">Collection Goodreads de <\/a><a href=\"https:\/\/www.goodreads.com\/work\/quotes\/31010-meditations\">citations tir\u00e9es <\/a><\/span><\/span><\/span><\/span><span style=\"color: #000080;\"><a href=\"https:\/\/www.goodreads.com\/work\/quotes\/31010-meditations\"><span style=\"color: #000000;\"><span style=\"font-family: Times New Roman, serif;\"><span style=\"font-size: medium;\"><i>des M\u00e9ditations<\/i><\/span><\/span><\/span><\/a><\/span><\/p>\n<\/li>\n<\/ul>\n<p class=\"western\" align=\"justify\"><strong><span style=\"color: #000000;\"><span style=\"font-family: Times New Roman, serif;\"><span style=\"font-size: medium;\">Thoreau<\/span><\/span><\/span><\/strong><\/p>\n<ul>\n<li>\n<p class=\"western\" align=\"justify\"><strong><span style=\"color: #000000;\"><span style=\"font-family: Times New Roman, serif;\"><span style=\"font-size: medium;\">Henry David Thoreau, La d\u00e9sob\u00e9issance civile <\/span><\/span><\/span><\/strong><span style=\"color: #000000;\"><span style=\"font-family: Times New Roman, serif;\"><span style=\"font-size: medium;\">(<\/span><\/span><\/span><em><span style=\"color: #000000;\"><span style=\"font-family: Times New Roman, serif;\"><span style=\"font-size: medium;\">R\u00e9sistance au gouvernement civil<\/span><\/span><\/span><\/em><span style=\"color: #000000;\"><span style=\"font-family: Times New Roman, serif;\"><span style=\"font-size: medium;\">, 1849).<\/span><\/span><\/span><\/p>\n<\/li>\n<\/ul>\n<ul>\n<li>\n<p class=\"western\" align=\"justify\"><span style=\"font-family: Times New Roman, serif;\"><span style=\"font-size: medium;\">\u00ab Le meilleur gouvernement est celui qui gouverne le moins. \u00bb<\/span><\/span><\/p>\n<\/li>\n<li>\n<p class=\"western\" align=\"justify\"><span style=\"font-family: Times New Roman, serif;\"><span style=\"font-size: medium;\">\u00ab Sous un gouvernement qui emprisonne injustement, la v\u00e9ritable place d\u2019un homme juste est \u00e9galement la prison. \u00bb<\/span><\/span><\/p>\n<\/li>\n<li>\n<p class=\"western\" align=\"justify\"><span style=\"font-family: Times New Roman, serif;\"><span style=\"font-size: medium;\">\u00ab Je ne demande pas imm\u00e9diatement l\u2019absence de gouvernement, mais imm\u00e9diatement un meilleur gouvernement. \u00bb<\/span><\/span><\/p>\n<\/li>\n<li>\n<p class=\"western\" align=\"justify\"><span style=\"color: #000000;\"><span style=\"font-family: Times New Roman, serif;\"><span style=\"font-size: medium;\">Source\u00a0: <\/span><\/span><\/span><span style=\"color: #000080;\"><span style=\"color: #000000;\"><span style=\"font-family: Times New Roman, serif;\"><span style=\"font-size: medium;\"><a href=\"https:\/\/www.goodreads.com\/work\/quotes\/40809986-resistance-to-civil-government\">Recueil Goodreads de <\/a><a href=\"https:\/\/www.goodreads.com\/work\/quotes\/40809986-resistance-to-civil-government\">citations tir\u00e9es de <\/a><\/span><\/span><\/span><\/span><span style=\"color: #000080;\"><a href=\"https:\/\/www.goodreads.com\/work\/quotes\/40809986-resistance-to-civil-government\"><span style=\"color: #000000;\"><span style=\"font-family: Times New Roman, serif;\"><span style=\"font-size: medium;\"><i>La d\u00e9sob\u00e9issance civile<\/i><\/span><\/span><\/span><\/a><\/span><\/p>\n<\/li>\n<\/ul>\n<p class=\"western\" align=\"justify\"><span style=\"color: #000000;\"><span style=\"font-family: Times New Roman, serif;\"><span style=\"font-size: medium;\">Texte original publi\u00e9 le 27\u00a0f\u00e9vrier 2026\u00a0: <\/span><\/span><\/span><span style=\"color: #000080;\"><u><a href=\"https:\/\/clarewillsharrison.substack.com\/p\/the-dignity-of-silence-and-withdrawal\" target=\"_blank\" rel=\"noopener\"><span style=\"color: #000000;\"><span style=\"font-family: Times New Roman, serif;\"><span style=\"font-size: medium;\">https:\/\/clarewillsharrison.substack.com\/p\/the-dignity-of-silence-and-withdrawal<\/span><\/span><\/span><\/a><\/u><\/span><\/p>\n","protected":false},"excerpt":{"rendered":"<p>La beaut\u00e9 \u2014 et le d\u00e9fi \u2014 de la \u00ab prise de conscience silencieuse \u00bb r\u00e9side dans son \u00e9volutivit\u00e9. Si une seule personne se d\u00e9sengage et renonce \u00e0 un mode de vie aliment\u00e9 par l\u2019endettement, ignorant les discours manipulateurs des m\u00e9dias, rejetant un emploi qui d\u00e9truit l\u2019\u00e2me et cultivant l\u2019autonomie, cela semble insignifiant. Mais que se passe-t-il si nous multiplions cela par des millions ? Le syst\u00e8me, construit sur notre conformit\u00e9 \u2014 notre travail, notre attention et notre consommation \u2014 commence in\u00e9vitablement \u00e0 vaciller. Dans ce cas, pas besoin de fourches, juste d\u2019un d\u00e9branchement massif.<\/p>\n","protected":false},"author":2,"featured_media":21096,"comment_status":"closed","ping_status":"closed","sticky":false,"template":"","format":"standard","meta":{"footnotes":""},"categories":[2360],"tags":[561,1584,2361],"class_list":["post-21178","post","type-post","status-publish","format-standard","has-post-thumbnail","hentry","category-wills-harrison-clare","tag-anarchie","tag-desobeissance","tag-stoicisme"],"yoast_head":"<!-- This site is optimized with the Yoast SEO plugin v27.0 - https:\/\/yoast.com\/product\/yoast-seo-wordpress\/ -->\n<title>La dignit\u00e9 du silence et du retrait par Clare Wills Harrison - 3e mill\u00e9naire - Spiritualit\u00e9 - Connaissance de soi - Non-dualit\u00e9 - M\u00e9ditation<\/title>\n<meta name=\"robots\" content=\"index, follow, max-snippet:-1, max-image-preview:large, max-video-preview:-1\" \/>\n<link rel=\"canonical\" href=\"https:\/\/www.revue3emillenaire.com\/blog\/la-dignite-du-silence-et-du-retrait-par-clare-wills-harrison\/\" \/>\n<meta property=\"og:locale\" content=\"fr_FR\" \/>\n<meta property=\"og:type\" content=\"article\" \/>\n<meta property=\"og:title\" content=\"La dignit\u00e9 du silence et du retrait par Clare Wills Harrison - 3e mill\u00e9naire - Spiritualit\u00e9 - Connaissance de soi - Non-dualit\u00e9 - M\u00e9ditation\" \/>\n<meta property=\"og:description\" content=\"La beaut\u00e9 \u2014 et le d\u00e9fi \u2014 de la \u00ab prise de conscience silencieuse \u00bb r\u00e9side dans son \u00e9volutivit\u00e9. Si une seule personne se d\u00e9sengage et renonce \u00e0 un mode de vie aliment\u00e9 par l\u2019endettement, ignorant les discours manipulateurs des m\u00e9dias, rejetant un emploi qui d\u00e9truit l\u2019\u00e2me et cultivant l\u2019autonomie, cela semble insignifiant. Mais que se passe-t-il si nous multiplions cela par des millions ? Le syst\u00e8me, construit sur notre conformit\u00e9 \u2014 notre travail, notre attention et notre consommation \u2014 commence in\u00e9vitablement \u00e0 vaciller. Dans ce cas, pas besoin de fourches, juste d\u2019un d\u00e9branchement massif.\" \/>\n<meta property=\"og:url\" content=\"https:\/\/www.revue3emillenaire.com\/blog\/la-dignite-du-silence-et-du-retrait-par-clare-wills-harrison\/\" \/>\n<meta property=\"og:site_name\" content=\"3e mill\u00e9naire - Spiritualit\u00e9 - Connaissance de soi - Non-dualit\u00e9 - M\u00e9ditation\" \/>\n<meta property=\"article:published_time\" content=\"2026-03-13T03:33:41+00:00\" \/>\n<meta property=\"article:modified_time\" content=\"2026-03-13T03:35:37+00:00\" \/>\n<meta property=\"og:image\" content=\"https:\/\/www.revue3emillenaire.com\/blog\/wp-content\/uploads\/2026\/01\/Clare-Wills-Harrison.jpg\" \/>\n\t<meta property=\"og:image:width\" content=\"300\" \/>\n\t<meta property=\"og:image:height\" content=\"349\" \/>\n\t<meta property=\"og:image:type\" content=\"image\/jpeg\" \/>\n<meta name=\"author\" content=\"3e mill\u00e9naire\" \/>\n<meta name=\"twitter:card\" content=\"summary_large_image\" \/>\n<meta name=\"twitter:label1\" content=\"\u00c9crit par\" \/>\n\t<meta name=\"twitter:data1\" content=\"3e mill\u00e9naire\" \/>\n\t<meta name=\"twitter:label2\" content=\"Dur\u00e9e de lecture estim\u00e9e\" \/>\n\t<meta name=\"twitter:data2\" content=\"13 minutes\" \/>\n<script type=\"application\/ld+json\" class=\"yoast-schema-graph\">{\"@context\":\"https:\/\/schema.org\",\"@graph\":[{\"@type\":\"Article\",\"@id\":\"https:\/\/www.revue3emillenaire.com\/blog\/la-dignite-du-silence-et-du-retrait-par-clare-wills-harrison\/#article\",\"isPartOf\":{\"@id\":\"https:\/\/www.revue3emillenaire.com\/blog\/la-dignite-du-silence-et-du-retrait-par-clare-wills-harrison\/\"},\"author\":{\"name\":\"3e mill\u00e9naire\",\"@id\":\"https:\/\/www.revue3emillenaire.com\/blog\/#\/schema\/person\/b692dacff720a5344a6190bc714397eb\"},\"headline\":\"La dignit\u00e9 du silence et du retrait par Clare Wills Harrison\",\"datePublished\":\"2026-03-13T03:33:41+00:00\",\"dateModified\":\"2026-03-13T03:35:37+00:00\",\"mainEntityOfPage\":{\"@id\":\"https:\/\/www.revue3emillenaire.com\/blog\/la-dignite-du-silence-et-du-retrait-par-clare-wills-harrison\/\"},\"wordCount\":2780,\"image\":{\"@id\":\"https:\/\/www.revue3emillenaire.com\/blog\/la-dignite-du-silence-et-du-retrait-par-clare-wills-harrison\/#primaryimage\"},\"thumbnailUrl\":\"https:\/\/www.revue3emillenaire.com\/blog\/wp-content\/uploads\/2026\/01\/Clare-Wills-Harrison.jpg\",\"keywords\":[\"Anarchie\",\"D\u00e9sob\u00e9issance\",\"Sto\u00efcisme\"],\"articleSection\":[\"Wills Harrison Clare\"],\"inLanguage\":\"fr-FR\"},{\"@type\":\"WebPage\",\"@id\":\"https:\/\/www.revue3emillenaire.com\/blog\/la-dignite-du-silence-et-du-retrait-par-clare-wills-harrison\/\",\"url\":\"https:\/\/www.revue3emillenaire.com\/blog\/la-dignite-du-silence-et-du-retrait-par-clare-wills-harrison\/\",\"name\":\"La dignit\u00e9 du silence et du retrait par Clare Wills Harrison - 3e mill\u00e9naire - Spiritualit\u00e9 - Connaissance de soi - Non-dualit\u00e9 - M\u00e9ditation\",\"isPartOf\":{\"@id\":\"https:\/\/www.revue3emillenaire.com\/blog\/#website\"},\"primaryImageOfPage\":{\"@id\":\"https:\/\/www.revue3emillenaire.com\/blog\/la-dignite-du-silence-et-du-retrait-par-clare-wills-harrison\/#primaryimage\"},\"image\":{\"@id\":\"https:\/\/www.revue3emillenaire.com\/blog\/la-dignite-du-silence-et-du-retrait-par-clare-wills-harrison\/#primaryimage\"},\"thumbnailUrl\":\"https:\/\/www.revue3emillenaire.com\/blog\/wp-content\/uploads\/2026\/01\/Clare-Wills-Harrison.jpg\",\"datePublished\":\"2026-03-13T03:33:41+00:00\",\"dateModified\":\"2026-03-13T03:35:37+00:00\",\"author\":{\"@id\":\"https:\/\/www.revue3emillenaire.com\/blog\/#\/schema\/person\/b692dacff720a5344a6190bc714397eb\"},\"breadcrumb\":{\"@id\":\"https:\/\/www.revue3emillenaire.com\/blog\/la-dignite-du-silence-et-du-retrait-par-clare-wills-harrison\/#breadcrumb\"},\"inLanguage\":\"fr-FR\",\"potentialAction\":[{\"@type\":\"ReadAction\",\"target\":[\"https:\/\/www.revue3emillenaire.com\/blog\/la-dignite-du-silence-et-du-retrait-par-clare-wills-harrison\/\"]}]},{\"@type\":\"ImageObject\",\"inLanguage\":\"fr-FR\",\"@id\":\"https:\/\/www.revue3emillenaire.com\/blog\/la-dignite-du-silence-et-du-retrait-par-clare-wills-harrison\/#primaryimage\",\"url\":\"https:\/\/www.revue3emillenaire.com\/blog\/wp-content\/uploads\/2026\/01\/Clare-Wills-Harrison.jpg\",\"contentUrl\":\"https:\/\/www.revue3emillenaire.com\/blog\/wp-content\/uploads\/2026\/01\/Clare-Wills-Harrison.jpg\",\"width\":300,\"height\":349},{\"@type\":\"BreadcrumbList\",\"@id\":\"https:\/\/www.revue3emillenaire.com\/blog\/la-dignite-du-silence-et-du-retrait-par-clare-wills-harrison\/#breadcrumb\",\"itemListElement\":[{\"@type\":\"ListItem\",\"position\":1,\"name\":\"Accueil\",\"item\":\"https:\/\/www.revue3emillenaire.com\/blog\/\"},{\"@type\":\"ListItem\",\"position\":2,\"name\":\"La dignit\u00e9 du silence et du retrait par Clare Wills Harrison\"}]},{\"@type\":\"WebSite\",\"@id\":\"https:\/\/www.revue3emillenaire.com\/blog\/#website\",\"url\":\"https:\/\/www.revue3emillenaire.com\/blog\/\",\"name\":\"3e mill\u00e9naire - Spiritualit\u00e9 - Connaissance de soi - Non-dualit\u00e9 - M\u00e9ditation\",\"description\":\"L&#039;Homme en devenir\",\"potentialAction\":[{\"@type\":\"SearchAction\",\"target\":{\"@type\":\"EntryPoint\",\"urlTemplate\":\"https:\/\/www.revue3emillenaire.com\/blog\/?s={search_term_string}\"},\"query-input\":{\"@type\":\"PropertyValueSpecification\",\"valueRequired\":true,\"valueName\":\"search_term_string\"}}],\"inLanguage\":\"fr-FR\"},{\"@type\":\"Person\",\"@id\":\"https:\/\/www.revue3emillenaire.com\/blog\/#\/schema\/person\/b692dacff720a5344a6190bc714397eb\",\"name\":\"3e mill\u00e9naire\",\"url\":\"https:\/\/www.revue3emillenaire.com\/blog\/author\/scoussa\/\"}]}<\/script>\n<!-- \/ Yoast SEO plugin. -->","yoast_head_json":{"title":"La dignit\u00e9 du silence et du retrait par Clare Wills Harrison - 3e mill\u00e9naire - Spiritualit\u00e9 - Connaissance de soi - Non-dualit\u00e9 - M\u00e9ditation","robots":{"index":"index","follow":"follow","max-snippet":"max-snippet:-1","max-image-preview":"max-image-preview:large","max-video-preview":"max-video-preview:-1"},"canonical":"https:\/\/www.revue3emillenaire.com\/blog\/la-dignite-du-silence-et-du-retrait-par-clare-wills-harrison\/","og_locale":"fr_FR","og_type":"article","og_title":"La dignit\u00e9 du silence et du retrait par Clare Wills Harrison - 3e mill\u00e9naire - Spiritualit\u00e9 - Connaissance de soi - Non-dualit\u00e9 - M\u00e9ditation","og_description":"La beaut\u00e9 \u2014 et le d\u00e9fi \u2014 de la \u00ab prise de conscience silencieuse \u00bb r\u00e9side dans son \u00e9volutivit\u00e9. Si une seule personne se d\u00e9sengage et renonce \u00e0 un mode de vie aliment\u00e9 par l\u2019endettement, ignorant les discours manipulateurs des m\u00e9dias, rejetant un emploi qui d\u00e9truit l\u2019\u00e2me et cultivant l\u2019autonomie, cela semble insignifiant. Mais que se passe-t-il si nous multiplions cela par des millions ? Le syst\u00e8me, construit sur notre conformit\u00e9 \u2014 notre travail, notre attention et notre consommation \u2014 commence in\u00e9vitablement \u00e0 vaciller. Dans ce cas, pas besoin de fourches, juste d\u2019un d\u00e9branchement massif.","og_url":"https:\/\/www.revue3emillenaire.com\/blog\/la-dignite-du-silence-et-du-retrait-par-clare-wills-harrison\/","og_site_name":"3e mill\u00e9naire - Spiritualit\u00e9 - Connaissance de soi - Non-dualit\u00e9 - M\u00e9ditation","article_published_time":"2026-03-13T03:33:41+00:00","article_modified_time":"2026-03-13T03:35:37+00:00","og_image":[{"width":300,"height":349,"url":"https:\/\/www.revue3emillenaire.com\/blog\/wp-content\/uploads\/2026\/01\/Clare-Wills-Harrison.jpg","type":"image\/jpeg"}],"author":"3e mill\u00e9naire","twitter_card":"summary_large_image","twitter_misc":{"\u00c9crit par":"3e mill\u00e9naire","Dur\u00e9e de lecture estim\u00e9e":"13 minutes"},"schema":{"@context":"https:\/\/schema.org","@graph":[{"@type":"Article","@id":"https:\/\/www.revue3emillenaire.com\/blog\/la-dignite-du-silence-et-du-retrait-par-clare-wills-harrison\/#article","isPartOf":{"@id":"https:\/\/www.revue3emillenaire.com\/blog\/la-dignite-du-silence-et-du-retrait-par-clare-wills-harrison\/"},"author":{"name":"3e mill\u00e9naire","@id":"https:\/\/www.revue3emillenaire.com\/blog\/#\/schema\/person\/b692dacff720a5344a6190bc714397eb"},"headline":"La dignit\u00e9 du silence et du retrait par Clare Wills Harrison","datePublished":"2026-03-13T03:33:41+00:00","dateModified":"2026-03-13T03:35:37+00:00","mainEntityOfPage":{"@id":"https:\/\/www.revue3emillenaire.com\/blog\/la-dignite-du-silence-et-du-retrait-par-clare-wills-harrison\/"},"wordCount":2780,"image":{"@id":"https:\/\/www.revue3emillenaire.com\/blog\/la-dignite-du-silence-et-du-retrait-par-clare-wills-harrison\/#primaryimage"},"thumbnailUrl":"https:\/\/www.revue3emillenaire.com\/blog\/wp-content\/uploads\/2026\/01\/Clare-Wills-Harrison.jpg","keywords":["Anarchie","D\u00e9sob\u00e9issance","Sto\u00efcisme"],"articleSection":["Wills Harrison Clare"],"inLanguage":"fr-FR"},{"@type":"WebPage","@id":"https:\/\/www.revue3emillenaire.com\/blog\/la-dignite-du-silence-et-du-retrait-par-clare-wills-harrison\/","url":"https:\/\/www.revue3emillenaire.com\/blog\/la-dignite-du-silence-et-du-retrait-par-clare-wills-harrison\/","name":"La dignit\u00e9 du silence et du retrait par Clare Wills Harrison - 3e mill\u00e9naire - Spiritualit\u00e9 - Connaissance de soi - Non-dualit\u00e9 - M\u00e9ditation","isPartOf":{"@id":"https:\/\/www.revue3emillenaire.com\/blog\/#website"},"primaryImageOfPage":{"@id":"https:\/\/www.revue3emillenaire.com\/blog\/la-dignite-du-silence-et-du-retrait-par-clare-wills-harrison\/#primaryimage"},"image":{"@id":"https:\/\/www.revue3emillenaire.com\/blog\/la-dignite-du-silence-et-du-retrait-par-clare-wills-harrison\/#primaryimage"},"thumbnailUrl":"https:\/\/www.revue3emillenaire.com\/blog\/wp-content\/uploads\/2026\/01\/Clare-Wills-Harrison.jpg","datePublished":"2026-03-13T03:33:41+00:00","dateModified":"2026-03-13T03:35:37+00:00","author":{"@id":"https:\/\/www.revue3emillenaire.com\/blog\/#\/schema\/person\/b692dacff720a5344a6190bc714397eb"},"breadcrumb":{"@id":"https:\/\/www.revue3emillenaire.com\/blog\/la-dignite-du-silence-et-du-retrait-par-clare-wills-harrison\/#breadcrumb"},"inLanguage":"fr-FR","potentialAction":[{"@type":"ReadAction","target":["https:\/\/www.revue3emillenaire.com\/blog\/la-dignite-du-silence-et-du-retrait-par-clare-wills-harrison\/"]}]},{"@type":"ImageObject","inLanguage":"fr-FR","@id":"https:\/\/www.revue3emillenaire.com\/blog\/la-dignite-du-silence-et-du-retrait-par-clare-wills-harrison\/#primaryimage","url":"https:\/\/www.revue3emillenaire.com\/blog\/wp-content\/uploads\/2026\/01\/Clare-Wills-Harrison.jpg","contentUrl":"https:\/\/www.revue3emillenaire.com\/blog\/wp-content\/uploads\/2026\/01\/Clare-Wills-Harrison.jpg","width":300,"height":349},{"@type":"BreadcrumbList","@id":"https:\/\/www.revue3emillenaire.com\/blog\/la-dignite-du-silence-et-du-retrait-par-clare-wills-harrison\/#breadcrumb","itemListElement":[{"@type":"ListItem","position":1,"name":"Accueil","item":"https:\/\/www.revue3emillenaire.com\/blog\/"},{"@type":"ListItem","position":2,"name":"La dignit\u00e9 du silence et du retrait par Clare Wills Harrison"}]},{"@type":"WebSite","@id":"https:\/\/www.revue3emillenaire.com\/blog\/#website","url":"https:\/\/www.revue3emillenaire.com\/blog\/","name":"3e mill\u00e9naire - Spiritualit\u00e9 - Connaissance de soi - Non-dualit\u00e9 - M\u00e9ditation","description":"L&#039;Homme en devenir","potentialAction":[{"@type":"SearchAction","target":{"@type":"EntryPoint","urlTemplate":"https:\/\/www.revue3emillenaire.com\/blog\/?s={search_term_string}"},"query-input":{"@type":"PropertyValueSpecification","valueRequired":true,"valueName":"search_term_string"}}],"inLanguage":"fr-FR"},{"@type":"Person","@id":"https:\/\/www.revue3emillenaire.com\/blog\/#\/schema\/person\/b692dacff720a5344a6190bc714397eb","name":"3e mill\u00e9naire","url":"https:\/\/www.revue3emillenaire.com\/blog\/author\/scoussa\/"}]}},"_links":{"self":[{"href":"https:\/\/www.revue3emillenaire.com\/blog\/wp-json\/wp\/v2\/posts\/21178","targetHints":{"allow":["GET"]}}],"collection":[{"href":"https:\/\/www.revue3emillenaire.com\/blog\/wp-json\/wp\/v2\/posts"}],"about":[{"href":"https:\/\/www.revue3emillenaire.com\/blog\/wp-json\/wp\/v2\/types\/post"}],"author":[{"embeddable":true,"href":"https:\/\/www.revue3emillenaire.com\/blog\/wp-json\/wp\/v2\/users\/2"}],"replies":[{"embeddable":true,"href":"https:\/\/www.revue3emillenaire.com\/blog\/wp-json\/wp\/v2\/comments?post=21178"}],"version-history":[{"count":0,"href":"https:\/\/www.revue3emillenaire.com\/blog\/wp-json\/wp\/v2\/posts\/21178\/revisions"}],"wp:featuredmedia":[{"embeddable":true,"href":"https:\/\/www.revue3emillenaire.com\/blog\/wp-json\/wp\/v2\/media\/21096"}],"wp:attachment":[{"href":"https:\/\/www.revue3emillenaire.com\/blog\/wp-json\/wp\/v2\/media?parent=21178"}],"wp:term":[{"taxonomy":"category","embeddable":true,"href":"https:\/\/www.revue3emillenaire.com\/blog\/wp-json\/wp\/v2\/categories?post=21178"},{"taxonomy":"post_tag","embeddable":true,"href":"https:\/\/www.revue3emillenaire.com\/blog\/wp-json\/wp\/v2\/tags?post=21178"}],"curies":[{"name":"wp","href":"https:\/\/api.w.org\/{rel}","templated":true}]}}