{"id":21182,"date":"2026-03-16T16:04:10","date_gmt":"2026-03-16T15:04:10","guid":{"rendered":"https:\/\/www.revue3emillenaire.com\/blog\/?p=21182"},"modified":"2026-03-16T16:04:10","modified_gmt":"2026-03-16T15:04:10","slug":"la-conscience-pourrait-etre-plus-quun-simple-produit-du-cerveau-elle-pourrait-aussi-etre-une-source-dinformation-par-conor-feehly","status":"publish","type":"post","link":"https:\/\/www.revue3emillenaire.com\/blog\/la-conscience-pourrait-etre-plus-quun-simple-produit-du-cerveau-elle-pourrait-aussi-etre-une-source-dinformation-par-conor-feehly\/","title":{"rendered":"La conscience pourrait \u00eatre plus qu\u2019un simple produit du cerveau\u00a0: elle pourrait aussi \u00eatre une source d\u2019information, par Conor Feehly"},"content":{"rendered":"<p class=\"western\" align=\"justify\"><i>Un nouveau cadre th\u00e9orique sugg\u00e8re que les pouss\u00e9es de chaos neuronal pourraient \u00eatre les empreintes d\u2019un esprit conscient \u00e0 l\u2019\u0153uvre.<\/i><\/p>\n<p class=\"western\" align=\"justify\">D\u2019un point de vue scientifique, \u00e9tudier la conscience revient un peu \u00e0 essayer de d\u00e9crire la singularit\u00e9 \u00e0 l\u2019int\u00e9rieur d\u2019un trou noir depuis la fen\u00eatre d\u2019un vaisseau spatial en orbite gravitationnelle autour de celui-ci. Nous pouvons voir comment le trou noir d\u00e9forme et contorsionne l\u2019espace qui l\u2019entoure\u00a0: de la poussi\u00e8re et du gaz surchauff\u00e9s tourbillonnent vers l\u2019int\u00e9rieur ; des radiations et d\u2019\u00e9tranges ondes gravitationnelles s\u2019\u00e9chappent vers l\u2019ext\u00e9rieur.<\/p>\n<p class=\"western\" align=\"justify\">Mais depuis ce point de vue ext\u00e9rieur, il est impossible d\u2019observer la singularit\u00e9 \u00e0 l\u2019int\u00e9rieur du trou noir. L\u2019horizon des \u00e9v\u00e9nements bloque toute tentative. De mani\u00e8re similaire, en tant qu\u2019observateurs ext\u00e9rieurs, nous ne pouvons pas acc\u00e9der directement aux exp\u00e9riences conscientes d\u2019autres \u00eatres. Lorsque nous concentrons nos outils scientifiques \u00e0 la troisi\u00e8me personne sur les endroits o\u00f9 nous soup\u00e7onnons que r\u00e9side notre vie mentale \u2014 \u00e0 savoir notre cerveau (et notre corps, plus g\u00e9n\u00e9ralement) \u2014, tout ce que nous voyons, ce sont les \u00e9l\u00e9ments de la r\u00e9alit\u00e9 physique\u00a0: activit\u00e9 \u00e9lectrique, substances neurochimiques et tissus corporels. Pas de sentiments, pas d\u2019\u00e9motions, pas d\u2019amour. Notre propre cosmos int\u00e9rieur d\u2019intentions, de croyances et de r\u00eaves n\u2019est connu que de nous-m\u00eames.<\/p>\n<p class=\"western\" align=\"justify\">La science moderne a tendance \u00e0 consid\u00e9rer la conscience comme \u00e9mergeant de l\u2019activit\u00e9 neuronale, \u00e0 l\u2019instar d\u2019un logiciel fantomatique engendr\u00e9 par le mat\u00e9riel physique du cerveau. Une th\u00e9orie radicalement nouvelle sugg\u00e8re autre chose\u00a0: le cerveau ne se contente pas de g\u00e9n\u00e9rer la conscience ; au contraire, la conscience elle-m\u00eame peut influencer la dynamique physique du cerveau \u2014 et elle y laisse des traces physiques lorsqu\u2019elle le fait.<\/p>\n<p class=\"western\" align=\"justify\"><b>Le probl\u00e8me le plus difficile de la science<\/b><\/p>\n<p class=\"western\" align=\"justify\">Le contenu de notre vie mentale et la trame physique de la r\u00e9alit\u00e9 dans laquelle nous sommes plong\u00e9s semblent appartenir \u00e0 deux domaines distincts. Depuis que Ren\u00e9 Descartes a formul\u00e9 pour la premi\u00e8re fois le probl\u00e8me corps-esprit au XVII<sup>e<\/sup>\u00a0si\u00e8cle, la pens\u00e9e occidentale est hant\u00e9e par la question de savoir comment ces deux aspects apparemment incompatibles de la r\u00e9alit\u00e9 interagissent. Cette incongruit\u00e9 a conduit philosophes et scientifiques \u00e0 r\u00e9duire l\u2019un de ces mondes \u00e0 l\u2019autre, en affirmant que soit \u00ab <a href=\"https:\/\/plato.stanford.edu\/archives\/fall2020\/entries\/idealism\/\">l\u2019esprit<\/a> \u00bb, soit \u00ab <a href=\"https:\/\/plato.stanford.edu\/entries\/physicalism\/\">la mati\u00e8re<\/a> \u00bb est plus fondamental.<\/p>\n<p class=\"western\" align=\"justify\">Plus r\u00e9cemment, des philosophes comme Joseph Levine et David Chalmers ont reformul\u00e9 ce foss\u00e9 entre la physique et les sensations en termes de \u00ab <a href=\"https:\/\/onlinelibrary.wiley.com\/doi\/10.1111\/j.1468-0114.1983.tb00207.x\">foss\u00e9 explicatif<\/a> \u00bb ou de \u00ab <a href=\"https:\/\/philpapers.org\/rec\/CHAFUT\">probl\u00e8me difficile<\/a> \u00bb. \u00c0 premi\u00e8re vue du moins, il semble y avoir une diff\u00e9rence cat\u00e9gorique entre les descriptions du mat\u00e9riel et celles de l\u2019esprit.<\/p>\n<p class=\"western\" align=\"justify\">Malgr\u00e9 ce foss\u00e9, les neurosciences modernes ont r\u00e9alis\u00e9 des progr\u00e8s significatifs dans la cartographie des corr\u00e9lats neuronaux de la conscience (CNC) \u2014 en identifiant des sch\u00e9mas et des r\u00e9gions c\u00e9r\u00e9brales qui correspondent de mani\u00e8re fiable \u00e0 des \u00e9tats conscients sp\u00e9cifiques. Mais la corr\u00e9lation, comme nous le savons, n\u2019est pas une explication. Cartographier l\u2019activit\u00e9 c\u00e9r\u00e9brale associ\u00e9e \u00e0 l\u2019exp\u00e9rience consciente ne nous dit ni pourquoi l\u2019exp\u00e9rience existe en premier lieu, ni si elle joue un r\u00f4le causal dans le monde physique.<\/p>\n<p class=\"western\" align=\"justify\">Les th\u00e9ories contemporaines de la conscience tentent g\u00e9n\u00e9ralement de combler ce foss\u00e9 en assimilant la conscience \u00e0 une propri\u00e9t\u00e9 physique mesurable du cerveau. Mais cette d\u00e9marche a un co\u00fbt conceptuel. Elle remplace subtilement la subjectivit\u00e9 par une mesure quantitative de l\u2019activit\u00e9 neuronale. La conscience devient analogue \u00e0 un nombre, une structure ou un sch\u00e9ma \u2014 un nom abstrait \u2014 et sa caract\u00e9ristique d\u00e9terminante, le sentiment \u00e0 la premi\u00e8re personne, passe \u00e0 travers les mailles de notre explication.<\/p>\n<p class=\"western\" align=\"justify\">Si nous prenons au s\u00e9rieux les indices que la nature nous a laiss\u00e9s, comme l\u2019ont \u00e9voqu\u00e9 Descartes et d\u2019autres, et si nous prenons au s\u00e9rieux l\u2019irr\u00e9ductibilit\u00e9 physique de la conscience, sans la rejeter comme une sorte d\u2019illusion, d\u2019\u00e9piph\u00e9nom\u00e8ne ou de projection, o\u00f9 cela nous m\u00e8ne-t-il si nous voulons donner une explication scientifique de la conscience ?<\/p>\n<p class=\"western\" align=\"justify\"><b>Entropie informationnelle<\/b><\/p>\n<p class=\"western\" align=\"justify\">Une piste prometteuse consiste \u00e0 examiner l\u2019entropie informationnelle dans le cerveau. <a href=\"https:\/\/www.itsoc.org\/about\/shannon-1948\">D\u00e9finie<\/a> pour la premi\u00e8re fois par Claude Shannon en 1948, l\u2019entropie informationnelle fournit un moyen math\u00e9matique de mesurer l\u2019incertitude ou l\u2019impr\u00e9visibilit\u00e9 de l\u2019information. D\u00e9velopp\u00e9e \u00e0 l\u2019origine pour am\u00e9liorer les t\u00e9l\u00e9communications, l\u2019entropie de Shannon a depuis \u00e9t\u00e9 appliqu\u00e9e aux signaux neuronaux, o\u00f9 elle fournit <a href=\"https:\/\/www.sciencedirect.com\/science\/article\/pii\/S0896627321000453\">une mesure de la variabilit\u00e9 de l\u2019activit\u00e9 neuronale \u00e0 diff\u00e9rentes \u00e9chelles, du neurone individuel jusqu\u2019aux r\u00e9seaux c\u00e9r\u00e9braux<\/a>.<\/p>\n<p class=\"western\" align=\"justify\">Des niveaux \u00e9lev\u00e9s d\u2019entropie neuronale \u2014 \u00e0 l\u2019\u00e9chelle de l\u2019ensemble du cerveau \u2014 pourraient \u00eatre compar\u00e9s \u00e0 un orage tropical impr\u00e9vu balayant le cerveau, indiquant un \u00e9tat d\u2019activit\u00e9 neuronale plus riche, plus chaotique et impr\u00e9visible. \u00c0 l\u2019inverse, le cerveau pr\u00e9sente une entropie plus faible lorsque les \u00ab pr\u00e9visions \u00bb sont plus stables et pr\u00e9visibles. L\u2019entropie de Shannon offre aux neuroscientifiques un moyen de mesurer la turbulence informationnelle du cerveau au fil du temps.<\/p>\n<p class=\"western\" align=\"justify\">L\u2019application de mesures issues de la th\u00e9orie de l\u2019information, comme l\u2019entropie, \u00e0 l\u2019\u00e9tude de la conscience n\u2019est pas nouvelle. Dans les ann\u00e9es\u00a01990, les neuroscientifiques Giulio Tononi et Gerald Edelman ont utilis\u00e9 l\u2019entropie de Shannon comme l\u2019un des fondements de leur t<a href=\"https:\/\/www.nature.com\/articles\/nrn.2016.44\">h\u00e9orie de l\u2019information int\u00e9gr\u00e9e<\/a> (IIT) de la conscience, qui soutient que la conscience est analogue \u00e0 l\u2019int\u00e9gration et \u00e0 la complexit\u00e9 des signaux neuronaux.<\/p>\n<p class=\"western\" align=\"justify\">Plus r\u00e9cemment, Robin Carhart-Harris, neuroscientifique \u00e0 l\u2019Imperial College de Londres, a propos\u00e9 l\u2019hypoth\u00e8se du cerveau entropique (<a href=\"https:\/\/www.frontiersin.org\/journals\/human-neuroscience\/articles\/10.3389\/fnhum.2014.00020\/full\">Entropic Brain Hypothesis<\/a>, EBH), montrant que les \u00e9tats modifi\u00e9s de conscience \u2014 de l\u2019anesth\u00e9sie profonde au r\u00eave en passant par les exp\u00e9riences psych\u00e9d\u00e9liques \u2014 peuvent \u00eatre mis en correspondance avec diff\u00e9rents niveaux d\u2019entropie neuronale. Les \u00e9tats psych\u00e9d\u00e9liques, par exemple, sont associ\u00e9s \u00e0 une entropie \u00e9lev\u00e9e, tandis que l\u2019anesth\u00e9sie profonde se caract\u00e9rise par une entropie inhabituellement faible.<\/p>\n<p class=\"western\" align=\"justify\">Un nouveau cadre th\u00e9orique adopte toutefois une perspective diff\u00e9rente\u00a0: les pics ponctuels d\u2019entropie neuronale pourraient ne pas se contenter de refl\u00e9ter des niveaux de conscience, mais \u00eatre en r\u00e9alit\u00e9 des signes indiquant que la conscience exerce une influence causale sur le cerveau.<\/p>\n<p class=\"western\" align=\"justify\">Cette id\u00e9e, connue sous le nom de \u00ab <a href=\"https:\/\/www.mdpi.com\/1099-4300\/26\/4\/288#B54-entropy-26-00288\">th\u00e9orie de l\u2019irruption<\/a> \u00bb, a \u00e9t\u00e9 d\u00e9velopp\u00e9e par Tom Froese, chercheur en sciences cognitives \u00e0 l\u2019Institut des sciences et technologies d\u2019Okinawa. S\u2019appuyant sur plusieurs \u00e9tudes neuroscientifiques contemporaines, Froese souligne que lorsque nous d\u00e9ployons un effort conscient \u2014 par exemple, l<a href=\"https:\/\/www.nature.com\/articles\/s41467-021-22511-7\">orsque nous essayons de discerner une caract\u00e9ristique de notre environnement, de r\u00e9soudre un probl\u00e8me urgent ou de faire appel \u00e0 notre cr\u00e9ativit\u00e9<\/a> \u2014, le cerveau pr\u00e9sente des pics mesurables d\u2019entropie qui ne peuvent \u00eatre enti\u00e8rement expliqu\u00e9s par les seuls m\u00e9canismes neuronaux physiques et d\u00e9terministes.<\/p>\n<p class=\"western\" align=\"justify\">\u00ab L\u2019effort cognitif, l\u2019effort moteur, les efforts de toutes sortes sont associ\u00e9s \u00e0 une production accrue d\u2019entropie dans le cerveau \u00bb, explique Froese. \u00ab C\u2019est donc d\u00e9j\u00e0 une pratique courante, d\u2019une certaine mani\u00e8re, d\u2019utiliser \u00e0 la fois des mesures thermodynamiques et des mesures d\u2019entropie issues de la th\u00e9orie de l\u2019information comme signatures du travail mental \u00bb.<\/p>\n<p class=\"western\" align=\"justify\">Au lieu de consid\u00e9rer cette augmentation de l\u2019entropie neuronale comme le simple r\u00e9sultat d\u2019une hausse de chaleur due au m\u00e9tabolisme c\u00e9r\u00e9bral, ou comme le r\u00e9sultat d\u2019une incapacit\u00e9 \u00e0 saisir toutes les variables physiques en jeu dans le cerveau, la th\u00e9orie de l\u2019irruption interpr\u00e8te ces pics d\u2019entropie comme les \u00ab empreintes \u00bb de l\u2019esprit conscient agissant sur le corps physique. Nous ne sommes peut-\u00eatre pas en mesure de voir directement l\u2019esprit conscient toucher le cerveau physique avec nos outils scientifiques, mais nous pouvons observer les ondulations informationnelles de son influence, \u00e0 l\u2019instar des ondes gravitationnelles \u00e9manant d\u2019un trou noir.<\/p>\n<p class=\"western\" align=\"justify\">\u00ab La th\u00e9orie de l\u2019irruption de Froese est une th\u00e9orie de la conscience novatrice et originale qui prend la ph\u00e9nom\u00e9nologie au s\u00e9rieux dans le cadre d\u2019un \u201cnaturalisme scientifiquement solide\u201d \u00bb, d\u00e9clare Robert Lawrence Kuhn, cr\u00e9ateur et animateur de l\u2019\u00e9mission <a href=\"https:\/\/closertotruth.com\/\"><i>Closer To Truth<\/i><\/a>, ainsi que cr\u00e9ateur et programmateur du site web <a href=\"https:\/\/loc.closertotruth.com\/\">Landscape of Consciousness<\/a>, qui r\u00e9pertorie et classe les th\u00e9ories de la conscience.<\/p>\n<p class=\"western\" align=\"justify\">\u00ab La th\u00e9orie de l\u2019irruption int\u00e8gre les derni\u00e8res th\u00e9ories sur l\u2019entropie c\u00e9r\u00e9brale, les r\u00e9sonances et les fluctuations stochastiques au sein d\u2019une vision du monde largement \u00e9nactive de l\u2019esprit incarn\u00e9 et des interconnexions entre le cerveau, le corps et le monde. \u00bb<\/p>\n<p class=\"western\" align=\"justify\">Contrairement \u00e0 l\u2019IIT de Tononi, qui assimile la conscience \u00e0 l\u2019int\u00e9gration et \u00e0 la complexit\u00e9 d\u2019un syst\u00e8me, ou \u00e0 l\u2019EBH de Carhart-Harris, qui met en corr\u00e9lation la conscience avec diff\u00e9rents niveaux d\u2019entropie, la th\u00e9orie de l\u2019irruption sugg\u00e8re que la conscience elle-m\u00eame introduit de la variabilit\u00e9 dans les syst\u00e8mes cognitifs, poussant le cerveau vers de nouveaux \u00e9tats qui n\u2019auraient pas \u00e9t\u00e9 atteints autrement. Dans ce cadre, l\u2019entropie neuronale n\u2019est pas une mesure directe de la conscience elle-m\u00eame, mais un indicateur mesurable de son influence causale.<\/p>\n<p class=\"western\" align=\"justify\">\u00ab Elles [les mesures accrues d\u2019entropie neuronale] n\u2019apparaissent ainsi que parce que nous ne pouvons pas observer, \u00e0 travers le support mat\u00e9riel, les valeurs qui sont en jeu \u00bb, ajoute Froese. \u00ab Une autre fa\u00e7on de voir les choses est qu\u2019il existe un aspect cach\u00e9, quelque chose qui n\u2019est pas accessible dans les limites de ce que nous pouvons mesurer \u00bb.<\/p>\n<p class=\"western\" align=\"justify\">Comme nous ne pouvons pas acc\u00e9der \u00e0 la conscience ni la mesurer de la m\u00eame mani\u00e8re que nous le faisons avec d\u2019autres variables physiques, son influence causale sur les substrats physiques de notre corps appara\u00eet sous forme de sursauts d\u2019impr\u00e9visibilit\u00e9 (d\u2019un point de vue purement objectif). Et comme cette spontan\u00e9it\u00e9 co\u00efncide avec les moments o\u00f9 nous engageons notre esprit pour agir sur le monde, elle offre une piste pour comprendre pourquoi nous avons \u00e9volu\u00e9 pour devenir conscients en premier lieu.<\/p>\n<p class=\"western\" align=\"justify\">L\u2019id\u00e9e que la conscience exerce une influence causale sur notre corps remet en cause la vision \u2014 dominante depuis \u00ab <a href=\"https:\/\/philpapers.org\/rec\/CRITAH\">l\u2019hypoth\u00e8se stup\u00e9fiante<\/a> \u00bb de Francis Crick \u2014 selon laquelle l\u2019exp\u00e9rience consciente n\u2019est qu\u2019une projection du bourdonnement bruyant de l\u2019activit\u00e9 c\u00e9r\u00e9brale.<\/p>\n<p class=\"western\" align=\"justify\">Au contraire, la th\u00e9orie de l\u2019irruption positionne la conscience comme un moteur actif du comportement, dot\u00e9 d\u2019\u00e9ventuels avantages \u00e9volutifs. La conscience pourrait avoir \u00e9volu\u00e9 non seulement comme un sous-produit passif des \u00e9tats cognitifs, mais aussi comme un m\u00e9canisme crucial pour insuffler flexibilit\u00e9, nouveaut\u00e9 et adaptabilit\u00e9 dans les syst\u00e8mes biologiques en situation d\u2019incertitude.<\/p>\n<p class=\"western\" align=\"justify\">Selon la th\u00e9orie de l\u2019irruption, le r\u00f4le adaptatif possible de l\u2019esprit consiste \u00e0 introduire de la variabilit\u00e9 et de la nouveaut\u00e9 dans le syst\u00e8me \u00e0 des moments critiques. Lorsque nous exer\u00e7ons un travail mental, un effort conscient ou une volont\u00e9, nous observons un v\u00e9ritable \u00ab brainstorming \u00bb. Le cerveau dans son ensemble devient plus chaotique, refl\u00e9tant l\u2019injection de variance exploratoire et de voies de solution potentielles dans son comportement.<\/p>\n<p class=\"western\" align=\"justify\">La physicienne Sara Imari Walker avance un argument similaire dans son <a href=\"https:\/\/www.santafe.edu\/news-center\/news\/book-review-life-as-no-one-knows-it-tackles-the-big-mystery-of-lifes-origins\">livre<\/a> <i>Life as No One Knows It<\/i>\u00a0: plus un esprit peut imaginer de futurs possibles, mieux il est \u00e9quip\u00e9 pour naviguer dans un monde incertain. Les pics d\u2019entropie lors de la volont\u00e9 consciente pourraient marquer ce d\u00e9nouement m\u00eame des possibilit\u00e9s dans le cerveau.<\/p>\n<p class=\"western\" align=\"justify\"><b>Au-del\u00e0 de la biologie<\/b><\/p>\n<p class=\"western\" align=\"justify\">Si la conscience laisse une empreinte physique dans les cerveaux biologiques, pourrions-nous trouver des traces similaires dans d\u2019autres syst\u00e8mes intelligents ? \u00c0 mesure que l\u2019IA et d\u2019autres syst\u00e8mes \u00e0 base de silicium deviennent plus sophistiqu\u00e9s, cette question pourrait devenir non seulement philosophique, mais aussi mesurable.<\/p>\n<p class=\"western\" align=\"justify\">Les grands mod\u00e8les de langage ou d\u2019autres architectures d\u2019IA pr\u00e9sentent-ils des pics d\u2019entropie qui correspondent \u00e0 des r\u00e9sultats orient\u00e9s vers un but dans des contextes in\u00e9dits ? S\u2019agirait-il l\u00e0 des premiers indices mesurables de l\u2019existence d\u2019esprits artificiels ? La th\u00e9orie de l\u2019irruption, du moins en principe, offre un moyen de r\u00e9pondre \u00e0 la question de la vie mentale int\u00e9rieure depuis l\u2019ext\u00e9rieur.<\/p>\n<p class=\"western\" align=\"justify\">Au-del\u00e0 de la capacit\u00e9 \u00e0 d\u00e9tecter la pr\u00e9sence de l\u2019esprit dans des syst\u00e8mes \u00e9trangers, l\u2019hypoth\u00e8se selon laquelle l\u2019effort conscient serait \u00e0 l\u2019origine de pics d\u2019impr\u00e9visibilit\u00e9 au niveau neurobiologique ouvre \u00e9galement une voie scientifique pour comprendre comment nos exp\u00e9riences et nos corps physiques sont li\u00e9s de mani\u00e8re causale. Elle avance une affirmation v\u00e9rifiable\u00a0: les p\u00e9riodes d\u2019effort mental accru co\u00efncideraient avec une augmentation des mesures d\u2019entropie neuronale.<\/p>\n<p class=\"western\" align=\"justify\">Si la volont\u00e9 consciente a r\u00e9ellement un impact sur le cerveau en y introduisant de la variabilit\u00e9, nous pourrions alors nous demander comment diff\u00e9rentes qualit\u00e9s d\u2019exp\u00e9rience donnent lieu \u00e0 diff\u00e9rentes \u00ab saveurs \u00bb d\u2019irruption. Se trouver dans un \u00e9tat de stress, par exemple, peut fa\u00e7onner la structure de la variance neuronale \u2014 en influen\u00e7ant l\u2019amplitude ou les degr\u00e9s de libert\u00e9. Les qualit\u00e9s conscientes, telles que notre tonalit\u00e9 \u00e9motionnelle, la complexit\u00e9 de la pens\u00e9e ou la focalisation de l\u2019attention, pourraient chacune contraindre de mani\u00e8re significative la fa\u00e7on dont l\u2019esprit marque sa pr\u00e9sence sur le paysage dynamique du cerveau.<\/p>\n<p class=\"western\" align=\"justify\">Certains pourraient consid\u00e9rer que le fait de situer un esprit cach\u00e9 \u00e0 l\u2019observation comme ayant un effet causal sur les aspects physiques de notre \u00eatre constitue un retour en arri\u00e8re vers un territoire dualiste que les sciences cognitives ont d\u00e9pass\u00e9. Cependant, plut\u00f4t que d\u2019affirmer que l\u2019esprit ou la mati\u00e8re est plus fondamental que l\u2019autre, la th\u00e9orie de l\u2019irruption proc\u00e8de en d\u00e9crivant leur relation causale, ce qui implique que les aspects mentaux et physiques de notre \u00eatre appartiennent \u00e0 la m\u00eame r\u00e9alit\u00e9 fondamentale.<\/p>\n<p class=\"western\" align=\"justify\">Les caract\u00e9ristiques mentales et physiques du monde apparaissent distinctes en raison de notre perspective par rapport \u00e0 elles. Pour la th\u00e9orie de l\u2019irruption, la distinction entre l\u2019esprit et la mati\u00e8re est \u00e9pist\u00e9mologique \u2014 la mani\u00e8re dont nous nous rapportons \u00e0 eux \u2014 plut\u00f4t qu\u2019ontologique \u2014 quelle est leur nature sous-jacente. Ce n\u2019est pas parce que nous ne pouvons pas observer la singularit\u00e9 au centre du trou noir depuis l\u2019ext\u00e9rieur qu\u2019elle appartient \u00e0 une partie fondamentale diff\u00e9rente de la r\u00e9alit\u00e9.<\/p>\n<p class=\"western\" align=\"justify\">\u00ab Je pense sinc\u00e8rement que l\u2019on pourrait faire beaucoup de progr\u00e8s en neurosciences cognitives, et peut-\u00eatre en biologie en g\u00e9n\u00e9ral, si l\u2019on acceptait qu\u2019il existe des \u00e9l\u00e9ments qui font la diff\u00e9rence, mais qui ne sont pas directement mesurables \u00bb, d\u00e9clare Froese. \u00ab Il semble que ce soit de toute fa\u00e7on une pratique courante en science ; il existe de nombreux cas en physique o\u00f9 nous disposons de preuves tr\u00e8s indirectes de l\u2019existence de choses qui font une diff\u00e9rence, comme la mati\u00e8re noire\u2026 tr\u00e8s bien, et il en va de m\u00eame pour la conscience\u00a0: nous ne pouvons pas la mesurer directement, mais tout notre monde v\u00e9cu repose sur l\u2019hypoth\u00e8se qu\u2019elle fait effectivement une diff\u00e9rence \u00bb.<\/p>\n<p class=\"western\" align=\"justify\">Comme le mentionne Froese, on pourrait en dire autant de la mati\u00e8re noire ou de l\u2019\u00e9nergie noire. Nous n\u2019avons pas encore r\u00e9ussi \u2014 et n\u2019y parviendrons peut-\u00eatre jamais \u2014 \u00e0 saisir directement ces caract\u00e9ristiques de l\u2019Univers, comme nous le faisons avec la mati\u00e8re ordinaire. Mais cela ne signifie pas qu\u2019elles ne jouent pas un r\u00f4le dans l\u2019Univers ni qu\u2019elles appartiennent \u00e0 une cat\u00e9gorie particuli\u00e8re d\u2019existence. Elles font partie de la nature, tout comme la conscience.<\/p>\n<p class=\"western\" align=\"justify\"><b>Conor Feehly<\/b> <i>est un r\u00e9dacteur scientifique originaire de Nouvelle-Z\u00e9lande dont les travaux explorent l\u2019intersection entre la physique, la biologie et la philosophie de l\u2019esprit.<\/i><\/p>\n<p class=\"western\" align=\"justify\"><span style=\"color: #000000;\">Texte original publi\u00e9 le 13\u00a0mars 2026\u00a0: <\/span><span style=\"color: #000080;\"><u><a href=\"https:\/\/bigthinkmedia.substack.com\/p\/consciousness-may-be-more-than-the?publication_id=2863167&amp;post_id=190528775&amp;isFreemail=true&amp;r=l32q4&amp;triedRedirect=true\" target=\"_blank\" rel=\"noopener\"><span style=\"color: #000000;\">https:\/\/bigthinkmedia.substack.com\/p\/consciousness-may-be-more-than-the<\/span><\/a><\/u><\/span><\/p>\n","protected":false},"excerpt":{"rendered":"<p>Au contraire, la th\u00e9orie de l\u2019irruption positionne la conscience comme un moteur actif du comportement, dot\u00e9 d\u2019\u00e9ventuels avantages \u00e9volutifs. La conscience pourrait avoir \u00e9volu\u00e9 non seulement comme un sous-produit passif des \u00e9tats cognitifs, mais aussi comme un m\u00e9canisme crucial pour insuffler flexibilit\u00e9, nouveaut\u00e9 et adaptabilit\u00e9 dans les syst\u00e8mes biologiques en situation d\u2019incertitude.<\/p>\n","protected":false},"author":2,"featured_media":21183,"comment_status":"closed","ping_status":"closed","sticky":false,"template":"","format":"standard","meta":{"footnotes":""},"categories":[1540],"tags":[37,814,928,2358,2362],"class_list":["post-21182","post","type-post","status-publish","format-standard","has-post-thumbnail","hentry","category-actualite","tag-conscience","tag-entropie","tag-information","tag-theorie-de-l-information-integree-iit","tag-theorie-de-lirruption"],"yoast_head":"<!-- This site is optimized with the Yoast SEO plugin v27.0 - https:\/\/yoast.com\/product\/yoast-seo-wordpress\/ -->\n<title>La conscience pourrait \u00eatre plus qu\u2019un simple produit du cerveau\u00a0: elle pourrait aussi \u00eatre une source d\u2019information, par Conor Feehly - 3e mill\u00e9naire - Spiritualit\u00e9 - Connaissance de soi - Non-dualit\u00e9 - M\u00e9ditation<\/title>\n<meta name=\"robots\" content=\"index, follow, max-snippet:-1, max-image-preview:large, max-video-preview:-1\" \/>\n<link rel=\"canonical\" href=\"https:\/\/www.revue3emillenaire.com\/blog\/la-conscience-pourrait-etre-plus-quun-simple-produit-du-cerveau-elle-pourrait-aussi-etre-une-source-dinformation-par-conor-feehly\/\" \/>\n<meta property=\"og:locale\" content=\"fr_FR\" \/>\n<meta property=\"og:type\" content=\"article\" \/>\n<meta property=\"og:title\" content=\"La conscience pourrait \u00eatre plus qu\u2019un simple produit du cerveau\u00a0: elle pourrait aussi \u00eatre une source d\u2019information, par Conor Feehly - 3e mill\u00e9naire - Spiritualit\u00e9 - Connaissance de soi - Non-dualit\u00e9 - M\u00e9ditation\" \/>\n<meta property=\"og:description\" content=\"Au contraire, la th\u00e9orie de l\u2019irruption positionne la conscience comme un moteur actif du comportement, dot\u00e9 d\u2019\u00e9ventuels avantages \u00e9volutifs. La conscience pourrait avoir \u00e9volu\u00e9 non seulement comme un sous-produit passif des \u00e9tats cognitifs, mais aussi comme un m\u00e9canisme crucial pour insuffler flexibilit\u00e9, nouveaut\u00e9 et adaptabilit\u00e9 dans les syst\u00e8mes biologiques en situation d\u2019incertitude.\" \/>\n<meta property=\"og:url\" content=\"https:\/\/www.revue3emillenaire.com\/blog\/la-conscience-pourrait-etre-plus-quun-simple-produit-du-cerveau-elle-pourrait-aussi-etre-une-source-dinformation-par-conor-feehly\/\" \/>\n<meta property=\"og:site_name\" content=\"3e mill\u00e9naire - Spiritualit\u00e9 - Connaissance de soi - Non-dualit\u00e9 - M\u00e9ditation\" \/>\n<meta property=\"article:published_time\" content=\"2026-03-16T15:04:10+00:00\" \/>\n<meta property=\"og:image\" content=\"https:\/\/www.revue3emillenaire.com\/blog\/wp-content\/uploads\/2026\/03\/Conor-Feehly.jpg\" \/>\n\t<meta property=\"og:image:width\" content=\"344\" \/>\n\t<meta property=\"og:image:height\" content=\"344\" \/>\n\t<meta property=\"og:image:type\" content=\"image\/jpeg\" \/>\n<meta name=\"author\" content=\"3e mill\u00e9naire\" \/>\n<meta name=\"twitter:card\" content=\"summary_large_image\" \/>\n<meta name=\"twitter:label1\" content=\"\u00c9crit par\" \/>\n\t<meta name=\"twitter:data1\" content=\"3e mill\u00e9naire\" \/>\n\t<meta name=\"twitter:label2\" content=\"Dur\u00e9e de lecture estim\u00e9e\" \/>\n\t<meta name=\"twitter:data2\" content=\"13 minutes\" \/>\n<script type=\"application\/ld+json\" class=\"yoast-schema-graph\">{\"@context\":\"https:\/\/schema.org\",\"@graph\":[{\"@type\":\"Article\",\"@id\":\"https:\/\/www.revue3emillenaire.com\/blog\/la-conscience-pourrait-etre-plus-quun-simple-produit-du-cerveau-elle-pourrait-aussi-etre-une-source-dinformation-par-conor-feehly\/#article\",\"isPartOf\":{\"@id\":\"https:\/\/www.revue3emillenaire.com\/blog\/la-conscience-pourrait-etre-plus-quun-simple-produit-du-cerveau-elle-pourrait-aussi-etre-une-source-dinformation-par-conor-feehly\/\"},\"author\":{\"name\":\"3e mill\u00e9naire\",\"@id\":\"https:\/\/www.revue3emillenaire.com\/blog\/#\/schema\/person\/b692dacff720a5344a6190bc714397eb\"},\"headline\":\"La conscience pourrait \u00eatre plus qu\u2019un simple produit du cerveau\u00a0: elle pourrait aussi \u00eatre une source d\u2019information, par Conor Feehly\",\"datePublished\":\"2026-03-16T15:04:10+00:00\",\"mainEntityOfPage\":{\"@id\":\"https:\/\/www.revue3emillenaire.com\/blog\/la-conscience-pourrait-etre-plus-quun-simple-produit-du-cerveau-elle-pourrait-aussi-etre-une-source-dinformation-par-conor-feehly\/\"},\"wordCount\":2774,\"image\":{\"@id\":\"https:\/\/www.revue3emillenaire.com\/blog\/la-conscience-pourrait-etre-plus-quun-simple-produit-du-cerveau-elle-pourrait-aussi-etre-une-source-dinformation-par-conor-feehly\/#primaryimage\"},\"thumbnailUrl\":\"https:\/\/www.revue3emillenaire.com\/blog\/wp-content\/uploads\/2026\/03\/Conor-Feehly.jpg\",\"keywords\":[\"Conscience\",\"Entropie\",\"Information\",\"Th\u00e9orie de l Information int\u00e9gr\u00e9e IIT\",\"Th\u00e9orie de L'Irruption\"],\"articleSection\":[\"Actualit\u00e9s\"],\"inLanguage\":\"fr-FR\"},{\"@type\":\"WebPage\",\"@id\":\"https:\/\/www.revue3emillenaire.com\/blog\/la-conscience-pourrait-etre-plus-quun-simple-produit-du-cerveau-elle-pourrait-aussi-etre-une-source-dinformation-par-conor-feehly\/\",\"url\":\"https:\/\/www.revue3emillenaire.com\/blog\/la-conscience-pourrait-etre-plus-quun-simple-produit-du-cerveau-elle-pourrait-aussi-etre-une-source-dinformation-par-conor-feehly\/\",\"name\":\"La conscience pourrait \u00eatre plus qu\u2019un simple produit du cerveau\u00a0: elle pourrait aussi \u00eatre une source d\u2019information, par Conor Feehly - 3e mill\u00e9naire - Spiritualit\u00e9 - Connaissance de soi - Non-dualit\u00e9 - M\u00e9ditation\",\"isPartOf\":{\"@id\":\"https:\/\/www.revue3emillenaire.com\/blog\/#website\"},\"primaryImageOfPage\":{\"@id\":\"https:\/\/www.revue3emillenaire.com\/blog\/la-conscience-pourrait-etre-plus-quun-simple-produit-du-cerveau-elle-pourrait-aussi-etre-une-source-dinformation-par-conor-feehly\/#primaryimage\"},\"image\":{\"@id\":\"https:\/\/www.revue3emillenaire.com\/blog\/la-conscience-pourrait-etre-plus-quun-simple-produit-du-cerveau-elle-pourrait-aussi-etre-une-source-dinformation-par-conor-feehly\/#primaryimage\"},\"thumbnailUrl\":\"https:\/\/www.revue3emillenaire.com\/blog\/wp-content\/uploads\/2026\/03\/Conor-Feehly.jpg\",\"datePublished\":\"2026-03-16T15:04:10+00:00\",\"author\":{\"@id\":\"https:\/\/www.revue3emillenaire.com\/blog\/#\/schema\/person\/b692dacff720a5344a6190bc714397eb\"},\"breadcrumb\":{\"@id\":\"https:\/\/www.revue3emillenaire.com\/blog\/la-conscience-pourrait-etre-plus-quun-simple-produit-du-cerveau-elle-pourrait-aussi-etre-une-source-dinformation-par-conor-feehly\/#breadcrumb\"},\"inLanguage\":\"fr-FR\",\"potentialAction\":[{\"@type\":\"ReadAction\",\"target\":[\"https:\/\/www.revue3emillenaire.com\/blog\/la-conscience-pourrait-etre-plus-quun-simple-produit-du-cerveau-elle-pourrait-aussi-etre-une-source-dinformation-par-conor-feehly\/\"]}]},{\"@type\":\"ImageObject\",\"inLanguage\":\"fr-FR\",\"@id\":\"https:\/\/www.revue3emillenaire.com\/blog\/la-conscience-pourrait-etre-plus-quun-simple-produit-du-cerveau-elle-pourrait-aussi-etre-une-source-dinformation-par-conor-feehly\/#primaryimage\",\"url\":\"https:\/\/www.revue3emillenaire.com\/blog\/wp-content\/uploads\/2026\/03\/Conor-Feehly.jpg\",\"contentUrl\":\"https:\/\/www.revue3emillenaire.com\/blog\/wp-content\/uploads\/2026\/03\/Conor-Feehly.jpg\",\"width\":344,\"height\":344},{\"@type\":\"BreadcrumbList\",\"@id\":\"https:\/\/www.revue3emillenaire.com\/blog\/la-conscience-pourrait-etre-plus-quun-simple-produit-du-cerveau-elle-pourrait-aussi-etre-une-source-dinformation-par-conor-feehly\/#breadcrumb\",\"itemListElement\":[{\"@type\":\"ListItem\",\"position\":1,\"name\":\"Accueil\",\"item\":\"https:\/\/www.revue3emillenaire.com\/blog\/\"},{\"@type\":\"ListItem\",\"position\":2,\"name\":\"La conscience pourrait \u00eatre plus qu\u2019un simple produit du cerveau\u00a0: elle pourrait aussi \u00eatre une source d\u2019information, par Conor Feehly\"}]},{\"@type\":\"WebSite\",\"@id\":\"https:\/\/www.revue3emillenaire.com\/blog\/#website\",\"url\":\"https:\/\/www.revue3emillenaire.com\/blog\/\",\"name\":\"3e mill\u00e9naire - Spiritualit\u00e9 - Connaissance de soi - Non-dualit\u00e9 - M\u00e9ditation\",\"description\":\"L&#039;Homme en devenir\",\"potentialAction\":[{\"@type\":\"SearchAction\",\"target\":{\"@type\":\"EntryPoint\",\"urlTemplate\":\"https:\/\/www.revue3emillenaire.com\/blog\/?s={search_term_string}\"},\"query-input\":{\"@type\":\"PropertyValueSpecification\",\"valueRequired\":true,\"valueName\":\"search_term_string\"}}],\"inLanguage\":\"fr-FR\"},{\"@type\":\"Person\",\"@id\":\"https:\/\/www.revue3emillenaire.com\/blog\/#\/schema\/person\/b692dacff720a5344a6190bc714397eb\",\"name\":\"3e mill\u00e9naire\",\"url\":\"https:\/\/www.revue3emillenaire.com\/blog\/author\/scoussa\/\"}]}<\/script>\n<!-- \/ Yoast SEO plugin. -->","yoast_head_json":{"title":"La conscience pourrait \u00eatre plus qu\u2019un simple produit du cerveau\u00a0: elle pourrait aussi \u00eatre une source d\u2019information, par Conor Feehly - 3e mill\u00e9naire - Spiritualit\u00e9 - Connaissance de soi - Non-dualit\u00e9 - M\u00e9ditation","robots":{"index":"index","follow":"follow","max-snippet":"max-snippet:-1","max-image-preview":"max-image-preview:large","max-video-preview":"max-video-preview:-1"},"canonical":"https:\/\/www.revue3emillenaire.com\/blog\/la-conscience-pourrait-etre-plus-quun-simple-produit-du-cerveau-elle-pourrait-aussi-etre-une-source-dinformation-par-conor-feehly\/","og_locale":"fr_FR","og_type":"article","og_title":"La conscience pourrait \u00eatre plus qu\u2019un simple produit du cerveau\u00a0: elle pourrait aussi \u00eatre une source d\u2019information, par Conor Feehly - 3e mill\u00e9naire - Spiritualit\u00e9 - Connaissance de soi - Non-dualit\u00e9 - M\u00e9ditation","og_description":"Au contraire, la th\u00e9orie de l\u2019irruption positionne la conscience comme un moteur actif du comportement, dot\u00e9 d\u2019\u00e9ventuels avantages \u00e9volutifs. La conscience pourrait avoir \u00e9volu\u00e9 non seulement comme un sous-produit passif des \u00e9tats cognitifs, mais aussi comme un m\u00e9canisme crucial pour insuffler flexibilit\u00e9, nouveaut\u00e9 et adaptabilit\u00e9 dans les syst\u00e8mes biologiques en situation d\u2019incertitude.","og_url":"https:\/\/www.revue3emillenaire.com\/blog\/la-conscience-pourrait-etre-plus-quun-simple-produit-du-cerveau-elle-pourrait-aussi-etre-une-source-dinformation-par-conor-feehly\/","og_site_name":"3e mill\u00e9naire - Spiritualit\u00e9 - Connaissance de soi - Non-dualit\u00e9 - M\u00e9ditation","article_published_time":"2026-03-16T15:04:10+00:00","og_image":[{"width":344,"height":344,"url":"https:\/\/www.revue3emillenaire.com\/blog\/wp-content\/uploads\/2026\/03\/Conor-Feehly.jpg","type":"image\/jpeg"}],"author":"3e mill\u00e9naire","twitter_card":"summary_large_image","twitter_misc":{"\u00c9crit par":"3e mill\u00e9naire","Dur\u00e9e de lecture estim\u00e9e":"13 minutes"},"schema":{"@context":"https:\/\/schema.org","@graph":[{"@type":"Article","@id":"https:\/\/www.revue3emillenaire.com\/blog\/la-conscience-pourrait-etre-plus-quun-simple-produit-du-cerveau-elle-pourrait-aussi-etre-une-source-dinformation-par-conor-feehly\/#article","isPartOf":{"@id":"https:\/\/www.revue3emillenaire.com\/blog\/la-conscience-pourrait-etre-plus-quun-simple-produit-du-cerveau-elle-pourrait-aussi-etre-une-source-dinformation-par-conor-feehly\/"},"author":{"name":"3e mill\u00e9naire","@id":"https:\/\/www.revue3emillenaire.com\/blog\/#\/schema\/person\/b692dacff720a5344a6190bc714397eb"},"headline":"La conscience pourrait \u00eatre plus qu\u2019un simple produit du cerveau\u00a0: elle pourrait aussi \u00eatre une source d\u2019information, par Conor Feehly","datePublished":"2026-03-16T15:04:10+00:00","mainEntityOfPage":{"@id":"https:\/\/www.revue3emillenaire.com\/blog\/la-conscience-pourrait-etre-plus-quun-simple-produit-du-cerveau-elle-pourrait-aussi-etre-une-source-dinformation-par-conor-feehly\/"},"wordCount":2774,"image":{"@id":"https:\/\/www.revue3emillenaire.com\/blog\/la-conscience-pourrait-etre-plus-quun-simple-produit-du-cerveau-elle-pourrait-aussi-etre-une-source-dinformation-par-conor-feehly\/#primaryimage"},"thumbnailUrl":"https:\/\/www.revue3emillenaire.com\/blog\/wp-content\/uploads\/2026\/03\/Conor-Feehly.jpg","keywords":["Conscience","Entropie","Information","Th\u00e9orie de l Information int\u00e9gr\u00e9e IIT","Th\u00e9orie de L'Irruption"],"articleSection":["Actualit\u00e9s"],"inLanguage":"fr-FR"},{"@type":"WebPage","@id":"https:\/\/www.revue3emillenaire.com\/blog\/la-conscience-pourrait-etre-plus-quun-simple-produit-du-cerveau-elle-pourrait-aussi-etre-une-source-dinformation-par-conor-feehly\/","url":"https:\/\/www.revue3emillenaire.com\/blog\/la-conscience-pourrait-etre-plus-quun-simple-produit-du-cerveau-elle-pourrait-aussi-etre-une-source-dinformation-par-conor-feehly\/","name":"La conscience pourrait \u00eatre plus qu\u2019un simple produit du cerveau\u00a0: elle pourrait aussi \u00eatre une source d\u2019information, par Conor Feehly - 3e mill\u00e9naire - Spiritualit\u00e9 - Connaissance de soi - Non-dualit\u00e9 - M\u00e9ditation","isPartOf":{"@id":"https:\/\/www.revue3emillenaire.com\/blog\/#website"},"primaryImageOfPage":{"@id":"https:\/\/www.revue3emillenaire.com\/blog\/la-conscience-pourrait-etre-plus-quun-simple-produit-du-cerveau-elle-pourrait-aussi-etre-une-source-dinformation-par-conor-feehly\/#primaryimage"},"image":{"@id":"https:\/\/www.revue3emillenaire.com\/blog\/la-conscience-pourrait-etre-plus-quun-simple-produit-du-cerveau-elle-pourrait-aussi-etre-une-source-dinformation-par-conor-feehly\/#primaryimage"},"thumbnailUrl":"https:\/\/www.revue3emillenaire.com\/blog\/wp-content\/uploads\/2026\/03\/Conor-Feehly.jpg","datePublished":"2026-03-16T15:04:10+00:00","author":{"@id":"https:\/\/www.revue3emillenaire.com\/blog\/#\/schema\/person\/b692dacff720a5344a6190bc714397eb"},"breadcrumb":{"@id":"https:\/\/www.revue3emillenaire.com\/blog\/la-conscience-pourrait-etre-plus-quun-simple-produit-du-cerveau-elle-pourrait-aussi-etre-une-source-dinformation-par-conor-feehly\/#breadcrumb"},"inLanguage":"fr-FR","potentialAction":[{"@type":"ReadAction","target":["https:\/\/www.revue3emillenaire.com\/blog\/la-conscience-pourrait-etre-plus-quun-simple-produit-du-cerveau-elle-pourrait-aussi-etre-une-source-dinformation-par-conor-feehly\/"]}]},{"@type":"ImageObject","inLanguage":"fr-FR","@id":"https:\/\/www.revue3emillenaire.com\/blog\/la-conscience-pourrait-etre-plus-quun-simple-produit-du-cerveau-elle-pourrait-aussi-etre-une-source-dinformation-par-conor-feehly\/#primaryimage","url":"https:\/\/www.revue3emillenaire.com\/blog\/wp-content\/uploads\/2026\/03\/Conor-Feehly.jpg","contentUrl":"https:\/\/www.revue3emillenaire.com\/blog\/wp-content\/uploads\/2026\/03\/Conor-Feehly.jpg","width":344,"height":344},{"@type":"BreadcrumbList","@id":"https:\/\/www.revue3emillenaire.com\/blog\/la-conscience-pourrait-etre-plus-quun-simple-produit-du-cerveau-elle-pourrait-aussi-etre-une-source-dinformation-par-conor-feehly\/#breadcrumb","itemListElement":[{"@type":"ListItem","position":1,"name":"Accueil","item":"https:\/\/www.revue3emillenaire.com\/blog\/"},{"@type":"ListItem","position":2,"name":"La conscience pourrait \u00eatre plus qu\u2019un simple produit du cerveau\u00a0: elle pourrait aussi \u00eatre une source d\u2019information, par Conor Feehly"}]},{"@type":"WebSite","@id":"https:\/\/www.revue3emillenaire.com\/blog\/#website","url":"https:\/\/www.revue3emillenaire.com\/blog\/","name":"3e mill\u00e9naire - Spiritualit\u00e9 - Connaissance de soi - Non-dualit\u00e9 - M\u00e9ditation","description":"L&#039;Homme en devenir","potentialAction":[{"@type":"SearchAction","target":{"@type":"EntryPoint","urlTemplate":"https:\/\/www.revue3emillenaire.com\/blog\/?s={search_term_string}"},"query-input":{"@type":"PropertyValueSpecification","valueRequired":true,"valueName":"search_term_string"}}],"inLanguage":"fr-FR"},{"@type":"Person","@id":"https:\/\/www.revue3emillenaire.com\/blog\/#\/schema\/person\/b692dacff720a5344a6190bc714397eb","name":"3e mill\u00e9naire","url":"https:\/\/www.revue3emillenaire.com\/blog\/author\/scoussa\/"}]}},"_links":{"self":[{"href":"https:\/\/www.revue3emillenaire.com\/blog\/wp-json\/wp\/v2\/posts\/21182","targetHints":{"allow":["GET"]}}],"collection":[{"href":"https:\/\/www.revue3emillenaire.com\/blog\/wp-json\/wp\/v2\/posts"}],"about":[{"href":"https:\/\/www.revue3emillenaire.com\/blog\/wp-json\/wp\/v2\/types\/post"}],"author":[{"embeddable":true,"href":"https:\/\/www.revue3emillenaire.com\/blog\/wp-json\/wp\/v2\/users\/2"}],"replies":[{"embeddable":true,"href":"https:\/\/www.revue3emillenaire.com\/blog\/wp-json\/wp\/v2\/comments?post=21182"}],"version-history":[{"count":0,"href":"https:\/\/www.revue3emillenaire.com\/blog\/wp-json\/wp\/v2\/posts\/21182\/revisions"}],"wp:featuredmedia":[{"embeddable":true,"href":"https:\/\/www.revue3emillenaire.com\/blog\/wp-json\/wp\/v2\/media\/21183"}],"wp:attachment":[{"href":"https:\/\/www.revue3emillenaire.com\/blog\/wp-json\/wp\/v2\/media?parent=21182"}],"wp:term":[{"taxonomy":"category","embeddable":true,"href":"https:\/\/www.revue3emillenaire.com\/blog\/wp-json\/wp\/v2\/categories?post=21182"},{"taxonomy":"post_tag","embeddable":true,"href":"https:\/\/www.revue3emillenaire.com\/blog\/wp-json\/wp\/v2\/tags?post=21182"}],"curies":[{"name":"wp","href":"https:\/\/api.w.org\/{rel}","templated":true}]}}