{"id":21184,"date":"2026-03-16T18:03:39","date_gmt":"2026-03-16T17:03:39","guid":{"rendered":"https:\/\/www.revue3emillenaire.com\/blog\/?p=21184"},"modified":"2026-03-16T18:03:39","modified_gmt":"2026-03-16T17:03:39","slug":"la-folie-des-foules-revisitee-cinq-ans-apres-le-covid-par-julius-ruechel","status":"publish","type":"post","link":"https:\/\/www.revue3emillenaire.com\/blog\/la-folie-des-foules-revisitee-cinq-ans-apres-le-covid-par-julius-ruechel\/","title":{"rendered":"La folie des foules revisit\u00e9e, cinq ans apr\u00e8s le Covid par Julius Ruechel"},"content":{"rendered":"<p class=\"western\" align=\"justify\"><i>Conserver une immunit\u00e9 contre les virus de l\u2019esprit n\u2019est pas facile.<\/i><\/p>\n<p class=\"western\" align=\"right\"><i>Les hommes, a-t-on fort bien dit, pensent en troupeaux ; on verra qu\u2019ils deviennent fous en troupeaux, tandis qu\u2019ils ne recouvrent leurs esprits que lentement, un par un<\/i>.<\/p>\n<p class=\"western\" align=\"right\">\u2013\u00a0Charles MacKay, <i>Extraordinary Popular Delusions and the Madness of Crowds<\/i> (1841)<\/p>\n<p class=\"western\" align=\"justify\">Selon la th\u00e9orie de la formation de masse de Mattias Desmet (dont on a beaucoup parl\u00e9 pendant le Covid), environ 30\u00a0% de la population ne tomberaient pas sous le charme ou l\u2019\u00e9tat \u00ab hypnotique \u00bb de l\u2019hyst\u00e9rie collective.<\/p>\n<p class=\"western\" align=\"justify\">Cela para\u00eet net et bien ordonn\u00e9, n\u2019est-ce pas ?<\/p>\n<p class=\"western\" align=\"justify\">Cependant, depuis le Covid, la communaut\u00e9 \u00ab dissidente \u00bb n\u00e9e durant cette p\u00e9riode s\u2019est fractur\u00e9e en camps oppos\u00e9s sur toute une s\u00e9rie de questions, \u00e0 mesure que de nouvelles hyst\u00e9ries collectives sont apparues pour contaminer la foule passionn\u00e9e.<\/p>\n<p class=\"western\" align=\"justify\">Si certaines personnes \u00e9taient naturellement plus r\u00e9sistantes \u00e0 l\u2019hyst\u00e9rie collective, ce seraient toujours les m\u00eames qui parviendraient \u00e0 \u00e9viter d\u2019\u00eatre infect\u00e9es par le dernier virus de l\u2019esprit. Les m\u00eames dissidents se retrouveraient alors c\u00f4te \u00e0 c\u00f4te, du m\u00eame c\u00f4t\u00e9 de chaque d\u00e9bat, encore et encore. Et toutes les m\u00eames personnes qui ont \u00e9t\u00e9 emport\u00e9es par la derni\u00e8re hyst\u00e9rie se feraient invariablement emporter par la suivante.<\/p>\n<p class=\"western\" align=\"justify\">Mais, il est clair que ce n\u2019est pas ce qui s\u2019est produit. Pas m\u00eame de pr\u00e8s.<\/p>\n<p class=\"western\" align=\"justify\">L\u2019immunit\u00e9 face \u00e0 une pouss\u00e9e d\u2019hyst\u00e9rie collective ne garantit en rien que vous serez immunis\u00e9 contre la suivante.<\/p>\n<p class=\"western\" align=\"justify\">Ainsi, la r\u00e9sistance \u00e0 l\u2019hyst\u00e9rie collective ne provient manifestement pas d\u2019une quelconque pr\u00e9disposition g\u00e9n\u00e9tique, et il n\u2019existe pas non plus une forme d\u2019immunit\u00e9 psychologique \u00e0 vie.<\/p>\n<p class=\"western\" align=\"justify\">Elle varie d\u2019un sujet \u00e0 l\u2019autre.<\/p>\n<p class=\"western\" align=\"justify\">Il est fort probable que les circonstances personnelles jouent le r\u00f4le le plus important. Dans certains cas, le fait d\u2019\u00eatre \u00e0 distance de la foule donne aux gens le temps de r\u00e9fl\u00e9chir. Ou bien une familiarit\u00e9 personnelle avec une question ou avec les personnes impliqu\u00e9es peut cr\u00e9er le recul n\u00e9cessaire pour reconna\u00eetre l\u2019hyst\u00e9rie collective. Ou encore la chance de tomber sur un commentaire ou une publication qui vous am\u00e8ne \u00e0 envisager les choses diff\u00e9remment de ce dont la foule discute. Ou tout simplement le nombre de personnes dans votre cercle proche qui succombent et vous entra\u00eenent avec elles.<\/p>\n<p class=\"western\" align=\"justify\">Certaines personnes ont aussi simplement l\u2019habitude de v\u00e9rifier les sources originales et, de ce fait, l\u2019habitude de mettre \u00e0 l\u2019\u00e9preuve et de r\u00e9examiner leurs propres id\u00e9es \u2014 ce n\u2019est pas qu\u2019elles soient immunis\u00e9es contre la propagande, les th\u00e9ories du complot ou l\u2019hyst\u00e9rie collective, mais plut\u00f4t que leurs habitudes leur offrent un m\u00e9canisme qui peut les ramener hors de ces d\u00e9rives. Mais, au vu de la mani\u00e8re dont la communaut\u00e9 dissidente du Covid s\u2019est fractur\u00e9e depuis lors, cette cat\u00e9gorie de personnes semble en r\u00e9alit\u00e9 extr\u00eamement r\u00e9duite.<\/p>\n<p class=\"western\" align=\"justify\">Il convient \u00e9galement de noter que l\u2019hyst\u00e9rie collective peut na\u00eetre de sources diff\u00e9rentes (par exemple, la propagande gouvernementale ou des dynamiques issues de la foule elle-m\u00eame), ce qui peut aussi vous rendre plus ou moins susceptible de tomber dans l\u2019un ou l\u2019autre type d\u2019hyst\u00e9rie collective selon votre \u00e9tat psychologique.<\/p>\n<p class=\"western\" align=\"justify\">Par exemple, si, \u00e0 la suite d\u2019une exp\u00e9rience pass\u00e9e, vous avez compl\u00e8tement perdu confiance dans les institutions gouvernementales ou dans les m\u00e9dias traditionnels, cela peut vous rendre plus r\u00e9sistant \u00e0 la propagande officielle. \u00c0 l\u2019inverse, si vous accordez une grande confiance \u00e0 ces institutions parce que vous n\u2019avez jamais eu d\u2019exp\u00e9rience marquante r\u00e9v\u00e9lant leurs failles, vous serez probablement plus facilement induit en erreur par la propagande gouvernementale et m\u00e9diatique.<\/p>\n<p align=\"center\"><img loading=\"lazy\" decoding=\"async\" class=\"\" src=\"https:\/\/substackcdn.com\/image\/fetch\/$s_!kuon!,w_1456,c_limit,f_auto,q_auto:good,fl_progressive:steep\/https%3A%2F%2Fsubstack-post-media.s3.amazonaws.com%2Fpublic%2Fimages%2F15d0298a-aa1d-43f0-abd0-eba93bdf7c99_497x720.png\" width=\"262\" height=\"380\" \/><\/p>\n<p class=\"western\" align=\"center\">\u00ab Nous sommes tous fous ici \u00bb. Alice rencontre le Chat du Cheshire.<\/p>\n<p class=\"western\" align=\"justify\">\u00c0 l\u2019inverse, le ph\u00e9nom\u00e8ne oppos\u00e9 est \u00e9galement vrai. Si vous ne faites pas confiance aux institutions gouvernementales ou aux m\u00e9dias traditionnels, cela peut en r\u00e9alit\u00e9 vous rendre plus susceptible de tomber dans certaines th\u00e9ories du complot issues de la foule, parce que vous accordez davantage de confiance aux \u00ab voix dissidentes \u00bb qui proposent des explications alternatives sur le fonctionnement du monde \u2014 apr\u00e8s tout, pour donner un sens au monde, si vous ne faites pas confiance au gouvernement ni aux m\u00e9dias, vous \u00eates probablement d\u00e9j\u00e0 r\u00e9ceptif \u00e0 des explications alternatives, dont certaines m\u00e8nent directement au terrier du lapin (ou monde parall\u00e8le).<\/p>\n<p align=\"center\"><img loading=\"lazy\" decoding=\"async\" class=\"\" src=\"https:\/\/substackcdn.com\/image\/fetch\/$s_!vTec!,w_1456,c_limit,f_auto,q_auto:good,fl_progressive:steep\/https%3A%2F%2Fsubstack-post-media.s3.amazonaws.com%2Fpublic%2Fimages%2Fa5c74594-b36b-42a2-b049-358ef54de42b_468x625.png\" width=\"235\" height=\"314\" \/><\/p>\n<p class=\"western\" align=\"center\">Le Lapin Blanc a conduit Alice dans le terrier vers le pays des merveilles.<\/p>\n<p class=\"western\" align=\"justify\">Tandis que ceux qui accordent un haut degr\u00e9 de confiance aux institutions gouvernementales et m\u00e9diatiques sont probablement relativement immunis\u00e9s contre les th\u00e9ories du complot issues de la foule, car ils ne cherchent pas activement d\u2019autres fa\u00e7ons de comprendre le monde et sont peu enclins \u00e0 accorder leur confiance \u00e0 quelqu\u2019un qui n\u2019est pas un expert institutionnel reconnu par les m\u00e9dias.<\/p>\n<p class=\"western\" align=\"justify\">De plus, si quelqu\u2019un en qui vous aviez confiance comme source d\u2019information fiable lors de la pr\u00e9c\u00e9dente hyst\u00e9rie collective succombe \u00e0 la suivante, votre confiance en cette personne peut facilement vous entra\u00eener dans le m\u00eame terrier.<\/p>\n<p class=\"western\" align=\"justify\">En bref, m\u00eame si l\u2019id\u00e9e de Desmet selon laquelle 30\u00a0% des gens seraient immunis\u00e9s comporte peut-\u00eatre une part de v\u00e9rit\u00e9, la r\u00e9alit\u00e9 est un peu plus compliqu\u00e9e. Manifestement, ce ne sont pas les m\u00eames 30\u00a0% \u00e0 chaque fois. Pas m\u00eame de pr\u00e8s.<\/p>\n<p class=\"western\" align=\"justify\">Au contraire, si vous \u00eates occup\u00e9 \u00e0 vous f\u00e9liciter d\u2019avoir r\u00e9ussi \u00e0 \u00e9viter l\u2019hypnose collective la derni\u00e8re fois, vous risquez en r\u00e9alit\u00e9 d\u2019\u00eatre trop confiant dans votre capacit\u00e9 \u00e0 r\u00e9sister \u00e0 la prochaine \u2014 et donc de manquer du doute n\u00e9cessaire pour remettre en question vos convictions les plus fortes, qui pourraient bien se r\u00e9v\u00e9ler totalement erron\u00e9es cette fois-ci.<\/p>\n<p class=\"western\" align=\"justify\">C\u2019est pourquoi, quelle que soit la confiance que vous accordez \u00e0 vos croyances, la seule protection contre l\u2019auto-illusion est l\u2019habitude de soumettre continuellement toutes vos id\u00e9es \u00e0 l\u2019\u00e9preuve, de v\u00e9rifier les sources originales et de pr\u00eater attention \u00e0 ce que disent ceux avec qui vous n\u2019\u00eates pas d\u2019accord.<\/p>\n<p class=\"western\" align=\"justify\">Comme l\u2019a si bien dit Richard Feynman\u00a0: \u00ab <i>Le premier principe est de ne pas vous tromper vous-m\u00eame \u2014 et vous \u00eates la personne la plus facile \u00e0 tromper<\/i> \u00bb.<\/p>\n<p class=\"western\" align=\"justify\">Texte original publi\u00e9 le 16\u00a0mars 2026\u00a0: <span style=\"color: #000080;\"><u><a href=\"https:\/\/juliusruechel.substack.com\/p\/the-madness-of-crowds-revisited-5?publication_id=358314&amp;post_id=191098597&amp;isFreemail=true&amp;r=128e84&amp;triedRedirect=true\" target=\"_blank\" rel=\"noopener\">https:\/\/juliusruechel.substack.com\/p\/the-madness-of-crowds-revisited-5<\/a><\/u><\/span><\/p>\n","protected":false},"excerpt":{"rendered":"<p>Si certaines personnes \u00e9taient naturellement plus r\u00e9sistantes \u00e0 l\u2019hyst\u00e9rie collective, ce seraient toujours les m\u00eames qui parviendraient \u00e0 \u00e9viter d\u2019\u00eatre infect\u00e9es par le dernier virus de l\u2019esprit. Les m\u00eames dissidents se retrouveraient alors c\u00f4te \u00e0 c\u00f4te, du m\u00eame c\u00f4t\u00e9 de chaque d\u00e9bat, encore et encore. Et toutes les m\u00eames personnes qui ont \u00e9t\u00e9 emport\u00e9es par la derni\u00e8re hyst\u00e9rie se feraient invariablement emporter par la suivante.  Mais, il est clair que ce n\u2019est pas ce qui s\u2019est produit. Pas m\u00eame de pr\u00e8s.<\/p>\n","protected":false},"author":2,"featured_media":20787,"comment_status":"closed","ping_status":"closed","sticky":false,"template":"","format":"standard","meta":{"footnotes":""},"categories":[1540],"tags":[2364,2144,1586,2363,1279],"class_list":["post-21184","post","type-post","status-publish","format-standard","has-post-thumbnail","hentry","category-actualite","tag-auto-illusion","tag-dissidence","tag-doute","tag-hysterie-collective","tag-manipulation"],"yoast_head":"<!-- This site is optimized with the Yoast SEO plugin v27.0 - https:\/\/yoast.com\/product\/yoast-seo-wordpress\/ -->\n<title>La folie des foules revisit\u00e9e, cinq ans apr\u00e8s le Covid par Julius Ruechel - 3e mill\u00e9naire - Spiritualit\u00e9 - Connaissance de soi - Non-dualit\u00e9 - M\u00e9ditation<\/title>\n<meta name=\"robots\" content=\"index, follow, max-snippet:-1, max-image-preview:large, max-video-preview:-1\" \/>\n<link rel=\"canonical\" href=\"https:\/\/www.revue3emillenaire.com\/blog\/la-folie-des-foules-revisitee-cinq-ans-apres-le-covid-par-julius-ruechel\/\" \/>\n<meta property=\"og:locale\" content=\"fr_FR\" \/>\n<meta property=\"og:type\" content=\"article\" \/>\n<meta property=\"og:title\" content=\"La folie des foules revisit\u00e9e, cinq ans apr\u00e8s le Covid par Julius Ruechel - 3e mill\u00e9naire - Spiritualit\u00e9 - Connaissance de soi - Non-dualit\u00e9 - M\u00e9ditation\" \/>\n<meta property=\"og:description\" content=\"Si certaines personnes \u00e9taient naturellement plus r\u00e9sistantes \u00e0 l\u2019hyst\u00e9rie collective, ce seraient toujours les m\u00eames qui parviendraient \u00e0 \u00e9viter d\u2019\u00eatre infect\u00e9es par le dernier virus de l\u2019esprit. Les m\u00eames dissidents se retrouveraient alors c\u00f4te \u00e0 c\u00f4te, du m\u00eame c\u00f4t\u00e9 de chaque d\u00e9bat, encore et encore. Et toutes les m\u00eames personnes qui ont \u00e9t\u00e9 emport\u00e9es par la derni\u00e8re hyst\u00e9rie se feraient invariablement emporter par la suivante. Mais, il est clair que ce n\u2019est pas ce qui s\u2019est produit. Pas m\u00eame de pr\u00e8s.\" \/>\n<meta property=\"og:url\" content=\"https:\/\/www.revue3emillenaire.com\/blog\/la-folie-des-foules-revisitee-cinq-ans-apres-le-covid-par-julius-ruechel\/\" \/>\n<meta property=\"og:site_name\" content=\"3e mill\u00e9naire - Spiritualit\u00e9 - Connaissance de soi - Non-dualit\u00e9 - M\u00e9ditation\" \/>\n<meta property=\"article:published_time\" content=\"2026-03-16T17:03:39+00:00\" \/>\n<meta property=\"og:image\" content=\"https:\/\/www.revue3emillenaire.com\/blog\/wp-content\/uploads\/2025\/08\/Julius-Ruechel.jpg\" \/>\n\t<meta property=\"og:image:width\" content=\"300\" \/>\n\t<meta property=\"og:image:height\" content=\"300\" \/>\n\t<meta property=\"og:image:type\" content=\"image\/jpeg\" \/>\n<meta name=\"author\" content=\"3e mill\u00e9naire\" \/>\n<meta name=\"twitter:card\" content=\"summary_large_image\" \/>\n<meta name=\"twitter:label1\" content=\"\u00c9crit par\" \/>\n\t<meta name=\"twitter:data1\" content=\"3e mill\u00e9naire\" \/>\n\t<meta name=\"twitter:label2\" content=\"Dur\u00e9e de lecture estim\u00e9e\" \/>\n\t<meta name=\"twitter:data2\" content=\"6 minutes\" \/>\n<script type=\"application\/ld+json\" class=\"yoast-schema-graph\">{\"@context\":\"https:\/\/schema.org\",\"@graph\":[{\"@type\":\"Article\",\"@id\":\"https:\/\/www.revue3emillenaire.com\/blog\/la-folie-des-foules-revisitee-cinq-ans-apres-le-covid-par-julius-ruechel\/#article\",\"isPartOf\":{\"@id\":\"https:\/\/www.revue3emillenaire.com\/blog\/la-folie-des-foules-revisitee-cinq-ans-apres-le-covid-par-julius-ruechel\/\"},\"author\":{\"name\":\"3e mill\u00e9naire\",\"@id\":\"https:\/\/www.revue3emillenaire.com\/blog\/#\/schema\/person\/b692dacff720a5344a6190bc714397eb\"},\"headline\":\"La folie des foules revisit\u00e9e, cinq ans apr\u00e8s le Covid par Julius Ruechel\",\"datePublished\":\"2026-03-16T17:03:39+00:00\",\"mainEntityOfPage\":{\"@id\":\"https:\/\/www.revue3emillenaire.com\/blog\/la-folie-des-foules-revisitee-cinq-ans-apres-le-covid-par-julius-ruechel\/\"},\"wordCount\":1120,\"image\":{\"@id\":\"https:\/\/www.revue3emillenaire.com\/blog\/la-folie-des-foules-revisitee-cinq-ans-apres-le-covid-par-julius-ruechel\/#primaryimage\"},\"thumbnailUrl\":\"https:\/\/www.revue3emillenaire.com\/blog\/wp-content\/uploads\/2025\/08\/Julius-Ruechel.jpg\",\"keywords\":[\"Auto-illusion\",\"Dissidence\",\"Doute\",\"Hyst\u00e9rie Collective\",\"Manipulation\"],\"articleSection\":[\"Actualit\u00e9s\"],\"inLanguage\":\"fr-FR\"},{\"@type\":\"WebPage\",\"@id\":\"https:\/\/www.revue3emillenaire.com\/blog\/la-folie-des-foules-revisitee-cinq-ans-apres-le-covid-par-julius-ruechel\/\",\"url\":\"https:\/\/www.revue3emillenaire.com\/blog\/la-folie-des-foules-revisitee-cinq-ans-apres-le-covid-par-julius-ruechel\/\",\"name\":\"La folie des foules revisit\u00e9e, cinq ans apr\u00e8s le Covid par Julius Ruechel - 3e mill\u00e9naire - Spiritualit\u00e9 - Connaissance de soi - Non-dualit\u00e9 - M\u00e9ditation\",\"isPartOf\":{\"@id\":\"https:\/\/www.revue3emillenaire.com\/blog\/#website\"},\"primaryImageOfPage\":{\"@id\":\"https:\/\/www.revue3emillenaire.com\/blog\/la-folie-des-foules-revisitee-cinq-ans-apres-le-covid-par-julius-ruechel\/#primaryimage\"},\"image\":{\"@id\":\"https:\/\/www.revue3emillenaire.com\/blog\/la-folie-des-foules-revisitee-cinq-ans-apres-le-covid-par-julius-ruechel\/#primaryimage\"},\"thumbnailUrl\":\"https:\/\/www.revue3emillenaire.com\/blog\/wp-content\/uploads\/2025\/08\/Julius-Ruechel.jpg\",\"datePublished\":\"2026-03-16T17:03:39+00:00\",\"author\":{\"@id\":\"https:\/\/www.revue3emillenaire.com\/blog\/#\/schema\/person\/b692dacff720a5344a6190bc714397eb\"},\"breadcrumb\":{\"@id\":\"https:\/\/www.revue3emillenaire.com\/blog\/la-folie-des-foules-revisitee-cinq-ans-apres-le-covid-par-julius-ruechel\/#breadcrumb\"},\"inLanguage\":\"fr-FR\",\"potentialAction\":[{\"@type\":\"ReadAction\",\"target\":[\"https:\/\/www.revue3emillenaire.com\/blog\/la-folie-des-foules-revisitee-cinq-ans-apres-le-covid-par-julius-ruechel\/\"]}]},{\"@type\":\"ImageObject\",\"inLanguage\":\"fr-FR\",\"@id\":\"https:\/\/www.revue3emillenaire.com\/blog\/la-folie-des-foules-revisitee-cinq-ans-apres-le-covid-par-julius-ruechel\/#primaryimage\",\"url\":\"https:\/\/www.revue3emillenaire.com\/blog\/wp-content\/uploads\/2025\/08\/Julius-Ruechel.jpg\",\"contentUrl\":\"https:\/\/www.revue3emillenaire.com\/blog\/wp-content\/uploads\/2025\/08\/Julius-Ruechel.jpg\",\"width\":300,\"height\":300},{\"@type\":\"BreadcrumbList\",\"@id\":\"https:\/\/www.revue3emillenaire.com\/blog\/la-folie-des-foules-revisitee-cinq-ans-apres-le-covid-par-julius-ruechel\/#breadcrumb\",\"itemListElement\":[{\"@type\":\"ListItem\",\"position\":1,\"name\":\"Accueil\",\"item\":\"https:\/\/www.revue3emillenaire.com\/blog\/\"},{\"@type\":\"ListItem\",\"position\":2,\"name\":\"La folie des foules revisit\u00e9e, cinq ans apr\u00e8s le Covid par Julius Ruechel\"}]},{\"@type\":\"WebSite\",\"@id\":\"https:\/\/www.revue3emillenaire.com\/blog\/#website\",\"url\":\"https:\/\/www.revue3emillenaire.com\/blog\/\",\"name\":\"3e mill\u00e9naire - Spiritualit\u00e9 - Connaissance de soi - Non-dualit\u00e9 - M\u00e9ditation\",\"description\":\"L&#039;Homme en devenir\",\"potentialAction\":[{\"@type\":\"SearchAction\",\"target\":{\"@type\":\"EntryPoint\",\"urlTemplate\":\"https:\/\/www.revue3emillenaire.com\/blog\/?s={search_term_string}\"},\"query-input\":{\"@type\":\"PropertyValueSpecification\",\"valueRequired\":true,\"valueName\":\"search_term_string\"}}],\"inLanguage\":\"fr-FR\"},{\"@type\":\"Person\",\"@id\":\"https:\/\/www.revue3emillenaire.com\/blog\/#\/schema\/person\/b692dacff720a5344a6190bc714397eb\",\"name\":\"3e mill\u00e9naire\",\"url\":\"https:\/\/www.revue3emillenaire.com\/blog\/author\/scoussa\/\"}]}<\/script>\n<!-- \/ Yoast SEO plugin. -->","yoast_head_json":{"title":"La folie des foules revisit\u00e9e, cinq ans apr\u00e8s le Covid par Julius Ruechel - 3e mill\u00e9naire - Spiritualit\u00e9 - Connaissance de soi - Non-dualit\u00e9 - M\u00e9ditation","robots":{"index":"index","follow":"follow","max-snippet":"max-snippet:-1","max-image-preview":"max-image-preview:large","max-video-preview":"max-video-preview:-1"},"canonical":"https:\/\/www.revue3emillenaire.com\/blog\/la-folie-des-foules-revisitee-cinq-ans-apres-le-covid-par-julius-ruechel\/","og_locale":"fr_FR","og_type":"article","og_title":"La folie des foules revisit\u00e9e, cinq ans apr\u00e8s le Covid par Julius Ruechel - 3e mill\u00e9naire - Spiritualit\u00e9 - Connaissance de soi - Non-dualit\u00e9 - M\u00e9ditation","og_description":"Si certaines personnes \u00e9taient naturellement plus r\u00e9sistantes \u00e0 l\u2019hyst\u00e9rie collective, ce seraient toujours les m\u00eames qui parviendraient \u00e0 \u00e9viter d\u2019\u00eatre infect\u00e9es par le dernier virus de l\u2019esprit. Les m\u00eames dissidents se retrouveraient alors c\u00f4te \u00e0 c\u00f4te, du m\u00eame c\u00f4t\u00e9 de chaque d\u00e9bat, encore et encore. Et toutes les m\u00eames personnes qui ont \u00e9t\u00e9 emport\u00e9es par la derni\u00e8re hyst\u00e9rie se feraient invariablement emporter par la suivante. Mais, il est clair que ce n\u2019est pas ce qui s\u2019est produit. Pas m\u00eame de pr\u00e8s.","og_url":"https:\/\/www.revue3emillenaire.com\/blog\/la-folie-des-foules-revisitee-cinq-ans-apres-le-covid-par-julius-ruechel\/","og_site_name":"3e mill\u00e9naire - Spiritualit\u00e9 - Connaissance de soi - Non-dualit\u00e9 - M\u00e9ditation","article_published_time":"2026-03-16T17:03:39+00:00","og_image":[{"width":300,"height":300,"url":"https:\/\/www.revue3emillenaire.com\/blog\/wp-content\/uploads\/2025\/08\/Julius-Ruechel.jpg","type":"image\/jpeg"}],"author":"3e mill\u00e9naire","twitter_card":"summary_large_image","twitter_misc":{"\u00c9crit par":"3e mill\u00e9naire","Dur\u00e9e de lecture estim\u00e9e":"6 minutes"},"schema":{"@context":"https:\/\/schema.org","@graph":[{"@type":"Article","@id":"https:\/\/www.revue3emillenaire.com\/blog\/la-folie-des-foules-revisitee-cinq-ans-apres-le-covid-par-julius-ruechel\/#article","isPartOf":{"@id":"https:\/\/www.revue3emillenaire.com\/blog\/la-folie-des-foules-revisitee-cinq-ans-apres-le-covid-par-julius-ruechel\/"},"author":{"name":"3e mill\u00e9naire","@id":"https:\/\/www.revue3emillenaire.com\/blog\/#\/schema\/person\/b692dacff720a5344a6190bc714397eb"},"headline":"La folie des foules revisit\u00e9e, cinq ans apr\u00e8s le Covid par Julius Ruechel","datePublished":"2026-03-16T17:03:39+00:00","mainEntityOfPage":{"@id":"https:\/\/www.revue3emillenaire.com\/blog\/la-folie-des-foules-revisitee-cinq-ans-apres-le-covid-par-julius-ruechel\/"},"wordCount":1120,"image":{"@id":"https:\/\/www.revue3emillenaire.com\/blog\/la-folie-des-foules-revisitee-cinq-ans-apres-le-covid-par-julius-ruechel\/#primaryimage"},"thumbnailUrl":"https:\/\/www.revue3emillenaire.com\/blog\/wp-content\/uploads\/2025\/08\/Julius-Ruechel.jpg","keywords":["Auto-illusion","Dissidence","Doute","Hyst\u00e9rie Collective","Manipulation"],"articleSection":["Actualit\u00e9s"],"inLanguage":"fr-FR"},{"@type":"WebPage","@id":"https:\/\/www.revue3emillenaire.com\/blog\/la-folie-des-foules-revisitee-cinq-ans-apres-le-covid-par-julius-ruechel\/","url":"https:\/\/www.revue3emillenaire.com\/blog\/la-folie-des-foules-revisitee-cinq-ans-apres-le-covid-par-julius-ruechel\/","name":"La folie des foules revisit\u00e9e, cinq ans apr\u00e8s le Covid par Julius Ruechel - 3e mill\u00e9naire - Spiritualit\u00e9 - Connaissance de soi - Non-dualit\u00e9 - M\u00e9ditation","isPartOf":{"@id":"https:\/\/www.revue3emillenaire.com\/blog\/#website"},"primaryImageOfPage":{"@id":"https:\/\/www.revue3emillenaire.com\/blog\/la-folie-des-foules-revisitee-cinq-ans-apres-le-covid-par-julius-ruechel\/#primaryimage"},"image":{"@id":"https:\/\/www.revue3emillenaire.com\/blog\/la-folie-des-foules-revisitee-cinq-ans-apres-le-covid-par-julius-ruechel\/#primaryimage"},"thumbnailUrl":"https:\/\/www.revue3emillenaire.com\/blog\/wp-content\/uploads\/2025\/08\/Julius-Ruechel.jpg","datePublished":"2026-03-16T17:03:39+00:00","author":{"@id":"https:\/\/www.revue3emillenaire.com\/blog\/#\/schema\/person\/b692dacff720a5344a6190bc714397eb"},"breadcrumb":{"@id":"https:\/\/www.revue3emillenaire.com\/blog\/la-folie-des-foules-revisitee-cinq-ans-apres-le-covid-par-julius-ruechel\/#breadcrumb"},"inLanguage":"fr-FR","potentialAction":[{"@type":"ReadAction","target":["https:\/\/www.revue3emillenaire.com\/blog\/la-folie-des-foules-revisitee-cinq-ans-apres-le-covid-par-julius-ruechel\/"]}]},{"@type":"ImageObject","inLanguage":"fr-FR","@id":"https:\/\/www.revue3emillenaire.com\/blog\/la-folie-des-foules-revisitee-cinq-ans-apres-le-covid-par-julius-ruechel\/#primaryimage","url":"https:\/\/www.revue3emillenaire.com\/blog\/wp-content\/uploads\/2025\/08\/Julius-Ruechel.jpg","contentUrl":"https:\/\/www.revue3emillenaire.com\/blog\/wp-content\/uploads\/2025\/08\/Julius-Ruechel.jpg","width":300,"height":300},{"@type":"BreadcrumbList","@id":"https:\/\/www.revue3emillenaire.com\/blog\/la-folie-des-foules-revisitee-cinq-ans-apres-le-covid-par-julius-ruechel\/#breadcrumb","itemListElement":[{"@type":"ListItem","position":1,"name":"Accueil","item":"https:\/\/www.revue3emillenaire.com\/blog\/"},{"@type":"ListItem","position":2,"name":"La folie des foules revisit\u00e9e, cinq ans apr\u00e8s le Covid par Julius Ruechel"}]},{"@type":"WebSite","@id":"https:\/\/www.revue3emillenaire.com\/blog\/#website","url":"https:\/\/www.revue3emillenaire.com\/blog\/","name":"3e mill\u00e9naire - Spiritualit\u00e9 - Connaissance de soi - Non-dualit\u00e9 - M\u00e9ditation","description":"L&#039;Homme en devenir","potentialAction":[{"@type":"SearchAction","target":{"@type":"EntryPoint","urlTemplate":"https:\/\/www.revue3emillenaire.com\/blog\/?s={search_term_string}"},"query-input":{"@type":"PropertyValueSpecification","valueRequired":true,"valueName":"search_term_string"}}],"inLanguage":"fr-FR"},{"@type":"Person","@id":"https:\/\/www.revue3emillenaire.com\/blog\/#\/schema\/person\/b692dacff720a5344a6190bc714397eb","name":"3e mill\u00e9naire","url":"https:\/\/www.revue3emillenaire.com\/blog\/author\/scoussa\/"}]}},"_links":{"self":[{"href":"https:\/\/www.revue3emillenaire.com\/blog\/wp-json\/wp\/v2\/posts\/21184","targetHints":{"allow":["GET"]}}],"collection":[{"href":"https:\/\/www.revue3emillenaire.com\/blog\/wp-json\/wp\/v2\/posts"}],"about":[{"href":"https:\/\/www.revue3emillenaire.com\/blog\/wp-json\/wp\/v2\/types\/post"}],"author":[{"embeddable":true,"href":"https:\/\/www.revue3emillenaire.com\/blog\/wp-json\/wp\/v2\/users\/2"}],"replies":[{"embeddable":true,"href":"https:\/\/www.revue3emillenaire.com\/blog\/wp-json\/wp\/v2\/comments?post=21184"}],"version-history":[{"count":0,"href":"https:\/\/www.revue3emillenaire.com\/blog\/wp-json\/wp\/v2\/posts\/21184\/revisions"}],"wp:featuredmedia":[{"embeddable":true,"href":"https:\/\/www.revue3emillenaire.com\/blog\/wp-json\/wp\/v2\/media\/20787"}],"wp:attachment":[{"href":"https:\/\/www.revue3emillenaire.com\/blog\/wp-json\/wp\/v2\/media?parent=21184"}],"wp:term":[{"taxonomy":"category","embeddable":true,"href":"https:\/\/www.revue3emillenaire.com\/blog\/wp-json\/wp\/v2\/categories?post=21184"},{"taxonomy":"post_tag","embeddable":true,"href":"https:\/\/www.revue3emillenaire.com\/blog\/wp-json\/wp\/v2\/tags?post=21184"}],"curies":[{"name":"wp","href":"https:\/\/api.w.org\/{rel}","templated":true}]}}