{"id":213,"date":"2008-12-25T00:00:00","date_gmt":"2008-12-25T00:00:00","guid":{"rendered":"http:\/\/www.revue3emillenaire.com\/blog\/?p=213"},"modified":"2011-09-18T13:42:48","modified_gmt":"2011-09-18T12:42:48","slug":"impermanence-des-objets-et-des-entites-par-robert-linssen","status":"publish","type":"post","link":"https:\/\/www.revue3emillenaire.com\/blog\/impermanence-des-objets-et-des-entites-par-robert-linssen\/","title":{"rendered":"Impermanence des objets et des entit\u00e9s par Robert Linssen"},"content":{"rendered":"<p style=\"text-align: justify;\">(Revue \u00catre Libre, num\u00e9ro 304-305, Juillet-D\u00e9cembre 1985)<\/p>\n<p style=\"text-align: justify;\">Il est tr\u00e8s utile de se d\u00e9gager de l&#8217;emprise consid\u00e9rable de nos valeurs habituelles de temps, d&rsquo;espace, de dur\u00e9e, de fixit\u00e9.<\/p>\n<p style=\"text-align: justify;\">Le but de cet expos\u00e9 est d&rsquo;attirer l&rsquo;attention du lecteur sur le bien-fond\u00e9 de l&rsquo;ancienne affirmation du bouddhisme au terme de laquelle il n&rsquo;y a pas d&rsquo;objet ni d&rsquo;entit\u00e9, mais il n&rsquo;y a que des \u00e9v\u00e9nements.<\/p>\n<p style=\"text-align: justify;\">Les physiciens, tels Capra et David Bohm, \u00e9noncent une v\u00e9rit\u00e9 identique sous une autre forme et d\u00e9clarent : il n&rsquo;y a pas de \u00ab chose \u00bb, pas d&rsquo;objet ni d&rsquo;entit\u00e9s (ego), il n&rsquo;y a que des processus. Un tel \u00e9nonc\u00e9 nous semble de prime abord paradoxal ou incompr\u00e9hensible. Il n\u00e9cessite des commentaires. La m\u00e9ditation de ces commentaires peut \u00eatre le pr\u00e9lude de prises de consciences qui, malgr\u00e9 leur r\u00e9alisation \u00e0 un niveau intellectuel limit\u00e9 peuvent ensuite ouvrir la voie \u00e0 des perceptions supra-intellectuelles et globales infiniment plus profondes.<\/p>\n<p style=\"text-align: justify;\">L&rsquo;\u00e9volution de la plupart des sciences, au seuil de ce IIIe mill\u00e9naire, a entra\u00een\u00e9 un \u00e9largissement important des horizons pour tout ce qui concerne le temps et l&rsquo;espace. Les nouvelles psychologies d\u00e9bordent les cadres limit\u00e9s de l&rsquo;\u00e9go. Elles se veulent transpersonnelles. Elles s&rsquo;inspirent de plus en plus de la nouvelle vision holistique unitaire ou globale qu&rsquo;imposent les sciences et parmi elles, surtout la nouvelle physique quantique.<\/p>\n<p style=\"text-align: justify;\">L&rsquo;affranchissement de l&rsquo;anthropomorphisme de nos mesures de temps et d&rsquo;espace s&rsquo;av\u00e8re de plus en plus n\u00e9cessaire. Le d\u00e9passement des limitations de nos perceptions famili\u00e8res est une obligation qui s&rsquo;inscrit dans les lois naturelles.<\/p>\n<p style=\"text-align: justify;\">L&rsquo;ancien \u00ab anthropocentrisme \u00bb qui pla\u00e7ait l&rsquo;homme au centre de l&rsquo;univers doit c\u00e9der la place \u00e0 un nouveau \u00ab cosmocentrisme \u00bb s&rsquo;inspirant d&rsquo;une vision globale de l&rsquo;immensit\u00e9 de l&rsquo;univers dans le temps et l&rsquo;espace et surtout de l&rsquo;ant\u00e9riorit\u00e9 de celui-ci.<\/p>\n<p style=\"text-align: justify;\">Nous devons comprendre et sentir que nous ne sommes pas seulement ce que nous avons pens\u00e9 \u00eatre jusqu&rsquo;\u00e0 pr\u00e9sent \u2014 ce corps n\u00e9 il y a quelques ann\u00e9es et mourant dans quelques ann\u00e9es \u2014 mais que nous sommes indissociablement partie d&rsquo;une Totalit\u00e9 vivante dont nous ne sommes qu&rsquo;une \u00e9manation p\u00e9riph\u00e9rique, \u00e9vanescente. Nous devons comprendre et sentir que ce qu&rsquo;il y a de plus authentique, de plus r\u00e9el et de plus valable en nous est cette Pure essence des profondeurs dont tous les mystiques ont proclam\u00e9 l&rsquo;existence et la gloire et qu&rsquo;en cette fin du XXe si\u00e8cle, les savants les plus \u00e9minents nous font entrevoir. Mystiques et hommes de sciences d&rsquo;avant-garde en proclament la priorit\u00e9 et l&rsquo;ant\u00e9riorit\u00e9. Cette R\u00e9alit\u00e9-Une est le \u00ab Corps Cosmique \u00bb dont chacun de nous est un membre apparemment s\u00e9par\u00e9. Elle est le \u00ab Sujet \u00bb par excellence dont nous usurpons tous les pouvoirs en nous les attribuant dans une situation d&rsquo;isolement absurde qui est en contradiction avec la Nature unique des \u00eatres et des choses.<\/p>\n<p style=\"text-align: justify;\">Il est indispensable de nous lib\u00e9rer de deux illusions fondamentales qui pervertissent toutes nos perceptions.<\/p>\n<p style=\"text-align: justify;\">La premi\u00e8re consiste \u00e0 nous consid\u00e9rer comme des entit\u00e9s s\u00e9par\u00e9es et isol\u00e9es. La non-s\u00e9parabilit\u00e9 des \u00eatres et des choses est l&rsquo;une des bases de la vie mystique. Elle se trouve enti\u00e8rement confirm\u00e9e par la nouvelle physique.<\/p>\n<p style=\"text-align: justify;\">La seconde concerne le temps et l&rsquo;apparente fixit\u00e9 des \u00eatres et des choses. Le temps ne s&rsquo;\u00e9coule pas \u00e0 la fa\u00e7on dont nous le percevons, il n&rsquo;est pas s\u00e9par\u00e9 de l&rsquo;espace et les ph\u00e9nom\u00e8nes n&rsquo;ont aucune fixit\u00e9.<\/p>\n<p style=\"text-align: justify;\">Il est important de porter notre attention sur ce que nous sommes r\u00e9ellement, \u00e0 chaque instant de \u00ab l&rsquo;ici-maintenant \u00bb. Nous ne sommes qu&rsquo;une \u00e9manation provisoire, toujours changeante d&rsquo;un champ de conscience cosmique lui-m\u00eame en perp\u00e9tuelle pulsation cr\u00e9atrice. De ces profondeurs immenses faites d&rsquo;univers encore inconnus, a surgi il y a quinze milliards d&rsquo;ann\u00e9es un \u00e9v\u00e9nement qui fit appara\u00eetre des oc\u00e9ans de pure lumi\u00e8re, des milliards de poussi\u00e8res d&rsquo;\u00e9toiles et finalement la fameuse \u00ab soupe primordiale \u00bb dont soudain naquit, le temps d&rsquo;un \u00e9clair, l&rsquo;esp\u00e8ce humaine. Celle-ci pendant un temps (qui nous para\u00eet celui d&rsquo;un \u00e9clair \u00e0 l&rsquo;\u00e9chelle des temps cosmiques) mutera vraisemblablement dans d&rsquo;autres esp\u00e8ces et d&rsquo;autres formes en raison du dynamisme puissant de la Nature supr\u00eame des choses. Il est d&rsquo;ailleurs inutile de sp\u00e9culer sur cet avenir hypoth\u00e9tique.<\/p>\n<p style=\"text-align: justify;\">Toujours est-il que nous sommes l\u00e0 : \u00ab ici-maintenant \u00bb, comme \u00e9piph\u00e9nom\u00e8nes provisoires, simples \u00ab \u00e9v\u00e9nements \u00bb p\u00e9riph\u00e9riques de l&rsquo;aventure prodigieuse d&rsquo;un ACTEUR Vivant incroyablement immense par rapport auquel nous intervenons \u00e0 titre second et d\u00e9riv\u00e9. Il en est tout au moins ainsi pour autant que nous flottions \u00e0 la d\u00e9rive dans un \u00e9tat d&rsquo;ignorance et de r\u00eave qui nous s\u00e9pare du GRAND VIVANT. Cet \u00e9tat d&rsquo;ignorance r\u00e9sulte de la formation, dans le domaine de notre int\u00e9riorit\u00e9 psychique, d&rsquo;un \u00e9cran opaque dont l&rsquo;\u00e9paisseur r\u00e9sulte des d\u00e9p\u00f4ts sans cesse accumul\u00e9s des r\u00e9sidus de milliards de m\u00e9moires.<\/p>\n<p style=\"text-align: justify; padding-left: 240px;\">_________________<\/p>\n<p style=\"text-align: justify;\">Afin d&rsquo;assurer le triomphe du Grand Vivant sur les aspects r\u00e9siduels qui nous engloutissent provisoirement, il est utile, une fois de plus, de nous d\u00e9gager des limites infiniment petites et \u00e9troites de l&rsquo;espace-temps humain pour nous situer au niveau cosmique de la Nature supr\u00eame des choses.<\/p>\n<p style=\"text-align: justify;\">Nous ram\u00e8nerons donc dans notre exemple, les grandes \u00e9tapes d&rsquo;un lointain pass\u00e9 cosmique englobant 15 milliards d&rsquo;ann\u00e9es \u00e0 l&rsquo;\u00e9chelle des grandeurs d&rsquo;une vie humaine de cent ans. Nous choisissons ce chiffre pour faciliter les calculs.<\/p>\n<p style=\"text-align: justify;\">La vision globale de la rapidit\u00e9 de plus en plus grande des rythmes du devenir universel est saisissante. L&rsquo;augmentation de cette rapidit\u00e9 n&rsquo;est pas une constante. Apr\u00e8s une p\u00e9riode initiale tr\u00e8s lente, tout semble soudain se pr\u00e9cipiter au rythme d&rsquo;une progression qui, apr\u00e8s \u00eatre g\u00e9om\u00e9trique, tend \u00e0 \u00eatre exponentielle.<\/p>\n<p style=\"text-align: justify;\">Il s&rsquo;en d\u00e9gage une prise de conscience impressionnante de la place infinit\u00e9simalement r\u00e9duite de notre vie et r\u00f4le personnels.<\/p>\n<p style=\"text-align: justify;\">Il existe cependant un aspect diff\u00e9rent et compl\u00e9mentaire de ce caract\u00e8re \u00e9vanescent et infinit\u00e9simalement r\u00e9duit. En effet, l&rsquo;\u00eatre humain, est, malgr\u00e9 son caract\u00e8re \u00e9vanescent, l&rsquo;instrument d&rsquo;expression parfait du mouvement de cr\u00e9ation du Grand Vivant lorsqu&rsquo;il s&rsquo;accorde avec souplesse et transparence, dans la Pl\u00e9nitude de \u00ab l&rsquo;ici-maintenant \u00bb dans la momentan\u00e9it\u00e9 de chaque instant.<\/p>\n<p style=\"text-align: justify; padding-left: 210px;\">_____________________<\/p>\n<p style=\"text-align: justify;\">En consultant le calendrier cosmique de l&rsquo;astronome Carl Sagan \u2014 pr\u00e9sentant \u00e9galement une tentative de conversion cosmique \u00e0 l&rsquo;\u00e9chelle humain \u2014 chacun pourra se rendre compte, non seulement de la rapidit\u00e9 croissante des rythmes de l&rsquo;\u00e9volution, mais aussi du cot\u00e9 \u00e0 la fois fragile, \u00e9vanescent, des existences humaines individuelles.<\/p>\n<p style=\"text-align: justify;\">Carl Sagan a publi\u00e9 un tableau dans lequel sont expos\u00e9s les principaux \u00e9v\u00e9nements illustrant l&rsquo;histoire de l&rsquo;univers depuis sa formation jusqu&rsquo;\u00e0 nos jours en la concentrant en une seule ann\u00e9e.<\/p>\n<p style=\"text-align: justify;\">Le 1er janvier (il y a 15 milliards d&rsquo;ann\u00e9es)\u00a0\u00a0 \u00a0\u00a0\u00a0 \u00a0\u00a0 Big-Bang<br \/>\nLe\u00a0 1er mai\u00a0\u00a0 \u00a0\u00a0\u00a0 \u00a0\u00a0\u00a0 \u00a0\u00a0\u00a0 \u00a0\u00a0\u00a0 \u00a0\u00a0\u00a0 \u00a0\u00a0\u00a0 \u00a0 \u00a0 \u00a0 \u00a0 \u00a0 \u00a0 \u00a0 \u00a0 \u00a0 \u00a0 \u00a0 \u00a0\u00a0 \u00a0 \u00a0\u00a0 \u00a0\u00a0\u00a0 Origine de la Voie Lact\u00e9e<br \/>\nLe 9 septembre\u00a0\u00a0 \u00a0\u00a0\u00a0 \u00a0\u00a0\u00a0 \u00a0\u00a0\u00a0 \u00a0\u00a0\u00a0 \u00a0\u00a0 \u00a0 \u00a0 \u00a0 \u00a0 \u00a0 \u00a0 \u00a0 \u00a0 \u00a0 \u00a0 \u00a0\u00a0 \u00a0 \u00a0 \u00a0 \u00a0 Origine du syst\u00e8me solaire<br \/>\nLe 14 septembre\u00a0\u00a0 \u00a0\u00a0\u00a0 \u00a0\u00a0\u00a0 \u00a0\u00a0\u00a0 \u00a0\u00a0\u00a0 \u00a0\u00a0\u00a0 \u00a0 \u00a0 \u00a0 \u00a0 \u00a0 \u00a0 \u00a0 \u00a0 \u00a0 \u00a0 \u00a0 \u00a0\u00a0\u00a0 \u00a0 Formation de la Terre<br \/>\nLe 15 novembre\u00a0\u00a0 \u00a0\u00a0\u00a0 \u00a0\u00a0\u00a0 \u00a0\u00a0\u00a0 \u00a0\u00a0\u00a0 \u00a0\u00a0\u00a0 \u00a0\u00a0\u00a0\u00a0\u00a0\u00a0\u00a0\u00a0\u00a0\u00a0\u00a0\u00a0\u00a0\u00a0\u00a0\u00a0\u00a0\u00a0\u00a0\u00a0\u00a0\u00a0\u00a0\u00a0\u00a0\u00a0\u00a0 Premi\u00e8res cellules<br \/>\nLe 27 d\u00e9cembre \u00a0\u00a0 \u00a0\u00a0\u00a0 \u00a0\u00a0\u00a0 \u00a0\u00a0\u00a0 \u00a0\u00a0\u00a0 \u00a0\u00a0 \u00a0 \u00a0 \u00a0 \u00a0 \u00a0 \u00a0 \u00a0 \u00a0 \u00a0 \u00a0 \u00a0 \u00a0 \u00a0\u00a0\u00a0 Oiseaux<br \/>\nLe 30 d\u00e9cembre\u00a0\u00a0 \u00a0\u00a0\u00a0 \u00a0\u00a0\u00a0 \u00a0\u00a0\u00a0 \u00a0\u00a0\u00a0 \u00a0 \u00a0 \u00a0 \u00a0 \u00a0 \u00a0 \u00a0 \u00a0 \u00a0 \u00a0 \u00a0 \u00a0 \u00a0 \u00a0 \u00a0\u00a0\u00a0 Premiers hominiens<br \/>\nLe 31 d\u00e9cembre \u00e0 22 h. 30\u00a0\u00a0 \u00a0\u00a0\u00a0 \u00a0\u00a0\u00a0 \u00a0 \u00a0 \u00a0 \u00a0 \u00a0 \u00a0 \u00a0 \u00a0\u00a0\u00a0\u00a0 Premiers humains<br \/>\n23 heures 56 \u00a0\u00a0 \u00a0\u00a0\u00a0 \u00a0\u00a0 \u00a0 \u00a0 \u00a0 \u00a0 \u00a0\u00a0\u00a0\u00a0\u00a0\u00a0\u00a0\u00a0\u00a0\u00a0\u00a0\u00a0\u00a0\u00a0\u00a0\u00a0\u00a0\u00a0\u00a0\u00a0\u00a0\u00a0\u00a0\u00a0\u00a0\u00a0\u00a0\u00a0\u00a0\u00a0\u00a0\u00a0\u00a0 Derni\u00e8re p\u00e9riode glaci\u00e8re<br \/>\n23 heures 59 min. 50 sec.\u00a0\u00a0 \u00a0\u00a0 \u00a0 \u00a0 \u00a0 \u00a0 \u00a0 \u00a0 \u00a0 \u00a0 \u00a0 \u00a0 \u00a0 \u00a0\u00a0 Sumer, Ebla, Egypte<br \/>\n23 heures 59 min. 55 sec.\u00a0\u00a0\u00a0\u00a0 \u00a0 \u00a0 \u00a0 \u00a0 \u00a0 \u00a0 \u00a0 \u00a0 \u00a0 \u00a0 \u00a0 \u00a0 \u00a0 Naissance du Bouddha<br \/>\n23 heures 59 min. 56 sec.\u00a0\u00a0\u00a0\u00a0 \u00a0\u00a0\u00a0\u00a0\u00a0\u00a0\u00a0\u00a0\u00a0\u00a0\u00a0\u00a0\u00a0\u00a0\u00a0\u00a0\u00a0\u00a0\u00a0\u00a0\u00a0\u00a0\u00a0\u00a0\u00a0 Naissance du Christ<br \/>\n23 heures 59 min. 59 sec.\u00a0\u00a0\u00a0\u00a0 \u00a0\u00a0\u00a0\u00a0\u00a0\u00a0\u00a0\u00a0\u00a0\u00a0\u00a0\u00a0\u00a0\u00a0\u00a0\u00a0\u00a0\u00a0\u00a0\u00a0\u00a0\u00a0\u00a0\u00a0\u00a0 Renaissance en Europe<br \/>\n24 heures \u00a0\u00a0 \u00a0\u00a0\u00a0\u00a0\u00a0\u00a0\u00a0\u00a0\u00a0\u00a0\u00a0\u00a0\u00a0\u00a0\u00a0\u00a0\u00a0\u00a0\u00a0\u00a0\u00a0\u00a0\u00a0\u00a0\u00a0 \u00a0 \u00a0\u00a0\u00a0\u00a0\u00a0\u00a0\u00a0\u00a0\u00a0\u00a0 \u00a0 \u00a0 \u00a0 Ere atomique, acquisition des moyens de destruction de l&rsquo;esp\u00e8ce humaine.<\/p>\n<p style=\"text-align: justify;\">\n<p style=\"text-align: justify;\">Entre le moment de l&rsquo;apparition des premiers humains \u00e0 22 h. 30 le 31 d\u00e9cembre et 1985 (dans le calendrier Sagan), il y a 1 h. 30, soit 90 minutes. Ces 90 minutes repr\u00e9sentent environ 2.500.000 ann\u00e9es.<\/p>\n<p style=\"text-align: justify;\">Si nous donnons pour chaque g\u00e9n\u00e9ration une dur\u00e9e moyenne de 25 ann\u00e9es (ce qui est g\u00e9n\u00e9ralement admis), cette p\u00e9riode englobe 100.000 g\u00e9n\u00e9rations. Au cas o\u00f9, selon certains auteurs, il existerait une vie psychique post-mortem qui porterait la vie et l&rsquo;apr\u00e8s-vie \u00e0 une moyenne de 100 ans, le cycle des r\u00e9incarnations comprendrait 25.000 vies. Si nous transposons ces 25.000 vies dans les valeurs de temps du calendrier Sagan, chaque vie humaine dure le temps d&rsquo;un \u00e9clair.<\/p>\n<p style=\"text-align: justify;\">Il peut \u00eatre int\u00e9ressant et r\u00e9v\u00e9lateur d&rsquo;accorder quelques temps d&rsquo;attention sur les p\u00e9riodes de temps qui viennent d&rsquo;\u00eatre expos\u00e9es en se situant \u00e0 une \u00e9chelle cosmique globale. Cette \u00e9chelle cosmique globale s&rsquo;impose dans la nouvelle vision holistique en cette fin du XX<sup>e<\/sup> si\u00e8cle.<\/p>\n<p style=\"text-align: justify;\">Ce qui pr\u00e9c\u00e8de nous donne une vision d&rsquo;un monde intens\u00e9ment mouvant et fluide dans lequel absolument rien n&rsquo;est fixe ni statique. Ceci est d&rsquo;autant plus vrai que nous n&rsquo;avons envisag\u00e9 dans nos exemples que les aspects ext\u00e9rieurs et macroscopiques des \u00eatres et des choses. Mais si nous en examinons l&rsquo;int\u00e9riorit\u00e9 ou l&rsquo;aspect atomique, la vision est beaucoup plus saisissante encore. Car, dans le corps humain dont la naissance, l&rsquo;\u00e9panouissement et la mort ne durent que quelques secondes, la totalit\u00e9 des cellules se d\u00e9truisent et se recr\u00e9ent constamment tandis qu&rsquo;au niveau des profondeurs sub-atomiques, l&rsquo;essence ultime de la mati\u00e8re se recr\u00e9e des milliards de fois.<\/p>\n<p style=\"text-align: justify;\">La m\u00e9ditation sur l&rsquo;ensemble de ce qui vient d&rsquo;\u00eatre \u00e9voqu\u00e9 confirme avec force le bien-fond\u00e9 des anciens enseignements du bouddhisme : il n&rsquo;y a pas d&rsquo;objets fixes, il n&rsquo;y a pas d&rsquo;entit\u00e9s, il n&rsquo;y a que des \u00e9v\u00e9nements.<\/p>\n<p style=\"text-align: justify;\">Les objets et les entit\u00e9s auxquels notre ignorance conf\u00e8re des caract\u00e8res de fixit\u00e9, de r\u00e9alit\u00e9 immobile, d&rsquo;indestructibilit\u00e9 et d&rsquo;isolement, etc., ne sont que des processus, des \u00e9v\u00e9nements \u00e9vanescents qui s&rsquo;ins\u00e8rent dans le processus universel du Grand VIVANT.<\/p>\n<p style=\"text-align: justify; padding-left: 390px;\">R. LINSSEN.<\/p>\n","protected":false},"excerpt":{"rendered":"<p>Il est important de porter notre attention sur ce que nous sommes r\u00e9ellement, \u00e0 chaque instant de \u00ab l&rsquo;ici-maintenant \u00bb. Nous ne sommes qu&rsquo;une \u00e9manation provisoire, toujours changeante d&rsquo;un champ de conscience cosmique lui-m\u00eame en perp\u00e9tuelle pulsation cr\u00e9atrice. De ces profondeurs immenses faites d&rsquo;univers encore inconnus, a surgi il y a quinze milliards d&rsquo;ann\u00e9es un \u00e9v\u00e9nement qui fit appara\u00eetre des oc\u00e9ans de pure lumi\u00e8re, des milliards de poussi\u00e8res d&rsquo;\u00e9toiles et finalement la fameuse \u00ab soupe primordiale \u00bb dont soudain naquit, le temps d&rsquo;un \u00e9clair, l&rsquo;esp\u00e8ce humaine. Celle-ci pendant un temps (qui nous para\u00eet celui d&rsquo;un \u00e9clair \u00e0 l&rsquo;\u00e9chelle des temps cosmiques) mutera vraisemblablement dans d&rsquo;autres esp\u00e8ces et d&rsquo;autres formes en raison du dynamisme puissant de la Nature supr\u00eame des choses. Il est d&rsquo;ailleurs inutile de sp\u00e9culer sur cet avenir hypoth\u00e9tique.<\/p>\n","protected":false},"author":1,"featured_media":0,"comment_status":"open","ping_status":"open","sticky":false,"template":"","format":"standard","meta":{"footnotes":""},"categories":[66],"tags":[256,108,9],"class_list":["post-213","post","type-post","status-publish","format-standard","hentry","category-r-linssen","tag-big-bang","tag-evolution","tag-science-et-spiritualite"],"yoast_head":"<!-- This site is optimized with the Yoast SEO plugin v27.0 - https:\/\/yoast.com\/product\/yoast-seo-wordpress\/ -->\n<title>Impermanence des objets et des entit\u00e9s par Robert Linssen - 3e mill\u00e9naire - Spiritualit\u00e9 - Connaissance de soi - Non-dualit\u00e9 - M\u00e9ditation<\/title>\n<meta name=\"robots\" content=\"index, follow, max-snippet:-1, max-image-preview:large, max-video-preview:-1\" \/>\n<link rel=\"canonical\" href=\"https:\/\/www.revue3emillenaire.com\/blog\/impermanence-des-objets-et-des-entites-par-robert-linssen\/\" \/>\n<meta property=\"og:locale\" content=\"fr_FR\" \/>\n<meta property=\"og:type\" content=\"article\" \/>\n<meta property=\"og:title\" content=\"Impermanence des objets et des entit\u00e9s par Robert Linssen - 3e mill\u00e9naire - Spiritualit\u00e9 - Connaissance de soi - Non-dualit\u00e9 - M\u00e9ditation\" \/>\n<meta property=\"og:description\" content=\"Il est important de porter notre attention sur ce que nous sommes r\u00e9ellement, \u00e0 chaque instant de \u00ab l&#039;ici-maintenant \u00bb. Nous ne sommes qu&#039;une \u00e9manation provisoire, toujours changeante d&#039;un champ de conscience cosmique lui-m\u00eame en perp\u00e9tuelle pulsation cr\u00e9atrice. De ces profondeurs immenses faites d&#039;univers encore inconnus, a surgi il y a quinze milliards d&#039;ann\u00e9es un \u00e9v\u00e9nement qui fit appara\u00eetre des oc\u00e9ans de pure lumi\u00e8re, des milliards de poussi\u00e8res d&#039;\u00e9toiles et finalement la fameuse \u00ab soupe primordiale \u00bb dont soudain naquit, le temps d&#039;un \u00e9clair, l&#039;esp\u00e8ce humaine. Celle-ci pendant un temps (qui nous para\u00eet celui d&#039;un \u00e9clair \u00e0 l&#039;\u00e9chelle des temps cosmiques) mutera vraisemblablement dans d&#039;autres esp\u00e8ces et d&#039;autres formes en raison du dynamisme puissant de la Nature supr\u00eame des choses. Il est d&#039;ailleurs inutile de sp\u00e9culer sur cet avenir hypoth\u00e9tique.\" \/>\n<meta property=\"og:url\" content=\"https:\/\/www.revue3emillenaire.com\/blog\/impermanence-des-objets-et-des-entites-par-robert-linssen\/\" \/>\n<meta property=\"og:site_name\" content=\"3e mill\u00e9naire - Spiritualit\u00e9 - Connaissance de soi - Non-dualit\u00e9 - M\u00e9ditation\" \/>\n<meta property=\"article:published_time\" content=\"2008-12-25T00:00:00+00:00\" \/>\n<meta property=\"article:modified_time\" content=\"2011-09-18T12:42:48+00:00\" \/>\n<meta name=\"author\" content=\"3e mill\u00e9naire\" \/>\n<meta name=\"twitter:card\" content=\"summary_large_image\" \/>\n<meta name=\"twitter:label1\" content=\"\u00c9crit par\" \/>\n\t<meta name=\"twitter:data1\" content=\"3e mill\u00e9naire\" \/>\n\t<meta name=\"twitter:label2\" content=\"Dur\u00e9e de lecture estim\u00e9e\" \/>\n\t<meta name=\"twitter:data2\" content=\"8 minutes\" \/>\n<script type=\"application\/ld+json\" class=\"yoast-schema-graph\">{\"@context\":\"https:\/\/schema.org\",\"@graph\":[{\"@type\":\"Article\",\"@id\":\"https:\/\/www.revue3emillenaire.com\/blog\/impermanence-des-objets-et-des-entites-par-robert-linssen\/#article\",\"isPartOf\":{\"@id\":\"https:\/\/www.revue3emillenaire.com\/blog\/impermanence-des-objets-et-des-entites-par-robert-linssen\/\"},\"author\":{\"name\":\"3e mill\u00e9naire\",\"@id\":\"https:\/\/www.revue3emillenaire.com\/blog\/#\/schema\/person\/9a3a7cc4ccaa707f402d4394327106d5\"},\"headline\":\"Impermanence des objets et des entit\u00e9s par Robert Linssen\",\"datePublished\":\"2008-12-25T00:00:00+00:00\",\"dateModified\":\"2011-09-18T12:42:48+00:00\",\"mainEntityOfPage\":{\"@id\":\"https:\/\/www.revue3emillenaire.com\/blog\/impermanence-des-objets-et-des-entites-par-robert-linssen\/\"},\"wordCount\":1600,\"commentCount\":0,\"keywords\":[\"big bang\",\"\u00c9volution\",\"Science et spiritualit\u00e9\"],\"articleSection\":[\"Linssen Robert\"],\"inLanguage\":\"fr-FR\",\"potentialAction\":[{\"@type\":\"CommentAction\",\"name\":\"Comment\",\"target\":[\"https:\/\/www.revue3emillenaire.com\/blog\/impermanence-des-objets-et-des-entites-par-robert-linssen\/#respond\"]}]},{\"@type\":\"WebPage\",\"@id\":\"https:\/\/www.revue3emillenaire.com\/blog\/impermanence-des-objets-et-des-entites-par-robert-linssen\/\",\"url\":\"https:\/\/www.revue3emillenaire.com\/blog\/impermanence-des-objets-et-des-entites-par-robert-linssen\/\",\"name\":\"Impermanence des objets et des entit\u00e9s par Robert Linssen - 3e mill\u00e9naire - Spiritualit\u00e9 - Connaissance de soi - Non-dualit\u00e9 - M\u00e9ditation\",\"isPartOf\":{\"@id\":\"https:\/\/www.revue3emillenaire.com\/blog\/#website\"},\"datePublished\":\"2008-12-25T00:00:00+00:00\",\"dateModified\":\"2011-09-18T12:42:48+00:00\",\"author\":{\"@id\":\"https:\/\/www.revue3emillenaire.com\/blog\/#\/schema\/person\/9a3a7cc4ccaa707f402d4394327106d5\"},\"breadcrumb\":{\"@id\":\"https:\/\/www.revue3emillenaire.com\/blog\/impermanence-des-objets-et-des-entites-par-robert-linssen\/#breadcrumb\"},\"inLanguage\":\"fr-FR\",\"potentialAction\":[{\"@type\":\"ReadAction\",\"target\":[\"https:\/\/www.revue3emillenaire.com\/blog\/impermanence-des-objets-et-des-entites-par-robert-linssen\/\"]}]},{\"@type\":\"BreadcrumbList\",\"@id\":\"https:\/\/www.revue3emillenaire.com\/blog\/impermanence-des-objets-et-des-entites-par-robert-linssen\/#breadcrumb\",\"itemListElement\":[{\"@type\":\"ListItem\",\"position\":1,\"name\":\"Accueil\",\"item\":\"https:\/\/www.revue3emillenaire.com\/blog\/\"},{\"@type\":\"ListItem\",\"position\":2,\"name\":\"Impermanence des objets et des entit\u00e9s par Robert Linssen\"}]},{\"@type\":\"WebSite\",\"@id\":\"https:\/\/www.revue3emillenaire.com\/blog\/#website\",\"url\":\"https:\/\/www.revue3emillenaire.com\/blog\/\",\"name\":\"3e mill\u00e9naire - Spiritualit\u00e9 - Connaissance de soi - Non-dualit\u00e9 - M\u00e9ditation\",\"description\":\"L&#039;Homme en devenir\",\"potentialAction\":[{\"@type\":\"SearchAction\",\"target\":{\"@type\":\"EntryPoint\",\"urlTemplate\":\"https:\/\/www.revue3emillenaire.com\/blog\/?s={search_term_string}\"},\"query-input\":{\"@type\":\"PropertyValueSpecification\",\"valueRequired\":true,\"valueName\":\"search_term_string\"}}],\"inLanguage\":\"fr-FR\"},{\"@type\":\"Person\",\"@id\":\"https:\/\/www.revue3emillenaire.com\/blog\/#\/schema\/person\/9a3a7cc4ccaa707f402d4394327106d5\",\"name\":\"3e mill\u00e9naire\",\"url\":\"https:\/\/www.revue3emillenaire.com\/blog\/author\/admin\/\"}]}<\/script>\n<!-- \/ Yoast SEO plugin. -->","yoast_head_json":{"title":"Impermanence des objets et des entit\u00e9s par Robert Linssen - 3e mill\u00e9naire - Spiritualit\u00e9 - Connaissance de soi - Non-dualit\u00e9 - M\u00e9ditation","robots":{"index":"index","follow":"follow","max-snippet":"max-snippet:-1","max-image-preview":"max-image-preview:large","max-video-preview":"max-video-preview:-1"},"canonical":"https:\/\/www.revue3emillenaire.com\/blog\/impermanence-des-objets-et-des-entites-par-robert-linssen\/","og_locale":"fr_FR","og_type":"article","og_title":"Impermanence des objets et des entit\u00e9s par Robert Linssen - 3e mill\u00e9naire - Spiritualit\u00e9 - Connaissance de soi - Non-dualit\u00e9 - M\u00e9ditation","og_description":"Il est important de porter notre attention sur ce que nous sommes r\u00e9ellement, \u00e0 chaque instant de \u00ab l'ici-maintenant \u00bb. Nous ne sommes qu'une \u00e9manation provisoire, toujours changeante d'un champ de conscience cosmique lui-m\u00eame en perp\u00e9tuelle pulsation cr\u00e9atrice. De ces profondeurs immenses faites d'univers encore inconnus, a surgi il y a quinze milliards d'ann\u00e9es un \u00e9v\u00e9nement qui fit appara\u00eetre des oc\u00e9ans de pure lumi\u00e8re, des milliards de poussi\u00e8res d'\u00e9toiles et finalement la fameuse \u00ab soupe primordiale \u00bb dont soudain naquit, le temps d'un \u00e9clair, l'esp\u00e8ce humaine. Celle-ci pendant un temps (qui nous para\u00eet celui d'un \u00e9clair \u00e0 l'\u00e9chelle des temps cosmiques) mutera vraisemblablement dans d'autres esp\u00e8ces et d'autres formes en raison du dynamisme puissant de la Nature supr\u00eame des choses. Il est d'ailleurs inutile de sp\u00e9culer sur cet avenir hypoth\u00e9tique.","og_url":"https:\/\/www.revue3emillenaire.com\/blog\/impermanence-des-objets-et-des-entites-par-robert-linssen\/","og_site_name":"3e mill\u00e9naire - Spiritualit\u00e9 - Connaissance de soi - Non-dualit\u00e9 - M\u00e9ditation","article_published_time":"2008-12-25T00:00:00+00:00","article_modified_time":"2011-09-18T12:42:48+00:00","author":"3e mill\u00e9naire","twitter_card":"summary_large_image","twitter_misc":{"\u00c9crit par":"3e mill\u00e9naire","Dur\u00e9e de lecture estim\u00e9e":"8 minutes"},"schema":{"@context":"https:\/\/schema.org","@graph":[{"@type":"Article","@id":"https:\/\/www.revue3emillenaire.com\/blog\/impermanence-des-objets-et-des-entites-par-robert-linssen\/#article","isPartOf":{"@id":"https:\/\/www.revue3emillenaire.com\/blog\/impermanence-des-objets-et-des-entites-par-robert-linssen\/"},"author":{"name":"3e mill\u00e9naire","@id":"https:\/\/www.revue3emillenaire.com\/blog\/#\/schema\/person\/9a3a7cc4ccaa707f402d4394327106d5"},"headline":"Impermanence des objets et des entit\u00e9s par Robert Linssen","datePublished":"2008-12-25T00:00:00+00:00","dateModified":"2011-09-18T12:42:48+00:00","mainEntityOfPage":{"@id":"https:\/\/www.revue3emillenaire.com\/blog\/impermanence-des-objets-et-des-entites-par-robert-linssen\/"},"wordCount":1600,"commentCount":0,"keywords":["big bang","\u00c9volution","Science et spiritualit\u00e9"],"articleSection":["Linssen Robert"],"inLanguage":"fr-FR","potentialAction":[{"@type":"CommentAction","name":"Comment","target":["https:\/\/www.revue3emillenaire.com\/blog\/impermanence-des-objets-et-des-entites-par-robert-linssen\/#respond"]}]},{"@type":"WebPage","@id":"https:\/\/www.revue3emillenaire.com\/blog\/impermanence-des-objets-et-des-entites-par-robert-linssen\/","url":"https:\/\/www.revue3emillenaire.com\/blog\/impermanence-des-objets-et-des-entites-par-robert-linssen\/","name":"Impermanence des objets et des entit\u00e9s par Robert Linssen - 3e mill\u00e9naire - Spiritualit\u00e9 - Connaissance de soi - Non-dualit\u00e9 - M\u00e9ditation","isPartOf":{"@id":"https:\/\/www.revue3emillenaire.com\/blog\/#website"},"datePublished":"2008-12-25T00:00:00+00:00","dateModified":"2011-09-18T12:42:48+00:00","author":{"@id":"https:\/\/www.revue3emillenaire.com\/blog\/#\/schema\/person\/9a3a7cc4ccaa707f402d4394327106d5"},"breadcrumb":{"@id":"https:\/\/www.revue3emillenaire.com\/blog\/impermanence-des-objets-et-des-entites-par-robert-linssen\/#breadcrumb"},"inLanguage":"fr-FR","potentialAction":[{"@type":"ReadAction","target":["https:\/\/www.revue3emillenaire.com\/blog\/impermanence-des-objets-et-des-entites-par-robert-linssen\/"]}]},{"@type":"BreadcrumbList","@id":"https:\/\/www.revue3emillenaire.com\/blog\/impermanence-des-objets-et-des-entites-par-robert-linssen\/#breadcrumb","itemListElement":[{"@type":"ListItem","position":1,"name":"Accueil","item":"https:\/\/www.revue3emillenaire.com\/blog\/"},{"@type":"ListItem","position":2,"name":"Impermanence des objets et des entit\u00e9s par Robert Linssen"}]},{"@type":"WebSite","@id":"https:\/\/www.revue3emillenaire.com\/blog\/#website","url":"https:\/\/www.revue3emillenaire.com\/blog\/","name":"3e mill\u00e9naire - Spiritualit\u00e9 - Connaissance de soi - Non-dualit\u00e9 - M\u00e9ditation","description":"L&#039;Homme en devenir","potentialAction":[{"@type":"SearchAction","target":{"@type":"EntryPoint","urlTemplate":"https:\/\/www.revue3emillenaire.com\/blog\/?s={search_term_string}"},"query-input":{"@type":"PropertyValueSpecification","valueRequired":true,"valueName":"search_term_string"}}],"inLanguage":"fr-FR"},{"@type":"Person","@id":"https:\/\/www.revue3emillenaire.com\/blog\/#\/schema\/person\/9a3a7cc4ccaa707f402d4394327106d5","name":"3e mill\u00e9naire","url":"https:\/\/www.revue3emillenaire.com\/blog\/author\/admin\/"}]}},"_links":{"self":[{"href":"https:\/\/www.revue3emillenaire.com\/blog\/wp-json\/wp\/v2\/posts\/213","targetHints":{"allow":["GET"]}}],"collection":[{"href":"https:\/\/www.revue3emillenaire.com\/blog\/wp-json\/wp\/v2\/posts"}],"about":[{"href":"https:\/\/www.revue3emillenaire.com\/blog\/wp-json\/wp\/v2\/types\/post"}],"author":[{"embeddable":true,"href":"https:\/\/www.revue3emillenaire.com\/blog\/wp-json\/wp\/v2\/users\/1"}],"replies":[{"embeddable":true,"href":"https:\/\/www.revue3emillenaire.com\/blog\/wp-json\/wp\/v2\/comments?post=213"}],"version-history":[{"count":0,"href":"https:\/\/www.revue3emillenaire.com\/blog\/wp-json\/wp\/v2\/posts\/213\/revisions"}],"wp:attachment":[{"href":"https:\/\/www.revue3emillenaire.com\/blog\/wp-json\/wp\/v2\/media?parent=213"}],"wp:term":[{"taxonomy":"category","embeddable":true,"href":"https:\/\/www.revue3emillenaire.com\/blog\/wp-json\/wp\/v2\/categories?post=213"},{"taxonomy":"post_tag","embeddable":true,"href":"https:\/\/www.revue3emillenaire.com\/blog\/wp-json\/wp\/v2\/tags?post=213"}],"curies":[{"name":"wp","href":"https:\/\/api.w.org\/{rel}","templated":true}]}}