{"id":21529,"date":"2026-09-03T01:05:48","date_gmt":"2026-09-03T00:05:48","guid":{"rendered":"https:\/\/www.revue3emillenaire.com\/blog\/?p=21529"},"modified":"2026-09-03T01:05:48","modified_gmt":"2026-09-03T00:05:48","slug":"repenser-rudolf-steiner-par-bruce-kirchoff","status":"publish","type":"post","link":"https:\/\/www.revue3emillenaire.com\/blog\/repenser-rudolf-steiner-par-bruce-kirchoff\/","title":{"rendered":"Repenser Rudolf Steiner par Bruce Kirchoff"},"content":{"rendered":"<h3 class=\"western\" align=\"justify\"><span style=\"color: #000000;\"><span style=\"font-family: Times New Roman, serif;\"><span style=\"font-size: medium;\"><b>L\u2019initi\u00e9 et son contexte<\/b><\/span><\/span><\/span><\/h3>\n<p class=\"western\" align=\"justify\"><span style=\"color: #000000;\"><span style=\"font-family: Times New Roman, serif;\">Le nouveau livre de Richard Ramsbotham, <\/span><\/span><em><a href=\"https:\/\/steinerbooks.org\/products\/9781621483922-who-was-rudolf-steiner\"><span style=\"color: #000000;\"><span style=\"font-family: Times New Roman, serif;\">Who Was Rudolf Steiner: An Untold Story<\/span><\/span><\/a><\/em><span style=\"color: #000000;\"><span style=\"font-family: Times New Roman, serif;\"> (SteinerBooks, 2026), soul\u00e8ve des questions fondamentales concernant la nature de l\u2019\u00eatre connu sous le nom de Rudolf Steiner. Bien que je ne sois pas d\u2019accord avec la tonalit\u00e9 g\u00e9n\u00e9rale de cet ouvrage, je suis enti\u00e8rement d\u2019accord pour dire qu\u2019il est temps de r\u00e9fl\u00e9chir en profondeur \u00e0 Steiner, \u00e0 la fois en tant qu\u2019initi\u00e9 et en tant qu\u2019\u00eatre humain. Au c\u0153ur de cette exploration se trouve la mani\u00e8re dont nous interpr\u00e9tons les nombreuses affirmations de Steiner sur la nature humaine et les mondes spirituels. Lors d\u2019une pr\u00e9sentation \u00e0 la Harvard Divinity School, Robert Karp a r\u00e9sum\u00e9 deux perspectives distinctes sur ces affirmations\u00a0:<\/span><\/span><\/p>\n<p class=\"western\" style=\"padding-left: 80px;\" align=\"justify\"><em><span style=\"color: #000000;\"><span style=\"font-family: Times New Roman, serif;\">1. Steiner \u00ab <\/span><\/span><\/em><span style=\"color: #000080;\"><u><a href=\"https:\/\/youtu.be\/qmukhX3oF6A?si=pRuf71IC5j3qozJv&amp;t=342\"><span style=\"color: #000000;\"><span style=\"font-family: Times New Roman, serif;\"><i>\u00e9tait un grand initi\u00e9<\/i><\/span><\/span><\/a><\/u><\/span><em><span style=\"color: #000000;\"><span style=\"font-family: Times New Roman, serif;\"> et, par cons\u00e9quent, tout ce qu\u2019il disait et faisait \u00e9tait uniform\u00e9ment inspir\u00e9 et vrai \u00bb. Selon cette perspective, \u00ab les contradictions apparentes ou les partis pris dans l\u2019\u0153uvre de Rudolf Steiner r\u00e9sultent d\u2019un manque de connaissances ou de compr\u00e9hension de notre part \u00bb.<\/span><\/span><\/em><\/p>\n<p class=\"western\" style=\"padding-left: 80px;\" align=\"justify\"><em><span style=\"color: #000000;\"><span style=\"font-family: Times New Roman, serif;\">2. \u00ab Bien que Rudolf Steiner ait dit certaines choses qui sont, ou du moins semblent, tr\u00e8s \u00e9clair\u00e9es et progressistes, <\/span><\/span><\/em><span style=\"color: #000080;\"><u><a href=\"https:\/\/youtu.be\/qmukhX3oF6A?si=6Yf_LvGVqMt2dbRu&amp;t=368\"><span style=\"color: #000000;\"><span style=\"font-family: Times New Roman, serif;\"><i>il avait \u00e9galement une ombre, ou un c\u00f4t\u00e9 par trop humain<\/i><\/span><\/span><\/a><\/u><\/span><em><span style=\"color: #000000;\"><span style=\"font-family: Times New Roman, serif;\"> \u00bb. Ce point de vue consid\u00e8re que \u00ab les faiblesses, les limites et les pr\u00e9jug\u00e9s culturels et raciaux de Rudolf Steiner contredisent ses enseignements apparemment progressistes et, pour de nombreuses personnes, les remettent m\u00eame en question \u00bb.<\/span><\/span><\/em><\/p>\n<p class=\"western\" align=\"justify\"><span style=\"color: #000000;\"><span style=\"font-family: Times New Roman, serif;\">Robert Karp propose \u00e9galement une troisi\u00e8me interpr\u00e9tation, que vous pouvez d\u00e9couvrir <\/span><\/span><span style=\"color: #000080;\"><u><a href=\"https:\/\/youtu.be\/qmukhX3oF6A?si=lC9sy0Gb1raRkIlP&amp;t=414\"><span style=\"color: #000000;\"><span style=\"font-family: Times New Roman, serif;\">ici<\/span><\/span><\/a><\/u><\/span><span style=\"color: #000000;\"><span style=\"font-family: Times New Roman, serif;\">. Plut\u00f4t que de d\u00e9velopper le mod\u00e8le de Robert, cet article adopte une approche diff\u00e9rente en examinant une affirmation pr\u00e9cise formul\u00e9e par Ramsbotham dans son livre.<\/span><\/span><\/p>\n<p class=\"western\" align=\"justify\"><strong><span style=\"color: #000000;\"><span style=\"font-family: Times New Roman, serif;\"><b>La th\u00e9orie du \u00ab grand individu \u00bb du d\u00e9veloppement humain<\/b><\/span><\/span><\/strong><\/p>\n<p class=\"western\" align=\"justify\"><span style=\"color: #000000;\"><span style=\"font-family: Times New Roman, serif;\">S\u2019appuyant sur plusieurs conf\u00e9rences de Steiner donn\u00e9es en 1909, Ramsbotham affirme que \u00ab les facult\u00e9s humaines doivent d\u2019abord \u00eatre introduites par un seul individu \u00bb. Pour \u00e9tayer cette id\u00e9e, il cite un passage de la conf\u00e9rence de Steiner du 14\u00a0novembre 1909\u00a0:<\/span><\/span><\/p>\n<p class=\"western\" style=\"padding-left: 80px;\" align=\"justify\"><em><span style=\"color: #000000;\"><span style=\"font-family: Times New Roman, serif;\">\u00ab Il doit en \u00eatre ainsi pour toute facult\u00e9 humaine. \u00c0 un certain stade de l\u2019\u00e9volution humaine, une facult\u00e9 doit d\u2019abord trouver son expression chez un seul individu ; ce n\u2019est qu\u2019ensuite qu\u2019elle peut commencer \u00e0 se d\u00e9velopper progressivement parmi les \u00eatres humains en tant que facult\u00e9 \u00e0 part enti\u00e8re \u00bb.<\/span><\/span><\/em><\/p>\n<p class=\"western\" align=\"justify\"><span style=\"color: #000000;\"><span style=\"font-family: Times New Roman, serif;\">Devons-nous accepter cette affirmation comme universellement vraie en nous fondant sur l\u2019<\/span><\/span><span style=\"color: #000000;\"><span style=\"font-family: Times New Roman, serif;\">insight<\/span><\/span><span style=\"color: #000000;\"><span style=\"font-family: Times New Roman, serif;\"> spirituel de Steiner, ou se pourrait-il que des influences philosophiques et culturelles aient fa\u00e7onn\u00e9 cette d\u00e9claration ? C\u2019est l\u2019un des nombreux passages de 1909 o\u00f9 Steiner expose la th\u00e9orie du \u00ab grand individu \u00bb de l\u2019\u00e9volution humaine. Dans la conf\u00e9rence du 14\u00a0novembre, il parle sp\u00e9cifiquement du Bouddha. Dans d\u2019autres conf\u00e9rences de la m\u00eame p\u00e9riode, il fait r\u00e9f\u00e9rence \u00e0 un individu qu\u2019il appelle Apollon (distinct de la divinit\u00e9 mythologique), ainsi qu\u2019\u00e0 Orph\u00e9e et <\/span><\/span><span style=\"color: #000000;\"><span style=\"font-family: Times New Roman, serif;\">\u00e0 <\/span><\/span><span style=\"color: #000000;\"><span style=\"font-family: Times New Roman, serif;\">Aristote. Steiner d\u00e9veloppe essentiellement le m\u00eame argument dans tous ces exemples\u00a0: chacun de ces individus a introduit dans le monde quelque chose qui, \u00e0 l\u2019origine, ne pouvait trouver son expression qu\u2019\u00e0 travers une seule individualit\u00e9 humaine.<\/span><\/span><\/p>\n<p class=\"western\" align=\"justify\"><strong><span style=\"color: #000000;\"><span style=\"font-family: Times New Roman, serif;\"><b>Ant\u00e9c\u00e9dents historiques, culturels et philosophiques<\/b><\/span><\/span><\/strong><\/p>\n<p class=\"western\" align=\"justify\"><span style=\"color: #000000;\"><span style=\"font-family: Times New Roman, serif;\">Laissons de c\u00f4t\u00e9 les affirmations spirituelles pr\u00e9cises que Steiner formule au sujet de ces personnages historiques et demandons-nous s\u2019il existe des pr\u00e9c\u00e9dents historiques ou culturels \u00e0 cette th\u00e9orie du \u00ab grand individu \u00bb. Les \u00e9l\u00e9ments dont nous disposons sugg\u00e8rent qu\u2019il existe des raisons philosophiques et culturelles \u00e9videntes pour lesquelles Steiner aurait formul\u00e9 ses id\u00e9es de cette mani\u00e8re \u00e0 l\u2019intention de son public contemporain.<\/span><\/span><\/p>\n<p class=\"western\" align=\"justify\"><span style=\"color: #000000;\"><span style=\"font-family: Times New Roman, serif;\">Pour comprendre pourquoi, nous devons prendre en consid\u00e9ration son public de l\u2019\u00e9poque. En 1909, Steiner \u00e9tait \u00e0 la t\u00eate de la Section allemande de la Soci\u00e9t\u00e9 th\u00e9osophique, et son auditoire \u00e9tait principalement compos\u00e9 de ses membres. Ces auditeurs \u00e9taient profond\u00e9ment impr\u00e9gn\u00e9s de la tradition des Mahatmas (\u00ab grandes \u00e2mes \u00bb) \u00e9tablie par Helena Petrovna Blavatsky (HPB). Les Mahatmas \u00e9taient des individus spirituellement avanc\u00e9s qui guidaient l\u2019\u00e9volution humaine, notamment les Ma\u00eetres Morya et Koot Hoomi. Steiner les mentionnait fr\u00e9quemment dans ses premi\u00e8res conf\u00e9rences th\u00e9osophiques, bien qu\u2019ils aient pratiquement disparu de son \u0153uvre apr\u00e8s 1913, lorsqu\u2019il se s\u00e9para de la Soci\u00e9t\u00e9 th\u00e9osophique. En 1909, cependant, son public \u00e9tait pr\u00e9dispos\u00e9 \u00e0 s\u2019attendre \u00e0 des r\u00e9f\u00e9rences \u00e0 des personnalit\u00e9s exalt\u00e9es qui dispensaient une guidance spirituelle. (Le livre de Paul Johnson, <\/span><\/span><em><span style=\"color: #000000;\"><span style=\"font-family: Times New Roman, serif;\">The Masters Revealed<\/span><\/span><\/em><span style=\"color: #000000;\"><span style=\"font-family: Times New Roman, serif;\"> [SUNY Press], propose un examen d\u00e9taill\u00e9 des identit\u00e9s humaines qui se cachent derri\u00e8re ces ma\u00eetres).<\/span><\/span><\/p>\n<p class=\"western\" align=\"justify\"><span style=\"color: #000000;\"><span style=\"font-family: Times New Roman, serif;\">Le mod\u00e8le du \u00ab grand individu \u00bb en mati\u00e8re de progr\u00e8s culturel poss\u00e8de \u00e9galement une solide g\u00e9n\u00e9alogie philosophique. La th\u00e9orie de G. W. F. Hegel concernant la progression historique repose largement sur les \u00ab individus historiques universels \u00bb qui font avancer la culture durant les p\u00e9riodes de stagnation. Selon Hegel, ces figures servent d\u2019agents de l\u2019Esprit du monde (<\/span><\/span><em><span style=\"color: #000000;\"><span style=\"font-family: Times New Roman, serif;\">Weltgeist<\/span><\/span><\/em><span style=\"color: #000000;\"><span style=\"font-family: Times New Roman, serif;\">) et de l\u2019esprit d\u2019une nation particuli\u00e8re (<\/span><\/span><em><span style=\"color: #000000;\"><span style=\"font-family: Times New Roman, serif;\">Volksgeist<\/span><\/span><\/em><span style=\"color: #000000;\"><span style=\"font-family: Times New Roman, serif;\">). Compte tenu des attentes de son public et de son arri\u00e8re-plan dans la philosophie de l\u2019Europe centrale du XIX<\/span><\/span><span style=\"color: #000000;\"><sup><span style=\"font-family: Times New Roman, serif;\">e\u00a0<\/span><\/sup><\/span><span style=\"color: #000000;\"><span style=\"font-family: Times New Roman, serif;\">si\u00e8cle, Steiner \u00e9voluait dans un cadre qui favorisait naturellement cette perspective.<\/span><\/span><\/p>\n<p class=\"western\" align=\"justify\"><strong><span style=\"color: #000000;\"><span style=\"font-family: Times New Roman, serif;\"><b>\u00c9clairages issus de la sociologie de la connaissance<\/b><\/span><\/span><\/strong><\/p>\n<p class=\"western\" align=\"justify\"><span style=\"color: #000000;\"><span style=\"font-family: Times New Roman, serif;\">Cela soul\u00e8ve une question essentielle\u00a0: Steiner parlait-il uniquement \u00e0 partir d\u2019une clairvoyance spirituelle ind\u00e9pendante, co\u00efncidant par hasard avec les attentes de son public et avec la philosophie de l\u2019Europe centrale, ou bien ces influences contextuelles ont-elles fa\u00e7onn\u00e9 ses propos ? Existe-t-il des \u00e9l\u00e9ments suppl\u00e9mentaires qui pourraient nous conduire \u00e0 examiner cette seconde possibilit\u00e9 ?<\/span><\/span><\/p>\n<p class=\"western\" align=\"justify\"><span style=\"color: #000000;\"><span style=\"font-family: Times New Roman, serif;\">Depuis l\u2019\u00e9poque de Steiner, un vaste domaine de recherche universitaire a \u00e9merg\u00e9\u00a0: la sociologie de la connaissance. Ce domaine \u00e9tudie la mani\u00e8re dont les contextes interpersonnels et culturels fa\u00e7onnent la production et la r\u00e9ception du savoir. Bien que ce domaine soit vaste et vari\u00e9, son id\u00e9e centrale peut \u00eatre formul\u00e9e simplement\u00a0: tout savoir est inscrit dans des relations sociales et interpersonnelles complexes qui influencent la mani\u00e8re dont ce savoir est v\u00e9cu et exprim\u00e9.<\/span><\/span><\/p>\n<p class=\"western\" align=\"justify\"><span style=\"color: #000000;\"><span style=\"font-family: Times New Roman, serif;\">Une pr\u00e9sentation compl\u00e8te de ce domaine d\u00e9passe le cadre de cet article. Cependant, j\u2019ai fourni ci-dessous des liens vers trois articles que j\u2019ai \u00e9crits sur ce sujet, un ouvrage fondateur majeur et une pr\u00e9sentation que j\u2019ai donn\u00e9e sur cette question il y a quelques ann\u00e9es. Les r\u00e9f\u00e9rences contenues dans ces articles vous permettront d\u2019approfondir cette discipline.<\/span><\/span><\/p>\n<p class=\"western\" align=\"justify\"><strong><span style=\"color: #000000;\"><span style=\"font-family: Times New Roman, serif;\"><b>Vers une anthroposophie mature<\/b><\/span><\/span><\/strong><\/p>\n<p class=\"western\" align=\"justify\"><span style=\"font-family: Times New Roman, serif;\">L\u2019image qui se d\u00e9gage de cette vue d\u2019ensemble, et que je compte approfondir dans de futurs articles, est celle de Rudolf Steiner \u00e0 la fois comme initi\u00e9 et comme \u00eatre humain, profond\u00e9ment influenc\u00e9 par sa formation, sa culture et le moment historique dans lequel il a v\u00e9cu. Mon objectif est de d\u00e9velopper une m\u00e9thodologie permettant d\u2019aborder l\u2019immense \u0153uvre de Steiner de mani\u00e8re \u00e0 favoriser v\u00e9ritablement notre propre d\u00e9veloppement spirituel. Tout en restant critique \u00e0 l\u2019\u00e9gard de certaines affirmations, ainsi que de la tendance de certains anthroposophes \u00e0 le consid\u00e9rer comme infaillible, mon objectif est de nous aider \u00e0 devenir des \u00e9tudiants plus efficaces de l\u2019anthroposophie.<\/span><\/p>\n<p class=\"western\" align=\"justify\"><span style=\"font-family: Times New Roman, serif;\"><b>R\u00e9f\u00e9rences<\/b><\/span><\/p>\n<p class=\"western\" align=\"justify\"><span style=\"color: #000000;\"><span style=\"font-family: Times New Roman, serif;\">Kirchoff, B. K. (1996). <\/span><\/span><span style=\"color: #000080;\"><a href=\"https:\/\/www.digitalgreensboro.org\/record\/7352?ln=en&amp;p=kirchoff+consciousness&amp;v=pdf\"><span style=\"color: #000000;\"><span style=\"font-family: Times New Roman, serif;\"><i>Scientific Communities, Objectivity and the Transformation of Science<\/i><\/span><\/span><\/a><\/span><span style=\"color: #000000;\"><span style=\"font-family: Times New Roman, serif;\">\u00a0(Institute of Noetic Sciences.\u00a0Vol. CP-8). Sausalito, CA: Institute of Noetic Sciences.<\/span><\/span><\/p>\n<p class=\"western\" align=\"justify\"><span style=\"color: #000000;\"><span style=\"font-family: Times New Roman, serif;\">Kirchoff, B. K. (1999). <\/span><\/span><span style=\"color: #000080;\"><a href=\"https:\/\/zenodo.org\/records\/17560998\"><span style=\"color: #000000;\"><span style=\"font-family: Times New Roman, serif;\"><i>Consciousness, community, and the brain: Toward an ontology of being<\/i><\/span><\/span><\/a><\/span><span style=\"color: #000000;\"><span style=\"font-family: Times New Roman, serif;\">. In J. S. Jordan (Ed.),\u00a0<\/span><\/span><em><span style=\"color: #000000;\"><span style=\"font-family: Times New Roman, serif;\">Modeling consciousness across the disciplines<\/span><\/span><\/em><span style=\"color: #000000;\"><span style=\"font-family: Times New Roman, serif;\">\u00a0(pp. 243\u2013268). Lanham, NY: University Press of America.<\/span><\/span><\/p>\n<p class=\"western\" align=\"justify\"><span style=\"color: #000000;\"><span style=\"font-family: Times New Roman, serif;\">Gregen, K. J. (2009).\u00a0<\/span><\/span><span style=\"color: #000080;\"><a href=\"https:\/\/global.oup.com\/academic\/product\/relational-being-9780195305388?cc=us&amp;lang=en&amp;\"><span style=\"color: #000000;\"><span style=\"font-family: Times New Roman, serif;\"><i>Relational Being<\/i><\/span><\/span><\/a><\/span><span style=\"color: #000000;\"><span style=\"font-family: Times New Roman, serif;\">. Oxford, UK: Oxford University Press.<\/span><\/span><\/p>\n<p class=\"western\" align=\"justify\"><span style=\"color: #000000;\"><span style=\"font-family: Times New Roman, serif;\">Kirchoff, B. K. 2024\u00a0<\/span><\/span><span style=\"color: #000080;\"><a href=\"https:\/\/youtu.be\/wAWFiralGb4?si=Ud8_uN2TT1qXz_8g\"><span style=\"color: #000000;\"><span style=\"font-family: Times New Roman, serif;\"><i>Everything we Know about the World is Shaped by our Communities and States of Consciousness<\/i><\/span><\/span><\/a><\/span><span style=\"color: #000000;\"><span style=\"font-family: Times New Roman, serif;\">. UNC Greensboro Last Lecture Series (YouTube)<\/span><\/span><\/p>\n<p class=\"western\" align=\"justify\"><span style=\"color: #000000;\"><span style=\"font-family: Times New Roman, serif;\">Texte original publi\u00e9 le 12\u00a0ao\u00fbt 2026\u00a0: <\/span><\/span><span style=\"color: #000080;\"><u><a href=\"https:\/\/spiritinaction.substack.com\/p\/rethinking-rudolf-steiner\" target=\"_blank\" rel=\"noopener\"><span style=\"color: #000000;\"><span style=\"font-family: Times New Roman, serif;\">https:\/\/spiritinaction.substack.com\/p\/rethinking-rudolf-steiner<\/span><\/span><\/a><\/u><\/span><\/p>\n","protected":false},"excerpt":{"rendered":"<p>Le mod\u00e8le du \u00ab grand individu \u00bb en mati\u00e8re de progr\u00e8s culturel poss\u00e8de \u00e9galement une solide g\u00e9n\u00e9alogie philosophique. La th\u00e9orie de G. W. F. Hegel concernant la progression historique repose largement sur les \u00ab individus historiques universels \u00bb qui font avancer la culture durant les p\u00e9riodes de stagnation. Selon Hegel, ces figures servent d\u2019agents de l\u2019Esprit du monde (Weltgeist) et de l\u2019esprit d\u2019une nation particuli\u00e8re (Volksgeist). Compte tenu des attentes de son public et de son arri\u00e8re-plan dans la philosophie de l\u2019Europe centrale du XIXe\u00a0si\u00e8cle, Steiner \u00e9voluait dans un cadre qui favorisait naturellement cette perspective.<\/p>\n","protected":false},"author":2,"featured_media":21530,"comment_status":"closed","ping_status":"closed","sticky":false,"template":"","format":"standard","meta":{"_acf_changed":false,"footnotes":""},"categories":[1014],"tags":[326,2014,340,452],"class_list":["post-21529","post","type-post","status-publish","format-standard","has-post-thumbnail","hentry","category-essais","tag-anthroposophie","tag-contexte","tag-esoterisme","tag-steiner"],"acf":[],"yoast_head":"<!-- This site is optimized with the Yoast SEO plugin v28.3 - https:\/\/yoast.com\/product\/yoast-seo-wordpress\/ -->\n<title>Repenser Rudolf Steiner par Bruce Kirchoff - 3e mill\u00e9naire - Spiritualit\u00e9 - Connaissance de soi - Non-dualit\u00e9 - M\u00e9ditation<\/title>\n<meta name=\"robots\" content=\"index, follow, max-snippet:-1, max-image-preview:large, max-video-preview:-1\" \/>\n<link rel=\"canonical\" href=\"https:\/\/www.revue3emillenaire.com\/blog\/repenser-rudolf-steiner-par-bruce-kirchoff\/\" \/>\n<meta property=\"og:locale\" content=\"fr_FR\" \/>\n<meta property=\"og:type\" content=\"article\" \/>\n<meta property=\"og:title\" content=\"Repenser Rudolf Steiner par Bruce Kirchoff - 3e mill\u00e9naire - Spiritualit\u00e9 - Connaissance de soi - Non-dualit\u00e9 - M\u00e9ditation\" \/>\n<meta property=\"og:description\" content=\"Le mod\u00e8le du \u00ab grand individu \u00bb en mati\u00e8re de progr\u00e8s culturel poss\u00e8de \u00e9galement une solide g\u00e9n\u00e9alogie philosophique. La th\u00e9orie de G. W. F. Hegel concernant la progression historique repose largement sur les \u00ab individus historiques universels \u00bb qui font avancer la culture durant les p\u00e9riodes de stagnation. Selon Hegel, ces figures servent d\u2019agents de l\u2019Esprit du monde (Weltgeist) et de l\u2019esprit d\u2019une nation particuli\u00e8re (Volksgeist). Compte tenu des attentes de son public et de son arri\u00e8re-plan dans la philosophie de l\u2019Europe centrale du XIXe\u00a0si\u00e8cle, Steiner \u00e9voluait dans un cadre qui favorisait naturellement cette perspective.\" \/>\n<meta property=\"og:url\" content=\"https:\/\/www.revue3emillenaire.com\/blog\/repenser-rudolf-steiner-par-bruce-kirchoff\/\" \/>\n<meta property=\"og:site_name\" content=\"3e mill\u00e9naire - Spiritualit\u00e9 - Connaissance de soi - Non-dualit\u00e9 - M\u00e9ditation\" \/>\n<meta property=\"article:published_time\" content=\"2026-09-03T00:05:48+00:00\" \/>\n<meta property=\"og:image\" content=\"https:\/\/www.revue3emillenaire.com\/blog\/wp-content\/uploads\/2026\/09\/Bruce-Kirchoff.jpg\" \/>\n\t<meta property=\"og:image:width\" content=\"366\" \/>\n\t<meta property=\"og:image:height\" content=\"423\" \/>\n\t<meta property=\"og:image:type\" content=\"image\/jpeg\" \/>\n<meta name=\"author\" content=\"3e mill\u00e9naire\" \/>\n<meta name=\"twitter:card\" content=\"summary_large_image\" \/>\n<meta name=\"twitter:label1\" content=\"\u00c9crit par\" \/>\n\t<meta name=\"twitter:data1\" content=\"3e mill\u00e9naire\" \/>\n\t<meta name=\"twitter:label2\" content=\"Dur\u00e9e de lecture estim\u00e9e\" \/>\n\t<meta name=\"twitter:data2\" content=\"7 minutes\" \/>\n<script type=\"application\/ld+json\" class=\"yoast-schema-graph\">{\"@context\":\"https:\\\/\\\/schema.org\",\"@graph\":[{\"@type\":\"Article\",\"@id\":\"https:\\\/\\\/www.revue3emillenaire.com\\\/blog\\\/repenser-rudolf-steiner-par-bruce-kirchoff\\\/#article\",\"isPartOf\":{\"@id\":\"https:\\\/\\\/www.revue3emillenaire.com\\\/blog\\\/repenser-rudolf-steiner-par-bruce-kirchoff\\\/\"},\"author\":{\"name\":\"3e mill\u00e9naire\",\"@id\":\"https:\\\/\\\/www.revue3emillenaire.com\\\/blog\\\/#\\\/schema\\\/person\\\/b692dacff720a5344a6190bc714397eb\"},\"headline\":\"Repenser Rudolf Steiner par Bruce Kirchoff\",\"datePublished\":\"2026-09-03T00:05:48+00:00\",\"mainEntityOfPage\":{\"@id\":\"https:\\\/\\\/www.revue3emillenaire.com\\\/blog\\\/repenser-rudolf-steiner-par-bruce-kirchoff\\\/\"},\"wordCount\":1336,\"image\":{\"@id\":\"https:\\\/\\\/www.revue3emillenaire.com\\\/blog\\\/repenser-rudolf-steiner-par-bruce-kirchoff\\\/#primaryimage\"},\"thumbnailUrl\":\"https:\\\/\\\/www.revue3emillenaire.com\\\/blog\\\/wp-content\\\/uploads\\\/2026\\\/09\\\/Bruce-Kirchoff.jpg\",\"keywords\":[\"Anthroposophie\",\"Contexte\",\"\u00e9sot\u00e9risme\",\"Steiner\"],\"articleSection\":[\"Essais\"],\"inLanguage\":\"fr-FR\"},{\"@type\":\"WebPage\",\"@id\":\"https:\\\/\\\/www.revue3emillenaire.com\\\/blog\\\/repenser-rudolf-steiner-par-bruce-kirchoff\\\/\",\"url\":\"https:\\\/\\\/www.revue3emillenaire.com\\\/blog\\\/repenser-rudolf-steiner-par-bruce-kirchoff\\\/\",\"name\":\"Repenser Rudolf Steiner par Bruce Kirchoff - 3e mill\u00e9naire - Spiritualit\u00e9 - Connaissance de soi - Non-dualit\u00e9 - M\u00e9ditation\",\"isPartOf\":{\"@id\":\"https:\\\/\\\/www.revue3emillenaire.com\\\/blog\\\/#website\"},\"primaryImageOfPage\":{\"@id\":\"https:\\\/\\\/www.revue3emillenaire.com\\\/blog\\\/repenser-rudolf-steiner-par-bruce-kirchoff\\\/#primaryimage\"},\"image\":{\"@id\":\"https:\\\/\\\/www.revue3emillenaire.com\\\/blog\\\/repenser-rudolf-steiner-par-bruce-kirchoff\\\/#primaryimage\"},\"thumbnailUrl\":\"https:\\\/\\\/www.revue3emillenaire.com\\\/blog\\\/wp-content\\\/uploads\\\/2026\\\/09\\\/Bruce-Kirchoff.jpg\",\"datePublished\":\"2026-09-03T00:05:48+00:00\",\"author\":{\"@id\":\"https:\\\/\\\/www.revue3emillenaire.com\\\/blog\\\/#\\\/schema\\\/person\\\/b692dacff720a5344a6190bc714397eb\"},\"breadcrumb\":{\"@id\":\"https:\\\/\\\/www.revue3emillenaire.com\\\/blog\\\/repenser-rudolf-steiner-par-bruce-kirchoff\\\/#breadcrumb\"},\"inLanguage\":\"fr-FR\",\"potentialAction\":[{\"@type\":\"ReadAction\",\"target\":[\"https:\\\/\\\/www.revue3emillenaire.com\\\/blog\\\/repenser-rudolf-steiner-par-bruce-kirchoff\\\/\"]}]},{\"@type\":\"ImageObject\",\"inLanguage\":\"fr-FR\",\"@id\":\"https:\\\/\\\/www.revue3emillenaire.com\\\/blog\\\/repenser-rudolf-steiner-par-bruce-kirchoff\\\/#primaryimage\",\"url\":\"https:\\\/\\\/www.revue3emillenaire.com\\\/blog\\\/wp-content\\\/uploads\\\/2026\\\/09\\\/Bruce-Kirchoff.jpg\",\"contentUrl\":\"https:\\\/\\\/www.revue3emillenaire.com\\\/blog\\\/wp-content\\\/uploads\\\/2026\\\/09\\\/Bruce-Kirchoff.jpg\",\"width\":366,\"height\":423},{\"@type\":\"BreadcrumbList\",\"@id\":\"https:\\\/\\\/www.revue3emillenaire.com\\\/blog\\\/repenser-rudolf-steiner-par-bruce-kirchoff\\\/#breadcrumb\",\"itemListElement\":[{\"@type\":\"ListItem\",\"position\":1,\"name\":\"Accueil\",\"item\":\"https:\\\/\\\/www.revue3emillenaire.com\\\/blog\\\/\"},{\"@type\":\"ListItem\",\"position\":2,\"name\":\"Repenser Rudolf Steiner par Bruce Kirchoff\"}]},{\"@type\":\"WebSite\",\"@id\":\"https:\\\/\\\/www.revue3emillenaire.com\\\/blog\\\/#website\",\"url\":\"https:\\\/\\\/www.revue3emillenaire.com\\\/blog\\\/\",\"name\":\"3e mill\u00e9naire - Spiritualit\u00e9 - Connaissance de soi - Non-dualit\u00e9 - M\u00e9ditation\",\"description\":\"L&#039;Homme en devenir\",\"potentialAction\":[{\"@type\":\"SearchAction\",\"target\":{\"@type\":\"EntryPoint\",\"urlTemplate\":\"https:\\\/\\\/www.revue3emillenaire.com\\\/blog\\\/?s={search_term_string}\"},\"query-input\":{\"@type\":\"PropertyValueSpecification\",\"valueRequired\":true,\"valueName\":\"search_term_string\"}}],\"inLanguage\":\"fr-FR\"},{\"@type\":\"Person\",\"@id\":\"https:\\\/\\\/www.revue3emillenaire.com\\\/blog\\\/#\\\/schema\\\/person\\\/b692dacff720a5344a6190bc714397eb\",\"name\":\"3e mill\u00e9naire\",\"url\":\"https:\\\/\\\/www.revue3emillenaire.com\\\/blog\\\/author\\\/scoussa\\\/\"}]}<\/script>\n<!-- \/ Yoast SEO plugin. -->","yoast_head_json":{"title":"Repenser Rudolf Steiner par Bruce Kirchoff - 3e mill\u00e9naire - Spiritualit\u00e9 - Connaissance de soi - Non-dualit\u00e9 - M\u00e9ditation","robots":{"index":"index","follow":"follow","max-snippet":"max-snippet:-1","max-image-preview":"max-image-preview:large","max-video-preview":"max-video-preview:-1"},"canonical":"https:\/\/www.revue3emillenaire.com\/blog\/repenser-rudolf-steiner-par-bruce-kirchoff\/","og_locale":"fr_FR","og_type":"article","og_title":"Repenser Rudolf Steiner par Bruce Kirchoff - 3e mill\u00e9naire - Spiritualit\u00e9 - Connaissance de soi - Non-dualit\u00e9 - M\u00e9ditation","og_description":"Le mod\u00e8le du \u00ab grand individu \u00bb en mati\u00e8re de progr\u00e8s culturel poss\u00e8de \u00e9galement une solide g\u00e9n\u00e9alogie philosophique. La th\u00e9orie de G. W. F. Hegel concernant la progression historique repose largement sur les \u00ab individus historiques universels \u00bb qui font avancer la culture durant les p\u00e9riodes de stagnation. Selon Hegel, ces figures servent d\u2019agents de l\u2019Esprit du monde (Weltgeist) et de l\u2019esprit d\u2019une nation particuli\u00e8re (Volksgeist). Compte tenu des attentes de son public et de son arri\u00e8re-plan dans la philosophie de l\u2019Europe centrale du XIXe\u00a0si\u00e8cle, Steiner \u00e9voluait dans un cadre qui favorisait naturellement cette perspective.","og_url":"https:\/\/www.revue3emillenaire.com\/blog\/repenser-rudolf-steiner-par-bruce-kirchoff\/","og_site_name":"3e mill\u00e9naire - Spiritualit\u00e9 - Connaissance de soi - Non-dualit\u00e9 - M\u00e9ditation","article_published_time":"2026-09-03T00:05:48+00:00","og_image":[{"width":366,"height":423,"url":"https:\/\/www.revue3emillenaire.com\/blog\/wp-content\/uploads\/2026\/09\/Bruce-Kirchoff.jpg","type":"image\/jpeg"}],"author":"3e mill\u00e9naire","twitter_card":"summary_large_image","twitter_misc":{"\u00c9crit par":"3e mill\u00e9naire","Dur\u00e9e de lecture estim\u00e9e":"7 minutes"},"schema":{"@context":"https:\/\/schema.org","@graph":[{"@type":"Article","@id":"https:\/\/www.revue3emillenaire.com\/blog\/repenser-rudolf-steiner-par-bruce-kirchoff\/#article","isPartOf":{"@id":"https:\/\/www.revue3emillenaire.com\/blog\/repenser-rudolf-steiner-par-bruce-kirchoff\/"},"author":{"name":"3e mill\u00e9naire","@id":"https:\/\/www.revue3emillenaire.com\/blog\/#\/schema\/person\/b692dacff720a5344a6190bc714397eb"},"headline":"Repenser Rudolf Steiner par Bruce Kirchoff","datePublished":"2026-09-03T00:05:48+00:00","mainEntityOfPage":{"@id":"https:\/\/www.revue3emillenaire.com\/blog\/repenser-rudolf-steiner-par-bruce-kirchoff\/"},"wordCount":1336,"image":{"@id":"https:\/\/www.revue3emillenaire.com\/blog\/repenser-rudolf-steiner-par-bruce-kirchoff\/#primaryimage"},"thumbnailUrl":"https:\/\/www.revue3emillenaire.com\/blog\/wp-content\/uploads\/2026\/09\/Bruce-Kirchoff.jpg","keywords":["Anthroposophie","Contexte","\u00e9sot\u00e9risme","Steiner"],"articleSection":["Essais"],"inLanguage":"fr-FR"},{"@type":"WebPage","@id":"https:\/\/www.revue3emillenaire.com\/blog\/repenser-rudolf-steiner-par-bruce-kirchoff\/","url":"https:\/\/www.revue3emillenaire.com\/blog\/repenser-rudolf-steiner-par-bruce-kirchoff\/","name":"Repenser Rudolf Steiner par Bruce Kirchoff - 3e mill\u00e9naire - Spiritualit\u00e9 - Connaissance de soi - Non-dualit\u00e9 - M\u00e9ditation","isPartOf":{"@id":"https:\/\/www.revue3emillenaire.com\/blog\/#website"},"primaryImageOfPage":{"@id":"https:\/\/www.revue3emillenaire.com\/blog\/repenser-rudolf-steiner-par-bruce-kirchoff\/#primaryimage"},"image":{"@id":"https:\/\/www.revue3emillenaire.com\/blog\/repenser-rudolf-steiner-par-bruce-kirchoff\/#primaryimage"},"thumbnailUrl":"https:\/\/www.revue3emillenaire.com\/blog\/wp-content\/uploads\/2026\/09\/Bruce-Kirchoff.jpg","datePublished":"2026-09-03T00:05:48+00:00","author":{"@id":"https:\/\/www.revue3emillenaire.com\/blog\/#\/schema\/person\/b692dacff720a5344a6190bc714397eb"},"breadcrumb":{"@id":"https:\/\/www.revue3emillenaire.com\/blog\/repenser-rudolf-steiner-par-bruce-kirchoff\/#breadcrumb"},"inLanguage":"fr-FR","potentialAction":[{"@type":"ReadAction","target":["https:\/\/www.revue3emillenaire.com\/blog\/repenser-rudolf-steiner-par-bruce-kirchoff\/"]}]},{"@type":"ImageObject","inLanguage":"fr-FR","@id":"https:\/\/www.revue3emillenaire.com\/blog\/repenser-rudolf-steiner-par-bruce-kirchoff\/#primaryimage","url":"https:\/\/www.revue3emillenaire.com\/blog\/wp-content\/uploads\/2026\/09\/Bruce-Kirchoff.jpg","contentUrl":"https:\/\/www.revue3emillenaire.com\/blog\/wp-content\/uploads\/2026\/09\/Bruce-Kirchoff.jpg","width":366,"height":423},{"@type":"BreadcrumbList","@id":"https:\/\/www.revue3emillenaire.com\/blog\/repenser-rudolf-steiner-par-bruce-kirchoff\/#breadcrumb","itemListElement":[{"@type":"ListItem","position":1,"name":"Accueil","item":"https:\/\/www.revue3emillenaire.com\/blog\/"},{"@type":"ListItem","position":2,"name":"Repenser Rudolf Steiner par Bruce Kirchoff"}]},{"@type":"WebSite","@id":"https:\/\/www.revue3emillenaire.com\/blog\/#website","url":"https:\/\/www.revue3emillenaire.com\/blog\/","name":"3e mill\u00e9naire - Spiritualit\u00e9 - Connaissance de soi - Non-dualit\u00e9 - M\u00e9ditation","description":"L&#039;Homme en devenir","potentialAction":[{"@type":"SearchAction","target":{"@type":"EntryPoint","urlTemplate":"https:\/\/www.revue3emillenaire.com\/blog\/?s={search_term_string}"},"query-input":{"@type":"PropertyValueSpecification","valueRequired":true,"valueName":"search_term_string"}}],"inLanguage":"fr-FR"},{"@type":"Person","@id":"https:\/\/www.revue3emillenaire.com\/blog\/#\/schema\/person\/b692dacff720a5344a6190bc714397eb","name":"3e mill\u00e9naire","url":"https:\/\/www.revue3emillenaire.com\/blog\/author\/scoussa\/"}]}},"_links":{"self":[{"href":"https:\/\/www.revue3emillenaire.com\/blog\/wp-json\/wp\/v2\/posts\/21529","targetHints":{"allow":["GET"]}}],"collection":[{"href":"https:\/\/www.revue3emillenaire.com\/blog\/wp-json\/wp\/v2\/posts"}],"about":[{"href":"https:\/\/www.revue3emillenaire.com\/blog\/wp-json\/wp\/v2\/types\/post"}],"author":[{"embeddable":true,"href":"https:\/\/www.revue3emillenaire.com\/blog\/wp-json\/wp\/v2\/users\/2"}],"replies":[{"embeddable":true,"href":"https:\/\/www.revue3emillenaire.com\/blog\/wp-json\/wp\/v2\/comments?post=21529"}],"version-history":[{"count":0,"href":"https:\/\/www.revue3emillenaire.com\/blog\/wp-json\/wp\/v2\/posts\/21529\/revisions"}],"wp:featuredmedia":[{"embeddable":true,"href":"https:\/\/www.revue3emillenaire.com\/blog\/wp-json\/wp\/v2\/media\/21530"}],"wp:attachment":[{"href":"https:\/\/www.revue3emillenaire.com\/blog\/wp-json\/wp\/v2\/media?parent=21529"}],"wp:term":[{"taxonomy":"category","embeddable":true,"href":"https:\/\/www.revue3emillenaire.com\/blog\/wp-json\/wp\/v2\/categories?post=21529"},{"taxonomy":"post_tag","embeddable":true,"href":"https:\/\/www.revue3emillenaire.com\/blog\/wp-json\/wp\/v2\/tags?post=21529"}],"curies":[{"name":"wp","href":"https:\/\/api.w.org\/{rel}","templated":true}]}}