{"id":2521,"date":"2010-01-31T02:27:58","date_gmt":"2010-01-31T01:27:58","guid":{"rendered":"http:\/\/www.revue3emillenaire.com\/blog\/?p=2521"},"modified":"2011-09-22T22:32:41","modified_gmt":"2011-09-22T21:32:41","slug":"colloque-sur-la-reincarnation-anime-par-monseigneur-germain-eveque-de-st-denis-et-de-leglise-orthodoxe-de-france-dagpo-rimpoche-swami-shraddhananda-giri-et-presente-par-nadia-proisy","status":"publish","type":"post","link":"https:\/\/www.revue3emillenaire.com\/blog\/colloque-sur-la-reincarnation-anime-par-monseigneur-germain-eveque-de-st-denis-et-de-leglise-orthodoxe-de-france-dagpo-rimpoche-swami-shraddhananda-giri-et-presente-par-nadia-proisy\/","title":{"rendered":"Colloque sur la r\u00e9incarnation,  anim\u00e9 par Monseigneur Germain, Dagpo Rimpoch\u00e9, Swami Shraddhananda Giri et pr\u00e9sent\u00e9 par Nadia Proisy"},"content":{"rendered":"<p style=\"text-align: justify;\">(Revue Panharmonie, Nouvelle s\u00e9rie N<sup>0<\/sup> 3. Janvier 1988)<\/p>\n<p style=\"text-align: justify;\">Monseigneur GERMAIN ouvre le d\u00e9bat en citant le point de vue chr\u00e9tien qui est le sien et qui est en accord avec la tradition h\u00e9bra\u00efque qui dit : Les hommes naissent \u00e0 cette vie l\u00e0 avec un h\u00e9ritage au sein d&rsquo;un espace et d&rsquo;un temps d\u00e9termin\u00e9s. Et cet h\u00e9ritage a une signification particuli\u00e8re qui est qu&rsquo;il arrive avec une lign\u00e9e spirituelle. Il n&rsquo;a pas seulement des anc\u00eatres physiques, p\u00e8re, m\u00e8re, toute une lign\u00e9e, mais aussi des anc\u00eatres spirituels qui ne sont pas les m\u00eames que ceux de ses parents physiques. Nous n&rsquo;avons pas seulement des lign\u00e9es spirituelles, mais aussi des lign\u00e9es psychiques. L&rsquo;homme est un \u00eatre extr\u00eamement complexe et pour citer un cas (les cas extr\u00eames peuvent servir d&rsquo;images) : Jean-Baptiste, le Pr\u00e9curseur. La cit\u00e9 juive se posait la question, qui \u00e9tait le Baptiste ? Cette question fut pos\u00e9e au Christ : \u00ab\u00a0Qui est celui-l\u00e0 ?\u00a0\u00bb Il r\u00e9pond : \u00ab\u00a0Si vous voulez m&rsquo;en croire, c&rsquo;est lui Elie qui doit venir.\u00a0\u00bb R\u00e9ponse \u00e9trange, presque incompr\u00e9hensible, mais qui marque un fait concret qui est dans la tradition h\u00e9bra\u00efque : Jean Baptiste marchait dans la lign\u00e9e et la puissance du Proph\u00e8te Elie, il \u00e9tait inscrit dans cette lign\u00e9e.<\/p>\n<p style=\"text-align: justify;\">Un autre doit venir qui est inscrit dans cette lign\u00e9e : Jean l&rsquo;Evang\u00e9liste. Ainsi sont li\u00e9s Elie, Saint Jean-Baptiste et Jean l&rsquo;Evang\u00e9liste. En quoi consiste l&rsquo;exp\u00e9rimentation par Jean Baptiste de cette lign\u00e9e ? Jean Baptiste pouvait reproduire la vie du Proph\u00e8te Elie comme si c&rsquo;\u00e9tait lui qui l&rsquo;avait v\u00e9cu. Peut-\u00eatre pas enti\u00e8rement, mais en tout cas ce qu&rsquo;il reproduisait \u00e9tait comme si c&rsquo;\u00e9tait lui qui l&rsquo;avait v\u00e9cu. C&rsquo;est ainsi que le Christ a dit : \u00ab\u00a0C&rsquo;est lui, Elie qui doit venir\u00a0\u00bb parce que, en plus, dans la tradition, le Proph\u00e8te Elie doit revenir \u00e0 la fin des temps.<\/p>\n<p style=\"text-align: justify;\">Cela demanderait beaucoup de temps de d\u00e9velopper davantage le point de vue de l&rsquo;arriv\u00e9e des hommes dans une lign\u00e9e spirituelle et leur possibilit\u00e9 de reproduire les pens\u00e9es et les actes de ceux qui les y ont pr\u00e9c\u00e9d\u00e9, comme si c&rsquo;\u00e9tait leurs propres actes. Le Christ, Lui-m\u00eame, s&rsquo;est compar\u00e9 au Proph\u00e8te Jonas et dans cette m\u00eame lign\u00e9e on trouve l&rsquo;Ap\u00f4tre Pierre. C&rsquo;est un sujet qui ne parle pas de r\u00e9incarnation, mais de transmission et qui peut donner \u00e0 croire que, au fond, c&rsquo;est le m\u00eame \u00eatre qui revient, ce qui n&rsquo;est pas le cas dans le concept de la lign\u00e9e, ce n&rsquo;est pas le m\u00eame \u00eatre qui revient, c&rsquo;est un esprit qui parcourt une lign\u00e9e historique.<\/p>\n<p style=\"text-align: justify;\">On peut se poser la question : Est-ce que l&rsquo;Esprit s&rsquo;arr\u00eatera un jour ayant accompli son destin ? C&rsquo;est une question int\u00e9ressante. On voit qu&rsquo;une lign\u00e9e s&rsquo;arr\u00eate \u00e0 un moment donn\u00e9, peut-\u00eatre pour r\u00e9appara\u00eetre dans cent ans ou mille ans, on ne sait combien d&rsquo;ann\u00e9es apr\u00e8s. L&rsquo;esprit d&rsquo;Elie continue \u00e0 travers les si\u00e8cles, toute la lign\u00e9e johannique par exemple s&rsquo;accomplira, l&rsquo;Apocalypse en parle au moment de ce que l&rsquo;on appelle \u00ab\u00a0La fin des Temps.<\/p>\n<p style=\"text-align: justify;\">Ce premier point explique la transmission des pens\u00e9es et des exp\u00e9riences de l&rsquo;humanit\u00e9 de g\u00e9n\u00e9ration en g\u00e9n\u00e9ration. Les g\u00e9n\u00e9rations se succ\u00e8dent Ce ne sont pas les m\u00eames personnages.<\/p>\n<p style=\"text-align: justify;\">On peut se poser deux questions: si on regarde la constitution du monde, que ce soit le monde visible ou invisible, disons le monde au sens large, le monde est form\u00e9 de l&rsquo;esprit et de la mati\u00e8re. L&rsquo;esprit est spirituel et la mati\u00e8re est, en langage h\u00e9bra\u00efque, charnelle, pas dans le sens p\u00e9joratif, mais biblique. Ils forment la synth\u00e8se de l&rsquo;homme, l&rsquo;un ne d\u00e9coulant pas de l&rsquo;autre, l&rsquo;esprit restant ce qu&rsquo;il est et la chair \u00e9tant ce qu&rsquo;elle est. Les deux entrent en relation et la synth\u00e8se c&rsquo;est l&rsquo;homme, ou l&rsquo;humanit\u00e9. Une question\u00a0: Qu&rsquo;elle est l&rsquo;action essentielle du monde charnel, du corps de l&rsquo;homme ? Quelle est sa fonction primordiale ? Une r\u00e9ponse pourrait \u00eatre qu&rsquo;il est charg\u00e9 de faire na\u00eetre. Le monde physique fait na\u00eetre aussi bien chez les \u00eatres humains que chez les animaux et on peut l&rsquo;\u00e9tendre \u00e0 tous les ordres de la nature<\/p>\n<p style=\"text-align: justify;\">Deuxi\u00e8me question ? Quelle est la fonction essentielle du monde spirituel, de ce qu&rsquo;on appelle \u00ab\u00a0l&rsquo;esprit\u00a0\u00bb sans le d\u00e9finir, en face du monde charnel ? Une r\u00e9ponse, mais elle est plus difficile \u00e0 percevoir, c&rsquo;est que l&rsquo;esprit est fait pour donner, le spirituel se donne au mat\u00e9riel, l&rsquo;esprit se donne \u00e0 la chair; je vous propose un exemple qui n&rsquo;est pas vraiment spirituel, mais tout de m\u00eame intelligent : les hommes ont \u00e9tudi\u00e9 les lois du monde. On en a connu quelques unes et on les a imprim\u00e9es dans la mati\u00e8re. Cela donne des automobiles et des pens\u00e9es. Qu&rsquo;est-ce qu&rsquo;une automobile ? C&rsquo;est une loi conceptuelle install\u00e9e dans des \u00e9l\u00e9ments mat\u00e9riels. La loi qui est invisible, impalpable, a \u00e9t\u00e9 mise dans un \u00e9l\u00e9ment mat\u00e9riel et, tout \u00e0 coup, cela donne un engin qui peut fonctionner. Lorsqu&rsquo;en regarde l&rsquo;homme on peut penser que le c\u00f4t\u00e9 spirituel est donn\u00e9 \u00e0 son c\u00f4t\u00e9 mat\u00e9riel ou corporel et que l&rsquo;alliance des deux font de lui un \u00eatre vivant, capable de se mouvoir.<\/p>\n<p style=\"text-align: justify;\">Je reviens \u00e0 la question essentielle qu&rsquo;elle est la fonction essentielle au sein de la cr\u00e9ation ? Se donner. A qui, \u00e0 quoi\u00a0? A la mati\u00e8re. S&rsquo;il se donne, la mati\u00e8re se met en route, se vivifie et se transforme. Un esprit qui reste en lui-m\u00eame devient \u00e9go\u00efste, orgueilleux et altier. Au lieu de se donner il s&rsquo;abstient du monde mat\u00e9riel et parasitera le monde mat\u00e9riel et le monde mat\u00e9riel alors commencera \u00e0 d\u00e9p\u00e9rir, parce que parasit\u00e9 par le monde spirituel et, de ce fait, le d\u00e9p\u00e9rissement cr\u00e9e la mort.<\/p>\n<p style=\"text-align: justify;\">La mort vient de ce que le spirituel parasite le monde mat\u00e9riel, charnel. C<sup>&lsquo;<\/sup>est une mani\u00e8re de voir les choses. La mort, pour l&rsquo;esprit qui se donne, c&rsquo;est l&rsquo;abn\u00e9gation, c&rsquo;est mourir \u00e0 soi-m\u00eame pour na\u00eetre \u00e0 l&rsquo;autre. Sans cela le monde mat\u00e9riel va mourir n&rsquo;\u00e9tant plus informe, par le monde spirituel.<\/p>\n<p style=\"text-align: justify;\">Nous avons ici, dans la destin\u00e9e de l&rsquo;homme, une chose extr\u00eamement paradoxale, l&rsquo;introduction d&rsquo;un \u00e9l\u00e9ment dans le monde charnel de la mort qui n\u2019est pas originelle, ni fondamentale. La chair n&rsquo;est pas faite pour mourir, mais pour durer. Jean Rostand, ath\u00e9e, le disait : \u00ab\u00a0toute une vie j&rsquo;ai \u00e9tudi\u00e9 la cellule. Pour la regarder j&rsquo;ai d\u00fb commencer \u00e0 la tuer, (C&rsquo;est assez paradoxal, pour \u00e9tudier les grenouilles il commen\u00e7ait par les tuer !). J&rsquo;ai cherch\u00e9 ce qu&rsquo;\u00e9tait la mort, je ne l&rsquo;ai pas trouv\u00e9. Tout est fait pour vivre, et pourtant, c&rsquo;est la mort. \u00ab\u00a0<\/p>\n<p style=\"text-align: justify;\">Dans cette perspective de l&rsquo;alliance ou du mariage de l&rsquo;esprit et de la mati\u00e8re, la r\u00e9incarnation est un point d&rsquo;interrogation. Elle n&rsquo;est inscrite ni dans la pens\u00e9e, ni dans le destin. L&rsquo;humanit\u00e9 s&rsquo;\u00e9coule de g\u00e9n\u00e9ration en g\u00e9n\u00e9ration, mais ce ne sont pas les m\u00eames \u00eatres. L&rsquo;humanit\u00e9 produit des \u00eatres successifs, jusqu&rsquo;au jour o\u00f9 l&rsquo;esprit retrouvera la pl\u00e9nitude de sa fonction qui est l&rsquo;abn\u00e9gation, une sorte de mort. La vraie mort c&rsquo;est l&rsquo;abn\u00e9gation, la fausse mort c&rsquo;est la mort de la chair et, ce jour l\u00e0, la chair ne meurt plus, elle est au contraire sur le chemin de la transfiguration.<\/p>\n<p style=\"text-align: justify;\"><span style=\"text-decoration: underline;\"> <\/span><\/p>\n<p style=\"text-align: justify;\">SWAMI SHRADDHANANDA GIRI succ\u00e8de \u00e0 Monseigneur GERMAIN : La question de la r\u00e9incarnation est une question fondamentale, li\u00e9e \u00e0 un fait de cause \u00e0 effet. Pour bien comprendre cela il est pr\u00e9f\u00e9rable que l&rsquo;Hindou cesse d&rsquo;\u00eatre hindou, le Chr\u00e9tien d&rsquo;\u00eatre chr\u00e9tien, le Musulman d&rsquo;\u00eatre musulman, etc., parce que c&rsquo;est un probl\u00e8me qui concerne l&rsquo;\u00eatre humain et non pas les diff\u00e9rentes croyances. Quand un \u00eatre humain vient au monde, il n&rsquo;est ni chr\u00e9tien, ni musulman. Puis il re\u00e7oit une \u00e9ducation selon son entourage, selon certaines formes de croyances qui existent partout. Pourquoi est-il l\u00e0, quelle est son essence? Toutes sortes de questions se pr\u00e9sentent \u00e0 lui. L&rsquo;\u00eatre humain a un double aspect, un aspect mat\u00e9riel, son corps change, on est heureux, on est malheureux. Puis il y a encore un autre aspect : au del\u00e0 des ces changements il y a quelque chose qui subsiste, telle la notion de Dieu qui, elle aussi, est mati\u00e8re \u00e0 r\u00e9flexion. Et l\u00e0 aussi il y a des changements, est-ce que cette forme actuelle est aussi essentielle ?<\/p>\n<p style=\"text-align: justify;\">Mais alors, \u00e0 partir de quelque chose il y a quelque chose, qu&rsquo;elle est la raison d&rsquo;\u00eatre de la forme actuelle d&rsquo;o\u00f9 d\u00e9coulent certaines cons\u00e9quences ? L&rsquo;\u00eatre humain peut s&rsquo;exprimer d&rsquo;une certaine fa\u00e7on en tant que corps, en tant que mental, faire des exp\u00e9riences, mais fondamentalement, sans trop le savoir, il y a en lui un \u00e9l\u00e9ment stable, une cause qui ne d\u00e9pend de rien et qui est la cause de toutes choses.<\/p>\n<p style=\"text-align: justify;\">On peut alors, en toute sinc\u00e9rit\u00e9 en conclure que la vie est li\u00e9e \u00e0 une loi de cause \u00e0 effet. Un exemple : quand nous sommes gripp\u00e9s et que nous prenons un cachet, la grippe dispara\u00eet. Mais nous savons qu&rsquo;elle peut revenir, parce qu&rsquo;elle est due \u00e0 une cause, notre organisme est fait de telle fa\u00e7on qu&rsquo;il est sensible au froid. Si la cause existe, l&rsquo;effet se produira.<\/p>\n<p style=\"text-align: justify;\">Si on conclut que derri\u00e8re le corps physique, derri\u00e8re le mental, il y a un \u00e9l\u00e9ment qui est constant, qui n&rsquo;a ni commencement, ni fin, parce qu&rsquo;il n&rsquo;est pas mat\u00e9riel, on peut se demander si, avant d&rsquo;\u00eatre conditionn\u00e9 par un corps qui procure les moyens, les outils, les possibilit\u00e9s de faire des exp\u00e9riences, cette \u00e2me, cette Conscience immuable, continuera \u00e0 exister apr\u00e8s la mort du corps ?<\/p>\n<p style=\"text-align: justify;\">Donc la cause existe, ce sont nos d\u00e9sirs. Il faut dans cette vie, vivre l&rsquo;exp\u00e9rience sensorielle, les souffrances, la sexualit\u00e9. Quelle est alors la raison pour laquelle l&rsquo;\u00eatre d\u00e9sire reprendre cette existence ? Si on propose \u00e0 un vieillard de ne pas mourir et de retrouver un corps jeune, il acceptera. Pourquoi ? Parce que le d\u00e9sir est toujours l\u00e0. Le d\u00e9sir est une certaine fa\u00e7on particuli\u00e8re de vivre et c&rsquo;est la raison pour laquelle on peut penser que si la cause de venir dans cette vie-l\u00e0, de vivre d&rsquo;une certaine fa\u00e7on, de s&rsquo;exprimer avec un corps, avec un syst\u00e8me sensoriel, est l\u00e0, il est tout \u00e0 fait logique que l&rsquo;\u00eatre humain trouvera une occasion de reprendre un corps qui lui donnera la possibilit\u00e9 de refaire cette exp\u00e9rience. C&rsquo;est une cause qui peut \u00eatre \u00e9tablie, celle que l&rsquo;homme est attach\u00e9 \u00e0 une forme d&rsquo;existence. Si on est tr\u00e8s content de manger une glace, on retournera aupr\u00e8s du marchand de glaces pour retrouver la m\u00eame glace. C\u2019est un peu le raisonnement concernant la r\u00e9incarnation, c&rsquo;est-\u00e0-dire le d\u00e9sir de reprendre les m\u00eames outils, de se retrouver dans les m\u00eames conditions que l&rsquo;on a d\u00e9j\u00e0 v\u00e9cues, pour faire la m\u00eame chose, parce que la raison qui nous a donn\u00e9 cette vie existe toujours.<\/p>\n<p style=\"text-align: justify;\">Lorsqu&rsquo;on a quitt\u00e9 son corps on passe par une p\u00e9riode. On ne renait pas tout de suite, on ne reprend pas tout de suite un autre corps. On continue \u00e0 vivre parce qu&rsquo;on a emport\u00e9 avec soi les \u00e9l\u00e9ments pour continuer d&rsquo;exister. C&rsquo;est le mental que nous appelons corps subtil qui constitue tous les \u00e9l\u00e9ments pour r\u00e9aliser l&rsquo;\u00e9tat de percevant et de perceptible. D&rsquo;ailleurs si vous avez peut-\u00eatre lu comme moi dans des livres et des journaux, les exp\u00e9riences qui ont \u00e9t\u00e9 faites en Am\u00e9rique. On a des r\u00e9cits de gens qui sont entr\u00e9s dans le coma. Ils ont vu un tunnel, ils ont vu la Lumi\u00e8re blanche, ils ont vu ceci, cela, c&rsquo;est cela l&rsquo;\u00e9tat de percevant\/perceptible. Nous l&rsquo;avons aussi.<\/p>\n<p style=\"text-align: justify;\">Actuellement dans l&rsquo;\u00e9tat de veille et dans l&rsquo;\u00e9tat de r\u00eave aussi, nous poss\u00e9dons l&rsquo;\u00e9tat de percevant et de perceptible. Ce n\u2019est pas tout \u00e0 fait ce corps physique qui y participe, il y a d&rsquo;autres \u00e9l\u00e9ments qui r\u00e9alisent cela. Apr\u00e8s la mort l&rsquo;\u00eatre annule ce qui est du domaine des sens de sa personnalit\u00e9 pour continuer \u00e0 vivre. Nous ne pouvons entrer dans des d\u00e9tails, cela prendrait trop de temps. Quelles sont les conditions de vie apr\u00e8s la mort ? L&rsquo;enfer, le paradis ? Ce que je voudrais dire c&rsquo;est qu&rsquo;ensuite il y a aussi la mort dans l&rsquo;au-del\u00e0. Il faut mourir pour na\u00eetre.<\/p>\n<p style=\"text-align: justify;\">Au moment de mourir, le mourant a tous les souvenirs de ce qu&rsquo;il a fait, non seulement de cette vie, mais aussi de ses vies pass\u00e9es ; l&rsquo;esprit \u00e0 ce moment l\u00e0 est plus d\u00e9gag\u00e9. Actuellement on a des souvenirs, mais par \u00e9tapes, de temps en temps, parce que l&rsquo;esprit n&rsquo;est pas d\u00e9gag\u00e9, on est trop engag\u00e9 dans la vie. Quand l&rsquo;esprit est d\u00e9gag\u00e9, on voit tout, tout. Les rapports scientifiques parlent de cela, on proc\u00e8de \u00e0 une sorte de choix. L&rsquo;homme a certains d\u00e9sirs qui d\u00e9cident de sa vie future et il a tous les moyens pour sa r\u00e9alisation. Apr\u00e8s la mort il tombe dans un sommeil profond, puis il recherche \u00e0 prendre contact avec les Indriya. Ce sont des \u00e9l\u00e9ments qui lui permettront de reconstruire un corps qui serait utile pour lui. Les Indriya sont les \u00e9l\u00e9ments sensoriels internes.<\/p>\n<p style=\"text-align: justify;\">Alors cette analyse \u00e0 quoi sert-elle ? Uniquement \u00e0 savoir qu&rsquo;on a exist\u00e9, qu&rsquo;on existera, que l&rsquo;on va rena\u00eetre. En soi ce n&rsquo;est pas tellement fondamental. Il s&rsquo;agit de reprendre une vie<em> <\/em>et de r\u00e9soudre ses probl\u00e8mes, de ne pas souffrir dans la vie, d&rsquo;\u00eatre heureux sans que cela d\u00e9pende de quelque chose, et d&rsquo;\u00eatre conscient de quelque chose de permanent. Si on n&rsquo;arrive pas \u00e0 r\u00e9soudre ses probl\u00e8mes, leur causalit\u00e9, on risque de continuer la m\u00eame vie qu&rsquo;avant. On a int\u00e9r\u00eat \u00e0 faire le travail d\u00e8s maintenant, afin d&rsquo;en \u00eatre lib\u00e9r\u00e9. La r\u00e9incarnation n&rsquo;est pas grave puisque, \u00e0 partir de cette n\u00e9cessit\u00e9, on aura la possibilit\u00e9 de supprimer ses souffrances. \u00c9videmment quand on conna\u00eet la<em> <\/em>v\u00e9rit\u00e9 des choses, on est conscient que l&rsquo;on \u00e9tait existant avant, qu&rsquo;on existera apr\u00e8s, et que si nous le voulons cela s&rsquo;arr\u00eatera un jour.<\/p>\n<p style=\"text-align: justify;\">C&rsquo;est alors au tour de DAGPO RIMPOCHE de prendre la parole : Je suis heureux de participer \u00e0 cette table ronde avec Monseigneur Germain et Swamiji. L&rsquo;essentiel a \u00e9t\u00e9 dit, il ne reste pas grand\u2019chose \u00e0 ajouter. Rimpoch\u00e9 ne voit pas de grandes diff\u00e9rences, ni d&rsquo;incompatibilit\u00e9 entre les deux traditions qui ont \u00e9t\u00e9 expos\u00e9es et celle qu&rsquo;il repr\u00e9sente. Pour un Bouddhiste la r\u00e9incarnation est une notion fondamentale. C&rsquo;est une notion importante non seulement au niveau de la tradition religieuse et de la pratique spirituelle, mais aussi sur un plan tr\u00e8s mondain. En effet, l&rsquo;id\u00e9e de r\u00e9incarnation peut donner de l\u2019espoir.<\/p>\n<p style=\"text-align: justify;\">Si quelqu&rsquo;un subit dans cette vie des conditions tr\u00e8s difficiles, s&rsquo;il n&rsquo;a pas pu r\u00e9aliser ce qu&rsquo;il voulait, il peut quand m\u00eame esp\u00e9rer le r\u00e9aliser dans une autre vie. Cela veut dire que pour un Bouddhiste la vie est \u00e0 long terme et tant qu&rsquo;il n&rsquo;aura pas r\u00e9alis\u00e9 dans cette vie ce qu&rsquo;il avait \u00e0 r\u00e9aliser, il aura la possibilit\u00e9 de le r\u00e9aliser dans la prochaine vie et, s&rsquo;il ne l&rsquo;a pas encore r\u00e9alis\u00e9, il continuera \u00e0 se r\u00e9incarner et ainsi de suite.<\/p>\n<p style=\"text-align: justify;\">La r\u00e9incarnation suppose \u00e9videmment que l&rsquo;on admette qu&rsquo;apr\u00e8s avoir eu une vie, il y aura int\u00e9gration des sens et on aura une autre vie, et ainsi de suite. En partant de cette th\u00e9orie il faudrait d\u00e9finir ce qui vient de la pr\u00e9c\u00e9dente et ce qui va s&rsquo;int\u00e9grer dans la vie nouvelle et vers les autres vies qui suivront.<\/p>\n<p style=\"text-align: justify;\">Pour les Bouddhistes \u00e9galement l&rsquo;individu est compos\u00e9 d&rsquo;un corps et d&rsquo;un esprit. Examinons d&rsquo;abord ce qui va advenir du corps. Dire que le corps vient d&rsquo;une autre vie, qu&rsquo;il perdure de vie en vie ? Non ! Quel est alors ce principe qui passe d&rsquo;une vie \u00e0 l&rsquo;autre ? Quelle est la continuit\u00e9 de l&rsquo;individu ? La r\u00e9ponse a \u00e9t\u00e9 propos\u00e9e par un des enseignants du Bouddha. Il y a deux interpr\u00e9tations : d&rsquo;une part on peut supposer que ce qui vient d&rsquo;une vie \u00e0 l&rsquo;autre, ce serait une continuit\u00e9 du mental, de l&rsquo;esprit de la conscience; d&rsquo;autre part une autre interpr\u00e9tation dit que ce qui passe d&rsquo;une vie \u00e0 une autre, c&rsquo;est la notion du Moi, le \u00ab\u00a0Je\u00a0\u00bb que l&rsquo;on con\u00e7oit comme ayant pour base des agr\u00e9gats, des \u00e9l\u00e9ments qui constituent la vie<\/p>\n<p style=\"text-align: justify;\">Retenons la premi\u00e8re des deux propositions, c&rsquo;est \u00e0 dire le continuum mental, de la conscience. S&rsquo;agit-il de notre esprit tel que nous l&rsquo;utilisons actuellement ? Non ! Car notre esprit, tel que nous pouvons l&rsquo;appr\u00e9hender pour le moment, c&rsquo;est notre esprit grossier et cette perception grossi\u00e8re que nous connaissons mieux, au moment de la mort va \u00eatre neutralis\u00e9e. C&rsquo;est une forme beaucoup plus subtile, mais de nature mentale qui passerait dans une autre vie.<\/p>\n<p style=\"text-align: justify;\">Pour un Bouddhiste qu&rsquo;est-ce que la mort ? C&rsquo;est la s\u00e9paration entre l&rsquo;esprit et le corps avec lequel il a cohabit\u00e9 pendant un certain temps. Une fois que l&rsquo;esprit a quitt\u00e9 le corps grossier dont nous connaissons bien la physiologie, il va continuer \u00e0 vivre et, par la suite, si certaines conditions sont r\u00e9unies, il va retrouver les \u00e9l\u00e9ments n\u00e9cessaires \u00e0 reconstituer un \u00e0 un notre corps grossier et, dans la vie nouvelle on va conna\u00eetre des joies, on \u00e9prouvera le bonheur, mais aussi on rencontrera la souffrance. Or ce m\u00e9lange de joies et de souffrances ne repr\u00e9sente jamais qu&rsquo;un r\u00e9sultat. Ne pourrait-on alors pr\u00e9parer et modifier les causes qui sont \u00e0 leur origine ? Nous avons actuellement, \u00e0 pr\u00e9sent, tous les instruments \u00e0 notre port\u00e9e pour r\u00e9aliser un certain nombre de causes dont les r\u00e9sultats seraient plus favorables.<\/p>\n<p style=\"text-align: justify;\">La pens\u00e9e bouddhiste est que dans l&rsquo;existence, telle que nous la vivons actuellement, nous pouvons pr\u00e9parer la vie suivante, c&rsquo;est-\u00e0-dire accumuler des conditions, des causes, qui permettraient d&rsquo;obtenir des r\u00e9sultats favorables, c&rsquo;est-\u00e0-dire d&rsquo;\u00eatre heureux : et de n&rsquo;avoir pas trop \u00e0 souffrir. De cette mani\u00e8re, graduellement, on pourrait aller en progressant et arriver \u00e0 un point o\u00f9 on se lib\u00e9rerait compl\u00e8tement de toutes les formes de souffrance, o\u00f9 on ne serait plus soumis aux facteurs perturbateurs, aux passions qui nous agitent actuellement, ni aux empreintes karmiques n\u00e9gatives. On arriverait \u00e0 un stade id\u00e9al o\u00f9 on aurait \u00e9limin\u00e9 tous ses d\u00e9fauts, surmont\u00e9 toutes ses passions, o\u00f9 on aurait d\u00e9velopp\u00e9 toutes les qualit\u00e9s. Cet \u00e9tat que n&rsquo;importe qui peut obtenir, est appel\u00e9 dans le vocabulaire bouddhiste \u00ab\u00a0l&rsquo;\u00c9tat de Bouddha\u00a0\u00bb.<\/p>\n<p style=\"text-align: justify;\">Apr\u00e8s ces trois expos\u00e9s, des questions sont pos\u00e9es :<\/p>\n<p style=\"text-align: justify;\"><span style=\"text-decoration: underline;\"> <\/span><\/p>\n<p style=\"text-align: justify;\"><span style=\"text-decoration: underline;\">Question<\/span> : Rimpoch\u00e9 a dit que ce qui ne peut \u00eatre fait dans cette vie pourra \u00eatre r\u00e9alis\u00e9 dans la suivante. N&rsquo;est-ce pas une incitation \u00e0 la paresse et n&rsquo;est-ce pas un risque d&rsquo;accumuler un nouveau karma dont le poids sera plus lourd ?<\/p>\n<p style=\"text-align: justify;\">Rimpoch\u00e9 : Il faut pr\u00e9ciser. Rimpoch\u00e9 n&rsquo;a pas dit \u00ab\u00a0si je ne peux pas faire quelque chose maintenant, cela pourra \u00eatre r\u00e9alis\u00e9 dans la vie suivante. Ce serait tr\u00e8s dommage ; mais j&rsquo;ai l&rsquo;espoir de pouvoir le faire une autre fois.<\/p>\n<p style=\"text-align: justify;\"><span style=\"text-decoration: underline;\"> <\/span><\/p>\n<p style=\"text-align: justify;\"><span style=\"text-decoration: underline;\">Question <\/span>: Les religions bouddhiste et hindoue acceptent la r\u00e9incarnation. Seul semble-t-il, la religion chr\u00e9tienne la rejette. Orig\u00e8ne, Tertullien semblent l&rsquo;accepter. Qu&rsquo;est-ce qui prouve que cela n&rsquo;en fut pas le cas au d\u00e9but du Christianisme et que cela n&rsquo;ait pas \u00e9t\u00e9 cach\u00e9 par la suite de peur d&rsquo;une mauvaise interpr\u00e9tation du public ?<\/p>\n<p style=\"text-align: justify;\"><span style=\"text-decoration: underline;\"> <\/span><\/p>\n<p style=\"text-align: justify;\">Monseigneur Germain : Orig\u00e8ne, l&rsquo;homme le plus extraordinaire de son si\u00e8cle, le quatri\u00e8me contemporain de Plotin et de l&rsquo;Eglise d&rsquo;Alexandrie, \u00e9tait form\u00e9 \u00e0 la culture grecque et en particulier, platonicienne. Il connaissait le mythe d&rsquo;air chez Platon, celui qui met en sc\u00e8ne la r\u00e9incarnation. La question ne s&rsquo;est jamais pos\u00e9e historiquement. Orig\u00e8ne expose ce que la culture grecque a transmis. Il ne le prend pas en compte dans le Christianisme, des lois de l&rsquo;arcane, du monde cach\u00e9. St Cl\u00e9ment d&rsquo;Alexandrie a soulev\u00e9 la question en r\u00e9pondant par la n\u00e9gative. En vertu des \u00e9pousailles de la mati\u00e8re et de l&rsquo;esprit, la r\u00e9incarnation n&rsquo;intervient pas, c&rsquo;est une hypoth\u00e8se invraisemblable.<\/p>\n<p style=\"text-align: justify;\"><span style=\"text-decoration: underline;\">Question<\/span> : Orig\u00e8ne l&rsquo;affirme, le Concile ne l&rsquo;a pas contredit.<\/p>\n<p style=\"text-align: justify;\">Monseigneur Germain : Cela n&rsquo;a pas \u00e9t\u00e9 interdit parce que la question n&rsquo;a pas \u00e9t\u00e9 pos\u00e9e. Il y a eu un Concile au d\u00e9but du IV<sup>e<\/sup> si\u00e8cle \u00e0 Nic\u00e9e, en 325. On a discut\u00e9 violemment, notamment un certain Nicolas \u00e0 gifl\u00e9 un adversaire qui s&rsquo;appelait Arius, un pr\u00eatre d&rsquo;Alexandrie. La discussion a \u00e9t\u00e9 si violente que l&rsquo;Empereur Constantin a fait br\u00fbler les ministres du Concile. Par contre on a toute la litt\u00e9rature d&rsquo;Orig\u00e8ne qu&rsquo;il dictait \u00e0 cinq secr\u00e9taires \u00e0 la fois. Jamais Orig\u00e8ne n&rsquo;a promis la r\u00e9incarnation, il l&rsquo;a pr\u00e9sent\u00e9e en fonction de la culture classique platonicienne. La mentalit\u00e9 \u00e9tait la suivante : Orig\u00e8ne regardait s&rsquo;avancer le cort\u00e8ge des acquisitions et de la philosophie grecques. Il a montr\u00e9 les passages relatifs \u00e0 la r\u00e9incarnation et ensuite il l&rsquo;a amen\u00e9e au sein du christianisme et sa conclusion a \u00e9t\u00e9 (excusez le terme un peu vulgaire), \u00ab\u00a0\u00e7a ne colle pas !\u00a0\u00bb avec la r\u00e9v\u00e9lation qui a \u00e9t\u00e9 apport\u00e9e par l&rsquo;Incarnation du Verbe.<\/p>\n<p style=\"text-align: justify;\"><span style=\"text-decoration: underline;\">Question sur la phrase de Nicom\u00e8de<\/span> : \u00ab\u00a0Si tu ne nais \u00e0 nouveau&#8230;\u00a0\u00bb<\/p>\n<p style=\"text-align: justify;\">Monseigneur Germain : A la suite d&rsquo;une intervention Nicom\u00e8de n&rsquo;a pas dit : \u00ab\u00a0Si tu rentres dans le sein de ta m\u00e8re&#8230;\u00a0\u00bb Il a dit \u00ab\u00a0Si tu ne nais pas \u00e0 nouveau..\u00a0\u00bb On y voit une nette relation avec une autre phrase de l&rsquo;\u00c9vangile de Jean o\u00f9 il dit : \u00ab\u00a0Venez et naissez \u00e0 nouveau de l&rsquo;Esprit\u00a0\u00bb. C&rsquo;est la naissance non pas corporelle, qui vient du sein de la femme, mais c&rsquo;est la naissance qui vient de la fusion de l&rsquo;Esprit. Il s&rsquo;agit de l&rsquo;Esprit de Dieu qui fait na\u00eetre \u00e0 la vie divine. C&rsquo;est celle-l\u00e0 \u00e0 laquelle il fait allusion.<\/p>\n<p style=\"text-align: justify;\">Vous introduisez cette deuxi\u00e8me naissance au sein des \u00e9v\u00e9nements de la premi\u00e8re, d&rsquo;o\u00f9 difficult\u00e9, parce que nous avons fait la confusion des genres.<\/p>\n<p style=\"text-align: justify;\">La tradition biblique que les Juifs retiennent, c&rsquo;est, Elie reviendra \u00e0, ce qu&rsquo;on appelle, \u00ab\u00a0La fin des Temps\u00a0\u00bb. Il sera mis \u00e0 mort \u00e0 ce moment l\u00e0 avec l&rsquo;autre t\u00e9moin qui s&rsquo;appelle Enoch: qui est un des Patriarches. Ce sont les deux qui ne sont pas morts historiquement.<\/p>\n<p style=\"text-align: justify;\">Ceci est une autre question, mais ce qui est int\u00e9ressant dans le Nouveau Testament, c&rsquo;est que le Christ regarde passer St Jean-Baptiste et quand il le voit passer, il dit : \u00ab\u00a0C&rsquo;est lui, Elie, qui doit revenir\u00a0\u00bb, C&rsquo;est Elie qui doit revenir, qui est inscrit dans la tradition biblique, chez le Proph\u00e8te Malachie et c&rsquo;est celui qui reprend l&rsquo;esprit d&rsquo;Elie sur lui et qui lui fait parcourir l&rsquo;espace. Ce n&rsquo;est pas une r\u00e9incarnation, c&rsquo;est l&rsquo;Esprit qui continue sa carri\u00e8re.<\/p>\n<p style=\"text-align: justify;\">La r\u00e9incarnation, me semble t-il, serait autre chose qui consisterait \u00e0 reprendre la conscience, non de l&rsquo;Esprit, mais du \u00ab\u00a0Je\u00a0\u00bb, du \u00ab\u00a0Je\u00a0\u00bb, \u00ab\u00a0Moi\u00a0\u00bb mon moi illusoire, un moi-\u00e9go, comme \u00ab\u00a0Je suis\u00a0\u00bb. Peut-\u00eatre faut-il introduire une autre notion : Dans l&rsquo;Evangile, \u00e0 un moment donn\u00e9, le Christ a envoy\u00e9 les Ap\u00f4tres deux par deux et il leur a dit \u00ab\u00a0Allez et pr\u00e9occupez vous des hommes\u00a0\u00bb. Et puis ils reviennent vers lui et il leur dit : \u00ab\u00a0Qu&rsquo;avez-vous fait ?\u00a0\u00bb Ils r\u00e9pondent : \u00ab\u00a0Nous avons chass\u00e9 les d\u00e9mons !\u00a0\u00bb Ah oui, remarque le Christ, je voyais Satan tomber comme une colonne, descendre sur la t\u00eate !\u00a0\u00bb et il continue : \u00ab\u00a0R\u00e9jouissez-vous bien davantage de ce que vos noms sont inscrits dans les Cieux\u00a0\u00bb. Les noms, c&rsquo;est ce \u00ab\u00a0Je\u00a0\u00bb personnel, je ne dis pas individuel, totalement personnel et unique que chaque homme a en lui, ce en quoi nous n&rsquo;avons pas de relation avec le voisin. Prenons Elie, c&rsquo;est un personnage historique, Elie est \u00ab\u00a0Je\u00a0\u00bb. Vient Jean-Baptiste plus tard. Jean-Baptiste est un autre \u00ab\u00a0Je\u00a0\u00bb, c&rsquo;est un autre nom, mais ils sont porteurs du m\u00eame Esprit. Le nom, c&rsquo;est ce qui est unique et quand l&rsquo;homme dispara\u00eet, il meurt, il laisse son corps physique, mais sa personne continue.<\/p>\n<p style=\"text-align: justify;\"><span style=\"text-decoration: underline;\"> <\/span><\/p>\n<p style=\"text-align: justify;\"><span style=\"text-decoration: underline;\">Question<\/span> : C&rsquo;est la r\u00e9incarnation !<\/p>\n<p style=\"text-align: justify;\">Monseigneur Germain : Non. Les l\u00e9gendes sont souvent curieuses. Il y a une l\u00e9gende de Merlin l&rsquo;Enchanteur qui tr\u00f4ne en Bretagne. Il \u00e9tait dans la for\u00eat de Broc\u00e9liande. Il avait \u00e9t\u00e9 invit\u00e9 chez des paysans. Tout d&rsquo;un coup, pendant le d\u00eener le pot qui \u00e9tait sur le feu dans l&rsquo;\u00e2tre, commence \u00e0 se secouer. Le paysan dit \u00ab\u00a0Ne vous inqui\u00e9tez pas, c&rsquo;est la grand&rsquo;m\u00e8re !\u00a0\u00bb &#8211; \u00ab\u00a0Comment la Grand&rsquo;m\u00e8re ? &#8211; \u00ab\u00a0Oui, oui, mais elle est morte ! Seulement elle aimait les haricots et chaque fois qu&rsquo;on fait cuire des haricots, elle vient, parce qu&rsquo;elle en a envie !\u00a0\u00bb Transposez un tout petit peu. L&rsquo;homme qui meurt laisse le corps physique, mais il emm\u00e8ne avec lui les habitudes du corps physique qui, je crois, restent un temps. Il y a une r\u00e9sonnance des exp\u00e9riences de la vie du monde physique. Le corps, lui, reste. Cela dure un temps. Cette r\u00e9manence vraisemblablement va en diminuant. Ce n&rsquo;est pas un probl\u00e8me r\u00e9incarnationniste, simplement l&rsquo;homme transporte avec lui ses exp\u00e9riences. Qu&rsquo;est-ce qui reste au del\u00e0 de la mort ? C&rsquo;est une autre question. Sa personne est intacte, il fait des exp\u00e9riences de son corps ou des exp\u00e9riences de son esprit ou des exp\u00e9riences de son \u00e2me. Je reprends la question de la r\u00e9incarnation d&rsquo;une autre mani\u00e8re. Actuellement nous sommes des individus. Qu&rsquo;est-ce qu&rsquo;un individu ? C&rsquo;est quelqu&rsquo;un qui a un corps, une \u00e2me et un esprit. C&rsquo;est un ensemble d&rsquo;\u00e9l\u00e9ments communs, communs, mais m\u00e9lang\u00e9s d&rsquo;une mani\u00e8re particuli\u00e8re. Tout le monde a un nez, des yeux et tout le monde a une \u00e2me et un esprit et le fait que ce sont des \u00e9l\u00e9ments communs permet que nous nous comprenions. On n&rsquo;est pas forc\u00e9ment d&rsquo;accord, mais on se comprend. Mais derri\u00e8re cela il y a quelque chose que nous n&rsquo;avons pas en commun qui est absolument unique. C&rsquo;est la personne. Ce n&rsquo;est pas la conscience, car la conscience vient du physique, du psychique, et du spirituel, du compos\u00e9 humain naturel. Comment la conscience vient-elle aux enfants ? Ils touchent. Spirituellement nous sommes des enfants, on touche spirituellement. La personne, ces Noms dont parle le Christ, n&rsquo;ont rien de commun les uns avec les autres. La personne, quelque soit le destin psychique et physique de l&rsquo;\u00eatre humain, continue sa carri\u00e8re. Les noms se succ\u00e8dent, mais ce ne sont pas les m\u00eames personnes. A travers les propos d&rsquo;Elie, de la tradition, ce sont d&rsquo;autres personnes, l&rsquo;humanit\u00e9 suit son destin et nous communions les uns avec les autres. L&rsquo;acquisition de l&rsquo;un profite \u00e0 tous les autres.<\/p>\n<p style=\"text-align: justify;\">Il y avait un moine du IV<sup>e<\/sup> si\u00e8cle qui avait fait v\u0153ux de ne jamais parler. Seulement on venait le trouver de partout, parce que c&rsquo;\u00e9tait un saint et on venait lui demander des conseils. Comment donner des conseils quand on ne parle pas ? Un jour quelqu&rsquo;un est venu lui demander qu&rsquo;est-ce que c&rsquo;est que la Communion des Saint ? La Communion des Saints, c&rsquo;est la communion des hommes. Ce que l&rsquo;un fait, tous le ressentent. Alors il a pris un morceau de toile et il a mis sa main en-dessous de l&rsquo;\u00e9toffe en pointant le doigt vers le haut. Ensuite il a fait le m\u00eame geste en sens inverse, mais pointant par-dessus le chiffon vers le bas. Cela voulait dire, l&rsquo;un monte, tous montent ; l&rsquo;un descend, tous descendent. Le destin du monde est amen\u00e9 par nos petits bouts d&rsquo;existence de 10 ou 80 ans, mais derri\u00e8re il y a le sceau personnel de l&rsquo;\u00eatre, impalpable, mais qui ne se renouvelle pas dans l&rsquo;histoire. Il passe une fois.<\/p>\n<p style=\"text-align: justify;\"><span style=\"text-decoration: underline;\">Question<\/span> : La r\u00e9surrection des corps n&rsquo;est-elle pas la r\u00e9incarnation ?<\/p>\n<p style=\"text-align: justify;\">Monseigneur Germain : Je suis d&rsquo;accord en ajoutant, la r\u00e9incarnation de quoi ? De l\u2019Esprit. La r\u00e9surrection, c&rsquo;est la r\u00e9incarnation de l&rsquo;Esprit, mais une fois pour toutes. Je ne sais pas si vous \u00eates d&rsquo;accord dans cette perspective, il n&rsquo;y a plus jamais de s\u00e9paration de l&rsquo;esprit avec le corps.<\/p>\n<p style=\"text-align: justify;\"><span style=\"text-decoration: underline;\"> <\/span><\/p>\n<p style=\"text-align: justify;\">Swami Shraddhananda Giri : Il faut des \u00e9claircissements. Tout d&rsquo;abord le monde tourne selon la loi de la causalit\u00e9, on ne peut pas nier cela. Il n&rsquo;est pas tr\u00e8s difficile de voir que la r\u00e9incarnation est li\u00e9e \u00e0 cela. Quand nous naissons, nous avons un certain acquis d\u00fb aux exp\u00e9riences des vies pass\u00e9es, dont nous avons les \u00ab\u00a0Samskara\u00a0\u00bb, c&rsquo;est \u00e0 dire des empreintes. Nous vivons avec ce corps grossier, nos facult\u00e9s sensorielles, avec les samskara, les empreintes, et nous avons aussi des empreintes acquises dans d&rsquo;autres conditions, celle du r\u00eave. Car, quand en r\u00eave vous allez \u00e0 Marseille, ce n&rsquo;est pas avec votre corps mat\u00e9riel et pourtant, vous y allez ! Donc il y a un autre monde, d&rsquo;autres conditions, dont nous avons aussi les empreintes. Nous avons les empreintes de toutes sortes d&rsquo;exp\u00e9riences qui peuvent se reproduire si la cause est l\u00e0.<\/p>\n<p style=\"text-align: justify;\">L&rsquo;incarnation, c&rsquo;est entrer \u00e0 nouveau en contact avec les m\u00eames outils pour r\u00e9aliser les m\u00eames sortes d&rsquo;exp\u00e9riences. Pour faire un tableau il faut que vous peigniez \u00e0 la main et utilisiez les couleurs, des pinceaux, etc. Vous pouvez bien s\u00fbr le r\u00e9aliser pendant votre r\u00eave, mais ce n&rsquo;est pas la m\u00eame chose.<\/p>\n<p style=\"text-align: justify;\">Nous avons donc des empreintes de toutes sortes d&rsquo;exp\u00e9riences et si la cause est l\u00e0, si nous avons le d\u00e9sir de nous r\u00e9aliser, nous pouvons tout reprendre.<\/p>\n<p style=\"text-align: justify;\">On a parl\u00e9 de conscience tout \u00e0 l&rsquo;heure. Je pense que tout le monde ne lui donne pas la m\u00eame signification. Nous sommes habitu\u00e9s \u00e0 cette conscience qui dit : Je suis conscient, il est conscient. Je suis d&rsquo;accord avec Monseigneur, il s&rsquo;agit l\u00e0 de la conscience r\u00e9alis\u00e9e par la chair, c&rsquo;est \u00e0 dire la conscience qui per\u00e7oit, qui conna\u00eet certaines choses par certains moyens, qui conna\u00eet quelque chose par l&rsquo;ou\u00efe le mental la vie int\u00e9rieure s&rsquo;il a des souvenances. Donc, ces \u00e9tats de percevant et de perceptible, c&rsquo;est ce que nous appelons la conscience, c&rsquo;est r\u00e9v\u00e9lateur qui n&rsquo;est pas forc\u00e9ment du domaine du percevant et perceptible. Pour qu&rsquo;un \u00eatre humain soit conscient, pour qu&rsquo;il vive, pour qu&rsquo;il existe, il est oblig\u00e9 d&rsquo;avoir la facult\u00e9 de percevoir, de l&rsquo;exp\u00e9rimentale. Nous sommes oblig\u00e9s d&rsquo;avoir des choses \u00e0 percevoir. Dans le r\u00eave aussi le percevant -perceptible est pr\u00e9sent. S&rsquo;il n&rsquo;y a rien de perceptible, la conscience n&rsquo;existe pas. Comme dans le<em> <\/em>sommeil profond o\u00f9 il n&rsquo;y a aucune exp\u00e9rience. Et pourtant au r\u00e9veil on se rappelle qu&rsquo;on a bien dormi. Et pourtant on n&rsquo;a pas fait r\u00e9ellement une exp\u00e9rience. Alors quelqu&rsquo;un qui a quand m\u00eame per\u00e7u quelque chose, l&rsquo;a fait en l&rsquo;absence de toute perception sur le plan ordinaire, sur le plan empirique, sur celui de la science empirique.<\/p>\n<p style=\"text-align: justify;\">Nous avons dans notre tradition deux niveaux de conscience, un niveau qui comporte tous les aspects percevant-perceptible, donc tout ce qui est perceptible dans la vie. On peut pleurer, \u00eatre angoiss\u00e9, r\u00e9fl\u00e9chir, on peut faire tous les actes possibles. Dans une p\u00e2te \u00e0 modeler il y a potentiellement toutes les formes possibles. Il y a donc en nous certains \u00e9l\u00e9ments qui ont un double r\u00f4le, \u00e0 la fois percevant, r\u00e9v\u00e9lateur et r\u00e9v\u00e9l\u00e9. La vue par exemple r\u00e9v\u00e8le une fleur et ensuite cette vibration sensorielle est transmise au mental. Le mental est alors n\u00e9cessaire, m\u00eame la notion du \u00ab\u00a0Je\u00a0\u00bb. Et puis il y a aussi la r\u00e9v\u00e9lation de Dieu dans laquelle le mental ne joue pas, S&rsquo;il n&rsquo;y a pas d&rsquo;ego pour constater les faits la vue seule n&rsquo;agit pas. La r\u00e9v\u00e9lation est r\u00e9v\u00e9l\u00e9e par le mental. L&rsquo;ego est r\u00e9v\u00e9lateur des sens, les sens sont r\u00e9v\u00e9lateurs par rapport \u00e0 l&rsquo;objet. Il y a des \u00e9l\u00e9ments qui sont \u00e0 la fois r\u00e9v\u00e9lateurs et r\u00e9v\u00e9l\u00e9s. Mais il y a un moment ou cela changer.<\/p>\n<p style=\"text-align: justify;\">Il y a quelqu&rsquo;un qui se r\u00e9v\u00e8le et qui n&rsquo;a pas besoin de support. La table a besoin de moi pour r\u00e9v\u00e9ler son existence. Alors que se passe-t-il au sein de notre conscience ordinaire? C&rsquo;est comme si le mat\u00e9riel avait besoin de quelqu&rsquo;un qui le r\u00e9v\u00e8le, qui a pu constater son existence. Il en est ainsi pour tout ce que nous vivons \u00e0 l&rsquo;\u00e9tat de veille, m\u00eame \u00e0 l&rsquo;\u00e9tat de sommeil profond o\u00f9 il ne se passe rien du tout. C&rsquo;est aussi un \u00e9tat de notre ego, c&rsquo;est un \u00e9tat d&rsquo;inertie. Donc il y a quelqu&rsquo;un qui est r\u00e9v\u00e9lateur mais qui n&rsquo;a pas besoin de se r\u00e9v\u00e9ler, c&rsquo;est ce qu&rsquo;on appelle \u00ab\u00a0Multir\u00e9alit\u00e9\u00a0\u00bb ou la Conscience avec un grand C. qui est ind\u00e9pendante, qui r\u00e9v\u00e8le seulement, qui n&rsquo;a pas besoin d&rsquo;un autre \u00e9l\u00e9ment pour exister, parce que notre conscience actuelle est oblig\u00e9e d&rsquo;utiliser autre chose, le r\u00e9v\u00e9lable, la fleur ou d&rsquo;autres choses.<\/p>\n<p style=\"text-align: justify;\">Mais il y a une conscience qui n&rsquo;a pas besoin de cela, qui r\u00e9v\u00e8le sans objet r\u00e9v\u00e9lable. Ceci n&rsquo;est pas le cas avec notre conscience empirique que nous appelons habituellement conscience humaine, qui est encore une chose mat\u00e9rielle, qui est tr\u00e8s individualis\u00e9e, tr\u00e8s particuli\u00e8re. Elle a la notion de racisme, d&rsquo;homme et de femme, la notion du temps, de l&rsquo;individualit\u00e9, on est dou\u00e9 ou on ne l&rsquo;est pas. C&rsquo;est cela qu&rsquo;on appelle couramment la conscience et cette conscience est en perp\u00e9tuelle transformation. On est calme \u00e0 un moment donn\u00e9, puis agit\u00e9, souffrant ou joyeux, tout cela est en formation dans la mati\u00e8re. La cellule change, changement \u00e9videmment au niveau subtil.<\/p>\n<p style=\"text-align: justify;\">Cette conscience a besoin d&rsquo;une autre Conscience qui r\u00e9v\u00e8le et qu&rsquo;on appelle la Conscience cosmique. La conscience humaine que nous avons est tr\u00e8s individualis\u00e9e tout en faisant partie de quelque chose, d&rsquo;une communaut\u00e9 par exemple. Notre probl\u00e8me est de savoir quel est l&rsquo;aspect de la conscience qui est nous-m\u00eame. Tant que cela n&rsquo;a pas \u00e9t\u00e9 analys\u00e9, il n&rsquo;y a pas de raison de vivre comme le font la plupart des gens. Cela justifie toutes sortes de choses, d&rsquo;\u00eatre injuste envers les autres, de faire du mal, parce que cela concerne notre conscience humaine.<\/p>\n<p style=\"text-align: justify;\"><span style=\"text-decoration: underline;\"> <\/span><\/p>\n<p style=\"text-align: justify;\">Monseigneur Germain<span style=\"text-decoration: underline;\"> <\/span>: Quand parait l&rsquo;ultime R\u00e9alit\u00e9 ?<\/p>\n<p style=\"text-align: justify;\">Swami Shraddhananda Giri : Pour concevoir l&rsquo;Ultime R\u00e9alit\u00e9 on a besoin d&rsquo;enlever les obstacles superpos\u00e9s, parce que notre salut, notre r\u00e9v\u00e9lation, n&rsquo;est pas consid\u00e9r\u00e9e comme imminente. Voici pourquoi : L&rsquo;union suppose quelque chose qui n&rsquo;est pas cosmique, ainsi par exemple notre main n&rsquo;est pas quelque chose de cosmique, et ma petite conscience n&rsquo;est pas fondamentalement mat\u00e9rielle. Pour savoir ce que, essentiellement, nous sommes, il faudrait pouvoir \u00e9liminer tout ce qui se superpose. Vous pouvez voir la table, le plan grossier, mais un autre de ses aspects est aussi constitu\u00e9 par des atomes&#8230; Percevoir l&rsquo;ultime R\u00e9alit\u00e9, cela ne vient pas tout de suite, il faut une autre condition pour voir qu&rsquo;il y a un autre aspect des choses mat\u00e9rielles. Si vous utilisez un microscope vous voyez autre chose, vous voyez le mouvement des atomes qui ne vous est pas perceptible ordinairement. Pour nous c&rsquo;est la m\u00eame chose, il y a un aspect grossier et un aspect un peu plus subtil.<\/p>\n<p style=\"text-align: justify;\">Cela existe en m\u00eame temps. Le mouvement atomique existe en m\u00eame temps que ce que vous voyez ou entendez sur le plan grossier. On d\u00e9couvre quelque chose qui existe et quelque chose qui est cach\u00e9. C&rsquo;est pourquoi on n&rsquo;utilise pas le mot \u00ab\u00a0union\u00a0\u00bb, parce que l&rsquo;union pr\u00e9suppose quelque chose qui est limit\u00e9 par l&rsquo;espace, qui est mat\u00e9riel. Le mat\u00e9riel fait partie de l&rsquo;espace-temps. La Conscience est exactement le contraire, il ne s&rsquo;agit pas d&rsquo;union au sens habituel, c&rsquo;est la d\u00e9couverte de soi-m\u00eame.<\/p>\n<p style=\"text-align: justify;\"><span style=\"text-decoration: underline;\"> <\/span><\/p>\n<p style=\"text-align: justify;\"><span style=\"text-decoration: underline;\">Question<\/span> : L&rsquo;illusion ! Quand il y a r\u00e9union, il y a illusion ?<\/p>\n<p style=\"text-align: justify;\">Swami : L&rsquo;illusion, c&rsquo;est un autre chapitre, parce que notre vie est une illusion. L&rsquo;illusion a aussi ses lois, elle n&rsquo;existe pas toute seule. Il y a toujours quelque chose de vrai, le substratum qui est dissimul\u00e9 par autre chose que l&rsquo;on per\u00e7oit \u00e0 sa place et qu&rsquo;on appelle \u00ab\u00a0illusion\u00a0\u00bb.<\/p>\n<p style=\"text-align: justify;\"><span style=\"text-decoration: underline;\"> <\/span><\/p>\n<p style=\"text-align: justify;\"><span style=\"text-decoration: underline;\">Question<\/span> : Comment rapprocher l&rsquo;\u00e9tat de Bouddha et les cellules qui se sont transform\u00e9es, par rapport \u00e0 l&rsquo;illusion ?<\/p>\n<p style=\"text-align: justify;\"><span style=\"text-decoration: underline;\"> <\/span><\/p>\n<p style=\"text-align: justify;\">Swami : La composition de nos cellules se fait en fonction de nos vibrations. Le mental est encore sur le plan grossier. Nous ressentons cela d&rsquo;une certaine fa\u00e7on dans notre corps. D\u00e8s qu&rsquo;on r\u00e9alise la concentration, qu&rsquo;on se d\u00e9couvre soi-m\u00eame, \u00e0 ce haut niveau mental n&rsquo;est plus engag\u00e9 dans le corps, c&rsquo;est pratique et cela modifie la constitution de nos cellules.<\/p>\n<p style=\"text-align: justify;\"><span style=\"text-decoration: underline;\">Question<\/span> : Est-ce comme si notre conscience individuelle se transformait pour p\u00e9n\u00e9trer dans la Conscience universelle ?<\/p>\n<p style=\"text-align: justify;\">Swami :  Exactement ! Evidemment on peut exprimer cela par des mots. Le probl\u00e8me n&rsquo;est pas l\u00e0. \u00ab\u00a0L&rsquo;union avec Dieu\u00a0\u00bb, \u00ab\u00a0au sein de Dieu\u00a0\u00bb, \u00ab\u00a0je suis Dieu\u00a0\u00bb, \u00ab\u00a0je suis en Lui\u00a0\u00bb, etc..<\/p>\n<p style=\"text-align: justify;\"><span style=\"text-decoration: underline;\">Question<\/span> : Dans l&rsquo;Ancien Testament il \u00e9tait d\u00e9fendu de donner un nom \u00e0 Dieu, une loi.<\/p>\n<p style=\"text-align: justify;\">Swami : On ne peut pas expliquer Dieu.<\/p>\n<p style=\"text-align: justify;\">Question :  Le Christ a permis de le faire. Il disait. \u00ab\u00a0Mon P\u00e8re\u00a0\u00bb, mais il parlait toujours en paraboles, en symboles. Les phrases du Christ qui sont belles sont celles des paraboles.<\/p>\n<p style=\"text-align: justify;\">Swami : Il n&rsquo;est pas pr\u00e9judiciable de donner un nom \u00e0 Dieu du moment qu&rsquo;on sait ce dont il s&rsquo;agit.<\/p>\n<p style=\"text-align: justify;\"><span style=\"text-decoration: underline;\"> <\/span><\/p>\n<p style=\"text-align: justify;\">Monseigneur Germain : Il me semble, mais je n&rsquo;ai pas de r\u00e9ponse d\u00e9finitive \u00e0 ce sujet la, que dans le temps et selon les lieux la r\u00e9incarnation est apparue quand les hommes d&rsquo;une \u00e9poque ou d&rsquo;un lieu, commen\u00e7aient \u00e0 douter de la valeur de la mati\u00e8re, pour employer un terme biologique, \u00e0 accompagner leur destin. Est-ce que je me trompe ?<\/p>\n<p style=\"text-align: justify;\">Swami : La question de la r\u00e9incarnation vient essentiellement du souci de comprendre la vie, la personnalit\u00e9 humaine. Ce souci peut arriver \u00e0 n&rsquo;importe quel moment, \u00e0 n&rsquo;importe quelle \u00e9poque, chez n&rsquo;importe qui&#8230; A l&rsquo;\u00e9poque quand on a d\u00e9velopp\u00e9 ce concept, ce n&rsquo;\u00e9tait pas pour savoir si l&rsquo;homme allait ou non se r\u00e9incarner. C&rsquo;\u00e9tait en quelque sorte un sous-produit, un compl\u00e9ment personnel. Le souci \u00e9tait de savoir ce qui \u00e9tait la V\u00e9rit\u00e9 Absolue des \u00eatres vivants et du monde sensible et pourquoi on se trouve dans les conditions actuelles de notre vie, quel est le moyen, quelle est la connaissance n\u00e9cessaire pour \u00e9viter la souffrance. A la suite de cela on a d\u00e9couvert qu&rsquo;il y a une conscience qui est diff\u00e9rente du corps et du mental qui constituent le monde mat\u00e9riel, quelque chose qui subsiste.<\/p>\n<p style=\"text-align: justify;\">Je pose la question : admettons que cela soit vrai, qu&rsquo;il y ait une conscience diff\u00e9rente du corps et des sens, est-ce que cette conscience na\u00eet en m\u00eame temps que le corps ? On n&rsquo;a pas encore r\u00e9solu le probl\u00e8me, il y a diff\u00e9rents avis contradictoires. Mais on peut envisager qu&rsquo;elle est n\u00e9e en m\u00eame temps, diff\u00e9rente, mais n\u00e9e en m\u00eame temps. C&rsquo;est l\u00e0 qu&rsquo;on a d\u00e9couvert que ce n&rsquo;\u00e9tait pas possible et que cette entit\u00e9 existait avant la naissance du corps. Si elle n&rsquo;existait pas avant, si elle n&rsquo;existait pas apr\u00e8s, on se trouverait devant une \u00e9norme injustice, parce que, dans cette vie, on voit des gens qui font les pires choses et qui ne sont pas punis. Ils vivent parfois jusqu&rsquo;\u00e0 95 ans, tout en ayant rendu d&rsquo;autres vies vraiment impossibles. Rien ne leur est arriv\u00e9 \u00e0 eu: Qu&rsquo;est-ce que cela veut dire ?<\/p>\n<p style=\"text-align: justify;\">De m\u00eame quelqu&rsquo;un ayant v\u00e9cu tr\u00e8s bien, sans probl\u00e8mes, tr\u00e8s honn\u00eatement, admirablement, plein de bont\u00e9 et de charit\u00e9 et qui a les pires ennuis, ne peut s&rsquo;expliquer cela que par la r\u00e9incarnation. Mais s&rsquo;il n&rsquo;\u00e9tait  qu&rsquo;avec un corps et qu&rsquo;il ait eu la vocation de faire le bien, mais qu&rsquo;il n&rsquo;ait eu que des obstacles, cela ne pourrait s\u2019expliquer. Ceci nous a amen\u00e9s \u00e0 conclure que ces personnes ont fait des actions avant cette vie-ci et qu&rsquo;il y aura aussi quelque chose apr\u00e8s cette vie-ci.<\/p>\n<p style=\"text-align: justify;\">Leur existence n&rsquo;est pas finie. Une loi qu&rsquo;on a conclu qu\u2019il y a une \u00c2me en dehors du corps et du mental, des sens on est oblig\u00e9 de croire \u00e0 ses existences avant et apr\u00e8s l&rsquo;actuelle.<\/p>\n<p style=\"text-align: justify;\">Ce ne serait pas le m\u00eame genre d&rsquo;exp\u00e9rience s\u2019il \u00e9tait lib\u00e9r\u00e9, S&rsquo;il a tous ses d\u00e9sirs dans le milieu mental avec lequel il s&rsquo;identifiait et si sa conscience actuelle a aboli tous ses d\u00e9sirs<sub>;<\/sub> \u00e0 ce moment-l\u00e0 il n&rsquo;existera pas de la m\u00eame fa\u00e7on que maintenant.<\/p>\n<p style=\"text-align: justify;\"><span style=\"text-decoration: underline;\"> <\/span><\/p>\n<p style=\"text-align: justify;\">La Pr\u00e9sentatrice, Nadia Proisy<span style=\"text-decoration: underline;\"> <\/span>: Pour r\u00e9pondre \u00e0 Monseigneur, je crois que l\u2019inde a toujours \u00e9t\u00e9 tr\u00e8s attentive et que l&rsquo;Occident, maintenant, commence \u00e0 faire des \u00e9tudes, m\u00eame scientifiques, dans ce domaine. Je crois que l&rsquo;Inde a commenc\u00e9 bien avant nous, qu&rsquo;ils ont observ\u00e9 sur le terrain et qu&rsquo;ils se sont aper\u00e7u que la r\u00e9incarnation existait. A la t\u00e9l\u00e9vision la semaine derni\u00e8re on a eu l&rsquo;occasion de voir des cas qui \u00e9taient tr\u00e8s pr\u00e9cis en Occident : un enfant trouve un Monsieur devant lui et lui disant : \u00ab\u00a0Vous, vous \u00eates mon p\u00e8re\u00a0\u00bb. Surprise du Monsieur en question et de ses propres parents qui ont racont\u00e9 \u00e0 la t\u00e9l\u00e9vision que l&rsquo;enfant avait dit : \u00ab\u00a0Vous aviez un fusil, vous l&rsquo;avez enterr\u00e9 \u00e0 tel endroit\u00a0\u00bb. Et on a effectivement retrouv\u00e9 le fusil \u00e0 l&rsquo;endroit indiqu\u00e9. Le p\u00e8re ne s&rsquo;en souvenait plus. On a creus\u00e9 et on a retrouv\u00e9 le fusil.<\/p>\n<p style=\"text-align: justify;\">L&rsquo;Inde a \u00e9t\u00e9 tr\u00e8s attentive bien avant nous \u00e0 noter et \u00e0 d\u00e9velopper ce concept de r\u00e9incarnation. Je ne crois pas que ce soit une crise de civilisation, parce que l&rsquo;Inde a eu son apog\u00e9e \u00e0 des moments tr\u00e8s spiritualistes, je dirais m\u00eame que l&rsquo;Inde bouddhiste avec A\u00e7oka a eu une apog\u00e9e de sa civilisation et je ne crois pas que ce soit des creux de vagues, au contraire.<\/p>\n<p style=\"text-align: justify;\"><span style=\"text-decoration: underline;\"> <\/span><\/p>\n<p style=\"text-align: justify;\"><span style=\"text-decoration: underline;\">Question<\/span> : Est-ce que la plupart des peuples primitifs croyaient \u00e0 la r\u00e9incarnation ?<\/p>\n<p style=\"text-align: justify;\"><span style=\"text-decoration: underline;\"> <\/span><\/p>\n<p style=\"text-align: justify;\">Nadia Proisy : Non, je ne le crois pas. M\u00eame ici en France, au moment des Cathares notamment, ils ont dit : \u00ab\u00a0Nous voulons retourner \u00e0 un Christianisme primitif\u00a0\u00bb. Il y a eu une crise de civilisation \u00e0 ce moment l\u00e0. Amon avis le Sud de la France n&rsquo;\u00e9tait pas du tout au creux de la vague. C&rsquo;\u00e9tait la France du Nord qui \u00e9tait barbare et ce sont les barbares qui sont all\u00e9s chez les Fran\u00e7ais du Sud.<\/p>\n<p style=\"text-align: justify;\">Je ne pense pas qu&rsquo;on puisse dire que les Indiens sont des barbares, car il y a tr\u00e8s longtemps qu&rsquo;ils croient \u00e0 la r\u00e9incarnation et c&rsquo;est une civilisation qui a atteint son apog\u00e9e \u00e0 la m\u00eame \u00e9poque, m\u00eame au point de vue m\u00e9decine.<\/p>\n<p style=\"text-align: justify;\"><span style=\"text-decoration: underline;\"> <\/span><\/p>\n<p style=\"text-align: justify;\"><span style=\"text-decoration: underline;\">Question<\/span> : Y a t-il eu des peuples primitifs qui ont cru \u00e0 la r\u00e9incarnation ?<\/p>\n<p style=\"text-align: justify;\"><span style=\"text-decoration: underline;\"> <\/span><\/p>\n<p style=\"text-align: justify;\">Nadia Proisy : Le probl\u00e8me de l&rsquo;homme a toujours \u00e9t\u00e9 d&rsquo;assurer une certaine p\u00e9rennit\u00e9. Une personne a \u00e9t\u00e9 tr\u00e8s choqu\u00e9e par le fait qu&rsquo;on puisse \u00e9ventuellement reprendre une incarnation animale. Ce probl\u00e8me a \u00e9t\u00e9 soulev\u00e9 sans qu&rsquo;on y ait r\u00e9pondu. Est-ce que vous pouvez tous les trois r\u00e9pondre \u00e0 cette question : y a-t-il plusieurs mondes ? On connait le monde animal qui est le plus pr\u00e8s du n\u00f4tre, y en a-t-il d&rsquo;autres ? On a parl\u00e9 tout \u00e0 l&rsquo;heure de l&rsquo;enfer, mais sans l&rsquo;approfondir. Lorsqu&rsquo;on a obtenu une incarnation humaine, est-ce qu&rsquo;on revient toujours soit homme ou femme ou peut-on revenir animal ou \u00e9ventuellement dans d&rsquo;autres r\u00e8gnes ?<\/p>\n<p style=\"text-align: justify;\"><span style=\"text-decoration: underline;\"> <\/span><\/p>\n<p style=\"text-align: justify;\"><span style=\"text-decoration: underline;\">Un auditeur<\/span> : J&rsquo;accroche ma question \u00e0 la v\u00f4tre. Cela a rapport aux chim\u00e8res, c&rsquo;est \u00e0 dire aux constitutions anormales, artificielles. Etant donn\u00e9 les progr\u00e8s scientifiques et l&rsquo;\u00e9ventuelle cr\u00e9ation d&rsquo;\u00eatres humains artificiels, o\u00f9 sera la loi de causes \u00e0 effets ? Quel sera l&rsquo;Esprit qui donne, comme dit Monseigneur et ou arrivera le but ultime des Bouddhistes ?<\/p>\n<p style=\"text-align: justify;\"><span style=\"text-decoration: underline;\"> <\/span><\/p>\n<p style=\"text-align: justify;\">Rimpoch\u00e9 : Les Bouddhistes n&rsquo;y voient pas de difficult\u00e9s parce que scientifiquement il est vrai que l&rsquo;on peut combiner des cellules et faire une exp\u00e9rience sur le mat\u00e9riel, sur le corps de l&rsquo;individu. Cela ne change rien \u00e0 la provenance de l&rsquo;esprit ou du continuum mental. Le probl\u00e8me ne change pas jusque l\u00e0, mais pour affiner la question, dans les exp\u00e9riences auxquelles vous faites allusion, est-ce que les scientifiques arriveraient \u00e0 reproduire exp\u00e9rimentalement l&rsquo;esprit avec des produits mat\u00e9riels ? C&rsquo;est la pierre d&rsquo;achoppement, \u00e0 partir du moment o\u00f9 scientifiquement on arriverait \u00e0 cr\u00e9er l&rsquo;esprit, toute la th\u00e9orie bouddhiste disparaitrait imm\u00e9diatement.<\/p>\n<p style=\"text-align: justify;\"><span style=\"text-decoration: underline;\"> <\/span><\/p>\n<p style=\"text-align: justify;\"><span style=\"text-decoration: underline;\">Un auditeur<\/span> : A l&rsquo;heure actuelle, un grand savant, Jean CHARON, s&rsquo;est pench\u00e9 sur la question de la composition de l&rsquo;atome et en particulier de l&rsquo;\u00e9lectron, disant que l&rsquo;esprit de la mati\u00e8re r\u00e9sidait dans l&rsquo;\u00e9lectron qui est immortel et pensant. C&rsquo;est lui qui a toute la m\u00e9moire de l&rsquo;\u00eatre. N&rsquo;y aurait-il pas \u00e0 faire un rapprochement ?<\/p>\n<p style=\"text-align: justify;\"><span style=\"text-decoration: underline;\"> <\/span><\/p>\n<p style=\"text-align: justify;\">Nadia Proisy : On ne dit pas qu&rsquo;il y a une intelligence, il y a une cha\u00eene au point de vue organisation. Nos cellules se recyclent tous les sept ans \u00e0 l&rsquo;exception de celles du cerveau qui ne se renouvellent pas. Il y a des cha\u00eenes qu&rsquo;on appelle maintenant l&rsquo;ADN, des chaines qui disent aux cellules \u00ab\u00a0grandissez, stoppez, vous \u00eates maintenant adultes\u00a0\u00bb et que cette chaine de vie et d&rsquo;orchestration est donn\u00e9e, mais ce n&rsquo;est pas l&rsquo;esprit, c&rsquo;est une organisation cellulaire. On ne peut pas dire que l&rsquo;esprit se trouve l\u00e0. Il y a une organisation extraordinaire dans nos cellules et on n&rsquo;est d&rsquo;ailleurs pas au bout de nos d\u00e9couvertes, puisque chaque jour am\u00e8ne sa pierre \u00e0 la construction. Les scientifiques et notamment les ing\u00e9nieurs hindous que j&rsquo;ai rencontr\u00e9s, disent que chaque fois que l&rsquo;on croit avoir trouv\u00e9 la source d&rsquo;\u00e9nergie, on s&rsquo;aper\u00e7oit qu&rsquo;il y a quelque chose derri\u00e8re, mais cela ne veut pas dire que les cellules soient anim\u00e9es d&rsquo;esprit. On dit bien que lorsque l&rsquo;on meurt, le corps reste. Il y a quand m\u00eame d\u00e9croissance et puis la mort !<\/p>\n<p style=\"text-align: justify;\"><span style=\"text-decoration: underline;\"> <\/span><\/p>\n<p style=\"text-align: justify;\"><span style=\"text-decoration: underline;\">Auditeur<\/span> : L&rsquo;incin\u00e9ration emp\u00eache-t-elle la r\u00e9incarnation ? Le feu d\u00e9truit.<\/p>\n<p style=\"text-align: justify;\">Nadia Proisy : Les Hindous et les Bouddhistes br\u00fblent les corps.<\/p>\n<p style=\"text-align: justify;\"><span style=\"text-decoration: underline;\"> <\/span><\/p>\n<p style=\"text-align: justify;\"><span style=\"text-decoration: underline;\">Auditeur<\/span> : Pas la religion chr\u00e9tienne.<\/p>\n<p style=\"text-align: justify;\"><span style=\"text-decoration: underline;\"> <\/span><\/p>\n<p style=\"text-align: justify;\">Monseigneur Germain : Si, on ne le fait gu\u00e8re, mais on peut le faire. Certainement chez les Orthodoxes, rien ne s\u2019y oppose. Chez les Catholiques romains c&rsquo;est aussi admis maintenant.<\/p>\n<p style=\"text-align: justify;\"><span style=\"text-decoration: underline;\">Auditeur<\/span> : La r\u00e9incarnation n&rsquo;est-elle pas bas\u00e9e sur une notion historique ?<\/p>\n<p style=\"text-align: justify;\"><span style=\"text-decoration: underline;\"> <\/span><\/p>\n<p style=\"text-align: justify;\">Nadia Proisy : Pourquoi une notion historique ? Le Bouddha a exist\u00e9, certains Grands Sages hindous aussi, le Christ a exist\u00e9. Les Bouddhistes ont une r\u00e9v\u00e9lation qui est historique, mais c&rsquo;est de l&rsquo;ordre de la r\u00e9v\u00e9lation.<\/p>\n<p style=\"text-align: justify;\">La grande question est de savoir, lorsqu&rsquo;on a quitt\u00e9 son corps humain et qu&rsquo;on meurt, qu&rsquo;est-ce qui se passe dans la vie suivante ? Est-on obligatoirement un \u00eatre humain ?<\/p>\n<p style=\"text-align: justify;\">(A suivre)<\/p>\n","protected":false},"excerpt":{"rendered":"<p>Je pose la question : admettons que cela soit vrai, qu&rsquo;il y ait une conscience diff\u00e9rente du corps et des sens, est-ce que cette conscience na\u00eet en m\u00eame temps que le corps ? On n&rsquo;a pas encore r\u00e9solu le probl\u00e8me, il y a diff\u00e9rents avis contradictoires. Mais on peut envisager qu&rsquo;elle est n\u00e9e en m\u00eame temps, diff\u00e9rente, mais n\u00e9e en m\u00eame temps. C&rsquo;est l\u00e0 qu&rsquo;on a d\u00e9couvert que ce n&rsquo;\u00e9tait pas possible et que cette entit\u00e9 existait avant la naissance du corps. Si elle n&rsquo;existait pas avant, si elle n&rsquo;existait pas apr\u00e8s, on se trouverait devant une \u00e9norme injustice, parce que, dans cette vie, on voit des gens qui font les pires choses et qui ne sont pas punis. Ils vivent parfois jusqu&rsquo;\u00e0 95 ans, tout en ayant rendu d&rsquo;autres vies vraiment impossibles. Rien ne leur est arriv\u00e9 \u00e0 eu: Qu&rsquo;est-ce que cela veut dire ?<\/p>\n","protected":false},"author":1,"featured_media":0,"comment_status":"closed","ping_status":"open","sticky":false,"template":"","format":"standard","meta":{"footnotes":""},"categories":[311,491,380],"tags":[18,17],"class_list":["post-2521","post","type-post","status-publish","format-standard","hentry","category-collectif","category-dagpo-rimpoche","category-m-germain","tag-reincarnation","tag-survie"],"yoast_head":"<!-- This site is optimized with the Yoast SEO plugin v27.0 - https:\/\/yoast.com\/product\/yoast-seo-wordpress\/ -->\n<title>Colloque sur la r\u00e9incarnation, anim\u00e9 par Monseigneur Germain, Dagpo Rimpoch\u00e9, Swami Shraddhananda Giri et pr\u00e9sent\u00e9 par Nadia Proisy - 3e mill\u00e9naire - Spiritualit\u00e9 - Connaissance de soi - Non-dualit\u00e9 - M\u00e9ditation<\/title>\n<meta name=\"robots\" content=\"index, follow, max-snippet:-1, max-image-preview:large, max-video-preview:-1\" \/>\n<link rel=\"canonical\" href=\"https:\/\/www.revue3emillenaire.com\/blog\/colloque-sur-la-reincarnation-anime-par-monseigneur-germain-eveque-de-st-denis-et-de-leglise-orthodoxe-de-france-dagpo-rimpoche-swami-shraddhananda-giri-et-presente-par-nadia-proisy\/\" \/>\n<meta property=\"og:locale\" content=\"fr_FR\" \/>\n<meta property=\"og:type\" content=\"article\" \/>\n<meta property=\"og:title\" content=\"Colloque sur la r\u00e9incarnation, anim\u00e9 par Monseigneur Germain, Dagpo Rimpoch\u00e9, Swami Shraddhananda Giri et pr\u00e9sent\u00e9 par Nadia Proisy - 3e mill\u00e9naire - Spiritualit\u00e9 - Connaissance de soi - Non-dualit\u00e9 - M\u00e9ditation\" \/>\n<meta property=\"og:description\" content=\"Je pose la question : admettons que cela soit vrai, qu&#039;il y ait une conscience diff\u00e9rente du corps et des sens, est-ce que cette conscience na\u00eet en m\u00eame temps que le corps ? On n&#039;a pas encore r\u00e9solu le probl\u00e8me, il y a diff\u00e9rents avis contradictoires. Mais on peut envisager qu&#039;elle est n\u00e9e en m\u00eame temps, diff\u00e9rente, mais n\u00e9e en m\u00eame temps. C&#039;est l\u00e0 qu&#039;on a d\u00e9couvert que ce n&#039;\u00e9tait pas possible et que cette entit\u00e9 existait avant la naissance du corps. Si elle n&#039;existait pas avant, si elle n&#039;existait pas apr\u00e8s, on se trouverait devant une \u00e9norme injustice, parce que, dans cette vie, on voit des gens qui font les pires choses et qui ne sont pas punis. Ils vivent parfois jusqu&#039;\u00e0 95 ans, tout en ayant rendu d&#039;autres vies vraiment impossibles. Rien ne leur est arriv\u00e9 \u00e0 eu: Qu&#039;est-ce que cela veut dire ?\" \/>\n<meta property=\"og:url\" content=\"https:\/\/www.revue3emillenaire.com\/blog\/colloque-sur-la-reincarnation-anime-par-monseigneur-germain-eveque-de-st-denis-et-de-leglise-orthodoxe-de-france-dagpo-rimpoche-swami-shraddhananda-giri-et-presente-par-nadia-proisy\/\" \/>\n<meta property=\"og:site_name\" content=\"3e mill\u00e9naire - Spiritualit\u00e9 - Connaissance de soi - Non-dualit\u00e9 - M\u00e9ditation\" \/>\n<meta property=\"article:published_time\" content=\"2010-01-31T01:27:58+00:00\" \/>\n<meta property=\"article:modified_time\" content=\"2011-09-22T21:32:41+00:00\" \/>\n<meta name=\"author\" content=\"3e mill\u00e9naire\" \/>\n<meta name=\"twitter:card\" content=\"summary_large_image\" \/>\n<meta name=\"twitter:label1\" content=\"\u00c9crit par\" \/>\n\t<meta name=\"twitter:data1\" content=\"3e mill\u00e9naire\" \/>\n\t<meta name=\"twitter:label2\" content=\"Dur\u00e9e de lecture estim\u00e9e\" \/>\n\t<meta name=\"twitter:data2\" content=\"40 minutes\" \/>\n<script type=\"application\/ld+json\" class=\"yoast-schema-graph\">{\"@context\":\"https:\/\/schema.org\",\"@graph\":[{\"@type\":\"Article\",\"@id\":\"https:\/\/www.revue3emillenaire.com\/blog\/colloque-sur-la-reincarnation-anime-par-monseigneur-germain-eveque-de-st-denis-et-de-leglise-orthodoxe-de-france-dagpo-rimpoche-swami-shraddhananda-giri-et-presente-par-nadia-proisy\/#article\",\"isPartOf\":{\"@id\":\"https:\/\/www.revue3emillenaire.com\/blog\/colloque-sur-la-reincarnation-anime-par-monseigneur-germain-eveque-de-st-denis-et-de-leglise-orthodoxe-de-france-dagpo-rimpoche-swami-shraddhananda-giri-et-presente-par-nadia-proisy\/\"},\"author\":{\"name\":\"3e mill\u00e9naire\",\"@id\":\"https:\/\/www.revue3emillenaire.com\/blog\/#\/schema\/person\/9a3a7cc4ccaa707f402d4394327106d5\"},\"headline\":\"Colloque sur la r\u00e9incarnation, anim\u00e9 par Monseigneur Germain, Dagpo Rimpoch\u00e9, Swami Shraddhananda Giri et pr\u00e9sent\u00e9 par Nadia Proisy\",\"datePublished\":\"2010-01-31T01:27:58+00:00\",\"dateModified\":\"2011-09-22T21:32:41+00:00\",\"mainEntityOfPage\":{\"@id\":\"https:\/\/www.revue3emillenaire.com\/blog\/colloque-sur-la-reincarnation-anime-par-monseigneur-germain-eveque-de-st-denis-et-de-leglise-orthodoxe-de-france-dagpo-rimpoche-swami-shraddhananda-giri-et-presente-par-nadia-proisy\/\"},\"wordCount\":8016,\"keywords\":[\"R\u00e9incarnation\",\"Survie\"],\"articleSection\":[\"Collectif\",\"Dagpo Rimpoch\u00e9\",\"Monseigneur Germain\"],\"inLanguage\":\"fr-FR\"},{\"@type\":\"WebPage\",\"@id\":\"https:\/\/www.revue3emillenaire.com\/blog\/colloque-sur-la-reincarnation-anime-par-monseigneur-germain-eveque-de-st-denis-et-de-leglise-orthodoxe-de-france-dagpo-rimpoche-swami-shraddhananda-giri-et-presente-par-nadia-proisy\/\",\"url\":\"https:\/\/www.revue3emillenaire.com\/blog\/colloque-sur-la-reincarnation-anime-par-monseigneur-germain-eveque-de-st-denis-et-de-leglise-orthodoxe-de-france-dagpo-rimpoche-swami-shraddhananda-giri-et-presente-par-nadia-proisy\/\",\"name\":\"Colloque sur la r\u00e9incarnation, anim\u00e9 par Monseigneur Germain, Dagpo Rimpoch\u00e9, Swami Shraddhananda Giri et pr\u00e9sent\u00e9 par Nadia Proisy - 3e mill\u00e9naire - Spiritualit\u00e9 - Connaissance de soi - Non-dualit\u00e9 - M\u00e9ditation\",\"isPartOf\":{\"@id\":\"https:\/\/www.revue3emillenaire.com\/blog\/#website\"},\"datePublished\":\"2010-01-31T01:27:58+00:00\",\"dateModified\":\"2011-09-22T21:32:41+00:00\",\"author\":{\"@id\":\"https:\/\/www.revue3emillenaire.com\/blog\/#\/schema\/person\/9a3a7cc4ccaa707f402d4394327106d5\"},\"breadcrumb\":{\"@id\":\"https:\/\/www.revue3emillenaire.com\/blog\/colloque-sur-la-reincarnation-anime-par-monseigneur-germain-eveque-de-st-denis-et-de-leglise-orthodoxe-de-france-dagpo-rimpoche-swami-shraddhananda-giri-et-presente-par-nadia-proisy\/#breadcrumb\"},\"inLanguage\":\"fr-FR\",\"potentialAction\":[{\"@type\":\"ReadAction\",\"target\":[\"https:\/\/www.revue3emillenaire.com\/blog\/colloque-sur-la-reincarnation-anime-par-monseigneur-germain-eveque-de-st-denis-et-de-leglise-orthodoxe-de-france-dagpo-rimpoche-swami-shraddhananda-giri-et-presente-par-nadia-proisy\/\"]}]},{\"@type\":\"BreadcrumbList\",\"@id\":\"https:\/\/www.revue3emillenaire.com\/blog\/colloque-sur-la-reincarnation-anime-par-monseigneur-germain-eveque-de-st-denis-et-de-leglise-orthodoxe-de-france-dagpo-rimpoche-swami-shraddhananda-giri-et-presente-par-nadia-proisy\/#breadcrumb\",\"itemListElement\":[{\"@type\":\"ListItem\",\"position\":1,\"name\":\"Accueil\",\"item\":\"https:\/\/www.revue3emillenaire.com\/blog\/\"},{\"@type\":\"ListItem\",\"position\":2,\"name\":\"Colloque sur la r\u00e9incarnation, anim\u00e9 par Monseigneur Germain, Dagpo Rimpoch\u00e9, Swami Shraddhananda Giri et pr\u00e9sent\u00e9 par Nadia Proisy\"}]},{\"@type\":\"WebSite\",\"@id\":\"https:\/\/www.revue3emillenaire.com\/blog\/#website\",\"url\":\"https:\/\/www.revue3emillenaire.com\/blog\/\",\"name\":\"3e mill\u00e9naire - Spiritualit\u00e9 - Connaissance de soi - Non-dualit\u00e9 - M\u00e9ditation\",\"description\":\"L&#039;Homme en devenir\",\"potentialAction\":[{\"@type\":\"SearchAction\",\"target\":{\"@type\":\"EntryPoint\",\"urlTemplate\":\"https:\/\/www.revue3emillenaire.com\/blog\/?s={search_term_string}\"},\"query-input\":{\"@type\":\"PropertyValueSpecification\",\"valueRequired\":true,\"valueName\":\"search_term_string\"}}],\"inLanguage\":\"fr-FR\"},{\"@type\":\"Person\",\"@id\":\"https:\/\/www.revue3emillenaire.com\/blog\/#\/schema\/person\/9a3a7cc4ccaa707f402d4394327106d5\",\"name\":\"3e mill\u00e9naire\",\"url\":\"https:\/\/www.revue3emillenaire.com\/blog\/author\/admin\/\"}]}<\/script>\n<!-- \/ Yoast SEO plugin. -->","yoast_head_json":{"title":"Colloque sur la r\u00e9incarnation, anim\u00e9 par Monseigneur Germain, Dagpo Rimpoch\u00e9, Swami Shraddhananda Giri et pr\u00e9sent\u00e9 par Nadia Proisy - 3e mill\u00e9naire - Spiritualit\u00e9 - Connaissance de soi - Non-dualit\u00e9 - M\u00e9ditation","robots":{"index":"index","follow":"follow","max-snippet":"max-snippet:-1","max-image-preview":"max-image-preview:large","max-video-preview":"max-video-preview:-1"},"canonical":"https:\/\/www.revue3emillenaire.com\/blog\/colloque-sur-la-reincarnation-anime-par-monseigneur-germain-eveque-de-st-denis-et-de-leglise-orthodoxe-de-france-dagpo-rimpoche-swami-shraddhananda-giri-et-presente-par-nadia-proisy\/","og_locale":"fr_FR","og_type":"article","og_title":"Colloque sur la r\u00e9incarnation, anim\u00e9 par Monseigneur Germain, Dagpo Rimpoch\u00e9, Swami Shraddhananda Giri et pr\u00e9sent\u00e9 par Nadia Proisy - 3e mill\u00e9naire - Spiritualit\u00e9 - Connaissance de soi - Non-dualit\u00e9 - M\u00e9ditation","og_description":"Je pose la question : admettons que cela soit vrai, qu'il y ait une conscience diff\u00e9rente du corps et des sens, est-ce que cette conscience na\u00eet en m\u00eame temps que le corps ? On n'a pas encore r\u00e9solu le probl\u00e8me, il y a diff\u00e9rents avis contradictoires. Mais on peut envisager qu'elle est n\u00e9e en m\u00eame temps, diff\u00e9rente, mais n\u00e9e en m\u00eame temps. C'est l\u00e0 qu'on a d\u00e9couvert que ce n'\u00e9tait pas possible et que cette entit\u00e9 existait avant la naissance du corps. Si elle n'existait pas avant, si elle n'existait pas apr\u00e8s, on se trouverait devant une \u00e9norme injustice, parce que, dans cette vie, on voit des gens qui font les pires choses et qui ne sont pas punis. Ils vivent parfois jusqu'\u00e0 95 ans, tout en ayant rendu d'autres vies vraiment impossibles. Rien ne leur est arriv\u00e9 \u00e0 eu: Qu'est-ce que cela veut dire ?","og_url":"https:\/\/www.revue3emillenaire.com\/blog\/colloque-sur-la-reincarnation-anime-par-monseigneur-germain-eveque-de-st-denis-et-de-leglise-orthodoxe-de-france-dagpo-rimpoche-swami-shraddhananda-giri-et-presente-par-nadia-proisy\/","og_site_name":"3e mill\u00e9naire - Spiritualit\u00e9 - Connaissance de soi - Non-dualit\u00e9 - M\u00e9ditation","article_published_time":"2010-01-31T01:27:58+00:00","article_modified_time":"2011-09-22T21:32:41+00:00","author":"3e mill\u00e9naire","twitter_card":"summary_large_image","twitter_misc":{"\u00c9crit par":"3e mill\u00e9naire","Dur\u00e9e de lecture estim\u00e9e":"40 minutes"},"schema":{"@context":"https:\/\/schema.org","@graph":[{"@type":"Article","@id":"https:\/\/www.revue3emillenaire.com\/blog\/colloque-sur-la-reincarnation-anime-par-monseigneur-germain-eveque-de-st-denis-et-de-leglise-orthodoxe-de-france-dagpo-rimpoche-swami-shraddhananda-giri-et-presente-par-nadia-proisy\/#article","isPartOf":{"@id":"https:\/\/www.revue3emillenaire.com\/blog\/colloque-sur-la-reincarnation-anime-par-monseigneur-germain-eveque-de-st-denis-et-de-leglise-orthodoxe-de-france-dagpo-rimpoche-swami-shraddhananda-giri-et-presente-par-nadia-proisy\/"},"author":{"name":"3e mill\u00e9naire","@id":"https:\/\/www.revue3emillenaire.com\/blog\/#\/schema\/person\/9a3a7cc4ccaa707f402d4394327106d5"},"headline":"Colloque sur la r\u00e9incarnation, anim\u00e9 par Monseigneur Germain, Dagpo Rimpoch\u00e9, Swami Shraddhananda Giri et pr\u00e9sent\u00e9 par Nadia Proisy","datePublished":"2010-01-31T01:27:58+00:00","dateModified":"2011-09-22T21:32:41+00:00","mainEntityOfPage":{"@id":"https:\/\/www.revue3emillenaire.com\/blog\/colloque-sur-la-reincarnation-anime-par-monseigneur-germain-eveque-de-st-denis-et-de-leglise-orthodoxe-de-france-dagpo-rimpoche-swami-shraddhananda-giri-et-presente-par-nadia-proisy\/"},"wordCount":8016,"keywords":["R\u00e9incarnation","Survie"],"articleSection":["Collectif","Dagpo Rimpoch\u00e9","Monseigneur Germain"],"inLanguage":"fr-FR"},{"@type":"WebPage","@id":"https:\/\/www.revue3emillenaire.com\/blog\/colloque-sur-la-reincarnation-anime-par-monseigneur-germain-eveque-de-st-denis-et-de-leglise-orthodoxe-de-france-dagpo-rimpoche-swami-shraddhananda-giri-et-presente-par-nadia-proisy\/","url":"https:\/\/www.revue3emillenaire.com\/blog\/colloque-sur-la-reincarnation-anime-par-monseigneur-germain-eveque-de-st-denis-et-de-leglise-orthodoxe-de-france-dagpo-rimpoche-swami-shraddhananda-giri-et-presente-par-nadia-proisy\/","name":"Colloque sur la r\u00e9incarnation, anim\u00e9 par Monseigneur Germain, Dagpo Rimpoch\u00e9, Swami Shraddhananda Giri et pr\u00e9sent\u00e9 par Nadia Proisy - 3e mill\u00e9naire - Spiritualit\u00e9 - Connaissance de soi - Non-dualit\u00e9 - M\u00e9ditation","isPartOf":{"@id":"https:\/\/www.revue3emillenaire.com\/blog\/#website"},"datePublished":"2010-01-31T01:27:58+00:00","dateModified":"2011-09-22T21:32:41+00:00","author":{"@id":"https:\/\/www.revue3emillenaire.com\/blog\/#\/schema\/person\/9a3a7cc4ccaa707f402d4394327106d5"},"breadcrumb":{"@id":"https:\/\/www.revue3emillenaire.com\/blog\/colloque-sur-la-reincarnation-anime-par-monseigneur-germain-eveque-de-st-denis-et-de-leglise-orthodoxe-de-france-dagpo-rimpoche-swami-shraddhananda-giri-et-presente-par-nadia-proisy\/#breadcrumb"},"inLanguage":"fr-FR","potentialAction":[{"@type":"ReadAction","target":["https:\/\/www.revue3emillenaire.com\/blog\/colloque-sur-la-reincarnation-anime-par-monseigneur-germain-eveque-de-st-denis-et-de-leglise-orthodoxe-de-france-dagpo-rimpoche-swami-shraddhananda-giri-et-presente-par-nadia-proisy\/"]}]},{"@type":"BreadcrumbList","@id":"https:\/\/www.revue3emillenaire.com\/blog\/colloque-sur-la-reincarnation-anime-par-monseigneur-germain-eveque-de-st-denis-et-de-leglise-orthodoxe-de-france-dagpo-rimpoche-swami-shraddhananda-giri-et-presente-par-nadia-proisy\/#breadcrumb","itemListElement":[{"@type":"ListItem","position":1,"name":"Accueil","item":"https:\/\/www.revue3emillenaire.com\/blog\/"},{"@type":"ListItem","position":2,"name":"Colloque sur la r\u00e9incarnation, anim\u00e9 par Monseigneur Germain, Dagpo Rimpoch\u00e9, Swami Shraddhananda Giri et pr\u00e9sent\u00e9 par Nadia Proisy"}]},{"@type":"WebSite","@id":"https:\/\/www.revue3emillenaire.com\/blog\/#website","url":"https:\/\/www.revue3emillenaire.com\/blog\/","name":"3e mill\u00e9naire - Spiritualit\u00e9 - Connaissance de soi - Non-dualit\u00e9 - M\u00e9ditation","description":"L&#039;Homme en devenir","potentialAction":[{"@type":"SearchAction","target":{"@type":"EntryPoint","urlTemplate":"https:\/\/www.revue3emillenaire.com\/blog\/?s={search_term_string}"},"query-input":{"@type":"PropertyValueSpecification","valueRequired":true,"valueName":"search_term_string"}}],"inLanguage":"fr-FR"},{"@type":"Person","@id":"https:\/\/www.revue3emillenaire.com\/blog\/#\/schema\/person\/9a3a7cc4ccaa707f402d4394327106d5","name":"3e mill\u00e9naire","url":"https:\/\/www.revue3emillenaire.com\/blog\/author\/admin\/"}]}},"_links":{"self":[{"href":"https:\/\/www.revue3emillenaire.com\/blog\/wp-json\/wp\/v2\/posts\/2521","targetHints":{"allow":["GET"]}}],"collection":[{"href":"https:\/\/www.revue3emillenaire.com\/blog\/wp-json\/wp\/v2\/posts"}],"about":[{"href":"https:\/\/www.revue3emillenaire.com\/blog\/wp-json\/wp\/v2\/types\/post"}],"author":[{"embeddable":true,"href":"https:\/\/www.revue3emillenaire.com\/blog\/wp-json\/wp\/v2\/users\/1"}],"replies":[{"embeddable":true,"href":"https:\/\/www.revue3emillenaire.com\/blog\/wp-json\/wp\/v2\/comments?post=2521"}],"version-history":[{"count":0,"href":"https:\/\/www.revue3emillenaire.com\/blog\/wp-json\/wp\/v2\/posts\/2521\/revisions"}],"wp:attachment":[{"href":"https:\/\/www.revue3emillenaire.com\/blog\/wp-json\/wp\/v2\/media?parent=2521"}],"wp:term":[{"taxonomy":"category","embeddable":true,"href":"https:\/\/www.revue3emillenaire.com\/blog\/wp-json\/wp\/v2\/categories?post=2521"},{"taxonomy":"post_tag","embeddable":true,"href":"https:\/\/www.revue3emillenaire.com\/blog\/wp-json\/wp\/v2\/tags?post=2521"}],"curies":[{"name":"wp","href":"https:\/\/api.w.org\/{rel}","templated":true}]}}