{"id":2584,"date":"2010-02-04T18:30:32","date_gmt":"2010-02-04T17:30:32","guid":{"rendered":"http:\/\/www.revue3emillenaire.com\/blog\/?p=2584"},"modified":"2011-09-22T22:29:22","modified_gmt":"2011-09-22T21:29:22","slug":"homme-ciel-terre-par-henri-tracol","status":"publish","type":"post","link":"https:\/\/www.revue3emillenaire.com\/blog\/homme-ciel-terre-par-henri-tracol\/","title":{"rendered":"Homme, ciel, terre par Henri Tracol"},"content":{"rendered":"<p style=\"text-align: justify;\">(Revue Aurores. No 41. Mars 1984)<\/p>\n<p style=\"text-align: justify;\"><em>Les intertitres sont de la r\u00e9daction d\u2019Aurores. Article paru dans \u00ab L&rsquo;Age Nouveau\u00bb No 112.<\/em><\/p>\n<p style=\"text-align: justify;\">\u00ab Guenille si l&rsquo;on veut\u00bb, disait Chrysale. Oui: si l&rsquo;on veut. Mais parmi les femmes savantes d&rsquo;aujourd&rsquo;hui, le veut-on encore ? Dans les salons o\u00f9 l&rsquo;on se flatte (avec le demi-si\u00e8cle de retard r\u00e9glementaire) de \u00abmarcher avec son temps\u00bb, ne serait-ce pas l&rsquo;\u00e2me, bien plut\u00f4t, que l&rsquo;on regarderait avec quelque attendrissement comme un oripeau tout d\u00e9fra\u00eechi, t\u00e9moin surann\u00e9 de la mentalit\u00e9 pr\u00e9logique de nos anc\u00eatres?<\/p>\n<p style=\"text-align: justify;\">L&rsquo;inqui\u00e9tante opposition entre corps et \u00e2me n&rsquo;a-t-elle pas depuis longtemps fait place \u00e0 l&rsquo;id\u00e9e, rassurante aux yeux des plus myopes, d&rsquo;un continuum psycho-physique dont l&rsquo;\u00e9tude rel\u00e8ve enti\u00e8rement des sciences naturelles?<\/p>\n<p style=\"text-align: justify;\">A vrai dire, seuls les plus intransigeants maintiennent que la connaissance de l&rsquo;homme exige sa mise en formules math\u00e9matiques et l&rsquo;application exclusive des m\u00e9thodes d&rsquo;exp\u00e9rimentation en usage dans les laboratoires. En fait, le champ reste libre pour une multitude d&rsquo;hypoth\u00e8ses, de recherches et de th\u00e9ories plus ou moins contradictoires.<\/p>\n<p style=\"text-align: justify;\">C&rsquo;est ainsi que, fort \u00e0 la mode pour un temps, les amateurs de chasse sous-marine continuent \u00e0 explorer syst\u00e9matiquement les \u00abprofondeurs\u00bb en qu\u00eate des motivations subconscientes qui d\u00e9terminent le comportement de surface des \u00eatres humains.<\/p>\n<p style=\"text-align: justify;\">Mais en fin de compte ce comportement lui-m\u00eame, sch\u00e9matis\u00e9 \u00e0 l&rsquo;extr\u00eame pour les besoins d&rsquo;une classification d&rsquo;ordre utilitaire, tend \u00e0 devenir le seul champ d&rsquo;investigation r\u00e9serv\u00e9 \u00e0 la psychologie contemporaine, qui, dans sa modestie, ne se nourrira bient\u00f4t plus que de tests et de statistiques.<\/p>\n<p style=\"text-align: justify;\">Tout cela se d\u00e9fend d&rsquo;ailleurs fort bien \u2014pour qui n&rsquo;a d&rsquo;autre soif que d&rsquo;explications, et vise sans cesse \u00e0 r\u00e9duire les donn\u00e9es du probl\u00e8me au cadre \u00e9troit de l&rsquo;exp\u00e9rience sensible ou de l&rsquo;abstraction mentale.<\/p>\n<p style=\"text-align: justify;\">Au-del\u00e0 subsiste le myst\u00e8re de notre propre pr\u00e9sence au monde.<\/p>\n<p style=\"text-align: justify;\">S&rsquo;en approcher demande pr\u00e9cis\u00e9ment l&rsquo;abandon pr\u00e9alable de toute pr\u00e9tention \u00e0 comprendre par les voies ordinaires. Sans doute, nous faudrait-il, \u00e0 cette fin, nous d\u00e9rober d\u00e8s l&rsquo;abord aux suggestions d&rsquo;une pens\u00e9e automatis\u00e9e, oublier pour un temps ce que nous croyons poss\u00e9der, et jusqu&rsquo;aux mots qui hantent notre m\u00e9moire.<\/p>\n<p style=\"text-align: justify;\">Entreprise t\u00e9m\u00e9raire s&rsquo;il en fut ! Est-elle seulement possible ? En toute rigueur il ne semble pas: jusque dans cette recherche je reste prisonnier de mes habitudes fonctionnelles. Mais je peux refuser de me laisser prendre enti\u00e8rement \u00e0 ce jeu de dupe, essayer de m&rsquo;en d\u00e9gager par instants, et plonger sans ceinture de sauvetage dans l&rsquo;inconnu que je suis.<\/p>\n<p style=\"text-align: justify;\">Si br\u00e8ve soit-elle, cette tentative me r\u00e9v\u00e8le ce m\u00e9lange d&rsquo;\u00e9vidence imm\u00e9diate et de perceptions chaotiques dont se compose la notion \u00e9l\u00e9mentaire de \u00abmoi\u00bb.<\/p>\n<p style=\"text-align: justify;\">Dans ce d\u00e9sordre, \u00e0 quoi faire confiance ? Sensations, pens\u00e9es, humeurs du moment nous entra\u00eenent dans leur tourbillon. Derri\u00e8re leurs formes \u00e9ph\u00e9m\u00e8res je pressens bien une r\u00e9alit\u00e9 plus essentielle et plus durable, mais la seule constatation honn\u00eate est celle de mon incapacit\u00e9 \u00e0 saisir d&#8217;embl\u00e9e le jeu de forces qui la d\u00e9termine.<\/p>\n<p style=\"text-align: justify;\">Mais n&rsquo;est-ce pas l\u00e0, pour moi, un premier jalon, une amorce de certitude ? Car sur ce point du moins je ne risque gu\u00e8re de me leurrer: je sais maintenant que livr\u00e9 \u00e0 mes seules ressources je n&rsquo;y comprends rien. Et cependant, cette fois, c&rsquo;est bien moi qui le sais, qui l&rsquo;\u00e9prouve. Cet aveu d&rsquo;impuissance, je l&rsquo;accueille donc comme un espoir nouveau. Ne m&rsquo;apporte-t-il pas comme un avant-go\u00fbt de libert\u00e9? Disponible, je me sens disponible. D\u00e9barrass\u00e9 de mes pr\u00e9jug\u00e9s, de mes \u00abopinions\u00bb et mani\u00e8res de voir coutumi\u00e8res, j&rsquo;aspire enfin \u00e0 un mode de connaissance affranchi de toute avidit\u00e9 mentale ou \u00e9motionnelle.<\/p>\n<p style=\"text-align: justify;\">D\u00e8s lors une voie s&rsquo;ouvre pour moi. Sem\u00e9e d&#8217;emb\u00fbches bien s\u00fbr. A chaque pas il me faut veiller, car le vieil homme demeure, avec son arsenal de s\u00e9ductions. Cent fois je retomberai dans les orni\u00e8res de la pens\u00e9e discursive, ou dans la r\u00eaverie st\u00e9rile.<\/p>\n<p style=\"text-align: justify;\">Mais je ne suis plus sans recours, car d\u00e9sormais je ne me sens plus seul. Cette aventure int\u00e9rieure, d&rsquo;autres l&rsquo;ont v\u00e9cue d\u00e9j\u00e0, d&rsquo;autres la vivront. Ils ont entre eux des signes de ralliement, des mots de passe. Ils \u00e9changent leurs d\u00e9couvertes. Ils marchent ensemble \u00e0 travers les si\u00e8cles.<\/p>\n<p style=\"text-align: justify;\">Connaissant mon manque, je me tourne vers eux. Un espoir na\u00eet. Je suis pr\u00eat \u00e0 recueillir dans le silence, sans na\u00efvet\u00e9 ni r\u00e9actions intempestives, les messages d&rsquo;une exp\u00e9rience et d&rsquo;une sagesse qui ne sont d&rsquo;aucun temps.<\/p>\n<p style=\"text-align: justify;\">Le mythe est leur langage: aurai-je des oreilles pour l&rsquo;entendre ? En moi le futur vieillard et l&rsquo;enfant retrouv\u00e9 vont s&rsquo;unir pour \u00e9couter ce par quoi \u00abl&rsquo;adulte\u00bb refuse g\u00e9n\u00e9ralement de se laisser atteindre. Mais qui sait si chemin faisant il n&rsquo;abdiquera pas, enfin conquis par la richesse de ces \u00e9chos d&rsquo;un monde qu&rsquo;il croyait depuis longtemps perdu pour lui-m\u00eame ? Peut-\u00eatre alors sa t\u00eate et son c\u0153ur s&rsquo;ouvriront-ils aux joies de l&rsquo;assentiment conditionnel \u2014seule voie d&rsquo;acc\u00e8s au secret des \u00e9vidences analogiques.<\/p>\n<p style=\"text-align: right;\"><em>L&rsquo;Homme a mille t\u00eates<\/em><\/p>\n<p style=\"text-align: right;\"><em>il a mille yeux, mille pieds<\/em><\/p>\n<p style=\"text-align: right;\"><em>Couvrant la terre de part en part il la d\u00e9passe encore de dix doigts!<\/em><\/p>\n<p style=\"text-align: right;\"><em>L&rsquo;Homme n&rsquo;est autre chose que cet univers,<\/em><\/p>\n<p style=\"text-align: right;\"><em>Ce qui est pass\u00e9, ce qui est \u00e0 venir &#8230; Tous les \u00eatres sont un quartier de lui; l&rsquo;Immortel, les trois autres quarts. Avec trois quartiers l&rsquo;Homme s&rsquo;est<\/em><\/p>\n<p style=\"text-align: right;\"><em>\u00e9lev\u00e9 l\u00e0-haut,<\/em><\/p>\n<p style=\"text-align: right;\"><em>le quatri\u00e8me a repris naissance ici-bas&#8230;<\/em><\/p>\n<p style=\"text-align: right;\"><em>De lui est n\u00e9e l&rsquo;Energie cr\u00e9atrice,<\/em><\/p>\n<p style=\"text-align: right;\"><em>de l&rsquo;Energie cr\u00e9atrice est n\u00e9 l&rsquo;Homme, Une fois n\u00e9 il s&rsquo;est \u00e9tir\u00e9 au-del\u00e0<\/em><\/p>\n<p style=\"text-align: right;\"><em>de la terre, tant par derri\u00e8re que par devant &#8230;<\/em><\/p>\n<p style=\"text-align: right;\"><em>La lune est n\u00e9e de sa conscience, de son regard est n\u00e9 le soleil,<\/em><\/p>\n<p style=\"text-align: right;\"><em>de sa bouche Indra et Agni,<\/em><\/p>\n<p style=\"text-align: right;\"><em>de son souffle est n\u00e9 le vent &#8230;(1)<\/em><\/p>\n<p style=\"text-align: justify;\">Le Purusha, l&rsquo;Homme primordial du Rig Veda!<\/p>\n<p style=\"text-align: justify;\">Ainsi, la plus ancienne image de l&rsquo;homme est \u00e0 l&rsquo;\u00e9chelle de l&rsquo;univers. Comment ne pas \u00e9prouver maintenant le vide qui s\u00e9pare l&rsquo;\u00e9tat chaotique o\u00f9 m&rsquo;a conduit ma tentative pr\u00e9c\u00e9dente et cette vision d&rsquo;un monde surgi dans sa totalit\u00e9, sous une forme dont je serais, \u00e0 ma mesure, comme un reflet? Et comment nier la pr\u00e9sence d&rsquo;une intime aspiration \u00e0 r\u00e9aliser, dans les limites du possible, l&rsquo;identification progressive \u00e0 la pl\u00e9nitude de l&rsquo;Etre qui m&rsquo;est ainsi sugg\u00e9r\u00e9e?<\/p>\n<p style=\"text-align: justify;\">Pour peu que je veuille m&rsquo;y pr\u00eater, d&rsquo;innombrables correspondances jettent alors leur filet magique sur ma pens\u00e9e, non pour l&#8217;emprisonner, mais pour la d\u00e9livrer de ses ge\u00f4les imaginaires et lui r\u00e9v\u00e9ler sa nature essentielle, Je \u00abviens au monde\u00bb \u00e0 nouveau, je m&rsquo;ouvre \u00e0 lui, me retrouve en lui. Et le chant du monde fait homme suscite en moi la nostalgie de mes origines.<\/p>\n<p style=\"text-align: justify;\">\u00abOn ne peut pas passer directement du chaos \u00e0 la libert\u00e9\u00bb, \u00e9crit Mircea Eliade. Une \u00e9tape pr\u00e9alable de \u00abcosmisation\u00bb, de mise en harmonie avec l&rsquo;univers, est n\u00e9cessaire. \u00abLe yogin, se retirant de la vie humaine profane, en retrouve une autre, plus profonde, plus vraie \u2014parce que plus rythm\u00e9e\u2014la vie m\u00eame du Cosmos (2).\u00bb<\/p>\n<p style=\"text-align: justify;\">De cette communion supr\u00eame avec le Monde, l&rsquo;image me parvient de tous les horizons du temps.<\/p>\n<p style=\"text-align: justify;\">Car l&rsquo;homme universel, ce n&rsquo;est pas seulement Purusha. C&rsquo;est le Pan-Ku chinois\u2014 ou le Wang. C&rsquo;est l&rsquo;El-Ins\u00e2n-ul-K\u00e2mil des Soufis. C&rsquo;est le g\u00e9ant Ymir des Scandinaves. C&rsquo;est l&rsquo;Adam Kadmon de la tradition h\u00e9bra\u00efque: \u00abLe Saint, b\u00e9ni soit-il, cr\u00e9a l&rsquo;homme en lui imprimant l&rsquo;image du royaume sacr\u00e9 qui est \u00e0 l&rsquo;image du Tout&#8230;\u00bb dit le Zohar. \u00abLes quatre points cardinaux s&rsquo;unirent au moment de la cr\u00e9ation aux quatre \u00e9l\u00e9ments constitutifs du monde d&rsquo;ici-bas: le feu, l&rsquo;eau, l&rsquo;air et la terre; c&rsquo;est en m\u00e9langeant ces quatre \u00e9l\u00e9ments que le Saint, b\u00e9ni soit-il, cr\u00e9a un corps d&rsquo;apr\u00e8s l&rsquo;image d&rsquo;en haut. Le corps est compos\u00e9 d&rsquo;\u00e9l\u00e9ments des deux mondes, de ceux du monde d&rsquo;en-bas et de ceux du monde d&rsquo;en haut\u00bb (3).<\/p>\n<p style=\"text-align: justify;\"><strong>UNE ECHELLE ENTRE CIEL ET TERRE<\/strong><\/p>\n<p style=\"text-align: justify;\">Deux mondes: Ciel et Terre. Entre ces deux mondes, une \u00e9chelle. Chaque \u00e9chelon repr\u00e9sente un monde interm\u00e9diaire, un niveau de r\u00e9alisation un degr\u00e9 de participation \u00e0 l&rsquo;Etre total \u2014 et correspond, dans les myst\u00e8res de Mithra, \u00e0 l&rsquo;une des sept sph\u00e8res plan\u00e9taires que l&rsquo;initi\u00e9 traverse l&rsquo;une apr\u00e8s l&rsquo;autre avant d&rsquo;atteindre l&rsquo;Empyr\u00e9e. C&rsquo;est l&rsquo;\u00e9chelle de Seth, dont les quatre fils d&rsquo;Horus soutiennent les montants pour permettre au pharaon d\u00e9funt d&rsquo;acc\u00e9der au Ciel. C&rsquo;est l&rsquo;\u00e9chelle de lumi\u00e8re qui m\u00e8nera Mahomet des ruines du Temple de J\u00e9rusalem jusqu&rsquo; au pied du Tr\u00f4ne divin. C&rsquo;est l&rsquo;\u00e9chelle de Jacob, dont Saint Jean dira: \u00abd\u00e9sormais vous verrez le ciel ouvert, et les anges de Dieu monter et descendre <em>sur le Fils de l&rsquo;homme<\/em>\u00bb.<\/p>\n<p style=\"text-align: justify;\">Mais ici, toute tentative de parall\u00e8le trop pouss\u00e9e ne manquera pas d&rsquo;\u00e9chouer, si l&rsquo;on pr\u00e9tend s&rsquo;appuyer sur des ressemblances de surface. Seuls un int\u00e9r\u00eat plus ouvert, une d\u00e9marche int\u00e9rieure plus libre permettent d&rsquo;\u00e9viter de vaines assimilations et de percevoir, plus pr\u00e8s de leur source, l&rsquo;essence-une des donn\u00e9es traditionnelles. Il s&rsquo;agit de se mettre en \u00e9tat de <em>r\u00e9sonance<\/em> pour recueillir l&rsquo;analogie vraie \u2014 car c&rsquo;est la clef de cette langue symbolique universelle dont nous avons depuis si longtemps perdu l&rsquo;usage.<\/p>\n<p style=\"text-align: justify;\">Au reste, les nombres ne s&rsquo;accordent pas toujours \u2014 ni les termes. M\u00eame \u00e0 l&rsquo;int\u00e9rieur d&rsquo;une seule tradition les perspectives peuvent diff\u00e9rer. La pens\u00e9e brahmanique s&rsquo;en tient \u00e0 la division du Tribhuva: Ciel, Atmosph\u00e8re, Terre. Et cependant, selon les Upanishads, l&rsquo;\u00eatre qui, apr\u00e8s la mort du corps physique, op\u00e8re sa r\u00e9int\u00e9gration dans l&rsquo;unit\u00e9 primordiale par le d\u00eavay\u00e2na, passe d&rsquo;abord par le Royaume du Feu, dont le R\u00e9gent est Agni, puis par les divers domaines des R\u00e9gents du jour, de la demi-lunaison claire, des dix mois d&rsquo;ascension du soleil et enfin de l&rsquo;ann\u00e9e (4).<\/p>\n<p style=\"text-align: justify;\">Isra\u00ebl \u2014de m\u00eame que l&rsquo;Islam\u2014 distinguera, sous les sept firmaments, sept terres, les unes t\u00e9n\u00e9breuses ou arides, les autres fertiles, p\u00e9n\u00e9tr\u00e9es de lumi\u00e8re, que peuplent suivant leur niveau d&rsquo;\u00eatre les descendants d\u00e9g\u00e9n\u00e9r\u00e9s d&rsquo;Adam, puis de Ca\u00efn.<\/p>\n<p style=\"text-align: justify;\">Les Chinois, pour leur part, comptent neuf cieux, mais nous retrouvons chez eux l&rsquo;id\u00e9e d&rsquo;Axe du Monde avec le <em>Kien-Mou<\/em> (bois dress\u00e9) \u2014analogue au poteau sacrificiel du brahmane, ou au bouleau chamanique, taill\u00e9 de sept, neuf ou seize encoches \u2014 \u00abpar lequel les Souverains montent et descendent&#8230; et s&rsquo;en viennent l\u00e9cher les t\u00e9tons de la cloche c\u00e9leste\u00bb (5).<\/p>\n<p style=\"text-align: justify;\"><strong>ENDOSSER LA \u00abTUNIQUE DE LUMIERE\u00bb<\/strong><\/p>\n<p style=\"text-align: justify;\"><strong> <\/strong><\/p>\n<p style=\"text-align: justify;\">Au cours de ces ascensions, le \u00abvoyageur de l&rsquo;espace\u00bb spirituel est souvent appel\u00e9 \u00e0 se d\u00e9lester peu \u00e0 peu de ses divers \u00abv\u00eatements\u00bb, pour endosser la \u00abtunique de lumi\u00e8re\u00bb qui devient comme le reflet de son \u00eatre transform\u00e9.<\/p>\n<p style=\"text-align: justify;\">Les v\u00eatements, ce sont les diff\u00e9rents \u00abcorps\u00bb, supports provisoires d&rsquo;une r\u00e9alisation int\u00e9rieure.<\/p>\n<p style=\"text-align: justify;\">Mais de quels malentendus ne les tissons-nous pas? Quand rien, en nous ni hors de nous, ne se tient immobile, n&rsquo;y a-t-il pas quelque chose de d\u00e9risoire dans notre souci d&rsquo;enfermer dans des notions sommaires les mouvants aspects de notre \u00eatre?<\/p>\n<p style=\"text-align: justify;\">D&rsquo;ailleurs la multiplicit\u00e9 des syst\u00e8mes propos\u00e9s, et leurs divergences, nous interdisent bien vite de nous limiter ainsi. Les perspectives \u00e9tant diff\u00e9rentes, il serait vain, par exemple, de vouloir \u00e0 tout prix \u00e9tablir une concordance terme \u00e0 terme entre les corps \u00abcharnel\u00bb, \u00abnaturel\u00bb, \u00abspirituel\u00bb et \u00abdivin\u00bb du christianisme et les cinq enveloppes (koshas) que d\u00e9crit le Ved\u00e2nta, dans leurs rapports avec les trois shar\u00eeras (forme principielle ou causale, forme subtile, forme grossi\u00e8re ou corporelle).<\/p>\n<p style=\"text-align: justify;\">C&rsquo;est le mouvement g\u00e9n\u00e9ral qu&rsquo;il nous faut comprendre, et le sens des relations d&rsquo;ensemble qui s&rsquo;\u00e9tablissent entre les \u00e9l\u00e9ments de chaque doctrine. D&rsquo;autre part, cette ascension a pour th\u00e8me concomitant, mais de sens contraire, la \u00abchute\u00bb de l&rsquo;\u00e2me dans des formes de plus en plus mat\u00e9rielles et grossi\u00e8res.<\/p>\n<p style=\"text-align: justify;\">L&rsquo;id\u00e9e m\u00eame d&rsquo;une lib\u00e9ration de l&rsquo;\u00e2me prisonni\u00e8re par une \u00e9vasion hors du corps de mal\u00e9diction nous pr\u00e9cipite en plein manich\u00e9isme \u2014alors que la vraie destin\u00e9e de l&rsquo;homme sur terre est li\u00e9e \u00e0 son effort pour op\u00e9rer la difficile fusion des tendances qui s&rsquo;opposent en lui.<\/p>\n<p style=\"text-align: justify;\">\u00abNe mouvoir ni l&rsquo;\u00e2me sans le corps, ni le corps sans l&rsquo;\u00e2me\u00bb, \u00e9crit Platon (6); et saint Thomas d&rsquo;Aquin parle d&rsquo;une \u00abinclination naturelle\u00bb de l&rsquo;\u00e2me \u00e0 s&rsquo;unir au corps: \u00abConsid\u00e9r\u00e9e au maximum de la perfection humaine, l&rsquo;\u00e2me ne peut pas demeurer s\u00e9par\u00e9e du corps\u00bb (7).<\/p>\n<p style=\"text-align: justify;\">Pour l&rsquo;homme aussi il ya donc un myst\u00e8re de l&rsquo;incarnation. Comment l&rsquo;approcher ?<\/p>\n<p style=\"text-align: justify;\">Car il ne suffit pas de s&rsquo;\u00e9veiller \u00e0 l&rsquo;\u00e9vidence d&rsquo;une pr\u00e9sence plus int\u00e9rieure, plus subtile. Des \u00e9changes sont n\u00e9cessaires, auxquels il puisse prendre part tout entier. Ce que sa t\u00eate et son c\u0153ur ont accueilli, il a besoin d&rsquo;en informer son corps, ses membres.<\/p>\n<p style=\"text-align: justify;\">Et voici qu&rsquo;en lui se dresse l&rsquo;\u00e9chelle de Jacob, en lui montent et descendent les anges porteurs de messages. Entre ces deux p\u00f4les de sa pr\u00e9sence, entre son Ciel et sa Terre, une vie nouvelle circule, \u00e0 laquelle il commence \u00e0 croire.<\/p>\n<p style=\"text-align: justify;\">\u00abJe\u00a0 suis comme saint Thomas\u00bb, disent les sceptiques. Et les bien-pensants les m\u00e9prisent \u2014 ou plut\u00f4t, \u00e0 travers eux,, saint Thomas lui-m\u00eame. Ils feraient mieux, les uns et les autres, d&rsquo;y regarder \u00e0 deux fois.<\/p>\n<p style=\"text-align: justify;\">Judas trahit, Pierre renie, Thomas doute. Comme c&rsquo;est vite dit &#8230;<\/p>\n<p style=\"text-align: justify;\">Saint Thomas, l&rsquo;un des douze. L&rsquo;un de ceux que le Christ lui-m\u00eame choisit et d\u00e9signe, et qui restent aupr\u00e8s de lui apr\u00e8s les \u00abdures paroles\u00bb de Capharna\u00fcm. Il a suivi partout son Ma\u00eetre, partag\u00e9 ses \u00e9preuves, assist\u00e9 \u00e0 ses miracles. Il est l\u00e0 quand J\u00e9sus entre dans la maison de Ja\u00efre, dont la fille vient de mourir, pour la prendre par la main et la faire lever; quand le fils de la veuve de Na\u00efn s&rsquo;assied dans son cercueil et se met \u00e0 parler. Il est l\u00e0 quand Lazare surgit du s\u00e9pulcre au cri de son Seigneur.<\/p>\n<p style=\"text-align: justify;\">Sur la divinit\u00e9 de J\u00e9sus, sa conviction n&rsquo;est plus \u00e0 faire. Il croit en lui, non pas d&rsquo;une croyance b\u00e9ate et born\u00e9e, mais avec toute la force d&rsquo;une certitude int\u00e9rieure qui, bravant les sarcasmes et les menaces, le m\u00e8nera jusqu&rsquo;au mont des Oliviers. Apr\u00e8s que \u00abtout est consomm\u00e9\u00bb il est encore l\u00e0, l&rsquo;un des onze qui demeurent unis dans leur foi.<\/p>\n<p style=\"text-align: justify;\">Qu&rsquo;a-t-il besoin de \u00abvoir\u00bb encore ? Quelle preuve nouvelle lui faut-il, \u00e0 ce croyant ? De quelle nature est le doute qui na\u00eet en lui? Ap\u00f4tre il est. Sa mission, il l&rsquo;a pleinement accept\u00e9e: il se sent li\u00e9 \u2014 \u00abengag\u00e9\u00bb, comme on dirait aujourd&rsquo;hui. Et c&rsquo;est justement pourquoi il doute. Non du Christ certes ni des autres, mais de lui-m\u00eame.<\/p>\n<p style=\"text-align: justify;\"><strong>SA PROPRE CROYANCE EN QUESTION<\/strong><\/p>\n<p style=\"text-align: justify;\">Ce qu&rsquo;il met en question, ce n&rsquo;est pas tant le t\u00e9moignage de Marie-Madeleine \u2014 ni celui des dix autres: c&rsquo;est sa propre croyance.<\/p>\n<p style=\"text-align: justify;\">Il y a quelque chose qu&rsquo;il n&rsquo;arrive pas \u00e0 comprendre. Pourquoi J\u00e9sus, fils de Dieu, doit-il une fois de plus assumer la condition humaine? Fils de David, seras-tu jamais d\u00e9livr\u00e9 ? Tout n&rsquo;est-il donc pas consomm\u00e9 ?<\/p>\n<p style=\"text-align: justify;\">Et pourtant, s&rsquo;il nie la r\u00e9surrection, il nie la parole divine, il nie le Verbe. Ainsi Thomas s&rsquo;\u00e9veille \u00e0 lui-m\u00eame et conna\u00eet qu&rsquo;il est deux. Son \u00e2me n&rsquo;a pas cess\u00e9 de croire, mais elle a laiss\u00e9 son corps dans les t\u00e9n\u00e8bres. Et tant que sa chair h\u00e9site, tant que ses sens ignorent ou refusent, il tremble devant son destin d&rsquo;ap\u00f4tre: il se sent impuissant \u00e0 t\u00e9moigner pleinement. C&rsquo;est donc bien son corps qu&rsquo;il lui faut convaincre avant d&rsquo;aller plus loin.<\/p>\n<p style=\"text-align: justify;\">\u00abSi je ne vois pas la marque des clous dans ses mains et si je ne mets mon doigt dans la marque des clous, et si je ne mets ma main dans son c\u00f4t\u00e9 je ne croirai point\u00bb.<\/p>\n<p style=\"text-align: justify;\">Thomas, le \u00abDidyme\u00bb : jumeau de J\u00e9sus, diront les gnostiques. Ne sent-il pas le Christ en lui comme son fr\u00e8re divin ? Pour r\u00e9aliser pleinement cette pr\u00e9sence, il a besoin d&rsquo;\u00e9prouver par lui-m\u00eame ce myst\u00e8re, de conna\u00eetre par lui-m\u00eame le retour de J\u00e9sus de Nazareth dans son corps, en laissant s&rsquo;op\u00e9rer, par la communion des sens et de l&rsquo;esprit, l&rsquo;incarnation de sa foi. A l&rsquo;instant m\u00eame Thomas l&rsquo;ap\u00f4tre ressuscite: \u00abMon Seigneur et mon Dieu!\u00bb. Transfigur\u00e9 par cette joie pleine d&rsquo;une rencontre nouvelle. Car \u00e0 ce moment-l\u00e0, il fait connaissance avec le Christ. Dans son esprit et dans sa chair.<\/p>\n<p style=\"text-align: justify;\">A Marie-Madeleine, J\u00e9sus avait dit: \u00abNe me touche point &#8230;\u00bb Elle avait \u00e9t\u00e9 la premi\u00e8re \u00e0 le voir; \u00abmais elle ne savait point que ce f\u00fbt J\u00e9sus\u00bb.<\/p>\n<p style=\"text-align: justify;\">Puis les disciples d&rsquo;Emma\u00fcs l&rsquo;avaient rencontr\u00e9. Il marchait \u00e0 leurs c\u00f4t\u00e9s, il leur parlait; \u00abmais leurs yeux \u00e9taient retenus, en sorte qu&rsquo;ils ne le reconnaissaient point\u00bb. Un peu plus tard J\u00e9sus appara\u00eet aux onze &#8230; \u00abmais eux, tout troubl\u00e9s et tout \u00e9pouvant\u00e9s, croyaient voir un esprit\u00bb. Et il leur dit &#8230; \u00abVoyez mes mains et mes pieds, car c&rsquo;est moi-m\u00eame. Touchez-moi et regardez-moi; car un esprit n&rsquo;a ni chair ni os comme vous voyez que j&rsquo;ai\u00bb.<\/p>\n<p style=\"text-align: justify;\"><strong>LA RENAISSANCE DE TOUT NOTRE ETRE<\/strong><\/p>\n<p style=\"text-align: justify;\">Enfin il les retrouve sur le rivage du lac de Tib\u00e9riade. L\u00e0 encore ils ne le reconnaissent pas. Il leur faut une p\u00eache miraculeuse pour les convaincre. Ce qu&rsquo;ils voient et qui les frappe de stupeur, c&rsquo;est bien le corps du Fils de l&rsquo;homme. Mais c&rsquo;est son corps de r\u00e9surrection, son corps d\u00e9sormais incorruptible, son \u00abcorps glorieux\u00bb. C&rsquo;est lui et ce n&rsquo;est plus lui. Le grand myst\u00e8re s&rsquo;est accompli.<\/p>\n<p style=\"text-align: justify;\">Mais il est l\u00e0, parmi eux. Il rompt le pain. Il mange avec eux ! Cela certes, d\u00e9passe l&rsquo;humain. Et pourtant c&rsquo;est \u00e0 cette renaissance que nous sommes appel\u00e9s d\u00e8s avant la mort. Il peut nous \u00eatre donn\u00e9 d&rsquo;en faire l&rsquo;exp\u00e9rience dans notre propre vie \u2014 par analogie.<\/p>\n<p style=\"text-align: justify;\">Mais, comme l&rsquo;\u00e9crit le Conseiller d&rsquo;Eckhartshausen: \u00abPour que cette divinisation et cette transformation de la terre en ciel puissent se faire, le changement, la conversion de notre \u00eatre est n\u00e9cessaire.<\/p>\n<p style=\"text-align: justify;\">Ce changement, cette conversion, est appel\u00e9 renaissance&#8230;<\/p>\n<p style=\"text-align: justify;\">La renaissance est triple: premi\u00e8rement la renaissance de notre raison. Deuxi\u00e8mement la renaissance de notre c\u0153ur ou de notre volont\u00e9.<\/p>\n<p style=\"text-align: justify;\">Et enfin la renaissance de tout notre \u00eatre.<\/p>\n<p style=\"text-align: justify;\">La premi\u00e8re et seconde esp\u00e8ces de renaissance sont la renaissance spirituelle.<\/p>\n<p style=\"text-align: justify;\">Et la troisi\u00e8me, la renaissance corporelle.<\/p>\n<p style=\"text-align: justify;\">Beaucoup d&rsquo;hommes pieux, et qui cherchaient Dieu, ont \u00e9t\u00e9 r\u00e9g\u00e9n\u00e9r\u00e9s dans l&rsquo;intelligence et la volont\u00e9; mais peu ont connu la renaissance corporelle\u00bb.<\/p>\n<p style=\"padding-left: 450px; text-align: justify;\">Henri Tracol.<\/p>\n<p style=\"text-align: justify;\">(1)\u00a0\u00a0\u00a0\u00a0\u00a0\u00a0 Hymnes sp\u00e9culatifs du Rig Veda. Traduction Louis Renou.<\/p>\n<p style=\"text-align: justify;\">(2)\u00a0\u00a0\u00a0\u00a0\u00a0\u00a0 Mircea Eliade: Le Yoga, immortalit\u00e9 et libert\u00e9, pp. 108 &#8211; 109<\/p>\n<p style=\"text-align: justify;\">(3)\u00a0\u00a0\u00a0\u00a0\u00a0\u00a0 Traduction Jean de Pauly<\/p>\n<p style=\"text-align: justify;\">(4)\u00a0\u00a0\u00a0\u00a0\u00a0\u00a0 Cf. Ren\u00e9 Gu\u00e9non: L&rsquo;homme et son devenir selon le V\u00ead\u00e2nta. Pages 210 &#8211; 211<\/p>\n<p style=\"text-align: justify;\">(5)\u00a0\u00a0\u00a0\u00a0\u00a0\u00a0 Marcel Granet : La pens\u00e9e chinoise, page 346<\/p>\n<p style=\"text-align: justify;\">(6)\u00a0\u00a0\u00a0\u00a0\u00a0\u00a0 Tim\u00e9e, 88 b.<\/p>\n<p style=\"text-align: justify;\">(7)\u00a0\u00a0\u00a0\u00a0\u00a0\u00a0 Somme th\u00e9ologique, 1, 76, 5.<\/p>\n<p style=\"text-align: justify;\"><strong>Extrait de Wikip\u00e9dia<\/strong> (<a href=\"http:\/\/fr.wikipedia.org\/wiki\/Henri_Tracol\">http:\/\/fr.wikipedia.org\/wiki\/Henri_Tracol<\/a>):<\/p>\n<p style=\"text-align: justify;\"><em>Henri Tracol est n\u00e9 en 1909 et il est mort en 1997.<\/em><\/p>\n<p style=\"text-align: justify;\"><em>Il \u00e9tait l&rsquo;un des deux fils de Andr\u00e9 Tracol (1866 &#8211; ???), violoniste (et chef d&rsquo;orchestre) \u00e0 l&rsquo;orchestre de l&rsquo;Op\u00e9ra de Paris, et d&rsquo;une petite-fille du g\u00e9ographe \u00c9lis\u00e9e Reclus. Il fut journaliste (au p\u00e9riodique \u00ab\u00a0Vu\u00a0\u00bb), photographe (il a effectu\u00e9 des reportages sur la guerre d&rsquo;Espagne) et ethnologue (il a r\u00e9alis\u00e9 pour le compte du Mus\u00e9e de l&rsquo;Homme un certain nombre de reportages en Am\u00e9rique du Sud).<\/em><\/p>\n<p style=\"text-align: justify;\"><em>Il devint l&rsquo;un des dirigeants, aux c\u00f4t\u00e9s de Madame Jeanne de Salzmann, d&rsquo;un groupe fond\u00e9 en France par le philosophe caucasien Georges Gurdjieff.<\/em><\/p>\n<p style=\"text-align: justify;\"><em>Il a particip\u00e9 \u00e0 la traduction en fran\u00e7ais des principaux ouvrages de Gurdjieff.<\/em><\/p>\n<p style=\"text-align: justify;\"><em>Pendant ses moments de libert\u00e9, il s&rsquo;adonnait aussi \u00e0 la sculpture.<\/em><\/p>\n<p style=\"text-align: justify;\"><em>Il est l&rsquo;auteur du livre Pourquoi dors-tu Seigneur ?, qui est devenu dans sa r\u00e9\u00e9dition augment\u00e9e La vraie question demeure (\u00e9ditions \u00e9oliennes, 1996).<\/em><\/p>\n","protected":false},"excerpt":{"rendered":"<p>Dans ce d\u00e9sordre, \u00e0 quoi faire confiance ? Sensations, pens\u00e9es, humeurs du moment nous entra\u00eenent dans leur tourbillon. Derri\u00e8re leurs formes \u00e9ph\u00e9m\u00e8res je pressens bien une r\u00e9alit\u00e9 plus essentielle et plus durable, mais la seule constatation honn\u00eate est celle de mon incapacit\u00e9 \u00e0 saisir d&#8217;embl\u00e9e le jeu de forces qui la d\u00e9termine.<\/p>\n","protected":false},"author":1,"featured_media":0,"comment_status":"closed","ping_status":"open","sticky":false,"template":"","format":"standard","meta":{"footnotes":""},"categories":[330],"tags":[317,147],"class_list":["post-2584","post","type-post","status-publish","format-standard","hentry","category-h-tracol","tag-contradiction","tag-travail-sur-soi"],"yoast_head":"<!-- This site is optimized with the Yoast SEO plugin v27.0 - https:\/\/yoast.com\/product\/yoast-seo-wordpress\/ -->\n<title>Homme, ciel, terre par Henri Tracol - 3e mill\u00e9naire - Spiritualit\u00e9 - Connaissance de soi - Non-dualit\u00e9 - M\u00e9ditation<\/title>\n<meta name=\"robots\" content=\"index, follow, max-snippet:-1, max-image-preview:large, max-video-preview:-1\" \/>\n<link rel=\"canonical\" href=\"https:\/\/www.revue3emillenaire.com\/blog\/homme-ciel-terre-par-henri-tracol\/\" \/>\n<meta property=\"og:locale\" content=\"fr_FR\" \/>\n<meta property=\"og:type\" content=\"article\" \/>\n<meta property=\"og:title\" content=\"Homme, ciel, terre par Henri Tracol - 3e mill\u00e9naire - Spiritualit\u00e9 - Connaissance de soi - Non-dualit\u00e9 - M\u00e9ditation\" \/>\n<meta property=\"og:description\" content=\"Dans ce d\u00e9sordre, \u00e0 quoi faire confiance ? Sensations, pens\u00e9es, humeurs du moment nous entra\u00eenent dans leur tourbillon. Derri\u00e8re leurs formes \u00e9ph\u00e9m\u00e8res je pressens bien une r\u00e9alit\u00e9 plus essentielle et plus durable, mais la seule constatation honn\u00eate est celle de mon incapacit\u00e9 \u00e0 saisir d&#039;embl\u00e9e le jeu de forces qui la d\u00e9termine.\" \/>\n<meta property=\"og:url\" content=\"https:\/\/www.revue3emillenaire.com\/blog\/homme-ciel-terre-par-henri-tracol\/\" \/>\n<meta property=\"og:site_name\" content=\"3e mill\u00e9naire - Spiritualit\u00e9 - Connaissance de soi - Non-dualit\u00e9 - M\u00e9ditation\" \/>\n<meta property=\"article:published_time\" content=\"2010-02-04T17:30:32+00:00\" \/>\n<meta property=\"article:modified_time\" content=\"2011-09-22T21:29:22+00:00\" \/>\n<meta name=\"author\" content=\"3e mill\u00e9naire\" \/>\n<meta name=\"twitter:card\" content=\"summary_large_image\" \/>\n<meta name=\"twitter:label1\" content=\"\u00c9crit par\" \/>\n\t<meta name=\"twitter:data1\" content=\"3e mill\u00e9naire\" \/>\n\t<meta name=\"twitter:label2\" content=\"Dur\u00e9e de lecture estim\u00e9e\" \/>\n\t<meta name=\"twitter:data2\" content=\"17 minutes\" \/>\n<script type=\"application\/ld+json\" class=\"yoast-schema-graph\">{\"@context\":\"https:\/\/schema.org\",\"@graph\":[{\"@type\":\"Article\",\"@id\":\"https:\/\/www.revue3emillenaire.com\/blog\/homme-ciel-terre-par-henri-tracol\/#article\",\"isPartOf\":{\"@id\":\"https:\/\/www.revue3emillenaire.com\/blog\/homme-ciel-terre-par-henri-tracol\/\"},\"author\":{\"name\":\"3e mill\u00e9naire\",\"@id\":\"https:\/\/www.revue3emillenaire.com\/blog\/#\/schema\/person\/9a3a7cc4ccaa707f402d4394327106d5\"},\"headline\":\"Homme, ciel, terre par Henri Tracol\",\"datePublished\":\"2010-02-04T17:30:32+00:00\",\"dateModified\":\"2011-09-22T21:29:22+00:00\",\"mainEntityOfPage\":{\"@id\":\"https:\/\/www.revue3emillenaire.com\/blog\/homme-ciel-terre-par-henri-tracol\/\"},\"wordCount\":3382,\"keywords\":[\"contradiction\",\"Travail sur soi\"],\"articleSection\":[\"Tracol Henri\"],\"inLanguage\":\"fr-FR\"},{\"@type\":\"WebPage\",\"@id\":\"https:\/\/www.revue3emillenaire.com\/blog\/homme-ciel-terre-par-henri-tracol\/\",\"url\":\"https:\/\/www.revue3emillenaire.com\/blog\/homme-ciel-terre-par-henri-tracol\/\",\"name\":\"Homme, ciel, terre par Henri Tracol - 3e mill\u00e9naire - Spiritualit\u00e9 - Connaissance de soi - Non-dualit\u00e9 - M\u00e9ditation\",\"isPartOf\":{\"@id\":\"https:\/\/www.revue3emillenaire.com\/blog\/#website\"},\"datePublished\":\"2010-02-04T17:30:32+00:00\",\"dateModified\":\"2011-09-22T21:29:22+00:00\",\"author\":{\"@id\":\"https:\/\/www.revue3emillenaire.com\/blog\/#\/schema\/person\/9a3a7cc4ccaa707f402d4394327106d5\"},\"breadcrumb\":{\"@id\":\"https:\/\/www.revue3emillenaire.com\/blog\/homme-ciel-terre-par-henri-tracol\/#breadcrumb\"},\"inLanguage\":\"fr-FR\",\"potentialAction\":[{\"@type\":\"ReadAction\",\"target\":[\"https:\/\/www.revue3emillenaire.com\/blog\/homme-ciel-terre-par-henri-tracol\/\"]}]},{\"@type\":\"BreadcrumbList\",\"@id\":\"https:\/\/www.revue3emillenaire.com\/blog\/homme-ciel-terre-par-henri-tracol\/#breadcrumb\",\"itemListElement\":[{\"@type\":\"ListItem\",\"position\":1,\"name\":\"Accueil\",\"item\":\"https:\/\/www.revue3emillenaire.com\/blog\/\"},{\"@type\":\"ListItem\",\"position\":2,\"name\":\"Homme, ciel, terre par Henri Tracol\"}]},{\"@type\":\"WebSite\",\"@id\":\"https:\/\/www.revue3emillenaire.com\/blog\/#website\",\"url\":\"https:\/\/www.revue3emillenaire.com\/blog\/\",\"name\":\"3e mill\u00e9naire - Spiritualit\u00e9 - Connaissance de soi - Non-dualit\u00e9 - M\u00e9ditation\",\"description\":\"L&#039;Homme en devenir\",\"potentialAction\":[{\"@type\":\"SearchAction\",\"target\":{\"@type\":\"EntryPoint\",\"urlTemplate\":\"https:\/\/www.revue3emillenaire.com\/blog\/?s={search_term_string}\"},\"query-input\":{\"@type\":\"PropertyValueSpecification\",\"valueRequired\":true,\"valueName\":\"search_term_string\"}}],\"inLanguage\":\"fr-FR\"},{\"@type\":\"Person\",\"@id\":\"https:\/\/www.revue3emillenaire.com\/blog\/#\/schema\/person\/9a3a7cc4ccaa707f402d4394327106d5\",\"name\":\"3e mill\u00e9naire\",\"url\":\"https:\/\/www.revue3emillenaire.com\/blog\/author\/admin\/\"}]}<\/script>\n<!-- \/ Yoast SEO plugin. -->","yoast_head_json":{"title":"Homme, ciel, terre par Henri Tracol - 3e mill\u00e9naire - Spiritualit\u00e9 - Connaissance de soi - Non-dualit\u00e9 - M\u00e9ditation","robots":{"index":"index","follow":"follow","max-snippet":"max-snippet:-1","max-image-preview":"max-image-preview:large","max-video-preview":"max-video-preview:-1"},"canonical":"https:\/\/www.revue3emillenaire.com\/blog\/homme-ciel-terre-par-henri-tracol\/","og_locale":"fr_FR","og_type":"article","og_title":"Homme, ciel, terre par Henri Tracol - 3e mill\u00e9naire - Spiritualit\u00e9 - Connaissance de soi - Non-dualit\u00e9 - M\u00e9ditation","og_description":"Dans ce d\u00e9sordre, \u00e0 quoi faire confiance ? Sensations, pens\u00e9es, humeurs du moment nous entra\u00eenent dans leur tourbillon. Derri\u00e8re leurs formes \u00e9ph\u00e9m\u00e8res je pressens bien une r\u00e9alit\u00e9 plus essentielle et plus durable, mais la seule constatation honn\u00eate est celle de mon incapacit\u00e9 \u00e0 saisir d'embl\u00e9e le jeu de forces qui la d\u00e9termine.","og_url":"https:\/\/www.revue3emillenaire.com\/blog\/homme-ciel-terre-par-henri-tracol\/","og_site_name":"3e mill\u00e9naire - Spiritualit\u00e9 - Connaissance de soi - Non-dualit\u00e9 - M\u00e9ditation","article_published_time":"2010-02-04T17:30:32+00:00","article_modified_time":"2011-09-22T21:29:22+00:00","author":"3e mill\u00e9naire","twitter_card":"summary_large_image","twitter_misc":{"\u00c9crit par":"3e mill\u00e9naire","Dur\u00e9e de lecture estim\u00e9e":"17 minutes"},"schema":{"@context":"https:\/\/schema.org","@graph":[{"@type":"Article","@id":"https:\/\/www.revue3emillenaire.com\/blog\/homme-ciel-terre-par-henri-tracol\/#article","isPartOf":{"@id":"https:\/\/www.revue3emillenaire.com\/blog\/homme-ciel-terre-par-henri-tracol\/"},"author":{"name":"3e mill\u00e9naire","@id":"https:\/\/www.revue3emillenaire.com\/blog\/#\/schema\/person\/9a3a7cc4ccaa707f402d4394327106d5"},"headline":"Homme, ciel, terre par Henri Tracol","datePublished":"2010-02-04T17:30:32+00:00","dateModified":"2011-09-22T21:29:22+00:00","mainEntityOfPage":{"@id":"https:\/\/www.revue3emillenaire.com\/blog\/homme-ciel-terre-par-henri-tracol\/"},"wordCount":3382,"keywords":["contradiction","Travail sur soi"],"articleSection":["Tracol Henri"],"inLanguage":"fr-FR"},{"@type":"WebPage","@id":"https:\/\/www.revue3emillenaire.com\/blog\/homme-ciel-terre-par-henri-tracol\/","url":"https:\/\/www.revue3emillenaire.com\/blog\/homme-ciel-terre-par-henri-tracol\/","name":"Homme, ciel, terre par Henri Tracol - 3e mill\u00e9naire - Spiritualit\u00e9 - Connaissance de soi - Non-dualit\u00e9 - M\u00e9ditation","isPartOf":{"@id":"https:\/\/www.revue3emillenaire.com\/blog\/#website"},"datePublished":"2010-02-04T17:30:32+00:00","dateModified":"2011-09-22T21:29:22+00:00","author":{"@id":"https:\/\/www.revue3emillenaire.com\/blog\/#\/schema\/person\/9a3a7cc4ccaa707f402d4394327106d5"},"breadcrumb":{"@id":"https:\/\/www.revue3emillenaire.com\/blog\/homme-ciel-terre-par-henri-tracol\/#breadcrumb"},"inLanguage":"fr-FR","potentialAction":[{"@type":"ReadAction","target":["https:\/\/www.revue3emillenaire.com\/blog\/homme-ciel-terre-par-henri-tracol\/"]}]},{"@type":"BreadcrumbList","@id":"https:\/\/www.revue3emillenaire.com\/blog\/homme-ciel-terre-par-henri-tracol\/#breadcrumb","itemListElement":[{"@type":"ListItem","position":1,"name":"Accueil","item":"https:\/\/www.revue3emillenaire.com\/blog\/"},{"@type":"ListItem","position":2,"name":"Homme, ciel, terre par Henri Tracol"}]},{"@type":"WebSite","@id":"https:\/\/www.revue3emillenaire.com\/blog\/#website","url":"https:\/\/www.revue3emillenaire.com\/blog\/","name":"3e mill\u00e9naire - Spiritualit\u00e9 - Connaissance de soi - Non-dualit\u00e9 - M\u00e9ditation","description":"L&#039;Homme en devenir","potentialAction":[{"@type":"SearchAction","target":{"@type":"EntryPoint","urlTemplate":"https:\/\/www.revue3emillenaire.com\/blog\/?s={search_term_string}"},"query-input":{"@type":"PropertyValueSpecification","valueRequired":true,"valueName":"search_term_string"}}],"inLanguage":"fr-FR"},{"@type":"Person","@id":"https:\/\/www.revue3emillenaire.com\/blog\/#\/schema\/person\/9a3a7cc4ccaa707f402d4394327106d5","name":"3e mill\u00e9naire","url":"https:\/\/www.revue3emillenaire.com\/blog\/author\/admin\/"}]}},"_links":{"self":[{"href":"https:\/\/www.revue3emillenaire.com\/blog\/wp-json\/wp\/v2\/posts\/2584","targetHints":{"allow":["GET"]}}],"collection":[{"href":"https:\/\/www.revue3emillenaire.com\/blog\/wp-json\/wp\/v2\/posts"}],"about":[{"href":"https:\/\/www.revue3emillenaire.com\/blog\/wp-json\/wp\/v2\/types\/post"}],"author":[{"embeddable":true,"href":"https:\/\/www.revue3emillenaire.com\/blog\/wp-json\/wp\/v2\/users\/1"}],"replies":[{"embeddable":true,"href":"https:\/\/www.revue3emillenaire.com\/blog\/wp-json\/wp\/v2\/comments?post=2584"}],"version-history":[{"count":0,"href":"https:\/\/www.revue3emillenaire.com\/blog\/wp-json\/wp\/v2\/posts\/2584\/revisions"}],"wp:attachment":[{"href":"https:\/\/www.revue3emillenaire.com\/blog\/wp-json\/wp\/v2\/media?parent=2584"}],"wp:term":[{"taxonomy":"category","embeddable":true,"href":"https:\/\/www.revue3emillenaire.com\/blog\/wp-json\/wp\/v2\/categories?post=2584"},{"taxonomy":"post_tag","embeddable":true,"href":"https:\/\/www.revue3emillenaire.com\/blog\/wp-json\/wp\/v2\/tags?post=2584"}],"curies":[{"name":"wp","href":"https:\/\/api.w.org\/{rel}","templated":true}]}}