{"id":26,"date":"2008-06-17T00:00:00","date_gmt":"2008-06-17T00:00:00","guid":{"rendered":"http:\/\/www.revue3emillenaire.com\/blog\/?p=26"},"modified":"2010-01-13T16:37:41","modified_gmt":"2010-01-13T15:37:41","slug":"aphorismes-sur-le-moi-la-libert-lunivers-par-andr-niel","status":"publish","type":"post","link":"https:\/\/www.revue3emillenaire.com\/blog\/aphorismes-sur-le-moi-la-libert-lunivers-par-andr-niel\/","title":{"rendered":"Aphorismes sur le Moi, la Libert&eacute;, l&#39;Univers par Andr&eacute; Niel"},"content":{"rendered":"<p>(Revue Synth\u00e8ses. Num\u00e9ros 230-231, Juillet-Ao\u00fbt 1965)<\/p>\n<p>(A St\u00e9lios Castanos de M\u00e9dicis)<\/p>\n<p style=\"text-align: center;\">I.<\/p>\n<p>L&rsquo;Univers doit son sens \u00e0 l&rsquo;immortelle conscience; il doit son existence \u00e0 l&rsquo;individu mortel.<br \/>\nLa vie et la mort de l&rsquo;individu sont les p\u00f4les du temps: le Moi et l&rsquo;Autre existants sont les p\u00f4les de l&rsquo;espace.<br \/>\nCe n&rsquo;est pas le non-\u00eatre qui rompt la totalit\u00e9 de l&rsquo;\u00eatre, c&rsquo;est l&rsquo;autre-\u00eatre, dans l&rsquo;espace-temps.<br \/>\nL&rsquo;espace-temps est l&rsquo;\u00e9ternit\u00e9 de la conscience de soi, que rend pr\u00e9sente \u00e0 soi, dans l&rsquo;espace, la multiplicit\u00e9 des \u00eatres, et dans le temps, la vie et la mort de l&rsquo;individu.<br \/>\nL&rsquo;homme conservera l&rsquo;orgueil na\u00eff de se croire destin\u00e9 \u00e0 ma\u00eetriser l&rsquo;Univers, tant qu&rsquo;il n&rsquo;aura pas d\u00e9couvert, au fond de lui-m\u00eame, la source des univers.<br \/>\nL&rsquo;Univers a son niveau le plus achev\u00e9 dans l&rsquo;individu. Conqu\u00e9rir l&rsquo;Univers, pour l&rsquo;homme, c&rsquo;est donc, finalement, r\u00e9aliser l&rsquo;individu.<br \/>\nL&rsquo;Univers est un r\u00e9sidu de l&rsquo;acte d&rsquo;\u00eatre.<br \/>\nLa r\u00e9apparition sans fin de l&rsquo;individu est au progr\u00e8s de l&rsquo;univers ce que la recherche pure est au progr\u00e8s mat\u00e9riel de l&rsquo;humanit\u00e9: le ressort d&rsquo;un \u00e9ternel renouveau.<br \/>\nLe devenir temporel de l&rsquo;humanit\u00e9 tend vers une forme sup\u00e9rieure de libert\u00e9 et d&rsquo;existence, non par quelque finalisme de l&rsquo;\u00e9volution ou de l&rsquo;histoire, mais par la pouss\u00e9e spontan\u00e9e de l&rsquo;acte-conscience intemporel.<br \/>\nApparition de l&rsquo;homme: un animal se d\u00e9couvre \u00e0 lui-m\u00eame dans une conscience particuli\u00e8re.<br \/>\nAboutissement de l&rsquo;homme: le conscient-existant universel se d\u00e9couvre \u00e0 lui-m\u00eame, comme tel, dans un animal particulier.<br \/>\nD\u00e8s qu&rsquo;elle traduit sans d\u00e9vier la dialectique cr\u00e9atrice du conscient-existant fondamental, l&rsquo;activit\u00e9 humaine voit s&rsquo;ouvrir devant elle d&rsquo;infinies possibilit\u00e9s, pratiques et gratuites. \u2014 Ainsi le soleil qui ne brille que pour suivre sa nature, incidemment, sa chaleur d\u00e9clenche la vie et multiplie les \u00eatres.<\/p>\n<p style=\"text-align: center;\">II.<\/p>\n<p>L&rsquo;amplification du moi dans un absolu, c&rsquo;est l&rsquo;Humanit\u00e9. L&rsquo;amplification de l&rsquo;autre dans un absolu, c&rsquo;est Dieu.<br \/>\nL&rsquo;exp\u00e9rience simultan\u00e9e du moi et d&rsquo;autrui, sans projection d&rsquo;absolu, c&rsquo;est la libert\u00e9.<br \/>\nNi croire, ni vouloir, ni devoir: \u00eatre la libert\u00e9.<br \/>\nPour le lib\u00e9rer, il faut parler au peuple le langage des hommes libres; non celui de l&rsquo;orgueil ou du ressentiment.<br \/>\nLa vraie libert\u00e9 ne se conquiert pas, elle s&rsquo;affirme, parce qu&rsquo;il n&rsquo;est rien avant elle, ni apr\u00e8s.<br \/>\nLa R\u00e9volution qui lib\u00e8re l&rsquo;homme n&rsquo;est pas au terme de l&rsquo;histoire; elle nous ram\u00e8ne en-de\u00e7\u00e0 de l&rsquo;histoire, la o\u00f9 l&rsquo;action prend sa source.<br \/>\nLa libert\u00e9 est l&rsquo;essence de la vie; on peut agir en elle, non pour elle. Une libert\u00e9 voulue est une libert\u00e9 trahie.<br \/>\nL&rsquo;homme est l&rsquo;esclave ou le fruit de sa libert\u00e9, absolutis\u00e9e ou r\u00e9elle.<br \/>\nCe n&rsquo;est pas la R\u00e9volution qui marche vers la libert\u00e9, c&rsquo;est la libert\u00e9 qui avance vers la R\u00e9volution.<\/p>\n<p style=\"text-align: center;\">III.<\/p>\n<p>L&rsquo;homme est ennemi de l&rsquo;homme parce que, dans autrui, il croit voir son Double, n&rsquo;ayant pas encore d\u00e9couvert l&rsquo;Autre comme son non-moi radical, comme son compl\u00e9mentaire indispensable dans le champ originel du conscient-existant.<br \/>\nL&rsquo;Autre authentique est aussi \u00e9tranger \u00e0 moi que la mort m&rsquo;est \u00e9trang\u00e8re; si je franchis l&rsquo;infinie distance qui me s\u00e9pare de l&rsquo;Autre r\u00e9el, je franchis l&rsquo;ab\u00eeme de la mort.<br \/>\nDu moi au toi, il y a toute la distance de la conscience \u2014 incapable, par essence, de fusionner a jamais avec elle-m\u00eame, dans un \u00eatre statique. Une fois cela compris, de nous aux autres, il n&rsquo;y a plus de distance.<br \/>\nJ&rsquo;ai la conscience de l&rsquo;autre objectif comme d&rsquo;un moi pareil a moi. Ma conscience d&rsquo;un non-moi irr\u00e9ductible \u00e0 moi vient de mon intuition de l&rsquo;autre subjectif.<br \/>\nLes hommes se ressemblent du fait qu&rsquo;aucun d&rsquo;eux n&rsquo;est identique \u00e0 l&rsquo;autre. \u2014 Ils se diff\u00e9rencient du fait que l&rsquo;identit\u00e9 du moi \u00e0 lui-m\u00eame \u00e9merge pleinement en chacun.<br \/>\nLes individus multiples r\u00e9p\u00e8tent ind\u00e9finiment l&rsquo;identit\u00e9 du moi a lui-m\u00eame, identit\u00e9 a travers eux toujours elle-m\u00eame, et jamais la m\u00eame.<br \/>\nL&rsquo;Autre n&rsquo;est pas un autre moi, mais un autre moi-m\u00eame.<br \/>\nL&rsquo;exp\u00e9rience m\u00e9taphysique, c&rsquo;est la d\u00e9couverte que le fond des choses est, indivisiblement, conscience une de soi, et multiple existence du moi; autrement dit saisie de soi par soi \u00e0 travers le rapport essentiel du moi a l&rsquo;autre.<br \/>\nDu moi pr\u00e9sent a tel homme du pass\u00e9 le plus lointain, et du moi pr\u00e9sent a tel homme du futur le plus lointain, la distance est la m\u00eame que celle qui va du moi pr\u00e9sent a l&rsquo;autre homme pr\u00e9sent; le seul champ de s\u00e9paration est la dichotomie essentielle du moi et du toi; cette diff\u00e9renciation est hors l&rsquo;espace et le temps, et elle en est la source.<br \/>\nLe vrai milieu social, pour l&rsquo;individu, c&rsquo;est la soci\u00e9t\u00e9 sans fronti\u00e8res du moi-toi originel.<br \/>\nL&rsquo;individu tient son \u00eatre de sa relation fondamentale avec l&rsquo;autre; cette relation \u00e9puise tous les rapports que l&rsquo;homme peut avoir, en principe, avec n&rsquo;importe quel moi identique a soi dans l&rsquo;infini.<br \/>\nLa vraie situation de l&rsquo;homme dans la nature, c&rsquo;est son rapport existentiel fondamental avec l&rsquo;univers sans limites.<br \/>\nLa vraie situation de l&rsquo;individu dans la soci\u00e9t\u00e9, c&rsquo;est son rapport existentiel fondamental avec l&rsquo;autre individu.<\/p>\n<p style=\"text-align: center; padding-left: 30px;\">IV.<\/p>\n<p>La compr\u00e9hension int\u00e9grale de l&rsquo;homme nous porte toujours plus loin au-del\u00e0 de l&rsquo;homme, vers l&rsquo;acte originel d&rsquo;exister, qui est libre de toute forme particuli\u00e8re d&rsquo;existence.<br \/>\nLe sens de la vie est dans la pratique du conscient-existant intemporel; mais la conscience intemporelle de soi prend conscience de soi par la pratique temporelle de l&rsquo;existence.<br \/>\nL&rsquo;identit\u00e9 se contemple elle-m\u00eame en permanence dans l&rsquo;espace, o\u00f9 elle est multiplicit\u00e9; elle se retrouve constamment elle-m\u00eame dans le temps, o\u00f9 elle est le moi identique \u00e0 soi.<br \/>\nL&rsquo;individu est l&rsquo;un prenant conscience de soi a travers le MULTIPLE.<br \/>\nLe soi-conscience identique a soi se pluralise dans les individus pour \u00eatre conscience de soi; il s&rsquo;objective dans la chose-identit\u00e9 pour rester le soi identique a soi.<br \/>\nL&rsquo;\u00eatre objectif \u2014 la chose \u2014 est l&rsquo;Un r\u00e9uni a soi, dans l&rsquo;universel; l&rsquo;individu subjectif est l&rsquo;Un sorti de soi, dans l&rsquo;unique.<br \/>\nLa v\u00e9rit\u00e9 sur l&rsquo;existence \u2014 n&rsquo;est ni mat\u00e9rialiste, ni spiritualiste, ni chr\u00e9tienne, ni marxiste; elle se confond rigoureusement avec la r\u00e9alit\u00e9 m\u00eame de l&rsquo;homme-univers. L&rsquo;homme d\u00e9livr\u00e9 du r\u00e9flexe de se projeter lui-m\u00eame dans un Absolu, prend conscience qu&rsquo;il n&rsquo;est autre que la manifestation du conscient-existant fondamental. La \u00ab v\u00e9rit\u00e9 \u00bb devient pour lui l&rsquo;essence intemporelle de son \u00eatre-au-monde.<br \/>\nLa vraie philosophie est une critique permanente de l&rsquo;existence mondaine et historique par l&rsquo;acte pur d&rsquo;exister.<br \/>\nLa conscience implique aussi n\u00e9cessairement l&rsquo;existence que l&rsquo;existence implique la conscience.<br \/>\nLe soi-identit\u00e9 se rompt dans le moi-toi multiple, pour se voir, aussi n\u00e9cessairement que le moi se r\u00e9unit \u00e0 soi dans le savoir.<br \/>\nLa conscience la plus individuelle n&rsquo;est autre que le conscient le plus universel, sous sa forme concr\u00e8te.<br \/>\nL&rsquo;homme ne peut se conna\u00eetre seulement en tant qu&rsquo;homme; il est toujours, en quelque mani\u00e8re, la pure conscience de soi qui prend connaissance de soi \u00e0 travers un \u00eatre-au-monde.<br \/>\nL&rsquo;homme ne peut simplement se conna\u00eetre en tant qu&rsquo;\u00eatre fini, parce que la connaissance de soi le d\u00e9borde infiniment de toutes parts.<br \/>\nD&rsquo;un certain point de vue, tous les autres sont pour moi le m\u00eame Autre; en un certain sens, tous les moi sont, relativement a soi, le m\u00eame Moi. Autant dire qu&rsquo;il n&rsquo;y a qu&rsquo;un Autre, et qu&rsquo;il n&rsquo;y a qu&rsquo;un Moi: l&rsquo;envers et l&rsquo;endroit du conscient originel, avec leurs innombrables facettes.<br \/>\nLe moi et le toi sont les deux faces d&rsquo;une m\u00eame conscience de soi impossible \u00e0 identifier; comme le fini et l&rsquo;infini sont les deux aspects ins\u00e9parables d&rsquo;une m\u00eame r\u00e9alit\u00e9 \u00e9ternelle et unique impossible \u00e0 d\u00e9terminer.<br \/>\n<strong> <\/strong><br \/>\n<strong><\/strong><\/p>\n<p style=\"text-align: center;\"><strong>V.<\/strong><\/p>\n<p>Les religions se r\u00e9p\u00e8tent: leur Dieu est partout le m\u00eame. Le conscient-existant fondamental est toujours le m\u00eame, mais il ne se r\u00e9p\u00e8te jamais.<br \/>\nL&rsquo;homme libre justifie tout, du fait qu&rsquo;il existe. \u2014 L&rsquo;homme ali\u00e9n\u00e9 cherche \u00e0 tout justifier, parce que lui-m\u00eame n&rsquo;existe pas.<br \/>\nCroire \u00e0 Dieu et \u00e0 l&rsquo;Enfer, c&rsquo;est avouer qu&rsquo;on pr\u00e9f\u00e8re la peur de Dieu et de l&rsquo;Enfer \u00e0 l&rsquo;exp\u00e9rience angoissante de se sentir incr\u00e9\u00e9.<br \/>\nLe mystique voudrait se fusionner \u00e0 l&rsquo;Etre transcendant; l&rsquo;homme lib\u00e9r\u00e9 sait qu&rsquo;il n&rsquo;existe pas d&rsquo;autre transcendance que celle d&rsquo;autrui, qu&rsquo;il constitue lui-m\u00eame, et avec laquelle il se fusionne \u00e0 tout moment, dans la perception, dans le langage, dans l&rsquo;action solidaire.<br \/>\nL&rsquo;erreur des religions, c&rsquo;est d&rsquo;avoir imagin\u00e9 un Autre divin, dont le rapport avec l&rsquo;homme transcenderait les rapports qui existent entre n&rsquo;importe quel moi et n&rsquo;importe quel autre non-divins.<br \/>\nOn ne se demande plus si le divin existe, quand on a fait l&rsquo;exp\u00e9rience que le Moi et l&rsquo;Autre sont les p\u00f4les d&rsquo;une conscience universelle qui \u00e9chappe, par le fond, \u00e0 l&rsquo;espace et au temps.<\/p>\n<p style=\"text-align: center;\"><strong>VI.<\/strong><\/p>\n<p>La vie collective appartient, sous les apparences temporelles et historiques, au devenir essentiel de l&rsquo;\u00eatre, dont le flux cr\u00e9ateur est la source du temps \u00e9volutif et du temps historique.<br \/>\nLa soci\u00e9t\u00e9 libre ne sera pas fond\u00e9e par une doctrine, mais par des individus libres.<br \/>\nLa vraie m\u00e9taphysique ne sera pas fond\u00e9e par des m\u00e9taphysiciens, mais d\u00e9coulera d&rsquo;une vaste prise de conscience du rapport essentiel du Moi \u00e0 l&rsquo;Autre, tel qu&rsquo;il se pr\u00e9sente dans le champ du conscient fondamental, a-spatial et intemporel.<br \/>\nLa tyrannie vient aux peuples repli\u00e9s sur eux-m\u00eames, comme l&rsquo;asthme et la tuberculose viennent \u00e0 certains n\u00e9vropathes coup\u00e9s du rapport vivant avec le monde.<br \/>\nLe lancement prodigieusement on\u00e9reux des engins spatiaux modernes suppose r\u00e9unis \u00e0 la fois une grande technique scientifique, et une technique non moins rigoureuse de l&rsquo;asservissement des masses aux buts de prestige et de puissance de l&rsquo;Etat.<br \/>\nIl faut, pour atteindre la lune, des Etats \u00e0 la puissance monstrueuse; mais pour comprendre, dans son essence et dans son fonctionnement, toute folie de puissance, et pour rendre l&rsquo;homme \u00e0 lui-m\u00eame, il suffirait du plus modeste individu.<br \/>\nLa puissance technique fait le prestige des Etats, comme leur puissance physique fait l&rsquo;orgueil de certains faibles d&rsquo;esprit.<br \/>\nL&rsquo;Etat est le carcan qui tient unies, par une discipline forc\u00e9e, les masses incapables de vivre librement reli\u00e9es.<\/p>\n<p style=\"text-align: center;\"><strong>VII.<\/strong><\/p>\n<p>Tant que les hommes disputeront sur l&rsquo;ultime v\u00e9rit\u00e9, c&rsquo;est qu&rsquo;ils n&rsquo;auront pas acc\u00e9d\u00e9 au vrai dialogue.<br \/>\nD\u00e9fendre LA v\u00e9rit\u00e9, c&rsquo;est tenter de se d\u00e9livrer, par un mensonge, du probl\u00e8me de la vivre.<\/p>\n<p style=\"text-align: center;\">____________________________<\/p>\n","protected":false},"excerpt":{"rendered":"<p>L&rsquo;Univers doit son sens \u00e0 l&rsquo;immortelle conscience; il doit son existence \u00e0 l&rsquo;individu mortel.<br \/>\nLa vie et la mort de l&rsquo;individu sont les p\u00f4les du temps: le Moi et l&rsquo;Autre existants sont les p\u00f4les de l&rsquo;espace.<br \/>\nCe n&rsquo;est pas le non-\u00eatre qui rompt la totalit\u00e9 de l&rsquo;\u00eatre, c&rsquo;est l&rsquo;autre-\u00eatre, dans l&rsquo;espace-temps.<\/p>\n","protected":false},"author":1,"featured_media":0,"comment_status":"open","ping_status":"open","sticky":false,"template":"","format":"standard","meta":{"footnotes":""},"categories":[72],"tags":[],"class_list":["post-26","post","type-post","status-publish","format-standard","hentry","category-a-niel"],"yoast_head":"<!-- This site is optimized with the Yoast SEO plugin v27.0 - https:\/\/yoast.com\/product\/yoast-seo-wordpress\/ -->\n<title>Aphorismes sur le Moi, la Libert&eacute;, l&#039;Univers par Andr&eacute; Niel - 3e mill\u00e9naire - Spiritualit\u00e9 - Connaissance de soi - Non-dualit\u00e9 - M\u00e9ditation<\/title>\n<meta name=\"robots\" content=\"index, follow, max-snippet:-1, max-image-preview:large, max-video-preview:-1\" \/>\n<link rel=\"canonical\" href=\"https:\/\/www.revue3emillenaire.com\/blog\/aphorismes-sur-le-moi-la-libert-lunivers-par-andr-niel\/\" \/>\n<meta property=\"og:locale\" content=\"fr_FR\" \/>\n<meta property=\"og:type\" content=\"article\" \/>\n<meta property=\"og:title\" content=\"Aphorismes sur le Moi, la Libert&eacute;, l&#039;Univers par Andr&eacute; Niel - 3e mill\u00e9naire - Spiritualit\u00e9 - Connaissance de soi - Non-dualit\u00e9 - M\u00e9ditation\" \/>\n<meta property=\"og:description\" content=\"L&#039;Univers doit son sens \u00e0 l&#039;immortelle conscience; il doit son existence \u00e0 l&#039;individu mortel. La vie et la mort de l&#039;individu sont les p\u00f4les du temps: le Moi et l&#039;Autre existants sont les p\u00f4les de l&#039;espace. Ce n&#039;est pas le non-\u00eatre qui rompt la totalit\u00e9 de l&#039;\u00eatre, c&#039;est l&#039;autre-\u00eatre, dans l&#039;espace-temps.\" \/>\n<meta property=\"og:url\" content=\"https:\/\/www.revue3emillenaire.com\/blog\/aphorismes-sur-le-moi-la-libert-lunivers-par-andr-niel\/\" \/>\n<meta property=\"og:site_name\" content=\"3e mill\u00e9naire - Spiritualit\u00e9 - Connaissance de soi - Non-dualit\u00e9 - M\u00e9ditation\" \/>\n<meta property=\"article:published_time\" content=\"2008-06-17T00:00:00+00:00\" \/>\n<meta property=\"article:modified_time\" content=\"2010-01-13T15:37:41+00:00\" \/>\n<meta name=\"author\" content=\"3e mill\u00e9naire\" \/>\n<meta name=\"twitter:card\" content=\"summary_large_image\" \/>\n<meta name=\"twitter:label1\" content=\"\u00c9crit par\" \/>\n\t<meta name=\"twitter:data1\" content=\"3e mill\u00e9naire\" \/>\n\t<meta name=\"twitter:label2\" content=\"Dur\u00e9e de lecture estim\u00e9e\" \/>\n\t<meta name=\"twitter:data2\" content=\"9 minutes\" \/>\n<script type=\"application\/ld+json\" class=\"yoast-schema-graph\">{\"@context\":\"https:\/\/schema.org\",\"@graph\":[{\"@type\":\"Article\",\"@id\":\"https:\/\/www.revue3emillenaire.com\/blog\/aphorismes-sur-le-moi-la-libert-lunivers-par-andr-niel\/#article\",\"isPartOf\":{\"@id\":\"https:\/\/www.revue3emillenaire.com\/blog\/aphorismes-sur-le-moi-la-libert-lunivers-par-andr-niel\/\"},\"author\":{\"name\":\"3e mill\u00e9naire\",\"@id\":\"https:\/\/www.revue3emillenaire.com\/blog\/#\/schema\/person\/9a3a7cc4ccaa707f402d4394327106d5\"},\"headline\":\"Aphorismes sur le Moi, la Libert&eacute;, l&#39;Univers par Andr&eacute; Niel\",\"datePublished\":\"2008-06-17T00:00:00+00:00\",\"dateModified\":\"2010-01-13T15:37:41+00:00\",\"mainEntityOfPage\":{\"@id\":\"https:\/\/www.revue3emillenaire.com\/blog\/aphorismes-sur-le-moi-la-libert-lunivers-par-andr-niel\/\"},\"wordCount\":1743,\"commentCount\":0,\"articleSection\":[\"Niel Andr\u00e9\"],\"inLanguage\":\"fr-FR\",\"potentialAction\":[{\"@type\":\"CommentAction\",\"name\":\"Comment\",\"target\":[\"https:\/\/www.revue3emillenaire.com\/blog\/aphorismes-sur-le-moi-la-libert-lunivers-par-andr-niel\/#respond\"]}]},{\"@type\":\"WebPage\",\"@id\":\"https:\/\/www.revue3emillenaire.com\/blog\/aphorismes-sur-le-moi-la-libert-lunivers-par-andr-niel\/\",\"url\":\"https:\/\/www.revue3emillenaire.com\/blog\/aphorismes-sur-le-moi-la-libert-lunivers-par-andr-niel\/\",\"name\":\"Aphorismes sur le Moi, la Libert&eacute;, l&#39;Univers par Andr&eacute; Niel - 3e mill\u00e9naire - Spiritualit\u00e9 - Connaissance de soi - Non-dualit\u00e9 - M\u00e9ditation\",\"isPartOf\":{\"@id\":\"https:\/\/www.revue3emillenaire.com\/blog\/#website\"},\"datePublished\":\"2008-06-17T00:00:00+00:00\",\"dateModified\":\"2010-01-13T15:37:41+00:00\",\"author\":{\"@id\":\"https:\/\/www.revue3emillenaire.com\/blog\/#\/schema\/person\/9a3a7cc4ccaa707f402d4394327106d5\"},\"breadcrumb\":{\"@id\":\"https:\/\/www.revue3emillenaire.com\/blog\/aphorismes-sur-le-moi-la-libert-lunivers-par-andr-niel\/#breadcrumb\"},\"inLanguage\":\"fr-FR\",\"potentialAction\":[{\"@type\":\"ReadAction\",\"target\":[\"https:\/\/www.revue3emillenaire.com\/blog\/aphorismes-sur-le-moi-la-libert-lunivers-par-andr-niel\/\"]}]},{\"@type\":\"BreadcrumbList\",\"@id\":\"https:\/\/www.revue3emillenaire.com\/blog\/aphorismes-sur-le-moi-la-libert-lunivers-par-andr-niel\/#breadcrumb\",\"itemListElement\":[{\"@type\":\"ListItem\",\"position\":1,\"name\":\"Accueil\",\"item\":\"https:\/\/www.revue3emillenaire.com\/blog\/\"},{\"@type\":\"ListItem\",\"position\":2,\"name\":\"Aphorismes sur le Moi, la Libert&eacute;, l&#39;Univers par Andr&eacute; Niel\"}]},{\"@type\":\"WebSite\",\"@id\":\"https:\/\/www.revue3emillenaire.com\/blog\/#website\",\"url\":\"https:\/\/www.revue3emillenaire.com\/blog\/\",\"name\":\"3e mill\u00e9naire - Spiritualit\u00e9 - Connaissance de soi - Non-dualit\u00e9 - M\u00e9ditation\",\"description\":\"L&#039;Homme en devenir\",\"potentialAction\":[{\"@type\":\"SearchAction\",\"target\":{\"@type\":\"EntryPoint\",\"urlTemplate\":\"https:\/\/www.revue3emillenaire.com\/blog\/?s={search_term_string}\"},\"query-input\":{\"@type\":\"PropertyValueSpecification\",\"valueRequired\":true,\"valueName\":\"search_term_string\"}}],\"inLanguage\":\"fr-FR\"},{\"@type\":\"Person\",\"@id\":\"https:\/\/www.revue3emillenaire.com\/blog\/#\/schema\/person\/9a3a7cc4ccaa707f402d4394327106d5\",\"name\":\"3e mill\u00e9naire\",\"url\":\"https:\/\/www.revue3emillenaire.com\/blog\/author\/admin\/\"}]}<\/script>\n<!-- \/ Yoast SEO plugin. -->","yoast_head_json":{"title":"Aphorismes sur le Moi, la Libert&eacute;, l&#39;Univers par Andr&eacute; Niel - 3e mill\u00e9naire - Spiritualit\u00e9 - Connaissance de soi - Non-dualit\u00e9 - M\u00e9ditation","robots":{"index":"index","follow":"follow","max-snippet":"max-snippet:-1","max-image-preview":"max-image-preview:large","max-video-preview":"max-video-preview:-1"},"canonical":"https:\/\/www.revue3emillenaire.com\/blog\/aphorismes-sur-le-moi-la-libert-lunivers-par-andr-niel\/","og_locale":"fr_FR","og_type":"article","og_title":"Aphorismes sur le Moi, la Libert&eacute;, l&#39;Univers par Andr&eacute; Niel - 3e mill\u00e9naire - Spiritualit\u00e9 - Connaissance de soi - Non-dualit\u00e9 - M\u00e9ditation","og_description":"L'Univers doit son sens \u00e0 l'immortelle conscience; il doit son existence \u00e0 l'individu mortel. La vie et la mort de l'individu sont les p\u00f4les du temps: le Moi et l'Autre existants sont les p\u00f4les de l'espace. Ce n'est pas le non-\u00eatre qui rompt la totalit\u00e9 de l'\u00eatre, c'est l'autre-\u00eatre, dans l'espace-temps.","og_url":"https:\/\/www.revue3emillenaire.com\/blog\/aphorismes-sur-le-moi-la-libert-lunivers-par-andr-niel\/","og_site_name":"3e mill\u00e9naire - Spiritualit\u00e9 - Connaissance de soi - Non-dualit\u00e9 - M\u00e9ditation","article_published_time":"2008-06-17T00:00:00+00:00","article_modified_time":"2010-01-13T15:37:41+00:00","author":"3e mill\u00e9naire","twitter_card":"summary_large_image","twitter_misc":{"\u00c9crit par":"3e mill\u00e9naire","Dur\u00e9e de lecture estim\u00e9e":"9 minutes"},"schema":{"@context":"https:\/\/schema.org","@graph":[{"@type":"Article","@id":"https:\/\/www.revue3emillenaire.com\/blog\/aphorismes-sur-le-moi-la-libert-lunivers-par-andr-niel\/#article","isPartOf":{"@id":"https:\/\/www.revue3emillenaire.com\/blog\/aphorismes-sur-le-moi-la-libert-lunivers-par-andr-niel\/"},"author":{"name":"3e mill\u00e9naire","@id":"https:\/\/www.revue3emillenaire.com\/blog\/#\/schema\/person\/9a3a7cc4ccaa707f402d4394327106d5"},"headline":"Aphorismes sur le Moi, la Libert&eacute;, l&#39;Univers par Andr&eacute; Niel","datePublished":"2008-06-17T00:00:00+00:00","dateModified":"2010-01-13T15:37:41+00:00","mainEntityOfPage":{"@id":"https:\/\/www.revue3emillenaire.com\/blog\/aphorismes-sur-le-moi-la-libert-lunivers-par-andr-niel\/"},"wordCount":1743,"commentCount":0,"articleSection":["Niel Andr\u00e9"],"inLanguage":"fr-FR","potentialAction":[{"@type":"CommentAction","name":"Comment","target":["https:\/\/www.revue3emillenaire.com\/blog\/aphorismes-sur-le-moi-la-libert-lunivers-par-andr-niel\/#respond"]}]},{"@type":"WebPage","@id":"https:\/\/www.revue3emillenaire.com\/blog\/aphorismes-sur-le-moi-la-libert-lunivers-par-andr-niel\/","url":"https:\/\/www.revue3emillenaire.com\/blog\/aphorismes-sur-le-moi-la-libert-lunivers-par-andr-niel\/","name":"Aphorismes sur le Moi, la Libert&eacute;, l&#39;Univers par Andr&eacute; Niel - 3e mill\u00e9naire - Spiritualit\u00e9 - Connaissance de soi - Non-dualit\u00e9 - M\u00e9ditation","isPartOf":{"@id":"https:\/\/www.revue3emillenaire.com\/blog\/#website"},"datePublished":"2008-06-17T00:00:00+00:00","dateModified":"2010-01-13T15:37:41+00:00","author":{"@id":"https:\/\/www.revue3emillenaire.com\/blog\/#\/schema\/person\/9a3a7cc4ccaa707f402d4394327106d5"},"breadcrumb":{"@id":"https:\/\/www.revue3emillenaire.com\/blog\/aphorismes-sur-le-moi-la-libert-lunivers-par-andr-niel\/#breadcrumb"},"inLanguage":"fr-FR","potentialAction":[{"@type":"ReadAction","target":["https:\/\/www.revue3emillenaire.com\/blog\/aphorismes-sur-le-moi-la-libert-lunivers-par-andr-niel\/"]}]},{"@type":"BreadcrumbList","@id":"https:\/\/www.revue3emillenaire.com\/blog\/aphorismes-sur-le-moi-la-libert-lunivers-par-andr-niel\/#breadcrumb","itemListElement":[{"@type":"ListItem","position":1,"name":"Accueil","item":"https:\/\/www.revue3emillenaire.com\/blog\/"},{"@type":"ListItem","position":2,"name":"Aphorismes sur le Moi, la Libert&eacute;, l&#39;Univers par Andr&eacute; Niel"}]},{"@type":"WebSite","@id":"https:\/\/www.revue3emillenaire.com\/blog\/#website","url":"https:\/\/www.revue3emillenaire.com\/blog\/","name":"3e mill\u00e9naire - Spiritualit\u00e9 - Connaissance de soi - Non-dualit\u00e9 - M\u00e9ditation","description":"L&#039;Homme en devenir","potentialAction":[{"@type":"SearchAction","target":{"@type":"EntryPoint","urlTemplate":"https:\/\/www.revue3emillenaire.com\/blog\/?s={search_term_string}"},"query-input":{"@type":"PropertyValueSpecification","valueRequired":true,"valueName":"search_term_string"}}],"inLanguage":"fr-FR"},{"@type":"Person","@id":"https:\/\/www.revue3emillenaire.com\/blog\/#\/schema\/person\/9a3a7cc4ccaa707f402d4394327106d5","name":"3e mill\u00e9naire","url":"https:\/\/www.revue3emillenaire.com\/blog\/author\/admin\/"}]}},"_links":{"self":[{"href":"https:\/\/www.revue3emillenaire.com\/blog\/wp-json\/wp\/v2\/posts\/26","targetHints":{"allow":["GET"]}}],"collection":[{"href":"https:\/\/www.revue3emillenaire.com\/blog\/wp-json\/wp\/v2\/posts"}],"about":[{"href":"https:\/\/www.revue3emillenaire.com\/blog\/wp-json\/wp\/v2\/types\/post"}],"author":[{"embeddable":true,"href":"https:\/\/www.revue3emillenaire.com\/blog\/wp-json\/wp\/v2\/users\/1"}],"replies":[{"embeddable":true,"href":"https:\/\/www.revue3emillenaire.com\/blog\/wp-json\/wp\/v2\/comments?post=26"}],"version-history":[{"count":0,"href":"https:\/\/www.revue3emillenaire.com\/blog\/wp-json\/wp\/v2\/posts\/26\/revisions"}],"wp:attachment":[{"href":"https:\/\/www.revue3emillenaire.com\/blog\/wp-json\/wp\/v2\/media?parent=26"}],"wp:term":[{"taxonomy":"category","embeddable":true,"href":"https:\/\/www.revue3emillenaire.com\/blog\/wp-json\/wp\/v2\/categories?post=26"},{"taxonomy":"post_tag","embeddable":true,"href":"https:\/\/www.revue3emillenaire.com\/blog\/wp-json\/wp\/v2\/tags?post=26"}],"curies":[{"name":"wp","href":"https:\/\/api.w.org\/{rel}","templated":true}]}}