{"id":2602,"date":"2010-02-06T18:12:06","date_gmt":"2010-02-06T17:12:06","guid":{"rendered":"http:\/\/www.revue3emillenaire.com\/blog\/?p=2602"},"modified":"2011-09-22T22:27:19","modified_gmt":"2011-09-22T21:27:19","slug":"la-decouverte-de-la-vie-dans-ma-vie-un-entretien-avec-jeanne-guesne","status":"publish","type":"post","link":"https:\/\/www.revue3emillenaire.com\/blog\/la-decouverte-de-la-vie-dans-ma-vie-un-entretien-avec-jeanne-guesne\/","title":{"rendered":"La d\u00e9couverte de la vie dans ma vie Un entretien avec  Jeanne Guesn\u00e9"},"content":{"rendered":"<p style=\"text-align: justify;\">(Revue Aurores. N<sup>o<\/sup> 40. F\u00e9vrier 1984)<\/p>\n<p style=\"text-align: justify;\"><em> \u00abL&rsquo;id\u00e9e de la mort exerce toujours sur moi une fascinante interrogation\u00bb. Ainsi s&rsquo;exprime Jeanne Guesn\u00e9 dans l&rsquo;avant-propos de son livre \u00abLa conscience d&rsquo;\u00eatre, ici et maintenant\u00bb publi\u00e9 aux \u00e9ditions Arista. Cette interrogation devait la mettre en recherche au sein de sa propre int\u00e9riorit\u00e9 et l&rsquo;amener \u00e0 d\u00e9couvrir \u00able t\u00e9moin immobile et muet plus r\u00e9el que nous-m\u00eames\u00bb et qu&rsquo;elle appelle la Pr\u00e9sence.<\/em><\/p>\n<p style=\"text-align: justify;\"><strong>A. : On nous parle souvent d&rsquo;un autre monde plus r\u00e9el, d&rsquo;une autre vie. Mais vous, vous savez aujourd&rsquo;hui qu&rsquo;il est l\u00e0, accessible. C&rsquo;est donc en se ressour\u00e7ant, \u00e0, cette \u00ab autre r\u00e9alit\u00e9 \u00bb, qui correspond aussi \u00e0 un autre \u00ab\u00e9tat\u00bb, que vous commencez \u00e0 comprendre le monde, notre monde et les m\u00e9canismes qui le gouverne ?<\/strong><\/p>\n<p style=\"text-align: justify;\">J. G.: C&rsquo;est ce que je voudrais tellement dire et faire passer pendant que je suis encore de ce monde. Dans le corps, quelque chose peut \u00eatre fait: c&rsquo;est une certitude, c&rsquo;est exp\u00e9rimental. La possibilit\u00e9 est donn\u00e9e, l\u00e0, maintenant; seulement la plupart des gens pensent \u00e0 <em>apr\u00e8s<\/em>. C&rsquo;est pourtant ici que j&rsquo;ai quelque chose \u00e0 faire pour l&rsquo;int\u00e9gration de ce noyau, cette conscience qui peut grandir; Il faut un certain temps pour cela, et si ce n&rsquo;est pas fait dans cette vie, \u00e7a ne pourra se faire apr\u00e8s.<\/p>\n<p style=\"text-align: justify;\">Un enfant n\u00e9 \u00e0 six mois et demi ne vivra pas; \u00e0 sept mois on le mettra en couveuse et il vivra. De m\u00eame pour un bouton de rose sur le rosier: si on sait quand et \u00e0 quelle hauteur de la tige le couper et que l&rsquo;on met cette tige dans l&rsquo;eau, la fleur s&rsquo;\u00e9panouira. Cela se situe pr\u00e9cis\u00e9ment dans le temps et dans l&rsquo;espace. Quelques millim\u00e8tres en amont ou une journ\u00e9e plus t\u00f4t, la fleur serait morte.<\/p>\n<p style=\"text-align: justify;\">Et bien pour nous c&rsquo;est pareil; c&rsquo;est ici que le <em>travail<\/em> doit se faire. Seulement nous l&rsquo;oublions constamment, pr\u00e9occup\u00e9s par des notions de rendement, d&rsquo;efficacit\u00e9, de techniques qui ont, certes, leur utilit\u00e9. Mais servons-nous d&rsquo;elles et ne nous laissons pas prendre par elles. N&rsquo;oublions pas, encore une fois, que l&rsquo;homme a un r\u00f4le \u00e0 jouer, qu&rsquo;il n&rsquo;est pas l\u00e0 pour rien.<\/p>\n<p style=\"text-align: justify;\"><strong>A. : Si c&rsquo;est v\u00e9ritablement un r\u00f4le, ne pensez-vous pas qu&rsquo;il devra en prendre conscience, de fa\u00e7on peut-\u00eatre inattendue et brutale, et le tenir par n\u00e9cessit\u00e9 ?<\/strong><\/p>\n<p style=\"text-align: justify;\">J. G.: Lorsque l&rsquo;on vit r\u00e9ellement, lorsque l&rsquo;on voit &#8230; c&rsquo;est incroyable ! On est oblig\u00e9 de le crier ! Nous lisons d\u00e9j\u00e0 dans les \u00e9vangiles: \u00abils ont des yeux et ils ne voient pas. Ils ont des oreilles et ils n&rsquo;entendent pas\u00bb. Ces paroles extraordinaires montrent bien notre nature. La vie ne nous appara\u00eet pas comme quelque chose de simple et jusqu&rsquo;\u00e0 la fin de nos jours nous aurons des barri\u00e8res, des difficult\u00e9s parce que nous sommes dualistes: il y a le bon et le mauvais; nous voulons accepter le bon mais nous ne voulons pas accepter le mauvais.<\/p>\n<p style=\"text-align: justify;\">Cependant, nous pouvons essayer de nous ouvrir \u00e0 une compr\u00e9hension plus large. Nous voyons bien que la vie est l\u00e0 pour nous \u00abtravailler\u00bb, nous barater comme on barate la cr\u00e8me pour en faire du beurre. Elle barate la \u00abmati\u00e8re\u00bb de l&rsquo;homme pour qu&rsquo;elle devienne plus fine, plus r\u00e9ceptive et pour qu&rsquo;elle puisse vibrer \u00e0 une fr\u00e9quence plus rapide. Les outils de la vie sont les \u00abchocs\u00bb. Si nous coop\u00e9rons, nous recevrons la force n\u00e9cessaire m\u00eame, et peut-\u00eatre surtout, dans les difficult\u00e9s. Et la compr\u00e9hension jaillira.<\/p>\n<p style=\"text-align: justify;\"><strong>A. : Mais les difficult\u00e9s s&rsquo;apaiseront-elles pour autant ?<\/strong><\/p>\n<p style=\"text-align: justify;\">J. G. : Nous commettons habituellement une erreur: nous nous disons \u00abje travaille pour m&rsquo;\u00e9veiller, pour comprendre\u00bb et \u00abje devrai recevoir plus d&rsquo;aide\u00bb alors qu&rsquo;en fait, au fur et \u00e0 mesure, les difficult\u00e9s grandissent. C&rsquo;est comme si on pla\u00e7ait \u00e0 chaque palier, la barre un peu plus haut.<\/p>\n<p style=\"text-align: justify;\">Entre nos corps, il y a une dimension spatiale, une s\u00e9paration, mais dans le champ de conscience de l&rsquo;esprit humain qui est l&rsquo;Esprit de la Vie Universelle, il n&rsquo;y a pas de trous, d&rsquo;intervalles. Nos aspirations pour le bien, pour le beau, sont aid\u00e9es \u00e0 ce moment l\u00e0 pour que tout dans ce champ de conscience, soit harmonis\u00e9. C&rsquo;est une m\u00eame longueur d&rsquo;onde. Nous y sommes aid\u00e9s pour tout ce qui proc\u00e8de de l&rsquo;\u00e9volution de l&rsquo;homme.<\/p>\n<p style=\"text-align: justify;\">Aujourd\u2019hui, pour servir une science avanc\u00e9e, des cerveaux tr\u00e8s intelligents sont oblig\u00e9s de travailler en \u00e9quipe avec des ordinateurs. Et chaque r\u00e9ussite est la r\u00e9ussite d\u2019une ou de plusieurs \u00e9quipes. Un seul savant dans sa discipline n\u2019arrive plus \u00e0 grand chose, alors que pour l&rsquo;asc\u00e8se int\u00e9rieure, c&rsquo;est le contraire.<\/p>\n<p style=\"text-align: justify;\"><strong>A. : Pouvez-vous dire aussi que cette possibilit\u00e9 d&rsquo;acc\u00e8s \u00e0 une plus grande conscience est conciliable avec nos activit\u00e9s quotidiennes, ou m\u00eame, peut \u00eatre une aide dans la qualit\u00e9 de nos relations avec les autres ?<\/strong><\/p>\n<p style=\"text-align: justify;\">J. G. : A partir d&rsquo;un certain niveau, lorsque le t\u00e9moin commence \u00e0 appara\u00eetre en nous un regard est port\u00e9 sur le moi psychologique, sur nos comportements, nos automatismes, notre monde de tous les jours. Il est certain que cet \u00e9clairage objectif nous guide positivement et qu&rsquo;il favorise, par l&rsquo;attention et l&rsquo;observation, une compr\u00e9hension de notre propre nature. Nous devons essayer de recevoir la vie sans la fragmenter; la laisser s&rsquo;int\u00e9grer en soi et ne pas la transformer en vies diff\u00e9rentes; \u00eatre un dans la main, la parole, le regard, le ventre, etc &#8230;<\/p>\n<p style=\"text-align: justify;\"><strong>A. : Pour celui qui en fait l&rsquo;exp\u00e9rience, cet acc\u00e8s \u00e0 une autre compr\u00e9hension de lui-m\u00eame est une chose extraordinaire ?<\/strong><\/p>\n<p style=\"text-align: justify;\">J. G. : Tout \u00e0 fait. Lorsque l&rsquo;on l\u00e2che, que l&rsquo;on est \u00e0 ce point \u00e9tale dans le silence et l&rsquo;immobilit\u00e9 int\u00e9rieure, une troisi\u00e8me force appara\u00eet et rien ne se fait sans elle. Entre un homme et une femme s&rsquo;il n&rsquo;y a pas d&rsquo;attirance, si il n&rsquo;y a pas cette troisi\u00e8me force entre eux, il n&rsquo;y a rien. C&rsquo;est la troisi\u00e8me force qui est la plus importante bien que ce soit celle qui ne se voit pas, ne se conna\u00eet pas. C&rsquo;est vraiment l&rsquo;Agir universel.<\/p>\n<p style=\"text-align: justify;\">Pour les mystiques, c&rsquo;est Dieu, pour les ath\u00e9es, c&rsquo;est le bon, la justice; le mot importe peu. En fait, c&rsquo;est une fr\u00e9quence vibratoire. Quand cette fr\u00e9quence vibratoire vous habite, vous \u00eates derri\u00e8re votre regard, vous \u00eates dans votre poign\u00e9e de main, vous \u00eates dans votre parole lorsque vous parlez et tout, \u00e0 ce moment l\u00e0, devient efficace, vivant. Mais naturellement votre personnalit\u00e9, et tout ce qui est personnel en vous, est en sommeil, au service de cette pr\u00e9sence. C&rsquo;est vraiment une all\u00e9geance de la personnalit\u00e9 \u00e0 cette grandeur qui peut venir l&rsquo;habiter.<\/p>\n<p style=\"text-align: justify;\">Alors, ceux qui comprennent la n\u00e9cessit\u00e9 de cette pr\u00e9sence, ceux qui en ressentent le besoin, cherchent tous les jours un moment de \u00abressourcement\u00bb dans une m\u00e9ditation qui est un appel \u00e0 nous relier. Et si vous pratiquez cette asc\u00e8se volontaire dans une situation importante, grave, vous ferez face \u2014 non pas avec ce que vous avez \u2014 mais avec ce que vous \u00eates<\/p>\n<p style=\"text-align: justify;\"><strong>A. : Alors, pour parler plus pr\u00e9cis\u00e9ment de votre exp\u00e9rience, pouvez-vous dire que la reconnaissance de ce qu&rsquo;il faut bien appeler un autre \u00ab\u00e9tat\u00bb est sans \u00e9quivoque ?<\/strong><\/p>\n<p style=\"text-align: justify;\">J. G.: Bien s\u00fbr. Il y a une saveur &#8230; Seulement il est tr\u00e8s difficile de l&rsquo;expliquer ou m\u00eame de donner une \u00e9quivalence. On ne peut pas expliquer, les couleurs \u00e0 un aveugle de naissance. Mais il n&rsquo;y a aucun doute sur la nature et la reconnaissance de cette saveur tr\u00e8s particuli\u00e8re; elle se manifeste dans une sorte de paix int\u00e9rieure, de s\u00e9r\u00e9nit\u00e9 qui est sentie aussi solide qu&rsquo;un bloc de granit.<\/p>\n<p style=\"text-align: justify;\">Pour sch\u00e9matiser, je dirai que cet \u00e9tat pourrait \u00eatre repr\u00e9sent\u00e9 comme un rayon vertical qui peut couper \u00e0 tout instant le plan horizontal du d\u00e9roulement du temps. A chaque instant du temps, l&rsquo; \u00abintemporel\u00bb et le temporel se t\u00e9lescopent et, \u00e0 ce moment pr\u00e9cis, dans la lueur d&rsquo;un \u00e9clair, dans cette foudre, il y a une r\u00e9v\u00e9lation, une compr\u00e9hension qui est insuffl\u00e9e dans les neurones du cerveau. Une compr\u00e9hension visc\u00e9rale de tout soi-m\u00eame en m\u00eame temps.<\/p>\n<p style=\"text-align: justify;\"><strong>A. : Nous avons besoin d&rsquo;une autre attitude pour cela ?<\/strong><\/p>\n<p style=\"text-align: justify;\">J. G. : Cette autre attitude, c&rsquo;est un d\u00e9but d&rsquo;\u00e9veil. Et quand il y a cet \u00e9veil, que la dualit\u00e9 se manifeste, et que la troisi\u00e8me force appara\u00eet, le lien est \u00e9tabli; l&rsquo;intellect traduit mais n&rsquo;\u00e9labore pas. L&rsquo;intellect a besoin d&rsquo;\u00e9laborer pour d\u00e9couvrir l&rsquo;\u00e9nergie atomique par exemple. Mais pour cette asc\u00e8se, l&rsquo;intellect doit se taire.<\/p>\n<p style=\"text-align: justify;\">On comprend vraiment lorsque l&rsquo;on se voit \u00abdouble\u00bb. D&rsquo;abord c&rsquo;est un, puis avec une division de l&rsquo;attention c&rsquo;est deux. Cette attention se pose sur l&rsquo;autre mais en m\u00eame temps sur la sensation de soi-m\u00eame et, \u00e0 partir de l\u00e0, elle n&rsquo;est ni ici, ni ailleurs; elle est dans ma relation entre les deux. Il faut vraiment r\u00e9aliser cette troisi\u00e8me chose, ce troisi\u00e8me corps. Rappelez-vous la parole du Christ: \u00abLorsque vous serez deux en mon nom, je serai au milieu\u00bb.<\/p>\n<p style=\"text-align: justify;\"><strong>A. : Vous dites: \u00abJe me vois double\u00bb. Vous voyez alors, avec un certain recul, votre condition psychologique ?<\/strong><\/p>\n<p style=\"text-align: justify;\">J. G. : Habituellement, je ne vois pas mon moi psychologique; je suis dedans. Mais lorsque, dans des moments privil\u00e9gi\u00e9s, une pr\u00e9sence appara\u00eet, il y a comme un d\u00e9collement et je prends du champ par rapport \u00e0 lui. Dans ces conditions, je peux commencer \u00e0 le conna\u00eetre. Je vis avec ma petite conscience personnelle qu&rsquo;il ne s&rsquo;agit pas de d\u00e9truire et simultan\u00e9ment, avec cette ouverture sur une conscience plus grande, plus globale.<\/p>\n<p style=\"text-align: justify;\">Dans cette dimension, il n&rsquo;y a pas de petit moi, et pourtant, c&rsquo;est aussi moi. Rainer Maria Rilke a \u00e9crit:<\/p>\n<p style=\"text-align: justify;\">\u00ab<em>Je\u00a0 ne serai jamais seul,<\/em><\/p>\n<p style=\"text-align: justify;\"><em>si nombreux \u00e9tant ceux<\/em><\/p>\n<p style=\"text-align: justify;\"><em>Qui se m\u00ealent \u00e0 ce Moi qui est moi<\/em>\u00bb.<\/p>\n<p style=\"text-align: justify;\">Toute cr\u00e9ature dit \u00abmoi\u00bb. Mais il n&rsquo;y en a qu&rsquo;un. On passe par des niveaux diff\u00e9rents de la vie personnelle \u00e0 la grande Vie Universelle.<\/p>\n<p style=\"text-align: justify;\">Combien de personnes disent c&rsquo;est bien beau de parler comme cela, mais vous savez \u00abil faut avoir les pieds sur terre\u00bb. Mais ce sont eux qui n&rsquo;ont pas les pieds sur terre. Bien s\u00fbr, il faut gagner sa vie et celle de sa famille, assumer des responsabilit\u00e9s au niveau mat\u00e9riel.<\/p>\n<p style=\"text-align: justify;\">Je ne tente pas de convaincre qui que ce soit: c&rsquo;est inefficace et maladroit. Je propose simplement une interrogation sur le moi, sur l&rsquo;\u00eatre, sur les rapports secrets qui existent entre l&rsquo;invisible et le visible.<\/p>\n<p style=\"text-align: justify;\">Tous les humains jouissent des m\u00eames facult\u00e9s sensorielles et tout est potentiellement en nous: L&rsquo;Amour, la paix int\u00e9rieure, la conscience. Non pas dans la rue, \u00e0 l&rsquo;ext\u00e9rieur ou comme des drag\u00e9es dans une bonbonni\u00e8re. Cela est en nous et g\u00e9n\u00e9ralement nous ne le savons pas. Nous avons toujours l&rsquo;habitude de compter sur les autres, d&rsquo;attendre que quelque chose arrive de l&rsquo;ext\u00e9rieur. Il serait temps de \u00abrenverser la vapeur\u00bb. Tout arrive de l&rsquo;int\u00e9rieur, de cet \u00e9tat \u00e9tale o\u00f9 la t\u00eate ne parle plus, o\u00f9 l&rsquo;\u00e9motion ne palpite plus&#8230;<\/p>\n<p style=\"text-align: justify;\"><strong>A. : Qu&rsquo;est-ce que vous appelez \u00abmoi psychologique\u00bb ?<\/strong><\/p>\n<p style=\"text-align: justify;\">J. G. : C&rsquo;est l&rsquo;ensemble de la personnalit\u00e9 qui s&rsquo;est form\u00e9 aux d\u00e9pends de la conscience diffuse d\u00e9j\u00e0 l\u00e0 lorsque le b\u00e9b\u00e9 vient de na\u00eetre. Le moi psychologique est une cristallisation d&rsquo;une fraction de la conscience qui continuellement dit \u00abJe\u00bb jusqu&rsquo;\u00e0 la fin de sa vie. Personne ne dit \u00abtoi\u00bb pour l&rsquo;autre. Il y a quatre milliards d&rsquo;individus qui disent, en ce moment, \u00abmoi\u00bb, \u00abje\u00bb, mais il n&rsquo;y a que le grand Moi qui est le moi de l&rsquo;Homme.<\/p>\n<p style=\"text-align: justify;\"><strong>A. : L&rsquo;id\u00e9e m\u00eame de faire taire un instant les mouvements incessants de la pens\u00e9e avec ses jugements, ses critiques, bref tout ce qui la constitue, est souvent envisag\u00e9 par un occidental comme une chose \u00e9pouvantable parce qu&rsquo;elle touche \u00e0 la personnalit\u00e9.<\/strong><\/p>\n<p style=\"text-align: justify;\"><strong> <\/strong><\/p>\n<p style=\"text-align: justify;\">J. G.: Oui, cela fait peur \u00e0 beaucoup de gens. Il n&rsquo;est pourtant pas question de d\u00e9truire ce moi psychologique. Au contraire, il faut qu&rsquo;un moi soit fort m\u00eame si il a beaucoup de d\u00e9fauts. Parce que si il est fort, il aura de l&rsquo;\u00e9nergie et il pourra s&rsquo;en servir alors qu&rsquo;un moi faible ne pourra rien donner.<\/p>\n<p style=\"text-align: justify;\">Seulement, il faudra l&rsquo;amener \u00e0 \u00abse sacrifier\u00bb pour qu&rsquo;il comprenne qu&rsquo;il est limit\u00e9, qu&rsquo;il s&rsquo;est tromp\u00e9. Mais ce sacrifice est joyeux. La chenille qui est dans son cocon ignore qu&rsquo;elle peut avoir des ailes de papillon et le moi c&rsquo;est le cocon.<\/p>\n<p style=\"text-align: justify;\"><strong>A. : Sur ce chemin spirituel, qu&rsquo;elle a \u00e9t\u00e9 votre principale difficult\u00e9?<\/strong><\/p>\n<p style=\"text-align: justify;\"><strong> <\/strong><\/p>\n<p style=\"text-align: justify;\">J. G.: J&rsquo;ai cru l\u00e2cher prise pendant des ann\u00e9es, mais c&rsquo;\u00e9tait seulement en pens\u00e9e; je ne faisais pas le geste int\u00e9rieur. Or le l\u00e2cher-prise est vraiment un geste comme si on lance une pierre. L\u00e0, on n&rsquo;est plus dans ses pens\u00e9es mais, avec un certain recul, dans une totale neutralit\u00e9. Tout est \u00e9tale, la dualit\u00e9 est toujours l\u00e0 et, \u00e0 travers ces deux p\u00f4les tout peut appara\u00eetre: une \u00e9nergie d&rsquo;un autre ordre; d&rsquo;une autre dimension, d&rsquo;un autre monde, peu importe les mots. Mais pour r\u00e9aliser ce l\u00e2cher-prise d&rsquo;une fa\u00e7on abrupte devant un \u00e9v\u00e9nement donn\u00e9, cela m&rsquo;a demand\u00e9 plusieurs ann\u00e9es.<\/p>\n<p style=\"text-align: justify;\"><strong>Quelques livres <\/strong><\/p>\n<p style=\"text-align: justify;\">Le grand passage, Courrier du Livre, 1989<\/p>\n<p style=\"text-align: justify;\">Le 7e sens ou le corps spirituel, Poche, 1991<\/p>\n<p style=\"text-align: justify;\">Le 3e souffle, ou L&rsquo;agir universel, Albin Michel, 1995<\/p>\n<p style=\"text-align: justify;\">La conscience d&rsquo;\u00eatre, ici et maintenant, L&rsquo;Espace Bleu, 1999<\/p>\n<p style=\"text-align: justify;\">Le grand passage : Voyages hors du corps, L&rsquo;Espace Bleu, 1999<\/p>\n<p style=\"text-align: justify;\">La conscience d&rsquo;\u00eatre : Ici et maintenant, Poche, 2009<\/p>\n","protected":false},"excerpt":{"rendered":"<p>Un enfant n\u00e9 \u00e0 six mois et demi ne vivra pas; \u00e0 sept mois on le mettra en couveuse et il vivra. De m\u00eame pour un bouton de rose sur le rosier: si on sait quand et \u00e0 quelle hauteur de la tige le couper et que l&rsquo;on met cette tige dans l&rsquo;eau, la fleur s&rsquo;\u00e9panouira. Cela se situe pr\u00e9cis\u00e9ment dans le temps et dans l&rsquo;espace. Quelques millim\u00e8tres en amont ou une journ\u00e9e plus t\u00f4t, la fleur serait morte. Et bien pour nous c&rsquo;est pareil; c&rsquo;est ici que le travail doit se faire. Seulement nous l&rsquo;oublions constamment, pr\u00e9occup\u00e9s par des notions de rendement, d&rsquo;efficacit\u00e9, de techniques qui ont, certes, leur utilit\u00e9. Mais servons-nous d&rsquo;elles et ne nous laissons pas prendre par elles. N&rsquo;oublions pas, encore une fois, que l&rsquo;homme a un r\u00f4le \u00e0 jouer, qu&rsquo;il n&rsquo;est pas l\u00e0 pour rien.<\/p>\n","protected":false},"author":1,"featured_media":0,"comment_status":"closed","ping_status":"open","sticky":false,"template":"","format":"standard","meta":{"footnotes":""},"categories":[5,337],"tags":[88,338,139,147],"class_list":["post-2602","post","type-post","status-publish","format-standard","hentry","category-interview","category-j-guesne","tag-le-moi","tag-ouverture","tag-presence","tag-travail-sur-soi"],"yoast_head":"<!-- This site is optimized with the Yoast SEO plugin v27.0 - https:\/\/yoast.com\/product\/yoast-seo-wordpress\/ -->\n<title>La d\u00e9couverte de la vie dans ma vie Un entretien avec Jeanne Guesn\u00e9 - 3e mill\u00e9naire - Spiritualit\u00e9 - Connaissance de soi - Non-dualit\u00e9 - M\u00e9ditation<\/title>\n<meta name=\"robots\" content=\"index, follow, max-snippet:-1, max-image-preview:large, max-video-preview:-1\" \/>\n<link rel=\"canonical\" href=\"https:\/\/www.revue3emillenaire.com\/blog\/la-decouverte-de-la-vie-dans-ma-vie-un-entretien-avec-jeanne-guesne\/\" \/>\n<meta property=\"og:locale\" content=\"fr_FR\" \/>\n<meta property=\"og:type\" content=\"article\" \/>\n<meta property=\"og:title\" content=\"La d\u00e9couverte de la vie dans ma vie Un entretien avec Jeanne Guesn\u00e9 - 3e mill\u00e9naire - Spiritualit\u00e9 - Connaissance de soi - Non-dualit\u00e9 - M\u00e9ditation\" \/>\n<meta property=\"og:description\" content=\"Un enfant n\u00e9 \u00e0 six mois et demi ne vivra pas; \u00e0 sept mois on le mettra en couveuse et il vivra. De m\u00eame pour un bouton de rose sur le rosier: si on sait quand et \u00e0 quelle hauteur de la tige le couper et que l&#039;on met cette tige dans l&#039;eau, la fleur s&#039;\u00e9panouira. Cela se situe pr\u00e9cis\u00e9ment dans le temps et dans l&#039;espace. Quelques millim\u00e8tres en amont ou une journ\u00e9e plus t\u00f4t, la fleur serait morte. Et bien pour nous c&#039;est pareil; c&#039;est ici que le travail doit se faire. Seulement nous l&#039;oublions constamment, pr\u00e9occup\u00e9s par des notions de rendement, d&#039;efficacit\u00e9, de techniques qui ont, certes, leur utilit\u00e9. Mais servons-nous d&#039;elles et ne nous laissons pas prendre par elles. N&#039;oublions pas, encore une fois, que l&#039;homme a un r\u00f4le \u00e0 jouer, qu&#039;il n&#039;est pas l\u00e0 pour rien.\" \/>\n<meta property=\"og:url\" content=\"https:\/\/www.revue3emillenaire.com\/blog\/la-decouverte-de-la-vie-dans-ma-vie-un-entretien-avec-jeanne-guesne\/\" \/>\n<meta property=\"og:site_name\" content=\"3e mill\u00e9naire - Spiritualit\u00e9 - Connaissance de soi - Non-dualit\u00e9 - M\u00e9ditation\" \/>\n<meta property=\"article:published_time\" content=\"2010-02-06T17:12:06+00:00\" \/>\n<meta property=\"article:modified_time\" content=\"2011-09-22T21:27:19+00:00\" \/>\n<meta name=\"author\" content=\"3e mill\u00e9naire\" \/>\n<meta name=\"twitter:card\" content=\"summary_large_image\" \/>\n<meta name=\"twitter:label1\" content=\"\u00c9crit par\" \/>\n\t<meta name=\"twitter:data1\" content=\"3e mill\u00e9naire\" \/>\n\t<meta name=\"twitter:label2\" content=\"Dur\u00e9e de lecture estim\u00e9e\" \/>\n\t<meta name=\"twitter:data2\" content=\"11 minutes\" \/>\n<script type=\"application\/ld+json\" class=\"yoast-schema-graph\">{\"@context\":\"https:\/\/schema.org\",\"@graph\":[{\"@type\":\"Article\",\"@id\":\"https:\/\/www.revue3emillenaire.com\/blog\/la-decouverte-de-la-vie-dans-ma-vie-un-entretien-avec-jeanne-guesne\/#article\",\"isPartOf\":{\"@id\":\"https:\/\/www.revue3emillenaire.com\/blog\/la-decouverte-de-la-vie-dans-ma-vie-un-entretien-avec-jeanne-guesne\/\"},\"author\":{\"name\":\"3e mill\u00e9naire\",\"@id\":\"https:\/\/www.revue3emillenaire.com\/blog\/#\/schema\/person\/9a3a7cc4ccaa707f402d4394327106d5\"},\"headline\":\"La d\u00e9couverte de la vie dans ma vie Un entretien avec Jeanne Guesn\u00e9\",\"datePublished\":\"2010-02-06T17:12:06+00:00\",\"dateModified\":\"2011-09-22T21:27:19+00:00\",\"mainEntityOfPage\":{\"@id\":\"https:\/\/www.revue3emillenaire.com\/blog\/la-decouverte-de-la-vie-dans-ma-vie-un-entretien-avec-jeanne-guesne\/\"},\"wordCount\":2304,\"keywords\":[\"Le moi\",\"ouverture\",\"pr\u00e9sence\",\"Travail sur soi\"],\"articleSection\":[\"Entretien\/Interview\",\"Guesn\u00e9 Jeanne\"],\"inLanguage\":\"fr-FR\"},{\"@type\":\"WebPage\",\"@id\":\"https:\/\/www.revue3emillenaire.com\/blog\/la-decouverte-de-la-vie-dans-ma-vie-un-entretien-avec-jeanne-guesne\/\",\"url\":\"https:\/\/www.revue3emillenaire.com\/blog\/la-decouverte-de-la-vie-dans-ma-vie-un-entretien-avec-jeanne-guesne\/\",\"name\":\"La d\u00e9couverte de la vie dans ma vie Un entretien avec Jeanne Guesn\u00e9 - 3e mill\u00e9naire - Spiritualit\u00e9 - Connaissance de soi - Non-dualit\u00e9 - M\u00e9ditation\",\"isPartOf\":{\"@id\":\"https:\/\/www.revue3emillenaire.com\/blog\/#website\"},\"datePublished\":\"2010-02-06T17:12:06+00:00\",\"dateModified\":\"2011-09-22T21:27:19+00:00\",\"author\":{\"@id\":\"https:\/\/www.revue3emillenaire.com\/blog\/#\/schema\/person\/9a3a7cc4ccaa707f402d4394327106d5\"},\"breadcrumb\":{\"@id\":\"https:\/\/www.revue3emillenaire.com\/blog\/la-decouverte-de-la-vie-dans-ma-vie-un-entretien-avec-jeanne-guesne\/#breadcrumb\"},\"inLanguage\":\"fr-FR\",\"potentialAction\":[{\"@type\":\"ReadAction\",\"target\":[\"https:\/\/www.revue3emillenaire.com\/blog\/la-decouverte-de-la-vie-dans-ma-vie-un-entretien-avec-jeanne-guesne\/\"]}]},{\"@type\":\"BreadcrumbList\",\"@id\":\"https:\/\/www.revue3emillenaire.com\/blog\/la-decouverte-de-la-vie-dans-ma-vie-un-entretien-avec-jeanne-guesne\/#breadcrumb\",\"itemListElement\":[{\"@type\":\"ListItem\",\"position\":1,\"name\":\"Accueil\",\"item\":\"https:\/\/www.revue3emillenaire.com\/blog\/\"},{\"@type\":\"ListItem\",\"position\":2,\"name\":\"La d\u00e9couverte de la vie dans ma vie Un entretien avec Jeanne Guesn\u00e9\"}]},{\"@type\":\"WebSite\",\"@id\":\"https:\/\/www.revue3emillenaire.com\/blog\/#website\",\"url\":\"https:\/\/www.revue3emillenaire.com\/blog\/\",\"name\":\"3e mill\u00e9naire - Spiritualit\u00e9 - Connaissance de soi - Non-dualit\u00e9 - M\u00e9ditation\",\"description\":\"L&#039;Homme en devenir\",\"potentialAction\":[{\"@type\":\"SearchAction\",\"target\":{\"@type\":\"EntryPoint\",\"urlTemplate\":\"https:\/\/www.revue3emillenaire.com\/blog\/?s={search_term_string}\"},\"query-input\":{\"@type\":\"PropertyValueSpecification\",\"valueRequired\":true,\"valueName\":\"search_term_string\"}}],\"inLanguage\":\"fr-FR\"},{\"@type\":\"Person\",\"@id\":\"https:\/\/www.revue3emillenaire.com\/blog\/#\/schema\/person\/9a3a7cc4ccaa707f402d4394327106d5\",\"name\":\"3e mill\u00e9naire\",\"url\":\"https:\/\/www.revue3emillenaire.com\/blog\/author\/admin\/\"}]}<\/script>\n<!-- \/ Yoast SEO plugin. -->","yoast_head_json":{"title":"La d\u00e9couverte de la vie dans ma vie Un entretien avec Jeanne Guesn\u00e9 - 3e mill\u00e9naire - Spiritualit\u00e9 - Connaissance de soi - Non-dualit\u00e9 - M\u00e9ditation","robots":{"index":"index","follow":"follow","max-snippet":"max-snippet:-1","max-image-preview":"max-image-preview:large","max-video-preview":"max-video-preview:-1"},"canonical":"https:\/\/www.revue3emillenaire.com\/blog\/la-decouverte-de-la-vie-dans-ma-vie-un-entretien-avec-jeanne-guesne\/","og_locale":"fr_FR","og_type":"article","og_title":"La d\u00e9couverte de la vie dans ma vie Un entretien avec Jeanne Guesn\u00e9 - 3e mill\u00e9naire - Spiritualit\u00e9 - Connaissance de soi - Non-dualit\u00e9 - M\u00e9ditation","og_description":"Un enfant n\u00e9 \u00e0 six mois et demi ne vivra pas; \u00e0 sept mois on le mettra en couveuse et il vivra. De m\u00eame pour un bouton de rose sur le rosier: si on sait quand et \u00e0 quelle hauteur de la tige le couper et que l'on met cette tige dans l'eau, la fleur s'\u00e9panouira. Cela se situe pr\u00e9cis\u00e9ment dans le temps et dans l'espace. Quelques millim\u00e8tres en amont ou une journ\u00e9e plus t\u00f4t, la fleur serait morte. Et bien pour nous c'est pareil; c'est ici que le travail doit se faire. Seulement nous l'oublions constamment, pr\u00e9occup\u00e9s par des notions de rendement, d'efficacit\u00e9, de techniques qui ont, certes, leur utilit\u00e9. Mais servons-nous d'elles et ne nous laissons pas prendre par elles. N'oublions pas, encore une fois, que l'homme a un r\u00f4le \u00e0 jouer, qu'il n'est pas l\u00e0 pour rien.","og_url":"https:\/\/www.revue3emillenaire.com\/blog\/la-decouverte-de-la-vie-dans-ma-vie-un-entretien-avec-jeanne-guesne\/","og_site_name":"3e mill\u00e9naire - Spiritualit\u00e9 - Connaissance de soi - Non-dualit\u00e9 - M\u00e9ditation","article_published_time":"2010-02-06T17:12:06+00:00","article_modified_time":"2011-09-22T21:27:19+00:00","author":"3e mill\u00e9naire","twitter_card":"summary_large_image","twitter_misc":{"\u00c9crit par":"3e mill\u00e9naire","Dur\u00e9e de lecture estim\u00e9e":"11 minutes"},"schema":{"@context":"https:\/\/schema.org","@graph":[{"@type":"Article","@id":"https:\/\/www.revue3emillenaire.com\/blog\/la-decouverte-de-la-vie-dans-ma-vie-un-entretien-avec-jeanne-guesne\/#article","isPartOf":{"@id":"https:\/\/www.revue3emillenaire.com\/blog\/la-decouverte-de-la-vie-dans-ma-vie-un-entretien-avec-jeanne-guesne\/"},"author":{"name":"3e mill\u00e9naire","@id":"https:\/\/www.revue3emillenaire.com\/blog\/#\/schema\/person\/9a3a7cc4ccaa707f402d4394327106d5"},"headline":"La d\u00e9couverte de la vie dans ma vie Un entretien avec Jeanne Guesn\u00e9","datePublished":"2010-02-06T17:12:06+00:00","dateModified":"2011-09-22T21:27:19+00:00","mainEntityOfPage":{"@id":"https:\/\/www.revue3emillenaire.com\/blog\/la-decouverte-de-la-vie-dans-ma-vie-un-entretien-avec-jeanne-guesne\/"},"wordCount":2304,"keywords":["Le moi","ouverture","pr\u00e9sence","Travail sur soi"],"articleSection":["Entretien\/Interview","Guesn\u00e9 Jeanne"],"inLanguage":"fr-FR"},{"@type":"WebPage","@id":"https:\/\/www.revue3emillenaire.com\/blog\/la-decouverte-de-la-vie-dans-ma-vie-un-entretien-avec-jeanne-guesne\/","url":"https:\/\/www.revue3emillenaire.com\/blog\/la-decouverte-de-la-vie-dans-ma-vie-un-entretien-avec-jeanne-guesne\/","name":"La d\u00e9couverte de la vie dans ma vie Un entretien avec Jeanne Guesn\u00e9 - 3e mill\u00e9naire - Spiritualit\u00e9 - Connaissance de soi - Non-dualit\u00e9 - M\u00e9ditation","isPartOf":{"@id":"https:\/\/www.revue3emillenaire.com\/blog\/#website"},"datePublished":"2010-02-06T17:12:06+00:00","dateModified":"2011-09-22T21:27:19+00:00","author":{"@id":"https:\/\/www.revue3emillenaire.com\/blog\/#\/schema\/person\/9a3a7cc4ccaa707f402d4394327106d5"},"breadcrumb":{"@id":"https:\/\/www.revue3emillenaire.com\/blog\/la-decouverte-de-la-vie-dans-ma-vie-un-entretien-avec-jeanne-guesne\/#breadcrumb"},"inLanguage":"fr-FR","potentialAction":[{"@type":"ReadAction","target":["https:\/\/www.revue3emillenaire.com\/blog\/la-decouverte-de-la-vie-dans-ma-vie-un-entretien-avec-jeanne-guesne\/"]}]},{"@type":"BreadcrumbList","@id":"https:\/\/www.revue3emillenaire.com\/blog\/la-decouverte-de-la-vie-dans-ma-vie-un-entretien-avec-jeanne-guesne\/#breadcrumb","itemListElement":[{"@type":"ListItem","position":1,"name":"Accueil","item":"https:\/\/www.revue3emillenaire.com\/blog\/"},{"@type":"ListItem","position":2,"name":"La d\u00e9couverte de la vie dans ma vie Un entretien avec Jeanne Guesn\u00e9"}]},{"@type":"WebSite","@id":"https:\/\/www.revue3emillenaire.com\/blog\/#website","url":"https:\/\/www.revue3emillenaire.com\/blog\/","name":"3e mill\u00e9naire - Spiritualit\u00e9 - Connaissance de soi - Non-dualit\u00e9 - M\u00e9ditation","description":"L&#039;Homme en devenir","potentialAction":[{"@type":"SearchAction","target":{"@type":"EntryPoint","urlTemplate":"https:\/\/www.revue3emillenaire.com\/blog\/?s={search_term_string}"},"query-input":{"@type":"PropertyValueSpecification","valueRequired":true,"valueName":"search_term_string"}}],"inLanguage":"fr-FR"},{"@type":"Person","@id":"https:\/\/www.revue3emillenaire.com\/blog\/#\/schema\/person\/9a3a7cc4ccaa707f402d4394327106d5","name":"3e mill\u00e9naire","url":"https:\/\/www.revue3emillenaire.com\/blog\/author\/admin\/"}]}},"_links":{"self":[{"href":"https:\/\/www.revue3emillenaire.com\/blog\/wp-json\/wp\/v2\/posts\/2602","targetHints":{"allow":["GET"]}}],"collection":[{"href":"https:\/\/www.revue3emillenaire.com\/blog\/wp-json\/wp\/v2\/posts"}],"about":[{"href":"https:\/\/www.revue3emillenaire.com\/blog\/wp-json\/wp\/v2\/types\/post"}],"author":[{"embeddable":true,"href":"https:\/\/www.revue3emillenaire.com\/blog\/wp-json\/wp\/v2\/users\/1"}],"replies":[{"embeddable":true,"href":"https:\/\/www.revue3emillenaire.com\/blog\/wp-json\/wp\/v2\/comments?post=2602"}],"version-history":[{"count":0,"href":"https:\/\/www.revue3emillenaire.com\/blog\/wp-json\/wp\/v2\/posts\/2602\/revisions"}],"wp:attachment":[{"href":"https:\/\/www.revue3emillenaire.com\/blog\/wp-json\/wp\/v2\/media?parent=2602"}],"wp:term":[{"taxonomy":"category","embeddable":true,"href":"https:\/\/www.revue3emillenaire.com\/blog\/wp-json\/wp\/v2\/categories?post=2602"},{"taxonomy":"post_tag","embeddable":true,"href":"https:\/\/www.revue3emillenaire.com\/blog\/wp-json\/wp\/v2\/tags?post=2602"}],"curies":[{"name":"wp","href":"https:\/\/api.w.org\/{rel}","templated":true}]}}