{"id":2615,"date":"2010-02-09T03:44:06","date_gmt":"2010-02-09T02:44:06","guid":{"rendered":"http:\/\/www.revue3emillenaire.com\/blog\/?p=2615"},"modified":"2021-06-14T21:09:58","modified_gmt":"2021-06-14T20:09:58","slug":"la-parapsychologie-la-%c2%ab-connaissance-extrasensorielle-%c2%bb-par-andre-dumas","status":"publish","type":"post","link":"https:\/\/www.revue3emillenaire.com\/blog\/la-parapsychologie-la-%c2%ab-connaissance-extrasensorielle-%c2%bb-par-andre-dumas\/","title":{"rendered":"Parapsychologie : La \u00ab Connaissance extrasensorielle \u00bb par Andr\u00e9 Dumas"},"content":{"rendered":"<p style=\"text-align: justify;\">(Revue Panharmonie. No 165. Janvier 1977)<\/p>\n<p style=\"text-align: justify;\">\n<p style=\"text-align: justify;\"><em>Le titre est de 3e Mill\u00e9naire<\/em><\/p>\n<p style=\"text-align: justify;\">\n<p style=\"text-align: justify;\"><strong>Compte rendu<\/strong> de la r\u00e9union du 19.10.1976<\/p>\n<p style=\"text-align: justify;\">M. Andr\u00e9 DUMAS, dont c&rsquo;\u00e9tait la premi\u00e8re r\u00e9union de Groupe, a tenu d&rsquo;abord \u00e0 situer la parapsychologie et \u00e0 nous proposer un programme pour nos r\u00e9unions ult\u00e9rieures. Ce soir sera consacr\u00e9 \u00e0 un survol du d\u00e9veloppement de la parapsychologie et \u00e0 la classification des diff\u00e9rents ph\u00e9nom\u00e8nes. Ceux-ci dans le cours des mois suivants seront trait\u00e9s chacun isol\u00e9ment, allant de la clairvoyance, c&rsquo;est-\u00e0-dire de la connaissance supranormale aux ph\u00e9nom\u00e8nes d&rsquo;ordre physique, pour terminer le cycle par une synth\u00e8se de l&rsquo;ensemble.<\/p>\n<p style=\"text-align: justify;\">Toutes ces questions sont tr\u00e8s anciennes, mais il semblerait qu&rsquo;elles aient un nouvel impact dans les temps modernes.<\/p>\n<p style=\"text-align: justify;\">Il y a un peu plus d&rsquo;un si\u00e8cle, \u00e0 la suite d&rsquo;un ph\u00e9nom\u00e8ne de maisons hant\u00e9es aux Etats-Unis, des savants ont commenc\u00e9 \u00e0 se pencher sur ces ph\u00e9nom\u00e8nes, tout en ayant des avis contradictoires. C&rsquo;est aussi \u00e0 cette \u00e9poque que le jeune astronome Flammarion, s&rsquo;est int\u00e9ress\u00e9 \u00e0 ces probl\u00e8mes.<\/p>\n<p style=\"text-align: justify;\">M. Dumas nous cite les travaux de savants tels que le Docteur Richet, le Docteur Osty, en France, ceux du psychologue Rhine, aux Etats-Unis, etc., et quels furent depuis cette \u00e9poque \u00e0 nos jours, les ph\u00e9nom\u00e8nes, les \u00e9tudes, et interpr\u00e9tations donn\u00e9es par des hommes de science.<\/p>\n<p style=\"text-align: justify;\">Cet expos\u00e9 fut extr\u00eamement complet. Il ne s&rsquo;y trouvait de sa part, aucune complaisance \u00e0 l&rsquo;\u00e9gard du \u00ab fantastique \u00bb qu&rsquo;il ne nie pas, mais qu&rsquo;il n&rsquo;accepte qu&rsquo;apr\u00e8s de s\u00e9rieuses v\u00e9rifications faites par des savants dignes de confiance, par des chercheurs s\u00e9rieux.<\/p>\n<p style=\"text-align: justify;\">Panharmonie est tout \u00e0 fait d&rsquo;accord sur ce point. Jacques de Marquette qui \u00e9tait profond\u00e9ment mystique, mais qui, en m\u00eame temps, \u00e9tait un philosophe, n&rsquo;a jamais voulu, lui non plus, faire des affirmations fantaisistes. Ouvert, comme Andr\u00e9 Dumas \u00e0 toute nouvelle conception, il n&rsquo;en faisait \u00e9tat qu&rsquo;apr\u00e8s l&rsquo;avoir analys\u00e9e \u00e0 fond, afin de ne pas affirmer ce qui n&rsquo;\u00e9tait que soup\u00e7onn\u00e9.<\/p>\n<p style=\"text-align: justify;\">Nous recommandons \u00e0 nos lecteurs de se procurer le livre de M. Dumas : \u00ab La Science de l&rsquo;Ame \u00bb r\u00e9\u00e9dit\u00e9 chez Dervy-Livres et pr\u00e9fac\u00e9 par notre regrett\u00e9e amie Simone Saint-Clair.<\/p>\n<p style=\"text-align: justify;\">Le d\u00e9bat qui a suivi cet expos\u00e9 s&rsquo;\u00e9tendit jusqu&rsquo;\u00e0 des proc\u00e9d\u00e9s m\u00e9dicaux, celui du Docteur Cou\u00e9, l&rsquo;hypnose qualifi\u00e9e d&rsquo;agression, la sophrologie.<\/p>\n<p style=\"text-align: justify;\">Une participante en ayant exprim\u00e9 le d\u00e9sir, M. Dumas, d&rsquo;accord avec elle, lui affirma qu&rsquo;il d\u00e9sirait traiter son sujet en profondeur, en mettant l&rsquo;accent sur les implications spirituelles de la parapsychologie. J&rsquo;ai beaucoup \u00e9tudi\u00e9, dit-il, les Sages hindous, Vivekananda, Ramakrishna, Aurobindo et je suis pr\u00eat \u00e0 vous parler dans ce sens.<\/p>\n<p style=\"text-align: justify;\">Les enseignements fondamentaux de la parapsychologie nous r\u00e9v\u00e8lent le caract\u00e8re ext\u00e9rieur superficiel du petit moi, de notre individualit\u00e9 quotidienne, et l&rsquo;existence en nous d&rsquo;un univers extraordinaire de possibilit\u00e9s, de vie spirituelle interne qui, apparemment d&rsquo;apr\u00e8s toutes sortes de faits, semblent communiquer avec les autres \u00eatres. Autrement dit, le petit moi ext\u00e9rieur communique par la voie de la parole, des signes, etc., et il y a autre chose qui, dans certaines circonstances, semble communiquer directement. Nous arrivons donc \u00e0 une conception mystique, d\u00e9montr\u00e9e scientifiquement. Je suis tr\u00e8s convaincu, quant \u00e0 moi, de cette liaison analytique qui vise \u00e0 la synth\u00e8se, en retirant l&rsquo;essence de chaque \u00e9l\u00e9ment analys\u00e9. Pour moi, les choses convergent en une conclusion g\u00e9n\u00e9rale et je cherche toujours l&rsquo;id\u00e9e, l&rsquo;explication globale, celle qui, au-dessus des variantes, permet d&rsquo;annoncer une seule voie.<\/p>\n<p style=\"text-align: justify;\"><strong>Compte rendu<\/strong> de la r\u00e9union du 16.11.1976.<\/p>\n<p style=\"text-align: justify;\">Apr\u00e8s avoir, dans sa premi\u00e8re r\u00e9union de Groupe situ\u00e9 la parapsychologie, Andr\u00e9 Dumas aborde le domaine de la \u00ab Connaissance extrasensorielle \u00bb, dans laquelle il englobe la radiesth\u00e9sie. Le terme \u00ab perception \u00bb extrasensorielle est inexact, dit-il, car il n&rsquo;y a pas perception, mais connaissance. La perception suppose un organe des sens qui per\u00e7oit. Or c&rsquo;est le passage entre le plan physique et l&rsquo;appr\u00e9hension consciente de ce qui a \u00e9t\u00e9 connu subconsciemment. Ce passage se fait par des voies diff\u00e9rentes qui peuvent \u00eatre des images symboliques, soit des auditions. Dans le cas de la radiesth\u00e9sie, une \u00ab convention \u00bb est \u00e9tablie entre le conscient et le subconscient, afin que celui-ci envoie un message-moteur \u00e0 la main qui traduira par un mouvement suivant un code pr\u00e9\u00e9tabli si imperceptible que beaucoup pensent que c&rsquo;est leur main qui suit le pendule. D&rsquo;apr\u00e8s M. Dumas, il ne s&rsquo;agit pas de l&rsquo;action de radiation sur le pendule, mais d&rsquo;un symbole exprimant d&rsquo;une mani\u00e8re motrice ce que d&rsquo;autres connaissances expriment par voie visuelle. Dans la voie auditive\u00a0 il ne s&rsquo;agit pas davantage de vibrations sonores frappant l&rsquo;oreille, mais d&rsquo;une transformation de sensations internes en hallucinations auditives.<\/p>\n<p style=\"text-align: justify;\">On est donc en pr\u00e9sence d&rsquo;un ph\u00e9nom\u00e8ne inverse de celui fonctionnant dans la connaissance sensorielle normale, dans laquelle des vibrations du monde ext\u00e9rieur frappent nos sens mat\u00e9riels, nous permettent de percevoir r\u00e9ellement quelque chose qui se transforme dans notre syst\u00e8me c\u00e9r\u00e9bral en image, son, etc., dont nous prenons conscience.<\/p>\n<p style=\"text-align: justify;\">Inversement dans la connaissance supranormale, l&rsquo;image se forme avant qu&rsquo;il y ait passage par les sens, image qu&rsquo;on est seul \u00e0 percevoir. Et c&rsquo;est pourquoi il est faux de parler d&rsquo;un sixi\u00e8me sens, il n&rsquo;y a pas de sens suppl\u00e9mentaire, ce serait plut\u00f4t un \u00ab contre-sens \u00bb et on arrive \u00e0 cette premi\u00e8re conclusion qu&rsquo;il y a un sens fondamental int\u00e9rieur, unique, qui se manifeste sous des formes diff\u00e9rentes qui n&rsquo;existent que dans notre esprit. On entend sans le concours de l&rsquo;oreille, on voit sans qu&rsquo;il y ait existence intrins\u00e8que de la vision.<\/p>\n<p style=\"text-align: justify;\">Et ceci nous fait p\u00e9n\u00e9trer dans ce que Andr\u00e9 Dumas appelle notre colonne vert\u00e9brale spirituelle, fondamentalement diff\u00e9rente de notre organisation mat\u00e9rielle.<\/p>\n<p style=\"text-align: justify;\">Une deuxi\u00e8me \u00e9tape de notre investigation nous am\u00e8ne \u00e0 constater le caract\u00e8re inverse de la connaissance supranormale par rapport \u00e0 la perception normale. En effet, un sensitif a besoin de calme, d&rsquo;isolement avec le monde ext\u00e9rieur, pour mettre en branle ses facult\u00e9s. Il doit diminuer l&rsquo;intensit\u00e9 de sa vie de relations. Cela se confirme par le fait que des gens, n&rsquo;ayant jamais eu des facult\u00e9s supranormales, en font l&rsquo;exp\u00e9rience dans des \u00e9tats de diminution de leurs facult\u00e9s physiques : approche de la mort, asphyxi\u00e9s qui reviennent \u00e0 la vie, action du chloroforme, etc. Si on pouvait tracer une courbe ascendante qui repr\u00e9senterait la croissance des facult\u00e9s supranormales, nous verrions qu&rsquo;il faudrait tracer une autre courbe descendante sur le m\u00eame diagramme, en ce qui concerne l&rsquo;intensit\u00e9 de la vie de relations et de la vie physique. Et il est assez curieux de noter que les ali\u00e9n\u00e9s retrouvent la raison quelque temps avant leur mort. Rabelais en fait \u00e9tat en \u00e9crivant : \u00ab les vieillards d\u00e9cr\u00e9pis qui souvent avant leur mort se mettent \u00e0 proph\u00e9tiser et \u00e0 vaticiner&#8230; \u00bb.<\/p>\n<p style=\"text-align: justify;\">Ceci est extr\u00eamement important. La parapsychologie nous apportant des \u00e9l\u00e9ments de compr\u00e9hension plus profonde de ce que l&rsquo;homme est en r\u00e9alit\u00e9 et cela correspond aussi au besoin dans la vie spirituelle de pratiquer la m\u00e9ditation, de rechercher la solitude, enfin de se s\u00e9parer le plus possible de la vie bruyante et active. Nous pouvons ainsi constater que si l&rsquo;on peut tracer deux courbes dont le sommet d&rsquo;exaltation de l&rsquo;une correspond au z\u00e9ro de la vie physique, il est clair qu&rsquo;en extrapolant, en arrivant plus loin que le z\u00e9ro, c&rsquo;est la mort. Tandis que si on continue l&rsquo;autre courbe qui va en sens inverse, celle-ci n&rsquo;a aucune raison de s&rsquo;arr\u00eater et d\u00e9passe elle aussi le point z\u00e9ro. Et alors nous pourrions envisager une exaltation plus grande encore des facult\u00e9s supranormales, c&rsquo;est-\u00e0-dire du sens psychique et spirituel fondamental au moment de la mort.<\/p>\n<p style=\"text-align: justify;\">Mme Pelli\u00e9 cite des exemples d&rsquo;hallucinations provoqu\u00e9es par l&rsquo;excitation du cerveau.<\/p>\n<p style=\"text-align: justify;\">M. Dumas : C&rsquo;est tr\u00e8s diff\u00e9rent, l&rsquo;hallucination proprement dite ne correspond \u00e0 aucune r\u00e9alit\u00e9, tandis que l&rsquo;image hallucinatoire provoqu\u00e9e par la connaissance supranormale correspond \u00e0 une r\u00e9alit\u00e9. On ne peut pas mettre sur un m\u00eame plan les illusions cr\u00e9\u00e9es par des excitations \u00e9lectriques quelconques et l&rsquo;image auditive visuelle ou autre, re\u00e7ue lorsqu&rsquo;il y a connaissance supranormale.<\/p>\n<p style=\"text-align: justify;\">F. Catala demande s&rsquo;il est n\u00e9cessaire qu&rsquo;il y ait hypertrophie des valeurs du domaine des relations ou si l&rsquo;homme n&rsquo;est pas le point de convergence entre ces deux courbes. L&rsquo;homme doit-il perdre sa conscience d&rsquo;homme pour acqu\u00e9rir ces facult\u00e9s ?<\/p>\n<p style=\"text-align: justify;\">M. Dumas : On ne peut pas dire qu&rsquo;il soit n\u00e9cessaire que disparaissent les relations avec le monde pour obtenir l&rsquo;explosion de la conscience ; mais il y a une sorte d&rsquo;\u00e9cartement de soi-m\u00eame sans aucune perte de conscience. Au contraire, c&rsquo;est une sorte d&rsquo;exaltation de la conscience qui donne l&rsquo;impression de ne plus \u00eatre ferm\u00e9, mais d&rsquo;\u00eatre \u00e9tendu \u00e0 tout l&rsquo;univers.<\/p>\n<p style=\"text-align: justify;\">En r\u00e9ponse \u00e0 une question, M. Dumas poursuit : On pourrait dire que les animaux sont des exemples de connaissance supranormale permanents parce qu&rsquo;ils n&rsquo;ont pas d\u00e9velopp\u00e9 leur c\u00e9r\u00e9bralit\u00e9.<\/p>\n<p style=\"text-align: justify;\">On ne peut pas dire que les facult\u00e9s supranormales aient suivi une courbe \u00e9volutive parall\u00e8le \u00e0 l&rsquo;\u00e9volution des organismes, mais on constate que d\u00e8s la plus haute antiquit\u00e9 et probablement chez l&rsquo;homme primitif existaient ces facult\u00e9s au moins \u00e9gales sinon sup\u00e9rieures aux n\u00f4tres. L&rsquo;\u00e9volution biologique n&rsquo;a pas apport\u00e9 un nouvel \u00e9l\u00e9ment psychique. Nous pouvons donc dire, toujours dans le sens de notre sp\u00e9culation philosophique, que tout se passe comme si les facult\u00e9s supranormales dont nous disposons, n&rsquo;\u00e9taient pas les adjuvants d&rsquo;une \u00e9volution puisque toute l&rsquo;histoire de l&rsquo;humanit\u00e9 nous montre qu&rsquo;il n&rsquo;y a pas eu de variante dans leur intensit\u00e9. Il n&rsquo;y a pas plus de manifestations supranormales au XXe si\u00e8cle qu&rsquo;il n&rsquo;y en a eu \u00e0 l&rsquo;origine de l&rsquo;humanit\u00e9, tandis que l&rsquo;\u00e9volution biologique a \u00e9t\u00e9 constante. On pourrait donc en tirer la conclusion qu&rsquo;elles ne sont que la manifestation sporadique de facult\u00e9s qui sont destin\u00e9es \u00e0 fonctionner normalement sur un autre plan que sur le plan biologique, c&rsquo;est-\u00e0-dire dans un monde spirituel o\u00f9 elles sont le mode normal de vie. C&rsquo;est tr\u00e8s important parce que cela permet d&rsquo;affirmer rationnellement des concepts spirituels.<\/p>\n<p style=\"text-align: justify;\">Suit une discussion sur la science et la connaissance intuitive.<\/p>\n<p style=\"text-align: justify;\">M. Dumas : Je pense qu&rsquo;on parle beaucoup trop d&rsquo;initiation, s&rsquo;il y a initiation, elle est essentiellement int\u00e9rieure et ne vient pas de l&rsquo;ext\u00e9rieur ou d&rsquo;enseignements quelconques grav\u00e9s sur des tablettes. Les d\u00e9couvertes de la science ne prennent leur sens que par cette r\u00e9alisation int\u00e9rieure qui est incommunicable. Je me suis rendu compte, moi qui suis intellectuellement oppos\u00e9 au mysticisme, aux r\u00e9v\u00e9lations, aux initiations, qu&rsquo;il y a une maturit\u00e9 qui se fait int\u00e9rieurement et qui m&rsquo;oblige \u00e0 dire que je suis un mystique ! Ce n&rsquo;est pas par leur addition que j&rsquo;ai acquis des connaissances, mais par une sorte de courant int\u00e9rieur qui se d\u00e9veloppe, qui les r\u00e9organise en quelque sorte et qui donne une nouvelle fa\u00e7on de sentir. Si l&rsquo;humanit\u00e9 future doit acqu\u00e9rir quelque chose, ce ne sera pas par l&rsquo;acquisition d&rsquo;un sixi\u00e8me sens, mais par une reconqu\u00eate de ces pouvoirs int\u00e9rieurs qui ont \u00e9t\u00e9 refoul\u00e9s par l&rsquo;\u00e9volution c\u00e9r\u00e9brale, avec laquelle, d&rsquo;ailleurs, il n&rsquo;y a pas incompatibilit\u00e9.<\/p>\n<p style=\"text-align: justify;\">Mme Langevin : Comment consid\u00e9rez-vous la radiesth\u00e9sie en m\u00e9decine, y a-t-il des radiations \u00e9manant d&rsquo;un \u00ab t\u00e9moin \u00bb ?<\/p>\n<p style=\"text-align: justify;\">M. Dumas : En ce qui concerne l&rsquo;eau, les sourciers per\u00e7oivent une radiation, mais la pratique des t\u00e9moins est tr\u00e8s relative. L&rsquo;Abb\u00e9 Mermet en faisant en Europe sur des plans des recherches de minerais en Afrique, manquait dans un certain cas de l&rsquo;\u00e9chantillon n\u00e9cessaire. Il le rempla\u00e7a par un \u00ab t\u00e9moin mental \u00bb et obtint les m\u00eames bons r\u00e9sultats. Pour moi le m\u00e9decin est en contact direct avec son malade, le t\u00e9moin est un support.<\/p>\n<p style=\"text-align: justify;\">La m\u00e9thode Cou\u00e9 recommande une attitude qui rejoint celle qu&rsquo;il faut avoir pour d\u00e9velopper les facult\u00e9s supranormales, celle de ne pas faire d&rsquo;effort.<\/p>\n<p style=\"text-align: justify;\">Mme Langevin : Je crois que si on veut progresser dans la voie spirituelle sans chercher \u00e0 acqu\u00e9rir quelque chose, certains pouvoirs, il faut s&rsquo;effacer soi-m\u00eame.<\/p>\n<p style=\"text-align: justify;\">M. Dumas : Oui, nous avons un exemple dans le fonctionnement de la m\u00e9moire. Lorsque nous avons oubli\u00e9 quelque chose, l&rsquo;effort pour le retrouver ne sert \u00e0 rien, mais lorsqu&rsquo;on renonce \u00e0 chercher et que notre faisceau lumineux de conscience n&rsquo;est plus braqu\u00e9 sur ce petit point, il s&rsquo;\u00e9largit et l&rsquo;on voit dans la luminosit\u00e9 g\u00e9n\u00e9rale ouverte, ce qu&rsquo;on avait oubli\u00e9.<\/p>\n<p style=\"text-align: justify;\">F. Catala parle de la trajectoire de l&rsquo;existence qui comprend un moi existentiel qui est le Soi, qui est \u00e9ternel, immuable et qui serait cette courbe ascensionnelle des forces supramentales. A travers toutes les formes d&rsquo;expression diff\u00e9rentes, la R\u00e9alit\u00e9 est permanente.<\/p>\n<p style=\"text-align: justify;\">M. Dumas : Il y a une constante. L&rsquo;homme a la conscience de ses actions, mais il lui est difficile d&rsquo;appr\u00e9hender la totalit\u00e9.<\/p>\n<p style=\"text-align: justify;\">F. Catala : A partir du moment o\u00f9 l&rsquo;homme d\u00e9passe le mental, il fait une exp\u00e9rience extr\u00eamement grande.<\/p>\n<p style=\"text-align: justify;\">M. Dumas : Avec beaucoup de sagesse et de limitation. Je crois aussi que nous avons quelque chose en nous qui doit \u00eatre de la m\u00eame nature fondamentale que la texture de l&rsquo;univers substantiel et que, comme disait Teilhard de Chardin \u00ab nous faisons partie de l&rsquo;\u00e9toffe de l&rsquo;univers\u00a0\u00bb.<\/p>\n<p style=\"text-align: justify;\">Mme Pelli\u00e9 : Croyez-vous que le corps \u00e9volue encore ?<\/p>\n<p style=\"text-align: justify;\">M. Dumas : Je crois que nous subissons une involution au point de vue du corps due \u00e0 nos capacit\u00e9s techniques et qui fait que certaines facult\u00e9s physiques s&rsquo;atrophient. L&rsquo;homme s&rsquo;est adapt\u00e9 \u00e0 plusieurs \u00e9l\u00e9ments \u00e0 cause de ses cr\u00e9ations. Il est beaucoup plus universel dans ses possibilit\u00e9s de vie que la plupart des animaux qui l&rsquo;ont pr\u00e9c\u00e9d\u00e9 dans la cha\u00eene animale qui, eux, se sont sp\u00e9cialis\u00e9s dans un certain milieu et dans certaines fonctions, comme par exemple, les chevaux de course. Or une des caract\u00e9ristiques de cette \u00e9volution qui n&rsquo;en est pas une, c&rsquo;est que les \u00eatres qui se sont sp\u00e9cialis\u00e9s, deviennent incapables d&rsquo;\u00e9voluer davantage. Cependant ils d\u00e9veloppent les parties de leur cerveau utiles \u00e0 leur survie. Nos activit\u00e9s intellectuelles, nos efforts mentaux, fabriquent le cerveau. Le Professeur Ruyer, de Nancy, dit que contrairement aux affirmations mat\u00e9rialistes, le psychisme n&rsquo;est pas le r\u00e9sultat du syst\u00e8me nerveux, mais que c&rsquo;est le psychisme originel, diffus qui, dans l&rsquo;\u00e9volution, cr\u00e9e peu \u00e0 peu des circuits et fabrique le syst\u00e8me nerveux. C&rsquo;est d&rsquo;ailleurs une finalit\u00e9. Dans toutes les esp\u00e8ces on voit une pouss\u00e9e qui tend \u00e0 cr\u00e9er un cerveau sup\u00e9rieur.<\/p>\n","protected":false},"excerpt":{"rendered":"<p>On est donc en pr\u00e9sence d&rsquo;un ph\u00e9nom\u00e8ne inverse de celui fonctionnant dans la connaissance sensorielle normale, dans laquelle des vibrations du monde ext\u00e9rieur frappent nos sens mat\u00e9riels, nous permettent de percevoir r\u00e9ellement quelque chose qui se transforme dans notre syst\u00e8me c\u00e9r\u00e9bral en image, son, etc., dont nous prenons conscience. Inversement dans la connaissance supranormale, l&rsquo;image se forme avant qu&rsquo;il y ait passage par les sens, image qu&rsquo;on est seul \u00e0 percevoir. <\/p>\n","protected":false},"author":1,"featured_media":9991,"comment_status":"closed","ping_status":"open","sticky":false,"template":"","format":"standard","meta":{"footnotes":""},"categories":[341,85],"tags":[1350,342],"class_list":["post-2615","post","type-post","status-publish","format-standard","has-post-thumbnail","hentry","category-a-dumas","category-parapsychologie","tag-parapsychologie","tag-radiesthesie"],"yoast_head":"<!-- This site is optimized with the Yoast SEO plugin v27.0 - https:\/\/yoast.com\/product\/yoast-seo-wordpress\/ -->\n<title>Parapsychologie : La \u00ab Connaissance extrasensorielle \u00bb par Andr\u00e9 Dumas - 3e mill\u00e9naire - Spiritualit\u00e9 - Connaissance de soi - Non-dualit\u00e9 - M\u00e9ditation<\/title>\n<meta name=\"robots\" content=\"index, follow, max-snippet:-1, max-image-preview:large, max-video-preview:-1\" \/>\n<link rel=\"canonical\" href=\"https:\/\/www.revue3emillenaire.com\/blog\/la-parapsychologie-la-\u00ab-connaissance-extrasensorielle-\u00bb-par-andre-dumas\/\" \/>\n<meta property=\"og:locale\" content=\"fr_FR\" \/>\n<meta property=\"og:type\" content=\"article\" \/>\n<meta property=\"og:title\" content=\"Parapsychologie : La \u00ab Connaissance extrasensorielle \u00bb par Andr\u00e9 Dumas - 3e mill\u00e9naire - Spiritualit\u00e9 - Connaissance de soi - Non-dualit\u00e9 - M\u00e9ditation\" \/>\n<meta property=\"og:description\" content=\"On est donc en pr\u00e9sence d&#039;un ph\u00e9nom\u00e8ne inverse de celui fonctionnant dans la connaissance sensorielle normale, dans laquelle des vibrations du monde ext\u00e9rieur frappent nos sens mat\u00e9riels, nous permettent de percevoir r\u00e9ellement quelque chose qui se transforme dans notre syst\u00e8me c\u00e9r\u00e9bral en image, son, etc., dont nous prenons conscience. Inversement dans la connaissance supranormale, l&#039;image se forme avant qu&#039;il y ait passage par les sens, image qu&#039;on est seul \u00e0 percevoir.\" \/>\n<meta property=\"og:url\" content=\"https:\/\/www.revue3emillenaire.com\/blog\/la-parapsychologie-la-\u00ab-connaissance-extrasensorielle-\u00bb-par-andre-dumas\/\" \/>\n<meta property=\"og:site_name\" content=\"3e mill\u00e9naire - Spiritualit\u00e9 - Connaissance de soi - Non-dualit\u00e9 - M\u00e9ditation\" \/>\n<meta property=\"article:published_time\" content=\"2010-02-09T02:44:06+00:00\" \/>\n<meta property=\"article:modified_time\" content=\"2021-06-14T20:09:58+00:00\" \/>\n<meta property=\"og:image\" content=\"https:\/\/www.revue3emillenaire.com\/blog\/wp-content\/uploads\/2011\/11\/Andr\u00e9-Dumas2.jpg\" \/>\n\t<meta property=\"og:image:width\" content=\"234\" \/>\n\t<meta property=\"og:image:height\" content=\"279\" \/>\n\t<meta property=\"og:image:type\" content=\"image\/jpeg\" \/>\n<meta name=\"author\" content=\"3e mill\u00e9naire\" \/>\n<meta name=\"twitter:card\" content=\"summary_large_image\" \/>\n<meta name=\"twitter:label1\" content=\"\u00c9crit par\" \/>\n\t<meta name=\"twitter:data1\" content=\"3e mill\u00e9naire\" \/>\n\t<meta name=\"twitter:label2\" content=\"Dur\u00e9e de lecture estim\u00e9e\" \/>\n\t<meta name=\"twitter:data2\" content=\"12 minutes\" \/>\n<script type=\"application\/ld+json\" class=\"yoast-schema-graph\">{\"@context\":\"https:\/\/schema.org\",\"@graph\":[{\"@type\":\"Article\",\"@id\":\"https:\/\/www.revue3emillenaire.com\/blog\/la-parapsychologie-la-%c2%ab-connaissance-extrasensorielle-%c2%bb-par-andre-dumas\/#article\",\"isPartOf\":{\"@id\":\"https:\/\/www.revue3emillenaire.com\/blog\/la-parapsychologie-la-%c2%ab-connaissance-extrasensorielle-%c2%bb-par-andre-dumas\/\"},\"author\":{\"name\":\"3e mill\u00e9naire\",\"@id\":\"https:\/\/www.revue3emillenaire.com\/blog\/#\/schema\/person\/9a3a7cc4ccaa707f402d4394327106d5\"},\"headline\":\"Parapsychologie : La \u00ab Connaissance extrasensorielle \u00bb par Andr\u00e9 Dumas\",\"datePublished\":\"2010-02-09T02:44:06+00:00\",\"dateModified\":\"2021-06-14T20:09:58+00:00\",\"mainEntityOfPage\":{\"@id\":\"https:\/\/www.revue3emillenaire.com\/blog\/la-parapsychologie-la-%c2%ab-connaissance-extrasensorielle-%c2%bb-par-andre-dumas\/\"},\"wordCount\":2476,\"image\":{\"@id\":\"https:\/\/www.revue3emillenaire.com\/blog\/la-parapsychologie-la-%c2%ab-connaissance-extrasensorielle-%c2%bb-par-andre-dumas\/#primaryimage\"},\"thumbnailUrl\":\"https:\/\/www.revue3emillenaire.com\/blog\/wp-content\/uploads\/2011\/11\/Andr\u00e9-Dumas2.jpg\",\"keywords\":[\"Parapsychologie \/ Ph\u00e9nom\u00e8nes\",\"radiesth\u00e9sie\"],\"articleSection\":[\"Dumas Andr\u00e9 A.\",\"Parapsychologie \/ Ph\u00e9nom\u00e8nes\"],\"inLanguage\":\"fr-FR\"},{\"@type\":\"WebPage\",\"@id\":\"https:\/\/www.revue3emillenaire.com\/blog\/la-parapsychologie-la-%c2%ab-connaissance-extrasensorielle-%c2%bb-par-andre-dumas\/\",\"url\":\"https:\/\/www.revue3emillenaire.com\/blog\/la-parapsychologie-la-%c2%ab-connaissance-extrasensorielle-%c2%bb-par-andre-dumas\/\",\"name\":\"Parapsychologie : La \u00ab Connaissance extrasensorielle \u00bb par Andr\u00e9 Dumas - 3e mill\u00e9naire - Spiritualit\u00e9 - Connaissance de soi - Non-dualit\u00e9 - M\u00e9ditation\",\"isPartOf\":{\"@id\":\"https:\/\/www.revue3emillenaire.com\/blog\/#website\"},\"primaryImageOfPage\":{\"@id\":\"https:\/\/www.revue3emillenaire.com\/blog\/la-parapsychologie-la-%c2%ab-connaissance-extrasensorielle-%c2%bb-par-andre-dumas\/#primaryimage\"},\"image\":{\"@id\":\"https:\/\/www.revue3emillenaire.com\/blog\/la-parapsychologie-la-%c2%ab-connaissance-extrasensorielle-%c2%bb-par-andre-dumas\/#primaryimage\"},\"thumbnailUrl\":\"https:\/\/www.revue3emillenaire.com\/blog\/wp-content\/uploads\/2011\/11\/Andr\u00e9-Dumas2.jpg\",\"datePublished\":\"2010-02-09T02:44:06+00:00\",\"dateModified\":\"2021-06-14T20:09:58+00:00\",\"author\":{\"@id\":\"https:\/\/www.revue3emillenaire.com\/blog\/#\/schema\/person\/9a3a7cc4ccaa707f402d4394327106d5\"},\"breadcrumb\":{\"@id\":\"https:\/\/www.revue3emillenaire.com\/blog\/la-parapsychologie-la-%c2%ab-connaissance-extrasensorielle-%c2%bb-par-andre-dumas\/#breadcrumb\"},\"inLanguage\":\"fr-FR\",\"potentialAction\":[{\"@type\":\"ReadAction\",\"target\":[\"https:\/\/www.revue3emillenaire.com\/blog\/la-parapsychologie-la-%c2%ab-connaissance-extrasensorielle-%c2%bb-par-andre-dumas\/\"]}]},{\"@type\":\"ImageObject\",\"inLanguage\":\"fr-FR\",\"@id\":\"https:\/\/www.revue3emillenaire.com\/blog\/la-parapsychologie-la-%c2%ab-connaissance-extrasensorielle-%c2%bb-par-andre-dumas\/#primaryimage\",\"url\":\"https:\/\/www.revue3emillenaire.com\/blog\/wp-content\/uploads\/2011\/11\/Andr\u00e9-Dumas2.jpg\",\"contentUrl\":\"https:\/\/www.revue3emillenaire.com\/blog\/wp-content\/uploads\/2011\/11\/Andr\u00e9-Dumas2.jpg\",\"width\":\"234\",\"height\":\"279\"},{\"@type\":\"BreadcrumbList\",\"@id\":\"https:\/\/www.revue3emillenaire.com\/blog\/la-parapsychologie-la-%c2%ab-connaissance-extrasensorielle-%c2%bb-par-andre-dumas\/#breadcrumb\",\"itemListElement\":[{\"@type\":\"ListItem\",\"position\":1,\"name\":\"Accueil\",\"item\":\"https:\/\/www.revue3emillenaire.com\/blog\/\"},{\"@type\":\"ListItem\",\"position\":2,\"name\":\"Parapsychologie : La \u00ab Connaissance extrasensorielle \u00bb par Andr\u00e9 Dumas\"}]},{\"@type\":\"WebSite\",\"@id\":\"https:\/\/www.revue3emillenaire.com\/blog\/#website\",\"url\":\"https:\/\/www.revue3emillenaire.com\/blog\/\",\"name\":\"3e mill\u00e9naire - Spiritualit\u00e9 - Connaissance de soi - Non-dualit\u00e9 - M\u00e9ditation\",\"description\":\"L&#039;Homme en devenir\",\"potentialAction\":[{\"@type\":\"SearchAction\",\"target\":{\"@type\":\"EntryPoint\",\"urlTemplate\":\"https:\/\/www.revue3emillenaire.com\/blog\/?s={search_term_string}\"},\"query-input\":{\"@type\":\"PropertyValueSpecification\",\"valueRequired\":true,\"valueName\":\"search_term_string\"}}],\"inLanguage\":\"fr-FR\"},{\"@type\":\"Person\",\"@id\":\"https:\/\/www.revue3emillenaire.com\/blog\/#\/schema\/person\/9a3a7cc4ccaa707f402d4394327106d5\",\"name\":\"3e mill\u00e9naire\",\"url\":\"https:\/\/www.revue3emillenaire.com\/blog\/author\/admin\/\"}]}<\/script>\n<!-- \/ Yoast SEO plugin. -->","yoast_head_json":{"title":"Parapsychologie : La \u00ab Connaissance extrasensorielle \u00bb par Andr\u00e9 Dumas - 3e mill\u00e9naire - Spiritualit\u00e9 - Connaissance de soi - Non-dualit\u00e9 - M\u00e9ditation","robots":{"index":"index","follow":"follow","max-snippet":"max-snippet:-1","max-image-preview":"max-image-preview:large","max-video-preview":"max-video-preview:-1"},"canonical":"https:\/\/www.revue3emillenaire.com\/blog\/la-parapsychologie-la-\u00ab-connaissance-extrasensorielle-\u00bb-par-andre-dumas\/","og_locale":"fr_FR","og_type":"article","og_title":"Parapsychologie : La \u00ab Connaissance extrasensorielle \u00bb par Andr\u00e9 Dumas - 3e mill\u00e9naire - Spiritualit\u00e9 - Connaissance de soi - Non-dualit\u00e9 - M\u00e9ditation","og_description":"On est donc en pr\u00e9sence d'un ph\u00e9nom\u00e8ne inverse de celui fonctionnant dans la connaissance sensorielle normale, dans laquelle des vibrations du monde ext\u00e9rieur frappent nos sens mat\u00e9riels, nous permettent de percevoir r\u00e9ellement quelque chose qui se transforme dans notre syst\u00e8me c\u00e9r\u00e9bral en image, son, etc., dont nous prenons conscience. Inversement dans la connaissance supranormale, l'image se forme avant qu'il y ait passage par les sens, image qu'on est seul \u00e0 percevoir.","og_url":"https:\/\/www.revue3emillenaire.com\/blog\/la-parapsychologie-la-\u00ab-connaissance-extrasensorielle-\u00bb-par-andre-dumas\/","og_site_name":"3e mill\u00e9naire - Spiritualit\u00e9 - Connaissance de soi - Non-dualit\u00e9 - M\u00e9ditation","article_published_time":"2010-02-09T02:44:06+00:00","article_modified_time":"2021-06-14T20:09:58+00:00","og_image":[{"width":234,"height":279,"url":"https:\/\/www.revue3emillenaire.com\/blog\/wp-content\/uploads\/2011\/11\/Andr\u00e9-Dumas2.jpg","type":"image\/jpeg"}],"author":"3e mill\u00e9naire","twitter_card":"summary_large_image","twitter_misc":{"\u00c9crit par":"3e mill\u00e9naire","Dur\u00e9e de lecture estim\u00e9e":"12 minutes"},"schema":{"@context":"https:\/\/schema.org","@graph":[{"@type":"Article","@id":"https:\/\/www.revue3emillenaire.com\/blog\/la-parapsychologie-la-%c2%ab-connaissance-extrasensorielle-%c2%bb-par-andre-dumas\/#article","isPartOf":{"@id":"https:\/\/www.revue3emillenaire.com\/blog\/la-parapsychologie-la-%c2%ab-connaissance-extrasensorielle-%c2%bb-par-andre-dumas\/"},"author":{"name":"3e mill\u00e9naire","@id":"https:\/\/www.revue3emillenaire.com\/blog\/#\/schema\/person\/9a3a7cc4ccaa707f402d4394327106d5"},"headline":"Parapsychologie : La \u00ab Connaissance extrasensorielle \u00bb par Andr\u00e9 Dumas","datePublished":"2010-02-09T02:44:06+00:00","dateModified":"2021-06-14T20:09:58+00:00","mainEntityOfPage":{"@id":"https:\/\/www.revue3emillenaire.com\/blog\/la-parapsychologie-la-%c2%ab-connaissance-extrasensorielle-%c2%bb-par-andre-dumas\/"},"wordCount":2476,"image":{"@id":"https:\/\/www.revue3emillenaire.com\/blog\/la-parapsychologie-la-%c2%ab-connaissance-extrasensorielle-%c2%bb-par-andre-dumas\/#primaryimage"},"thumbnailUrl":"https:\/\/www.revue3emillenaire.com\/blog\/wp-content\/uploads\/2011\/11\/Andr\u00e9-Dumas2.jpg","keywords":["Parapsychologie \/ Ph\u00e9nom\u00e8nes","radiesth\u00e9sie"],"articleSection":["Dumas Andr\u00e9 A.","Parapsychologie \/ Ph\u00e9nom\u00e8nes"],"inLanguage":"fr-FR"},{"@type":"WebPage","@id":"https:\/\/www.revue3emillenaire.com\/blog\/la-parapsychologie-la-%c2%ab-connaissance-extrasensorielle-%c2%bb-par-andre-dumas\/","url":"https:\/\/www.revue3emillenaire.com\/blog\/la-parapsychologie-la-%c2%ab-connaissance-extrasensorielle-%c2%bb-par-andre-dumas\/","name":"Parapsychologie : La \u00ab Connaissance extrasensorielle \u00bb par Andr\u00e9 Dumas - 3e mill\u00e9naire - Spiritualit\u00e9 - Connaissance de soi - Non-dualit\u00e9 - M\u00e9ditation","isPartOf":{"@id":"https:\/\/www.revue3emillenaire.com\/blog\/#website"},"primaryImageOfPage":{"@id":"https:\/\/www.revue3emillenaire.com\/blog\/la-parapsychologie-la-%c2%ab-connaissance-extrasensorielle-%c2%bb-par-andre-dumas\/#primaryimage"},"image":{"@id":"https:\/\/www.revue3emillenaire.com\/blog\/la-parapsychologie-la-%c2%ab-connaissance-extrasensorielle-%c2%bb-par-andre-dumas\/#primaryimage"},"thumbnailUrl":"https:\/\/www.revue3emillenaire.com\/blog\/wp-content\/uploads\/2011\/11\/Andr\u00e9-Dumas2.jpg","datePublished":"2010-02-09T02:44:06+00:00","dateModified":"2021-06-14T20:09:58+00:00","author":{"@id":"https:\/\/www.revue3emillenaire.com\/blog\/#\/schema\/person\/9a3a7cc4ccaa707f402d4394327106d5"},"breadcrumb":{"@id":"https:\/\/www.revue3emillenaire.com\/blog\/la-parapsychologie-la-%c2%ab-connaissance-extrasensorielle-%c2%bb-par-andre-dumas\/#breadcrumb"},"inLanguage":"fr-FR","potentialAction":[{"@type":"ReadAction","target":["https:\/\/www.revue3emillenaire.com\/blog\/la-parapsychologie-la-%c2%ab-connaissance-extrasensorielle-%c2%bb-par-andre-dumas\/"]}]},{"@type":"ImageObject","inLanguage":"fr-FR","@id":"https:\/\/www.revue3emillenaire.com\/blog\/la-parapsychologie-la-%c2%ab-connaissance-extrasensorielle-%c2%bb-par-andre-dumas\/#primaryimage","url":"https:\/\/www.revue3emillenaire.com\/blog\/wp-content\/uploads\/2011\/11\/Andr\u00e9-Dumas2.jpg","contentUrl":"https:\/\/www.revue3emillenaire.com\/blog\/wp-content\/uploads\/2011\/11\/Andr\u00e9-Dumas2.jpg","width":"234","height":"279"},{"@type":"BreadcrumbList","@id":"https:\/\/www.revue3emillenaire.com\/blog\/la-parapsychologie-la-%c2%ab-connaissance-extrasensorielle-%c2%bb-par-andre-dumas\/#breadcrumb","itemListElement":[{"@type":"ListItem","position":1,"name":"Accueil","item":"https:\/\/www.revue3emillenaire.com\/blog\/"},{"@type":"ListItem","position":2,"name":"Parapsychologie : La \u00ab Connaissance extrasensorielle \u00bb par Andr\u00e9 Dumas"}]},{"@type":"WebSite","@id":"https:\/\/www.revue3emillenaire.com\/blog\/#website","url":"https:\/\/www.revue3emillenaire.com\/blog\/","name":"3e mill\u00e9naire - Spiritualit\u00e9 - Connaissance de soi - Non-dualit\u00e9 - M\u00e9ditation","description":"L&#039;Homme en devenir","potentialAction":[{"@type":"SearchAction","target":{"@type":"EntryPoint","urlTemplate":"https:\/\/www.revue3emillenaire.com\/blog\/?s={search_term_string}"},"query-input":{"@type":"PropertyValueSpecification","valueRequired":true,"valueName":"search_term_string"}}],"inLanguage":"fr-FR"},{"@type":"Person","@id":"https:\/\/www.revue3emillenaire.com\/blog\/#\/schema\/person\/9a3a7cc4ccaa707f402d4394327106d5","name":"3e mill\u00e9naire","url":"https:\/\/www.revue3emillenaire.com\/blog\/author\/admin\/"}]}},"_links":{"self":[{"href":"https:\/\/www.revue3emillenaire.com\/blog\/wp-json\/wp\/v2\/posts\/2615","targetHints":{"allow":["GET"]}}],"collection":[{"href":"https:\/\/www.revue3emillenaire.com\/blog\/wp-json\/wp\/v2\/posts"}],"about":[{"href":"https:\/\/www.revue3emillenaire.com\/blog\/wp-json\/wp\/v2\/types\/post"}],"author":[{"embeddable":true,"href":"https:\/\/www.revue3emillenaire.com\/blog\/wp-json\/wp\/v2\/users\/1"}],"replies":[{"embeddable":true,"href":"https:\/\/www.revue3emillenaire.com\/blog\/wp-json\/wp\/v2\/comments?post=2615"}],"version-history":[{"count":0,"href":"https:\/\/www.revue3emillenaire.com\/blog\/wp-json\/wp\/v2\/posts\/2615\/revisions"}],"wp:featuredmedia":[{"embeddable":true,"href":"https:\/\/www.revue3emillenaire.com\/blog\/wp-json\/wp\/v2\/media\/9991"}],"wp:attachment":[{"href":"https:\/\/www.revue3emillenaire.com\/blog\/wp-json\/wp\/v2\/media?parent=2615"}],"wp:term":[{"taxonomy":"category","embeddable":true,"href":"https:\/\/www.revue3emillenaire.com\/blog\/wp-json\/wp\/v2\/categories?post=2615"},{"taxonomy":"post_tag","embeddable":true,"href":"https:\/\/www.revue3emillenaire.com\/blog\/wp-json\/wp\/v2\/tags?post=2615"}],"curies":[{"name":"wp","href":"https:\/\/api.w.org\/{rel}","templated":true}]}}