{"id":2620,"date":"2010-02-09T17:13:31","date_gmt":"2010-02-09T16:13:31","guid":{"rendered":"http:\/\/www.revue3emillenaire.com\/blog\/?p=2620"},"modified":"2011-09-22T22:26:18","modified_gmt":"2011-09-22T21:26:18","slug":"la-solitude-spirituelle-par-patrick-lebail","status":"publish","type":"post","link":"https:\/\/www.revue3emillenaire.com\/blog\/la-solitude-spirituelle-par-patrick-lebail\/","title":{"rendered":"La Solitude spirituelle par Patrick Lebail"},"content":{"rendered":"<p style=\"text-align: justify;\">(Revue Panharmonie. No 165. Janvier 1977)<\/p>\n<p style=\"text-align: justify;\"><em> <\/em><\/p>\n<p style=\"text-align: justify;\"><em>Le titre est de 3e Mill\u00e9naire<\/em><strong> <\/strong><\/p>\n<p style=\"text-align: justify;\"><strong> <\/strong><\/p>\n<p style=\"text-align: justify;\"><strong>Compte rendu<\/strong> de la r\u00e9union du 1.10.1976<\/p>\n<p style=\"text-align: justify;\">Le th\u00e8me de cette r\u00e9union \u00e9tait celui de la \u00ab Solitude spirituelle \u00bb et les participants devaient faire part de leurs r\u00e9flexions \u00e0 ce sujet soit par des notes, soit par des r\u00e9dactions.<\/p>\n<p style=\"text-align: justify;\">\u00ab La solitude a au moins deux sens. Elle implique souvent un isolement douloureux, certainement ressenti par beaucoup d&rsquo;entre nous. Et comme chaque exp\u00e9rience personnelle a un int\u00e9r\u00eat pour tous, il serait bon que ceux qui l&rsquo;ont \u00e9prouv\u00e9e nous en fassent part. Trois sens connexes peuvent \u00eatre donn\u00e9s au mot solitude : 1\u00b0 son aspect psychologique, \u00e9motionnel, 2\u00b0 l&rsquo;isolement dans le sens d&rsquo;ind\u00e9pendance pouvant \u00eatre ressenti agr\u00e9ablement lorsqu&rsquo;on vit dans un cadre oppressant, f\u00fbt-ce celui de la famille, 3\u00b0 la solitude, manque de contact avec les autres, mais aussi le sentiment d&rsquo;\u00eatre un \u00eatre en soi et \u00e0 la limite l&rsquo;absence de l&rsquo;autre n&rsquo;est plus \u00e9prouv\u00e9e comme bonne ou mauvaise, parce que la diff\u00e9rence entre les \u00eatres et les choses est abolie.<\/p>\n<p style=\"text-align: justify;\">Un \u00e9change de vue se fait alors entre les participants. Voici quelques r\u00e9flexions :<\/p>\n<p style=\"text-align: justify;\">\u2014 On ressent la solitude quand on n&rsquo;est pas sur le m\u00eame plan que les autres. Elle n&rsquo;est pas une souffrance pour tout le monde. Ma solitude n&rsquo;est pas d&rsquo;ordre humain, mais divin, il manque le contact que l&rsquo;on pourrait avoir, mais comment l&rsquo;atteindre ?<\/p>\n<p style=\"text-align: justify;\">\u2014 Est-ce vraiment d&rsquo;ordre spirituel ? N&rsquo;est-ce pas l&rsquo;angoisse \u00e9prouv\u00e9e lorsqu&rsquo;on fuit une zone de s\u00e9curit\u00e9 et qu&rsquo;on est oblig\u00e9, seul, d&rsquo;affronter quelque chose de nouveau ?<\/p>\n<p style=\"text-align: justify;\">\u2014 Pour un autre cette solitude n&rsquo;est pas encore vraiment ressentie. La recherche se fait seul dans son coin. Dans la vie on est toujours seul quelles que soient la situation ou la famille. C&rsquo;est une bonne chose qui oblige \u00e0 se scruter soi-m\u00eame et qui peut amener \u00e0 Dieu, \u00e0 son omnipr\u00e9sence. D&rsquo;autre part on n&rsquo;est jamais seul quand on peut rendre service \u00e0 d&rsquo;autres.<\/p>\n<p style=\"text-align: justify;\">\u2014 Il ne devrait pas y avoir de solitude spirituelle, je ressentais la solitude lorsque j&rsquo;\u00e9tais d\u00e9pendant de toute partie physique, \u00e9motionnelle, pulsionnelle en moi. Il \u00e9tait n\u00e9cessaire que j&rsquo;acqui\u00e8re une certaine ind\u00e9pendance et que je fasse une coupure brutale avec la notion du p\u00e8re et de la m\u00e8re. Et alors cette solitude devenait satisfaisante, mais parfois angoissante. Ce qui me pr\u00e9occupe, c&rsquo;est la diff\u00e9rence entre ind\u00e9pendance et autonomie, cette derni\u00e8re ne m&rsquo;obligerait pas \u00e0 me couper des autres et m&rsquo;apporterait un contact avec la R\u00e9alit\u00e9, car je suis arriv\u00e9 \u00e0 cette conviction que \u00ab les autres \u00bb sont ce qui n&rsquo;est pas encore moi, je ne les ai pas encore int\u00e9gr\u00e9s.<\/p>\n<p style=\"text-align: justify;\">\u2014 N&rsquo;est-ce pas le monde qui doit vous int\u00e9grer ?<\/p>\n<p style=\"text-align: justify;\">\u2014 C&rsquo;est pr\u00e9cis\u00e9ment dans ces diff\u00e9rentes nuances que se situe ma recherche. Il ne faut pas d&rsquo;ali\u00e9nation ni d&rsquo;un c\u00f4t\u00e9 ni d&rsquo;un autre. C&rsquo;est difficile \u00e0 expliquer.<\/p>\n<p style=\"text-align: justify;\">\u2014 Il y a deux niveaux de communication, commente notre animateur, celle sur le plan humain, sur le plan moral, elle est rare, et peu de gens ont de vrais amis. L&rsquo;autre est celle o\u00f9 l&rsquo;on est \u00e0 l&rsquo;\u00e9coute de l&rsquo;\u00e9cho qui peut venir. On \u00e9coute le silence de l&rsquo;autre.<\/p>\n<p style=\"text-align: justify;\">Celui qui part dans une recherche est isol\u00e9, le comportement avec les autres en est souvent alt\u00e9r\u00e9, parce qu&rsquo;on se croit nettement divergent. L&rsquo;\u00e9tude de la pens\u00e9e traditionnelle op\u00e8re un changement dans l&rsquo;inconscient qui fait que c&rsquo;est beaucoup moins soi qui pense. Il y a aussi une certaine implantation dans l&rsquo;\u00eatre qui pense autrement que ne pense le moi courant. On vit sur deux plans, celui de l&rsquo;exp\u00e9rience avec l&rsquo;ensemble des r\u00e9actions psychiques que comprend ce sentiment d&rsquo;isolement, et simultan\u00e9ment on est conscient que cela a un certain cachet d&rsquo;irr\u00e9alit\u00e9 et l\u00e0 alors il n&rsquo;y a plus de solitude en tant que sentiment d&rsquo;isolement, on se rend compte que ce n&rsquo;est qu&rsquo;un filet d&rsquo;eau dans tout le torrent de l&rsquo;existence sensorielle et psychique qui est alors v\u00e9cue comme un provisoire. Il y a une certaine pr\u00e9hension du caract\u00e8re non-essentiel du v\u00e9cu au profit du non-v\u00e9cu.<\/p>\n<p style=\"text-align: justify;\">Dans la pratique de la m\u00e9ditation la solitude n&rsquo;est pas ressentie, mais une certaine ind\u00e9pendance. C&rsquo;est l&rsquo;\u00e9tat sans penser qu&rsquo;on appelle \u00ab dhyana \u00bb. A ce moment il n&rsquo;y a plus ni moi, ni les autres. On sent bien que quand on a quitt\u00e9 cet \u00e9tat, le monde est toujours l\u00e0 et se repolarise en intensit\u00e9 et en exigence et que la pr\u00e9sence du monde et son \u00e9limination sont jusqu&rsquo;\u00e0 un certain point, soumis \u00e0 la volont\u00e9 ; et on d\u00e9couvre que la pens\u00e9e, la partie du monde la plus fugace, est la moins n\u00e9cessaire. En r\u00e9sum\u00e9, on peut tr\u00e8s bien \u00eatre \u00e0 la fois en \u00e9tat d&rsquo;isolement et se rendre compte qu&rsquo;il y a autre chose. A ce moment on travaille sur deux plans. Et, en troisi\u00e8me lieu il y a la m\u00e9ditation qui permet d&rsquo;exp\u00e9rimenter ces choses.<\/p>\n<p style=\"text-align: justify;\">\u2014 Il y a un premier sentiment d&rsquo;isolement quand on rompt avec les sentiers battus des traditions et qu&rsquo;on est oblig\u00e9 de se reconstruire int\u00e9rieurement. Puis au fur et \u00e0 mesure que se pr\u00e9cise la recherche, il se produit un retournement des valeurs et on ne parle plus le m\u00eame langage que le commun des autres. Finalement s&rsquo;\u00e9tablit une communication avec les autres, quelle que soit leur attitude dans la vie, du fait que nous sommes tous d&rsquo;une m\u00eame essence et que malgr\u00e9 toutes ces divergences, il y a quelque chose qui joue, qui per\u00e7oit l&rsquo;essence des \u00eatres et alors il n&rsquo;y a plus de solitude.<\/p>\n<p style=\"text-align: justify;\">\u2014 Ne pourrait-on dire que la R\u00e9alit\u00e9 qui est inconsciente dans l&rsquo;\u00eatre, s&rsquo;exprime \u00e0 travers la manifestation qui n&rsquo;est qu&rsquo;un aspect de la R\u00e9alit\u00e9. Et comme nous nous identifions \u00e0 cette apparence, nous sommes frustr\u00e9s. Mais \u00e0 travers cette frustration et les avatars de l&rsquo;existence se produit un d\u00e9clenchement de la conscience qui se rend compte que tout cela n&rsquo;est pas la R\u00e9alit\u00e9.<\/p>\n<p style=\"text-align: justify;\">\u2014 Nous ne voyons pas le R\u00e9el, nous ne voyons que la fa\u00e7on dont il se manifeste. Lorsque nous voyons un objet en bois, nous ne voyons que l&rsquo;objet qu&rsquo;il repr\u00e9sente et non le bois. Or finalement c&rsquo;est du bois et non un objet. Il y a une intuition qui nous permet de constater l&rsquo;existence des choses et non du monde et de voir que celui-ci n&rsquo;est pas ali\u00e9nant, parce qu&rsquo;il ne manifeste rien qu&rsquo;un m\u00eame inconnaissable, mais qui est tout ce qui est connu. La conscience individuelle est aussi un de ces objets. De quoi est-elle faite ? C&rsquo;est une question qui s&rsquo;impose quand on fait beaucoup de m\u00e9ditations, on se demande \u00ab qui est-ce qui voit ? \u00bb Il y a un \u00eatre psychique qui voit, une conscience, et puis il y a quelque chose qui est vu. Dans le silence, les yeux ferm\u00e9s, le spectateur et ce qui est vu sont r\u00e9duits \u00e0 leur plus simple expression, c&rsquo;est-\u00e0-dire une sensation confuse d&rsquo;identification. Le monde nous ne savons pas ce qu&rsquo;il est, nous l&rsquo;exp\u00e9rimentons et cette exp\u00e9rimentation du monde est un certain type d&rsquo;exp\u00e9rience de nous-m\u00eames en tant qu&rsquo;exp\u00e9rience et non d&rsquo;exp\u00e9riment\u00e9. Ce sont des exp\u00e9riences diff\u00e9rentes je parle ou j&rsquo;entends. Dans la m\u00e9ditation le courant sensoriel qui nous irradie sans cesse est sensiblement ralenti, nous nous apercevons qu&rsquo;il n&rsquo;est pas essentiel et nous prenons simplement notre esprit comme un \u00e9cran qui n&rsquo;est pas seulement \u00e0 trois dimensions, mais qui a toutes les dimensions qu&rsquo;ont nos sens. Le monde c&rsquo;est cela pour nous, nous l&rsquo;absorbons, nous le poss\u00e9dons, le monde c&rsquo;est nous.<\/p>\n<p style=\"text-align: justify;\">\u2014 Un participant conteste que la R\u00e9alit\u00e9 en nous est inconsciente.<\/p>\n<p style=\"text-align: justify;\">\u2014 Il y a une conscience universelle, r\u00e9pond l&rsquo;autre, une intelligence universelle, un inconscient universel qui va selon les phases de la manifestation dans sa descente, prendre des instances diff\u00e9rentes. C&rsquo;est Dieu qui s&rsquo;exp\u00e9rimente lui-m\u00eame et nous ne sommes finalement que des prises de conscience de cette participation universelle.<\/p>\n<p style=\"text-align: justify;\">\u2014 Je ne pense pas, il n&rsquo;y a qu&rsquo;un effacement possible de ce qui n&rsquo;est pas et alors il ne reste que ce qui est.<\/p>\n<p style=\"text-align: justify;\">Patrick Lebail : Vos positions ne sont pas tout \u00e0 fait les m\u00eames. Etre conscient de quelque chose, c&rsquo;est l\u00e0 o\u00f9 il y a quelqu&rsquo;un qui voit et quelque chose qui est vue. Mais la conscience sans objet n&rsquo;est pas une abstraction et la conscience individuelle n&rsquo;en est qu&rsquo;un point de vue. La R\u00e9alit\u00e9 n&rsquo;est pas autre chose que la perception vue par elle-m\u00eame dans les diff\u00e9rents Soi. (S&rsquo;adressant \u00e0 un participant) Est-ce que vous acceptez ces fa\u00e7ons verbeuses, un peu philosophiques de s&rsquo;exprimer ?<\/p>\n<p style=\"text-align: justify;\">\u2014 Oui, parce qu&rsquo;il y a des gens qui doivent s&rsquo;exprimer ainsi. Ce fond qui est commun, ce Soi auquel chacun apporterait \u00e9ventuellement quelque chose est comme une conscience pour les hommes. Si on rend service on est en contact avec cela, de m\u00eame quand on est content de ce qu&rsquo;on a fait. Si on se place \u00e0 ce point de vue on n&rsquo;est plus seul. On l&rsquo;est peut-\u00eatre vis-\u00e0-vis des humains, mais on ne l&rsquo;est pas parce qu&rsquo;il y a un arri\u00e8re-plan. Sur ce plan on n&rsquo;est pas seul, tout le monde marche ensemble, c&rsquo;est la communication de chaque jour.<\/p>\n<p style=\"text-align: justify;\">\u2014 Mais que se passe-t-il lorsque vous avez fait quelque chose de juste et que le choc en retour de la personne en question ne correspond pas \u00e0 votre intention ?<\/p>\n<p style=\"text-align: justify;\">\u2014 Je l&rsquo;ai exp\u00e9riment\u00e9, c&rsquo;est assez dur m\u00eame quand je suis content de moi. Il faut avoir le sens d&rsquo;\u00eatre juste, on ne peut pas toujours faire plaisir.<\/p>\n<p style=\"text-align: justify;\">\u2014 Le terme solitude spirituelle n&rsquo;est-il pas un peu faux et ne pourrait-on pas parler de solitude sur le chemin ?<\/p>\n<p style=\"text-align: justify;\">\u2014 Le mot spirituel n&rsquo;a pas de d\u00e9finition standard, on peut le substituer \u00e0 un autre. Dans un grand trait\u00e9 hindou il est dit : \u00ab Pour celui dont les pieds sont chauss\u00e9s, la terre enti\u00e8re para\u00eet recouverte de cuir ! \u00bb<\/p>\n<p style=\"text-align: justify;\">Au sujet de l&rsquo;art : L&rsquo;art est en un certain sens une compensation. Il ne faut pas m\u00ealer le psychisme au spirituel. L&rsquo;aventure elle-m\u00eame est psychique, c&rsquo;est une exp\u00e9rience. Le spirituel est un parfum, une foi, une intuition. L&rsquo;art peut \u00eatre un pi\u00e8ge. Il est un m\u00e9lange de compensation, d&rsquo;\u00e9motivit\u00e9, d&rsquo;autosatisfaction et, d&rsquo;autre part, il est tout de m\u00eame de la nature de l&rsquo;illumination qui ressort dans les \u0153uvres d&rsquo;art. L&rsquo;artiste engendre un monde id\u00e9alis\u00e9 qui est un sous-produit, une sorte de d\u00e9calque imparfait, assez grossier du monde r\u00e9el. Il contient quelque chose de divin, mais on ne sait pas quel en est le dosage.<\/p>\n<p style=\"text-align: justify;\"><strong>Compte rendu<\/strong> de la r\u00e9union du 5.11.1976<\/p>\n<p style=\"text-align: justify;\">La r\u00e9union d\u00e9bute par la proposition de son animateur d&rsquo;approfondir le travail personnel et de trouver un nouveau th\u00e8me \u00e0 d\u00e9battre. Ce travail doit d\u00e9boucher sur quelque chose et pour cela il est indispensable que chacun prenne la d\u00e9cision d&rsquo;y participer en consacrant quelques minutes par jour \u00e0 la r\u00e9flexion et \u00e0 un peu de pratique.<\/p>\n<p style=\"text-align: justify;\">Il semblerait que la recherche soit faite de trois composantes : l&rsquo;\u00e9motivit\u00e9, la moralit\u00e9 et l&rsquo;intellectualit\u00e9. D&rsquo;apr\u00e8s un sch\u00e9ma, Patrick Lebail nous explique les affinit\u00e9s qui existent entre les composantes et les \u00ab voies \u00bb qui permettraient de pr\u00e9ciser les tendances d&rsquo;une sensibilit\u00e9.<\/p>\n<p style=\"text-align: justify;\">L&rsquo;\u00e9tude et la pratique sont les deux jambes du chercheur. L&rsquo;\u00e9tude permet de comprendre ce que nous faisons, la pratique de faire une application de l&rsquo;\u00e9tude, c&rsquo;est-\u00e0-dire de ne pas rester dans une attitude de sp\u00e9culation. La pratique s&rsquo;avance dans un univers inconnu du psychisme.<\/p>\n<p style=\"text-align: justify;\">Dans le G\u00eeta il y a principalement deux th\u00e8mes : la foi et la m\u00e9ditation Ceux qui d\u00e9cident de faire un travail personnel trouveront l&rsquo;illustration de ces th\u00e8mes dans les versets cit\u00e9s.<\/p>\n<p style=\"text-align: justify;\">La question de la foi semble tout \u00e0 fait centrale : \u00ab la foi de chacun correspond \u00e0 ce qu&rsquo;il est en sa propre nature \u00bb. La foi, essentiellement, c&rsquo;est ce que nous aimons une fois que nous avons retranch\u00e9 les choses auxquelles nous sommes attach\u00e9s dans le monde sensible. Il est extr\u00eamement important de savoir ce qu&rsquo;est sa foi, de conna\u00eetre son angoisse. La foi n&rsquo;est pas s\u00e9curisante, elle apaise. \u00ab L&rsquo;homme est v\u00e9ritablement ce qu&rsquo;est sa foi \u00bb, voil\u00e0 ce qui nous met sur le plan psychologiquement et spirituellement vrai.<\/p>\n<p style=\"text-align: justify;\">La m\u00e9ditation, c&rsquo;est la culture de l&rsquo;attention. Il s&rsquo;agit de patience, de fortitude et de qui\u00e9tude progressivement atteintes. Les \u00e9motifs peuvent aller vers la Bhakti, les gens de nature purement morale vivent une puret\u00e9 dont ils ont l&rsquo;intuition et qui les gouverne. Les intellectuels ont l&rsquo;esprit aliment\u00e9 par leur \u00e9tude qui se v\u00e9rifie dans le silence.<\/p>\n<p style=\"text-align: justify;\">Une approche de la m\u00e9ditation peut \u00eatre facilit\u00e9e par l&rsquo;ouvrage de Patrick Lebail, \u00ab La D\u00e9couverte Int\u00e9rieure \u00bb parue au Courrier du Livre. Cet ouvrage a \u00e9t\u00e9 \u00e9crit dans un but didactique.<\/p>\n<p style=\"text-align: justify;\">Le th\u00e8me de la solitude avait \u00e9t\u00e9 retenu lors de la pr\u00e9c\u00e9dente r\u00e9union. Des participants ayant not\u00e9 par \u00e9crit leurs r\u00e9flexions sur ce sujet, il s&rsquo;ensuit de longs \u00e9changes de vues \u00e0 propos de ces textes.<\/p>\n<p style=\"text-align: justify;\">Parmi les r\u00e9ponses \u00e0 la question \u00ab suis-je un chercheur ? \u00bb certaines remarques peuvent \u00eatre rapport\u00e9es, notamment que le fait de chercher sa voie est une possibilit\u00e9 moderne.<\/p>\n<p style=\"text-align: justify;\">S&rsquo;il y a un minimum de recherche \u00e0 faire pour trouver ce qui est assez valable, il ne faut pas passer son temps \u00e0 chercher. On trouvera un jour ou l&rsquo;autre une \u00e9vidence, pourvu que l&rsquo;on soit d\u00e9cid\u00e9 \u00e0 s&rsquo;arr\u00eater quelque part. Alors on a ce fameux \u00e9veil de la foi.<\/p>\n<p style=\"text-align: justify;\">On ne s&rsquo;arr\u00eate pas pour contempler, la recherche continue, mais dans un sens assez d\u00e9termin\u00e9. Certains, tr\u00e8s rares, s&rsquo;arr\u00eatent comme ce fut le cas pour le Maharshi. Il y a l\u00e0 une asc\u00e8se. C&rsquo;est un travail d&rsquo;autodestruction qui ne peut aboutir qu&rsquo;\u00e0 la mort des instincts, des d\u00e9sirs. C&rsquo;est la mort de soi-m\u00eame et c&rsquo;est dans cette mort qu&rsquo;il y a la r\u00e9surrection. Le Maharshi a dit \u00ab La solitude est une attitude mentale. L&rsquo;homme attach\u00e9 aux choses de ce monde ne peut l&rsquo;obtenir o\u00f9 qu&rsquo;il soit. \u00bb<\/p>\n<p style=\"text-align: justify;\">Apr\u00e8s quelques ann\u00e9es de recherche, il n&rsquo;y a plus de solitude sur le chemin, car l&rsquo;on rencontre des gens qui sont du m\u00eame bord. Cela prend du temps, c&rsquo;est le travail d&rsquo;une vie. C&rsquo;est cela qui lui donne son sens.<\/p>\n","protected":false},"excerpt":{"rendered":"<p>Trois sens connexes peuvent \u00eatre donn\u00e9s au mot solitude : 1\u00b0 son aspect psychologique, \u00e9motionnel, 2\u00b0 l&rsquo;isolement dans le sens d&rsquo;ind\u00e9pendance pouvant \u00eatre ressenti agr\u00e9ablement lorsqu&rsquo;on vit dans un cadre oppressant, f\u00fbt-ce celui de la famille, 3\u00b0 la solitude, manque de contact avec les autres, mais aussi le sentiment d&rsquo;\u00eatre un \u00eatre en soi et \u00e0 la limite l&rsquo;absence de l&rsquo;autre n&rsquo;est plus \u00e9prouv\u00e9e comme bonne ou mauvaise, parce que la diff\u00e9rence entre les \u00eatres et les choses est abolie.<\/p>\n","protected":false},"author":1,"featured_media":0,"comment_status":"closed","ping_status":"open","sticky":false,"template":"","format":"standard","meta":{"footnotes":""},"categories":[230],"tags":[147],"class_list":["post-2620","post","type-post","status-publish","format-standard","hentry","category-p-lebail","tag-travail-sur-soi"],"yoast_head":"<!-- This site is optimized with the Yoast SEO plugin v27.0 - https:\/\/yoast.com\/product\/yoast-seo-wordpress\/ -->\n<title>La Solitude spirituelle par Patrick Lebail - 3e mill\u00e9naire - Spiritualit\u00e9 - Connaissance de soi - Non-dualit\u00e9 - M\u00e9ditation<\/title>\n<meta name=\"robots\" content=\"index, follow, max-snippet:-1, max-image-preview:large, max-video-preview:-1\" \/>\n<link rel=\"canonical\" href=\"https:\/\/www.revue3emillenaire.com\/blog\/la-solitude-spirituelle-par-patrick-lebail\/\" \/>\n<meta property=\"og:locale\" content=\"fr_FR\" \/>\n<meta property=\"og:type\" content=\"article\" \/>\n<meta property=\"og:title\" content=\"La Solitude spirituelle par Patrick Lebail - 3e mill\u00e9naire - Spiritualit\u00e9 - Connaissance de soi - Non-dualit\u00e9 - M\u00e9ditation\" \/>\n<meta property=\"og:description\" content=\"Trois sens connexes peuvent \u00eatre donn\u00e9s au mot solitude : 1\u00b0 son aspect psychologique, \u00e9motionnel, 2\u00b0 l&#039;isolement dans le sens d&#039;ind\u00e9pendance pouvant \u00eatre ressenti agr\u00e9ablement lorsqu&#039;on vit dans un cadre oppressant, f\u00fbt-ce celui de la famille, 3\u00b0 la solitude, manque de contact avec les autres, mais aussi le sentiment d&#039;\u00eatre un \u00eatre en soi et \u00e0 la limite l&#039;absence de l&#039;autre n&#039;est plus \u00e9prouv\u00e9e comme bonne ou mauvaise, parce que la diff\u00e9rence entre les \u00eatres et les choses est abolie.\" \/>\n<meta property=\"og:url\" content=\"https:\/\/www.revue3emillenaire.com\/blog\/la-solitude-spirituelle-par-patrick-lebail\/\" \/>\n<meta property=\"og:site_name\" content=\"3e mill\u00e9naire - Spiritualit\u00e9 - Connaissance de soi - Non-dualit\u00e9 - M\u00e9ditation\" \/>\n<meta property=\"article:published_time\" content=\"2010-02-09T16:13:31+00:00\" \/>\n<meta property=\"article:modified_time\" content=\"2011-09-22T21:26:18+00:00\" \/>\n<meta name=\"author\" content=\"3e mill\u00e9naire\" \/>\n<meta name=\"twitter:card\" content=\"summary_large_image\" \/>\n<meta name=\"twitter:label1\" content=\"\u00c9crit par\" \/>\n\t<meta name=\"twitter:data1\" content=\"3e mill\u00e9naire\" \/>\n\t<meta name=\"twitter:label2\" content=\"Dur\u00e9e de lecture estim\u00e9e\" \/>\n\t<meta name=\"twitter:data2\" content=\"12 minutes\" \/>\n<script type=\"application\/ld+json\" class=\"yoast-schema-graph\">{\"@context\":\"https:\/\/schema.org\",\"@graph\":[{\"@type\":\"Article\",\"@id\":\"https:\/\/www.revue3emillenaire.com\/blog\/la-solitude-spirituelle-par-patrick-lebail\/#article\",\"isPartOf\":{\"@id\":\"https:\/\/www.revue3emillenaire.com\/blog\/la-solitude-spirituelle-par-patrick-lebail\/\"},\"author\":{\"name\":\"3e mill\u00e9naire\",\"@id\":\"https:\/\/www.revue3emillenaire.com\/blog\/#\/schema\/person\/9a3a7cc4ccaa707f402d4394327106d5\"},\"headline\":\"La Solitude spirituelle par Patrick Lebail\",\"datePublished\":\"2010-02-09T16:13:31+00:00\",\"dateModified\":\"2011-09-22T21:26:18+00:00\",\"mainEntityOfPage\":{\"@id\":\"https:\/\/www.revue3emillenaire.com\/blog\/la-solitude-spirituelle-par-patrick-lebail\/\"},\"wordCount\":2441,\"keywords\":[\"Travail sur soi\"],\"articleSection\":[\"Lebail Patrick\"],\"inLanguage\":\"fr-FR\"},{\"@type\":\"WebPage\",\"@id\":\"https:\/\/www.revue3emillenaire.com\/blog\/la-solitude-spirituelle-par-patrick-lebail\/\",\"url\":\"https:\/\/www.revue3emillenaire.com\/blog\/la-solitude-spirituelle-par-patrick-lebail\/\",\"name\":\"La Solitude spirituelle par Patrick Lebail - 3e mill\u00e9naire - Spiritualit\u00e9 - Connaissance de soi - Non-dualit\u00e9 - M\u00e9ditation\",\"isPartOf\":{\"@id\":\"https:\/\/www.revue3emillenaire.com\/blog\/#website\"},\"datePublished\":\"2010-02-09T16:13:31+00:00\",\"dateModified\":\"2011-09-22T21:26:18+00:00\",\"author\":{\"@id\":\"https:\/\/www.revue3emillenaire.com\/blog\/#\/schema\/person\/9a3a7cc4ccaa707f402d4394327106d5\"},\"breadcrumb\":{\"@id\":\"https:\/\/www.revue3emillenaire.com\/blog\/la-solitude-spirituelle-par-patrick-lebail\/#breadcrumb\"},\"inLanguage\":\"fr-FR\",\"potentialAction\":[{\"@type\":\"ReadAction\",\"target\":[\"https:\/\/www.revue3emillenaire.com\/blog\/la-solitude-spirituelle-par-patrick-lebail\/\"]}]},{\"@type\":\"BreadcrumbList\",\"@id\":\"https:\/\/www.revue3emillenaire.com\/blog\/la-solitude-spirituelle-par-patrick-lebail\/#breadcrumb\",\"itemListElement\":[{\"@type\":\"ListItem\",\"position\":1,\"name\":\"Accueil\",\"item\":\"https:\/\/www.revue3emillenaire.com\/blog\/\"},{\"@type\":\"ListItem\",\"position\":2,\"name\":\"La Solitude spirituelle par Patrick Lebail\"}]},{\"@type\":\"WebSite\",\"@id\":\"https:\/\/www.revue3emillenaire.com\/blog\/#website\",\"url\":\"https:\/\/www.revue3emillenaire.com\/blog\/\",\"name\":\"3e mill\u00e9naire - Spiritualit\u00e9 - Connaissance de soi - Non-dualit\u00e9 - M\u00e9ditation\",\"description\":\"L&#039;Homme en devenir\",\"potentialAction\":[{\"@type\":\"SearchAction\",\"target\":{\"@type\":\"EntryPoint\",\"urlTemplate\":\"https:\/\/www.revue3emillenaire.com\/blog\/?s={search_term_string}\"},\"query-input\":{\"@type\":\"PropertyValueSpecification\",\"valueRequired\":true,\"valueName\":\"search_term_string\"}}],\"inLanguage\":\"fr-FR\"},{\"@type\":\"Person\",\"@id\":\"https:\/\/www.revue3emillenaire.com\/blog\/#\/schema\/person\/9a3a7cc4ccaa707f402d4394327106d5\",\"name\":\"3e mill\u00e9naire\",\"url\":\"https:\/\/www.revue3emillenaire.com\/blog\/author\/admin\/\"}]}<\/script>\n<!-- \/ Yoast SEO plugin. -->","yoast_head_json":{"title":"La Solitude spirituelle par Patrick Lebail - 3e mill\u00e9naire - Spiritualit\u00e9 - Connaissance de soi - Non-dualit\u00e9 - M\u00e9ditation","robots":{"index":"index","follow":"follow","max-snippet":"max-snippet:-1","max-image-preview":"max-image-preview:large","max-video-preview":"max-video-preview:-1"},"canonical":"https:\/\/www.revue3emillenaire.com\/blog\/la-solitude-spirituelle-par-patrick-lebail\/","og_locale":"fr_FR","og_type":"article","og_title":"La Solitude spirituelle par Patrick Lebail - 3e mill\u00e9naire - Spiritualit\u00e9 - Connaissance de soi - Non-dualit\u00e9 - M\u00e9ditation","og_description":"Trois sens connexes peuvent \u00eatre donn\u00e9s au mot solitude : 1\u00b0 son aspect psychologique, \u00e9motionnel, 2\u00b0 l'isolement dans le sens d'ind\u00e9pendance pouvant \u00eatre ressenti agr\u00e9ablement lorsqu'on vit dans un cadre oppressant, f\u00fbt-ce celui de la famille, 3\u00b0 la solitude, manque de contact avec les autres, mais aussi le sentiment d'\u00eatre un \u00eatre en soi et \u00e0 la limite l'absence de l'autre n'est plus \u00e9prouv\u00e9e comme bonne ou mauvaise, parce que la diff\u00e9rence entre les \u00eatres et les choses est abolie.","og_url":"https:\/\/www.revue3emillenaire.com\/blog\/la-solitude-spirituelle-par-patrick-lebail\/","og_site_name":"3e mill\u00e9naire - Spiritualit\u00e9 - Connaissance de soi - Non-dualit\u00e9 - M\u00e9ditation","article_published_time":"2010-02-09T16:13:31+00:00","article_modified_time":"2011-09-22T21:26:18+00:00","author":"3e mill\u00e9naire","twitter_card":"summary_large_image","twitter_misc":{"\u00c9crit par":"3e mill\u00e9naire","Dur\u00e9e de lecture estim\u00e9e":"12 minutes"},"schema":{"@context":"https:\/\/schema.org","@graph":[{"@type":"Article","@id":"https:\/\/www.revue3emillenaire.com\/blog\/la-solitude-spirituelle-par-patrick-lebail\/#article","isPartOf":{"@id":"https:\/\/www.revue3emillenaire.com\/blog\/la-solitude-spirituelle-par-patrick-lebail\/"},"author":{"name":"3e mill\u00e9naire","@id":"https:\/\/www.revue3emillenaire.com\/blog\/#\/schema\/person\/9a3a7cc4ccaa707f402d4394327106d5"},"headline":"La Solitude spirituelle par Patrick Lebail","datePublished":"2010-02-09T16:13:31+00:00","dateModified":"2011-09-22T21:26:18+00:00","mainEntityOfPage":{"@id":"https:\/\/www.revue3emillenaire.com\/blog\/la-solitude-spirituelle-par-patrick-lebail\/"},"wordCount":2441,"keywords":["Travail sur soi"],"articleSection":["Lebail Patrick"],"inLanguage":"fr-FR"},{"@type":"WebPage","@id":"https:\/\/www.revue3emillenaire.com\/blog\/la-solitude-spirituelle-par-patrick-lebail\/","url":"https:\/\/www.revue3emillenaire.com\/blog\/la-solitude-spirituelle-par-patrick-lebail\/","name":"La Solitude spirituelle par Patrick Lebail - 3e mill\u00e9naire - Spiritualit\u00e9 - Connaissance de soi - Non-dualit\u00e9 - M\u00e9ditation","isPartOf":{"@id":"https:\/\/www.revue3emillenaire.com\/blog\/#website"},"datePublished":"2010-02-09T16:13:31+00:00","dateModified":"2011-09-22T21:26:18+00:00","author":{"@id":"https:\/\/www.revue3emillenaire.com\/blog\/#\/schema\/person\/9a3a7cc4ccaa707f402d4394327106d5"},"breadcrumb":{"@id":"https:\/\/www.revue3emillenaire.com\/blog\/la-solitude-spirituelle-par-patrick-lebail\/#breadcrumb"},"inLanguage":"fr-FR","potentialAction":[{"@type":"ReadAction","target":["https:\/\/www.revue3emillenaire.com\/blog\/la-solitude-spirituelle-par-patrick-lebail\/"]}]},{"@type":"BreadcrumbList","@id":"https:\/\/www.revue3emillenaire.com\/blog\/la-solitude-spirituelle-par-patrick-lebail\/#breadcrumb","itemListElement":[{"@type":"ListItem","position":1,"name":"Accueil","item":"https:\/\/www.revue3emillenaire.com\/blog\/"},{"@type":"ListItem","position":2,"name":"La Solitude spirituelle par Patrick Lebail"}]},{"@type":"WebSite","@id":"https:\/\/www.revue3emillenaire.com\/blog\/#website","url":"https:\/\/www.revue3emillenaire.com\/blog\/","name":"3e mill\u00e9naire - Spiritualit\u00e9 - Connaissance de soi - Non-dualit\u00e9 - M\u00e9ditation","description":"L&#039;Homme en devenir","potentialAction":[{"@type":"SearchAction","target":{"@type":"EntryPoint","urlTemplate":"https:\/\/www.revue3emillenaire.com\/blog\/?s={search_term_string}"},"query-input":{"@type":"PropertyValueSpecification","valueRequired":true,"valueName":"search_term_string"}}],"inLanguage":"fr-FR"},{"@type":"Person","@id":"https:\/\/www.revue3emillenaire.com\/blog\/#\/schema\/person\/9a3a7cc4ccaa707f402d4394327106d5","name":"3e mill\u00e9naire","url":"https:\/\/www.revue3emillenaire.com\/blog\/author\/admin\/"}]}},"_links":{"self":[{"href":"https:\/\/www.revue3emillenaire.com\/blog\/wp-json\/wp\/v2\/posts\/2620","targetHints":{"allow":["GET"]}}],"collection":[{"href":"https:\/\/www.revue3emillenaire.com\/blog\/wp-json\/wp\/v2\/posts"}],"about":[{"href":"https:\/\/www.revue3emillenaire.com\/blog\/wp-json\/wp\/v2\/types\/post"}],"author":[{"embeddable":true,"href":"https:\/\/www.revue3emillenaire.com\/blog\/wp-json\/wp\/v2\/users\/1"}],"replies":[{"embeddable":true,"href":"https:\/\/www.revue3emillenaire.com\/blog\/wp-json\/wp\/v2\/comments?post=2620"}],"version-history":[{"count":0,"href":"https:\/\/www.revue3emillenaire.com\/blog\/wp-json\/wp\/v2\/posts\/2620\/revisions"}],"wp:attachment":[{"href":"https:\/\/www.revue3emillenaire.com\/blog\/wp-json\/wp\/v2\/media?parent=2620"}],"wp:term":[{"taxonomy":"category","embeddable":true,"href":"https:\/\/www.revue3emillenaire.com\/blog\/wp-json\/wp\/v2\/categories?post=2620"},{"taxonomy":"post_tag","embeddable":true,"href":"https:\/\/www.revue3emillenaire.com\/blog\/wp-json\/wp\/v2\/tags?post=2620"}],"curies":[{"name":"wp","href":"https:\/\/api.w.org\/{rel}","templated":true}]}}