{"id":2655,"date":"2010-02-10T21:30:52","date_gmt":"2010-02-10T20:30:52","guid":{"rendered":"http:\/\/www.revue3emillenaire.com\/blog\/?p=2655"},"modified":"2011-09-22T22:23:44","modified_gmt":"2011-09-22T21:23:44","slug":"l%e2%80%99agressivite-le-psychisme-et-le-physique-par-gabriel-monod-herzen","status":"publish","type":"post","link":"https:\/\/www.revue3emillenaire.com\/blog\/l%e2%80%99agressivite-le-psychisme-et-le-physique-par-gabriel-monod-herzen\/","title":{"rendered":"L\u2019agressivit\u00e9, le psychisme et le physique Par Gabriel Monod-Herzen"},"content":{"rendered":"<p style=\"text-align: justify;\">(Revue Panharmonie. No 167. Mai 1977)<\/p>\n<p style=\"text-align: justify;\">\n<p style=\"text-align: justify;\"><em>Le titre est de 3e Mill\u00e9naire<\/em><\/p>\n<p style=\"text-align: justify;\">\n<p style=\"text-align: justify;\"><strong>Compte rendu<\/strong> de la r\u00e9union du 7.2.1977<\/p>\n<p style=\"text-align: justify;\">\n<p style=\"text-align: justify;\">Cette r\u00e9union tourna autour du probl\u00e8me particulier d&rsquo;une des participantes, \u00e0 savoir l&rsquo;agressivit\u00e9 dont elle dit souffrir et qui pense-t-elle, provoque en elle une diminution vitale. Les gens, dit-elle, se d\u00e9cha\u00eenent contre elle d\u00e8s qu&rsquo;ils s&rsquo;aper\u00e7oivent qu&rsquo;elle est diff\u00e9rente d&rsquo;eux et que les mobiles auxquels elle ob\u00e9it sortent de leur compr\u00e9hension.<\/p>\n<p style=\"text-align: justify;\">\n<p style=\"text-align: justify;\">M. Monod-Herzen : Ce n&rsquo;est pas la peine de donner une telle importance \u00e0 l&rsquo;agressivit\u00e9 des autres, la seule r\u00e9ponse, c&rsquo;est l&rsquo;indiff\u00e9rence, le sentiment que cela ne vous int\u00e9resse pas. Quant au d\u00e9tachement, s&rsquo;il s&rsquo;exerce contre l&rsquo;agressivit\u00e9 des autres, c&rsquo;est tr\u00e8s bien, si c&rsquo;est vis-\u00e0-vis de quelque chose qu&rsquo;il faut faire et qu&rsquo;on ne veut pas assumer, c&rsquo;est une autre question.<\/p>\n<p style=\"text-align: justify;\">\n<p style=\"text-align: justify;\">Un participant trouve qu&rsquo;il y a plusieurs formes d&rsquo;agressivit\u00e9 et que le fait d&rsquo;ouvrir une porte en est une, de m\u00eame que le fait de manger.<\/p>\n<p style=\"text-align: justify;\">\n<p style=\"text-align: justify;\">M. Monod-Herzen : Le mot renoncement qu&rsquo;on prononce si souvent, m&rsquo;a fait remarquer qu&rsquo;on ne peut renoncer qu&rsquo;\u00e0 ce qu&rsquo;on poss\u00e8de. Quant \u00e0 l&rsquo;agressivit\u00e9, certains gestes ne sont pas r\u00e9pr\u00e9hensibles. Les animaux en grande partie ne peuvent se nourrir qu&rsquo;en tuant d&rsquo;autres animaux.<\/p>\n<p style=\"text-align: justify;\">\n<p style=\"text-align: justify;\">La participante : L&rsquo;agressivit\u00e9 est une manifestation psychologique d&rsquo;une future violence.<\/p>\n<p style=\"text-align: justify;\">\n<p style=\"text-align: justify;\">M. Monod-Herzen : Ouvrir une porte n&rsquo;est pas une agression, c&rsquo;est une initiative, le fait de soulever un poids n&rsquo;est pas une agressivit\u00e9 contre la loi de la pesanteur. On peut \u00eatre agressif envers un \u00eatre, pas envers un objet. Tout d\u00e9pend d&rsquo;ailleurs du sentiment qu&rsquo;on a quand on agit. Nous sommes tellement impr\u00e9gn\u00e9s de l&rsquo;id\u00e9e de lutte et de guerre, que dans notre langage courant on parle de victoire, de strat\u00e9gie, d&rsquo;organisation, etc. Nous sommes intoxiqu\u00e9s par l&rsquo;id\u00e9e de la lutte et du combat \u00e0 propos de n&rsquo;importe quoi. Les gens pensent avec des mots qui sont agressifs parce qu&rsquo;ils ont cela en eux-m\u00eames. Si on veut arriver \u00e0 ne pas en souffrir, il faut d\u00e9velopper en soi ce qu&rsquo;on appelle d&rsquo;un mot extr\u00eamement vague : \u00ab\u00a0l&rsquo;\u00e9galit\u00e9 d&rsquo;\u00e2me\u00a0\u00bb.<\/p>\n<p style=\"text-align: justify;\">\n<p style=\"text-align: justify;\">On en revient \u00e0 l&rsquo;agressivit\u00e9 envers les objets. Le participant pense que tout ce que fait l&rsquo;homme r\u00e9pond \u00e0 un besoin et que tout ce qu&rsquo;il fait est donc \u00e9go\u00efste, donc agressif.<\/p>\n<p style=\"text-align: justify;\">\n<p style=\"text-align: justify;\">M. Monod-Herzen : S&rsquo;il en \u00e9tait toujours ainsi personne n&rsquo;\u00e9prouverait le besoin de se sacrifier ou tout au moins de ne pas avoir une attitude \u00e9go\u00efste vis-\u00e0-vis des autres, cela existe. Vous parlez de l&rsquo;animal, non de l&rsquo;homme, nous ne sommes pas que des animaux pensants, nous avons des aspirations d&rsquo;une autre nature, qui nous poussent \u00e0 nous d\u00e9passer nous-m\u00eames. Regardez \u00e0 quel point les gens actuellement m\u00e9contents cherchent \u00e0 sortir d&rsquo;eux-m\u00eames pour arriver trouver quelque chose de vraiment nouveau. Chaque \u00eatre a le besoin d&rsquo;\u00e9voluer, ce n&rsquo;est pas de l&rsquo;\u00e9go\u00efsme, pas plus que de manger tous les jours. L&rsquo;\u00e9go\u00efsme est de tout ramener \u00e0 soi.<\/p>\n<p style=\"text-align: justify;\">\n<p style=\"text-align: justify;\">Mme Forget pr\u00e9conise deux attitudes pour faire face l&rsquo;agressivit\u00e9. L&rsquo;une consiste \u00e0 voir dans l&rsquo;autre le meilleur du meilleur et d&rsquo;aller vers lui les mains tendues. L&rsquo;autre, c&rsquo;est de jouer la com\u00e9die de la violence tout en ne l&rsquo;\u00e9tant pas.<\/p>\n<p style=\"text-align: justify;\">\n<p style=\"text-align: justify;\">M. Monod-Herzen : La violence est toujours une marque de faiblesse et de crainte. C&rsquo;est nous qui sommes responsables de la r\u00e9action de l&rsquo;ext\u00e9rieur. Les animaux y sont tr\u00e8s sensibles : si vous avez peur d&rsquo;eux, ils vous attaquent. Votre peur est alors une agressivit\u00e9 qui suscite celle des autres. L&rsquo;attitude que nous aurons vis-\u00e0-vis des \u00e9v\u00e9nements transformera leurs cons\u00e9quences. Je crois en la sinc\u00e9rit\u00e9 et en l&rsquo;extraordinaire puissance non de l&rsquo;indiff\u00e9rence, mais de la tranquillit\u00e9, de la s\u00e9r\u00e9nit\u00e9. Quand vous donnez prise, vous n&rsquo;\u00eates plus libre.<\/p>\n<p style=\"text-align: justify;\">\n<p style=\"text-align: justify;\">Mme Forget am\u00e8ne la question de l&rsquo;importance de la respiration. Une mauvaise respiration entra\u00eene une baisse de vitalit\u00e9.<\/p>\n<p style=\"text-align: justify;\">\n<p style=\"text-align: justify;\">M. Monod-Herzen : Le physique joue un r\u00f4le tr\u00e8s important. C&rsquo;est dommage que vous ne fassiez pas de sport. Vous avez laiss\u00e9 en friche un champ qu&rsquo;on vous a offert. C&rsquo;est l\u00e0 une chose tr\u00e8s importante et non une plaisanterie.<\/p>\n<p style=\"text-align: justify;\">\n<p style=\"text-align: justify;\">Mme Forget : C&rsquo;est tr\u00e8s important, votre respiration et votre nourriture conditionnent votre psych\u00e9.<\/p>\n<p style=\"text-align: justify;\">\n<p style=\"text-align: justify;\">M. Monod-Herzen : Vous \u00eates comme la personne qui dit : \u00ab\u00a0J&rsquo;ai horreur des \u00e9pinards, je n&rsquo;y ai jamais go\u00fbt\u00e9 ! \u00bb<\/p>\n<p style=\"text-align: justify;\">\n<p style=\"text-align: justify;\">La participante : Ce qui a trait au corps ne m&rsquo;int\u00e9resse pas.<\/p>\n<p style=\"text-align: justify;\">\n<p style=\"text-align: justify;\">M. Monod-Herzen : C&rsquo;est un grand tort parce que vous \u00eates dedans et que vous ne pouvez vous en passer.<\/p>\n<p style=\"text-align: justify;\">\n<p style=\"text-align: justify;\">Un participant parle de l&rsquo;anorexie qui est souvent due, m\u00eame chez des enfants en tr\u00e8s bas \u00e2ge, \u00e0 une cause \u00e9motive.<\/p>\n<p style=\"text-align: justify;\">\n<p style=\"text-align: justify;\">M. Monod-Herzen : Nous avons dans une r\u00e9union ant\u00e9rieure, constat\u00e9 que le domaine de l&rsquo;affectivit\u00e9 \u00e9tait le lien entre l&rsquo;organisme et les r\u00e9actions mentales. Si vous n\u00e9gligez un des deux, vous allez avoir une mauvaise transmission. Il faut arriver \u00e0 un certain contr\u00f4le, ne pas laisser le corps faire n&rsquo;importe quoi sous peine de r\u00e9actions sur notre sensibilit\u00e9. Il est important que le physique ait ce dont il a besoin, c&rsquo;est-\u00e0-dire de trois choses essentielles : suffisamment de mouvement, de nourriture et d&rsquo;air \u00e0 respirer. Pourquoi le b\u00e9b\u00e9 dont il a \u00e9t\u00e9 question refuse-t-il de manger ? Ce n&rsquo;est pas pour une question de sant\u00e9, ce qui serait normal. C&rsquo;est probablement parce qu&rsquo;il a fait une exp\u00e9rience, m\u00eame peut-\u00eatre \u00e0 travers sa m\u00e8re avant de na\u00eetre, qui a laiss\u00e9 une trace dans sa sensibilit\u00e9 et que, par cons\u00e9quent, il refuse tout ce qui lui rappelle la nourriture.<\/p>\n<p style=\"text-align: justify;\">\n<p style=\"text-align: justify;\">Le manque de vitalit\u00e9 dont vous parlez, c&rsquo;est vous qui le provoquez, vous faites tout ce qu&rsquo;il faut pour cela. Vous \u00eates bien \u00e9quilibr\u00e9e au point de vue mental, mais pas au point de vue physique. D&rsquo;o\u00f9 voulez-vous que vienne la vitalit\u00e9, si ce n&rsquo;est de votre nourriture ? Peut-\u00eatre dans des temps futurs arriverons-nous \u00e0 capter notre vitalit\u00e9 directement du milieu ext\u00e9rieur, mais pour le moment, non. Votre baisse de vitalit\u00e9 peut aussi \u00eatre due \u00e0 votre sensibilit\u00e9, \u00e0 votre peur d&rsquo;\u00eatre bless\u00e9e par le monde ext\u00e9rieur. On pourrait dire que vous \u00eates une maison dont les fondations ne sont pas faites comme elles devraient l&rsquo;\u00eatre.<\/p>\n<p style=\"text-align: justify;\">\n<p style=\"text-align: justify;\">M. Monod-Herzen alors analyse avec la participante lesquels des cinq sens pr\u00e9sentent un int\u00e9r\u00eat pour elle et arrive \u00e0 la conclusion qu&rsquo;il n&rsquo;y en a que deux sur cinq : Cela ne suffit pas, vous \u00eates quelqu&rsquo;un \u00e0 qui on a confi\u00e9 un tas de belles choses et qui ne s&rsquo;en sert pas. C&rsquo;est votre droit, mais ne vous en plaignez pas ensuite. Votre jeunesse vous rend possible de d\u00e9velopper en vous ce qui ne l&rsquo;est pas. Je crois que cela vous rendrait tr\u00e8s heureuse.<\/p>\n<p style=\"text-align: justify;\">\n<p style=\"text-align: justify;\">Mme Forget aborde la question du champ \u00e9nerg\u00e9tique que nous sommes, qui est color\u00e9 et qu&rsquo;en Inde on appelle le corps subtil.<\/p>\n<p style=\"text-align: justify;\">\n<p style=\"text-align: justify;\">M. Monod-Herzen : Les couleurs n&rsquo;existent que pour les gens qui ont cette sensibilit\u00e9 particuli\u00e8re qu&rsquo;on nomme clairvoyance. Ce qui a pu \u00eatre photographi\u00e9, c&rsquo;est le champ \u00e9lectrique qui entoure notre corps et qui en effet est tr\u00e8s important, mais qui est physique. Les Indiens disent qu&rsquo;il est la liaison entre le physique \u00ab gros \u00bb et le physique subtil.<\/p>\n<p style=\"text-align: justify;\">\n<p style=\"text-align: justify;\">Mme Forget : Dans les photos, les points d&rsquo;acupuncture apparaissent comme des points lumineux.<\/p>\n<p style=\"text-align: justify;\">\n<p style=\"text-align: justify;\">M. Monod-Herzen : La m\u00e9decine indienne comme la m\u00e9decine chinoise, sous des formes diff\u00e9rentes, est bas\u00e9e sur une m\u00eame id\u00e9e centrale : les \u00e9tats de sant\u00e9 et les \u00e9tats de maladie sont des \u00e9tats d&rsquo;\u00e9quilibre ou de d\u00e9s\u00e9quilibre entre deux forces qu&rsquo;on peut appeler positive et n\u00e9gative. L&rsquo;une n&rsquo;est pas meilleure que l&rsquo;autre, les deux sont indispensables. Le but du m\u00e9decin est d&rsquo;\u00e9tablir l&rsquo;\u00e9quilibre entre les deux. La maladie commence toujours dans le corps subtil, c&rsquo;est-\u00e0-dire par un d\u00e9s\u00e9quilibre \u00e9nerg\u00e9tique qu&rsquo;on ne voit pas, mais qui a des cons\u00e9quences physiques. Si on s\u00e9parait le corps subtil du corps grossier, l&rsquo;individu ne pourrait pas vivre. Et pourtant il aurait tout, la m\u00e9canique serait intacte, mais il n&rsquo;y aurait plus d&rsquo;\u00e9nergie pour la faire marcher.<\/p>\n<p style=\"text-align: justify;\">\n<p style=\"text-align: justify;\">Pour la participante le fait d&rsquo;avoir \u00ab choisi \u00bb cette vie, c&rsquo;est parce qu&rsquo;elle correspond \u00e0 ce qu&rsquo;on est et qu&rsquo;elle est une r\u00e9sultante de notre \u00e9tat d&rsquo;\u00e9volution. Ceci dit les bijoux, les v\u00eatements et tout cela, n&rsquo;ont pas d&rsquo;importance, ce sont des choses sociales.<\/p>\n<p style=\"text-align: justify;\">\n<p style=\"text-align: justify;\">M. Monod-Herzen : Mais de quel droit opposeriez-vous aux gens queque chose de laid \u00e0 voir ? La M\u00e8re disait que la coquetterie \u00e9tait un devoir, car on n&rsquo;a aucun droit d&rsquo;opposer aux gens quelque chose de laid. L&rsquo;essentiel est de ne pas mentir.<\/p>\n<p style=\"text-align: justify;\">\n<p style=\"text-align: justify;\">Puis on parle de l&rsquo;influence des couleurs et des exp\u00e9riences qui ont \u00e9t\u00e9 faites d&rsquo;\u00e9liminer le rouge en faveur du bleu ou du vert, ce qui a eu pour effet de supprimer les acc\u00e8s de violence.<\/p>\n<p style=\"text-align: justify;\">\n<p style=\"text-align: justify;\"><strong>Compte rendu<\/strong> de la r\u00e9union du 7.3.1977<\/p>\n<p style=\"text-align: justify;\">\n<p style=\"text-align: justify;\">Au sujet d&rsquo;une personne dont l&rsquo;\u00e9tat d\u00e9pressif a \u00e9t\u00e9 gu\u00e9ri par le yoga : Les exercices de yoga indien sont des redressements des mauvaises habitudes prises tous les jours dans la vie ext\u00e9rieure. On ne risque absolument rien avec les postures. Par contre, si on n&rsquo;est pas dirig\u00e9 par quelqu&rsquo;un de comp\u00e9tent, les exercices respiratoires peuvent agir sur le c\u0153ur et les poumons. Lorsque vous arrivez \u00e0 aller jusqu&rsquo;au bout de la technique respiratoire, vous \u00eates \u00e0 m\u00eame de ma\u00eetriser et de diriger ce que les Indiens appellent l&rsquo;\u00e9nergie vitale. Le professeur Von Durckheim demandait \u00e0 un Moine Japonais quels \u00e9taient les exercices respiratoires qu&rsquo;il pratiquait, et celui-ci lui r\u00e9pondit non sans humour : \u00ab Le premier qu&rsquo;on n&rsquo;a jamais appris, c&rsquo;est-\u00e0-dire la respiration naturelle. \u00bb Et, en effet, il n&rsquo;y en a pas de plus difficile. La vraie ma\u00eetrise est de respirer sans aucun effort, avec un rythme toujours r\u00e9gulier, ne variant pas suivant votre pens\u00e9e, et qui correspond au rythme du c\u0153ur. La respiration est le seul \u00e9l\u00e9ment vital qui d\u00e9pende dans une certaine mesure de notre volont\u00e9. La vraie r\u00e9tention est celle qui se produit quand on n&rsquo;y pense pas. Dans le calme de la m\u00e9ditation le rythme respiratoire baisse et le rythme cardiaque aussi. Se remplir d&rsquo;air volontairement et rester gonfl\u00e9 est extr\u00eamement mauvais, parce que tout le reste de l&rsquo;organisme doit \u00eatre parfaitement calme, pour entra\u00eener au point de vue de la conscience, un calme de la pens\u00e9e. Dans la m\u00e9ditation le calme int\u00e9rieur, le calme complet, peut aller jusqu&rsquo;au silence mental total. C&rsquo;est une exp\u00e9rience tr\u00e8s curieuse. On est parfaitement conscient et il n&rsquo;y a aucune pens\u00e9e, aucun sentiment. C&rsquo;est une impression de repos extraordinaire.<\/p>\n<p style=\"text-align: justify;\">\n<p style=\"text-align: justify;\">Puis on passe au sujet pr\u00e9vu : L&rsquo;influence du physique sur le psychique et inversement celle du psychique sur le physique.<\/p>\n<p style=\"text-align: justify;\">\n<p style=\"text-align: justify;\">Le mot psychique n&rsquo;ayant pas le m\u00eame sens pour tout le monde, M Monod-Herzen pr\u00e9f\u00e8re parler de conscience. D&rsquo;apr\u00e8s Sri Aurobindo, la psych\u00e9 est la partie de nous-m\u00eames qui, ayant perdu le Ciel, essaye de le retrouver. C&rsquo;est ce qu&rsquo;on appelle l&rsquo;\u00e2me, mais ce terme aussi suscite des controverses.<\/p>\n<p style=\"text-align: justify;\">\n<p style=\"text-align: justify;\">Une participante se pr\u00e9occupe du ph\u00e9nom\u00e8ne de la vie : y a-t-il un moment d\u00e9termin\u00e9 o\u00f9 la mati\u00e8re va s&rsquo;animer, provoqu\u00e9e par un \u00e9l\u00e9ment ext\u00e9rieur ?<\/p>\n<p style=\"text-align: justify;\">\n<p style=\"text-align: justify;\">M. Monod-Herzen : Ce que vous dites l\u00e0 est extr\u00eamement important. C&rsquo;est un sujet tr\u00e8s vaste. Il y a peu de chance pour que, en dehors de vous-m\u00eame, l&rsquo;esprit agisse sur la mati\u00e8re, quoique je ne pr\u00e9tende pas que ce soit absolument impossible. Je n&rsquo;en ai pas l&rsquo;exp\u00e9rience. Int\u00e9rieurement incontestablement, mais pas n&rsquo;importe quand. Il s&rsquo;agit finalement de savoir \u00e0 quel moment la mati\u00e8re devient vivante. Il y a une interaction continue. Le cas soulev\u00e9 est celui de la naissance, mais au risque de vous para\u00eetre affreusement mat\u00e9rialiste, je vais vous parler d&rsquo;un cas beaucoup trop simple pour que vous y pensiez, c&rsquo;est celui de l&rsquo;alimentation. Prenez une mati\u00e8re physique et elle devient vivante par assimilation dans votre corps. Vous faites tous les jours ce petit miracle de transformer quelque chose qui n&rsquo;est pas vivant en quelque chose de vivant. Nous ne savons pas comme cela se passe. Les Alchimistes de la Renaissance et du Moyen Age y avaient pens\u00e9. Ils parlaient de certaines transmutations. Mais voyez ce qui se passe dans le corps d&rsquo;un \u00eatre vivant : mon cheval mange de l&rsquo;avoine et c&rsquo;est un cheval ! Il y a une destruction raisonn\u00e9e de la mati\u00e8re. Elle est d\u00e9mont\u00e9e et l&rsquo;organisme a la possibilit\u00e9 de choisir dans ces \u00e9l\u00e9ments et de les r\u00e9int\u00e9grer dans une construction nouvelle qui est un muscle, un os, une autre partie de l&rsquo;organisme qui est vivant, non pas \u00e0 cause de son origine, mais du fait qu&rsquo;il est dans un syst\u00e8me qui poss\u00e8de cette propri\u00e9t\u00e9. Les Indiens parlent de l&rsquo;\u00e9nergie vitale comme d&rsquo;une \u00e9nergie particuli\u00e8re qui a cette possibilit\u00e9 de rendre vivante une nouvelle combinaison des \u00e9l\u00e9ments qui ont \u00e9t\u00e9 s\u00e9par\u00e9s. La conscience peut \u00eatre mise dans la partie. On commence par se nourrir apr\u00e8s quoi le corps qui, \u00e0 la suite d&rsquo;une longue \u00e9volution, a son plan de travail, fait le reste. Il est \u00e9vident que si des \u00e9tats plus ou moins pathologiques interviennent, les choses sont diff\u00e9rentes. M\u00e8re disait qu&rsquo;il ne fallait jamais ni manger, ni s&rsquo;endormir lorsqu&rsquo;on est fatigu\u00e9, parce qu&rsquo;on a alors de mauvais r\u00eaves ou une mauvaise digestion. Mieux vaut se d\u00e9tendre avant.<\/p>\n<p style=\"text-align: justify;\">\n<p style=\"text-align: justify;\">Le processus de la gestation est le m\u00eame, sauf qu&rsquo;il est d\u00e9plac\u00e9 ; c&rsquo;est-\u00e0-dire que l&rsquo;assimilation se fait en deux fois, la m\u00e8re prend ce dont elle a besoin et il y a une voie parall\u00e8le qui va construire l&rsquo;enfant \u00e0 partir de ces \u00e9l\u00e9ments. Le choix est diff\u00e9rent. La membrane qui s\u00e9pare le sang de la m\u00e8re de celui de l&rsquo;enfant dans le placenta, fait un filtrage en laissant passer certaines choses et pas d&rsquo;autres. C&rsquo;est tout un m\u00e9canisme nouveau qui se d\u00e9clenche. Mais la liaison entre le psychique et le physique existe aussi entre la m\u00e8re et l&rsquo;enfant. Une \u00e9motion violente de la m\u00e8re peut tuer l&rsquo;enfant.<\/p>\n<p style=\"text-align: justify;\">\n<p style=\"text-align: justify;\">Un participant pense qu&rsquo;il y a une instance au-del\u00e0 du psychisme et du physique qui est la plus int\u00e9ressante et, qui ne peut s&rsquo;exprimer qu&rsquo;\u00e0 travers eux et dont le d\u00e9veloppement se fait en m\u00eame temps dans le domaine de la vie. Pour lui le psychique est une instance physique subtile par rapport au corps qui est grossier. Si on prend une croix, nous avons un centre et deux points, l&rsquo;un en haut, l&rsquo;autre en bas. Le psychique serait cette instance interm\u00e9diaire qui comporterait une partie du haut dite spirituelle et une partie du bas, dite physique.<\/p>\n<p style=\"text-align: justify;\">\n<p style=\"text-align: justify;\">M. Monod-Herzen : Dans la m\u00e9taphysique indienne le quatri\u00e8me plan, celui du mental est divis\u00e9 en deux parties : le mental inf\u00e9rieur et le mental sup\u00e9rieur qui tend vers l&rsquo;abstraction. Et puis, il y a le supramental qui ne nous est pas accessible. Alors, o\u00f9 mettez-vous la sensibilit\u00e9 ?<\/p>\n<p style=\"text-align: justify;\">\n<p style=\"text-align: justify;\">Le participant : Incontestablement dans \u00e0 la fois les deux aspects du psychique, la partie physiologique qui donne naissance \u00e0 la partie psychique va donner la vie \u00e0 une sensibilit\u00e9. On ne peut pas dissocier la partie mentale du psychisme qui, pour moi, est une instance physiologique au m\u00eame titre que le physique, mais beaucoup plus subtil.<\/p>\n<p style=\"text-align: justify;\">\n<p style=\"text-align: justify;\">M. Monod-Herzen : Le psychique serait-il pour vous ce groupement du c\u00f4t\u00e9 sensibilit\u00e9, du c\u00f4t\u00e9 vitalit\u00e9 et du c\u00f4t\u00e9 mental ?<\/p>\n<p style=\"text-align: justify;\">\n<p style=\"text-align: justify;\">Le participant : C&rsquo;est le groupement de tout cela. Dans un certain sens ce serait l&rsquo;essence, une substance plus subtile que la mati\u00e8re. Et au-del\u00e0 de ces deux instances il y a la R\u00e9alit\u00e9 qui englobe tout.<\/p>\n<p style=\"text-align: justify;\">\n<p style=\"text-align: justify;\">M. Monod-Herzen : Les Indiens distinguent le physique ordinaire du physique subtil, qu&rsquo;ils distinguent du vital, des sensations et surtout du sentiment qui est autre chose. Et ils mettent le mental encore au-dessus \u2014 si on peut dire \u2014 ou au-del\u00e0, ce qui fait qu&rsquo;ils ont une s\u00e9rie de gradations. En fait ce n&rsquo;est pas s\u00e9par\u00e9, ce sont les marches d&rsquo;un m\u00eame escalier.<\/p>\n<p style=\"text-align: justify;\">\n<p style=\"text-align: justify;\">Les Indiens ne croient pas qu&rsquo;il y ait une s\u00e9paration dans ces domaines. Nous formons un ensemble et nous sommes en interaction les uns avec les autres, m\u00eame si nous ne parlons pas.<\/p>\n<p style=\"text-align: justify;\">\n<p style=\"text-align: justify;\">Et M. Monod-Herzen cite l&rsquo;exemple de Von Durckheim qui m\u00e9dita pendant une demi-heure en pr\u00e9sence d&rsquo;Ananda mayee Ma, dans le silence le plus complet et en sortit \u00e9merveill\u00e9 et transform\u00e9, et celui du P\u00e8re Jean-Marie, Sup\u00e9rieur des Carmes, qui m\u00e9dita en pr\u00e9sence du Swami Ramdas et qui, pour la premi\u00e8re fois apr\u00e8s l&rsquo;avoir tant d\u00e9sir\u00e9, eut la conviction \u00e0 ce moment de la pr\u00e9sence du Christ.<\/p>\n<p style=\"text-align: justify;\">\n<p style=\"text-align: justify;\">Voici, ajoute M. Monod-Herzen, des exemples de l&rsquo;action du psychique sur le psychique, gr\u00e2ce au calme du physique.<\/p>\n<p style=\"text-align: justify;\">\n<p style=\"text-align: justify;\">Une participante : Si le physique agit sur le psychique, les individus partent au d\u00e9part avec des donn\u00e9es diff\u00e9rentes, il y a in\u00e9galit\u00e9 de chances.<\/p>\n<p style=\"text-align: justify;\">\n<p style=\"text-align: justify;\">M. Monod-Herzen : Il est certain que l&rsquo;individu s\u00e9dentaire et celui qui fait du sport n&rsquo;arrivent pas au m\u00eame point et n&rsquo;ont pas les m\u00eames activit\u00e9s psychiques. L&rsquo;inverse est vrai \u00e9galement. Selon la naissance et la caract\u00e9rologie de chacun, certains auront tendance \u00e0 faire du sport, d&rsquo;autres \u00e0 une activit\u00e9 psychologique, d&rsquo;autres ni \u00e0 l&rsquo;un, ni \u00e0 l&rsquo;autre. Les gens ne peuvent pas \u00eatre rang\u00e9s dans une m\u00eame cat\u00e9gorie. En morphologie il y a quatre types humains chez lesquels domine soit le syst\u00e8me musculaire, le syst\u00e8me digestif, le syst\u00e8me respiratoire ou le syst\u00e8me c\u00e9r\u00e9bral. Nous pouvons naturellement avoir les quatre \u00e0 peu pr\u00e8s \u00e9quivalents, mais cela n&rsquo;est pas favorable \u00e0 la r\u00e9sistance physique. Il faut avoir une dominante et plus elle sera dominante, plus l&rsquo;individu aura de r\u00e9sistance.<\/p>\n<p style=\"text-align: justify;\">\n<p style=\"text-align: justify;\">Un participant : Par sa naissance m\u00eame, sa physiologie, sa caract\u00e9rologie, sa morphologie, un individu aura des tendances particuli\u00e8res, il n&rsquo;y a donc pas \u00e9galit\u00e9 au niveau physiologique.<\/p>\n<p style=\"text-align: justify;\">\n<p style=\"text-align: justify;\">M. Monod-Herzen : Ce n&rsquo;est pas une question de chance, il ne sera pas pire qu&rsquo;un autre. Il aura simplement besoin d&rsquo;une vie qui soit conforme \u00e0 son temp\u00e9rament. Le probl\u00e8me des handicap\u00e9s est un probl\u00e8me extr\u00eame, ils sont des victimes.<\/p>\n<p style=\"text-align: justify;\">\n<p style=\"text-align: justify;\">Ce n&rsquo;est pas une diff\u00e9rence de chances que d&rsquo;avoir des tendances parfaitement d\u00e9termin\u00e9es, c&rsquo;est une diff\u00e9rence du mode de vie et l&rsquo;individu a toutes les chances de se r\u00e9aliser dans son domaine.<\/p>\n<p style=\"text-align: justify;\">\n<p style=\"text-align: justify;\">Un participant : C&rsquo;est en quelque sorte le sens m\u00eame de notre existence que d&rsquo;avoir au d\u00e9part des caract\u00e9rologies diff\u00e9rentes.<\/p>\n<p style=\"text-align: justify;\">\n<p style=\"text-align: justify;\">M. Monod-Herzen : En cons\u00e9quence chacun de nous a son destin particulier qu&rsquo;il doit d\u00e9couvrir et suivre. Si nous avons des aspirations \u00e0 nous d\u00e9passer, le chemin pour y arriver n&rsquo;est pas le m\u00eame pour chacun de nous.<\/p>\n<p style=\"text-align: justify;\">\n<p style=\"text-align: justify;\">Une participante : Si tout \u00e9tait \u00e9quilibr\u00e9, ce serait la mort, l&rsquo;immobilit\u00e9 compl\u00e8te.<\/p>\n<p style=\"text-align: justify;\">\n<p style=\"text-align: justify;\">M. Monod-Herzen : Exactement et c&rsquo;est ce qui fait que j&rsquo;ai horreur des programmes. Il n&rsquo;y a pas de privil\u00e9gi\u00e9s. Chacun de nous \u00e0 sa naissance a le maximum de ce qu&rsquo;il peut avoir, mais il est libre d&rsquo;en faire ce qu&rsquo;il veut. Il y a toute une technique pour arriver \u00e0 la connaissance de soi, le type de m\u00e9ditation du Rajayoga en est une. C&rsquo;est une connaissance en partie double : d&rsquo;une part vous prenez connaissance de votre pass\u00e9, c&rsquo;est l&rsquo;h\u00e9ritage avec lequel vous arrivez et, en m\u00eame temps vous prenez connaissance des aspirations que vous avez \u00e0 d\u00e9passer. L&rsquo;exp\u00e9rience de tous les jours peut vous la faire acqu\u00e9rir, mais se servir de la m\u00e9diation est plus direct ; \u00e0 une condition, c&rsquo;est qu&rsquo;elle corresponde \u00e0 la vie et qu&rsquo;elle soit appliqu\u00e9e \u00e0 la vie courante.<\/p>\n<p style=\"text-align: justify;\">\n<p style=\"text-align: justify;\">Se retirer du monde, ne plus avoir de vie sociale, c&rsquo;est pour des \u00eatres exceptionnels. Ce \u00e0 quoi il faut arriver, c&rsquo;est \u00e0 l&rsquo;harmonie entre la vie ext\u00e9rieure et la vie int\u00e9rieure. Il faut \u2014 et c&rsquo;est l\u00e0 un point plus d\u00e9licat \u2014 perdre l&rsquo;id\u00e9e qu&rsquo;on fait quelque chose, que je fais quelque chose, mais accepter que \u00ab je \u00bb n&rsquo;ait pas d&rsquo;importance si ce n&rsquo;est de servir librement au passage d&rsquo;une \u00e9nergie qui va harmonieusement se manifester \u00e0 l&rsquo;ext\u00e9rieur, \u00e0 la place o\u00f9 se trouve ce corps, et cela s&rsquo;arr\u00eate l\u00e0. Ce que j&rsquo;appelle \u00ab\u00a0moi \u00bb \u00e0 l&rsquo;\u00e9tat ordinaire, n&rsquo;est qu&rsquo;un reflet de la partie sup\u00e9rieure qui fait la dignit\u00e9 de l&rsquo;\u00eatre.<\/p>\n","protected":false},"excerpt":{"rendered":"<p>Ouvrir une porte n&rsquo;est pas une agression, c&rsquo;est une initiative, le fait de soulever un poids n&rsquo;est pas une agressivit\u00e9 contre la loi de la pesanteur. On peut \u00eatre agressif envers un \u00eatre, pas envers un objet. Tout d\u00e9pend d&rsquo;ailleurs du sentiment qu&rsquo;on a quand on agit. Nous sommes tellement impr\u00e9gn\u00e9s de l&rsquo;id\u00e9e de lutte et de guerre, que dans notre langage courant on parle de victoire, de strat\u00e9gie, d&rsquo;organisation, etc.<\/p>\n","protected":false},"author":1,"featured_media":0,"comment_status":"closed","ping_status":"open","sticky":false,"template":"","format":"standard","meta":{"footnotes":""},"categories":[68],"tags":[357,358],"class_list":["post-2655","post","type-post","status-publish","format-standard","hentry","category-g-monod-herzen","tag-agressivite","tag-respiration"],"yoast_head":"<!-- This site is optimized with the Yoast SEO plugin v27.0 - https:\/\/yoast.com\/product\/yoast-seo-wordpress\/ -->\n<title>L\u2019agressivit\u00e9, le psychisme et le physique Par Gabriel Monod-Herzen - 3e mill\u00e9naire - Spiritualit\u00e9 - Connaissance de soi - Non-dualit\u00e9 - M\u00e9ditation<\/title>\n<meta name=\"robots\" content=\"index, follow, max-snippet:-1, max-image-preview:large, max-video-preview:-1\" \/>\n<link rel=\"canonical\" href=\"https:\/\/www.revue3emillenaire.com\/blog\/l\u2019agressivite-le-psychisme-et-le-physique-par-gabriel-monod-herzen\/\" \/>\n<meta property=\"og:locale\" content=\"fr_FR\" \/>\n<meta property=\"og:type\" content=\"article\" \/>\n<meta property=\"og:title\" content=\"L\u2019agressivit\u00e9, le psychisme et le physique Par Gabriel Monod-Herzen - 3e mill\u00e9naire - Spiritualit\u00e9 - Connaissance de soi - Non-dualit\u00e9 - M\u00e9ditation\" \/>\n<meta property=\"og:description\" content=\"Ouvrir une porte n&#039;est pas une agression, c&#039;est une initiative, le fait de soulever un poids n&#039;est pas une agressivit\u00e9 contre la loi de la pesanteur. On peut \u00eatre agressif envers un \u00eatre, pas envers un objet. Tout d\u00e9pend d&#039;ailleurs du sentiment qu&#039;on a quand on agit. Nous sommes tellement impr\u00e9gn\u00e9s de l&#039;id\u00e9e de lutte et de guerre, que dans notre langage courant on parle de victoire, de strat\u00e9gie, d&#039;organisation, etc.\" \/>\n<meta property=\"og:url\" content=\"https:\/\/www.revue3emillenaire.com\/blog\/l\u2019agressivite-le-psychisme-et-le-physique-par-gabriel-monod-herzen\/\" \/>\n<meta property=\"og:site_name\" content=\"3e mill\u00e9naire - Spiritualit\u00e9 - Connaissance de soi - Non-dualit\u00e9 - M\u00e9ditation\" \/>\n<meta property=\"article:published_time\" content=\"2010-02-10T20:30:52+00:00\" \/>\n<meta property=\"article:modified_time\" content=\"2011-09-22T21:23:44+00:00\" \/>\n<meta name=\"author\" content=\"3e mill\u00e9naire\" \/>\n<meta name=\"twitter:card\" content=\"summary_large_image\" \/>\n<meta name=\"twitter:label1\" content=\"\u00c9crit par\" \/>\n\t<meta name=\"twitter:data1\" content=\"3e mill\u00e9naire\" \/>\n\t<meta name=\"twitter:label2\" content=\"Dur\u00e9e de lecture estim\u00e9e\" \/>\n\t<meta name=\"twitter:data2\" content=\"17 minutes\" \/>\n<script type=\"application\/ld+json\" class=\"yoast-schema-graph\">{\"@context\":\"https:\/\/schema.org\",\"@graph\":[{\"@type\":\"Article\",\"@id\":\"https:\/\/www.revue3emillenaire.com\/blog\/l%e2%80%99agressivite-le-psychisme-et-le-physique-par-gabriel-monod-herzen\/#article\",\"isPartOf\":{\"@id\":\"https:\/\/www.revue3emillenaire.com\/blog\/l%e2%80%99agressivite-le-psychisme-et-le-physique-par-gabriel-monod-herzen\/\"},\"author\":{\"name\":\"3e mill\u00e9naire\",\"@id\":\"https:\/\/www.revue3emillenaire.com\/blog\/#\/schema\/person\/9a3a7cc4ccaa707f402d4394327106d5\"},\"headline\":\"L\u2019agressivit\u00e9, le psychisme et le physique Par Gabriel Monod-Herzen\",\"datePublished\":\"2010-02-10T20:30:52+00:00\",\"dateModified\":\"2011-09-22T21:23:44+00:00\",\"mainEntityOfPage\":{\"@id\":\"https:\/\/www.revue3emillenaire.com\/blog\/l%e2%80%99agressivite-le-psychisme-et-le-physique-par-gabriel-monod-herzen\/\"},\"wordCount\":3491,\"keywords\":[\"Agressivit\u00e9\",\"respiration\"],\"articleSection\":[\"Monod-Herzen Gabriel\"],\"inLanguage\":\"fr-FR\"},{\"@type\":\"WebPage\",\"@id\":\"https:\/\/www.revue3emillenaire.com\/blog\/l%e2%80%99agressivite-le-psychisme-et-le-physique-par-gabriel-monod-herzen\/\",\"url\":\"https:\/\/www.revue3emillenaire.com\/blog\/l%e2%80%99agressivite-le-psychisme-et-le-physique-par-gabriel-monod-herzen\/\",\"name\":\"L\u2019agressivit\u00e9, le psychisme et le physique Par Gabriel Monod-Herzen - 3e mill\u00e9naire - Spiritualit\u00e9 - Connaissance de soi - Non-dualit\u00e9 - M\u00e9ditation\",\"isPartOf\":{\"@id\":\"https:\/\/www.revue3emillenaire.com\/blog\/#website\"},\"datePublished\":\"2010-02-10T20:30:52+00:00\",\"dateModified\":\"2011-09-22T21:23:44+00:00\",\"author\":{\"@id\":\"https:\/\/www.revue3emillenaire.com\/blog\/#\/schema\/person\/9a3a7cc4ccaa707f402d4394327106d5\"},\"breadcrumb\":{\"@id\":\"https:\/\/www.revue3emillenaire.com\/blog\/l%e2%80%99agressivite-le-psychisme-et-le-physique-par-gabriel-monod-herzen\/#breadcrumb\"},\"inLanguage\":\"fr-FR\",\"potentialAction\":[{\"@type\":\"ReadAction\",\"target\":[\"https:\/\/www.revue3emillenaire.com\/blog\/l%e2%80%99agressivite-le-psychisme-et-le-physique-par-gabriel-monod-herzen\/\"]}]},{\"@type\":\"BreadcrumbList\",\"@id\":\"https:\/\/www.revue3emillenaire.com\/blog\/l%e2%80%99agressivite-le-psychisme-et-le-physique-par-gabriel-monod-herzen\/#breadcrumb\",\"itemListElement\":[{\"@type\":\"ListItem\",\"position\":1,\"name\":\"Accueil\",\"item\":\"https:\/\/www.revue3emillenaire.com\/blog\/\"},{\"@type\":\"ListItem\",\"position\":2,\"name\":\"L\u2019agressivit\u00e9, le psychisme et le physique Par Gabriel Monod-Herzen\"}]},{\"@type\":\"WebSite\",\"@id\":\"https:\/\/www.revue3emillenaire.com\/blog\/#website\",\"url\":\"https:\/\/www.revue3emillenaire.com\/blog\/\",\"name\":\"3e mill\u00e9naire - Spiritualit\u00e9 - Connaissance de soi - Non-dualit\u00e9 - M\u00e9ditation\",\"description\":\"L&#039;Homme en devenir\",\"potentialAction\":[{\"@type\":\"SearchAction\",\"target\":{\"@type\":\"EntryPoint\",\"urlTemplate\":\"https:\/\/www.revue3emillenaire.com\/blog\/?s={search_term_string}\"},\"query-input\":{\"@type\":\"PropertyValueSpecification\",\"valueRequired\":true,\"valueName\":\"search_term_string\"}}],\"inLanguage\":\"fr-FR\"},{\"@type\":\"Person\",\"@id\":\"https:\/\/www.revue3emillenaire.com\/blog\/#\/schema\/person\/9a3a7cc4ccaa707f402d4394327106d5\",\"name\":\"3e mill\u00e9naire\",\"url\":\"https:\/\/www.revue3emillenaire.com\/blog\/author\/admin\/\"}]}<\/script>\n<!-- \/ Yoast SEO plugin. -->","yoast_head_json":{"title":"L\u2019agressivit\u00e9, le psychisme et le physique Par Gabriel Monod-Herzen - 3e mill\u00e9naire - Spiritualit\u00e9 - Connaissance de soi - Non-dualit\u00e9 - M\u00e9ditation","robots":{"index":"index","follow":"follow","max-snippet":"max-snippet:-1","max-image-preview":"max-image-preview:large","max-video-preview":"max-video-preview:-1"},"canonical":"https:\/\/www.revue3emillenaire.com\/blog\/l\u2019agressivite-le-psychisme-et-le-physique-par-gabriel-monod-herzen\/","og_locale":"fr_FR","og_type":"article","og_title":"L\u2019agressivit\u00e9, le psychisme et le physique Par Gabriel Monod-Herzen - 3e mill\u00e9naire - Spiritualit\u00e9 - Connaissance de soi - Non-dualit\u00e9 - M\u00e9ditation","og_description":"Ouvrir une porte n'est pas une agression, c'est une initiative, le fait de soulever un poids n'est pas une agressivit\u00e9 contre la loi de la pesanteur. On peut \u00eatre agressif envers un \u00eatre, pas envers un objet. Tout d\u00e9pend d'ailleurs du sentiment qu'on a quand on agit. Nous sommes tellement impr\u00e9gn\u00e9s de l'id\u00e9e de lutte et de guerre, que dans notre langage courant on parle de victoire, de strat\u00e9gie, d'organisation, etc.","og_url":"https:\/\/www.revue3emillenaire.com\/blog\/l\u2019agressivite-le-psychisme-et-le-physique-par-gabriel-monod-herzen\/","og_site_name":"3e mill\u00e9naire - Spiritualit\u00e9 - Connaissance de soi - Non-dualit\u00e9 - M\u00e9ditation","article_published_time":"2010-02-10T20:30:52+00:00","article_modified_time":"2011-09-22T21:23:44+00:00","author":"3e mill\u00e9naire","twitter_card":"summary_large_image","twitter_misc":{"\u00c9crit par":"3e mill\u00e9naire","Dur\u00e9e de lecture estim\u00e9e":"17 minutes"},"schema":{"@context":"https:\/\/schema.org","@graph":[{"@type":"Article","@id":"https:\/\/www.revue3emillenaire.com\/blog\/l%e2%80%99agressivite-le-psychisme-et-le-physique-par-gabriel-monod-herzen\/#article","isPartOf":{"@id":"https:\/\/www.revue3emillenaire.com\/blog\/l%e2%80%99agressivite-le-psychisme-et-le-physique-par-gabriel-monod-herzen\/"},"author":{"name":"3e mill\u00e9naire","@id":"https:\/\/www.revue3emillenaire.com\/blog\/#\/schema\/person\/9a3a7cc4ccaa707f402d4394327106d5"},"headline":"L\u2019agressivit\u00e9, le psychisme et le physique Par Gabriel Monod-Herzen","datePublished":"2010-02-10T20:30:52+00:00","dateModified":"2011-09-22T21:23:44+00:00","mainEntityOfPage":{"@id":"https:\/\/www.revue3emillenaire.com\/blog\/l%e2%80%99agressivite-le-psychisme-et-le-physique-par-gabriel-monod-herzen\/"},"wordCount":3491,"keywords":["Agressivit\u00e9","respiration"],"articleSection":["Monod-Herzen Gabriel"],"inLanguage":"fr-FR"},{"@type":"WebPage","@id":"https:\/\/www.revue3emillenaire.com\/blog\/l%e2%80%99agressivite-le-psychisme-et-le-physique-par-gabriel-monod-herzen\/","url":"https:\/\/www.revue3emillenaire.com\/blog\/l%e2%80%99agressivite-le-psychisme-et-le-physique-par-gabriel-monod-herzen\/","name":"L\u2019agressivit\u00e9, le psychisme et le physique Par Gabriel Monod-Herzen - 3e mill\u00e9naire - Spiritualit\u00e9 - Connaissance de soi - Non-dualit\u00e9 - M\u00e9ditation","isPartOf":{"@id":"https:\/\/www.revue3emillenaire.com\/blog\/#website"},"datePublished":"2010-02-10T20:30:52+00:00","dateModified":"2011-09-22T21:23:44+00:00","author":{"@id":"https:\/\/www.revue3emillenaire.com\/blog\/#\/schema\/person\/9a3a7cc4ccaa707f402d4394327106d5"},"breadcrumb":{"@id":"https:\/\/www.revue3emillenaire.com\/blog\/l%e2%80%99agressivite-le-psychisme-et-le-physique-par-gabriel-monod-herzen\/#breadcrumb"},"inLanguage":"fr-FR","potentialAction":[{"@type":"ReadAction","target":["https:\/\/www.revue3emillenaire.com\/blog\/l%e2%80%99agressivite-le-psychisme-et-le-physique-par-gabriel-monod-herzen\/"]}]},{"@type":"BreadcrumbList","@id":"https:\/\/www.revue3emillenaire.com\/blog\/l%e2%80%99agressivite-le-psychisme-et-le-physique-par-gabriel-monod-herzen\/#breadcrumb","itemListElement":[{"@type":"ListItem","position":1,"name":"Accueil","item":"https:\/\/www.revue3emillenaire.com\/blog\/"},{"@type":"ListItem","position":2,"name":"L\u2019agressivit\u00e9, le psychisme et le physique Par Gabriel Monod-Herzen"}]},{"@type":"WebSite","@id":"https:\/\/www.revue3emillenaire.com\/blog\/#website","url":"https:\/\/www.revue3emillenaire.com\/blog\/","name":"3e mill\u00e9naire - Spiritualit\u00e9 - Connaissance de soi - Non-dualit\u00e9 - M\u00e9ditation","description":"L&#039;Homme en devenir","potentialAction":[{"@type":"SearchAction","target":{"@type":"EntryPoint","urlTemplate":"https:\/\/www.revue3emillenaire.com\/blog\/?s={search_term_string}"},"query-input":{"@type":"PropertyValueSpecification","valueRequired":true,"valueName":"search_term_string"}}],"inLanguage":"fr-FR"},{"@type":"Person","@id":"https:\/\/www.revue3emillenaire.com\/blog\/#\/schema\/person\/9a3a7cc4ccaa707f402d4394327106d5","name":"3e mill\u00e9naire","url":"https:\/\/www.revue3emillenaire.com\/blog\/author\/admin\/"}]}},"_links":{"self":[{"href":"https:\/\/www.revue3emillenaire.com\/blog\/wp-json\/wp\/v2\/posts\/2655","targetHints":{"allow":["GET"]}}],"collection":[{"href":"https:\/\/www.revue3emillenaire.com\/blog\/wp-json\/wp\/v2\/posts"}],"about":[{"href":"https:\/\/www.revue3emillenaire.com\/blog\/wp-json\/wp\/v2\/types\/post"}],"author":[{"embeddable":true,"href":"https:\/\/www.revue3emillenaire.com\/blog\/wp-json\/wp\/v2\/users\/1"}],"replies":[{"embeddable":true,"href":"https:\/\/www.revue3emillenaire.com\/blog\/wp-json\/wp\/v2\/comments?post=2655"}],"version-history":[{"count":0,"href":"https:\/\/www.revue3emillenaire.com\/blog\/wp-json\/wp\/v2\/posts\/2655\/revisions"}],"wp:attachment":[{"href":"https:\/\/www.revue3emillenaire.com\/blog\/wp-json\/wp\/v2\/media?parent=2655"}],"wp:term":[{"taxonomy":"category","embeddable":true,"href":"https:\/\/www.revue3emillenaire.com\/blog\/wp-json\/wp\/v2\/categories?post=2655"},{"taxonomy":"post_tag","embeddable":true,"href":"https:\/\/www.revue3emillenaire.com\/blog\/wp-json\/wp\/v2\/tags?post=2655"}],"curies":[{"name":"wp","href":"https:\/\/api.w.org\/{rel}","templated":true}]}}