{"id":2682,"date":"2010-02-12T18:48:02","date_gmt":"2010-02-12T17:48:02","guid":{"rendered":"http:\/\/www.revue3emillenaire.com\/blog\/?p=2682"},"modified":"2010-02-12T18:49:28","modified_gmt":"2010-02-12T17:49:28","slug":"etats-de-conscience-par-gabriel-monod-herzen","status":"publish","type":"post","link":"https:\/\/www.revue3emillenaire.com\/blog\/etats-de-conscience-par-gabriel-monod-herzen\/","title":{"rendered":"\u00c9tats de conscience par Gabriel MONOD-HERZEN"},"content":{"rendered":"<p style=\"text-align: justify;\">(Revue Panharmonie. No 168. Septembre 1977)<\/p>\n<p style=\"text-align: justify;\"><em> <\/em><\/p>\n<p style=\"text-align: justify;\"><em>Le titre est de 3<sup>e<\/sup> Mill\u00e9naire<\/em><\/p>\n<p style=\"text-align: justify;\">\n<p style=\"text-align: justify;\"><strong>Compte rendu<\/strong> de la r\u00e9union du 4.4.1977<\/p>\n<p style=\"text-align: justify;\">\n<p style=\"text-align: justify;\">Nous parlons des diff\u00e9rents niveaux de la conscience qui s&rsquo;expriment de la fa\u00e7on la plus banale et la plus concr\u00e8te par la d\u00e9finition de l&rsquo;individu en un corps et en une conscience. Les deux sont ins\u00e9parables.<\/p>\n<p style=\"text-align: justify;\">\n<p style=\"text-align: justify;\">Nous avons acquis de plus en plus de connaissances sur notre corps, tandis que, en ce qui concerne la conscience, nous sommes tr\u00e8s en retard sur l&rsquo;Orient. L&rsquo;id\u00e9e de l&rsquo;influence des astres sur nos tendances et sur certains aspects de notre corps \u00e9tait connue des anciens, mais d&rsquo;une mani\u00e8re moins simpliste. Les plan\u00e8tes pour eux n&rsquo;\u00e9taient pas seulement ce que nous voyons dans le ciel, mais aussi et surtout elles correspondaient \u00e0 des dieux, aux m\u00e9taux et \u00e0 certains \u00e9tats de conscience.<\/p>\n<p style=\"text-align: justify;\">\n<p style=\"text-align: justify;\">De quoi peuvent d\u00e9pendre nos \u00e9tats de conscience, demande notre animateur ? Quels sont leurs diff\u00e9rents aspects ? \u2014 \u00ab l&rsquo;Intelligence ? \u00bb \u2014 \u00ab Non, l&rsquo;intelligence c&rsquo;est le raisonnement. Ce sont les sentiments. Nos anc\u00eatres faisaient deux grandes divisions : sentiment et raison, la Lune et le Soleil. Le sentiment pourrait \u00eatre le reflet de la raison, mais ce qu&rsquo;il a de lumi\u00e8re ne lui vient pas de lui, mais de quelque chose de sup\u00e9rieur dont nous profitons. Il y a donc deux parties de la conscience que l&rsquo;on peut rattacher \u00e0 la Lune et au Soleil, la conscience d&rsquo;\u00e9veil (Soleil) et le sommeil (Lune) pendant lequel tous les sentiments ressortent et produisent des r\u00eaves. La psychologie moderne reconna\u00eet que le r\u00eave est une psychologie du sentiment qui a ses propres r\u00e8gles.<\/p>\n<p style=\"text-align: justify;\">\n<p style=\"text-align: justify;\">O\u00f9 placez-vous l&rsquo;imagination ? demande une participante, c&rsquo;est-\u00e0-dire les images que je me cr\u00e9e.<\/p>\n<p style=\"text-align: justify;\">\n<p style=\"text-align: justify;\">M. Monod-Herzen : C&rsquo;est tout \u00e0 fait juste au point de vue \u00e9tymologique et appropri\u00e9 \u00e0 l&rsquo;acte cr\u00e9ateur de l&rsquo;artiste. Mais il y a des images qui sont impos\u00e9es, qui ne sont pas l&rsquo;effet d&rsquo;une imagination cr\u00e9atrice volontaire qui, elle, est une capacit\u00e9 de la conscience. Quelque chose se d\u00e9clenche en-dehors de notre volont\u00e9, par exemple dans les r\u00eaves. Qu&rsquo;est-ce qui d\u00e9termine les images de nos r\u00eaves ? Ce sont nos aspirations. Elles sont des tendances vers le haut qui nous permettent de d\u00e9passer notre \u00e9tat actuel. A l&rsquo;oppos\u00e9 sont les impulsions psychosociologiques et aussi les tendances psychiques. Il y a des r\u00eaves qui leur correspondent. Ce sont des impulsions d&rsquo;origine physique ou des d\u00e9sirs insatisfaits. Tandis que les aspirations sont de nature beaucoup plus \u00e9lev\u00e9e, elles montrent qu&rsquo;il y a en nous quelque chose de sup\u00e9rieur qui n&rsquo;est pas la raison, comme par exemple l&rsquo;aspiration vers la v\u00e9rit\u00e9. La v\u00e9rit\u00e9 est un \u00e9tat et non une chose. Les grands mystiques, dans leurs souvenirs parlent de choses qui leur sont venues pendant leur sommeil ou pendant leurs m\u00e9ditations, c&rsquo;est-\u00e0-dire \u00e0 un moment o\u00f9 ils on arr\u00eat\u00e9 leurs raisonnements et leurs sensations.<\/p>\n<p style=\"text-align: justify;\">\n<p style=\"text-align: justify;\">Pour les Indiens, les sentiments et le raisonnement d\u00e9pendent de la nature, il n&rsquo;y a pas que les hommes qui puissent en avoir, mais aussi d&rsquo;autre \u00eatres comme par exemple les animaux. Les Indiens sont beaucoup plus mat\u00e9rialistes que nous, mais comme la mati\u00e8re n&rsquo;est pas tr\u00e8s mat\u00e9rielle, on ne sait plus tr\u00e8s bien comment la classer !<\/p>\n<p style=\"text-align: justify;\">\n<p style=\"text-align: justify;\">Une participante : Ce n&rsquo;est pas forc\u00e9ment une pens\u00e9e de l&rsquo;animal, cela peut \u00eatre un souvenir.<\/p>\n<p style=\"text-align: justify;\">\n<p style=\"text-align: justify;\">M. Monod-Herzen : Le souvenir fait partie du mental. On peut admettre que les animaux vont bien au-del\u00e0. (Le Professeur nous en donne plusieurs exemples frappants).<\/p>\n<p style=\"text-align: justify;\">\n<p style=\"text-align: justify;\">La participante : Pour moi il y a une diff\u00e9rence entre intelligence et pens\u00e9e, c&rsquo;est peut-\u00eatre pour cela que les Indiens pr\u00e9tendent que les sentiments ne font pas partie de l&rsquo;\u00e2me.<\/p>\n<p style=\"text-align: justify;\">\n<p style=\"text-align: justify;\">M. Monod-Herzen : Ils disent que la pens\u00e9e et le sentiment appartiennent au domaine de la nature. Tous les \u00eatres ont un corps physique, donc de sensations, mais ils peuvent aussi avoir des sentiments : \u00ab J&rsquo;aime \u00bb ou \u00ab je n&rsquo;aime pas \u00bb, et des pens\u00e9es qui sont un acte mental plus ou moins \u00e9labor\u00e9. Chez l&rsquo;homme cela va tr\u00e8s loin, chez les singes d\u00e9j\u00e0 assez loin. Ce que l&rsquo;animal n&rsquo;a pas, c&rsquo;est d&rsquo;\u00eatre ma\u00eetre de lui-m\u00eame, c&rsquo;est d&rsquo;avoir un ph\u00e9nom\u00e8ne de r\u00e9flexion, il est tout impulsion.<\/p>\n<p style=\"text-align: justify;\">\n<p style=\"text-align: justify;\">Parlant d&rsquo;astrologie : Les textes grecs anciens disent : toutes les plan\u00e8tes sont en nous, non pas celles qui sont visibles dans le ciel, mais leurs tendances. Ils ne pr\u00e9tendaient jamais que les plan\u00e8tes nous influencent, elles sont comme les aiguilles d&rsquo;une montre qui marquerait par exemple 8 heures. Ce n&rsquo;est pas l&rsquo;horloge qui fait qu&rsquo;il est 8 heures, elle se borne \u00e0 les marquer. C&rsquo;est la m\u00eame chose. L&rsquo;influence des plan\u00e8tes est une indication ext\u00e9rieure d&rsquo;un ph\u00e9nom\u00e8ne qui est int\u00e9rieur.<\/p>\n<p style=\"text-align: justify;\">\n<p style=\"text-align: justify;\">Au-dessus du domaine de la personnalit\u00e9 physique, vitale et mentale, il y a ce que les Grecs appellent psychique, c&rsquo;est cette partie de nous-m\u00eames qui d\u00e9termine les aspirations, c&rsquo;est-\u00e0-dire qui tend \u00e0 nous faire remonter \u00e0 quelque chose de plus \u00e9lev\u00e9, et nous fait arriver non \u00e0 la personnalit\u00e9, mais \u00e0 la personne.<\/p>\n<p style=\"text-align: justify;\">\n<p style=\"text-align: justify;\">L\u00e0 se pose une question : comment cet \u00eatre psychique en nous agit-il ? Si l&rsquo;activit\u00e9 mentale, affective et sensible rel\u00e8ve de l&rsquo;activit\u00e9 physique, de la partie naturelle, qu&rsquo;est-ce qui se passe quand on a une aspiration tr\u00e8s forte, \u00e0 la beaut\u00e9, par exemple ? C&rsquo;est une question de go\u00fbt et de choix que peut faite le psychique. Quand quelque chose entre dans notre conscience, nous pouvons librement l&rsquo;accepter ou le refuser. Le r\u00e9sultat est extr\u00eamement important, car si je dis non \u00e0 une certaine aspiration int\u00e9rieure ou \u00e0 une certaine impulsion, l&rsquo;exp\u00e9rience montre qu&rsquo;elle perd alors de sa force. Et m\u00eame si elle revenait, peu \u00e0 peu, elle finirait par se stopper enti\u00e8rement. Tandis qu&rsquo;en disant oui, la chose s&rsquo;int\u00e9grera dans la personnalit\u00e9 et deviendra une partie de nous-m\u00eame. C&rsquo;est cela la clef de la transformation de nous-m\u00eames que nous pouvons faire, cette sorte d&rsquo;\u00e9ducation permanente appel\u00e9e Yoga en Inde. Cette libert\u00e9 du choix est la marque m\u00eame du psychisme. La volont\u00e9 ce n&rsquo;est pas de faire ou non quelque chose, c&rsquo;est d&rsquo;\u00eatre parfaitement d\u00e9tendu et de dire: \u00ab Cela ne se fera pas ! \u00bb C&rsquo;est une d\u00e9cision, ce n&rsquo;est pas un effort.<\/p>\n<p style=\"text-align: justify;\">\n<p style=\"text-align: justify;\">Quand on fait dans un domaine cette transformation progressive, on en tire un plaisir immense, celui de se rendre compte qu&rsquo;on a pris en main la ma\u00eetrise de ce qui nous \u00e9chappait et qui, maintenant, est l\u00e0. Le jour o\u00f9 nous arrivons \u00e0 ne plus avoir des impulsions qui viennent s&rsquo;entremettre et qui nous font d\u00e9vier \u00e0 droite et \u00e0 gauche, nous avons obtenu un gain magnifique. La Bhagavad G\u00eeta dit : \u00ab Tr\u00e8s peu de cette sagesse donne un tr\u00e8s grand bonheur. \u00bb<\/p>\n<p style=\"text-align: justify;\">\n<p style=\"text-align: justify;\">Nous venons de parler d&rsquo;\u00e9ducation individuelle, mais lorsqu&rsquo;il s&rsquo;agit de l&rsquo;\u00e9ducation des autres, des enfants, c&rsquo;est beaucoup plus compliqu\u00e9, les adultes ayant tendance \u00e0 leur imposer ce qu&rsquo;ils pensent qu&rsquo;ils devraient faire. Or le seul devoir qu&rsquo;on ait, c&rsquo;est d&rsquo;aider les enfants \u00e0 d\u00e9velopper au maximum les qualit\u00e9s qu&rsquo;ils ont en eux et qui ne sont peut-\u00eatre pas celles que les parents auraient d\u00e9sir\u00e9es. Cela n&#8217;emp\u00eache pas de ne pas les laisser faire n&rsquo;importe quoi.<\/p>\n<p style=\"text-align: justify;\">\n<p style=\"text-align: justify;\">Un autre cas, c&rsquo;est le mariage. L&rsquo;amour est n\u00e9cessaire, mais il ne suffit pas. Il faut qu&rsquo;il y ait respect et libert\u00e9 mutuelle. Quand existe la compl\u00e9mentarit\u00e9 du couple, chacun peut voir dans l&rsquo;autre, r\u00e9alis\u00e9 physiquement des probl\u00e8mes qui pour lui sont int\u00e9rieurs. Compl\u00e9mentaire n&rsquo;est pas semblable. C&rsquo;est une aide qui continue, la vieillesse n&rsquo;a rien \u00e0 y voir. Vous pouvez cesser d&rsquo;avoir une attraction physique pour un individu et continuer \u00e0 avoir un amour profond et un \u00e9change remarquable.<\/p>\n<p style=\"text-align: justify;\">\n<p style=\"text-align: justify;\">Au sujet de la m\u00e9ditation : Qu&rsquo;est-ce que le \u00ab mental papillon \u00bb, c&rsquo;est-\u00e0-dire toutes les pens\u00e9es qui surgissent p\u00eale-m\u00eale dans votre mental, sinon vous-m\u00eame. Prenez-en conscience et petit \u00e0 petit elles s&rsquo;\u00e9limineront. Vous pouvez retenir une pens\u00e9e int\u00e9ressante et la garder un peu plus longtemps que les autres et vous arriverez ainsi \u00e0 ce qu&rsquo;on appelle \u00ab la m\u00e9ditation avec semence \u00bb, c&rsquo;est-\u00e0-dire avec un sujet. Plus tard, beaucoup plus tard, vous pourrez vous passez de la semence. Pour ceux qui ont un c\u00f4t\u00e9 d\u00e9votionnel d\u00e9velopp\u00e9, c&rsquo;est beaucoup plus facile. Ils disent : \u00ab Seigneur, je ne fais rien, je suis entre Tes mains \u00bb. Mais l\u00e0 aussi il y a des inconv\u00e9nients. Dans les textes grecs anciens, que je suis en train d&rsquo;\u00e9tudier, on parle des dieux et de Dieu. Et quand le disciple en arrive l\u00e0, le Ma\u00eetre lui dit : \u00ab L\u00e0, je ne peux rien en dire. Mais on peut L&rsquo;aimer, vouloir Le conna\u00eetre, \u00e0 condition de s&rsquo;ouvrir \u00e0 Lui, parce que c&rsquo;est Lui qui fait les choses et pas nous ! \u00bb<\/p>\n<p style=\"text-align: justify;\">\n<p style=\"text-align: justify;\"><strong>Compte rendu<\/strong> de la r\u00e9union du 2.5.1977<\/p>\n<p style=\"text-align: justify;\">\n<p style=\"text-align: justify;\">Abordant, au sujet du dernier livre de Satprem l&rsquo;id\u00e9e de Sri Aurobindo qu&rsquo;il n&rsquo;y a pas de raison d&rsquo;\u00eatre \u00e9ternellement mortel, M. Monod-Herzen nous dit que les biologistes pensent qu&rsquo;il n&rsquo;y a en effet pas de raison pour que l&rsquo;homme soit oblig\u00e9 de mourir, s&rsquo;il peut \u00e9liminer compl\u00e8tement les d\u00e9chets de sa vie. L&rsquo;immortalit\u00e9 d&rsquo;un \u00eatre vivant n&rsquo;est pas chose rare : les microbes sont immortels, ils ne meurent que par accident. Ils grossissent et quand ils sont suffisamment gros, ils se divisent en deux et cela recommence ind\u00e9finiment. Le fait de mourir \u2014 je ne parle pas de raison d&rsquo;ordre spirituel \u2014 est que nous sommes tellement compliqu\u00e9s comme m\u00e9canisme, que nous n&rsquo;arrivons pas \u00e0 nous d\u00e9barrasser des traces du pass\u00e9, c&rsquo;est-\u00e0-dire des d\u00e9chets. Nous les conservons et les transformons constamment. C&rsquo;est ce qui est cause du vieillissement du corps et de la n\u00e9cessit\u00e9, quand il n&rsquo;y a plus de r\u00e9action possible, de l&rsquo;arr\u00eat de l&rsquo;organisme.<\/p>\n<p style=\"text-align: justify;\">\n<p style=\"text-align: justify;\">Une participante\u00a0 Et le surpeuplement ?<\/p>\n<p style=\"text-align: justify;\">\n<p style=\"text-align: justify;\">R\u00e9ponse : Si l&rsquo;\u00eatre humain ne mourrait plus, il ne se reproduirait plus. Ce qui ne meurt pas n&rsquo;a pas de raison de na\u00eetre.<\/p>\n<p style=\"text-align: justify;\">\n<p style=\"text-align: justify;\">Mais cette \u00e9volution de l&rsquo;humanit\u00e9 n&rsquo;est pas encore pour demain. Des transformations physiques consid\u00e9rables peuvent avoir lieu, nous pourrons avoir un corps qui soit fait de quelque chose de plus subtil tout en restant physique, quelque chose o\u00f9 les \u00e9liminations seraient parfaites, la mort alors serait inutile et la naissance aussi.<\/p>\n<p style=\"text-align: justify;\">\n<p style=\"text-align: justify;\">La question qui m&rsquo;avait \u00e9t\u00e9 demand\u00e9e la derni\u00e8re fois, est celle de l&rsquo;influence du psychisme sur le physique et vice-versa. Il est certain que la pratique d&rsquo;exercices physiques a un retentissement sur le caract\u00e8re. Inversement, si j&rsquo;apprends \u00e0 ma\u00eetriser certaines tendances de mon caract\u00e8re, je vais pouvoir faire dispara\u00eetre des crispations, des tensions de mon organisme. \u00c9tant donn\u00e9 qu&rsquo;il y a une unit\u00e9 vraiment compl\u00e8te entre la conscience et le corps et qu&rsquo;ils ne sont jamais s\u00e9par\u00e9s quand on est vivant et normal, on a un pouvoir tr\u00e8s grand pour agir de l&rsquo;un sur l&rsquo;autre ou de l&rsquo;un \u00e0 l&rsquo;autre.<\/p>\n<p style=\"text-align: justify;\">\n<p style=\"text-align: justify;\">Passons \u00e0 un autre sujet qui n&rsquo;est pas distinct de celui-l\u00e0. Comment concevez-vous les diff\u00e9rentes couches de la conscience ?<\/p>\n<p style=\"text-align: justify;\">\n<p style=\"text-align: justify;\">Un participant : Vous \u00eates, la derni\u00e8re fois, parti d&rsquo;une dualit\u00e9 Lune-Soleil,\u00a0 la partie lunaire serait caract\u00e9ris\u00e9e par l&rsquo;impulsion, la partie inconsciente et animale, et la partie solaire par les aspirations et la conscience.<\/p>\n<p style=\"text-align: justify;\">\n<p style=\"text-align: justify;\">M. Monod-Herzen : Je vais vous montrer un autre aspect de la question qui a \u00e9t\u00e9 beaucoup d\u00e9velopp\u00e9 en Orient, en Inde et au Tibet, la fameuse th\u00e9orie des Chakras, les centres de force et d&rsquo;\u00e9nergie dans l&rsquo;organisme humain. Les Indiens en distinguent trois qu&rsquo;ils appellent des n\u0153uds. Le premier est situ\u00e9 au sacrum, tout \u00e0 fait au bord de la colonne vert\u00e9brale. Le second dans la r\u00e9gion du c\u0153ur, et le troisi\u00e8me au cerveau. Le centre le plus bas n&rsquo;est pas le centre g\u00e9nital, il est la base de tout, y compris la digestion et toutes les autres choses de la vie. Les Hindous rapportent \u00e0 ces centres les trois Divinit\u00e9s de la Trimurti : la base est Brahma, l&rsquo;existence pure, le fait d&rsquo;exister qui est la base de tout, parce que sans cela il n&rsquo;y a rien. Le c\u0153ur, c&rsquo;est Vishnu, c&rsquo;est la Vie, l&rsquo;\u00e9volution, le changement, l&rsquo;acquisition de connaissances et le d\u00e9sir de continuer. Le centre c\u00e9r\u00e9bral, c&rsquo;est Shiva qui est lunaire, c&rsquo;est la Voie du retour qui permet de remonter, de faire le chemin inverse de celui qui a \u00e9t\u00e9 fait par le c\u0153ur, celui qui fait retourner \u00e0 la base m\u00eame, \u00e0 l&rsquo;essence m\u00eame, mais qui, cette fois, ne sera plus une base physique, mais se situera hors du corps, ce sera la sortie, la lib\u00e9ration.<\/p>\n<p style=\"text-align: justify;\">\n<p style=\"text-align: justify;\">Ces trois points sont trois \u00e9tapes fondamentales, l&rsquo;existence, le c\u00f4t\u00e9 vital, affectif et intuitif et le c\u00f4t\u00e9 mental qui est le sommet de l&rsquo;homme actuel. Ce qui est admirable et qui distingue l&rsquo;homme de l&rsquo;animal, c&rsquo;est que nous pouvons aller au-del\u00e0. Nous pouvons en payant le prix, en faisant le n\u00e9cessaire, c&rsquo;est-\u00e0-dire en sacrifiant certaines choses pour en avoir d&rsquo;autres, passer ce niveau mental. Physique, vital, mental, sont les trois aspects de la personnalit\u00e9, non de la personne qui, pour moi, est quelque chose de spirituel, c&rsquo;est ce qui est \u00ab au-dessus \u00bb.<\/p>\n<p style=\"text-align: justify;\">\n<p style=\"text-align: justify;\">Un participant : O\u00f9 est le supramental de Sri Aurobindo ?<\/p>\n<p style=\"text-align: justify;\">\n<p style=\"text-align: justify;\">R\u00e9ponse : Je ne peux parler que de ce que je connais, du moins en partie. Le supramental, je n&rsquo;y suis pas. Je sais de quoi il s&rsquo;agit parce que j&rsquo;en ai entendu parler, que j&rsquo;ai lu beaucoup de choses \u00e0 ce sujet, mais je dois avouer tout de suite que je n&rsquo;y ai pas acc\u00e8s. Pour nous le psychique est la partie spirituelle de nous-m\u00eames qui est \u00e0 l&rsquo;origine de nos aspirations vers le haut. Nous sommes constamment pris entre les impulsions de notre personnalit\u00e9 et les aspirations du psychique qui transpara\u00eet comme une lumi\u00e8re qui passerait plus ou moins profond\u00e9ment \u00e0 travers l&rsquo;eau. C&rsquo;est un choix \u00e0 faire \u00e0 chaque instant. C&rsquo;est \u00e0 la fois le drame, la difficult\u00e9 et la gloire de notre vie.<\/p>\n<p style=\"text-align: justify;\">\n<p style=\"text-align: justify;\">Le participant : Ne peut-on pas voir dans le psychisme une r\u00e9sultante des tensions psychologiques ?<\/p>\n<p style=\"text-align: justify;\">\n<p style=\"text-align: justify;\">M. Monod-Herzen : Non, il est sup\u00e9rieur de nature et n&rsquo;est pas divisible, c&rsquo;est une lumi\u00e8re qui peut p\u00e9n\u00e9trer n&rsquo;importe quelle partie de la personnalit\u00e9 jusqu&rsquo;au physique inclusivement. Ce n&rsquo;est pas compris dans les trois plans, c&rsquo;est le septi\u00e8me Chakra qui, quoiqu&rsquo;\u00e9tant disponible pour le corps, ne s&rsquo;y trouve pas, mais est au-dessus.<\/p>\n<p style=\"text-align: justify;\">\n<p style=\"text-align: justify;\">Le participant : Et la psychologie des profondeurs ?<\/p>\n<p style=\"text-align: justify;\">\n<p style=\"text-align: justify;\">M. Monod-Herzen : Tout cela est dans la personnalit\u00e9 au niveau du mental et non du vital, m\u00eame la conception, m\u00eame le g\u00e9nie. C&rsquo;est beaucoup plus ample qu&rsquo;on ne le pense. Les Anglais ont identifi\u00e9 le mot psychique avec le spirite qu&rsquo;ils appellent des ph\u00e9nom\u00e8nes psychiques. L&rsquo;origine grecque du mot est aussi g\u00eanante, elle a trait \u00e0 Psych\u00e9, ce qui tend vers le ciel. En employant le mot \u00ab spirituel \u00bb il y aura moins de confusion. La partie qui aspire vers la remont\u00e9e. Pour parler comme les Hindous, c&rsquo;est cela qui se r\u00e9incarne. La personnalit\u00e9 se d\u00e9fait, elle n&rsquo;a plus aucune raison d&rsquo;exister, mais le psychique n&rsquo;est pas touch\u00e9. Et, \u00e0 ce moment-l\u00e0, suivant ses tendances, car il en a, il est quelque chose d&rsquo;extr\u00eamement actif, extr\u00eamement positif, il va se trouver attir\u00e9 par des possibilit\u00e9s de naissance qui sont \u00e0 sa port\u00e9e et, s&rsquo;il y en a une qui correspond au besoin qu&rsquo;il a, il va se mettre au-dessus de la t\u00eate de l&rsquo;enfant nouveau qui va appara\u00eetre.<\/p>\n<p style=\"text-align: justify;\">\n<p style=\"text-align: justify;\">Le participant : Par un syst\u00e8me de vibrations ?<\/p>\n<p style=\"text-align: justify;\">\n<p style=\"text-align: justify;\">M. Monod-Herzen : Je ne sais pas. On peut aussi dire que c&rsquo;est analogue \u00e0 une affinit\u00e9 chimique que contient le corps et qui correspond aux besoins de cet \u00eatre spirituel. Certains peuples pensent que l&rsquo;union sexuelle n&rsquo;est pas suffisante pour expliquer la naissance d&rsquo;un enfant. C&rsquo;est parfaitement vrai. Il y a un \u00e9l\u00e9ment de plus. Il ne suffit pas d&rsquo;un corps, il faut aussi qu&rsquo;l y ait une \u00e2me pour lui donner son unit\u00e9 et en faire une personne.<\/p>\n<p style=\"text-align: justify;\">\n<p style=\"text-align: justify;\">Une participante : Lorsqu&rsquo;on parle de psychisme et de conscience, ne s&rsquo;agit-il pas de quelque chose d&rsquo;universel dont on a une part selon ses aspirations ?<\/p>\n<p style=\"text-align: justify;\">\n<p style=\"text-align: justify;\">M. Monod-Herzen : C&rsquo;est toute la philosophie Shankhyenne. Notre partie spirituelle n\u2019est pas limit\u00e9e, par cons\u00e9quent elle est en contact avec des choses extr\u00eamement vastes. Il y a une conscience cosmique. Nos sentiments ne sont pas limit\u00e9s par une peau comme notre corps l&rsquo;est physiquement par une enveloppe. Notre \u00e9tat affectif, vital se r\u00e9pand autour de nous et peut-\u00eatre parfaitement reli\u00e9 avec l&rsquo;ext\u00e9rieur. D&rsquo;o\u00f9 la sympathie et l&rsquo;antipathie ressenties pour certains \u00eatres. Nous sommes tellement persuad\u00e9s que notre corps physique est tout, que nous finissons par nous rapetisser. La personnalit\u00e9 a un corps physique, mais il y a autre chose autour, une atmosph\u00e8re en communication avec les autres \u00eatres. L&rsquo;homme appara\u00eet surtout comme un facteur d&rsquo;unit\u00e9, ayant de nombreuses possibilit\u00e9s, mais qui ne sont jamais s\u00e9par\u00e9es les unes des autres. Sri Aurobindo, d&rsquo;apr\u00e8s ses exp\u00e9riences, a distingu\u00e9 le surmental, un mental purement abstrait, du supramental qui lui n&rsquo;est plus dans la gamme des plans spirituels. Les possibilit\u00e9s de conscience au-del\u00e0 du mental peuvent \u00eatre atteintes dans le domaine artistique, mais aussi par l&rsquo;intuition et par la m\u00e9ditation. Il y a des intuitions mentales, vitales et physiques. Toute ma\u00eetrise est une influence du spirituel sur la personnalit\u00e9.<\/p>\n<p style=\"text-align: justify;\">\n<p style=\"text-align: justify;\">Une participante : Comment, d&rsquo;apr\u00e8s cela, peut-on diff\u00e9rencier l&rsquo;homme de l&rsquo;animal ?<\/p>\n<p style=\"text-align: justify;\">\n<p style=\"text-align: justify;\">M. Monod-Herzen : D&rsquo;apr\u00e8s les r\u00e8gnes de la nature, le r\u00e8gne physique, le r\u00e8gne min\u00e9ral qui est la base, car toute nature vient de l\u00e0, le r\u00e8gne v\u00e9g\u00e9tal seul capable de se nourrir directement sur le r\u00e8gne min\u00e9ral, du moins en grande partie, d\u00e9veloppe tout le c\u00f4t\u00e9 vital, toutes les formes de vie dont la vari\u00e9t\u00e9 est prodigieuse chez les v\u00e9g\u00e9taux. C&rsquo;est l&rsquo;\u00eatre vital avec sa sensibilit\u00e9. La plante n&rsquo;a gu\u00e8re de mental, mais l&rsquo;animal en a un, qui se d\u00e9veloppe peu \u00e0 peu jusqu&rsquo;\u00e0 \u00eatre capable de penser par lui-m\u00eame, c&rsquo;est-\u00e0-dire de r\u00e9fl\u00e9chir, et c&rsquo;est l&rsquo;homme. Le psychique, le spirituel existe partout, aussi bien au-dessus du min\u00e9ral que de l&rsquo;homme, mais il n&rsquo;a pas de contact direct avec le min\u00e9ral, sauf sous une forme : la cristallisation. Dans la mati\u00e8re physique la conscience est totalement latente. Les Hindous disent que tout est dans la nature, mais \u00e0 l&rsquo;\u00e9tat latent, endormi. Cela se r\u00e9veille progressivement. Dans la nature physique par une r\u00e9action chimique qui est d\u00e9termin\u00e9e. Quant aux v\u00e9g\u00e9taux, ils ont une sensibilit\u00e9 qui est dirig\u00e9e au point de vue spirituel, une forme d&rsquo;intelligence vitale. Elle n&rsquo;est pas humaine parce que trop automatique, mais on peut admettre que la plante fait quelque chose parce que cela lui est agr\u00e9able. Chez l&rsquo;animal il y a un mental d\u00e9j\u00e0 important, il a des r\u00eaves, des images et gr\u00e2ce \u00e0 l&rsquo;amour que lui donnent les hommes, il se transforme, il fait un travail sur lui-m\u00eame et le spirituel se manifeste plus nettement. Chez l&rsquo;homme cela peut devenir parfaitement conscient, il peut d\u00e9cider de prendre en mains sa destin\u00e9e.<\/p>\n","protected":false},"excerpt":{"rendered":"<p>Comment cet \u00eatre psychique en nous agit-il ? Si l&rsquo;activit\u00e9 mentale, affective et sensible rel\u00e8ve de l&rsquo;activit\u00e9 physique, de la partie naturelle, qu&rsquo;est-ce qui se passe quand on a une aspiration tr\u00e8s forte, \u00e0 la beaut\u00e9, par exemple ? C&rsquo;est une question de go\u00fbt et de choix que peut faire le psychique. Quand quelque chose entre dans notre conscience, nous pouvons librement l&rsquo;accepter ou le refuser. Le r\u00e9sultat est extr\u00eamement important, car si je dis non \u00e0 une certaine aspiration int\u00e9rieure ou \u00e0 une certaine impulsion, l&rsquo;exp\u00e9rience montre qu&rsquo;elle perd alors de sa force. Et m\u00eame si elle revenait, peu \u00e0 peu, elle finirait par se stopper enti\u00e8rement. Tandis qu&rsquo;en disant oui, la chose s&rsquo;int\u00e9grera dans la personnalit\u00e9 et deviendra une partie de nous-m\u00eame. C&rsquo;est cela la clef de la transformation de nous-m\u00eames que nous pouvons faire, cette sorte d&rsquo;\u00e9ducation permanente appel\u00e9e Yoga en Inde.<\/p>\n","protected":false},"author":1,"featured_media":0,"comment_status":"closed","ping_status":"open","sticky":false,"template":"","format":"standard","meta":{"footnotes":""},"categories":[68],"tags":[1351,37,1346],"class_list":["post-2682","post","type-post","status-publish","format-standard","hentry","category-g-monod-herzen","tag-aurobindo","tag-conscience","tag-education"],"yoast_head":"<!-- This site is optimized with the Yoast SEO plugin v27.0 - https:\/\/yoast.com\/product\/yoast-seo-wordpress\/ -->\n<title>\u00c9tats de conscience par Gabriel MONOD-HERZEN - 3e mill\u00e9naire - Spiritualit\u00e9 - Connaissance de soi - Non-dualit\u00e9 - M\u00e9ditation<\/title>\n<meta name=\"robots\" content=\"index, follow, max-snippet:-1, max-image-preview:large, max-video-preview:-1\" \/>\n<link rel=\"canonical\" href=\"https:\/\/www.revue3emillenaire.com\/blog\/etats-de-conscience-par-gabriel-monod-herzen\/\" \/>\n<meta property=\"og:locale\" content=\"fr_FR\" \/>\n<meta property=\"og:type\" content=\"article\" \/>\n<meta property=\"og:title\" content=\"\u00c9tats de conscience par Gabriel MONOD-HERZEN - 3e mill\u00e9naire - Spiritualit\u00e9 - Connaissance de soi - Non-dualit\u00e9 - M\u00e9ditation\" \/>\n<meta property=\"og:description\" content=\"Comment cet \u00eatre psychique en nous agit-il ? Si l&#039;activit\u00e9 mentale, affective et sensible rel\u00e8ve de l&#039;activit\u00e9 physique, de la partie naturelle, qu&#039;est-ce qui se passe quand on a une aspiration tr\u00e8s forte, \u00e0 la beaut\u00e9, par exemple ? C&#039;est une question de go\u00fbt et de choix que peut faire le psychique. Quand quelque chose entre dans notre conscience, nous pouvons librement l&#039;accepter ou le refuser. Le r\u00e9sultat est extr\u00eamement important, car si je dis non \u00e0 une certaine aspiration int\u00e9rieure ou \u00e0 une certaine impulsion, l&#039;exp\u00e9rience montre qu&#039;elle perd alors de sa force. Et m\u00eame si elle revenait, peu \u00e0 peu, elle finirait par se stopper enti\u00e8rement. Tandis qu&#039;en disant oui, la chose s&#039;int\u00e9grera dans la personnalit\u00e9 et deviendra une partie de nous-m\u00eame. C&#039;est cela la clef de la transformation de nous-m\u00eames que nous pouvons faire, cette sorte d&#039;\u00e9ducation permanente appel\u00e9e Yoga en Inde.\" \/>\n<meta property=\"og:url\" content=\"https:\/\/www.revue3emillenaire.com\/blog\/etats-de-conscience-par-gabriel-monod-herzen\/\" \/>\n<meta property=\"og:site_name\" content=\"3e mill\u00e9naire - Spiritualit\u00e9 - Connaissance de soi - Non-dualit\u00e9 - M\u00e9ditation\" \/>\n<meta property=\"article:published_time\" content=\"2010-02-12T17:48:02+00:00\" \/>\n<meta property=\"article:modified_time\" content=\"2010-02-12T17:49:28+00:00\" \/>\n<meta name=\"author\" content=\"3e mill\u00e9naire\" \/>\n<meta name=\"twitter:card\" content=\"summary_large_image\" \/>\n<meta name=\"twitter:label1\" content=\"\u00c9crit par\" \/>\n\t<meta name=\"twitter:data1\" content=\"3e mill\u00e9naire\" \/>\n\t<meta name=\"twitter:label2\" content=\"Dur\u00e9e de lecture estim\u00e9e\" \/>\n\t<meta name=\"twitter:data2\" content=\"16 minutes\" \/>\n<script type=\"application\/ld+json\" class=\"yoast-schema-graph\">{\"@context\":\"https:\/\/schema.org\",\"@graph\":[{\"@type\":\"Article\",\"@id\":\"https:\/\/www.revue3emillenaire.com\/blog\/etats-de-conscience-par-gabriel-monod-herzen\/#article\",\"isPartOf\":{\"@id\":\"https:\/\/www.revue3emillenaire.com\/blog\/etats-de-conscience-par-gabriel-monod-herzen\/\"},\"author\":{\"name\":\"3e mill\u00e9naire\",\"@id\":\"https:\/\/www.revue3emillenaire.com\/blog\/#\/schema\/person\/9a3a7cc4ccaa707f402d4394327106d5\"},\"headline\":\"\u00c9tats de conscience par Gabriel MONOD-HERZEN\",\"datePublished\":\"2010-02-12T17:48:02+00:00\",\"dateModified\":\"2010-02-12T17:49:28+00:00\",\"mainEntityOfPage\":{\"@id\":\"https:\/\/www.revue3emillenaire.com\/blog\/etats-de-conscience-par-gabriel-monod-herzen\/\"},\"wordCount\":3281,\"keywords\":[\"Aurobindo\",\"Conscience\",\"Education\"],\"articleSection\":[\"Monod-Herzen Gabriel\"],\"inLanguage\":\"fr-FR\"},{\"@type\":\"WebPage\",\"@id\":\"https:\/\/www.revue3emillenaire.com\/blog\/etats-de-conscience-par-gabriel-monod-herzen\/\",\"url\":\"https:\/\/www.revue3emillenaire.com\/blog\/etats-de-conscience-par-gabriel-monod-herzen\/\",\"name\":\"\u00c9tats de conscience par Gabriel MONOD-HERZEN - 3e mill\u00e9naire - Spiritualit\u00e9 - Connaissance de soi - Non-dualit\u00e9 - M\u00e9ditation\",\"isPartOf\":{\"@id\":\"https:\/\/www.revue3emillenaire.com\/blog\/#website\"},\"datePublished\":\"2010-02-12T17:48:02+00:00\",\"dateModified\":\"2010-02-12T17:49:28+00:00\",\"author\":{\"@id\":\"https:\/\/www.revue3emillenaire.com\/blog\/#\/schema\/person\/9a3a7cc4ccaa707f402d4394327106d5\"},\"breadcrumb\":{\"@id\":\"https:\/\/www.revue3emillenaire.com\/blog\/etats-de-conscience-par-gabriel-monod-herzen\/#breadcrumb\"},\"inLanguage\":\"fr-FR\",\"potentialAction\":[{\"@type\":\"ReadAction\",\"target\":[\"https:\/\/www.revue3emillenaire.com\/blog\/etats-de-conscience-par-gabriel-monod-herzen\/\"]}]},{\"@type\":\"BreadcrumbList\",\"@id\":\"https:\/\/www.revue3emillenaire.com\/blog\/etats-de-conscience-par-gabriel-monod-herzen\/#breadcrumb\",\"itemListElement\":[{\"@type\":\"ListItem\",\"position\":1,\"name\":\"Accueil\",\"item\":\"https:\/\/www.revue3emillenaire.com\/blog\/\"},{\"@type\":\"ListItem\",\"position\":2,\"name\":\"\u00c9tats de conscience par Gabriel MONOD-HERZEN\"}]},{\"@type\":\"WebSite\",\"@id\":\"https:\/\/www.revue3emillenaire.com\/blog\/#website\",\"url\":\"https:\/\/www.revue3emillenaire.com\/blog\/\",\"name\":\"3e mill\u00e9naire - Spiritualit\u00e9 - Connaissance de soi - Non-dualit\u00e9 - M\u00e9ditation\",\"description\":\"L&#039;Homme en devenir\",\"potentialAction\":[{\"@type\":\"SearchAction\",\"target\":{\"@type\":\"EntryPoint\",\"urlTemplate\":\"https:\/\/www.revue3emillenaire.com\/blog\/?s={search_term_string}\"},\"query-input\":{\"@type\":\"PropertyValueSpecification\",\"valueRequired\":true,\"valueName\":\"search_term_string\"}}],\"inLanguage\":\"fr-FR\"},{\"@type\":\"Person\",\"@id\":\"https:\/\/www.revue3emillenaire.com\/blog\/#\/schema\/person\/9a3a7cc4ccaa707f402d4394327106d5\",\"name\":\"3e mill\u00e9naire\",\"url\":\"https:\/\/www.revue3emillenaire.com\/blog\/author\/admin\/\"}]}<\/script>\n<!-- \/ Yoast SEO plugin. -->","yoast_head_json":{"title":"\u00c9tats de conscience par Gabriel MONOD-HERZEN - 3e mill\u00e9naire - Spiritualit\u00e9 - Connaissance de soi - Non-dualit\u00e9 - M\u00e9ditation","robots":{"index":"index","follow":"follow","max-snippet":"max-snippet:-1","max-image-preview":"max-image-preview:large","max-video-preview":"max-video-preview:-1"},"canonical":"https:\/\/www.revue3emillenaire.com\/blog\/etats-de-conscience-par-gabriel-monod-herzen\/","og_locale":"fr_FR","og_type":"article","og_title":"\u00c9tats de conscience par Gabriel MONOD-HERZEN - 3e mill\u00e9naire - Spiritualit\u00e9 - Connaissance de soi - Non-dualit\u00e9 - M\u00e9ditation","og_description":"Comment cet \u00eatre psychique en nous agit-il ? Si l'activit\u00e9 mentale, affective et sensible rel\u00e8ve de l'activit\u00e9 physique, de la partie naturelle, qu'est-ce qui se passe quand on a une aspiration tr\u00e8s forte, \u00e0 la beaut\u00e9, par exemple ? C'est une question de go\u00fbt et de choix que peut faire le psychique. Quand quelque chose entre dans notre conscience, nous pouvons librement l'accepter ou le refuser. Le r\u00e9sultat est extr\u00eamement important, car si je dis non \u00e0 une certaine aspiration int\u00e9rieure ou \u00e0 une certaine impulsion, l'exp\u00e9rience montre qu'elle perd alors de sa force. Et m\u00eame si elle revenait, peu \u00e0 peu, elle finirait par se stopper enti\u00e8rement. Tandis qu'en disant oui, la chose s'int\u00e9grera dans la personnalit\u00e9 et deviendra une partie de nous-m\u00eame. C'est cela la clef de la transformation de nous-m\u00eames que nous pouvons faire, cette sorte d'\u00e9ducation permanente appel\u00e9e Yoga en Inde.","og_url":"https:\/\/www.revue3emillenaire.com\/blog\/etats-de-conscience-par-gabriel-monod-herzen\/","og_site_name":"3e mill\u00e9naire - Spiritualit\u00e9 - Connaissance de soi - Non-dualit\u00e9 - M\u00e9ditation","article_published_time":"2010-02-12T17:48:02+00:00","article_modified_time":"2010-02-12T17:49:28+00:00","author":"3e mill\u00e9naire","twitter_card":"summary_large_image","twitter_misc":{"\u00c9crit par":"3e mill\u00e9naire","Dur\u00e9e de lecture estim\u00e9e":"16 minutes"},"schema":{"@context":"https:\/\/schema.org","@graph":[{"@type":"Article","@id":"https:\/\/www.revue3emillenaire.com\/blog\/etats-de-conscience-par-gabriel-monod-herzen\/#article","isPartOf":{"@id":"https:\/\/www.revue3emillenaire.com\/blog\/etats-de-conscience-par-gabriel-monod-herzen\/"},"author":{"name":"3e mill\u00e9naire","@id":"https:\/\/www.revue3emillenaire.com\/blog\/#\/schema\/person\/9a3a7cc4ccaa707f402d4394327106d5"},"headline":"\u00c9tats de conscience par Gabriel MONOD-HERZEN","datePublished":"2010-02-12T17:48:02+00:00","dateModified":"2010-02-12T17:49:28+00:00","mainEntityOfPage":{"@id":"https:\/\/www.revue3emillenaire.com\/blog\/etats-de-conscience-par-gabriel-monod-herzen\/"},"wordCount":3281,"keywords":["Aurobindo","Conscience","Education"],"articleSection":["Monod-Herzen Gabriel"],"inLanguage":"fr-FR"},{"@type":"WebPage","@id":"https:\/\/www.revue3emillenaire.com\/blog\/etats-de-conscience-par-gabriel-monod-herzen\/","url":"https:\/\/www.revue3emillenaire.com\/blog\/etats-de-conscience-par-gabriel-monod-herzen\/","name":"\u00c9tats de conscience par Gabriel MONOD-HERZEN - 3e mill\u00e9naire - Spiritualit\u00e9 - Connaissance de soi - Non-dualit\u00e9 - M\u00e9ditation","isPartOf":{"@id":"https:\/\/www.revue3emillenaire.com\/blog\/#website"},"datePublished":"2010-02-12T17:48:02+00:00","dateModified":"2010-02-12T17:49:28+00:00","author":{"@id":"https:\/\/www.revue3emillenaire.com\/blog\/#\/schema\/person\/9a3a7cc4ccaa707f402d4394327106d5"},"breadcrumb":{"@id":"https:\/\/www.revue3emillenaire.com\/blog\/etats-de-conscience-par-gabriel-monod-herzen\/#breadcrumb"},"inLanguage":"fr-FR","potentialAction":[{"@type":"ReadAction","target":["https:\/\/www.revue3emillenaire.com\/blog\/etats-de-conscience-par-gabriel-monod-herzen\/"]}]},{"@type":"BreadcrumbList","@id":"https:\/\/www.revue3emillenaire.com\/blog\/etats-de-conscience-par-gabriel-monod-herzen\/#breadcrumb","itemListElement":[{"@type":"ListItem","position":1,"name":"Accueil","item":"https:\/\/www.revue3emillenaire.com\/blog\/"},{"@type":"ListItem","position":2,"name":"\u00c9tats de conscience par Gabriel MONOD-HERZEN"}]},{"@type":"WebSite","@id":"https:\/\/www.revue3emillenaire.com\/blog\/#website","url":"https:\/\/www.revue3emillenaire.com\/blog\/","name":"3e mill\u00e9naire - Spiritualit\u00e9 - Connaissance de soi - Non-dualit\u00e9 - M\u00e9ditation","description":"L&#039;Homme en devenir","potentialAction":[{"@type":"SearchAction","target":{"@type":"EntryPoint","urlTemplate":"https:\/\/www.revue3emillenaire.com\/blog\/?s={search_term_string}"},"query-input":{"@type":"PropertyValueSpecification","valueRequired":true,"valueName":"search_term_string"}}],"inLanguage":"fr-FR"},{"@type":"Person","@id":"https:\/\/www.revue3emillenaire.com\/blog\/#\/schema\/person\/9a3a7cc4ccaa707f402d4394327106d5","name":"3e mill\u00e9naire","url":"https:\/\/www.revue3emillenaire.com\/blog\/author\/admin\/"}]}},"_links":{"self":[{"href":"https:\/\/www.revue3emillenaire.com\/blog\/wp-json\/wp\/v2\/posts\/2682","targetHints":{"allow":["GET"]}}],"collection":[{"href":"https:\/\/www.revue3emillenaire.com\/blog\/wp-json\/wp\/v2\/posts"}],"about":[{"href":"https:\/\/www.revue3emillenaire.com\/blog\/wp-json\/wp\/v2\/types\/post"}],"author":[{"embeddable":true,"href":"https:\/\/www.revue3emillenaire.com\/blog\/wp-json\/wp\/v2\/users\/1"}],"replies":[{"embeddable":true,"href":"https:\/\/www.revue3emillenaire.com\/blog\/wp-json\/wp\/v2\/comments?post=2682"}],"version-history":[{"count":0,"href":"https:\/\/www.revue3emillenaire.com\/blog\/wp-json\/wp\/v2\/posts\/2682\/revisions"}],"wp:attachment":[{"href":"https:\/\/www.revue3emillenaire.com\/blog\/wp-json\/wp\/v2\/media?parent=2682"}],"wp:term":[{"taxonomy":"category","embeddable":true,"href":"https:\/\/www.revue3emillenaire.com\/blog\/wp-json\/wp\/v2\/categories?post=2682"},{"taxonomy":"post_tag","embeddable":true,"href":"https:\/\/www.revue3emillenaire.com\/blog\/wp-json\/wp\/v2\/tags?post=2682"}],"curies":[{"name":"wp","href":"https:\/\/api.w.org\/{rel}","templated":true}]}}