{"id":27,"date":"2008-06-18T00:00:00","date_gmt":"2008-06-18T00:00:00","guid":{"rendered":"http:\/\/www.revue3emillenaire.com\/blog\/?p=27"},"modified":"2023-11-01T23:17:03","modified_gmt":"2023-11-01T22:17:03","slug":"personnalit-fixe-et-devenir-personnel-par-ren-four","status":"publish","type":"post","link":"https:\/\/www.revue3emillenaire.com\/blog\/personnalit-fixe-et-devenir-personnel-par-ren-four\/","title":{"rendered":"Personnalit&eacute; fixe et devenir personnel par Ren&eacute; Fou&eacute;r&eacute;"},"content":{"rendered":"<p style=\"text-align: justify;\">(Revue \u00catre Libre, Num\u00e9ros 161-163, Mai-Ao\u00fbt 1959)<\/p>\n<p style=\"text-align: justify;\">Pour montrer combien la personnalit\u00e9 consciente est d\u00e9pendante des agents purement mat\u00e9riels, on insiste beaucoup sur les d\u00e9faites inflig\u00e9es \u00e0 la volont\u00e9, sur les alt\u00e9rations impos\u00e9es au comportement par certains excitants physico-chimiques. Et l&rsquo;on conclut :<\/p>\n<p style=\"text-align: justify;\">Si l&rsquo;ingestion de telle ou telle substance peut amener dans nos attitudes des transformations aussi graves et faire surgir en nous des caract\u00e8res si insolites, si \u00e9trangers en apparence \u00e0 notre nature, que reste-t-il de la pr\u00e9tention que nous avons de d\u00e9terminer \u00e0 longue \u00e9ch\u00e9ance notre conduite personnelle, de r\u00e9aliser dans nos actes un ordre qui, au m\u00e9pris des contingences sensibles, traduirait notre essence intelligible et porterait notre marque spirituelle ?<\/p>\n<p style=\"text-align: justify;\">Un moi aussi vuln\u00e9rable \u00e0 l&rsquo;action de la moindre drogue, un moi qui ne subsiste que gr\u00e2ce \u00e0 la complicit\u00e9 des hasards mat\u00e9riels, n&rsquo;est-il pas une d\u00e9rision ? Quelle et la valeur d&rsquo;une personnalit\u00e9 dont les r\u00e9solutions conscientes et pr\u00e9tendues raisonnables, dont les agissements coutumiers et caract\u00e9ristiques peuvent \u00eatre battus en br\u00e8che par quelques milligrammes ou quelques grammes d&rsquo;un r\u00e9actif appropri\u00e9 ?<\/p>\n<p style=\"text-align: justify;\">Une telle argumentation qui voudrait passer pour d\u00e9cisive n&rsquo;est que sp\u00e9cieuse. La personnalit\u00e9, en effet, ne se laisse pas d\u00e9finir dans un instant, elle constitue une histoire. Ses traits familiers peuvent se trouver momentan\u00e9ment masqu\u00e9s, recouverts ou m\u00eame d\u00e9natur\u00e9s, par l&rsquo;action brutale d&rsquo;un agent ext\u00e9rieur. Mais, la crise pass\u00e9e, le sujet pourra reprendre possession de lui-m\u00eame, retrouver un moi pratiquement inalt\u00e9r\u00e9.<\/p>\n<p style=\"text-align: justify;\">Dans certains cas, \u00e9videmment, l&rsquo;\u00e9quilibre ancien ne pourrait jamais \u00eatre recouvr\u00e9, puisqu&rsquo;il est des exp\u00e9riences qui entra\u00eenent, du seul fait qu&rsquo;elles ont exist\u00e9 et lors m\u00eame qu&rsquo;elles n&rsquo;auraient dur\u00e9 qu&rsquo;un \u00e9clair, une modification profonde et permanente, une modification irr\u00e9m\u00e9diable du comportement. Mais le probl\u00e8me soulev\u00e9 par ces cas singuliers n&rsquo;est pas vraiment diff\u00e9rent de celui que posent les faits analogues dans l&rsquo;exp\u00e9rience banale. Si c&rsquo;est l&rsquo;alt\u00e9ration m\u00eame du comportement qui nous int\u00e9resse, que nous importe, en effet, qu&rsquo;elle soit provoqu\u00e9e par autrui ou qu&rsquo;elle r\u00e9sulte d&rsquo;une d\u00e9marche effectu\u00e9e spontan\u00e9ment par le sujet ? On r\u00e9pondra que dans le second cas le sujet pr\u00e9sente une continuit\u00e9 dans l&rsquo;initiative qui lui est refus\u00e9e dans le premier. Il est vrai. N\u00e9anmoins, il s&rsquo;en faut que le sujet soit toujours modifi\u00e9 du fait de ses libres initiatives dans le sens qu&rsquo;il pr\u00e9voyait ou d\u00e9sirait. Et tout se passe alors comme si la personnalit\u00e9 apparente \u00e9tait surprise et subissait une contrainte ext\u00e9rieure.<\/p>\n<p style=\"text-align: justify;\">Et peu importe que les contraintes exerc\u00e9es par l&rsquo;exp\u00e9rience soient psychologiques ou mat\u00e9rielles dans leur donn\u00e9e objective : dans leur retentissement intime, elles deviennent toutes, pour l&rsquo;objet qui nous occupe, \u00e9quivalentes. Des suggestions r\u00e9p\u00e9t\u00e9es d&rsquo;autrui peuvent affaiblir un caract\u00e8re individuel tout aussi bien que l&rsquo;injection d&rsquo;une substance chimique appropri\u00e9e.<\/p>\n<p style=\"text-align: justify;\">En outre, aucune personnalit\u00e9 ne peut se d\u00e9velopper sans un \u00e9change avec le milieu et cet \u00e9change se traduit en maintes occasions par des contraintes plus ou moins brutales du milieu, par des chocs qui d\u00e9terminent des ruptures d&rsquo;\u00e9quilibre dans la structure morale du sujet qui les \u00e9prouve. Ces ruptures d&rsquo;\u00e9quilibre sont autant de br\u00e8ches qui s&rsquo;ouvrent sur des clart\u00e9s nouvelles, des fissures par o\u00f9 l&rsquo;univers fait irruption dans le moi pour l&rsquo;enrichir et le f\u00e9conder. Nous ne concevons m\u00eame pas qu&rsquo;une personnalit\u00e9 puisse s&rsquo;accomplir int\u00e9gralement sans subir de telles pressions ext\u00e9rieures, de tels chocs r\u00e9v\u00e9lateurs et vivifiants. Comment d&rsquo;ailleurs pourrait-on d\u00e9finir une exp\u00e9rience valable sinon comme un impact significatif entre le moi et son milieu ? Et de m\u00eame qu&rsquo;en physique l&rsquo;exp\u00e9rience conduit \u00e0 la th\u00e9orie, et la th\u00e9orie \u00e0 une nouvelle exp\u00e9rience, de m\u00eame, en psychologie, chaque exp\u00e9rience grave conduit \u00e0 une nouvelle interpr\u00e9tation des choses, qui est elle-m\u00eame g\u00e9n\u00e9ratrice d&rsquo;une nouvelle grave exp\u00e9rience. Chaque personnalit\u00e9 appara\u00eet ainsi comme un processus vital constitu\u00e9 par une s\u00e9rie d&rsquo;impacts, et de r\u00e9actions \u00e0 ces impacts. Dans cette s\u00e9rie nul impact n&rsquo;est d\u00e9fini en soi \u2014 comme on le croit commun\u00e9ment \u2014 mais seulement par rapport \u00e0 la sensibilit\u00e9 actuelle, c&rsquo;est-\u00e0-dire \u00e0 la r\u00e9action pr\u00e9sente, de qui le subit. Et chaque r\u00e9action \u00e0 un nouvel impact n&rsquo;est que le fruit de tous les impacts et de toutes les r\u00e9actions ant\u00e9rieures.<\/p>\n<p style=\"text-align: justify;\">Assimiler la personnalit\u00e9 \u00e0 un comportement rigide, \u00e0 un syst\u00e8me de r\u00e9actions qui subsisterait ne variant de la naissance ou de la maturit\u00e9 jusqu&rsquo;\u00e0 la mort, c&rsquo;est s&rsquo;en faire une repr\u00e9sentation aussi conventionnelle qu&rsquo;inexacte. C&rsquo;est confondre une sch\u00e9matisation grossi\u00e8re avec une r\u00e9alit\u00e9 \u00e9vidente et constamment observable. On ne peut d\u00e9finir le comportement personnel que pour un laps de temps tr\u00e8s court. Et une alt\u00e9ration de ce comportement ne signifie pas obligatoirement une destruction de la personnalit\u00e9. Un individu qui voudrait rester toujours identique \u00e0 lui-m\u00eame s&rsquo;interdirait tous autres \u00e9tats d&rsquo;\u00e2me que ceux de l&rsquo;enfant au sein. Stabiliser sa personnalit\u00e9 ce serait renoncer \u00e0 tout progr\u00e8s individuel.<\/p>\n<p style=\"text-align: justify;\">Apr\u00e8s tout, chacune des \u00e9tapes du d\u00e9veloppement personnel pourrait \u00eatre consid\u00e9r\u00e9e comme une corruption, une d\u00e9gradation de l&rsquo;\u00e9tape ant\u00e9rieure, si l&rsquo;on voulait tenir celle-ci pour la seule expression authentique du sujet. C&rsquo;est la contradiction m\u00eame du devenir. Tout \u00e9tat nouveau peut \u00eatre envisag\u00e9 comme une n\u00e9gation, une destruction de l&rsquo;\u00e9tat ancien.<br \/>\nOn pourrait m\u00eame dire que le temps et le devenir, tout entiers, ne sont qu&rsquo;une machine \u00e0 surmonter les rigueurs, l&rsquo;absolutisme du principe de contradiction, lequel, sans l&rsquo;\u00e9chappatoire du temps, imposerait la tyrannie de l&rsquo;identique et, partant, de l&rsquo;inconnaissable.<\/p>\n<p style=\"text-align: justify;\">Mais fermons cette parenth\u00e8se sur la signification du devenir et reprenons l&rsquo;examen de notre sujet premier. Il r\u00e9sulte des consid\u00e9rations ci-dessus expos\u00e9es combien il est malais\u00e9 de distinguer entre les interventions externes qui sont cens\u00e9es d\u00e9truire la personnalit\u00e9 et celles qui contribuent \u00e0 la construire. On pourrait m\u00eame concevoir une personnalit\u00e9 tellement souple et subtile qu&rsquo;elle saurait faire tourner finalement \u00e0 son \u00e9dification, ou \u00e0 sa consolidation, tous les \u00e9v\u00e9nements ou contraintes ext\u00e9rieurs. N&rsquo;est-il pas clair, d\u00e8s lors, que les excitants physiques ou chimiques, sauf s&rsquo;ils am\u00e8nent la mort, ne sont aucunement capables de d\u00e9truire la personnalit\u00e9 empirique, celle-ci \u00e9tant saisie dans toute son extension et sa nature exacte.<\/p>\n<p style=\"text-align: justify;\">Ce qui cr\u00e9e d&rsquo;illusoires difficult\u00e9s, en pareille mati\u00e8re, c&rsquo;est que la plupart des gens, au lieu de prendre la personnalit\u00e9 pour ce qu&rsquo;elle est vraiment, c&rsquo;est-\u00e0-dire pour un devenir, s&rsquo;obstinent \u00e0 en faire, par pr\u00e9jug\u00e9 ou par paresse, une fixit\u00e9, une chose. Et il est \u00e9vident que si l&rsquo;on r\u00e9duit la personnalit\u00e9 \u00e0 une donn\u00e9e fixe, toute modification importante de cette donn\u00e9e appara\u00eetra comme une alt\u00e9ration, une d\u00e9g\u00e9n\u00e9rescence, une destruction. Si la modification r\u00e9sulte d&rsquo;une contrainte ext\u00e9rieure, d&rsquo;une pression dont l&rsquo;initiative nous \u00e9chappe, cette destruction sera en m\u00eame temps une mise en \u00e9chec. Mais nous avons montr\u00e9 que toute exp\u00e9rience que nous n&rsquo;avons pas d\u00e9lib\u00e9r\u00e9ment provoqu\u00e9e constitue aussi bien, d\u00e8s qu&rsquo;on l&rsquo;envisage de ce point de vue, une mise en \u00e9chec de notre personnalit\u00e9, puisque cette derni\u00e8re en re\u00e7oit une modification qui n&rsquo;est pas due \u00e0 son initiative. Et ce qui est vrai d&rsquo;une exp\u00e9rience notable pourrait s&rsquo;\u00e9tendre \u00e0 la plus simple perception.<\/p>\n<p style=\"text-align: justify;\">De toute mani\u00e8re, on voit clairement que les destructions ou les \u00e9clipses de la personnalit\u00e9 que l&rsquo;on envisage, ne sont en effet des destructions et des \u00e9clipses que si l&rsquo;on tient la personnalit\u00e9 pour une donn\u00e9e ou, mieux, pour un ensemble de donn\u00e9es fixes, et rigidement, d\u00e9lib\u00e9r\u00e9ment maintenues. Mais si l&rsquo;on fait de la personnalit\u00e9 non plus un ensemble de caract\u00e8res fixes, de particularit\u00e9s invariables \u2014 qui constituent le moi repr\u00e9sent\u00e9 \u2014 mais la loi m\u00eame des transformations dont l&rsquo;\u00eatre est le si\u00e8ge, le trac\u00e9 original de son \u00e9volution, ou, si l&rsquo;on veut, une certaine qualit\u00e9 de la dur\u00e9e v\u00e9cue, de la dur\u00e9e personnelle, alors une telle personnalit\u00e9 ne peut \u00eatre d\u00e9truite que par la mort, si tant est que la mort m\u00eame la puisse d\u00e9truire.<\/p>\n<p style=\"text-align: justify;\">L&rsquo;homme ne peut cesser d&rsquo;\u00eatre lui-m\u00eame, sa personnalit\u00e9 ne peut \u00eatre mise en \u00e9chec que dans la mesure o\u00f9 il s&rsquo;efforce d&rsquo;identifier cette personnalit\u00e9 avec des valeurs fixes, des r\u00e9actions habituelles et stables. La personnalit\u00e9 ainsi entendue n&rsquo;est qu&rsquo;un \u00ab paquet de qualit\u00e9s \u00bb, un tissu de r\u00e9actions perp\u00e9tu\u00e9es. Et tant que la conscience se concentre sur cet agr\u00e9gat, elle est \u00e0 tout instant affect\u00e9e et agit\u00e9e par les modifications qui l&rsquo;atteignent. Mais si la conscience, cessant de s&rsquo;attacher aux r\u00e9actions m\u00eames par lesquelles s&rsquo;exprime objectivement l&rsquo;individu, se fixe sur ce qu&rsquo;on pourrait appeler la fonction g\u00e9n\u00e9ratrice \u2014 et toujours persistante \u2014 du devenir individuel, elle exp\u00e9rimente une stabilit\u00e9 que les remous affectant les qualit\u00e9s fixes ne peuvent plus atteindre, ni \u00e9branler. Elle se situe au del\u00e0 des qualit\u00e9s, au c\u0153ur m\u00eame de la source indestructible qui les engendre. C&rsquo;est comme si, dans l&rsquo;\u00e9tude d&rsquo;un mouvement uniform\u00e9ment acc\u00e9l\u00e9r\u00e9, on passait de la conscience du mouvement \u00e0 la conscience de l&rsquo;immuable acc\u00e9l\u00e9ration dont il d\u00e9rive.<\/p>\n<p style=\"text-align: justify;\">Pour une conscience centr\u00e9e \u00e0 ce niveau, la r\u00e9ussite sociale, les incidents spectaculaires, n&rsquo;ont plus aucun sens.<\/p>\n<p style=\"text-align: justify;\">L&rsquo;accent n&rsquo;est plus mis sur tel ou tel \u00e9v\u00e9nement mais sur la source m\u00eame de tout \u00e9v\u00e9nement. Et cette source est en un sens ind\u00e9pendante des \u00e9v\u00e9nements qu&rsquo;elle produit. Elle est transcendante \u00e0 toutes les vicissitudes de ses cr\u00e9ations objectives. Elle n&rsquo;est pas plus amoindrie ou bafou\u00e9e par l&rsquo;\u00e9vanouissement d&rsquo;un caract\u00e8re donn\u00e9 que la notion de triangle n&rsquo;est affect\u00e9e par la substitution \u00e0 un triangle particulier d&rsquo;un autre triangle particulier.<\/p>\n<p style=\"text-align: justify;\">D\u00e8s lors la question est de savoir si l&rsquo;esprit peut s&rsquo;arracher \u00e0 la fascination des qualit\u00e9s objectiv\u00e9es pour s&rsquo;identifier au processus cr\u00e9ateur lui-m\u00eame, s&rsquo;il peut gu\u00e9rir de l&rsquo;idol\u00e2trie de la chose produite pour atteindre \u00e0 la contemplation du principe g\u00e9n\u00e9rateur.<\/p>\n","protected":false},"excerpt":{"rendered":"<p>Un moi aussi vuln\u00e9rable \u00e0 l&rsquo;action de la moindre drogue, un moi qui ne subsiste que gr\u00e2ce \u00e0 la complicit\u00e9 des hasards mat\u00e9riels, n&rsquo;est-il pas une d\u00e9rision ? Quelle et la valeur d&rsquo;une personnalit\u00e9 dont les r\u00e9solutions conscientes et pr\u00e9tendues raisonnables, dont les agissements coutumiers et caract\u00e9ristiques peuvent \u00eatre battus en br\u00e8che par quelques milligrammes ou quelques grammes d&rsquo;un r\u00e9actif appropri\u00e9 ?<\/p>\n","protected":false},"author":1,"featured_media":17793,"comment_status":"open","ping_status":"open","sticky":false,"template":"","format":"standard","meta":{"footnotes":""},"categories":[61],"tags":[240],"class_list":["post-27","post","type-post","status-publish","format-standard","has-post-thumbnail","hentry","category-r-fouere","tag-processus-du-moi"],"yoast_head":"<!-- This site is optimized with the Yoast SEO plugin v27.0 - https:\/\/yoast.com\/product\/yoast-seo-wordpress\/ -->\n<title>Personnalit&eacute; fixe et devenir personnel par Ren&eacute; Fou&eacute;r&eacute; - 3e mill\u00e9naire - Spiritualit\u00e9 - Connaissance de soi - Non-dualit\u00e9 - M\u00e9ditation<\/title>\n<meta name=\"robots\" content=\"index, follow, max-snippet:-1, max-image-preview:large, max-video-preview:-1\" \/>\n<link rel=\"canonical\" href=\"https:\/\/www.revue3emillenaire.com\/blog\/personnalit-fixe-et-devenir-personnel-par-ren-four\/\" \/>\n<meta property=\"og:locale\" content=\"fr_FR\" \/>\n<meta property=\"og:type\" content=\"article\" \/>\n<meta property=\"og:title\" content=\"Personnalit&eacute; fixe et devenir personnel par Ren&eacute; Fou&eacute;r&eacute; - 3e mill\u00e9naire - Spiritualit\u00e9 - Connaissance de soi - Non-dualit\u00e9 - M\u00e9ditation\" \/>\n<meta property=\"og:description\" content=\"Un moi aussi vuln\u00e9rable \u00e0 l&#039;action de la moindre drogue, un moi qui ne subsiste que gr\u00e2ce \u00e0 la complicit\u00e9 des hasards mat\u00e9riels, n&#039;est-il pas une d\u00e9rision ? Quelle et la valeur d&#039;une personnalit\u00e9 dont les r\u00e9solutions conscientes et pr\u00e9tendues raisonnables, dont les agissements coutumiers et caract\u00e9ristiques peuvent \u00eatre battus en br\u00e8che par quelques milligrammes ou quelques grammes d&#039;un r\u00e9actif appropri\u00e9 ?\" \/>\n<meta property=\"og:url\" content=\"https:\/\/www.revue3emillenaire.com\/blog\/personnalit-fixe-et-devenir-personnel-par-ren-four\/\" \/>\n<meta property=\"og:site_name\" content=\"3e mill\u00e9naire - Spiritualit\u00e9 - Connaissance de soi - Non-dualit\u00e9 - M\u00e9ditation\" \/>\n<meta property=\"article:published_time\" content=\"2008-06-18T00:00:00+00:00\" \/>\n<meta property=\"article:modified_time\" content=\"2023-11-01T22:17:03+00:00\" \/>\n<meta property=\"og:image\" content=\"https:\/\/www.revue3emillenaire.com\/blog\/wp-content\/uploads\/2018\/06\/Ren\u00e9-Fou\u00e9r\u00e9-1-e1528661457701.jpg\" \/>\n\t<meta property=\"og:image:width\" content=\"300\" \/>\n\t<meta property=\"og:image:height\" content=\"222\" \/>\n\t<meta property=\"og:image:type\" content=\"image\/jpeg\" \/>\n<meta name=\"author\" content=\"3e mill\u00e9naire\" \/>\n<meta name=\"twitter:card\" content=\"summary_large_image\" \/>\n<meta name=\"twitter:label1\" content=\"\u00c9crit par\" \/>\n\t<meta name=\"twitter:data1\" content=\"3e mill\u00e9naire\" \/>\n\t<meta name=\"twitter:label2\" content=\"Dur\u00e9e de lecture estim\u00e9e\" \/>\n\t<meta name=\"twitter:data2\" content=\"8 minutes\" \/>\n<script type=\"application\/ld+json\" class=\"yoast-schema-graph\">{\"@context\":\"https:\/\/schema.org\",\"@graph\":[{\"@type\":\"Article\",\"@id\":\"https:\/\/www.revue3emillenaire.com\/blog\/personnalit-fixe-et-devenir-personnel-par-ren-four\/#article\",\"isPartOf\":{\"@id\":\"https:\/\/www.revue3emillenaire.com\/blog\/personnalit-fixe-et-devenir-personnel-par-ren-four\/\"},\"author\":{\"name\":\"3e mill\u00e9naire\",\"@id\":\"https:\/\/www.revue3emillenaire.com\/blog\/#\/schema\/person\/9a3a7cc4ccaa707f402d4394327106d5\"},\"headline\":\"Personnalit&eacute; fixe et devenir personnel par Ren&eacute; Fou&eacute;r&eacute;\",\"datePublished\":\"2008-06-18T00:00:00+00:00\",\"dateModified\":\"2023-11-01T22:17:03+00:00\",\"mainEntityOfPage\":{\"@id\":\"https:\/\/www.revue3emillenaire.com\/blog\/personnalit-fixe-et-devenir-personnel-par-ren-four\/\"},\"wordCount\":1746,\"commentCount\":0,\"image\":{\"@id\":\"https:\/\/www.revue3emillenaire.com\/blog\/personnalit-fixe-et-devenir-personnel-par-ren-four\/#primaryimage\"},\"thumbnailUrl\":\"https:\/\/www.revue3emillenaire.com\/blog\/wp-content\/uploads\/2018\/06\/Ren\u00e9-Fou\u00e9r\u00e9-1-e1528661457701.jpg\",\"keywords\":[\"processus du moi\"],\"articleSection\":[\"Fou\u00e9r\u00e9 Ren\u00e9\"],\"inLanguage\":\"fr-FR\",\"potentialAction\":[{\"@type\":\"CommentAction\",\"name\":\"Comment\",\"target\":[\"https:\/\/www.revue3emillenaire.com\/blog\/personnalit-fixe-et-devenir-personnel-par-ren-four\/#respond\"]}]},{\"@type\":\"WebPage\",\"@id\":\"https:\/\/www.revue3emillenaire.com\/blog\/personnalit-fixe-et-devenir-personnel-par-ren-four\/\",\"url\":\"https:\/\/www.revue3emillenaire.com\/blog\/personnalit-fixe-et-devenir-personnel-par-ren-four\/\",\"name\":\"Personnalit&eacute; fixe et devenir personnel par Ren&eacute; Fou&eacute;r&eacute; - 3e mill\u00e9naire - Spiritualit\u00e9 - Connaissance de soi - Non-dualit\u00e9 - M\u00e9ditation\",\"isPartOf\":{\"@id\":\"https:\/\/www.revue3emillenaire.com\/blog\/#website\"},\"primaryImageOfPage\":{\"@id\":\"https:\/\/www.revue3emillenaire.com\/blog\/personnalit-fixe-et-devenir-personnel-par-ren-four\/#primaryimage\"},\"image\":{\"@id\":\"https:\/\/www.revue3emillenaire.com\/blog\/personnalit-fixe-et-devenir-personnel-par-ren-four\/#primaryimage\"},\"thumbnailUrl\":\"https:\/\/www.revue3emillenaire.com\/blog\/wp-content\/uploads\/2018\/06\/Ren\u00e9-Fou\u00e9r\u00e9-1-e1528661457701.jpg\",\"datePublished\":\"2008-06-18T00:00:00+00:00\",\"dateModified\":\"2023-11-01T22:17:03+00:00\",\"author\":{\"@id\":\"https:\/\/www.revue3emillenaire.com\/blog\/#\/schema\/person\/9a3a7cc4ccaa707f402d4394327106d5\"},\"breadcrumb\":{\"@id\":\"https:\/\/www.revue3emillenaire.com\/blog\/personnalit-fixe-et-devenir-personnel-par-ren-four\/#breadcrumb\"},\"inLanguage\":\"fr-FR\",\"potentialAction\":[{\"@type\":\"ReadAction\",\"target\":[\"https:\/\/www.revue3emillenaire.com\/blog\/personnalit-fixe-et-devenir-personnel-par-ren-four\/\"]}]},{\"@type\":\"ImageObject\",\"inLanguage\":\"fr-FR\",\"@id\":\"https:\/\/www.revue3emillenaire.com\/blog\/personnalit-fixe-et-devenir-personnel-par-ren-four\/#primaryimage\",\"url\":\"https:\/\/www.revue3emillenaire.com\/blog\/wp-content\/uploads\/2018\/06\/Ren\u00e9-Fou\u00e9r\u00e9-1-e1528661457701.jpg\",\"contentUrl\":\"https:\/\/www.revue3emillenaire.com\/blog\/wp-content\/uploads\/2018\/06\/Ren\u00e9-Fou\u00e9r\u00e9-1-e1528661457701.jpg\",\"width\":300,\"height\":222},{\"@type\":\"BreadcrumbList\",\"@id\":\"https:\/\/www.revue3emillenaire.com\/blog\/personnalit-fixe-et-devenir-personnel-par-ren-four\/#breadcrumb\",\"itemListElement\":[{\"@type\":\"ListItem\",\"position\":1,\"name\":\"Accueil\",\"item\":\"https:\/\/www.revue3emillenaire.com\/blog\/\"},{\"@type\":\"ListItem\",\"position\":2,\"name\":\"Personnalit&eacute; fixe et devenir personnel par Ren&eacute; Fou&eacute;r&eacute;\"}]},{\"@type\":\"WebSite\",\"@id\":\"https:\/\/www.revue3emillenaire.com\/blog\/#website\",\"url\":\"https:\/\/www.revue3emillenaire.com\/blog\/\",\"name\":\"3e mill\u00e9naire - Spiritualit\u00e9 - Connaissance de soi - Non-dualit\u00e9 - M\u00e9ditation\",\"description\":\"L&#039;Homme en devenir\",\"potentialAction\":[{\"@type\":\"SearchAction\",\"target\":{\"@type\":\"EntryPoint\",\"urlTemplate\":\"https:\/\/www.revue3emillenaire.com\/blog\/?s={search_term_string}\"},\"query-input\":{\"@type\":\"PropertyValueSpecification\",\"valueRequired\":true,\"valueName\":\"search_term_string\"}}],\"inLanguage\":\"fr-FR\"},{\"@type\":\"Person\",\"@id\":\"https:\/\/www.revue3emillenaire.com\/blog\/#\/schema\/person\/9a3a7cc4ccaa707f402d4394327106d5\",\"name\":\"3e mill\u00e9naire\",\"url\":\"https:\/\/www.revue3emillenaire.com\/blog\/author\/admin\/\"}]}<\/script>\n<!-- \/ Yoast SEO plugin. -->","yoast_head_json":{"title":"Personnalit&eacute; fixe et devenir personnel par Ren&eacute; Fou&eacute;r&eacute; - 3e mill\u00e9naire - Spiritualit\u00e9 - Connaissance de soi - Non-dualit\u00e9 - M\u00e9ditation","robots":{"index":"index","follow":"follow","max-snippet":"max-snippet:-1","max-image-preview":"max-image-preview:large","max-video-preview":"max-video-preview:-1"},"canonical":"https:\/\/www.revue3emillenaire.com\/blog\/personnalit-fixe-et-devenir-personnel-par-ren-four\/","og_locale":"fr_FR","og_type":"article","og_title":"Personnalit&eacute; fixe et devenir personnel par Ren&eacute; Fou&eacute;r&eacute; - 3e mill\u00e9naire - Spiritualit\u00e9 - Connaissance de soi - Non-dualit\u00e9 - M\u00e9ditation","og_description":"Un moi aussi vuln\u00e9rable \u00e0 l'action de la moindre drogue, un moi qui ne subsiste que gr\u00e2ce \u00e0 la complicit\u00e9 des hasards mat\u00e9riels, n'est-il pas une d\u00e9rision ? Quelle et la valeur d'une personnalit\u00e9 dont les r\u00e9solutions conscientes et pr\u00e9tendues raisonnables, dont les agissements coutumiers et caract\u00e9ristiques peuvent \u00eatre battus en br\u00e8che par quelques milligrammes ou quelques grammes d'un r\u00e9actif appropri\u00e9 ?","og_url":"https:\/\/www.revue3emillenaire.com\/blog\/personnalit-fixe-et-devenir-personnel-par-ren-four\/","og_site_name":"3e mill\u00e9naire - Spiritualit\u00e9 - Connaissance de soi - Non-dualit\u00e9 - M\u00e9ditation","article_published_time":"2008-06-18T00:00:00+00:00","article_modified_time":"2023-11-01T22:17:03+00:00","og_image":[{"width":300,"height":222,"url":"https:\/\/www.revue3emillenaire.com\/blog\/wp-content\/uploads\/2018\/06\/Ren\u00e9-Fou\u00e9r\u00e9-1-e1528661457701.jpg","type":"image\/jpeg"}],"author":"3e mill\u00e9naire","twitter_card":"summary_large_image","twitter_misc":{"\u00c9crit par":"3e mill\u00e9naire","Dur\u00e9e de lecture estim\u00e9e":"8 minutes"},"schema":{"@context":"https:\/\/schema.org","@graph":[{"@type":"Article","@id":"https:\/\/www.revue3emillenaire.com\/blog\/personnalit-fixe-et-devenir-personnel-par-ren-four\/#article","isPartOf":{"@id":"https:\/\/www.revue3emillenaire.com\/blog\/personnalit-fixe-et-devenir-personnel-par-ren-four\/"},"author":{"name":"3e mill\u00e9naire","@id":"https:\/\/www.revue3emillenaire.com\/blog\/#\/schema\/person\/9a3a7cc4ccaa707f402d4394327106d5"},"headline":"Personnalit&eacute; fixe et devenir personnel par Ren&eacute; Fou&eacute;r&eacute;","datePublished":"2008-06-18T00:00:00+00:00","dateModified":"2023-11-01T22:17:03+00:00","mainEntityOfPage":{"@id":"https:\/\/www.revue3emillenaire.com\/blog\/personnalit-fixe-et-devenir-personnel-par-ren-four\/"},"wordCount":1746,"commentCount":0,"image":{"@id":"https:\/\/www.revue3emillenaire.com\/blog\/personnalit-fixe-et-devenir-personnel-par-ren-four\/#primaryimage"},"thumbnailUrl":"https:\/\/www.revue3emillenaire.com\/blog\/wp-content\/uploads\/2018\/06\/Ren\u00e9-Fou\u00e9r\u00e9-1-e1528661457701.jpg","keywords":["processus du moi"],"articleSection":["Fou\u00e9r\u00e9 Ren\u00e9"],"inLanguage":"fr-FR","potentialAction":[{"@type":"CommentAction","name":"Comment","target":["https:\/\/www.revue3emillenaire.com\/blog\/personnalit-fixe-et-devenir-personnel-par-ren-four\/#respond"]}]},{"@type":"WebPage","@id":"https:\/\/www.revue3emillenaire.com\/blog\/personnalit-fixe-et-devenir-personnel-par-ren-four\/","url":"https:\/\/www.revue3emillenaire.com\/blog\/personnalit-fixe-et-devenir-personnel-par-ren-four\/","name":"Personnalit&eacute; fixe et devenir personnel par Ren&eacute; Fou&eacute;r&eacute; - 3e mill\u00e9naire - Spiritualit\u00e9 - Connaissance de soi - Non-dualit\u00e9 - M\u00e9ditation","isPartOf":{"@id":"https:\/\/www.revue3emillenaire.com\/blog\/#website"},"primaryImageOfPage":{"@id":"https:\/\/www.revue3emillenaire.com\/blog\/personnalit-fixe-et-devenir-personnel-par-ren-four\/#primaryimage"},"image":{"@id":"https:\/\/www.revue3emillenaire.com\/blog\/personnalit-fixe-et-devenir-personnel-par-ren-four\/#primaryimage"},"thumbnailUrl":"https:\/\/www.revue3emillenaire.com\/blog\/wp-content\/uploads\/2018\/06\/Ren\u00e9-Fou\u00e9r\u00e9-1-e1528661457701.jpg","datePublished":"2008-06-18T00:00:00+00:00","dateModified":"2023-11-01T22:17:03+00:00","author":{"@id":"https:\/\/www.revue3emillenaire.com\/blog\/#\/schema\/person\/9a3a7cc4ccaa707f402d4394327106d5"},"breadcrumb":{"@id":"https:\/\/www.revue3emillenaire.com\/blog\/personnalit-fixe-et-devenir-personnel-par-ren-four\/#breadcrumb"},"inLanguage":"fr-FR","potentialAction":[{"@type":"ReadAction","target":["https:\/\/www.revue3emillenaire.com\/blog\/personnalit-fixe-et-devenir-personnel-par-ren-four\/"]}]},{"@type":"ImageObject","inLanguage":"fr-FR","@id":"https:\/\/www.revue3emillenaire.com\/blog\/personnalit-fixe-et-devenir-personnel-par-ren-four\/#primaryimage","url":"https:\/\/www.revue3emillenaire.com\/blog\/wp-content\/uploads\/2018\/06\/Ren\u00e9-Fou\u00e9r\u00e9-1-e1528661457701.jpg","contentUrl":"https:\/\/www.revue3emillenaire.com\/blog\/wp-content\/uploads\/2018\/06\/Ren\u00e9-Fou\u00e9r\u00e9-1-e1528661457701.jpg","width":300,"height":222},{"@type":"BreadcrumbList","@id":"https:\/\/www.revue3emillenaire.com\/blog\/personnalit-fixe-et-devenir-personnel-par-ren-four\/#breadcrumb","itemListElement":[{"@type":"ListItem","position":1,"name":"Accueil","item":"https:\/\/www.revue3emillenaire.com\/blog\/"},{"@type":"ListItem","position":2,"name":"Personnalit&eacute; fixe et devenir personnel par Ren&eacute; Fou&eacute;r&eacute;"}]},{"@type":"WebSite","@id":"https:\/\/www.revue3emillenaire.com\/blog\/#website","url":"https:\/\/www.revue3emillenaire.com\/blog\/","name":"3e mill\u00e9naire - Spiritualit\u00e9 - Connaissance de soi - Non-dualit\u00e9 - M\u00e9ditation","description":"L&#039;Homme en devenir","potentialAction":[{"@type":"SearchAction","target":{"@type":"EntryPoint","urlTemplate":"https:\/\/www.revue3emillenaire.com\/blog\/?s={search_term_string}"},"query-input":{"@type":"PropertyValueSpecification","valueRequired":true,"valueName":"search_term_string"}}],"inLanguage":"fr-FR"},{"@type":"Person","@id":"https:\/\/www.revue3emillenaire.com\/blog\/#\/schema\/person\/9a3a7cc4ccaa707f402d4394327106d5","name":"3e mill\u00e9naire","url":"https:\/\/www.revue3emillenaire.com\/blog\/author\/admin\/"}]}},"_links":{"self":[{"href":"https:\/\/www.revue3emillenaire.com\/blog\/wp-json\/wp\/v2\/posts\/27","targetHints":{"allow":["GET"]}}],"collection":[{"href":"https:\/\/www.revue3emillenaire.com\/blog\/wp-json\/wp\/v2\/posts"}],"about":[{"href":"https:\/\/www.revue3emillenaire.com\/blog\/wp-json\/wp\/v2\/types\/post"}],"author":[{"embeddable":true,"href":"https:\/\/www.revue3emillenaire.com\/blog\/wp-json\/wp\/v2\/users\/1"}],"replies":[{"embeddable":true,"href":"https:\/\/www.revue3emillenaire.com\/blog\/wp-json\/wp\/v2\/comments?post=27"}],"version-history":[{"count":0,"href":"https:\/\/www.revue3emillenaire.com\/blog\/wp-json\/wp\/v2\/posts\/27\/revisions"}],"wp:featuredmedia":[{"embeddable":true,"href":"https:\/\/www.revue3emillenaire.com\/blog\/wp-json\/wp\/v2\/media\/17793"}],"wp:attachment":[{"href":"https:\/\/www.revue3emillenaire.com\/blog\/wp-json\/wp\/v2\/media?parent=27"}],"wp:term":[{"taxonomy":"category","embeddable":true,"href":"https:\/\/www.revue3emillenaire.com\/blog\/wp-json\/wp\/v2\/categories?post=27"},{"taxonomy":"post_tag","embeddable":true,"href":"https:\/\/www.revue3emillenaire.com\/blog\/wp-json\/wp\/v2\/tags?post=27"}],"curies":[{"name":"wp","href":"https:\/\/api.w.org\/{rel}","templated":true}]}}