{"id":2709,"date":"2010-02-17T15:56:40","date_gmt":"2010-02-17T14:56:40","guid":{"rendered":"http:\/\/www.revue3emillenaire.com\/blog\/?p=2709"},"modified":"2010-02-17T15:56:40","modified_gmt":"2010-02-17T14:56:40","slug":"education-et-developpement-par-gabriel-monod-herzen","status":"publish","type":"post","link":"https:\/\/www.revue3emillenaire.com\/blog\/education-et-developpement-par-gabriel-monod-herzen\/","title":{"rendered":"\u00c9ducation et d\u00e9veloppement par Gabriel Monod-Herzen"},"content":{"rendered":"<p style=\"text-align: justify;\">(Revue Panharmonie. No 169. Novembre 1977)<\/p>\n<p style=\"text-align: justify;\"><em>Le titre est de 3<sup>e<\/sup> Mill\u00e9naire<\/em><\/p>\n<p style=\"text-align: justify;\"><strong>Compte rendu<\/strong> de la r\u00e9union du 6.6.1977<\/p>\n<p style=\"text-align: justify;\">A tout changement int\u00e9rieur correspond un changement ext\u00e9rieur, de ce qui nous entoure. Une attitude diff\u00e9rente de notre part d\u00e9termine autour de nous des r\u00e9actions diff\u00e9rentes et peu \u00e0 peu les choses changent. Et cela peut aller beaucoup plus loin qu&rsquo;on ne le pense. Nous ensemen\u00e7ons constamment notre milieu, les gens qui nous entourent et nous recevons certainement beaucoup de choses que nous ne connaissons pas et qui retournent vers nous. Nous croyons que cela est d\u00fb aux \u00e9v\u00e9nements ext\u00e9rieurs, quand en r\u00e9alit\u00e9 nous avons fortement contribu\u00e9 \u00e0 les faire ce qu&rsquo;ils sont.<\/p>\n<p style=\"text-align: justify;\">\n<p style=\"text-align: justify;\">Ainsi la paix et la tranquillit\u00e9 qui \u00e9manent d&rsquo;un grand Yogi sont \u00e9prouv\u00e9es par ceux qui l&rsquo;approchent. Les \u00e9v\u00e9nements d\u00e9sagr\u00e9ables n&rsquo;ont plus de prises sur ces \u00eatres.<\/p>\n<p style=\"text-align: justify;\">\n<p style=\"text-align: justify;\">M. Monod-Herzen passe alors \u00e0 la question des enfants. Il \u00e9tait absolument interdit dans l&rsquo;Ashram de leur faire des remarques, mais on \u00e9veille en eux le sens des responsabilit\u00e9s. Les enfants ne la refusent pas, au contraire. Le fait que lorsqu&rsquo;un enfant commet une erreur et que personne ne le gronde ou crie, est pour lui bien plus impressionnant. A l&rsquo;Ashram il n&rsquo;y a pas de fautes au point de vue moral.<\/p>\n<p style=\"text-align: justify;\">\n<p style=\"text-align: justify;\">Cette \u00e9ducation permanente s&rsquo;applique \u00e0 chacun de nous dans une vie bien conduite. Il est faux de se d\u00e9sesp\u00e9rer lorsqu&rsquo;on a commis une erreur, il suffit de la constater et de ne pas se sentir coupable ou de se taper la t\u00eate contre les murs ! C&rsquo;est le contraire de ce qu&rsquo;il convient de faire. Les erreurs sont in\u00e9vitables, elles sont l&rsquo;expression de notre imperfection. Si nous \u00e9tions parfaits, nous n&rsquo;aurions plus rien \u00e0 faire. Ce qu&rsquo;il y a d&rsquo;int\u00e9ressant, c&rsquo;est de savoir comment l&rsquo;erreur a \u00e9t\u00e9 commise, cela nous r\u00e9v\u00e8le quelque chose de nous-m\u00eames que nous ne connaissions pas, puisque nous nous y sommes laiss\u00e9 prendre. Nous nous en rappellerons et cela nous aidera par des exercices psychologiques \u00e0 am\u00e9liorer certaines parties de nous-m\u00eames.<\/p>\n<p style=\"text-align: justify;\">\n<p style=\"text-align: justify;\">Et cela nous am\u00e8ne \u00e0 parler de Cou\u00e9. Physiquement et par son attitude il semblait \u00eatre parfaitement insignifiant, mais lorsqu&rsquo;il expliquait son syst\u00e8me qui \u00e9tait tr\u00e8s simple, \u00e0 savoir qu&rsquo;il ne fallait pas persister dans l&rsquo;erreur en disant par exemple : \u00ab Je ne veux plus avoir mal aux pieds \u00bb, mais de dire au contraire : \u00ab Tous les jours, \u00e0 tous points de vue, je vais de mieux en mieux \u00bb, il \u00e9manait de cet homme une telle confiance, une telle v\u00e9rit\u00e9 appuy\u00e9e sur des milliers d&rsquo;exp\u00e9riences, une telle conviction qu&rsquo;ainsi on pouvait aider les autres et une telle bont\u00e9, que tout l&rsquo;auditoire \u00e9tait transport\u00e9. Son exp\u00e9rience se communiquait, il exer\u00e7ait une grande influence mentale qui \u00e9tait ressentie par les gens. D&rsquo;o\u00f9 l&rsquo;importance de l&rsquo;attitude int\u00e9rieure.<\/p>\n<p style=\"text-align: justify;\">\n<p style=\"text-align: justify;\">Nous passons alors au d\u00e9veloppement de la conscience aussi bien chez les parents que chez les enfants. Les anciens Grecs entouraient les futures mamans de belles choses, sachant que l&rsquo;enfant \u00e0 na\u00eetre y serait d\u00e9j\u00e0 sensible, car l&#8217;embryon entend bien et une musique belle et harmonieuse ne peut que lui \u00eatre b\u00e9n\u00e9fique. C&rsquo;est tr\u00e8s important, l&rsquo;enfant \u00e9tant \u00e0 ce moment dans une \u00e9poque de croissance extraordinairement rapide.<\/p>\n<p style=\"text-align: justify;\">\n<p style=\"text-align: justify;\">Au moment de sa naissance le b\u00e9b\u00e9 reste encore attach\u00e9 \u00e0 sa m\u00e8re. \u00a0Il est donc primordial qu&rsquo;il vive dans son milieu familial et ne soit pas confi\u00e9 \u00e0 une cr\u00e8che, aussi perfectionn\u00e9e soit-elle. L&rsquo;enfant n&rsquo;est pas encore fini puisqu&rsquo;il n&rsquo;a pas d&rsquo;ind\u00e9pendance, il n&rsquo;est pas encore un individu s\u00e9par\u00e9. Mais hors de ces questions physiques, va se poser celle de son d\u00e9veloppement mental, de ce mental qui est encore tr\u00e8s petit et qui n&rsquo;a qu&rsquo;un r\u00f4le d&rsquo;enregistrement, le raisonnement existant tr\u00e8s peu, tandis que la sensibilit\u00e9 a d\u00e9j\u00e0 un r\u00f4le \u00e9norme. La M\u00e8re \u00e0 l&rsquo;Ashram disait que chez l&rsquo;enfant l&rsquo;\u00eatre psychique est tout pr\u00e8s de la surface, seulement il n&rsquo;a pas encore les moyens de l&rsquo;exprimer. Dans le d\u00e9veloppement de l&rsquo;enfant le mental peu \u00e0 peu va prendre la premi\u00e8re place et malheureusement le psychisme et une partie de sa sensibilit\u00e9 seront refoul\u00e9s. Les parents ne pensent qu&rsquo;\u00e0 d\u00e9velopper le mental et cela cause ensuite des probl\u00e8mes dans les \u00e9coles et dans les familles. Il n&rsquo;est pas bon de pousser les enfants sous ce rapport, ils doivent se d\u00e9velopper selon les questions qu&rsquo;ils posent.<\/p>\n<p style=\"text-align: justify;\">\n<p style=\"text-align: justify;\">Si les jardins d&rsquo;enfants en France sont parmi les meilleurs du monde, le drame se produit \u00e0 l&rsquo;entr\u00e9e dans l&rsquo;\u00e9cole primaire o\u00f9 les enfants sont subitement priv\u00e9s d&rsquo;une chose qui leur \u00e9tait n\u00e9cessaire et qu&rsquo;on leur impose toute une s\u00e9rie d&rsquo;activit\u00e9s qui ne les int\u00e9ressent pas.<\/p>\n<p style=\"text-align: justify;\">\n<p style=\"text-align: justify;\">Actuellement on fait des efforts pour am\u00e9liorer les choses, les \u00e9coles Freinet sont parmi les meilleures pour les petits. Pour les grands il se produit une mutation.<\/p>\n<p style=\"text-align: justify;\">\n<p style=\"text-align: justify;\">M. Monod-Herzen nous parle d&rsquo;un acad\u00e9micien qui a \u00e9crit un livre extraordinaire : \u00ab Cette \u00e9trange mati\u00e8re \u00bb, dans lequel il a le courage de faire sauter tout un tas de vieilles id\u00e9es fossilis\u00e9es. Il s&rsquo;est permis de faire une th\u00e9orie unitaire de l&rsquo;univers absolument compl\u00e8te, ce qu\u2019Einstein n&rsquo;avait pas r\u00e9alis\u00e9. Il est parti d&rsquo;une citation de Descartes et il a r\u00e9solu un probl\u00e8me que celui-ci avait pos\u00e9 lorsqu&rsquo;il dit : \u00ab Nous devrions arriver \u00e0 faire une description du monde en utilisant uniquement les longueurs et les mouvements. \u00bb Il s&rsquo;est \u00e9galement inspir\u00e9 de la th\u00e9orie des tourbillons de Descartes. Toute la conception de la mati\u00e8re est en train de dispara\u00eetre sous sa forme ancienne et on commence \u00e0 pr\u00e9senter de magnifiques possibilit\u00e9s nouvelles. Cette mise \u00e0 la disposition de nous-m\u00eames de toutes nos possibilit\u00e9s, avec une libert\u00e9 totale en en acceptant toutes les cons\u00e9quences, peut vraiment transformer les individus. Nous devons retrouver une unit\u00e9 que nous perdons en nous dispersant. C&rsquo;est \u00e0 chaque fois un probl\u00e8me de choix qu&rsquo;il faut r\u00e9soudre en soi-m\u00eame. Car le r\u00f4le du vrai Guru n&rsquo;est pas de prendre des d\u00e9cisions pour vous, mais de vous permettre d&rsquo;atteindre quelques points de connaissance que vous n&rsquo;aviez pas avant.<\/p>\n<p style=\"text-align: justify;\">\n<p style=\"text-align: justify;\">Parlant du couple : Il s&rsquo;agit de cr\u00e9er une harmonie. Le mariage en est une occasion absolument miraculeuse en mettant deux sexes oppos\u00e9s en pr\u00e9sence. Chacun a autant d&rsquo;anc\u00eatres masculins que f\u00e9minins qui r\u00e9agissent sur notre subconscient. Du c\u00f4t\u00e9 conscient il y a une dominante qui se r\u00e9v\u00e8lera \u00e0 la naissance. Alors quand on est en pr\u00e9sence d&rsquo;une personne qui est l&rsquo;inverse de vous-m\u00eame, on voit se r\u00e9aliser concr\u00e8tement, physiquement, ce qui en vous est encore inconscient.<\/p>\n<p style=\"text-align: justify;\">\n<p style=\"text-align: justify;\">Un participant : Quelles sont les relations de la m\u00e8re et de l&rsquo;enfant ? Est-ce qu&rsquo;il y a une reconnaissance de la m\u00e8re par l&rsquo;enfant et de l&rsquo;enfant par la m\u00e8re ?<\/p>\n<p style=\"text-align: justify;\">\n<p style=\"text-align: justify;\">R\u00e9ponse : Il y a plus que cela. On cherche \u00e0 proc\u00e9der \u00e0 des accouchements sans faire crier l&rsquo;enfant, de mani\u00e8re \u00e0 ce qu&rsquo;il entre dans la vie de fa\u00e7on agr\u00e9able. Le Dr Bayer met l&rsquo;enfant directement en contact avec la m\u00e8re. Apr\u00e8s en avoir \u00e9t\u00e9 s\u00e9par\u00e9 brusquement, il est important qu&rsquo;il retrouve imm\u00e9diatement ce contact. Etant une partie de sa m\u00e8re il faut qu&rsquo;il ait conscience de ne pas l&rsquo;avoir perdue. Les enfants ont un odorat beaucoup plus d\u00e9velopp\u00e9 que nous et l&rsquo;odeur de la m\u00e8re est fondamentale. D&rsquo;autre part l&rsquo;enfant entend les battements du c\u0153ur de sa m\u00e8re. On a fait l&rsquo;exp\u00e9rience de faire entendre \u00e0 un enfant au magn\u00e9tophone le rythme des battements de c\u0153ur de sa m\u00e8re et aussit\u00f4t l&rsquo;enfant s&rsquo;est endormi.<\/p>\n<p style=\"text-align: justify;\">\n<p style=\"text-align: justify;\">Le r\u00f4le du p\u00e8re est de ne pas arracher l&rsquo;enfant \u00e0 sa m\u00e8re, de ne pas \u00eatre un diviseur, l&rsquo;enfant ne raisonnant pas. Tout le probl\u00e8me est de ne pas rendre la s\u00e9paration trop dramatique. L&rsquo;enfant sait tr\u00e8s bien au bout d&rsquo;un certain temps, prendre ses initiatives, essayer de bouger, saisir des choses \u00e0 l&rsquo;ext\u00e9rieur, etc.<\/p>\n<p style=\"text-align: justify;\">\n<p style=\"text-align: justify;\">Un participant : Autrement dit il faut qu&rsquo;il sente sa m\u00e8re toujours disponible pour lui et qu&rsquo;il ne sente pas que le p\u00e8re la prenne pour lui ?<\/p>\n<p style=\"text-align: justify;\">\n<p style=\"text-align: justify;\">R\u00e9ponse : Le mot disponible est exact dans un sens, mais pas dans celui que, pour le b\u00e9b\u00e9 la m\u00e8re c&rsquo;est encore lui. Lorsqu&rsquo;il pourra ma\u00eetriser ses mouvements, c&rsquo;est-\u00e0-dire que l&rsquo;individualisation des nerfs est faite, quand ses mouvements musculaires seront volontaires ; \u00e0 ce moment l\u00e0 il sera attir\u00e9 par des objets ext\u00e9rieurs et il se d\u00e9tachera de lui-m\u00eame de sa m\u00e8re.<\/p>\n<p style=\"text-align: justify;\">\n<p style=\"text-align: justify;\">L&rsquo;alimentation est tr\u00e8s importante. Il est mauvais de donner de la viande \u00e0 l&rsquo;enfant avant sa dixi\u00e8me ann\u00e9e.<\/p>\n<p style=\"text-align: justify;\">\n<p style=\"text-align: justify;\">Il est alors question de la digestion chez les bovins : contrairement \u00e0 ce qu&rsquo;on pense, ceux-ci ne dig\u00e8rent pas les v\u00e9g\u00e9taux, mais c&rsquo;est l\u00e0 le travail des microbes qui r\u00e9sident dans un de leurs estomacs et qui se multiplient \u00e0 une vitesse formidable. Ils mangent l&rsquo;herbe que la vache leur envoie avant qu&rsquo;elle-m\u00eame ne dig\u00e8re les microbes.<\/p>\n<p style=\"text-align: justify;\">Le savant dont je viens de vous parler, continue M. Monod-Herzen, a commenc\u00e9 par \u00eatre biologiste et a recherch\u00e9 s&rsquo;il n&rsquo;y avait pas un parall\u00e8le entre l&rsquo;\u00e9volution des v\u00e9g\u00e9taux et l&rsquo;\u00e9volution des animaux. Il a trouv\u00e9 un parall\u00e9lisme tellement \u00e9troit qu&rsquo;on ne peut l&rsquo;expliquer par des circonstances ext\u00e9rieures.<\/p>\n<p style=\"text-align: justify;\">\n<p style=\"text-align: justify;\">Les termites posent un probl\u00e8me scientifique, ils existent depuis cent millions d&rsquo;ann\u00e9es, les fourmis que depuis soixante millions. Or, les termites, malgr\u00e9 leurs soldats, n&rsquo;ont aucune d\u00e9fense, comment alors ont-ils pu traverser tous les ph\u00e9nom\u00e8nes g\u00e9ologiques, les \u00e9poques froides ou chaudes ? Les termiti\u00e8res sont des merveilles d&rsquo;organisation int\u00e9rieure et de solidit\u00e9. A Bordeaux il y en a beaucoup. Entre certains quartiers ils ont construit des galeries de communication entre plusieurs nids, afin de pouvoir s&rsquo;\u00e9vader en cas de besoin. D&rsquo;autre part ils arrivent \u00e0 r\u00e9gler la temp\u00e9rature int\u00e9rieure, l&rsquo;humidit\u00e9, le taux d&rsquo;anhydrite carbonique. La reproduction est assur\u00e9e par un roi et une reine, mais on garde \u00e0 c\u00f4t\u00e9 un petit groupe d&rsquo;individus qui auront des ailes, qui seront sexu\u00e9s et une fois par an, on d\u00e9bouche la termiti\u00e8re, ils s&rsquo;envolent, font leur petite danse dans l&rsquo;atmosph\u00e8re et tombent par terre. G\u00e9n\u00e9ralement un couple survit, les autres \u00e9tant mang\u00e9s par les oiseaux. Et ce couple creuse un trou dans la terre, s&rsquo;y enferme et cela fera plus tard une nouvelle termiti\u00e8re.<\/p>\n<p style=\"text-align: justify;\">\n<p style=\"text-align: justify;\">A Paris il y a des termites rue Cujas. Et l\u00e0, pour survivre aux coups de froid en hiver, ils pr\u00e9parent trois s\u00e9ries d&rsquo;\u00eatres ail\u00e9s qui sortent \u00e0 des \u00e9poques diff\u00e9rentes. Comment expliquer cela par des ph\u00e9nom\u00e8nes ext\u00e9rieurs, sinon par l&rsquo;\u00e2me-groupe qui a une conscience, qui prend des d\u00e9cisions en utilisant les lois de la physico-chimie ?<\/p>\n<p style=\"text-align: justify;\">\n<p style=\"text-align: justify;\">Un participant : Qu&rsquo;est-ce que l&rsquo;\u00e2me-groupe ?<\/p>\n<p style=\"text-align: justify;\">\n<p style=\"text-align: justify;\">R\u00e9ponse : Regardez ce qui se passe en nous-m\u00eames, c&rsquo;est la m\u00eame chose. A partir du moment o\u00f9 l&rsquo;\u00eatre psychique en nous commence \u00e0 prendre la direction des \u00e9v\u00e9nements, cela peut aller tr\u00e8s loin. Nous sommes peu conscient, nous croyons \u00e0 \u00ab la chance \u00bb, mais ce n&rsquo;est pas cela. Quoique nous ayons masqu\u00e9 nos instincts par notre intelligence, il nous reste encore pas mal de possibilit\u00e9s psychiques, mais nous n&rsquo;y faisons pas attention. Et c&rsquo;est dommage parce qu&rsquo;il y en a qui sont excellentes !<\/p>\n","protected":false},"excerpt":{"rendered":"<p>A tout changement int\u00e9rieur correspond un changement ext\u00e9rieur, de ce qui nous entoure. Une attitude diff\u00e9rente de notre part d\u00e9termine autour de nous des r\u00e9actions diff\u00e9rentes et peu \u00e0 peu les choses changent. Et cela peut aller beaucoup plus loin qu&rsquo;on ne le pense. Nous ensemen\u00e7ons constamment notre milieu, les gens qui nous entourent et nous recevons certainement beaucoup de choses que nous ne connaissons pas et qui retournent vers nous. Nous croyons que cela est d\u00fb aux \u00e9v\u00e9nements ext\u00e9rieurs, quand en r\u00e9alit\u00e9 nous avons fortement contribu\u00e9 \u00e0 les faire ce qu&rsquo;ils sont.<\/p>\n","protected":false},"author":1,"featured_media":0,"comment_status":"closed","ping_status":"open","sticky":false,"template":"","format":"standard","meta":{"footnotes":""},"categories":[68],"tags":[375,1346],"class_list":["post-2709","post","type-post","status-publish","format-standard","hentry","category-g-monod-herzen","tag-developpement","tag-education"],"yoast_head":"<!-- This site is optimized with the Yoast SEO plugin v27.0 - https:\/\/yoast.com\/product\/yoast-seo-wordpress\/ -->\n<title>\u00c9ducation et d\u00e9veloppement par Gabriel Monod-Herzen - 3e mill\u00e9naire - Spiritualit\u00e9 - Connaissance de soi - Non-dualit\u00e9 - M\u00e9ditation<\/title>\n<meta name=\"robots\" content=\"index, follow, max-snippet:-1, max-image-preview:large, max-video-preview:-1\" \/>\n<link rel=\"canonical\" href=\"https:\/\/www.revue3emillenaire.com\/blog\/education-et-developpement-par-gabriel-monod-herzen\/\" \/>\n<meta property=\"og:locale\" content=\"fr_FR\" \/>\n<meta property=\"og:type\" content=\"article\" \/>\n<meta property=\"og:title\" content=\"\u00c9ducation et d\u00e9veloppement par Gabriel Monod-Herzen - 3e mill\u00e9naire - Spiritualit\u00e9 - Connaissance de soi - Non-dualit\u00e9 - M\u00e9ditation\" \/>\n<meta property=\"og:description\" content=\"A tout changement int\u00e9rieur correspond un changement ext\u00e9rieur, de ce qui nous entoure. Une attitude diff\u00e9rente de notre part d\u00e9termine autour de nous des r\u00e9actions diff\u00e9rentes et peu \u00e0 peu les choses changent. Et cela peut aller beaucoup plus loin qu&#039;on ne le pense. Nous ensemen\u00e7ons constamment notre milieu, les gens qui nous entourent et nous recevons certainement beaucoup de choses que nous ne connaissons pas et qui retournent vers nous. Nous croyons que cela est d\u00fb aux \u00e9v\u00e9nements ext\u00e9rieurs, quand en r\u00e9alit\u00e9 nous avons fortement contribu\u00e9 \u00e0 les faire ce qu&#039;ils sont.\" \/>\n<meta property=\"og:url\" content=\"https:\/\/www.revue3emillenaire.com\/blog\/education-et-developpement-par-gabriel-monod-herzen\/\" \/>\n<meta property=\"og:site_name\" content=\"3e mill\u00e9naire - Spiritualit\u00e9 - Connaissance de soi - Non-dualit\u00e9 - M\u00e9ditation\" \/>\n<meta property=\"article:published_time\" content=\"2010-02-17T14:56:40+00:00\" \/>\n<meta name=\"author\" content=\"3e mill\u00e9naire\" \/>\n<meta name=\"twitter:card\" content=\"summary_large_image\" \/>\n<meta name=\"twitter:label1\" content=\"\u00c9crit par\" \/>\n\t<meta name=\"twitter:data1\" content=\"3e mill\u00e9naire\" \/>\n\t<meta name=\"twitter:label2\" content=\"Dur\u00e9e de lecture estim\u00e9e\" \/>\n\t<meta name=\"twitter:data2\" content=\"10 minutes\" \/>\n<script type=\"application\/ld+json\" class=\"yoast-schema-graph\">{\"@context\":\"https:\/\/schema.org\",\"@graph\":[{\"@type\":\"Article\",\"@id\":\"https:\/\/www.revue3emillenaire.com\/blog\/education-et-developpement-par-gabriel-monod-herzen\/#article\",\"isPartOf\":{\"@id\":\"https:\/\/www.revue3emillenaire.com\/blog\/education-et-developpement-par-gabriel-monod-herzen\/\"},\"author\":{\"name\":\"3e mill\u00e9naire\",\"@id\":\"https:\/\/www.revue3emillenaire.com\/blog\/#\/schema\/person\/9a3a7cc4ccaa707f402d4394327106d5\"},\"headline\":\"\u00c9ducation et d\u00e9veloppement par Gabriel Monod-Herzen\",\"datePublished\":\"2010-02-17T14:56:40+00:00\",\"mainEntityOfPage\":{\"@id\":\"https:\/\/www.revue3emillenaire.com\/blog\/education-et-developpement-par-gabriel-monod-herzen\/\"},\"wordCount\":1958,\"keywords\":[\"d\u00e9veloppement\",\"Education\"],\"articleSection\":[\"Monod-Herzen Gabriel\"],\"inLanguage\":\"fr-FR\"},{\"@type\":\"WebPage\",\"@id\":\"https:\/\/www.revue3emillenaire.com\/blog\/education-et-developpement-par-gabriel-monod-herzen\/\",\"url\":\"https:\/\/www.revue3emillenaire.com\/blog\/education-et-developpement-par-gabriel-monod-herzen\/\",\"name\":\"\u00c9ducation et d\u00e9veloppement par Gabriel Monod-Herzen - 3e mill\u00e9naire - Spiritualit\u00e9 - Connaissance de soi - Non-dualit\u00e9 - M\u00e9ditation\",\"isPartOf\":{\"@id\":\"https:\/\/www.revue3emillenaire.com\/blog\/#website\"},\"datePublished\":\"2010-02-17T14:56:40+00:00\",\"author\":{\"@id\":\"https:\/\/www.revue3emillenaire.com\/blog\/#\/schema\/person\/9a3a7cc4ccaa707f402d4394327106d5\"},\"breadcrumb\":{\"@id\":\"https:\/\/www.revue3emillenaire.com\/blog\/education-et-developpement-par-gabriel-monod-herzen\/#breadcrumb\"},\"inLanguage\":\"fr-FR\",\"potentialAction\":[{\"@type\":\"ReadAction\",\"target\":[\"https:\/\/www.revue3emillenaire.com\/blog\/education-et-developpement-par-gabriel-monod-herzen\/\"]}]},{\"@type\":\"BreadcrumbList\",\"@id\":\"https:\/\/www.revue3emillenaire.com\/blog\/education-et-developpement-par-gabriel-monod-herzen\/#breadcrumb\",\"itemListElement\":[{\"@type\":\"ListItem\",\"position\":1,\"name\":\"Accueil\",\"item\":\"https:\/\/www.revue3emillenaire.com\/blog\/\"},{\"@type\":\"ListItem\",\"position\":2,\"name\":\"\u00c9ducation et d\u00e9veloppement par Gabriel Monod-Herzen\"}]},{\"@type\":\"WebSite\",\"@id\":\"https:\/\/www.revue3emillenaire.com\/blog\/#website\",\"url\":\"https:\/\/www.revue3emillenaire.com\/blog\/\",\"name\":\"3e mill\u00e9naire - Spiritualit\u00e9 - Connaissance de soi - Non-dualit\u00e9 - M\u00e9ditation\",\"description\":\"L&#039;Homme en devenir\",\"potentialAction\":[{\"@type\":\"SearchAction\",\"target\":{\"@type\":\"EntryPoint\",\"urlTemplate\":\"https:\/\/www.revue3emillenaire.com\/blog\/?s={search_term_string}\"},\"query-input\":{\"@type\":\"PropertyValueSpecification\",\"valueRequired\":true,\"valueName\":\"search_term_string\"}}],\"inLanguage\":\"fr-FR\"},{\"@type\":\"Person\",\"@id\":\"https:\/\/www.revue3emillenaire.com\/blog\/#\/schema\/person\/9a3a7cc4ccaa707f402d4394327106d5\",\"name\":\"3e mill\u00e9naire\",\"url\":\"https:\/\/www.revue3emillenaire.com\/blog\/author\/admin\/\"}]}<\/script>\n<!-- \/ Yoast SEO plugin. -->","yoast_head_json":{"title":"\u00c9ducation et d\u00e9veloppement par Gabriel Monod-Herzen - 3e mill\u00e9naire - Spiritualit\u00e9 - Connaissance de soi - Non-dualit\u00e9 - M\u00e9ditation","robots":{"index":"index","follow":"follow","max-snippet":"max-snippet:-1","max-image-preview":"max-image-preview:large","max-video-preview":"max-video-preview:-1"},"canonical":"https:\/\/www.revue3emillenaire.com\/blog\/education-et-developpement-par-gabriel-monod-herzen\/","og_locale":"fr_FR","og_type":"article","og_title":"\u00c9ducation et d\u00e9veloppement par Gabriel Monod-Herzen - 3e mill\u00e9naire - Spiritualit\u00e9 - Connaissance de soi - Non-dualit\u00e9 - M\u00e9ditation","og_description":"A tout changement int\u00e9rieur correspond un changement ext\u00e9rieur, de ce qui nous entoure. Une attitude diff\u00e9rente de notre part d\u00e9termine autour de nous des r\u00e9actions diff\u00e9rentes et peu \u00e0 peu les choses changent. Et cela peut aller beaucoup plus loin qu'on ne le pense. Nous ensemen\u00e7ons constamment notre milieu, les gens qui nous entourent et nous recevons certainement beaucoup de choses que nous ne connaissons pas et qui retournent vers nous. Nous croyons que cela est d\u00fb aux \u00e9v\u00e9nements ext\u00e9rieurs, quand en r\u00e9alit\u00e9 nous avons fortement contribu\u00e9 \u00e0 les faire ce qu'ils sont.","og_url":"https:\/\/www.revue3emillenaire.com\/blog\/education-et-developpement-par-gabriel-monod-herzen\/","og_site_name":"3e mill\u00e9naire - Spiritualit\u00e9 - Connaissance de soi - Non-dualit\u00e9 - M\u00e9ditation","article_published_time":"2010-02-17T14:56:40+00:00","author":"3e mill\u00e9naire","twitter_card":"summary_large_image","twitter_misc":{"\u00c9crit par":"3e mill\u00e9naire","Dur\u00e9e de lecture estim\u00e9e":"10 minutes"},"schema":{"@context":"https:\/\/schema.org","@graph":[{"@type":"Article","@id":"https:\/\/www.revue3emillenaire.com\/blog\/education-et-developpement-par-gabriel-monod-herzen\/#article","isPartOf":{"@id":"https:\/\/www.revue3emillenaire.com\/blog\/education-et-developpement-par-gabriel-monod-herzen\/"},"author":{"name":"3e mill\u00e9naire","@id":"https:\/\/www.revue3emillenaire.com\/blog\/#\/schema\/person\/9a3a7cc4ccaa707f402d4394327106d5"},"headline":"\u00c9ducation et d\u00e9veloppement par Gabriel Monod-Herzen","datePublished":"2010-02-17T14:56:40+00:00","mainEntityOfPage":{"@id":"https:\/\/www.revue3emillenaire.com\/blog\/education-et-developpement-par-gabriel-monod-herzen\/"},"wordCount":1958,"keywords":["d\u00e9veloppement","Education"],"articleSection":["Monod-Herzen Gabriel"],"inLanguage":"fr-FR"},{"@type":"WebPage","@id":"https:\/\/www.revue3emillenaire.com\/blog\/education-et-developpement-par-gabriel-monod-herzen\/","url":"https:\/\/www.revue3emillenaire.com\/blog\/education-et-developpement-par-gabriel-monod-herzen\/","name":"\u00c9ducation et d\u00e9veloppement par Gabriel Monod-Herzen - 3e mill\u00e9naire - Spiritualit\u00e9 - Connaissance de soi - Non-dualit\u00e9 - M\u00e9ditation","isPartOf":{"@id":"https:\/\/www.revue3emillenaire.com\/blog\/#website"},"datePublished":"2010-02-17T14:56:40+00:00","author":{"@id":"https:\/\/www.revue3emillenaire.com\/blog\/#\/schema\/person\/9a3a7cc4ccaa707f402d4394327106d5"},"breadcrumb":{"@id":"https:\/\/www.revue3emillenaire.com\/blog\/education-et-developpement-par-gabriel-monod-herzen\/#breadcrumb"},"inLanguage":"fr-FR","potentialAction":[{"@type":"ReadAction","target":["https:\/\/www.revue3emillenaire.com\/blog\/education-et-developpement-par-gabriel-monod-herzen\/"]}]},{"@type":"BreadcrumbList","@id":"https:\/\/www.revue3emillenaire.com\/blog\/education-et-developpement-par-gabriel-monod-herzen\/#breadcrumb","itemListElement":[{"@type":"ListItem","position":1,"name":"Accueil","item":"https:\/\/www.revue3emillenaire.com\/blog\/"},{"@type":"ListItem","position":2,"name":"\u00c9ducation et d\u00e9veloppement par Gabriel Monod-Herzen"}]},{"@type":"WebSite","@id":"https:\/\/www.revue3emillenaire.com\/blog\/#website","url":"https:\/\/www.revue3emillenaire.com\/blog\/","name":"3e mill\u00e9naire - Spiritualit\u00e9 - Connaissance de soi - Non-dualit\u00e9 - M\u00e9ditation","description":"L&#039;Homme en devenir","potentialAction":[{"@type":"SearchAction","target":{"@type":"EntryPoint","urlTemplate":"https:\/\/www.revue3emillenaire.com\/blog\/?s={search_term_string}"},"query-input":{"@type":"PropertyValueSpecification","valueRequired":true,"valueName":"search_term_string"}}],"inLanguage":"fr-FR"},{"@type":"Person","@id":"https:\/\/www.revue3emillenaire.com\/blog\/#\/schema\/person\/9a3a7cc4ccaa707f402d4394327106d5","name":"3e mill\u00e9naire","url":"https:\/\/www.revue3emillenaire.com\/blog\/author\/admin\/"}]}},"_links":{"self":[{"href":"https:\/\/www.revue3emillenaire.com\/blog\/wp-json\/wp\/v2\/posts\/2709","targetHints":{"allow":["GET"]}}],"collection":[{"href":"https:\/\/www.revue3emillenaire.com\/blog\/wp-json\/wp\/v2\/posts"}],"about":[{"href":"https:\/\/www.revue3emillenaire.com\/blog\/wp-json\/wp\/v2\/types\/post"}],"author":[{"embeddable":true,"href":"https:\/\/www.revue3emillenaire.com\/blog\/wp-json\/wp\/v2\/users\/1"}],"replies":[{"embeddable":true,"href":"https:\/\/www.revue3emillenaire.com\/blog\/wp-json\/wp\/v2\/comments?post=2709"}],"version-history":[{"count":0,"href":"https:\/\/www.revue3emillenaire.com\/blog\/wp-json\/wp\/v2\/posts\/2709\/revisions"}],"wp:attachment":[{"href":"https:\/\/www.revue3emillenaire.com\/blog\/wp-json\/wp\/v2\/media?parent=2709"}],"wp:term":[{"taxonomy":"category","embeddable":true,"href":"https:\/\/www.revue3emillenaire.com\/blog\/wp-json\/wp\/v2\/categories?post=2709"},{"taxonomy":"post_tag","embeddable":true,"href":"https:\/\/www.revue3emillenaire.com\/blog\/wp-json\/wp\/v2\/tags?post=2709"}],"curies":[{"name":"wp","href":"https:\/\/api.w.org\/{rel}","templated":true}]}}