{"id":2778,"date":"2010-02-27T14:59:37","date_gmt":"2010-02-27T13:59:37","guid":{"rendered":"http:\/\/www.revue3emillenaire.com\/blog\/?p=2778"},"modified":"2011-10-09T00:13:21","modified_gmt":"2011-10-08T23:13:21","slug":"ouvrir-la-porte-a-une-nouvelle-revelation-un-entretien-avec-graf-durckheim","status":"publish","type":"post","link":"https:\/\/www.revue3emillenaire.com\/blog\/ouvrir-la-porte-a-une-nouvelle-revelation-un-entretien-avec-graf-durckheim\/","title":{"rendered":"Ouvrir la porte \u00e0 une nouvelle r\u00e9v\u00e9lation, un entretien avec Graf D\u00fcrckheim"},"content":{"rendered":"<p style=\"text-align: justify;\">(Revue Aurores. N<sup>o<\/sup> 23. Mai 1982 )<\/p>\n<p style=\"text-align: justify;\">\n<p style=\"text-align: justify;\"><em>Nous avons rencontr\u00e9 Karlfried Graf D\u00fcrckheim au colloque \u00ab Dogmes et Mystique \u00bb. K. Graf D\u00fcrckheim nous a r\u00e9pondu sur l&rsquo;utilit\u00e9 et l&rsquo;inutilit\u00e9 de ces colloques. Ils sont en tous les cas, le signe d&rsquo;un int\u00e9r\u00eat, qui va grandissant pour la dimension spirituelle et ce qu&rsquo;il y a d&rsquo;essentiel en elle, c&rsquo;est-\u00e0-dire l&rsquo;Etre. Nous pouvons lire dans l\u2019ouvrage de K. Graf D\u00fcrckheim \u00abL&rsquo;homme et sa double origine\u00bb : \u00abCe qui fait vibrer cette jeunesse charg\u00e9e de l&rsquo;avenir, c&rsquo;est l&rsquo;intuition de son origine infinie et la col\u00e8re d&rsquo;avoir \u00e9t\u00e9 tenue \u00e0 l&rsquo;\u00e9cart de cette connaissance. Les responsables d&rsquo;hier se trouvent les mains vides devant l&rsquo;exigence des temps nouveaux qui prennent la rel\u00e8ve du leur\u00bb.<\/em><\/p>\n<p style=\"text-align: justify;\">\n<p style=\"text-align: justify;\"><strong>AURORES : Monsieur Graf D\u00fcrckheim, que pensez-vous de ce genre de rencontre ?<\/strong><\/p>\n<p style=\"text-align: justify;\">\n<p style=\"text-align: justify;\">Graf D\u00fcrckheim : Ce colloque est tr\u00e8s int\u00e9ressant, mais comme chaque fois qu&rsquo;il faut se servir du langage, le danger de raisonner \u00abintellectuellement\u00bb nous guette. Combien de personnes pr\u00e9sentes auront \u00e9prouv\u00e9 un choc ? Est-ce que ce ne sont pas simplement des r\u00e9flexions mentales qui sont en jeu ? Quelque chose, lors de cette rencontre, a-t-il vraiment \u00abeffray\u00e9\u00bb? Ce qui effraye dans le sens de \u00abce qui fait mourir quelque chose en nous\u00bb, c&rsquo;est cela qui peut donner naissance \u00e0 autre chose d&rsquo;enti\u00e8rement nouveau.<\/p>\n<p style=\"text-align: justify;\">\n<p style=\"text-align: justify;\">Or, il y a trop peu de \u00abbless\u00e9s\u00bb dans la salle, qui ont subi cette petite mort pour commencer une nouvelle vie. Cependant, j&rsquo;admire toujours ces initiatives; j&rsquo;y participe, j&rsquo;ai m\u00eame l&rsquo;impression que cela peut \u00eatre fructueux. Mais il ne faut pas s&rsquo;attendre \u00e0 ce que quelque chose change dans ce monde \u00e0 la suite de ces colloques.<\/p>\n<p style=\"text-align: justify;\">\n<p style=\"text-align: justify;\"><strong>A. : Cependant, si vous avez accept\u00e9 de participer c&rsquo;est dans un but pr\u00e9cis. Quel est l&rsquo;essentiel de ce que vous voulez communiquer ?<\/strong><\/p>\n<p style=\"text-align: justify;\">\n<p style=\"text-align: justify;\">G.D. : Nous vivons dans une \u00e9poque compl\u00e8tement nouvelle. Il faudrait que l&rsquo;homme comprenne qu&rsquo;il s&rsquo;agit maintenant de prendre au s\u00e9rieux la r\u00e9alit\u00e9 de ce qu&rsquo;il est lui-m\u00eame, au fond de lui: \u00abJe suis le Christ\u00bb.<\/p>\n<p style=\"text-align: justify;\">\n<p style=\"text-align: justify;\">Par la m\u00e9ditation on approche de ce \u00abJe suis\u00bb. Le Christ n&rsquo;est pas dans le ciel ou quelque part ailleurs mais dans notre \u00eatre essentiel. De cette fa\u00e7on, individuellement, le Christ se trouve ETRE sur terre. C&rsquo;est ma propre essence; Il le dit \u00e0 chacun d&rsquo;entre nous: \u00abIl faut que tu me trouves en toi-m\u00eame et alors tu te sentiras fils de Dieu\u00bb. Ce sont l\u00e0 des paroles qui correspondent \u00e0 des exp\u00e9riences, pas \u00e0 des croyances.<\/p>\n<p style=\"text-align: justify;\">\n<p style=\"text-align: justify;\">Ainsi le Christ invite l&rsquo;homme \u00e0 plonger dans son Etre essentiel, \u00e0 faire l&rsquo;exp\u00e9rience du divin en lui, \u00e0 reconnaitre cette richesse int\u00e9rieure qu&rsquo;il ne connait pas encore paradoxalement.<\/p>\n<p style=\"text-align: justify;\">\n<p style=\"text-align: justify;\">Il s&rsquo;agit de trouver en nous ce que nous sommes r\u00e9ellement comme richesse d&rsquo;exp\u00e9rience du divin et non pas de croire simplement que cela existe.<\/p>\n<p style=\"text-align: justify;\">\n<p style=\"text-align: justify;\"><strong>A. : Pourtant, la plupart des hommes n&rsquo;ont pas cette connaissance. Qu&rsquo;est-ce qui emp\u00eache l&rsquo;homme de vivre cette exp\u00e9rience du divin?<\/strong><\/p>\n<p style=\"text-align: justify;\"><strong> <\/strong><\/p>\n<p style=\"text-align: justify;\">G.D. : Tout simplement parce que l&rsquo;homme, d&rsquo;une fa\u00e7on g\u00e9n\u00e9rale, est tout \u00e0 fait content d&rsquo;\u00eatre \u00abmoi\u00bb dans ce monde, d&rsquo;avoir des dons, de se faire \u00abune vie\u00bb, de se s\u00e9curiser, d&rsquo;avoir une vieillesse bien assur\u00e9e. C&rsquo;est la vie de l&rsquo;homme \u00abnormal\u00bb, du petit bourgeois, peut-\u00eatre celle d&rsquo;un bon citoyen et ce n&rsquo;est pas si mal.<\/p>\n<p style=\"text-align: justify;\">\n<p style=\"text-align: justify;\">Cet homme existe dans son temps, il ne change pas. Et pourtant, nous nous trouvons dans une \u00e9poque o\u00f9 l&rsquo;homme est appel\u00e9 \u00e0 passer sur un plan compl\u00e8tement diff\u00e9rent de celui qu&rsquo;il occupait jusqu&rsquo;\u00e0 pr\u00e9sent<\/p>\n<p style=\"text-align: justify;\">\n<p style=\"text-align: justify;\"><strong>A.: Vous voulez dire, historiquement ?<\/strong><\/p>\n<p style=\"text-align: justify;\">\n<p style=\"text-align: justify;\">Chaque homme est appel\u00e9 \u00e0 travailler quotidiennement sur lui-m\u00eame; chaque instant peut devenir l&rsquo;occasion d&rsquo;un \u00abexercice\u00bb, d&rsquo;un travail sinc\u00e8re qui fera \u00e9clater la pl\u00e9nitude de l&rsquo;\u00eatre.<\/p>\n<p style=\"text-align: justify;\">\n<p style=\"text-align: justify;\">Il faut pour cela que l&rsquo;homme ait le courage de se prendre lui-m\u00eame en tant que repr\u00e9sentant du divin &#8230; Son essence, c&rsquo;est le divin qui se trouve en lui. Dieu est partout. J&rsquo;ai connu un religieux qui disait : \u00aben vous? en moi ? Non ! Quelle insolence de penser que Dieu soit en moi !\u00bb<\/p>\n<p style=\"text-align: justify;\">\n<p style=\"text-align: justify;\">Ce n&rsquo;est pas une arrogance que de pr\u00e9tendre \u00eatre le Christ dans ce noyau. Chacun a ce noyau et chacun a la chance et le devoir de le devenir. C&rsquo;est l\u00e0 le point v\u00e9ritable : ce que je pr\u00e9tends correspond \u00e0 des exp\u00e9riences et non \u00e0 des id\u00e9es ou des croyances.<\/p>\n<p style=\"text-align: justify;\">\n<p style=\"text-align: justify;\">J&rsquo;ai re\u00e7u chez moi, pendant un certain temps, une religieuse sup\u00e9rieure d&rsquo;un monast\u00e8re de Capucines en Suisse. Plus tard, j&rsquo;ai re\u00e7u une lettre dans laquelle elle me faisait part de sa joie d&rsquo;avoir d\u00e9couvert la transcendance int\u00e9rieure.<\/p>\n<p style=\"text-align: justify;\">\n<p style=\"text-align: justify;\">Le pl\u00e2tre commence \u00e0 tomber Quel est ce pl\u00e2tre ? C&rsquo;est la croyance religieuse qui participe encore inconsciemment au plan du mental. Les religions sont toutes des reflets divers d&rsquo;une m\u00eame r\u00e9alit\u00e9 divine.<\/p>\n<p style=\"text-align: justify;\">\n<p style=\"text-align: justify;\">La diff\u00e9rence qui existe entre l&rsquo;enseignement religieux et l&rsquo;ensemble des dogmes d&rsquo;une part et l&rsquo;exp\u00e9rience directe du divin que l&rsquo;homme peut r\u00e9aliser d&rsquo;autre part est \u00abmarqu\u00e9e\u00bb par un choc qui fait \u00e9clater tout ce que l&rsquo;intelligence avait \u00e9tabli.<\/p>\n<p style=\"text-align: justify;\">\n<p style=\"text-align: justify;\">L&rsquo;homme a davantage besoin de coup de poings que de caresses; c&rsquo;est quand il ne comprend plus qu&rsquo;il a la chance d&rsquo;apprendre quelque chose. Quelque chose dont la qualit\u00e9 particuli\u00e8re est ce que l&rsquo;on appelle le numineux.<\/p>\n<p style=\"text-align: justify;\">\n<p style=\"text-align: justify;\"><strong>A. : Quel message donneriez-vous aux enfants appel\u00e9s \u00e0 vivre dans ce monde ?<\/strong><\/p>\n<p style=\"text-align: justify;\">\n<p style=\"text-align: justify;\">G.D. : Quand ils demandent \u00abo\u00f9 est Dieu\u00bb ? Il faut r\u00e9pondre \u00abL\u00e0 o\u00f9 vous \u00eates heureux\u00bb.<\/p>\n<p style=\"text-align: justify;\">\n<p style=\"text-align: justify;\"><strong>Quelques livres de K. GRAF DURCKHEIM<\/strong><\/p>\n<p style=\"text-align: justify;\">\n<p style=\"text-align: justify;\">Aux Editions Le Courrier du Livre:<\/p>\n<p style=\"text-align: justify;\">Hara, centre vital de l&rsquo;homme, 3e \u00e9dition, 1974<\/p>\n<p style=\"text-align: justify;\">La perc\u00e9e de l&rsquo;Etre, ou les \u00e9tapes de la maturit\u00e9, 1970<\/p>\n<p style=\"text-align: justify;\">Pratique de la voie int\u00e9rieure. Le quotidien comme exercice, 1969<\/p>\n<p style=\"text-align: justify;\">Zen et nous, 1975<\/p>\n<p style=\"text-align: justify;\">\n<p style=\"text-align: justify;\">Aux Editions du Cerf:<\/p>\n<p style=\"text-align: justify;\">\n<p style=\"text-align: justify;\">Dialogue sur le chemin initiatique, Karlfried Graf D\u00fcrckheim et Alphonse Goettmann, coll. \u00abT\u00e9moins spirituels d&rsquo;aujourd&rsquo;hui\u00bb.<\/p>\n<p style=\"text-align: justify;\">L&rsquo;homme et sa double origine, 1980.<\/p>\n<p style=\"text-align: justify;\">\n","protected":false},"excerpt":{"rendered":"<p>La diff\u00e9rence qui existe entre l&rsquo;enseignement religieux et l&rsquo;ensemble des dogmes d&rsquo;une part et l&rsquo;exp\u00e9rience directe du divin que l&rsquo;homme peut r\u00e9aliser d&rsquo;autre part est \u00abmarqu\u00e9e\u00bb par un choc qui fait \u00e9clater tout ce que l&rsquo;intelligence avait \u00e9tabli.<\/p>\n","protected":false},"author":1,"featured_media":0,"comment_status":"closed","ping_status":"open","sticky":false,"template":"","format":"standard","meta":{"footnotes":""},"categories":[5,399],"tags":[98,176,147],"class_list":["post-2778","post","type-post","status-publish","format-standard","hentry","category-interview","category-k-graf-von-durkheim","tag-durkheim","tag-transformation","tag-travail-sur-soi"],"yoast_head":"<!-- This site is optimized with the Yoast SEO plugin v27.0 - https:\/\/yoast.com\/product\/yoast-seo-wordpress\/ -->\n<title>Ouvrir la porte \u00e0 une nouvelle r\u00e9v\u00e9lation, un entretien avec Graf D\u00fcrckheim - 3e mill\u00e9naire - Spiritualit\u00e9 - Connaissance de soi - Non-dualit\u00e9 - M\u00e9ditation<\/title>\n<meta name=\"robots\" content=\"index, follow, max-snippet:-1, max-image-preview:large, max-video-preview:-1\" \/>\n<link rel=\"canonical\" href=\"https:\/\/www.revue3emillenaire.com\/blog\/ouvrir-la-porte-a-une-nouvelle-revelation-un-entretien-avec-graf-durckheim\/\" \/>\n<meta property=\"og:locale\" content=\"fr_FR\" \/>\n<meta property=\"og:type\" content=\"article\" \/>\n<meta property=\"og:title\" content=\"Ouvrir la porte \u00e0 une nouvelle r\u00e9v\u00e9lation, un entretien avec Graf D\u00fcrckheim - 3e mill\u00e9naire - Spiritualit\u00e9 - Connaissance de soi - Non-dualit\u00e9 - M\u00e9ditation\" \/>\n<meta property=\"og:description\" content=\"La diff\u00e9rence qui existe entre l&#039;enseignement religieux et l&#039;ensemble des dogmes d&#039;une part et l&#039;exp\u00e9rience directe du divin que l&#039;homme peut r\u00e9aliser d&#039;autre part est \u00abmarqu\u00e9e\u00bb par un choc qui fait \u00e9clater tout ce que l&#039;intelligence avait \u00e9tabli.\" \/>\n<meta property=\"og:url\" content=\"https:\/\/www.revue3emillenaire.com\/blog\/ouvrir-la-porte-a-une-nouvelle-revelation-un-entretien-avec-graf-durckheim\/\" \/>\n<meta property=\"og:site_name\" content=\"3e mill\u00e9naire - Spiritualit\u00e9 - Connaissance de soi - Non-dualit\u00e9 - M\u00e9ditation\" \/>\n<meta property=\"article:published_time\" content=\"2010-02-27T13:59:37+00:00\" \/>\n<meta property=\"article:modified_time\" content=\"2011-10-08T23:13:21+00:00\" \/>\n<meta name=\"author\" content=\"3e mill\u00e9naire\" \/>\n<meta name=\"twitter:card\" content=\"summary_large_image\" \/>\n<meta name=\"twitter:label1\" content=\"\u00c9crit par\" \/>\n\t<meta name=\"twitter:data1\" content=\"3e mill\u00e9naire\" \/>\n\t<meta name=\"twitter:label2\" content=\"Dur\u00e9e de lecture estim\u00e9e\" \/>\n\t<meta name=\"twitter:data2\" content=\"5 minutes\" \/>\n<script type=\"application\/ld+json\" class=\"yoast-schema-graph\">{\"@context\":\"https:\/\/schema.org\",\"@graph\":[{\"@type\":\"Article\",\"@id\":\"https:\/\/www.revue3emillenaire.com\/blog\/ouvrir-la-porte-a-une-nouvelle-revelation-un-entretien-avec-graf-durckheim\/#article\",\"isPartOf\":{\"@id\":\"https:\/\/www.revue3emillenaire.com\/blog\/ouvrir-la-porte-a-une-nouvelle-revelation-un-entretien-avec-graf-durckheim\/\"},\"author\":{\"name\":\"3e mill\u00e9naire\",\"@id\":\"https:\/\/www.revue3emillenaire.com\/blog\/#\/schema\/person\/9a3a7cc4ccaa707f402d4394327106d5\"},\"headline\":\"Ouvrir la porte \u00e0 une nouvelle r\u00e9v\u00e9lation, un entretien avec Graf D\u00fcrckheim\",\"datePublished\":\"2010-02-27T13:59:37+00:00\",\"dateModified\":\"2011-10-08T23:13:21+00:00\",\"mainEntityOfPage\":{\"@id\":\"https:\/\/www.revue3emillenaire.com\/blog\/ouvrir-la-porte-a-une-nouvelle-revelation-un-entretien-avec-graf-durckheim\/\"},\"wordCount\":1009,\"keywords\":[\"Durkhe\u00efm\",\"Transformation\",\"Travail sur soi\"],\"articleSection\":[\"Entretien\/Interview\",\"Von D\u00fcrkhe\u00efm Karlfried Graf\"],\"inLanguage\":\"fr-FR\"},{\"@type\":\"WebPage\",\"@id\":\"https:\/\/www.revue3emillenaire.com\/blog\/ouvrir-la-porte-a-une-nouvelle-revelation-un-entretien-avec-graf-durckheim\/\",\"url\":\"https:\/\/www.revue3emillenaire.com\/blog\/ouvrir-la-porte-a-une-nouvelle-revelation-un-entretien-avec-graf-durckheim\/\",\"name\":\"Ouvrir la porte \u00e0 une nouvelle r\u00e9v\u00e9lation, un entretien avec Graf D\u00fcrckheim - 3e mill\u00e9naire - Spiritualit\u00e9 - Connaissance de soi - Non-dualit\u00e9 - M\u00e9ditation\",\"isPartOf\":{\"@id\":\"https:\/\/www.revue3emillenaire.com\/blog\/#website\"},\"datePublished\":\"2010-02-27T13:59:37+00:00\",\"dateModified\":\"2011-10-08T23:13:21+00:00\",\"author\":{\"@id\":\"https:\/\/www.revue3emillenaire.com\/blog\/#\/schema\/person\/9a3a7cc4ccaa707f402d4394327106d5\"},\"breadcrumb\":{\"@id\":\"https:\/\/www.revue3emillenaire.com\/blog\/ouvrir-la-porte-a-une-nouvelle-revelation-un-entretien-avec-graf-durckheim\/#breadcrumb\"},\"inLanguage\":\"fr-FR\",\"potentialAction\":[{\"@type\":\"ReadAction\",\"target\":[\"https:\/\/www.revue3emillenaire.com\/blog\/ouvrir-la-porte-a-une-nouvelle-revelation-un-entretien-avec-graf-durckheim\/\"]}]},{\"@type\":\"BreadcrumbList\",\"@id\":\"https:\/\/www.revue3emillenaire.com\/blog\/ouvrir-la-porte-a-une-nouvelle-revelation-un-entretien-avec-graf-durckheim\/#breadcrumb\",\"itemListElement\":[{\"@type\":\"ListItem\",\"position\":1,\"name\":\"Accueil\",\"item\":\"https:\/\/www.revue3emillenaire.com\/blog\/\"},{\"@type\":\"ListItem\",\"position\":2,\"name\":\"Ouvrir la porte \u00e0 une nouvelle r\u00e9v\u00e9lation, un entretien avec Graf D\u00fcrckheim\"}]},{\"@type\":\"WebSite\",\"@id\":\"https:\/\/www.revue3emillenaire.com\/blog\/#website\",\"url\":\"https:\/\/www.revue3emillenaire.com\/blog\/\",\"name\":\"3e mill\u00e9naire - Spiritualit\u00e9 - Connaissance de soi - Non-dualit\u00e9 - M\u00e9ditation\",\"description\":\"L&#039;Homme en devenir\",\"potentialAction\":[{\"@type\":\"SearchAction\",\"target\":{\"@type\":\"EntryPoint\",\"urlTemplate\":\"https:\/\/www.revue3emillenaire.com\/blog\/?s={search_term_string}\"},\"query-input\":{\"@type\":\"PropertyValueSpecification\",\"valueRequired\":true,\"valueName\":\"search_term_string\"}}],\"inLanguage\":\"fr-FR\"},{\"@type\":\"Person\",\"@id\":\"https:\/\/www.revue3emillenaire.com\/blog\/#\/schema\/person\/9a3a7cc4ccaa707f402d4394327106d5\",\"name\":\"3e mill\u00e9naire\",\"url\":\"https:\/\/www.revue3emillenaire.com\/blog\/author\/admin\/\"}]}<\/script>\n<!-- \/ Yoast SEO plugin. -->","yoast_head_json":{"title":"Ouvrir la porte \u00e0 une nouvelle r\u00e9v\u00e9lation, un entretien avec Graf D\u00fcrckheim - 3e mill\u00e9naire - Spiritualit\u00e9 - Connaissance de soi - Non-dualit\u00e9 - M\u00e9ditation","robots":{"index":"index","follow":"follow","max-snippet":"max-snippet:-1","max-image-preview":"max-image-preview:large","max-video-preview":"max-video-preview:-1"},"canonical":"https:\/\/www.revue3emillenaire.com\/blog\/ouvrir-la-porte-a-une-nouvelle-revelation-un-entretien-avec-graf-durckheim\/","og_locale":"fr_FR","og_type":"article","og_title":"Ouvrir la porte \u00e0 une nouvelle r\u00e9v\u00e9lation, un entretien avec Graf D\u00fcrckheim - 3e mill\u00e9naire - Spiritualit\u00e9 - Connaissance de soi - Non-dualit\u00e9 - M\u00e9ditation","og_description":"La diff\u00e9rence qui existe entre l'enseignement religieux et l'ensemble des dogmes d'une part et l'exp\u00e9rience directe du divin que l'homme peut r\u00e9aliser d'autre part est \u00abmarqu\u00e9e\u00bb par un choc qui fait \u00e9clater tout ce que l'intelligence avait \u00e9tabli.","og_url":"https:\/\/www.revue3emillenaire.com\/blog\/ouvrir-la-porte-a-une-nouvelle-revelation-un-entretien-avec-graf-durckheim\/","og_site_name":"3e mill\u00e9naire - Spiritualit\u00e9 - Connaissance de soi - Non-dualit\u00e9 - M\u00e9ditation","article_published_time":"2010-02-27T13:59:37+00:00","article_modified_time":"2011-10-08T23:13:21+00:00","author":"3e mill\u00e9naire","twitter_card":"summary_large_image","twitter_misc":{"\u00c9crit par":"3e mill\u00e9naire","Dur\u00e9e de lecture estim\u00e9e":"5 minutes"},"schema":{"@context":"https:\/\/schema.org","@graph":[{"@type":"Article","@id":"https:\/\/www.revue3emillenaire.com\/blog\/ouvrir-la-porte-a-une-nouvelle-revelation-un-entretien-avec-graf-durckheim\/#article","isPartOf":{"@id":"https:\/\/www.revue3emillenaire.com\/blog\/ouvrir-la-porte-a-une-nouvelle-revelation-un-entretien-avec-graf-durckheim\/"},"author":{"name":"3e mill\u00e9naire","@id":"https:\/\/www.revue3emillenaire.com\/blog\/#\/schema\/person\/9a3a7cc4ccaa707f402d4394327106d5"},"headline":"Ouvrir la porte \u00e0 une nouvelle r\u00e9v\u00e9lation, un entretien avec Graf D\u00fcrckheim","datePublished":"2010-02-27T13:59:37+00:00","dateModified":"2011-10-08T23:13:21+00:00","mainEntityOfPage":{"@id":"https:\/\/www.revue3emillenaire.com\/blog\/ouvrir-la-porte-a-une-nouvelle-revelation-un-entretien-avec-graf-durckheim\/"},"wordCount":1009,"keywords":["Durkhe\u00efm","Transformation","Travail sur soi"],"articleSection":["Entretien\/Interview","Von D\u00fcrkhe\u00efm Karlfried Graf"],"inLanguage":"fr-FR"},{"@type":"WebPage","@id":"https:\/\/www.revue3emillenaire.com\/blog\/ouvrir-la-porte-a-une-nouvelle-revelation-un-entretien-avec-graf-durckheim\/","url":"https:\/\/www.revue3emillenaire.com\/blog\/ouvrir-la-porte-a-une-nouvelle-revelation-un-entretien-avec-graf-durckheim\/","name":"Ouvrir la porte \u00e0 une nouvelle r\u00e9v\u00e9lation, un entretien avec Graf D\u00fcrckheim - 3e mill\u00e9naire - Spiritualit\u00e9 - Connaissance de soi - Non-dualit\u00e9 - M\u00e9ditation","isPartOf":{"@id":"https:\/\/www.revue3emillenaire.com\/blog\/#website"},"datePublished":"2010-02-27T13:59:37+00:00","dateModified":"2011-10-08T23:13:21+00:00","author":{"@id":"https:\/\/www.revue3emillenaire.com\/blog\/#\/schema\/person\/9a3a7cc4ccaa707f402d4394327106d5"},"breadcrumb":{"@id":"https:\/\/www.revue3emillenaire.com\/blog\/ouvrir-la-porte-a-une-nouvelle-revelation-un-entretien-avec-graf-durckheim\/#breadcrumb"},"inLanguage":"fr-FR","potentialAction":[{"@type":"ReadAction","target":["https:\/\/www.revue3emillenaire.com\/blog\/ouvrir-la-porte-a-une-nouvelle-revelation-un-entretien-avec-graf-durckheim\/"]}]},{"@type":"BreadcrumbList","@id":"https:\/\/www.revue3emillenaire.com\/blog\/ouvrir-la-porte-a-une-nouvelle-revelation-un-entretien-avec-graf-durckheim\/#breadcrumb","itemListElement":[{"@type":"ListItem","position":1,"name":"Accueil","item":"https:\/\/www.revue3emillenaire.com\/blog\/"},{"@type":"ListItem","position":2,"name":"Ouvrir la porte \u00e0 une nouvelle r\u00e9v\u00e9lation, un entretien avec Graf D\u00fcrckheim"}]},{"@type":"WebSite","@id":"https:\/\/www.revue3emillenaire.com\/blog\/#website","url":"https:\/\/www.revue3emillenaire.com\/blog\/","name":"3e mill\u00e9naire - Spiritualit\u00e9 - Connaissance de soi - Non-dualit\u00e9 - M\u00e9ditation","description":"L&#039;Homme en devenir","potentialAction":[{"@type":"SearchAction","target":{"@type":"EntryPoint","urlTemplate":"https:\/\/www.revue3emillenaire.com\/blog\/?s={search_term_string}"},"query-input":{"@type":"PropertyValueSpecification","valueRequired":true,"valueName":"search_term_string"}}],"inLanguage":"fr-FR"},{"@type":"Person","@id":"https:\/\/www.revue3emillenaire.com\/blog\/#\/schema\/person\/9a3a7cc4ccaa707f402d4394327106d5","name":"3e mill\u00e9naire","url":"https:\/\/www.revue3emillenaire.com\/blog\/author\/admin\/"}]}},"_links":{"self":[{"href":"https:\/\/www.revue3emillenaire.com\/blog\/wp-json\/wp\/v2\/posts\/2778","targetHints":{"allow":["GET"]}}],"collection":[{"href":"https:\/\/www.revue3emillenaire.com\/blog\/wp-json\/wp\/v2\/posts"}],"about":[{"href":"https:\/\/www.revue3emillenaire.com\/blog\/wp-json\/wp\/v2\/types\/post"}],"author":[{"embeddable":true,"href":"https:\/\/www.revue3emillenaire.com\/blog\/wp-json\/wp\/v2\/users\/1"}],"replies":[{"embeddable":true,"href":"https:\/\/www.revue3emillenaire.com\/blog\/wp-json\/wp\/v2\/comments?post=2778"}],"version-history":[{"count":0,"href":"https:\/\/www.revue3emillenaire.com\/blog\/wp-json\/wp\/v2\/posts\/2778\/revisions"}],"wp:attachment":[{"href":"https:\/\/www.revue3emillenaire.com\/blog\/wp-json\/wp\/v2\/media?parent=2778"}],"wp:term":[{"taxonomy":"category","embeddable":true,"href":"https:\/\/www.revue3emillenaire.com\/blog\/wp-json\/wp\/v2\/categories?post=2778"},{"taxonomy":"post_tag","embeddable":true,"href":"https:\/\/www.revue3emillenaire.com\/blog\/wp-json\/wp\/v2\/tags?post=2778"}],"curies":[{"name":"wp","href":"https:\/\/api.w.org\/{rel}","templated":true}]}}