{"id":280,"date":"2009-03-05T00:00:00","date_gmt":"2009-03-05T00:00:00","guid":{"rendered":"http:\/\/www.revue3emillenaire.com\/blog\/?p=280"},"modified":"2011-09-21T03:45:37","modified_gmt":"2011-09-21T02:45:37","slug":"la-contribution-de-vivekananda-a-la-pensee-philosophique-par-jean-herbert","status":"publish","type":"post","link":"https:\/\/www.revue3emillenaire.com\/blog\/la-contribution-de-vivekananda-a-la-pensee-philosophique-par-jean-herbert\/","title":{"rendered":"La contribution de Vivek\u00e2nanda a la pens\u00e9e philosophique par Jean Herbert"},"content":{"rendered":"<p style=\"text-align: justify;\">(Extrait de La Tol\u00e9rance, colloque Sw\u00e2mi Vivekananda. Edition Etre Libre 1963)<\/p>\n<p style=\"text-align: justify;\">Excellences, Mesdames, Mesdemoiselles, Messieurs.<\/p>\n<p style=\"text-align: justify;\">C&rsquo;est \u00e0 moi maintenant qu&rsquo;\u00e9choit l&rsquo;honneur de clore cette r\u00e9union par un expos\u00e9 qui, je vous le promets, sera bref.<\/p>\n<p style=\"text-align: justify;\">Cette r\u00e9union me reporte de vingt-sept ans en arri\u00e8re, \u00e0 l&rsquo;\u00e9poque o\u00f9 je prenais part \u00e0 Calcutta aux c\u00e9r\u00e9monies que l&rsquo;on c\u00e9l\u00e9brait en l&rsquo;honneur du centenaire de la naissance de Shr\u00ee R\u00e2makrishna, le ma\u00eetre de Sw\u00e2mi Vivek\u00e2nanda. Et je reparcourais l&rsquo;autre jour les deux volumes du compte rendu du \u00ab Parlement des Religions \u00bb, qui avait lieu \u00e0 ce moment en l&rsquo;honneur de Shr\u00ee R\u00e2makrishna et je constatais, ce qui n&rsquo;\u00e9tait pas pour me surprendre d&rsquo;ailleurs, qu&rsquo;il \u00e9tait bien rare que l&rsquo;un quelconque des orateurs qui parlaient de Shr\u00ee R\u00e2makrishna p\u00fbt s&rsquo;abstenir de citer au moins quelques paroles de celui qui fut son disciple le plus c\u00e9l\u00e8bre, Sw\u00e2mi Vivek\u00e2nanda.<\/p>\n<p style=\"text-align: justify;\">C&rsquo;est donc un peu un prolongement des c\u00e9r\u00e9monies en l&rsquo;honneur de Shr\u00ee R\u00e2makrishna que nous c\u00e9l\u00e9brons ici.<\/p>\n<p style=\"text-align: justify;\">Je n&rsquo;ai pas eu le privil\u00e8ge de conna\u00eetre personnellement Sw\u00e2mi Vivek\u00e2nanda, mais j&rsquo;ai eu celui de bien conna\u00eetre plusieurs de ses condisciples, de ceux qui recueillaient avec lui l&rsquo;enseignement de Shr\u00ee R\u00e2makrishna et j&rsquo;ai longuement fr\u00e9quent\u00e9 un grand nombre des disciples les plus intimes de Sw\u00e2mi Vivek\u00e2nanda lui-m\u00eame, des moines et des la\u00efcs, des hommes et des femmes, des Indiens, des Am\u00e9ricains, des Europ\u00e9ens et j&rsquo;ai \u00e9t\u00e9 tr\u00e8s frapp\u00e9, en lisant cette notice qui a \u00e9t\u00e9 pr\u00e9par\u00e9e par l&rsquo;Ambassade de l&rsquo;Inde pour cette occasion, d&rsquo;y trouver comme conclusion ceci; je la cite : \u00ab S&rsquo;il faut r\u00e9sumer la vie de Sw\u00e2mi Vivek\u00e2nanda en un seul mot, celui qui convient le mieux est la Force, la force indestructible \u00bb.<\/p>\n<p style=\"text-align: justify;\">Or, pr\u00e9cis\u00e9ment, ce qui m&rsquo;a le plus impressionn\u00e9 chez tous les disciples de Sw\u00e2mi Vivek\u00e2nanda que j&rsquo;ai connus, c&rsquo;est la force extraordinaire qu&rsquo;ils avaient tir\u00e9e de leur contact avec leur ma\u00eetre. Si j&rsquo;avais le temps, je pourrais vous en donner beaucoup d&rsquo;exemples frappants. Un \u00e9l\u00e9ment essentiel de cette force toutefois \u00e9tait \u00e9videmment l&rsquo;harmonie que chacun d&rsquo;entre eux avait pu \u00e9tablir au-dedans de lui-m\u00eame dans le monde complexe o\u00f9 il vivait, car sans harmonie int\u00e9rieure, il ne peut pas y avoir de force v\u00e9ritable. Et \u00e0 notre \u00e9poque, certains des Sw\u00e2mis vous en ont d\u00e9j\u00e0 parl\u00e9 et je m&rsquo;excuse d&rsquo;y revenir, une des difficult\u00e9s les plus grandes auxquelles on se heurte lorsqu&rsquo;on veut r\u00e9aliser cette harmonie int\u00e9rieure, c&rsquo;est de concilier, d&rsquo;une part la foi, la religion, d&rsquo;autre part les th\u00e9ories de la science occidentale moderne. Nous savons tous les probl\u00e8mes que cela a soulev\u00e9 au sein de notre soci\u00e9t\u00e9 chr\u00e9tienne au cours des deux derniers si\u00e8cles.<\/p>\n<p style=\"text-align: justify;\">Ce dont je voudrais vous dire quelques mots, ce sont les efforts qui ont \u00e9t\u00e9 accomplis dans ce domaine par Sw\u00e2mi Vivek\u00e2nanda.<\/p>\n<p style=\"text-align: justify;\">Pour les appr\u00e9cier, il faut se rappeler que le Sw\u00e2mi a v\u00e9cu \u00e0 la fin du si\u00e8cle dernier, \u00e0 une \u00e9poque o\u00f9 en Occident la science et la religion s&rsquo;opposaient violemment l&rsquo;une \u00e0 l&rsquo;autre. Entre les dogmes les plus sacr\u00e9s d&rsquo;une part et d&rsquo;autre part les th\u00e9ories de Darwin ou de Lamarck, les enseignements d&rsquo;Auguste Comte, il fallait purement et simplement choisir.<\/p>\n<p style=\"text-align: justify;\">Dans le reste du monde, o\u00f9 les sciences et les philosophies occidentales ne filtraient qu&rsquo;assez lentement, le drame ne touchait encore que quelques \u00e9lites, elles \u00e9taient peu nombreuses, mais leur cercle allait s&rsquo;\u00e9largissant assez rapidement. Quelle \u00e9tait la situation dans l&rsquo;Inde? Dans l&rsquo;Inde, Sw\u00e2mi Day\u00e2nanda Sarasvat\u00ee, fondateur et animateur de l&rsquo;Arya Sam\u00e2j, et peut-\u00eatre l&rsquo;homme le plus moderniste de son \u00e9poque, puisqu&rsquo;il pr\u00eachait la diffusion d&rsquo;un enseignement inspir\u00e9 de l&rsquo;Europe, puisqu&rsquo;il poussait \u00e0 la cr\u00e9ation d&rsquo;h\u00f4pitaux \u00e0 l&rsquo;occidentale, a tent\u00e9 certains rapprochements qui \u2014 je dois le dire \u2014 aujourd&rsquo;hui nous font sourire un peu. Pour lui, par exemple, le Dieu Indra, le roi des dieux de la mythologie hindoue, n&rsquo;\u00e9tait autre que l&rsquo;\u00e9lectricit\u00e9 et le septi\u00e8me enfer de la mythologie hindoue, le plus bas, le plus sinistre, le plus effroyable de tous les enfers, n&rsquo;\u00e9tait autre que l&rsquo;Am\u00e9rique. Il est \u00e9vident que de telles th\u00e9ories ne pouvaient satisfaire longtemps les esprits \u00e9clair\u00e9s. Le Brahmo-Sam\u00e2j, auquel on vous a dit tout \u00e0 l&rsquo;heure que Sw\u00e2mi Vivek\u00e2nanda s&rsquo;\u00e9tait un instant rattach\u00e9, \u00e9tait destin\u00e9 avant tout \u00e0 ramener au sein de l&rsquo;Hindouisme ceux qui s&rsquo;en \u00e9taient \u00e9cart\u00e9s, qui s&rsquo;\u00e9taient laiss\u00e9s convertir \u00e0 d&rsquo;autres religions, et ce Brahmo-Sam\u00e2j se pr\u00e9occupait avant tout, pour se rendre plus universel, d&rsquo;incorporer \u2014 ce qui n&rsquo;\u00e9tait d&rsquo;ailleurs pas tr\u00e8s difficile \u2014 aux th\u00e9ories, aux dogmes, aux enseignements de l&rsquo;Hindouisme certains \u00e9l\u00e9ments tir\u00e9s du Christianisme, et il ne se pr\u00e9occupait gu\u00e8re de chercher un terrain d&rsquo;entente avec la science occidentale.<\/p>\n<p style=\"text-align: justify;\">Quant au grand ma\u00eetre de Vivek\u00e2nanda, Shr\u00ee R\u00e2makrishna, le grand mystique en qui l&rsquo;Inde est de plus en plus tent\u00e9e de voir maintenant un avatar de Vishnou, il n&rsquo;avait absolument aucun contact avec l&rsquo;Occident ni avec la science occidentale. Il ne connaissait par cons\u00e9quent pas les probl\u00e8mes que cette science peut soulever dans la vie spirituelle ou religieuse. Cela ne l&#8217;emp\u00eachait pas d&rsquo;ailleurs d&rsquo;envisager cet Occident myst\u00e9rieux pour lui avec beaucoup de sympathie, comme il envisageait toute l&rsquo;humanit\u00e9. L&rsquo;un de ses amis, Mazoomdar, qui avait \u00e9t\u00e9 en Europe, \u00e9tait venu le voir en rentrant et lui expliquait l&rsquo;Europe telle qu&rsquo;il l&rsquo;avait vue, cette Europe surprenante o\u00f9 l&rsquo;on s&rsquo;attachait avant tout \u00e0 acqu\u00e9rir des connaissances mat\u00e9rielles, o\u00f9 l&rsquo;on se disputait le pouvoir mat\u00e9riel et Shr\u00ee R\u00e2makrishna dans son infinie bont\u00e9 et disons, peut-\u00eatre dans sa grande clairvoyance, a r\u00e9pondu tout simplement ceci : \u00ab Si les savants europ\u00e9ens croient au pouvoir qui r\u00e9git l&rsquo;univers, alors ils croient en la Shakti, et c&rsquo;est suffisant \u00bb.<\/p>\n<p style=\"text-align: justify;\">Mais cela ne suffisait pas non plus \u00e0 r\u00e9soudre le grand dilemme.<\/p>\n<p style=\"text-align: justify;\">Vivek\u00e2nanda, lui, eut des contacts s\u00e9rieux avec l&rsquo;Occident. D&rsquo;abord \u00e0 l&rsquo;\u00e2ge de seize ans, il entra au Presidency College et il poursuivit des \u00e9tudes universitaires, en grande partie sous la direction de professeurs anglais, pendant un certain nombre d&rsquo;ann\u00e9es. Il y eut m\u00eame un moment o\u00f9 son p\u00e8re eut l&rsquo;ambition de l&rsquo;envoyer poursuivre ses \u00e9tudes en Europe pour entrer dans le Civil Service britannique dans l&rsquo;Inde. Lorsque Vivek\u00e2nanda par cons\u00e9quent vint s&rsquo;asseoir aux pieds de son ma\u00eetre Shr\u00ee R\u00e2makrishna, il \u00e9tait d\u00e9j\u00e0 plus que teint\u00e9 de culture occidentale et il connaissait la mani\u00e8re dont les Europ\u00e9ens de son \u00e9poque envisageaient les probl\u00e8mes fondamentaux de la vie.<\/p>\n<p style=\"text-align: justify;\">Il lui fallut d&rsquo;ailleurs longtemps, nous disent ses biographes, pour arriver \u00e0 appr\u00e9cier \u00ab intellectuellement \u00bb son ma\u00eetre, qui, pour des Occidentaux ou pour des Indiens form\u00e9s \u00e0 l&rsquo;occidentale, \u00e9tait \u00e9videmment un homme profond\u00e9ment inculte.<\/p>\n<p style=\"text-align: justify;\">Je ne crois pas trahir la pens\u00e9e du grand Swami en vous disant qu&rsquo;une de ses principales pr\u00e9occupations fut de d\u00e9couvrir comment la religion et la spiritualit\u00e9, d&rsquo;une part, la science et la logique, d&rsquo;autre part, pouvaient se concilier et se compl\u00e9ter sans que ni l&rsquo;une ni l&rsquo;autre ne d\u00fbt renier aucune de ses v\u00e9ritables attributions. Et je ne crois pas non plus surestimer son \u0153uvre en disant, qu&rsquo;\u00e0 mon avis, il y a r\u00e9ussi dans une tr\u00e8s large mesure et c&rsquo;est peut-\u00eatre ce qui le rend particuli\u00e8rement int\u00e9ressant pour nous \u00e0 l&rsquo;\u00e9poque o\u00f9 nous vivons.<\/p>\n<p style=\"text-align: justify;\">Il faut reconna\u00eetre aussi que cette \u0153uvre \u00e9tait d&rsquo;autant plus difficile \u00e0 r\u00e9aliser dans l&rsquo;Inde \u00e0 l&rsquo;\u00e9poque, que les traditions religieuses, \u00e0 la fois dans ce qu&rsquo;elles avaient d&rsquo;essentiel et avec tout ce qu&rsquo;on y avait rattach\u00e9 d&rsquo;accessoire et que nous consid\u00e9rons maintenant \u00e0 tort ou \u00e0 raison avec un certain m\u00e9pris, y \u00e9taient consid\u00e9r\u00e9s comme le plus pr\u00e9cieux h\u00e9ritage national, tandis que la science occidentale \u00e9tait invent\u00e9e, import\u00e9e, impos\u00e9e par les repr\u00e9sentants de la puissance \u00e9trang\u00e8re qui occupait militairement le pays.<\/p>\n<p style=\"text-align: justify;\">Cette t\u00e2che, Vivek\u00e2nanda s&rsquo;y attacha \u00e9videmment avant tout pour sa propre satisfaction, pour r\u00e9soudre le probl\u00e8me int\u00e9rieur en face duquel il se trouvait, mais cette tache lui apparut bien plus importante encore lorsqu&rsquo;il prit un contact direct avec l&rsquo;Occident au cours de ses s\u00e9jours en Am\u00e9rique et en Europe.<\/p>\n<p style=\"text-align: justify;\">Comme vous l&rsquo;ont dit les Swamis qui ont parl\u00e9 avant moi, il voulait \u00e0 la fois r\u00e9pandre en Europe cette spiritualit\u00e9 qui avait \u00e9t\u00e9 pr\u00e9cieusement conserv\u00e9e dans l&rsquo;Inde au prix de lourds renoncements et aussi faire profiter l&rsquo;Inde de tout ce que l&rsquo;Occident pouvait lui donner qui soit pour l&rsquo;Inde un enrichissement v\u00e9ritable. Si l&rsquo;on lit sa correspondance, le compte rendu de ses causeries aux Thousand Islands Park, \u00e0 la fronti\u00e8re canadienne, et plus encore peut-\u00eatre la biographie extr\u00eamement int\u00e9ressante que lui a consacr\u00e9e sa principale disciple europ\u00e9enne S\u0153ur Nivedita, biographie qui a \u00e9t\u00e9 publi\u00e9e sous le titre \u00ab Sw\u00e2mi Vivek\u00e2nanda tel que je l&rsquo;ai vu \u00bb, on se rend compte \u00e0 la fois des anxi\u00e9t\u00e9s qui ont assailli le Sw\u00e2mi, du labeur auquel il s&rsquo;est livr\u00e9 et aussi des r\u00e9ussites qui ont couronn\u00e9 ce labeur.<\/p>\n<p style=\"text-align: justify;\">A mon avis, et l\u00e0 je m&rsquo;\u00e9carte de la plupart de ses biographes, l&rsquo;un de ses principaux atouts dans cet effort, ne fut pas tant cette doctrine de l&rsquo;Adva\u00efta, du non-dualisme, attrayante certes pour les intellectuels, mais sans grande utilit\u00e9 pratique si on la prend isol\u00e9ment, que la conception fondamentale hindoue selon laquelle le Divin \u2014 Dieu \u2014 se situe et peut \u00eatre trouv\u00e9 en fait non pas seulement \u00e0 un niveau pr\u00e9cis unique, comme l&rsquo;envisagent en g\u00e9n\u00e9ral les religions s\u00e9mitiques, mais tout au long d&rsquo;une \u00e9chelle qui va de l&rsquo;Absolu, l&rsquo;Unique, l&rsquo;Un qui n&rsquo;a pas de second, jusqu&rsquo;aux puissances d\u00e9riv\u00e9es qui sont le plus susceptibles d&rsquo;\u00eatre per\u00e7ues sous une forme quasi humaine.<\/p>\n<p style=\"text-align: justify;\">Lorsque j&rsquo;ai publi\u00e9 la traduction fran\u00e7aise des \u0153uvres de Swami Vivek\u00e2nanda, j&rsquo;ai eu la t\u00e9m\u00e9rit\u00e9 d&rsquo;intituler \u00ab Les yogas pratiques \u00bb le volume o\u00f9 j&rsquo;ai group\u00e9 les enseignements du Swami sur les yogas autres que ceux de la philosophie du non-dualisme. Si cela a surpris, et peut-\u00eatre m\u00eame choqu\u00e9 certains de ses admirateurs en Occident, je crois que tout le monde a fini par admettre que cette discrimination \u00e9tait justifi\u00e9e. Et, en effet, ce qui nous importe dans la pratique \u00e0 nous autres Occidentaux, ce n&rsquo;est pas tant cette haute philosophie qui fournit une toile de fond, pr\u00e9cieuse certes, mais qui reste toile de fond pour toute l&rsquo;activit\u00e9 humaine, que toutes les techniques qu&rsquo;il nous a envoy\u00e9es du yoga de l&rsquo;Amour, du yoga de la Concentration, du yoga de l&rsquo;Action d\u00e9sint\u00e9ress\u00e9e. C&rsquo;est cela que j&rsquo;appelle les yogas pratiques. L&rsquo;autre atout, qui se rattache directement au premier, et dont disposait Vivek\u00e2nanda, est la distinction traditionnelle dans l&rsquo;Inde entre ce qu&rsquo;on y appelle la connaissance absolue et la connaissance relative, ou pour parler de fa\u00e7on peut-\u00eatre plus claire, entre la prise de conscience de l&rsquo;Absolu qui se rencontre dans de hautes extases et la connaissance de ce qui se pr\u00e9sente \u00e0 nous dans le domaine du Relatif, c&rsquo;est-\u00e0-dire dans le domaine de la multiplicit\u00e9, sur le plan de conscience o\u00f9 nous vivons habituellement.<\/p>\n<p style=\"text-align: justify;\">La multiplicit\u00e9 des plans de conscience ainsi admise, ainsi reconnue, si l&rsquo;on y ajoute la continuit\u00e9 qui les unit et si l&rsquo;on admet que des modes de connaissance diff\u00e9rents s&rsquo;appliquent \u00e0 chacun d&rsquo;eux, on peut alors situer la connaissance telle que la con\u00e7oit l&rsquo;Occident dans le domaine qui lui est propre, et les v\u00e9rit\u00e9s sup\u00e9rieures de la religion, qui se placent sur des plans que j&rsquo;appellerais plus originels, loin de contredire cette science, en \u00e9clairent alors la nature et la raison d&rsquo;\u00eatre. Inversement, pour citer les paroles m\u00eames de Vivek\u00e2nanda rapport\u00e9es par l&rsquo;un de ses disciples : \u00ab En r\u00e9alit\u00e9, la science moderne a rendu solides les fondements de la religion \u00bb.<\/p>\n<p style=\"text-align: justify;\">Je crois que dans la mesure o\u00f9 chacun de nous, pour soi-m\u00eame, arrivera \u00e0 r\u00e9aliser cette attitude, cette conception, nous pourrons aussi, sous l&rsquo;inspiration du grand Sw\u00e2mi, acqu\u00e9rir une grande harmonie int\u00e9rieure et par cons\u00e9quent une plus grande force.<\/p>\n<p style=\"text-align: justify;\">Mesdames, Mesdemoiselles et Messieurs, les \u00e9minentes personnalit\u00e9s qui se sont succ\u00e9d\u00e9es \u00e0 cette tribune et moi-m\u00eame, n&rsquo;avons pu \u00e9videmment vous apporter ici que des aper\u00e7us \u2014 tr\u00e8s incomplets \u2014 sur l&rsquo;\u0153uvre du grand Sw\u00e2mi et sur son retentissement. Ce que je peux vous dire en guise de conclusion, c&rsquo;est que ses \u00e9crits, tels qu&rsquo;ils ont \u00e9t\u00e9 publi\u00e9s, restent d&rsquo;une actualit\u00e9 br\u00fblante et je ne peux que vous en recommander la lecture attentive. Je vous garantis que ce ne sera pas du temps perdu.<\/p>\n","protected":false},"excerpt":{"rendered":"<p>Je n&rsquo;ai pas eu le privil\u00e8ge de conna\u00eetre personnellement Sw\u00e2mi Vivek\u00e2nanda, mais j&rsquo;ai eu celui de bien conna\u00eetre plusieurs de ses condisciples, de ceux qui recueillaient avec lui l&rsquo;enseignement de Shr\u00ee R\u00e2makrishna et j&rsquo;ai longuement fr\u00e9quent\u00e9 un grand nombre des disciples les plus intimes de Sw\u00e2mi Vivek\u00e2nanda lui-m\u00eame, des moines et des la\u00efcs, des hommes et des femmes, des Indiens, des Am\u00e9ricains, des Europ\u00e9ens et j&rsquo;ai \u00e9t\u00e9 tr\u00e8s frapp\u00e9, en lisant cette notice qui a \u00e9t\u00e9 pr\u00e9par\u00e9e par l&rsquo;Ambassade de l&rsquo;Inde pour cette occasion, d&rsquo;y trouver comme conclusion ceci; je la cite : \u00ab S&rsquo;il faut r\u00e9sumer la vie de Sw\u00e2mi Vivek\u00e2nanda en un seul mot, celui qui convient le mieux est la Force, la force indestructible \u00bb.<\/p>\n","protected":false},"author":1,"featured_media":0,"comment_status":"open","ping_status":"open","sticky":false,"template":"","format":"standard","meta":{"footnotes":""},"categories":[71],"tags":[],"class_list":["post-280","post","type-post","status-publish","format-standard","hentry","category-j-herbert"],"yoast_head":"<!-- This site is optimized with the Yoast SEO plugin v27.0 - https:\/\/yoast.com\/product\/yoast-seo-wordpress\/ -->\n<title>La contribution de Vivek\u00e2nanda a la pens\u00e9e philosophique par Jean Herbert - 3e mill\u00e9naire - Spiritualit\u00e9 - Connaissance de soi - Non-dualit\u00e9 - M\u00e9ditation<\/title>\n<meta name=\"robots\" content=\"index, follow, max-snippet:-1, max-image-preview:large, max-video-preview:-1\" \/>\n<link rel=\"canonical\" href=\"https:\/\/www.revue3emillenaire.com\/blog\/la-contribution-de-vivekananda-a-la-pensee-philosophique-par-jean-herbert\/\" \/>\n<meta property=\"og:locale\" content=\"fr_FR\" \/>\n<meta property=\"og:type\" content=\"article\" \/>\n<meta property=\"og:title\" content=\"La contribution de Vivek\u00e2nanda a la pens\u00e9e philosophique par Jean Herbert - 3e mill\u00e9naire - Spiritualit\u00e9 - Connaissance de soi - Non-dualit\u00e9 - M\u00e9ditation\" \/>\n<meta property=\"og:description\" content=\"Je n&#039;ai pas eu le privil\u00e8ge de conna\u00eetre personnellement Sw\u00e2mi Vivek\u00e2nanda, mais j&#039;ai eu celui de bien conna\u00eetre plusieurs de ses condisciples, de ceux qui recueillaient avec lui l&#039;enseignement de Shr\u00ee R\u00e2makrishna et j&#039;ai longuement fr\u00e9quent\u00e9 un grand nombre des disciples les plus intimes de Sw\u00e2mi Vivek\u00e2nanda lui-m\u00eame, des moines et des la\u00efcs, des hommes et des femmes, des Indiens, des Am\u00e9ricains, des Europ\u00e9ens et j&#039;ai \u00e9t\u00e9 tr\u00e8s frapp\u00e9, en lisant cette notice qui a \u00e9t\u00e9 pr\u00e9par\u00e9e par l&#039;Ambassade de l&#039;Inde pour cette occasion, d&#039;y trouver comme conclusion ceci; je la cite : \u00ab S&#039;il faut r\u00e9sumer la vie de Sw\u00e2mi Vivek\u00e2nanda en un seul mot, celui qui convient le mieux est la Force, la force indestructible \u00bb.\" \/>\n<meta property=\"og:url\" content=\"https:\/\/www.revue3emillenaire.com\/blog\/la-contribution-de-vivekananda-a-la-pensee-philosophique-par-jean-herbert\/\" \/>\n<meta property=\"og:site_name\" content=\"3e mill\u00e9naire - Spiritualit\u00e9 - Connaissance de soi - Non-dualit\u00e9 - M\u00e9ditation\" \/>\n<meta property=\"article:published_time\" content=\"2009-03-05T00:00:00+00:00\" \/>\n<meta property=\"article:modified_time\" content=\"2011-09-21T02:45:37+00:00\" \/>\n<meta name=\"author\" content=\"3e mill\u00e9naire\" \/>\n<meta name=\"twitter:card\" content=\"summary_large_image\" \/>\n<meta name=\"twitter:label1\" content=\"\u00c9crit par\" \/>\n\t<meta name=\"twitter:data1\" content=\"3e mill\u00e9naire\" \/>\n\t<meta name=\"twitter:label2\" content=\"Dur\u00e9e de lecture estim\u00e9e\" \/>\n\t<meta name=\"twitter:data2\" content=\"11 minutes\" \/>\n<script type=\"application\/ld+json\" class=\"yoast-schema-graph\">{\"@context\":\"https:\/\/schema.org\",\"@graph\":[{\"@type\":\"Article\",\"@id\":\"https:\/\/www.revue3emillenaire.com\/blog\/la-contribution-de-vivekananda-a-la-pensee-philosophique-par-jean-herbert\/#article\",\"isPartOf\":{\"@id\":\"https:\/\/www.revue3emillenaire.com\/blog\/la-contribution-de-vivekananda-a-la-pensee-philosophique-par-jean-herbert\/\"},\"author\":{\"name\":\"3e mill\u00e9naire\",\"@id\":\"https:\/\/www.revue3emillenaire.com\/blog\/#\/schema\/person\/9a3a7cc4ccaa707f402d4394327106d5\"},\"headline\":\"La contribution de Vivek\u00e2nanda a la pens\u00e9e philosophique par Jean Herbert\",\"datePublished\":\"2009-03-05T00:00:00+00:00\",\"dateModified\":\"2011-09-21T02:45:37+00:00\",\"mainEntityOfPage\":{\"@id\":\"https:\/\/www.revue3emillenaire.com\/blog\/la-contribution-de-vivekananda-a-la-pensee-philosophique-par-jean-herbert\/\"},\"wordCount\":2207,\"commentCount\":0,\"articleSection\":[\"Herbert Jean\"],\"inLanguage\":\"fr-FR\",\"potentialAction\":[{\"@type\":\"CommentAction\",\"name\":\"Comment\",\"target\":[\"https:\/\/www.revue3emillenaire.com\/blog\/la-contribution-de-vivekananda-a-la-pensee-philosophique-par-jean-herbert\/#respond\"]}]},{\"@type\":\"WebPage\",\"@id\":\"https:\/\/www.revue3emillenaire.com\/blog\/la-contribution-de-vivekananda-a-la-pensee-philosophique-par-jean-herbert\/\",\"url\":\"https:\/\/www.revue3emillenaire.com\/blog\/la-contribution-de-vivekananda-a-la-pensee-philosophique-par-jean-herbert\/\",\"name\":\"La contribution de Vivek\u00e2nanda a la pens\u00e9e philosophique par Jean Herbert - 3e mill\u00e9naire - Spiritualit\u00e9 - Connaissance de soi - Non-dualit\u00e9 - M\u00e9ditation\",\"isPartOf\":{\"@id\":\"https:\/\/www.revue3emillenaire.com\/blog\/#website\"},\"datePublished\":\"2009-03-05T00:00:00+00:00\",\"dateModified\":\"2011-09-21T02:45:37+00:00\",\"author\":{\"@id\":\"https:\/\/www.revue3emillenaire.com\/blog\/#\/schema\/person\/9a3a7cc4ccaa707f402d4394327106d5\"},\"breadcrumb\":{\"@id\":\"https:\/\/www.revue3emillenaire.com\/blog\/la-contribution-de-vivekananda-a-la-pensee-philosophique-par-jean-herbert\/#breadcrumb\"},\"inLanguage\":\"fr-FR\",\"potentialAction\":[{\"@type\":\"ReadAction\",\"target\":[\"https:\/\/www.revue3emillenaire.com\/blog\/la-contribution-de-vivekananda-a-la-pensee-philosophique-par-jean-herbert\/\"]}]},{\"@type\":\"BreadcrumbList\",\"@id\":\"https:\/\/www.revue3emillenaire.com\/blog\/la-contribution-de-vivekananda-a-la-pensee-philosophique-par-jean-herbert\/#breadcrumb\",\"itemListElement\":[{\"@type\":\"ListItem\",\"position\":1,\"name\":\"Accueil\",\"item\":\"https:\/\/www.revue3emillenaire.com\/blog\/\"},{\"@type\":\"ListItem\",\"position\":2,\"name\":\"La contribution de Vivek\u00e2nanda a la pens\u00e9e philosophique par Jean Herbert\"}]},{\"@type\":\"WebSite\",\"@id\":\"https:\/\/www.revue3emillenaire.com\/blog\/#website\",\"url\":\"https:\/\/www.revue3emillenaire.com\/blog\/\",\"name\":\"3e mill\u00e9naire - Spiritualit\u00e9 - Connaissance de soi - Non-dualit\u00e9 - M\u00e9ditation\",\"description\":\"L&#039;Homme en devenir\",\"potentialAction\":[{\"@type\":\"SearchAction\",\"target\":{\"@type\":\"EntryPoint\",\"urlTemplate\":\"https:\/\/www.revue3emillenaire.com\/blog\/?s={search_term_string}\"},\"query-input\":{\"@type\":\"PropertyValueSpecification\",\"valueRequired\":true,\"valueName\":\"search_term_string\"}}],\"inLanguage\":\"fr-FR\"},{\"@type\":\"Person\",\"@id\":\"https:\/\/www.revue3emillenaire.com\/blog\/#\/schema\/person\/9a3a7cc4ccaa707f402d4394327106d5\",\"name\":\"3e mill\u00e9naire\",\"url\":\"https:\/\/www.revue3emillenaire.com\/blog\/author\/admin\/\"}]}<\/script>\n<!-- \/ Yoast SEO plugin. -->","yoast_head_json":{"title":"La contribution de Vivek\u00e2nanda a la pens\u00e9e philosophique par Jean Herbert - 3e mill\u00e9naire - Spiritualit\u00e9 - Connaissance de soi - Non-dualit\u00e9 - M\u00e9ditation","robots":{"index":"index","follow":"follow","max-snippet":"max-snippet:-1","max-image-preview":"max-image-preview:large","max-video-preview":"max-video-preview:-1"},"canonical":"https:\/\/www.revue3emillenaire.com\/blog\/la-contribution-de-vivekananda-a-la-pensee-philosophique-par-jean-herbert\/","og_locale":"fr_FR","og_type":"article","og_title":"La contribution de Vivek\u00e2nanda a la pens\u00e9e philosophique par Jean Herbert - 3e mill\u00e9naire - Spiritualit\u00e9 - Connaissance de soi - Non-dualit\u00e9 - M\u00e9ditation","og_description":"Je n'ai pas eu le privil\u00e8ge de conna\u00eetre personnellement Sw\u00e2mi Vivek\u00e2nanda, mais j'ai eu celui de bien conna\u00eetre plusieurs de ses condisciples, de ceux qui recueillaient avec lui l'enseignement de Shr\u00ee R\u00e2makrishna et j'ai longuement fr\u00e9quent\u00e9 un grand nombre des disciples les plus intimes de Sw\u00e2mi Vivek\u00e2nanda lui-m\u00eame, des moines et des la\u00efcs, des hommes et des femmes, des Indiens, des Am\u00e9ricains, des Europ\u00e9ens et j'ai \u00e9t\u00e9 tr\u00e8s frapp\u00e9, en lisant cette notice qui a \u00e9t\u00e9 pr\u00e9par\u00e9e par l'Ambassade de l'Inde pour cette occasion, d'y trouver comme conclusion ceci; je la cite : \u00ab S'il faut r\u00e9sumer la vie de Sw\u00e2mi Vivek\u00e2nanda en un seul mot, celui qui convient le mieux est la Force, la force indestructible \u00bb.","og_url":"https:\/\/www.revue3emillenaire.com\/blog\/la-contribution-de-vivekananda-a-la-pensee-philosophique-par-jean-herbert\/","og_site_name":"3e mill\u00e9naire - Spiritualit\u00e9 - Connaissance de soi - Non-dualit\u00e9 - M\u00e9ditation","article_published_time":"2009-03-05T00:00:00+00:00","article_modified_time":"2011-09-21T02:45:37+00:00","author":"3e mill\u00e9naire","twitter_card":"summary_large_image","twitter_misc":{"\u00c9crit par":"3e mill\u00e9naire","Dur\u00e9e de lecture estim\u00e9e":"11 minutes"},"schema":{"@context":"https:\/\/schema.org","@graph":[{"@type":"Article","@id":"https:\/\/www.revue3emillenaire.com\/blog\/la-contribution-de-vivekananda-a-la-pensee-philosophique-par-jean-herbert\/#article","isPartOf":{"@id":"https:\/\/www.revue3emillenaire.com\/blog\/la-contribution-de-vivekananda-a-la-pensee-philosophique-par-jean-herbert\/"},"author":{"name":"3e mill\u00e9naire","@id":"https:\/\/www.revue3emillenaire.com\/blog\/#\/schema\/person\/9a3a7cc4ccaa707f402d4394327106d5"},"headline":"La contribution de Vivek\u00e2nanda a la pens\u00e9e philosophique par Jean Herbert","datePublished":"2009-03-05T00:00:00+00:00","dateModified":"2011-09-21T02:45:37+00:00","mainEntityOfPage":{"@id":"https:\/\/www.revue3emillenaire.com\/blog\/la-contribution-de-vivekananda-a-la-pensee-philosophique-par-jean-herbert\/"},"wordCount":2207,"commentCount":0,"articleSection":["Herbert Jean"],"inLanguage":"fr-FR","potentialAction":[{"@type":"CommentAction","name":"Comment","target":["https:\/\/www.revue3emillenaire.com\/blog\/la-contribution-de-vivekananda-a-la-pensee-philosophique-par-jean-herbert\/#respond"]}]},{"@type":"WebPage","@id":"https:\/\/www.revue3emillenaire.com\/blog\/la-contribution-de-vivekananda-a-la-pensee-philosophique-par-jean-herbert\/","url":"https:\/\/www.revue3emillenaire.com\/blog\/la-contribution-de-vivekananda-a-la-pensee-philosophique-par-jean-herbert\/","name":"La contribution de Vivek\u00e2nanda a la pens\u00e9e philosophique par Jean Herbert - 3e mill\u00e9naire - Spiritualit\u00e9 - Connaissance de soi - Non-dualit\u00e9 - M\u00e9ditation","isPartOf":{"@id":"https:\/\/www.revue3emillenaire.com\/blog\/#website"},"datePublished":"2009-03-05T00:00:00+00:00","dateModified":"2011-09-21T02:45:37+00:00","author":{"@id":"https:\/\/www.revue3emillenaire.com\/blog\/#\/schema\/person\/9a3a7cc4ccaa707f402d4394327106d5"},"breadcrumb":{"@id":"https:\/\/www.revue3emillenaire.com\/blog\/la-contribution-de-vivekananda-a-la-pensee-philosophique-par-jean-herbert\/#breadcrumb"},"inLanguage":"fr-FR","potentialAction":[{"@type":"ReadAction","target":["https:\/\/www.revue3emillenaire.com\/blog\/la-contribution-de-vivekananda-a-la-pensee-philosophique-par-jean-herbert\/"]}]},{"@type":"BreadcrumbList","@id":"https:\/\/www.revue3emillenaire.com\/blog\/la-contribution-de-vivekananda-a-la-pensee-philosophique-par-jean-herbert\/#breadcrumb","itemListElement":[{"@type":"ListItem","position":1,"name":"Accueil","item":"https:\/\/www.revue3emillenaire.com\/blog\/"},{"@type":"ListItem","position":2,"name":"La contribution de Vivek\u00e2nanda a la pens\u00e9e philosophique par Jean Herbert"}]},{"@type":"WebSite","@id":"https:\/\/www.revue3emillenaire.com\/blog\/#website","url":"https:\/\/www.revue3emillenaire.com\/blog\/","name":"3e mill\u00e9naire - Spiritualit\u00e9 - Connaissance de soi - Non-dualit\u00e9 - M\u00e9ditation","description":"L&#039;Homme en devenir","potentialAction":[{"@type":"SearchAction","target":{"@type":"EntryPoint","urlTemplate":"https:\/\/www.revue3emillenaire.com\/blog\/?s={search_term_string}"},"query-input":{"@type":"PropertyValueSpecification","valueRequired":true,"valueName":"search_term_string"}}],"inLanguage":"fr-FR"},{"@type":"Person","@id":"https:\/\/www.revue3emillenaire.com\/blog\/#\/schema\/person\/9a3a7cc4ccaa707f402d4394327106d5","name":"3e mill\u00e9naire","url":"https:\/\/www.revue3emillenaire.com\/blog\/author\/admin\/"}]}},"_links":{"self":[{"href":"https:\/\/www.revue3emillenaire.com\/blog\/wp-json\/wp\/v2\/posts\/280","targetHints":{"allow":["GET"]}}],"collection":[{"href":"https:\/\/www.revue3emillenaire.com\/blog\/wp-json\/wp\/v2\/posts"}],"about":[{"href":"https:\/\/www.revue3emillenaire.com\/blog\/wp-json\/wp\/v2\/types\/post"}],"author":[{"embeddable":true,"href":"https:\/\/www.revue3emillenaire.com\/blog\/wp-json\/wp\/v2\/users\/1"}],"replies":[{"embeddable":true,"href":"https:\/\/www.revue3emillenaire.com\/blog\/wp-json\/wp\/v2\/comments?post=280"}],"version-history":[{"count":0,"href":"https:\/\/www.revue3emillenaire.com\/blog\/wp-json\/wp\/v2\/posts\/280\/revisions"}],"wp:attachment":[{"href":"https:\/\/www.revue3emillenaire.com\/blog\/wp-json\/wp\/v2\/media?parent=280"}],"wp:term":[{"taxonomy":"category","embeddable":true,"href":"https:\/\/www.revue3emillenaire.com\/blog\/wp-json\/wp\/v2\/categories?post=280"},{"taxonomy":"post_tag","embeddable":true,"href":"https:\/\/www.revue3emillenaire.com\/blog\/wp-json\/wp\/v2\/tags?post=280"}],"curies":[{"name":"wp","href":"https:\/\/api.w.org\/{rel}","templated":true}]}}