{"id":290,"date":"2009-03-15T00:00:00","date_gmt":"2009-03-15T00:00:00","guid":{"rendered":"http:\/\/www.revue3emillenaire.com\/blog\/?p=290"},"modified":"2009-12-29T23:54:11","modified_gmt":"2009-12-29T22:54:11","slug":"essai-sur-le-sens-de-la-vie-au-seuil-du-deuxime-millnaire-par-robert-tournaire","status":"publish","type":"post","link":"https:\/\/www.revue3emillenaire.com\/blog\/essai-sur-le-sens-de-la-vie-au-seuil-du-deuxime-millnaire-par-robert-tournaire\/","title":{"rendered":"Essai sur le sens de la Vie, au seuil du deuxi&egrave;me mill&eacute;naire par Robert Tournaire"},"content":{"rendered":"<p style=\"text-align: justify;\">(Revue Etre Libre. Num\u00e9ro 229, Octobre-D\u00e9cembre 1966)<\/p>\n<p style=\"text-align: justify;\">Monsieur le Pr\u00e9sident,<br \/>\nMesdames, Mesdemoiselles, Messieurs,<\/p>\n<p style=\"text-align: justify;\">Beaucoup parmi vous ont eu le plaisir d&rsquo;entendre, au cours de ces derni\u00e8res ann\u00e9es, des conf\u00e9rences \u00e0 caract\u00e8re analytique. Personnellement j&rsquo;ai eu l&rsquo;honneur de faire des cours-conf\u00e9rences sur le r\u00e9el en physique moderne, le probl\u00e8me du temps, les m\u00e9canismes de l&rsquo;\u00e9volution, l&rsquo;anthropogen\u00e8se, le substrat scientifique du bien et du mal, le contenu scientifique du fait conscientiel.<\/p>\n<p style=\"text-align: justify;\">Mais d\u00e8s 1933, sortant de l&rsquo;Ecole Sup\u00e9rieure de Chimie et de la Facult\u00e9 des Sciences, inspir\u00e9 par la recherche d&rsquo;un monisme, j&rsquo;ai utilis\u00e9 mes premiers travaux sur l&rsquo;atomistique pour cr\u00e9er une chimie logique, c&rsquo;est-\u00e0-dire \u00e9lectronique et quantique et pour jeter les premi\u00e8res bases d&rsquo;un essai de synth\u00e8se conceptuelle s&rsquo;appliquant \u00e0 la biologie, du domaine de la particule \u00e9l\u00e9mentaire jusqu&rsquo;au domaine de l&rsquo;affectif, cependant que le m\u00eame essai \u00e9tait tent\u00e9 en physique gr\u00e2ce \u00e0 la th\u00e9orie de la Relativit\u00e9 G\u00e9n\u00e9ralis\u00e9e.<\/p>\n<p style=\"text-align: justify;\">Aujourd&rsquo;hui, apr\u00e8s trente ann\u00e9es de travaux, je veux aller plus loin et vous proposer un essai de synth\u00e8se conceptuelle \u00e0 propos du sens de la vie humaine.<\/p>\n<p style=\"text-align: justify;\">Je n&rsquo;ignore pas la t\u00e9m\u00e9rit\u00e9 qu&rsquo;il faut avoir pour entreprendre une telle t\u00e2che. C&rsquo;est le plus difficile des probl\u00e8mes, car il est principiellement interdit \u00e0 la vie de conna\u00eetre la vie parce qu&rsquo;elle est la vie; de m\u00eame pour la conscience; mais c&rsquo;est un probl\u00e8me tellement magnifique et par lequel l&rsquo;homme est si directement concern\u00e9 que j&rsquo;ai os\u00e9 l&rsquo;aborder.<\/p>\n<p style=\"text-align: justify;\">Je n&rsquo;ai nullement la pr\u00e9tention de le r\u00e9soudre devant vous ce soir, surtout avec le temps qui m&rsquo;est accord\u00e9. Mon but, pr\u00e9cis\u00e9ment apr\u00e8s les travaux analytiques auxquels vous avez particip\u00e9, est seulement de poser les donn\u00e9es du probl\u00e8me de la synth\u00e8se conceptuelle de la vie. Comme vous allez le voir, c&rsquo;est une pr\u00e9tention qui est loin d&rsquo;\u00eatre modeste.<\/p>\n<p style=\"text-align: justify;\">D\u00e9j\u00e0 aux environs de 1935, j&rsquo;avais fait para\u00eetre un ouvrage dont la conclusion avait pour titre : \u00ab Essai de synth\u00e8se conceptuelle s&rsquo;appliquant \u00e0 la science de l&rsquo;homme \u00bb. Comme vous le voyez, je ne fais que reprendre mon bien, avec une mise au point indispensable qu&rsquo;autorisent trente ann\u00e9es de travaux.<\/p>\n<p style=\"text-align: justify;\">J&rsquo;ai eu d&rsquo;\u00e9minents pr\u00e9curseurs : 490 ans avant J\u00e9sus-Christ, PARMENIDE avait voulu \u00e9tablir une synth\u00e8se entre les conceptions de Pythagore et d&rsquo;Aristote. Beaucoup plus pr\u00e8s de nous, je me suis souvent demand\u00e9 comment Pascal n&rsquo;avait pas \u00e9t\u00e9 tent\u00e9 par la recherche d&rsquo;un tel monisme, que Galil\u00e9e avait essay\u00e9 de r\u00e9soudre.<\/p>\n<p style=\"text-align: justify;\">De son c\u00f4t\u00e9, le philosophe Husserl affirmait que l&rsquo;on ne pouvait comprendre une omnitude si l&rsquo;on ne connaissait pas analytiquement les parties, la r\u00e9ciproque \u00e9tant vraie.<\/p>\n<p style=\"text-align: justify;\">En 1915, para\u00eet la Th\u00e9orie de la Relativit\u00e9 g\u00e9n\u00e9ralis\u00e9e d&rsquo;Einstein. Dans le domaine de la physique c&rsquo;est une tentative de synth\u00e8se conceptuelle que dans ses derni\u00e8res ann\u00e9es, Einstein essaya, sans y parvenir, de mettre en \u00e9quations.<\/p>\n<p style=\"padding-left: 300px; text-align: justify;\">***<\/p>\n<p style=\"text-align: justify;\">A la suite de mes recherches, le temps ne s&rsquo;\u00e9coule pas lin\u00e9airement comme l&rsquo;ont pens\u00e9 Minkowski et Einstein. Le temps est \u00e9quivalent \u00e0 l&rsquo;\u00e9nergie d\u00e9grad\u00e9e; il est r\u00e9versible et surtout polydimensionnel, mais il n&rsquo;entre pas dans mon sujet, ce soir, de d\u00e9velopper de telles notions et c&rsquo;est d&rsquo;une mani\u00e8re pragmatique, traditionnelle, que je vais entreprendre de d\u00e9velopper le propos qui nous occupe.<\/p>\n<p style=\"padding-left: 300px; text-align: justify;\">***<\/p>\n<p style=\"text-align: justify;\">Bien entendu il serait vain d&rsquo;essayer de construire une \u00e9tude exhaustive du sens de la vie humaine, sans se poser les m\u00eames questions sur le sens du cosmos et de l&rsquo;esp\u00e8ce humaine. En d&rsquo;autres enceintes et peut-\u00eatre devant vous, j&rsquo;ai eu maintes fois l&rsquo;occasion d&rsquo;expliquer que l&rsquo;homme \u00e9tait li\u00e9 beaucoup plus qu&rsquo;on ne le pense g\u00e9n\u00e9ralement \u00e0 son cosmos. J&rsquo;irai m\u00eame jusqu&rsquo;\u00e0 dire que le sens d&rsquo;une vie, d&rsquo;une \u00e9toile, d&rsquo;une galaxie ne correspond rigoureusement \u00e0 rien. Il y a une interd\u00e9pendance universelle. La conscience a un substrat universel comme la gravitation. Un philosophe, le Professeur Swedenborg, n&rsquo;a pas h\u00e9sit\u00e9 \u00e0 d\u00e9clarer que la terre \u00e9tait un homme; on pourrait ajouter que le cosmos c&rsquo;est la vie.<\/p>\n<p style=\"padding-left: 300px; text-align: justify;\">***<\/p>\n<p style=\"text-align: justify;\">Ainsi \u00e0 l&rsquo;origine \u2014 origine qui n&rsquo;est sans doute que renaissance \u2014 c&rsquo;est le R\u00e8gne du Sublime, de la puret\u00e9 absolue, de l&rsquo;omnitude. C&rsquo;est, selon moi, en m\u00eame temps un champ, le champ universel, riche de toutes les potentialit\u00e9s, auquel se rattachent tous les autres champs : champ gravitationnel, champ de la pesanteur, champ \u00e9lectromagn\u00e9tique, champ photonique, champ nucl\u00e9onique, y compris le champ vital et c&rsquo;est sur cette voie que nous pouvons esp\u00e9rer trouver une mani\u00e8re de solution au probl\u00e8me qui nous pr\u00e9occupe ce soir.<\/p>\n<p style=\"text-align: justify;\">A l&rsquo;origine de la classification, et pr\u00e9cis\u00e9ment \u00e0 partir de ce r\u00e8gne de la Puret\u00e9 absolue, va s&rsquo;exprimer un antagonisme, l&rsquo;antagonisme des facteurs d&rsquo;extension et d&rsquo;intention. C&rsquo;est la naissance du dualisme onde-particule, ou, si vous pr\u00e9f\u00e9rez, du dualisme particule aur\u00e9ol\u00e9e de son aura. C&rsquo;est le r\u00e8gne du subquantique que j&rsquo;ai d\u00e9couvert aux environs de 1930, gr\u00e2ce \u00e0 mes travaux avec les Professeurs Georges-Paul Langevin, Paul Painlev\u00e9 et Marie Curie. C&rsquo;est la naissance des champs \u00e9lectriques et \u00e9lectromagn\u00e9tiques mais sous la d\u00e9pendance du Champ Universel. Je devrais, ici, vous parler du quark et de l&rsquo;infraquark puisque l&rsquo;on a reconnu que le photon, le quantum, l&rsquo;\u00e9lectron \u00e9taient structur\u00e9s, mais cela m&rsquo;entra\u00eenerait hors de mon sujet.<\/p>\n<p style=\"text-align: justify;\">C&rsquo;est probablement au cours de ce r\u00e8gne que prit naissance le Super-espace E qui, ainsi que je l&rsquo;ai expos\u00e9 d\u00e8s 1933, comprend les trois dimensions de l&rsquo;espace, les dimensions de l&rsquo;\u00e9nergie, de la mati\u00e8re et des dimensions encore mal connues \u00e0 ce jour et qui vont r\u00e9aliser un hyperespace avec un temps polydimensionnel.<\/p>\n<p style=\"padding-left: 300px; text-align: justify;\">***<\/p>\n<p style=\"text-align: justify;\">Dans la troisi\u00e8me p\u00e9riode, le dualisme onde-proton, neutron, \u00e9lectron, particule va former l&rsquo;\u00e9l\u00e9ment hydrog\u00e8ne, c&rsquo;est-\u00e0-dire un noyau entour\u00e9 d&rsquo;une aura mono\u00e9lectronique et, selon la cosmog\u00e9n\u00e8se moderne, vont se former les autres \u00e9l\u00e9ments. C&rsquo;est le r\u00e8gne du quantique et la naissance des champs gravitationnels, du champ de la pesanteur, du champ nucl\u00e9onique, photonique, etc. Nous assistons ici \u00e0 la naissance de l&rsquo;entropie positive et du temps, puisqu&rsquo;il y a une \u00e9quivalence, au coefficient pr\u00e8s, entre l&rsquo;entropie et le temps. Il y a de cela environ 50 milliards d&rsquo;ann\u00e9es.<\/p>\n<p style=\"padding-left: 300px; text-align: justify;\">***<\/p>\n<p style=\"text-align: justify;\">Alors, par suite des actions des champs que nous venons de citer, le cosmos se forme; il y a environ 15 milliards d&rsquo;ann\u00e9es.<\/p>\n<p style=\"text-align: justify;\">Il y a 6 milliards d&rsquo;ann\u00e9es, se forme notre syst\u00e8me solaire. Il y a 5 milliards d&rsquo;ann\u00e9es se forme notre plan\u00e8te. La cro\u00fbte terrestre s&rsquo;est form\u00e9e un milliard d&rsquo;ann\u00e9es plus tard et, aussit\u00f4t apr\u00e8s, il y a 3 milliards et 1\/2 d&rsquo;ann\u00e9es, apparut la vie et avec elle ce champ vital, et le champ psychique; plus tard le champ des acides nucl\u00e9iques et probablement d&rsquo;autres champs que nous ne connaissons pas encore.<\/p>\n<p style=\"text-align: justify;\">Remarquons ici qu&rsquo;en donnant naissance au cosmos, la nature commit sa grande premi\u00e8re erreur, sauf si cette naissance correspond \u00e0 un planning que nous ignorons.<br \/>\nPar le fait de l&rsquo;accroissement de l&rsquo;entropie positive, de la d\u00e9gradation de l&rsquo;\u00e9nergie, d\u00e8s sa naissance, notre cosmos \u00e9tait happ\u00e9 d&rsquo;une mort certaine. C&rsquo;est ainsi que l&rsquo;on a pu dire que le premier atome \u00e9tait frapp\u00e9 de criminalit\u00e9.<\/p>\n<p style=\"text-align: justify;\">La nature s&rsquo;en aper\u00e7ut et c&rsquo;est pourquoi elle cr\u00e9a la vie qui, gr\u00e2ce \u00e0 des structurations de plus en plus complexes, des autor\u00e9gulations extr\u00eamement subtiles, valorisa la mati\u00e8re et cr\u00e9a la naissance de la n\u00e9guentropie.<\/p>\n<p style=\"padding-left: 300px; text-align: justify;\">***<\/p>\n<p style=\"text-align: justify;\">Le champ vital \u00e9tant en place, d\u00e8s que les conditions climatiques, la composition de l&rsquo;atmosph\u00e8re, la temp\u00e9rature, les conditions de pH et d&rsquo;oxydor\u00e9duction, les radiations catalysantes encore mal connues furent r\u00e9alis\u00e9es, gr\u00e2ce \u00e0 des atomes activ\u00e9s, dans des limites extr\u00eamement pr\u00e9cises, \u00e0 partir d&rsquo;un atome de carbone, se forma une mol\u00e9cule organique, puis un gel protoplasmique et enfin un organisme monocellulaire, sans noyau, mais avec une membrane.<\/p>\n<p style=\"text-align: justify;\">La naissance de la vie n&rsquo;\u00e9tant pas mon sujet, ce soir, je n&rsquo;insisterai\u00a0 pas. Je rappelle seulement que la formation de la membrane du premier organisme monocellulaire sans noyau pose au biochimiste un probl\u00e8me qui n&rsquo;est pas encore r\u00e9solu.<\/p>\n<p style=\"text-align: justify;\">Ensuite se form\u00e8rent les organismes autotrophes, c&rsquo;est-\u00e0-dire \u00e9laborant eux-m\u00eames leur propre provende. C&rsquo;est le d\u00e9part de la vie v\u00e9g\u00e9tale, caract\u00e9ris\u00e9e par sa chlorophylle, \u00e0 constitution pyrrolique, ax\u00e9e sur un atome de magn\u00e9sium, mais je tiens \u00e0 souligner que la premi\u00e8re mol\u00e9cule \u00e0 structuration pyrrolique fut construite sur un atome de fer que nous allons retrouver dans l&rsquo;h\u00e9moglobine des vert\u00e9br\u00e9s.<\/p>\n<p style=\"padding-left: 300px; text-align: justify;\">***<\/p>\n<p style=\"text-align: justify;\">La nature s&rsquo;aper\u00e7ut alors qu&rsquo;elle ne parviendrait pas au but avec ce seul r\u00e8gne v\u00e9g\u00e9tal. Elle donna alors naissance \u00e0 des organismes h\u00e9t\u00e9rotrophes qui purent subsister gr\u00e2ce au r\u00e8gne v\u00e9g\u00e9tal, mais dont ils n&rsquo;eurent pas l&rsquo;immobilisme. La cellule du premier h\u00e9t\u00e9rotrophe est en tout point semblable \u00e0 celle de la cellule v\u00e9g\u00e9tale; mais elle est bient\u00f4t caract\u00e9ris\u00e9e par l&rsquo;h\u00e9mocyanine \u00e0 m\u00eame constitution pyrrolique que la chlorophylle mais ax\u00e9e sur un atome de cuivre. C&rsquo;est la naissance du r\u00e8gne des invert\u00e9br\u00e9s.<\/p>\n<p style=\"padding-left: 300px; text-align: justify;\">***<\/p>\n<p style=\"text-align: justify;\">Une fois encore, la nature dut constater son erreur : elle comprit qu&rsquo;elle ne parviendrait pas avec les invert\u00e9br\u00e9s \u00e0 une complicit\u00e9 suffisante pour parvenir \u00e0 une v\u00e9ritable n\u00e9guentropie et, il y a environ 500 millions d&rsquo;ann\u00e9es, elle permit la formation des procord\u00e9s, puis des vert\u00e9br\u00e9s dont la cellule est toujours comparable \u00e0 celle des invert\u00e9br\u00e9s et des v\u00e9g\u00e9taux, mais caract\u00e9ris\u00e9s par l&rsquo;h\u00e9moglobine ayant m\u00eame constitution pyrrolique que la chlorophylle et l&rsquo;h\u00e9mocyanine, mais ax\u00e9e sur un atome de fer.<\/p>\n<p style=\"text-align: justify;\">La structure architectonique \u00e9tait enfin capable de supporter un v\u00e9ritable syst\u00e8me nerveux et un v\u00e9ritable cerveau, alors que les v\u00e9g\u00e9taux ne comportent pas de syst\u00e8me nerveux et qu&rsquo;invert\u00e9br\u00e9s, m\u00eame les plus \u00e9volu\u00e9s, n&rsquo;ont en fait qu&rsquo;un syst\u00e8me nerveux termin\u00e9 par un ganglion c\u00e9r\u00e9bro\u00efde.<\/p>\n<p style=\"text-align: justify;\">Apr\u00e8s l&rsquo;apparition des vert\u00e9br\u00e9s, tout alla tr\u00e8s vite; les poissons donn\u00e8rent naissance aux amphibiens, lesquels donn\u00e8rent naissance aux amphibiens, lesquels donn\u00e8rent naissance aux reptiles. Enfin apparurent les mammif\u00e8res, mammif\u00e8res dont la lente formation de la colonne vert\u00e9brale permit la formation de la bo\u00eete cr\u00e2nienne et, partant, d&rsquo;un v\u00e9ritable cerveau. Lorsque ce cerveau put atteindre environ 1.400 cm<sup>3<\/sup>, l&rsquo;homo sapiens apparut.<\/p>\n<p style=\"text-align: justify;\">L&rsquo;homo sapiens de Cro-Magnon apparut, il y a, selon moi, environ 30.000 ans et avec lui le sens de l&rsquo;id\u00e9al, de l&rsquo;au-del\u00e0, de l&rsquo;art, de la po\u00e9sie, du culte de la famille.<\/p>\n<p style=\"text-align: justify;\">Cet homo sapiens, n\u00e9 probablement sur les bords du bassin m\u00e9diterran\u00e9en, est tr\u00e8s voisin de l&rsquo;homo sapiens contemporain et c&rsquo;est une monstruosit\u00e9. Sa colonne cervicale est trop faible pour supporter la partie c\u00e9r\u00e9brale. Son bassin lui-m\u00eame est trop fragile; son syst\u00e8me nerveux \u2014 qui doit \u00eatre hypersensible par d\u00e9finition \u2014 se d\u00e9r\u00e8gle trop facilement; nous le constatons pr\u00e9sentement \u00e0 chaque instant. Sa musculature est peu r\u00e9sistante. Il ne peut voler; il nage relativement difficilement; son estomac est mal prot\u00e9g\u00e9.<\/p>\n<p style=\"text-align: justify;\">L&rsquo;homme contemporain est une monstruosit\u00e9 et seule son intelligence lui a permis de se consid\u00e9rer valablement comme le roi de la cr\u00e9ation. C&rsquo;est une monstruosit\u00e9, mais une monstruosit\u00e9 magnifique. La complexit\u00e9 de son cerveau, son hom\u00e9ostasie, l&rsquo;autor\u00e9gulation de ses fonctions les plus discr\u00e8tes, de son syst\u00e8me endocrinien et son comportement psychique repr\u00e9sentent un v\u00e9ritable prodige physico-chimique. De m\u00eame l&rsquo;isochronaxie sans laquelle les nerfs et les muscles ne serviraient \u00e0 rien.<\/p>\n<p style=\"text-align: justify;\">Malheureusement le d\u00e9veloppement de son syst\u00e8me nerveux, de son intelligence, de sa conscience r\u00e9fl\u00e9chie, a n\u00e9cessit\u00e9 la perte d&rsquo;instincts que poss\u00e8dent de fa\u00e7on tr\u00e8s d\u00e9velopp\u00e9e certains animaux, l&rsquo;ou\u00efe, l&rsquo;odorat, le flair et m\u00eame l&rsquo;instinct de vie en soci\u00e9t\u00e9 que certains insectes r\u00e9alisent au plus haut pont : abeilles, fourmis, termites, etc., alors que les soci\u00e9t\u00e9s d&rsquo;hommes sont encore anarchiques.<\/p>\n<p style=\"text-align: justify;\">Bien entendu, les choses ne sont pas aussi simples. Notre cerveau et, partant, notre conscience ne sont pas de la m\u00eame nature que celle de l&rsquo;animal le plus \u00e9volu\u00e9. On a parl\u00e9 du survol de notre conscience. Je crois qu&rsquo;il est juste de parler d&rsquo;une supra-conscience que certains \u00eatres pressentent et d&rsquo;autres pas, parce qu&rsquo;ils sont de plus en plus conditionn\u00e9s par la civilisation technocratique, ou pour une cause cong\u00e9nitale.<\/p>\n<p style=\"text-align: justify;\">D&rsquo;autre part, comme le disait Einstein, la plupart des hommes n&rsquo;utilisent que tr\u00e8s peu et tr\u00e8s mal leur conscience et la connaissance qu&rsquo;ils pourraient en retirer. L&rsquo;homo sapiens ne date que de 30.000 ans. Peut-\u00eatre que, dans un millions d&rsquo;ann\u00e9es, il aura sur tous les probl\u00e8mes que je viens d&rsquo;\u00e9voquer des vues infiniment plus pr\u00e9cises et plus justes.<\/p>\n<p style=\"text-align: justify;\">Mais il est certain que le sens de la vie doit \u00eatre recherch\u00e9 dans la d\u00e9mat\u00e9rialisation et le retour \u00e0 un R\u00e8gne du Sublime, et cela gr\u00e2ce \u00e0 l&rsquo;action du Champ Universel que j&rsquo;ai \u00e9voqu\u00e9 au d\u00e9but de cette conf\u00e9rence.<\/p>\n<p style=\"padding-left: 300px; text-align: justify;\">***<\/p>\n<p style=\"text-align: justify;\">Avant d&rsquo;aborder la question de l&rsquo;histoire de l&rsquo;Homo pendant l&rsquo;ancien testament, il convient de se recueillir.<\/p>\n<p style=\"text-align: justify;\">La science, au cours de ces derni\u00e8res ann\u00e9es, a reconnu un lien entre le cosmos et l&rsquo;homo. Tout s&rsquo;est pass\u00e9 comme si la nature avait grande h\u00e2te de donner naissance \u00e0 une cr\u00e9ature archi-complexe dont elle ferait le ma\u00eetre des autres cr\u00e9atures. Mais qu&rsquo;elle est la nature de cette force qui, du premier syst\u00e8me onde-particule, va former le cosmos et l&rsquo;Homo. On a parl\u00e9 d&rsquo;\u00e9lan vital, de vitalisme, de spiritualisme, de mat\u00e9rialisme, de force \u00e9pig\u00e9n\u00e9tique. Pour l&rsquo;homme de science authentique tout cela n&rsquo;est que verbalisme.<\/p>\n<p style=\"text-align: justify;\">Personnellement, je crois que, provisoirement peut-\u00eatre, c&rsquo;est la notion de champ qui est seule capable de nous apporter une mani\u00e8re de solution au probl\u00e8me immense pos\u00e9 par l&rsquo;\u00e9volution cosmique, min\u00e9rale, et l&rsquo;\u00e9volution des esp\u00e8ces vivantes.<\/p>\n<p style=\"text-align: justify;\">Je crois \u00e0 un Champ Universel, lui-m\u00eame permettant l&rsquo;\u00e9manence de nombreux champs, par exemple le champ gravitationnel, le champ de la pesanteur, le champ \u00e9lectromagn\u00e9tique et le champ du vital, ou champ biotique, \u00e9tant entendu que ce champ biotique comprend un nombre de facteurs infiniment plus grand que le champ gravitationnel, ou le champ \u00e9lectromagn\u00e9tique. Dans ce champ du vital on pourrait d&rsquo;ailleurs reconna\u00eetre diff\u00e9rents champs, les uns particuli\u00e8rement sp\u00e9cifiques, tel le champ du psychique qui permettrait une explication de la psychocin\u00e8se, de la t\u00e9l\u00e9pathie aujourd&rsquo;hui admise par tous les savants, le champ de la transmutation d&rsquo;\u00e9l\u00e9ments magn\u00e9sium, calcium, potassium qui jusqu&rsquo;ici n&rsquo;ont pas re\u00e7u d&rsquo;explication physico-chimique traditionnelle, enfin des champs encore mal connus, tels que les champs de l&rsquo;A T P, l&rsquo;A D N, l&rsquo;A R N, c&rsquo;est-\u00e0-dire des acides nucl\u00e9iques.<\/p>\n<p style=\"padding-left: 300px; text-align: justify;\">***<\/p>\n<p style=\"text-align: justify;\">En ce qui concerne le devenir de l&rsquo;homme moderne, de nombreuses hypoth\u00e8ses ont \u00e9t\u00e9 propos\u00e9es.<\/p>\n<p style=\"text-align: justify;\">Pour certains biologistes, l&rsquo;esp\u00e8ce humaine va dispara\u00eetre dans huit millions d&rsquo;ann\u00e9es. Pour d&rsquo;autres, une mutation n&rsquo;est pas impossible et ceux-ci se demandent ce que sera l&rsquo;homme de demain.<\/p>\n<p style=\"text-align: justify;\">Pour d&rsquo;autres enfin, tels que Fr\u00e9d\u00e9ric Nietzsche, le Comte de No\u00fcy, Teilhard de Chardin, homme et cosmos \u00e9voluent vers une spiritualisation, convergente pour les uns, divergente pour les autres.<\/p>\n<p style=\"text-align: justify;\">En ce qui me concerne, l&rsquo;hypoth\u00e8se d&rsquo;une cyclisation, ou mieux d&rsquo;un spiralo\u00efde est \u00e0 retenir et l&rsquo;homme d\u00e9mat\u00e9rialis\u00e9 est peut-\u00eatre destin\u00e9 \u00e0 regagner le r\u00e8gne du sublime, de l&rsquo;absolu, de la puret\u00e9 que j&rsquo;ai cit\u00e9 au d\u00e9but de cette conf\u00e9rence, d&rsquo;o\u00f9 il ressurgira jusqu&rsquo;\u00e0 la fin de notre cosmos, auquel doit succ\u00e9der un univers purement spiritualis\u00e9. Comme vous le voyez, nous sommes revenus au R\u00e8gne du Sublime que je vous citais au d\u00e9but de cette conf\u00e9rence.<\/p>\n<p style=\"padding-left: 300px; text-align: justify;\">***<\/p>\n<p style=\"text-align: justify;\">En v\u00e9rit\u00e9, les choses sont beaucoup plus complexes qu&rsquo;il ne parait.<\/p>\n<p style=\"text-align: justify;\">Je vous ai dit que nous ne pouvions expliquer la formation de la membrane du premier organisme monocellulaire. De m\u00eame il est encore impossible, dans l&rsquo;\u00e9tat actuel de la science, d&rsquo;exposer le m\u00e9canisme qui a permis la naissance du noyau, c&rsquo;est-\u00e0-dire de l&rsquo;ATP, de l&rsquo;ADN, de l&rsquo;ARN.<\/p>\n<p style=\"text-align: justify;\">Comment les pluricellulaires, comme les spongiaires ont-ils pu acqu\u00e9rir un embryon de syst\u00e8me nerveux ? Comment les \u00e9chinodermes ont-ils pu acqu\u00e9rir un syst\u00e8me circulatoire m\u00eame primitif ? Comment les amphibiens ont-ils pu poss\u00e9der un syst\u00e8me respiratoire pour l&rsquo;air libre ? Comment les reptiles sont-ils reli\u00e9s aux mammif\u00e8res mammaliens ? Comment le cerveau de l&rsquo;homme a-t-il pu \u00eatre enrichi de deux lobes pr\u00e9frontaux o\u00f9 s&rsquo;\u00e9labore la fonction la plus noble de l&rsquo;intelligence, abstraction, beaux sentiments : tout cela, nous ne le savons pas.<\/p>\n<p style=\"text-align: justify;\">Mon sujet ce soir n&rsquo;\u00e9tant pas le m\u00e9canisme de l&rsquo;\u00e9volution sur lequel, au demeurant, je me suis longuement pench\u00e9 au cours de ma carri\u00e8re; ce qu&rsquo;il m&rsquo;appartient de mettre en relief, c&rsquo;est que le principe de la vie est assimilable \u00e0 une action de champ, mais de champ hautement sp\u00e9cifique et s&rsquo;appliquant \u00e0 un organisme de grande complexit\u00e9. Tout se complique par le fait que ce champ sp\u00e9cifique vital n&rsquo;exclut pas l&rsquo;action des champs traditionnels (gravitationnel, \u00e9lectromagn\u00e9tique, nucl\u00e9onique, photonique, etc.) En outre, je crois que ce champ vital est \u00e0 rattacher comme tous les autres champs connus, au Champ Universel, ce qui permet de parvenir \u00e0 un monisme dans le cadre d&rsquo;une synth\u00e8se conceptuelle.<\/p>\n<p style=\"text-align: justify;\">L&rsquo;homme ne voit en lui et autour de lui que des corpuscules, des objets distincts, mais cela est la cons\u00e9quence de notre perception. On ne saurait voir un champ, en dehors de ses manifestations, mais c&rsquo;est un champ, ou plusieurs champs, qui ont organis\u00e9, structur\u00e9 les particules primitives en \u00e9l\u00e9ments chimiques, en mol\u00e9cules, en cosmos, en organisme vivant. Doit-on le confondre avec l&rsquo;hyperespace ou avec le r\u00e8gne du sublime auxquels j&rsquo;ai fait allusion; \u00e7a je n&rsquo;oserais l&rsquo;affirmer.\u00a0 (A suivre.)<\/p>\n<p style=\"text-align: justify;\"><strong>Essai sur le sens de la Vie, au seuil du deuxi\u00e8me mill\u00e9naire<\/strong> par Robert Tournaire. (Suite)<br \/>\n(Revue Etre Libre. Num\u00e9ro 230, Janvier-Mars 1967)<\/p>\n<p style=\"text-align: justify;\">Bien entendu, ce champ vital sp\u00e9cifique n&rsquo;est pas simple. Je vous l&rsquo;ai dit, l&rsquo;hyperespace est polydimensionnel, mais nous ne connaissons pas la valeur de toutes ses dimensions. Si nous les connaissions, nous aurions des vues moins impr\u00e9cises sur le champ psychique, spirituel, dont je vous dirai un mot dans quelques instants.<\/p>\n<p style=\"text-align: justify;\">N&rsquo;oublions pas que c&rsquo;est l&rsquo;action de champ hautement sp\u00e9cifique qui permet d&rsquo;appliquer, d\u00e8s la formation de l&#8217;embryon, la diff\u00e9renciation tissulaire, la r\u00e9g\u00e9n\u00e9ration de certains membres chez certains animaux, l&rsquo;attraction des gam\u00e8tes, la formation de ph\u00e9nom\u00e8ne de mitose et probablement la mise en code de l&rsquo;information chez les acides nucl\u00e9iques de la conscience, cette merveilleuse partie de la cybern\u00e9tique humaine.<\/p>\n<p style=\"text-align: justify;\">N&rsquo;oublions pas que l&rsquo;homme est form\u00e9 de 100 millions de milliards de cellules, lesquelles comprennent 14 milliards de cellules nerveuses. Or, l&rsquo;homme n&rsquo;est pas un agglom\u00e9rat pluricellulaire. Toutes ces cellules sont coordonn\u00e9es en une unit\u00e9 psychique que l&rsquo;on appelle la personnalit\u00e9 et cela gr\u00e2ce \u00e0 des syst\u00e8mes stimulo-int\u00e9grateurs (nerfs, endocrines) et int\u00e9grateurs (appareil circulatoire). Tout cela est d\u00fb \u00e0 des structurations permettant l&rsquo;ontog\u00e9n\u00e8se et la subsistance; tout cela est d\u00fb \u00e0 une action de champ.<\/p>\n<p style=\"text-align: justify;\">Revenons \u00e0 l&rsquo;homo. Il est structur\u00e9 de mani\u00e8re \u00e0 comprendre un organisme physico-chimique et un corps spirituel. L&rsquo;organisme physico-chimique est sous la d\u00e9pendance des champs traditionnels; il est vou\u00e9 \u00e0 la mort, mais le corps spirituel est sous la d\u00e9pendance d&rsquo;un champ sp\u00e9cifique complexe que nous connaissons encore mal et celui-l\u00e0 ne meurt pas. En d&rsquo;autres termes, il y a dans l&rsquo;homme un Je, un Ego qui ne saurait conna\u00eetre la mort.<\/p>\n<p style=\"text-align: justify;\">Mais prenons garde : dans le premier syst\u00e8me onde-particule il y avait une parcelle de libert\u00e9, de conscience. C&rsquo;est ainsi, comme je l&rsquo;ai cit\u00e9 plus haut, que l&rsquo;on a pu dire que le premier atome \u00e9tait entach\u00e9 de criminalit\u00e9. D\u00e8s la formation de l&#8217;embryon humain, il y a ce que j&rsquo;ai appel\u00e9 \u2014 pour qu&rsquo;on ne la confonde pas avec l&rsquo;\u00e2me ang\u00e9lique \u2014 une parcelle d&rsquo;\u00e2me organique. Certains hommes, par leurs travaux, leur valeur humaine, la noblesse de leur comportement d\u00e9veloppent ce corps spirituel.<\/p>\n<p style=\"text-align: justify;\">Beaucoup d&rsquo;autres hommes ne se pr\u00e9occupent que de leur provende, leur fortune, leur ambition. Ce sont des prohominiens. Pour ceux-l\u00e0 il n&rsquo;existe pour ainsi dire pas de corps spirituel.<\/p>\n<p style=\"padding-left: 240px; text-align: justify;\">***<\/p>\n<p style=\"text-align: justify;\">Il me reste \u00e0 essayer de vous dire ce que devient ce corps spirituel apr\u00e8s la mort du corps physique qui rel\u00e8ve de la n\u00e9guentropie l&rsquo;entropie positive. C&rsquo;est un probl\u00e8me extr\u00eamement d\u00e9licat. M\u00eame les th\u00e9ologiens, pour le sort de l&rsquo;\u00e2me ang\u00e9lique, en l&rsquo;attente du jugement dernier, reconnaissent que le probl\u00e8me est difficile et parmi les th\u00e9ologiens c&rsquo;est l&rsquo;ap\u00f4tre Saint-Jean qui a \u00e9crit les plus belles pages dans \u00ab La Vie des Ames \u00bb apr\u00e8s la mort et, en lisant ces pages, on per\u00e7oit tr\u00e8s bien son embarras, sa m\u00e9connaissance.<\/p>\n<p style=\"text-align: justify;\">En ce qui me concerne, je crois que le corps spirituel, ou, si vous voulez, l&rsquo;aura humaine, va regagner le R\u00e8gne du Sublime en attendant la fin du cosmos mat\u00e9riel, l&rsquo;av\u00e8nement du R\u00e8gne de la Puret\u00e9, du Spirituel et la r\u00e9surrection de notre corps glorieux. C&rsquo;est en ce sens que l&rsquo;on a pu dire qu&rsquo;Aristote et Platon avaient eu tort de croire \u00e0 l&rsquo;immortalit\u00e9 de l&rsquo;\u00e2me.<\/p>\n<p style=\"text-align: justify;\">Bien entendu, d\u00e8s la mort du corps physique, les notions d&rsquo;espace et de temps ne sont plus du tout les m\u00eames que pour l&rsquo;homo terrestre.<\/p>\n<p style=\"text-align: justify;\">C&rsquo;est ici que l&rsquo;on doit d&rsquo;ailleurs rappeler la belle parole du physicien WEYL, qui \u00e9crit dans son merveilleux ouvrage : Temps, Espace, mati\u00e8re : \u00ab Le monde n&rsquo;advient pas. Il est \u00bb.<\/p>\n<p style=\"text-align: justify;\">Ceci me ram\u00e8ne \u00e0 la nouvelle notion de temps sur laquelle j&rsquo;ai beaucoup travaill\u00e9, mais il ne m&rsquo;appartient pas de sortir de mon sujet.<\/p>\n<p style=\"text-align: justify;\">Je vous l&rsquo;ai d\u00e9j\u00e0 dit, je crois : nous sommes actuellement des mutants. Quand nous serons lib\u00e9r\u00e9s du primat euclidien, de la notion de temps lin\u00e9aire, d&rsquo;espace \u00e0 trois dimensions, une nouvelle et merveilleuse th\u00e9orie de la connaissance s&rsquo;ouvrira pour nous.<\/p>\n<p style=\"padding-left: 300px; text-align: justify;\">***<\/p>\n<p style=\"text-align: justify;\">Je ne voudrais pas terminer sur une note pessimiste, d&rsquo;abord parce que ce n&rsquo;est pas dans mon temp\u00e9rament. Je crois en l&rsquo;homme; je crois en la grandeur de la vie humaine.<br \/>\nMais avant de conclure, il m&rsquo;appartient de souligner les tr\u00e8s graves p\u00e9rils qui menacent actuellement l&rsquo;esp\u00e8ce humaine. R\u00e9cemment, dans une r\u00e9union de savants sp\u00e9cialistes, voici dans quel ordre on a class\u00e9 ces p\u00e9rils :<\/p>\n<p style=\"text-align: justify;\">1) L&rsquo;accroissement de la d\u00e9mographie. La population humaine de notre plan\u00e8te va doubler tous les vingt ans. Cela pose des probl\u00e8mes de scolarit\u00e9, d&rsquo;habitat, de voies de circulation, d&#8217;emplois, de retraites pratiquement insolubles. On a parl\u00e9 de la \u00ab Terre infest\u00e9e d&rsquo;hommes \u00bb.<\/p>\n<p style=\"text-align: justify;\">On pourrait m&rsquo;objecter que prochainement l&rsquo;homme terrestre pourra coloniser les plan\u00e8tes qui gravitent autour de lui. Nous ne sommes pas ici pour faire de la science fiction. Il existe probablement dans d&rsquo;autres syst\u00e8mes solaires des plan\u00e8tes semblables \u00e0 la notre, mais les savants, les vrais savants sont pr\u00e9cis\u00e9ment d&rsquo;accord pour reconna\u00eetre que dans l&rsquo;\u00e9tat actuel de la prospective scientifique rien ne permet de croire \u00e0 cette colonisation.<\/p>\n<p style=\"text-align: justify;\">2) La disparition de la chlorophylle. Cette disparition est li\u00e9e \u00e0 l&rsquo;accroissement de la d\u00e9mographie. R\u00e9cemment, dans la revue \u00ab Les Temps modernes \u00bb, Jean-Paul Sartre d\u00e9non\u00e7ait l&rsquo;exc\u00e8s d&rsquo;une technocratie criminelle. C&rsquo;est au nom de cette technocratie que disparaissent les for\u00eats au profit des b\u00e2tisses alv\u00e9olaires qui resteront la honte de notre \u00e9poque.<\/p>\n<p style=\"text-align: justify;\">3) Le p\u00e9ril nucl\u00e9aire. Gr\u00e2ce aux machines \u00e0 penser et \u00e0 calculer de la cybern\u00e9tique appliqu\u00e9e, d&rsquo;ici une d\u00e9cennie, une cinquantaine de nations poss\u00e8deront des bombes H. Je n&rsquo;ai pas besoin d&rsquo;insister sur la menace qui p\u00e8sera alors, \u00e0 chaque instant, sur l&rsquo;humanit\u00e9, menace qui dispersera des milliards de dollars avec lesquels on pourrait soulager la mis\u00e8re et la faim qui r\u00e9gneront encore dans le monde.<\/p>\n<p style=\"text-align: justify;\">4) Le d\u00e9veloppement excessif de la cybern\u00e9tique appliqu\u00e9e beaucoup plus orient\u00e9e vers des fins mercantiles que vers l&rsquo;\u00e9panouissement de la condition humaine.<\/p>\n<p style=\"text-align: justify;\">5) La modification de l&rsquo;homme par l&rsquo;homme. On parle de f\u00e9condation artificielle extra-ut\u00e9rine d&rsquo;ovules s\u00e9lectionn\u00e9s; de modification de notre syst\u00e8me humoral; de mutations provoqu\u00e9es; d&rsquo;implantations d&rsquo;organes.<\/p>\n<p style=\"text-align: justify;\">Nous vivons en v\u00e9rit\u00e9 une \u00e9poque explosive et si un Comit\u00e9 des Sages, comme je l&rsquo;ai toujours r\u00e9clam\u00e9, ne parvient \u00e0 se constituer pour ruiner toute application de notre science fondamentale qui n&rsquo;a pas, pour seul but, l&rsquo;am\u00e9lioration de la condition humaine, le pire est \u00e0 craindre. Il existe des technocrates dont l&rsquo;autor\u00e9gulation psychique est d\u00e9voy\u00e9e vers un m\u00e9prisable mercantilisme ou une aberrante productivit\u00e9.<\/p>\n<p style=\"text-align: justify;\">Ici il convient de r\u00e9fl\u00e9chir. Le progr\u00e8s de l&rsquo;investigation scientifique a \u00e9t\u00e9 tel au cours de ces quinze derni\u00e8res ann\u00e9es que les savants les plus authentiques du monde entier se posent une angoissante question, non pas au sujet du savoir de la science fondamentale, dont le d\u00e9veloppement est le propre de l&rsquo;homme, mais de l&rsquo;usage qui est fait de cette science fondamentale.<\/p>\n<p style=\"text-align: justify;\">Si ces applications se poursuivent au m\u00eame rythme au cours des d\u00e9cennies \u00e0 venir et si un Comit\u00e9 International des Sages ne parvient pas \u00e0 \u00e9carter les applications qui ne concourent pas \u00e0 l&rsquo;\u00e9panouissement de la condition humaine, on peut craindre le pire.<\/p>\n<p style=\"text-align: justify;\">Des savants authentiques parlent de d\u00e9lire technocratique. Mon ami Paul VALERY pendant l&rsquo;occupation me parlait d\u00e9j\u00e0 des horribles applications de la science.<\/p>\n<p style=\"text-align: justify;\">En d&rsquo;autres termes, toutes les fonctions qui repr\u00e9sentent le d\u00e9veloppement de la technocratie sont exponentielles. Au rythme actuel, il n&rsquo;y aura bient\u00f4t que des technocrates, c&rsquo;est-\u00e0-dire des hominid\u00e9s conditionn\u00e9s. Tout ne sera plus que machines \u00e0 penser, \u00e0 calculer; des laboratoires couvriront la surface du globe, toute la sacralisation de l&rsquo;homme aura disparu au profit de l&rsquo;efficacit\u00e9 et la productivit\u00e9.<\/p>\n<p style=\"text-align: justify;\">Gr\u00e2ce \u00e0 l&rsquo;\u00e9nergie thermonucl\u00e9aire enfin domestiqu\u00e9e, gr\u00e2ce \u00e0 la cybern\u00e9tique appliqu\u00e9e, gr\u00e2ce \u00e0 des rayonnements du type laser et maser on peut \u00e0 la fois tout craindre et tout esp\u00e9rer.<\/p>\n<p style=\"text-align: justify;\">C&rsquo;est \u00e0 l&rsquo;homme de d\u00e9cider s&rsquo;il pr\u00e9f\u00e8re s&rsquo;\u00e9panouir dans une mani\u00e8re de spiritualit\u00e9 ou dispara\u00eetre pour le profit provisoire d&rsquo;un certain mandarinat.<\/p>\n<p style=\"padding-left: 300px; text-align: justify;\">***<\/p>\n<p style=\"text-align: justify;\">Il serait ridicule de parler du sens de la vie sans poser le probl\u00e8me de la destin\u00e9e humaine, plus pr\u00e9cis\u00e9ment de notre destin\u00e9e, de la destin\u00e9e de l&rsquo;esp\u00e8ce humaine, de celle enfin de notre plan\u00e8te.<\/p>\n<p style=\"text-align: justify;\">Pour les uns, le probl\u00e8me est r\u00e9solu de fa\u00e7on dogmatique; par exemple, pour les th\u00e9istes chr\u00e9tiens, aussit\u00f4t apr\u00e8s la mort notre \u00e2me ira rejoindre les autres \u00e2mes, afin d&rsquo;y attendre le jugement dernier et l&rsquo;av\u00e8nement du nouveau monde. Pour d&rsquo;autres, par exemple les mat\u00e9rialistes, apr\u00e8s notre mort il ne restera de nous que cendres et poussi\u00e8res.<\/p>\n<p style=\"text-align: justify;\">Ce sont deux solutions dogmatiques; elles sont respectables l&rsquo;une comme l&rsquo;autre pour l&rsquo;esprit tol\u00e9rant mais pr\u00e9cis\u00e9ment parce qu&rsquo;elles sont dogmatiques elles ne sauraient satisfaire le v\u00e9ritable homme de science.<\/p>\n<p style=\"text-align: justify;\">Sans parler de l&rsquo;\u00e2me ang\u00e9lique des croyants, il para\u00eet de plus en plus \u00e9vident que l&rsquo;homme est doubl\u00e9 d&rsquo;un corps spirituel, d&rsquo;une \u00e2me organique et d&rsquo;apr\u00e8s moi c&rsquo;est surtout par l\u00e0 qu&rsquo;il est li\u00e9 au monde cosmique. Mais ce corps spirituel, cette \u00e2me organique c&rsquo;est nous qui l&rsquo;\u00e9laborons par nos batailles, nos luttes, nos victoires, nos efforts, nos r\u00eaves, notre id\u00e9al. Cet ego ne saurait \u00eatre an\u00e9anti par la mort de notre corps physique. Il va rejoindre le domaine du sublime, \u00e9tant entendu que l&rsquo;espace et le temps n&rsquo;ont plus du tout pour lui la m\u00eame structure, la m\u00eame signification.<\/p>\n<p style=\"text-align: justify;\">Pour atteindre l&rsquo;av\u00e8nement d&rsquo;un monde nouveau absolument spiritualis\u00e9, est-ce qu&rsquo;il va se mat\u00e9rialiser \u00e0 nouveau, perdre sa personnalit\u00e9, se r\u00e9incarner ou attendre simplement l&rsquo;av\u00e8nement du monde absolument spiritualis\u00e9. L\u00e0, l&rsquo;homme de science n&rsquo;est pas en mesure de vous r\u00e9pondre.<\/p>\n<p style=\"text-align: justify;\">En ce qui concerne l&rsquo;esp\u00e8ce humaine, les biologistes sont d&rsquo;accord pour lui reconna\u00eetre une dur\u00e9e d&rsquo;environ huit millions d&rsquo;ann\u00e9es, si aucun accident cosmique ne survient d&rsquo;ici l\u00e0.<\/p>\n<p style=\"text-align: justify;\">Quel sera l&rsquo;homme de cette \u00e9poque ? Quel degr\u00e9 de d\u00e9mat\u00e9rialisation aura-t-il atteint ? Les hommes de science ne le savent pas, mais on peut croire qu&rsquo;ils vont rejoindre le domaine du sublime et y atteindre l&rsquo;av\u00e8nement du cosmos d\u00e9substantialis\u00e9.<\/p>\n<p style=\"padding-left: 240px; text-align: justify;\">***<\/p>\n<p style=\"text-align: justify;\">Pour ce qui regarde la destin\u00e9e de notre cosmos, la science propose plusieurs solutions. Notre galaxie ayant atteint, dans sa fuite, la vitesse de la lumi\u00e8re, s&rsquo;annihile pour donner naissance \u00e0 un champ de cr\u00e9ation pure.<\/p>\n<p style=\"text-align: justify;\">Autre solution : apr\u00e8s avoir atteint sa dilatation maximum, elle se condense \u00e0 nouveau en mati\u00e8re dense et le cycle recommence. Pour les uns, les quasars, ces galaxies denses sont des protogalaxies, pour les autres ce sont des galaxies fossiles.<\/p>\n<p style=\"text-align: justify;\">Ainsi, d&rsquo;apr\u00e8s ces deux solutions, le cosmos dans son universalit\u00e9 n&rsquo;aurait pas de fin.<\/p>\n<p style=\"text-align: justify;\">Au contraire, en consid\u00e9rant simplement l&rsquo;entropie positive, notre cosmos court \u00e0 sa propre perte pour donner naissance \u00e0 un cosmos sublime, d\u00e9mat\u00e9rialis\u00e9, tout de puret\u00e9 et de bont\u00e9 principielle.<\/p>\n<p style=\"padding-left: 240px; text-align: justify;\">***<\/p>\n<p style=\"text-align: justify;\">De toute fa\u00e7on, nous avons suffisamment affaire avec notre destin\u00e9e pour ne pas nous soucier, par surcro\u00eet, de ce qui se passera dans huit millions d&rsquo;ann\u00e9es.<br \/>\nRetenons seulement que la mort ne doit pas nous effrayer. Qu&rsquo;en dehors du criminel parfaitement conscient de ses crimes, nous, hommes de bonne volont\u00e9, malgr\u00e9 nos erreurs, irons rejoindre un monde de puret\u00e9.<\/p>\n<p style=\"text-align: justify;\">Pour ma part j&rsquo;ai plus de consid\u00e9ration, je trouve plus de mystique et de puret\u00e9 chez l&rsquo;ath\u00e9e qui refuse un Dieu assis devant une balance de pr\u00e9cision o\u00f9 il fait la pes\u00e9e de toutes nos fautes et de toutes nos bonnes actions, plut\u00f4t que pour un croyant qui veut un Dieu vengeur, m\u00e9ticuleusement vengeur.<br \/>\nNotre degr\u00e9 de libert\u00e9 est faible : notre responsabilit\u00e9 est limit\u00e9e. La vie est dure, difficile. Hommes de bonne volont\u00e9, ne craignons ni la mort, ni le jugement dernier.<\/p>\n<p style=\"padding-left: 240px; text-align: justify;\">***<\/p>\n<p style=\"text-align: justify;\">En r\u00e9sum\u00e9, le sens de la vie et le sens du cosmos sont \u00e9troitement li\u00e9s. Mais la vie permet non seulement sa propre valorisation, c&rsquo;est-\u00e0-dire sa d\u00e9substantialisation, mais encore sa personnalisation, personnalisation qui d\u00e9pend de notre comportement, de la psych\u00e9 que nous nous effor\u00e7ons d&rsquo;acqu\u00e9rir.<\/p>\n<p style=\"text-align: justify;\">Notre conscience r\u00e9fl\u00e9chie est un m\u00e9canisme, extr\u00eamement complexe et c&rsquo;est son contenu, l&rsquo;Ego, cet \u00e9go d\u00e9mat\u00e9rialis\u00e9 qui ne connait pas la mort et qui est destin\u00e9 \u00e0 rejoindre le domaine du sublime, lequel un jour remplacera notre cosmos mat\u00e9riel.<\/p>\n<p style=\"text-align: justify;\">Tout ceci rejoint la pens\u00e9e de Jean ROSTAND qui, il y a quelques semaines, me disait : \u00ab c&rsquo;est l&rsquo;homme qui donne un sens \u00e0 la vie \u00bb.<\/p>\n<p style=\"text-align: justify;\">Certains parmi nous se posent certainement la question de savoir ce qu&rsquo;il y a derri\u00e8re ce R\u00e8gne du Sublime, de l&rsquo;omnitude.<\/p>\n<p style=\"text-align: justify;\">Je vais vous donner mon opinion, mais je dois confesser que l\u00e0 ce n&rsquo;est plus l&rsquo;homme de science qui parle.<\/p>\n<p style=\"text-align: justify;\">D&rsquo;abord n&rsquo;oublions pas que notre cosmos, celui qui comprend tous les amas de galaxies que nous connaissons est, si je puis dire, un univers tordu; la particule, l&rsquo;atome, la mol\u00e9cule, les \u00e9toiles, les amas de galaxies ont un certain sens de rotation. Il nous parait, \u00e0 nous hommes de science, impossible qu&rsquo;un autre univers ayant un sens inverse de rotation n&rsquo;ait pas pris naissance en m\u00eame temps que le notre et rien ne nous interdit de penser que notre univers est sous la d\u00e9pendance de cet autre univers, ce qui permettrait l&rsquo;explication de toute une ph\u00e9nom\u00e9nologie.<\/p>\n<p style=\"text-align: justify;\">Ceci ne r\u00e9sout pas votre probl\u00e8me. Il est tard; qu&rsquo;il me soit permis pour conclure de citer la phrase d&rsquo;EINSTEIN, qui n&rsquo;\u00e9tait ni un spiritualiste ni un vitaliste : \u00ab J&rsquo;ai la profonde conviction sentimentale de la pr\u00e9sence d&rsquo;une raison puissante et sup\u00e9rieure se r\u00e9v\u00e9lant dans l&rsquo;incompr\u00e9hensible univers \u00bb.<\/p>\n<p style=\"text-align: justify;\"><em>Professeur Robert Tournaire, de l&rsquo;Ecole Nationale Sup\u00e9rieure de Chimie, de la Facult\u00e9 des Sciences de l&rsquo;Universit\u00e9 de Paris, du Cercle de Physique Sup\u00e9rieure Th\u00e9orique, du Groupement de l&rsquo;Energie nucl\u00e9aire.<\/em><\/p>\n","protected":false},"excerpt":{"rendered":"<p>Il serait vain d&rsquo;essayer de construire une \u00e9tude exhaustive du sens de la vie humaine, sans se poser les m\u00eames questions sur le sens du cosmos et de l&rsquo;esp\u00e8ce humaine. En d&rsquo;autres enceintes et peut-\u00eatre devant vous, j&rsquo;ai eu maintes fois l&rsquo;occasion d&rsquo;expliquer que l&rsquo;homme \u00e9tait li\u00e9 beaucoup plus qu&rsquo;on ne le pense g\u00e9n\u00e9ralement \u00e0 son cosmos. J&rsquo;irai m\u00eame jusqu&rsquo;\u00e0 dire que le sens d&rsquo;une vie, d&rsquo;une \u00e9toile, d&rsquo;une galaxie ne correspond rigoureusement \u00e0 rien. Il y a une interd\u00e9pendance universelle. La conscience a un substrat universel comme la gravitation. Un philosophe, le Professeur Swedenborg, n&rsquo;a pas h\u00e9sit\u00e9 \u00e0 d\u00e9clarer que la terre \u00e9tait un homme; on pourrait ajouter que le cosmos c&rsquo;est la vie.<\/p>\n","protected":false},"author":1,"featured_media":0,"comment_status":"open","ping_status":"open","sticky":false,"template":"","format":"standard","meta":{"footnotes":""},"categories":[77],"tags":[223,37,224,149,41],"class_list":["post-290","post","type-post","status-publish","format-standard","hentry","category-r-tournaire","tag-biologie","tag-conscience","tag-interdependance","tag-sens","tag-vie"],"yoast_head":"<!-- This site is optimized with the Yoast SEO plugin v27.0 - https:\/\/yoast.com\/product\/yoast-seo-wordpress\/ -->\n<title>Essai sur le sens de la Vie, au seuil du deuxi&egrave;me mill&eacute;naire par Robert Tournaire - 3e mill\u00e9naire - Spiritualit\u00e9 - Connaissance de soi - Non-dualit\u00e9 - M\u00e9ditation<\/title>\n<meta name=\"robots\" content=\"index, follow, max-snippet:-1, max-image-preview:large, max-video-preview:-1\" \/>\n<link rel=\"canonical\" href=\"https:\/\/www.revue3emillenaire.com\/blog\/essai-sur-le-sens-de-la-vie-au-seuil-du-deuxime-millnaire-par-robert-tournaire\/\" \/>\n<meta property=\"og:locale\" content=\"fr_FR\" \/>\n<meta property=\"og:type\" content=\"article\" \/>\n<meta property=\"og:title\" content=\"Essai sur le sens de la Vie, au seuil du deuxi&egrave;me mill&eacute;naire par Robert Tournaire - 3e mill\u00e9naire - Spiritualit\u00e9 - Connaissance de soi - Non-dualit\u00e9 - M\u00e9ditation\" \/>\n<meta property=\"og:description\" content=\"Il serait vain d&#039;essayer de construire une \u00e9tude exhaustive du sens de la vie humaine, sans se poser les m\u00eames questions sur le sens du cosmos et de l&#039;esp\u00e8ce humaine. En d&#039;autres enceintes et peut-\u00eatre devant vous, j&#039;ai eu maintes fois l&#039;occasion d&#039;expliquer que l&#039;homme \u00e9tait li\u00e9 beaucoup plus qu&#039;on ne le pense g\u00e9n\u00e9ralement \u00e0 son cosmos. J&#039;irai m\u00eame jusqu&#039;\u00e0 dire que le sens d&#039;une vie, d&#039;une \u00e9toile, d&#039;une galaxie ne correspond rigoureusement \u00e0 rien. Il y a une interd\u00e9pendance universelle. La conscience a un substrat universel comme la gravitation. Un philosophe, le Professeur Swedenborg, n&#039;a pas h\u00e9sit\u00e9 \u00e0 d\u00e9clarer que la terre \u00e9tait un homme; on pourrait ajouter que le cosmos c&#039;est la vie.\" \/>\n<meta property=\"og:url\" content=\"https:\/\/www.revue3emillenaire.com\/blog\/essai-sur-le-sens-de-la-vie-au-seuil-du-deuxime-millnaire-par-robert-tournaire\/\" \/>\n<meta property=\"og:site_name\" content=\"3e mill\u00e9naire - Spiritualit\u00e9 - Connaissance de soi - Non-dualit\u00e9 - M\u00e9ditation\" \/>\n<meta property=\"article:published_time\" content=\"2009-03-15T00:00:00+00:00\" \/>\n<meta property=\"article:modified_time\" content=\"2009-12-29T22:54:11+00:00\" \/>\n<meta name=\"author\" content=\"3e mill\u00e9naire\" \/>\n<meta name=\"twitter:card\" content=\"summary_large_image\" \/>\n<meta name=\"twitter:label1\" content=\"\u00c9crit par\" \/>\n\t<meta name=\"twitter:data1\" content=\"3e mill\u00e9naire\" \/>\n\t<meta name=\"twitter:label2\" content=\"Dur\u00e9e de lecture estim\u00e9e\" \/>\n\t<meta name=\"twitter:data2\" content=\"27 minutes\" \/>\n<script type=\"application\/ld+json\" class=\"yoast-schema-graph\">{\"@context\":\"https:\/\/schema.org\",\"@graph\":[{\"@type\":\"Article\",\"@id\":\"https:\/\/www.revue3emillenaire.com\/blog\/essai-sur-le-sens-de-la-vie-au-seuil-du-deuxime-millnaire-par-robert-tournaire\/#article\",\"isPartOf\":{\"@id\":\"https:\/\/www.revue3emillenaire.com\/blog\/essai-sur-le-sens-de-la-vie-au-seuil-du-deuxime-millnaire-par-robert-tournaire\/\"},\"author\":{\"name\":\"3e mill\u00e9naire\",\"@id\":\"https:\/\/www.revue3emillenaire.com\/blog\/#\/schema\/person\/9a3a7cc4ccaa707f402d4394327106d5\"},\"headline\":\"Essai sur le sens de la Vie, au seuil du deuxi&egrave;me mill&eacute;naire par Robert Tournaire\",\"datePublished\":\"2009-03-15T00:00:00+00:00\",\"dateModified\":\"2009-12-29T22:54:11+00:00\",\"mainEntityOfPage\":{\"@id\":\"https:\/\/www.revue3emillenaire.com\/blog\/essai-sur-le-sens-de-la-vie-au-seuil-du-deuxime-millnaire-par-robert-tournaire\/\"},\"wordCount\":5498,\"commentCount\":0,\"keywords\":[\"biologie\",\"Conscience\",\"interd\u00e9pendance\",\"sens\",\"Vie\"],\"articleSection\":[\"Tournaire Robert\"],\"inLanguage\":\"fr-FR\",\"potentialAction\":[{\"@type\":\"CommentAction\",\"name\":\"Comment\",\"target\":[\"https:\/\/www.revue3emillenaire.com\/blog\/essai-sur-le-sens-de-la-vie-au-seuil-du-deuxime-millnaire-par-robert-tournaire\/#respond\"]}]},{\"@type\":\"WebPage\",\"@id\":\"https:\/\/www.revue3emillenaire.com\/blog\/essai-sur-le-sens-de-la-vie-au-seuil-du-deuxime-millnaire-par-robert-tournaire\/\",\"url\":\"https:\/\/www.revue3emillenaire.com\/blog\/essai-sur-le-sens-de-la-vie-au-seuil-du-deuxime-millnaire-par-robert-tournaire\/\",\"name\":\"Essai sur le sens de la Vie, au seuil du deuxi&egrave;me mill&eacute;naire par Robert Tournaire - 3e mill\u00e9naire - Spiritualit\u00e9 - Connaissance de soi - Non-dualit\u00e9 - M\u00e9ditation\",\"isPartOf\":{\"@id\":\"https:\/\/www.revue3emillenaire.com\/blog\/#website\"},\"datePublished\":\"2009-03-15T00:00:00+00:00\",\"dateModified\":\"2009-12-29T22:54:11+00:00\",\"author\":{\"@id\":\"https:\/\/www.revue3emillenaire.com\/blog\/#\/schema\/person\/9a3a7cc4ccaa707f402d4394327106d5\"},\"breadcrumb\":{\"@id\":\"https:\/\/www.revue3emillenaire.com\/blog\/essai-sur-le-sens-de-la-vie-au-seuil-du-deuxime-millnaire-par-robert-tournaire\/#breadcrumb\"},\"inLanguage\":\"fr-FR\",\"potentialAction\":[{\"@type\":\"ReadAction\",\"target\":[\"https:\/\/www.revue3emillenaire.com\/blog\/essai-sur-le-sens-de-la-vie-au-seuil-du-deuxime-millnaire-par-robert-tournaire\/\"]}]},{\"@type\":\"BreadcrumbList\",\"@id\":\"https:\/\/www.revue3emillenaire.com\/blog\/essai-sur-le-sens-de-la-vie-au-seuil-du-deuxime-millnaire-par-robert-tournaire\/#breadcrumb\",\"itemListElement\":[{\"@type\":\"ListItem\",\"position\":1,\"name\":\"Accueil\",\"item\":\"https:\/\/www.revue3emillenaire.com\/blog\/\"},{\"@type\":\"ListItem\",\"position\":2,\"name\":\"Essai sur le sens de la Vie, au seuil du deuxi&egrave;me mill&eacute;naire par Robert Tournaire\"}]},{\"@type\":\"WebSite\",\"@id\":\"https:\/\/www.revue3emillenaire.com\/blog\/#website\",\"url\":\"https:\/\/www.revue3emillenaire.com\/blog\/\",\"name\":\"3e mill\u00e9naire - Spiritualit\u00e9 - Connaissance de soi - Non-dualit\u00e9 - M\u00e9ditation\",\"description\":\"L&#039;Homme en devenir\",\"potentialAction\":[{\"@type\":\"SearchAction\",\"target\":{\"@type\":\"EntryPoint\",\"urlTemplate\":\"https:\/\/www.revue3emillenaire.com\/blog\/?s={search_term_string}\"},\"query-input\":{\"@type\":\"PropertyValueSpecification\",\"valueRequired\":true,\"valueName\":\"search_term_string\"}}],\"inLanguage\":\"fr-FR\"},{\"@type\":\"Person\",\"@id\":\"https:\/\/www.revue3emillenaire.com\/blog\/#\/schema\/person\/9a3a7cc4ccaa707f402d4394327106d5\",\"name\":\"3e mill\u00e9naire\",\"url\":\"https:\/\/www.revue3emillenaire.com\/blog\/author\/admin\/\"}]}<\/script>\n<!-- \/ Yoast SEO plugin. -->","yoast_head_json":{"title":"Essai sur le sens de la Vie, au seuil du deuxi&egrave;me mill&eacute;naire par Robert Tournaire - 3e mill\u00e9naire - Spiritualit\u00e9 - Connaissance de soi - Non-dualit\u00e9 - M\u00e9ditation","robots":{"index":"index","follow":"follow","max-snippet":"max-snippet:-1","max-image-preview":"max-image-preview:large","max-video-preview":"max-video-preview:-1"},"canonical":"https:\/\/www.revue3emillenaire.com\/blog\/essai-sur-le-sens-de-la-vie-au-seuil-du-deuxime-millnaire-par-robert-tournaire\/","og_locale":"fr_FR","og_type":"article","og_title":"Essai sur le sens de la Vie, au seuil du deuxi&egrave;me mill&eacute;naire par Robert Tournaire - 3e mill\u00e9naire - Spiritualit\u00e9 - Connaissance de soi - Non-dualit\u00e9 - M\u00e9ditation","og_description":"Il serait vain d'essayer de construire une \u00e9tude exhaustive du sens de la vie humaine, sans se poser les m\u00eames questions sur le sens du cosmos et de l'esp\u00e8ce humaine. En d'autres enceintes et peut-\u00eatre devant vous, j'ai eu maintes fois l'occasion d'expliquer que l'homme \u00e9tait li\u00e9 beaucoup plus qu'on ne le pense g\u00e9n\u00e9ralement \u00e0 son cosmos. J'irai m\u00eame jusqu'\u00e0 dire que le sens d'une vie, d'une \u00e9toile, d'une galaxie ne correspond rigoureusement \u00e0 rien. Il y a une interd\u00e9pendance universelle. La conscience a un substrat universel comme la gravitation. Un philosophe, le Professeur Swedenborg, n'a pas h\u00e9sit\u00e9 \u00e0 d\u00e9clarer que la terre \u00e9tait un homme; on pourrait ajouter que le cosmos c'est la vie.","og_url":"https:\/\/www.revue3emillenaire.com\/blog\/essai-sur-le-sens-de-la-vie-au-seuil-du-deuxime-millnaire-par-robert-tournaire\/","og_site_name":"3e mill\u00e9naire - Spiritualit\u00e9 - Connaissance de soi - Non-dualit\u00e9 - M\u00e9ditation","article_published_time":"2009-03-15T00:00:00+00:00","article_modified_time":"2009-12-29T22:54:11+00:00","author":"3e mill\u00e9naire","twitter_card":"summary_large_image","twitter_misc":{"\u00c9crit par":"3e mill\u00e9naire","Dur\u00e9e de lecture estim\u00e9e":"27 minutes"},"schema":{"@context":"https:\/\/schema.org","@graph":[{"@type":"Article","@id":"https:\/\/www.revue3emillenaire.com\/blog\/essai-sur-le-sens-de-la-vie-au-seuil-du-deuxime-millnaire-par-robert-tournaire\/#article","isPartOf":{"@id":"https:\/\/www.revue3emillenaire.com\/blog\/essai-sur-le-sens-de-la-vie-au-seuil-du-deuxime-millnaire-par-robert-tournaire\/"},"author":{"name":"3e mill\u00e9naire","@id":"https:\/\/www.revue3emillenaire.com\/blog\/#\/schema\/person\/9a3a7cc4ccaa707f402d4394327106d5"},"headline":"Essai sur le sens de la Vie, au seuil du deuxi&egrave;me mill&eacute;naire par Robert Tournaire","datePublished":"2009-03-15T00:00:00+00:00","dateModified":"2009-12-29T22:54:11+00:00","mainEntityOfPage":{"@id":"https:\/\/www.revue3emillenaire.com\/blog\/essai-sur-le-sens-de-la-vie-au-seuil-du-deuxime-millnaire-par-robert-tournaire\/"},"wordCount":5498,"commentCount":0,"keywords":["biologie","Conscience","interd\u00e9pendance","sens","Vie"],"articleSection":["Tournaire Robert"],"inLanguage":"fr-FR","potentialAction":[{"@type":"CommentAction","name":"Comment","target":["https:\/\/www.revue3emillenaire.com\/blog\/essai-sur-le-sens-de-la-vie-au-seuil-du-deuxime-millnaire-par-robert-tournaire\/#respond"]}]},{"@type":"WebPage","@id":"https:\/\/www.revue3emillenaire.com\/blog\/essai-sur-le-sens-de-la-vie-au-seuil-du-deuxime-millnaire-par-robert-tournaire\/","url":"https:\/\/www.revue3emillenaire.com\/blog\/essai-sur-le-sens-de-la-vie-au-seuil-du-deuxime-millnaire-par-robert-tournaire\/","name":"Essai sur le sens de la Vie, au seuil du deuxi&egrave;me mill&eacute;naire par Robert Tournaire - 3e mill\u00e9naire - Spiritualit\u00e9 - Connaissance de soi - Non-dualit\u00e9 - M\u00e9ditation","isPartOf":{"@id":"https:\/\/www.revue3emillenaire.com\/blog\/#website"},"datePublished":"2009-03-15T00:00:00+00:00","dateModified":"2009-12-29T22:54:11+00:00","author":{"@id":"https:\/\/www.revue3emillenaire.com\/blog\/#\/schema\/person\/9a3a7cc4ccaa707f402d4394327106d5"},"breadcrumb":{"@id":"https:\/\/www.revue3emillenaire.com\/blog\/essai-sur-le-sens-de-la-vie-au-seuil-du-deuxime-millnaire-par-robert-tournaire\/#breadcrumb"},"inLanguage":"fr-FR","potentialAction":[{"@type":"ReadAction","target":["https:\/\/www.revue3emillenaire.com\/blog\/essai-sur-le-sens-de-la-vie-au-seuil-du-deuxime-millnaire-par-robert-tournaire\/"]}]},{"@type":"BreadcrumbList","@id":"https:\/\/www.revue3emillenaire.com\/blog\/essai-sur-le-sens-de-la-vie-au-seuil-du-deuxime-millnaire-par-robert-tournaire\/#breadcrumb","itemListElement":[{"@type":"ListItem","position":1,"name":"Accueil","item":"https:\/\/www.revue3emillenaire.com\/blog\/"},{"@type":"ListItem","position":2,"name":"Essai sur le sens de la Vie, au seuil du deuxi&egrave;me mill&eacute;naire par Robert Tournaire"}]},{"@type":"WebSite","@id":"https:\/\/www.revue3emillenaire.com\/blog\/#website","url":"https:\/\/www.revue3emillenaire.com\/blog\/","name":"3e mill\u00e9naire - Spiritualit\u00e9 - Connaissance de soi - Non-dualit\u00e9 - M\u00e9ditation","description":"L&#039;Homme en devenir","potentialAction":[{"@type":"SearchAction","target":{"@type":"EntryPoint","urlTemplate":"https:\/\/www.revue3emillenaire.com\/blog\/?s={search_term_string}"},"query-input":{"@type":"PropertyValueSpecification","valueRequired":true,"valueName":"search_term_string"}}],"inLanguage":"fr-FR"},{"@type":"Person","@id":"https:\/\/www.revue3emillenaire.com\/blog\/#\/schema\/person\/9a3a7cc4ccaa707f402d4394327106d5","name":"3e mill\u00e9naire","url":"https:\/\/www.revue3emillenaire.com\/blog\/author\/admin\/"}]}},"_links":{"self":[{"href":"https:\/\/www.revue3emillenaire.com\/blog\/wp-json\/wp\/v2\/posts\/290","targetHints":{"allow":["GET"]}}],"collection":[{"href":"https:\/\/www.revue3emillenaire.com\/blog\/wp-json\/wp\/v2\/posts"}],"about":[{"href":"https:\/\/www.revue3emillenaire.com\/blog\/wp-json\/wp\/v2\/types\/post"}],"author":[{"embeddable":true,"href":"https:\/\/www.revue3emillenaire.com\/blog\/wp-json\/wp\/v2\/users\/1"}],"replies":[{"embeddable":true,"href":"https:\/\/www.revue3emillenaire.com\/blog\/wp-json\/wp\/v2\/comments?post=290"}],"version-history":[{"count":0,"href":"https:\/\/www.revue3emillenaire.com\/blog\/wp-json\/wp\/v2\/posts\/290\/revisions"}],"wp:attachment":[{"href":"https:\/\/www.revue3emillenaire.com\/blog\/wp-json\/wp\/v2\/media?parent=290"}],"wp:term":[{"taxonomy":"category","embeddable":true,"href":"https:\/\/www.revue3emillenaire.com\/blog\/wp-json\/wp\/v2\/categories?post=290"},{"taxonomy":"post_tag","embeddable":true,"href":"https:\/\/www.revue3emillenaire.com\/blog\/wp-json\/wp\/v2\/tags?post=290"}],"curies":[{"name":"wp","href":"https:\/\/api.w.org\/{rel}","templated":true}]}}