{"id":2962,"date":"2010-03-22T15:32:13","date_gmt":"2010-03-22T14:32:13","guid":{"rendered":"http:\/\/www.revue3emillenaire.com\/blog\/?p=2962"},"modified":"2010-03-22T15:32:13","modified_gmt":"2010-03-22T14:32:13","slug":"commencer-sur-le-chemin-par-gabriel-monod-herzen","status":"publish","type":"post","link":"https:\/\/www.revue3emillenaire.com\/blog\/commencer-sur-le-chemin-par-gabriel-monod-herzen\/","title":{"rendered":"Commencer sur le chemin par Gabriel Monod-Herzen"},"content":{"rendered":"<p style=\"text-align: justify;\">Le titre est de 3e Mill\u00e9naire<\/p>\n<p style=\"text-align: justify;\">(Revue Panharmonie. No 180. Janvier 1980)<\/p>\n<p style=\"text-align: justify;\">\n<p style=\"text-align: justify;\"><strong>Compte rendu<\/strong> de la rencontre du 24.10.1979<\/p>\n<p style=\"text-align: justify;\">\n<p style=\"text-align: justify;\">Deux critiques m&rsquo;ont \u00e9t\u00e9 faites, nous raconte le Professeur : \u00ab Ce que vous faites, est-ce utile ? \u00bb et \u00ab Faites attention \u00e0 ne pas trop souvent redire la m\u00eame chose \u00bb. A quoi j&rsquo;ai r\u00e9pondu : \u00ab Cela d\u00e9pend des questions qu&rsquo;on me pose. Si on me pose deux fois la m\u00eame question, je ne peux tout de m\u00eame pas faire deux r\u00e9ponses diff\u00e9rentes ! \u00bb Je suis dans un r\u00f4le passif en ce sens que je d\u00e9pends beaucoup de vos questions. La premi\u00e8re critique touche quelque chose de tr\u00e8s vrai si quelque chose s&rsquo;est modifi\u00e9 en vous. Vous avez alors de nouveaux probl\u00e8mes dont il vaudrait la peine de parler. L&rsquo;ouvrage de Jacques de Marquette \u00ab\u00a0De la b\u00eate \u00e0 l\u2019ange\u00a0\u00bb est un r\u00e9sum\u00e9 de ce que peut \u00eatre l&rsquo;\u00e9volution de la conscience d&rsquo;un \u00eatre vivant depuis \u00ab la B\u00eate jusqu&rsquo;\u00e0 l&rsquo;Ange \u00bb. Chacun de nous est quelque part le long de cette \u00e9volution. Nous sommes encore des b\u00eates, pas trop, j&rsquo;esp\u00e8re ! Il ne s&rsquo;agit pas de juger, mais de bouger. L&rsquo;important n&rsquo;est pas de se trouver tr\u00e8s haut.<\/p>\n<p style=\"text-align: justify;\">\n<p style=\"text-align: justify;\">On demanda \u00e0 Sri Aurobindo : \u00ab Avez-vous suffisamment de bons disciples ? \u00bb A quoi il a r\u00e9pondu : \u00ab Je n&rsquo;en sais rien ! Il y a des gens qui \u00e9chouent dix fois et qui r\u00e9ussissent la onzi\u00e8me fois et il y en a qui font des merveilles dix fois et qui \u00e9chouent \u00e0 la onzi\u00e8me \u00bb. Ce qui signifie que chacun a des difficult\u00e9s qui ont \u00e0 peu pr\u00e8s pour chacun de nous la m\u00eame valeur, mais qu&rsquo;on ne peut pas comparer les unes aux autres. Il ne faut pas se d\u00e9pr\u00e9cier, se d\u00e9courager. On ne peut pas demander \u00e0 une personne de ressembler \u00e0 une autre et de suivre le m\u00eame chemin.<\/p>\n<p style=\"text-align: justify;\">\n<p style=\"text-align: justify;\">J&rsquo;ai demand\u00e9 \u00e0 Pondich\u00e9ry quels sont des Orientaux et des Occidentaux ceux qui ont le plus de facilit\u00e9 \u00e0 mener une vie spirituelle, quelle est la diff\u00e9rence. Oui, m&rsquo;a-t-on r\u00e9pondu, il y en a une. La difficult\u00e9 est exactement la m\u00eame. Seulement, chez les Occidentaux elle vient de ce qu&rsquo;ils pensent trop et qu&rsquo;ils mettent les choses dans un cadre donn\u00e9, et pour les Orientaux de ce qu&rsquo;ils ne pensent pas assez et qu&rsquo;ils voguent dans les nuages ! Il faudrait trouver le juste milieu.<\/p>\n<p style=\"text-align: justify;\">\n<p style=\"text-align: justify;\">Un participant : Il y a l\u00e0 un d\u00e9s\u00e9quilibre \u00e9vident. Dans la participation aux nuages l&rsquo;\u00eatre va na\u00eetre, mais l&rsquo;individu n&rsquo;est pas engag\u00e9. Tandis que dans le c\u00f4t\u00e9 mat\u00e9riel il est engag\u00e9 tout le temps.<\/p>\n<p style=\"text-align: justify;\">\n<p style=\"text-align: justify;\">M. Monod-Herzen : L&rsquo;\u00eatre humain, dans son ensemble, a deux aspects essentiels. Toujours en me r\u00e9f\u00e9rant au livre de Jacques de Marquette, l&rsquo;important est de t\u00e2cher de pr\u00e9ciser la signification, le sens de la vie. En a-t-elle un ou n&rsquo;en a-t-elle pas ? Si elle n&rsquo;est qu&rsquo;un m\u00e9canisme lanc\u00e9 on ne sait comment, dont on ne sait pas o\u00f9 il va, cela n&rsquo;a aucun int\u00e9r\u00eat et nous sommes exactement au niveau des animaux. Le principe du succ\u00e8s, des plaisirs et du d\u00e9plaisir sera la r\u00e8gle. C&rsquo;est \u00e0 la port\u00e9e de tout le monde, c&rsquo;est inint\u00e9ressant. \u00c9videmment, nous le faisons tous plus ou moins. \u00ab De la B\u00eate \u00e0 l&rsquo;Ange \u00bb a \u00e9t\u00e9 \u00e9crit pour montrer pr\u00e9cis\u00e9ment que la vie a un sens qui n&rsquo;est pas de faire de nous des anges, mais de nous rapprocher d&rsquo;un certain avenir qui est possible. Il ne s&rsquo;agit pas de r\u00eaver, mais de voir ce que nous pouvons faire aujourd&rsquo;hui pour que demain ne soit pas absolument identique \u00e0 aujourd&rsquo;hui.<\/p>\n<p style=\"text-align: justify;\">\n<p style=\"text-align: justify;\">Je pense, et tout le monde doit \u00eatre d&rsquo;accord, que la premi\u00e8re chose \u00e0 faire, c&rsquo;est de savoir comment s&rsquo;occuper convenablement de notre corps. Ce n&rsquo;est pas si facile parce qu&rsquo;il a un pass\u00e9, une h\u00e9r\u00e9dit\u00e9. Dans le milieu bouddhiste on m&rsquo;a dit : \u00ab Ce corps qui est l\u00e0, remontez dans le pass\u00e9, il vient d&rsquo;un autre corps. Il y a une continuit\u00e9 physique entre votre corps et une lign\u00e9e ind\u00e9finie de corps qui n&rsquo;ont pas \u00e9t\u00e9 dans le pass\u00e9 moins importants que le v\u00f4tre. Vous avez eu une m\u00e8re qui a eu une m\u00e8re, et ainsi de suite. Par cons\u00e9quent, quand vous naissez, vous \u00eates loin d&rsquo;\u00eatre une tache blanche, m\u00eame physiquement. Alors, il s&rsquo;agit avant tout d&rsquo;arriver \u00e0 vous conna\u00eetre \u00e0 ce point de vue-l\u00e0. \u00bb Les diff\u00e9rentes formes de culture physique et le yoga en particulier peuvent nous y aider. Nous ne bougeons pas assez, mais d&rsquo;autre part si vous vous fatiguez beaucoup et faites un tr\u00e8s mauvais exercice physique, vous d\u00e9veloppez toujours les m\u00eames muscles qui se contracteront mal et vous aurez finalement l&rsquo;attitude des vieillards qui ne peuvent plus bouger normalement parce que depuis de nombreuses ann\u00e9es ils auront pris de mauvaises habitudes.<\/p>\n<p style=\"text-align: justify;\">\n<p style=\"text-align: justify;\">Il y a aussi la question du r\u00e9gime alimentaire.<\/p>\n<p style=\"text-align: justify;\">\n<p style=\"text-align: justify;\">Ce premier point est d\u00e9j\u00e0 un point de base. Notre conscience est attach\u00e9e \u00e0 notre corps physique, il faut donc que celui-ci soit capable de r\u00e9pondre \u00e0 ce que nous lui demandons et que nous sachions ce que nous pouvons lui demander.<\/p>\n<p style=\"text-align: justify;\">\n<p style=\"text-align: justify;\">Un participant : Il me semble qu&rsquo;il y a une perception int\u00e9rieure et une perception ext\u00e9rieure du corps qui ne vont pas l&rsquo;une sans l&rsquo;autre. On commence \u00e0 conna\u00eetre ses limites par cette perception int\u00e9rieure qui nous permettra de savoir de quoi le corps a besoin.<\/p>\n<p style=\"text-align: justify;\">\n<p style=\"text-align: justify;\">M. Monod-Herzen : Je vais mettre les pieds dans le plat ! Premi\u00e8rement, demandez \u00e0 votre m\u00e9decin combien de ses clients sont constip\u00e9s ? \u00c9norm\u00e9ment ! Si vous n&rsquo;avez pas une \u00e9vacuation convenable, vous ne pouvez pas esp\u00e9rer construire quelque chose de solide. Deuxi\u00e8mement : aspirez-vous convenablement lorsque vous respirez ? Or, l&rsquo;\u00e9nergie physique d\u00e9pend de la qualit\u00e9 d&rsquo;oxyg\u00e8ne qui est disponible pour la combustion des diff\u00e9rentes parties de votre organisme et de vos cellules. Il ne s&rsquo;agit pas de faire des respirations profondes, mais de prendre l&rsquo;habitude de respirer convenablement.<\/p>\n<p style=\"text-align: justify;\">\n<p style=\"text-align: justify;\">Mon ami Durckhe\u00efm a interrog\u00e9 au Japon un vieux moine bouddhiste qui pratiquait la respiration depuis quarante ans : \u00ab Dites-moi quel est l&rsquo;exercice respiratoire que vous pratiquez actuellement tous les jours ? \u00bb R\u00e9ponse du moine : \u00ab C&rsquo;est bien simple, le premier qu&rsquo;on m&rsquo;avait appris et qui est de beaucoup le plus difficile : la respiration naturelle ! \u00bb C&rsquo;est-\u00e0-dire \u00e0 apprendre \u00e0 respirer et notamment \u00e0 expirer convenablement dans le courant de la vie sans n&rsquo;y plus penser. Arriver \u00e0 ce que les \u00e9motions n&rsquo;aient plus d&rsquo;action sur votre respiration.<\/p>\n<p style=\"text-align: justify;\">\n<p style=\"text-align: justify;\">Vous voyez, nous sommes toujours dans le domaine physique, c&rsquo;est un travail de tous les jours.<\/p>\n<p style=\"text-align: justify;\">\n<p style=\"text-align: justify;\">Il faut commencer \u00e0 se conna\u00eetre, de quoi avez-vous besoin ? Il n&rsquo;y a pas de programme g\u00e9n\u00e9ral. M\u00eame avec un quart d&rsquo;heure d&rsquo;exercice tous les jours on obtient des r\u00e9sultats \u00e9tonnants. Th\u00e9oriquement, c&rsquo;est le matin, lorsque le corps est parfaitement repos\u00e9, que vous avez le plus de chances de r\u00e9ussir. Commencez par les exercices physiques et faites ensuite les exercices psychiques. J&rsquo;ai constat\u00e9 que quelqu&rsquo;un qui suivait bien les cours de yoga, au bout de trois mois ne marchait plus de la m\u00eame fa\u00e7on. Pour les acteurs cela a une importance \u00e9norme, parce qu&rsquo;ils peuvent arriver \u00e0 une ma\u00eetrise de leurs mouvements qui leur permet de s&rsquo;adapter au personnage qu&rsquo;ils jouent et de ne pas \u00ab jouer faux\u00a0\u00bb.<\/p>\n<p style=\"text-align: justify;\">\n<p style=\"text-align: justify;\">Alors, pour nous, il s&rsquo;agit d&rsquo;incarner notre personnage, c&rsquo;est-\u00e0-dire de savoir quoi faire pour \u00eatre v\u00e9ritablement nous-m\u00eames.<\/p>\n<p style=\"text-align: justify;\">\n<p style=\"text-align: justify;\">Une participante : Je crois que c&rsquo;est important, parce qu&rsquo;on vit \u00e0 c\u00f4t\u00e9 de son corps.<\/p>\n<p style=\"text-align: justify;\">\n<p style=\"text-align: justify;\">M. Monod-Herzen : C&rsquo;est tr\u00e8s juste et cela m&rsquo;a \u00e9t\u00e9 dit par des gens qui ne se sentaient pas bien dans leur corps. C&rsquo;est d\u00e9j\u00e0 une premi\u00e8re prise de conscience, ce sont des gens qui ne s&rsquo;acceptent pas. Il faut s&rsquo;accepter en bloc, avec ses qualit\u00e9s et ses d\u00e9fauts. Il ne faut pas \u00eatre ni trop humble, ni trop orgueilleux. Vous d\u00e9sirez parcourir un certain chemin, vous ne pouvez partir que de l&rsquo;endroit o\u00f9 vous \u00eates. Il ne s&rsquo;agit ni de se faire des illusions, ni de courir, il s&rsquo;agit de bien partir. Acceptez de vous prendre en main.<\/p>\n<p style=\"text-align: justify;\">\n<p style=\"text-align: justify;\">Nous avons un corps et une conscience et l\u00e0 nous allons nous heurter \u00e0 des malentendus. Lorsque j&rsquo;en ai parl\u00e9 en Inde, on m&rsquo;a dit : \u00ab C&rsquo;est bizarre que vous fassiez cette distinction, pourquoi les s\u00e9parez-vous ? Si vous enlevez la conscience, il ne reste qu&rsquo;un cadavre et la conscience, peut-elle subsister sans le corps ? Vous n&rsquo;\u00eates un \u00eatre humain que si les deux sont r\u00e9unis\u00a0\u00bb. Et mon interlocuteur ajouta : \u00ab Moi, monsieur, j&rsquo;ai besoin d&rsquo;une canne pour avancer. Ma canne, c&rsquo;est un b\u00e2ton, il a une poign\u00e9e pour ma main et une pointe en bas pour qu&rsquo;il ne glisse pas. Si je s\u00e9pare la poign\u00e9e de la pointe, je n&rsquo;ai plus de canne du tout ! \u00bb<\/p>\n<p style=\"text-align: justify;\">\n<p style=\"text-align: justify;\">Le probl\u00e8me, c&rsquo;est en grande partie le lien qu&rsquo;il y a entre les deux. En Europe, tout le monde croit penser avec sa t\u00eate. \u00ab Mais, me dit un Indien, que devient la pens\u00e9e de votre t\u00eate si je vous donne un grand coup sur votre pied ou si vous avez bu une ou deux bonnes bouteilles de vin ?<\/p>\n<p style=\"text-align: justify;\">\n<p style=\"text-align: justify;\">En Europe encore, on pense que l&rsquo;on sent avec son c\u0153ur. Mais tous les hommes ne sont pas faits comme cela. Toute une s\u00e9rie de gens parfaitement intelligents et cultiv\u00e9s vous diront : \u00ab Nous savons tr\u00e8s bien qu&rsquo;au point de vue affectif c&rsquo;est l&rsquo;ensemble du corps qui entre en jeu, mais il y a encore autre chose&#8230; \u00bb.<\/p>\n<p style=\"text-align: justify;\">\n<p style=\"text-align: justify;\">Je vous disais tout \u00e0 l&rsquo;heure qu&rsquo;il y avait une continuit\u00e9 dans notre corps physique, que nous ne sommes jamais que le dernier \u00e9chelon d&rsquo;une s\u00e9rie d&rsquo;\u00eatres humains f\u00e9minins. Il n&rsquo;y a aucune raison pour consid\u00e9rer la conscience comme totalement diff\u00e9rente de notre corps. Pourquoi ne pas penser qu&rsquo;elle aussi provient de quelque chose de m\u00eame nature qu&rsquo;elle ? C&rsquo;est-\u00e0-dire d&rsquo;une autre conscience ? Il y aurait une lign\u00e9e de consciences, comme il y a une lign\u00e9e de corps et le contact entre les deux fait une personne incarn\u00e9e.<\/p>\n<p style=\"text-align: justify;\">\n<p style=\"text-align: justify;\">Tout le monde sait que le corps n&rsquo;est pas permanent, mais la lign\u00e9e de consciences continue qui va trouver un autre corps qui va \u00eatre une continuation de son exp\u00e9rience dans ce domaine mat\u00e9riel. De m\u00eame que le corps a une h\u00e9r\u00e9dit\u00e9 physiologique, la conscience a une h\u00e9r\u00e9dit\u00e9 psychologique. Les deux sont li\u00e9s dans une personnalit\u00e9, mais n\u00e9anmoins elles sont diff\u00e9rentes. Nous n&rsquo;avons pas conscience de notre h\u00e9r\u00e9dit\u00e9 psychologique.<\/p>\n<p style=\"text-align: justify;\">\n<p style=\"text-align: justify;\">Vous avez une famille avec laquelle vous avez des liens physiques. Mais vous avez aussi une famille psychique, vos amis, vos ennemis aussi, vos sympathies ou antipathies spontan\u00e9es. Notre action d\u00e9passe la peau et psychologiquement, savez-vous quelle est l&rsquo;influence que vous pouvez avoir autour de vous, m\u00eame en parlant tr\u00e8s peu ? Il y a des \u00eatres avec lesquels on \u00e9prouve un sentiment d&rsquo;amiti\u00e9, auxquels on peut tout dire sans aucune barri\u00e8re.<\/p>\n<p style=\"text-align: justify;\">\n<p style=\"text-align: justify;\">Question : A-t-on, vis-\u00e0-vis des membres de sa famille physique, des devoirs, m\u00eame si on n&rsquo;est pas d&rsquo;accord avec eux ?<\/p>\n<p style=\"text-align: justify;\">\n<p style=\"text-align: justify;\">R\u00e9ponse : Je ne crois pas au catalogue tout fait de devoirs. Si chacun de nous a un but r\u00e9el d&rsquo;avancer si peu que ce soit sur ce chemin-l\u00e0, vous devez simplement \u00eatre disponibles vis-\u00e0-vis de ceux qui entrent en contact avec vous. Quand ils vous demandent quelque chose, faites ce dont ils ont besoin. Mais il y a des choses qui socialement ne sont pas \u00e0 faire, parce qu&rsquo;elles constituent des emp\u00eachements pour les autres. Il faut \u00eatre disponible pour donner \u00e0 chacun la possibilit\u00e9 de trouver aupr\u00e8s de vous ce que vous \u00eates capable de donner.<\/p>\n<p style=\"text-align: justify;\">\n<p style=\"text-align: justify;\">Nos obstacles viennent de nos souvenirs d&rsquo;exp\u00e9riences pass\u00e9es qui font que nous nous pr\u00e9cipitons pour faire quelque chose qui correspond \u00e0 un plaisir imaginaire ou, au contraire, \u00e0 nous pousser \u00e0 ne pas agir, parce que cela rel\u00e8ve d&rsquo;un souvenir d\u00e9sagr\u00e9able. Ce n&rsquo;est pas alors le Moi qui agit, nous sommes pouss\u00e9s. Ce sont ces fameuses impulsions qui viennent naturellement du corps. C&rsquo;est \u00e0 vous de chercher ce qui peut vous faire du mal ou du bien. Ce n&rsquo;est que maintenant que vous pouvez choisir car le pass\u00e9 est pass\u00e9 et l&rsquo;avenir n&rsquo;est pas encore l\u00e0. Les deux sont illusoires. Il faut se lib\u00e9rer et ne pas renier le pass\u00e9, il faut l&rsquo;accepter de m\u00eame que nos aspirations d&rsquo;avenir, mais ne pas aider les impulsions qui en viennent. Dans la vie, il y a des choses qui ne sont pas des devoirs, mais des choix. Il ne faut pas craindre de se tromper. Une exp\u00e9rience qui est r\u00e9ussie ne fait que confirmer ce que vous savez. Mais une exp\u00e9rience qui rate vous montre qu&rsquo;il y a quelque chose \u00e0 quoi vous n&rsquo;aviez pas pens\u00e9. Par cons\u00e9quent il y a quelque chose de neuf que vous allez pouvoir trouver.<\/p>\n<p style=\"text-align: justify;\">\n<p style=\"text-align: justify;\">Question : Quand vous parlez de lign\u00e9es de consciences, ces lign\u00e9es sont-elles des plans de conscience ?<\/p>\n<p style=\"text-align: justify;\">\n<p style=\"text-align: justify;\">M. Monod-Herzen : Non. Disons que ce qui est conscient poss\u00e8de les \u00e9l\u00e9ments dont nous venons de parler. Et puis il y a une partie permanente qui est cens\u00e9e avoir sa propre h\u00e9r\u00e9dit\u00e9, c&rsquo;est-\u00e0-dire de provenir d&rsquo;un autre noyau dont il est la suite. Nous avons en nous, si je puis dire, des fragments de pens\u00e9es, de sentiments, de tendances qui se retrouvent dans d&rsquo;autres \u00eatres qui ne sont pas nos parents, et qui sont tout \u00e0 fait frappants. Ils proviennent de notre h\u00e9r\u00e9dit\u00e9 psychique.<\/p>\n<p style=\"text-align: justify;\">\n<p style=\"text-align: justify;\">R\u00e9ponse \u00e0 une question : La conscience n&rsquo;est pas quelque chose de mat\u00e9riel, pas plus que la chaleur, mais elle n&rsquo;en existe pas moins. Vous n&rsquo;avez pas chaud parce que vous avez telle ou telle forme, mais la chaleur existe. Il en est de m\u00eame pour la conscience.<\/p>\n<p style=\"text-align: justify;\">\n<p style=\"text-align: justify;\">Le participant : On a quand m\u00eame la sensation de chaleur.<\/p>\n<p style=\"text-align: justify;\">\n<p style=\"text-align: justify;\">M. Monod-Herzen : N&rsquo;avez-vous pas de sensation de prise de conscience ?<\/p>\n<p style=\"text-align: justify;\">\n<p style=\"text-align: justify;\">Le participant : Il y a le Moi, il y a le Soi. Alors, qu&rsquo;est-ce que cette conscience, sinon la relation entre le Moi et le Soi ?<\/p>\n<p style=\"text-align: justify;\">\n<p style=\"text-align: justify;\">M. Monod-Herzen : Mais non, il n&rsquo;y a pas la conscience, elle n&rsquo;est pas s\u00e9par\u00e9e du reste. Vous n&rsquo;existez qu&rsquo;en tant que corps conscient. On peut \u00eatre conscient sans \u00eatre conscient de quelque chose, ceci est une autre question. Dans la m\u00e9ditation, c&rsquo;est une exp\u00e9rience qui est tout \u00e0 fait connue. Vous pouvez arriver \u00e0 arr\u00eater toute esp\u00e8ce de pens\u00e9e et rester profond\u00e9ment conscient. Vous avez alors, si vous voulez, l&rsquo;impression d&rsquo;\u00eatre comme un soleil rayonnant, mais sans rien. Il n&rsquo;y a pas de mouvement, il n&rsquo;y a rien.<\/p>\n<p style=\"text-align: justify;\">\n<p style=\"text-align: justify;\">Le participant : Ce soleil rayonnant est-il l&rsquo;\u00eatre ou la conscience ?<\/p>\n<p style=\"text-align: justify;\">\n<p style=\"text-align: justify;\">M. Monod-Herzen : C&rsquo;est votre conscience, elle ne se situe nulle part, elle fait partie de votre \u00eatre tout entier. Tout ce que vous pouvez faire, c&rsquo;est de diriger son attention vers un certain domaine et oublier les autres. C&rsquo;est ce qui permet la concentration et ensuite la m\u00e9ditation.<\/p>\n<p style=\"text-align: justify;\">\n<p style=\"text-align: justify;\">Question : Qu&rsquo;est-ce que le Soi ?<\/p>\n<p style=\"text-align: justify;\">\n<p style=\"text-align: justify;\">M. Monod-Herzen : Le Soi, c&rsquo;est la partie int\u00e9rieure beaucoup plus grande et beaucoup plus spirituelle par rapport au Moi qui n&rsquo;en est qu&rsquo;une image.<\/p>\n<p style=\"text-align: justify;\">\n<p style=\"text-align: justify;\">Le participant : Cette conscience n&rsquo;est donc pas un \u00e9l\u00e9ment spirituel ?<\/p>\n<p style=\"text-align: justify;\">\n<p style=\"text-align: justify;\">M. Monod-Herzen : Ce n&rsquo;est pas un objet, c&rsquo;est un \u00e9tat.<\/p>\n<p style=\"text-align: justify;\">\n<p style=\"text-align: justify;\">Le participant : L&rsquo;\u00e2me fait-elle partie de la conscience ?<\/p>\n<p style=\"text-align: justify;\">\n<p style=\"text-align: justify;\">M. Monod-Herzen : Laissons l&rsquo;\u00e2me de c\u00f4t\u00e9 ! On est conscient, c&rsquo;est un fait. Vous me demandez une th\u00e9orie, la pratique est bien plus simple que cela. Vous \u00eates conscient, je suis conscient, nous sommes conscients tous les deux, un point c&rsquo;est tout. Et cette conscience a certaines possibilit\u00e9s dont la principale est de se diriger par l&rsquo;attention d&rsquo;un certain c\u00f4t\u00e9, c&rsquo;est-\u00e0-dire que nous pouvons concentrer notre conscience sur un certain sujet et oublier le reste. Donc c&rsquo;est quelque chose qui est mobile et sur lequel nous avons une prise, ce qui prouve qu&rsquo;il y a en vous un \u00e9l\u00e9ment qui est capable de ma\u00eetriser le reste. C&rsquo;est tr\u00e8s important, car cet \u00e9l\u00e9ment est permanent et peut ma\u00eetriser les parties de conscience qui ne le sont pas et qui sont li\u00e9es \u00e0 notre corps, \u00e0 notre personnalit\u00e9. Et n&rsquo;oublions pas qu&rsquo;il y a un inconscient et un subconscient.<\/p>\n<p style=\"text-align: justify;\">\n<p style=\"text-align: justify;\">La conscience se pr\u00e9sente \u00e0 nous comme une lumi\u00e8re qui \u00e9claire plus ou moins profond\u00e9ment ce qui est notre personnalit\u00e9 qui, elle, d\u00e9pend de notre nature. Pour les Indiens et les Chinois, toute la personnalit\u00e9, c&rsquo;est-\u00e0-dire les sentiments et les pens\u00e9es, sans \u00eatre mat\u00e9riels comme le corps, font partie d&rsquo;un ensemble naturel auquel participent les animaux et les v\u00e9g\u00e9taux. Nous ne savons pas tr\u00e8s bien comment, mais il y a quelque chose et il n&rsquo;y a aucune raison de faire une s\u00e9paration.<\/p>\n<p style=\"text-align: justify;\">\n<p style=\"text-align: justify;\">Le participant : L&rsquo;\u00eatre spirituel est-il diff\u00e9rent de la conscience ou les deux sont-ils la m\u00eame chose ?<\/p>\n<p style=\"text-align: justify;\">\n<p style=\"text-align: justify;\">M. Monod-Herzen : La conscience existe en tant que lumi\u00e8re provenant de ce que vous appelez l&rsquo;\u00eatre spirituel et dont je n&rsquo;ai pas parl\u00e9. Voulez-vous me d\u00e9finir le mot spirituel ?<\/p>\n<p style=\"text-align: justify;\">\n<p style=\"text-align: justify;\">Le participant : La v\u00e9ritable d\u00e9finition, c&rsquo;est une exp\u00e9rience de sa propre conscience, sinon on ne peut pas le d\u00e9finir.<\/p>\n<p style=\"text-align: justify;\">\n<p style=\"text-align: justify;\">M. Monod-Herzen : On peut tout de m\u00eame le d\u00e9finir plus que cela. Le domaine spirituel qui peut \u00eatre conscient est celui qui d\u00e9passe notre niveau mental. Quand le domaine spirituel se manifeste en nous, nous l&rsquo;appelons \u00ab intuition \u00bb, c&rsquo;est-\u00e0-dire la perception d&rsquo;une v\u00e9rit\u00e9 qui ne vient pas d&rsquo;un raisonnement. Le mental ne d\u00e9couvre pas la v\u00e9rit\u00e9, il l&rsquo;exprime. La d\u00e9couverte se fait par intuition, parce que la v\u00e9rit\u00e9 est un \u00e9tat de ce que vous appelez le domaine spirituel. Le mental est un merveilleux instrument, mais aussi un terrible obstacle !<\/p>\n<p style=\"text-align: justify;\">\n","protected":false},"excerpt":{"rendered":"<p>On demanda \u00e0 Sri Aurobindo : \u00ab Avez-vous suffisamment de bons disciples ? \u00bb A quoi il a r\u00e9pondu : \u00ab Je n&rsquo;en sais rien ! Il y a des gens qui \u00e9chouent dix fois et qui r\u00e9ussissent la onzi\u00e8me fois et il y en a qui font des merveilles dix fois et qui \u00e9chouent \u00e0 la onzi\u00e8me \u00bb. Ce qui signifie que chacun a des difficult\u00e9s qui ont \u00e0 peu pr\u00e8s pour chacun de nous la m\u00eame valeur, mais qu&rsquo;on ne peut pas comparer les unes aux autres. Il ne faut pas se d\u00e9pr\u00e9cier, se d\u00e9courager. On ne peut pas demander \u00e0 une personne de ressembler \u00e0 une autre et de suivre le m\u00eame chemin.<\/p>\n","protected":false},"author":1,"featured_media":0,"comment_status":"closed","ping_status":"closed","sticky":false,"template":"","format":"standard","meta":{"footnotes":""},"categories":[68],"tags":[1351,37,147],"class_list":["post-2962","post","type-post","status-publish","format-standard","hentry","category-g-monod-herzen","tag-aurobindo","tag-conscience","tag-travail-sur-soi"],"yoast_head":"<!-- This site is optimized with the Yoast SEO plugin v27.0 - https:\/\/yoast.com\/product\/yoast-seo-wordpress\/ -->\n<title>Commencer sur le chemin par Gabriel Monod-Herzen - 3e mill\u00e9naire - Spiritualit\u00e9 - Connaissance de soi - Non-dualit\u00e9 - M\u00e9ditation<\/title>\n<meta name=\"robots\" content=\"index, follow, max-snippet:-1, max-image-preview:large, max-video-preview:-1\" \/>\n<link rel=\"canonical\" href=\"https:\/\/www.revue3emillenaire.com\/blog\/commencer-sur-le-chemin-par-gabriel-monod-herzen\/\" \/>\n<meta property=\"og:locale\" content=\"fr_FR\" \/>\n<meta property=\"og:type\" content=\"article\" \/>\n<meta property=\"og:title\" content=\"Commencer sur le chemin par Gabriel Monod-Herzen - 3e mill\u00e9naire - Spiritualit\u00e9 - Connaissance de soi - Non-dualit\u00e9 - M\u00e9ditation\" \/>\n<meta property=\"og:description\" content=\"On demanda \u00e0 Sri Aurobindo : \u00ab Avez-vous suffisamment de bons disciples ? \u00bb A quoi il a r\u00e9pondu : \u00ab Je n&#039;en sais rien ! Il y a des gens qui \u00e9chouent dix fois et qui r\u00e9ussissent la onzi\u00e8me fois et il y en a qui font des merveilles dix fois et qui \u00e9chouent \u00e0 la onzi\u00e8me \u00bb. Ce qui signifie que chacun a des difficult\u00e9s qui ont \u00e0 peu pr\u00e8s pour chacun de nous la m\u00eame valeur, mais qu&#039;on ne peut pas comparer les unes aux autres. Il ne faut pas se d\u00e9pr\u00e9cier, se d\u00e9courager. On ne peut pas demander \u00e0 une personne de ressembler \u00e0 une autre et de suivre le m\u00eame chemin.\" \/>\n<meta property=\"og:url\" content=\"https:\/\/www.revue3emillenaire.com\/blog\/commencer-sur-le-chemin-par-gabriel-monod-herzen\/\" \/>\n<meta property=\"og:site_name\" content=\"3e mill\u00e9naire - Spiritualit\u00e9 - Connaissance de soi - Non-dualit\u00e9 - M\u00e9ditation\" \/>\n<meta property=\"article:published_time\" content=\"2010-03-22T14:32:13+00:00\" \/>\n<meta name=\"author\" content=\"3e mill\u00e9naire\" \/>\n<meta name=\"twitter:card\" content=\"summary_large_image\" \/>\n<meta name=\"twitter:label1\" content=\"\u00c9crit par\" \/>\n\t<meta name=\"twitter:data1\" content=\"3e mill\u00e9naire\" \/>\n\t<meta name=\"twitter:label2\" content=\"Dur\u00e9e de lecture estim\u00e9e\" \/>\n\t<meta name=\"twitter:data2\" content=\"15 minutes\" \/>\n<script type=\"application\/ld+json\" class=\"yoast-schema-graph\">{\"@context\":\"https:\/\/schema.org\",\"@graph\":[{\"@type\":\"Article\",\"@id\":\"https:\/\/www.revue3emillenaire.com\/blog\/commencer-sur-le-chemin-par-gabriel-monod-herzen\/#article\",\"isPartOf\":{\"@id\":\"https:\/\/www.revue3emillenaire.com\/blog\/commencer-sur-le-chemin-par-gabriel-monod-herzen\/\"},\"author\":{\"name\":\"3e mill\u00e9naire\",\"@id\":\"https:\/\/www.revue3emillenaire.com\/blog\/#\/schema\/person\/9a3a7cc4ccaa707f402d4394327106d5\"},\"headline\":\"Commencer sur le chemin par Gabriel Monod-Herzen\",\"datePublished\":\"2010-03-22T14:32:13+00:00\",\"mainEntityOfPage\":{\"@id\":\"https:\/\/www.revue3emillenaire.com\/blog\/commencer-sur-le-chemin-par-gabriel-monod-herzen\/\"},\"wordCount\":3057,\"keywords\":[\"Aurobindo\",\"Conscience\",\"Travail sur soi\"],\"articleSection\":[\"Monod-Herzen Gabriel\"],\"inLanguage\":\"fr-FR\"},{\"@type\":\"WebPage\",\"@id\":\"https:\/\/www.revue3emillenaire.com\/blog\/commencer-sur-le-chemin-par-gabriel-monod-herzen\/\",\"url\":\"https:\/\/www.revue3emillenaire.com\/blog\/commencer-sur-le-chemin-par-gabriel-monod-herzen\/\",\"name\":\"Commencer sur le chemin par Gabriel Monod-Herzen - 3e mill\u00e9naire - Spiritualit\u00e9 - Connaissance de soi - Non-dualit\u00e9 - M\u00e9ditation\",\"isPartOf\":{\"@id\":\"https:\/\/www.revue3emillenaire.com\/blog\/#website\"},\"datePublished\":\"2010-03-22T14:32:13+00:00\",\"author\":{\"@id\":\"https:\/\/www.revue3emillenaire.com\/blog\/#\/schema\/person\/9a3a7cc4ccaa707f402d4394327106d5\"},\"breadcrumb\":{\"@id\":\"https:\/\/www.revue3emillenaire.com\/blog\/commencer-sur-le-chemin-par-gabriel-monod-herzen\/#breadcrumb\"},\"inLanguage\":\"fr-FR\",\"potentialAction\":[{\"@type\":\"ReadAction\",\"target\":[\"https:\/\/www.revue3emillenaire.com\/blog\/commencer-sur-le-chemin-par-gabriel-monod-herzen\/\"]}]},{\"@type\":\"BreadcrumbList\",\"@id\":\"https:\/\/www.revue3emillenaire.com\/blog\/commencer-sur-le-chemin-par-gabriel-monod-herzen\/#breadcrumb\",\"itemListElement\":[{\"@type\":\"ListItem\",\"position\":1,\"name\":\"Accueil\",\"item\":\"https:\/\/www.revue3emillenaire.com\/blog\/\"},{\"@type\":\"ListItem\",\"position\":2,\"name\":\"Commencer sur le chemin par Gabriel Monod-Herzen\"}]},{\"@type\":\"WebSite\",\"@id\":\"https:\/\/www.revue3emillenaire.com\/blog\/#website\",\"url\":\"https:\/\/www.revue3emillenaire.com\/blog\/\",\"name\":\"3e mill\u00e9naire - Spiritualit\u00e9 - Connaissance de soi - Non-dualit\u00e9 - M\u00e9ditation\",\"description\":\"L&#039;Homme en devenir\",\"potentialAction\":[{\"@type\":\"SearchAction\",\"target\":{\"@type\":\"EntryPoint\",\"urlTemplate\":\"https:\/\/www.revue3emillenaire.com\/blog\/?s={search_term_string}\"},\"query-input\":{\"@type\":\"PropertyValueSpecification\",\"valueRequired\":true,\"valueName\":\"search_term_string\"}}],\"inLanguage\":\"fr-FR\"},{\"@type\":\"Person\",\"@id\":\"https:\/\/www.revue3emillenaire.com\/blog\/#\/schema\/person\/9a3a7cc4ccaa707f402d4394327106d5\",\"name\":\"3e mill\u00e9naire\",\"url\":\"https:\/\/www.revue3emillenaire.com\/blog\/author\/admin\/\"}]}<\/script>\n<!-- \/ Yoast SEO plugin. -->","yoast_head_json":{"title":"Commencer sur le chemin par Gabriel Monod-Herzen - 3e mill\u00e9naire - Spiritualit\u00e9 - Connaissance de soi - Non-dualit\u00e9 - M\u00e9ditation","robots":{"index":"index","follow":"follow","max-snippet":"max-snippet:-1","max-image-preview":"max-image-preview:large","max-video-preview":"max-video-preview:-1"},"canonical":"https:\/\/www.revue3emillenaire.com\/blog\/commencer-sur-le-chemin-par-gabriel-monod-herzen\/","og_locale":"fr_FR","og_type":"article","og_title":"Commencer sur le chemin par Gabriel Monod-Herzen - 3e mill\u00e9naire - Spiritualit\u00e9 - Connaissance de soi - Non-dualit\u00e9 - M\u00e9ditation","og_description":"On demanda \u00e0 Sri Aurobindo : \u00ab Avez-vous suffisamment de bons disciples ? \u00bb A quoi il a r\u00e9pondu : \u00ab Je n'en sais rien ! Il y a des gens qui \u00e9chouent dix fois et qui r\u00e9ussissent la onzi\u00e8me fois et il y en a qui font des merveilles dix fois et qui \u00e9chouent \u00e0 la onzi\u00e8me \u00bb. Ce qui signifie que chacun a des difficult\u00e9s qui ont \u00e0 peu pr\u00e8s pour chacun de nous la m\u00eame valeur, mais qu'on ne peut pas comparer les unes aux autres. Il ne faut pas se d\u00e9pr\u00e9cier, se d\u00e9courager. On ne peut pas demander \u00e0 une personne de ressembler \u00e0 une autre et de suivre le m\u00eame chemin.","og_url":"https:\/\/www.revue3emillenaire.com\/blog\/commencer-sur-le-chemin-par-gabriel-monod-herzen\/","og_site_name":"3e mill\u00e9naire - Spiritualit\u00e9 - Connaissance de soi - Non-dualit\u00e9 - M\u00e9ditation","article_published_time":"2010-03-22T14:32:13+00:00","author":"3e mill\u00e9naire","twitter_card":"summary_large_image","twitter_misc":{"\u00c9crit par":"3e mill\u00e9naire","Dur\u00e9e de lecture estim\u00e9e":"15 minutes"},"schema":{"@context":"https:\/\/schema.org","@graph":[{"@type":"Article","@id":"https:\/\/www.revue3emillenaire.com\/blog\/commencer-sur-le-chemin-par-gabriel-monod-herzen\/#article","isPartOf":{"@id":"https:\/\/www.revue3emillenaire.com\/blog\/commencer-sur-le-chemin-par-gabriel-monod-herzen\/"},"author":{"name":"3e mill\u00e9naire","@id":"https:\/\/www.revue3emillenaire.com\/blog\/#\/schema\/person\/9a3a7cc4ccaa707f402d4394327106d5"},"headline":"Commencer sur le chemin par Gabriel Monod-Herzen","datePublished":"2010-03-22T14:32:13+00:00","mainEntityOfPage":{"@id":"https:\/\/www.revue3emillenaire.com\/blog\/commencer-sur-le-chemin-par-gabriel-monod-herzen\/"},"wordCount":3057,"keywords":["Aurobindo","Conscience","Travail sur soi"],"articleSection":["Monod-Herzen Gabriel"],"inLanguage":"fr-FR"},{"@type":"WebPage","@id":"https:\/\/www.revue3emillenaire.com\/blog\/commencer-sur-le-chemin-par-gabriel-monod-herzen\/","url":"https:\/\/www.revue3emillenaire.com\/blog\/commencer-sur-le-chemin-par-gabriel-monod-herzen\/","name":"Commencer sur le chemin par Gabriel Monod-Herzen - 3e mill\u00e9naire - Spiritualit\u00e9 - Connaissance de soi - Non-dualit\u00e9 - M\u00e9ditation","isPartOf":{"@id":"https:\/\/www.revue3emillenaire.com\/blog\/#website"},"datePublished":"2010-03-22T14:32:13+00:00","author":{"@id":"https:\/\/www.revue3emillenaire.com\/blog\/#\/schema\/person\/9a3a7cc4ccaa707f402d4394327106d5"},"breadcrumb":{"@id":"https:\/\/www.revue3emillenaire.com\/blog\/commencer-sur-le-chemin-par-gabriel-monod-herzen\/#breadcrumb"},"inLanguage":"fr-FR","potentialAction":[{"@type":"ReadAction","target":["https:\/\/www.revue3emillenaire.com\/blog\/commencer-sur-le-chemin-par-gabriel-monod-herzen\/"]}]},{"@type":"BreadcrumbList","@id":"https:\/\/www.revue3emillenaire.com\/blog\/commencer-sur-le-chemin-par-gabriel-monod-herzen\/#breadcrumb","itemListElement":[{"@type":"ListItem","position":1,"name":"Accueil","item":"https:\/\/www.revue3emillenaire.com\/blog\/"},{"@type":"ListItem","position":2,"name":"Commencer sur le chemin par Gabriel Monod-Herzen"}]},{"@type":"WebSite","@id":"https:\/\/www.revue3emillenaire.com\/blog\/#website","url":"https:\/\/www.revue3emillenaire.com\/blog\/","name":"3e mill\u00e9naire - Spiritualit\u00e9 - Connaissance de soi - Non-dualit\u00e9 - M\u00e9ditation","description":"L&#039;Homme en devenir","potentialAction":[{"@type":"SearchAction","target":{"@type":"EntryPoint","urlTemplate":"https:\/\/www.revue3emillenaire.com\/blog\/?s={search_term_string}"},"query-input":{"@type":"PropertyValueSpecification","valueRequired":true,"valueName":"search_term_string"}}],"inLanguage":"fr-FR"},{"@type":"Person","@id":"https:\/\/www.revue3emillenaire.com\/blog\/#\/schema\/person\/9a3a7cc4ccaa707f402d4394327106d5","name":"3e mill\u00e9naire","url":"https:\/\/www.revue3emillenaire.com\/blog\/author\/admin\/"}]}},"_links":{"self":[{"href":"https:\/\/www.revue3emillenaire.com\/blog\/wp-json\/wp\/v2\/posts\/2962","targetHints":{"allow":["GET"]}}],"collection":[{"href":"https:\/\/www.revue3emillenaire.com\/blog\/wp-json\/wp\/v2\/posts"}],"about":[{"href":"https:\/\/www.revue3emillenaire.com\/blog\/wp-json\/wp\/v2\/types\/post"}],"author":[{"embeddable":true,"href":"https:\/\/www.revue3emillenaire.com\/blog\/wp-json\/wp\/v2\/users\/1"}],"replies":[{"embeddable":true,"href":"https:\/\/www.revue3emillenaire.com\/blog\/wp-json\/wp\/v2\/comments?post=2962"}],"version-history":[{"count":0,"href":"https:\/\/www.revue3emillenaire.com\/blog\/wp-json\/wp\/v2\/posts\/2962\/revisions"}],"wp:attachment":[{"href":"https:\/\/www.revue3emillenaire.com\/blog\/wp-json\/wp\/v2\/media?parent=2962"}],"wp:term":[{"taxonomy":"category","embeddable":true,"href":"https:\/\/www.revue3emillenaire.com\/blog\/wp-json\/wp\/v2\/categories?post=2962"},{"taxonomy":"post_tag","embeddable":true,"href":"https:\/\/www.revue3emillenaire.com\/blog\/wp-json\/wp\/v2\/tags?post=2962"}],"curies":[{"name":"wp","href":"https:\/\/api.w.org\/{rel}","templated":true}]}}