{"id":2965,"date":"2010-03-22T15:40:59","date_gmt":"2010-03-22T14:40:59","guid":{"rendered":"http:\/\/www.revue3emillenaire.com\/blog\/?p=2965"},"modified":"2011-10-08T13:50:21","modified_gmt":"2011-10-08T12:50:21","slug":"thoreau-les-arbres-et-nous-par-micheline-flak","status":"publish","type":"post","link":"https:\/\/www.revue3emillenaire.com\/blog\/thoreau-les-arbres-et-nous-par-micheline-flak\/","title":{"rendered":"Thoreau, les arbres et nous par Micheline Flak"},"content":{"rendered":"<p style=\"text-align: justify;\">(Revue \u00c9nergie Vitale. No 6. Mai-Juin 1981)<\/p>\n<p style=\"text-align: justify;\">\n<p style=\"text-align: justify;\"><em>On parle beaucoup actuellement de \u00ab conscience \u00e9cologique \u00bb. L&rsquo;expression peut para\u00eetre compliqu\u00e9e pour un sentiment vieux comme le monde, un sentiment que nous avons peut-\u00eatre \u00e0 r\u00e9apprendre des sages, des enfants et des po\u00e8tes. L&rsquo;\u00e9cologie est toute contenue en eux comme le ch\u00eane est contenu dans le gland.<\/em><\/p>\n<p style=\"text-align: justify;\">\n<p style=\"text-align: justify;\">Les termes d&rsquo;\u00e9cologie et d&rsquo;environnement n&rsquo;existaient pas encore au temps o\u00f9 Ralph Walde Emerson et Henry David Thoreau, voici un peu plus de 150 ans, vivaient en voisins au village de Concord, au Massachussetts, pr\u00e8s de Boston. Pourtant, dans une histoire qui retracerait les origines de la conscience \u00e9cologique, il faudrait faire la part du lion \u00e0 la pens\u00e9e des \u00ab transcendentalistes \u00bb am\u00e9ricains qui ont, les premiers, lanc\u00e9 l&rsquo;id\u00e9e de pr\u00e9server la nature. Thoreau, en particulier, a \u00e9crit: \u00ab C&rsquo;est dans la nature sauvage qu&rsquo;est la sauvegarde du monde \u00bb. Cette phrase sert aujourd&rsquo;hui de devise aux parcs nationaux des \u00c9tats-Unis.<\/p>\n<p style=\"text-align: justify;\">\n<p style=\"text-align: justify;\">Emerson et Thoreau nous int\u00e9ressent \u00e0 un autre titre. Ils ont \u00e9t\u00e9 en plein milieu du XIX<sup>\u00e8me<\/sup> si\u00e8cle, parmi les premiers \u00e0 d\u00e9couvrir les \u00e9critures sacr\u00e9es de l&rsquo;Orient : Zoroastre, Lao-Tseu, Confucius, la Bhagavad G\u00eeta, et \u00e0 les mettre en relation avec notre pens\u00e9e occidentale.<\/p>\n<p style=\"text-align: justify;\">\n<p style=\"text-align: justify;\">Lorsqu&rsquo;il part faire une retraite de deux ans dans les bois de Walden, Thoreau emporte avec lui deux livres : Hom\u00e8re et la Bhagavad G\u00eeta. L\u00e0, au bord du c\u00e9l\u00e8bre \u00e9tang, il pratiquait le yoga, et nous avons dans Walden, le premier \u00e9cho de la r\u00e9surgence de l&rsquo;antique science dans les temps modernes.<\/p>\n<p style=\"text-align: justify;\">\n<p style=\"text-align: justify;\">La pr\u00e9occupation essentielle de Thoreau \u00e9tait de se mettre en r\u00e9sonance avec la vie universelle. Cette pl\u00e9nitude, il t\u00e2chait de l&rsquo;apprendre au jour le jour, au contact des mille et une rencontres des bois, des champs, des cours d&rsquo;eau, et des gens simples de son entourage imm\u00e9diat. Le Journal, immense r\u00e9servoir d&rsquo;o\u00f9 est sortie toute l&rsquo;\u0153uvre, t\u00e9moigne de son effort incessant pour faire de lui l&rsquo;instrument parfait, le \u00ab Stradivarius \u00bb o\u00f9 puissent se jouer les harmonies du monde. Le passage suivant est in\u00e9dit en fran\u00e7ais. Je l&rsquo;ai traduit \u00e0 l&rsquo;intention des lecteurs d&rsquo;\u00c9nergie Vitale pour que nous reconnaissions en Thoreau l&rsquo;un des Ma\u00eetres vers qui l&rsquo;Occident puisse se tourner pour apprendre \u00e0 cultiver une conscience nouvelle. Chaque fois qu&rsquo;il prend la plume, Thoreau nous parle de son exp\u00e9rience, mais son exp\u00e9rience, si nous sommes attentifs, ce peut \u00eatre la n\u00f4tre. Nous sommes face \u00e0 face avec un \u00eatre humain plus clairvoyant et sensible que la plupart de ses contemporains. Et cet homme qui travaille \u00e0 son progr\u00e8s int\u00e9rieur d\u00e9tecte en lui le malaise r\u00e9v\u00e9lateur, malaise \u00e9lucid\u00e9 d&rsquo;o\u00f9 sortira, gr\u00e2ce \u00e0 cette attitude de t\u00e9moin, l&rsquo;intuition s\u00fbre de notre rapport avec la nature, de notre lien avec la vie du monde\u00a0:<\/p>\n<p style=\"text-align: justify;\">\n<p style=\"text-align: justify;\">\u00ab Voici venu le temps des ch\u00e2taignes ! Une pierre lanc\u00e9e contre un arbre le secoue et les fait pleuvoir sur la t\u00eate et sur les \u00e9paules ! Mais je ne puis trouver d&rsquo;excuse pour l&rsquo;usage d&rsquo;une pierre. Il n&rsquo;y a pas d&rsquo;innocence ni de justice \u00e0 maltraiter ainsi l&rsquo;arbre qui nous nourrit. Ce qui me trouble, ce n&rsquo;est pas la pens\u00e9e qu&rsquo;en abr\u00e9geant la vie de l&rsquo;arbre, je ne jouirai pas longtemps de ses fruits. Non, je suis pouss\u00e9 \u00e0 une pens\u00e9e plus honn\u00eate, par des motifs de pure humanit\u00e9. Je sympathise avec l&rsquo;arbre et voil\u00e0 que j&rsquo;ai lev\u00e9 une pierre \u00e0 son encontre, tel un voleur pas tout \u00e0 fait capable de commettre un meurtre. Je crois bien que je ne le ferai plus. Des offrandes comme les siennes devraient \u00eatre re\u00e7ues non seulement avec reconnaissance, mais aussi avec une bonne dose d&rsquo;humilit\u00e9. L&rsquo;arbre dont nous convoitons les fruits ne devrait pas \u00eatre soumis \u00e0 de trop rudes secousses. Nous ne sommes pas en un temps de disette qui justifierai un peu la h\u00e2te et aussi la violence. C&rsquo;est plus que grossier, c&rsquo;est criminel, d&rsquo;infliger une blessure inutile \u00e0 l&rsquo;arbre nourricier qui nous abrite de son ombrage. Les vieux arbres sont nos parents et qui sait? les parents de nos parents. Si l&rsquo;on a l&rsquo;intention de percer les myst\u00e8res de la nature, il faut montrer plus d&rsquo;humilit\u00e9 que le tout venant. La pens\u00e9e que je m&rsquo;appauvrissais moi-m\u00eame en blessant l&rsquo;arbre n&rsquo;affleura pas au niveau de ma conscience claire, mais j&rsquo;\u00e9tais remu\u00e9 comme si j&rsquo;avais jet\u00e9 la pierre sur une cr\u00e9ature sensible, dou\u00e9e de moins de sensibilit\u00e9 que moi, certes, mais pourtant reli\u00e9e \u00e0 moi de quelque fa\u00e7on. Que penser d&rsquo;un \u00eatre humain qui coupe un arbre pour lui prendre ses fruits ! Quel est le sens d&rsquo;un tel acte ?\u00a0\u00bb<\/p>\n<p style=\"text-align: justify;\">H.D. Thoreau, Journal, 23 octobre 1855 (traduction in\u00e9dite)<\/p>\n<p style=\"text-align: justify;\">\n<p style=\"text-align: justify;\">Depuis toujours les po\u00e8tes ont mis l&rsquo;accent sur les liens qui unissent notre \u00catre \u00e0 la Nature-M\u00e8re, la Prakriti : c&rsquo;est ainsi que la nomme le Samkya, texte qui sert de base th\u00e9orique au yoga tantrique. Dans la culture fran\u00e7aise, \u00e9coutons la voix de Nerval :<\/p>\n<p style=\"text-align: justify;\">\n<p style=\"text-align: justify;\"><em>\u00ab Homme, libre penseur, te crois-tu seul<\/em><\/p>\n<p style=\"text-align: justify;\"><em>pensant<\/em><\/p>\n<p style=\"text-align: justify;\"><em>Dans ce monde o\u00f9 la vie \u00e9clate en toute<\/em><\/p>\n<p style=\"text-align: justify;\"><em>chose ?<\/em><\/p>\n<p style=\"text-align: justify;\"><em>Des forces que tu tiens ta libert\u00e9 dispose<\/em><\/p>\n<p style=\"text-align: justify;\"><em>Mais de tous tes conseils, l&rsquo;univers\u00a0 est<\/em><\/p>\n<p style=\"text-align: justify;\"><em>absent.<\/em><\/p>\n<p style=\"text-align: justify;\"><em>Crains dans le mur aveugle, un regard<\/em><\/p>\n<p style=\"text-align: justify;\"><em>qui t&rsquo;\u00e9pie.<\/em><\/p>\n<p style=\"text-align: justify;\"><em>A la mati\u00e8re m\u00eame, un Verbe est attach\u00e9,<\/em><\/p>\n<p style=\"text-align: justify;\"><em>Ne la fais pas servir \u00e0 quelque sage<\/em><\/p>\n<p style=\"text-align: justify;\"><em>impie&#8230; \u00bb<\/em><\/p>\n<p style=\"text-align: justify;\"><em> <\/em><\/p>\n<p style=\"text-align: justify;\">Nous pourrions composer un floril\u00e8ge de beaux passages sur ce th\u00e8me. Mais \u00e0 quoi bon les anthologies, si elles ne servent qu&rsquo;\u00e0 d\u00e9corer notre culture? Il est dans le destin des po\u00e8tes d&rsquo;\u00eatre galvaud\u00e9s et leurs plus beaux chants ont trop souvent servi de fa\u00e7ade \u00e0 une civilisation fond\u00e9e, quoiqu&rsquo;elle pr\u00e9tende, sur l&rsquo;esprit de conqu\u00eate et non sur l&rsquo;esprit d&rsquo;amiti\u00e9.<\/p>\n<p style=\"text-align: justify;\">\n<p style=\"text-align: justify;\">Un jour d&rsquo;\u00e9t\u00e9, Thoreau se prom\u00e8ne \u00e0 travers la campagne et observe une famille, p\u00e8re, m\u00e8re et enfants, \u00e9quip\u00e9s de seaux, paniers et b\u00e2tons; charmante patrouille qui \u00e9cume les collines couvertes d&rsquo;airelles. Afin d&rsquo;aller plus vite en besogne, ces barbares avaient imagin\u00e9 d&rsquo;arracher les touffes, puis fouettent vigoureusement les tiges d\u00e9racin\u00e9es sur le rebord des seaux, ils recueillaient les fruits dans les paniers. Le rendement comme on dit aujourd&rsquo;hui, en \u00e9tait sensiblement am\u00e9lior\u00e9 ! On n&rsquo;aurait pas eu autant de baies si on les avait rassembl\u00e9es \u00e0 la cueillette une par une. Au prix d&rsquo;un saccage, on devenait riche en tartes et en confiture. Voire ! Comment qualifier une telle abondance?<\/p>\n<p style=\"text-align: justify;\">\n<p style=\"text-align: justify;\">Comment, sinon en constatant,\u00a0 un si\u00e8cle plus tard, que sur les collines \u00ab civilis\u00e9es \u00bb de la Nouvelle Angleterre, on ne voit plus personne cueillir des airelles sauvages pour une raison bien simple : c&rsquo;est qu&rsquo;elles n&rsquo;y poussent plus&#8230;<\/p>\n<p style=\"text-align: justify;\">\n<p style=\"text-align: justify;\">Ainsi en est-il de la d\u00e9figuration des paysages et de la disparition des espaces, de la menace sur la qualit\u00e9 de la vie quotidienne.<\/p>\n<p style=\"text-align: justify;\">\n<p style=\"text-align: justify;\">Ne pleurons plus sur l&rsquo;irr\u00e9m\u00e9diable. Seule une prise de conscience v\u00e9cue de notre appartenance \u00e0 notre M\u00e8re, la Terre, peut emp\u00eacher le pire : c&rsquo;est nous appauvrir nous-m\u00eames que de la maltraiter. D&rsquo;o\u00f9 la sourde culpabilit\u00e9 que Thoreau rep\u00e8re en lui et qui pourrait bien avoir une relation avec la d\u00e9pression et la morosit\u00e9 de l&rsquo;homme moderne. Le diagnostic que fait Thoreau nous invite \u00e0 redresser la barque : il suffirait d&rsquo;\u00e9prouver en soi tr\u00e8s fort \u2014 m\u00eame sans parole \u2014 une parent\u00e9 entre le cosmos et nous pour se sentir revivre. En tant qu&rsquo;humains, donc dou\u00e9s d&rsquo;une conscience, nous sommes ma\u00eetres d&rsquo;une sensibilit\u00e9 capable de s&rsquo;affiner et celle-ci modifiera alors notre mani\u00e8re de voir et d&rsquo;agir. Par la pratique du recueillement, de l&rsquo;attention au souffle, de la m\u00e9ditation, nous donnons une voix \u00e0 nos vrais besoins, \u00e0 notre communion avec la vie. Il est \u00e9tonnant de penser que cette d\u00e9marche qui nous r\u00e9g\u00e9n\u00e8re, commence tout simplement par de bonnes nouvelles. Il y a quelques ann\u00e9es, la presse \u00e0 grand tirage<a href=\"#_edn1\">[i]<\/a> nous alertait sur le fait que \u00ab les plantes pensent \u00bb. La science a son mot \u00e0 dire. Un technicien am\u00e9ricain, Cleve Backster, \u00ab le-plus-grand-sp\u00e9cialiste-am\u00e9ricain-des-machines-\u00e0-d\u00e9tecter-le-mensonge \u00bb (sic), avait plac\u00e9, pour voir, les \u00e9lectrodes de son galvanom\u00e8tre sur les feuilles d&rsquo;une plante verte qui se trouvait dans son bureau. Il fit alors un constat stup\u00e9fiant : la plante, un banal dracaena, r\u00e9agissait aux intentions de l&rsquo;exp\u00e9rimentateur<a href=\"#_edn2\">[ii]<\/a>. Un trac\u00e9 en tous points valable et analogue \u00e0 celui produit par un homme ou un animal affol\u00e9 s&rsquo;inscrivait sur le papier.<\/p>\n<p style=\"text-align: justify;\">\n<p style=\"text-align: justify;\">Les premiers rapports suscit\u00e8rent pas mal de controverses et de scepticisme. Mais les exp\u00e9riences r\u00e9p\u00e9t\u00e9es confirm\u00e8rent cette d\u00e9couverte.<\/p>\n<p style=\"text-align: justify;\">\n<p style=\"text-align: justify;\">Je vous conseille de raconter la chose \u00e0 des enfants : vous verrez leurs yeux briller et vous entendrez les questions fuser&#8230; Vous verrez par contre certains professeurs d&rsquo;histoire naturelle froncer le sourcil&#8230; Qu&rsquo;importe ! Maintenant nous savons que la vie est travers\u00e9e de conscience. Approfondissons notre enthousiasme surtout si nous avons la chance de le partager avec des enfants, des po\u00e8tes et des initi\u00e9s. Laissons le temps m\u00fbrir les v\u00e9rit\u00e9s jusqu&rsquo;\u00e0 ce qu&rsquo;elles \u00e9clatent en fleurs et en fruits, et gu\u00e9rissent l&rsquo;\u00e2me collective de son \u00ab morne d\u00e9sespoir \u00bb<a href=\"#_edn3\">[iii]<\/a>.<\/p>\n<p style=\"text-align: justify;\">\n<p style=\"text-align: justify;\">J&rsquo;ai vu, l&rsquo;automne dernier, une famille assise \u00e0 l&rsquo;ombre d&rsquo;un pommier sauvage dans un champ du Beauvaisis. Le p\u00e8re, la m\u00e8re, les enfants et les grands-parents avaient l&rsquo;air content. Peut-\u00eatre savaient-ils remercier comme il faut l&rsquo;arbre de vie qui leur donnait la s\u00e8ve.<\/p>\n<p style=\"text-align: justify;\">\n<p style=\"text-align: justify;\">\n<p style=\"text-align: justify;\">APPROCHE DE LA M\u00c9DITATION<\/p>\n<p style=\"text-align: justify;\">\n<p style=\"text-align: justify;\">1. La m\u00e9ditation dans la vie<\/p>\n<p style=\"text-align: justify;\">\n<p style=\"text-align: justify;\">Il n\u2019est pas n\u00e9cessaire d&rsquo;\u00eatre assis sur le sol, les jambes crois\u00e9es pour m\u00e9diter. Il existe des techniques de m\u00e9ditation, les yeux ouverts, et dans le mouvement. La marche, la danse et n&rsquo;importe quel type de travail manuel ou toute action de la vie quotidienne sont \u00e0 m\u00eame de fournir le tremplin d&rsquo;une plong\u00e9e dans les profondeurs. Ainsi notre douche du matin peut-elle servir \u00e0 nous rappeler \u2014 dans la sensation m\u00eame \u2014 que nous devons nous purifier et nous revitaliser \u00e0 chaque commencement.<\/p>\n<p style=\"text-align: justify;\">\n<p style=\"text-align: justify;\">On rapporte qu&rsquo;un empereur de Chine avait fait graver au-dessus de sa baignoire : \u00ab Renouvelle-toi chaque jour \u00bb.<\/p>\n<p style=\"text-align: justify;\">\n<p style=\"text-align: justify;\">La pr\u00e9paration des repas peut \u00eatre pour la ma\u00eetresse de maison l&rsquo;occasion superbe de se concentrer sur la texture, la couleur, la forme, la senteur de chaque l\u00e9gume, et de ressentir l&rsquo;\u00e9nergie vitale qu&rsquo;il rec\u00e8le dans ses fibres. Elle se relaxera en cr\u00e9ant des arrangements pour la nourriture, en veillant \u00e0 l&rsquo;harmonie dans la pr\u00e9sentation des plats. Ainsi impr\u00e9gn\u00e9s par l&rsquo;attention de la m\u00e8re, par sa joie et son amour, les aliments seront charg\u00e9s d&rsquo;une force et d&rsquo;une s\u00e8ve, qui pour \u00eatre invisibles, n&rsquo;en sont pas moins pr\u00e9sentes et accro\u00eetront la vitalit\u00e9 des enfants. Une qualit\u00e9 que n&rsquo;ont gu\u00e8re les repas fabriqu\u00e9s \u00e0 la cha\u00eene&#8230;<\/p>\n<p style=\"text-align: justify;\">\n<p style=\"text-align: justify;\">2. La m\u00e9ditation sur l&rsquo;arbre<\/p>\n<p style=\"text-align: justify;\">\n<p style=\"text-align: justify;\">Asseyez-vous dans un cadre naturel et rep\u00e9rez un bel arbre au milieu d&rsquo;un paysage. Vous pouvez aussi vous servir d&rsquo;un tableau ou d&rsquo;une photo. Observez la sc\u00e8ne jusqu&rsquo;\u00e0 ce que vous en ayez absorb\u00e9 tous les d\u00e9tails. Puis fermez les yeux et essayez de recr\u00e9er la sc\u00e8ne dans votre mental. Essayez d&rsquo;en avoir une image tr\u00e8s claire. Puis effacez l&rsquo;arri\u00e8re plan, partie par partie. Par exemple, \u00f4tez le ciel, \u00f4tez l&rsquo;herbe, puis les arbres qui entourent celui qui est au centre de votre attention. La seule chose qui va demeurer sera cet arbre.<\/p>\n<p style=\"text-align: justify;\">\n<p style=\"text-align: justify;\">Maintenez votre perception en alerte sur votre th\u00e8me central pendant un temps. Puis toujours les yeux clos, reconstituez peu \u00e0 peu l&rsquo;ensemble, dans l&rsquo;ordre inverse o\u00f9 vous l&rsquo;aviez effac\u00e9. Vous devez retrouver l&rsquo;image int\u00e9grale. \u00c9tudiez-la bien, en v\u00e9rifiant chaque d\u00e9tail.<\/p>\n<p style=\"text-align: justify;\">\n<p style=\"text-align: justify;\">Puis ouvrez les yeux et comparez.<\/p>\n<p style=\"text-align: justify;\">\n<p style=\"text-align: justify;\">Vous pouvez recommencer ce travail jusqu&rsquo;\u00e0 ce que votre vision soit bien au point. Alors seulement concentrez-vous sur l&rsquo;arbre que vous avez choisi et sentez votre parent\u00e9 avec lui.<\/p>\n<p style=\"text-align: justify;\">\n<p style=\"text-align: justify;\">Notez bien que ce type de m\u00e9ditation se fonde sur une observation attentive de la nature : formes, couleurs, sensations, odeurs, \u00e9ventuellement toucher. Ne confondons pas la concentration avec une vague r\u00eaverie.<\/p>\n<p style=\"text-align: justify;\">\n<p style=\"text-align: justify;\">Vous pouvez aussi choisir un autre trait du paysage : un lac, un animal, une maisonnette, un personnage &#8230;<\/p>\n<p style=\"text-align: justify;\">\n<p style=\"text-align: justify;\">\n<hr style=\"text-align: justify;\" size=\"1\" \/>\n<p style=\"text-align: justify;\"><a href=\"#_ednref1\">[i]<\/a> Paris-Match, 22 d\u00e9cembre 1974, page 92.<\/p>\n<p style=\"text-align: justify;\"><a href=\"#_ednref2\">[ii]<\/a> Voir : Peter Tompkins et Christopher Bird : \u00ab La vie secr\u00e8te des plantes \u00bb Ed. Robert Laffont, 1975, page 355.<\/p>\n<p style=\"text-align: justify;\"><a href=\"#_ednref3\">[iii]<\/a> \u00ab La masse des hommes vit une vie de morne d\u00e9sespoir \u00bb Thoreau, \u00ab Walden \u00bb.<\/p>\n<p style=\"text-align: justify;\">\n","protected":false},"excerpt":{"rendered":"<p>La pr\u00e9occupation essentielle de Thoreau \u00e9tait de se mettre en r\u00e9sonance avec la vie universelle. Cette pl\u00e9nitude, il t\u00e2chait de l&rsquo;apprendre au jour le jour, au contact des mille et une rencontres des bois, des champs, des cours d&rsquo;eau, et des gens simples de son entourage imm\u00e9diat. Le Journal, immense r\u00e9servoir d&rsquo;o\u00f9 est sortie toute l&rsquo;\u0153uvre, t\u00e9moigne de son effort incessant pour faire de lui l&rsquo;instrument parfait, le \u00ab Stradivarius \u00bb o\u00f9 puissent se jouer les harmonies du monde&#8230;<\/p>\n","protected":false},"author":1,"featured_media":0,"comment_status":"closed","ping_status":"closed","sticky":false,"template":"","format":"standard","meta":{"footnotes":""},"categories":[454],"tags":[457,458,455],"class_list":["post-2965","post","type-post","status-publish","format-standard","hentry","category-micheline-flak","tag-ecologie","tag-nature","tag-thoreau"],"yoast_head":"<!-- This site is optimized with the Yoast SEO plugin v27.0 - https:\/\/yoast.com\/product\/yoast-seo-wordpress\/ -->\n<title>Thoreau, les arbres et nous par Micheline Flak - 3e mill\u00e9naire - Spiritualit\u00e9 - Connaissance de soi - Non-dualit\u00e9 - M\u00e9ditation<\/title>\n<meta name=\"robots\" content=\"index, follow, max-snippet:-1, max-image-preview:large, max-video-preview:-1\" \/>\n<link rel=\"canonical\" href=\"https:\/\/www.revue3emillenaire.com\/blog\/thoreau-les-arbres-et-nous-par-micheline-flak\/\" \/>\n<meta property=\"og:locale\" content=\"fr_FR\" \/>\n<meta property=\"og:type\" content=\"article\" \/>\n<meta property=\"og:title\" content=\"Thoreau, les arbres et nous par Micheline Flak - 3e mill\u00e9naire - Spiritualit\u00e9 - Connaissance de soi - Non-dualit\u00e9 - M\u00e9ditation\" \/>\n<meta property=\"og:description\" content=\"La pr\u00e9occupation essentielle de Thoreau \u00e9tait de se mettre en r\u00e9sonance avec la vie universelle. Cette pl\u00e9nitude, il t\u00e2chait de l&#039;apprendre au jour le jour, au contact des mille et une rencontres des bois, des champs, des cours d&#039;eau, et des gens simples de son entourage imm\u00e9diat. Le Journal, immense r\u00e9servoir d&#039;o\u00f9 est sortie toute l&#039;\u0153uvre, t\u00e9moigne de son effort incessant pour faire de lui l&#039;instrument parfait, le \u00ab Stradivarius \u00bb o\u00f9 puissent se jouer les harmonies du monde...\" \/>\n<meta property=\"og:url\" content=\"https:\/\/www.revue3emillenaire.com\/blog\/thoreau-les-arbres-et-nous-par-micheline-flak\/\" \/>\n<meta property=\"og:site_name\" content=\"3e mill\u00e9naire - Spiritualit\u00e9 - Connaissance de soi - Non-dualit\u00e9 - M\u00e9ditation\" \/>\n<meta property=\"article:published_time\" content=\"2010-03-22T14:40:59+00:00\" \/>\n<meta property=\"article:modified_time\" content=\"2011-10-08T12:50:21+00:00\" \/>\n<meta name=\"author\" content=\"3e mill\u00e9naire\" \/>\n<meta name=\"twitter:card\" content=\"summary_large_image\" \/>\n<meta name=\"twitter:label1\" content=\"\u00c9crit par\" \/>\n\t<meta name=\"twitter:data1\" content=\"3e mill\u00e9naire\" \/>\n\t<meta name=\"twitter:label2\" content=\"Dur\u00e9e de lecture estim\u00e9e\" \/>\n\t<meta name=\"twitter:data2\" content=\"10 minutes\" \/>\n<script type=\"application\/ld+json\" class=\"yoast-schema-graph\">{\"@context\":\"https:\/\/schema.org\",\"@graph\":[{\"@type\":\"Article\",\"@id\":\"https:\/\/www.revue3emillenaire.com\/blog\/thoreau-les-arbres-et-nous-par-micheline-flak\/#article\",\"isPartOf\":{\"@id\":\"https:\/\/www.revue3emillenaire.com\/blog\/thoreau-les-arbres-et-nous-par-micheline-flak\/\"},\"author\":{\"name\":\"3e mill\u00e9naire\",\"@id\":\"https:\/\/www.revue3emillenaire.com\/blog\/#\/schema\/person\/9a3a7cc4ccaa707f402d4394327106d5\"},\"headline\":\"Thoreau, les arbres et nous par Micheline Flak\",\"datePublished\":\"2010-03-22T14:40:59+00:00\",\"dateModified\":\"2011-10-08T12:50:21+00:00\",\"mainEntityOfPage\":{\"@id\":\"https:\/\/www.revue3emillenaire.com\/blog\/thoreau-les-arbres-et-nous-par-micheline-flak\/\"},\"wordCount\":2104,\"keywords\":[\"\u00e9cologie\",\"nature\",\"Thoreau\"],\"articleSection\":[\"Flak Micheline\"],\"inLanguage\":\"fr-FR\"},{\"@type\":\"WebPage\",\"@id\":\"https:\/\/www.revue3emillenaire.com\/blog\/thoreau-les-arbres-et-nous-par-micheline-flak\/\",\"url\":\"https:\/\/www.revue3emillenaire.com\/blog\/thoreau-les-arbres-et-nous-par-micheline-flak\/\",\"name\":\"Thoreau, les arbres et nous par Micheline Flak - 3e mill\u00e9naire - Spiritualit\u00e9 - Connaissance de soi - Non-dualit\u00e9 - M\u00e9ditation\",\"isPartOf\":{\"@id\":\"https:\/\/www.revue3emillenaire.com\/blog\/#website\"},\"datePublished\":\"2010-03-22T14:40:59+00:00\",\"dateModified\":\"2011-10-08T12:50:21+00:00\",\"author\":{\"@id\":\"https:\/\/www.revue3emillenaire.com\/blog\/#\/schema\/person\/9a3a7cc4ccaa707f402d4394327106d5\"},\"breadcrumb\":{\"@id\":\"https:\/\/www.revue3emillenaire.com\/blog\/thoreau-les-arbres-et-nous-par-micheline-flak\/#breadcrumb\"},\"inLanguage\":\"fr-FR\",\"potentialAction\":[{\"@type\":\"ReadAction\",\"target\":[\"https:\/\/www.revue3emillenaire.com\/blog\/thoreau-les-arbres-et-nous-par-micheline-flak\/\"]}]},{\"@type\":\"BreadcrumbList\",\"@id\":\"https:\/\/www.revue3emillenaire.com\/blog\/thoreau-les-arbres-et-nous-par-micheline-flak\/#breadcrumb\",\"itemListElement\":[{\"@type\":\"ListItem\",\"position\":1,\"name\":\"Accueil\",\"item\":\"https:\/\/www.revue3emillenaire.com\/blog\/\"},{\"@type\":\"ListItem\",\"position\":2,\"name\":\"Thoreau, les arbres et nous par Micheline Flak\"}]},{\"@type\":\"WebSite\",\"@id\":\"https:\/\/www.revue3emillenaire.com\/blog\/#website\",\"url\":\"https:\/\/www.revue3emillenaire.com\/blog\/\",\"name\":\"3e mill\u00e9naire - Spiritualit\u00e9 - Connaissance de soi - Non-dualit\u00e9 - M\u00e9ditation\",\"description\":\"L&#039;Homme en devenir\",\"potentialAction\":[{\"@type\":\"SearchAction\",\"target\":{\"@type\":\"EntryPoint\",\"urlTemplate\":\"https:\/\/www.revue3emillenaire.com\/blog\/?s={search_term_string}\"},\"query-input\":{\"@type\":\"PropertyValueSpecification\",\"valueRequired\":true,\"valueName\":\"search_term_string\"}}],\"inLanguage\":\"fr-FR\"},{\"@type\":\"Person\",\"@id\":\"https:\/\/www.revue3emillenaire.com\/blog\/#\/schema\/person\/9a3a7cc4ccaa707f402d4394327106d5\",\"name\":\"3e mill\u00e9naire\",\"url\":\"https:\/\/www.revue3emillenaire.com\/blog\/author\/admin\/\"}]}<\/script>\n<!-- \/ Yoast SEO plugin. -->","yoast_head_json":{"title":"Thoreau, les arbres et nous par Micheline Flak - 3e mill\u00e9naire - Spiritualit\u00e9 - Connaissance de soi - Non-dualit\u00e9 - M\u00e9ditation","robots":{"index":"index","follow":"follow","max-snippet":"max-snippet:-1","max-image-preview":"max-image-preview:large","max-video-preview":"max-video-preview:-1"},"canonical":"https:\/\/www.revue3emillenaire.com\/blog\/thoreau-les-arbres-et-nous-par-micheline-flak\/","og_locale":"fr_FR","og_type":"article","og_title":"Thoreau, les arbres et nous par Micheline Flak - 3e mill\u00e9naire - Spiritualit\u00e9 - Connaissance de soi - Non-dualit\u00e9 - M\u00e9ditation","og_description":"La pr\u00e9occupation essentielle de Thoreau \u00e9tait de se mettre en r\u00e9sonance avec la vie universelle. Cette pl\u00e9nitude, il t\u00e2chait de l'apprendre au jour le jour, au contact des mille et une rencontres des bois, des champs, des cours d'eau, et des gens simples de son entourage imm\u00e9diat. Le Journal, immense r\u00e9servoir d'o\u00f9 est sortie toute l'\u0153uvre, t\u00e9moigne de son effort incessant pour faire de lui l'instrument parfait, le \u00ab Stradivarius \u00bb o\u00f9 puissent se jouer les harmonies du monde...","og_url":"https:\/\/www.revue3emillenaire.com\/blog\/thoreau-les-arbres-et-nous-par-micheline-flak\/","og_site_name":"3e mill\u00e9naire - Spiritualit\u00e9 - Connaissance de soi - Non-dualit\u00e9 - M\u00e9ditation","article_published_time":"2010-03-22T14:40:59+00:00","article_modified_time":"2011-10-08T12:50:21+00:00","author":"3e mill\u00e9naire","twitter_card":"summary_large_image","twitter_misc":{"\u00c9crit par":"3e mill\u00e9naire","Dur\u00e9e de lecture estim\u00e9e":"10 minutes"},"schema":{"@context":"https:\/\/schema.org","@graph":[{"@type":"Article","@id":"https:\/\/www.revue3emillenaire.com\/blog\/thoreau-les-arbres-et-nous-par-micheline-flak\/#article","isPartOf":{"@id":"https:\/\/www.revue3emillenaire.com\/blog\/thoreau-les-arbres-et-nous-par-micheline-flak\/"},"author":{"name":"3e mill\u00e9naire","@id":"https:\/\/www.revue3emillenaire.com\/blog\/#\/schema\/person\/9a3a7cc4ccaa707f402d4394327106d5"},"headline":"Thoreau, les arbres et nous par Micheline Flak","datePublished":"2010-03-22T14:40:59+00:00","dateModified":"2011-10-08T12:50:21+00:00","mainEntityOfPage":{"@id":"https:\/\/www.revue3emillenaire.com\/blog\/thoreau-les-arbres-et-nous-par-micheline-flak\/"},"wordCount":2104,"keywords":["\u00e9cologie","nature","Thoreau"],"articleSection":["Flak Micheline"],"inLanguage":"fr-FR"},{"@type":"WebPage","@id":"https:\/\/www.revue3emillenaire.com\/blog\/thoreau-les-arbres-et-nous-par-micheline-flak\/","url":"https:\/\/www.revue3emillenaire.com\/blog\/thoreau-les-arbres-et-nous-par-micheline-flak\/","name":"Thoreau, les arbres et nous par Micheline Flak - 3e mill\u00e9naire - Spiritualit\u00e9 - Connaissance de soi - Non-dualit\u00e9 - M\u00e9ditation","isPartOf":{"@id":"https:\/\/www.revue3emillenaire.com\/blog\/#website"},"datePublished":"2010-03-22T14:40:59+00:00","dateModified":"2011-10-08T12:50:21+00:00","author":{"@id":"https:\/\/www.revue3emillenaire.com\/blog\/#\/schema\/person\/9a3a7cc4ccaa707f402d4394327106d5"},"breadcrumb":{"@id":"https:\/\/www.revue3emillenaire.com\/blog\/thoreau-les-arbres-et-nous-par-micheline-flak\/#breadcrumb"},"inLanguage":"fr-FR","potentialAction":[{"@type":"ReadAction","target":["https:\/\/www.revue3emillenaire.com\/blog\/thoreau-les-arbres-et-nous-par-micheline-flak\/"]}]},{"@type":"BreadcrumbList","@id":"https:\/\/www.revue3emillenaire.com\/blog\/thoreau-les-arbres-et-nous-par-micheline-flak\/#breadcrumb","itemListElement":[{"@type":"ListItem","position":1,"name":"Accueil","item":"https:\/\/www.revue3emillenaire.com\/blog\/"},{"@type":"ListItem","position":2,"name":"Thoreau, les arbres et nous par Micheline Flak"}]},{"@type":"WebSite","@id":"https:\/\/www.revue3emillenaire.com\/blog\/#website","url":"https:\/\/www.revue3emillenaire.com\/blog\/","name":"3e mill\u00e9naire - Spiritualit\u00e9 - Connaissance de soi - Non-dualit\u00e9 - M\u00e9ditation","description":"L&#039;Homme en devenir","potentialAction":[{"@type":"SearchAction","target":{"@type":"EntryPoint","urlTemplate":"https:\/\/www.revue3emillenaire.com\/blog\/?s={search_term_string}"},"query-input":{"@type":"PropertyValueSpecification","valueRequired":true,"valueName":"search_term_string"}}],"inLanguage":"fr-FR"},{"@type":"Person","@id":"https:\/\/www.revue3emillenaire.com\/blog\/#\/schema\/person\/9a3a7cc4ccaa707f402d4394327106d5","name":"3e mill\u00e9naire","url":"https:\/\/www.revue3emillenaire.com\/blog\/author\/admin\/"}]}},"_links":{"self":[{"href":"https:\/\/www.revue3emillenaire.com\/blog\/wp-json\/wp\/v2\/posts\/2965","targetHints":{"allow":["GET"]}}],"collection":[{"href":"https:\/\/www.revue3emillenaire.com\/blog\/wp-json\/wp\/v2\/posts"}],"about":[{"href":"https:\/\/www.revue3emillenaire.com\/blog\/wp-json\/wp\/v2\/types\/post"}],"author":[{"embeddable":true,"href":"https:\/\/www.revue3emillenaire.com\/blog\/wp-json\/wp\/v2\/users\/1"}],"replies":[{"embeddable":true,"href":"https:\/\/www.revue3emillenaire.com\/blog\/wp-json\/wp\/v2\/comments?post=2965"}],"version-history":[{"count":0,"href":"https:\/\/www.revue3emillenaire.com\/blog\/wp-json\/wp\/v2\/posts\/2965\/revisions"}],"wp:attachment":[{"href":"https:\/\/www.revue3emillenaire.com\/blog\/wp-json\/wp\/v2\/media?parent=2965"}],"wp:term":[{"taxonomy":"category","embeddable":true,"href":"https:\/\/www.revue3emillenaire.com\/blog\/wp-json\/wp\/v2\/categories?post=2965"},{"taxonomy":"post_tag","embeddable":true,"href":"https:\/\/www.revue3emillenaire.com\/blog\/wp-json\/wp\/v2\/tags?post=2965"}],"curies":[{"name":"wp","href":"https:\/\/api.w.org\/{rel}","templated":true}]}}