{"id":3,"date":"2008-05-28T00:00:00","date_gmt":"2008-05-28T00:00:00","guid":{"rendered":"http:\/\/www.revue3emillenaire.com\/blog\/?p=3"},"modified":"2023-05-31T16:01:51","modified_gmt":"2023-05-31T15:01:51","slug":"esquisses-de-notes-par-ren-four","status":"publish","type":"post","link":"https:\/\/www.revue3emillenaire.com\/blog\/esquisses-de-notes-par-ren-four\/","title":{"rendered":"Esquisses de notes par Ren&eacute; Fou&eacute;r&eacute;"},"content":{"rendered":"<p style=\"text-align: justify;\">Si ma conscience n&rsquo;est pas individuelle, ma mort, au sens usuel du terme, devient impossible. C&rsquo;est seulement si l&rsquo;on est totalement d\u00e9tach\u00e9 du reste de l&rsquo;univers qu&rsquo;on peut \u00eatre individuellement d\u00e9truit, tout au moins sur le plan de la conscience. Il faut \u00eatre totalement individuel pour pouvoir totalement dispara\u00eetre, tant que l&rsquo;univers subsiste.<\/p>\n<p style=\"text-align: justify;\">Berkeley disait : \u00ab\u00a0Etre, c&rsquo;est percevoir ou \u00eatre per\u00e7u\u00a0\u00bb. En d&rsquo;autres termes, \u00eatre, c&rsquo;est \u00eatre conscient. Si je ne suis pas moi, si je ne suis pas vraiment s\u00e9par\u00e9 du monde, on ne peut pas me d\u00e9truire en tant qu&rsquo;individu particulier, puisque, \u00e0 strictement parler, je ne suis pas particulier.<\/p>\n<p style=\"text-align: justify;\">Si mon individualit\u00e9 est, en essence, une illusion, si c&rsquo;est la m\u00eame conscience \u00ab\u00a0cosmique\u00a0\u00bb ou universelle qui dit \u00ab\u00a0Je\u00a0\u00bb \u00e0 travers tous les \u00ab\u00a0moi\u00a0\u00bb, et si mon \u00eatre r\u00e9side dans ma conscience, comme l&rsquo;a bien vu Berkeley, son an\u00e9antissement devient inconcevable. En d&rsquo;autres termes, si je n&rsquo;existe pas en dehors de ce que j&rsquo;appelle le monde, ma destruction serait la destruction du monde.<\/p>\n<p style=\"text-align: justify;\">Les individus ne sont pas des \u00eatres s\u00e9par\u00e9s, mais des mani\u00e8res d&rsquo;\u00eatre, des modes d&rsquo;expression diff\u00e9rents d&rsquo;un \u00eatre unique. Leur \u00ab\u00a0\u00eatre\u00a0\u00bb n&rsquo;est qu&rsquo;une mani\u00e8re d&rsquo;\u00eatre. Les individus ne sont pas des vies distinctes, mais des pr\u00e9sentations, des expressions diverses d&rsquo;une m\u00eame vie.<\/p>\n<p style=\"text-align: justify;\">De m\u00eame que l&rsquo;individu sait que son corps est fait de mat\u00e9riaux qui se retrouvent sur l&rsquo;ensemble de la plan\u00e8te, il n&rsquo;ignore pas non plus que la mati\u00e8re de ses sentiments fait partie de la masse des sentiments humains. Mais, \u00e0 ses yeux, sa personne r\u00e9side dans la forme particuli\u00e8re qu&rsquo;il a donn\u00e9e \u00e0 ces sentiments, dont il sait bien qu&rsquo;ils sont, dans leur essence, universels.<\/p>\n<p style=\"text-align: justify;\">Comme vous l&rsquo;avez justement dit, la vision, dans une vitrine ou dans la rue, d&rsquo;un objet s\u00e9duisant, peut, avec la complicit\u00e9 d&rsquo;une image cr\u00e9\u00e9e par la pens\u00e9e, faire na\u00eetre un d\u00e9sir particulier.<\/p>\n<p style=\"text-align: justify;\">Je pense toutefois que la source profonde du d\u00e9sir r\u00e9side dans le fait que l&rsquo;individu, qui se saisit comme une totalit\u00e9 organique autonome, s&rsquo;est senti s\u00e9par\u00e9 du reste de l&rsquo;univers et, avec le secours de la pens\u00e9e, s&rsquo;est graduellement forg\u00e9 une image de lui m\u00eame, une image qui sert de pr\u00e9texte \u00e0 toutes les comparaisons, au d\u00e9sir essentiel de se d\u00e9passer soi-m\u00eame en vue de surpasser autrui.<\/p>\n<p style=\"text-align: justify;\">Quand on dit que la pens\u00e9e est le temps, cela veut-il dire que la pens\u00e9e a cr\u00e9\u00e9 le temps ou que la pens\u00e9e est n\u00e9e du temps. Qu&rsquo;elle est sa m\u00e8re ou sa fille?<\/p>\n<p style=\"text-align: justify;\">En fait, je pense qu&rsquo;il y a intrication, que pens\u00e9e, espace et temps sont des aspects d&rsquo;un processus total.<\/p>\n<p style=\"text-align: justify;\">M\u00eame si, avec le temps, les religions prennent un caract\u00e8re intellectuel, autoritaire et m\u00eame politique, je pense qu&rsquo;\u00e0 l&rsquo;origine des plus importantes d&rsquo;entre elles, il n&rsquo;y a pas eu un ph\u00e9nom\u00e8ne intellectuel, mais une prise de conscience soudaine par quelqu\u2019un de quelque chose qui n&rsquo;\u00e9tait pas de l&rsquo;ordre commun, disons un ph\u00e9nom\u00e8ne mystique. Il est m\u00eame arriv\u00e9 que, plus tard, au sein des religions organis\u00e9es, des individus particuliers, comme un St Jean de la Croix dans l&rsquo;Eglise catholique, ont eu des perceptions qui n&rsquo;\u00e9taient pas d&rsquo;ordre intellectuel \u2014 dans ce que le saint a appel\u00e9 \u00ab\u00a0la grande nuit de l&rsquo;\u00e2me\u00a0\u00bb, une nuit de laquelle la pens\u00e9e \u00e9tait absente.<\/p>\n<p style=\"padding-left: 330px; text-align: justify;\">Ren\u00e9 Fou\u00e9r\u00e9 Gstaad, 2 ao\u00fbt 1981<\/p>\n","protected":false},"excerpt":{"rendered":"<p>Si ma conscience n&rsquo;est pas individuelle, ma mort, au sens usuel du terme, devient impossible. C&rsquo;est seulement si l&rsquo;on est totalement d\u00e9tach\u00e9 du reste de l&rsquo;univers qu&rsquo;on peut \u00eatre individuellement d\u00e9truit, tout au moins sur le plan de la conscience. Il faut \u00eatre totalement individuel pour pouvoir totalement dispara\u00eetre, tant que l&rsquo;univers subsiste.<\/p>\n","protected":false},"author":1,"featured_media":17793,"comment_status":"open","ping_status":"open","sticky":false,"template":"","format":"standard","meta":{"footnotes":""},"categories":[61],"tags":[37],"class_list":["post-3","post","type-post","status-publish","format-standard","has-post-thumbnail","hentry","category-r-fouere","tag-conscience"],"yoast_head":"<!-- This site is optimized with the Yoast SEO plugin v27.0 - https:\/\/yoast.com\/product\/yoast-seo-wordpress\/ -->\n<title>Esquisses de notes par Ren&eacute; Fou&eacute;r&eacute; - 3e mill\u00e9naire - Spiritualit\u00e9 - Connaissance de soi - Non-dualit\u00e9 - M\u00e9ditation<\/title>\n<meta name=\"robots\" content=\"index, follow, max-snippet:-1, max-image-preview:large, max-video-preview:-1\" \/>\n<link rel=\"canonical\" href=\"https:\/\/www.revue3emillenaire.com\/blog\/esquisses-de-notes-par-ren-four\/\" \/>\n<meta property=\"og:locale\" content=\"fr_FR\" \/>\n<meta property=\"og:type\" content=\"article\" \/>\n<meta property=\"og:title\" content=\"Esquisses de notes par Ren&eacute; Fou&eacute;r&eacute; - 3e mill\u00e9naire - Spiritualit\u00e9 - Connaissance de soi - Non-dualit\u00e9 - M\u00e9ditation\" \/>\n<meta property=\"og:description\" content=\"Si ma conscience n&#039;est pas individuelle, ma mort, au sens usuel du terme, devient impossible. C&#039;est seulement si l&#039;on est totalement d\u00e9tach\u00e9 du reste de l&#039;univers qu&#039;on peut \u00eatre individuellement d\u00e9truit, tout au moins sur le plan de la conscience. Il faut \u00eatre totalement individuel pour pouvoir totalement dispara\u00eetre, tant que l&#039;univers subsiste.\" \/>\n<meta property=\"og:url\" content=\"https:\/\/www.revue3emillenaire.com\/blog\/esquisses-de-notes-par-ren-four\/\" \/>\n<meta property=\"og:site_name\" content=\"3e mill\u00e9naire - Spiritualit\u00e9 - Connaissance de soi - Non-dualit\u00e9 - M\u00e9ditation\" \/>\n<meta property=\"article:published_time\" content=\"2008-05-28T00:00:00+00:00\" \/>\n<meta property=\"article:modified_time\" content=\"2023-05-31T15:01:51+00:00\" \/>\n<meta property=\"og:image\" content=\"https:\/\/www.revue3emillenaire.com\/blog\/wp-content\/uploads\/2018\/06\/Ren\u00e9-Fou\u00e9r\u00e9-1-e1528661457701.jpg\" \/>\n\t<meta property=\"og:image:width\" content=\"300\" \/>\n\t<meta property=\"og:image:height\" content=\"222\" \/>\n\t<meta property=\"og:image:type\" content=\"image\/jpeg\" \/>\n<meta name=\"author\" content=\"3e mill\u00e9naire\" \/>\n<meta name=\"twitter:card\" content=\"summary_large_image\" \/>\n<meta name=\"twitter:label1\" content=\"\u00c9crit par\" \/>\n\t<meta name=\"twitter:data1\" content=\"3e mill\u00e9naire\" \/>\n\t<meta name=\"twitter:label2\" content=\"Dur\u00e9e de lecture estim\u00e9e\" \/>\n\t<meta name=\"twitter:data2\" content=\"3 minutes\" \/>\n<script type=\"application\/ld+json\" class=\"yoast-schema-graph\">{\"@context\":\"https:\/\/schema.org\",\"@graph\":[{\"@type\":\"Article\",\"@id\":\"https:\/\/www.revue3emillenaire.com\/blog\/esquisses-de-notes-par-ren-four\/#article\",\"isPartOf\":{\"@id\":\"https:\/\/www.revue3emillenaire.com\/blog\/esquisses-de-notes-par-ren-four\/\"},\"author\":{\"name\":\"3e mill\u00e9naire\",\"@id\":\"https:\/\/www.revue3emillenaire.com\/blog\/#\/schema\/person\/9a3a7cc4ccaa707f402d4394327106d5\"},\"headline\":\"Esquisses de notes par Ren&eacute; Fou&eacute;r&eacute;\",\"datePublished\":\"2008-05-28T00:00:00+00:00\",\"dateModified\":\"2023-05-31T15:01:51+00:00\",\"mainEntityOfPage\":{\"@id\":\"https:\/\/www.revue3emillenaire.com\/blog\/esquisses-de-notes-par-ren-four\/\"},\"wordCount\":602,\"commentCount\":0,\"image\":{\"@id\":\"https:\/\/www.revue3emillenaire.com\/blog\/esquisses-de-notes-par-ren-four\/#primaryimage\"},\"thumbnailUrl\":\"https:\/\/www.revue3emillenaire.com\/blog\/wp-content\/uploads\/2018\/06\/Ren\u00e9-Fou\u00e9r\u00e9-1-e1528661457701.jpg\",\"keywords\":[\"Conscience\"],\"articleSection\":[\"Fou\u00e9r\u00e9 Ren\u00e9\"],\"inLanguage\":\"fr-FR\",\"potentialAction\":[{\"@type\":\"CommentAction\",\"name\":\"Comment\",\"target\":[\"https:\/\/www.revue3emillenaire.com\/blog\/esquisses-de-notes-par-ren-four\/#respond\"]}]},{\"@type\":\"WebPage\",\"@id\":\"https:\/\/www.revue3emillenaire.com\/blog\/esquisses-de-notes-par-ren-four\/\",\"url\":\"https:\/\/www.revue3emillenaire.com\/blog\/esquisses-de-notes-par-ren-four\/\",\"name\":\"Esquisses de notes par Ren&eacute; Fou&eacute;r&eacute; - 3e mill\u00e9naire - Spiritualit\u00e9 - Connaissance de soi - Non-dualit\u00e9 - M\u00e9ditation\",\"isPartOf\":{\"@id\":\"https:\/\/www.revue3emillenaire.com\/blog\/#website\"},\"primaryImageOfPage\":{\"@id\":\"https:\/\/www.revue3emillenaire.com\/blog\/esquisses-de-notes-par-ren-four\/#primaryimage\"},\"image\":{\"@id\":\"https:\/\/www.revue3emillenaire.com\/blog\/esquisses-de-notes-par-ren-four\/#primaryimage\"},\"thumbnailUrl\":\"https:\/\/www.revue3emillenaire.com\/blog\/wp-content\/uploads\/2018\/06\/Ren\u00e9-Fou\u00e9r\u00e9-1-e1528661457701.jpg\",\"datePublished\":\"2008-05-28T00:00:00+00:00\",\"dateModified\":\"2023-05-31T15:01:51+00:00\",\"author\":{\"@id\":\"https:\/\/www.revue3emillenaire.com\/blog\/#\/schema\/person\/9a3a7cc4ccaa707f402d4394327106d5\"},\"breadcrumb\":{\"@id\":\"https:\/\/www.revue3emillenaire.com\/blog\/esquisses-de-notes-par-ren-four\/#breadcrumb\"},\"inLanguage\":\"fr-FR\",\"potentialAction\":[{\"@type\":\"ReadAction\",\"target\":[\"https:\/\/www.revue3emillenaire.com\/blog\/esquisses-de-notes-par-ren-four\/\"]}]},{\"@type\":\"ImageObject\",\"inLanguage\":\"fr-FR\",\"@id\":\"https:\/\/www.revue3emillenaire.com\/blog\/esquisses-de-notes-par-ren-four\/#primaryimage\",\"url\":\"https:\/\/www.revue3emillenaire.com\/blog\/wp-content\/uploads\/2018\/06\/Ren\u00e9-Fou\u00e9r\u00e9-1-e1528661457701.jpg\",\"contentUrl\":\"https:\/\/www.revue3emillenaire.com\/blog\/wp-content\/uploads\/2018\/06\/Ren\u00e9-Fou\u00e9r\u00e9-1-e1528661457701.jpg\",\"width\":300,\"height\":222},{\"@type\":\"BreadcrumbList\",\"@id\":\"https:\/\/www.revue3emillenaire.com\/blog\/esquisses-de-notes-par-ren-four\/#breadcrumb\",\"itemListElement\":[{\"@type\":\"ListItem\",\"position\":1,\"name\":\"Accueil\",\"item\":\"https:\/\/www.revue3emillenaire.com\/blog\/\"},{\"@type\":\"ListItem\",\"position\":2,\"name\":\"Esquisses de notes par Ren&eacute; Fou&eacute;r&eacute;\"}]},{\"@type\":\"WebSite\",\"@id\":\"https:\/\/www.revue3emillenaire.com\/blog\/#website\",\"url\":\"https:\/\/www.revue3emillenaire.com\/blog\/\",\"name\":\"3e mill\u00e9naire - Spiritualit\u00e9 - Connaissance de soi - Non-dualit\u00e9 - M\u00e9ditation\",\"description\":\"L&#039;Homme en devenir\",\"potentialAction\":[{\"@type\":\"SearchAction\",\"target\":{\"@type\":\"EntryPoint\",\"urlTemplate\":\"https:\/\/www.revue3emillenaire.com\/blog\/?s={search_term_string}\"},\"query-input\":{\"@type\":\"PropertyValueSpecification\",\"valueRequired\":true,\"valueName\":\"search_term_string\"}}],\"inLanguage\":\"fr-FR\"},{\"@type\":\"Person\",\"@id\":\"https:\/\/www.revue3emillenaire.com\/blog\/#\/schema\/person\/9a3a7cc4ccaa707f402d4394327106d5\",\"name\":\"3e mill\u00e9naire\",\"url\":\"https:\/\/www.revue3emillenaire.com\/blog\/author\/admin\/\"}]}<\/script>\n<!-- \/ Yoast SEO plugin. -->","yoast_head_json":{"title":"Esquisses de notes par Ren&eacute; Fou&eacute;r&eacute; - 3e mill\u00e9naire - Spiritualit\u00e9 - Connaissance de soi - Non-dualit\u00e9 - M\u00e9ditation","robots":{"index":"index","follow":"follow","max-snippet":"max-snippet:-1","max-image-preview":"max-image-preview:large","max-video-preview":"max-video-preview:-1"},"canonical":"https:\/\/www.revue3emillenaire.com\/blog\/esquisses-de-notes-par-ren-four\/","og_locale":"fr_FR","og_type":"article","og_title":"Esquisses de notes par Ren&eacute; Fou&eacute;r&eacute; - 3e mill\u00e9naire - Spiritualit\u00e9 - Connaissance de soi - Non-dualit\u00e9 - M\u00e9ditation","og_description":"Si ma conscience n'est pas individuelle, ma mort, au sens usuel du terme, devient impossible. C'est seulement si l'on est totalement d\u00e9tach\u00e9 du reste de l'univers qu'on peut \u00eatre individuellement d\u00e9truit, tout au moins sur le plan de la conscience. Il faut \u00eatre totalement individuel pour pouvoir totalement dispara\u00eetre, tant que l'univers subsiste.","og_url":"https:\/\/www.revue3emillenaire.com\/blog\/esquisses-de-notes-par-ren-four\/","og_site_name":"3e mill\u00e9naire - Spiritualit\u00e9 - Connaissance de soi - Non-dualit\u00e9 - M\u00e9ditation","article_published_time":"2008-05-28T00:00:00+00:00","article_modified_time":"2023-05-31T15:01:51+00:00","og_image":[{"width":300,"height":222,"url":"https:\/\/www.revue3emillenaire.com\/blog\/wp-content\/uploads\/2018\/06\/Ren\u00e9-Fou\u00e9r\u00e9-1-e1528661457701.jpg","type":"image\/jpeg"}],"author":"3e mill\u00e9naire","twitter_card":"summary_large_image","twitter_misc":{"\u00c9crit par":"3e mill\u00e9naire","Dur\u00e9e de lecture estim\u00e9e":"3 minutes"},"schema":{"@context":"https:\/\/schema.org","@graph":[{"@type":"Article","@id":"https:\/\/www.revue3emillenaire.com\/blog\/esquisses-de-notes-par-ren-four\/#article","isPartOf":{"@id":"https:\/\/www.revue3emillenaire.com\/blog\/esquisses-de-notes-par-ren-four\/"},"author":{"name":"3e mill\u00e9naire","@id":"https:\/\/www.revue3emillenaire.com\/blog\/#\/schema\/person\/9a3a7cc4ccaa707f402d4394327106d5"},"headline":"Esquisses de notes par Ren&eacute; Fou&eacute;r&eacute;","datePublished":"2008-05-28T00:00:00+00:00","dateModified":"2023-05-31T15:01:51+00:00","mainEntityOfPage":{"@id":"https:\/\/www.revue3emillenaire.com\/blog\/esquisses-de-notes-par-ren-four\/"},"wordCount":602,"commentCount":0,"image":{"@id":"https:\/\/www.revue3emillenaire.com\/blog\/esquisses-de-notes-par-ren-four\/#primaryimage"},"thumbnailUrl":"https:\/\/www.revue3emillenaire.com\/blog\/wp-content\/uploads\/2018\/06\/Ren\u00e9-Fou\u00e9r\u00e9-1-e1528661457701.jpg","keywords":["Conscience"],"articleSection":["Fou\u00e9r\u00e9 Ren\u00e9"],"inLanguage":"fr-FR","potentialAction":[{"@type":"CommentAction","name":"Comment","target":["https:\/\/www.revue3emillenaire.com\/blog\/esquisses-de-notes-par-ren-four\/#respond"]}]},{"@type":"WebPage","@id":"https:\/\/www.revue3emillenaire.com\/blog\/esquisses-de-notes-par-ren-four\/","url":"https:\/\/www.revue3emillenaire.com\/blog\/esquisses-de-notes-par-ren-four\/","name":"Esquisses de notes par Ren&eacute; Fou&eacute;r&eacute; - 3e mill\u00e9naire - Spiritualit\u00e9 - Connaissance de soi - Non-dualit\u00e9 - M\u00e9ditation","isPartOf":{"@id":"https:\/\/www.revue3emillenaire.com\/blog\/#website"},"primaryImageOfPage":{"@id":"https:\/\/www.revue3emillenaire.com\/blog\/esquisses-de-notes-par-ren-four\/#primaryimage"},"image":{"@id":"https:\/\/www.revue3emillenaire.com\/blog\/esquisses-de-notes-par-ren-four\/#primaryimage"},"thumbnailUrl":"https:\/\/www.revue3emillenaire.com\/blog\/wp-content\/uploads\/2018\/06\/Ren\u00e9-Fou\u00e9r\u00e9-1-e1528661457701.jpg","datePublished":"2008-05-28T00:00:00+00:00","dateModified":"2023-05-31T15:01:51+00:00","author":{"@id":"https:\/\/www.revue3emillenaire.com\/blog\/#\/schema\/person\/9a3a7cc4ccaa707f402d4394327106d5"},"breadcrumb":{"@id":"https:\/\/www.revue3emillenaire.com\/blog\/esquisses-de-notes-par-ren-four\/#breadcrumb"},"inLanguage":"fr-FR","potentialAction":[{"@type":"ReadAction","target":["https:\/\/www.revue3emillenaire.com\/blog\/esquisses-de-notes-par-ren-four\/"]}]},{"@type":"ImageObject","inLanguage":"fr-FR","@id":"https:\/\/www.revue3emillenaire.com\/blog\/esquisses-de-notes-par-ren-four\/#primaryimage","url":"https:\/\/www.revue3emillenaire.com\/blog\/wp-content\/uploads\/2018\/06\/Ren\u00e9-Fou\u00e9r\u00e9-1-e1528661457701.jpg","contentUrl":"https:\/\/www.revue3emillenaire.com\/blog\/wp-content\/uploads\/2018\/06\/Ren\u00e9-Fou\u00e9r\u00e9-1-e1528661457701.jpg","width":300,"height":222},{"@type":"BreadcrumbList","@id":"https:\/\/www.revue3emillenaire.com\/blog\/esquisses-de-notes-par-ren-four\/#breadcrumb","itemListElement":[{"@type":"ListItem","position":1,"name":"Accueil","item":"https:\/\/www.revue3emillenaire.com\/blog\/"},{"@type":"ListItem","position":2,"name":"Esquisses de notes par Ren&eacute; Fou&eacute;r&eacute;"}]},{"@type":"WebSite","@id":"https:\/\/www.revue3emillenaire.com\/blog\/#website","url":"https:\/\/www.revue3emillenaire.com\/blog\/","name":"3e mill\u00e9naire - Spiritualit\u00e9 - Connaissance de soi - Non-dualit\u00e9 - M\u00e9ditation","description":"L&#039;Homme en devenir","potentialAction":[{"@type":"SearchAction","target":{"@type":"EntryPoint","urlTemplate":"https:\/\/www.revue3emillenaire.com\/blog\/?s={search_term_string}"},"query-input":{"@type":"PropertyValueSpecification","valueRequired":true,"valueName":"search_term_string"}}],"inLanguage":"fr-FR"},{"@type":"Person","@id":"https:\/\/www.revue3emillenaire.com\/blog\/#\/schema\/person\/9a3a7cc4ccaa707f402d4394327106d5","name":"3e mill\u00e9naire","url":"https:\/\/www.revue3emillenaire.com\/blog\/author\/admin\/"}]}},"_links":{"self":[{"href":"https:\/\/www.revue3emillenaire.com\/blog\/wp-json\/wp\/v2\/posts\/3","targetHints":{"allow":["GET"]}}],"collection":[{"href":"https:\/\/www.revue3emillenaire.com\/blog\/wp-json\/wp\/v2\/posts"}],"about":[{"href":"https:\/\/www.revue3emillenaire.com\/blog\/wp-json\/wp\/v2\/types\/post"}],"author":[{"embeddable":true,"href":"https:\/\/www.revue3emillenaire.com\/blog\/wp-json\/wp\/v2\/users\/1"}],"replies":[{"embeddable":true,"href":"https:\/\/www.revue3emillenaire.com\/blog\/wp-json\/wp\/v2\/comments?post=3"}],"version-history":[{"count":0,"href":"https:\/\/www.revue3emillenaire.com\/blog\/wp-json\/wp\/v2\/posts\/3\/revisions"}],"wp:featuredmedia":[{"embeddable":true,"href":"https:\/\/www.revue3emillenaire.com\/blog\/wp-json\/wp\/v2\/media\/17793"}],"wp:attachment":[{"href":"https:\/\/www.revue3emillenaire.com\/blog\/wp-json\/wp\/v2\/media?parent=3"}],"wp:term":[{"taxonomy":"category","embeddable":true,"href":"https:\/\/www.revue3emillenaire.com\/blog\/wp-json\/wp\/v2\/categories?post=3"},{"taxonomy":"post_tag","embeddable":true,"href":"https:\/\/www.revue3emillenaire.com\/blog\/wp-json\/wp\/v2\/tags?post=3"}],"curies":[{"name":"wp","href":"https:\/\/api.w.org\/{rel}","templated":true}]}}